{"id":1494,"date":"2005-09-28T17:10:51","date_gmt":"2005-09-28T15:10:51","guid":{"rendered":""},"modified":"2016-03-29T16:01:53","modified_gmt":"2016-03-29T14:01:53","slug":"biografie-ritoccate-per-antifascisti-redenti","status":"publish","type":"post","link":"https:\/\/www.rassegnastampa-totustuus.it\/cattolica\/biografie-ritoccate-per-antifascisti-redenti\/","title":{"rendered":"Biografie ritoccate per antifascisti redenti"},"content":{"rendered":"<div style=\"text-align: center;\"><strong><img loading=\"lazy\" decoding=\"async\" class=\"alignleft wp-image-32355\" src=\"https:\/\/www.rassegnastampa-totustuus.it\/cattolica\/wp-content\/uploads\/2005\/09\/Cover.jpg\" alt=\"Cover\" width=\"145\" height=\"200\" \/>Corriere della sera<\/strong> 22 settembre 2005<\/div>\n<p style=\"text-align: center;\">La rivista \u00abPrimato\u00bb e i littoriali non furono oasi di libert\u00e0: la polemica sul libro di Mirella Serri<\/p>\n<p style=\"text-align: center;\"><em>\u00a0Da Vittorini ad Argan, perch\u00e9 gli intellettuali nascosero l\u2019adesione al regime<\/em><\/p>\n<p style=\"text-align: center;\"><strong>Pierluigi Battista<\/strong><\/p>\n<p><!--more--><\/p>\n<div style=\"text-align: justify;\"><em>Continua oggi, con l\u2019intervento di Pierluigi Battista, la discussione sul libro di Mirella Serri, \u00ab<\/em>I redenti &#8211; gli intellettuali che vissero due volte. 1938-1948<em>\u00bb, edito dal Corbaccio (pagine 372, 19,60). Con il termine \u00abredenti\u00bb, l\u2019autrice si riferisce ai tanti scrittori, artisti, filosofi, storici, giornalisti, registi, che passarono drasticamente da posizioni fasciste, soprattutto collaborando con la rivista di Giuseppe Bottai, \u00abPrimato\u00bb, a una convinta militanza antifascista, spesso nelle file del Partito comunista. <\/em><\/div>\n<p style=\"text-align: justify;\">Il critico Carlo Muscetta, che appartenne a questa schiera, parl\u00f2 di \u00abdissimulazione onesta\u00bb, mutuando la nota espressione di Torquato Accetto. Ma fu semplice dissimulazione quella di <strong>Giulio Carlo Argan<\/strong>, <strong>Mario Alicata<\/strong>, <strong>Vitaliano Branca<\/strong>ti, <strong>Galvano Della Volpe<\/strong>, <strong>Renato Guttuso, Roberto Rossellini, Giaime Pintor<\/strong>? Come ha notato Aurelio Lepre nell\u2019intervento iniziale il 13 settembre, si tratt\u00f2 di un naturale bisogno di obl\u00eco dopo la catastrofe della guerra. Un obl\u00eco, ha notato il recensore, che dur\u00f2 troppo a lungo.<\/p>\n<p style=\"text-align: justify;\"><em>Luciano Canfora nell\u2019articolo del 15 settembre ha notato come il radicale passaggio di campo fu agevolato dallo stesso Togliatti, che sapeva quanto fossero importanti gli intellettuali per la costruzione di un\u2019egemonia del Pci. Giovanni Belardelli domenica 18 ha infine citato come emblematico il caso del grande storico <strong>Delio Cantimori,<\/strong> che alla fine degli anni Trenta considerava fascismo e comunismo come salutari espressioni delle forze nuove che si contrapponevano alla vecchia e decadente societ\u00e0 borghese.<\/em><\/p>\n<p style=\"text-align: justify;\">\u00abGli intellettuali che vissero due volte\u00bb, li definisce Mirella Serri nel suo libro I redenti (Corbaccio) di cui hanno scritto sulle colonne del Corriere Aurelio Lepre, Luciano Canfora e Giovanni Belardelli. Sono gli scrittori, i poeti, i pittori, gli storici, i filosofi, i giornalisti che nella loro prima vita furono fascisti, cantarono le lodi del Duce, aderirono pi\u00f9 o meno entusiasticamente al regime e passarono invece il resto della seconda vita, la seconda, quella successiva al 1945, a cancellare le tracce della vita precedente.<\/p>\n<p style=\"text-align: justify;\">Se ci si chiede perch\u00e9 sia andato tanto di moda in questi decenni il sensazionalismo della scoperta compromettente (una lettera inviata a Mussolini, la ricevuta di un finanziamento del Minculpop, un articolo seppellito negli archivi e improvvisamente riemerso), la risposta \u00e8 che una verit\u00e0 troppo a lungo negata o rimossa finisce sempre per riaffiorare in forme mostruose.<\/p>\n<p style=\"text-align: justify;\">Affermare che gli intellettuali italiani ebbero prolungate e soddisfacenti relazioni con il regime fascista non \u00e8 pi\u00f9 controverso. Dopo tanti anni di omert\u00e0 e di imbarazzo, la domanda meno ovvia \u00e8 diventata questa: perch\u00e9 gli intellettuali italiani hanno attraversato la loro vita di \u00abredenti\u00bb occultando ci\u00f2 che era accaduto prima, inventandosi un passato inesistente, raccontando percorsi esistenziali mai veramente vissuti? Il libro di Mirella Serri affronta senza scandalismo la questione di questa frattura mai apertamente indagata, n\u00e9 dai singoli n\u00e9 da una storiografia compiacente.<\/p>\n<p style=\"text-align: justify;\">Rilegge le pagine di Primato , la rivista di Bottai che la vulgata post-fascista ha descritto e glorificato come fucina di antifascisti, vivaio di giovani ingegni dissidenti che seppero sfruttare ogni opportunit\u00e0 consentita dal regime per manifestare il loro latente antifascismo lungo la via della sicura \u00abredenzione\u00bb.<\/p>\n<p style=\"text-align: justify;\">E scopre che Carlo Muscetta e Renato Guttuso, Giulio Carlo Argan e Mario Alicata, Giaime Pintor e Galvano Della Volpe, e tutti gli altri antifascisti in pectore, antifascisti dissimulati, antifascisti \u00abnicodemiti\u00bb, durante gli anni della guerra nazi-fascista collaborarono a una rivista in cui l\u2019impegno bellico veniva esaltato come \u00abun sacrificio religioso\u00bb e in cui ci si commuoveva per le sorti dei \u00abvari miti imperiali, mediterranei, europei, storici e razziali\u00bb. Proprio cos\u00ec: \u00abrazziali\u00bb.<\/p>\n<p style=\"text-align: justify;\">Nelle riviste del \u00abvivaio antifascista\u00bb (non solo <em>Primato<\/em> , ma anche i giornali dei Guf, come <em>Roma fascista<\/em>) la campagna antiebraica del regime veniva tranquillamente assecondata, l\u2019invettiva antisemita (nel 1941, nel 1942, mentre si stava mettendo in moto la spaventosa macchina dello sterminio, non nei decenni precedenti) era all\u2019ordine del giorno.<\/p>\n<p style=\"text-align: justify;\">Ma nella seconda vita, nell\u2019Italia repubblicana e democratica e antifascista, c\u2019\u00e8 stato almeno un intellettuale di quelli che offrirono la loro collaborazione a <em>Primato<\/em> e ne ricevettero prestigio, che abbia riletto quelle pagine con una certa, sia pur misurata e non autodistruttiva, vergogna?\u00a0Nemmeno uno.<\/p>\n<p style=\"text-align: justify;\">E allora, perch\u00e9 inventarsi (un\u2019invenzione pura, come ha scritto negli anni passati Michele Sarfatti) il mito del vivaio antifascista covato nelle stanze di un potente gerarca fascista come Bottai in cui la politica del regime sarebbe stata audacemente aggirata, ridicolizzata, svuotata da un nugolo di giovani intellettuali che sembravano fascisti \u00abfuori\u00bb ma in realt\u00e0 erano antifascisti \u00abdentro\u00bb?<\/p>\n<p style=\"text-align: justify;\">Hanno detto: quelle riviste e quei giornali erano una nicchia di relativo anticonformismo, delle piccole oasi di libert\u00e0. Ma quante oasi di libert\u00e0 fiorivano in una feroce dittatura che pure spegneva ogni spiraglio di autonomia e di dissenso? Gli intellettuali che parteciparono alla covata di Giovanni Gentile hanno raccontato (ma uno storico severo come Gabriele Turi ha drasticamente ridimensionato la leggenda) che anche l\u2019Enciclopedia italiana e la Normale di Pisa erano delle oasi di libert\u00e0 e dunque chi \u00e8 stato con Gentile non si \u00e8 compromesso pi\u00f9 di tanto con un esponente di punta della cultura fascista.<\/p>\n<p style=\"text-align: justify;\">Quelli che saggiarono i loro ingegni nei Littoriali hanno anch\u2019essi avanzato l\u2019idea che in quelle gare si materializzasse un\u2019altra oasi di libert\u00e0, ma un altro studioso, Luca La Rovere, ha spiegato come attraverso i Guf il fascismo protendesse i propri tentacoli totalitari sulla giovent\u00f9 italiana e che i giovani dissenzienti protestavano perch\u00e9 il fascismo stava diventando troppo poco fascista, troppo accomodante, troppo moderato e compromissorio: volevano un fascismo rivoluzionario e intransigente.<\/p>\n<p style=\"text-align: justify;\">La teoria della molteplicit\u00e0 delle oasi non regge a un minimo di indagine fattuale: i giovani che stavano percorrendo \u00abil lungo viaggio attraverso il fascismo\u00bb di zangrandiana memoria a tutto pensavano fuorch\u00e9 di approdare all\u2019antifascismo \u00abredento\u00bb dei decenni successivi.<\/p>\n<p style=\"text-align: justify;\">E dunque, perch\u00e9 non hanno raccontato la verit\u00e0? Nel corso dei decenni hanno elaborato piuttosto sofisticate strategie di occultamento, raffinate e tortuose tecniche di autogiustificazione, abbellendo le biografie, depurandole di ogni contaminazione compromettente. Hanno avanzato a scusante l\u2019attenuante della giovane et\u00e0, ma anche Vittorio Foa e Giancarlo Pajetta erano giovani, ci\u00f2 che non imped\u00ec loro di trascorrere i migliori anni della giovinezza nelle prigioni fasciste.<\/p>\n<p style=\"text-align: justify;\">Hanno pateticamente ritoccato le date, retrodatando clamorosamente il momento della loro uscita dal fascismo: Elio Vittorini raccont\u00f2 che con la guerra di Spagna lui aveva chiuso con il fascismo, circostanza che tuttavia nel 1942 non gli imped\u00ec di partecipare (con Giaime Pintor) a un convegno a Weimar presente Goebbels.<\/p>\n<p style=\"text-align: justify;\">Carlo Muscetta, lo ricorda Mirella Serri, elabor\u00f2 la scappatoia della \u00abdissimulazione onesta\u00bb, per dire che chi partecipava alle iniziative del regime faceva finta di aver aderito al fascismo ma in realt\u00e0 custodiva in petto un palpitante cuore antifascista. E poi si \u00e8 imposta la teoria della competenza \u00abtecnica\u00bb e apolitica, per cui un grande giurista come Piero Calamandrei pot\u00e9 collaborare con il Guardasigilli Grandi per la stesura di un nuovo codice solo \u00abtecnicamente\u00bb e soltanto \u00abtecnicamente\u00bb Argan poteva occupare un posto di rilievo nel ministero di Bottai.<\/p>\n<p style=\"text-align: justify;\">Modi diversi ma convergenti per cancellare le tracce. Ma la cancellazione della prima vita \u00e8 stata pagata a caro prezzo. Perch\u00e9 il disvelamento della verit\u00e0 occultata si \u00e8 realizzato nell\u2019ambito di un clima feroce di resa dei conti in cui ogni frammento della prima vita cancellata \u00e8 stato rinfacciato con una crudelt\u00e0 che ha costretto chi di volta in volta si \u00e8 trovato \u00abvittima\u00bb di una scoperta a umilianti ammissioni, come accadde a Giovanni Spadolini e Norberto Bobbio, oppure a spavalde negazioni, come nel caso di Giorgio Bocca, pi\u00f9 volte bersagliato a causa degli scritti antisemiti vergati nei primi anni Quaranta.<\/p>\n<p style=\"text-align: justify;\">Una ferocia che ha finito per alimentare un clima di sospetto nei confronti di chi, come Mirella Serri, si \u00e8 chiesto come mai ancora nel \u201943 un eroe come Giaime Pintor coltivasse l\u2019idea di partire volontario con la Wehrmacht per la campagna di Russia. Ma fare storia non significa accusare qualcuno o emettere verdetti morali. Significa semplicemente accostarsi a una materia ancora viva, resa torbida da decenni costellati da troppi silenzi.<\/p>\n<p>&#8212;&#8212;&#8212;&#8212;&#8212;&#8212;&#8212;&#8212;-<\/p>\n<p><strong>Mirella Serri,<\/strong><em> I redenti &#8211; gli intellettuali che vissero due volte. 1938-1948,<\/em>\u00a0 Corbaccio 2005; \u00a0pagine 372<\/p>\n<div style=\"text-align: center;\" align=\"center\"><strong><a href=\"http:\/\/www.theseuslibri.it\/product\/1028\/Redenti-(I).-Gli-intellettuali-che-vissero-due-volte-1938-1948.html\" target=\"_blank\">ACQUISTA<\/a><\/strong><\/div>\n","protected":false},"excerpt":{"rendered":"<p>Corriere della sera 22 settembre 2005 La rivista \u00abPrimato\u00bb e i littoriali non furono oasi di libert\u00e0: la polemica sul libro di Mirella Serri \u00a0Da Vittorini ad Argan, perch\u00e9 gli intellettuali nascosero l\u2019adesione al regime Pierluigi Battista<\/p><p><a class=\"more-link btn\" href=\"https:\/\/www.rassegnastampa-totustuus.it\/cattolica\/biografie-ritoccate-per-antifascisti-redenti\/\">Continua a leggere<\/a><\/p>\n","protected":false},"author":6,"featured_media":32355,"comment_status":"closed","ping_status":"open","sticky":false,"template":"","format":"standard","meta":{"footnotes":""},"categories":[97,17,18,96],"tags":[612],"class_list":["post-1494","post","type-post","status-publish","format-standard","has-post-thumbnail","hentry","category-fascismo","category-libri","category-personaggi","category-storia-italiana","tag-antifascismo","item-wrap"],"yoast_head":"<!-- This site is optimized with the Yoast SEO plugin v27.5 - https:\/\/yoast.com\/product\/yoast-seo-wordpress\/ -->\n<title>Biografie ritoccate per antifascisti redenti - Rassegna Stampa Cattolica<\/title>\n<meta name=\"description\" content=\"Rassegna Stampa Cattolica - Per una cultura che nasce dalla Rivelazione cristiana in conformit\u00e0 alla tradizione e al Magistero della Chiesa in opposizione ad ogni relativismo e totalitarismo\" \/>\n<meta name=\"robots\" content=\"index, follow, max-snippet:-1, max-image-preview:large, max-video-preview:-1\" \/>\n<link rel=\"canonical\" href=\"https:\/\/www.rassegnastampa-totustuus.it\/cattolica\/biografie-ritoccate-per-antifascisti-redenti\/\" \/>\n<meta property=\"og:locale\" content=\"it_IT\" \/>\n<meta property=\"og:type\" content=\"article\" \/>\n<meta property=\"og:title\" content=\"Biografie ritoccate per antifascisti redenti - Rassegna Stampa Cattolica\" \/>\n<meta property=\"og:description\" content=\"Rassegna Stampa Cattolica - Per una cultura che nasce dalla Rivelazione cristiana in conformit\u00e0 alla tradizione e al Magistero della Chiesa in opposizione ad ogni relativismo e totalitarismo\" \/>\n<meta property=\"og:url\" content=\"https:\/\/www.rassegnastampa-totustuus.it\/cattolica\/biografie-ritoccate-per-antifascisti-redenti\/\" \/>\n<meta property=\"og:site_name\" content=\"Rassegna Stampa Cattolica\" \/>\n<meta property=\"article:publisher\" content=\"https:\/\/www.facebook.com\/rassegnastampacattolica\" \/>\n<meta property=\"article:published_time\" content=\"2005-09-28T15:10:51+00:00\" \/>\n<meta property=\"article:modified_time\" content=\"2016-03-29T14:01:53+00:00\" \/>\n<meta property=\"og:image\" content=\"https:\/\/www.rassegnastampa-totustuus.it\/cattolica\/wp-content\/uploads\/2005\/09\/Cover.jpg\" \/>\n\t<meta property=\"og:image:width\" content=\"191\" \/>\n\t<meta property=\"og:image:height\" content=\"264\" \/>\n\t<meta property=\"og:image:type\" content=\"image\/jpeg\" \/>\n<meta name=\"author\" content=\"Redazione\" \/>\n<meta name=\"twitter:card\" content=\"summary_large_image\" \/>\n<meta name=\"twitter:creator\" content=\"@rassegnastampa9\" \/>\n<meta name=\"twitter:site\" content=\"@rassegnastampa9\" \/>\n<meta name=\"twitter:label1\" content=\"Scritto da\" \/>\n\t<meta name=\"twitter:data1\" content=\"Redazione\" \/>\n\t<meta name=\"twitter:label2\" content=\"Tempo di lettura stimato\" \/>\n\t<meta name=\"twitter:data2\" content=\"7 minuti\" \/>\n<script type=\"application\/ld+json\" class=\"yoast-schema-graph\">{\"@context\":\"https:\\\/\\\/schema.org\",\"@graph\":[{\"@type\":\"Article\",\"@id\":\"https:\\\/\\\/www.rassegnastampa-totustuus.it\\\/cattolica\\\/biografie-ritoccate-per-antifascisti-redenti\\\/#article\",\"isPartOf\":{\"@id\":\"https:\\\/\\\/www.rassegnastampa-totustuus.it\\\/cattolica\\\/biografie-ritoccate-per-antifascisti-redenti\\\/\"},\"author\":{\"name\":\"Redazione\",\"@id\":\"https:\\\/\\\/www.rassegnastampa-totustuus.it\\\/cattolica\\\/#\\\/schema\\\/person\\\/08f319d2bd1a0904ad9e2bfb7b15e5c3\"},\"headline\":\"Biografie ritoccate per antifascisti redenti\",\"datePublished\":\"2005-09-28T15:10:51+00:00\",\"dateModified\":\"2016-03-29T14:01:53+00:00\",\"mainEntityOfPage\":{\"@id\":\"https:\\\/\\\/www.rassegnastampa-totustuus.it\\\/cattolica\\\/biografie-ritoccate-per-antifascisti-redenti\\\/\"},\"wordCount\":1352,\"publisher\":{\"@id\":\"https:\\\/\\\/www.rassegnastampa-totustuus.it\\\/cattolica\\\/#organization\"},\"image\":{\"@id\":\"https:\\\/\\\/www.rassegnastampa-totustuus.it\\\/cattolica\\\/biografie-ritoccate-per-antifascisti-redenti\\\/#primaryimage\"},\"thumbnailUrl\":\"https:\\\/\\\/www.rassegnastampa-totustuus.it\\\/cattolica\\\/wp-content\\\/uploads\\\/2005\\\/09\\\/Cover.jpg\",\"keywords\":[\"antifascismo\"],\"articleSection\":[\"Fascismo\",\"Libri\",\"Personaggi\",\"Storia italiana\"],\"inLanguage\":\"it-IT\"},{\"@type\":\"WebPage\",\"@id\":\"https:\\\/\\\/www.rassegnastampa-totustuus.it\\\/cattolica\\\/biografie-ritoccate-per-antifascisti-redenti\\\/\",\"url\":\"https:\\\/\\\/www.rassegnastampa-totustuus.it\\\/cattolica\\\/biografie-ritoccate-per-antifascisti-redenti\\\/\",\"name\":\"Biografie ritoccate per antifascisti redenti - Rassegna Stampa Cattolica\",\"isPartOf\":{\"@id\":\"https:\\\/\\\/www.rassegnastampa-totustuus.it\\\/cattolica\\\/#website\"},\"primaryImageOfPage\":{\"@id\":\"https:\\\/\\\/www.rassegnastampa-totustuus.it\\\/cattolica\\\/biografie-ritoccate-per-antifascisti-redenti\\\/#primaryimage\"},\"image\":{\"@id\":\"https:\\\/\\\/www.rassegnastampa-totustuus.it\\\/cattolica\\\/biografie-ritoccate-per-antifascisti-redenti\\\/#primaryimage\"},\"thumbnailUrl\":\"https:\\\/\\\/www.rassegnastampa-totustuus.it\\\/cattolica\\\/wp-content\\\/uploads\\\/2005\\\/09\\\/Cover.jpg\",\"datePublished\":\"2005-09-28T15:10:51+00:00\",\"dateModified\":\"2016-03-29T14:01:53+00:00\",\"description\":\"Rassegna Stampa Cattolica - Per una cultura che nasce dalla Rivelazione cristiana in conformit\u00e0 alla tradizione e al Magistero della Chiesa in opposizione ad ogni relativismo e totalitarismo\",\"breadcrumb\":{\"@id\":\"https:\\\/\\\/www.rassegnastampa-totustuus.it\\\/cattolica\\\/biografie-ritoccate-per-antifascisti-redenti\\\/#breadcrumb\"},\"inLanguage\":\"it-IT\",\"potentialAction\":[{\"@type\":\"ReadAction\",\"target\":[\"https:\\\/\\\/www.rassegnastampa-totustuus.it\\\/cattolica\\\/biografie-ritoccate-per-antifascisti-redenti\\\/\"]}]},{\"@type\":\"ImageObject\",\"inLanguage\":\"it-IT\",\"@id\":\"https:\\\/\\\/www.rassegnastampa-totustuus.it\\\/cattolica\\\/biografie-ritoccate-per-antifascisti-redenti\\\/#primaryimage\",\"url\":\"https:\\\/\\\/www.rassegnastampa-totustuus.it\\\/cattolica\\\/wp-content\\\/uploads\\\/2005\\\/09\\\/Cover.jpg\",\"contentUrl\":\"https:\\\/\\\/www.rassegnastampa-totustuus.it\\\/cattolica\\\/wp-content\\\/uploads\\\/2005\\\/09\\\/Cover.jpg\",\"width\":191,\"height\":264},{\"@type\":\"BreadcrumbList\",\"@id\":\"https:\\\/\\\/www.rassegnastampa-totustuus.it\\\/cattolica\\\/biografie-ritoccate-per-antifascisti-redenti\\\/#breadcrumb\",\"itemListElement\":[{\"@type\":\"ListItem\",\"position\":1,\"name\":\"Home\",\"item\":\"https:\\\/\\\/www.rassegnastampa-totustuus.it\\\/cattolica\\\/\"},{\"@type\":\"ListItem\",\"position\":2,\"name\":\"Biografie ritoccate per antifascisti redenti\"}]},{\"@type\":\"WebSite\",\"@id\":\"https:\\\/\\\/www.rassegnastampa-totustuus.it\\\/cattolica\\\/#website\",\"url\":\"https:\\\/\\\/www.rassegnastampa-totustuus.it\\\/cattolica\\\/\",\"name\":\"Rassegna Stampa Cattolica\",\"description\":\"Per una cultura che nasce dalla Rivelazione cristiana in conformit\u00e0 alla tradizione e al Magistero della Chiesa in opposizione ad ogni relativismo e totalitarismo\",\"publisher\":{\"@id\":\"https:\\\/\\\/www.rassegnastampa-totustuus.it\\\/cattolica\\\/#organization\"},\"alternateName\":\"Rass. Cattolica\",\"potentialAction\":[{\"@type\":\"SearchAction\",\"target\":{\"@type\":\"EntryPoint\",\"urlTemplate\":\"https:\\\/\\\/www.rassegnastampa-totustuus.it\\\/cattolica\\\/?s={search_term_string}\"},\"query-input\":{\"@type\":\"PropertyValueSpecification\",\"valueRequired\":true,\"valueName\":\"search_term_string\"}}],\"inLanguage\":\"it-IT\"},{\"@type\":\"Organization\",\"@id\":\"https:\\\/\\\/www.rassegnastampa-totustuus.it\\\/cattolica\\\/#organization\",\"name\":\"Rassegna Stampa Cattolica\",\"url\":\"https:\\\/\\\/www.rassegnastampa-totustuus.it\\\/cattolica\\\/\",\"logo\":{\"@type\":\"ImageObject\",\"inLanguage\":\"it-IT\",\"@id\":\"https:\\\/\\\/www.rassegnastampa-totustuus.it\\\/cattolica\\\/#\\\/schema\\\/logo\\\/image\\\/\",\"url\":\"https:\\\/\\\/www.rassegnastampa-totustuus.it\\\/cattolica\\\/wp-content\\\/uploads\\\/2014\\\/04\\\/logo-rassegna1.gif\",\"contentUrl\":\"https:\\\/\\\/www.rassegnastampa-totustuus.it\\\/cattolica\\\/wp-content\\\/uploads\\\/2014\\\/04\\\/logo-rassegna1.gif\",\"width\":600,\"height\":163,\"caption\":\"Rassegna Stampa Cattolica\"},\"image\":{\"@id\":\"https:\\\/\\\/www.rassegnastampa-totustuus.it\\\/cattolica\\\/#\\\/schema\\\/logo\\\/image\\\/\"},\"sameAs\":[\"https:\\\/\\\/www.facebook.com\\\/rassegnastampacattolica\",\"https:\\\/\\\/x.com\\\/rassegnastampa9\"]},{\"@type\":\"Person\",\"@id\":\"https:\\\/\\\/www.rassegnastampa-totustuus.it\\\/cattolica\\\/#\\\/schema\\\/person\\\/08f319d2bd1a0904ad9e2bfb7b15e5c3\",\"name\":\"Redazione\",\"image\":{\"@type\":\"ImageObject\",\"inLanguage\":\"it-IT\",\"@id\":\"https:\\\/\\\/secure.gravatar.com\\\/avatar\\\/2fcdf27c78ea025fbdb44e914cc63c72249ffec9dc8aafd5c82b26240ef3f346?s=96&d=mm&r=g\",\"url\":\"https:\\\/\\\/secure.gravatar.com\\\/avatar\\\/2fcdf27c78ea025fbdb44e914cc63c72249ffec9dc8aafd5c82b26240ef3f346?s=96&d=mm&r=g\",\"contentUrl\":\"https:\\\/\\\/secure.gravatar.com\\\/avatar\\\/2fcdf27c78ea025fbdb44e914cc63c72249ffec9dc8aafd5c82b26240ef3f346?s=96&d=mm&r=g\",\"caption\":\"Redazione\"},\"url\":\"https:\\\/\\\/www.rassegnastampa-totustuus.it\\\/cattolica\\\/author\\\/pietroelle\\\/\"}]}<\/script>\n<!-- \/ Yoast SEO plugin. -->","yoast_head_json":{"title":"Biografie ritoccate per antifascisti redenti - Rassegna Stampa Cattolica","description":"Rassegna Stampa Cattolica - Per una cultura che nasce dalla Rivelazione cristiana in conformit\u00e0 alla tradizione e al Magistero della Chiesa in opposizione ad ogni relativismo e totalitarismo","robots":{"index":"index","follow":"follow","max-snippet":"max-snippet:-1","max-image-preview":"max-image-preview:large","max-video-preview":"max-video-preview:-1"},"canonical":"https:\/\/www.rassegnastampa-totustuus.it\/cattolica\/biografie-ritoccate-per-antifascisti-redenti\/","og_locale":"it_IT","og_type":"article","og_title":"Biografie ritoccate per antifascisti redenti - Rassegna Stampa Cattolica","og_description":"Rassegna Stampa Cattolica - Per una cultura che nasce dalla Rivelazione cristiana in conformit\u00e0 alla tradizione e al Magistero della Chiesa in opposizione ad ogni relativismo e totalitarismo","og_url":"https:\/\/www.rassegnastampa-totustuus.it\/cattolica\/biografie-ritoccate-per-antifascisti-redenti\/","og_site_name":"Rassegna Stampa Cattolica","article_publisher":"https:\/\/www.facebook.com\/rassegnastampacattolica","article_published_time":"2005-09-28T15:10:51+00:00","article_modified_time":"2016-03-29T14:01:53+00:00","og_image":[{"width":191,"height":264,"url":"https:\/\/www.rassegnastampa-totustuus.it\/cattolica\/wp-content\/uploads\/2005\/09\/Cover.jpg","type":"image\/jpeg"}],"author":"Redazione","twitter_card":"summary_large_image","twitter_creator":"@rassegnastampa9","twitter_site":"@rassegnastampa9","twitter_misc":{"Scritto da":"Redazione","Tempo di lettura stimato":"7 minuti"},"schema":{"@context":"https:\/\/schema.org","@graph":[{"@type":"Article","@id":"https:\/\/www.rassegnastampa-totustuus.it\/cattolica\/biografie-ritoccate-per-antifascisti-redenti\/#article","isPartOf":{"@id":"https:\/\/www.rassegnastampa-totustuus.it\/cattolica\/biografie-ritoccate-per-antifascisti-redenti\/"},"author":{"name":"Redazione","@id":"https:\/\/www.rassegnastampa-totustuus.it\/cattolica\/#\/schema\/person\/08f319d2bd1a0904ad9e2bfb7b15e5c3"},"headline":"Biografie ritoccate per antifascisti redenti","datePublished":"2005-09-28T15:10:51+00:00","dateModified":"2016-03-29T14:01:53+00:00","mainEntityOfPage":{"@id":"https:\/\/www.rassegnastampa-totustuus.it\/cattolica\/biografie-ritoccate-per-antifascisti-redenti\/"},"wordCount":1352,"publisher":{"@id":"https:\/\/www.rassegnastampa-totustuus.it\/cattolica\/#organization"},"image":{"@id":"https:\/\/www.rassegnastampa-totustuus.it\/cattolica\/biografie-ritoccate-per-antifascisti-redenti\/#primaryimage"},"thumbnailUrl":"https:\/\/www.rassegnastampa-totustuus.it\/cattolica\/wp-content\/uploads\/2005\/09\/Cover.jpg","keywords":["antifascismo"],"articleSection":["Fascismo","Libri","Personaggi","Storia italiana"],"inLanguage":"it-IT"},{"@type":"WebPage","@id":"https:\/\/www.rassegnastampa-totustuus.it\/cattolica\/biografie-ritoccate-per-antifascisti-redenti\/","url":"https:\/\/www.rassegnastampa-totustuus.it\/cattolica\/biografie-ritoccate-per-antifascisti-redenti\/","name":"Biografie ritoccate per antifascisti redenti - Rassegna Stampa Cattolica","isPartOf":{"@id":"https:\/\/www.rassegnastampa-totustuus.it\/cattolica\/#website"},"primaryImageOfPage":{"@id":"https:\/\/www.rassegnastampa-totustuus.it\/cattolica\/biografie-ritoccate-per-antifascisti-redenti\/#primaryimage"},"image":{"@id":"https:\/\/www.rassegnastampa-totustuus.it\/cattolica\/biografie-ritoccate-per-antifascisti-redenti\/#primaryimage"},"thumbnailUrl":"https:\/\/www.rassegnastampa-totustuus.it\/cattolica\/wp-content\/uploads\/2005\/09\/Cover.jpg","datePublished":"2005-09-28T15:10:51+00:00","dateModified":"2016-03-29T14:01:53+00:00","description":"Rassegna Stampa Cattolica - Per una cultura che nasce dalla Rivelazione cristiana in conformit\u00e0 alla tradizione e al Magistero della Chiesa in opposizione ad ogni relativismo e totalitarismo","breadcrumb":{"@id":"https:\/\/www.rassegnastampa-totustuus.it\/cattolica\/biografie-ritoccate-per-antifascisti-redenti\/#breadcrumb"},"inLanguage":"it-IT","potentialAction":[{"@type":"ReadAction","target":["https:\/\/www.rassegnastampa-totustuus.it\/cattolica\/biografie-ritoccate-per-antifascisti-redenti\/"]}]},{"@type":"ImageObject","inLanguage":"it-IT","@id":"https:\/\/www.rassegnastampa-totustuus.it\/cattolica\/biografie-ritoccate-per-antifascisti-redenti\/#primaryimage","url":"https:\/\/www.rassegnastampa-totustuus.it\/cattolica\/wp-content\/uploads\/2005\/09\/Cover.jpg","contentUrl":"https:\/\/www.rassegnastampa-totustuus.it\/cattolica\/wp-content\/uploads\/2005\/09\/Cover.jpg","width":191,"height":264},{"@type":"BreadcrumbList","@id":"https:\/\/www.rassegnastampa-totustuus.it\/cattolica\/biografie-ritoccate-per-antifascisti-redenti\/#breadcrumb","itemListElement":[{"@type":"ListItem","position":1,"name":"Home","item":"https:\/\/www.rassegnastampa-totustuus.it\/cattolica\/"},{"@type":"ListItem","position":2,"name":"Biografie ritoccate per antifascisti redenti"}]},{"@type":"WebSite","@id":"https:\/\/www.rassegnastampa-totustuus.it\/cattolica\/#website","url":"https:\/\/www.rassegnastampa-totustuus.it\/cattolica\/","name":"Rassegna Stampa Cattolica","description":"Per una cultura che nasce dalla Rivelazione cristiana in conformit\u00e0 alla tradizione e al Magistero della Chiesa in opposizione ad ogni relativismo e totalitarismo","publisher":{"@id":"https:\/\/www.rassegnastampa-totustuus.it\/cattolica\/#organization"},"alternateName":"Rass. Cattolica","potentialAction":[{"@type":"SearchAction","target":{"@type":"EntryPoint","urlTemplate":"https:\/\/www.rassegnastampa-totustuus.it\/cattolica\/?s={search_term_string}"},"query-input":{"@type":"PropertyValueSpecification","valueRequired":true,"valueName":"search_term_string"}}],"inLanguage":"it-IT"},{"@type":"Organization","@id":"https:\/\/www.rassegnastampa-totustuus.it\/cattolica\/#organization","name":"Rassegna Stampa Cattolica","url":"https:\/\/www.rassegnastampa-totustuus.it\/cattolica\/","logo":{"@type":"ImageObject","inLanguage":"it-IT","@id":"https:\/\/www.rassegnastampa-totustuus.it\/cattolica\/#\/schema\/logo\/image\/","url":"https:\/\/www.rassegnastampa-totustuus.it\/cattolica\/wp-content\/uploads\/2014\/04\/logo-rassegna1.gif","contentUrl":"https:\/\/www.rassegnastampa-totustuus.it\/cattolica\/wp-content\/uploads\/2014\/04\/logo-rassegna1.gif","width":600,"height":163,"caption":"Rassegna Stampa Cattolica"},"image":{"@id":"https:\/\/www.rassegnastampa-totustuus.it\/cattolica\/#\/schema\/logo\/image\/"},"sameAs":["https:\/\/www.facebook.com\/rassegnastampacattolica","https:\/\/x.com\/rassegnastampa9"]},{"@type":"Person","@id":"https:\/\/www.rassegnastampa-totustuus.it\/cattolica\/#\/schema\/person\/08f319d2bd1a0904ad9e2bfb7b15e5c3","name":"Redazione","image":{"@type":"ImageObject","inLanguage":"it-IT","@id":"https:\/\/secure.gravatar.com\/avatar\/2fcdf27c78ea025fbdb44e914cc63c72249ffec9dc8aafd5c82b26240ef3f346?s=96&d=mm&r=g","url":"https:\/\/secure.gravatar.com\/avatar\/2fcdf27c78ea025fbdb44e914cc63c72249ffec9dc8aafd5c82b26240ef3f346?s=96&d=mm&r=g","contentUrl":"https:\/\/secure.gravatar.com\/avatar\/2fcdf27c78ea025fbdb44e914cc63c72249ffec9dc8aafd5c82b26240ef3f346?s=96&d=mm&r=g","caption":"Redazione"},"url":"https:\/\/www.rassegnastampa-totustuus.it\/cattolica\/author\/pietroelle\/"}]}},"_links":{"self":[{"href":"https:\/\/www.rassegnastampa-totustuus.it\/cattolica\/wp-json\/wp\/v2\/posts\/1494","targetHints":{"allow":["GET"]}}],"collection":[{"href":"https:\/\/www.rassegnastampa-totustuus.it\/cattolica\/wp-json\/wp\/v2\/posts"}],"about":[{"href":"https:\/\/www.rassegnastampa-totustuus.it\/cattolica\/wp-json\/wp\/v2\/types\/post"}],"author":[{"embeddable":true,"href":"https:\/\/www.rassegnastampa-totustuus.it\/cattolica\/wp-json\/wp\/v2\/users\/6"}],"replies":[{"embeddable":true,"href":"https:\/\/www.rassegnastampa-totustuus.it\/cattolica\/wp-json\/wp\/v2\/comments?post=1494"}],"version-history":[{"count":4,"href":"https:\/\/www.rassegnastampa-totustuus.it\/cattolica\/wp-json\/wp\/v2\/posts\/1494\/revisions"}],"predecessor-version":[{"id":32356,"href":"https:\/\/www.rassegnastampa-totustuus.it\/cattolica\/wp-json\/wp\/v2\/posts\/1494\/revisions\/32356"}],"wp:featuredmedia":[{"embeddable":true,"href":"https:\/\/www.rassegnastampa-totustuus.it\/cattolica\/wp-json\/wp\/v2\/media\/32355"}],"wp:attachment":[{"href":"https:\/\/www.rassegnastampa-totustuus.it\/cattolica\/wp-json\/wp\/v2\/media?parent=1494"}],"wp:term":[{"taxonomy":"category","embeddable":true,"href":"https:\/\/www.rassegnastampa-totustuus.it\/cattolica\/wp-json\/wp\/v2\/categories?post=1494"},{"taxonomy":"post_tag","embeddable":true,"href":"https:\/\/www.rassegnastampa-totustuus.it\/cattolica\/wp-json\/wp\/v2\/tags?post=1494"}],"curies":[{"name":"wp","href":"https:\/\/api.w.org\/{rel}","templated":true}]}}