{"id":1493,"date":"2005-09-28T17:04:35","date_gmt":"2005-09-28T15:04:35","guid":{"rendered":""},"modified":"2016-01-04T19:32:25","modified_gmt":"2016-01-04T18:32:25","slug":"i-rappresentanti-inesistenti-dei-musulmani","status":"publish","type":"post","link":"https:\/\/www.rassegnastampa-totustuus.it\/cattolica\/i-rappresentanti-inesistenti-dei-musulmani\/","title":{"rendered":"I rappresentanti inesistenti dei musulmani"},"content":{"rendered":"<div style=\"text-align: center;\">\n<div id=\"attachment_29215\" style=\"width: 172px\" class=\"wp-caption alignleft\"><a href=\"https:\/\/www.rassegnastampa-totustuus.it\/cattolica\/wp-content\/uploads\/2005\/09\/Hamza-Picardo.jpg\"><img loading=\"lazy\" decoding=\"async\" aria-describedby=\"caption-attachment-29215\" class=\"wp-image-29215 size-full\" src=\"https:\/\/www.rassegnastampa-totustuus.it\/cattolica\/wp-content\/uploads\/2005\/09\/Hamza-Picardo.jpg\" alt=\"Hamza Picardo\" width=\"172\" height=\"200\" \/><\/a><p id=\"caption-attachment-29215\" class=\"wp-caption-text\">Hamza Roberto Picardo<\/p><\/div>\n<p><strong>Corriere della sera<\/strong> 22 settembre 2005<\/div>\n<p style=\"text-align: center;\">di <strong>Magdi Allam<\/strong> <!--more--><\/p>\n<div style=\"text-align: justify;\">Il segretario nazionale dell&#8217;Ucoii (Unione delle comunit\u00e0 e organizzazioni islamiche in Italia), il convertito Hamza Roberto Piccardo, ha avuto l&#8217;ardire in una lettera inviata ieri al capo dello Stato Ciampi di sostenere che lui esprimerebbe \u00abil sentimento di estremo disagio che alberga nei cuori della stragrande maggioranza dei miei correligionari\u00bb.<\/div>\n<p style=\"text-align: justify;\">All&#8217;epoca della campagna sacrilega e diffamatoria contro il crocifisso scatenata da un altro ahim\u00e8 celebre convertito, Adel Smith, il presidente dell&#8217;Ucoii Nour Dachan afferm\u00f2 di rappresentare \u00abl&#8217;82% dei musulmani\u00bb. Sarebbe come dire che, su un milione di musulmani in Italia, 820 mila aderirebbero all&#8217;Ucoii.<\/p>\n<p style=\"text-align: justify;\">Un dato che non sta n\u00e9 in cielo n\u00e9 in terra se si tiene presente che solo il 5% dei musulmani frequenta abitualmente le moschee, quindi non pi\u00f9 di 50 mila fedeli. E che l&#8217;Ucoii stessa afferma di controllare, direttamente o indirettamente, circa 160 moschee su un totale di 611 censite dal Cesis. Ma allora chi rappresenta veramente i musulmani in Italia?<\/p>\n<p style=\"text-align: justify;\">Nella sua delirante lettera a Ciampi, in cui denuncia \u00abuna diminuzione programmata e stabilita per legge o per decreto dei diritti di espressione, di educazione, di rappresentanza\u00bb e in cui ammonisce che ci\u00f2 \u00abimplementa un deficit di democrazia complessiva ed \u00e8 oggettivamente l&#8217;inizio di una dittatura\u00bb, nonch\u00e9 \u00abil brodo di coltura in cui si alimenta il terrorismo\u00bb, Piccardo attacca duramente il ministro dell&#8217;Interno Pisanu, la sua decisione di dar vita a una Consulta che favorisca l&#8217;affermazione di un \u00abislam italiano\u00bb e ribadisce che l&#8217;Italia dovrebbe stipulare l&#8217;Intesa con l&#8217;Ucoii quale rappresentante dei musulmani.<\/p>\n<p style=\"text-align: justify;\">Domando a Piccardo: come le passa per la mente di appellarsi al capo dello Stato, nella sua veste di garante della Costituzione, quando il 12 marzo 2005 tramite la sua e-mail alhikma@uno.it lei fece circolare un messaggio in cui qualificava Ciampi un \u00abbandito della finanza mondiale\u00bb? Altra domanda a Piccardo: come immagina di poter essere credibile presso le istituzioni quando, anche nel numero di Panorama del 22 settembre, alla domanda: le azioni terroristiche suicide sono lecite?, lei risponde \u00abDipende\u00bb; alla domanda: tagliare le teste \u00e8 resistenza?, lei risponde: \u00abIn guerra ognuno usa i mezzi che ha\u00bb; alla domanda: Israele ha diritto di esistere?, lei risponde: \u00abNo\u00bb.<\/p>\n<p style=\"text-align: justify;\">Ecco perch\u00e9 ha perfettamente ragione Pisanu quando afferma che \u00abi musulmani d&#8217;Italia non sono maturi per scegliere i loro rappresentanti\u00bb. Sabato 17 settembre sono stato vittima a Como di una vera e propria aggressione squadristica islamica da parte di una decina di barbuti che hanno tentato di sabotare un incontro con circa 300 persone intervenute per la presentazione del mio ultimo libro Vincere la paura .<\/p>\n<p style=\"text-align: justify;\">Il loro capo, Safwat El Sisi, ha fatto irruzione urlando: \u00abIo sono il presidente della comunit\u00e0 islamica di Como, Magdi Allam danneggia l&#8217;islam\u00bb. Gli ho risposto, dopo avergli impedito di improvvisare un comizio, che era \u00abun impostore\u00bb. E ho spiegato al pubblico il perch\u00e9: \u00abNell&#8217;islam il rapporto tra il fedele e Dio \u00e8 diretto, l&#8217;imam non \u00e8 il corrispettivo del sacerdote n\u00e9 tanto meno del vescovo, ma un semplice funzionario religioso che non ha alcuna autorit\u00e0 religiosa\u00bb.<\/p>\n<p style=\"text-align: justify;\">In secondo luogo, ho precisato, \u00aba Como e altrove l&#8217;insieme delle persone provenienti da Paesi musulmani non costituisce una comunit\u00e0 islamica, n\u00e9 in ogni caso El Sisi o altri sono mai stati eletti in modo trasparente e democratico\u00bb.<\/p>\n<p style=\"text-align: justify;\">La verit\u00e0 \u00e8 che questi loschi figuri accampano un potere che poggia sul controllo di moschee trasformate in centri di potere religioso, politico e finanziario. Ma la stragrande maggioranza dei musulmani li evita e li ripudia. Il problema serio \u00e8 che continuano a trovare sostegno e traggono una qualche forma di legittimit\u00e0 grazie all&#8217;ingenuit\u00e0, alla vilt\u00e0 e alla collusione ideologica di ambienti politici, religiosi cristiani e accademici italiani.<\/p>\n<p style=\"text-align: justify;\">Ebbene mettetevi nei panni dei musulmani perbene e capirete che non \u00e8 affatto facile dover combattere sia contro gli estremisti islamici sia contro gli italiani ideologizzati che danno loro man forte.<\/p>\n","protected":false},"excerpt":{"rendered":"<p>Corriere della sera 22 settembre 2005 di Magdi Allam<\/p><p><a class=\"more-link btn\" href=\"https:\/\/www.rassegnastampa-totustuus.it\/cattolica\/i-rappresentanti-inesistenti-dei-musulmani\/\">Continua a leggere<\/a><\/p>\n","protected":false},"author":6,"featured_media":29215,"comment_status":"closed","ping_status":"open","sticky":false,"template":"","format":"standard","meta":{"footnotes":""},"categories":[35],"tags":[517],"class_list":["post-1493","post","type-post","status-publish","format-standard","has-post-thumbnail","hentry","category-islam-in-italia","tag-islam-dialogo","item-wrap"],"yoast_head":"<!-- This site is optimized with the Yoast SEO plugin v27.4 - https:\/\/yoast.com\/product\/yoast-seo-wordpress\/ -->\n<title>I rappresentanti inesistenti dei musulmani - Rassegna Stampa Cattolica<\/title>\n<meta name=\"description\" content=\"Rassegna Stampa Cattolica - Per una cultura che nasce dalla Rivelazione cristiana in conformit\u00e0 alla tradizione e al Magistero della Chiesa in opposizione ad ogni relativismo e totalitarismo\" \/>\n<meta name=\"robots\" content=\"index, follow, max-snippet:-1, max-image-preview:large, max-video-preview:-1\" \/>\n<link rel=\"canonical\" href=\"https:\/\/www.rassegnastampa-totustuus.it\/cattolica\/i-rappresentanti-inesistenti-dei-musulmani\/\" \/>\n<meta property=\"og:locale\" content=\"it_IT\" \/>\n<meta property=\"og:type\" content=\"article\" \/>\n<meta property=\"og:title\" content=\"I rappresentanti inesistenti dei musulmani - Rassegna Stampa Cattolica\" \/>\n<meta property=\"og:description\" content=\"Rassegna Stampa Cattolica - Per una cultura che nasce dalla Rivelazione cristiana in conformit\u00e0 alla tradizione e al Magistero della Chiesa in opposizione ad ogni relativismo e totalitarismo\" \/>\n<meta property=\"og:url\" content=\"https:\/\/www.rassegnastampa-totustuus.it\/cattolica\/i-rappresentanti-inesistenti-dei-musulmani\/\" \/>\n<meta property=\"og:site_name\" content=\"Rassegna Stampa Cattolica\" \/>\n<meta property=\"article:publisher\" content=\"https:\/\/www.facebook.com\/rassegnastampacattolica\" \/>\n<meta property=\"article:published_time\" content=\"2005-09-28T15:04:35+00:00\" \/>\n<meta property=\"article:modified_time\" content=\"2016-01-04T18:32:25+00:00\" \/>\n<meta property=\"og:image\" content=\"https:\/\/www.rassegnastampa-totustuus.it\/cattolica\/wp-content\/uploads\/2005\/09\/Hamza-Picardo.jpg\" \/>\n\t<meta property=\"og:image:width\" content=\"172\" \/>\n\t<meta property=\"og:image:height\" content=\"200\" \/>\n\t<meta property=\"og:image:type\" content=\"image\/jpeg\" \/>\n<meta name=\"author\" content=\"Redazione\" \/>\n<meta name=\"twitter:card\" content=\"summary_large_image\" \/>\n<meta name=\"twitter:creator\" content=\"@rassegnastampa9\" \/>\n<meta name=\"twitter:site\" content=\"@rassegnastampa9\" \/>\n<meta name=\"twitter:label1\" content=\"Scritto da\" \/>\n\t<meta name=\"twitter:data1\" content=\"Redazione\" \/>\n\t<meta name=\"twitter:label2\" content=\"Tempo di lettura stimato\" \/>\n\t<meta name=\"twitter:data2\" content=\"3 minuti\" \/>\n<script type=\"application\/ld+json\" class=\"yoast-schema-graph\">{\"@context\":\"https:\\\/\\\/schema.org\",\"@graph\":[{\"@type\":\"Article\",\"@id\":\"https:\\\/\\\/www.rassegnastampa-totustuus.it\\\/cattolica\\\/i-rappresentanti-inesistenti-dei-musulmani\\\/#article\",\"isPartOf\":{\"@id\":\"https:\\\/\\\/www.rassegnastampa-totustuus.it\\\/cattolica\\\/i-rappresentanti-inesistenti-dei-musulmani\\\/\"},\"author\":{\"name\":\"Redazione\",\"@id\":\"https:\\\/\\\/www.rassegnastampa-totustuus.it\\\/cattolica\\\/#\\\/schema\\\/person\\\/08f319d2bd1a0904ad9e2bfb7b15e5c3\"},\"headline\":\"I rappresentanti inesistenti dei musulmani\",\"datePublished\":\"2005-09-28T15:04:35+00:00\",\"dateModified\":\"2016-01-04T18:32:25+00:00\",\"mainEntityOfPage\":{\"@id\":\"https:\\\/\\\/www.rassegnastampa-totustuus.it\\\/cattolica\\\/i-rappresentanti-inesistenti-dei-musulmani\\\/\"},\"wordCount\":659,\"publisher\":{\"@id\":\"https:\\\/\\\/www.rassegnastampa-totustuus.it\\\/cattolica\\\/#organization\"},\"image\":{\"@id\":\"https:\\\/\\\/www.rassegnastampa-totustuus.it\\\/cattolica\\\/i-rappresentanti-inesistenti-dei-musulmani\\\/#primaryimage\"},\"thumbnailUrl\":\"https:\\\/\\\/www.rassegnastampa-totustuus.it\\\/cattolica\\\/wp-content\\\/uploads\\\/2005\\\/09\\\/Hamza-Picardo.jpg\",\"keywords\":[\"Islam dialogo\"],\"articleSection\":[\"Islam in Italia\"],\"inLanguage\":\"it-IT\"},{\"@type\":\"WebPage\",\"@id\":\"https:\\\/\\\/www.rassegnastampa-totustuus.it\\\/cattolica\\\/i-rappresentanti-inesistenti-dei-musulmani\\\/\",\"url\":\"https:\\\/\\\/www.rassegnastampa-totustuus.it\\\/cattolica\\\/i-rappresentanti-inesistenti-dei-musulmani\\\/\",\"name\":\"I rappresentanti inesistenti dei musulmani - Rassegna Stampa Cattolica\",\"isPartOf\":{\"@id\":\"https:\\\/\\\/www.rassegnastampa-totustuus.it\\\/cattolica\\\/#website\"},\"primaryImageOfPage\":{\"@id\":\"https:\\\/\\\/www.rassegnastampa-totustuus.it\\\/cattolica\\\/i-rappresentanti-inesistenti-dei-musulmani\\\/#primaryimage\"},\"image\":{\"@id\":\"https:\\\/\\\/www.rassegnastampa-totustuus.it\\\/cattolica\\\/i-rappresentanti-inesistenti-dei-musulmani\\\/#primaryimage\"},\"thumbnailUrl\":\"https:\\\/\\\/www.rassegnastampa-totustuus.it\\\/cattolica\\\/wp-content\\\/uploads\\\/2005\\\/09\\\/Hamza-Picardo.jpg\",\"datePublished\":\"2005-09-28T15:04:35+00:00\",\"dateModified\":\"2016-01-04T18:32:25+00:00\",\"description\":\"Rassegna Stampa Cattolica - Per una cultura che nasce dalla Rivelazione cristiana in conformit\u00e0 alla tradizione e al Magistero della Chiesa in opposizione ad ogni relativismo e totalitarismo\",\"breadcrumb\":{\"@id\":\"https:\\\/\\\/www.rassegnastampa-totustuus.it\\\/cattolica\\\/i-rappresentanti-inesistenti-dei-musulmani\\\/#breadcrumb\"},\"inLanguage\":\"it-IT\",\"potentialAction\":[{\"@type\":\"ReadAction\",\"target\":[\"https:\\\/\\\/www.rassegnastampa-totustuus.it\\\/cattolica\\\/i-rappresentanti-inesistenti-dei-musulmani\\\/\"]}]},{\"@type\":\"ImageObject\",\"inLanguage\":\"it-IT\",\"@id\":\"https:\\\/\\\/www.rassegnastampa-totustuus.it\\\/cattolica\\\/i-rappresentanti-inesistenti-dei-musulmani\\\/#primaryimage\",\"url\":\"https:\\\/\\\/www.rassegnastampa-totustuus.it\\\/cattolica\\\/wp-content\\\/uploads\\\/2005\\\/09\\\/Hamza-Picardo.jpg\",\"contentUrl\":\"https:\\\/\\\/www.rassegnastampa-totustuus.it\\\/cattolica\\\/wp-content\\\/uploads\\\/2005\\\/09\\\/Hamza-Picardo.jpg\",\"width\":172,\"height\":200},{\"@type\":\"BreadcrumbList\",\"@id\":\"https:\\\/\\\/www.rassegnastampa-totustuus.it\\\/cattolica\\\/i-rappresentanti-inesistenti-dei-musulmani\\\/#breadcrumb\",\"itemListElement\":[{\"@type\":\"ListItem\",\"position\":1,\"name\":\"Home\",\"item\":\"https:\\\/\\\/www.rassegnastampa-totustuus.it\\\/cattolica\\\/\"},{\"@type\":\"ListItem\",\"position\":2,\"name\":\"I rappresentanti inesistenti dei musulmani\"}]},{\"@type\":\"WebSite\",\"@id\":\"https:\\\/\\\/www.rassegnastampa-totustuus.it\\\/cattolica\\\/#website\",\"url\":\"https:\\\/\\\/www.rassegnastampa-totustuus.it\\\/cattolica\\\/\",\"name\":\"Rassegna Stampa Cattolica\",\"description\":\"Per una cultura che nasce dalla Rivelazione cristiana in conformit\u00e0 alla tradizione e al Magistero della Chiesa in opposizione ad ogni relativismo e totalitarismo\",\"publisher\":{\"@id\":\"https:\\\/\\\/www.rassegnastampa-totustuus.it\\\/cattolica\\\/#organization\"},\"alternateName\":\"Rass. Cattolica\",\"potentialAction\":[{\"@type\":\"SearchAction\",\"target\":{\"@type\":\"EntryPoint\",\"urlTemplate\":\"https:\\\/\\\/www.rassegnastampa-totustuus.it\\\/cattolica\\\/?s={search_term_string}\"},\"query-input\":{\"@type\":\"PropertyValueSpecification\",\"valueRequired\":true,\"valueName\":\"search_term_string\"}}],\"inLanguage\":\"it-IT\"},{\"@type\":\"Organization\",\"@id\":\"https:\\\/\\\/www.rassegnastampa-totustuus.it\\\/cattolica\\\/#organization\",\"name\":\"Rassegna Stampa Cattolica\",\"url\":\"https:\\\/\\\/www.rassegnastampa-totustuus.it\\\/cattolica\\\/\",\"logo\":{\"@type\":\"ImageObject\",\"inLanguage\":\"it-IT\",\"@id\":\"https:\\\/\\\/www.rassegnastampa-totustuus.it\\\/cattolica\\\/#\\\/schema\\\/logo\\\/image\\\/\",\"url\":\"https:\\\/\\\/www.rassegnastampa-totustuus.it\\\/cattolica\\\/wp-content\\\/uploads\\\/2014\\\/04\\\/logo-rassegna1.gif\",\"contentUrl\":\"https:\\\/\\\/www.rassegnastampa-totustuus.it\\\/cattolica\\\/wp-content\\\/uploads\\\/2014\\\/04\\\/logo-rassegna1.gif\",\"width\":600,\"height\":163,\"caption\":\"Rassegna Stampa Cattolica\"},\"image\":{\"@id\":\"https:\\\/\\\/www.rassegnastampa-totustuus.it\\\/cattolica\\\/#\\\/schema\\\/logo\\\/image\\\/\"},\"sameAs\":[\"https:\\\/\\\/www.facebook.com\\\/rassegnastampacattolica\",\"https:\\\/\\\/x.com\\\/rassegnastampa9\"]},{\"@type\":\"Person\",\"@id\":\"https:\\\/\\\/www.rassegnastampa-totustuus.it\\\/cattolica\\\/#\\\/schema\\\/person\\\/08f319d2bd1a0904ad9e2bfb7b15e5c3\",\"name\":\"Redazione\",\"image\":{\"@type\":\"ImageObject\",\"inLanguage\":\"it-IT\",\"@id\":\"https:\\\/\\\/secure.gravatar.com\\\/avatar\\\/2fcdf27c78ea025fbdb44e914cc63c72249ffec9dc8aafd5c82b26240ef3f346?s=96&d=mm&r=g\",\"url\":\"https:\\\/\\\/secure.gravatar.com\\\/avatar\\\/2fcdf27c78ea025fbdb44e914cc63c72249ffec9dc8aafd5c82b26240ef3f346?s=96&d=mm&r=g\",\"contentUrl\":\"https:\\\/\\\/secure.gravatar.com\\\/avatar\\\/2fcdf27c78ea025fbdb44e914cc63c72249ffec9dc8aafd5c82b26240ef3f346?s=96&d=mm&r=g\",\"caption\":\"Redazione\"},\"url\":\"https:\\\/\\\/www.rassegnastampa-totustuus.it\\\/cattolica\\\/author\\\/pietroelle\\\/\"}]}<\/script>\n<!-- \/ Yoast SEO plugin. -->","yoast_head_json":{"title":"I rappresentanti inesistenti dei musulmani - Rassegna Stampa Cattolica","description":"Rassegna Stampa Cattolica - Per una cultura che nasce dalla Rivelazione cristiana in conformit\u00e0 alla tradizione e al Magistero della Chiesa in opposizione ad ogni relativismo e totalitarismo","robots":{"index":"index","follow":"follow","max-snippet":"max-snippet:-1","max-image-preview":"max-image-preview:large","max-video-preview":"max-video-preview:-1"},"canonical":"https:\/\/www.rassegnastampa-totustuus.it\/cattolica\/i-rappresentanti-inesistenti-dei-musulmani\/","og_locale":"it_IT","og_type":"article","og_title":"I rappresentanti inesistenti dei musulmani - Rassegna Stampa Cattolica","og_description":"Rassegna Stampa Cattolica - Per una cultura che nasce dalla Rivelazione cristiana in conformit\u00e0 alla tradizione e al Magistero della Chiesa in opposizione ad ogni relativismo e totalitarismo","og_url":"https:\/\/www.rassegnastampa-totustuus.it\/cattolica\/i-rappresentanti-inesistenti-dei-musulmani\/","og_site_name":"Rassegna Stampa Cattolica","article_publisher":"https:\/\/www.facebook.com\/rassegnastampacattolica","article_published_time":"2005-09-28T15:04:35+00:00","article_modified_time":"2016-01-04T18:32:25+00:00","og_image":[{"width":172,"height":200,"url":"https:\/\/www.rassegnastampa-totustuus.it\/cattolica\/wp-content\/uploads\/2005\/09\/Hamza-Picardo.jpg","type":"image\/jpeg"}],"author":"Redazione","twitter_card":"summary_large_image","twitter_creator":"@rassegnastampa9","twitter_site":"@rassegnastampa9","twitter_misc":{"Scritto da":"Redazione","Tempo di lettura stimato":"3 minuti"},"schema":{"@context":"https:\/\/schema.org","@graph":[{"@type":"Article","@id":"https:\/\/www.rassegnastampa-totustuus.it\/cattolica\/i-rappresentanti-inesistenti-dei-musulmani\/#article","isPartOf":{"@id":"https:\/\/www.rassegnastampa-totustuus.it\/cattolica\/i-rappresentanti-inesistenti-dei-musulmani\/"},"author":{"name":"Redazione","@id":"https:\/\/www.rassegnastampa-totustuus.it\/cattolica\/#\/schema\/person\/08f319d2bd1a0904ad9e2bfb7b15e5c3"},"headline":"I rappresentanti inesistenti dei musulmani","datePublished":"2005-09-28T15:04:35+00:00","dateModified":"2016-01-04T18:32:25+00:00","mainEntityOfPage":{"@id":"https:\/\/www.rassegnastampa-totustuus.it\/cattolica\/i-rappresentanti-inesistenti-dei-musulmani\/"},"wordCount":659,"publisher":{"@id":"https:\/\/www.rassegnastampa-totustuus.it\/cattolica\/#organization"},"image":{"@id":"https:\/\/www.rassegnastampa-totustuus.it\/cattolica\/i-rappresentanti-inesistenti-dei-musulmani\/#primaryimage"},"thumbnailUrl":"https:\/\/www.rassegnastampa-totustuus.it\/cattolica\/wp-content\/uploads\/2005\/09\/Hamza-Picardo.jpg","keywords":["Islam dialogo"],"articleSection":["Islam in Italia"],"inLanguage":"it-IT"},{"@type":"WebPage","@id":"https:\/\/www.rassegnastampa-totustuus.it\/cattolica\/i-rappresentanti-inesistenti-dei-musulmani\/","url":"https:\/\/www.rassegnastampa-totustuus.it\/cattolica\/i-rappresentanti-inesistenti-dei-musulmani\/","name":"I rappresentanti inesistenti dei musulmani - Rassegna Stampa Cattolica","isPartOf":{"@id":"https:\/\/www.rassegnastampa-totustuus.it\/cattolica\/#website"},"primaryImageOfPage":{"@id":"https:\/\/www.rassegnastampa-totustuus.it\/cattolica\/i-rappresentanti-inesistenti-dei-musulmani\/#primaryimage"},"image":{"@id":"https:\/\/www.rassegnastampa-totustuus.it\/cattolica\/i-rappresentanti-inesistenti-dei-musulmani\/#primaryimage"},"thumbnailUrl":"https:\/\/www.rassegnastampa-totustuus.it\/cattolica\/wp-content\/uploads\/2005\/09\/Hamza-Picardo.jpg","datePublished":"2005-09-28T15:04:35+00:00","dateModified":"2016-01-04T18:32:25+00:00","description":"Rassegna Stampa Cattolica - Per una cultura che nasce dalla Rivelazione cristiana in conformit\u00e0 alla tradizione e al Magistero della Chiesa in opposizione ad ogni relativismo e totalitarismo","breadcrumb":{"@id":"https:\/\/www.rassegnastampa-totustuus.it\/cattolica\/i-rappresentanti-inesistenti-dei-musulmani\/#breadcrumb"},"inLanguage":"it-IT","potentialAction":[{"@type":"ReadAction","target":["https:\/\/www.rassegnastampa-totustuus.it\/cattolica\/i-rappresentanti-inesistenti-dei-musulmani\/"]}]},{"@type":"ImageObject","inLanguage":"it-IT","@id":"https:\/\/www.rassegnastampa-totustuus.it\/cattolica\/i-rappresentanti-inesistenti-dei-musulmani\/#primaryimage","url":"https:\/\/www.rassegnastampa-totustuus.it\/cattolica\/wp-content\/uploads\/2005\/09\/Hamza-Picardo.jpg","contentUrl":"https:\/\/www.rassegnastampa-totustuus.it\/cattolica\/wp-content\/uploads\/2005\/09\/Hamza-Picardo.jpg","width":172,"height":200},{"@type":"BreadcrumbList","@id":"https:\/\/www.rassegnastampa-totustuus.it\/cattolica\/i-rappresentanti-inesistenti-dei-musulmani\/#breadcrumb","itemListElement":[{"@type":"ListItem","position":1,"name":"Home","item":"https:\/\/www.rassegnastampa-totustuus.it\/cattolica\/"},{"@type":"ListItem","position":2,"name":"I rappresentanti inesistenti dei musulmani"}]},{"@type":"WebSite","@id":"https:\/\/www.rassegnastampa-totustuus.it\/cattolica\/#website","url":"https:\/\/www.rassegnastampa-totustuus.it\/cattolica\/","name":"Rassegna Stampa Cattolica","description":"Per una cultura che nasce dalla Rivelazione cristiana in conformit\u00e0 alla tradizione e al Magistero della Chiesa in opposizione ad ogni relativismo e totalitarismo","publisher":{"@id":"https:\/\/www.rassegnastampa-totustuus.it\/cattolica\/#organization"},"alternateName":"Rass. Cattolica","potentialAction":[{"@type":"SearchAction","target":{"@type":"EntryPoint","urlTemplate":"https:\/\/www.rassegnastampa-totustuus.it\/cattolica\/?s={search_term_string}"},"query-input":{"@type":"PropertyValueSpecification","valueRequired":true,"valueName":"search_term_string"}}],"inLanguage":"it-IT"},{"@type":"Organization","@id":"https:\/\/www.rassegnastampa-totustuus.it\/cattolica\/#organization","name":"Rassegna Stampa Cattolica","url":"https:\/\/www.rassegnastampa-totustuus.it\/cattolica\/","logo":{"@type":"ImageObject","inLanguage":"it-IT","@id":"https:\/\/www.rassegnastampa-totustuus.it\/cattolica\/#\/schema\/logo\/image\/","url":"https:\/\/www.rassegnastampa-totustuus.it\/cattolica\/wp-content\/uploads\/2014\/04\/logo-rassegna1.gif","contentUrl":"https:\/\/www.rassegnastampa-totustuus.it\/cattolica\/wp-content\/uploads\/2014\/04\/logo-rassegna1.gif","width":600,"height":163,"caption":"Rassegna Stampa Cattolica"},"image":{"@id":"https:\/\/www.rassegnastampa-totustuus.it\/cattolica\/#\/schema\/logo\/image\/"},"sameAs":["https:\/\/www.facebook.com\/rassegnastampacattolica","https:\/\/x.com\/rassegnastampa9"]},{"@type":"Person","@id":"https:\/\/www.rassegnastampa-totustuus.it\/cattolica\/#\/schema\/person\/08f319d2bd1a0904ad9e2bfb7b15e5c3","name":"Redazione","image":{"@type":"ImageObject","inLanguage":"it-IT","@id":"https:\/\/secure.gravatar.com\/avatar\/2fcdf27c78ea025fbdb44e914cc63c72249ffec9dc8aafd5c82b26240ef3f346?s=96&d=mm&r=g","url":"https:\/\/secure.gravatar.com\/avatar\/2fcdf27c78ea025fbdb44e914cc63c72249ffec9dc8aafd5c82b26240ef3f346?s=96&d=mm&r=g","contentUrl":"https:\/\/secure.gravatar.com\/avatar\/2fcdf27c78ea025fbdb44e914cc63c72249ffec9dc8aafd5c82b26240ef3f346?s=96&d=mm&r=g","caption":"Redazione"},"url":"https:\/\/www.rassegnastampa-totustuus.it\/cattolica\/author\/pietroelle\/"}]}},"_links":{"self":[{"href":"https:\/\/www.rassegnastampa-totustuus.it\/cattolica\/wp-json\/wp\/v2\/posts\/1493","targetHints":{"allow":["GET"]}}],"collection":[{"href":"https:\/\/www.rassegnastampa-totustuus.it\/cattolica\/wp-json\/wp\/v2\/posts"}],"about":[{"href":"https:\/\/www.rassegnastampa-totustuus.it\/cattolica\/wp-json\/wp\/v2\/types\/post"}],"author":[{"embeddable":true,"href":"https:\/\/www.rassegnastampa-totustuus.it\/cattolica\/wp-json\/wp\/v2\/users\/6"}],"replies":[{"embeddable":true,"href":"https:\/\/www.rassegnastampa-totustuus.it\/cattolica\/wp-json\/wp\/v2\/comments?post=1493"}],"version-history":[{"count":4,"href":"https:\/\/www.rassegnastampa-totustuus.it\/cattolica\/wp-json\/wp\/v2\/posts\/1493\/revisions"}],"predecessor-version":[{"id":29216,"href":"https:\/\/www.rassegnastampa-totustuus.it\/cattolica\/wp-json\/wp\/v2\/posts\/1493\/revisions\/29216"}],"wp:featuredmedia":[{"embeddable":true,"href":"https:\/\/www.rassegnastampa-totustuus.it\/cattolica\/wp-json\/wp\/v2\/media\/29215"}],"wp:attachment":[{"href":"https:\/\/www.rassegnastampa-totustuus.it\/cattolica\/wp-json\/wp\/v2\/media?parent=1493"}],"wp:term":[{"taxonomy":"category","embeddable":true,"href":"https:\/\/www.rassegnastampa-totustuus.it\/cattolica\/wp-json\/wp\/v2\/categories?post=1493"},{"taxonomy":"post_tag","embeddable":true,"href":"https:\/\/www.rassegnastampa-totustuus.it\/cattolica\/wp-json\/wp\/v2\/tags?post=1493"}],"curies":[{"name":"wp","href":"https:\/\/api.w.org\/{rel}","templated":true}]}}