{"id":1476,"date":"2005-09-23T12:52:42","date_gmt":"2005-09-23T10:52:42","guid":{"rendered":""},"modified":"2016-03-29T12:34:25","modified_gmt":"2016-03-29T10:34:25","slug":"non-tutto-caso-parola-di-scienziato","status":"publish","type":"post","link":"https:\/\/www.rassegnastampa-totustuus.it\/cattolica\/non-tutto-caso-parola-di-scienziato\/","title":{"rendered":"Non tutto &egrave; caso. Parola di scienziato"},"content":{"rendered":"<div style=\"text-align: center;\"><img loading=\"lazy\" decoding=\"async\" class=\"alignright wp-image-32315\" src=\"https:\/\/www.rassegnastampa-totustuus.it\/cattolica\/wp-content\/uploads\/2005\/09\/universo.jpg\" alt=\"universo\" width=\"250\" height=\"133\" srcset=\"https:\/\/www.rassegnastampa-totustuus.it\/cattolica\/wp-content\/uploads\/2005\/09\/universo.jpg 308w, https:\/\/www.rassegnastampa-totustuus.it\/cattolica\/wp-content\/uploads\/2005\/09\/universo-300x160.jpg 300w\" sizes=\"auto, (max-width: 250px) 100vw, 250px\" \/>Pubblicato su <strong>Avvenire<\/strong> il 1 settembre 2005<\/div>\n<p style=\"text-align: justify;\"><em>Anche in Europa la ricerca s&#8217;interroga sul darwinismo Biologi, fisici e matematici osservano che l&#8217;uomo e l&#8217;universo sono troppo \u00abperfetti\u00bb per essere originati soltanto da meccanismi casuali <\/em><\/p>\n<p style=\"text-align: center;\">di <strong>Luigi Dell&#8217;Aglio<\/strong><\/p>\n<p><!--more--><\/p>\n<div style=\"text-align: justify;\">Chi parla di principio antropico, chi di disegno intelligente. Chi &#8211; come <strong>Paul Davies<\/strong>, fisico, matematico e astronomo, a Cambridge e ad Adelaide &#8211; percepisce nell&#8217;universo \u00abal di l\u00e0 della materia bruta, qualcosa di forte, di sottile e inafferrabile, anzi: di elegante, di bello\u00bb.<\/div>\n<p style=\"text-align: justify;\">Sotto varie forme, il dibattito sul disegno intelligente, scoppiato in Usa, \u00e8 sempre pi\u00f9 vivo anche in Europa e nel resto del mondo. Sono numerosi gli uomini di scienza convinti che la presenza umana nell&#8217;universo non sia affatto accidentale e non scaturisca dall&#8217;evoluzione come da una lotteria. Lo hanno detto in molti al professor <strong>Cees Dekker<\/strong>, olandese, biofisico molecolare dell&#8217;universit\u00e0 di Delft, il quale ha raccolto queste e altre opinioni nel libro \u00abUna fortuna fuori dal comune oppure un disegno evidente?\u00bb. Ma in Olanda, all&#8217;uscita del saggio, \u00e8 scoppiata una violenta polemica; il principio antropico \u00e8 sembrato una bestemmia ai neo-darwinisti.<\/p>\n<p style=\"text-align: justify;\">Nel frattempo, anche un genetista del Max Planck Institut di Colonia, <strong>Wolf-Ekkehard Loennig<\/strong>, ha avuto molta risonanza esponendo osservazioni scientifiche nuove che mettono in dubbio il processo gradualistico dell&#8217;evoluzione darwiniana.<\/p>\n<p style=\"text-align: justify;\">Premesso che, per Darwin, l&#8217;evoluzione ha prodotto sviluppi molto lenti, Loennig afferma che \u00abnelle piante e negli animali, nonostante il massiccio e continuo flusso di cambiamenti, i processi genetici di base e le principali caratteristiche molecolari sembrano restare stabili per pi\u00f9 di tre miliardi e mezzo di anni. Per di pi\u00f9, i fossili autorizzano a pensare a spontanee, repentine comparse di forme nuove di vita (anzich\u00e9 a un loro arrivo, a innumerevoli piccoli passi, secondo il modello darwiniano), seguite in molti casi dalla estinzione, altrettanto improvvisa e spontanea, delle maggiori forme di vita, scomparse dopo periodi di tempo diversi\u00bb.<\/p>\n<p style=\"text-align: justify;\">Ed ecco l&#8217;analisi critica: \u00abCome ha ammesso, proprio poco tempo fa, il maestro della sistematica, Ernst May di Harvard, questa costante (<em>stasis<\/em>) di forme di vita, che contrasta con genomi fortemente dinamici, rappresenta uno dei problemi pi\u00f9 spinosi per la moderna biologia dell&#8217;evoluzione. Ed esige una spiegazione. Come molti ricercatori, penso che vari fatti e argomenti militino per la tesi della complessit\u00e0 irriducibile (sostenuta da Michael J. Behe) che, in combinazione con la complessit\u00e0 specifica (William A. Dembski) caratterizza certi sistemi biologici di base e pu\u00f2 suggerire una soluzione non gradualistica del problema\u00bb.<\/p>\n<p style=\"text-align: justify;\">Insomma il dibattito in corso in Usa (dove Behe e Dembski sostengono che, per la loro complessit\u00e0, almeno certi sistemi biologici non possono essere considerati il risultato dell&#8217;evoluzione) si arricchisce, in Europa, di nuovi spunti. E, anche quando mancano spunti scientifici diretti, come quelli messi in evidenza da Loennig, \u00e8 l&#8217;inferenza logica, la deduzione filosofica, a spingere molti verso il disegno intelligente.<\/p>\n<p style=\"text-align: justify;\">Secondo <strong>Philip Larrey<\/strong>, che \u00e8 americano ma insegna alla Pontificia universit\u00e0 lateranense e ha approfondito lo studio di questo dibattito sia di l\u00e0 che di qua dall&#8217;Oceano, la discussione fa presa perch\u00e9 anche in Europa ci si chiede: \u00abSe pure quella di Darwin \u00e8 un&#8217;inferenza logica, cio\u00e8 una deduzione, perch\u00e9 l&#8217;inferenza darwiniana viene considerata scientifica mentre quella del &#8220;disegno intelligente&#8221; deve essere ritenuta non scientifica?\u00bb.<\/p>\n<p style=\"text-align: justify;\">Poi ci sono fisici che, pur non prendendo ancora parte diretta nel dibattito, pensano che esista un codice nascosto della natura che pu\u00f2 essere svelato con procedimenti matematici ed espresso in forma di equazioni che descrivono le particelle subatomiche.<\/p>\n<p style=\"text-align: justify;\">Dice Paul Davies: \u00abIl cervello umano si \u00e8 evoluto per poter fronteggiare tante sfide, ma scoprire e capire le regole matematiche che mandano avanti l&#8217;universo mi sembra una capacit\u00e0 nettamente superiore alle necessit\u00e0. E allora concludo: la nostra presenza di esseri senzienti e coscienti non \u00e8 affatto accidentale nell&#8217;universo\u00bb.<\/p>\n<p style=\"text-align: justify;\">Paul Davies nota che parecchi, fra quanti accettano il processo dell&#8217;evoluzione, \u00abcredono che i cambiamenti accumulatisi nel tempo non siano altro che un mezzo di cui si \u00e8 servito Dio nella creazione del mondo. Anche per questi pensatori, pi\u00f9 di un ragionamento permette di non rassegnarsi all&#8217;ipotesi dell&#8217; &#8220;universo assurdo&#8221;\u00bb.<\/p>\n<p style=\"text-align: justify;\">Il fisico e matematico <strong>John Polkinghorne<\/strong>, presidente del Queen&#8217;s College a Cambridge, fa notare che, se il rapporto tra forza di gravit\u00e0 ed elettromagnetismo non fosse quello che \u00e8, non vi sarebbe vita sulla Terra. E aggiunge molte argomentazioni simili a questa.<\/p>\n<p style=\"text-align: justify;\">Per concludere, insieme all&#8217;astronomo <strong>Fred Hoyle<\/strong>, che \u00abl&#8217;universo \u00e8 un &#8220;colpo&#8221; perfettamente riuscito, il prodotto di una formidabile intelligenza\u00bb.<\/p>\n<p style=\"text-align: justify;\">Quello di <strong>George Ellis <\/strong>\u00e8 un nome che spicca nella comunit\u00e0 scientifica mondiale. Ellis, che insegna matematica applicata a Citt\u00e0 del Capo (Sudafrica), si chiede: \u00abL&#8217;universo \u00e8 frutto di una stranezza del caso, oppure gi\u00e0 all&#8217;inizio esistevano condizioni molto speciali perch\u00e9 si disegnasse il cammino che avrebbe portato alla vita? E come hanno fatto, la vita e la coscienza (e l&#8217;autocoscienza), a emergere dal mondo inanimato della fisica e della chimica? Il cervello umano pu\u00f2 ridursi a una specie di computer che elabora informazioni secondo le leggi dell&#8217;evoluzione?\u00bb.<\/p>\n<p style=\"text-align: justify;\">La risposta non pu\u00f2 venire da esperimenti scientifici. \u00abMa molte considerazioni lasciano pensare che le leggi della fisica e la natura dell&#8217;universo siano state concepite per creare le condizioni adatte alla vita intelligente\u00bb, dichiara Ellis.<\/p>\n<p style=\"text-align: justify;\">Sul fronte dell&#8217;<em>intelligent design<\/em> (che non si identifica <em>tout court <\/em>con le posizioni dei movimenti creazionisti) si schiera anche <strong>John Lennox<\/strong>, matematico di Oxford, con un libro che ora \u00e8 uscito anche in Italia &#8211; (<em>Le origini e la morale<\/em>, edito da Ibei): \u00abDobbiamo stabilire se l&#8217;uomo \u00e8 un alieno in un universo ignaro della sua presenza, che non s&#8217;interessa minimamente di lui, oppure se la Terra rivela di essere stata progettata come una casa per accoglierlo.<\/p>\n<p style=\"text-align: justify;\">Siamo impressionati dalle informazioni genetiche necessarie per la costruzione di un essere umano. Penso sia difficile, da un punto di vista scientifico, supporre che queste informazioni non derivino da una fonte razionale. Non siamo pezzi di materia che l&#8217;evoluzione getta via e consegna all&#8217;oblio\u00bb.<\/p>\n<p style=\"text-align: justify;\">E c&#8217;\u00e8 chi chiede pi\u00f9 libert\u00e0 di parola, e pi\u00f9 ascolto, sull&#8217;argomento. Il professor <strong>Matti Leisola <\/strong>\u00e8 preside della facolt\u00e0 di Chimica all&#8217;universit\u00e0 della Tecnologia di Helsinki. \u00abI programmi tv e i testi scolastici di scienza affermano in blocco che la teoria dell&#8217;evoluzione &#8220;spiega pienamente la complessit\u00e0 degli esseri viventi&#8221; e che l&#8217;evidenza scientifica \u00e8 tutta a sostegno dell&#8217;evoluzionismo darwiniano. E aggiungono testualmente: &#8220;Questo \u00e8 quanto riconosce chiunque si reputi scienziato&#8221;. Bene: io e tanti altri uomini di scienza siamo la testimonianza vivente che contraddice questa affermazione. Il nostro \u00e8 dissenso scientifico. E merita di essere ascoltato\u00bb.<\/p>\n<p style=\"text-align: justify;\">_____________________________________<\/p>\n<p><strong>Leggi anche:<\/strong><\/p>\n<p><strong><a href=\"https:\/\/www.rassegnastampa-totustuus.it\/cattolica\/?p=2503\" target=\"_blank\"><strong>Pi\u00f9 di 600 scenziati non credono a Darwin<\/strong> <\/a><\/strong>&#8211;<\/p>\n","protected":false},"excerpt":{"rendered":"<p>Pubblicato su Avvenire il 1 settembre 2005 Anche in Europa la ricerca s&#8217;interroga sul darwinismo Biologi, fisici e matematici osservano che l&#8217;uomo e l&#8217;universo sono troppo \u00abperfetti\u00bb per essere originati soltanto da meccanismi casuali di Luigi Dell&#8217;Aglio<\/p><p><a class=\"more-link btn\" href=\"https:\/\/www.rassegnastampa-totustuus.it\/cattolica\/non-tutto-caso-parola-di-scienziato\/\">Continua a leggere<\/a><\/p>\n","protected":false},"author":6,"featured_media":32315,"comment_status":"closed","ping_status":"open","sticky":false,"template":"","format":"standard","meta":{"footnotes":""},"categories":[51],"tags":[751],"class_list":["post-1476","post","type-post","status-publish","format-standard","has-post-thumbnail","hentry","category-evoluzionismo","tag-darwinismo","item-wrap"],"yoast_head":"<!-- This site is optimized with the Yoast SEO plugin v27.5 - https:\/\/yoast.com\/product\/yoast-seo-wordpress\/ -->\n<title>Non tutto &egrave; caso. Parola di scienziato - Rassegna Stampa Cattolica<\/title>\n<meta name=\"description\" content=\"Rassegna Stampa Cattolica - Per una cultura che nasce dalla Rivelazione cristiana in conformit\u00e0 alla tradizione e al Magistero della Chiesa in opposizione ad ogni relativismo e totalitarismo\" \/>\n<meta name=\"robots\" content=\"index, follow, max-snippet:-1, max-image-preview:large, max-video-preview:-1\" \/>\n<link rel=\"canonical\" href=\"https:\/\/www.rassegnastampa-totustuus.it\/cattolica\/non-tutto-caso-parola-di-scienziato\/\" \/>\n<meta property=\"og:locale\" content=\"it_IT\" \/>\n<meta property=\"og:type\" content=\"article\" \/>\n<meta property=\"og:title\" content=\"Non tutto &egrave; caso. Parola di scienziato - Rassegna Stampa Cattolica\" \/>\n<meta property=\"og:description\" content=\"Rassegna Stampa Cattolica - Per una cultura che nasce dalla Rivelazione cristiana in conformit\u00e0 alla tradizione e al Magistero della Chiesa in opposizione ad ogni relativismo e totalitarismo\" \/>\n<meta property=\"og:url\" content=\"https:\/\/www.rassegnastampa-totustuus.it\/cattolica\/non-tutto-caso-parola-di-scienziato\/\" \/>\n<meta property=\"og:site_name\" content=\"Rassegna Stampa Cattolica\" \/>\n<meta property=\"article:publisher\" content=\"https:\/\/www.facebook.com\/rassegnastampacattolica\" \/>\n<meta property=\"article:published_time\" content=\"2005-09-23T10:52:42+00:00\" \/>\n<meta property=\"article:modified_time\" content=\"2016-03-29T10:34:25+00:00\" \/>\n<meta property=\"og:image\" content=\"https:\/\/www.rassegnastampa-totustuus.it\/cattolica\/wp-content\/uploads\/2005\/09\/universo.jpg\" \/>\n\t<meta property=\"og:image:width\" content=\"308\" \/>\n\t<meta property=\"og:image:height\" content=\"164\" \/>\n\t<meta property=\"og:image:type\" content=\"image\/jpeg\" \/>\n<meta name=\"author\" content=\"Redazione\" \/>\n<meta name=\"twitter:card\" content=\"summary_large_image\" \/>\n<meta name=\"twitter:creator\" content=\"@rassegnastampa9\" \/>\n<meta name=\"twitter:site\" content=\"@rassegnastampa9\" \/>\n<meta name=\"twitter:label1\" content=\"Scritto da\" \/>\n\t<meta name=\"twitter:data1\" content=\"Redazione\" \/>\n\t<meta name=\"twitter:label2\" content=\"Tempo di lettura stimato\" \/>\n\t<meta name=\"twitter:data2\" content=\"5 minuti\" \/>\n<script type=\"application\/ld+json\" class=\"yoast-schema-graph\">{\"@context\":\"https:\\\/\\\/schema.org\",\"@graph\":[{\"@type\":\"Article\",\"@id\":\"https:\\\/\\\/www.rassegnastampa-totustuus.it\\\/cattolica\\\/non-tutto-caso-parola-di-scienziato\\\/#article\",\"isPartOf\":{\"@id\":\"https:\\\/\\\/www.rassegnastampa-totustuus.it\\\/cattolica\\\/non-tutto-caso-parola-di-scienziato\\\/\"},\"author\":{\"name\":\"Redazione\",\"@id\":\"https:\\\/\\\/www.rassegnastampa-totustuus.it\\\/cattolica\\\/#\\\/schema\\\/person\\\/08f319d2bd1a0904ad9e2bfb7b15e5c3\"},\"headline\":\"Non tutto &egrave; caso. Parola di scienziato\",\"datePublished\":\"2005-09-23T10:52:42+00:00\",\"dateModified\":\"2016-03-29T10:34:25+00:00\",\"mainEntityOfPage\":{\"@id\":\"https:\\\/\\\/www.rassegnastampa-totustuus.it\\\/cattolica\\\/non-tutto-caso-parola-di-scienziato\\\/\"},\"wordCount\":1106,\"publisher\":{\"@id\":\"https:\\\/\\\/www.rassegnastampa-totustuus.it\\\/cattolica\\\/#organization\"},\"image\":{\"@id\":\"https:\\\/\\\/www.rassegnastampa-totustuus.it\\\/cattolica\\\/non-tutto-caso-parola-di-scienziato\\\/#primaryimage\"},\"thumbnailUrl\":\"https:\\\/\\\/www.rassegnastampa-totustuus.it\\\/cattolica\\\/wp-content\\\/uploads\\\/2005\\\/09\\\/universo.jpg\",\"keywords\":[\"darwinismo\"],\"articleSection\":[\"Evoluzionismo\"],\"inLanguage\":\"it-IT\"},{\"@type\":\"WebPage\",\"@id\":\"https:\\\/\\\/www.rassegnastampa-totustuus.it\\\/cattolica\\\/non-tutto-caso-parola-di-scienziato\\\/\",\"url\":\"https:\\\/\\\/www.rassegnastampa-totustuus.it\\\/cattolica\\\/non-tutto-caso-parola-di-scienziato\\\/\",\"name\":\"Non tutto &egrave; caso. Parola di scienziato - Rassegna Stampa Cattolica\",\"isPartOf\":{\"@id\":\"https:\\\/\\\/www.rassegnastampa-totustuus.it\\\/cattolica\\\/#website\"},\"primaryImageOfPage\":{\"@id\":\"https:\\\/\\\/www.rassegnastampa-totustuus.it\\\/cattolica\\\/non-tutto-caso-parola-di-scienziato\\\/#primaryimage\"},\"image\":{\"@id\":\"https:\\\/\\\/www.rassegnastampa-totustuus.it\\\/cattolica\\\/non-tutto-caso-parola-di-scienziato\\\/#primaryimage\"},\"thumbnailUrl\":\"https:\\\/\\\/www.rassegnastampa-totustuus.it\\\/cattolica\\\/wp-content\\\/uploads\\\/2005\\\/09\\\/universo.jpg\",\"datePublished\":\"2005-09-23T10:52:42+00:00\",\"dateModified\":\"2016-03-29T10:34:25+00:00\",\"description\":\"Rassegna Stampa Cattolica - Per una cultura che nasce dalla Rivelazione cristiana in conformit\u00e0 alla tradizione e al Magistero della Chiesa in opposizione ad ogni relativismo e totalitarismo\",\"breadcrumb\":{\"@id\":\"https:\\\/\\\/www.rassegnastampa-totustuus.it\\\/cattolica\\\/non-tutto-caso-parola-di-scienziato\\\/#breadcrumb\"},\"inLanguage\":\"it-IT\",\"potentialAction\":[{\"@type\":\"ReadAction\",\"target\":[\"https:\\\/\\\/www.rassegnastampa-totustuus.it\\\/cattolica\\\/non-tutto-caso-parola-di-scienziato\\\/\"]}]},{\"@type\":\"ImageObject\",\"inLanguage\":\"it-IT\",\"@id\":\"https:\\\/\\\/www.rassegnastampa-totustuus.it\\\/cattolica\\\/non-tutto-caso-parola-di-scienziato\\\/#primaryimage\",\"url\":\"https:\\\/\\\/www.rassegnastampa-totustuus.it\\\/cattolica\\\/wp-content\\\/uploads\\\/2005\\\/09\\\/universo.jpg\",\"contentUrl\":\"https:\\\/\\\/www.rassegnastampa-totustuus.it\\\/cattolica\\\/wp-content\\\/uploads\\\/2005\\\/09\\\/universo.jpg\",\"width\":308,\"height\":164},{\"@type\":\"BreadcrumbList\",\"@id\":\"https:\\\/\\\/www.rassegnastampa-totustuus.it\\\/cattolica\\\/non-tutto-caso-parola-di-scienziato\\\/#breadcrumb\",\"itemListElement\":[{\"@type\":\"ListItem\",\"position\":1,\"name\":\"Home\",\"item\":\"https:\\\/\\\/www.rassegnastampa-totustuus.it\\\/cattolica\\\/\"},{\"@type\":\"ListItem\",\"position\":2,\"name\":\"Non tutto &egrave; caso. Parola di scienziato\"}]},{\"@type\":\"WebSite\",\"@id\":\"https:\\\/\\\/www.rassegnastampa-totustuus.it\\\/cattolica\\\/#website\",\"url\":\"https:\\\/\\\/www.rassegnastampa-totustuus.it\\\/cattolica\\\/\",\"name\":\"Rassegna Stampa Cattolica\",\"description\":\"Per una cultura che nasce dalla Rivelazione cristiana in conformit\u00e0 alla tradizione e al Magistero della Chiesa in opposizione ad ogni relativismo e totalitarismo\",\"publisher\":{\"@id\":\"https:\\\/\\\/www.rassegnastampa-totustuus.it\\\/cattolica\\\/#organization\"},\"alternateName\":\"Rass. Cattolica\",\"potentialAction\":[{\"@type\":\"SearchAction\",\"target\":{\"@type\":\"EntryPoint\",\"urlTemplate\":\"https:\\\/\\\/www.rassegnastampa-totustuus.it\\\/cattolica\\\/?s={search_term_string}\"},\"query-input\":{\"@type\":\"PropertyValueSpecification\",\"valueRequired\":true,\"valueName\":\"search_term_string\"}}],\"inLanguage\":\"it-IT\"},{\"@type\":\"Organization\",\"@id\":\"https:\\\/\\\/www.rassegnastampa-totustuus.it\\\/cattolica\\\/#organization\",\"name\":\"Rassegna Stampa Cattolica\",\"url\":\"https:\\\/\\\/www.rassegnastampa-totustuus.it\\\/cattolica\\\/\",\"logo\":{\"@type\":\"ImageObject\",\"inLanguage\":\"it-IT\",\"@id\":\"https:\\\/\\\/www.rassegnastampa-totustuus.it\\\/cattolica\\\/#\\\/schema\\\/logo\\\/image\\\/\",\"url\":\"https:\\\/\\\/www.rassegnastampa-totustuus.it\\\/cattolica\\\/wp-content\\\/uploads\\\/2014\\\/04\\\/logo-rassegna1.gif\",\"contentUrl\":\"https:\\\/\\\/www.rassegnastampa-totustuus.it\\\/cattolica\\\/wp-content\\\/uploads\\\/2014\\\/04\\\/logo-rassegna1.gif\",\"width\":600,\"height\":163,\"caption\":\"Rassegna Stampa Cattolica\"},\"image\":{\"@id\":\"https:\\\/\\\/www.rassegnastampa-totustuus.it\\\/cattolica\\\/#\\\/schema\\\/logo\\\/image\\\/\"},\"sameAs\":[\"https:\\\/\\\/www.facebook.com\\\/rassegnastampacattolica\",\"https:\\\/\\\/x.com\\\/rassegnastampa9\"]},{\"@type\":\"Person\",\"@id\":\"https:\\\/\\\/www.rassegnastampa-totustuus.it\\\/cattolica\\\/#\\\/schema\\\/person\\\/08f319d2bd1a0904ad9e2bfb7b15e5c3\",\"name\":\"Redazione\",\"image\":{\"@type\":\"ImageObject\",\"inLanguage\":\"it-IT\",\"@id\":\"https:\\\/\\\/secure.gravatar.com\\\/avatar\\\/2fcdf27c78ea025fbdb44e914cc63c72249ffec9dc8aafd5c82b26240ef3f346?s=96&d=mm&r=g\",\"url\":\"https:\\\/\\\/secure.gravatar.com\\\/avatar\\\/2fcdf27c78ea025fbdb44e914cc63c72249ffec9dc8aafd5c82b26240ef3f346?s=96&d=mm&r=g\",\"contentUrl\":\"https:\\\/\\\/secure.gravatar.com\\\/avatar\\\/2fcdf27c78ea025fbdb44e914cc63c72249ffec9dc8aafd5c82b26240ef3f346?s=96&d=mm&r=g\",\"caption\":\"Redazione\"},\"url\":\"https:\\\/\\\/www.rassegnastampa-totustuus.it\\\/cattolica\\\/author\\\/pietroelle\\\/\"}]}<\/script>\n<!-- \/ Yoast SEO plugin. -->","yoast_head_json":{"title":"Non tutto &egrave; caso. Parola di scienziato - Rassegna Stampa Cattolica","description":"Rassegna Stampa Cattolica - Per una cultura che nasce dalla Rivelazione cristiana in conformit\u00e0 alla tradizione e al Magistero della Chiesa in opposizione ad ogni relativismo e totalitarismo","robots":{"index":"index","follow":"follow","max-snippet":"max-snippet:-1","max-image-preview":"max-image-preview:large","max-video-preview":"max-video-preview:-1"},"canonical":"https:\/\/www.rassegnastampa-totustuus.it\/cattolica\/non-tutto-caso-parola-di-scienziato\/","og_locale":"it_IT","og_type":"article","og_title":"Non tutto &egrave; caso. Parola di scienziato - Rassegna Stampa Cattolica","og_description":"Rassegna Stampa Cattolica - Per una cultura che nasce dalla Rivelazione cristiana in conformit\u00e0 alla tradizione e al Magistero della Chiesa in opposizione ad ogni relativismo e totalitarismo","og_url":"https:\/\/www.rassegnastampa-totustuus.it\/cattolica\/non-tutto-caso-parola-di-scienziato\/","og_site_name":"Rassegna Stampa Cattolica","article_publisher":"https:\/\/www.facebook.com\/rassegnastampacattolica","article_published_time":"2005-09-23T10:52:42+00:00","article_modified_time":"2016-03-29T10:34:25+00:00","og_image":[{"width":308,"height":164,"url":"https:\/\/www.rassegnastampa-totustuus.it\/cattolica\/wp-content\/uploads\/2005\/09\/universo.jpg","type":"image\/jpeg"}],"author":"Redazione","twitter_card":"summary_large_image","twitter_creator":"@rassegnastampa9","twitter_site":"@rassegnastampa9","twitter_misc":{"Scritto da":"Redazione","Tempo di lettura stimato":"5 minuti"},"schema":{"@context":"https:\/\/schema.org","@graph":[{"@type":"Article","@id":"https:\/\/www.rassegnastampa-totustuus.it\/cattolica\/non-tutto-caso-parola-di-scienziato\/#article","isPartOf":{"@id":"https:\/\/www.rassegnastampa-totustuus.it\/cattolica\/non-tutto-caso-parola-di-scienziato\/"},"author":{"name":"Redazione","@id":"https:\/\/www.rassegnastampa-totustuus.it\/cattolica\/#\/schema\/person\/08f319d2bd1a0904ad9e2bfb7b15e5c3"},"headline":"Non tutto &egrave; caso. Parola di scienziato","datePublished":"2005-09-23T10:52:42+00:00","dateModified":"2016-03-29T10:34:25+00:00","mainEntityOfPage":{"@id":"https:\/\/www.rassegnastampa-totustuus.it\/cattolica\/non-tutto-caso-parola-di-scienziato\/"},"wordCount":1106,"publisher":{"@id":"https:\/\/www.rassegnastampa-totustuus.it\/cattolica\/#organization"},"image":{"@id":"https:\/\/www.rassegnastampa-totustuus.it\/cattolica\/non-tutto-caso-parola-di-scienziato\/#primaryimage"},"thumbnailUrl":"https:\/\/www.rassegnastampa-totustuus.it\/cattolica\/wp-content\/uploads\/2005\/09\/universo.jpg","keywords":["darwinismo"],"articleSection":["Evoluzionismo"],"inLanguage":"it-IT"},{"@type":"WebPage","@id":"https:\/\/www.rassegnastampa-totustuus.it\/cattolica\/non-tutto-caso-parola-di-scienziato\/","url":"https:\/\/www.rassegnastampa-totustuus.it\/cattolica\/non-tutto-caso-parola-di-scienziato\/","name":"Non tutto &egrave; caso. Parola di scienziato - Rassegna Stampa Cattolica","isPartOf":{"@id":"https:\/\/www.rassegnastampa-totustuus.it\/cattolica\/#website"},"primaryImageOfPage":{"@id":"https:\/\/www.rassegnastampa-totustuus.it\/cattolica\/non-tutto-caso-parola-di-scienziato\/#primaryimage"},"image":{"@id":"https:\/\/www.rassegnastampa-totustuus.it\/cattolica\/non-tutto-caso-parola-di-scienziato\/#primaryimage"},"thumbnailUrl":"https:\/\/www.rassegnastampa-totustuus.it\/cattolica\/wp-content\/uploads\/2005\/09\/universo.jpg","datePublished":"2005-09-23T10:52:42+00:00","dateModified":"2016-03-29T10:34:25+00:00","description":"Rassegna Stampa Cattolica - Per una cultura che nasce dalla Rivelazione cristiana in conformit\u00e0 alla tradizione e al Magistero della Chiesa in opposizione ad ogni relativismo e totalitarismo","breadcrumb":{"@id":"https:\/\/www.rassegnastampa-totustuus.it\/cattolica\/non-tutto-caso-parola-di-scienziato\/#breadcrumb"},"inLanguage":"it-IT","potentialAction":[{"@type":"ReadAction","target":["https:\/\/www.rassegnastampa-totustuus.it\/cattolica\/non-tutto-caso-parola-di-scienziato\/"]}]},{"@type":"ImageObject","inLanguage":"it-IT","@id":"https:\/\/www.rassegnastampa-totustuus.it\/cattolica\/non-tutto-caso-parola-di-scienziato\/#primaryimage","url":"https:\/\/www.rassegnastampa-totustuus.it\/cattolica\/wp-content\/uploads\/2005\/09\/universo.jpg","contentUrl":"https:\/\/www.rassegnastampa-totustuus.it\/cattolica\/wp-content\/uploads\/2005\/09\/universo.jpg","width":308,"height":164},{"@type":"BreadcrumbList","@id":"https:\/\/www.rassegnastampa-totustuus.it\/cattolica\/non-tutto-caso-parola-di-scienziato\/#breadcrumb","itemListElement":[{"@type":"ListItem","position":1,"name":"Home","item":"https:\/\/www.rassegnastampa-totustuus.it\/cattolica\/"},{"@type":"ListItem","position":2,"name":"Non tutto &egrave; caso. Parola di scienziato"}]},{"@type":"WebSite","@id":"https:\/\/www.rassegnastampa-totustuus.it\/cattolica\/#website","url":"https:\/\/www.rassegnastampa-totustuus.it\/cattolica\/","name":"Rassegna Stampa Cattolica","description":"Per una cultura che nasce dalla Rivelazione cristiana in conformit\u00e0 alla tradizione e al Magistero della Chiesa in opposizione ad ogni relativismo e totalitarismo","publisher":{"@id":"https:\/\/www.rassegnastampa-totustuus.it\/cattolica\/#organization"},"alternateName":"Rass. Cattolica","potentialAction":[{"@type":"SearchAction","target":{"@type":"EntryPoint","urlTemplate":"https:\/\/www.rassegnastampa-totustuus.it\/cattolica\/?s={search_term_string}"},"query-input":{"@type":"PropertyValueSpecification","valueRequired":true,"valueName":"search_term_string"}}],"inLanguage":"it-IT"},{"@type":"Organization","@id":"https:\/\/www.rassegnastampa-totustuus.it\/cattolica\/#organization","name":"Rassegna Stampa Cattolica","url":"https:\/\/www.rassegnastampa-totustuus.it\/cattolica\/","logo":{"@type":"ImageObject","inLanguage":"it-IT","@id":"https:\/\/www.rassegnastampa-totustuus.it\/cattolica\/#\/schema\/logo\/image\/","url":"https:\/\/www.rassegnastampa-totustuus.it\/cattolica\/wp-content\/uploads\/2014\/04\/logo-rassegna1.gif","contentUrl":"https:\/\/www.rassegnastampa-totustuus.it\/cattolica\/wp-content\/uploads\/2014\/04\/logo-rassegna1.gif","width":600,"height":163,"caption":"Rassegna Stampa Cattolica"},"image":{"@id":"https:\/\/www.rassegnastampa-totustuus.it\/cattolica\/#\/schema\/logo\/image\/"},"sameAs":["https:\/\/www.facebook.com\/rassegnastampacattolica","https:\/\/x.com\/rassegnastampa9"]},{"@type":"Person","@id":"https:\/\/www.rassegnastampa-totustuus.it\/cattolica\/#\/schema\/person\/08f319d2bd1a0904ad9e2bfb7b15e5c3","name":"Redazione","image":{"@type":"ImageObject","inLanguage":"it-IT","@id":"https:\/\/secure.gravatar.com\/avatar\/2fcdf27c78ea025fbdb44e914cc63c72249ffec9dc8aafd5c82b26240ef3f346?s=96&d=mm&r=g","url":"https:\/\/secure.gravatar.com\/avatar\/2fcdf27c78ea025fbdb44e914cc63c72249ffec9dc8aafd5c82b26240ef3f346?s=96&d=mm&r=g","contentUrl":"https:\/\/secure.gravatar.com\/avatar\/2fcdf27c78ea025fbdb44e914cc63c72249ffec9dc8aafd5c82b26240ef3f346?s=96&d=mm&r=g","caption":"Redazione"},"url":"https:\/\/www.rassegnastampa-totustuus.it\/cattolica\/author\/pietroelle\/"}]}},"_links":{"self":[{"href":"https:\/\/www.rassegnastampa-totustuus.it\/cattolica\/wp-json\/wp\/v2\/posts\/1476","targetHints":{"allow":["GET"]}}],"collection":[{"href":"https:\/\/www.rassegnastampa-totustuus.it\/cattolica\/wp-json\/wp\/v2\/posts"}],"about":[{"href":"https:\/\/www.rassegnastampa-totustuus.it\/cattolica\/wp-json\/wp\/v2\/types\/post"}],"author":[{"embeddable":true,"href":"https:\/\/www.rassegnastampa-totustuus.it\/cattolica\/wp-json\/wp\/v2\/users\/6"}],"replies":[{"embeddable":true,"href":"https:\/\/www.rassegnastampa-totustuus.it\/cattolica\/wp-json\/wp\/v2\/comments?post=1476"}],"version-history":[{"count":4,"href":"https:\/\/www.rassegnastampa-totustuus.it\/cattolica\/wp-json\/wp\/v2\/posts\/1476\/revisions"}],"predecessor-version":[{"id":32316,"href":"https:\/\/www.rassegnastampa-totustuus.it\/cattolica\/wp-json\/wp\/v2\/posts\/1476\/revisions\/32316"}],"wp:featuredmedia":[{"embeddable":true,"href":"https:\/\/www.rassegnastampa-totustuus.it\/cattolica\/wp-json\/wp\/v2\/media\/32315"}],"wp:attachment":[{"href":"https:\/\/www.rassegnastampa-totustuus.it\/cattolica\/wp-json\/wp\/v2\/media?parent=1476"}],"wp:term":[{"taxonomy":"category","embeddable":true,"href":"https:\/\/www.rassegnastampa-totustuus.it\/cattolica\/wp-json\/wp\/v2\/categories?post=1476"},{"taxonomy":"post_tag","embeddable":true,"href":"https:\/\/www.rassegnastampa-totustuus.it\/cattolica\/wp-json\/wp\/v2\/tags?post=1476"}],"curies":[{"name":"wp","href":"https:\/\/api.w.org\/{rel}","templated":true}]}}