{"id":147,"date":"2004-11-15T13:27:20","date_gmt":"2004-11-15T12:27:20","guid":{"rendered":""},"modified":"2025-07-02T16:15:17","modified_gmt":"2025-07-02T14:15:17","slug":"uso-delle-cellule-staminali-embrionali-umane","status":"publish","type":"post","link":"https:\/\/www.rassegnastampa-totustuus.it\/cattolica\/uso-delle-cellule-staminali-embrionali-umane\/","title":{"rendered":"Uso delle cellule staminali  embrionali umane"},"content":{"rendered":"\n<p class=\"has-text-align-center\"><a href=\"https:\/\/www.osservatoreromano.va\/it.html\" target=\"_blank\" rel=\"noreferrer noopener\"><strong>Osservatore Romano<\/strong> <\/a><\/p>\n\n\n\n<p class=\"has-text-align-center\">Pontificia Accademia per la Vita<\/p>\n\n\n\n<p class=\"has-text-align-center\">Dichiarazione sulla produzione e sull&#8217;uso scientifico e terapeutico<\/p>\n\n\n<div class=\"wp-block-image\">\n<figure class=\"aligncenter size-full is-resized\"><a href=\"https:\/\/www.rassegnastampa-totustuus.it\/cattolica\/wp-content\/uploads\/2004\/11\/staminali.jpg\"><img loading=\"lazy\" decoding=\"async\" width=\"259\" height=\"194\" src=\"https:\/\/www.rassegnastampa-totustuus.it\/cattolica\/wp-content\/uploads\/2004\/11\/staminali.jpg\" alt=\"\" class=\"wp-image-34340\" style=\"width:399px;height:auto\"\/><\/a><\/figure><\/div>\n\n\n<!--more-->\n\n\n\n<p><strong>Premessa<\/strong><\/p>\n\n\n\n<p>La finalit\u00e0 di questo documento \u00e8 di portare un contributo al dibattito che si sta sviluppando e ampliando nella letteratura scientifica ed etica e nell&#8217;opinione pubblica sulla produzione e utilizzazione delle cellule staminali embrionali. A seguito, infatti, della crescente rilevanza che va assumendo il dibattito sui loro limiti e liceit\u00e0, si impone una riflessione che ne ponga in luce le implicazioni etiche.<\/p>\n\n\n\n<p>In una prima parte, saranno esposti molto brevemente i dati pi\u00f9 recenti offerti dalla scienza sulle cellule staminali, e dalla biotecnologia sulla loro produzione e uso. In una seconda parte, si richiamer\u00e0 l&#8217;attenzione sopra i pi\u00f9 rilevanti problemi etici sollevati da queste nuove scoperte e applicazioni.<\/p>\n\n\n\n<h4 class=\"wp-block-heading has-text-align-center\"><strong>Aspetti scientifici<\/strong><\/h4>\n\n\n\n<p>Una definizione comunemente accettata di &#8220;cellula staminale&#8221; &#8211; anche se alcuni aspetti richiedono ancora un maggior approfondimento &#8211; \u00e8 quella di una cellula che ha due caratteristiche: 1) la capacit\u00e0 di auto-rinnovamento illimitato o prolungato, cio\u00e8 di riprodursi a lungo senza differenziarsi; e 2) la capacit\u00e0 di dare origine a cellule progenitrici di transito, con capacit\u00e0 proliferativa limitata, dalle quali discendono popolazioni di cellule altamente differenziate (nervose, muscolari, ematiche, ecc.). Da circa 30 anni queste cellule hanno costituito un ampio campo di ricerca sia in tessuti adulti, sia in tessuti embrionali e in colture in vitro di cellule staminali embrionali di animali da esperimento. Ma l&#8217;attenzione pubblica ad esse \u00e8 stata richiamata recentemente da un nuovo traguardo raggiunto: la produzione di cellule staminali embrionali umane.<\/p>\n\n\n\n<h4 class=\"wp-block-heading has-text-align-center\"><strong>Le cellule staminali embrionali umane<\/strong><\/h4>\n\n\n\n<p>La preparazione di cellule staminali embrionali umane (ES, ESc, Embryo Stem Cells) implica oggi:<\/p>\n\n\n\n<p><strong>1)<\/strong> la produzione di embrioni umani e\/o la utilizzazione di quelli soprannumerari da fecondazione in vitro o crioconservati;<\/p>\n\n\n\n<p><strong>2)<\/strong> il loro sviluppo fino allo stadio di iniziale blastociste;<\/p>\n\n\n\n<p><strong>3)<\/strong> il prelevamento delle cellule dell&#8217;embrioblasto o massa cellulare interna (ICM) &#8211; operazione che implica la distruzione dell&#8217;embrione;<\/p>\n\n\n\n<p><strong>4)<\/strong> la messa in coltura di tali cellule su un strato di fibroblasti di topo irradiati (feeder) e in terreno adatto, dove si moltiplicano e confluiscono fino alla formazione di colonie;<\/p>\n\n\n\n<p><strong>5)<\/strong> ripetute messe in coltura delle cellule delle colonie ottenute, che portano alla formazione di linee cellulari capaci di moltiplicarsi indefinitamente conservando le caratteristiche di cellule staminali (ES) per mesi e anni.<\/p>\n\n\n\n<p>Queste, tuttavia, costituiscono soltanto il punto di partenza per la preparazione delle linee cellulari differenziate, ossia di cellule le quali possiedono le caratteristiche che assumono nei diversi tessuti (muscolari, nervose, epiteliali, ematiche, germinali, ecc.). I metodi per ottenerle sono ancora in studio; ma la inoculazione delle ES umane in animali da esperimento (topo), e la loro coltura in vitro in terreno condizionato fino alla confluenza, hanno dimostrato che esse sono capaci di dare origine a cellule differenziate che deriverebbero, nello sviluppo normale, dai tre diversi foglietti embrionali: endoderma (epitelio intestinale), mesoderma (cartilagine, osso, muscolo liscio e striato), ed ectoderma (epitelio neurale, epitelio squamoso).<\/p>\n\n\n\n<p>Questi risultati hanno scosso il mondo sia scientifico, sia biotecnologico &#8211; in particolare medico e farmacologico &#8211; e non meno il mondo commerciale e massmediale: apparivano grandi le speranze che le applicazioni che ne sarebbero seguite avrebbero aperto nuove e pi\u00f9 sicure vie per la terapia di gravi malattie; vie che gi\u00e0 da anni si stanno cercando. Ma soprattutto fu scosso il mondo politico.<\/p>\n\n\n\n<p>Negli Stati Uniti in particolare, al Congresso, che gi\u00e0 da anni si opponeva a sostenere con fondi federali ricerche in cui venissero distrutti embrioni umani, risposero tra l&#8217;altro le forti pressioni del NIH (National Institutes of Health) per ottenere fondi almeno per utilizzare le cellule staminali prodotte da gruppi privati; e le raccomandazioni da parte del NBAC (National Bioethics Advisory Committee), istituito dal Governo Federale per lo studio del problema, affinch\u00e9 siano dati fondi pubblici non soltanto per la ricerca sulle cellule staminali embrionali, ma anche per la loro produzione; anzi si insiste che sia rescisso definitivamente il bando vigente per legge sull&#8217;uso di fondi federali per la ricerca su embrioni umani.<\/p>\n\n\n\n<p>Spinte nella stessa direzione si hanno anche in Inghilterra, Giappone, Australia<\/p>\n\n\n\n<p><strong>La clonazione terapeutica<\/strong><\/p>\n\n\n\n<p>Era apparso evidente che l&#8217;uso terapeutico delle ES, come tali, aveva dei rischi notevoli, essendo &#8211; come si era costatato nella sperimentazione sul topo &#8211; tumorigeniche. Sarebbe stato, quindi, necessario preparare linee specializzate di cellule differenziate a seconda della necessit\u00e0; e il tempo richiesto per ottenerle non appariva breve. Ma, anche se si fosse riusciti, sarebbe stato ben difficile essere certi dell&#8217;assoluta assenza di cellule staminali nell&#8217;inoculo o nell&#8217;impianto terapeutico, con i correlativi rischi; e, di pi\u00f9, si sarebbe dovuto ricorrere a ulteriori trattamenti per superare l&#8217;incompatibilit\u00e0 immunologica. Per queste ragioni furono proposte tre vie di &#8221; clonazione terapeutica &#8220;, atte a preparare cellule staminali embrionali umane pluripotenti con una ben definita informazione genetica, a cui far seguire poi la differenziazione desiderata.<\/p>\n\n\n\n<p><strong>1.<\/strong> Trasferimento di un nucleo di una cellula di un dato soggetto in un oocita umano enucleato, seguito da sviluppo embrionale fino allo stadio di blastociste e dalla utilizzazione delle cellule della massa interna (ICM) della stessa per ottenere le ES e, da queste, le cellule differenziate desiderate.<\/p>\n\n\n\n<p><strong>2.<\/strong> Trasferimento di un nucleo di una cellula di un dato soggetto in un oocita di altro animale. Un eventuale successo dovrebbe portare &#8211; si suppone &#8211; allo sviluppo di un embrione umano, da utilizzare come nel caso precedente.<\/p>\n\n\n\n<p><strong>3.<\/strong> Riprogrammazione del nucleo di una cellula (carioplasma) di un dato soggetto fondendolo con il citoplasma di una ES, ottenendo cos\u00ec un &#8221; cybrid &#8220;: possibilit\u00e0 ancora in studio. Ad ogni modo, anche questa via sembrerebbe esigere la previa preparazione di ES da embrioni umani.<\/p>\n\n\n\n<p>Allo stato attuale, la ricerca scientifica sta puntando preferibilmente sulla prima via, ma \u00e8 ovvio che, dal punto di vista morale, come vedremo, tutte e tre le soluzioni prospettate sono inaccettabili<\/p>\n\n\n\n<h4 class=\"wp-block-heading has-text-align-center\"><strong>Le cellule staminali adulte<\/strong><\/h4>\n\n\n\n<p>Dagli studi delle cellule staminali dell&#8217;adulto (ASC &#8211; Adult Stem Cells) nel trascorso trentennio era emerso chiaramente che in molti tessuti adulti sono presenti cellule staminali, ma capaci di dare origine solo a cellule proprie di un dato tessuto. Non si pensava, cio\u00e8, alla possibilit\u00e0 di una loro riprogrammazione. Negli anni pi\u00f9 recenti, invece, si scoprirono anche in vari tessuti umani cellule staminali pluripotenti &#8211; nel midollo osseo (HSCs), nel cervello (NSCs), nel mesenchima (MSCs) di vari organi e nel sangue del cordone ombelicale (PCB, placentalcord blood) &#8211; capaci cio\u00e8 di dare origine a pi\u00f9 tipi di cellule, in maggioranza ematiche, muscolari e nervose. Si \u00e8 visto come riconoscerle, come selezionarle, come sostenerle nello sviluppo e come condurle a formare diversi tipi di cellule mature mediante fattori di crescita e altre proteine regolatrici.<\/p>\n\n\n\n<p>Anzi un notevole cammino \u00e8 gi\u00e0 stato percorso in campo sperimentale, applicando anche i pi\u00f9 avanzati metodi di ingegneria genetica e biologia molecolare per l&#8217;analisi del programma genetico che opera nelle cellule staminali, e per la transduzione di geni desiderati in cellule staminali o progenitrici che, impiantate, sono capaci di restituire le funzioni specifiche a tessuti sofferenti. Basti accennare, sulla base di alcuni lavori citati in nota, che nell&#8217;uomo le cellule staminali del midollo osseo, da cui si formano tutte le diverse linee di cellule ematiche, hanno come marcatore di riconoscimento la molecola CD34; e che, purificate, sono capaci di ricostituire la intera popolazione ematica in pazienti che ricevono dosi ablative di radiazioni e di chemioterapia, e questo con velocit\u00e0 proporzionale alla quantit\u00e0 di cellule usate.<\/p>\n\n\n\n<p>Anzi, si hanno gi\u00e0 indizi sul come guidare lo sviluppo di cellule staminali nervose (NSCs) utilizzando diverse proteine &#8211; tra cui la neuroregulina e la proteina 2 osteomorfogena (BMP2, Bone Morphogenetic Protein 2) &#8211; che sono capaci di indirizzare le NSCs a diventare neuroni o glia (cellule neuronali di sostegno, produttrici di mielina) o anche a muscolo liscio. La soddisfazione, pur prudente, con cui si concludono molti dei lavori citati, \u00e8 un indice delle grandi promesse che le &#8221; cellule staminali adulte &#8221; riservano per una terapia efficace di tante patologie.<\/p>\n\n\n\n<p>Cos\u00ec, D. J. Watt e G. E. Jones affermano: &#8221; Le cellule staminali muscolari, sia della linea mioblastica embrionale che adulta, possono diventare cellule di maggior importanza per tessuti diversi da quello originario, ed essere la chiave di terapie future persino per malattie diverse da quelle di origine miogena &#8221; (p. 93); J. A. Nolta e D. B. Kohn sottolineano: &#8220;I progressi nell&#8217;uso della transduzione genica nelle cellule staminali ematopoietiche hanno dato inizio a sperimentazioni cliniche. Le informazioni, che se ne otterranno, guideranno futuri sviluppi. In definitiva, la geneterapia potr\u00e0 permettere di trattare malattie genetiche e acquisite senza le complicazioni dei trapianti di cellule allogeniche &#8221; (p. 460); e D. L. Clarke e J. Fris\u00e9n confermavano: &#8220;Questi studi suggeriscono che le cellule staminali nei differenti tessuti adulti possono essere molto pi\u00f9 simili di quanto finora pensato alle cellule embrionali umane, fino ad averne in alcuni casi un repertorio molto simile&#8221; (p. 1663) e &#8220;dimostrano che cellule nervose adulte hanno un&#8217;ampia capacit\u00e0 di sviluppo, e sono potenzialmente atte ad essere usate per produrre una variet\u00e0 di tipi cellulari per trapianto in malattie diverse &#8221; (p. 1660).<\/p>\n\n\n\n<p>Tutti questi progressi ed i risultati gi\u00e0 raggiunti nel campo delle cellule staminali dell&#8217;adulto (ASC) lasciano, dunque, intravedere non soltanto la loro grande plasticit\u00e0, ma anche la loro ampia possibilit\u00e0 di prestazioni, verosimilmente non diversa da quella delle cellule staminali embrionali (ES), dato che la plasticit\u00e0 dipende in gran parte da un controllo genetico, il quale potrebbe essere riprogrammato.<\/p>\n\n\n\n<p>Ovviamente, non \u00e8 ancora possibile porre a confronto i risultati terapeutici ottenuti e ottenibili utilizzando le cellule staminali embrionali e le cellule staminali adulte. Per le seconde sono gi\u00e0 in corso, da parte di varie ditte farmaceutiche, delle sperimentazioni cliniche che lasciano intravedere buoni successi e aprono serie speranze per un futuro pi\u00f9 o meno prossimo. Per le prime, anche se vari approcci sperimentali danno segnali positivi, la loro applicazione in campo clinico &#8211; proprio per i gravi problemi etici e legali connessi &#8211; richiede una seria riconsiderazione e un grande senso di responsabilit\u00e0 davanti alla dignit\u00e0 di ogni essere umano.<\/p>\n\n\n\n<h4 class=\"wp-block-heading has-text-align-center\"><strong>Problemi etici <\/strong><\/h4>\n\n\n\n<p>Data l&#8217;indole del documento, si formulano brevemente i problemi etici essenziali implicati da queste nuove tecnologie, indicandone la risposta che emerge da una attenta e profonda considerazione del soggetto umano dal momento del suo concepimento: considerazione che \u00e8 alla base della posizione affermata e proposta dal Magistero della Chiesa.<\/p>\n\n\n\n<p>Il primo problema etico, fondamentale, pu\u00f2 essere formulato cos\u00ec: \u00c8 moralmente lecito produrre eo utilizzare embrioni umani viventi per la preparazione di ES?<\/p>\n\n\n\n<p>La risposta \u00e8 negativa, per le seguenti ragioni:<\/p>\n\n\n\n<p><strong>1.<\/strong> Sulla base di una corretta e completa analisi biologica, l&#8217;embrione umano vivente \u00e8 &#8211; a partire dalla fusione dei gameti &#8211; un soggetto umano con una ben definita identit\u00e0, il quale incomincia da quel punto il suo proprio coordinato, continuo e graduale sviluppo, tale che in nessuno stadio ulteriore pu\u00f2 essere considerato come un semplice accumulo di cellule.<\/p>\n\n\n\n<p><strong>2.<\/strong> Ne segue che: come &#8221; individuo umano &#8221; ha diritto alla sua propria vita; e, perci\u00f2, ogni intervento che non sia a favore dello stesso embrione, si costituisce come atto lesivo di tale diritto. La teologia morale ha da sempre insegnato che nel caso dello &#8221; ius certum tertii &#8221; il sistema del probabilismo non \u00e8 applicabile.<\/p>\n\n\n\n<p><strong>3.<\/strong> Pertanto, l&#8217;ablazione della massa cellulare interna (ICM) della blastociste, che lede gravemente e irreparabilmente l&#8217;embrione umano, troncandone lo sviluppo, \u00e8 un atto gravemente immorale e, quindi, gravemente illecito.<\/p>\n\n\n\n<p><strong>4.<\/strong> Nessun fine ritenuto buono, quale l&#8217;utilizzazione delle cellule staminali che se ne potrebbero ottenere per la preparazione di altre cellule differenziate in vista di procedimenti terapeutici di grande aspettativa, pu\u00f2 giustificare tale intervento. Un fine buono non rende buona un&#8217;azione in se stessa cattiva.<\/p>\n\n\n\n<p><strong>5.<\/strong> Per un cattolico, tale posizione \u00e8 confermata dal Magistero esplicito della Chiesa che, nella Enciclica Evangelium vitae &#8211; riferendosi anche alla Istruzione Donum vitae della Congregazione per la Dottrina della Fede &#8211; afferma: &#8220;La Chiesa ha sempre insegnato, e tuttora insegna, che al frutto della generazione umana, dal primo momento della sua esistenza, va garantito il rispetto incondizionato che \u00e8 moralmente dovuto all&#8217;essere umano nella sua totalit\u00e0 e unit\u00e0 corporale e spirituale: &#8220;L&#8217;essere umano va rispettato e trattato come una persona fin dal suo concepimento e, pertanto, da quello stesso momento gli si devono riconoscere i diritti della persona, tra i quali anzitutto il diritto inviolabile di ogni essere umano innocente alla vita&#8221; (Donum vitae, I, 1)&#8221;.<\/p>\n\n\n\n<p>Il secondo problema etico pu\u00f2 essere formulato cos\u00ec: \u00c8 moralmente lecito eseguire la cosiddetta &#8220;clonazione terapeutica&#8221; attraverso la produzione di embrioni umani e la loro successiva distruzione per la produzione di ES?<\/p>\n\n\n\n<p>La risposta \u00e8 negativa, per la seguente ragione:<\/p>\n\n\n\n<p>Ogni tipo di clonazione terapeutica, che implichi necessariamente la produzione di embrioni umani e la susseguente distruzione degli embrioni prodotti, al fine di ottenerne cellule staminali, \u00e8 illecita; poich\u00e9 si ricade nel problema etico precedentemente esposto, il quale non pu\u00f2 avere che una risposta negativa.<\/p>\n\n\n\n<p>Il terzo problema etico pu\u00f2 essere formulato cos\u00ec: \u00c8 moralmente lecito utilizzare le ES, e le cellule differenziate da quelle ottenute, eventualmente fornite da altri ricercatori o reperibili in commercio? La risposta \u00e8 negativa, poich\u00e9:<\/p>\n\n\n\n<p>Al di l\u00e0 della condivisione, formale o meno, dell&#8217;intenzione moralmente illecita dell&#8217;agente principale, nel caso in esame c&#8217;\u00e8 una cooperazione materiale prossima nella produzione e\/o manipolazione di embrioni umani da parte del produttore o fornitore<\/p>\n\n\n\n<h4 class=\"wp-block-heading has-text-align-center\"><strong>Conclusione <\/strong><\/h4>\n\n\n\n<p>Appare, dunque, evidente la seriet\u00e0 e la gravit\u00e0 del problema etico aperto dalla volont\u00e0 di estendere al campo umano la produzione e\/o l&#8217;uso di embrioni umani anche in una prospettiva umanitaria.<\/p>\n\n\n\n<p>Il dato, ormai accertato, della possibilit\u00e0 di utilizzare cellule staminali adulte per raggiungere le stesse finalit\u00e0 che si intenderebbe ottenere con le cellule staminali embrionali &#8211; anche se si richiedono molti ulteriori passi prima di vederne risultati chiari e definitivi &#8211; indica questa come la via pi\u00f9 ragionevole e umana da percorrere per un corretto e valido progresso in questo nuovo campo che si apre alla ricerca e a promettenti applicazioni terapeutiche. Queste rappresentano, senza dubbio, una sorgente di grande speranza per una notevole parte di persone sofferenti.<\/p>\n\n\n\n<p class=\"has-text-align-right\">Pontificia Academia pro Vita, Citt\u00e0 del Vaticano, 25 Agosto 2000.<\/p>\n\n\n\n<p class=\"has-text-align-right\">Il Presidente<\/p>\n\n\n\n<p class=\"has-text-align-right\"><em><strong>Juan de Dios Vial Correa<\/strong><\/em><\/p>\n\n\n\n<p class=\"has-text-align-right\">Il Vice Presidente<\/p>\n\n\n\n<p class=\"has-text-align-right\"><em>Mons.<strong> Elio Sgreccia<\/strong><\/em><\/p>\n","protected":false},"excerpt":{"rendered":"<p>Osservatore Romano Pontificia Accademia per la Vita Dichiarazione sulla produzione e sull&#8217;uso scientifico e terapeutico<\/p><p><a class=\"more-link btn\" href=\"https:\/\/www.rassegnastampa-totustuus.it\/cattolica\/uso-delle-cellule-staminali-embrionali-umane\/\">Continua a leggere<\/a><\/p>\n","protected":false},"author":6,"featured_media":34340,"comment_status":"closed","ping_status":"open","sticky":false,"template":"","format":"standard","meta":{"footnotes":""},"categories":[4],"tags":[524],"class_list":["post-147","post","type-post","status-publish","format-standard","has-post-thumbnail","hentry","category-bioetica","tag-staminali","item-wrap"],"yoast_head":"<!-- This site is optimized with the Yoast SEO plugin v27.5 - https:\/\/yoast.com\/product\/yoast-seo-wordpress\/ -->\n<title>Uso delle cellule staminali embrionali umane - Rassegna Stampa Cattolica<\/title>\n<meta name=\"description\" content=\"Uso delle cellule staminali embrionali umane; Pontificia Accademia per la Vita Dichiarazione sulla produzione e sull&#039;uso scientifico.\" \/>\n<meta name=\"robots\" content=\"index, follow, max-snippet:-1, max-image-preview:large, max-video-preview:-1\" \/>\n<link rel=\"canonical\" href=\"https:\/\/www.rassegnastampa-totustuus.it\/cattolica\/uso-delle-cellule-staminali-embrionali-umane\/\" \/>\n<meta property=\"og:locale\" content=\"it_IT\" \/>\n<meta property=\"og:type\" content=\"article\" \/>\n<meta property=\"og:title\" content=\"Uso delle cellule staminali embrionali umane - Rassegna Stampa Cattolica\" \/>\n<meta property=\"og:description\" content=\"Uso delle cellule staminali embrionali umane; Pontificia Accademia per la Vita Dichiarazione sulla produzione e sull&#039;uso scientifico.\" \/>\n<meta property=\"og:url\" content=\"https:\/\/www.rassegnastampa-totustuus.it\/cattolica\/uso-delle-cellule-staminali-embrionali-umane\/\" \/>\n<meta property=\"og:site_name\" content=\"Rassegna Stampa Cattolica\" \/>\n<meta property=\"article:publisher\" content=\"https:\/\/www.facebook.com\/rassegnastampacattolica\" \/>\n<meta property=\"article:published_time\" content=\"2004-11-15T12:27:20+00:00\" \/>\n<meta property=\"article:modified_time\" content=\"2025-07-02T14:15:17+00:00\" \/>\n<meta property=\"og:image\" content=\"https:\/\/www.rassegnastampa-totustuus.it\/cattolica\/wp-content\/uploads\/2004\/11\/staminali.jpg\" \/>\n\t<meta property=\"og:image:width\" content=\"259\" \/>\n\t<meta property=\"og:image:height\" content=\"194\" \/>\n\t<meta property=\"og:image:type\" content=\"image\/jpeg\" \/>\n<meta name=\"author\" content=\"Redazione\" \/>\n<meta name=\"twitter:card\" content=\"summary_large_image\" \/>\n<meta name=\"twitter:creator\" content=\"@rassegnastampa9\" \/>\n<meta name=\"twitter:site\" content=\"@rassegnastampa9\" \/>\n<meta name=\"twitter:label1\" content=\"Scritto da\" \/>\n\t<meta name=\"twitter:data1\" content=\"Redazione\" \/>\n\t<meta name=\"twitter:label2\" content=\"Tempo di lettura stimato\" \/>\n\t<meta name=\"twitter:data2\" content=\"13 minuti\" \/>\n<script type=\"application\/ld+json\" class=\"yoast-schema-graph\">{\"@context\":\"https:\\\/\\\/schema.org\",\"@graph\":[{\"@type\":\"Article\",\"@id\":\"https:\\\/\\\/www.rassegnastampa-totustuus.it\\\/cattolica\\\/uso-delle-cellule-staminali-embrionali-umane\\\/#article\",\"isPartOf\":{\"@id\":\"https:\\\/\\\/www.rassegnastampa-totustuus.it\\\/cattolica\\\/uso-delle-cellule-staminali-embrionali-umane\\\/\"},\"author\":{\"name\":\"Redazione\",\"@id\":\"https:\\\/\\\/www.rassegnastampa-totustuus.it\\\/cattolica\\\/#\\\/schema\\\/person\\\/08f319d2bd1a0904ad9e2bfb7b15e5c3\"},\"headline\":\"Uso delle cellule staminali embrionali umane\",\"datePublished\":\"2004-11-15T12:27:20+00:00\",\"dateModified\":\"2025-07-02T14:15:17+00:00\",\"mainEntityOfPage\":{\"@id\":\"https:\\\/\\\/www.rassegnastampa-totustuus.it\\\/cattolica\\\/uso-delle-cellule-staminali-embrionali-umane\\\/\"},\"wordCount\":2325,\"publisher\":{\"@id\":\"https:\\\/\\\/www.rassegnastampa-totustuus.it\\\/cattolica\\\/#organization\"},\"image\":{\"@id\":\"https:\\\/\\\/www.rassegnastampa-totustuus.it\\\/cattolica\\\/uso-delle-cellule-staminali-embrionali-umane\\\/#primaryimage\"},\"thumbnailUrl\":\"https:\\\/\\\/www.rassegnastampa-totustuus.it\\\/cattolica\\\/wp-content\\\/uploads\\\/2004\\\/11\\\/staminali.jpg\",\"keywords\":[\"staminali\"],\"articleSection\":[\"Bioetica\"],\"inLanguage\":\"it-IT\"},{\"@type\":\"WebPage\",\"@id\":\"https:\\\/\\\/www.rassegnastampa-totustuus.it\\\/cattolica\\\/uso-delle-cellule-staminali-embrionali-umane\\\/\",\"url\":\"https:\\\/\\\/www.rassegnastampa-totustuus.it\\\/cattolica\\\/uso-delle-cellule-staminali-embrionali-umane\\\/\",\"name\":\"Uso delle cellule staminali embrionali umane - Rassegna Stampa Cattolica\",\"isPartOf\":{\"@id\":\"https:\\\/\\\/www.rassegnastampa-totustuus.it\\\/cattolica\\\/#website\"},\"primaryImageOfPage\":{\"@id\":\"https:\\\/\\\/www.rassegnastampa-totustuus.it\\\/cattolica\\\/uso-delle-cellule-staminali-embrionali-umane\\\/#primaryimage\"},\"image\":{\"@id\":\"https:\\\/\\\/www.rassegnastampa-totustuus.it\\\/cattolica\\\/uso-delle-cellule-staminali-embrionali-umane\\\/#primaryimage\"},\"thumbnailUrl\":\"https:\\\/\\\/www.rassegnastampa-totustuus.it\\\/cattolica\\\/wp-content\\\/uploads\\\/2004\\\/11\\\/staminali.jpg\",\"datePublished\":\"2004-11-15T12:27:20+00:00\",\"dateModified\":\"2025-07-02T14:15:17+00:00\",\"description\":\"Uso delle cellule staminali embrionali umane; Pontificia Accademia per la Vita Dichiarazione sulla produzione e sull'uso scientifico.\",\"breadcrumb\":{\"@id\":\"https:\\\/\\\/www.rassegnastampa-totustuus.it\\\/cattolica\\\/uso-delle-cellule-staminali-embrionali-umane\\\/#breadcrumb\"},\"inLanguage\":\"it-IT\",\"potentialAction\":[{\"@type\":\"ReadAction\",\"target\":[\"https:\\\/\\\/www.rassegnastampa-totustuus.it\\\/cattolica\\\/uso-delle-cellule-staminali-embrionali-umane\\\/\"]}]},{\"@type\":\"ImageObject\",\"inLanguage\":\"it-IT\",\"@id\":\"https:\\\/\\\/www.rassegnastampa-totustuus.it\\\/cattolica\\\/uso-delle-cellule-staminali-embrionali-umane\\\/#primaryimage\",\"url\":\"https:\\\/\\\/www.rassegnastampa-totustuus.it\\\/cattolica\\\/wp-content\\\/uploads\\\/2004\\\/11\\\/staminali.jpg\",\"contentUrl\":\"https:\\\/\\\/www.rassegnastampa-totustuus.it\\\/cattolica\\\/wp-content\\\/uploads\\\/2004\\\/11\\\/staminali.jpg\",\"width\":259,\"height\":194},{\"@type\":\"BreadcrumbList\",\"@id\":\"https:\\\/\\\/www.rassegnastampa-totustuus.it\\\/cattolica\\\/uso-delle-cellule-staminali-embrionali-umane\\\/#breadcrumb\",\"itemListElement\":[{\"@type\":\"ListItem\",\"position\":1,\"name\":\"Home\",\"item\":\"https:\\\/\\\/www.rassegnastampa-totustuus.it\\\/cattolica\\\/\"},{\"@type\":\"ListItem\",\"position\":2,\"name\":\"Uso delle cellule staminali embrionali umane\"}]},{\"@type\":\"WebSite\",\"@id\":\"https:\\\/\\\/www.rassegnastampa-totustuus.it\\\/cattolica\\\/#website\",\"url\":\"https:\\\/\\\/www.rassegnastampa-totustuus.it\\\/cattolica\\\/\",\"name\":\"Rassegna Stampa Cattolica\",\"description\":\"Per una cultura che nasce dalla Rivelazione cristiana in conformit\u00e0 alla tradizione e al Magistero della Chiesa in opposizione ad ogni relativismo e totalitarismo\",\"publisher\":{\"@id\":\"https:\\\/\\\/www.rassegnastampa-totustuus.it\\\/cattolica\\\/#organization\"},\"alternateName\":\"Rass. Cattolica\",\"potentialAction\":[{\"@type\":\"SearchAction\",\"target\":{\"@type\":\"EntryPoint\",\"urlTemplate\":\"https:\\\/\\\/www.rassegnastampa-totustuus.it\\\/cattolica\\\/?s={search_term_string}\"},\"query-input\":{\"@type\":\"PropertyValueSpecification\",\"valueRequired\":true,\"valueName\":\"search_term_string\"}}],\"inLanguage\":\"it-IT\"},{\"@type\":\"Organization\",\"@id\":\"https:\\\/\\\/www.rassegnastampa-totustuus.it\\\/cattolica\\\/#organization\",\"name\":\"Rassegna Stampa Cattolica\",\"url\":\"https:\\\/\\\/www.rassegnastampa-totustuus.it\\\/cattolica\\\/\",\"logo\":{\"@type\":\"ImageObject\",\"inLanguage\":\"it-IT\",\"@id\":\"https:\\\/\\\/www.rassegnastampa-totustuus.it\\\/cattolica\\\/#\\\/schema\\\/logo\\\/image\\\/\",\"url\":\"https:\\\/\\\/www.rassegnastampa-totustuus.it\\\/cattolica\\\/wp-content\\\/uploads\\\/2014\\\/04\\\/logo-rassegna1.gif\",\"contentUrl\":\"https:\\\/\\\/www.rassegnastampa-totustuus.it\\\/cattolica\\\/wp-content\\\/uploads\\\/2014\\\/04\\\/logo-rassegna1.gif\",\"width\":600,\"height\":163,\"caption\":\"Rassegna Stampa Cattolica\"},\"image\":{\"@id\":\"https:\\\/\\\/www.rassegnastampa-totustuus.it\\\/cattolica\\\/#\\\/schema\\\/logo\\\/image\\\/\"},\"sameAs\":[\"https:\\\/\\\/www.facebook.com\\\/rassegnastampacattolica\",\"https:\\\/\\\/x.com\\\/rassegnastampa9\"]},{\"@type\":\"Person\",\"@id\":\"https:\\\/\\\/www.rassegnastampa-totustuus.it\\\/cattolica\\\/#\\\/schema\\\/person\\\/08f319d2bd1a0904ad9e2bfb7b15e5c3\",\"name\":\"Redazione\",\"image\":{\"@type\":\"ImageObject\",\"inLanguage\":\"it-IT\",\"@id\":\"https:\\\/\\\/secure.gravatar.com\\\/avatar\\\/2fcdf27c78ea025fbdb44e914cc63c72249ffec9dc8aafd5c82b26240ef3f346?s=96&d=mm&r=g\",\"url\":\"https:\\\/\\\/secure.gravatar.com\\\/avatar\\\/2fcdf27c78ea025fbdb44e914cc63c72249ffec9dc8aafd5c82b26240ef3f346?s=96&d=mm&r=g\",\"contentUrl\":\"https:\\\/\\\/secure.gravatar.com\\\/avatar\\\/2fcdf27c78ea025fbdb44e914cc63c72249ffec9dc8aafd5c82b26240ef3f346?s=96&d=mm&r=g\",\"caption\":\"Redazione\"},\"url\":\"https:\\\/\\\/www.rassegnastampa-totustuus.it\\\/cattolica\\\/author\\\/pietroelle\\\/\"}]}<\/script>\n<!-- \/ Yoast SEO plugin. -->","yoast_head_json":{"title":"Uso delle cellule staminali embrionali umane - Rassegna Stampa Cattolica","description":"Uso delle cellule staminali embrionali umane; Pontificia Accademia per la Vita Dichiarazione sulla produzione e sull'uso scientifico.","robots":{"index":"index","follow":"follow","max-snippet":"max-snippet:-1","max-image-preview":"max-image-preview:large","max-video-preview":"max-video-preview:-1"},"canonical":"https:\/\/www.rassegnastampa-totustuus.it\/cattolica\/uso-delle-cellule-staminali-embrionali-umane\/","og_locale":"it_IT","og_type":"article","og_title":"Uso delle cellule staminali embrionali umane - Rassegna Stampa Cattolica","og_description":"Uso delle cellule staminali embrionali umane; Pontificia Accademia per la Vita Dichiarazione sulla produzione e sull'uso scientifico.","og_url":"https:\/\/www.rassegnastampa-totustuus.it\/cattolica\/uso-delle-cellule-staminali-embrionali-umane\/","og_site_name":"Rassegna Stampa Cattolica","article_publisher":"https:\/\/www.facebook.com\/rassegnastampacattolica","article_published_time":"2004-11-15T12:27:20+00:00","article_modified_time":"2025-07-02T14:15:17+00:00","og_image":[{"width":259,"height":194,"url":"https:\/\/www.rassegnastampa-totustuus.it\/cattolica\/wp-content\/uploads\/2004\/11\/staminali.jpg","type":"image\/jpeg"}],"author":"Redazione","twitter_card":"summary_large_image","twitter_creator":"@rassegnastampa9","twitter_site":"@rassegnastampa9","twitter_misc":{"Scritto da":"Redazione","Tempo di lettura stimato":"13 minuti"},"schema":{"@context":"https:\/\/schema.org","@graph":[{"@type":"Article","@id":"https:\/\/www.rassegnastampa-totustuus.it\/cattolica\/uso-delle-cellule-staminali-embrionali-umane\/#article","isPartOf":{"@id":"https:\/\/www.rassegnastampa-totustuus.it\/cattolica\/uso-delle-cellule-staminali-embrionali-umane\/"},"author":{"name":"Redazione","@id":"https:\/\/www.rassegnastampa-totustuus.it\/cattolica\/#\/schema\/person\/08f319d2bd1a0904ad9e2bfb7b15e5c3"},"headline":"Uso delle cellule staminali embrionali umane","datePublished":"2004-11-15T12:27:20+00:00","dateModified":"2025-07-02T14:15:17+00:00","mainEntityOfPage":{"@id":"https:\/\/www.rassegnastampa-totustuus.it\/cattolica\/uso-delle-cellule-staminali-embrionali-umane\/"},"wordCount":2325,"publisher":{"@id":"https:\/\/www.rassegnastampa-totustuus.it\/cattolica\/#organization"},"image":{"@id":"https:\/\/www.rassegnastampa-totustuus.it\/cattolica\/uso-delle-cellule-staminali-embrionali-umane\/#primaryimage"},"thumbnailUrl":"https:\/\/www.rassegnastampa-totustuus.it\/cattolica\/wp-content\/uploads\/2004\/11\/staminali.jpg","keywords":["staminali"],"articleSection":["Bioetica"],"inLanguage":"it-IT"},{"@type":"WebPage","@id":"https:\/\/www.rassegnastampa-totustuus.it\/cattolica\/uso-delle-cellule-staminali-embrionali-umane\/","url":"https:\/\/www.rassegnastampa-totustuus.it\/cattolica\/uso-delle-cellule-staminali-embrionali-umane\/","name":"Uso delle cellule staminali embrionali umane - Rassegna Stampa Cattolica","isPartOf":{"@id":"https:\/\/www.rassegnastampa-totustuus.it\/cattolica\/#website"},"primaryImageOfPage":{"@id":"https:\/\/www.rassegnastampa-totustuus.it\/cattolica\/uso-delle-cellule-staminali-embrionali-umane\/#primaryimage"},"image":{"@id":"https:\/\/www.rassegnastampa-totustuus.it\/cattolica\/uso-delle-cellule-staminali-embrionali-umane\/#primaryimage"},"thumbnailUrl":"https:\/\/www.rassegnastampa-totustuus.it\/cattolica\/wp-content\/uploads\/2004\/11\/staminali.jpg","datePublished":"2004-11-15T12:27:20+00:00","dateModified":"2025-07-02T14:15:17+00:00","description":"Uso delle cellule staminali embrionali umane; Pontificia Accademia per la Vita Dichiarazione sulla produzione e sull'uso scientifico.","breadcrumb":{"@id":"https:\/\/www.rassegnastampa-totustuus.it\/cattolica\/uso-delle-cellule-staminali-embrionali-umane\/#breadcrumb"},"inLanguage":"it-IT","potentialAction":[{"@type":"ReadAction","target":["https:\/\/www.rassegnastampa-totustuus.it\/cattolica\/uso-delle-cellule-staminali-embrionali-umane\/"]}]},{"@type":"ImageObject","inLanguage":"it-IT","@id":"https:\/\/www.rassegnastampa-totustuus.it\/cattolica\/uso-delle-cellule-staminali-embrionali-umane\/#primaryimage","url":"https:\/\/www.rassegnastampa-totustuus.it\/cattolica\/wp-content\/uploads\/2004\/11\/staminali.jpg","contentUrl":"https:\/\/www.rassegnastampa-totustuus.it\/cattolica\/wp-content\/uploads\/2004\/11\/staminali.jpg","width":259,"height":194},{"@type":"BreadcrumbList","@id":"https:\/\/www.rassegnastampa-totustuus.it\/cattolica\/uso-delle-cellule-staminali-embrionali-umane\/#breadcrumb","itemListElement":[{"@type":"ListItem","position":1,"name":"Home","item":"https:\/\/www.rassegnastampa-totustuus.it\/cattolica\/"},{"@type":"ListItem","position":2,"name":"Uso delle cellule staminali embrionali umane"}]},{"@type":"WebSite","@id":"https:\/\/www.rassegnastampa-totustuus.it\/cattolica\/#website","url":"https:\/\/www.rassegnastampa-totustuus.it\/cattolica\/","name":"Rassegna Stampa Cattolica","description":"Per una cultura che nasce dalla Rivelazione cristiana in conformit\u00e0 alla tradizione e al Magistero della Chiesa in opposizione ad ogni relativismo e totalitarismo","publisher":{"@id":"https:\/\/www.rassegnastampa-totustuus.it\/cattolica\/#organization"},"alternateName":"Rass. Cattolica","potentialAction":[{"@type":"SearchAction","target":{"@type":"EntryPoint","urlTemplate":"https:\/\/www.rassegnastampa-totustuus.it\/cattolica\/?s={search_term_string}"},"query-input":{"@type":"PropertyValueSpecification","valueRequired":true,"valueName":"search_term_string"}}],"inLanguage":"it-IT"},{"@type":"Organization","@id":"https:\/\/www.rassegnastampa-totustuus.it\/cattolica\/#organization","name":"Rassegna Stampa Cattolica","url":"https:\/\/www.rassegnastampa-totustuus.it\/cattolica\/","logo":{"@type":"ImageObject","inLanguage":"it-IT","@id":"https:\/\/www.rassegnastampa-totustuus.it\/cattolica\/#\/schema\/logo\/image\/","url":"https:\/\/www.rassegnastampa-totustuus.it\/cattolica\/wp-content\/uploads\/2014\/04\/logo-rassegna1.gif","contentUrl":"https:\/\/www.rassegnastampa-totustuus.it\/cattolica\/wp-content\/uploads\/2014\/04\/logo-rassegna1.gif","width":600,"height":163,"caption":"Rassegna Stampa Cattolica"},"image":{"@id":"https:\/\/www.rassegnastampa-totustuus.it\/cattolica\/#\/schema\/logo\/image\/"},"sameAs":["https:\/\/www.facebook.com\/rassegnastampacattolica","https:\/\/x.com\/rassegnastampa9"]},{"@type":"Person","@id":"https:\/\/www.rassegnastampa-totustuus.it\/cattolica\/#\/schema\/person\/08f319d2bd1a0904ad9e2bfb7b15e5c3","name":"Redazione","image":{"@type":"ImageObject","inLanguage":"it-IT","@id":"https:\/\/secure.gravatar.com\/avatar\/2fcdf27c78ea025fbdb44e914cc63c72249ffec9dc8aafd5c82b26240ef3f346?s=96&d=mm&r=g","url":"https:\/\/secure.gravatar.com\/avatar\/2fcdf27c78ea025fbdb44e914cc63c72249ffec9dc8aafd5c82b26240ef3f346?s=96&d=mm&r=g","contentUrl":"https:\/\/secure.gravatar.com\/avatar\/2fcdf27c78ea025fbdb44e914cc63c72249ffec9dc8aafd5c82b26240ef3f346?s=96&d=mm&r=g","caption":"Redazione"},"url":"https:\/\/www.rassegnastampa-totustuus.it\/cattolica\/author\/pietroelle\/"}]}},"_links":{"self":[{"href":"https:\/\/www.rassegnastampa-totustuus.it\/cattolica\/wp-json\/wp\/v2\/posts\/147","targetHints":{"allow":["GET"]}}],"collection":[{"href":"https:\/\/www.rassegnastampa-totustuus.it\/cattolica\/wp-json\/wp\/v2\/posts"}],"about":[{"href":"https:\/\/www.rassegnastampa-totustuus.it\/cattolica\/wp-json\/wp\/v2\/types\/post"}],"author":[{"embeddable":true,"href":"https:\/\/www.rassegnastampa-totustuus.it\/cattolica\/wp-json\/wp\/v2\/users\/6"}],"replies":[{"embeddable":true,"href":"https:\/\/www.rassegnastampa-totustuus.it\/cattolica\/wp-json\/wp\/v2\/comments?post=147"}],"version-history":[{"count":3,"href":"https:\/\/www.rassegnastampa-totustuus.it\/cattolica\/wp-json\/wp\/v2\/posts\/147\/revisions"}],"predecessor-version":[{"id":62822,"href":"https:\/\/www.rassegnastampa-totustuus.it\/cattolica\/wp-json\/wp\/v2\/posts\/147\/revisions\/62822"}],"wp:featuredmedia":[{"embeddable":true,"href":"https:\/\/www.rassegnastampa-totustuus.it\/cattolica\/wp-json\/wp\/v2\/media\/34340"}],"wp:attachment":[{"href":"https:\/\/www.rassegnastampa-totustuus.it\/cattolica\/wp-json\/wp\/v2\/media?parent=147"}],"wp:term":[{"taxonomy":"category","embeddable":true,"href":"https:\/\/www.rassegnastampa-totustuus.it\/cattolica\/wp-json\/wp\/v2\/categories?post=147"},{"taxonomy":"post_tag","embeddable":true,"href":"https:\/\/www.rassegnastampa-totustuus.it\/cattolica\/wp-json\/wp\/v2\/tags?post=147"}],"curies":[{"name":"wp","href":"https:\/\/api.w.org\/{rel}","templated":true}]}}