{"id":1469,"date":"2005-09-22T17:06:56","date_gmt":"2005-09-22T15:06:56","guid":{"rendered":""},"modified":"2018-08-21T12:53:47","modified_gmt":"2018-08-21T10:53:47","slug":"linsorgenza-italiana-il-suo-significato-la-sua-modernit","status":"publish","type":"post","link":"https:\/\/www.rassegnastampa-totustuus.it\/cattolica\/linsorgenza-italiana-il-suo-significato-la-sua-modernit\/","title":{"rendered":"L\u2019Insorgenza italiana, il suo significato, la sua &laquo;modernit&agrave;&raquo;"},"content":{"rendered":"<p style=\"text-align: center;\"><strong><a href=\"https:\/\/www.rassegnastampa-totustuus.it\/cattolica\/wp-content\/uploads\/2005\/09\/insorgenza.jpg\"><img loading=\"lazy\" decoding=\"async\" class=\"alignleft wp-image-30733\" src=\"https:\/\/www.rassegnastampa-totustuus.it\/cattolica\/wp-content\/uploads\/2005\/09\/insorgenza.jpg\" alt=\"insorgenza\" width=\"250\" height=\"182\" \/><\/a>ISTITUTO PER LA STORIA DELLE INSORGENZE<\/strong><\/p>\n<p>L\u2019Insorgenza rappresenta la risposta &#8211; almeno quella iniziale &#8211; degli italiani alla crisi prodotta dal tipo di cambiamento introdotto dalla prima e rude esperienza di modernit\u00e0 politica sofferta, e funge in un certo senso da \u00abcartina al tornasole\u00bb della tesi della pre-esistenza, con caratteri del tutto peculiari, della nazione italiana al processo della sua unificazione. Infatti, quando un organismo reagisce di fronte a germi patogeni nuovi e potenti, ci\u00f2 significa che l\u2019organismo esiste ed \u00e8 vivo e vitale. Fuori di metafora, davanti ai primi segni della Rivoluzione che viene dalla Francia gli italiani reagiscono.<\/p>\n<p><!--more--><\/p>\n<p style=\"text-align: justify;\">Reagiscono quando le armate francesi repubblicane invadono le contrade della Penisola e impongono la traduzione in pratica, politico-militare, del trinomio rivoluzionario \u00abLibert\u00e8, Egalit\u00e8, Fraternit\u00e8\u00bb. Reagiscono di fronte all\u2019intento ultimo &#8211; e di qui si dipana quel \u00abfilo rosso\u00bb che lega tra di loro i vari eventi del processo risorgimentale che culminer\u00e0 con la Breccia di Porta Pia &#8211; di \u00ab[&#8230;] rigenerare l\u2019Italia [ed] estinguere la fiaccola del fanatismo in Italia, distruggendo il centro dell\u2019unit\u00e0 romana\u00bb, come si esprimer\u00e0 il Direttorio in una lettera a Napoleone Bonaparte del 1797.<\/p>\n<p style=\"text-align: justify;\">Reagiscono allorch\u00e9 comprendono che la \u00abrigenerazione\u00bb, imposta dal nuovo dominatore, comporta in primo luogo l\u2019attacco e la dissoluzione in breve tempo di assetti sociali ed economici, il mutamento di regole e di costumi profondamente consoni all\u2019indole del popolo italiano, il tramonto di realt\u00e0 religiose e civili plurisecolari, cui gli italiani erano materialmente e psicologicamente attaccati.<\/p>\n<p style=\"text-align: justify;\">Reagiscono di fronte alla realt\u00e0, inaspettata e sconvolgente, di una conquista militare violenta, rapace e venata di empiet\u00e0. Reagiscono assistendo alla \u00abmessa in liquidazione\u00bb di antiche classi dirigenti e di dinastie sovrane e della loro sostituzione con i parvenu borghesi e con gli esponenti del servile utopismo politico \u00abgiacobino\u00bb.<\/p>\n<p style=\"text-align: justify;\">Ed \u00e8 una reazione violenta, che si sprigiona immediatamente e reiteratamente, e della quale sono protagoniste soprattutto quelle componenti del corpo sociale che pi\u00f9 erano rimaste immuni dall\u2019infiltrazione dei \u00ablumi\u00bb nel corso del secolo, e che pi\u00f9 risentivano dello smantellamento dell\u2019edificio della societ\u00e0 tradizionale con tutti i suoi \u00abammortizzatori sociali\u00bb, ossia le classi popolari.<\/p>\n<p style=\"text-align: justify;\">Cos\u00ec, tra il 1796 e il 1799, sconfitto l\u2019esercito sardo, le scarse truppe dei principi italiani non frappongono ostacolo all\u2019avanzata delle armate francesi, anzi si lasciano disarmare con facilit\u00e0 e prontezza, mentre la nobilt\u00e0, l\u2019alto clero, le autorit\u00e0 dei municipi italiani aderiscono con entusiasmo al regime nascente oppure cercano il compromesso a ogni costo con esso e accettano miopemente di \u00abcedere per non perdere\u00bb: talora cercano di cogliere, come i manzoniani polli di Renzo, l\u2019occasione per liquidare antiche rivalit\u00e0 con i municipi vicini.<\/p>\n<p style=\"text-align: justify;\">Le popolazioni italiane, nelle campagne e nelle citt\u00e0, viceversa, si ribellano ovunque al nuovo stato di cose e insorgono spontaneamente in armi contro i nuovi dominatori e contro gli esponenti della minoranza che li ha accolti come liberatori. Contadini e coloni, braccianti rurali, barcaioli, artigiani e operai, militi civici, addetti a mestieri che oggi non esistono pi\u00f9 &#8211; cavallanti, mulattieri, valletti e tanti altri -: tutto un universo sociale si scaglia spontaneamente e talora ciecamente contro i cannoni e la cavalleria di un esercito moderno e rivoluzionario e d\u00e0 prova di un eroismo &#8211; in talune occasioni disperato, come fu per la plebe napoletana &#8211; imprevisto.<\/p>\n<p style=\"text-align: justify;\">Napoleone Bonaparte nella sua corrispondenza pi\u00f9 volte confessa di temere, pi\u00f9 che gli austriaci o gli inglesi, di trovarsi di fronte nell\u2019Italia Settentrionale a un\u2019insorgenza generalizzata, a una nuova, ben pi\u00f9 vasta \u00abVandea\u00bb.<\/p>\n<p style=\"text-align: justify;\">L\u2019Insorgenza &#8211; che si era gi\u00e0 manifestata tra i montanari piemontesi e liguri durante la guerra \u00abdelle Alpi\u00bb, tra Regno sardo e francesi negli anni dal 1792 al 1796 &#8211; esplode fin dai primi mesi del 1796: a Milano, a Pavia &#8211; che viene bombardata e saccheggiata -, Como, Varese, in Valle Scrivia, nella Garfagnana, a Lugo di Romagna. L\u2019anno seguente \u00e8 la volta del Montefeltro e delle Marche; poi delle valli bergamasche e bresciane, fino alla riviera occidentale del lago di Garda; a Verona, nell\u2019aprile, il popolo si solleva e d\u00e0 vita alle cosiddette \u00abPasque Veronesi\u00bb.<\/p>\n<p style=\"text-align: justify;\">Nel 1798, insorgono la Liguria orientale e la Valtellina, mentre, di fronte all\u2019invasione completa degli Stati pontifici da parte dei francesi, si ribellano ancora le Marche, poi l\u2019Umbria e il Lazio, fino ai confini con il Regno di Napoli. Gi\u00e0 dal dicembre del 1798 e, poi, per tutto il 1799, quando il Regno borbonico cade anch\u2019esso sotto il dominio francese, tutto l\u2019Abruzzo \u00e8 in fiamme; poi \u00e8 la volta di Napoli, che viene difesa strenuamente dai popolani contro l\u2019irruzione dei francesi.<\/p>\n<p style=\"text-align: justify;\">La riconquista del Regno di Napoli a partire dalla Calabria ad opera dell\u2019Esercito della Santa Fede, guidato dal cardinale Fabrizio Ruffo di Bagnara, nel 1799 coinvolge nell\u2019insurrezione l\u2019intera Italia Meridionale. L\u2019insorgenza popolare riesce temporaneamente a prevalere e a ricacciare i francesi oltralpe al momento della cosiddetta reazione austro-russa del 1799-1800. Sotto la spinta delle sconfitte dei generali francesi &#8211; mentre Napoleone Bonaparte si trova in Egitto -, l\u2019Insorgenza si riaccende nei luoghi dove gi\u00e0 si era manifestata nei primi mesi dell\u2019occupazione, ad esempio in Piemonte, dove si costituisce una numerosa \u00abMassa Cristiana\u00bb, alla cui testa si pone l\u2019enigmatica figura dell\u2019ufficiale italiano al servizio degli imperiali Branda De\u2019 Lucioni, e che da sola assedia e poi libera Torino a fianco degli austriaci del generale Alexsandr Vasilievic Suvarov.<\/p>\n<p style=\"text-align: justify;\">Nel 1799, insorge anche Arezzo, le cui milizie popolari, \u00abl\u2019inclita armata aretina\u00bb, al grido di \u00abViva Maria!\u00bb, giungeranno a liberare gradualmente tutta la Toscana &#8211; entrando in Firenze il 7 luglio &#8211; senza l\u2019aiuto austriaco, dando vita a un governo provvisorio che si manterr\u00e0 fino ai primi mesi del 1800.<\/p>\n<p style=\"text-align: justify;\">Il ritorno impetuoso dei francesi dopo la battaglia di Marengo e il relativo radicamento del regime napoleonico negli anni 1800-1814, pur creando un contesto operativamente pi\u00f9 difficile, non disarmano la reazione popolare. Fenomeni nuovi come la leva obbligatoria e la maggiore ingerenza burocratica e fiscale del nuovo stato nella vita sociale, cos\u00ec come le mutevoli sorti della guerra europea, portano in diverse zone a nuove pi\u00f9 vaste insurrezioni negli anni 1805 &#8211; l\u2019Appennino emiliano -, 1806 &#8211; il Meridione e, soprattutto, le Calabrie -, 1809 &#8211; le Romagne e in grande stile il Trentino-Tirolo -, fino alla decomposizione dei regni napoleonici nel 1814-1815.<\/p>\n<p style=\"text-align: justify;\">Solo la mancanza di una \u00e9lite dirigente all\u2019altezza della situazione, la natura del territorio, la frammentazione delle sovranit\u00e0, l\u2019inquinamento dovuto alle rivalit\u00e0 campanilistiche, l\u2019esiguit\u00e0 dei mezzi disponibili, l\u2019opportunismo dei suoi teorici alleati impedirono all\u2019Insorgenza italiana di vincere e di ricacciare l\u2019invasore al di l\u00e0 delle Alpi. La partecipazione popolare alle insurrezioni e alla guerriglia &#8211; un termine (guerrilla) che nasce proprio in Spagna negli anni 1808-1813 della grande insorgenza popolare anti-napoleonica &#8211; fu massiccia, una partecipazione che, al di l\u00e0 della mitologizzazione, n\u00e9 i moti e n\u00e9 le battaglie del Risorgimento &#8211; soprattutto in termini di vittime -, conobbero.<\/p>\n<p style=\"text-align: justify;\">Quella che oppone i popolani ai francesi e ai giacobini \u00e8 una lotta dura e talvolta feroce, costellata di imboscate, rappresaglie ed eccidi, in particolare nell\u2019Italia Meridionale. Stupisce vedere povera gente prendere le armi pi\u00f9 e pi\u00f9 volte, anche quando \u00e8 stata oggetto di repressioni feroci e sanguinose da parte del pi\u00f9 forte esercito europeo e delle milizie \u00abitaliche\u00bb da esso impiegate nelle operazioni di rastrellamento contro coloro che venivano sbrigativamente definiti, come in Vandea, brigands.<\/p>\n<p style=\"text-align: justify;\">All\u2019inizio del 1799 &#8211; quindi prima ancora che avvenissero gli scontri e le battaglie pi\u00f9 importanti dell\u2019Insorgenza &#8211; le vittime tra gli insorgenti, secondo il calcolo del generale francese Paul-Charles Thi\u00e9bault, uno dei comandanti delle truppe di repressione dei moti nell\u2019Italia Centrale, sono gi\u00e0 pi\u00f9 di sessantamila.<\/p>\n<p style=\"text-align: justify;\">L\u2019Insorgenza italiana \u00e8 fatta di rapide vampate, di vasti ma brevi incendi, di ritorni di fiamma, conosce stati di latenza, di esplosione, di endemizzazione; vanta battaglie campali, ma anche imboscate, rappresaglie, vendette personali, atrocit\u00e0; conta innumerevoli episodi, piccoli e grandi, nella loro maggioranza ancora poco conosciuti.<\/p>\n<p>____________<\/p>\n<p><strong>Leggi anche:<\/strong><\/p>\n<p><a href=\"https:\/\/www.rassegnastampa-totustuus.it\/cattolica\/?p=38245\" target=\"_blank\" rel=\"noopener\">Rivoluzione, scristianizzazione, insorgenze<\/a><\/p>\n<p><a title=\"PermaLink a Opposizione popolare, insorgenza e brigantaggio nell\u2019Italia napoleonica\" href=\"https:\/\/www.rassegnastampa-totustuus.it\/cattolica\/?p=38187\" target=\"_blank\" rel=\"bookmark noopener\">Opposizione popolare, insorgenza e brigantaggio nell\u2019Italia napoleonica<\/a><\/p>\n<p><a title=\"PermaLink a L\u2019Insorgenza come categoria storico-politica\" href=\"https:\/\/www.rassegnastampa-totustuus.it\/cattolica\/?p=2365\" target=\"_blank\" rel=\"bookmark noopener\">L\u2019Insorgenza come categoria storico-politica<\/a><\/p>\n<p><a title=\"PermaLink a L\u2019insorgenza dell\u2019Italia Centrale negli anni 1797-1798\" href=\"https:\/\/www.rassegnastampa-totustuus.it\/cattolica\/?p=1464\" target=\"_blank\" rel=\"bookmark noopener\">L\u2019insorgenza dell\u2019Italia Centrale negli anni 1797-1798<\/a><\/p>\n<p><a title=\"PermaLink a Le insorgenze ferraresi del 1799 e del 1802-1809\" href=\"https:\/\/www.rassegnastampa-totustuus.it\/cattolica\/?p=1462\" target=\"_blank\" rel=\"bookmark noopener\">Le insorgenze ferraresi del 1799 e del 1802-1809<\/a><\/p>\n<p><a href=\"https:\/\/www.rassegnastampa-totustuus.it\/cattolica\/?p=1461\" target=\"_blank\" rel=\"noopener\">Le insorgenze antifrancesi in Italia<\/a><\/p>\n<p><a title=\"PermaLink a Storia \/ La controrivoluzione in Italia\" href=\"https:\/\/www.rassegnastampa-totustuus.it\/cattolica\/?p=29425\" target=\"_blank\" rel=\"bookmark noopener\">La controrivoluzione in Italia<\/a><\/p>\n<p><a title=\"PermaLink a Quando l\u2019Italia si svegli\u00f2\" href=\"https:\/\/www.rassegnastampa-totustuus.it\/cattolica\/?p=30730\" target=\"_blank\" rel=\"bookmark noopener\">Quando l\u2019Italia si svegli\u00f2<\/a><\/p>\n<p><a href=\"https:\/\/www.rassegnastampa-totustuus.it\/cattolica\/?p=40861\" target=\"_blank\" rel=\"noopener\">L&#8217;insorgenza della Garfagnana<\/a><\/p>\n","protected":false},"excerpt":{"rendered":"<p>ISTITUTO PER LA STORIA DELLE INSORGENZE L\u2019Insorgenza rappresenta la risposta &#8211; almeno quella iniziale &#8211; degli italiani alla crisi prodotta dal tipo di cambiamento introdotto dalla prima e rude esperienza di modernit\u00e0 politica sofferta, e funge in un certo senso da \u00abcartina al tornasole\u00bb della tesi della pre-esistenza, con caratteri del tutto peculiari, della nazione &hellip; <\/p>\n<p><a class=\"more-link btn\" href=\"https:\/\/www.rassegnastampa-totustuus.it\/cattolica\/linsorgenza-italiana-il-suo-significato-la-sua-modernit\/\">Continua a leggere<\/a><\/p>\n","protected":false},"author":6,"featured_media":30733,"comment_status":"closed","ping_status":"open","sticky":false,"template":"","format":"standard","meta":{"footnotes":""},"categories":[99,54,96],"tags":[462,1051],"class_list":["post-1469","post","type-post","status-publish","format-standard","has-post-thumbnail","hentry","category-insorgenze","category-rivoluzione-e-controrivoluzione","category-storia-italiana","tag-controrivoluzione","tag-insorgenze-2","item-wrap"],"yoast_head":"<!-- This site is optimized with the Yoast SEO plugin v27.5 - https:\/\/yoast.com\/product\/yoast-seo-wordpress\/ -->\n<title>L\u2019Insorgenza italiana, il suo significato, la sua &laquo;modernit&agrave;&raquo; - Rassegna Stampa Cattolica<\/title>\n<meta name=\"description\" content=\"Rassegna Stampa Cattolica - Per una cultura che nasce dalla Rivelazione cristiana in conformit\u00e0 alla tradizione e al Magistero della Chiesa in opposizione ad ogni relativismo e totalitarismo\" \/>\n<meta name=\"robots\" content=\"index, follow, max-snippet:-1, max-image-preview:large, max-video-preview:-1\" \/>\n<link rel=\"canonical\" href=\"https:\/\/www.rassegnastampa-totustuus.it\/cattolica\/linsorgenza-italiana-il-suo-significato-la-sua-modernit\/\" \/>\n<meta property=\"og:locale\" content=\"it_IT\" \/>\n<meta property=\"og:type\" content=\"article\" \/>\n<meta property=\"og:title\" content=\"L\u2019Insorgenza italiana, il suo significato, la sua &laquo;modernit&agrave;&raquo; - Rassegna Stampa Cattolica\" \/>\n<meta property=\"og:description\" content=\"Rassegna Stampa Cattolica - Per una cultura che nasce dalla Rivelazione cristiana in conformit\u00e0 alla tradizione e al Magistero della Chiesa in opposizione ad ogni relativismo e totalitarismo\" \/>\n<meta property=\"og:url\" content=\"https:\/\/www.rassegnastampa-totustuus.it\/cattolica\/linsorgenza-italiana-il-suo-significato-la-sua-modernit\/\" \/>\n<meta property=\"og:site_name\" content=\"Rassegna Stampa Cattolica\" \/>\n<meta property=\"article:publisher\" content=\"https:\/\/www.facebook.com\/rassegnastampacattolica\" \/>\n<meta property=\"article:published_time\" content=\"2005-09-22T15:06:56+00:00\" \/>\n<meta property=\"article:modified_time\" content=\"2018-08-21T10:53:47+00:00\" \/>\n<meta property=\"og:image\" content=\"https:\/\/www.rassegnastampa-totustuus.it\/cattolica\/wp-content\/uploads\/2005\/09\/insorgenza.jpg\" \/>\n\t<meta property=\"og:image:width\" content=\"263\" \/>\n\t<meta property=\"og:image:height\" content=\"191\" \/>\n\t<meta property=\"og:image:type\" content=\"image\/jpeg\" \/>\n<meta name=\"author\" content=\"Redazione\" \/>\n<meta name=\"twitter:card\" content=\"summary_large_image\" \/>\n<meta name=\"twitter:creator\" content=\"@rassegnastampa9\" \/>\n<meta name=\"twitter:site\" content=\"@rassegnastampa9\" \/>\n<meta name=\"twitter:label1\" content=\"Scritto da\" \/>\n\t<meta name=\"twitter:data1\" content=\"Redazione\" \/>\n\t<meta name=\"twitter:label2\" content=\"Tempo di lettura stimato\" \/>\n\t<meta name=\"twitter:data2\" content=\"7 minuti\" \/>\n<script type=\"application\/ld+json\" class=\"yoast-schema-graph\">{\"@context\":\"https:\\\/\\\/schema.org\",\"@graph\":[{\"@type\":\"Article\",\"@id\":\"https:\\\/\\\/www.rassegnastampa-totustuus.it\\\/cattolica\\\/linsorgenza-italiana-il-suo-significato-la-sua-modernit\\\/#article\",\"isPartOf\":{\"@id\":\"https:\\\/\\\/www.rassegnastampa-totustuus.it\\\/cattolica\\\/linsorgenza-italiana-il-suo-significato-la-sua-modernit\\\/\"},\"author\":{\"name\":\"Redazione\",\"@id\":\"https:\\\/\\\/www.rassegnastampa-totustuus.it\\\/cattolica\\\/#\\\/schema\\\/person\\\/08f319d2bd1a0904ad9e2bfb7b15e5c3\"},\"headline\":\"L\u2019Insorgenza italiana, il suo significato, la sua &laquo;modernit&agrave;&raquo;\",\"datePublished\":\"2005-09-22T15:06:56+00:00\",\"dateModified\":\"2018-08-21T10:53:47+00:00\",\"mainEntityOfPage\":{\"@id\":\"https:\\\/\\\/www.rassegnastampa-totustuus.it\\\/cattolica\\\/linsorgenza-italiana-il-suo-significato-la-sua-modernit\\\/\"},\"wordCount\":1376,\"publisher\":{\"@id\":\"https:\\\/\\\/www.rassegnastampa-totustuus.it\\\/cattolica\\\/#organization\"},\"image\":{\"@id\":\"https:\\\/\\\/www.rassegnastampa-totustuus.it\\\/cattolica\\\/linsorgenza-italiana-il-suo-significato-la-sua-modernit\\\/#primaryimage\"},\"thumbnailUrl\":\"https:\\\/\\\/www.rassegnastampa-totustuus.it\\\/cattolica\\\/wp-content\\\/uploads\\\/2005\\\/09\\\/insorgenza.jpg\",\"keywords\":[\"controrivoluzione\",\"insorgenze\"],\"articleSection\":[\"Insorgenze\",\"Rivoluzione e controrivoluzione\",\"Storia italiana\"],\"inLanguage\":\"it-IT\"},{\"@type\":\"WebPage\",\"@id\":\"https:\\\/\\\/www.rassegnastampa-totustuus.it\\\/cattolica\\\/linsorgenza-italiana-il-suo-significato-la-sua-modernit\\\/\",\"url\":\"https:\\\/\\\/www.rassegnastampa-totustuus.it\\\/cattolica\\\/linsorgenza-italiana-il-suo-significato-la-sua-modernit\\\/\",\"name\":\"L\u2019Insorgenza italiana, il suo significato, la sua &laquo;modernit&agrave;&raquo; - Rassegna Stampa Cattolica\",\"isPartOf\":{\"@id\":\"https:\\\/\\\/www.rassegnastampa-totustuus.it\\\/cattolica\\\/#website\"},\"primaryImageOfPage\":{\"@id\":\"https:\\\/\\\/www.rassegnastampa-totustuus.it\\\/cattolica\\\/linsorgenza-italiana-il-suo-significato-la-sua-modernit\\\/#primaryimage\"},\"image\":{\"@id\":\"https:\\\/\\\/www.rassegnastampa-totustuus.it\\\/cattolica\\\/linsorgenza-italiana-il-suo-significato-la-sua-modernit\\\/#primaryimage\"},\"thumbnailUrl\":\"https:\\\/\\\/www.rassegnastampa-totustuus.it\\\/cattolica\\\/wp-content\\\/uploads\\\/2005\\\/09\\\/insorgenza.jpg\",\"datePublished\":\"2005-09-22T15:06:56+00:00\",\"dateModified\":\"2018-08-21T10:53:47+00:00\",\"description\":\"Rassegna Stampa Cattolica - Per una cultura che nasce dalla Rivelazione cristiana in conformit\u00e0 alla tradizione e al Magistero della Chiesa in opposizione ad ogni relativismo e totalitarismo\",\"breadcrumb\":{\"@id\":\"https:\\\/\\\/www.rassegnastampa-totustuus.it\\\/cattolica\\\/linsorgenza-italiana-il-suo-significato-la-sua-modernit\\\/#breadcrumb\"},\"inLanguage\":\"it-IT\",\"potentialAction\":[{\"@type\":\"ReadAction\",\"target\":[\"https:\\\/\\\/www.rassegnastampa-totustuus.it\\\/cattolica\\\/linsorgenza-italiana-il-suo-significato-la-sua-modernit\\\/\"]}]},{\"@type\":\"ImageObject\",\"inLanguage\":\"it-IT\",\"@id\":\"https:\\\/\\\/www.rassegnastampa-totustuus.it\\\/cattolica\\\/linsorgenza-italiana-il-suo-significato-la-sua-modernit\\\/#primaryimage\",\"url\":\"https:\\\/\\\/www.rassegnastampa-totustuus.it\\\/cattolica\\\/wp-content\\\/uploads\\\/2005\\\/09\\\/insorgenza.jpg\",\"contentUrl\":\"https:\\\/\\\/www.rassegnastampa-totustuus.it\\\/cattolica\\\/wp-content\\\/uploads\\\/2005\\\/09\\\/insorgenza.jpg\",\"width\":263,\"height\":191},{\"@type\":\"BreadcrumbList\",\"@id\":\"https:\\\/\\\/www.rassegnastampa-totustuus.it\\\/cattolica\\\/linsorgenza-italiana-il-suo-significato-la-sua-modernit\\\/#breadcrumb\",\"itemListElement\":[{\"@type\":\"ListItem\",\"position\":1,\"name\":\"Home\",\"item\":\"https:\\\/\\\/www.rassegnastampa-totustuus.it\\\/cattolica\\\/\"},{\"@type\":\"ListItem\",\"position\":2,\"name\":\"L\u2019Insorgenza italiana, il suo significato, la sua &laquo;modernit&agrave;&raquo;\"}]},{\"@type\":\"WebSite\",\"@id\":\"https:\\\/\\\/www.rassegnastampa-totustuus.it\\\/cattolica\\\/#website\",\"url\":\"https:\\\/\\\/www.rassegnastampa-totustuus.it\\\/cattolica\\\/\",\"name\":\"Rassegna Stampa Cattolica\",\"description\":\"Per una cultura che nasce dalla Rivelazione cristiana in conformit\u00e0 alla tradizione e al Magistero della Chiesa in opposizione ad ogni relativismo e totalitarismo\",\"publisher\":{\"@id\":\"https:\\\/\\\/www.rassegnastampa-totustuus.it\\\/cattolica\\\/#organization\"},\"alternateName\":\"Rass. Cattolica\",\"potentialAction\":[{\"@type\":\"SearchAction\",\"target\":{\"@type\":\"EntryPoint\",\"urlTemplate\":\"https:\\\/\\\/www.rassegnastampa-totustuus.it\\\/cattolica\\\/?s={search_term_string}\"},\"query-input\":{\"@type\":\"PropertyValueSpecification\",\"valueRequired\":true,\"valueName\":\"search_term_string\"}}],\"inLanguage\":\"it-IT\"},{\"@type\":\"Organization\",\"@id\":\"https:\\\/\\\/www.rassegnastampa-totustuus.it\\\/cattolica\\\/#organization\",\"name\":\"Rassegna Stampa Cattolica\",\"url\":\"https:\\\/\\\/www.rassegnastampa-totustuus.it\\\/cattolica\\\/\",\"logo\":{\"@type\":\"ImageObject\",\"inLanguage\":\"it-IT\",\"@id\":\"https:\\\/\\\/www.rassegnastampa-totustuus.it\\\/cattolica\\\/#\\\/schema\\\/logo\\\/image\\\/\",\"url\":\"https:\\\/\\\/www.rassegnastampa-totustuus.it\\\/cattolica\\\/wp-content\\\/uploads\\\/2014\\\/04\\\/logo-rassegna1.gif\",\"contentUrl\":\"https:\\\/\\\/www.rassegnastampa-totustuus.it\\\/cattolica\\\/wp-content\\\/uploads\\\/2014\\\/04\\\/logo-rassegna1.gif\",\"width\":600,\"height\":163,\"caption\":\"Rassegna Stampa Cattolica\"},\"image\":{\"@id\":\"https:\\\/\\\/www.rassegnastampa-totustuus.it\\\/cattolica\\\/#\\\/schema\\\/logo\\\/image\\\/\"},\"sameAs\":[\"https:\\\/\\\/www.facebook.com\\\/rassegnastampacattolica\",\"https:\\\/\\\/x.com\\\/rassegnastampa9\"]},{\"@type\":\"Person\",\"@id\":\"https:\\\/\\\/www.rassegnastampa-totustuus.it\\\/cattolica\\\/#\\\/schema\\\/person\\\/08f319d2bd1a0904ad9e2bfb7b15e5c3\",\"name\":\"Redazione\",\"image\":{\"@type\":\"ImageObject\",\"inLanguage\":\"it-IT\",\"@id\":\"https:\\\/\\\/secure.gravatar.com\\\/avatar\\\/2fcdf27c78ea025fbdb44e914cc63c72249ffec9dc8aafd5c82b26240ef3f346?s=96&d=mm&r=g\",\"url\":\"https:\\\/\\\/secure.gravatar.com\\\/avatar\\\/2fcdf27c78ea025fbdb44e914cc63c72249ffec9dc8aafd5c82b26240ef3f346?s=96&d=mm&r=g\",\"contentUrl\":\"https:\\\/\\\/secure.gravatar.com\\\/avatar\\\/2fcdf27c78ea025fbdb44e914cc63c72249ffec9dc8aafd5c82b26240ef3f346?s=96&d=mm&r=g\",\"caption\":\"Redazione\"},\"url\":\"https:\\\/\\\/www.rassegnastampa-totustuus.it\\\/cattolica\\\/author\\\/pietroelle\\\/\"}]}<\/script>\n<!-- \/ Yoast SEO plugin. -->","yoast_head_json":{"title":"L\u2019Insorgenza italiana, il suo significato, la sua &laquo;modernit&agrave;&raquo; - Rassegna Stampa Cattolica","description":"Rassegna Stampa Cattolica - Per una cultura che nasce dalla Rivelazione cristiana in conformit\u00e0 alla tradizione e al Magistero della Chiesa in opposizione ad ogni relativismo e totalitarismo","robots":{"index":"index","follow":"follow","max-snippet":"max-snippet:-1","max-image-preview":"max-image-preview:large","max-video-preview":"max-video-preview:-1"},"canonical":"https:\/\/www.rassegnastampa-totustuus.it\/cattolica\/linsorgenza-italiana-il-suo-significato-la-sua-modernit\/","og_locale":"it_IT","og_type":"article","og_title":"L\u2019Insorgenza italiana, il suo significato, la sua &laquo;modernit&agrave;&raquo; - Rassegna Stampa Cattolica","og_description":"Rassegna Stampa Cattolica - Per una cultura che nasce dalla Rivelazione cristiana in conformit\u00e0 alla tradizione e al Magistero della Chiesa in opposizione ad ogni relativismo e totalitarismo","og_url":"https:\/\/www.rassegnastampa-totustuus.it\/cattolica\/linsorgenza-italiana-il-suo-significato-la-sua-modernit\/","og_site_name":"Rassegna Stampa Cattolica","article_publisher":"https:\/\/www.facebook.com\/rassegnastampacattolica","article_published_time":"2005-09-22T15:06:56+00:00","article_modified_time":"2018-08-21T10:53:47+00:00","og_image":[{"width":263,"height":191,"url":"https:\/\/www.rassegnastampa-totustuus.it\/cattolica\/wp-content\/uploads\/2005\/09\/insorgenza.jpg","type":"image\/jpeg"}],"author":"Redazione","twitter_card":"summary_large_image","twitter_creator":"@rassegnastampa9","twitter_site":"@rassegnastampa9","twitter_misc":{"Scritto da":"Redazione","Tempo di lettura stimato":"7 minuti"},"schema":{"@context":"https:\/\/schema.org","@graph":[{"@type":"Article","@id":"https:\/\/www.rassegnastampa-totustuus.it\/cattolica\/linsorgenza-italiana-il-suo-significato-la-sua-modernit\/#article","isPartOf":{"@id":"https:\/\/www.rassegnastampa-totustuus.it\/cattolica\/linsorgenza-italiana-il-suo-significato-la-sua-modernit\/"},"author":{"name":"Redazione","@id":"https:\/\/www.rassegnastampa-totustuus.it\/cattolica\/#\/schema\/person\/08f319d2bd1a0904ad9e2bfb7b15e5c3"},"headline":"L\u2019Insorgenza italiana, il suo significato, la sua &laquo;modernit&agrave;&raquo;","datePublished":"2005-09-22T15:06:56+00:00","dateModified":"2018-08-21T10:53:47+00:00","mainEntityOfPage":{"@id":"https:\/\/www.rassegnastampa-totustuus.it\/cattolica\/linsorgenza-italiana-il-suo-significato-la-sua-modernit\/"},"wordCount":1376,"publisher":{"@id":"https:\/\/www.rassegnastampa-totustuus.it\/cattolica\/#organization"},"image":{"@id":"https:\/\/www.rassegnastampa-totustuus.it\/cattolica\/linsorgenza-italiana-il-suo-significato-la-sua-modernit\/#primaryimage"},"thumbnailUrl":"https:\/\/www.rassegnastampa-totustuus.it\/cattolica\/wp-content\/uploads\/2005\/09\/insorgenza.jpg","keywords":["controrivoluzione","insorgenze"],"articleSection":["Insorgenze","Rivoluzione e controrivoluzione","Storia italiana"],"inLanguage":"it-IT"},{"@type":"WebPage","@id":"https:\/\/www.rassegnastampa-totustuus.it\/cattolica\/linsorgenza-italiana-il-suo-significato-la-sua-modernit\/","url":"https:\/\/www.rassegnastampa-totustuus.it\/cattolica\/linsorgenza-italiana-il-suo-significato-la-sua-modernit\/","name":"L\u2019Insorgenza italiana, il suo significato, la sua &laquo;modernit&agrave;&raquo; - Rassegna Stampa Cattolica","isPartOf":{"@id":"https:\/\/www.rassegnastampa-totustuus.it\/cattolica\/#website"},"primaryImageOfPage":{"@id":"https:\/\/www.rassegnastampa-totustuus.it\/cattolica\/linsorgenza-italiana-il-suo-significato-la-sua-modernit\/#primaryimage"},"image":{"@id":"https:\/\/www.rassegnastampa-totustuus.it\/cattolica\/linsorgenza-italiana-il-suo-significato-la-sua-modernit\/#primaryimage"},"thumbnailUrl":"https:\/\/www.rassegnastampa-totustuus.it\/cattolica\/wp-content\/uploads\/2005\/09\/insorgenza.jpg","datePublished":"2005-09-22T15:06:56+00:00","dateModified":"2018-08-21T10:53:47+00:00","description":"Rassegna Stampa Cattolica - Per una cultura che nasce dalla Rivelazione cristiana in conformit\u00e0 alla tradizione e al Magistero della Chiesa in opposizione ad ogni relativismo e totalitarismo","breadcrumb":{"@id":"https:\/\/www.rassegnastampa-totustuus.it\/cattolica\/linsorgenza-italiana-il-suo-significato-la-sua-modernit\/#breadcrumb"},"inLanguage":"it-IT","potentialAction":[{"@type":"ReadAction","target":["https:\/\/www.rassegnastampa-totustuus.it\/cattolica\/linsorgenza-italiana-il-suo-significato-la-sua-modernit\/"]}]},{"@type":"ImageObject","inLanguage":"it-IT","@id":"https:\/\/www.rassegnastampa-totustuus.it\/cattolica\/linsorgenza-italiana-il-suo-significato-la-sua-modernit\/#primaryimage","url":"https:\/\/www.rassegnastampa-totustuus.it\/cattolica\/wp-content\/uploads\/2005\/09\/insorgenza.jpg","contentUrl":"https:\/\/www.rassegnastampa-totustuus.it\/cattolica\/wp-content\/uploads\/2005\/09\/insorgenza.jpg","width":263,"height":191},{"@type":"BreadcrumbList","@id":"https:\/\/www.rassegnastampa-totustuus.it\/cattolica\/linsorgenza-italiana-il-suo-significato-la-sua-modernit\/#breadcrumb","itemListElement":[{"@type":"ListItem","position":1,"name":"Home","item":"https:\/\/www.rassegnastampa-totustuus.it\/cattolica\/"},{"@type":"ListItem","position":2,"name":"L\u2019Insorgenza italiana, il suo significato, la sua &laquo;modernit&agrave;&raquo;"}]},{"@type":"WebSite","@id":"https:\/\/www.rassegnastampa-totustuus.it\/cattolica\/#website","url":"https:\/\/www.rassegnastampa-totustuus.it\/cattolica\/","name":"Rassegna Stampa Cattolica","description":"Per una cultura che nasce dalla Rivelazione cristiana in conformit\u00e0 alla tradizione e al Magistero della Chiesa in opposizione ad ogni relativismo e totalitarismo","publisher":{"@id":"https:\/\/www.rassegnastampa-totustuus.it\/cattolica\/#organization"},"alternateName":"Rass. Cattolica","potentialAction":[{"@type":"SearchAction","target":{"@type":"EntryPoint","urlTemplate":"https:\/\/www.rassegnastampa-totustuus.it\/cattolica\/?s={search_term_string}"},"query-input":{"@type":"PropertyValueSpecification","valueRequired":true,"valueName":"search_term_string"}}],"inLanguage":"it-IT"},{"@type":"Organization","@id":"https:\/\/www.rassegnastampa-totustuus.it\/cattolica\/#organization","name":"Rassegna Stampa Cattolica","url":"https:\/\/www.rassegnastampa-totustuus.it\/cattolica\/","logo":{"@type":"ImageObject","inLanguage":"it-IT","@id":"https:\/\/www.rassegnastampa-totustuus.it\/cattolica\/#\/schema\/logo\/image\/","url":"https:\/\/www.rassegnastampa-totustuus.it\/cattolica\/wp-content\/uploads\/2014\/04\/logo-rassegna1.gif","contentUrl":"https:\/\/www.rassegnastampa-totustuus.it\/cattolica\/wp-content\/uploads\/2014\/04\/logo-rassegna1.gif","width":600,"height":163,"caption":"Rassegna Stampa Cattolica"},"image":{"@id":"https:\/\/www.rassegnastampa-totustuus.it\/cattolica\/#\/schema\/logo\/image\/"},"sameAs":["https:\/\/www.facebook.com\/rassegnastampacattolica","https:\/\/x.com\/rassegnastampa9"]},{"@type":"Person","@id":"https:\/\/www.rassegnastampa-totustuus.it\/cattolica\/#\/schema\/person\/08f319d2bd1a0904ad9e2bfb7b15e5c3","name":"Redazione","image":{"@type":"ImageObject","inLanguage":"it-IT","@id":"https:\/\/secure.gravatar.com\/avatar\/2fcdf27c78ea025fbdb44e914cc63c72249ffec9dc8aafd5c82b26240ef3f346?s=96&d=mm&r=g","url":"https:\/\/secure.gravatar.com\/avatar\/2fcdf27c78ea025fbdb44e914cc63c72249ffec9dc8aafd5c82b26240ef3f346?s=96&d=mm&r=g","contentUrl":"https:\/\/secure.gravatar.com\/avatar\/2fcdf27c78ea025fbdb44e914cc63c72249ffec9dc8aafd5c82b26240ef3f346?s=96&d=mm&r=g","caption":"Redazione"},"url":"https:\/\/www.rassegnastampa-totustuus.it\/cattolica\/author\/pietroelle\/"}]}},"_links":{"self":[{"href":"https:\/\/www.rassegnastampa-totustuus.it\/cattolica\/wp-json\/wp\/v2\/posts\/1469","targetHints":{"allow":["GET"]}}],"collection":[{"href":"https:\/\/www.rassegnastampa-totustuus.it\/cattolica\/wp-json\/wp\/v2\/posts"}],"about":[{"href":"https:\/\/www.rassegnastampa-totustuus.it\/cattolica\/wp-json\/wp\/v2\/types\/post"}],"author":[{"embeddable":true,"href":"https:\/\/www.rassegnastampa-totustuus.it\/cattolica\/wp-json\/wp\/v2\/users\/6"}],"replies":[{"embeddable":true,"href":"https:\/\/www.rassegnastampa-totustuus.it\/cattolica\/wp-json\/wp\/v2\/comments?post=1469"}],"version-history":[{"count":5,"href":"https:\/\/www.rassegnastampa-totustuus.it\/cattolica\/wp-json\/wp\/v2\/posts\/1469\/revisions"}],"predecessor-version":[{"id":40868,"href":"https:\/\/www.rassegnastampa-totustuus.it\/cattolica\/wp-json\/wp\/v2\/posts\/1469\/revisions\/40868"}],"wp:featuredmedia":[{"embeddable":true,"href":"https:\/\/www.rassegnastampa-totustuus.it\/cattolica\/wp-json\/wp\/v2\/media\/30733"}],"wp:attachment":[{"href":"https:\/\/www.rassegnastampa-totustuus.it\/cattolica\/wp-json\/wp\/v2\/media?parent=1469"}],"wp:term":[{"taxonomy":"category","embeddable":true,"href":"https:\/\/www.rassegnastampa-totustuus.it\/cattolica\/wp-json\/wp\/v2\/categories?post=1469"},{"taxonomy":"post_tag","embeddable":true,"href":"https:\/\/www.rassegnastampa-totustuus.it\/cattolica\/wp-json\/wp\/v2\/tags?post=1469"}],"curies":[{"name":"wp","href":"https:\/\/api.w.org\/{rel}","templated":true}]}}