{"id":1468,"date":"2005-09-22T17:02:49","date_gmt":"2005-09-22T15:02:49","guid":{"rendered":""},"modified":"2016-04-11T09:07:22","modified_gmt":"2016-04-11T07:07:22","slug":"fine-aprile-del-1799-un-papa-prigioniero-riceve-lomaggio-dei-tortonesi","status":"publish","type":"post","link":"https:\/\/www.rassegnastampa-totustuus.it\/cattolica\/fine-aprile-del-1799-un-papa-prigioniero-riceve-lomaggio-dei-tortonesi\/","title":{"rendered":"Fine aprile del 1799: un Papa prigioniero riceve l\u2019omaggio dei Tortonesi"},"content":{"rendered":"<div style=\"text-align: justify;\"><img loading=\"lazy\" decoding=\"async\" class=\"alignleft wp-image-32550\" src=\"https:\/\/www.rassegnastampa-totustuus.it\/cattolica\/wp-content\/uploads\/2005\/09\/Pio_VI.jpg\" alt=\"Pio_VI\" width=\"197\" height=\"200\" \/>pubblicato su <strong>Il Popolo<\/strong> &#8211; settimanale di informazione della Diocesi di Tortona 22 aprile 2004<\/div>\n<p style=\"text-align: center;\"><em>Il percorso della deportazione di Pio VI attravers\u00f2 anche la nostra diocesi<\/em><\/p>\n<p style=\"text-align: center;\">di <strong>Don Maurizio Ceriani<\/strong><\/p>\n<p><!--more--><\/p>\n<div style=\"text-align: justify;\">&#8220;Pio VI fermossi a Siena spaventato da un terremoto, e quando questo pass\u00f2, egli ritirossi nella Certosa di Firenze ma siccome fu sorpreso in comunicazione con Roma, si temette ch\u2019egli vi fomentasse nuovi torbidi, e ricevette l\u2019ordine di continuare il suo cammino verso l&#8217;occidente. Senza sapere ove lo si conduceva, egli travers\u00f2 successivamente Parma, Tortona, Torino, pass\u00f2 la frontiera della Francia, venne a Briancon, d&#8217;onde fu trasferito alla cittadella di Valenza. Il 29 agosto 1799 egli vi mor\u00ec&#8221;.<\/div>\n<p style=\"text-align: justify;\">Con queste poche righe Alexandre Dumas, nella sua opera &#8220;I Borboni di Napoli&#8221;, descrive il dramma della prigionia di Papa Pio VI ormai ottantenne, consumatosi tra il 1798 e il 1799. Anche la nostra diocesi fu testimone dell\u2019oltraggio giacobino alla persona del Papa. Nei primi mesi del 1798 il generale Berthier, che aveva occupato la Romagna e le Marche, ricevette l\u2019ordine dal Direttorio di porre fine al potere temporale del Papa e costituire in Roma un governo repubblicano rivoluzionario, cercando per\u00f2 di nascondere il pi\u00f9 possibile l\u2019iniziativa francese.<\/p>\n<p style=\"text-align: justify;\">Non era cosa facile, essendo pochi i giacobini nella citt\u00e0, tuttavia i suoi incaricati riuscirono il 15 febbraio a radunar circa trecento persone, le quali, alla presenza del generale Cervoni, protetti da un drappello francese comandato dal Murat, dichiararono con atto rogatorio di tre notai, che il popolo romano, stanco dell\u2019oppressione, deplorava gli assassini commessi dal governo papale,<em> &#8220;rivendicava i primitivi diritti della sua sovranit\u00e0&#8221;<\/em> e prendeva nelle sue mani il potere per esercitarlo secondo &#8220;<em>i principi di verit\u00e0, di giustizia, di libert\u00e0, d\u2019uguaglianza&#8221;<\/em>.<\/p>\n<p style=\"text-align: justify;\">Dichiararono inoltre di voler salva la religione e l\u2019autorit\u00e0 spirituale del Pontefice ed affidarono in via provvisoria il governo a sette consoli. Invitato dai consoli, il 16 febbraio il generale Berthier entr\u00f2 in Roma, tra una folla di curiosi; si rec\u00f2 in Campidoglio e riconobbe la Repubblica Romana indipendente sotto la protezione della Francia, chiudendo una sua arringa al popolo con le seguenti parole: &#8220;<em>I figli dei Galli con l\u2019ulivo di pace in mano vengono in questo luogo augusto per restaurarvi l\u2019ara che il primo dei Bruti vi eresse alla libert\u00e0. E voi, Romani, che pur dianzi recuperaste i vostri legittimi diritti, ricordate il sangue che vi scorre entro le vene; volgete gli occhi ai monumenti gloriosi che vi stanno intorno: ripigliate l\u2019antica grandezza e le virt\u00f9 dei padri vostri&#8221;<\/em>.<\/p>\n<p style=\"text-align: justify;\">Lo stesso giorno dell\u2019entrata del Berthier a Roma, il generale Cervoni si rec\u00f2 dal Papa per intimargli di riconoscere il governo repubblicano, ma Pio VI rispose che non poteva rinunciare ad una sovranit\u00e0 che gli veniva da Dio e non dagli uomini e che, alla sua et\u00e0 di ottant\u2019anni, nulla aveva da temere ed era preparato a sopportare con fermezza qualsiasi sofferenza.<\/p>\n<p style=\"text-align: justify;\">La dignitosa risposta del Pontefice non fece arrestare o mutare il corso degli avvenimenti n\u00e9 ebbe riscontro nel contegno del Sacro Collegio che fu a dir poco vergognoso: i cardinali presenti a Roma non levarono alcuna protesta, anzi il 18 febbraio quattordici di loro intervennero al solenne Te Deum con cui si volle consacrare il nuovo governo.<\/p>\n<p style=\"text-align: justify;\">Quel medesimo giorno, il commissario francese Haller intim\u00f2 al Papa che entro quarantotto ore doveva lasciare la Citt\u00e0 e nella notte, dopo averlo fatto entrare in una carrozza con alcuni familiari, lo fece accompagnare fino ai confini della Toscana, dove il venerando vegliardo ricevette ospitalit\u00e0 in un convento di Agostiniani a Siena. Incominciava il penoso calvario di quello che i giacobini amavano ritenere &#8220;l\u2019ultimo Papa&#8221;. A Siena Pio VI rimase fino al 1 giugno, quando venne trasferito alla Certosa di Firenze, dove rest\u00f2 segregato fino al 28 marzo dell\u2019anno successivo.<\/p>\n<p style=\"text-align: justify;\">Durante la prigionia fiorentina il Papa eman\u00f2 precise disposizioni a riguardo del conclave che avrebbe dovuto eleggere il suo successore, indicando Venezia, difesa dalle armi austriache, come sede pi\u00f9 appropriata per un\u2019elezione libera del successore di Pietro. Il 28 marzo del 1799, nonostante le peggiorate condizioni di salute, si decide di trasferire il Papa a Parma, ma il progetto \u00e8 gi\u00e0 quello di trasferirlo in Francia, dal momento che la penisola italiana \u00e8 scossa dai moti dell\u2019Insorgenza e gli eserciti austro-russi sono pronti a invadere la pianura padana, mentre Napoleone \u00e8 trattenuto in Oriente dalla campagna d\u2019Egitto. Il Direttorio teme infatti che il Pontefice possa essere liberato da un colpo di mano o da un rovescio militare.<\/p>\n<p style=\"text-align: justify;\">Da qui in poi il viaggio \u00e8 all\u2019insegna della fretta, senza alcun riguardo per l\u2019anziano e malato prigioniero. In due giorni la carrozza papale, scortata da diciotto ussari, attravers\u00f2 i valichi appenninici e raggiunse Bologna, il 31 marzo fu a Modena e il 1 aprile a Reggio; lo stesso giorno pass\u00f2 il confine con il Ducato di Parma, che conservava ancora un\u2019effimera indipendenza, sia pur con i Francesi in casa.<\/p>\n<p style=\"text-align: justify;\">Questo tuttavia bast\u00f2 perch\u00e9 il Duca Ferdinando potesse pretendere di prendere in custodia l\u2019augusto prigioniero e trattarlo con tutti gli onori dovuti. A Parma il Papa si ferm\u00f2 fino al 13 aprile, presso il convento agostiniano di San Giovanni, e pot\u00e9 ritemprare le forze; il Duca e il Vescovo cercarono di temporeggiare, confortati dalle notizie dell\u2019incalzante avanzata degli Austro-Russi e dell\u2019infiammarsi dell\u2019Insorgenza.<\/p>\n<p style=\"text-align: justify;\">Proprio per questi motivi, i Francesi costrinsero Pio VI a riprendere il viaggio la notte del 13 aprile e in tre giorni, nonostante le piogge torrenziali e la piena di molti torrenti, che andavano passati a guado, si lasciarono alle spalle Piacenza, prendendo la strada a sud del Po e deviando cos\u00ec dal percorso previsto, che puntava su Milano, nel timore di incontrare gli insorti di Branda de Lucioni. Dopo un periglioso attraversamento della Trebbia, il Papa giunse a Castelsangiovanni nella giornata del 17 aprile 1799 in un pessimo stato di salute che gli imped\u00ec di ricevere gli inviati del re di Spagna.<\/p>\n<p style=\"text-align: justify;\">La mattina dopo, il viaggio fu ripreso e, usciti dal Ducato di Parma, il generale francese Mongen prese nuovamente il comando della scorta, comunicando che d\u2019ora innanzi, in territorio cisalpino, l\u2019alloggio del Papa sarebbe stato deciso di volta in volta dal locale comandante di piazza e non pi\u00f9 dalle autorit\u00e0 religiose.<\/p>\n<p style=\"text-align: justify;\">L\u2019attraversamento dei borghi oltrepadani fu quanto mai commovente. Da Piacenza la notizia del passaggio del Papa era corsa rapida e aveva preceduto la carrozza, cosicch\u00e9 la gente usc\u00ec dai paesi e accompagn\u00f2 in processione il convoglio pontificio di borgata in borgata in un tripudio di inni e al suono festoso delle campane. I comandanti giacobini avevano vietato ogni manifestazione e avevano mandato la guardia civica a presidiare i campanili, ma la determinazione della folla e l\u2019atteggiamento conciliante delle stesse guardie, che spesso finsero di non comprendere gli ordini, fece fallire l\u2019intento.<\/p>\n<p style=\"text-align: justify;\">Furono giorni di piogge torrenziali che gonfiarono ogni corso d\u2019acqua e trasformarono le strade in pantani, ma la gente accorse ugualmente sotto la pioggia e non temette di inginocchiarsi nel fango e tra le pozzanghere al passaggio del Papa, per rendergli l\u2019onore dovuto al Vicario di Cristo.<\/p>\n<p style=\"text-align: justify;\">Alle porte di Stradella un distaccamento di cavalleria piemontese rese addirittura gli onori militari a Pio VI, che alla sera del 18 aprile arriv\u00f2 a Voghera. Qui alloggi\u00f2 in casa dei Conti Dattili &#8211; oggi sede dell\u2019Unione Industriali in via Emilia 166 dove si conserva ancora la camera papale &#8211; o, secondo il Manfredi, nel palazzo dei signori Della Tela.<\/p>\n<p style=\"text-align: justify;\">Il comandante della piazza si comport\u00f2 nobilmente e volle recare di persona l\u2019omaggio al Pontefice e impose al generale Mongen di lasciarlo riposare tutta la notte, nonostante gli ordini contrari. Il Papa tuttavia non ebbe neppure la forza di rispondere all\u2019indirizzo di saluto, n\u00e9 pot\u00e9 ricevere la delegazione del consiglio comunale e benedire il popolo che assiepava le vie attorno al palazzo.<\/p>\n<p style=\"text-align: justify;\">Il mattino dopo, ritemprato dal riposo notturno, fu in grado di affacciarsi e benedire la folla che lo aveva vegliato e di ricevere il Capitolo di San Lorenzo. Il Papa ricompens\u00f2 la calorosa accoglienza dei Vogheresi dichiarando privilegiato in perpetuo l\u2019altare della Beata Vergine in Duomo.<\/p>\n<p style=\"text-align: justify;\">Il viaggio riprese alla volta di Tortona, passando per Pontecurone e raggiungendo in fretta la citt\u00e0. Il comandante tortonese, forte del numero di soldati che presidiavano la fortezza del castello, si mostr\u00f2 freddo e ostile e non voleva che il Vescovo, mons. Pio Francesco Fassati, ospitasse il Pontefice nel suo palazzo; anzi intim\u00f2 l\u2019immediata partenza per Alessandria, dove il convoglio era atteso per la sera di quello stesso giorno 19 aprile.<\/p>\n<p style=\"text-align: justify;\">A nulla valsero le proteste della municipalit\u00e0 e dei maggiorenti cittadini e la mediazione dello stesso Mongen, che temeva per le precarie condizioni di salute di Pio VI; anche un commissario del Direttorio, giunto da Parigi, interpose inutilmente la sua autorit\u00e0. Cedette solo davanti all\u2019impossibilit\u00e0 di guadare lo Scrivia e concesse il ricovero del Papa in episcopio.<\/p>\n<p style=\"text-align: justify;\">Alle porte della citt\u00e0 era avvenuto un fatto increscioso: in mezzo alla folla, che riveriva il passaggio di Pio VI, si alzarono voci di scherno e insulto al Pontefice da parte di due militari, che si rivelarono essere due ex frati apostati passati alla rivoluzione. Questo episodio, insieme al comportamento del comandante, suscit\u00f2 la reazione indignata dei Tortonesi che la mattina del 20 aprile, invasero la piazza del Duomo e le vie adiacenti in tumulto, disarmando alcuni drappelli della guardia civica, coll\u2019intento di impedire la partenza del Papa.<\/p>\n<p style=\"text-align: justify;\">I Francesi si ritirarono nel castello e minacciarono di cannoneggiare la citt\u00e0; l\u2019intervento del Vescovo imped\u00ec lo spargimento di sangue e si venne al compromesso di accompagnare con tutti gli onori Pio VI fino allo Scrivia. La sera del 20 aprile il Papa giungeva ad Alessandria, dove veniva trionfalmente accolto e riceveva l\u2019omaggio anche da parte del comando militare.<\/p>\n<p style=\"text-align: justify;\">Le notizie dell\u2019avanzata austriaca su Milano &#8211; che sarebbe capitolata il 29 aprile &#8211; devono aver portato a pi\u00f9 miti consigli il comandante della piazza di Alessandria. Di l\u00ec a poco infatti nella Lombardia occidentale avrebbero suonato la campane dell\u2019Insorgenza. Pavia sarebbe stata liberata il 4 maggio e anche Tortona sarebbe caduta il 9 dello stesso mese.<\/p>\n<p style=\"text-align: justify;\">L\u2019effimero governo cisalpino aveva ormai il fiato corto, ma intanto Pio VI passava le Alpi per consumare il suo martirio in terra francese. Per lui fu senz\u2019altro motivo di consolazione l\u2019omaggio di un popolo che, pur oppresso da chi si presentava come campione di libert\u00e0, non esit\u00f2 a testimoniare la sua fede e il suo affetto al &#8220;dolce Cristo qui in terra&#8221;.<\/p>\n","protected":false},"excerpt":{"rendered":"<p>pubblicato su Il Popolo &#8211; settimanale di informazione della Diocesi di Tortona 22 aprile 2004 Il percorso della deportazione di Pio VI attravers\u00f2 anche la nostra diocesi di Don Maurizio Ceriani<\/p><p><a class=\"more-link btn\" href=\"https:\/\/www.rassegnastampa-totustuus.it\/cattolica\/fine-aprile-del-1799-un-papa-prigioniero-riceve-lomaggio-dei-tortonesi\/\">Continua a leggere<\/a><\/p>\n","protected":false},"author":6,"featured_media":32550,"comment_status":"closed","ping_status":"open","sticky":false,"template":"","format":"standard","meta":{"footnotes":""},"categories":[99,96],"tags":[1053,1051],"class_list":["post-1468","post","type-post","status-publish","format-standard","has-post-thumbnail","hentry","category-insorgenze","category-storia-italiana","tag-giacobini","tag-insorgenze-2","item-wrap"],"yoast_head":"<!-- This site is optimized with the Yoast SEO plugin v27.5 - https:\/\/yoast.com\/product\/yoast-seo-wordpress\/ -->\n<title>Fine aprile del 1799: un Papa prigioniero riceve l\u2019omaggio dei Tortonesi - Rassegna Stampa Cattolica<\/title>\n<meta name=\"description\" content=\"Rassegna Stampa Cattolica - Per una cultura che nasce dalla Rivelazione cristiana in conformit\u00e0 alla tradizione e al Magistero della Chiesa in opposizione ad ogni relativismo e totalitarismo\" \/>\n<meta name=\"robots\" content=\"index, follow, max-snippet:-1, max-image-preview:large, max-video-preview:-1\" \/>\n<link rel=\"canonical\" href=\"https:\/\/www.rassegnastampa-totustuus.it\/cattolica\/fine-aprile-del-1799-un-papa-prigioniero-riceve-lomaggio-dei-tortonesi\/\" \/>\n<meta property=\"og:locale\" content=\"it_IT\" \/>\n<meta property=\"og:type\" content=\"article\" \/>\n<meta property=\"og:title\" content=\"Fine aprile del 1799: un Papa prigioniero riceve l\u2019omaggio dei Tortonesi - Rassegna Stampa Cattolica\" \/>\n<meta property=\"og:description\" content=\"Rassegna Stampa Cattolica - Per una cultura che nasce dalla Rivelazione cristiana in conformit\u00e0 alla tradizione e al Magistero della Chiesa in opposizione ad ogni relativismo e totalitarismo\" \/>\n<meta property=\"og:url\" content=\"https:\/\/www.rassegnastampa-totustuus.it\/cattolica\/fine-aprile-del-1799-un-papa-prigioniero-riceve-lomaggio-dei-tortonesi\/\" \/>\n<meta property=\"og:site_name\" content=\"Rassegna Stampa Cattolica\" \/>\n<meta property=\"article:publisher\" content=\"https:\/\/www.facebook.com\/rassegnastampacattolica\" \/>\n<meta property=\"article:published_time\" content=\"2005-09-22T15:02:49+00:00\" \/>\n<meta property=\"article:modified_time\" content=\"2016-04-11T07:07:22+00:00\" \/>\n<meta property=\"og:image\" content=\"https:\/\/www.rassegnastampa-totustuus.it\/cattolica\/wp-content\/uploads\/2005\/09\/Pio_VI.jpg\" \/>\n\t<meta property=\"og:image:width\" content=\"223\" \/>\n\t<meta property=\"og:image:height\" content=\"226\" \/>\n\t<meta property=\"og:image:type\" content=\"image\/jpeg\" \/>\n<meta name=\"author\" content=\"Redazione\" \/>\n<meta name=\"twitter:card\" content=\"summary_large_image\" \/>\n<meta name=\"twitter:creator\" content=\"@rassegnastampa9\" \/>\n<meta name=\"twitter:site\" content=\"@rassegnastampa9\" \/>\n<meta name=\"twitter:label1\" content=\"Scritto da\" \/>\n\t<meta name=\"twitter:data1\" content=\"Redazione\" \/>\n\t<meta name=\"twitter:label2\" content=\"Tempo di lettura stimato\" \/>\n\t<meta name=\"twitter:data2\" content=\"9 minuti\" \/>\n<script type=\"application\/ld+json\" class=\"yoast-schema-graph\">{\"@context\":\"https:\\\/\\\/schema.org\",\"@graph\":[{\"@type\":\"Article\",\"@id\":\"https:\\\/\\\/www.rassegnastampa-totustuus.it\\\/cattolica\\\/fine-aprile-del-1799-un-papa-prigioniero-riceve-lomaggio-dei-tortonesi\\\/#article\",\"isPartOf\":{\"@id\":\"https:\\\/\\\/www.rassegnastampa-totustuus.it\\\/cattolica\\\/fine-aprile-del-1799-un-papa-prigioniero-riceve-lomaggio-dei-tortonesi\\\/\"},\"author\":{\"name\":\"Redazione\",\"@id\":\"https:\\\/\\\/www.rassegnastampa-totustuus.it\\\/cattolica\\\/#\\\/schema\\\/person\\\/08f319d2bd1a0904ad9e2bfb7b15e5c3\"},\"headline\":\"Fine aprile del 1799: un Papa prigioniero riceve l\u2019omaggio dei Tortonesi\",\"datePublished\":\"2005-09-22T15:02:49+00:00\",\"dateModified\":\"2016-04-11T07:07:22+00:00\",\"mainEntityOfPage\":{\"@id\":\"https:\\\/\\\/www.rassegnastampa-totustuus.it\\\/cattolica\\\/fine-aprile-del-1799-un-papa-prigioniero-riceve-lomaggio-dei-tortonesi\\\/\"},\"wordCount\":1750,\"publisher\":{\"@id\":\"https:\\\/\\\/www.rassegnastampa-totustuus.it\\\/cattolica\\\/#organization\"},\"image\":{\"@id\":\"https:\\\/\\\/www.rassegnastampa-totustuus.it\\\/cattolica\\\/fine-aprile-del-1799-un-papa-prigioniero-riceve-lomaggio-dei-tortonesi\\\/#primaryimage\"},\"thumbnailUrl\":\"https:\\\/\\\/www.rassegnastampa-totustuus.it\\\/cattolica\\\/wp-content\\\/uploads\\\/2005\\\/09\\\/Pio_VI.jpg\",\"keywords\":[\"giacobini\",\"insorgenze\"],\"articleSection\":[\"Insorgenze\",\"Storia italiana\"],\"inLanguage\":\"it-IT\"},{\"@type\":\"WebPage\",\"@id\":\"https:\\\/\\\/www.rassegnastampa-totustuus.it\\\/cattolica\\\/fine-aprile-del-1799-un-papa-prigioniero-riceve-lomaggio-dei-tortonesi\\\/\",\"url\":\"https:\\\/\\\/www.rassegnastampa-totustuus.it\\\/cattolica\\\/fine-aprile-del-1799-un-papa-prigioniero-riceve-lomaggio-dei-tortonesi\\\/\",\"name\":\"Fine aprile del 1799: un Papa prigioniero riceve l\u2019omaggio dei Tortonesi - Rassegna Stampa Cattolica\",\"isPartOf\":{\"@id\":\"https:\\\/\\\/www.rassegnastampa-totustuus.it\\\/cattolica\\\/#website\"},\"primaryImageOfPage\":{\"@id\":\"https:\\\/\\\/www.rassegnastampa-totustuus.it\\\/cattolica\\\/fine-aprile-del-1799-un-papa-prigioniero-riceve-lomaggio-dei-tortonesi\\\/#primaryimage\"},\"image\":{\"@id\":\"https:\\\/\\\/www.rassegnastampa-totustuus.it\\\/cattolica\\\/fine-aprile-del-1799-un-papa-prigioniero-riceve-lomaggio-dei-tortonesi\\\/#primaryimage\"},\"thumbnailUrl\":\"https:\\\/\\\/www.rassegnastampa-totustuus.it\\\/cattolica\\\/wp-content\\\/uploads\\\/2005\\\/09\\\/Pio_VI.jpg\",\"datePublished\":\"2005-09-22T15:02:49+00:00\",\"dateModified\":\"2016-04-11T07:07:22+00:00\",\"description\":\"Rassegna Stampa Cattolica - Per una cultura che nasce dalla Rivelazione cristiana in conformit\u00e0 alla tradizione e al Magistero della Chiesa in opposizione ad ogni relativismo e totalitarismo\",\"breadcrumb\":{\"@id\":\"https:\\\/\\\/www.rassegnastampa-totustuus.it\\\/cattolica\\\/fine-aprile-del-1799-un-papa-prigioniero-riceve-lomaggio-dei-tortonesi\\\/#breadcrumb\"},\"inLanguage\":\"it-IT\",\"potentialAction\":[{\"@type\":\"ReadAction\",\"target\":[\"https:\\\/\\\/www.rassegnastampa-totustuus.it\\\/cattolica\\\/fine-aprile-del-1799-un-papa-prigioniero-riceve-lomaggio-dei-tortonesi\\\/\"]}]},{\"@type\":\"ImageObject\",\"inLanguage\":\"it-IT\",\"@id\":\"https:\\\/\\\/www.rassegnastampa-totustuus.it\\\/cattolica\\\/fine-aprile-del-1799-un-papa-prigioniero-riceve-lomaggio-dei-tortonesi\\\/#primaryimage\",\"url\":\"https:\\\/\\\/www.rassegnastampa-totustuus.it\\\/cattolica\\\/wp-content\\\/uploads\\\/2005\\\/09\\\/Pio_VI.jpg\",\"contentUrl\":\"https:\\\/\\\/www.rassegnastampa-totustuus.it\\\/cattolica\\\/wp-content\\\/uploads\\\/2005\\\/09\\\/Pio_VI.jpg\",\"width\":223,\"height\":226},{\"@type\":\"BreadcrumbList\",\"@id\":\"https:\\\/\\\/www.rassegnastampa-totustuus.it\\\/cattolica\\\/fine-aprile-del-1799-un-papa-prigioniero-riceve-lomaggio-dei-tortonesi\\\/#breadcrumb\",\"itemListElement\":[{\"@type\":\"ListItem\",\"position\":1,\"name\":\"Home\",\"item\":\"https:\\\/\\\/www.rassegnastampa-totustuus.it\\\/cattolica\\\/\"},{\"@type\":\"ListItem\",\"position\":2,\"name\":\"Fine aprile del 1799: un Papa prigioniero riceve l\u2019omaggio dei Tortonesi\"}]},{\"@type\":\"WebSite\",\"@id\":\"https:\\\/\\\/www.rassegnastampa-totustuus.it\\\/cattolica\\\/#website\",\"url\":\"https:\\\/\\\/www.rassegnastampa-totustuus.it\\\/cattolica\\\/\",\"name\":\"Rassegna Stampa Cattolica\",\"description\":\"Per una cultura che nasce dalla Rivelazione cristiana in conformit\u00e0 alla tradizione e al Magistero della Chiesa in opposizione ad ogni relativismo e totalitarismo\",\"publisher\":{\"@id\":\"https:\\\/\\\/www.rassegnastampa-totustuus.it\\\/cattolica\\\/#organization\"},\"alternateName\":\"Rass. Cattolica\",\"potentialAction\":[{\"@type\":\"SearchAction\",\"target\":{\"@type\":\"EntryPoint\",\"urlTemplate\":\"https:\\\/\\\/www.rassegnastampa-totustuus.it\\\/cattolica\\\/?s={search_term_string}\"},\"query-input\":{\"@type\":\"PropertyValueSpecification\",\"valueRequired\":true,\"valueName\":\"search_term_string\"}}],\"inLanguage\":\"it-IT\"},{\"@type\":\"Organization\",\"@id\":\"https:\\\/\\\/www.rassegnastampa-totustuus.it\\\/cattolica\\\/#organization\",\"name\":\"Rassegna Stampa Cattolica\",\"url\":\"https:\\\/\\\/www.rassegnastampa-totustuus.it\\\/cattolica\\\/\",\"logo\":{\"@type\":\"ImageObject\",\"inLanguage\":\"it-IT\",\"@id\":\"https:\\\/\\\/www.rassegnastampa-totustuus.it\\\/cattolica\\\/#\\\/schema\\\/logo\\\/image\\\/\",\"url\":\"https:\\\/\\\/www.rassegnastampa-totustuus.it\\\/cattolica\\\/wp-content\\\/uploads\\\/2014\\\/04\\\/logo-rassegna1.gif\",\"contentUrl\":\"https:\\\/\\\/www.rassegnastampa-totustuus.it\\\/cattolica\\\/wp-content\\\/uploads\\\/2014\\\/04\\\/logo-rassegna1.gif\",\"width\":600,\"height\":163,\"caption\":\"Rassegna Stampa Cattolica\"},\"image\":{\"@id\":\"https:\\\/\\\/www.rassegnastampa-totustuus.it\\\/cattolica\\\/#\\\/schema\\\/logo\\\/image\\\/\"},\"sameAs\":[\"https:\\\/\\\/www.facebook.com\\\/rassegnastampacattolica\",\"https:\\\/\\\/x.com\\\/rassegnastampa9\"]},{\"@type\":\"Person\",\"@id\":\"https:\\\/\\\/www.rassegnastampa-totustuus.it\\\/cattolica\\\/#\\\/schema\\\/person\\\/08f319d2bd1a0904ad9e2bfb7b15e5c3\",\"name\":\"Redazione\",\"image\":{\"@type\":\"ImageObject\",\"inLanguage\":\"it-IT\",\"@id\":\"https:\\\/\\\/secure.gravatar.com\\\/avatar\\\/2fcdf27c78ea025fbdb44e914cc63c72249ffec9dc8aafd5c82b26240ef3f346?s=96&d=mm&r=g\",\"url\":\"https:\\\/\\\/secure.gravatar.com\\\/avatar\\\/2fcdf27c78ea025fbdb44e914cc63c72249ffec9dc8aafd5c82b26240ef3f346?s=96&d=mm&r=g\",\"contentUrl\":\"https:\\\/\\\/secure.gravatar.com\\\/avatar\\\/2fcdf27c78ea025fbdb44e914cc63c72249ffec9dc8aafd5c82b26240ef3f346?s=96&d=mm&r=g\",\"caption\":\"Redazione\"},\"url\":\"https:\\\/\\\/www.rassegnastampa-totustuus.it\\\/cattolica\\\/author\\\/pietroelle\\\/\"}]}<\/script>\n<!-- \/ Yoast SEO plugin. -->","yoast_head_json":{"title":"Fine aprile del 1799: un Papa prigioniero riceve l\u2019omaggio dei Tortonesi - Rassegna Stampa Cattolica","description":"Rassegna Stampa Cattolica - Per una cultura che nasce dalla Rivelazione cristiana in conformit\u00e0 alla tradizione e al Magistero della Chiesa in opposizione ad ogni relativismo e totalitarismo","robots":{"index":"index","follow":"follow","max-snippet":"max-snippet:-1","max-image-preview":"max-image-preview:large","max-video-preview":"max-video-preview:-1"},"canonical":"https:\/\/www.rassegnastampa-totustuus.it\/cattolica\/fine-aprile-del-1799-un-papa-prigioniero-riceve-lomaggio-dei-tortonesi\/","og_locale":"it_IT","og_type":"article","og_title":"Fine aprile del 1799: un Papa prigioniero riceve l\u2019omaggio dei Tortonesi - Rassegna Stampa Cattolica","og_description":"Rassegna Stampa Cattolica - Per una cultura che nasce dalla Rivelazione cristiana in conformit\u00e0 alla tradizione e al Magistero della Chiesa in opposizione ad ogni relativismo e totalitarismo","og_url":"https:\/\/www.rassegnastampa-totustuus.it\/cattolica\/fine-aprile-del-1799-un-papa-prigioniero-riceve-lomaggio-dei-tortonesi\/","og_site_name":"Rassegna Stampa Cattolica","article_publisher":"https:\/\/www.facebook.com\/rassegnastampacattolica","article_published_time":"2005-09-22T15:02:49+00:00","article_modified_time":"2016-04-11T07:07:22+00:00","og_image":[{"width":223,"height":226,"url":"https:\/\/www.rassegnastampa-totustuus.it\/cattolica\/wp-content\/uploads\/2005\/09\/Pio_VI.jpg","type":"image\/jpeg"}],"author":"Redazione","twitter_card":"summary_large_image","twitter_creator":"@rassegnastampa9","twitter_site":"@rassegnastampa9","twitter_misc":{"Scritto da":"Redazione","Tempo di lettura stimato":"9 minuti"},"schema":{"@context":"https:\/\/schema.org","@graph":[{"@type":"Article","@id":"https:\/\/www.rassegnastampa-totustuus.it\/cattolica\/fine-aprile-del-1799-un-papa-prigioniero-riceve-lomaggio-dei-tortonesi\/#article","isPartOf":{"@id":"https:\/\/www.rassegnastampa-totustuus.it\/cattolica\/fine-aprile-del-1799-un-papa-prigioniero-riceve-lomaggio-dei-tortonesi\/"},"author":{"name":"Redazione","@id":"https:\/\/www.rassegnastampa-totustuus.it\/cattolica\/#\/schema\/person\/08f319d2bd1a0904ad9e2bfb7b15e5c3"},"headline":"Fine aprile del 1799: un Papa prigioniero riceve l\u2019omaggio dei Tortonesi","datePublished":"2005-09-22T15:02:49+00:00","dateModified":"2016-04-11T07:07:22+00:00","mainEntityOfPage":{"@id":"https:\/\/www.rassegnastampa-totustuus.it\/cattolica\/fine-aprile-del-1799-un-papa-prigioniero-riceve-lomaggio-dei-tortonesi\/"},"wordCount":1750,"publisher":{"@id":"https:\/\/www.rassegnastampa-totustuus.it\/cattolica\/#organization"},"image":{"@id":"https:\/\/www.rassegnastampa-totustuus.it\/cattolica\/fine-aprile-del-1799-un-papa-prigioniero-riceve-lomaggio-dei-tortonesi\/#primaryimage"},"thumbnailUrl":"https:\/\/www.rassegnastampa-totustuus.it\/cattolica\/wp-content\/uploads\/2005\/09\/Pio_VI.jpg","keywords":["giacobini","insorgenze"],"articleSection":["Insorgenze","Storia italiana"],"inLanguage":"it-IT"},{"@type":"WebPage","@id":"https:\/\/www.rassegnastampa-totustuus.it\/cattolica\/fine-aprile-del-1799-un-papa-prigioniero-riceve-lomaggio-dei-tortonesi\/","url":"https:\/\/www.rassegnastampa-totustuus.it\/cattolica\/fine-aprile-del-1799-un-papa-prigioniero-riceve-lomaggio-dei-tortonesi\/","name":"Fine aprile del 1799: un Papa prigioniero riceve l\u2019omaggio dei Tortonesi - Rassegna Stampa Cattolica","isPartOf":{"@id":"https:\/\/www.rassegnastampa-totustuus.it\/cattolica\/#website"},"primaryImageOfPage":{"@id":"https:\/\/www.rassegnastampa-totustuus.it\/cattolica\/fine-aprile-del-1799-un-papa-prigioniero-riceve-lomaggio-dei-tortonesi\/#primaryimage"},"image":{"@id":"https:\/\/www.rassegnastampa-totustuus.it\/cattolica\/fine-aprile-del-1799-un-papa-prigioniero-riceve-lomaggio-dei-tortonesi\/#primaryimage"},"thumbnailUrl":"https:\/\/www.rassegnastampa-totustuus.it\/cattolica\/wp-content\/uploads\/2005\/09\/Pio_VI.jpg","datePublished":"2005-09-22T15:02:49+00:00","dateModified":"2016-04-11T07:07:22+00:00","description":"Rassegna Stampa Cattolica - Per una cultura che nasce dalla Rivelazione cristiana in conformit\u00e0 alla tradizione e al Magistero della Chiesa in opposizione ad ogni relativismo e totalitarismo","breadcrumb":{"@id":"https:\/\/www.rassegnastampa-totustuus.it\/cattolica\/fine-aprile-del-1799-un-papa-prigioniero-riceve-lomaggio-dei-tortonesi\/#breadcrumb"},"inLanguage":"it-IT","potentialAction":[{"@type":"ReadAction","target":["https:\/\/www.rassegnastampa-totustuus.it\/cattolica\/fine-aprile-del-1799-un-papa-prigioniero-riceve-lomaggio-dei-tortonesi\/"]}]},{"@type":"ImageObject","inLanguage":"it-IT","@id":"https:\/\/www.rassegnastampa-totustuus.it\/cattolica\/fine-aprile-del-1799-un-papa-prigioniero-riceve-lomaggio-dei-tortonesi\/#primaryimage","url":"https:\/\/www.rassegnastampa-totustuus.it\/cattolica\/wp-content\/uploads\/2005\/09\/Pio_VI.jpg","contentUrl":"https:\/\/www.rassegnastampa-totustuus.it\/cattolica\/wp-content\/uploads\/2005\/09\/Pio_VI.jpg","width":223,"height":226},{"@type":"BreadcrumbList","@id":"https:\/\/www.rassegnastampa-totustuus.it\/cattolica\/fine-aprile-del-1799-un-papa-prigioniero-riceve-lomaggio-dei-tortonesi\/#breadcrumb","itemListElement":[{"@type":"ListItem","position":1,"name":"Home","item":"https:\/\/www.rassegnastampa-totustuus.it\/cattolica\/"},{"@type":"ListItem","position":2,"name":"Fine aprile del 1799: un Papa prigioniero riceve l\u2019omaggio dei Tortonesi"}]},{"@type":"WebSite","@id":"https:\/\/www.rassegnastampa-totustuus.it\/cattolica\/#website","url":"https:\/\/www.rassegnastampa-totustuus.it\/cattolica\/","name":"Rassegna Stampa Cattolica","description":"Per una cultura che nasce dalla Rivelazione cristiana in conformit\u00e0 alla tradizione e al Magistero della Chiesa in opposizione ad ogni relativismo e totalitarismo","publisher":{"@id":"https:\/\/www.rassegnastampa-totustuus.it\/cattolica\/#organization"},"alternateName":"Rass. Cattolica","potentialAction":[{"@type":"SearchAction","target":{"@type":"EntryPoint","urlTemplate":"https:\/\/www.rassegnastampa-totustuus.it\/cattolica\/?s={search_term_string}"},"query-input":{"@type":"PropertyValueSpecification","valueRequired":true,"valueName":"search_term_string"}}],"inLanguage":"it-IT"},{"@type":"Organization","@id":"https:\/\/www.rassegnastampa-totustuus.it\/cattolica\/#organization","name":"Rassegna Stampa Cattolica","url":"https:\/\/www.rassegnastampa-totustuus.it\/cattolica\/","logo":{"@type":"ImageObject","inLanguage":"it-IT","@id":"https:\/\/www.rassegnastampa-totustuus.it\/cattolica\/#\/schema\/logo\/image\/","url":"https:\/\/www.rassegnastampa-totustuus.it\/cattolica\/wp-content\/uploads\/2014\/04\/logo-rassegna1.gif","contentUrl":"https:\/\/www.rassegnastampa-totustuus.it\/cattolica\/wp-content\/uploads\/2014\/04\/logo-rassegna1.gif","width":600,"height":163,"caption":"Rassegna Stampa Cattolica"},"image":{"@id":"https:\/\/www.rassegnastampa-totustuus.it\/cattolica\/#\/schema\/logo\/image\/"},"sameAs":["https:\/\/www.facebook.com\/rassegnastampacattolica","https:\/\/x.com\/rassegnastampa9"]},{"@type":"Person","@id":"https:\/\/www.rassegnastampa-totustuus.it\/cattolica\/#\/schema\/person\/08f319d2bd1a0904ad9e2bfb7b15e5c3","name":"Redazione","image":{"@type":"ImageObject","inLanguage":"it-IT","@id":"https:\/\/secure.gravatar.com\/avatar\/2fcdf27c78ea025fbdb44e914cc63c72249ffec9dc8aafd5c82b26240ef3f346?s=96&d=mm&r=g","url":"https:\/\/secure.gravatar.com\/avatar\/2fcdf27c78ea025fbdb44e914cc63c72249ffec9dc8aafd5c82b26240ef3f346?s=96&d=mm&r=g","contentUrl":"https:\/\/secure.gravatar.com\/avatar\/2fcdf27c78ea025fbdb44e914cc63c72249ffec9dc8aafd5c82b26240ef3f346?s=96&d=mm&r=g","caption":"Redazione"},"url":"https:\/\/www.rassegnastampa-totustuus.it\/cattolica\/author\/pietroelle\/"}]}},"_links":{"self":[{"href":"https:\/\/www.rassegnastampa-totustuus.it\/cattolica\/wp-json\/wp\/v2\/posts\/1468","targetHints":{"allow":["GET"]}}],"collection":[{"href":"https:\/\/www.rassegnastampa-totustuus.it\/cattolica\/wp-json\/wp\/v2\/posts"}],"about":[{"href":"https:\/\/www.rassegnastampa-totustuus.it\/cattolica\/wp-json\/wp\/v2\/types\/post"}],"author":[{"embeddable":true,"href":"https:\/\/www.rassegnastampa-totustuus.it\/cattolica\/wp-json\/wp\/v2\/users\/6"}],"replies":[{"embeddable":true,"href":"https:\/\/www.rassegnastampa-totustuus.it\/cattolica\/wp-json\/wp\/v2\/comments?post=1468"}],"version-history":[{"count":4,"href":"https:\/\/www.rassegnastampa-totustuus.it\/cattolica\/wp-json\/wp\/v2\/posts\/1468\/revisions"}],"predecessor-version":[{"id":32551,"href":"https:\/\/www.rassegnastampa-totustuus.it\/cattolica\/wp-json\/wp\/v2\/posts\/1468\/revisions\/32551"}],"wp:featuredmedia":[{"embeddable":true,"href":"https:\/\/www.rassegnastampa-totustuus.it\/cattolica\/wp-json\/wp\/v2\/media\/32550"}],"wp:attachment":[{"href":"https:\/\/www.rassegnastampa-totustuus.it\/cattolica\/wp-json\/wp\/v2\/media?parent=1468"}],"wp:term":[{"taxonomy":"category","embeddable":true,"href":"https:\/\/www.rassegnastampa-totustuus.it\/cattolica\/wp-json\/wp\/v2\/categories?post=1468"},{"taxonomy":"post_tag","embeddable":true,"href":"https:\/\/www.rassegnastampa-totustuus.it\/cattolica\/wp-json\/wp\/v2\/tags?post=1468"}],"curies":[{"name":"wp","href":"https:\/\/api.w.org\/{rel}","templated":true}]}}