{"id":1463,"date":"2005-09-22T15:41:06","date_gmt":"2005-09-22T13:41:06","guid":{"rendered":""},"modified":"2016-04-11T09:26:42","modified_gmt":"2016-04-11T07:26:42","slug":"liberatori-no-tiranni","status":"publish","type":"post","link":"https:\/\/www.rassegnastampa-totustuus.it\/cattolica\/liberatori-no-tiranni\/","title":{"rendered":"Liberatori? No, tiranni"},"content":{"rendered":"<div style=\"text-align: justify;\"><img loading=\"lazy\" decoding=\"async\" class=\"alignright wp-image-32552\" src=\"https:\/\/www.rassegnastampa-totustuus.it\/cattolica\/wp-content\/uploads\/2005\/09\/francesi_in_Italia.jpg\" alt=\"francesi_in_Italia\" width=\"250\" height=\"181\" \/>Un convegno a Milano sulle insorgenze antifrancesi sfata i luoghi comuni della storiografia progressista.<\/div>\n<p style=\"text-align: center;\">di <strong>Nuccio Barbieri<\/strong><\/p>\n<p><!--more--><\/p>\n<div style=\"text-align: justify;\">Il mezzo secolo che va dal 1796 fino alla restaurazione, nel 1815, ha segnato profondamente l&#8217;Italia. Con il &#8217;96 si apre infatti il cosiddetto triennio giacobino che cambier\u00e0 in modo definitivo l&#8217;assetto geopolitico della nostra Penisola.<\/div>\n<p style=\"text-align: justify;\">L&#8217;assetto politico della Penisola poteva considerarsi sconvolto. La stagione rivoluzionaria aveva coinvolto praticamente tutti gli italiani. La Repubblica di Venezia si era dissolta, lo Stato Pontificio esisteva quasi soltanto sulla carta, il Regno delle Due Sicilie stava per sgretolarsi sotto l&#8217;attacco delle armate francesi.<\/p>\n<p style=\"text-align: justify;\">La ventata rivoluzionaria che ha varcato le Alpi sospinta dai cannoni e dai fucili di Bonaparte, provoca reazioni contrastanti.<\/p>\n<p style=\"text-align: justify;\">Da un lato, i giacobini italiani si schierano con gli invasori francesi. <em>Dall&#8217;altro, amplissimi strati di popolazione, sotto la guida di leader improvvisati, danno vita a movimenti contro-rivoluzionari, che sfoceranno quasi subito in vere e proprie insurrezioni, le &#8220;Insorgenze&#8221;.<\/em><\/p>\n<p style=\"text-align: justify;\">A Roma, nel Lazio, in Toscana, in Lombardia, in Piemonte, in Veneto, in Emilia, in Romagna e in Trentino; ma anche in Calabria, in Campania, in Basilicata, nell&#8217;Abruzzo e nelle Marche. Il fenomeno quasi del tutto ignorato dalla storiografia ufficiale tutta protesa a celebrare il carattere rivoluzionario e &#8220;democratico&#8221; dell&#8217;invasione francese, ebbe invece proporzioni molto vaste. In talune occasioni, il confronto diverr\u00e0 guerra civile, quando gli insorti, talvolta inquadrati e organizzati da formazioni militari, si troveranno di fronte altri italiani che combattevano nelle milizie della Repubblica Cisalpina.<\/p>\n<p style=\"text-align: justify;\">&#8220;Prima della vantata <em>liberazione<\/em> &#8211; scrive Cesare Cant\u00f9, romanziere e storico ottocentesco &#8211; l&#8217;Italia, salvo la Lombardia, era tutta indipendente, con governi o buoni o cattivi, come quelli di tutta Europa, migliori di certo di altri&#8230; fondati sulle consuetudini nazionali; di data antica, il che \u00e9 giustificazione non soltanto nella storia, e molti di gloriosa rinomanza&#8221;.<\/p>\n<p style=\"text-align: justify;\">Sul tema delle insorgenze anti-giacobine e anti-napoleoniche dell&#8217;Italia a cavallo tra il XVIII e XIX secolo si \u00e9 tenuto un convegno svoltosi domenica scorsa a Milano e organizzato dall&#8217;Istituto per la Storia delle Insorgenze, in collaborazione con la Regione Lombardia (Settore Trasparenza e Cultura), con Alleanza Cattolica e con la rivista <em>Cristianit\u00e0.<\/em> La manifestazione, che ha riscosso un buon successo di pubblico &#8211; <em>sono intervenute oltre trecento persone<\/em> &#8211; ha visto gli interventi di Maurizio Tremaglia, Assessore alla Cultura della Regione Lombardia (AN), Francesco Mario Agnoli, Magistrato e studioso delle insorgenze, Paolo Martinucci, storico, Marco Invernizzi, Preside delle Istituto per le Insorgenze, Gigliola di Renzo Villata, ordinario di storia all&#8217;Universit\u00e0 di Milano, Adriano Cavanna, docente di Storia del Diritto dell&#8217;Universit\u00e0 Cattolica di Milano, e Giovanni Cantoni, direttore di Cristianit\u00e0.<\/p>\n<p style=\"text-align: justify;\">&#8220;Non dobbiamo lasciare invano l&#8217;occasione offerta dal bicentenario delle insorgenze&#8221;, spiega Invernizzi nella prefazione della &#8220;<em>Guida alle Insorgenze Contro-Rivoluzionarie in Italia<\/em>&#8221; (edita da Mimep-Docete, 1996). &#8220;Certamente bisogna evitare una celebrazione da operetta, che sarebbe soltanto un reducismo senza reduci &#8211; dice &#8211; &#8230; Si tratta invece di cercare di affermare la verit\u00e0 sulla storia della nostra nazione, perch\u00e9 soltanto con la consapevolezza della verit\u00e0 sar\u00e0 possibile ricostruire l&#8217;identit\u00e0 culturale del popolo italiano&#8221;.<\/p>\n<p style=\"text-align: justify;\">Due secoli di storiografia, dei quali gli ultimi cinquant&#8217;anni imbevuti del materialismo marxista, hanno dato del periodo giacobino e generalmente di quello napoleonico, una lettura a senso unico.<\/p>\n<p style=\"text-align: justify;\">I buoni tutti da una parte, i cattivi dall&#8217;altra. I buoni a fiancheggiare le armate napoleoniche che hanno &#8220;esportato&#8221; con la forza delle armi le idee della Rivoluzione Francese, sull&#8217;altro versante i cattivi a difendere un&#8217;ordine innaturale, che puntava alla conservazione dello <em>status quo<\/em>: lo stesso Agnoli, nel suo intervento al convegno di Milano, ha approfondito fra gli altri, proprio questo aspetto.<\/p>\n<p style=\"text-align: justify;\">&#8220;Fino al passato recentissimo, ma in gran parte anche oggi, la storiografia ufficiale, in prima linea con quella dei programmi scolastici, trascura come se non fosse mai esistito il fenomeno delle insorgenze, oppure lo riduce a una serie di episodi isolati e tutto sommato insignificanti. Vi attribuisce motivazioni diverse: in alcuni casi la renitenza di giovani contadini e delle loro famiglie alla coscrizione obbligatoria, in altri l&#8217;eccesso della tassazione e delle contribuzioni di guerra richieste dai comandanti francesi, la sobillazione della plebe ignorante da parte dei preti fanatici (questo in particolare \u00e9 argomento molto caro alla storiografia liberale e marxista). Una specie di lotta di classe fra contadini e cittadini o fra plebe e borghesia&#8221;.<\/p>\n<p style=\"text-align: justify;\">In realt\u00e0 basta leggere le cronache del tempo (&#8220;in gran parte inedite o dimenticate negli scaffali delle biblioteche&#8221;, dice Agnoli), per rendersi conto che nella grandissima maggioranza dei casi le rivolte contro-rivoluzionarie hanno rappresentato un fenomeno trasversale, ribaltando le tesi della storiografia ufficiale. Vi hanno preso parte, cio\u00e9, i ricchi e i poveri, i contadini e i borghesi, gli ex-ufficiali e i soldati degli Stati pre-giacobini. Diversamente non si spiegherebbe l&#8217;enorme partecipazione di italiani a scontri sanguinosi che avevano gi\u00e0 in partenza ben poche possibilit\u00e0 di successo.<\/p>\n<p style=\"text-align: justify;\">Fra i molti episodi, ricordiamo la tenace resistenza opposta alle armate francesi dai difensori delle fortezze di Gaeta e di Civitella del Tronto. Una resistenza epica, segnata da episodi di eroismo non spiegabili alla luce delle motivazioni fornite dalla storiografia materialistica. Di fronte all&#8217;incalzare delle fanterie napoleoniche che tutto travolgevano al loro passaggio, ben poco avrebbero potuto le sobillazioni di preti e di intellettuali anti-giacobini.<\/p>\n<p style=\"text-align: justify;\">Ben altri, in realt\u00e0, erano gli ideali che spingevano i sudditi del Regno borbonico delle Due Sicilie o gli abitanti della citt\u00e0 di Pavia e di Binasco a prendere le armi contro i francesi e imbarcarsi in imprese che avevano ben poche speranze di successo.<\/p>\n<p style=\"text-align: justify;\">In realt\u00e0 &#8211; questo senza dubbio \u00e9 il messaggio forte uscito dal Convegno di Milano &#8211; il significato profondo delle insorgenze \u00e9 stato volutamente messo in ombra da storici troppo impegnati a interpretare i fatti alla luce della cultura dominante di sinistra.<\/p>\n<p style=\"text-align: justify;\">Cos\u00ec, a partire da un equivoco di fondo, si \u00e9 cercato di far coincidere la campagna d&#8217;Italia, condotta peraltro con grandi stragi di innocenti, con una guerra di liberazione. Gli ideali giacobini della libert\u00e0 e dell&#8217;uguaglianza da un lato, contro quelli della tradizione dall&#8217;altro. Un equivoco che divenne paradossale se si pensa all&#8217;ordinamento che assume l&#8217;Italia nel successivo periodo imperiale, quando Napoleone, divenuto sovrano assoluto, ridisegna la geografia politica della penisola, attribuendo a parenti e amici la sovranit\u00e0 di regni fittizi.<\/p>\n<p style=\"text-align: justify;\">Vale la pena comunque sottolineare come nemmeno l&#8217;amministrazione leghista del Comune di Milano si sottragga all&#8217;interpretazione a senso unico di quei fatti. L&#8217;assessore alla cultura P. Daverio, infatti, ha stanziato ben 250 milioni per festeggiare &#8220;l&#8217;invasione rivoluzionaria di Milano del 1796&#8221;. E il fatto assume contorni paradossali se si pensa che i festeggiamenti riguardano l&#8217;occupazione della &#8220;Padania&#8221; da parte dei giacobini, i veri inventori del Codice Civile alla base del burocratico centralismo statale.<\/p>\n","protected":false},"excerpt":{"rendered":"<p>Un convegno a Milano sulle insorgenze antifrancesi sfata i luoghi comuni della storiografia progressista. di Nuccio Barbieri<\/p><p><a class=\"more-link btn\" href=\"https:\/\/www.rassegnastampa-totustuus.it\/cattolica\/liberatori-no-tiranni\/\">Continua a leggere<\/a><\/p>\n","protected":false},"author":6,"featured_media":32552,"comment_status":"closed","ping_status":"open","sticky":false,"template":"","format":"standard","meta":{"footnotes":""},"categories":[99,96],"tags":[1053,1051],"class_list":["post-1463","post","type-post","status-publish","format-standard","has-post-thumbnail","hentry","category-insorgenze","category-storia-italiana","tag-giacobini","tag-insorgenze-2","item-wrap"],"yoast_head":"<!-- This site is optimized with the Yoast SEO plugin v27.5 - https:\/\/yoast.com\/product\/yoast-seo-wordpress\/ -->\n<title>Liberatori? No, tiranni - Rassegna Stampa Cattolica<\/title>\n<meta name=\"description\" content=\"Rassegna Stampa Cattolica - Per una cultura che nasce dalla Rivelazione cristiana in conformit\u00e0 alla tradizione e al Magistero della Chiesa in opposizione ad ogni relativismo e totalitarismo\" \/>\n<meta name=\"robots\" content=\"index, follow, max-snippet:-1, max-image-preview:large, max-video-preview:-1\" \/>\n<link rel=\"canonical\" href=\"https:\/\/www.rassegnastampa-totustuus.it\/cattolica\/liberatori-no-tiranni\/\" \/>\n<meta property=\"og:locale\" content=\"it_IT\" \/>\n<meta property=\"og:type\" content=\"article\" \/>\n<meta property=\"og:title\" content=\"Liberatori? No, tiranni - Rassegna Stampa Cattolica\" \/>\n<meta property=\"og:description\" content=\"Rassegna Stampa Cattolica - Per una cultura che nasce dalla Rivelazione cristiana in conformit\u00e0 alla tradizione e al Magistero della Chiesa in opposizione ad ogni relativismo e totalitarismo\" \/>\n<meta property=\"og:url\" content=\"https:\/\/www.rassegnastampa-totustuus.it\/cattolica\/liberatori-no-tiranni\/\" \/>\n<meta property=\"og:site_name\" content=\"Rassegna Stampa Cattolica\" \/>\n<meta property=\"article:publisher\" content=\"https:\/\/www.facebook.com\/rassegnastampacattolica\" \/>\n<meta property=\"article:published_time\" content=\"2005-09-22T13:41:06+00:00\" \/>\n<meta property=\"article:modified_time\" content=\"2016-04-11T07:26:42+00:00\" \/>\n<meta property=\"og:image\" content=\"https:\/\/www.rassegnastampa-totustuus.it\/cattolica\/wp-content\/uploads\/2005\/09\/francesi_in_Italia.jpg\" \/>\n\t<meta property=\"og:image:width\" content=\"264\" \/>\n\t<meta property=\"og:image:height\" content=\"191\" \/>\n\t<meta property=\"og:image:type\" content=\"image\/jpeg\" \/>\n<meta name=\"author\" content=\"Redazione\" \/>\n<meta name=\"twitter:card\" content=\"summary_large_image\" \/>\n<meta name=\"twitter:creator\" content=\"@rassegnastampa9\" \/>\n<meta name=\"twitter:site\" content=\"@rassegnastampa9\" \/>\n<meta name=\"twitter:label1\" content=\"Scritto da\" \/>\n\t<meta name=\"twitter:data1\" content=\"Redazione\" \/>\n\t<meta name=\"twitter:label2\" content=\"Tempo di lettura stimato\" \/>\n\t<meta name=\"twitter:data2\" content=\"5 minuti\" \/>\n<script type=\"application\/ld+json\" class=\"yoast-schema-graph\">{\"@context\":\"https:\\\/\\\/schema.org\",\"@graph\":[{\"@type\":\"Article\",\"@id\":\"https:\\\/\\\/www.rassegnastampa-totustuus.it\\\/cattolica\\\/liberatori-no-tiranni\\\/#article\",\"isPartOf\":{\"@id\":\"https:\\\/\\\/www.rassegnastampa-totustuus.it\\\/cattolica\\\/liberatori-no-tiranni\\\/\"},\"author\":{\"name\":\"Redazione\",\"@id\":\"https:\\\/\\\/www.rassegnastampa-totustuus.it\\\/cattolica\\\/#\\\/schema\\\/person\\\/08f319d2bd1a0904ad9e2bfb7b15e5c3\"},\"headline\":\"Liberatori? No, tiranni\",\"datePublished\":\"2005-09-22T13:41:06+00:00\",\"dateModified\":\"2016-04-11T07:26:42+00:00\",\"mainEntityOfPage\":{\"@id\":\"https:\\\/\\\/www.rassegnastampa-totustuus.it\\\/cattolica\\\/liberatori-no-tiranni\\\/\"},\"wordCount\":1118,\"publisher\":{\"@id\":\"https:\\\/\\\/www.rassegnastampa-totustuus.it\\\/cattolica\\\/#organization\"},\"image\":{\"@id\":\"https:\\\/\\\/www.rassegnastampa-totustuus.it\\\/cattolica\\\/liberatori-no-tiranni\\\/#primaryimage\"},\"thumbnailUrl\":\"https:\\\/\\\/www.rassegnastampa-totustuus.it\\\/cattolica\\\/wp-content\\\/uploads\\\/2005\\\/09\\\/francesi_in_Italia.jpg\",\"keywords\":[\"giacobini\",\"insorgenze\"],\"articleSection\":[\"Insorgenze\",\"Storia italiana\"],\"inLanguage\":\"it-IT\"},{\"@type\":\"WebPage\",\"@id\":\"https:\\\/\\\/www.rassegnastampa-totustuus.it\\\/cattolica\\\/liberatori-no-tiranni\\\/\",\"url\":\"https:\\\/\\\/www.rassegnastampa-totustuus.it\\\/cattolica\\\/liberatori-no-tiranni\\\/\",\"name\":\"Liberatori? No, tiranni - Rassegna Stampa Cattolica\",\"isPartOf\":{\"@id\":\"https:\\\/\\\/www.rassegnastampa-totustuus.it\\\/cattolica\\\/#website\"},\"primaryImageOfPage\":{\"@id\":\"https:\\\/\\\/www.rassegnastampa-totustuus.it\\\/cattolica\\\/liberatori-no-tiranni\\\/#primaryimage\"},\"image\":{\"@id\":\"https:\\\/\\\/www.rassegnastampa-totustuus.it\\\/cattolica\\\/liberatori-no-tiranni\\\/#primaryimage\"},\"thumbnailUrl\":\"https:\\\/\\\/www.rassegnastampa-totustuus.it\\\/cattolica\\\/wp-content\\\/uploads\\\/2005\\\/09\\\/francesi_in_Italia.jpg\",\"datePublished\":\"2005-09-22T13:41:06+00:00\",\"dateModified\":\"2016-04-11T07:26:42+00:00\",\"description\":\"Rassegna Stampa Cattolica - Per una cultura che nasce dalla Rivelazione cristiana in conformit\u00e0 alla tradizione e al Magistero della Chiesa in opposizione ad ogni relativismo e totalitarismo\",\"breadcrumb\":{\"@id\":\"https:\\\/\\\/www.rassegnastampa-totustuus.it\\\/cattolica\\\/liberatori-no-tiranni\\\/#breadcrumb\"},\"inLanguage\":\"it-IT\",\"potentialAction\":[{\"@type\":\"ReadAction\",\"target\":[\"https:\\\/\\\/www.rassegnastampa-totustuus.it\\\/cattolica\\\/liberatori-no-tiranni\\\/\"]}]},{\"@type\":\"ImageObject\",\"inLanguage\":\"it-IT\",\"@id\":\"https:\\\/\\\/www.rassegnastampa-totustuus.it\\\/cattolica\\\/liberatori-no-tiranni\\\/#primaryimage\",\"url\":\"https:\\\/\\\/www.rassegnastampa-totustuus.it\\\/cattolica\\\/wp-content\\\/uploads\\\/2005\\\/09\\\/francesi_in_Italia.jpg\",\"contentUrl\":\"https:\\\/\\\/www.rassegnastampa-totustuus.it\\\/cattolica\\\/wp-content\\\/uploads\\\/2005\\\/09\\\/francesi_in_Italia.jpg\",\"width\":264,\"height\":191},{\"@type\":\"BreadcrumbList\",\"@id\":\"https:\\\/\\\/www.rassegnastampa-totustuus.it\\\/cattolica\\\/liberatori-no-tiranni\\\/#breadcrumb\",\"itemListElement\":[{\"@type\":\"ListItem\",\"position\":1,\"name\":\"Home\",\"item\":\"https:\\\/\\\/www.rassegnastampa-totustuus.it\\\/cattolica\\\/\"},{\"@type\":\"ListItem\",\"position\":2,\"name\":\"Liberatori? No, tiranni\"}]},{\"@type\":\"WebSite\",\"@id\":\"https:\\\/\\\/www.rassegnastampa-totustuus.it\\\/cattolica\\\/#website\",\"url\":\"https:\\\/\\\/www.rassegnastampa-totustuus.it\\\/cattolica\\\/\",\"name\":\"Rassegna Stampa Cattolica\",\"description\":\"Per una cultura che nasce dalla Rivelazione cristiana in conformit\u00e0 alla tradizione e al Magistero della Chiesa in opposizione ad ogni relativismo e totalitarismo\",\"publisher\":{\"@id\":\"https:\\\/\\\/www.rassegnastampa-totustuus.it\\\/cattolica\\\/#organization\"},\"alternateName\":\"Rass. Cattolica\",\"potentialAction\":[{\"@type\":\"SearchAction\",\"target\":{\"@type\":\"EntryPoint\",\"urlTemplate\":\"https:\\\/\\\/www.rassegnastampa-totustuus.it\\\/cattolica\\\/?s={search_term_string}\"},\"query-input\":{\"@type\":\"PropertyValueSpecification\",\"valueRequired\":true,\"valueName\":\"search_term_string\"}}],\"inLanguage\":\"it-IT\"},{\"@type\":\"Organization\",\"@id\":\"https:\\\/\\\/www.rassegnastampa-totustuus.it\\\/cattolica\\\/#organization\",\"name\":\"Rassegna Stampa Cattolica\",\"url\":\"https:\\\/\\\/www.rassegnastampa-totustuus.it\\\/cattolica\\\/\",\"logo\":{\"@type\":\"ImageObject\",\"inLanguage\":\"it-IT\",\"@id\":\"https:\\\/\\\/www.rassegnastampa-totustuus.it\\\/cattolica\\\/#\\\/schema\\\/logo\\\/image\\\/\",\"url\":\"https:\\\/\\\/www.rassegnastampa-totustuus.it\\\/cattolica\\\/wp-content\\\/uploads\\\/2014\\\/04\\\/logo-rassegna1.gif\",\"contentUrl\":\"https:\\\/\\\/www.rassegnastampa-totustuus.it\\\/cattolica\\\/wp-content\\\/uploads\\\/2014\\\/04\\\/logo-rassegna1.gif\",\"width\":600,\"height\":163,\"caption\":\"Rassegna Stampa Cattolica\"},\"image\":{\"@id\":\"https:\\\/\\\/www.rassegnastampa-totustuus.it\\\/cattolica\\\/#\\\/schema\\\/logo\\\/image\\\/\"},\"sameAs\":[\"https:\\\/\\\/www.facebook.com\\\/rassegnastampacattolica\",\"https:\\\/\\\/x.com\\\/rassegnastampa9\"]},{\"@type\":\"Person\",\"@id\":\"https:\\\/\\\/www.rassegnastampa-totustuus.it\\\/cattolica\\\/#\\\/schema\\\/person\\\/08f319d2bd1a0904ad9e2bfb7b15e5c3\",\"name\":\"Redazione\",\"image\":{\"@type\":\"ImageObject\",\"inLanguage\":\"it-IT\",\"@id\":\"https:\\\/\\\/secure.gravatar.com\\\/avatar\\\/2fcdf27c78ea025fbdb44e914cc63c72249ffec9dc8aafd5c82b26240ef3f346?s=96&d=mm&r=g\",\"url\":\"https:\\\/\\\/secure.gravatar.com\\\/avatar\\\/2fcdf27c78ea025fbdb44e914cc63c72249ffec9dc8aafd5c82b26240ef3f346?s=96&d=mm&r=g\",\"contentUrl\":\"https:\\\/\\\/secure.gravatar.com\\\/avatar\\\/2fcdf27c78ea025fbdb44e914cc63c72249ffec9dc8aafd5c82b26240ef3f346?s=96&d=mm&r=g\",\"caption\":\"Redazione\"},\"url\":\"https:\\\/\\\/www.rassegnastampa-totustuus.it\\\/cattolica\\\/author\\\/pietroelle\\\/\"}]}<\/script>\n<!-- \/ Yoast SEO plugin. -->","yoast_head_json":{"title":"Liberatori? No, tiranni - Rassegna Stampa Cattolica","description":"Rassegna Stampa Cattolica - Per una cultura che nasce dalla Rivelazione cristiana in conformit\u00e0 alla tradizione e al Magistero della Chiesa in opposizione ad ogni relativismo e totalitarismo","robots":{"index":"index","follow":"follow","max-snippet":"max-snippet:-1","max-image-preview":"max-image-preview:large","max-video-preview":"max-video-preview:-1"},"canonical":"https:\/\/www.rassegnastampa-totustuus.it\/cattolica\/liberatori-no-tiranni\/","og_locale":"it_IT","og_type":"article","og_title":"Liberatori? No, tiranni - Rassegna Stampa Cattolica","og_description":"Rassegna Stampa Cattolica - Per una cultura che nasce dalla Rivelazione cristiana in conformit\u00e0 alla tradizione e al Magistero della Chiesa in opposizione ad ogni relativismo e totalitarismo","og_url":"https:\/\/www.rassegnastampa-totustuus.it\/cattolica\/liberatori-no-tiranni\/","og_site_name":"Rassegna Stampa Cattolica","article_publisher":"https:\/\/www.facebook.com\/rassegnastampacattolica","article_published_time":"2005-09-22T13:41:06+00:00","article_modified_time":"2016-04-11T07:26:42+00:00","og_image":[{"width":264,"height":191,"url":"https:\/\/www.rassegnastampa-totustuus.it\/cattolica\/wp-content\/uploads\/2005\/09\/francesi_in_Italia.jpg","type":"image\/jpeg"}],"author":"Redazione","twitter_card":"summary_large_image","twitter_creator":"@rassegnastampa9","twitter_site":"@rassegnastampa9","twitter_misc":{"Scritto da":"Redazione","Tempo di lettura stimato":"5 minuti"},"schema":{"@context":"https:\/\/schema.org","@graph":[{"@type":"Article","@id":"https:\/\/www.rassegnastampa-totustuus.it\/cattolica\/liberatori-no-tiranni\/#article","isPartOf":{"@id":"https:\/\/www.rassegnastampa-totustuus.it\/cattolica\/liberatori-no-tiranni\/"},"author":{"name":"Redazione","@id":"https:\/\/www.rassegnastampa-totustuus.it\/cattolica\/#\/schema\/person\/08f319d2bd1a0904ad9e2bfb7b15e5c3"},"headline":"Liberatori? No, tiranni","datePublished":"2005-09-22T13:41:06+00:00","dateModified":"2016-04-11T07:26:42+00:00","mainEntityOfPage":{"@id":"https:\/\/www.rassegnastampa-totustuus.it\/cattolica\/liberatori-no-tiranni\/"},"wordCount":1118,"publisher":{"@id":"https:\/\/www.rassegnastampa-totustuus.it\/cattolica\/#organization"},"image":{"@id":"https:\/\/www.rassegnastampa-totustuus.it\/cattolica\/liberatori-no-tiranni\/#primaryimage"},"thumbnailUrl":"https:\/\/www.rassegnastampa-totustuus.it\/cattolica\/wp-content\/uploads\/2005\/09\/francesi_in_Italia.jpg","keywords":["giacobini","insorgenze"],"articleSection":["Insorgenze","Storia italiana"],"inLanguage":"it-IT"},{"@type":"WebPage","@id":"https:\/\/www.rassegnastampa-totustuus.it\/cattolica\/liberatori-no-tiranni\/","url":"https:\/\/www.rassegnastampa-totustuus.it\/cattolica\/liberatori-no-tiranni\/","name":"Liberatori? No, tiranni - Rassegna Stampa Cattolica","isPartOf":{"@id":"https:\/\/www.rassegnastampa-totustuus.it\/cattolica\/#website"},"primaryImageOfPage":{"@id":"https:\/\/www.rassegnastampa-totustuus.it\/cattolica\/liberatori-no-tiranni\/#primaryimage"},"image":{"@id":"https:\/\/www.rassegnastampa-totustuus.it\/cattolica\/liberatori-no-tiranni\/#primaryimage"},"thumbnailUrl":"https:\/\/www.rassegnastampa-totustuus.it\/cattolica\/wp-content\/uploads\/2005\/09\/francesi_in_Italia.jpg","datePublished":"2005-09-22T13:41:06+00:00","dateModified":"2016-04-11T07:26:42+00:00","description":"Rassegna Stampa Cattolica - Per una cultura che nasce dalla Rivelazione cristiana in conformit\u00e0 alla tradizione e al Magistero della Chiesa in opposizione ad ogni relativismo e totalitarismo","breadcrumb":{"@id":"https:\/\/www.rassegnastampa-totustuus.it\/cattolica\/liberatori-no-tiranni\/#breadcrumb"},"inLanguage":"it-IT","potentialAction":[{"@type":"ReadAction","target":["https:\/\/www.rassegnastampa-totustuus.it\/cattolica\/liberatori-no-tiranni\/"]}]},{"@type":"ImageObject","inLanguage":"it-IT","@id":"https:\/\/www.rassegnastampa-totustuus.it\/cattolica\/liberatori-no-tiranni\/#primaryimage","url":"https:\/\/www.rassegnastampa-totustuus.it\/cattolica\/wp-content\/uploads\/2005\/09\/francesi_in_Italia.jpg","contentUrl":"https:\/\/www.rassegnastampa-totustuus.it\/cattolica\/wp-content\/uploads\/2005\/09\/francesi_in_Italia.jpg","width":264,"height":191},{"@type":"BreadcrumbList","@id":"https:\/\/www.rassegnastampa-totustuus.it\/cattolica\/liberatori-no-tiranni\/#breadcrumb","itemListElement":[{"@type":"ListItem","position":1,"name":"Home","item":"https:\/\/www.rassegnastampa-totustuus.it\/cattolica\/"},{"@type":"ListItem","position":2,"name":"Liberatori? No, tiranni"}]},{"@type":"WebSite","@id":"https:\/\/www.rassegnastampa-totustuus.it\/cattolica\/#website","url":"https:\/\/www.rassegnastampa-totustuus.it\/cattolica\/","name":"Rassegna Stampa Cattolica","description":"Per una cultura che nasce dalla Rivelazione cristiana in conformit\u00e0 alla tradizione e al Magistero della Chiesa in opposizione ad ogni relativismo e totalitarismo","publisher":{"@id":"https:\/\/www.rassegnastampa-totustuus.it\/cattolica\/#organization"},"alternateName":"Rass. Cattolica","potentialAction":[{"@type":"SearchAction","target":{"@type":"EntryPoint","urlTemplate":"https:\/\/www.rassegnastampa-totustuus.it\/cattolica\/?s={search_term_string}"},"query-input":{"@type":"PropertyValueSpecification","valueRequired":true,"valueName":"search_term_string"}}],"inLanguage":"it-IT"},{"@type":"Organization","@id":"https:\/\/www.rassegnastampa-totustuus.it\/cattolica\/#organization","name":"Rassegna Stampa Cattolica","url":"https:\/\/www.rassegnastampa-totustuus.it\/cattolica\/","logo":{"@type":"ImageObject","inLanguage":"it-IT","@id":"https:\/\/www.rassegnastampa-totustuus.it\/cattolica\/#\/schema\/logo\/image\/","url":"https:\/\/www.rassegnastampa-totustuus.it\/cattolica\/wp-content\/uploads\/2014\/04\/logo-rassegna1.gif","contentUrl":"https:\/\/www.rassegnastampa-totustuus.it\/cattolica\/wp-content\/uploads\/2014\/04\/logo-rassegna1.gif","width":600,"height":163,"caption":"Rassegna Stampa Cattolica"},"image":{"@id":"https:\/\/www.rassegnastampa-totustuus.it\/cattolica\/#\/schema\/logo\/image\/"},"sameAs":["https:\/\/www.facebook.com\/rassegnastampacattolica","https:\/\/x.com\/rassegnastampa9"]},{"@type":"Person","@id":"https:\/\/www.rassegnastampa-totustuus.it\/cattolica\/#\/schema\/person\/08f319d2bd1a0904ad9e2bfb7b15e5c3","name":"Redazione","image":{"@type":"ImageObject","inLanguage":"it-IT","@id":"https:\/\/secure.gravatar.com\/avatar\/2fcdf27c78ea025fbdb44e914cc63c72249ffec9dc8aafd5c82b26240ef3f346?s=96&d=mm&r=g","url":"https:\/\/secure.gravatar.com\/avatar\/2fcdf27c78ea025fbdb44e914cc63c72249ffec9dc8aafd5c82b26240ef3f346?s=96&d=mm&r=g","contentUrl":"https:\/\/secure.gravatar.com\/avatar\/2fcdf27c78ea025fbdb44e914cc63c72249ffec9dc8aafd5c82b26240ef3f346?s=96&d=mm&r=g","caption":"Redazione"},"url":"https:\/\/www.rassegnastampa-totustuus.it\/cattolica\/author\/pietroelle\/"}]}},"_links":{"self":[{"href":"https:\/\/www.rassegnastampa-totustuus.it\/cattolica\/wp-json\/wp\/v2\/posts\/1463","targetHints":{"allow":["GET"]}}],"collection":[{"href":"https:\/\/www.rassegnastampa-totustuus.it\/cattolica\/wp-json\/wp\/v2\/posts"}],"about":[{"href":"https:\/\/www.rassegnastampa-totustuus.it\/cattolica\/wp-json\/wp\/v2\/types\/post"}],"author":[{"embeddable":true,"href":"https:\/\/www.rassegnastampa-totustuus.it\/cattolica\/wp-json\/wp\/v2\/users\/6"}],"replies":[{"embeddable":true,"href":"https:\/\/www.rassegnastampa-totustuus.it\/cattolica\/wp-json\/wp\/v2\/comments?post=1463"}],"version-history":[{"count":4,"href":"https:\/\/www.rassegnastampa-totustuus.it\/cattolica\/wp-json\/wp\/v2\/posts\/1463\/revisions"}],"predecessor-version":[{"id":32553,"href":"https:\/\/www.rassegnastampa-totustuus.it\/cattolica\/wp-json\/wp\/v2\/posts\/1463\/revisions\/32553"}],"wp:featuredmedia":[{"embeddable":true,"href":"https:\/\/www.rassegnastampa-totustuus.it\/cattolica\/wp-json\/wp\/v2\/media\/32552"}],"wp:attachment":[{"href":"https:\/\/www.rassegnastampa-totustuus.it\/cattolica\/wp-json\/wp\/v2\/media?parent=1463"}],"wp:term":[{"taxonomy":"category","embeddable":true,"href":"https:\/\/www.rassegnastampa-totustuus.it\/cattolica\/wp-json\/wp\/v2\/categories?post=1463"},{"taxonomy":"post_tag","embeddable":true,"href":"https:\/\/www.rassegnastampa-totustuus.it\/cattolica\/wp-json\/wp\/v2\/tags?post=1463"}],"curies":[{"name":"wp","href":"https:\/\/api.w.org\/{rel}","templated":true}]}}