{"id":1462,"date":"2005-09-22T15:38:25","date_gmt":"2005-09-22T13:38:25","guid":{"rendered":""},"modified":"2018-08-21T13:34:07","modified_gmt":"2018-08-21T11:34:07","slug":"le-insorgenze-ferraresi-del-1799-e-del-1802-1809","status":"publish","type":"post","link":"https:\/\/www.rassegnastampa-totustuus.it\/cattolica\/le-insorgenze-ferraresi-del-1799-e-del-1802-1809\/","title":{"rendered":"Le insorgenze ferraresi del 1799 e del 1802-1809"},"content":{"rendered":"<div style=\"text-align: center;\" align=\"center\">I.D.I.S. &#8211; Istituto per la Dottrina e l&#8217;Informazione Sociale<\/div>\n<p style=\"text-align: center;\"><strong>Voci per un Dizionario del Pensiero Forte<\/strong><\/p>\n<p style=\"text-align: center;\"><a href=\"https:\/\/www.rassegnastampa-totustuus.it\/cattolica\/wp-content\/uploads\/2005\/09\/insorgenze_Ferrara.jpg\"><img loading=\"lazy\" decoding=\"async\" class=\"aligncenter wp-image-28052\" src=\"https:\/\/www.rassegnastampa-totustuus.it\/cattolica\/wp-content\/uploads\/2005\/09\/insorgenze_Ferrara.jpg\" alt=\"insorgenze_Ferrara\" width=\"250\" height=\"173\" \/><\/a><\/p>\n<p style=\"text-align: center;\">di <strong>Renato Cirelli<\/strong><\/p>\n<p><!--more--><\/p>\n<div><strong>1. Ferrara nel Triennio Giacobino<\/strong><\/div>\n<p style=\"text-align: justify;\">L\u2019Insorgenza nel Ferrarese si situa nel quadro pi\u00f9 vasto della resistenza delle popolazioni italiane alla dominazione francese e giacobina dopo l\u2019invasione del 1796 da parte degli eserciti di Napoleone Bonaparte (1769-1821), che, sconfitte le truppe del Regno di Sardegna e dell\u2019Impero asburgico e occupata la Lombardia, invade anche gli Stati Pontifici, bench\u00e9 neutrali, impadronendosi prima di Bologna e poi, il 22 giugno 1796, della Legazione di Ferrara, senza incontrare resistenza. La tregua conclusa fra la Santa Sede e Bonaparte il giorno dopo a Bologna sancisce il passaggio di Ferrara sotto il dominio francese che abolisce subito gli statuti locali insediando una municipalit\u00e0 repubblicana.<\/p>\n<p style=\"text-align: justify;\">La svolta rivoluzionaria \u00e8 interpretata, dal ceto dirigente ferrarese, come una riconquista di quell\u2019autonomia locale che era stata sempre pi\u00f9 svilita e negata dalla politica accentratrice dei Pontefici riformatori nella seconda met\u00e0 del 1700, e perci\u00f2 alcuni esponenti conservatori e aristocratici, in un primo momento, collaborano entrando nella nuova giunta. Fin da subito, per\u00f2, cresce il malcontento popolare provocato dalle vessazioni e dalle angherie del nuovo governo repubblicano.<\/p>\n<p style=\"text-align: justify;\">I provvedimenti varati dai francesi, infatti, impongono alla citt\u00e0 il pagamento di quattro milioni di lire tornesi, la consegna, sotto pena di morte, di tutte le armi, anche da taglio, la spoliazione del Monte di Piet\u00e0, comprese le fedi nuziali, delle chiese e dei conventi, l\u2019espulsione di circa settecento ecclesiastici rifugiati dalla Francia, la requisizione dei beni della Chiesa e delle confraternite. I contraccolpi sono immediati e le ordinanze provocano una forte reazione popolare, specialmente da parte delle donne, e i primi moti di scontento avvengono a Cotignola, a Massalombarda e ad Argenta, presto terminati anche per l\u2019invito alla calma da parte dell\u2019arcivescovo di Ferrara, cardinale Alessandro Mattei (1744-1820).<\/p>\n<p style=\"text-align: justify;\">In luglio per\u00f2 esplode gravissima la rivolta a Lugo, capeggiata dal fabbro Francesco Mongardini, che costringe i francesi a intervenire in forze contro gl\u2019insorti, i quali, dopo gl\u2019iniziali successi militari, vengono sconfitti; Lugo \u00e8 assediata e brutalmente saccheggiata e i capi della rivolta tradotti a Ferrara e giustiziati, fatti che provocano grande turbamento e che contribuiscono a scoraggiare altri tentativi di rivolta.<\/p>\n<p style=\"text-align: justify;\">Ciononostante in agosto il cardinale Mattei, approfittando dell\u2019assenza temporanea della guarnigione francese, cerca di ristabilire l\u2019autorit\u00e0 pontificia, ma l\u2019impresa, peraltro velleitaria, fallisce subito, lasciando l\u2019alto prelato ad affrontare da solo l\u2019ira di Bonaparte che lo costringe a un temporaneo esilio. Nel dicembre del 1796 Ferrara entra a far parte della Repubblica Cispadana, e si svolge la consultazione elettorale per l\u2019approvazione della costituzione e l\u2019elezione dei deputati al Congresso di Reggio Emilia, ma in 112 parrocchie &#8211; che fungono da collegi elettorali &#8211; su 185 i ferraresi rifiutano di votare e nelle restanti votano solo 2825 su 8823 aventi diritto e, di questi, 1658, la maggioranza, sono contrari alla repubblica.<\/p>\n<p style=\"text-align: justify;\">Nei quartieri cittadini solo uno, oltre al ghetto, si esprime favorevolmente. La collaborazione della comunit\u00e0 ebraica con i francesi provoca molto risentimento nei ferraresi, che vedono gli esponenti israeliti partecipare alla giunta municipale e fra questi Abramo Bianchini, noto per il fanatismo giacobino, diventa addirittura comandante della Guardia Nazionale, mentre altri acquistano terre e ori requisiti alle chiese e ai conventi. Alcuni, ancora, disturbano cerimonie religiose provocando disordini. Dinanzi al mutamento rivoluzionario si manifesta subito una massiccia opposizione. La presenza di una numerosa guarnigione francese impedisce per\u00f2 un immediato sfogo violento alla ribellione latente.<\/p>\n<p style=\"text-align: justify;\">La nobilt\u00e0 ferrarese adotta un atteggiamento di sprezzante distacco dalla vita politica, mentre la citt\u00e0 si chiude in un silenzioso dissenso, che si esprime nella renitenza alla leva e nell\u2019evasione fiscale. Nelle campagne, invece, la sorda e insofferente ostilit\u00e0 \u00e8 spesso incoraggiata dall\u2019ostruzionismo del clero locale.<\/p>\n<p style=\"text-align: justify;\">L\u2019atteggiamento diffuso di resistenza passiva e di apatica dissidenza si afferma come la principale peculiarit\u00e0 della popolazione ferrarese di fronte alla nuova realt\u00e0, ed \u00e8 destinata a durare nel tempo, anche quando non trova la forza di esprimersi in ribellione aperta; \u00e8 significativo comunque il fatto che, al contrario di quanto avviene in altre province, a Ferrara non emerge un ceto dirigente dalle solide convinzioni repubblicane. Nel giugno del 1797, per decisione di Bonaparte, a Milano viene proclamata la Repubblica Cisalpina, della quale Ferrara entra a far parte con il nome di Dipartimento del Basso Po e viene imposto a tutti i funzionari un giuramento di fedelt\u00e0. Il cardinale Mattei invita a non giurare e viene pertanto espulso dal territorio della Cisalpina e inviato in esilio.<\/p>\n<p style=\"text-align: justify;\">La coraggiosa presa di posizione dell\u2019arcivescovo, che giudica la Rivoluzione come movimento profondamente anticristiano, porta alle dimissioni dell\u2019intero economato del Comune e di trentacinque funzionari pubblici, mettendo in crisi l\u2019amministrazione. Da ultimo la Repubblica decide che Ferrara deve fornire cinquecento uomini per le truppe cisalpine, falcidiate dalle diserzioni, e questo in un momento in cui aumentano i contrasti fra la popolazione e il governo provocati dall\u2019inasprimento fiscale e dalla questione degli alloggi da fornire alle truppe.<\/p>\n<p style=\"text-align: justify;\">Nel dicembre del 1797 scoppiano moti a Massafiscaglia e a Lagosanto, presto domati, e nel luglio del 1798, davanti a una folla, commossa viene fucilato a Ferrara, in un clima di terrore, l\u2019anziano parroco di Varignano, don Pietro Zanarini, reo di aver abbattuto un albero della libert\u00e0.<\/p>\n<p style=\"text-align: justify;\"><strong>2. L\u2019insorgenza del 1799<\/strong><\/p>\n<p style=\"text-align: justify;\">Quando, nel marzo del 1799, riprendono le ostilit\u00e0 fra Repubblica Francese e Impero asburgico e gli eserciti austro-russi sul fronte italiano sconfiggono i francesi, anche a Ferrara la situazione \u00e8 matura per una serie di tumulti e di sollevazioni, che accelerano la vittoria finale. L\u2019arrivo di pochi cavalleggeri austriaci sul Po fa insorgere le popolazioni di Fiesso, di Trecenta, di Ficarolo e quindi di Ariano. I francesi reagiscono inviando tre cannoniere, ma gli abitanti, dopo tre ore di combattimenti, se ne impadroniscono.<\/p>\n<p style=\"text-align: justify;\">La rivolta si estende quindi a Papozze, a Crespino, a Codigoro e in tutto il basso Ferrarese. Un mugnaio di Cologna, Valeriano Chiarati, si pone a capo dell\u2019insurrezione dimostrando non disprezzabili qualit\u00e0 militari e organizzative, e alla testa di centinaia d\u2019insorgenti occupa Copparo, Villanova, Sabbioncello, Migliarino, Ostellato, Portomaggiore e infine Argenta, dov\u2019\u00e8 accolto trionfalmente dalla popolazione, che inscena manifestazioni di devozione in onore del patrono san Nicol\u00f2. Nell\u2019alto Ferrarese altre formazioni d\u2019insorti, che portano come simbolo un rametto e un\u2019immagine di Maria sul cappello, conquistano Renazzo, Casumaro, Alberone e Cento.<\/p>\n<p style=\"text-align: justify;\">A Cento il saccheggio del ghetto da parte della popolazione viene evitato grazie all\u2019intervento del parroco, don Sante Bezzi. Intanto una colonna austriaca, affiancata da quattromila contadini armati, cinge d\u2019assedio Ferrara. Il carattere di estrema crudelt\u00e0 degli scontri \u00e8 testimoniata dall\u2019eccidio di Buttifredo di San Martino, dove, il 25 aprile, una colonna francese inviata da Bologna in soccorso di Ferrara, s\u2019abbandona a eccessi di ogni genere depredando il paese e trucidando trentuno abitanti.<\/p>\n<p style=\"text-align: justify;\">Ma ormai Ferrara \u00e8 allo stremo e il popolo scende nelle strade chiamato dal suono a martello delle campane, e il 23 maggio finalmente austriaci e insorti entrano in citt\u00e0 liberandola. Viene abbattuta la municipalit\u00e0 giacobina, sono abolite le leggi rivoluzionarie, mentre la popolazione esasperata scatena la propria rabbia malmenando i giacobini pi\u00f9 in vista, saccheggiandone le abitazioni e costringendoli a restituire i frutti delle ruberie perpetrate, specialmente ai danni delle chiese.<\/p>\n<p style=\"text-align: justify;\">Nel sud della Legazione si consumano gli ultimi sanguinosi scontri fra insorgenti ferraresi e romagnoli, da una parte, e, dall\u2019altra, i francesi affiancati da quattrocento repubblicani, che, sconfitti, si vendicano con fucilazioni e con atti di rappresaglia in tutti i paesi fra Argenta e il mare. Dopo la vittoria, la Cesarea Regia Reggenza che governa Ferrara, il 2 luglio 1799, emana l\u2019editto di scioglimento delle Truppe Insorgenti.<\/p>\n<p style=\"text-align: justify;\"><strong>3. L\u2019insorgenza del 1802-1809<\/strong><\/p>\n<p style=\"text-align: justify;\">Con la pace di Lun\u00e9ville del 9 febbraio 1801, stipulata a seguito delle vittorie francesi dopo il ritorno di Napoleone dall\u2019Egitto, Ferrara torna a far parte della Repubblica Cisalpina e, con il ripristinato governo rivoluzionario, riprendono le requisizioni, la coscrizione obbligatoria e le vessazioni fiscali. La renitenza alla leva, la diserzione e l\u2019evasione fiscale sono le forme in cui s\u2019esprime la protesta delle campagne contro il governo e lo strapotere di alcuni possidenti, molti dei quali appartengono alla nuova borghesia arricchita con l\u2019acquisto dei beni della Chiesa.<\/p>\n<p style=\"text-align: justify;\">A Migliarino, nel 1802, contro la leva obbligatoria vi \u00e8 una tentata rivolta, i cui capi, il cameriere Luigi Morelli e il fornaio Marcello Neri, sono fucilati a Ferrara. L\u2019esasperazione popolare sfocia ancora, nel 1805, nella rivolta di Crespino, i cui abitanti distruggono il municipio con i ruoli delle imposte e i registri di leva, malmenano i funzionari e disarmano la Guardia Nazionale, provocando la vendetta di Napoleone e una durissima repressione, che culmina nell\u2019esecuzione del pescivendolo Giovanni Altieri, capro espiatorio della rivolta.<\/p>\n<p style=\"text-align: justify;\">Nel 1809, in coincidenza con la ripresa del conflitto franco-imperiale, le popolazioni ferraresi, esasperate dal nuovo dazio sui principali generi alimentari, si sollevano ancora e gl\u2019insorti, dopo aver occupato Fiesso e Occhiobello, passano il Po ed entrano a Pontelagoscuro estendendo l\u2019insurrezione a Bondeno, a Copparo, a Portomaggiore, a Comacchio e ad Argenta. Ferrara \u00e8 assediata il 9 luglio da seimila insorgenti che, per\u00f2, male armati e privi di organizzazione militare, non riescono a prendere la citt\u00e0; il 16 luglio viene liberata dall\u2019assedio dalle truppe francesi accorse in forza da Bologna, che sconfiggono gl\u2019insorti e fanno strage di cittadini, inseguendoli e uccidendoli fino all\u2019interno delle case e delle chiese.<\/p>\n<p style=\"text-align: justify;\">Fra gl\u2019insorgenti catturati, quasi tutti popolani, sessantatr\u00e9 vengono condannati a morte, moltissimi altri a lunghe detenzioni, mentre centinaia di sopravvissuti si danno alla macchia nelle campagne, alimentando il fenomeno del brigantaggio. Spicca fra le sentenze la condanna alla casa di correzione, per brigantaggio, di una donna, spia della presenza femminile, un aspetto ancora inesplorato del fenomeno dell\u2019Insorgenza.<\/p>\n<p style=\"text-align: justify;\"><strong>4. Conclusione<\/strong><\/p>\n<p style=\"text-align: justify;\">Nel 1814, dopo la definitiva sconfitta di Napoleone, le frange dei giacobini e dei rivoluzionari, che avevano collaborato con gli occupanti francesi, si rifugiano nelle societ\u00e0 segrete, riprendendo a complottare in attesa di nuove occasioni storiche, insensibili alle miserie morali e materiali prodotte da vent\u2019anni di esperienze rivoluzionarie. I ferraresi, invece, accolgono con gioia genuina il ritorno del legittimo governo del Papa.<\/p>\n<p style=\"text-align: justify;\">Essi, soprattutto i contadini, hanno contribuito alla restaurazione con grandi sacrifici e con notevole spargimento di sangue, dimostrando un profondo attaccamento alla religione e ai loro governanti e possono considerarsi a buon titolo i veri vincitori. Il ceto dirigente, clero e aristocrazia, che, a parte qualche esponente e molti parroci di campagna, ben poco aveva osato e si era esposto, riprende il governo con un atteggiamento di atto dovuto, tralasciando spesso di mostrare, almeno in termini sociali, una qualche gratitudine verso chi aveva veramente pagato e sofferto con tanta fede e tenacia.<\/p>\n<p style=\"text-align: justify;\">Il popolo ferrarese coglie pi\u00f9 o meno consciamente questo atteggiamento e, forse, questa \u00e8 la chiave interpretativa non della sua indifferenza, ma della sua passivit\u00e0 durante la rivoluzione risorgimentale e della rabbiosa e disperata sfiducia che lo porter\u00e0 all\u2019apostasia alla fine del secolo XIX.<\/p>\n<p style=\"text-align: justify;\"><strong>Per approfondire:<\/strong> vedi un quadro generale delle insorgenze in Giacomo Lumbroso (1897-1944), <em>I moti popolari contro i francesi alla fine del secolo XVIII (1796-1800)<\/em>, 1932, seconda ed. rivista, a cura di Oscar Sanguinetti, Minchella, Milano 1997; sulle insorgenze ferraresi, vedi Enrica Lucchini, <em>I moti ferraresi<\/em>, in AA. VV., <em>Le insorgenze antifrancesi in Italia nel triennio giacobino (1796-1799)<\/em>, Apes, Roma 1992, pp. 163-173; Matteo Terzi, <em>Insorgenze e rivolte nella Ferrara napoleonica<\/em>, in <em>Ferrara Storia<\/em>, 1996, n. 6, pp. 51-55; Valentino Sani, <em>Le rivolte antifrancesi nel Ferrarese<\/em>, in <em>Folle controrivoluzionarie. Le insorgenze popolari nell\u2019Italia giacobina e napoleonica<\/em>, a cura di Anna Maria Rao, Carocci, Roma 1999, pp. 195-216; e Alfonso Lazzari (1871-1956), <em>La sommossa e il sacco di Lugo nel 1796<\/em>, con un saggio introduttivo di O. Sanguinetti, <em>reprint<\/em> EDIT Faenza, Faenza (Ravenna) 1996.<\/p>\n<p>____________<\/p>\n<p><strong>Leggi anche:<\/strong><\/p>\n<p><a href=\"https:\/\/www.rassegnastampa-totustuus.it\/cattolica\/?p=38245\" target=\"_blank\" rel=\"noopener\">Rivoluzione, scristianizzazione, insorgenze<\/a><\/p>\n<p><a title=\"PermaLink a Opposizione popolare, insorgenza e brigantaggio nell\u2019Italia napoleonica\" href=\"https:\/\/www.rassegnastampa-totustuus.it\/cattolica\/?p=38187\" target=\"_blank\" rel=\"bookmark noopener\">Opposizione popolare, insorgenza e brigantaggio nell\u2019Italia napoleonica<\/a><\/p>\n<p><a title=\"PermaLink a L\u2019Insorgenza come categoria storico-politica\" href=\"https:\/\/www.rassegnastampa-totustuus.it\/cattolica\/?p=2365\" target=\"_blank\" rel=\"bookmark noopener\">L\u2019Insorgenza come categoria storico-politica<\/a><\/p>\n<p><a title=\"PermaLink a L\u2019Insorgenza italiana, il suo significato, la sua \u00abmodernit\u00e0\u00bb\" href=\"https:\/\/www.rassegnastampa-totustuus.it\/cattolica\/?p=1469\" target=\"_blank\" rel=\"bookmark noopener\">L\u2019Insorgenza italiana, il suo significato, la sua \u00abmodernit\u00e0\u00bb<\/a><\/p>\n<p><a href=\"https:\/\/www.rassegnastampa-totustuus.it\/cattolica\/?p=1461\" target=\"_blank\" rel=\"noopener\">Le insorgenze antifrancesi in Italia<\/a><\/p>\n<p><a title=\"PermaLink a Storia \/ La controrivoluzione in Italia\" href=\"https:\/\/www.rassegnastampa-totustuus.it\/cattolica\/?p=29425\" target=\"_blank\" rel=\"bookmark noopener\">La controrivoluzione in Italia<\/a><\/p>\n<p><a title=\"PermaLink a Quando l\u2019Italia si svegli\u00f2\" href=\"https:\/\/www.rassegnastampa-totustuus.it\/cattolica\/?p=30730\" target=\"_blank\" rel=\"bookmark noopener\">Quando l\u2019Italia si svegli\u00f2<\/a><\/p>\n<p><a href=\"https:\/\/www.rassegnastampa-totustuus.it\/cattolica\/?p=40861\" target=\"_blank\" rel=\"noopener\">L&#8217;insorgenza della Garfagnana<\/a><\/p>\n","protected":false},"excerpt":{"rendered":"<p>I.D.I.S. &#8211; Istituto per la Dottrina e l&#8217;Informazione Sociale Voci per un Dizionario del Pensiero Forte di Renato Cirelli<\/p><p><a class=\"more-link btn\" href=\"https:\/\/www.rassegnastampa-totustuus.it\/cattolica\/le-insorgenze-ferraresi-del-1799-e-del-1802-1809\/\">Continua a leggere<\/a><\/p>\n","protected":false},"author":6,"featured_media":28052,"comment_status":"closed","ping_status":"open","sticky":false,"template":"","format":"standard","meta":{"footnotes":""},"categories":[99,96],"tags":[1053,1051,1059],"class_list":["post-1462","post","type-post","status-publish","format-standard","has-post-thumbnail","hentry","category-insorgenze","category-storia-italiana","tag-giacobini","tag-insorgenze-2","tag-insorgenze-ferraresi","item-wrap"],"yoast_head":"<!-- This site is optimized with the Yoast SEO plugin v27.5 - https:\/\/yoast.com\/product\/yoast-seo-wordpress\/ -->\n<title>Le insorgenze ferraresi del 1799 e del 1802-1809 - Rassegna Stampa Cattolica<\/title>\n<meta name=\"description\" content=\"Rassegna Stampa Cattolica - Per una cultura che nasce dalla Rivelazione cristiana in conformit\u00e0 alla tradizione e al Magistero della Chiesa in opposizione ad ogni relativismo e totalitarismo\" \/>\n<meta name=\"robots\" content=\"index, follow, max-snippet:-1, max-image-preview:large, max-video-preview:-1\" \/>\n<link rel=\"canonical\" href=\"https:\/\/www.rassegnastampa-totustuus.it\/cattolica\/le-insorgenze-ferraresi-del-1799-e-del-1802-1809\/\" \/>\n<meta property=\"og:locale\" content=\"it_IT\" \/>\n<meta property=\"og:type\" content=\"article\" \/>\n<meta property=\"og:title\" content=\"Le insorgenze ferraresi del 1799 e del 1802-1809 - Rassegna Stampa Cattolica\" \/>\n<meta property=\"og:description\" content=\"Rassegna Stampa Cattolica - Per una cultura che nasce dalla Rivelazione cristiana in conformit\u00e0 alla tradizione e al Magistero della Chiesa in opposizione ad ogni relativismo e totalitarismo\" \/>\n<meta property=\"og:url\" content=\"https:\/\/www.rassegnastampa-totustuus.it\/cattolica\/le-insorgenze-ferraresi-del-1799-e-del-1802-1809\/\" \/>\n<meta property=\"og:site_name\" content=\"Rassegna Stampa Cattolica\" \/>\n<meta property=\"article:publisher\" content=\"https:\/\/www.facebook.com\/rassegnastampacattolica\" \/>\n<meta property=\"article:published_time\" content=\"2005-09-22T13:38:25+00:00\" \/>\n<meta property=\"article:modified_time\" content=\"2018-08-21T11:34:07+00:00\" \/>\n<meta property=\"og:image\" content=\"https:\/\/www.rassegnastampa-totustuus.it\/cattolica\/wp-content\/uploads\/2005\/09\/insorgenze_Ferrara.jpg\" \/>\n\t<meta property=\"og:image:width\" content=\"270\" \/>\n\t<meta property=\"og:image:height\" content=\"187\" \/>\n\t<meta property=\"og:image:type\" content=\"image\/jpeg\" \/>\n<meta name=\"author\" content=\"Redazione\" \/>\n<meta name=\"twitter:card\" content=\"summary_large_image\" \/>\n<meta name=\"twitter:creator\" content=\"@rassegnastampa9\" \/>\n<meta name=\"twitter:site\" content=\"@rassegnastampa9\" \/>\n<meta name=\"twitter:label1\" content=\"Scritto da\" \/>\n\t<meta name=\"twitter:data1\" content=\"Redazione\" \/>\n\t<meta name=\"twitter:label2\" content=\"Tempo di lettura stimato\" \/>\n\t<meta name=\"twitter:data2\" content=\"10 minuti\" \/>\n<script type=\"application\/ld+json\" class=\"yoast-schema-graph\">{\"@context\":\"https:\\\/\\\/schema.org\",\"@graph\":[{\"@type\":\"Article\",\"@id\":\"https:\\\/\\\/www.rassegnastampa-totustuus.it\\\/cattolica\\\/le-insorgenze-ferraresi-del-1799-e-del-1802-1809\\\/#article\",\"isPartOf\":{\"@id\":\"https:\\\/\\\/www.rassegnastampa-totustuus.it\\\/cattolica\\\/le-insorgenze-ferraresi-del-1799-e-del-1802-1809\\\/\"},\"author\":{\"name\":\"Redazione\",\"@id\":\"https:\\\/\\\/www.rassegnastampa-totustuus.it\\\/cattolica\\\/#\\\/schema\\\/person\\\/08f319d2bd1a0904ad9e2bfb7b15e5c3\"},\"headline\":\"Le insorgenze ferraresi del 1799 e del 1802-1809\",\"datePublished\":\"2005-09-22T13:38:25+00:00\",\"dateModified\":\"2018-08-21T11:34:07+00:00\",\"mainEntityOfPage\":{\"@id\":\"https:\\\/\\\/www.rassegnastampa-totustuus.it\\\/cattolica\\\/le-insorgenze-ferraresi-del-1799-e-del-1802-1809\\\/\"},\"wordCount\":1984,\"publisher\":{\"@id\":\"https:\\\/\\\/www.rassegnastampa-totustuus.it\\\/cattolica\\\/#organization\"},\"image\":{\"@id\":\"https:\\\/\\\/www.rassegnastampa-totustuus.it\\\/cattolica\\\/le-insorgenze-ferraresi-del-1799-e-del-1802-1809\\\/#primaryimage\"},\"thumbnailUrl\":\"https:\\\/\\\/www.rassegnastampa-totustuus.it\\\/cattolica\\\/wp-content\\\/uploads\\\/2005\\\/09\\\/insorgenze_Ferrara.jpg\",\"keywords\":[\"giacobini\",\"insorgenze\",\"insorgenze ferraresi\"],\"articleSection\":[\"Insorgenze\",\"Storia italiana\"],\"inLanguage\":\"it-IT\"},{\"@type\":\"WebPage\",\"@id\":\"https:\\\/\\\/www.rassegnastampa-totustuus.it\\\/cattolica\\\/le-insorgenze-ferraresi-del-1799-e-del-1802-1809\\\/\",\"url\":\"https:\\\/\\\/www.rassegnastampa-totustuus.it\\\/cattolica\\\/le-insorgenze-ferraresi-del-1799-e-del-1802-1809\\\/\",\"name\":\"Le insorgenze ferraresi del 1799 e del 1802-1809 - Rassegna Stampa Cattolica\",\"isPartOf\":{\"@id\":\"https:\\\/\\\/www.rassegnastampa-totustuus.it\\\/cattolica\\\/#website\"},\"primaryImageOfPage\":{\"@id\":\"https:\\\/\\\/www.rassegnastampa-totustuus.it\\\/cattolica\\\/le-insorgenze-ferraresi-del-1799-e-del-1802-1809\\\/#primaryimage\"},\"image\":{\"@id\":\"https:\\\/\\\/www.rassegnastampa-totustuus.it\\\/cattolica\\\/le-insorgenze-ferraresi-del-1799-e-del-1802-1809\\\/#primaryimage\"},\"thumbnailUrl\":\"https:\\\/\\\/www.rassegnastampa-totustuus.it\\\/cattolica\\\/wp-content\\\/uploads\\\/2005\\\/09\\\/insorgenze_Ferrara.jpg\",\"datePublished\":\"2005-09-22T13:38:25+00:00\",\"dateModified\":\"2018-08-21T11:34:07+00:00\",\"description\":\"Rassegna Stampa Cattolica - Per una cultura che nasce dalla Rivelazione cristiana in conformit\u00e0 alla tradizione e al Magistero della Chiesa in opposizione ad ogni relativismo e totalitarismo\",\"breadcrumb\":{\"@id\":\"https:\\\/\\\/www.rassegnastampa-totustuus.it\\\/cattolica\\\/le-insorgenze-ferraresi-del-1799-e-del-1802-1809\\\/#breadcrumb\"},\"inLanguage\":\"it-IT\",\"potentialAction\":[{\"@type\":\"ReadAction\",\"target\":[\"https:\\\/\\\/www.rassegnastampa-totustuus.it\\\/cattolica\\\/le-insorgenze-ferraresi-del-1799-e-del-1802-1809\\\/\"]}]},{\"@type\":\"ImageObject\",\"inLanguage\":\"it-IT\",\"@id\":\"https:\\\/\\\/www.rassegnastampa-totustuus.it\\\/cattolica\\\/le-insorgenze-ferraresi-del-1799-e-del-1802-1809\\\/#primaryimage\",\"url\":\"https:\\\/\\\/www.rassegnastampa-totustuus.it\\\/cattolica\\\/wp-content\\\/uploads\\\/2005\\\/09\\\/insorgenze_Ferrara.jpg\",\"contentUrl\":\"https:\\\/\\\/www.rassegnastampa-totustuus.it\\\/cattolica\\\/wp-content\\\/uploads\\\/2005\\\/09\\\/insorgenze_Ferrara.jpg\",\"width\":270,\"height\":187},{\"@type\":\"BreadcrumbList\",\"@id\":\"https:\\\/\\\/www.rassegnastampa-totustuus.it\\\/cattolica\\\/le-insorgenze-ferraresi-del-1799-e-del-1802-1809\\\/#breadcrumb\",\"itemListElement\":[{\"@type\":\"ListItem\",\"position\":1,\"name\":\"Home\",\"item\":\"https:\\\/\\\/www.rassegnastampa-totustuus.it\\\/cattolica\\\/\"},{\"@type\":\"ListItem\",\"position\":2,\"name\":\"Le insorgenze ferraresi del 1799 e del 1802-1809\"}]},{\"@type\":\"WebSite\",\"@id\":\"https:\\\/\\\/www.rassegnastampa-totustuus.it\\\/cattolica\\\/#website\",\"url\":\"https:\\\/\\\/www.rassegnastampa-totustuus.it\\\/cattolica\\\/\",\"name\":\"Rassegna Stampa Cattolica\",\"description\":\"Per una cultura che nasce dalla Rivelazione cristiana in conformit\u00e0 alla tradizione e al Magistero della Chiesa in opposizione ad ogni relativismo e totalitarismo\",\"publisher\":{\"@id\":\"https:\\\/\\\/www.rassegnastampa-totustuus.it\\\/cattolica\\\/#organization\"},\"alternateName\":\"Rass. Cattolica\",\"potentialAction\":[{\"@type\":\"SearchAction\",\"target\":{\"@type\":\"EntryPoint\",\"urlTemplate\":\"https:\\\/\\\/www.rassegnastampa-totustuus.it\\\/cattolica\\\/?s={search_term_string}\"},\"query-input\":{\"@type\":\"PropertyValueSpecification\",\"valueRequired\":true,\"valueName\":\"search_term_string\"}}],\"inLanguage\":\"it-IT\"},{\"@type\":\"Organization\",\"@id\":\"https:\\\/\\\/www.rassegnastampa-totustuus.it\\\/cattolica\\\/#organization\",\"name\":\"Rassegna Stampa Cattolica\",\"url\":\"https:\\\/\\\/www.rassegnastampa-totustuus.it\\\/cattolica\\\/\",\"logo\":{\"@type\":\"ImageObject\",\"inLanguage\":\"it-IT\",\"@id\":\"https:\\\/\\\/www.rassegnastampa-totustuus.it\\\/cattolica\\\/#\\\/schema\\\/logo\\\/image\\\/\",\"url\":\"https:\\\/\\\/www.rassegnastampa-totustuus.it\\\/cattolica\\\/wp-content\\\/uploads\\\/2014\\\/04\\\/logo-rassegna1.gif\",\"contentUrl\":\"https:\\\/\\\/www.rassegnastampa-totustuus.it\\\/cattolica\\\/wp-content\\\/uploads\\\/2014\\\/04\\\/logo-rassegna1.gif\",\"width\":600,\"height\":163,\"caption\":\"Rassegna Stampa Cattolica\"},\"image\":{\"@id\":\"https:\\\/\\\/www.rassegnastampa-totustuus.it\\\/cattolica\\\/#\\\/schema\\\/logo\\\/image\\\/\"},\"sameAs\":[\"https:\\\/\\\/www.facebook.com\\\/rassegnastampacattolica\",\"https:\\\/\\\/x.com\\\/rassegnastampa9\"]},{\"@type\":\"Person\",\"@id\":\"https:\\\/\\\/www.rassegnastampa-totustuus.it\\\/cattolica\\\/#\\\/schema\\\/person\\\/08f319d2bd1a0904ad9e2bfb7b15e5c3\",\"name\":\"Redazione\",\"image\":{\"@type\":\"ImageObject\",\"inLanguage\":\"it-IT\",\"@id\":\"https:\\\/\\\/secure.gravatar.com\\\/avatar\\\/2fcdf27c78ea025fbdb44e914cc63c72249ffec9dc8aafd5c82b26240ef3f346?s=96&d=mm&r=g\",\"url\":\"https:\\\/\\\/secure.gravatar.com\\\/avatar\\\/2fcdf27c78ea025fbdb44e914cc63c72249ffec9dc8aafd5c82b26240ef3f346?s=96&d=mm&r=g\",\"contentUrl\":\"https:\\\/\\\/secure.gravatar.com\\\/avatar\\\/2fcdf27c78ea025fbdb44e914cc63c72249ffec9dc8aafd5c82b26240ef3f346?s=96&d=mm&r=g\",\"caption\":\"Redazione\"},\"url\":\"https:\\\/\\\/www.rassegnastampa-totustuus.it\\\/cattolica\\\/author\\\/pietroelle\\\/\"}]}<\/script>\n<!-- \/ Yoast SEO plugin. -->","yoast_head_json":{"title":"Le insorgenze ferraresi del 1799 e del 1802-1809 - Rassegna Stampa Cattolica","description":"Rassegna Stampa Cattolica - Per una cultura che nasce dalla Rivelazione cristiana in conformit\u00e0 alla tradizione e al Magistero della Chiesa in opposizione ad ogni relativismo e totalitarismo","robots":{"index":"index","follow":"follow","max-snippet":"max-snippet:-1","max-image-preview":"max-image-preview:large","max-video-preview":"max-video-preview:-1"},"canonical":"https:\/\/www.rassegnastampa-totustuus.it\/cattolica\/le-insorgenze-ferraresi-del-1799-e-del-1802-1809\/","og_locale":"it_IT","og_type":"article","og_title":"Le insorgenze ferraresi del 1799 e del 1802-1809 - Rassegna Stampa Cattolica","og_description":"Rassegna Stampa Cattolica - Per una cultura che nasce dalla Rivelazione cristiana in conformit\u00e0 alla tradizione e al Magistero della Chiesa in opposizione ad ogni relativismo e totalitarismo","og_url":"https:\/\/www.rassegnastampa-totustuus.it\/cattolica\/le-insorgenze-ferraresi-del-1799-e-del-1802-1809\/","og_site_name":"Rassegna Stampa Cattolica","article_publisher":"https:\/\/www.facebook.com\/rassegnastampacattolica","article_published_time":"2005-09-22T13:38:25+00:00","article_modified_time":"2018-08-21T11:34:07+00:00","og_image":[{"width":270,"height":187,"url":"https:\/\/www.rassegnastampa-totustuus.it\/cattolica\/wp-content\/uploads\/2005\/09\/insorgenze_Ferrara.jpg","type":"image\/jpeg"}],"author":"Redazione","twitter_card":"summary_large_image","twitter_creator":"@rassegnastampa9","twitter_site":"@rassegnastampa9","twitter_misc":{"Scritto da":"Redazione","Tempo di lettura stimato":"10 minuti"},"schema":{"@context":"https:\/\/schema.org","@graph":[{"@type":"Article","@id":"https:\/\/www.rassegnastampa-totustuus.it\/cattolica\/le-insorgenze-ferraresi-del-1799-e-del-1802-1809\/#article","isPartOf":{"@id":"https:\/\/www.rassegnastampa-totustuus.it\/cattolica\/le-insorgenze-ferraresi-del-1799-e-del-1802-1809\/"},"author":{"name":"Redazione","@id":"https:\/\/www.rassegnastampa-totustuus.it\/cattolica\/#\/schema\/person\/08f319d2bd1a0904ad9e2bfb7b15e5c3"},"headline":"Le insorgenze ferraresi del 1799 e del 1802-1809","datePublished":"2005-09-22T13:38:25+00:00","dateModified":"2018-08-21T11:34:07+00:00","mainEntityOfPage":{"@id":"https:\/\/www.rassegnastampa-totustuus.it\/cattolica\/le-insorgenze-ferraresi-del-1799-e-del-1802-1809\/"},"wordCount":1984,"publisher":{"@id":"https:\/\/www.rassegnastampa-totustuus.it\/cattolica\/#organization"},"image":{"@id":"https:\/\/www.rassegnastampa-totustuus.it\/cattolica\/le-insorgenze-ferraresi-del-1799-e-del-1802-1809\/#primaryimage"},"thumbnailUrl":"https:\/\/www.rassegnastampa-totustuus.it\/cattolica\/wp-content\/uploads\/2005\/09\/insorgenze_Ferrara.jpg","keywords":["giacobini","insorgenze","insorgenze ferraresi"],"articleSection":["Insorgenze","Storia italiana"],"inLanguage":"it-IT"},{"@type":"WebPage","@id":"https:\/\/www.rassegnastampa-totustuus.it\/cattolica\/le-insorgenze-ferraresi-del-1799-e-del-1802-1809\/","url":"https:\/\/www.rassegnastampa-totustuus.it\/cattolica\/le-insorgenze-ferraresi-del-1799-e-del-1802-1809\/","name":"Le insorgenze ferraresi del 1799 e del 1802-1809 - Rassegna Stampa Cattolica","isPartOf":{"@id":"https:\/\/www.rassegnastampa-totustuus.it\/cattolica\/#website"},"primaryImageOfPage":{"@id":"https:\/\/www.rassegnastampa-totustuus.it\/cattolica\/le-insorgenze-ferraresi-del-1799-e-del-1802-1809\/#primaryimage"},"image":{"@id":"https:\/\/www.rassegnastampa-totustuus.it\/cattolica\/le-insorgenze-ferraresi-del-1799-e-del-1802-1809\/#primaryimage"},"thumbnailUrl":"https:\/\/www.rassegnastampa-totustuus.it\/cattolica\/wp-content\/uploads\/2005\/09\/insorgenze_Ferrara.jpg","datePublished":"2005-09-22T13:38:25+00:00","dateModified":"2018-08-21T11:34:07+00:00","description":"Rassegna Stampa Cattolica - Per una cultura che nasce dalla Rivelazione cristiana in conformit\u00e0 alla tradizione e al Magistero della Chiesa in opposizione ad ogni relativismo e totalitarismo","breadcrumb":{"@id":"https:\/\/www.rassegnastampa-totustuus.it\/cattolica\/le-insorgenze-ferraresi-del-1799-e-del-1802-1809\/#breadcrumb"},"inLanguage":"it-IT","potentialAction":[{"@type":"ReadAction","target":["https:\/\/www.rassegnastampa-totustuus.it\/cattolica\/le-insorgenze-ferraresi-del-1799-e-del-1802-1809\/"]}]},{"@type":"ImageObject","inLanguage":"it-IT","@id":"https:\/\/www.rassegnastampa-totustuus.it\/cattolica\/le-insorgenze-ferraresi-del-1799-e-del-1802-1809\/#primaryimage","url":"https:\/\/www.rassegnastampa-totustuus.it\/cattolica\/wp-content\/uploads\/2005\/09\/insorgenze_Ferrara.jpg","contentUrl":"https:\/\/www.rassegnastampa-totustuus.it\/cattolica\/wp-content\/uploads\/2005\/09\/insorgenze_Ferrara.jpg","width":270,"height":187},{"@type":"BreadcrumbList","@id":"https:\/\/www.rassegnastampa-totustuus.it\/cattolica\/le-insorgenze-ferraresi-del-1799-e-del-1802-1809\/#breadcrumb","itemListElement":[{"@type":"ListItem","position":1,"name":"Home","item":"https:\/\/www.rassegnastampa-totustuus.it\/cattolica\/"},{"@type":"ListItem","position":2,"name":"Le insorgenze ferraresi del 1799 e del 1802-1809"}]},{"@type":"WebSite","@id":"https:\/\/www.rassegnastampa-totustuus.it\/cattolica\/#website","url":"https:\/\/www.rassegnastampa-totustuus.it\/cattolica\/","name":"Rassegna Stampa Cattolica","description":"Per una cultura che nasce dalla Rivelazione cristiana in conformit\u00e0 alla tradizione e al Magistero della Chiesa in opposizione ad ogni relativismo e totalitarismo","publisher":{"@id":"https:\/\/www.rassegnastampa-totustuus.it\/cattolica\/#organization"},"alternateName":"Rass. Cattolica","potentialAction":[{"@type":"SearchAction","target":{"@type":"EntryPoint","urlTemplate":"https:\/\/www.rassegnastampa-totustuus.it\/cattolica\/?s={search_term_string}"},"query-input":{"@type":"PropertyValueSpecification","valueRequired":true,"valueName":"search_term_string"}}],"inLanguage":"it-IT"},{"@type":"Organization","@id":"https:\/\/www.rassegnastampa-totustuus.it\/cattolica\/#organization","name":"Rassegna Stampa Cattolica","url":"https:\/\/www.rassegnastampa-totustuus.it\/cattolica\/","logo":{"@type":"ImageObject","inLanguage":"it-IT","@id":"https:\/\/www.rassegnastampa-totustuus.it\/cattolica\/#\/schema\/logo\/image\/","url":"https:\/\/www.rassegnastampa-totustuus.it\/cattolica\/wp-content\/uploads\/2014\/04\/logo-rassegna1.gif","contentUrl":"https:\/\/www.rassegnastampa-totustuus.it\/cattolica\/wp-content\/uploads\/2014\/04\/logo-rassegna1.gif","width":600,"height":163,"caption":"Rassegna Stampa Cattolica"},"image":{"@id":"https:\/\/www.rassegnastampa-totustuus.it\/cattolica\/#\/schema\/logo\/image\/"},"sameAs":["https:\/\/www.facebook.com\/rassegnastampacattolica","https:\/\/x.com\/rassegnastampa9"]},{"@type":"Person","@id":"https:\/\/www.rassegnastampa-totustuus.it\/cattolica\/#\/schema\/person\/08f319d2bd1a0904ad9e2bfb7b15e5c3","name":"Redazione","image":{"@type":"ImageObject","inLanguage":"it-IT","@id":"https:\/\/secure.gravatar.com\/avatar\/2fcdf27c78ea025fbdb44e914cc63c72249ffec9dc8aafd5c82b26240ef3f346?s=96&d=mm&r=g","url":"https:\/\/secure.gravatar.com\/avatar\/2fcdf27c78ea025fbdb44e914cc63c72249ffec9dc8aafd5c82b26240ef3f346?s=96&d=mm&r=g","contentUrl":"https:\/\/secure.gravatar.com\/avatar\/2fcdf27c78ea025fbdb44e914cc63c72249ffec9dc8aafd5c82b26240ef3f346?s=96&d=mm&r=g","caption":"Redazione"},"url":"https:\/\/www.rassegnastampa-totustuus.it\/cattolica\/author\/pietroelle\/"}]}},"_links":{"self":[{"href":"https:\/\/www.rassegnastampa-totustuus.it\/cattolica\/wp-json\/wp\/v2\/posts\/1462","targetHints":{"allow":["GET"]}}],"collection":[{"href":"https:\/\/www.rassegnastampa-totustuus.it\/cattolica\/wp-json\/wp\/v2\/posts"}],"about":[{"href":"https:\/\/www.rassegnastampa-totustuus.it\/cattolica\/wp-json\/wp\/v2\/types\/post"}],"author":[{"embeddable":true,"href":"https:\/\/www.rassegnastampa-totustuus.it\/cattolica\/wp-json\/wp\/v2\/users\/6"}],"replies":[{"embeddable":true,"href":"https:\/\/www.rassegnastampa-totustuus.it\/cattolica\/wp-json\/wp\/v2\/comments?post=1462"}],"version-history":[{"count":5,"href":"https:\/\/www.rassegnastampa-totustuus.it\/cattolica\/wp-json\/wp\/v2\/posts\/1462\/revisions"}],"predecessor-version":[{"id":40884,"href":"https:\/\/www.rassegnastampa-totustuus.it\/cattolica\/wp-json\/wp\/v2\/posts\/1462\/revisions\/40884"}],"wp:featuredmedia":[{"embeddable":true,"href":"https:\/\/www.rassegnastampa-totustuus.it\/cattolica\/wp-json\/wp\/v2\/media\/28052"}],"wp:attachment":[{"href":"https:\/\/www.rassegnastampa-totustuus.it\/cattolica\/wp-json\/wp\/v2\/media?parent=1462"}],"wp:term":[{"taxonomy":"category","embeddable":true,"href":"https:\/\/www.rassegnastampa-totustuus.it\/cattolica\/wp-json\/wp\/v2\/categories?post=1462"},{"taxonomy":"post_tag","embeddable":true,"href":"https:\/\/www.rassegnastampa-totustuus.it\/cattolica\/wp-json\/wp\/v2\/tags?post=1462"}],"curies":[{"name":"wp","href":"https:\/\/api.w.org\/{rel}","templated":true}]}}