{"id":1460,"date":"2005-09-22T15:26:21","date_gmt":"2005-09-22T13:26:21","guid":{"rendered":""},"modified":"2015-11-26T12:24:44","modified_gmt":"2015-11-26T11:24:44","slug":"il-viva-maria","status":"publish","type":"post","link":"https:\/\/www.rassegnastampa-totustuus.it\/cattolica\/il-viva-maria\/","title":{"rendered":"Il &quot;Viva Maria&quot;"},"content":{"rendered":"<p style=\"text-align: center;\">I.D.I.S. &#8211; Istituto per la Dottrina e l&#8217;Informazione Sociale<\/p>\n<p style=\"text-align: center;\"><strong>Voci per un Dizionario del Pensiero Forte<\/strong><\/p>\n<p style=\"text-align: center;\"><a href=\"https:\/\/www.rassegnastampa-totustuus.it\/cattolica\/wp-content\/uploads\/2005\/09\/Viva_Maria.jpg\"><img loading=\"lazy\" decoding=\"async\" class=\"alignnone wp-image-28056\" src=\"https:\/\/www.rassegnastampa-totustuus.it\/cattolica\/wp-content\/uploads\/2005\/09\/Viva_Maria.jpg\" alt=\"Viva_Maria\" width=\"137\" height=\"200\" srcset=\"https:\/\/www.rassegnastampa-totustuus.it\/cattolica\/wp-content\/uploads\/2005\/09\/Viva_Maria.jpg 299w, https:\/\/www.rassegnastampa-totustuus.it\/cattolica\/wp-content\/uploads\/2005\/09\/Viva_Maria-206x300.jpg 206w\" sizes=\"auto, (max-width: 137px) 100vw, 137px\" \/><\/a><\/p>\n<p style=\"text-align: center;\">di<strong> Giuliano Mignini<\/strong><\/p>\n<p><!--more--><\/p>\n<p><strong>1. Un fenomeno di resistenza popolare contro-rivoluzionaria<\/strong><\/p>\n<p style=\"text-align: justify;\">Il termine &#8220;Viva Maria&#8221; indica tradizionalmente l\u2019insorgenza tosco-umbra del 1799, che ha il suo epicentro ad Arezzo e che coinvolge anche i territori limitrofi del lago Trasimeno e dell\u2019alta valle del Tevere, appartenenti allo Stato Pontificio, cio\u00e8 la resistenza popolare all\u2019esportazione\u00a0<em>manu militari<\/em>\u00a0della Rivoluzione francese del 1789 da parte delle truppe di Napoleone Bonaparte (1769-1821) verificatasi fra le odierne Toscana e Umbria.<\/p>\n<p style=\"text-align: justify;\">Come tutti i fenomeni contro-rivoluzionari, anche quello del Viva Maria \u00e8 fenomeno prevalentemente popolare in difesa delle tradizioni religiose e culturali, nonch\u00e9 del patrimonio, pure materiale, delle comunit\u00e0 locali. Contro le armate francesi e le milizie &#8220;italiche&#8221;, portatrici di un messaggio ideologico astratto e confliggente con l\u2019identit\u00e0 storica e religiosa delle mille piccole patrie italiane, le popolazioni della penisola, mosse da un forte senso di appartenenza e di radicamento territoriale, reagiscono con le modalit\u00e0 proprie delle insurrezioni e mostrano, in modo inequivocabile, la loro avversione alla Rivoluzione sia nella realizzata versione francese che in quella potenziale italiana.<\/p>\n<p style=\"text-align: justify;\">Le armate francesi, penetrate in Italia nella primavera del 1796, con l\u2019apporto dei giacobini locali tentano dovunque &#8211; in modo brutale e senza mediazioni di sorta &#8211; di laicizzare le istituzioni e di sovvertire alla radice le tradizionali forme di espressione della sovranit\u00e0 e della rappresentanza politica, distruggendo e criminalizzando le plurisecolari entit\u00e0 statuali esistenti, e imponendo nuovi modelli culturali e politici.<\/p>\n<p style=\"text-align: justify;\">Il popolo si sollever\u00e0 quasi subito, sia perch\u00e9 \u00e8 torchiato dalle imposizioni e dalle ruberie dell\u2019occupante, sia perch\u00e9 percepisce l\u2019estraneit\u00e0 ideologica dei francesi, visti non tanto come stranieri quanto come portatori di una visione del mondo ostile al &#8220;senso comune&#8221; che ancora sopravvive nelle societ\u00e0 dell\u2019Antico Regime.<\/p>\n<p style=\"text-align: justify;\"><strong>2. Le origini<\/strong> Le popolazioni toscane erano gi\u00e0 insorte contro la politica liberistica e filogiansenista del granduca Pietro Leopoldo di Asburgo-Lorena (1747-1792) &#8211; il futuro Leopoldo II, imperatore del Sacro Romano Impero -, culminata nella convocazione del Sinodo di Pistoia, nel settembre del 1786; e proprio ad Arezzo, nel 1795, si verificano violenti tumulti, anche con implicazioni religiose. Il miracolo del 15 febbraio 1796, quando un\u2019annerita immagine della Madonna del Conforto sbianca dinanzi agli occhi di alcuni artigiani, \u00e8 il primo di una serie di episodi analoghi verificatisi in molte altre parti del Granducato e nei territori limitrofi, dove sono viste statue o immagini della Madonna muovere gli occhi o piangere.<\/p>\n<p style=\"text-align: justify;\">La devozione mariana, gi\u00e0 forte in Toscana e nell\u2019Umbria Occidentale, \u00e8 rafforzata da questi miracoli e costituisce il motore della futura sollevazione. Il Granducato, in un primo tempo, \u00e8 risparmiato dai rivoluzionari francesi, salvo la citt\u00e0 di Livorno, occupata nel giugno del 1796, mentre i contigui territori perugino e altotiberino, appartenenti allo Stato Pontificio, sono invasi dalle truppe rivoluzionarie nel febbraio del 1798 e sono assegnati al nuovo Dipartimento del Trasimeno.<\/p>\n<p style=\"text-align: justify;\">La linea direttrice dell\u2019invasione \u00e8, infatti, quella dei possedimenti pontifici, dove i reparti francesi del generale Pierre-Fran\u00e7ois-Charles Augereau (1757-1816) penetrano nel giugno del 1796, provocando la violenta insurrezione delle popolazioni nella Legazione di Ferrara, l\u2019attuale Romagna, culminata nella rivolta e nel sacco di Lugo. Due mesi dopo si sollevano anche i centri dell\u2019alta valle del Tevere e, il 16 aprile, gli insorti, a cui s\u2019uniscono elementi provenienti dal Granducato, entrano a Citt\u00e0 di Castello al grido di\u00a0<em>&#8220;Viva Maria!&#8221;<\/em>\u00a0e abbattono l\u2019albero della libert\u00e0, il simbolo eretto ovunque dai rivoluzionari.<\/p>\n<p style=\"text-align: justify;\">Dopo alterne vicende gl\u2019insorgenti entrano di nuovo in citt\u00e0 il 5 maggio, ammazzando circa centocinquanta soldati e ufficiali francesi. Quasi contemporaneamente, il 22 aprile, si ribella l\u2019altro epicentro della rivolta, Castel Rigone, nei dintorni del lago Trasimeno, e gl\u2019insorgenti, organizzati da un popolano, il &#8220;generalissimo&#8221; Tommaso, detto il Broncolo, giungono ad assediare la stessa Perugia. Le truppe francesi riprendono il controllo della situazione nel corso del mese di maggio a prezzo di saccheggi e di massacri, e nonostante la strenua resistenza degl\u2019insorti, che, poco armati e mal equipaggiati, iniziano una sorta di guerriglia, riparando poi nei vicini territori aretini.<\/p>\n<p style=\"text-align: justify;\">Quando, il 25 marzo 1799, i francesi entrano a Firenze, costringendo all\u2019esilio il granduca Ferdinando III (1769-1824), reo di aver dato ospitalit\u00e0 a Papa Pio VI (1775-1799) e a Carlo Emanuele IV di Savoia (1751-1819), re di Sardegna, anche la Toscana subisce l\u2019imposizione del regime repubblicano, con la sua triste sequela di confische, di requisizioni, di contributi e di vessazioni contro il clero e contro i fedeli. Fin dai primi giorni dell\u2019occupazione, a Firenze e in altri centri scoppiano tumulti, presto sedati con violenza dagli occupanti.<\/p>\n<p style=\"text-align: justify;\"><strong>3. L\u2019insorgenza e il suo sviluppo<\/strong><\/p>\n<p style=\"text-align: justify;\">Il 6 aprile 1799 esigue forze francesi occupano Arezzo, localit\u00e0 molto vicina ai centri del Perugino e dell\u2019alta valle del Tevere &#8211; caratterizzati da una particolare fedelt\u00e0 alla dinastia e da un forte sentimento religioso -, gi\u00e0 coinvolti nell\u2019insurrezione del 1798. Un mese dopo, la mattina del 6 maggio, scoppia la rivolta. Mentre le campane delle chiese suonano a stormo, gli aretini e gli abitanti del contado, armati con roncole e fucili, abbattono l\u2019albero della libert\u00e0, piantato presso la caserma delle guardie nazionali, e s\u2019impadroniscono della citt\u00e0, al grido di battaglia degli insorti del 1798,\u00a0<em>&#8220;Viva Maria!&#8221;<\/em>. Viene quindi costituita una Suprema Deputazione, composta da personalit\u00e0 cittadine, fra cui spicca il barone Carlo Albergotti Siri (?-1832), mentre il comando militare \u00e8 affidato al cavalier Angiolo Guillichini vecchio ufficiale della marina toscana, e al marchese Giovan Battista Albergotti (1761-1816), cavaliere dell\u2019Ordine di San Giovanni di Gerusalemme.<\/p>\n<p style=\"text-align: justify;\">Pertanto, mentre la prima fase dell\u2019insorgenza era stata caratterizzata dallo spontaneismo e dal ricorso a guide popolari, talora provenienti dalle file del banditismo, la fase successiva vede la partecipazione di elementi di spicco del clero e della nobilt\u00e0 locali in funzione di guida, e l\u2019alleanza con le truppe austriache. I francesi trascurano inizialmente l\u2019episodio perch\u00e9 la difficile situazione nell\u2019Italia Settentrionale richiede un intervento immediato. Cos\u00ec Arezzo \u00e8 lasciata libera e l\u2019insurrezione pu\u00f2 espandersi grazie anche all\u2019appoggio degli austro-russi, che inviano l\u2019alfiere Karl Schneider von Arno (1777-1846) ad assumere il comando degl\u2019insorti.<\/p>\n<p style=\"text-align: justify;\">In giugno si sollevano le comunit\u00e0 della Valdichiana, del Valdarno e del Casentino, che si pongono alle dipendenze della Suprema Deputazione di Arezzo, la quale assume di fatto la veste di governo provvisorio della Toscana nel nome di Ferdinando III. Le truppe della coalizione, forte di almeno trentamila uomini, penetrano nel Senese e, attraverso l\u2019alta valle del Tevere, nel territorio pontificio, fino a Citt\u00e0 di Castello. La vittoria ottenuta presso il fiume Trebbia, fra il 15 e il 17 giugno, dalle truppe austro-russe del generale principe Aleksandr Vasilevic Suvarov (1729-1800) nei confronti di Jacques-\u00c9tienne-Joseph-Alexandre Macdonald (1765-1840), comandante dell\u2019Arm\u00e9e de Naples, accresce ulteriormente le fortune degli aretini, a cui si unisce il cavalier William Frederic Wyndham (1763-1828), diplomatico inglese presso la Corte granducale.<\/p>\n<p style=\"text-align: justify;\">Il 28 giugno, le truppe aretine attaccano Siena, accolte con entusiasmo dai popolani, ma, penetrate nel ghetto, ammazzano tredici componenti della comunit\u00e0 israelitica &#8211; mostratasi favorevole ai francesi &#8211; finch\u00e9 sono fermate da alcuni esponenti del patriziato locale. Nel pomeriggio del 7 luglio circa tremila insorti &#8211; guidati da Wyndham e Lorenzo Mari, vecchio ufficiale dei dragoni di Toscana divenuto comandante degl\u2019insorgenti di Montevarchi &#8211; fanno il loro ingresso in Firenze, preceduti da un frate zoccolante con una grande croce. A essi si aggiungono altri reparti aretini provenienti da Pontassieve e alcuni squadroni di cavalleria austro-russa.<\/p>\n<p style=\"text-align: justify;\">Gli austriaci, intervenuti in forze il giorno 20, assumono progressivamente il controllo dei centri occupati dagl\u2019insorti, con i quali nascono presto non pochi attriti. Fra i personaggi fiorentini subito tradotti in carcere dai contro-rivoluzionari vi \u00e8 pure mons. Scipione de\u2019 Ricci (1741-1810), vescovo di Pistoia e di Prato, il maggior esponente del giansenismo italiano. Anche nella Toscana Occidentale i francesi e i giacobini locali vengono ovunque battuti. Il 17 luglio le truppe rivoluzionarie sgombrano Livorno, mentre in Maremma i contingenti di Volterra, guidati dai fratelli Curzio e Marcello Inghirami, cacciano i francesi e risollevano le insegne granducali.<\/p>\n<p style=\"text-align: justify;\">Dopo alcuni giorni di assedio, gli aretini, insieme a reparti dell\u2019area del Trasimeno e dell\u2019alta valle del Tevere, entrano a Perugia nella notte fra il 3 e il 4 agosto, e il 31 si arrende anche l\u2019ultimo baluardo giacobino in citt\u00e0, cio\u00e8 la Rocca Paolina. Arezzo, in quanto centro militare ed economico dell\u2019insorgenza, diventa la capitale effettiva del Granducato e la Suprema Deputazione continua a governare il paese anche dopo che il sovrano ha affidato in sua assenza il governo della Toscana al Senato fiorentino dei Quarantotto. Nella conflittualit\u00e0 insorta con il Senato, titolare del potere legale, la Deputazione ha, in un primo momento, la meglio, mantenendo il controllo del territorio e riorganizzando le proprie bande e quelle delle citt\u00e0 alleate in un\u2019&#8221;armata austro-aretina&#8221;, che insegue l\u2019esercito francese nello Stato Pontificio, dove libera Todi, Assisi, Foligno, Spoleto e Orvieto, giungendo fino alle porte di Roma.<\/p>\n<p style=\"text-align: justify;\">L\u2019inevitabile esaurimento dell\u2019azione militare, a seguito della ritirata generale dei francesi dall\u2019Italia Centrale, finisce per togliere alla Deputazione le ragioni della sua forza, consentendo al Senato fiorentino di procedere allo scioglimento prima dell\u2019armata e poi della stessa Deputazione. Dietro il governo granducale l\u2019Austria assume il controllo della Toscana, reprimendo duramente tutte le attivit\u00e0 giacobine, ma anche emarginando progressivamente gl\u2019insorgenti.<\/p>\n<p style=\"text-align: justify;\"><strong>4. L\u2019epilogo<\/strong> Un <em>motu proprio<\/em> sovrano del 16 febbraio 1800 riconosce i meriti degli aretini e concede loro numerosi benefici, ma, quando i francesi tornano in forze in Italia nel maggio del 1800, dopo la vittoria napoleonica di Marengo, in Lombardia, la difesa del Granducato \u00e8 affidata all\u2019inetto generale Annibale Sommariva (1755-1829), che presiede la reggenza nominata dal granduca e che fugge ingloriosamente prima da Firenze e poi da Arezzo. La resistenza tentata dal marchese Albergotti, il 17 ottobre, in un contesto profondamente mutato rispetto a quello dell\u2019anno precedente, risulta vana e i francesi si vendicano di Arezzo, rimasta sola.<\/p>\n<p style=\"text-align: justify;\">Gl\u2019insorgenti aretini scrivono le pagine pi\u00f9 belle dell\u2019epopea del Viva Maria, combattendo eroicamente contro l\u2019invasore, a cui vengono inflitte notevoli perdite. Il giorno dopo, spezzate le ultime resistenze, i francesi compiono uno sfrenato saccheggio, che prosegue nei giorni successivi. Bande d\u2019insorti, trasformatisi in guerriglieri, continuano ancora a operare nell\u2019Italia Centrale, ma ormai l\u2019insorgenza si \u00e8 esaurita.<\/p>\n<p style=\"text-align: justify;\"><strong>Per approfondire: <\/strong>vedi la ricca <em>Bibliografia aretina 1790-1815 e Rassegna bibliografica del &#8220;Viva Maria&#8221; 1799<\/em>, a cura di Roberto G. Salvadori, Universit\u00e0 degli studi di Siena, Dipartimento di studi storico-sociali e filosofici, Centro Stampa dell\u2019Universit\u00e0, Siena 1989; <em>Occupazione francese e insorgenza antifrancese nelle carte dell\u2019Archivio di Stato di Arezzo. 1799-1801<\/em>, a cura di Augusto Antonella, revisione dei testi di Antonella Moriani, Provincia di Arezzo-Progetto Archivi, Arezzo 1991; Claudia Minciotti Tsoukas, <em>I &#8220;torbidi del Trasimeno&#8221; (1798). Analisi di una rivolta<\/em>, Franco Angeli, Milano 1988; Claudio Tosi,\u00a0<em>Il marchese Albergotti colonnello delle bande aretine del 1799<\/em>, in <em>Le insorgenze popolari nell\u2019Italia rivoluzionaria e napoleonica<\/em>, numero monografico di <em>Studi Storici. Rivista trimestrale dell\u2019Istituto Gramsci<\/em>, anno 39, n. 2, aprile-giugno 1998, pp. 495-531. Per una bibliografia sull\u2019Insorgenza, con estesi riferimenti al Viva Maria, vedi Giacomo Lumbroso (1897-1944), <em>I moti popolari contro i francesi alla fine del secolo XVIII (1796-1800)<\/em>, con premessa di Oscar Sanguinetti, Minchella, Milano 1997.<\/p>\n","protected":false},"excerpt":{"rendered":"<p>I.D.I.S. &#8211; Istituto per la Dottrina e l&#8217;Informazione Sociale Voci per un Dizionario del Pensiero Forte di Giuliano Mignini<\/p><p><a class=\"more-link btn\" href=\"https:\/\/www.rassegnastampa-totustuus.it\/cattolica\/il-viva-maria\/\">Continua a leggere<\/a><\/p>\n","protected":false},"author":6,"featured_media":28056,"comment_status":"closed","ping_status":"open","sticky":false,"template":"","format":"standard","meta":{"footnotes":""},"categories":[99,96],"tags":[1053,1051],"class_list":["post-1460","post","type-post","status-publish","format-standard","has-post-thumbnail","hentry","category-insorgenze","category-storia-italiana","tag-giacobini","tag-insorgenze-2","item-wrap"],"yoast_head":"<!-- This site is optimized with the Yoast SEO plugin v27.5 - https:\/\/yoast.com\/product\/yoast-seo-wordpress\/ -->\n<title>Il &quot;Viva Maria&quot; - Rassegna Stampa Cattolica<\/title>\n<meta name=\"description\" content=\"Rassegna Stampa Cattolica - Per una cultura che nasce dalla Rivelazione cristiana in conformit\u00e0 alla tradizione e al Magistero della Chiesa in opposizione ad ogni relativismo e totalitarismo\" \/>\n<meta name=\"robots\" content=\"index, follow, max-snippet:-1, max-image-preview:large, max-video-preview:-1\" \/>\n<link rel=\"canonical\" href=\"https:\/\/www.rassegnastampa-totustuus.it\/cattolica\/il-viva-maria\/\" \/>\n<meta property=\"og:locale\" content=\"it_IT\" \/>\n<meta property=\"og:type\" content=\"article\" \/>\n<meta property=\"og:title\" content=\"Il &quot;Viva Maria&quot; - Rassegna Stampa Cattolica\" \/>\n<meta property=\"og:description\" content=\"Rassegna Stampa Cattolica - Per una cultura che nasce dalla Rivelazione cristiana in conformit\u00e0 alla tradizione e al Magistero della Chiesa in opposizione ad ogni relativismo e totalitarismo\" \/>\n<meta property=\"og:url\" content=\"https:\/\/www.rassegnastampa-totustuus.it\/cattolica\/il-viva-maria\/\" \/>\n<meta property=\"og:site_name\" content=\"Rassegna Stampa Cattolica\" \/>\n<meta property=\"article:publisher\" content=\"https:\/\/www.facebook.com\/rassegnastampacattolica\" \/>\n<meta property=\"article:published_time\" content=\"2005-09-22T13:26:21+00:00\" \/>\n<meta property=\"article:modified_time\" content=\"2015-11-26T11:24:44+00:00\" \/>\n<meta property=\"og:image\" content=\"https:\/\/www.rassegnastampa-totustuus.it\/cattolica\/wp-content\/uploads\/2005\/09\/Viva_Maria.jpg\" \/>\n\t<meta property=\"og:image:width\" content=\"299\" \/>\n\t<meta property=\"og:image:height\" content=\"435\" \/>\n\t<meta property=\"og:image:type\" content=\"image\/jpeg\" \/>\n<meta name=\"author\" content=\"Redazione\" \/>\n<meta name=\"twitter:card\" content=\"summary_large_image\" \/>\n<meta name=\"twitter:creator\" content=\"@rassegnastampa9\" \/>\n<meta name=\"twitter:site\" content=\"@rassegnastampa9\" \/>\n<meta name=\"twitter:label1\" content=\"Scritto da\" \/>\n\t<meta name=\"twitter:data1\" content=\"Redazione\" \/>\n\t<meta name=\"twitter:label2\" content=\"Tempo di lettura stimato\" \/>\n\t<meta name=\"twitter:data2\" content=\"9 minuti\" \/>\n<script type=\"application\/ld+json\" class=\"yoast-schema-graph\">{\"@context\":\"https:\\\/\\\/schema.org\",\"@graph\":[{\"@type\":\"Article\",\"@id\":\"https:\\\/\\\/www.rassegnastampa-totustuus.it\\\/cattolica\\\/il-viva-maria\\\/#article\",\"isPartOf\":{\"@id\":\"https:\\\/\\\/www.rassegnastampa-totustuus.it\\\/cattolica\\\/il-viva-maria\\\/\"},\"author\":{\"name\":\"Redazione\",\"@id\":\"https:\\\/\\\/www.rassegnastampa-totustuus.it\\\/cattolica\\\/#\\\/schema\\\/person\\\/08f319d2bd1a0904ad9e2bfb7b15e5c3\"},\"headline\":\"Il &quot;Viva Maria&quot;\",\"datePublished\":\"2005-09-22T13:26:21+00:00\",\"dateModified\":\"2015-11-26T11:24:44+00:00\",\"mainEntityOfPage\":{\"@id\":\"https:\\\/\\\/www.rassegnastampa-totustuus.it\\\/cattolica\\\/il-viva-maria\\\/\"},\"wordCount\":1842,\"publisher\":{\"@id\":\"https:\\\/\\\/www.rassegnastampa-totustuus.it\\\/cattolica\\\/#organization\"},\"image\":{\"@id\":\"https:\\\/\\\/www.rassegnastampa-totustuus.it\\\/cattolica\\\/il-viva-maria\\\/#primaryimage\"},\"thumbnailUrl\":\"https:\\\/\\\/www.rassegnastampa-totustuus.it\\\/cattolica\\\/wp-content\\\/uploads\\\/2005\\\/09\\\/Viva_Maria.jpg\",\"keywords\":[\"giacobini\",\"insorgenze\"],\"articleSection\":[\"Insorgenze\",\"Storia italiana\"],\"inLanguage\":\"it-IT\"},{\"@type\":\"WebPage\",\"@id\":\"https:\\\/\\\/www.rassegnastampa-totustuus.it\\\/cattolica\\\/il-viva-maria\\\/\",\"url\":\"https:\\\/\\\/www.rassegnastampa-totustuus.it\\\/cattolica\\\/il-viva-maria\\\/\",\"name\":\"Il &quot;Viva Maria&quot; - Rassegna Stampa Cattolica\",\"isPartOf\":{\"@id\":\"https:\\\/\\\/www.rassegnastampa-totustuus.it\\\/cattolica\\\/#website\"},\"primaryImageOfPage\":{\"@id\":\"https:\\\/\\\/www.rassegnastampa-totustuus.it\\\/cattolica\\\/il-viva-maria\\\/#primaryimage\"},\"image\":{\"@id\":\"https:\\\/\\\/www.rassegnastampa-totustuus.it\\\/cattolica\\\/il-viva-maria\\\/#primaryimage\"},\"thumbnailUrl\":\"https:\\\/\\\/www.rassegnastampa-totustuus.it\\\/cattolica\\\/wp-content\\\/uploads\\\/2005\\\/09\\\/Viva_Maria.jpg\",\"datePublished\":\"2005-09-22T13:26:21+00:00\",\"dateModified\":\"2015-11-26T11:24:44+00:00\",\"description\":\"Rassegna Stampa Cattolica - Per una cultura che nasce dalla Rivelazione cristiana in conformit\u00e0 alla tradizione e al Magistero della Chiesa in opposizione ad ogni relativismo e totalitarismo\",\"breadcrumb\":{\"@id\":\"https:\\\/\\\/www.rassegnastampa-totustuus.it\\\/cattolica\\\/il-viva-maria\\\/#breadcrumb\"},\"inLanguage\":\"it-IT\",\"potentialAction\":[{\"@type\":\"ReadAction\",\"target\":[\"https:\\\/\\\/www.rassegnastampa-totustuus.it\\\/cattolica\\\/il-viva-maria\\\/\"]}]},{\"@type\":\"ImageObject\",\"inLanguage\":\"it-IT\",\"@id\":\"https:\\\/\\\/www.rassegnastampa-totustuus.it\\\/cattolica\\\/il-viva-maria\\\/#primaryimage\",\"url\":\"https:\\\/\\\/www.rassegnastampa-totustuus.it\\\/cattolica\\\/wp-content\\\/uploads\\\/2005\\\/09\\\/Viva_Maria.jpg\",\"contentUrl\":\"https:\\\/\\\/www.rassegnastampa-totustuus.it\\\/cattolica\\\/wp-content\\\/uploads\\\/2005\\\/09\\\/Viva_Maria.jpg\",\"width\":299,\"height\":435},{\"@type\":\"BreadcrumbList\",\"@id\":\"https:\\\/\\\/www.rassegnastampa-totustuus.it\\\/cattolica\\\/il-viva-maria\\\/#breadcrumb\",\"itemListElement\":[{\"@type\":\"ListItem\",\"position\":1,\"name\":\"Home\",\"item\":\"https:\\\/\\\/www.rassegnastampa-totustuus.it\\\/cattolica\\\/\"},{\"@type\":\"ListItem\",\"position\":2,\"name\":\"Il &quot;Viva Maria&quot;\"}]},{\"@type\":\"WebSite\",\"@id\":\"https:\\\/\\\/www.rassegnastampa-totustuus.it\\\/cattolica\\\/#website\",\"url\":\"https:\\\/\\\/www.rassegnastampa-totustuus.it\\\/cattolica\\\/\",\"name\":\"Rassegna Stampa Cattolica\",\"description\":\"Per una cultura che nasce dalla Rivelazione cristiana in conformit\u00e0 alla tradizione e al Magistero della Chiesa in opposizione ad ogni relativismo e totalitarismo\",\"publisher\":{\"@id\":\"https:\\\/\\\/www.rassegnastampa-totustuus.it\\\/cattolica\\\/#organization\"},\"alternateName\":\"Rass. Cattolica\",\"potentialAction\":[{\"@type\":\"SearchAction\",\"target\":{\"@type\":\"EntryPoint\",\"urlTemplate\":\"https:\\\/\\\/www.rassegnastampa-totustuus.it\\\/cattolica\\\/?s={search_term_string}\"},\"query-input\":{\"@type\":\"PropertyValueSpecification\",\"valueRequired\":true,\"valueName\":\"search_term_string\"}}],\"inLanguage\":\"it-IT\"},{\"@type\":\"Organization\",\"@id\":\"https:\\\/\\\/www.rassegnastampa-totustuus.it\\\/cattolica\\\/#organization\",\"name\":\"Rassegna Stampa Cattolica\",\"url\":\"https:\\\/\\\/www.rassegnastampa-totustuus.it\\\/cattolica\\\/\",\"logo\":{\"@type\":\"ImageObject\",\"inLanguage\":\"it-IT\",\"@id\":\"https:\\\/\\\/www.rassegnastampa-totustuus.it\\\/cattolica\\\/#\\\/schema\\\/logo\\\/image\\\/\",\"url\":\"https:\\\/\\\/www.rassegnastampa-totustuus.it\\\/cattolica\\\/wp-content\\\/uploads\\\/2014\\\/04\\\/logo-rassegna1.gif\",\"contentUrl\":\"https:\\\/\\\/www.rassegnastampa-totustuus.it\\\/cattolica\\\/wp-content\\\/uploads\\\/2014\\\/04\\\/logo-rassegna1.gif\",\"width\":600,\"height\":163,\"caption\":\"Rassegna Stampa Cattolica\"},\"image\":{\"@id\":\"https:\\\/\\\/www.rassegnastampa-totustuus.it\\\/cattolica\\\/#\\\/schema\\\/logo\\\/image\\\/\"},\"sameAs\":[\"https:\\\/\\\/www.facebook.com\\\/rassegnastampacattolica\",\"https:\\\/\\\/x.com\\\/rassegnastampa9\"]},{\"@type\":\"Person\",\"@id\":\"https:\\\/\\\/www.rassegnastampa-totustuus.it\\\/cattolica\\\/#\\\/schema\\\/person\\\/08f319d2bd1a0904ad9e2bfb7b15e5c3\",\"name\":\"Redazione\",\"image\":{\"@type\":\"ImageObject\",\"inLanguage\":\"it-IT\",\"@id\":\"https:\\\/\\\/secure.gravatar.com\\\/avatar\\\/2fcdf27c78ea025fbdb44e914cc63c72249ffec9dc8aafd5c82b26240ef3f346?s=96&d=mm&r=g\",\"url\":\"https:\\\/\\\/secure.gravatar.com\\\/avatar\\\/2fcdf27c78ea025fbdb44e914cc63c72249ffec9dc8aafd5c82b26240ef3f346?s=96&d=mm&r=g\",\"contentUrl\":\"https:\\\/\\\/secure.gravatar.com\\\/avatar\\\/2fcdf27c78ea025fbdb44e914cc63c72249ffec9dc8aafd5c82b26240ef3f346?s=96&d=mm&r=g\",\"caption\":\"Redazione\"},\"url\":\"https:\\\/\\\/www.rassegnastampa-totustuus.it\\\/cattolica\\\/author\\\/pietroelle\\\/\"}]}<\/script>\n<!-- \/ Yoast SEO plugin. -->","yoast_head_json":{"title":"Il &quot;Viva Maria&quot; - Rassegna Stampa Cattolica","description":"Rassegna Stampa Cattolica - Per una cultura che nasce dalla Rivelazione cristiana in conformit\u00e0 alla tradizione e al Magistero della Chiesa in opposizione ad ogni relativismo e totalitarismo","robots":{"index":"index","follow":"follow","max-snippet":"max-snippet:-1","max-image-preview":"max-image-preview:large","max-video-preview":"max-video-preview:-1"},"canonical":"https:\/\/www.rassegnastampa-totustuus.it\/cattolica\/il-viva-maria\/","og_locale":"it_IT","og_type":"article","og_title":"Il &quot;Viva Maria&quot; - Rassegna Stampa Cattolica","og_description":"Rassegna Stampa Cattolica - Per una cultura che nasce dalla Rivelazione cristiana in conformit\u00e0 alla tradizione e al Magistero della Chiesa in opposizione ad ogni relativismo e totalitarismo","og_url":"https:\/\/www.rassegnastampa-totustuus.it\/cattolica\/il-viva-maria\/","og_site_name":"Rassegna Stampa Cattolica","article_publisher":"https:\/\/www.facebook.com\/rassegnastampacattolica","article_published_time":"2005-09-22T13:26:21+00:00","article_modified_time":"2015-11-26T11:24:44+00:00","og_image":[{"width":299,"height":435,"url":"https:\/\/www.rassegnastampa-totustuus.it\/cattolica\/wp-content\/uploads\/2005\/09\/Viva_Maria.jpg","type":"image\/jpeg"}],"author":"Redazione","twitter_card":"summary_large_image","twitter_creator":"@rassegnastampa9","twitter_site":"@rassegnastampa9","twitter_misc":{"Scritto da":"Redazione","Tempo di lettura stimato":"9 minuti"},"schema":{"@context":"https:\/\/schema.org","@graph":[{"@type":"Article","@id":"https:\/\/www.rassegnastampa-totustuus.it\/cattolica\/il-viva-maria\/#article","isPartOf":{"@id":"https:\/\/www.rassegnastampa-totustuus.it\/cattolica\/il-viva-maria\/"},"author":{"name":"Redazione","@id":"https:\/\/www.rassegnastampa-totustuus.it\/cattolica\/#\/schema\/person\/08f319d2bd1a0904ad9e2bfb7b15e5c3"},"headline":"Il &quot;Viva Maria&quot;","datePublished":"2005-09-22T13:26:21+00:00","dateModified":"2015-11-26T11:24:44+00:00","mainEntityOfPage":{"@id":"https:\/\/www.rassegnastampa-totustuus.it\/cattolica\/il-viva-maria\/"},"wordCount":1842,"publisher":{"@id":"https:\/\/www.rassegnastampa-totustuus.it\/cattolica\/#organization"},"image":{"@id":"https:\/\/www.rassegnastampa-totustuus.it\/cattolica\/il-viva-maria\/#primaryimage"},"thumbnailUrl":"https:\/\/www.rassegnastampa-totustuus.it\/cattolica\/wp-content\/uploads\/2005\/09\/Viva_Maria.jpg","keywords":["giacobini","insorgenze"],"articleSection":["Insorgenze","Storia italiana"],"inLanguage":"it-IT"},{"@type":"WebPage","@id":"https:\/\/www.rassegnastampa-totustuus.it\/cattolica\/il-viva-maria\/","url":"https:\/\/www.rassegnastampa-totustuus.it\/cattolica\/il-viva-maria\/","name":"Il &quot;Viva Maria&quot; - Rassegna Stampa Cattolica","isPartOf":{"@id":"https:\/\/www.rassegnastampa-totustuus.it\/cattolica\/#website"},"primaryImageOfPage":{"@id":"https:\/\/www.rassegnastampa-totustuus.it\/cattolica\/il-viva-maria\/#primaryimage"},"image":{"@id":"https:\/\/www.rassegnastampa-totustuus.it\/cattolica\/il-viva-maria\/#primaryimage"},"thumbnailUrl":"https:\/\/www.rassegnastampa-totustuus.it\/cattolica\/wp-content\/uploads\/2005\/09\/Viva_Maria.jpg","datePublished":"2005-09-22T13:26:21+00:00","dateModified":"2015-11-26T11:24:44+00:00","description":"Rassegna Stampa Cattolica - Per una cultura che nasce dalla Rivelazione cristiana in conformit\u00e0 alla tradizione e al Magistero della Chiesa in opposizione ad ogni relativismo e totalitarismo","breadcrumb":{"@id":"https:\/\/www.rassegnastampa-totustuus.it\/cattolica\/il-viva-maria\/#breadcrumb"},"inLanguage":"it-IT","potentialAction":[{"@type":"ReadAction","target":["https:\/\/www.rassegnastampa-totustuus.it\/cattolica\/il-viva-maria\/"]}]},{"@type":"ImageObject","inLanguage":"it-IT","@id":"https:\/\/www.rassegnastampa-totustuus.it\/cattolica\/il-viva-maria\/#primaryimage","url":"https:\/\/www.rassegnastampa-totustuus.it\/cattolica\/wp-content\/uploads\/2005\/09\/Viva_Maria.jpg","contentUrl":"https:\/\/www.rassegnastampa-totustuus.it\/cattolica\/wp-content\/uploads\/2005\/09\/Viva_Maria.jpg","width":299,"height":435},{"@type":"BreadcrumbList","@id":"https:\/\/www.rassegnastampa-totustuus.it\/cattolica\/il-viva-maria\/#breadcrumb","itemListElement":[{"@type":"ListItem","position":1,"name":"Home","item":"https:\/\/www.rassegnastampa-totustuus.it\/cattolica\/"},{"@type":"ListItem","position":2,"name":"Il &quot;Viva Maria&quot;"}]},{"@type":"WebSite","@id":"https:\/\/www.rassegnastampa-totustuus.it\/cattolica\/#website","url":"https:\/\/www.rassegnastampa-totustuus.it\/cattolica\/","name":"Rassegna Stampa Cattolica","description":"Per una cultura che nasce dalla Rivelazione cristiana in conformit\u00e0 alla tradizione e al Magistero della Chiesa in opposizione ad ogni relativismo e totalitarismo","publisher":{"@id":"https:\/\/www.rassegnastampa-totustuus.it\/cattolica\/#organization"},"alternateName":"Rass. Cattolica","potentialAction":[{"@type":"SearchAction","target":{"@type":"EntryPoint","urlTemplate":"https:\/\/www.rassegnastampa-totustuus.it\/cattolica\/?s={search_term_string}"},"query-input":{"@type":"PropertyValueSpecification","valueRequired":true,"valueName":"search_term_string"}}],"inLanguage":"it-IT"},{"@type":"Organization","@id":"https:\/\/www.rassegnastampa-totustuus.it\/cattolica\/#organization","name":"Rassegna Stampa Cattolica","url":"https:\/\/www.rassegnastampa-totustuus.it\/cattolica\/","logo":{"@type":"ImageObject","inLanguage":"it-IT","@id":"https:\/\/www.rassegnastampa-totustuus.it\/cattolica\/#\/schema\/logo\/image\/","url":"https:\/\/www.rassegnastampa-totustuus.it\/cattolica\/wp-content\/uploads\/2014\/04\/logo-rassegna1.gif","contentUrl":"https:\/\/www.rassegnastampa-totustuus.it\/cattolica\/wp-content\/uploads\/2014\/04\/logo-rassegna1.gif","width":600,"height":163,"caption":"Rassegna Stampa Cattolica"},"image":{"@id":"https:\/\/www.rassegnastampa-totustuus.it\/cattolica\/#\/schema\/logo\/image\/"},"sameAs":["https:\/\/www.facebook.com\/rassegnastampacattolica","https:\/\/x.com\/rassegnastampa9"]},{"@type":"Person","@id":"https:\/\/www.rassegnastampa-totustuus.it\/cattolica\/#\/schema\/person\/08f319d2bd1a0904ad9e2bfb7b15e5c3","name":"Redazione","image":{"@type":"ImageObject","inLanguage":"it-IT","@id":"https:\/\/secure.gravatar.com\/avatar\/2fcdf27c78ea025fbdb44e914cc63c72249ffec9dc8aafd5c82b26240ef3f346?s=96&d=mm&r=g","url":"https:\/\/secure.gravatar.com\/avatar\/2fcdf27c78ea025fbdb44e914cc63c72249ffec9dc8aafd5c82b26240ef3f346?s=96&d=mm&r=g","contentUrl":"https:\/\/secure.gravatar.com\/avatar\/2fcdf27c78ea025fbdb44e914cc63c72249ffec9dc8aafd5c82b26240ef3f346?s=96&d=mm&r=g","caption":"Redazione"},"url":"https:\/\/www.rassegnastampa-totustuus.it\/cattolica\/author\/pietroelle\/"}]}},"_links":{"self":[{"href":"https:\/\/www.rassegnastampa-totustuus.it\/cattolica\/wp-json\/wp\/v2\/posts\/1460","targetHints":{"allow":["GET"]}}],"collection":[{"href":"https:\/\/www.rassegnastampa-totustuus.it\/cattolica\/wp-json\/wp\/v2\/posts"}],"about":[{"href":"https:\/\/www.rassegnastampa-totustuus.it\/cattolica\/wp-json\/wp\/v2\/types\/post"}],"author":[{"embeddable":true,"href":"https:\/\/www.rassegnastampa-totustuus.it\/cattolica\/wp-json\/wp\/v2\/users\/6"}],"replies":[{"embeddable":true,"href":"https:\/\/www.rassegnastampa-totustuus.it\/cattolica\/wp-json\/wp\/v2\/comments?post=1460"}],"version-history":[{"count":4,"href":"https:\/\/www.rassegnastampa-totustuus.it\/cattolica\/wp-json\/wp\/v2\/posts\/1460\/revisions"}],"predecessor-version":[{"id":28060,"href":"https:\/\/www.rassegnastampa-totustuus.it\/cattolica\/wp-json\/wp\/v2\/posts\/1460\/revisions\/28060"}],"wp:featuredmedia":[{"embeddable":true,"href":"https:\/\/www.rassegnastampa-totustuus.it\/cattolica\/wp-json\/wp\/v2\/media\/28056"}],"wp:attachment":[{"href":"https:\/\/www.rassegnastampa-totustuus.it\/cattolica\/wp-json\/wp\/v2\/media?parent=1460"}],"wp:term":[{"taxonomy":"category","embeddable":true,"href":"https:\/\/www.rassegnastampa-totustuus.it\/cattolica\/wp-json\/wp\/v2\/categories?post=1460"},{"taxonomy":"post_tag","embeddable":true,"href":"https:\/\/www.rassegnastampa-totustuus.it\/cattolica\/wp-json\/wp\/v2\/tags?post=1460"}],"curies":[{"name":"wp","href":"https:\/\/api.w.org\/{rel}","templated":true}]}}