{"id":1459,"date":"2005-09-22T15:23:56","date_gmt":"2005-09-22T13:23:56","guid":{"rendered":""},"modified":"2015-11-26T12:23:29","modified_gmt":"2015-11-26T11:23:29","slug":"il-sanfedismo","status":"publish","type":"post","link":"https:\/\/www.rassegnastampa-totustuus.it\/cattolica\/il-sanfedismo\/","title":{"rendered":"Il sanfedismo"},"content":{"rendered":"<div style=\"text-align: center;\">I.D.I.S. &#8211; Istituto per la Dottrina e l&#8217;Informazione Sociale<\/div>\n<p style=\"text-align: center;\"><strong>Voci per un dizionario del pensiero forte<\/strong><\/p>\n<p style=\"text-align: center;\"><a href=\"https:\/\/www.rassegnastampa-totustuus.it\/cattolica\/wp-content\/uploads\/2005\/09\/Santa-Fede.jpg\"><img loading=\"lazy\" decoding=\"async\" class=\"aligncenter wp-image-28058 size-full\" src=\"https:\/\/www.rassegnastampa-totustuus.it\/cattolica\/wp-content\/uploads\/2005\/09\/Santa-Fede.jpg\" alt=\"Santa Fede\" width=\"240\" height=\"175\" \/><\/a><\/p>\n<p style=\"text-align: center;\">di <strong>Francesco Pappalardo<\/strong><\/p>\n<p><!--more--><\/p>\n<div style=\"text-align: justify;\"><strong>1. Fra storia e ideologia<\/strong><\/div>\n<p style=\"text-align: justify;\">Il termine &#8220;sanfedismo&#8221; designa la reazione armata delle popolazioni dell&#8217;Italia Meridionale, organizzate nell&#8217;esercito della Santa Fede, contro la Repubblica Napoletana del 1799. Il vocabolo ha acquistato nel tempo anche un significato ideologico ed \u00e8 usato per indicare, in senso spregiativo, non soltanto l&#8217;opposizione armata a una rivoluzione ispirata a quella detta francese e l&#8217;insorgenza contro i poteri da essa instaurati, ma anche qualsiasi forma di ideologia &#8220;reazionaria&#8221; e &#8220;clericale&#8221;.<\/p>\n<p style=\"text-align: justify;\">In questo senso il termine \u00e8 stato adoperato dalla storiografia liberal-progressista prima e da quella marxista poi, cui venivano meno gli abituali schemi interpretativi di fronte all&#8217;imbarazzante paradosso di un&#8217;energica resistenza popolare opposta proprio a quelle armate, giacobine e napoleoniche, che pretendevano di agire per il bene del popolo.<\/p>\n<p style=\"text-align: justify;\">Gli storici liberali, rappresentati innanzitutto da Vincenzo Cuoco (1770-1823) e da Pietro Colletta (1775-1831), testimoni diretti degli avvenimenti del 1799, tendono a spiegare il fallimento della Repubblica Napoletana come conseguenza di una rivoluzione accettata &#8220;passivamente&#8221; e frutto di errori e di circostanze avverse, cos\u00ec da salvaguardare il ruolo dirigente dell'&#8221;intellettuale&#8221; e il suo diritto a ergersi come rappresentante della nazione. Anche Benedetto Croce (1866-1952) riduce in larga misura la storia del Mezzogiorno d&#8217;Italia a quella del suo ceto intellettuale e giunge, nella sua Storia del regno di Napoli, a idealizzare i giacobini come nuova aristocrazia, &#8220;quella reale, dell&#8217;intelletto e dell&#8217;animo&#8221;.<\/p>\n<p style=\"text-align: justify;\">Antonio Gramsci (1891-1937), che utilizza lo stesso procedimento logico, si rammarica dell&#8217;assenza &#8220;momentanea&#8221; di un&#8217;avanguardia intellettuale, cio\u00e8 di un partito leninista non ancora fondato, e propone un&#8217;interpretazione delle insorgenze in chiave di lotta di classe fra borghesia e contadini. Questa impostazione vorrebbe accreditare l&#8217;idea di una conflittualit\u00e0 sociale molto diffusa in tutta la penisola, che abbia sempre gli stessi caratteri in presenza di popolazioni differenti, rette da istituzioni diverse, situate in contesti geoeconomici non uniformi e con le tradizioni pi\u00f9 varie.<\/p>\n<p style=\"text-align: justify;\">Una spiegazione insufficiente \u00e8 offerta anche dalla storiografia nazionalistica, che ha avuto corso fra le due guerre mondiali e che vede nelle insorgenze soltanto preziose affermazioni di valori nazionali e, quindi, una reazione allo straniero invasore e non ai princ\u00ecpi rivoluzionari, i quali &#8211; essa sostiene &#8211; avrebbero ricevuto migliore accoglienza se presentati in altro modo e in altra circostanza.<\/p>\n<p style=\"text-align: justify;\">La matrice religiosa delle insorgenze risulta cos\u00ec sbiadita e la resistenza armata di interi popoli, che in Italia e in Europa si batterono in difesa della loro fede e delle loro tradizioni, \u00e8 ancor oggi ignorata da molti o ricordata con disprezzo: &#8220;[&#8230;] tutto questo che \u00e8 dignit\u00e0, fierezza, spirito di sacrificio &#8211; scrive Niccol\u00f2 Rodolico (1873-1969), autore di orientamento liberale &#8211; \u00e8 stato considerato, specialmente per l&#8217;Italia meridionale, fanatismo e brigantaggio&#8221;.<\/p>\n<p style=\"text-align: justify;\">Queste considerazioni valgono in particolare per l&#8217;insorgenza meridionale che, rispetto ad altre simili vicende italiche, pu\u00f2 essere assunta come modello per l&#8217;ampiezza del fenomeno, per la minore frammentariet\u00e0 delle vicende e per la presenza di un nucleo dirigente che, per quanto piccolo, seppe coordinare la generosa reazione popolare.<\/p>\n<p style=\"text-align: justify;\">Infatti, nel 1799, i &#8220;lazzari&#8221;, cio\u00e8 il popolo minuto di Napoli, e i contadini delle province si rivelano ben lungi dall&#8217;essere una massa amorfa, avvezza a passare con facile rassegnazione da un padrone all&#8217;altro, e le loro gesta vanno a costituire l&#8217;epopea della Santa Fede, che ebbe nell&#8217;eroico card. Fabrizio Ruffo dei duchi di Branello (1744-1827) il suo condottiero e in sant&#8217;Alfonso Maria de&#8217; Liguori (1696-1787) il suo preparatore remoto ma profondo, nello stesso senso in cui san Luigi Maria Grignion di Montfort (1673-1716) prepar\u00f2 la Contro-Rivoluzione vandeana.<\/p>\n<p style=\"text-align: justify;\"><strong>2. L&#8217;invasione del regno di Napoli da parte dell&#8217;esercito rivoluzionario francese e la Repubblica Napoletana<\/strong><\/p>\n<p style=\"text-align: justify;\">Quando, nel novembre del 1798, l&#8217;esercito rivoluzionario francese invade il regno di Napoli, la &#8220;[&#8230;] monarchia napoletana &#8211; come ammette Croce -, senza che se lo aspettasse, senza che l&#8217;avesse messo nei suoi calcoli, vide da ogni parte levarsi difenditrici in suo favore le plebi di campagna e di citt\u00e0, che si gettarono nella guerra animose a combattere e morire per la religione e pel re, e furono denominate, allora per la prima volta, &#8220;bande della Santa Fede&#8221;&#8221;.<\/p>\n<p style=\"text-align: justify;\">Nella capitale i popolani mostrano una notevole capacit\u00e0 organizzativa, grazie anche a momenti di coordinamento che fanno riferimento a forme di organizzazione interne alla societ\u00e0 bassa di Napoli nonch\u00e9 alle strutture corporative e a forme di aggregazione religiosa dei laici. I francesi devono impegnarsi a fondo per domare la resistenza e soltanto dopo tre sanguinose giornate il generale Jean-\u00c9tienne Championnet (1762-1800) pu\u00f2 annunciare la vittoria, non senza elogiare il comportamento valoroso dei &#8220;lazzari&#8221;.<\/p>\n<p style=\"text-align: justify;\">Il 21 gennaio 1799, mentre ancora si combatteva per le vie della capitale, viene proclamata la Repubblica Napoletana. I &#8220;patrioti&#8221;, come si facevano chiamare i rivoluzionari, si accorgono ben presto di essere estranei alla maggior parte della popolazione, isolati anche dalle cerchie borghesi neutrali e tenuti in pugno dai francesi. Invece di governare, si perdono in problematiche e in elucubrazioni che costituivano soltanto uno schermo davanti alla tragica realt\u00e0. I dibattiti, le leggi, la pubblicistica, l&#8217;organizzazione dello Stato si riducono a un gioco da salotto, nel quale si enunciano grandi utopie, idee astratte e grandi ideali impersonali.<\/p>\n<p style=\"text-align: justify;\">I &#8220;patrioti&#8221;, che credevano alla magica virt\u00f9 della &#8220;Libert\u00e0&#8221; e veneravano il regime repubblicano come una forma eterna e infallibile, con carattere quasi religioso, pensano basti promulgare alcune leggi fondamentali per realizzare automaticamente la felicit\u00e0 dei popoli. Ma scoprono, com&#8217;era gi\u00e0 accaduto ai loro colleghi francesi, che il popolo reale non era il &#8220;Popolo&#8221; da essi idealizzato; paralizzati fra il seducente miraggio di un popolo mitico e il terrore di una &#8220;plebe&#8221; concreta, decretano che questa era corrotta e occorreva costringerla alla &#8220;virt\u00f9&#8221;.<\/p>\n<p style=\"text-align: justify;\"><strong>3. La crociata della Santa Fede<\/strong><\/p>\n<p style=\"text-align: justify;\">La &#8220;plebe&#8221; si leva concorde in difesa delle sue tradizioni e oppone le sue antiche libert\u00e0 concrete alla &#8220;Libert\u00e0&#8221; astratta e letteraria dei giacobini. Il governo borbonico ha un ruolo importante nell&#8217;acquisizione, da parte delle insorgenze, di un carattere esteso e uniforme, che le avrebbe differenziate dalle reazioni locali che si venivano manifestando in pressoch\u00e9 tutta la penisola contro i francesi e i loro alleati. Il proposito di dare una guida capace e autorevole alla reazione popolare per ricondurre il regno sotto l&#8217;autorit\u00e0 legittima era nato quasi subito alla corte di Ferdinando IV di Borbone (1751-1825), rifugiatosi a Palermo, che individua tale guida nel card. Ruffo.<\/p>\n<p style=\"text-align: justify;\">L&#8217;8 febbraio 1799, soltanto due settimane dopo la conquista francese della capitale, il cardinale sbarca a Pezzo, in Calabria, per organizzare la resistenza sul continente. Ha con s\u00e9 soltanto pochi compagni e una grande bandiera di seta bianca, con lo stemma reale da una parte e una croce dall&#8217;altra, su cui stava scritto il famoso motto costantiniano In hoc signo vinces. Fin dall&#8217;inizio la sua azione \u00e8 molto energica e raccoglie alcune migliaia di volontari: ricchi possidenti, ecclesiastici di ogni ordine e grado, commercianti e artigiani, contadini, armigeri baronali e militi delle disciolte corti di giustizia.<\/p>\n<p style=\"text-align: justify;\">Questi ultimi, insieme con alcuni ufficiali e soldati dell&#8217;esercito reale, erano i pi\u00f9 esperti e disciplinati in mezzo a una moltitudine di uomini tratti sotto le bandiere della Santa Fede dal sentimento del diritto o dalla devozione alla monarchia, ma talvolta anche dal desiderio di bottino o di vendetta contro nemici personali. Ruffo, soprattutto nella prima fase dell&#8217;arruolamento, non pu\u00f2 essere severo nella scelta, ma presto la sua mano organizzatrice si fa sentire; rifulgono in quei frangenti la sua forza d&#8217;animo, le capacit\u00e0 organizzative, la familiarit\u00e0 con i soldati, l&#8217;intensa opera di animazione e di direzione, l&#8217;atteggiamento inflessibile nei confronti dei predatori e dei violenti.<\/p>\n<p style=\"text-align: justify;\">In aprile i rivoluzionari francesi iniziano la ritirata, lasciandosi dietro una scia sanguinosa di sopraffazioni e di violenze, alle quali la popolazione reagisce con vigore e con determinazione. Il 13 giugno 1799, l&#8217;Armata fa il suo ingresso nella capitale, gi\u00e0 infiorata di candidi panni gigliati e di coccarde scarlatte. Ma la festa dura poco. Il popolo minuto, che non aveva dimenticato i tradimenti, la sconfitta, le brutalit\u00e0 e i saccheggi, si vendica ferocemente dei suoi nemici. Ruffo cerca invano di arginare la guerra civile; a nulla valgono neppure le sue proteste contro la proditoria violazione, da parte dell&#8217;ammiraglio inglese Horatio Nelson (1758-1805), inviato a sostegno del re di Napoli, della convenzione conclusa con i vinti.<\/p>\n<p style=\"text-align: justify;\">Lo scontro con la Corte si ha soprattutto sulla valutazione del ruolo e dell&#8217;importanza da assegnare al ceto dirigente nella ricostruzione del regno. Ruffo riteneva che occorresse fare affidamento su uomini dottrinalmente preparati e su una nobilt\u00e0 reintegrata nelle sue funzioni; invece il re voleva accentuare il dispotismo proprio dell'&#8221;assolutismo illuminato&#8221;, trascurando la necessit\u00e0 di una vasta opera di formazione contro-rivoluzionaria della classe dirigente e di animazione pure contro-rivoluzionaria nonch\u00e9 di messa in guardia della popolazione contro la penetrazione settaria. Ferdinando IV perde l&#8217;occasione storica di una restaurazione integrale e il cardinale, falsamente accusato di simpatie giacobine, viene emarginato appena possibile.<\/p>\n<p style=\"text-align: justify;\">Resta, tuttavia, l&#8217;esempio e il sacrificio di tanti eroici figli della nazione italiana. A distanza di quasi due secoli occorre &#8211; come scrive Renzo Uberto Montini alla voce Sanfedismo dell&#8217;Enciclopedia Cattolica &#8211; &#8220;[&#8230;] restituire al sanfedismo originale ed autentico l&#8217;innegabile merito di avere rappresentato, nell&#8217;Italia meridionale, la spontanea resistenza di popolazioni autenticamente cattoliche e devote alle autorit\u00e0 legittime contro gli abusi, le violenze e l&#8217;opera scristianizzatrice di un governo instaurato e sostenuto dallo straniero, in dispregio di tutte le tradizioni politiche e religiose locali&#8221;<\/p>\n<p style=\"text-align: justify;\"><strong>Per approfondire: <\/strong>la censura storiografica messa in atto dai &#8220;vincitori&#8221; ha lasciato spazio soltanto a opere di orientamento liberale o marxista; fra le ricostruzioni meno &#8220;ideologizzate&#8221; ricordo Alberto Consiglio, <em>Lazzari e Santa Fede (Rivoluzione Napoletana del 1799)<\/em>, Ceschina, Milano 1936; e Massimo Lelj, <em>La Santa Fede. La spedizione del cardinale Ruffo (1799)<\/em>, Mondadori, Milano 1936, entrambe di ispirazione nazionalistica; fra le fonti coeve reperibili con minore difficolt\u00e0 segnalo le cronache del domenicano Antonino Cimbalo, <em>La lunga marcia del cardinale Ruffo alla riconquista del regno di Napoli<\/em>, Borzi, Roma 1967; e di Domenico Petromasi, <em>Alla riconquista del Regno. La marcia del Cardinale Ruffo dalle Calabrie a Napoli<\/em>, Editoriale Il Giglio, Napoli 1994; nonch\u00e9 Carlo De Nicola, <em>Diario napoletano (dicembre 1798-dicembre 1800)<\/em>, Giordano, Milano 1963; per una ricostruzione sintetica rinvio al mio <em>1799: la crociata della Santa Fede<\/em>, in <em>Quaderni di &#8220;Cristianit\u00e0&#8221;<\/em>, anno I, n. 3, inverno 1985, pp. 34-50.<\/p>\n","protected":false},"excerpt":{"rendered":"<p>I.D.I.S. &#8211; Istituto per la Dottrina e l&#8217;Informazione Sociale Voci per un dizionario del pensiero forte di Francesco Pappalardo<\/p><p><a class=\"more-link btn\" href=\"https:\/\/www.rassegnastampa-totustuus.it\/cattolica\/il-sanfedismo\/\">Continua a leggere<\/a><\/p>\n","protected":false},"author":6,"featured_media":28058,"comment_status":"closed","ping_status":"open","sticky":false,"template":"","format":"standard","meta":{"footnotes":""},"categories":[99,96],"tags":[1051],"class_list":["post-1459","post","type-post","status-publish","format-standard","has-post-thumbnail","hentry","category-insorgenze","category-storia-italiana","tag-insorgenze-2","item-wrap"],"yoast_head":"<!-- This site is optimized with the Yoast SEO plugin v27.5 - https:\/\/yoast.com\/product\/yoast-seo-wordpress\/ -->\n<title>Il sanfedismo - Rassegna Stampa Cattolica<\/title>\n<meta name=\"description\" content=\"Rassegna Stampa Cattolica - Per una cultura che nasce dalla Rivelazione cristiana in conformit\u00e0 alla tradizione e al Magistero della Chiesa in opposizione ad ogni relativismo e totalitarismo\" \/>\n<meta name=\"robots\" content=\"index, follow, max-snippet:-1, max-image-preview:large, max-video-preview:-1\" \/>\n<link rel=\"canonical\" href=\"https:\/\/www.rassegnastampa-totustuus.it\/cattolica\/il-sanfedismo\/\" \/>\n<meta property=\"og:locale\" content=\"it_IT\" \/>\n<meta property=\"og:type\" content=\"article\" \/>\n<meta property=\"og:title\" content=\"Il sanfedismo - Rassegna Stampa Cattolica\" \/>\n<meta property=\"og:description\" content=\"Rassegna Stampa Cattolica - Per una cultura che nasce dalla Rivelazione cristiana in conformit\u00e0 alla tradizione e al Magistero della Chiesa in opposizione ad ogni relativismo e totalitarismo\" \/>\n<meta property=\"og:url\" content=\"https:\/\/www.rassegnastampa-totustuus.it\/cattolica\/il-sanfedismo\/\" \/>\n<meta property=\"og:site_name\" content=\"Rassegna Stampa Cattolica\" \/>\n<meta property=\"article:publisher\" content=\"https:\/\/www.facebook.com\/rassegnastampacattolica\" \/>\n<meta property=\"article:published_time\" content=\"2005-09-22T13:23:56+00:00\" \/>\n<meta property=\"article:modified_time\" content=\"2015-11-26T11:23:29+00:00\" \/>\n<meta property=\"og:image\" content=\"https:\/\/www.rassegnastampa-totustuus.it\/cattolica\/wp-content\/uploads\/2005\/09\/Santa-Fede.jpg\" \/>\n\t<meta property=\"og:image:width\" content=\"240\" \/>\n\t<meta property=\"og:image:height\" content=\"175\" \/>\n\t<meta property=\"og:image:type\" content=\"image\/jpeg\" \/>\n<meta name=\"author\" content=\"Redazione\" \/>\n<meta name=\"twitter:card\" content=\"summary_large_image\" \/>\n<meta name=\"twitter:creator\" content=\"@rassegnastampa9\" \/>\n<meta name=\"twitter:site\" content=\"@rassegnastampa9\" \/>\n<meta name=\"twitter:label1\" content=\"Scritto da\" \/>\n\t<meta name=\"twitter:data1\" content=\"Redazione\" \/>\n\t<meta name=\"twitter:label2\" content=\"Tempo di lettura stimato\" \/>\n\t<meta name=\"twitter:data2\" content=\"8 minuti\" \/>\n<script type=\"application\/ld+json\" class=\"yoast-schema-graph\">{\"@context\":\"https:\\\/\\\/schema.org\",\"@graph\":[{\"@type\":\"Article\",\"@id\":\"https:\\\/\\\/www.rassegnastampa-totustuus.it\\\/cattolica\\\/il-sanfedismo\\\/#article\",\"isPartOf\":{\"@id\":\"https:\\\/\\\/www.rassegnastampa-totustuus.it\\\/cattolica\\\/il-sanfedismo\\\/\"},\"author\":{\"name\":\"Redazione\",\"@id\":\"https:\\\/\\\/www.rassegnastampa-totustuus.it\\\/cattolica\\\/#\\\/schema\\\/person\\\/08f319d2bd1a0904ad9e2bfb7b15e5c3\"},\"headline\":\"Il sanfedismo\",\"datePublished\":\"2005-09-22T13:23:56+00:00\",\"dateModified\":\"2015-11-26T11:23:29+00:00\",\"mainEntityOfPage\":{\"@id\":\"https:\\\/\\\/www.rassegnastampa-totustuus.it\\\/cattolica\\\/il-sanfedismo\\\/\"},\"wordCount\":1720,\"publisher\":{\"@id\":\"https:\\\/\\\/www.rassegnastampa-totustuus.it\\\/cattolica\\\/#organization\"},\"image\":{\"@id\":\"https:\\\/\\\/www.rassegnastampa-totustuus.it\\\/cattolica\\\/il-sanfedismo\\\/#primaryimage\"},\"thumbnailUrl\":\"https:\\\/\\\/www.rassegnastampa-totustuus.it\\\/cattolica\\\/wp-content\\\/uploads\\\/2005\\\/09\\\/Santa-Fede.jpg\",\"keywords\":[\"insorgenze\"],\"articleSection\":[\"Insorgenze\",\"Storia italiana\"],\"inLanguage\":\"it-IT\"},{\"@type\":\"WebPage\",\"@id\":\"https:\\\/\\\/www.rassegnastampa-totustuus.it\\\/cattolica\\\/il-sanfedismo\\\/\",\"url\":\"https:\\\/\\\/www.rassegnastampa-totustuus.it\\\/cattolica\\\/il-sanfedismo\\\/\",\"name\":\"Il sanfedismo - Rassegna Stampa Cattolica\",\"isPartOf\":{\"@id\":\"https:\\\/\\\/www.rassegnastampa-totustuus.it\\\/cattolica\\\/#website\"},\"primaryImageOfPage\":{\"@id\":\"https:\\\/\\\/www.rassegnastampa-totustuus.it\\\/cattolica\\\/il-sanfedismo\\\/#primaryimage\"},\"image\":{\"@id\":\"https:\\\/\\\/www.rassegnastampa-totustuus.it\\\/cattolica\\\/il-sanfedismo\\\/#primaryimage\"},\"thumbnailUrl\":\"https:\\\/\\\/www.rassegnastampa-totustuus.it\\\/cattolica\\\/wp-content\\\/uploads\\\/2005\\\/09\\\/Santa-Fede.jpg\",\"datePublished\":\"2005-09-22T13:23:56+00:00\",\"dateModified\":\"2015-11-26T11:23:29+00:00\",\"description\":\"Rassegna Stampa Cattolica - Per una cultura che nasce dalla Rivelazione cristiana in conformit\u00e0 alla tradizione e al Magistero della Chiesa in opposizione ad ogni relativismo e totalitarismo\",\"breadcrumb\":{\"@id\":\"https:\\\/\\\/www.rassegnastampa-totustuus.it\\\/cattolica\\\/il-sanfedismo\\\/#breadcrumb\"},\"inLanguage\":\"it-IT\",\"potentialAction\":[{\"@type\":\"ReadAction\",\"target\":[\"https:\\\/\\\/www.rassegnastampa-totustuus.it\\\/cattolica\\\/il-sanfedismo\\\/\"]}]},{\"@type\":\"ImageObject\",\"inLanguage\":\"it-IT\",\"@id\":\"https:\\\/\\\/www.rassegnastampa-totustuus.it\\\/cattolica\\\/il-sanfedismo\\\/#primaryimage\",\"url\":\"https:\\\/\\\/www.rassegnastampa-totustuus.it\\\/cattolica\\\/wp-content\\\/uploads\\\/2005\\\/09\\\/Santa-Fede.jpg\",\"contentUrl\":\"https:\\\/\\\/www.rassegnastampa-totustuus.it\\\/cattolica\\\/wp-content\\\/uploads\\\/2005\\\/09\\\/Santa-Fede.jpg\",\"width\":240,\"height\":175},{\"@type\":\"BreadcrumbList\",\"@id\":\"https:\\\/\\\/www.rassegnastampa-totustuus.it\\\/cattolica\\\/il-sanfedismo\\\/#breadcrumb\",\"itemListElement\":[{\"@type\":\"ListItem\",\"position\":1,\"name\":\"Home\",\"item\":\"https:\\\/\\\/www.rassegnastampa-totustuus.it\\\/cattolica\\\/\"},{\"@type\":\"ListItem\",\"position\":2,\"name\":\"Il sanfedismo\"}]},{\"@type\":\"WebSite\",\"@id\":\"https:\\\/\\\/www.rassegnastampa-totustuus.it\\\/cattolica\\\/#website\",\"url\":\"https:\\\/\\\/www.rassegnastampa-totustuus.it\\\/cattolica\\\/\",\"name\":\"Rassegna Stampa Cattolica\",\"description\":\"Per una cultura che nasce dalla Rivelazione cristiana in conformit\u00e0 alla tradizione e al Magistero della Chiesa in opposizione ad ogni relativismo e totalitarismo\",\"publisher\":{\"@id\":\"https:\\\/\\\/www.rassegnastampa-totustuus.it\\\/cattolica\\\/#organization\"},\"alternateName\":\"Rass. Cattolica\",\"potentialAction\":[{\"@type\":\"SearchAction\",\"target\":{\"@type\":\"EntryPoint\",\"urlTemplate\":\"https:\\\/\\\/www.rassegnastampa-totustuus.it\\\/cattolica\\\/?s={search_term_string}\"},\"query-input\":{\"@type\":\"PropertyValueSpecification\",\"valueRequired\":true,\"valueName\":\"search_term_string\"}}],\"inLanguage\":\"it-IT\"},{\"@type\":\"Organization\",\"@id\":\"https:\\\/\\\/www.rassegnastampa-totustuus.it\\\/cattolica\\\/#organization\",\"name\":\"Rassegna Stampa Cattolica\",\"url\":\"https:\\\/\\\/www.rassegnastampa-totustuus.it\\\/cattolica\\\/\",\"logo\":{\"@type\":\"ImageObject\",\"inLanguage\":\"it-IT\",\"@id\":\"https:\\\/\\\/www.rassegnastampa-totustuus.it\\\/cattolica\\\/#\\\/schema\\\/logo\\\/image\\\/\",\"url\":\"https:\\\/\\\/www.rassegnastampa-totustuus.it\\\/cattolica\\\/wp-content\\\/uploads\\\/2014\\\/04\\\/logo-rassegna1.gif\",\"contentUrl\":\"https:\\\/\\\/www.rassegnastampa-totustuus.it\\\/cattolica\\\/wp-content\\\/uploads\\\/2014\\\/04\\\/logo-rassegna1.gif\",\"width\":600,\"height\":163,\"caption\":\"Rassegna Stampa Cattolica\"},\"image\":{\"@id\":\"https:\\\/\\\/www.rassegnastampa-totustuus.it\\\/cattolica\\\/#\\\/schema\\\/logo\\\/image\\\/\"},\"sameAs\":[\"https:\\\/\\\/www.facebook.com\\\/rassegnastampacattolica\",\"https:\\\/\\\/x.com\\\/rassegnastampa9\"]},{\"@type\":\"Person\",\"@id\":\"https:\\\/\\\/www.rassegnastampa-totustuus.it\\\/cattolica\\\/#\\\/schema\\\/person\\\/08f319d2bd1a0904ad9e2bfb7b15e5c3\",\"name\":\"Redazione\",\"image\":{\"@type\":\"ImageObject\",\"inLanguage\":\"it-IT\",\"@id\":\"https:\\\/\\\/secure.gravatar.com\\\/avatar\\\/2fcdf27c78ea025fbdb44e914cc63c72249ffec9dc8aafd5c82b26240ef3f346?s=96&d=mm&r=g\",\"url\":\"https:\\\/\\\/secure.gravatar.com\\\/avatar\\\/2fcdf27c78ea025fbdb44e914cc63c72249ffec9dc8aafd5c82b26240ef3f346?s=96&d=mm&r=g\",\"contentUrl\":\"https:\\\/\\\/secure.gravatar.com\\\/avatar\\\/2fcdf27c78ea025fbdb44e914cc63c72249ffec9dc8aafd5c82b26240ef3f346?s=96&d=mm&r=g\",\"caption\":\"Redazione\"},\"url\":\"https:\\\/\\\/www.rassegnastampa-totustuus.it\\\/cattolica\\\/author\\\/pietroelle\\\/\"}]}<\/script>\n<!-- \/ Yoast SEO plugin. -->","yoast_head_json":{"title":"Il sanfedismo - Rassegna Stampa Cattolica","description":"Rassegna Stampa Cattolica - Per una cultura che nasce dalla Rivelazione cristiana in conformit\u00e0 alla tradizione e al Magistero della Chiesa in opposizione ad ogni relativismo e totalitarismo","robots":{"index":"index","follow":"follow","max-snippet":"max-snippet:-1","max-image-preview":"max-image-preview:large","max-video-preview":"max-video-preview:-1"},"canonical":"https:\/\/www.rassegnastampa-totustuus.it\/cattolica\/il-sanfedismo\/","og_locale":"it_IT","og_type":"article","og_title":"Il sanfedismo - Rassegna Stampa Cattolica","og_description":"Rassegna Stampa Cattolica - Per una cultura che nasce dalla Rivelazione cristiana in conformit\u00e0 alla tradizione e al Magistero della Chiesa in opposizione ad ogni relativismo e totalitarismo","og_url":"https:\/\/www.rassegnastampa-totustuus.it\/cattolica\/il-sanfedismo\/","og_site_name":"Rassegna Stampa Cattolica","article_publisher":"https:\/\/www.facebook.com\/rassegnastampacattolica","article_published_time":"2005-09-22T13:23:56+00:00","article_modified_time":"2015-11-26T11:23:29+00:00","og_image":[{"width":240,"height":175,"url":"https:\/\/www.rassegnastampa-totustuus.it\/cattolica\/wp-content\/uploads\/2005\/09\/Santa-Fede.jpg","type":"image\/jpeg"}],"author":"Redazione","twitter_card":"summary_large_image","twitter_creator":"@rassegnastampa9","twitter_site":"@rassegnastampa9","twitter_misc":{"Scritto da":"Redazione","Tempo di lettura stimato":"8 minuti"},"schema":{"@context":"https:\/\/schema.org","@graph":[{"@type":"Article","@id":"https:\/\/www.rassegnastampa-totustuus.it\/cattolica\/il-sanfedismo\/#article","isPartOf":{"@id":"https:\/\/www.rassegnastampa-totustuus.it\/cattolica\/il-sanfedismo\/"},"author":{"name":"Redazione","@id":"https:\/\/www.rassegnastampa-totustuus.it\/cattolica\/#\/schema\/person\/08f319d2bd1a0904ad9e2bfb7b15e5c3"},"headline":"Il sanfedismo","datePublished":"2005-09-22T13:23:56+00:00","dateModified":"2015-11-26T11:23:29+00:00","mainEntityOfPage":{"@id":"https:\/\/www.rassegnastampa-totustuus.it\/cattolica\/il-sanfedismo\/"},"wordCount":1720,"publisher":{"@id":"https:\/\/www.rassegnastampa-totustuus.it\/cattolica\/#organization"},"image":{"@id":"https:\/\/www.rassegnastampa-totustuus.it\/cattolica\/il-sanfedismo\/#primaryimage"},"thumbnailUrl":"https:\/\/www.rassegnastampa-totustuus.it\/cattolica\/wp-content\/uploads\/2005\/09\/Santa-Fede.jpg","keywords":["insorgenze"],"articleSection":["Insorgenze","Storia italiana"],"inLanguage":"it-IT"},{"@type":"WebPage","@id":"https:\/\/www.rassegnastampa-totustuus.it\/cattolica\/il-sanfedismo\/","url":"https:\/\/www.rassegnastampa-totustuus.it\/cattolica\/il-sanfedismo\/","name":"Il sanfedismo - Rassegna Stampa Cattolica","isPartOf":{"@id":"https:\/\/www.rassegnastampa-totustuus.it\/cattolica\/#website"},"primaryImageOfPage":{"@id":"https:\/\/www.rassegnastampa-totustuus.it\/cattolica\/il-sanfedismo\/#primaryimage"},"image":{"@id":"https:\/\/www.rassegnastampa-totustuus.it\/cattolica\/il-sanfedismo\/#primaryimage"},"thumbnailUrl":"https:\/\/www.rassegnastampa-totustuus.it\/cattolica\/wp-content\/uploads\/2005\/09\/Santa-Fede.jpg","datePublished":"2005-09-22T13:23:56+00:00","dateModified":"2015-11-26T11:23:29+00:00","description":"Rassegna Stampa Cattolica - Per una cultura che nasce dalla Rivelazione cristiana in conformit\u00e0 alla tradizione e al Magistero della Chiesa in opposizione ad ogni relativismo e totalitarismo","breadcrumb":{"@id":"https:\/\/www.rassegnastampa-totustuus.it\/cattolica\/il-sanfedismo\/#breadcrumb"},"inLanguage":"it-IT","potentialAction":[{"@type":"ReadAction","target":["https:\/\/www.rassegnastampa-totustuus.it\/cattolica\/il-sanfedismo\/"]}]},{"@type":"ImageObject","inLanguage":"it-IT","@id":"https:\/\/www.rassegnastampa-totustuus.it\/cattolica\/il-sanfedismo\/#primaryimage","url":"https:\/\/www.rassegnastampa-totustuus.it\/cattolica\/wp-content\/uploads\/2005\/09\/Santa-Fede.jpg","contentUrl":"https:\/\/www.rassegnastampa-totustuus.it\/cattolica\/wp-content\/uploads\/2005\/09\/Santa-Fede.jpg","width":240,"height":175},{"@type":"BreadcrumbList","@id":"https:\/\/www.rassegnastampa-totustuus.it\/cattolica\/il-sanfedismo\/#breadcrumb","itemListElement":[{"@type":"ListItem","position":1,"name":"Home","item":"https:\/\/www.rassegnastampa-totustuus.it\/cattolica\/"},{"@type":"ListItem","position":2,"name":"Il sanfedismo"}]},{"@type":"WebSite","@id":"https:\/\/www.rassegnastampa-totustuus.it\/cattolica\/#website","url":"https:\/\/www.rassegnastampa-totustuus.it\/cattolica\/","name":"Rassegna Stampa Cattolica","description":"Per una cultura che nasce dalla Rivelazione cristiana in conformit\u00e0 alla tradizione e al Magistero della Chiesa in opposizione ad ogni relativismo e totalitarismo","publisher":{"@id":"https:\/\/www.rassegnastampa-totustuus.it\/cattolica\/#organization"},"alternateName":"Rass. Cattolica","potentialAction":[{"@type":"SearchAction","target":{"@type":"EntryPoint","urlTemplate":"https:\/\/www.rassegnastampa-totustuus.it\/cattolica\/?s={search_term_string}"},"query-input":{"@type":"PropertyValueSpecification","valueRequired":true,"valueName":"search_term_string"}}],"inLanguage":"it-IT"},{"@type":"Organization","@id":"https:\/\/www.rassegnastampa-totustuus.it\/cattolica\/#organization","name":"Rassegna Stampa Cattolica","url":"https:\/\/www.rassegnastampa-totustuus.it\/cattolica\/","logo":{"@type":"ImageObject","inLanguage":"it-IT","@id":"https:\/\/www.rassegnastampa-totustuus.it\/cattolica\/#\/schema\/logo\/image\/","url":"https:\/\/www.rassegnastampa-totustuus.it\/cattolica\/wp-content\/uploads\/2014\/04\/logo-rassegna1.gif","contentUrl":"https:\/\/www.rassegnastampa-totustuus.it\/cattolica\/wp-content\/uploads\/2014\/04\/logo-rassegna1.gif","width":600,"height":163,"caption":"Rassegna Stampa Cattolica"},"image":{"@id":"https:\/\/www.rassegnastampa-totustuus.it\/cattolica\/#\/schema\/logo\/image\/"},"sameAs":["https:\/\/www.facebook.com\/rassegnastampacattolica","https:\/\/x.com\/rassegnastampa9"]},{"@type":"Person","@id":"https:\/\/www.rassegnastampa-totustuus.it\/cattolica\/#\/schema\/person\/08f319d2bd1a0904ad9e2bfb7b15e5c3","name":"Redazione","image":{"@type":"ImageObject","inLanguage":"it-IT","@id":"https:\/\/secure.gravatar.com\/avatar\/2fcdf27c78ea025fbdb44e914cc63c72249ffec9dc8aafd5c82b26240ef3f346?s=96&d=mm&r=g","url":"https:\/\/secure.gravatar.com\/avatar\/2fcdf27c78ea025fbdb44e914cc63c72249ffec9dc8aafd5c82b26240ef3f346?s=96&d=mm&r=g","contentUrl":"https:\/\/secure.gravatar.com\/avatar\/2fcdf27c78ea025fbdb44e914cc63c72249ffec9dc8aafd5c82b26240ef3f346?s=96&d=mm&r=g","caption":"Redazione"},"url":"https:\/\/www.rassegnastampa-totustuus.it\/cattolica\/author\/pietroelle\/"}]}},"_links":{"self":[{"href":"https:\/\/www.rassegnastampa-totustuus.it\/cattolica\/wp-json\/wp\/v2\/posts\/1459","targetHints":{"allow":["GET"]}}],"collection":[{"href":"https:\/\/www.rassegnastampa-totustuus.it\/cattolica\/wp-json\/wp\/v2\/posts"}],"about":[{"href":"https:\/\/www.rassegnastampa-totustuus.it\/cattolica\/wp-json\/wp\/v2\/types\/post"}],"author":[{"embeddable":true,"href":"https:\/\/www.rassegnastampa-totustuus.it\/cattolica\/wp-json\/wp\/v2\/users\/6"}],"replies":[{"embeddable":true,"href":"https:\/\/www.rassegnastampa-totustuus.it\/cattolica\/wp-json\/wp\/v2\/comments?post=1459"}],"version-history":[{"count":4,"href":"https:\/\/www.rassegnastampa-totustuus.it\/cattolica\/wp-json\/wp\/v2\/posts\/1459\/revisions"}],"predecessor-version":[{"id":28059,"href":"https:\/\/www.rassegnastampa-totustuus.it\/cattolica\/wp-json\/wp\/v2\/posts\/1459\/revisions\/28059"}],"wp:featuredmedia":[{"embeddable":true,"href":"https:\/\/www.rassegnastampa-totustuus.it\/cattolica\/wp-json\/wp\/v2\/media\/28058"}],"wp:attachment":[{"href":"https:\/\/www.rassegnastampa-totustuus.it\/cattolica\/wp-json\/wp\/v2\/media?parent=1459"}],"wp:term":[{"taxonomy":"category","embeddable":true,"href":"https:\/\/www.rassegnastampa-totustuus.it\/cattolica\/wp-json\/wp\/v2\/categories?post=1459"},{"taxonomy":"post_tag","embeddable":true,"href":"https:\/\/www.rassegnastampa-totustuus.it\/cattolica\/wp-json\/wp\/v2\/tags?post=1459"}],"curies":[{"name":"wp","href":"https:\/\/api.w.org\/{rel}","templated":true}]}}