{"id":145,"date":"2004-11-15T13:09:11","date_gmt":"2004-11-15T12:09:11","guid":{"rendered":""},"modified":"2025-07-02T16:24:42","modified_gmt":"2025-07-02T14:24:42","slug":"la-procreazione-artificiale-aspetti-etici-ed-aspetti-politici","status":"publish","type":"post","link":"https:\/\/www.rassegnastampa-totustuus.it\/cattolica\/la-procreazione-artificiale-aspetti-etici-ed-aspetti-politici\/","title":{"rendered":"La procreazione artificiale: aspetti etici ed aspetti politici"},"content":{"rendered":"\n<p class=\"has-text-align-center\"><a href=\"http:\/\/www.culturacattolica.it\/\" target=\"_blank\" rel=\"noreferrer noopener\">http:\/\/www.culturacattolica.it\/<\/a><\/p>\n\n\n\n<p class=\"has-text-align-center\"><em>Testo tratto da un intervento di<\/em><\/p>\n\n\n\n<p class=\"has-text-align-center\"><strong>Carlo Caffarra<\/strong><\/p>\n\n\n\n<p class=\"has-text-align-center\"><em>Arcivescovo di Ferrara-Comacchio<\/em><\/p>\n\n\n<div class=\"wp-block-image\">\n<figure class=\"aligncenter size-full is-resized\"><a href=\"https:\/\/www.rassegnastampa-totustuus.it\/cattolica\/wp-content\/uploads\/2004\/11\/procreazione-assist1.jpg\"><img loading=\"lazy\" decoding=\"async\" width=\"225\" height=\"225\" src=\"https:\/\/www.rassegnastampa-totustuus.it\/cattolica\/wp-content\/uploads\/2004\/11\/procreazione-assist1.jpg\" alt=\"\" class=\"wp-image-28764\" style=\"width:337px;height:auto\" srcset=\"https:\/\/www.rassegnastampa-totustuus.it\/cattolica\/wp-content\/uploads\/2004\/11\/procreazione-assist1.jpg 225w, https:\/\/www.rassegnastampa-totustuus.it\/cattolica\/wp-content\/uploads\/2004\/11\/procreazione-assist1-150x150.jpg 150w\" sizes=\"auto, (max-width: 225px) 100vw, 225px\" \/><\/a><\/figure><\/div>\n\n\n<!--more-->\n\n\n\n<p>Il nostro discorso riguarda l&#8217;agire umano in quanto \u00e8 agire di uno che vive nella societ\u00e0 statale: che \u00e8 cittadino di uno stato. La nostra riflessione cercher\u00e0 quindi di rispondere alla domanda: a quali condizioni una legge che regolamenta il ricorso alla procreazione artificiale \u00e8 giusta?<\/p>\n\n\n\n<p>E prima ancora: \u00e8 necessario che il legislatore produca una legge a riguardo? Per quel che concerne quest&#8217;ultima domanda possiamo notare che il ricorso alla procreazione artificiale ha una rilevanza pubblica per diverse ragioni:<\/p>\n\n\n\n<ul class=\"wp-block-list\">\n<li>\u00e8 necessario tutelare i diritti fondamentali delle persone pi\u00f9 deboli. Ora chi viene concepito, anche attraverso la procreazione artificiale, deve esserlo in modo che i suoi diritti fondamentali siano tutelati;<\/li>\n\n\n\n<li>le attuali tecniche di procreazione artificiale possono consentire una strumentalizzazione dell&#8217;embrione umano da parte di altre persone, fatto che mina il fondamento della societ\u00e0, cio\u00e8 la pari dignit\u00e0 o l&#8217;uguaglianza nella dignit\u00e0 fra le persone;<\/li>\n\n\n\n<li> le attuali tecniche di procreazione artificiale inoltre possono orientare verso una programmazione genetica fatta a partire dalle preferenze dei genitori.<\/li>\n<\/ul>\n\n\n\n<p>Dunque \u00e8 necessario che lo Stato disciplini il ricorso alla procreazione artificiale.<\/p>\n\n\n\n<p>La risposta alla prima domanda \u00e8 difficile: essa deve individuare le condizioni di giustizia di una disciplina giuridica di ricorso alla procreazione artificiale. E la ricerca di tali condizioni deve essere guidata da un criterio fondato sulla natura della persona umana, che potrebbe essere espresso come segue.<\/p>\n\n\n\n<p>Ogni procreazione artificiale deve salvaguardare tre diritti fondamentali di colui che viene concepito: il diritto ad essere trattato come soggetto e non come oggetto; una volta concepito, il diritto inviolabile alla vita; il diritto ad una famiglia fondata sul matrimonio. In base a questo criterio \u00e8 da ritenersi gravemente ingiusta una legge:<\/p>\n\n\n\n<ul class=\"wp-block-list\">\n<li>che permettesse la produzione di embrioni umani al solo fine di sperimentazioni scientifiche;<\/li>\n\n\n\n<li>che permettesse la procreazione artificiale in vista della diagnosi pre-impiantatoria per fini eugenetici; <\/li>\n\n\n\n<li>che non proibisse la procreazione artificiale eterologa e la produzione di cloni umani;<\/li>\n\n\n\n<li>che permettesse la procreazione artificiale non escludendo la produzione di embrioni umani sovra-numerari.<\/li>\n<\/ul>\n\n\n\n<p>Alla luce di quanto detto finora, si dovrebbe concludere: una legge che consentisse il ricorso alla procreazione artificiale omologa a due sposi, proibendo loro la &#8220;produzione di embrioni sovra-numerari&#8221;, proibendo cio\u00e8 la creazione di un numero di embrioni trasferibili superiore a quello strettamente necessario ad un unico e contemporaneo impianto, pur essendo una legge che permette un comportamento moralmente illecito, per gravi motivi potrebbe essere promulgata dal legislatore umano.<\/p>\n\n\n\n<p>Tuttavia le cose non sono cos\u00ec semplici: dal momento che \u00e8 altissimo il tasso di aborti spontanei, bisognerebbe ripetere la procedura pi\u00f9 volte, cosa che potrebbe causare problemi di salute per la donna e quindi essere penalmente perseguibile. Pertanto ritengo ogni legge civile che consente il ricorso alla procreazione artificiale una legge gravemente ingiusta.<\/p>\n\n\n\n<p>D&#8217;altra parte chi ha responsabilit\u00e0 legislative pu\u00f2 trovarsi dentro ad una situazione nella quale, per ragioni indipendenti dalla sua volont\u00e0, esistono gi\u00e0 fatti gravemente contrari alle esigenze del bene comune. In questa situazione, nel caso in cui non fosse possibile evitare una legge gi\u00e0 messa ai voti che consente il ricorso alla procreazione artificiale, \u00e8 lecito dare il proprio contributo e voto per rendere la legge la pi\u00f9 conforme possibile a quel criterio sopra enunciato.<\/p>\n\n\n\n<p>Due osservazioni necessarie. E&#8217; assolutamente importante chiarire a tutti che si tratta comunque di una legge gravemente ingiusta. Inoltre, \u00e8 necessario tenere ben distinte le responsabilit\u00e0. Altra \u00e8 la responsabilit\u00e0 e il compito di un parlamentare che ha doveri legislativi, altra \u00e8 la responsabilit\u00e0 e il compito di soggetti culturali (per es. movimenti, associazioni) che hanno doveri educativi. Questi ultimi devono continuamente tenere viva nell&#8217;ethos del nostro popolo non semplicemente la giustizia legale, ma la giustizia reale.<\/p>\n\n\n\n<p>La vera questione in materia di procreazione artificiale \u00e8 molto profonda. La procreazione artificiale ormai si inscrive dentro ad una sorta di &#8220;imperativo tecnologico&#8221;: ci\u00f2 che \u00e8 tecnicamente possibile deve essere consentito; il contrario \u00e8 rassegnazione priva di senso. La procreazione artificiale trasferisce il generare umano nell&#8217;ambito del fare fuori dall&#8217;agire.<\/p>\n\n\n\n<p>Da atto umano la generazione umana diventa un atto tecnico: si oscurano le relazioni costitutive della persona, le relazioni di origine, quelle di paternit\u00e0\/maternit\u00e0 e filiazione; si oscura progressivamente l&#8217;intima verit\u00e0 della comunit\u00e0 coniugale. E&#8217; questa la pi\u00f9 profonda sfida culturale che chi \u00e8 ancora capace di stupirsi di fronte alla dignit\u00e0 della persona, deve raccogliere<\/p>\n","protected":false},"excerpt":{"rendered":"<p>http:\/\/www.culturacattolica.it\/ Testo tratto da un intervento di Carlo Caffarra Arcivescovo di Ferrara-Comacchio<\/p><p><a class=\"more-link btn\" href=\"https:\/\/www.rassegnastampa-totustuus.it\/cattolica\/la-procreazione-artificiale-aspetti-etici-ed-aspetti-politici\/\">Continua a leggere<\/a><\/p>\n","protected":false},"author":6,"featured_media":28764,"comment_status":"closed","ping_status":"open","sticky":false,"template":"","format":"standard","meta":{"footnotes":""},"categories":[4],"tags":[360,212,3175],"class_list":["post-145","post","type-post","status-publish","format-standard","has-post-thumbnail","hentry","category-bioetica","tag-fecondazione-artificiale","tag-fivet","tag-procreazione-assistita","item-wrap"],"yoast_head":"<!-- This site is optimized with the Yoast SEO plugin v27.4 - https:\/\/yoast.com\/product\/yoast-seo-wordpress\/ -->\n<title>La procreazione artificiale: aspetti etici ed aspetti politici - Rassegna Stampa Cattolica<\/title>\n<meta name=\"description\" content=\"La procreazione artificiale: aspetti etici ed aspetti politici. Da un intervento del cardinale Carlo Caffarra\" \/>\n<meta name=\"robots\" content=\"index, follow, max-snippet:-1, max-image-preview:large, max-video-preview:-1\" \/>\n<link rel=\"canonical\" href=\"https:\/\/www.rassegnastampa-totustuus.it\/cattolica\/la-procreazione-artificiale-aspetti-etici-ed-aspetti-politici\/\" \/>\n<meta property=\"og:locale\" content=\"it_IT\" \/>\n<meta property=\"og:type\" content=\"article\" \/>\n<meta property=\"og:title\" content=\"La procreazione artificiale: aspetti etici ed aspetti politici - Rassegna Stampa Cattolica\" \/>\n<meta property=\"og:description\" content=\"La procreazione artificiale: aspetti etici ed aspetti politici. Da un intervento del cardinale Carlo Caffarra\" \/>\n<meta property=\"og:url\" content=\"https:\/\/www.rassegnastampa-totustuus.it\/cattolica\/la-procreazione-artificiale-aspetti-etici-ed-aspetti-politici\/\" \/>\n<meta property=\"og:site_name\" content=\"Rassegna Stampa Cattolica\" \/>\n<meta property=\"article:publisher\" content=\"https:\/\/www.facebook.com\/rassegnastampacattolica\" \/>\n<meta property=\"article:published_time\" content=\"2004-11-15T12:09:11+00:00\" \/>\n<meta property=\"article:modified_time\" content=\"2025-07-02T14:24:42+00:00\" \/>\n<meta property=\"og:image\" content=\"https:\/\/www.rassegnastampa-totustuus.it\/cattolica\/wp-content\/uploads\/2004\/11\/procreazione-assist1.jpg\" \/>\n\t<meta property=\"og:image:width\" content=\"225\" \/>\n\t<meta property=\"og:image:height\" content=\"225\" \/>\n\t<meta property=\"og:image:type\" content=\"image\/jpeg\" \/>\n<meta name=\"author\" content=\"Redazione\" \/>\n<meta name=\"twitter:card\" content=\"summary_large_image\" \/>\n<meta name=\"twitter:creator\" content=\"@rassegnastampa9\" \/>\n<meta name=\"twitter:site\" content=\"@rassegnastampa9\" \/>\n<meta name=\"twitter:label1\" content=\"Scritto da\" \/>\n\t<meta name=\"twitter:data1\" content=\"Redazione\" \/>\n\t<meta name=\"twitter:label2\" content=\"Tempo di lettura stimato\" \/>\n\t<meta name=\"twitter:data2\" content=\"5 minuti\" \/>\n<script type=\"application\/ld+json\" class=\"yoast-schema-graph\">{\"@context\":\"https:\\\/\\\/schema.org\",\"@graph\":[{\"@type\":\"Article\",\"@id\":\"https:\\\/\\\/www.rassegnastampa-totustuus.it\\\/cattolica\\\/la-procreazione-artificiale-aspetti-etici-ed-aspetti-politici\\\/#article\",\"isPartOf\":{\"@id\":\"https:\\\/\\\/www.rassegnastampa-totustuus.it\\\/cattolica\\\/la-procreazione-artificiale-aspetti-etici-ed-aspetti-politici\\\/\"},\"author\":{\"name\":\"Redazione\",\"@id\":\"https:\\\/\\\/www.rassegnastampa-totustuus.it\\\/cattolica\\\/#\\\/schema\\\/person\\\/08f319d2bd1a0904ad9e2bfb7b15e5c3\"},\"headline\":\"La procreazione artificiale: aspetti etici ed aspetti politici\",\"datePublished\":\"2004-11-15T12:09:11+00:00\",\"dateModified\":\"2025-07-02T14:24:42+00:00\",\"mainEntityOfPage\":{\"@id\":\"https:\\\/\\\/www.rassegnastampa-totustuus.it\\\/cattolica\\\/la-procreazione-artificiale-aspetti-etici-ed-aspetti-politici\\\/\"},\"wordCount\":726,\"publisher\":{\"@id\":\"https:\\\/\\\/www.rassegnastampa-totustuus.it\\\/cattolica\\\/#organization\"},\"image\":{\"@id\":\"https:\\\/\\\/www.rassegnastampa-totustuus.it\\\/cattolica\\\/la-procreazione-artificiale-aspetti-etici-ed-aspetti-politici\\\/#primaryimage\"},\"thumbnailUrl\":\"https:\\\/\\\/www.rassegnastampa-totustuus.it\\\/cattolica\\\/wp-content\\\/uploads\\\/2004\\\/11\\\/procreazione-assist1.jpg\",\"keywords\":[\"fecondazione artificiale\",\"fivet\",\"procreazione assistita\"],\"articleSection\":[\"Bioetica\"],\"inLanguage\":\"it-IT\"},{\"@type\":\"WebPage\",\"@id\":\"https:\\\/\\\/www.rassegnastampa-totustuus.it\\\/cattolica\\\/la-procreazione-artificiale-aspetti-etici-ed-aspetti-politici\\\/\",\"url\":\"https:\\\/\\\/www.rassegnastampa-totustuus.it\\\/cattolica\\\/la-procreazione-artificiale-aspetti-etici-ed-aspetti-politici\\\/\",\"name\":\"La procreazione artificiale: aspetti etici ed aspetti politici - Rassegna Stampa Cattolica\",\"isPartOf\":{\"@id\":\"https:\\\/\\\/www.rassegnastampa-totustuus.it\\\/cattolica\\\/#website\"},\"primaryImageOfPage\":{\"@id\":\"https:\\\/\\\/www.rassegnastampa-totustuus.it\\\/cattolica\\\/la-procreazione-artificiale-aspetti-etici-ed-aspetti-politici\\\/#primaryimage\"},\"image\":{\"@id\":\"https:\\\/\\\/www.rassegnastampa-totustuus.it\\\/cattolica\\\/la-procreazione-artificiale-aspetti-etici-ed-aspetti-politici\\\/#primaryimage\"},\"thumbnailUrl\":\"https:\\\/\\\/www.rassegnastampa-totustuus.it\\\/cattolica\\\/wp-content\\\/uploads\\\/2004\\\/11\\\/procreazione-assist1.jpg\",\"datePublished\":\"2004-11-15T12:09:11+00:00\",\"dateModified\":\"2025-07-02T14:24:42+00:00\",\"description\":\"La procreazione artificiale: aspetti etici ed aspetti politici. Da un intervento del cardinale Carlo Caffarra\",\"breadcrumb\":{\"@id\":\"https:\\\/\\\/www.rassegnastampa-totustuus.it\\\/cattolica\\\/la-procreazione-artificiale-aspetti-etici-ed-aspetti-politici\\\/#breadcrumb\"},\"inLanguage\":\"it-IT\",\"potentialAction\":[{\"@type\":\"ReadAction\",\"target\":[\"https:\\\/\\\/www.rassegnastampa-totustuus.it\\\/cattolica\\\/la-procreazione-artificiale-aspetti-etici-ed-aspetti-politici\\\/\"]}]},{\"@type\":\"ImageObject\",\"inLanguage\":\"it-IT\",\"@id\":\"https:\\\/\\\/www.rassegnastampa-totustuus.it\\\/cattolica\\\/la-procreazione-artificiale-aspetti-etici-ed-aspetti-politici\\\/#primaryimage\",\"url\":\"https:\\\/\\\/www.rassegnastampa-totustuus.it\\\/cattolica\\\/wp-content\\\/uploads\\\/2004\\\/11\\\/procreazione-assist1.jpg\",\"contentUrl\":\"https:\\\/\\\/www.rassegnastampa-totustuus.it\\\/cattolica\\\/wp-content\\\/uploads\\\/2004\\\/11\\\/procreazione-assist1.jpg\",\"width\":225,\"height\":225},{\"@type\":\"BreadcrumbList\",\"@id\":\"https:\\\/\\\/www.rassegnastampa-totustuus.it\\\/cattolica\\\/la-procreazione-artificiale-aspetti-etici-ed-aspetti-politici\\\/#breadcrumb\",\"itemListElement\":[{\"@type\":\"ListItem\",\"position\":1,\"name\":\"Home\",\"item\":\"https:\\\/\\\/www.rassegnastampa-totustuus.it\\\/cattolica\\\/\"},{\"@type\":\"ListItem\",\"position\":2,\"name\":\"La procreazione artificiale: aspetti etici ed aspetti politici\"}]},{\"@type\":\"WebSite\",\"@id\":\"https:\\\/\\\/www.rassegnastampa-totustuus.it\\\/cattolica\\\/#website\",\"url\":\"https:\\\/\\\/www.rassegnastampa-totustuus.it\\\/cattolica\\\/\",\"name\":\"Rassegna Stampa Cattolica\",\"description\":\"Per una cultura che nasce dalla Rivelazione cristiana in conformit\u00e0 alla tradizione e al Magistero della Chiesa in opposizione ad ogni relativismo e totalitarismo\",\"publisher\":{\"@id\":\"https:\\\/\\\/www.rassegnastampa-totustuus.it\\\/cattolica\\\/#organization\"},\"alternateName\":\"Rass. Cattolica\",\"potentialAction\":[{\"@type\":\"SearchAction\",\"target\":{\"@type\":\"EntryPoint\",\"urlTemplate\":\"https:\\\/\\\/www.rassegnastampa-totustuus.it\\\/cattolica\\\/?s={search_term_string}\"},\"query-input\":{\"@type\":\"PropertyValueSpecification\",\"valueRequired\":true,\"valueName\":\"search_term_string\"}}],\"inLanguage\":\"it-IT\"},{\"@type\":\"Organization\",\"@id\":\"https:\\\/\\\/www.rassegnastampa-totustuus.it\\\/cattolica\\\/#organization\",\"name\":\"Rassegna Stampa Cattolica\",\"url\":\"https:\\\/\\\/www.rassegnastampa-totustuus.it\\\/cattolica\\\/\",\"logo\":{\"@type\":\"ImageObject\",\"inLanguage\":\"it-IT\",\"@id\":\"https:\\\/\\\/www.rassegnastampa-totustuus.it\\\/cattolica\\\/#\\\/schema\\\/logo\\\/image\\\/\",\"url\":\"https:\\\/\\\/www.rassegnastampa-totustuus.it\\\/cattolica\\\/wp-content\\\/uploads\\\/2014\\\/04\\\/logo-rassegna1.gif\",\"contentUrl\":\"https:\\\/\\\/www.rassegnastampa-totustuus.it\\\/cattolica\\\/wp-content\\\/uploads\\\/2014\\\/04\\\/logo-rassegna1.gif\",\"width\":600,\"height\":163,\"caption\":\"Rassegna Stampa Cattolica\"},\"image\":{\"@id\":\"https:\\\/\\\/www.rassegnastampa-totustuus.it\\\/cattolica\\\/#\\\/schema\\\/logo\\\/image\\\/\"},\"sameAs\":[\"https:\\\/\\\/www.facebook.com\\\/rassegnastampacattolica\",\"https:\\\/\\\/x.com\\\/rassegnastampa9\"]},{\"@type\":\"Person\",\"@id\":\"https:\\\/\\\/www.rassegnastampa-totustuus.it\\\/cattolica\\\/#\\\/schema\\\/person\\\/08f319d2bd1a0904ad9e2bfb7b15e5c3\",\"name\":\"Redazione\",\"image\":{\"@type\":\"ImageObject\",\"inLanguage\":\"it-IT\",\"@id\":\"https:\\\/\\\/secure.gravatar.com\\\/avatar\\\/2fcdf27c78ea025fbdb44e914cc63c72249ffec9dc8aafd5c82b26240ef3f346?s=96&d=mm&r=g\",\"url\":\"https:\\\/\\\/secure.gravatar.com\\\/avatar\\\/2fcdf27c78ea025fbdb44e914cc63c72249ffec9dc8aafd5c82b26240ef3f346?s=96&d=mm&r=g\",\"contentUrl\":\"https:\\\/\\\/secure.gravatar.com\\\/avatar\\\/2fcdf27c78ea025fbdb44e914cc63c72249ffec9dc8aafd5c82b26240ef3f346?s=96&d=mm&r=g\",\"caption\":\"Redazione\"},\"url\":\"https:\\\/\\\/www.rassegnastampa-totustuus.it\\\/cattolica\\\/author\\\/pietroelle\\\/\"}]}<\/script>\n<!-- \/ Yoast SEO plugin. -->","yoast_head_json":{"title":"La procreazione artificiale: aspetti etici ed aspetti politici - Rassegna Stampa Cattolica","description":"La procreazione artificiale: aspetti etici ed aspetti politici. Da un intervento del cardinale Carlo Caffarra","robots":{"index":"index","follow":"follow","max-snippet":"max-snippet:-1","max-image-preview":"max-image-preview:large","max-video-preview":"max-video-preview:-1"},"canonical":"https:\/\/www.rassegnastampa-totustuus.it\/cattolica\/la-procreazione-artificiale-aspetti-etici-ed-aspetti-politici\/","og_locale":"it_IT","og_type":"article","og_title":"La procreazione artificiale: aspetti etici ed aspetti politici - Rassegna Stampa Cattolica","og_description":"La procreazione artificiale: aspetti etici ed aspetti politici. Da un intervento del cardinale Carlo Caffarra","og_url":"https:\/\/www.rassegnastampa-totustuus.it\/cattolica\/la-procreazione-artificiale-aspetti-etici-ed-aspetti-politici\/","og_site_name":"Rassegna Stampa Cattolica","article_publisher":"https:\/\/www.facebook.com\/rassegnastampacattolica","article_published_time":"2004-11-15T12:09:11+00:00","article_modified_time":"2025-07-02T14:24:42+00:00","og_image":[{"width":225,"height":225,"url":"https:\/\/www.rassegnastampa-totustuus.it\/cattolica\/wp-content\/uploads\/2004\/11\/procreazione-assist1.jpg","type":"image\/jpeg"}],"author":"Redazione","twitter_card":"summary_large_image","twitter_creator":"@rassegnastampa9","twitter_site":"@rassegnastampa9","twitter_misc":{"Scritto da":"Redazione","Tempo di lettura stimato":"5 minuti"},"schema":{"@context":"https:\/\/schema.org","@graph":[{"@type":"Article","@id":"https:\/\/www.rassegnastampa-totustuus.it\/cattolica\/la-procreazione-artificiale-aspetti-etici-ed-aspetti-politici\/#article","isPartOf":{"@id":"https:\/\/www.rassegnastampa-totustuus.it\/cattolica\/la-procreazione-artificiale-aspetti-etici-ed-aspetti-politici\/"},"author":{"name":"Redazione","@id":"https:\/\/www.rassegnastampa-totustuus.it\/cattolica\/#\/schema\/person\/08f319d2bd1a0904ad9e2bfb7b15e5c3"},"headline":"La procreazione artificiale: aspetti etici ed aspetti politici","datePublished":"2004-11-15T12:09:11+00:00","dateModified":"2025-07-02T14:24:42+00:00","mainEntityOfPage":{"@id":"https:\/\/www.rassegnastampa-totustuus.it\/cattolica\/la-procreazione-artificiale-aspetti-etici-ed-aspetti-politici\/"},"wordCount":726,"publisher":{"@id":"https:\/\/www.rassegnastampa-totustuus.it\/cattolica\/#organization"},"image":{"@id":"https:\/\/www.rassegnastampa-totustuus.it\/cattolica\/la-procreazione-artificiale-aspetti-etici-ed-aspetti-politici\/#primaryimage"},"thumbnailUrl":"https:\/\/www.rassegnastampa-totustuus.it\/cattolica\/wp-content\/uploads\/2004\/11\/procreazione-assist1.jpg","keywords":["fecondazione artificiale","fivet","procreazione assistita"],"articleSection":["Bioetica"],"inLanguage":"it-IT"},{"@type":"WebPage","@id":"https:\/\/www.rassegnastampa-totustuus.it\/cattolica\/la-procreazione-artificiale-aspetti-etici-ed-aspetti-politici\/","url":"https:\/\/www.rassegnastampa-totustuus.it\/cattolica\/la-procreazione-artificiale-aspetti-etici-ed-aspetti-politici\/","name":"La procreazione artificiale: aspetti etici ed aspetti politici - Rassegna Stampa Cattolica","isPartOf":{"@id":"https:\/\/www.rassegnastampa-totustuus.it\/cattolica\/#website"},"primaryImageOfPage":{"@id":"https:\/\/www.rassegnastampa-totustuus.it\/cattolica\/la-procreazione-artificiale-aspetti-etici-ed-aspetti-politici\/#primaryimage"},"image":{"@id":"https:\/\/www.rassegnastampa-totustuus.it\/cattolica\/la-procreazione-artificiale-aspetti-etici-ed-aspetti-politici\/#primaryimage"},"thumbnailUrl":"https:\/\/www.rassegnastampa-totustuus.it\/cattolica\/wp-content\/uploads\/2004\/11\/procreazione-assist1.jpg","datePublished":"2004-11-15T12:09:11+00:00","dateModified":"2025-07-02T14:24:42+00:00","description":"La procreazione artificiale: aspetti etici ed aspetti politici. Da un intervento del cardinale Carlo Caffarra","breadcrumb":{"@id":"https:\/\/www.rassegnastampa-totustuus.it\/cattolica\/la-procreazione-artificiale-aspetti-etici-ed-aspetti-politici\/#breadcrumb"},"inLanguage":"it-IT","potentialAction":[{"@type":"ReadAction","target":["https:\/\/www.rassegnastampa-totustuus.it\/cattolica\/la-procreazione-artificiale-aspetti-etici-ed-aspetti-politici\/"]}]},{"@type":"ImageObject","inLanguage":"it-IT","@id":"https:\/\/www.rassegnastampa-totustuus.it\/cattolica\/la-procreazione-artificiale-aspetti-etici-ed-aspetti-politici\/#primaryimage","url":"https:\/\/www.rassegnastampa-totustuus.it\/cattolica\/wp-content\/uploads\/2004\/11\/procreazione-assist1.jpg","contentUrl":"https:\/\/www.rassegnastampa-totustuus.it\/cattolica\/wp-content\/uploads\/2004\/11\/procreazione-assist1.jpg","width":225,"height":225},{"@type":"BreadcrumbList","@id":"https:\/\/www.rassegnastampa-totustuus.it\/cattolica\/la-procreazione-artificiale-aspetti-etici-ed-aspetti-politici\/#breadcrumb","itemListElement":[{"@type":"ListItem","position":1,"name":"Home","item":"https:\/\/www.rassegnastampa-totustuus.it\/cattolica\/"},{"@type":"ListItem","position":2,"name":"La procreazione artificiale: aspetti etici ed aspetti politici"}]},{"@type":"WebSite","@id":"https:\/\/www.rassegnastampa-totustuus.it\/cattolica\/#website","url":"https:\/\/www.rassegnastampa-totustuus.it\/cattolica\/","name":"Rassegna Stampa Cattolica","description":"Per una cultura che nasce dalla Rivelazione cristiana in conformit\u00e0 alla tradizione e al Magistero della Chiesa in opposizione ad ogni relativismo e totalitarismo","publisher":{"@id":"https:\/\/www.rassegnastampa-totustuus.it\/cattolica\/#organization"},"alternateName":"Rass. Cattolica","potentialAction":[{"@type":"SearchAction","target":{"@type":"EntryPoint","urlTemplate":"https:\/\/www.rassegnastampa-totustuus.it\/cattolica\/?s={search_term_string}"},"query-input":{"@type":"PropertyValueSpecification","valueRequired":true,"valueName":"search_term_string"}}],"inLanguage":"it-IT"},{"@type":"Organization","@id":"https:\/\/www.rassegnastampa-totustuus.it\/cattolica\/#organization","name":"Rassegna Stampa Cattolica","url":"https:\/\/www.rassegnastampa-totustuus.it\/cattolica\/","logo":{"@type":"ImageObject","inLanguage":"it-IT","@id":"https:\/\/www.rassegnastampa-totustuus.it\/cattolica\/#\/schema\/logo\/image\/","url":"https:\/\/www.rassegnastampa-totustuus.it\/cattolica\/wp-content\/uploads\/2014\/04\/logo-rassegna1.gif","contentUrl":"https:\/\/www.rassegnastampa-totustuus.it\/cattolica\/wp-content\/uploads\/2014\/04\/logo-rassegna1.gif","width":600,"height":163,"caption":"Rassegna Stampa Cattolica"},"image":{"@id":"https:\/\/www.rassegnastampa-totustuus.it\/cattolica\/#\/schema\/logo\/image\/"},"sameAs":["https:\/\/www.facebook.com\/rassegnastampacattolica","https:\/\/x.com\/rassegnastampa9"]},{"@type":"Person","@id":"https:\/\/www.rassegnastampa-totustuus.it\/cattolica\/#\/schema\/person\/08f319d2bd1a0904ad9e2bfb7b15e5c3","name":"Redazione","image":{"@type":"ImageObject","inLanguage":"it-IT","@id":"https:\/\/secure.gravatar.com\/avatar\/2fcdf27c78ea025fbdb44e914cc63c72249ffec9dc8aafd5c82b26240ef3f346?s=96&d=mm&r=g","url":"https:\/\/secure.gravatar.com\/avatar\/2fcdf27c78ea025fbdb44e914cc63c72249ffec9dc8aafd5c82b26240ef3f346?s=96&d=mm&r=g","contentUrl":"https:\/\/secure.gravatar.com\/avatar\/2fcdf27c78ea025fbdb44e914cc63c72249ffec9dc8aafd5c82b26240ef3f346?s=96&d=mm&r=g","caption":"Redazione"},"url":"https:\/\/www.rassegnastampa-totustuus.it\/cattolica\/author\/pietroelle\/"}]}},"_links":{"self":[{"href":"https:\/\/www.rassegnastampa-totustuus.it\/cattolica\/wp-json\/wp\/v2\/posts\/145","targetHints":{"allow":["GET"]}}],"collection":[{"href":"https:\/\/www.rassegnastampa-totustuus.it\/cattolica\/wp-json\/wp\/v2\/posts"}],"about":[{"href":"https:\/\/www.rassegnastampa-totustuus.it\/cattolica\/wp-json\/wp\/v2\/types\/post"}],"author":[{"embeddable":true,"href":"https:\/\/www.rassegnastampa-totustuus.it\/cattolica\/wp-json\/wp\/v2\/users\/6"}],"replies":[{"embeddable":true,"href":"https:\/\/www.rassegnastampa-totustuus.it\/cattolica\/wp-json\/wp\/v2\/comments?post=145"}],"version-history":[{"count":4,"href":"https:\/\/www.rassegnastampa-totustuus.it\/cattolica\/wp-json\/wp\/v2\/posts\/145\/revisions"}],"predecessor-version":[{"id":62826,"href":"https:\/\/www.rassegnastampa-totustuus.it\/cattolica\/wp-json\/wp\/v2\/posts\/145\/revisions\/62826"}],"wp:featuredmedia":[{"embeddable":true,"href":"https:\/\/www.rassegnastampa-totustuus.it\/cattolica\/wp-json\/wp\/v2\/media\/28764"}],"wp:attachment":[{"href":"https:\/\/www.rassegnastampa-totustuus.it\/cattolica\/wp-json\/wp\/v2\/media?parent=145"}],"wp:term":[{"taxonomy":"category","embeddable":true,"href":"https:\/\/www.rassegnastampa-totustuus.it\/cattolica\/wp-json\/wp\/v2\/categories?post=145"},{"taxonomy":"post_tag","embeddable":true,"href":"https:\/\/www.rassegnastampa-totustuus.it\/cattolica\/wp-json\/wp\/v2\/tags?post=145"}],"curies":[{"name":"wp","href":"https:\/\/api.w.org\/{rel}","templated":true}]}}