{"id":144,"date":"2004-11-15T13:05:21","date_gmt":"2004-11-15T12:05:21","guid":{"rendered":""},"modified":"2025-07-02T09:48:43","modified_gmt":"2025-07-02T07:48:43","slug":"perch-la-mosca-non-un-cavallo","status":"publish","type":"post","link":"https:\/\/www.rassegnastampa-totustuus.it\/cattolica\/perch-la-mosca-non-un-cavallo\/","title":{"rendered":"Perch&eacute; la mosca non &egrave; un cavallo"},"content":{"rendered":"\n<p class=\"has-text-align-center\">Articolo pubblicato su <a href=\"http:\/\/www.ilgiornale.it\/\" target=\"_blank\" rel=\"noreferrer noopener\"><strong>Il Giornale<\/strong> <\/a>del 3 ottobre 2000<\/p>\n\n\n\n<p><em>La lettura dei testi che compongono l\u2019informazione genetica ha portato a questa sconcertante conclusione: i geni sono sostanzialmente gli stessi in tutti gli animali, solo soggetti a una minima variazione neutrale che non ne altera la funzione. Ma allora. nasce subito la domanda, come si sono separati, nel corso dell\u2019evoluzione, la mosca e il cavallo?<\/em><\/p>\n\n\n\n<p class=\"has-text-align-center\">di <strong>Giuseppe Sermonti<\/strong><\/p>\n\n\n<div class=\"wp-block-image\">\n<figure class=\"aligncenter size-full is-resized\"><a href=\"https:\/\/www.rassegnastampa-totustuus.it\/cattolica\/wp-content\/uploads\/2004\/11\/mosca_insetto.jpg\"><img loading=\"lazy\" decoding=\"async\" width=\"213\" height=\"237\" src=\"https:\/\/www.rassegnastampa-totustuus.it\/cattolica\/wp-content\/uploads\/2004\/11\/mosca_insetto.jpg\" alt=\"\" class=\"wp-image-32351\" style=\"width:239px;height:auto\"\/><\/a><\/figure><\/div>\n\n\n<!--more-->\n\n\n\n<p>Che cosa fa mosca la mosca e cavallo il cavallo? Il problema sembra cos\u00ec ovvio che non vai la pena porselo. Sappiamo che cosa fa albino un albino o talassemico un talassemico e non staremo a perdere tempo di fronte a una domanda cos\u00ec banale<\/p>\n\n\n\n<p>E invece la domanda va posta, e la risposta non c\u2019\u00e8. Sar\u00e0 una differenza di codice generico, si dice l\u2019uomo della strada. E non \u00e8 giusto, bench\u00e9 la dizione sia entrata nell\u2019uso, e si dica \u00abil mio codice generico\u00bb. per dire la mia costituzione profonda e personale<\/p>\n\n\n\n<p>Sbagliatissimo. Il codice generico\u00bb, cio\u00e8 il cifrario della vita, \u00e8 identico in tutti i viventi, dal batterio all\u2019elefante, senza eccezioni. Tutti usiamo lo stesso alfabeto cellulare. Allora, se non \u00e8 l\u2019alfabeto, saranno i testi scritti con quell\u2019alfabeto a differenziare le specie?<\/p>\n\n\n\n<p>Un gene che svolge una data funzione nella mosca non si distingue da quello che svolge la stessa funzione nel cavallo. Essi sono intercambiabili. Ma allora. nasce subito la domanda, come si sono separati, nel corso dell\u2019evoluzione, la mosca e il cavallo?<\/p>\n\n\n\n<p>Rispose Francois Jacob, pochi anni dopo: \u00abA generare la diversificazione degli organismi non sono state le novit\u00e0 biochimiche&#8230; Ci\u00f2 che distingue una farfalla da un leone, o un verme da una balena \u00e8 molto meno una differenza nei costituenti chimici che nell\u2019organizzazione o distribuzione di questi costituenti\u00bb.<\/p>\n\n\n\n<p>Come dire, ci\u00f2 che distingue un quadro da un altro non sono i colori usati, ma la loro dislocazione. Che cosa stabilisce la dislocazione delle sostanze viventi? Nel moscerino dell\u2019aceto (drosofila) furono isolati mutanti senza occhi, con torace doppio, con zampe al posto delle antenne.<\/p>\n\n\n\n<p>I geni interessati sono stati \u00abmappati\u00bb e il risultato \u00e8 stato sorprendente ed emozionante: essi si trovano tutti adiacenti, in una serie allineata di dieci. Il primo \u00e8 preposto al segmento anteriore e via via di seguito, segmento per segmento, fino alla coda. Il pacchetto di geni \u00e8 come un moscerino in miniatura, inserito tra la baraonda degli altri geni. La ricerca dei geni ordinatori si estese ad altre specie animali.<\/p>\n\n\n\n<p>Al topolino, a un anfibio, alla sanguisuga e infine anche all\u2019uomo. E quei geni furono trovati, nel loro pacchetto, ed erano gli stessi ovunque, nello stesso ordine, con le stesse caratteristiche. Si arriv\u00f2 alla conclusione che tutti gli animali hanno la stessa sequenza di geni a decretare l\u2019ordine delle loro regioni corporali.<\/p>\n\n\n\n<p>Quel pacchetto, si concluse, \u00e8 antichissimo e universale, alla radice di tutto il regno animale, rimasto intatto durante tutta l\u2019evoluzione zoologica, il che vuoi dire per oltre mezzo miliardo di anni. Un moscerino privo dei gene che sovraintende alla regione oculare non ha occhi. Se andiamo a prelevare quello stesso gene nel pacchetto regolatore di un gattino e io trasferiamo nell\u2019uovo del moscerino cieco, accadr\u00e0 una cosa meravigliosa e cio\u00e8 che il moscerino riacquister\u00e0 gli occhi.<\/p>\n\n\n\n<p>E i suoi occhi saranno gli sfaccettati occhi rossi della sua specie, bench\u00e9 il gene regolatore provenga da un gattino con occhi tondi e azzurri. Queste sono le sbalorditive scoperte della genetica pi\u00f9 recente. scoperte poco note, tuttavia, perch\u00e9 estranee al mito che la vita sia nel Dna, tutta nel Dna, nient\u2019altro che nel Dna.<\/p>\n\n\n\n<p>A questo punto il lettore si chieder\u00e0, dal momento che il Dna \u00e8 risultato cos\u00ec universale, che spazio rimanga all\u2019ingegneria genetica, al progetto genoma, ai ceppi transgenici, alla terapia genica. Il fatto d\u2019essere ubiquitario non esime il gene dall\u2019essere perfetto.<\/p>\n\n\n\n<p>\u00c8 sufficiente un minuscolo difetto in un gene per metterlo fuori uso e produrre una malattia, la cecit\u00e0, la morte. Come un frustolino nel motore pu\u00f2 fermare un Tir. L\u2019ingegnere generico lavora sulle minuzie di una macchina chimica che non sopporta errori. E quegli errori minuziosi possono produrre malattie, deficienze, disastro. Ma non c\u2019\u00e8 idea pi\u00f9 sbagliata di quella che la macchina prodigiosa si sia formata attraverso la correzione di innumerevoli difettucci, cio\u00e8 attraverso una serie accidentale di \u00abmutazioni vantaggiose.<\/p>\n\n\n\n<p>Le piccole differenze, i minuscoli difetti (talvolta con esiti gravi) degli organismi sono dovuti alle mutazioni del Dna, ma le grandi diversit\u00e0, che distinguono tra loro le specie, gli ordini, le classi e che riguardano la forma esteriore e l\u2019organizzazione generale, quelle non dipendono dal Dna, ma da elusive informazioni spaziali, campi morfogenetici immateriali, archetipi indefinibili.<\/p>\n\n\n\n<p>Nessun biologo molecolare ci dir\u00e0 mai se il genoma che sta analizzando \u00e8 di un genio odi un imbecille, \u00e8 di un bianco o di un nero, e neppure se \u00e8 quello di una mosca o quello di un cavallo. Ci dir\u00e0 solo di quali malattie generiche \u00e8 portatore, ci riveler\u00e0 i difetti ma non le virt\u00f9. E aggiunger\u00e0 che le inafferrabili bellezze non lo interessano neppure.<\/p>\n\n\n\n<p>___________________________<\/p>\n\n\n\n<p><strong>Leggi anche:<\/strong><\/p>\n\n\n\n<p><a href=\"https:\/\/www.rassegnastampa-totustuus.it\/cattolica\/?p=137\" target=\"_blank\" rel=\"noreferrer noopener\">Quel prodigioso nastrino ci ammutolisce<\/a><\/p>\n","protected":false},"excerpt":{"rendered":"<p>Articolo pubblicato su Il Giornale del 3 ottobre 2000 La lettura dei testi che compongono l\u2019informazione genetica ha portato a questa sconcertante conclusione: i geni sono sostanzialmente gli stessi in tutti gli animali, solo soggetti a una minima variazione neutrale che non ne altera la funzione. Ma allora. nasce subito la domanda, come si sono &hellip; <\/p>\n<p><a class=\"more-link btn\" href=\"https:\/\/www.rassegnastampa-totustuus.it\/cattolica\/perch-la-mosca-non-un-cavallo\/\">Continua a leggere<\/a><\/p>\n","protected":false},"author":6,"featured_media":32351,"comment_status":"closed","ping_status":"open","sticky":false,"template":"","format":"standard","meta":{"footnotes":""},"categories":[51],"tags":[2051,1509],"class_list":["post-144","post","type-post","status-publish","format-standard","has-post-thumbnail","hentry","category-evoluzionismo","tag-dna","tag-genetica","item-wrap"],"yoast_head":"<!-- This site is optimized with the Yoast SEO plugin v27.5 - https:\/\/yoast.com\/product\/yoast-seo-wordpress\/ -->\n<title>Perch&eacute; la mosca non &egrave; un cavallo - Rassegna Stampa Cattolica<\/title>\n<meta name=\"description\" content=\"Perch\u00e9 la mosca non \u00e8 un cavallo, nonostante condivida con il quadrupede quasi tutti i geni. Qualcosa nelle teorie evoluzioniste non quadra\" \/>\n<meta name=\"robots\" content=\"index, follow, max-snippet:-1, max-image-preview:large, max-video-preview:-1\" \/>\n<link rel=\"canonical\" href=\"https:\/\/www.rassegnastampa-totustuus.it\/cattolica\/perch-la-mosca-non-un-cavallo\/\" \/>\n<meta property=\"og:locale\" content=\"it_IT\" \/>\n<meta property=\"og:type\" content=\"article\" \/>\n<meta property=\"og:title\" content=\"Perch&eacute; la mosca non &egrave; un cavallo - Rassegna Stampa Cattolica\" \/>\n<meta property=\"og:description\" content=\"Perch\u00e9 la mosca non \u00e8 un cavallo, nonostante condivida con il quadrupede quasi tutti i geni. Qualcosa nelle teorie evoluzioniste non quadra\" \/>\n<meta property=\"og:url\" content=\"https:\/\/www.rassegnastampa-totustuus.it\/cattolica\/perch-la-mosca-non-un-cavallo\/\" \/>\n<meta property=\"og:site_name\" content=\"Rassegna Stampa Cattolica\" \/>\n<meta property=\"article:publisher\" content=\"https:\/\/www.facebook.com\/rassegnastampacattolica\" \/>\n<meta property=\"article:published_time\" content=\"2004-11-15T12:05:21+00:00\" \/>\n<meta property=\"article:modified_time\" content=\"2025-07-02T07:48:43+00:00\" \/>\n<meta property=\"og:image\" content=\"https:\/\/www.rassegnastampa-totustuus.it\/cattolica\/wp-content\/uploads\/2004\/11\/mosca_insetto.jpg\" \/>\n\t<meta property=\"og:image:width\" content=\"213\" \/>\n\t<meta property=\"og:image:height\" content=\"237\" \/>\n\t<meta property=\"og:image:type\" content=\"image\/jpeg\" \/>\n<meta name=\"author\" content=\"Redazione\" \/>\n<meta name=\"twitter:card\" content=\"summary_large_image\" \/>\n<meta name=\"twitter:creator\" content=\"@rassegnastampa9\" \/>\n<meta name=\"twitter:site\" content=\"@rassegnastampa9\" \/>\n<meta name=\"twitter:label1\" content=\"Scritto da\" \/>\n\t<meta name=\"twitter:data1\" content=\"Redazione\" \/>\n\t<meta name=\"twitter:label2\" content=\"Tempo di lettura stimato\" \/>\n\t<meta name=\"twitter:data2\" content=\"5 minuti\" \/>\n<script type=\"application\/ld+json\" class=\"yoast-schema-graph\">{\"@context\":\"https:\\\/\\\/schema.org\",\"@graph\":[{\"@type\":\"Article\",\"@id\":\"https:\\\/\\\/www.rassegnastampa-totustuus.it\\\/cattolica\\\/perch-la-mosca-non-un-cavallo\\\/#article\",\"isPartOf\":{\"@id\":\"https:\\\/\\\/www.rassegnastampa-totustuus.it\\\/cattolica\\\/perch-la-mosca-non-un-cavallo\\\/\"},\"author\":{\"name\":\"Redazione\",\"@id\":\"https:\\\/\\\/www.rassegnastampa-totustuus.it\\\/cattolica\\\/#\\\/schema\\\/person\\\/08f319d2bd1a0904ad9e2bfb7b15e5c3\"},\"headline\":\"Perch&eacute; la mosca non &egrave; un cavallo\",\"datePublished\":\"2004-11-15T12:05:21+00:00\",\"dateModified\":\"2025-07-02T07:48:43+00:00\",\"mainEntityOfPage\":{\"@id\":\"https:\\\/\\\/www.rassegnastampa-totustuus.it\\\/cattolica\\\/perch-la-mosca-non-un-cavallo\\\/\"},\"wordCount\":850,\"publisher\":{\"@id\":\"https:\\\/\\\/www.rassegnastampa-totustuus.it\\\/cattolica\\\/#organization\"},\"image\":{\"@id\":\"https:\\\/\\\/www.rassegnastampa-totustuus.it\\\/cattolica\\\/perch-la-mosca-non-un-cavallo\\\/#primaryimage\"},\"thumbnailUrl\":\"https:\\\/\\\/www.rassegnastampa-totustuus.it\\\/cattolica\\\/wp-content\\\/uploads\\\/2004\\\/11\\\/mosca_insetto.jpg\",\"keywords\":[\"Dna\",\"genetica\"],\"articleSection\":[\"Evoluzionismo\"],\"inLanguage\":\"it-IT\"},{\"@type\":\"WebPage\",\"@id\":\"https:\\\/\\\/www.rassegnastampa-totustuus.it\\\/cattolica\\\/perch-la-mosca-non-un-cavallo\\\/\",\"url\":\"https:\\\/\\\/www.rassegnastampa-totustuus.it\\\/cattolica\\\/perch-la-mosca-non-un-cavallo\\\/\",\"name\":\"Perch&eacute; la mosca non &egrave; un cavallo - Rassegna Stampa Cattolica\",\"isPartOf\":{\"@id\":\"https:\\\/\\\/www.rassegnastampa-totustuus.it\\\/cattolica\\\/#website\"},\"primaryImageOfPage\":{\"@id\":\"https:\\\/\\\/www.rassegnastampa-totustuus.it\\\/cattolica\\\/perch-la-mosca-non-un-cavallo\\\/#primaryimage\"},\"image\":{\"@id\":\"https:\\\/\\\/www.rassegnastampa-totustuus.it\\\/cattolica\\\/perch-la-mosca-non-un-cavallo\\\/#primaryimage\"},\"thumbnailUrl\":\"https:\\\/\\\/www.rassegnastampa-totustuus.it\\\/cattolica\\\/wp-content\\\/uploads\\\/2004\\\/11\\\/mosca_insetto.jpg\",\"datePublished\":\"2004-11-15T12:05:21+00:00\",\"dateModified\":\"2025-07-02T07:48:43+00:00\",\"description\":\"Perch\u00e9 la mosca non \u00e8 un cavallo, nonostante condivida con il quadrupede quasi tutti i geni. Qualcosa nelle teorie evoluzioniste non quadra\",\"breadcrumb\":{\"@id\":\"https:\\\/\\\/www.rassegnastampa-totustuus.it\\\/cattolica\\\/perch-la-mosca-non-un-cavallo\\\/#breadcrumb\"},\"inLanguage\":\"it-IT\",\"potentialAction\":[{\"@type\":\"ReadAction\",\"target\":[\"https:\\\/\\\/www.rassegnastampa-totustuus.it\\\/cattolica\\\/perch-la-mosca-non-un-cavallo\\\/\"]}]},{\"@type\":\"ImageObject\",\"inLanguage\":\"it-IT\",\"@id\":\"https:\\\/\\\/www.rassegnastampa-totustuus.it\\\/cattolica\\\/perch-la-mosca-non-un-cavallo\\\/#primaryimage\",\"url\":\"https:\\\/\\\/www.rassegnastampa-totustuus.it\\\/cattolica\\\/wp-content\\\/uploads\\\/2004\\\/11\\\/mosca_insetto.jpg\",\"contentUrl\":\"https:\\\/\\\/www.rassegnastampa-totustuus.it\\\/cattolica\\\/wp-content\\\/uploads\\\/2004\\\/11\\\/mosca_insetto.jpg\",\"width\":213,\"height\":237},{\"@type\":\"BreadcrumbList\",\"@id\":\"https:\\\/\\\/www.rassegnastampa-totustuus.it\\\/cattolica\\\/perch-la-mosca-non-un-cavallo\\\/#breadcrumb\",\"itemListElement\":[{\"@type\":\"ListItem\",\"position\":1,\"name\":\"Home\",\"item\":\"https:\\\/\\\/www.rassegnastampa-totustuus.it\\\/cattolica\\\/\"},{\"@type\":\"ListItem\",\"position\":2,\"name\":\"Perch&eacute; la mosca non &egrave; un cavallo\"}]},{\"@type\":\"WebSite\",\"@id\":\"https:\\\/\\\/www.rassegnastampa-totustuus.it\\\/cattolica\\\/#website\",\"url\":\"https:\\\/\\\/www.rassegnastampa-totustuus.it\\\/cattolica\\\/\",\"name\":\"Rassegna Stampa Cattolica\",\"description\":\"Per una cultura che nasce dalla Rivelazione cristiana in conformit\u00e0 alla tradizione e al Magistero della Chiesa in opposizione ad ogni relativismo e totalitarismo\",\"publisher\":{\"@id\":\"https:\\\/\\\/www.rassegnastampa-totustuus.it\\\/cattolica\\\/#organization\"},\"alternateName\":\"Rass. Cattolica\",\"potentialAction\":[{\"@type\":\"SearchAction\",\"target\":{\"@type\":\"EntryPoint\",\"urlTemplate\":\"https:\\\/\\\/www.rassegnastampa-totustuus.it\\\/cattolica\\\/?s={search_term_string}\"},\"query-input\":{\"@type\":\"PropertyValueSpecification\",\"valueRequired\":true,\"valueName\":\"search_term_string\"}}],\"inLanguage\":\"it-IT\"},{\"@type\":\"Organization\",\"@id\":\"https:\\\/\\\/www.rassegnastampa-totustuus.it\\\/cattolica\\\/#organization\",\"name\":\"Rassegna Stampa Cattolica\",\"url\":\"https:\\\/\\\/www.rassegnastampa-totustuus.it\\\/cattolica\\\/\",\"logo\":{\"@type\":\"ImageObject\",\"inLanguage\":\"it-IT\",\"@id\":\"https:\\\/\\\/www.rassegnastampa-totustuus.it\\\/cattolica\\\/#\\\/schema\\\/logo\\\/image\\\/\",\"url\":\"https:\\\/\\\/www.rassegnastampa-totustuus.it\\\/cattolica\\\/wp-content\\\/uploads\\\/2014\\\/04\\\/logo-rassegna1.gif\",\"contentUrl\":\"https:\\\/\\\/www.rassegnastampa-totustuus.it\\\/cattolica\\\/wp-content\\\/uploads\\\/2014\\\/04\\\/logo-rassegna1.gif\",\"width\":600,\"height\":163,\"caption\":\"Rassegna Stampa Cattolica\"},\"image\":{\"@id\":\"https:\\\/\\\/www.rassegnastampa-totustuus.it\\\/cattolica\\\/#\\\/schema\\\/logo\\\/image\\\/\"},\"sameAs\":[\"https:\\\/\\\/www.facebook.com\\\/rassegnastampacattolica\",\"https:\\\/\\\/x.com\\\/rassegnastampa9\"]},{\"@type\":\"Person\",\"@id\":\"https:\\\/\\\/www.rassegnastampa-totustuus.it\\\/cattolica\\\/#\\\/schema\\\/person\\\/08f319d2bd1a0904ad9e2bfb7b15e5c3\",\"name\":\"Redazione\",\"image\":{\"@type\":\"ImageObject\",\"inLanguage\":\"it-IT\",\"@id\":\"https:\\\/\\\/secure.gravatar.com\\\/avatar\\\/2fcdf27c78ea025fbdb44e914cc63c72249ffec9dc8aafd5c82b26240ef3f346?s=96&d=mm&r=g\",\"url\":\"https:\\\/\\\/secure.gravatar.com\\\/avatar\\\/2fcdf27c78ea025fbdb44e914cc63c72249ffec9dc8aafd5c82b26240ef3f346?s=96&d=mm&r=g\",\"contentUrl\":\"https:\\\/\\\/secure.gravatar.com\\\/avatar\\\/2fcdf27c78ea025fbdb44e914cc63c72249ffec9dc8aafd5c82b26240ef3f346?s=96&d=mm&r=g\",\"caption\":\"Redazione\"},\"url\":\"https:\\\/\\\/www.rassegnastampa-totustuus.it\\\/cattolica\\\/author\\\/pietroelle\\\/\"}]}<\/script>\n<!-- \/ Yoast SEO plugin. -->","yoast_head_json":{"title":"Perch&eacute; la mosca non &egrave; un cavallo - Rassegna Stampa Cattolica","description":"Perch\u00e9 la mosca non \u00e8 un cavallo, nonostante condivida con il quadrupede quasi tutti i geni. Qualcosa nelle teorie evoluzioniste non quadra","robots":{"index":"index","follow":"follow","max-snippet":"max-snippet:-1","max-image-preview":"max-image-preview:large","max-video-preview":"max-video-preview:-1"},"canonical":"https:\/\/www.rassegnastampa-totustuus.it\/cattolica\/perch-la-mosca-non-un-cavallo\/","og_locale":"it_IT","og_type":"article","og_title":"Perch&eacute; la mosca non &egrave; un cavallo - Rassegna Stampa Cattolica","og_description":"Perch\u00e9 la mosca non \u00e8 un cavallo, nonostante condivida con il quadrupede quasi tutti i geni. Qualcosa nelle teorie evoluzioniste non quadra","og_url":"https:\/\/www.rassegnastampa-totustuus.it\/cattolica\/perch-la-mosca-non-un-cavallo\/","og_site_name":"Rassegna Stampa Cattolica","article_publisher":"https:\/\/www.facebook.com\/rassegnastampacattolica","article_published_time":"2004-11-15T12:05:21+00:00","article_modified_time":"2025-07-02T07:48:43+00:00","og_image":[{"width":213,"height":237,"url":"https:\/\/www.rassegnastampa-totustuus.it\/cattolica\/wp-content\/uploads\/2004\/11\/mosca_insetto.jpg","type":"image\/jpeg"}],"author":"Redazione","twitter_card":"summary_large_image","twitter_creator":"@rassegnastampa9","twitter_site":"@rassegnastampa9","twitter_misc":{"Scritto da":"Redazione","Tempo di lettura stimato":"5 minuti"},"schema":{"@context":"https:\/\/schema.org","@graph":[{"@type":"Article","@id":"https:\/\/www.rassegnastampa-totustuus.it\/cattolica\/perch-la-mosca-non-un-cavallo\/#article","isPartOf":{"@id":"https:\/\/www.rassegnastampa-totustuus.it\/cattolica\/perch-la-mosca-non-un-cavallo\/"},"author":{"name":"Redazione","@id":"https:\/\/www.rassegnastampa-totustuus.it\/cattolica\/#\/schema\/person\/08f319d2bd1a0904ad9e2bfb7b15e5c3"},"headline":"Perch&eacute; la mosca non &egrave; un cavallo","datePublished":"2004-11-15T12:05:21+00:00","dateModified":"2025-07-02T07:48:43+00:00","mainEntityOfPage":{"@id":"https:\/\/www.rassegnastampa-totustuus.it\/cattolica\/perch-la-mosca-non-un-cavallo\/"},"wordCount":850,"publisher":{"@id":"https:\/\/www.rassegnastampa-totustuus.it\/cattolica\/#organization"},"image":{"@id":"https:\/\/www.rassegnastampa-totustuus.it\/cattolica\/perch-la-mosca-non-un-cavallo\/#primaryimage"},"thumbnailUrl":"https:\/\/www.rassegnastampa-totustuus.it\/cattolica\/wp-content\/uploads\/2004\/11\/mosca_insetto.jpg","keywords":["Dna","genetica"],"articleSection":["Evoluzionismo"],"inLanguage":"it-IT"},{"@type":"WebPage","@id":"https:\/\/www.rassegnastampa-totustuus.it\/cattolica\/perch-la-mosca-non-un-cavallo\/","url":"https:\/\/www.rassegnastampa-totustuus.it\/cattolica\/perch-la-mosca-non-un-cavallo\/","name":"Perch&eacute; la mosca non &egrave; un cavallo - Rassegna Stampa Cattolica","isPartOf":{"@id":"https:\/\/www.rassegnastampa-totustuus.it\/cattolica\/#website"},"primaryImageOfPage":{"@id":"https:\/\/www.rassegnastampa-totustuus.it\/cattolica\/perch-la-mosca-non-un-cavallo\/#primaryimage"},"image":{"@id":"https:\/\/www.rassegnastampa-totustuus.it\/cattolica\/perch-la-mosca-non-un-cavallo\/#primaryimage"},"thumbnailUrl":"https:\/\/www.rassegnastampa-totustuus.it\/cattolica\/wp-content\/uploads\/2004\/11\/mosca_insetto.jpg","datePublished":"2004-11-15T12:05:21+00:00","dateModified":"2025-07-02T07:48:43+00:00","description":"Perch\u00e9 la mosca non \u00e8 un cavallo, nonostante condivida con il quadrupede quasi tutti i geni. Qualcosa nelle teorie evoluzioniste non quadra","breadcrumb":{"@id":"https:\/\/www.rassegnastampa-totustuus.it\/cattolica\/perch-la-mosca-non-un-cavallo\/#breadcrumb"},"inLanguage":"it-IT","potentialAction":[{"@type":"ReadAction","target":["https:\/\/www.rassegnastampa-totustuus.it\/cattolica\/perch-la-mosca-non-un-cavallo\/"]}]},{"@type":"ImageObject","inLanguage":"it-IT","@id":"https:\/\/www.rassegnastampa-totustuus.it\/cattolica\/perch-la-mosca-non-un-cavallo\/#primaryimage","url":"https:\/\/www.rassegnastampa-totustuus.it\/cattolica\/wp-content\/uploads\/2004\/11\/mosca_insetto.jpg","contentUrl":"https:\/\/www.rassegnastampa-totustuus.it\/cattolica\/wp-content\/uploads\/2004\/11\/mosca_insetto.jpg","width":213,"height":237},{"@type":"BreadcrumbList","@id":"https:\/\/www.rassegnastampa-totustuus.it\/cattolica\/perch-la-mosca-non-un-cavallo\/#breadcrumb","itemListElement":[{"@type":"ListItem","position":1,"name":"Home","item":"https:\/\/www.rassegnastampa-totustuus.it\/cattolica\/"},{"@type":"ListItem","position":2,"name":"Perch&eacute; la mosca non &egrave; un cavallo"}]},{"@type":"WebSite","@id":"https:\/\/www.rassegnastampa-totustuus.it\/cattolica\/#website","url":"https:\/\/www.rassegnastampa-totustuus.it\/cattolica\/","name":"Rassegna Stampa Cattolica","description":"Per una cultura che nasce dalla Rivelazione cristiana in conformit\u00e0 alla tradizione e al Magistero della Chiesa in opposizione ad ogni relativismo e totalitarismo","publisher":{"@id":"https:\/\/www.rassegnastampa-totustuus.it\/cattolica\/#organization"},"alternateName":"Rass. Cattolica","potentialAction":[{"@type":"SearchAction","target":{"@type":"EntryPoint","urlTemplate":"https:\/\/www.rassegnastampa-totustuus.it\/cattolica\/?s={search_term_string}"},"query-input":{"@type":"PropertyValueSpecification","valueRequired":true,"valueName":"search_term_string"}}],"inLanguage":"it-IT"},{"@type":"Organization","@id":"https:\/\/www.rassegnastampa-totustuus.it\/cattolica\/#organization","name":"Rassegna Stampa Cattolica","url":"https:\/\/www.rassegnastampa-totustuus.it\/cattolica\/","logo":{"@type":"ImageObject","inLanguage":"it-IT","@id":"https:\/\/www.rassegnastampa-totustuus.it\/cattolica\/#\/schema\/logo\/image\/","url":"https:\/\/www.rassegnastampa-totustuus.it\/cattolica\/wp-content\/uploads\/2014\/04\/logo-rassegna1.gif","contentUrl":"https:\/\/www.rassegnastampa-totustuus.it\/cattolica\/wp-content\/uploads\/2014\/04\/logo-rassegna1.gif","width":600,"height":163,"caption":"Rassegna Stampa Cattolica"},"image":{"@id":"https:\/\/www.rassegnastampa-totustuus.it\/cattolica\/#\/schema\/logo\/image\/"},"sameAs":["https:\/\/www.facebook.com\/rassegnastampacattolica","https:\/\/x.com\/rassegnastampa9"]},{"@type":"Person","@id":"https:\/\/www.rassegnastampa-totustuus.it\/cattolica\/#\/schema\/person\/08f319d2bd1a0904ad9e2bfb7b15e5c3","name":"Redazione","image":{"@type":"ImageObject","inLanguage":"it-IT","@id":"https:\/\/secure.gravatar.com\/avatar\/2fcdf27c78ea025fbdb44e914cc63c72249ffec9dc8aafd5c82b26240ef3f346?s=96&d=mm&r=g","url":"https:\/\/secure.gravatar.com\/avatar\/2fcdf27c78ea025fbdb44e914cc63c72249ffec9dc8aafd5c82b26240ef3f346?s=96&d=mm&r=g","contentUrl":"https:\/\/secure.gravatar.com\/avatar\/2fcdf27c78ea025fbdb44e914cc63c72249ffec9dc8aafd5c82b26240ef3f346?s=96&d=mm&r=g","caption":"Redazione"},"url":"https:\/\/www.rassegnastampa-totustuus.it\/cattolica\/author\/pietroelle\/"}]}},"_links":{"self":[{"href":"https:\/\/www.rassegnastampa-totustuus.it\/cattolica\/wp-json\/wp\/v2\/posts\/144","targetHints":{"allow":["GET"]}}],"collection":[{"href":"https:\/\/www.rassegnastampa-totustuus.it\/cattolica\/wp-json\/wp\/v2\/posts"}],"about":[{"href":"https:\/\/www.rassegnastampa-totustuus.it\/cattolica\/wp-json\/wp\/v2\/types\/post"}],"author":[{"embeddable":true,"href":"https:\/\/www.rassegnastampa-totustuus.it\/cattolica\/wp-json\/wp\/v2\/users\/6"}],"replies":[{"embeddable":true,"href":"https:\/\/www.rassegnastampa-totustuus.it\/cattolica\/wp-json\/wp\/v2\/comments?post=144"}],"version-history":[{"count":5,"href":"https:\/\/www.rassegnastampa-totustuus.it\/cattolica\/wp-json\/wp\/v2\/posts\/144\/revisions"}],"predecessor-version":[{"id":62757,"href":"https:\/\/www.rassegnastampa-totustuus.it\/cattolica\/wp-json\/wp\/v2\/posts\/144\/revisions\/62757"}],"wp:featuredmedia":[{"embeddable":true,"href":"https:\/\/www.rassegnastampa-totustuus.it\/cattolica\/wp-json\/wp\/v2\/media\/32351"}],"wp:attachment":[{"href":"https:\/\/www.rassegnastampa-totustuus.it\/cattolica\/wp-json\/wp\/v2\/media?parent=144"}],"wp:term":[{"taxonomy":"category","embeddable":true,"href":"https:\/\/www.rassegnastampa-totustuus.it\/cattolica\/wp-json\/wp\/v2\/categories?post=144"},{"taxonomy":"post_tag","embeddable":true,"href":"https:\/\/www.rassegnastampa-totustuus.it\/cattolica\/wp-json\/wp\/v2\/tags?post=144"}],"curies":[{"name":"wp","href":"https:\/\/api.w.org\/{rel}","templated":true}]}}