{"id":1438,"date":"2005-09-16T10:57:43","date_gmt":"2005-09-16T08:57:43","guid":{"rendered":""},"modified":"2016-03-01T15:24:06","modified_gmt":"2016-03-01T14:24:06","slug":"turchia-in-europa-sia-laica-e-rispetti-i-cristiani","status":"publish","type":"post","link":"https:\/\/www.rassegnastampa-totustuus.it\/cattolica\/turchia-in-europa-sia-laica-e-rispetti-i-cristiani\/","title":{"rendered":"Turchia in Europa? Sia laica e rispetti i cristiani"},"content":{"rendered":"<div style=\"text-align: center;\"><img loading=\"lazy\" decoding=\"async\" class=\"alignright wp-image-31224\" src=\"https:\/\/www.rassegnastampa-totustuus.it\/cattolica\/wp-content\/uploads\/2005\/09\/turchia.jpg\" alt=\"turchia\" width=\"250\" height=\"197\" \/>Pubblicato su <strong>Tempi<\/strong> n 38<\/div>\n<div style=\"text-align: center;\">15 settembre 2005<\/div>\n<p style=\"text-align: justify;\"><em>La Conferenza episcopale turca si dice favorevole ad un ingresso nella UE a patto che la minoranza cristiana sia riconosciuta e tutelata. \u00abQuel che dobbiamo chiedere non \u00e8 una generica tolleranza, ma vero rispetto\u00bb Dice a Tempi monsignor Fisichella, in pellegrinaggio con quaranta parlamentari italiani nella penisola anatomica<\/em><\/p>\n<p style=\"text-align: center;\">di <strong>Nicola Imberbi<\/strong><\/p>\n<p><!--more--><\/p>\n<div style=\"text-align: justify;\">Monsignor Rino Fisichella, rettore dell\u2019Universit\u00e0 Lateranense, vescovo ausiliario di Roma e cappellano a Montecitorio, ha trascorso cinque giorni assieme a oltre 40 parlamentari italiani appartenenti a quasi tutti gli schieramenti. E\u2019 lui che, per il secondo anno consecutivo (la prima volta fu in Terra Santa), assieme al deputato di Forza Italia Maurizio Lupi, ha voluto organizzare un pellegrinaggio nei luoghi simbolo della cristianit\u00e0.<\/div>\n<p style=\"text-align: justify;\">E la Turchia \u00e8, a ragione, un luogo simbolo. Le sue citt\u00e0 raccontano della predicazione di Paolo, di Pietro, della presenza di Maria. Eppure, in questa nazione cos\u00ec originariamente cristiana, il cristianesimo non ha cittadinanza. Le chiese, le poche che ancora possono essere chiamate tali, sono nascoste tra schiere di case e, si dice, \u00e8 un bene che sia cos\u00ec, altrimenti non ci sarebbero. Il resto \u00e8 ridotto a un museo.<\/p>\n<p style=\"text-align: justify;\">La prima percezione che assale chi visita la Turchia di oggi, la Turchia democratica e laica che chiede a gran voce di entrare in Europa, \u00e8 l\u2019idea di un cristianesimo come fatto del passato, qualcosa di buono per un museo, non certo per la vita. I numeri parlano chiaro. Nel 1927 i cristiani in Turchia erano 900 mila su una popolazione totale di 13 milioni di abitanti.<\/p>\n<p style=\"text-align: justify;\">Nel 2001 erano 150 mila e oggi nessuno sa quanti siano o, meglio, quanti ne siano rimasti. Molti sono fuggiti in Europa per poter vivere liberamente la propria fede. Quelli che sono rimasti sono stati costretti ad assumere un nome e un cognome turco per poter lavorare. Qualcuno, addirittura, si riunisce segretamente per celebrare le funzioni religiose. I pochi che ancora ci sono aspettano con ansia una visita di Benedetto XVI.<\/p>\n<p style=\"text-align: justify;\">Nel frattempo la Conferenza episcopale turca ha stilato un documento nel quale, dichiarandosi favorevole all\u2019ingresso della Turchia in Europa, pone alcune condizioni imprescindibili per la sopravvivenza dei cristiani nel Paese: innanzitutto una parola chiara sulla propriet\u00e0 delle chiese (oggi per celebrare la Messa in alcune chiese cristiane occorre chiedere il permesso al Comune che \u00e8 proprietario della struttura), poi la possibilit\u00e0 di aprire dei seminari, un po\u2019 di elasticit\u00e0 nella concessione dei visti per i missionari (che il governo accusa di proselitismo) e il riconoscimento della Chiesa come ente morale (la parrocchia tedesca di Istambul, ad esempio, si \u00e8 dovuta trasformare in una Spa per gestire i propri beni).<\/p>\n<p style=\"text-align: justify;\">Ma la cosa fondamentale \u00e8 sicuramente il riconoscimento giuridico della minoranza religiosa cristiana. Oggi il governo riconosce solo quattro minoranze: gli ortodossi bulgari, gli armeni, gli ebrei e i greco-cattolici. Senza riconoscimento giuridico in Turchia i cristiani non esistono. Come comportarsi? \u00abE\u2019 necessario &#8211; dice monsignor Fisichella a <em>Tempi<\/em> &#8211; avere una conoscenza sempre pi\u00f9 profonda della Turchia, un paese che manifesta diverse sfaccettature.<\/p>\n<p style=\"text-align: justify;\">Dopo Ataturk, infatti, la Turchia ha saputo recuperare rispetto alle conquiste che l\u2019Occidente ha fatto nei diversi secoli di storia. Inoltre la Turchia \u00e8 un\u2019autentica Terra Santa, un luogo privilegiato dove si pu\u00f2 esprimere una nuova sintesi, un incontro tra fede e diverse espressioni culturali\u00bb. Un dialogo che, per\u00f2, tarda a venire bloccato da una laicit\u00e0 che privilegia la libert\u00e0 religiosa formale a quella sostanziale.<\/p>\n<p style=\"text-align: justify;\">\u00abLa Turchia &#8211; continua Fisichella &#8211; \u00e8 un paese laico. Ma la laicit\u00e0 dello Stato per essere tale dovrebbe promuovere forme di autentica e genuina presenza nel rispetto delle diverse religioni anche se una di queste \u00e8 minoritaria\u00bb. &#8220;Rispetto&#8221; \u00e8 questa la parola chiave che secondo il rettore dell\u2019Universit\u00e0 Lateranense va approfondita. Non tolleranza, ma rispetto.<\/p>\n<p style=\"text-align: justify;\"><strong>Mamma li turchi<\/strong><\/p>\n<p style=\"text-align: justify;\">\u00abPi\u00f9 la Turchia guarda alle forme di sana laicit\u00e0 presenti in Europa &#8211; riprende Fisichella &#8211; pi\u00f9 pu\u00f2 aspirare a far parte di questa Comunit\u00e0\u00bb. Ma come pu\u00f2 una nazione in cui i cristiani sono tornati a vivere nelle catacombe ambire ad entrare nell\u2019Unione Europea? Cosa possiamo fare noi per aiutare coloro che, tra mille difficolt\u00e0, continuano a testimoniare la loro fede? \u00abLe situazioni difficili non devono spaventare i cristiani &#8211; risponde -. Certo, noi diciamo questo vivendo una situazione diversa. Ma bisogna sempre ricordare che uno Stato che vieta l\u2019espressione di una fede, non umilia i credenti ma se stesso.<\/p>\n<p style=\"text-align: justify;\">Uno Stato che impedisce la libert\u00e0 religiosa umilia se stesso perch\u00e9 esprime attraverso una forma totalitaria ci\u00f2 che dovrebbe essere patrimonio della democrazia. Lo Stato non pu\u00f2 intervenire nel giudicare esperienze di vita cristiana o diverse esperienze di fede. Se fa questo viene meno la laicit\u00e0 e umilia se stesso\u00bb In questo scenario \u00e8 impossibile non guardare con preoccupazione all\u2019apertura dei negoziati (3 ottobre) che potrebbero portare la Turchia nell\u2019Unione Europea.<\/p>\n<p style=\"text-align: justify;\">L\u2019Europa appare ancora troppo fragile e priva di un\u2019identit\u00e0 chiara per aprirsi a un mondo cos\u00ec culturalmente diverso. \u00abL\u2019Unione Europea &#8211; commenta Fisichella &#8211; deve mantenere ferma la propria vocazione verso l\u2019unit\u00e0. Certo, si dovranno fare delle scelte per non dare l\u2019impressione che questa unit\u00e0 pone al primo posto l\u2019economia.<\/p>\n<p style=\"text-align: justify;\">A differenza degli Usa, l\u2019UE manca di una lingua comune, manca di una cultura comune ed \u00e8 stato emarginato ci\u00f2 che avrebbe permesso il recupero di un fondamento unitario come la tradizione cristiana\u00bb. \u00abNon facendo emergere questi elementi &#8211; continua &#8211; \u00e8 ingenuo pensare di proporre un allargamento con Paesi cha hanno un\u2019altra esperienza culturale, linguistica e religiosa distante dai Paesi dell\u2019Europa classica.<\/p>\n<p style=\"text-align: justify;\">Anche l\u2019unit\u00e0 territoriale, che abbraccia naturalmente la Turchia, non \u00e8 sufficiente per estendere un progetto unitario. Oggi l\u2019unico elemento chiaro di unit\u00e0 \u00e8 quello economico con l\u2019introduzione della moneta unica. Sembra abbastanza evidente che la proposta pi\u00f9 immediata da avanzare alla Turchia sia quella dell\u2019unit\u00e0 monetaria e economica. Ma, poich\u00e9 i Paesi della UE sono ancora lontani da un progetto genuinamente unitario mi sembra pericolosa un\u2019ulteriore frammentazione di questo progetto che richiede ancora molto impegno per il futuro\u00bb<\/p>\n","protected":false},"excerpt":{"rendered":"<p>Pubblicato su Tempi n 38 15 settembre 2005 La Conferenza episcopale turca si dice favorevole ad un ingresso nella UE a patto che la minoranza cristiana sia riconosciuta e tutelata. \u00abQuel che dobbiamo chiedere non \u00e8 una generica tolleranza, ma vero rispetto\u00bb Dice a Tempi monsignor Fisichella, in pellegrinaggio con quaranta parlamentari italiani nella penisola &hellip; <\/p>\n<p><a class=\"more-link btn\" href=\"https:\/\/www.rassegnastampa-totustuus.it\/cattolica\/turchia-in-europa-sia-laica-e-rispetti-i-cristiani\/\">Continua a leggere<\/a><\/p>\n","protected":false},"author":6,"featured_media":31224,"comment_status":"closed","ping_status":"open","sticky":false,"template":"","format":"standard","meta":{"footnotes":""},"categories":[33,14,108],"tags":[161,535],"class_list":["post-1438","post","type-post","status-publish","format-standard","has-post-thumbnail","hentry","category-cristiani-nell-islam","category-europa-e-ue","category-paesi-e-continenti","tag-islam-2","tag-turchia","item-wrap"],"yoast_head":"<!-- This site is optimized with the Yoast SEO plugin v27.5 - https:\/\/yoast.com\/product\/yoast-seo-wordpress\/ -->\n<title>Turchia in Europa? Sia laica e rispetti i cristiani - Rassegna Stampa Cattolica<\/title>\n<meta name=\"description\" content=\"Rassegna Stampa Cattolica - Per una cultura che nasce dalla Rivelazione cristiana in conformit\u00e0 alla tradizione e al Magistero della Chiesa in opposizione ad ogni relativismo e totalitarismo\" \/>\n<meta name=\"robots\" content=\"index, follow, max-snippet:-1, max-image-preview:large, max-video-preview:-1\" \/>\n<link rel=\"canonical\" href=\"https:\/\/www.rassegnastampa-totustuus.it\/cattolica\/turchia-in-europa-sia-laica-e-rispetti-i-cristiani\/\" \/>\n<meta property=\"og:locale\" content=\"it_IT\" \/>\n<meta property=\"og:type\" content=\"article\" \/>\n<meta property=\"og:title\" content=\"Turchia in Europa? Sia laica e rispetti i cristiani - Rassegna Stampa Cattolica\" \/>\n<meta property=\"og:description\" content=\"Rassegna Stampa Cattolica - Per una cultura che nasce dalla Rivelazione cristiana in conformit\u00e0 alla tradizione e al Magistero della Chiesa in opposizione ad ogni relativismo e totalitarismo\" \/>\n<meta property=\"og:url\" content=\"https:\/\/www.rassegnastampa-totustuus.it\/cattolica\/turchia-in-europa-sia-laica-e-rispetti-i-cristiani\/\" \/>\n<meta property=\"og:site_name\" content=\"Rassegna Stampa Cattolica\" \/>\n<meta property=\"article:publisher\" content=\"https:\/\/www.facebook.com\/rassegnastampacattolica\" \/>\n<meta property=\"article:published_time\" content=\"2005-09-16T08:57:43+00:00\" \/>\n<meta property=\"article:modified_time\" content=\"2016-03-01T14:24:06+00:00\" \/>\n<meta property=\"og:image\" content=\"https:\/\/www.rassegnastampa-totustuus.it\/cattolica\/wp-content\/uploads\/2005\/09\/turchia.jpg\" \/>\n\t<meta property=\"og:image:width\" content=\"253\" \/>\n\t<meta property=\"og:image:height\" content=\"199\" \/>\n\t<meta property=\"og:image:type\" content=\"image\/jpeg\" \/>\n<meta name=\"author\" content=\"Redazione\" \/>\n<meta name=\"twitter:card\" content=\"summary_large_image\" \/>\n<meta name=\"twitter:creator\" content=\"@rassegnastampa9\" \/>\n<meta name=\"twitter:site\" content=\"@rassegnastampa9\" \/>\n<meta name=\"twitter:label1\" content=\"Scritto da\" \/>\n\t<meta name=\"twitter:data1\" content=\"Redazione\" \/>\n\t<meta name=\"twitter:label2\" content=\"Tempo di lettura stimato\" \/>\n\t<meta name=\"twitter:data2\" content=\"5 minuti\" \/>\n<script type=\"application\/ld+json\" class=\"yoast-schema-graph\">{\"@context\":\"https:\\\/\\\/schema.org\",\"@graph\":[{\"@type\":\"Article\",\"@id\":\"https:\\\/\\\/www.rassegnastampa-totustuus.it\\\/cattolica\\\/turchia-in-europa-sia-laica-e-rispetti-i-cristiani\\\/#article\",\"isPartOf\":{\"@id\":\"https:\\\/\\\/www.rassegnastampa-totustuus.it\\\/cattolica\\\/turchia-in-europa-sia-laica-e-rispetti-i-cristiani\\\/\"},\"author\":{\"name\":\"Redazione\",\"@id\":\"https:\\\/\\\/www.rassegnastampa-totustuus.it\\\/cattolica\\\/#\\\/schema\\\/person\\\/08f319d2bd1a0904ad9e2bfb7b15e5c3\"},\"headline\":\"Turchia in Europa? Sia laica e rispetti i cristiani\",\"datePublished\":\"2005-09-16T08:57:43+00:00\",\"dateModified\":\"2016-03-01T14:24:06+00:00\",\"mainEntityOfPage\":{\"@id\":\"https:\\\/\\\/www.rassegnastampa-totustuus.it\\\/cattolica\\\/turchia-in-europa-sia-laica-e-rispetti-i-cristiani\\\/\"},\"wordCount\":997,\"publisher\":{\"@id\":\"https:\\\/\\\/www.rassegnastampa-totustuus.it\\\/cattolica\\\/#organization\"},\"image\":{\"@id\":\"https:\\\/\\\/www.rassegnastampa-totustuus.it\\\/cattolica\\\/turchia-in-europa-sia-laica-e-rispetti-i-cristiani\\\/#primaryimage\"},\"thumbnailUrl\":\"https:\\\/\\\/www.rassegnastampa-totustuus.it\\\/cattolica\\\/wp-content\\\/uploads\\\/2005\\\/09\\\/turchia.jpg\",\"keywords\":[\"islam\",\"Turchia\"],\"articleSection\":[\"Cristiani nell'islam\",\"Europa e UE\",\"Paesi e continenti\"],\"inLanguage\":\"it-IT\"},{\"@type\":\"WebPage\",\"@id\":\"https:\\\/\\\/www.rassegnastampa-totustuus.it\\\/cattolica\\\/turchia-in-europa-sia-laica-e-rispetti-i-cristiani\\\/\",\"url\":\"https:\\\/\\\/www.rassegnastampa-totustuus.it\\\/cattolica\\\/turchia-in-europa-sia-laica-e-rispetti-i-cristiani\\\/\",\"name\":\"Turchia in Europa? Sia laica e rispetti i cristiani - Rassegna Stampa Cattolica\",\"isPartOf\":{\"@id\":\"https:\\\/\\\/www.rassegnastampa-totustuus.it\\\/cattolica\\\/#website\"},\"primaryImageOfPage\":{\"@id\":\"https:\\\/\\\/www.rassegnastampa-totustuus.it\\\/cattolica\\\/turchia-in-europa-sia-laica-e-rispetti-i-cristiani\\\/#primaryimage\"},\"image\":{\"@id\":\"https:\\\/\\\/www.rassegnastampa-totustuus.it\\\/cattolica\\\/turchia-in-europa-sia-laica-e-rispetti-i-cristiani\\\/#primaryimage\"},\"thumbnailUrl\":\"https:\\\/\\\/www.rassegnastampa-totustuus.it\\\/cattolica\\\/wp-content\\\/uploads\\\/2005\\\/09\\\/turchia.jpg\",\"datePublished\":\"2005-09-16T08:57:43+00:00\",\"dateModified\":\"2016-03-01T14:24:06+00:00\",\"description\":\"Rassegna Stampa Cattolica - Per una cultura che nasce dalla Rivelazione cristiana in conformit\u00e0 alla tradizione e al Magistero della Chiesa in opposizione ad ogni relativismo e totalitarismo\",\"breadcrumb\":{\"@id\":\"https:\\\/\\\/www.rassegnastampa-totustuus.it\\\/cattolica\\\/turchia-in-europa-sia-laica-e-rispetti-i-cristiani\\\/#breadcrumb\"},\"inLanguage\":\"it-IT\",\"potentialAction\":[{\"@type\":\"ReadAction\",\"target\":[\"https:\\\/\\\/www.rassegnastampa-totustuus.it\\\/cattolica\\\/turchia-in-europa-sia-laica-e-rispetti-i-cristiani\\\/\"]}]},{\"@type\":\"ImageObject\",\"inLanguage\":\"it-IT\",\"@id\":\"https:\\\/\\\/www.rassegnastampa-totustuus.it\\\/cattolica\\\/turchia-in-europa-sia-laica-e-rispetti-i-cristiani\\\/#primaryimage\",\"url\":\"https:\\\/\\\/www.rassegnastampa-totustuus.it\\\/cattolica\\\/wp-content\\\/uploads\\\/2005\\\/09\\\/turchia.jpg\",\"contentUrl\":\"https:\\\/\\\/www.rassegnastampa-totustuus.it\\\/cattolica\\\/wp-content\\\/uploads\\\/2005\\\/09\\\/turchia.jpg\",\"width\":253,\"height\":199},{\"@type\":\"BreadcrumbList\",\"@id\":\"https:\\\/\\\/www.rassegnastampa-totustuus.it\\\/cattolica\\\/turchia-in-europa-sia-laica-e-rispetti-i-cristiani\\\/#breadcrumb\",\"itemListElement\":[{\"@type\":\"ListItem\",\"position\":1,\"name\":\"Home\",\"item\":\"https:\\\/\\\/www.rassegnastampa-totustuus.it\\\/cattolica\\\/\"},{\"@type\":\"ListItem\",\"position\":2,\"name\":\"Turchia in Europa? Sia laica e rispetti i cristiani\"}]},{\"@type\":\"WebSite\",\"@id\":\"https:\\\/\\\/www.rassegnastampa-totustuus.it\\\/cattolica\\\/#website\",\"url\":\"https:\\\/\\\/www.rassegnastampa-totustuus.it\\\/cattolica\\\/\",\"name\":\"Rassegna Stampa Cattolica\",\"description\":\"Per una cultura che nasce dalla Rivelazione cristiana in conformit\u00e0 alla tradizione e al Magistero della Chiesa in opposizione ad ogni relativismo e totalitarismo\",\"publisher\":{\"@id\":\"https:\\\/\\\/www.rassegnastampa-totustuus.it\\\/cattolica\\\/#organization\"},\"alternateName\":\"Rass. Cattolica\",\"potentialAction\":[{\"@type\":\"SearchAction\",\"target\":{\"@type\":\"EntryPoint\",\"urlTemplate\":\"https:\\\/\\\/www.rassegnastampa-totustuus.it\\\/cattolica\\\/?s={search_term_string}\"},\"query-input\":{\"@type\":\"PropertyValueSpecification\",\"valueRequired\":true,\"valueName\":\"search_term_string\"}}],\"inLanguage\":\"it-IT\"},{\"@type\":\"Organization\",\"@id\":\"https:\\\/\\\/www.rassegnastampa-totustuus.it\\\/cattolica\\\/#organization\",\"name\":\"Rassegna Stampa Cattolica\",\"url\":\"https:\\\/\\\/www.rassegnastampa-totustuus.it\\\/cattolica\\\/\",\"logo\":{\"@type\":\"ImageObject\",\"inLanguage\":\"it-IT\",\"@id\":\"https:\\\/\\\/www.rassegnastampa-totustuus.it\\\/cattolica\\\/#\\\/schema\\\/logo\\\/image\\\/\",\"url\":\"https:\\\/\\\/www.rassegnastampa-totustuus.it\\\/cattolica\\\/wp-content\\\/uploads\\\/2014\\\/04\\\/logo-rassegna1.gif\",\"contentUrl\":\"https:\\\/\\\/www.rassegnastampa-totustuus.it\\\/cattolica\\\/wp-content\\\/uploads\\\/2014\\\/04\\\/logo-rassegna1.gif\",\"width\":600,\"height\":163,\"caption\":\"Rassegna Stampa Cattolica\"},\"image\":{\"@id\":\"https:\\\/\\\/www.rassegnastampa-totustuus.it\\\/cattolica\\\/#\\\/schema\\\/logo\\\/image\\\/\"},\"sameAs\":[\"https:\\\/\\\/www.facebook.com\\\/rassegnastampacattolica\",\"https:\\\/\\\/x.com\\\/rassegnastampa9\"]},{\"@type\":\"Person\",\"@id\":\"https:\\\/\\\/www.rassegnastampa-totustuus.it\\\/cattolica\\\/#\\\/schema\\\/person\\\/08f319d2bd1a0904ad9e2bfb7b15e5c3\",\"name\":\"Redazione\",\"image\":{\"@type\":\"ImageObject\",\"inLanguage\":\"it-IT\",\"@id\":\"https:\\\/\\\/secure.gravatar.com\\\/avatar\\\/2fcdf27c78ea025fbdb44e914cc63c72249ffec9dc8aafd5c82b26240ef3f346?s=96&d=mm&r=g\",\"url\":\"https:\\\/\\\/secure.gravatar.com\\\/avatar\\\/2fcdf27c78ea025fbdb44e914cc63c72249ffec9dc8aafd5c82b26240ef3f346?s=96&d=mm&r=g\",\"contentUrl\":\"https:\\\/\\\/secure.gravatar.com\\\/avatar\\\/2fcdf27c78ea025fbdb44e914cc63c72249ffec9dc8aafd5c82b26240ef3f346?s=96&d=mm&r=g\",\"caption\":\"Redazione\"},\"url\":\"https:\\\/\\\/www.rassegnastampa-totustuus.it\\\/cattolica\\\/author\\\/pietroelle\\\/\"}]}<\/script>\n<!-- \/ Yoast SEO plugin. -->","yoast_head_json":{"title":"Turchia in Europa? Sia laica e rispetti i cristiani - Rassegna Stampa Cattolica","description":"Rassegna Stampa Cattolica - Per una cultura che nasce dalla Rivelazione cristiana in conformit\u00e0 alla tradizione e al Magistero della Chiesa in opposizione ad ogni relativismo e totalitarismo","robots":{"index":"index","follow":"follow","max-snippet":"max-snippet:-1","max-image-preview":"max-image-preview:large","max-video-preview":"max-video-preview:-1"},"canonical":"https:\/\/www.rassegnastampa-totustuus.it\/cattolica\/turchia-in-europa-sia-laica-e-rispetti-i-cristiani\/","og_locale":"it_IT","og_type":"article","og_title":"Turchia in Europa? Sia laica e rispetti i cristiani - Rassegna Stampa Cattolica","og_description":"Rassegna Stampa Cattolica - Per una cultura che nasce dalla Rivelazione cristiana in conformit\u00e0 alla tradizione e al Magistero della Chiesa in opposizione ad ogni relativismo e totalitarismo","og_url":"https:\/\/www.rassegnastampa-totustuus.it\/cattolica\/turchia-in-europa-sia-laica-e-rispetti-i-cristiani\/","og_site_name":"Rassegna Stampa Cattolica","article_publisher":"https:\/\/www.facebook.com\/rassegnastampacattolica","article_published_time":"2005-09-16T08:57:43+00:00","article_modified_time":"2016-03-01T14:24:06+00:00","og_image":[{"width":253,"height":199,"url":"https:\/\/www.rassegnastampa-totustuus.it\/cattolica\/wp-content\/uploads\/2005\/09\/turchia.jpg","type":"image\/jpeg"}],"author":"Redazione","twitter_card":"summary_large_image","twitter_creator":"@rassegnastampa9","twitter_site":"@rassegnastampa9","twitter_misc":{"Scritto da":"Redazione","Tempo di lettura stimato":"5 minuti"},"schema":{"@context":"https:\/\/schema.org","@graph":[{"@type":"Article","@id":"https:\/\/www.rassegnastampa-totustuus.it\/cattolica\/turchia-in-europa-sia-laica-e-rispetti-i-cristiani\/#article","isPartOf":{"@id":"https:\/\/www.rassegnastampa-totustuus.it\/cattolica\/turchia-in-europa-sia-laica-e-rispetti-i-cristiani\/"},"author":{"name":"Redazione","@id":"https:\/\/www.rassegnastampa-totustuus.it\/cattolica\/#\/schema\/person\/08f319d2bd1a0904ad9e2bfb7b15e5c3"},"headline":"Turchia in Europa? Sia laica e rispetti i cristiani","datePublished":"2005-09-16T08:57:43+00:00","dateModified":"2016-03-01T14:24:06+00:00","mainEntityOfPage":{"@id":"https:\/\/www.rassegnastampa-totustuus.it\/cattolica\/turchia-in-europa-sia-laica-e-rispetti-i-cristiani\/"},"wordCount":997,"publisher":{"@id":"https:\/\/www.rassegnastampa-totustuus.it\/cattolica\/#organization"},"image":{"@id":"https:\/\/www.rassegnastampa-totustuus.it\/cattolica\/turchia-in-europa-sia-laica-e-rispetti-i-cristiani\/#primaryimage"},"thumbnailUrl":"https:\/\/www.rassegnastampa-totustuus.it\/cattolica\/wp-content\/uploads\/2005\/09\/turchia.jpg","keywords":["islam","Turchia"],"articleSection":["Cristiani nell'islam","Europa e UE","Paesi e continenti"],"inLanguage":"it-IT"},{"@type":"WebPage","@id":"https:\/\/www.rassegnastampa-totustuus.it\/cattolica\/turchia-in-europa-sia-laica-e-rispetti-i-cristiani\/","url":"https:\/\/www.rassegnastampa-totustuus.it\/cattolica\/turchia-in-europa-sia-laica-e-rispetti-i-cristiani\/","name":"Turchia in Europa? Sia laica e rispetti i cristiani - Rassegna Stampa Cattolica","isPartOf":{"@id":"https:\/\/www.rassegnastampa-totustuus.it\/cattolica\/#website"},"primaryImageOfPage":{"@id":"https:\/\/www.rassegnastampa-totustuus.it\/cattolica\/turchia-in-europa-sia-laica-e-rispetti-i-cristiani\/#primaryimage"},"image":{"@id":"https:\/\/www.rassegnastampa-totustuus.it\/cattolica\/turchia-in-europa-sia-laica-e-rispetti-i-cristiani\/#primaryimage"},"thumbnailUrl":"https:\/\/www.rassegnastampa-totustuus.it\/cattolica\/wp-content\/uploads\/2005\/09\/turchia.jpg","datePublished":"2005-09-16T08:57:43+00:00","dateModified":"2016-03-01T14:24:06+00:00","description":"Rassegna Stampa Cattolica - Per una cultura che nasce dalla Rivelazione cristiana in conformit\u00e0 alla tradizione e al Magistero della Chiesa in opposizione ad ogni relativismo e totalitarismo","breadcrumb":{"@id":"https:\/\/www.rassegnastampa-totustuus.it\/cattolica\/turchia-in-europa-sia-laica-e-rispetti-i-cristiani\/#breadcrumb"},"inLanguage":"it-IT","potentialAction":[{"@type":"ReadAction","target":["https:\/\/www.rassegnastampa-totustuus.it\/cattolica\/turchia-in-europa-sia-laica-e-rispetti-i-cristiani\/"]}]},{"@type":"ImageObject","inLanguage":"it-IT","@id":"https:\/\/www.rassegnastampa-totustuus.it\/cattolica\/turchia-in-europa-sia-laica-e-rispetti-i-cristiani\/#primaryimage","url":"https:\/\/www.rassegnastampa-totustuus.it\/cattolica\/wp-content\/uploads\/2005\/09\/turchia.jpg","contentUrl":"https:\/\/www.rassegnastampa-totustuus.it\/cattolica\/wp-content\/uploads\/2005\/09\/turchia.jpg","width":253,"height":199},{"@type":"BreadcrumbList","@id":"https:\/\/www.rassegnastampa-totustuus.it\/cattolica\/turchia-in-europa-sia-laica-e-rispetti-i-cristiani\/#breadcrumb","itemListElement":[{"@type":"ListItem","position":1,"name":"Home","item":"https:\/\/www.rassegnastampa-totustuus.it\/cattolica\/"},{"@type":"ListItem","position":2,"name":"Turchia in Europa? Sia laica e rispetti i cristiani"}]},{"@type":"WebSite","@id":"https:\/\/www.rassegnastampa-totustuus.it\/cattolica\/#website","url":"https:\/\/www.rassegnastampa-totustuus.it\/cattolica\/","name":"Rassegna Stampa Cattolica","description":"Per una cultura che nasce dalla Rivelazione cristiana in conformit\u00e0 alla tradizione e al Magistero della Chiesa in opposizione ad ogni relativismo e totalitarismo","publisher":{"@id":"https:\/\/www.rassegnastampa-totustuus.it\/cattolica\/#organization"},"alternateName":"Rass. Cattolica","potentialAction":[{"@type":"SearchAction","target":{"@type":"EntryPoint","urlTemplate":"https:\/\/www.rassegnastampa-totustuus.it\/cattolica\/?s={search_term_string}"},"query-input":{"@type":"PropertyValueSpecification","valueRequired":true,"valueName":"search_term_string"}}],"inLanguage":"it-IT"},{"@type":"Organization","@id":"https:\/\/www.rassegnastampa-totustuus.it\/cattolica\/#organization","name":"Rassegna Stampa Cattolica","url":"https:\/\/www.rassegnastampa-totustuus.it\/cattolica\/","logo":{"@type":"ImageObject","inLanguage":"it-IT","@id":"https:\/\/www.rassegnastampa-totustuus.it\/cattolica\/#\/schema\/logo\/image\/","url":"https:\/\/www.rassegnastampa-totustuus.it\/cattolica\/wp-content\/uploads\/2014\/04\/logo-rassegna1.gif","contentUrl":"https:\/\/www.rassegnastampa-totustuus.it\/cattolica\/wp-content\/uploads\/2014\/04\/logo-rassegna1.gif","width":600,"height":163,"caption":"Rassegna Stampa Cattolica"},"image":{"@id":"https:\/\/www.rassegnastampa-totustuus.it\/cattolica\/#\/schema\/logo\/image\/"},"sameAs":["https:\/\/www.facebook.com\/rassegnastampacattolica","https:\/\/x.com\/rassegnastampa9"]},{"@type":"Person","@id":"https:\/\/www.rassegnastampa-totustuus.it\/cattolica\/#\/schema\/person\/08f319d2bd1a0904ad9e2bfb7b15e5c3","name":"Redazione","image":{"@type":"ImageObject","inLanguage":"it-IT","@id":"https:\/\/secure.gravatar.com\/avatar\/2fcdf27c78ea025fbdb44e914cc63c72249ffec9dc8aafd5c82b26240ef3f346?s=96&d=mm&r=g","url":"https:\/\/secure.gravatar.com\/avatar\/2fcdf27c78ea025fbdb44e914cc63c72249ffec9dc8aafd5c82b26240ef3f346?s=96&d=mm&r=g","contentUrl":"https:\/\/secure.gravatar.com\/avatar\/2fcdf27c78ea025fbdb44e914cc63c72249ffec9dc8aafd5c82b26240ef3f346?s=96&d=mm&r=g","caption":"Redazione"},"url":"https:\/\/www.rassegnastampa-totustuus.it\/cattolica\/author\/pietroelle\/"}]}},"_links":{"self":[{"href":"https:\/\/www.rassegnastampa-totustuus.it\/cattolica\/wp-json\/wp\/v2\/posts\/1438","targetHints":{"allow":["GET"]}}],"collection":[{"href":"https:\/\/www.rassegnastampa-totustuus.it\/cattolica\/wp-json\/wp\/v2\/posts"}],"about":[{"href":"https:\/\/www.rassegnastampa-totustuus.it\/cattolica\/wp-json\/wp\/v2\/types\/post"}],"author":[{"embeddable":true,"href":"https:\/\/www.rassegnastampa-totustuus.it\/cattolica\/wp-json\/wp\/v2\/users\/6"}],"replies":[{"embeddable":true,"href":"https:\/\/www.rassegnastampa-totustuus.it\/cattolica\/wp-json\/wp\/v2\/comments?post=1438"}],"version-history":[{"count":4,"href":"https:\/\/www.rassegnastampa-totustuus.it\/cattolica\/wp-json\/wp\/v2\/posts\/1438\/revisions"}],"predecessor-version":[{"id":31225,"href":"https:\/\/www.rassegnastampa-totustuus.it\/cattolica\/wp-json\/wp\/v2\/posts\/1438\/revisions\/31225"}],"wp:featuredmedia":[{"embeddable":true,"href":"https:\/\/www.rassegnastampa-totustuus.it\/cattolica\/wp-json\/wp\/v2\/media\/31224"}],"wp:attachment":[{"href":"https:\/\/www.rassegnastampa-totustuus.it\/cattolica\/wp-json\/wp\/v2\/media?parent=1438"}],"wp:term":[{"taxonomy":"category","embeddable":true,"href":"https:\/\/www.rassegnastampa-totustuus.it\/cattolica\/wp-json\/wp\/v2\/categories?post=1438"},{"taxonomy":"post_tag","embeddable":true,"href":"https:\/\/www.rassegnastampa-totustuus.it\/cattolica\/wp-json\/wp\/v2\/tags?post=1438"}],"curies":[{"name":"wp","href":"https:\/\/api.w.org\/{rel}","templated":true}]}}