{"id":1423,"date":"2005-09-14T12:57:51","date_gmt":"2005-09-14T10:57:51","guid":{"rendered":""},"modified":"2016-04-20T16:56:34","modified_gmt":"2016-04-20T14:56:34","slug":"i-maestri-del-politicamente-corretto","status":"publish","type":"post","link":"https:\/\/www.rassegnastampa-totustuus.it\/cattolica\/i-maestri-del-politicamente-corretto\/","title":{"rendered":"I maestri del politicamente corretto"},"content":{"rendered":"<div style=\"text-align: center;\">\n<div id=\"attachment_33225\" style=\"width: 155px\" class=\"wp-caption alignleft\"><img loading=\"lazy\" decoding=\"async\" aria-describedby=\"caption-attachment-33225\" class=\"wp-image-33225\" src=\"https:\/\/www.rassegnastampa-totustuus.it\/cattolica\/wp-content\/uploads\/2005\/09\/Maria-delle-milizie.jpg\" alt=\"Maria delle milizie\" width=\"155\" height=\"200\" \/><p id=\"caption-attachment-33225\" class=\"wp-caption-text\">Regina delle milizie<\/p><\/div>\n<p>Pubblicato su <strong>Il Giornale<\/strong> 12 maggio 2004<\/div>\n<p style=\"text-align: center;\">\u00a0di <strong>Rino Cammilleri<\/strong><\/p>\n<p><!--more--><\/p>\n<div style=\"text-align: justify;\">Come puntualmente de\u00adnunciato da Oriana Fallaci nei suoi libri, or\u00admai sempre pi\u00f9 spesso a distinguersi per ec\u00adcessi di zelo politica\u00admente corretto sono i preti. I quali hanno adesso deciso di intervenire, con sensibilit\u00e0 fa\u00adstidiosa e soprattutto non ri\u00adchiesta, sui pi\u00f9 venerati san\u00adtuari della cattolicit\u00e0.<\/div>\n<p style=\"text-align: justify;\">Gi\u00e0 \u00e8 in corso il progetto per trasformare quello di Fati\u00adma in un centro multireligio\u00adso, dove anche gli animisti africani e i loro stregoni avranno uno spazio per il lo\u00adro culto. Le comprensibili proteste da parte dei fedeli e dei lettori delle innumerevoli riviste mariane si sono senti\u00adte sprezzantemente liquida\u00adre, da parte della direzione del santuario, come \u201cfanati\u00adsmi\u201d.<\/p>\n<p style=\"text-align: justify;\">Ora \u00e8 il turno di Compostel\u00adla, il cuore del cattolicesimo spagnolo e meta di uno dei pi\u00f9 importanti pellegrinaggi del mondo. Gi\u00e0, perch\u00e9 in quella basilica c\u2019\u00e8 la famosa statua di \u201cSantiago Matamoros\u201d, un\u2019opera lignea del seco\u00adlo XVIII che raffigura san Gia\u00adcomo Apostolo su un cavallo bianco, spada in mano e so\u00advrastante un gruppo di terro\u00adrizzati arabi e berberi. I cano\u00adnici hanno deciso di occulta\u00adre quella statua all\u2019interno del museo della cattedrale, cos\u00ec che la sua vista non offen\u00adda la sensibilit\u00e0 di \u201caltre cultu\u00adre\u201d.<\/p>\n<p style=\"text-align: justify;\">Il linguaggio felpato non ce la fa, naturalmente, a na\u00adscondere dietro un dito che si tratta dei musulmani. Come al solito, dal timore (perch\u00e9 di questo si tratta) si cade nel grottesco, dal momento che le probabilit\u00e0 che un islamico entri in una chiesa cristiana sono notevolmente inferiori a quelle che visiti un museo.<\/p>\n<p style=\"text-align: justify;\">In ogni caso, c\u2019\u00e8 da star si\u00adcuri che al primo vagito d\u2019in\u00adsofferenza da parte di qual\u00adche convertito (s\u00ec, perch\u00e9 so\u00adno i neofiti quelli che di solito pi\u00f9 schiamazzano) la statua verr\u00e0 tolta anche dal museo e con tante scuse. Certi preti hanno uno strano concetto della democrazia: totale disprezzo per la maggioranza e ogni untuosit\u00e0 per il primo pincopallino che alza la voce. Gi\u00e0 accaduto, a Monza, che si sia cercato di togliere la spa\u00adda a san Michele Arcangelo, suscitando la comprensibile disapprovazione di Polizia e Paracadutisti, di cui quel san\u00adto \u00e8 patrono. Anche qui, la \u201cpace\u201d. Bah.<\/p>\n<p style=\"text-align: justify;\">Per fortuna a Bologna c\u2019era un pastore serio come Biffi (ora degnamente sostituito da Caffarra, un altro che non ha paura di parlar chiaro), al\u00adtrimenti in San Petronio l\u2019af\u00adfresco medievale e dantesco in cui Maometto sta all\u2019Infer\u00adno sarebbe stato asportato senza tanti complimenti, e a spese dei fedeli.<\/p>\n<p style=\"text-align: justify;\">Un\u2019indicazione per i preti pi\u00f9 realisti del re: a Scicli, in Sicilia, si venera una statua della Madonna \u201cRegina delle Milizie\u201d: \u00e8 a cavallo, corazza sul petto e sciabola in pugno. Apparve ai normanni di Rug\u00adgero e li guid\u00f2 alla vittoria contro i saraceni. S\u00ec, avete let\u00adto bene: la Madonna in perso\u00adna. Vediamo quanto tempo ci metteranno i preti <em>politically correct <\/em>a disarmarla per \u201cri\u00adspetto\u201d alle \u201caltre culture\u201d.<\/p>\n<p style=\"text-align: justify;\">Gli spagnoli considerano Santiago il loro patrono prin\u00adcipale, fin da quando appar\u00adve alla battaglia di Clavijo nel LX secolo, incitando le truppe cristiane alla <em>reconquista <\/em>del Paese ai <em>Moros. <\/em>La guerra dur\u00f2 secoli e si concluse solo nel 1492 con la presa di Gra\u00adnada.<\/p>\n<p style=\"text-align: justify;\">Nelle battaglie pi\u00f9 impor\u00adtanti Santiago appariva ai cri\u00adstiani e li spronava alla vitto\u00adria, per questo gfl spagnoli lo hanno sempre identificato con la loro volont\u00e0 nazionale di essere cristiani e non mu\u00adsulmani. Il pellegrinaggio alla tomba di Santiago a Compo\u00adstella in Galizia registra af\u00adfluenze sempre crescenti, e anche laici dichiarati ne subi\u00adscono il fascino, un fascino che parla di identit\u00e0 europea e rende parte di un\u2019antichissi\u00adma tradizione comune. Quel\u00adla tradizione e quella identit\u00e0 di cui proprio i preti dovreb\u00adbero essere i primi guardiani.<\/p>\n","protected":false},"excerpt":{"rendered":"<p>Pubblicato su Il Giornale 12 maggio 2004 \u00a0di Rino Cammilleri<\/p><p><a class=\"more-link btn\" href=\"https:\/\/www.rassegnastampa-totustuus.it\/cattolica\/i-maestri-del-politicamente-corretto\/\">Continua a leggere<\/a><\/p>\n","protected":false},"author":6,"featured_media":33225,"comment_status":"closed","ping_status":"open","sticky":false,"template":"","format":"standard","meta":{"footnotes":""},"categories":[5,45],"tags":[789],"class_list":["post-1423","post","type-post","status-publish","format-standard","has-post-thumbnail","hentry","category-chiesa","category-progressismo-cattolico","tag-progressismo-cattolico-2","item-wrap"],"yoast_head":"<!-- This site is optimized with the Yoast SEO plugin v27.5 - https:\/\/yoast.com\/product\/yoast-seo-wordpress\/ -->\n<title>I maestri del politicamente corretto - Rassegna Stampa Cattolica<\/title>\n<meta name=\"description\" content=\"Rassegna Stampa Cattolica - Per una cultura che nasce dalla Rivelazione cristiana in conformit\u00e0 alla tradizione e al Magistero della Chiesa in opposizione ad ogni relativismo e totalitarismo\" \/>\n<meta name=\"robots\" content=\"index, follow, max-snippet:-1, max-image-preview:large, max-video-preview:-1\" \/>\n<link rel=\"canonical\" href=\"https:\/\/www.rassegnastampa-totustuus.it\/cattolica\/i-maestri-del-politicamente-corretto\/\" \/>\n<meta property=\"og:locale\" content=\"it_IT\" \/>\n<meta property=\"og:type\" content=\"article\" \/>\n<meta property=\"og:title\" content=\"I maestri del politicamente corretto - Rassegna Stampa Cattolica\" \/>\n<meta property=\"og:description\" content=\"Rassegna Stampa Cattolica - Per una cultura che nasce dalla Rivelazione cristiana in conformit\u00e0 alla tradizione e al Magistero della Chiesa in opposizione ad ogni relativismo e totalitarismo\" \/>\n<meta property=\"og:url\" content=\"https:\/\/www.rassegnastampa-totustuus.it\/cattolica\/i-maestri-del-politicamente-corretto\/\" \/>\n<meta property=\"og:site_name\" content=\"Rassegna Stampa Cattolica\" \/>\n<meta property=\"article:publisher\" content=\"https:\/\/www.facebook.com\/rassegnastampacattolica\" \/>\n<meta property=\"article:published_time\" content=\"2005-09-14T10:57:51+00:00\" \/>\n<meta property=\"article:modified_time\" content=\"2016-04-20T14:56:34+00:00\" \/>\n<meta property=\"og:image\" content=\"https:\/\/www.rassegnastampa-totustuus.it\/cattolica\/wp-content\/uploads\/2005\/09\/Maria-delle-milizie.jpg\" \/>\n\t<meta property=\"og:image:width\" content=\"198\" \/>\n\t<meta property=\"og:image:height\" content=\"255\" \/>\n\t<meta property=\"og:image:type\" content=\"image\/jpeg\" \/>\n<meta name=\"author\" content=\"Redazione\" \/>\n<meta name=\"twitter:card\" content=\"summary_large_image\" \/>\n<meta name=\"twitter:creator\" content=\"@rassegnastampa9\" \/>\n<meta name=\"twitter:site\" content=\"@rassegnastampa9\" \/>\n<meta name=\"twitter:label1\" content=\"Scritto da\" \/>\n\t<meta name=\"twitter:data1\" content=\"Redazione\" \/>\n\t<meta name=\"twitter:label2\" content=\"Tempo di lettura stimato\" \/>\n\t<meta name=\"twitter:data2\" content=\"3 minuti\" \/>\n<script type=\"application\/ld+json\" class=\"yoast-schema-graph\">{\"@context\":\"https:\\\/\\\/schema.org\",\"@graph\":[{\"@type\":\"Article\",\"@id\":\"https:\\\/\\\/www.rassegnastampa-totustuus.it\\\/cattolica\\\/i-maestri-del-politicamente-corretto\\\/#article\",\"isPartOf\":{\"@id\":\"https:\\\/\\\/www.rassegnastampa-totustuus.it\\\/cattolica\\\/i-maestri-del-politicamente-corretto\\\/\"},\"author\":{\"name\":\"Redazione\",\"@id\":\"https:\\\/\\\/www.rassegnastampa-totustuus.it\\\/cattolica\\\/#\\\/schema\\\/person\\\/08f319d2bd1a0904ad9e2bfb7b15e5c3\"},\"headline\":\"I maestri del politicamente corretto\",\"datePublished\":\"2005-09-14T10:57:51+00:00\",\"dateModified\":\"2016-04-20T14:56:34+00:00\",\"mainEntityOfPage\":{\"@id\":\"https:\\\/\\\/www.rassegnastampa-totustuus.it\\\/cattolica\\\/i-maestri-del-politicamente-corretto\\\/\"},\"wordCount\":656,\"publisher\":{\"@id\":\"https:\\\/\\\/www.rassegnastampa-totustuus.it\\\/cattolica\\\/#organization\"},\"image\":{\"@id\":\"https:\\\/\\\/www.rassegnastampa-totustuus.it\\\/cattolica\\\/i-maestri-del-politicamente-corretto\\\/#primaryimage\"},\"thumbnailUrl\":\"https:\\\/\\\/www.rassegnastampa-totustuus.it\\\/cattolica\\\/wp-content\\\/uploads\\\/2005\\\/09\\\/Maria-delle-milizie.jpg\",\"keywords\":[\"progressismo cattolico\"],\"articleSection\":[\"Chiesa\",\"Progressismo\"],\"inLanguage\":\"it-IT\"},{\"@type\":\"WebPage\",\"@id\":\"https:\\\/\\\/www.rassegnastampa-totustuus.it\\\/cattolica\\\/i-maestri-del-politicamente-corretto\\\/\",\"url\":\"https:\\\/\\\/www.rassegnastampa-totustuus.it\\\/cattolica\\\/i-maestri-del-politicamente-corretto\\\/\",\"name\":\"I maestri del politicamente corretto - Rassegna Stampa Cattolica\",\"isPartOf\":{\"@id\":\"https:\\\/\\\/www.rassegnastampa-totustuus.it\\\/cattolica\\\/#website\"},\"primaryImageOfPage\":{\"@id\":\"https:\\\/\\\/www.rassegnastampa-totustuus.it\\\/cattolica\\\/i-maestri-del-politicamente-corretto\\\/#primaryimage\"},\"image\":{\"@id\":\"https:\\\/\\\/www.rassegnastampa-totustuus.it\\\/cattolica\\\/i-maestri-del-politicamente-corretto\\\/#primaryimage\"},\"thumbnailUrl\":\"https:\\\/\\\/www.rassegnastampa-totustuus.it\\\/cattolica\\\/wp-content\\\/uploads\\\/2005\\\/09\\\/Maria-delle-milizie.jpg\",\"datePublished\":\"2005-09-14T10:57:51+00:00\",\"dateModified\":\"2016-04-20T14:56:34+00:00\",\"description\":\"Rassegna Stampa Cattolica - Per una cultura che nasce dalla Rivelazione cristiana in conformit\u00e0 alla tradizione e al Magistero della Chiesa in opposizione ad ogni relativismo e totalitarismo\",\"breadcrumb\":{\"@id\":\"https:\\\/\\\/www.rassegnastampa-totustuus.it\\\/cattolica\\\/i-maestri-del-politicamente-corretto\\\/#breadcrumb\"},\"inLanguage\":\"it-IT\",\"potentialAction\":[{\"@type\":\"ReadAction\",\"target\":[\"https:\\\/\\\/www.rassegnastampa-totustuus.it\\\/cattolica\\\/i-maestri-del-politicamente-corretto\\\/\"]}]},{\"@type\":\"ImageObject\",\"inLanguage\":\"it-IT\",\"@id\":\"https:\\\/\\\/www.rassegnastampa-totustuus.it\\\/cattolica\\\/i-maestri-del-politicamente-corretto\\\/#primaryimage\",\"url\":\"https:\\\/\\\/www.rassegnastampa-totustuus.it\\\/cattolica\\\/wp-content\\\/uploads\\\/2005\\\/09\\\/Maria-delle-milizie.jpg\",\"contentUrl\":\"https:\\\/\\\/www.rassegnastampa-totustuus.it\\\/cattolica\\\/wp-content\\\/uploads\\\/2005\\\/09\\\/Maria-delle-milizie.jpg\",\"width\":198,\"height\":255},{\"@type\":\"BreadcrumbList\",\"@id\":\"https:\\\/\\\/www.rassegnastampa-totustuus.it\\\/cattolica\\\/i-maestri-del-politicamente-corretto\\\/#breadcrumb\",\"itemListElement\":[{\"@type\":\"ListItem\",\"position\":1,\"name\":\"Home\",\"item\":\"https:\\\/\\\/www.rassegnastampa-totustuus.it\\\/cattolica\\\/\"},{\"@type\":\"ListItem\",\"position\":2,\"name\":\"I maestri del politicamente corretto\"}]},{\"@type\":\"WebSite\",\"@id\":\"https:\\\/\\\/www.rassegnastampa-totustuus.it\\\/cattolica\\\/#website\",\"url\":\"https:\\\/\\\/www.rassegnastampa-totustuus.it\\\/cattolica\\\/\",\"name\":\"Rassegna Stampa Cattolica\",\"description\":\"Per una cultura che nasce dalla Rivelazione cristiana in conformit\u00e0 alla tradizione e al Magistero della Chiesa in opposizione ad ogni relativismo e totalitarismo\",\"publisher\":{\"@id\":\"https:\\\/\\\/www.rassegnastampa-totustuus.it\\\/cattolica\\\/#organization\"},\"alternateName\":\"Rass. Cattolica\",\"potentialAction\":[{\"@type\":\"SearchAction\",\"target\":{\"@type\":\"EntryPoint\",\"urlTemplate\":\"https:\\\/\\\/www.rassegnastampa-totustuus.it\\\/cattolica\\\/?s={search_term_string}\"},\"query-input\":{\"@type\":\"PropertyValueSpecification\",\"valueRequired\":true,\"valueName\":\"search_term_string\"}}],\"inLanguage\":\"it-IT\"},{\"@type\":\"Organization\",\"@id\":\"https:\\\/\\\/www.rassegnastampa-totustuus.it\\\/cattolica\\\/#organization\",\"name\":\"Rassegna Stampa Cattolica\",\"url\":\"https:\\\/\\\/www.rassegnastampa-totustuus.it\\\/cattolica\\\/\",\"logo\":{\"@type\":\"ImageObject\",\"inLanguage\":\"it-IT\",\"@id\":\"https:\\\/\\\/www.rassegnastampa-totustuus.it\\\/cattolica\\\/#\\\/schema\\\/logo\\\/image\\\/\",\"url\":\"https:\\\/\\\/www.rassegnastampa-totustuus.it\\\/cattolica\\\/wp-content\\\/uploads\\\/2014\\\/04\\\/logo-rassegna1.gif\",\"contentUrl\":\"https:\\\/\\\/www.rassegnastampa-totustuus.it\\\/cattolica\\\/wp-content\\\/uploads\\\/2014\\\/04\\\/logo-rassegna1.gif\",\"width\":600,\"height\":163,\"caption\":\"Rassegna Stampa Cattolica\"},\"image\":{\"@id\":\"https:\\\/\\\/www.rassegnastampa-totustuus.it\\\/cattolica\\\/#\\\/schema\\\/logo\\\/image\\\/\"},\"sameAs\":[\"https:\\\/\\\/www.facebook.com\\\/rassegnastampacattolica\",\"https:\\\/\\\/x.com\\\/rassegnastampa9\"]},{\"@type\":\"Person\",\"@id\":\"https:\\\/\\\/www.rassegnastampa-totustuus.it\\\/cattolica\\\/#\\\/schema\\\/person\\\/08f319d2bd1a0904ad9e2bfb7b15e5c3\",\"name\":\"Redazione\",\"image\":{\"@type\":\"ImageObject\",\"inLanguage\":\"it-IT\",\"@id\":\"https:\\\/\\\/secure.gravatar.com\\\/avatar\\\/2fcdf27c78ea025fbdb44e914cc63c72249ffec9dc8aafd5c82b26240ef3f346?s=96&d=mm&r=g\",\"url\":\"https:\\\/\\\/secure.gravatar.com\\\/avatar\\\/2fcdf27c78ea025fbdb44e914cc63c72249ffec9dc8aafd5c82b26240ef3f346?s=96&d=mm&r=g\",\"contentUrl\":\"https:\\\/\\\/secure.gravatar.com\\\/avatar\\\/2fcdf27c78ea025fbdb44e914cc63c72249ffec9dc8aafd5c82b26240ef3f346?s=96&d=mm&r=g\",\"caption\":\"Redazione\"},\"url\":\"https:\\\/\\\/www.rassegnastampa-totustuus.it\\\/cattolica\\\/author\\\/pietroelle\\\/\"}]}<\/script>\n<!-- \/ Yoast SEO plugin. -->","yoast_head_json":{"title":"I maestri del politicamente corretto - Rassegna Stampa Cattolica","description":"Rassegna Stampa Cattolica - Per una cultura che nasce dalla Rivelazione cristiana in conformit\u00e0 alla tradizione e al Magistero della Chiesa in opposizione ad ogni relativismo e totalitarismo","robots":{"index":"index","follow":"follow","max-snippet":"max-snippet:-1","max-image-preview":"max-image-preview:large","max-video-preview":"max-video-preview:-1"},"canonical":"https:\/\/www.rassegnastampa-totustuus.it\/cattolica\/i-maestri-del-politicamente-corretto\/","og_locale":"it_IT","og_type":"article","og_title":"I maestri del politicamente corretto - Rassegna Stampa Cattolica","og_description":"Rassegna Stampa Cattolica - Per una cultura che nasce dalla Rivelazione cristiana in conformit\u00e0 alla tradizione e al Magistero della Chiesa in opposizione ad ogni relativismo e totalitarismo","og_url":"https:\/\/www.rassegnastampa-totustuus.it\/cattolica\/i-maestri-del-politicamente-corretto\/","og_site_name":"Rassegna Stampa Cattolica","article_publisher":"https:\/\/www.facebook.com\/rassegnastampacattolica","article_published_time":"2005-09-14T10:57:51+00:00","article_modified_time":"2016-04-20T14:56:34+00:00","og_image":[{"width":198,"height":255,"url":"https:\/\/www.rassegnastampa-totustuus.it\/cattolica\/wp-content\/uploads\/2005\/09\/Maria-delle-milizie.jpg","type":"image\/jpeg"}],"author":"Redazione","twitter_card":"summary_large_image","twitter_creator":"@rassegnastampa9","twitter_site":"@rassegnastampa9","twitter_misc":{"Scritto da":"Redazione","Tempo di lettura stimato":"3 minuti"},"schema":{"@context":"https:\/\/schema.org","@graph":[{"@type":"Article","@id":"https:\/\/www.rassegnastampa-totustuus.it\/cattolica\/i-maestri-del-politicamente-corretto\/#article","isPartOf":{"@id":"https:\/\/www.rassegnastampa-totustuus.it\/cattolica\/i-maestri-del-politicamente-corretto\/"},"author":{"name":"Redazione","@id":"https:\/\/www.rassegnastampa-totustuus.it\/cattolica\/#\/schema\/person\/08f319d2bd1a0904ad9e2bfb7b15e5c3"},"headline":"I maestri del politicamente corretto","datePublished":"2005-09-14T10:57:51+00:00","dateModified":"2016-04-20T14:56:34+00:00","mainEntityOfPage":{"@id":"https:\/\/www.rassegnastampa-totustuus.it\/cattolica\/i-maestri-del-politicamente-corretto\/"},"wordCount":656,"publisher":{"@id":"https:\/\/www.rassegnastampa-totustuus.it\/cattolica\/#organization"},"image":{"@id":"https:\/\/www.rassegnastampa-totustuus.it\/cattolica\/i-maestri-del-politicamente-corretto\/#primaryimage"},"thumbnailUrl":"https:\/\/www.rassegnastampa-totustuus.it\/cattolica\/wp-content\/uploads\/2005\/09\/Maria-delle-milizie.jpg","keywords":["progressismo cattolico"],"articleSection":["Chiesa","Progressismo"],"inLanguage":"it-IT"},{"@type":"WebPage","@id":"https:\/\/www.rassegnastampa-totustuus.it\/cattolica\/i-maestri-del-politicamente-corretto\/","url":"https:\/\/www.rassegnastampa-totustuus.it\/cattolica\/i-maestri-del-politicamente-corretto\/","name":"I maestri del politicamente corretto - Rassegna Stampa Cattolica","isPartOf":{"@id":"https:\/\/www.rassegnastampa-totustuus.it\/cattolica\/#website"},"primaryImageOfPage":{"@id":"https:\/\/www.rassegnastampa-totustuus.it\/cattolica\/i-maestri-del-politicamente-corretto\/#primaryimage"},"image":{"@id":"https:\/\/www.rassegnastampa-totustuus.it\/cattolica\/i-maestri-del-politicamente-corretto\/#primaryimage"},"thumbnailUrl":"https:\/\/www.rassegnastampa-totustuus.it\/cattolica\/wp-content\/uploads\/2005\/09\/Maria-delle-milizie.jpg","datePublished":"2005-09-14T10:57:51+00:00","dateModified":"2016-04-20T14:56:34+00:00","description":"Rassegna Stampa Cattolica - Per una cultura che nasce dalla Rivelazione cristiana in conformit\u00e0 alla tradizione e al Magistero della Chiesa in opposizione ad ogni relativismo e totalitarismo","breadcrumb":{"@id":"https:\/\/www.rassegnastampa-totustuus.it\/cattolica\/i-maestri-del-politicamente-corretto\/#breadcrumb"},"inLanguage":"it-IT","potentialAction":[{"@type":"ReadAction","target":["https:\/\/www.rassegnastampa-totustuus.it\/cattolica\/i-maestri-del-politicamente-corretto\/"]}]},{"@type":"ImageObject","inLanguage":"it-IT","@id":"https:\/\/www.rassegnastampa-totustuus.it\/cattolica\/i-maestri-del-politicamente-corretto\/#primaryimage","url":"https:\/\/www.rassegnastampa-totustuus.it\/cattolica\/wp-content\/uploads\/2005\/09\/Maria-delle-milizie.jpg","contentUrl":"https:\/\/www.rassegnastampa-totustuus.it\/cattolica\/wp-content\/uploads\/2005\/09\/Maria-delle-milizie.jpg","width":198,"height":255},{"@type":"BreadcrumbList","@id":"https:\/\/www.rassegnastampa-totustuus.it\/cattolica\/i-maestri-del-politicamente-corretto\/#breadcrumb","itemListElement":[{"@type":"ListItem","position":1,"name":"Home","item":"https:\/\/www.rassegnastampa-totustuus.it\/cattolica\/"},{"@type":"ListItem","position":2,"name":"I maestri del politicamente corretto"}]},{"@type":"WebSite","@id":"https:\/\/www.rassegnastampa-totustuus.it\/cattolica\/#website","url":"https:\/\/www.rassegnastampa-totustuus.it\/cattolica\/","name":"Rassegna Stampa Cattolica","description":"Per una cultura che nasce dalla Rivelazione cristiana in conformit\u00e0 alla tradizione e al Magistero della Chiesa in opposizione ad ogni relativismo e totalitarismo","publisher":{"@id":"https:\/\/www.rassegnastampa-totustuus.it\/cattolica\/#organization"},"alternateName":"Rass. Cattolica","potentialAction":[{"@type":"SearchAction","target":{"@type":"EntryPoint","urlTemplate":"https:\/\/www.rassegnastampa-totustuus.it\/cattolica\/?s={search_term_string}"},"query-input":{"@type":"PropertyValueSpecification","valueRequired":true,"valueName":"search_term_string"}}],"inLanguage":"it-IT"},{"@type":"Organization","@id":"https:\/\/www.rassegnastampa-totustuus.it\/cattolica\/#organization","name":"Rassegna Stampa Cattolica","url":"https:\/\/www.rassegnastampa-totustuus.it\/cattolica\/","logo":{"@type":"ImageObject","inLanguage":"it-IT","@id":"https:\/\/www.rassegnastampa-totustuus.it\/cattolica\/#\/schema\/logo\/image\/","url":"https:\/\/www.rassegnastampa-totustuus.it\/cattolica\/wp-content\/uploads\/2014\/04\/logo-rassegna1.gif","contentUrl":"https:\/\/www.rassegnastampa-totustuus.it\/cattolica\/wp-content\/uploads\/2014\/04\/logo-rassegna1.gif","width":600,"height":163,"caption":"Rassegna Stampa Cattolica"},"image":{"@id":"https:\/\/www.rassegnastampa-totustuus.it\/cattolica\/#\/schema\/logo\/image\/"},"sameAs":["https:\/\/www.facebook.com\/rassegnastampacattolica","https:\/\/x.com\/rassegnastampa9"]},{"@type":"Person","@id":"https:\/\/www.rassegnastampa-totustuus.it\/cattolica\/#\/schema\/person\/08f319d2bd1a0904ad9e2bfb7b15e5c3","name":"Redazione","image":{"@type":"ImageObject","inLanguage":"it-IT","@id":"https:\/\/secure.gravatar.com\/avatar\/2fcdf27c78ea025fbdb44e914cc63c72249ffec9dc8aafd5c82b26240ef3f346?s=96&d=mm&r=g","url":"https:\/\/secure.gravatar.com\/avatar\/2fcdf27c78ea025fbdb44e914cc63c72249ffec9dc8aafd5c82b26240ef3f346?s=96&d=mm&r=g","contentUrl":"https:\/\/secure.gravatar.com\/avatar\/2fcdf27c78ea025fbdb44e914cc63c72249ffec9dc8aafd5c82b26240ef3f346?s=96&d=mm&r=g","caption":"Redazione"},"url":"https:\/\/www.rassegnastampa-totustuus.it\/cattolica\/author\/pietroelle\/"}]}},"_links":{"self":[{"href":"https:\/\/www.rassegnastampa-totustuus.it\/cattolica\/wp-json\/wp\/v2\/posts\/1423","targetHints":{"allow":["GET"]}}],"collection":[{"href":"https:\/\/www.rassegnastampa-totustuus.it\/cattolica\/wp-json\/wp\/v2\/posts"}],"about":[{"href":"https:\/\/www.rassegnastampa-totustuus.it\/cattolica\/wp-json\/wp\/v2\/types\/post"}],"author":[{"embeddable":true,"href":"https:\/\/www.rassegnastampa-totustuus.it\/cattolica\/wp-json\/wp\/v2\/users\/6"}],"replies":[{"embeddable":true,"href":"https:\/\/www.rassegnastampa-totustuus.it\/cattolica\/wp-json\/wp\/v2\/comments?post=1423"}],"version-history":[{"count":4,"href":"https:\/\/www.rassegnastampa-totustuus.it\/cattolica\/wp-json\/wp\/v2\/posts\/1423\/revisions"}],"predecessor-version":[{"id":33226,"href":"https:\/\/www.rassegnastampa-totustuus.it\/cattolica\/wp-json\/wp\/v2\/posts\/1423\/revisions\/33226"}],"wp:featuredmedia":[{"embeddable":true,"href":"https:\/\/www.rassegnastampa-totustuus.it\/cattolica\/wp-json\/wp\/v2\/media\/33225"}],"wp:attachment":[{"href":"https:\/\/www.rassegnastampa-totustuus.it\/cattolica\/wp-json\/wp\/v2\/media?parent=1423"}],"wp:term":[{"taxonomy":"category","embeddable":true,"href":"https:\/\/www.rassegnastampa-totustuus.it\/cattolica\/wp-json\/wp\/v2\/categories?post=1423"},{"taxonomy":"post_tag","embeddable":true,"href":"https:\/\/www.rassegnastampa-totustuus.it\/cattolica\/wp-json\/wp\/v2\/tags?post=1423"}],"curies":[{"name":"wp","href":"https:\/\/api.w.org\/{rel}","templated":true}]}}