{"id":1402,"date":"2005-09-12T12:23:54","date_gmt":"2005-09-12T10:23:54","guid":{"rendered":""},"modified":"2021-11-29T12:32:54","modified_gmt":"2021-11-29T11:32:54","slug":"il-brigantaggio-1860-1870","status":"publish","type":"post","link":"https:\/\/www.rassegnastampa-totustuus.it\/cattolica\/il-brigantaggio-1860-1870\/","title":{"rendered":"Il Brigantaggio (1860-1870)"},"content":{"rendered":"<div style=\"text-align: center;\"><span style=\"color: #000000;\">I.D.I.S. &#8211; Istituto per la Dottrina e l&#8217;Informazione Sociale<\/span><\/div>\n<p style=\"text-align: center;\"><span style=\"color: #000000;\"><strong>Voci per un dizionario del pensiero forte<\/strong><\/span><\/p>\n<p style=\"text-align: center;\"><a href=\"https:\/\/www.rassegnastampa-totustuus.it\/cattolica\/wp-content\/uploads\/2005\/09\/Regno_sud.jpg\"><img loading=\"lazy\" decoding=\"async\" class=\"aligncenter wp-image-28067 size-full\" src=\"https:\/\/www.rassegnastampa-totustuus.it\/cattolica\/wp-content\/uploads\/2005\/09\/Regno_sud.jpg\" alt=\"Regno_sud\" width=\"215\" height=\"188\" \/><\/a><\/p>\n<p style=\"text-align: center;\"><span style=\"color: #000000;\">di<strong> Francesco Pappalardo<\/strong><\/span><\/p>\n<p><span style=\"color: #000000;\"><!--more--><\/span><\/p>\n<div style=\"text-align: justify;\"><span style=\"color: #000000;\"><strong>Dai vandeani agli insorgenti italiani<\/strong><\/span><\/div>\n<p style=\"text-align: justify;\"><span style=\"color: #000000;\"><img loading=\"lazy\" decoding=\"async\" class=\"size-full wp-image-46329 alignleft\" src=\"https:\/\/www.rassegnastampa-totustuus.it\/cattolica\/wp-content\/uploads\/2005\/09\/Brigantaggio.jpg\" alt=\"\" width=\"260\" height=\"194\" \/>Il termine &#8220;brigante&#8221;, che comunemente designa chi vive fuori legge o comunque un nemico dell&#8217;ordine pubblico, ha acquistato nel tempo anche un significato ideologico e indica, in senso spregiativo, chi si \u00e8 opposto con le armi al nuovo ordine inaugurato dalla Rivoluzione francese. Adoperato in Francia per designare i combattenti realisti e cattolici della Vandea, \u00e8 impiegato negli anni seguenti anche in Italia per indicare gli &#8220;insorgenti&#8221;, cio\u00e8 i componenti delle bande popolari che si sollevavano in armi contro gli invasori francesi e i giacobini locali, loro alleati.<\/span><\/p>\n<p style=\"text-align: justify;\"><span style=\"color: #000000;\">Il fenomeno assume rilievo particolare nelle province napoletane, dove, sia nel 1799 sia nel 1806, le bande &#8211; guidate da popolani, da borghesi e anche da sacerdoti, e che raccolgono impiegati, soldati sbandati, contadini e pastori &#8211; difendono la loro patria e la loro religione. Tale comportamento valoroso, per\u00f2, \u00e8 definito sbrigativamente &#8220;brigantaggio&#8221; dai rivoluzionari e il temine \u00e8 tramandato tuttora da una storiografia mendace.<\/span><\/p>\n<p style=\"text-align: justify;\"><span style=\"color: #000000;\"><strong>Gli oppositori dell&#8217;Unit\u00e0 nel Regno delle Due Sicilie<\/strong><\/span><\/p>\n<p style=\"text-align: justify;\"><span style=\"color: #000000;\"><img loading=\"lazy\" decoding=\"async\" class=\"wp-image-28067 alignright\" src=\"https:\/\/www.rassegnastampa-totustuus.it\/cattolica\/wp-content\/uploads\/2005\/09\/Regno_sud.jpg\" alt=\"\" width=\"273\" height=\"239\" \/>Anche l&#8217;unificazione forzata della penisola italiana, nel decennio dal 1859 al 1870, suscita ovunque resistenze e reazioni, in particolare nel Regno delle Due Sicilie, dove la lotta armata contro l&#8217;invasore assume proporzioni straordinarie. Pure in questo caso gli insorti, che combattevano contro l&#8217;imposizione di una visione del mondo estranea alle proprie tradizioni civili e religiose, sono stati bollati come briganti. La resistenza nel Mezzogiorno ha inizio nell&#8217;agosto del 1860, subito dopo lo sbarco sul continente delle unit\u00e0 garibaldine provenienti dalla Sicilia.<\/span><\/p>\n<p style=\"text-align: justify;\"><span style=\"color: #000000;\">La popolazione rurale, chiamata alle armi dal suono di rustici corni o dalle campane a stormo, rovescia i comitati insurrezionali, innalza la bandiera con i gigli e restaura i legittimi poteri. La spietata repressione operata dagli unitari, con esecuzioni sommarie e con arresti in massa, fa affluire nelle bande, che i nativi denominano masse, migliaia di uomini: soldati della disciolta armata reale, coscritti che rifiutano di militare sotto un&#8217;altra bandiera, pastori, braccianti e montanari. Nella primavera del 1861 la reazione divampa in tutto il regno e il controllo del territorio da parte degli unitari diventa precario.<\/span><\/p>\n<p style=\"text-align: justify;\"><span style=\"color: #000000;\"><img loading=\"lazy\" decoding=\"async\" class=\" wp-image-33309 alignleft\" src=\"https:\/\/www.rassegnastampa-totustuus.it\/cattolica\/wp-content\/uploads\/2005\/09\/briganti-1.jpg\" alt=\"\" width=\"323\" height=\"212\" \/>In agosto \u00e8 inviato a Napoli, con poteri eccezionali, il generale del Regio Esercito del neo proclamato Regno d&#8217;Italia Enrico Cialdini (1811-1892), che costituisce un fronte unito contro la &#8220;reazione&#8221;, arruolando i militi del disciolto esercito garibaldino e perseguitando il clero e i nobili lealisti, i quali sono costretti a emigrare, lasciando la resistenza priva di una valida guida politica.<\/span><\/p>\n<p style=\"text-align: justify;\"><span style=\"color: #000000;\">Il governo adotta la linea dura e il generale Cialdini ordina eccidi e rappresaglie nei confronti della popolazione insorta, decretando il saccheggio e la distruzione dei centri ribelli. In questo modo viene impedita l&#8217;insurrezione generale, e viene scritta una pagina tragica e fosca nella storia dello Stato unitario.<\/span><\/p>\n<p style=\"text-align: justify;\"><span style=\"color: #000000;\"><strong>3. Dalla repressione all&#8217;emigrazione<\/strong><\/span><\/p>\n<p style=\"text-align: justify;\"><span style=\"color: #000000;\"><img loading=\"lazy\" decoding=\"async\" class=\"size-full wp-image-13827 alignright\" src=\"https:\/\/www.rassegnastampa-totustuus.it\/cattolica\/wp-content\/uploads\/2005\/09\/briganti.jpg\" alt=\"\" width=\"199\" height=\"254\" \/>Con il sistema generalizzato degli arresti in massa e delle esecuzioni sommarie, con la distruzione di casolari e di masserie, con il divieto di portare viveri e bestiame fuori dai paesi, con la persecuzione indiscriminata dei civili, si vuole colpire &#8220;nel mucchio&#8221;, per disgregare con il terrore una resistenza che riannodava continuamente le fila. Viene introdotto per la prima volta nel diritto pubblico italiano l&#8217;istituto del domicilio coatto, che risulta particolarmente odioso per la sua arbitrariet\u00e0.<\/span><\/p>\n<p style=\"text-align: justify;\"><span style=\"color: #000000;\">La moltiplicazione dei premi e delle taglie crea un'&#8221;industria&#8221; della delazione, che \u00e8 un&#8217;ulteriore macchia indelebile nella repressione e ispira amare riflessioni sulla proclamata volont\u00e0 moralizzatrice dei governi unitari nei confronti delle popolazioni meridionali. Attenzione particolare \u00e8 dedicata alla guerra psicologica, condotta su larga scala mediante bandi, proclami e soprattutto servizi giornalistici e fotografici, che costituiscono i primi esempi di una moderna &#8220;informazione deformante&#8221;. In questo modo viene distrutto il cosiddetto &#8220;manutengolismo&#8221;, cio\u00e8 quel vasto movimento di sostegno e di fiancheggiamento alla guerriglia, che rappresenta un fenomeno cos\u00ec ampio e articolato socialmente da non poter essere stroncato con il solo ricorso alla legislazione penale, anche se eccezionale.<\/span><\/p>\n<p style=\"text-align: justify;\"><span style=\"color: #000000;\">Infine, la proclamazione dello stato d&#8217;assedio, le uccisioni indiscriminate, il terrore, il tradimento prezzolato stroncano la volont\u00e0 di resistenza della popolazione. Quando le bellicose energie sono esaurite, l&#8217;estraneit\u00e0 al nuovo ordine si manifesta pi\u00f9 pacificamente, ma non meno drammaticamente, nella grandiosa emigrazione transoceanica della nazione &#8220;napoletana&#8221;, che coinvolge alcuni milioni di persone.<\/span><\/p>\n<p style=\"text-align: justify;\"><span style=\"color: #000000;\"><strong>4. Oltre la censura storiografica: le ragioni ideali e politiche<\/strong><\/span><\/p>\n<div id=\"attachment_53091\" style=\"width: 291px\" class=\"wp-caption alignleft\"><img loading=\"lazy\" decoding=\"async\" aria-describedby=\"caption-attachment-53091\" class=\"wp-image-53091\" src=\"https:\/\/www.rassegnastampa-totustuus.it\/cattolica\/wp-content\/uploads\/2005\/09\/brigantaggio-1.jpg\" alt=\"\" width=\"291\" height=\"231\" \/><p id=\"caption-attachment-53091\" class=\"wp-caption-text\">teste di &#8220;briganti&#8221;<\/p><\/div>\n<p style=\"text-align: justify;\"><span style=\"color: #000000;\">Questo periodo doloroso della storia della nazione italiana \u00e8 censurato e deformato da oltre un secolo. La storiografia di ispirazione liberale, da Francesco Saverio Nitti (1868-1953) a Giustino Fortunato (1777-1862) e a Benedetto Croce (1866-1952), interpreta la resistenza popolare come manifestazione di criminalit\u00e0 comune e come esito della sobillazione &#8220;reazionaria&#8221;, abile a sfruttare mali endemici e secolari del Mezzogiorno.<\/span><\/p>\n<p style=\"text-align: justify;\"><span style=\"color: #000000;\">Su un altro versante, ugualmente deformante, si pongono quanti partono dalle considerazioni di Antonio Gramsci (1891-1937) sulla &#8220;questione meridionale&#8221; per proporre una lettura del Brigantaggio come manifestazione della lotta di classe, identificando nella guerra per bande una forma di lotta armata condotta in prima persona dalle masse contadine contro le classi dominanti.<\/span><\/p>\n<p style=\"text-align: justify;\"><span style=\"color: #000000;\"><img loading=\"lazy\" decoding=\"async\" class=\"size-medium wp-image-53092 alignright\" src=\"https:\/\/www.rassegnastampa-totustuus.it\/cattolica\/wp-content\/uploads\/2005\/09\/brigantaggio-2-255x300.jpg\" alt=\"\" width=\"255\" height=\"300\" \/>In realt\u00e0, un&#8217;interpretazione esauriente del complesso fenomeno del Brigantaggio deve partire dalla considerazione che l&#8217;opposizione armata fu soltanto uno degli aspetti della resistenza antiunitaria delle popolazioni meridionali, che present\u00f2 contorni pi\u00f9 vasti e profondi di quelli che avevano caratterizzato le insorgenze dell&#8217;et\u00e0 napoleonica.<\/span><\/p>\n<p style=\"text-align: justify;\"><span style=\"color: #000000;\">Infatti, negli anni successivi al 1860, la resistenza si presenta con forme molto articolate, di cui offrono testimonianza l&#8217;opposizione condotta a livello parlamentare, le proteste della magistratura, che vede cancellate le sue gloriose e secolari tradizioni, la resistenza passiva dei dipendenti pubblici e il rifiuto di ricoprire cariche amministrative, il malcontento della popolazione cittadina, l&#8217;astensione dai suffragi elettorali, il rifiuto della coscrizione obbligatoria, l&#8217;emigrazione, la diffusione della stampa clandestina e la polemica condotta dai migliori pubblicisti del regno, fra cui emerge Giacinto de&#8217; Sivo (1814-1867), che difendono con gli scritti i calpestati diritti di una monarchia da sempre riconosciuta nel consesso delle nazioni e benedetta dalla suprema autorit\u00e0 spirituale.<\/span><\/p>\n<p style=\"text-align: justify;\"><span style=\"color: #000000;\"><img loading=\"lazy\" decoding=\"async\" class=\" wp-image-53093 alignleft\" src=\"https:\/\/www.rassegnastampa-totustuus.it\/cattolica\/wp-content\/uploads\/2005\/09\/brigantaggio-3.jpg\" alt=\"\" width=\"322\" height=\"180\" \/>La resistenza armata \u00e8 per\u00f2 il fenomeno pi\u00f9 evidente, che coinvolge non soltanto il mondo contadino, ma tutta la societ\u00e0 del tempo nelle sue strutture e nei gruppi che la componevano. Nei primi anni il motivo legittimistico \u00e8 dominante e le modalit\u00e0 della guerriglia, capace di unire aristocratici e popolo, sono tali da richiamare alla mente l&#8217;epopea vandeana.<\/span><\/p>\n<p style=\"text-align: justify;\"><span style=\"color: #000000;\">Questa continuit\u00e0 contro-rivoluzionaria non \u00e8 affatto simbolica, ove si consideri che, a capeggiare gli insorgenti, &#8220;il fior fiore della nobilt\u00e0 lealistica europea discese dalle brume dei propri castelli nel fuoco di una lotta senza quartiere &#8220;per il trono e l&#8217;altare&#8221;, &#8220;per la fede e la gloria&#8221;&#8221;, come era scritto su uno dei pannelli della mostra su Brigantaggio, lealismo e repressione, organizzata a Napoli nel 1984.<\/span><\/p>\n<p style=\"text-align: justify;\"><span style=\"color: #000000;\"><img loading=\"lazy\" decoding=\"async\" class=\"wp-image-53094 alignright\" src=\"https:\/\/www.rassegnastampa-totustuus.it\/cattolica\/wp-content\/uploads\/2005\/09\/bersaglieri_Risorgimento.jpg\" alt=\"\" width=\"285\" height=\"229\" \/>Il conte Henri de Cathelineau (1813-1891) &#8211; discendente di uno dei pi\u00f9 valorosi condottieri della guerra di Vandea -, il barone prussiano Teodoro Klitsche de La Grange (1799-1868), il conte sassone Edwin di Kalckreuth, fucilato nel 1862, il marchese belga Alfred Traz\u00e9gnies de Namour, fucilato nel 1861 all&#8217;et\u00e0 di trent&#8217;anni, il conte \u00c9mile-Th\u00e9odule de Christen (1835-1870), i catalani Jos\u00e9 Borges (1813-1861), definito &#8220;l&#8217;anti-Garibaldi&#8221;, e Rafael Tristany (1814-1899), sono artefici di memorabili imprese e fanno a lungo sperare in una conclusione vittoriosa della guerriglia.<\/span><\/p>\n<p style=\"text-align: justify;\"><span style=\"color: #000000;\"><strong>5. Le ragioni socio-economiche e le motivazioni religiose<\/strong><\/span><\/p>\n<p style=\"text-align: justify;\"><span style=\"color: #000000;\">Con queste considerazioni non si intende sottovalutare il carattere anche sociale delle insurrezioni. L&#8217;eversione della feudalit\u00e0 e la privatizzazione dei beni della Chiesa durante l&#8217;et\u00e0 napoleonica, che avevano trasformato l&#8217;assetto della societ\u00e0 e dato origine alla questione demaniale, hanno una parte rilevante nello stimolare la partecipazione dei contadini alla lotta armata, ma questo aspetto non basta da solo a spiegare l&#8217;intensit\u00e0, l&#8217;estensione sociale, l&#8217;ampiezza territoriale e la durata del Brigantaggio.<\/span><\/p>\n<p style=\"text-align: justify;\"><span style=\"color: #000000;\"><img loading=\"lazy\" decoding=\"async\" class=\"size-full wp-image-17823 alignleft\" src=\"https:\/\/www.rassegnastampa-totustuus.it\/cattolica\/wp-content\/uploads\/2009\/03\/briganti-2.jpg\" alt=\"\" width=\"193\" height=\"261\" \/>L&#8217;attribuzione di un prevalente carattere sociale alla resistenza antiunitaria \u00e8 causata sia da pregiudizi ideologici, che inducono gli storici a sottovalutare o a negare la componente politica del fenomeno, sia dalla diffusione e dalla persistenza del mito dell&#8217;oggettiva potenzialit\u00e0 rivoluzionaria delle sommosse contadine. Questa impostazione \u00e8 caratterizzata da una generale incomprensione e negazione della cultura delle popolazioni italiane, e ci\u00f2 vale in particolare per la componente religiosa, che ne rappresentava l&#8217;anima.<\/span><\/p>\n<p style=\"text-align: justify;\"><span style=\"color: #000000;\">L&#8217;elemento religioso \u00e8 generalmente presente nelle raffigurazioni d&#8217;epoca, cos\u00ec come sui vessilli e sulle insegne di battaglia; frati e sacerdoti sono presenti in gran numero nelle schiere degli insorgenti, sebbene fossero passati per le armi in caso di cattura; i vescovi &#8211; bench\u00e9 spesso scacciati dalle loro sedi &#8211; sostengono efficacemente l&#8217;insurrezione, pubblicando pastorali di tono antiunitario e ribadendo le proteste e le scomuniche provenienti dalla Santa Sede. L&#8217;autorevole La Civilt\u00e0 Cattolica esprime ripetutamente il suo appoggio a quello che era ritenuto uno spontaneo movimento di massa, a carattere legittimistico, contro le usurpazioni del nuovo Stato liberale.<\/span><\/p>\n<p style=\"text-align: justify;\"><span style=\"color: #000000;\"><img loading=\"lazy\" decoding=\"async\" class=\" wp-image-53095 alignright\" src=\"https:\/\/www.rassegnastampa-totustuus.it\/cattolica\/wp-content\/uploads\/2005\/09\/brigantaggio-4.jpg\" alt=\"\" width=\"311\" height=\"223\" \/>Il Brigantaggio, dunque, \u00e8 stato un fenomeno composito, manifestazione del contrasto fra due mentalit\u00e0, fra due differenti impostazioni culturali, ma soprattutto ha rappresentato l&#8217;espressione pi\u00f9 macroscopica della reazione di una nazione intera in difesa della sua autonomia quasi millenaria e della religione perseguitata e, dunque, costituisce l&#8217;ultimo tentativo compiuto in Italia, insieme con la difesa di Roma a opera degli zuavi, per combattere la Rivoluzione con le armi.<\/span><\/p>\n<p style=\"text-align: justify;\"><span style=\"color: #000000;\">Se la resistenza antiunitaria non riesce a ripetere il successo della Santa Fede nel 1799, ci\u00f2 \u00e8 dovuto non soltanto alla situazione internazionale sfavorevole e allo scontro con lo Stato unitario, di cui non si conoscevano i meccanismi e che pu\u00f2 concentrare per alcuni anni imponenti forze nel Mezzogiorno, ma anche all&#8217;assenza di una classe dirigente valida e ben determinata, che sapesse animare e coordinare la reazione popolare, spontanea e generale, ma non autonoma.<\/span><\/p>\n<p style=\"text-align: justify;\"><span style=\"color: #000000;\"><strong>Per approfondire:<\/strong> vedi una significativa testimonianza, in Giacinto de&#8217; Sivo, <em>I Napolitani al cospetto delle nazioni civili<\/em>, del 1861, Il Cerchio Iniziative Editoriali, Rimini 1994; lo studio pi\u00f9 documentato sull&#8217;argomento, che risente per\u00f2 dell&#8217;impostazione marxista secondo cui il Brigantaggio \u00e8 un episodio della lotta di classe, in Franco Molfese, <em>Storia del brigantaggio dopo l&#8217;Unit\u00e0<\/em>, Feltrinelli, Milano 1979; quindi Carlo Alianello (1901-1981), <em>La conquista del Sud. Il Risorgimento nell&#8217;Italia meridionale<\/em>, Rusconi, Milano 1994; Aldo Albonico, <em>La mobilitazione legittimista contro il Regno d&#8217;Italia: la Spagna e il brigantaggio meridionale postunitario<\/em>, Giuffr\u00e8, Milano 1979; <em>Brigantaggio lealismo repressione nel Mezzogiorno. 1860-1870<\/em>, Gaetano Macchiaroli, Napoli 1984; e Francesco Mario Agnoli, <em>La conquista del Sud e il generale spagnolo Jos\u00e9 Borges<\/em>, Di Giovanni, San Giuliano Milanese (Milano) 1993; vedi una sintesi nel mio <em>Il brigantaggio<\/em>, in <em>Cristianit\u00e0<\/em>, anno XXI, n. 223, novembre 1993, pp. 15-22<\/span><\/p>\n","protected":false},"excerpt":{"rendered":"<p>I.D.I.S. &#8211; Istituto per la Dottrina e l&#8217;Informazione Sociale Voci per un dizionario del pensiero forte di Francesco Pappalardo<\/p><p><a class=\"more-link btn\" href=\"https:\/\/www.rassegnastampa-totustuus.it\/cattolica\/il-brigantaggio-1860-1870\/\">Continua a leggere<\/a><\/p>\n","protected":false},"author":6,"featured_media":28067,"comment_status":"closed","ping_status":"open","sticky":false,"template":"","format":"standard","meta":{"footnotes":""},"categories":[101,96],"tags":[1038,2406],"class_list":["post-1402","post","type-post","status-publish","format-standard","has-post-thumbnail","hentry","category-risorgimento","category-storia-italiana","tag-brigantaggio","tag-risorgimento","item-wrap"],"yoast_head":"<!-- This site is optimized with the Yoast SEO plugin v27.5 - https:\/\/yoast.com\/product\/yoast-seo-wordpress\/ -->\n<title>Il Brigantaggio (1860-1870) - Rassegna Stampa Cattolica<\/title>\n<meta name=\"description\" content=\"Rassegna Stampa Cattolica - Per una cultura che nasce dalla Rivelazione cristiana in conformit\u00e0 alla tradizione e al Magistero della Chiesa in opposizione ad ogni relativismo e totalitarismo\" \/>\n<meta name=\"robots\" content=\"index, follow, max-snippet:-1, max-image-preview:large, max-video-preview:-1\" \/>\n<link rel=\"canonical\" href=\"https:\/\/www.rassegnastampa-totustuus.it\/cattolica\/il-brigantaggio-1860-1870\/\" \/>\n<meta property=\"og:locale\" content=\"it_IT\" \/>\n<meta property=\"og:type\" content=\"article\" \/>\n<meta property=\"og:title\" content=\"Il Brigantaggio (1860-1870) - Rassegna Stampa Cattolica\" \/>\n<meta property=\"og:description\" content=\"Rassegna Stampa Cattolica - Per una cultura che nasce dalla Rivelazione cristiana in conformit\u00e0 alla tradizione e al Magistero della Chiesa in opposizione ad ogni relativismo e totalitarismo\" \/>\n<meta property=\"og:url\" content=\"https:\/\/www.rassegnastampa-totustuus.it\/cattolica\/il-brigantaggio-1860-1870\/\" \/>\n<meta property=\"og:site_name\" content=\"Rassegna Stampa Cattolica\" \/>\n<meta property=\"article:publisher\" content=\"https:\/\/www.facebook.com\/rassegnastampacattolica\" \/>\n<meta property=\"article:published_time\" content=\"2005-09-12T10:23:54+00:00\" \/>\n<meta property=\"article:modified_time\" content=\"2021-11-29T11:32:54+00:00\" \/>\n<meta property=\"og:image\" content=\"https:\/\/www.rassegnastampa-totustuus.it\/cattolica\/wp-content\/uploads\/2005\/09\/Regno_sud.jpg\" \/>\n\t<meta property=\"og:image:width\" content=\"215\" \/>\n\t<meta property=\"og:image:height\" content=\"188\" \/>\n\t<meta property=\"og:image:type\" content=\"image\/jpeg\" \/>\n<meta name=\"author\" content=\"Redazione\" \/>\n<meta name=\"twitter:card\" content=\"summary_large_image\" \/>\n<meta name=\"twitter:creator\" content=\"@rassegnastampa9\" \/>\n<meta name=\"twitter:site\" content=\"@rassegnastampa9\" \/>\n<meta name=\"twitter:label1\" content=\"Scritto da\" \/>\n\t<meta name=\"twitter:data1\" content=\"Redazione\" \/>\n\t<meta name=\"twitter:label2\" content=\"Tempo di lettura stimato\" \/>\n\t<meta name=\"twitter:data2\" content=\"8 minuti\" \/>\n<script type=\"application\/ld+json\" class=\"yoast-schema-graph\">{\"@context\":\"https:\\\/\\\/schema.org\",\"@graph\":[{\"@type\":\"Article\",\"@id\":\"https:\\\/\\\/www.rassegnastampa-totustuus.it\\\/cattolica\\\/il-brigantaggio-1860-1870\\\/#article\",\"isPartOf\":{\"@id\":\"https:\\\/\\\/www.rassegnastampa-totustuus.it\\\/cattolica\\\/il-brigantaggio-1860-1870\\\/\"},\"author\":{\"name\":\"Redazione\",\"@id\":\"https:\\\/\\\/www.rassegnastampa-totustuus.it\\\/cattolica\\\/#\\\/schema\\\/person\\\/08f319d2bd1a0904ad9e2bfb7b15e5c3\"},\"headline\":\"Il Brigantaggio (1860-1870)\",\"datePublished\":\"2005-09-12T10:23:54+00:00\",\"dateModified\":\"2021-11-29T11:32:54+00:00\",\"mainEntityOfPage\":{\"@id\":\"https:\\\/\\\/www.rassegnastampa-totustuus.it\\\/cattolica\\\/il-brigantaggio-1860-1870\\\/\"},\"wordCount\":1741,\"publisher\":{\"@id\":\"https:\\\/\\\/www.rassegnastampa-totustuus.it\\\/cattolica\\\/#organization\"},\"image\":{\"@id\":\"https:\\\/\\\/www.rassegnastampa-totustuus.it\\\/cattolica\\\/il-brigantaggio-1860-1870\\\/#primaryimage\"},\"thumbnailUrl\":\"https:\\\/\\\/www.rassegnastampa-totustuus.it\\\/cattolica\\\/wp-content\\\/uploads\\\/2005\\\/09\\\/Regno_sud.jpg\",\"keywords\":[\"brigantaggio\",\"Risorgimento\"],\"articleSection\":[\"Risorgimento\",\"Storia italiana\"],\"inLanguage\":\"it-IT\"},{\"@type\":\"WebPage\",\"@id\":\"https:\\\/\\\/www.rassegnastampa-totustuus.it\\\/cattolica\\\/il-brigantaggio-1860-1870\\\/\",\"url\":\"https:\\\/\\\/www.rassegnastampa-totustuus.it\\\/cattolica\\\/il-brigantaggio-1860-1870\\\/\",\"name\":\"Il Brigantaggio (1860-1870) - Rassegna Stampa Cattolica\",\"isPartOf\":{\"@id\":\"https:\\\/\\\/www.rassegnastampa-totustuus.it\\\/cattolica\\\/#website\"},\"primaryImageOfPage\":{\"@id\":\"https:\\\/\\\/www.rassegnastampa-totustuus.it\\\/cattolica\\\/il-brigantaggio-1860-1870\\\/#primaryimage\"},\"image\":{\"@id\":\"https:\\\/\\\/www.rassegnastampa-totustuus.it\\\/cattolica\\\/il-brigantaggio-1860-1870\\\/#primaryimage\"},\"thumbnailUrl\":\"https:\\\/\\\/www.rassegnastampa-totustuus.it\\\/cattolica\\\/wp-content\\\/uploads\\\/2005\\\/09\\\/Regno_sud.jpg\",\"datePublished\":\"2005-09-12T10:23:54+00:00\",\"dateModified\":\"2021-11-29T11:32:54+00:00\",\"description\":\"Rassegna Stampa Cattolica - Per una cultura che nasce dalla Rivelazione cristiana in conformit\u00e0 alla tradizione e al Magistero della Chiesa in opposizione ad ogni relativismo e totalitarismo\",\"breadcrumb\":{\"@id\":\"https:\\\/\\\/www.rassegnastampa-totustuus.it\\\/cattolica\\\/il-brigantaggio-1860-1870\\\/#breadcrumb\"},\"inLanguage\":\"it-IT\",\"potentialAction\":[{\"@type\":\"ReadAction\",\"target\":[\"https:\\\/\\\/www.rassegnastampa-totustuus.it\\\/cattolica\\\/il-brigantaggio-1860-1870\\\/\"]}]},{\"@type\":\"ImageObject\",\"inLanguage\":\"it-IT\",\"@id\":\"https:\\\/\\\/www.rassegnastampa-totustuus.it\\\/cattolica\\\/il-brigantaggio-1860-1870\\\/#primaryimage\",\"url\":\"https:\\\/\\\/www.rassegnastampa-totustuus.it\\\/cattolica\\\/wp-content\\\/uploads\\\/2005\\\/09\\\/Regno_sud.jpg\",\"contentUrl\":\"https:\\\/\\\/www.rassegnastampa-totustuus.it\\\/cattolica\\\/wp-content\\\/uploads\\\/2005\\\/09\\\/Regno_sud.jpg\",\"width\":215,\"height\":188},{\"@type\":\"BreadcrumbList\",\"@id\":\"https:\\\/\\\/www.rassegnastampa-totustuus.it\\\/cattolica\\\/il-brigantaggio-1860-1870\\\/#breadcrumb\",\"itemListElement\":[{\"@type\":\"ListItem\",\"position\":1,\"name\":\"Home\",\"item\":\"https:\\\/\\\/www.rassegnastampa-totustuus.it\\\/cattolica\\\/\"},{\"@type\":\"ListItem\",\"position\":2,\"name\":\"Il Brigantaggio (1860-1870)\"}]},{\"@type\":\"WebSite\",\"@id\":\"https:\\\/\\\/www.rassegnastampa-totustuus.it\\\/cattolica\\\/#website\",\"url\":\"https:\\\/\\\/www.rassegnastampa-totustuus.it\\\/cattolica\\\/\",\"name\":\"Rassegna Stampa Cattolica\",\"description\":\"Per una cultura che nasce dalla Rivelazione cristiana in conformit\u00e0 alla tradizione e al Magistero della Chiesa in opposizione ad ogni relativismo e totalitarismo\",\"publisher\":{\"@id\":\"https:\\\/\\\/www.rassegnastampa-totustuus.it\\\/cattolica\\\/#organization\"},\"alternateName\":\"Rass. Cattolica\",\"potentialAction\":[{\"@type\":\"SearchAction\",\"target\":{\"@type\":\"EntryPoint\",\"urlTemplate\":\"https:\\\/\\\/www.rassegnastampa-totustuus.it\\\/cattolica\\\/?s={search_term_string}\"},\"query-input\":{\"@type\":\"PropertyValueSpecification\",\"valueRequired\":true,\"valueName\":\"search_term_string\"}}],\"inLanguage\":\"it-IT\"},{\"@type\":\"Organization\",\"@id\":\"https:\\\/\\\/www.rassegnastampa-totustuus.it\\\/cattolica\\\/#organization\",\"name\":\"Rassegna Stampa Cattolica\",\"url\":\"https:\\\/\\\/www.rassegnastampa-totustuus.it\\\/cattolica\\\/\",\"logo\":{\"@type\":\"ImageObject\",\"inLanguage\":\"it-IT\",\"@id\":\"https:\\\/\\\/www.rassegnastampa-totustuus.it\\\/cattolica\\\/#\\\/schema\\\/logo\\\/image\\\/\",\"url\":\"https:\\\/\\\/www.rassegnastampa-totustuus.it\\\/cattolica\\\/wp-content\\\/uploads\\\/2014\\\/04\\\/logo-rassegna1.gif\",\"contentUrl\":\"https:\\\/\\\/www.rassegnastampa-totustuus.it\\\/cattolica\\\/wp-content\\\/uploads\\\/2014\\\/04\\\/logo-rassegna1.gif\",\"width\":600,\"height\":163,\"caption\":\"Rassegna Stampa Cattolica\"},\"image\":{\"@id\":\"https:\\\/\\\/www.rassegnastampa-totustuus.it\\\/cattolica\\\/#\\\/schema\\\/logo\\\/image\\\/\"},\"sameAs\":[\"https:\\\/\\\/www.facebook.com\\\/rassegnastampacattolica\",\"https:\\\/\\\/x.com\\\/rassegnastampa9\"]},{\"@type\":\"Person\",\"@id\":\"https:\\\/\\\/www.rassegnastampa-totustuus.it\\\/cattolica\\\/#\\\/schema\\\/person\\\/08f319d2bd1a0904ad9e2bfb7b15e5c3\",\"name\":\"Redazione\",\"image\":{\"@type\":\"ImageObject\",\"inLanguage\":\"it-IT\",\"@id\":\"https:\\\/\\\/secure.gravatar.com\\\/avatar\\\/2fcdf27c78ea025fbdb44e914cc63c72249ffec9dc8aafd5c82b26240ef3f346?s=96&d=mm&r=g\",\"url\":\"https:\\\/\\\/secure.gravatar.com\\\/avatar\\\/2fcdf27c78ea025fbdb44e914cc63c72249ffec9dc8aafd5c82b26240ef3f346?s=96&d=mm&r=g\",\"contentUrl\":\"https:\\\/\\\/secure.gravatar.com\\\/avatar\\\/2fcdf27c78ea025fbdb44e914cc63c72249ffec9dc8aafd5c82b26240ef3f346?s=96&d=mm&r=g\",\"caption\":\"Redazione\"},\"url\":\"https:\\\/\\\/www.rassegnastampa-totustuus.it\\\/cattolica\\\/author\\\/pietroelle\\\/\"}]}<\/script>\n<!-- \/ Yoast SEO plugin. -->","yoast_head_json":{"title":"Il Brigantaggio (1860-1870) - Rassegna Stampa Cattolica","description":"Rassegna Stampa Cattolica - Per una cultura che nasce dalla Rivelazione cristiana in conformit\u00e0 alla tradizione e al Magistero della Chiesa in opposizione ad ogni relativismo e totalitarismo","robots":{"index":"index","follow":"follow","max-snippet":"max-snippet:-1","max-image-preview":"max-image-preview:large","max-video-preview":"max-video-preview:-1"},"canonical":"https:\/\/www.rassegnastampa-totustuus.it\/cattolica\/il-brigantaggio-1860-1870\/","og_locale":"it_IT","og_type":"article","og_title":"Il Brigantaggio (1860-1870) - Rassegna Stampa Cattolica","og_description":"Rassegna Stampa Cattolica - Per una cultura che nasce dalla Rivelazione cristiana in conformit\u00e0 alla tradizione e al Magistero della Chiesa in opposizione ad ogni relativismo e totalitarismo","og_url":"https:\/\/www.rassegnastampa-totustuus.it\/cattolica\/il-brigantaggio-1860-1870\/","og_site_name":"Rassegna Stampa Cattolica","article_publisher":"https:\/\/www.facebook.com\/rassegnastampacattolica","article_published_time":"2005-09-12T10:23:54+00:00","article_modified_time":"2021-11-29T11:32:54+00:00","og_image":[{"width":215,"height":188,"url":"https:\/\/www.rassegnastampa-totustuus.it\/cattolica\/wp-content\/uploads\/2005\/09\/Regno_sud.jpg","type":"image\/jpeg"}],"author":"Redazione","twitter_card":"summary_large_image","twitter_creator":"@rassegnastampa9","twitter_site":"@rassegnastampa9","twitter_misc":{"Scritto da":"Redazione","Tempo di lettura stimato":"8 minuti"},"schema":{"@context":"https:\/\/schema.org","@graph":[{"@type":"Article","@id":"https:\/\/www.rassegnastampa-totustuus.it\/cattolica\/il-brigantaggio-1860-1870\/#article","isPartOf":{"@id":"https:\/\/www.rassegnastampa-totustuus.it\/cattolica\/il-brigantaggio-1860-1870\/"},"author":{"name":"Redazione","@id":"https:\/\/www.rassegnastampa-totustuus.it\/cattolica\/#\/schema\/person\/08f319d2bd1a0904ad9e2bfb7b15e5c3"},"headline":"Il Brigantaggio (1860-1870)","datePublished":"2005-09-12T10:23:54+00:00","dateModified":"2021-11-29T11:32:54+00:00","mainEntityOfPage":{"@id":"https:\/\/www.rassegnastampa-totustuus.it\/cattolica\/il-brigantaggio-1860-1870\/"},"wordCount":1741,"publisher":{"@id":"https:\/\/www.rassegnastampa-totustuus.it\/cattolica\/#organization"},"image":{"@id":"https:\/\/www.rassegnastampa-totustuus.it\/cattolica\/il-brigantaggio-1860-1870\/#primaryimage"},"thumbnailUrl":"https:\/\/www.rassegnastampa-totustuus.it\/cattolica\/wp-content\/uploads\/2005\/09\/Regno_sud.jpg","keywords":["brigantaggio","Risorgimento"],"articleSection":["Risorgimento","Storia italiana"],"inLanguage":"it-IT"},{"@type":"WebPage","@id":"https:\/\/www.rassegnastampa-totustuus.it\/cattolica\/il-brigantaggio-1860-1870\/","url":"https:\/\/www.rassegnastampa-totustuus.it\/cattolica\/il-brigantaggio-1860-1870\/","name":"Il Brigantaggio (1860-1870) - Rassegna Stampa Cattolica","isPartOf":{"@id":"https:\/\/www.rassegnastampa-totustuus.it\/cattolica\/#website"},"primaryImageOfPage":{"@id":"https:\/\/www.rassegnastampa-totustuus.it\/cattolica\/il-brigantaggio-1860-1870\/#primaryimage"},"image":{"@id":"https:\/\/www.rassegnastampa-totustuus.it\/cattolica\/il-brigantaggio-1860-1870\/#primaryimage"},"thumbnailUrl":"https:\/\/www.rassegnastampa-totustuus.it\/cattolica\/wp-content\/uploads\/2005\/09\/Regno_sud.jpg","datePublished":"2005-09-12T10:23:54+00:00","dateModified":"2021-11-29T11:32:54+00:00","description":"Rassegna Stampa Cattolica - Per una cultura che nasce dalla Rivelazione cristiana in conformit\u00e0 alla tradizione e al Magistero della Chiesa in opposizione ad ogni relativismo e totalitarismo","breadcrumb":{"@id":"https:\/\/www.rassegnastampa-totustuus.it\/cattolica\/il-brigantaggio-1860-1870\/#breadcrumb"},"inLanguage":"it-IT","potentialAction":[{"@type":"ReadAction","target":["https:\/\/www.rassegnastampa-totustuus.it\/cattolica\/il-brigantaggio-1860-1870\/"]}]},{"@type":"ImageObject","inLanguage":"it-IT","@id":"https:\/\/www.rassegnastampa-totustuus.it\/cattolica\/il-brigantaggio-1860-1870\/#primaryimage","url":"https:\/\/www.rassegnastampa-totustuus.it\/cattolica\/wp-content\/uploads\/2005\/09\/Regno_sud.jpg","contentUrl":"https:\/\/www.rassegnastampa-totustuus.it\/cattolica\/wp-content\/uploads\/2005\/09\/Regno_sud.jpg","width":215,"height":188},{"@type":"BreadcrumbList","@id":"https:\/\/www.rassegnastampa-totustuus.it\/cattolica\/il-brigantaggio-1860-1870\/#breadcrumb","itemListElement":[{"@type":"ListItem","position":1,"name":"Home","item":"https:\/\/www.rassegnastampa-totustuus.it\/cattolica\/"},{"@type":"ListItem","position":2,"name":"Il Brigantaggio (1860-1870)"}]},{"@type":"WebSite","@id":"https:\/\/www.rassegnastampa-totustuus.it\/cattolica\/#website","url":"https:\/\/www.rassegnastampa-totustuus.it\/cattolica\/","name":"Rassegna Stampa Cattolica","description":"Per una cultura che nasce dalla Rivelazione cristiana in conformit\u00e0 alla tradizione e al Magistero della Chiesa in opposizione ad ogni relativismo e totalitarismo","publisher":{"@id":"https:\/\/www.rassegnastampa-totustuus.it\/cattolica\/#organization"},"alternateName":"Rass. Cattolica","potentialAction":[{"@type":"SearchAction","target":{"@type":"EntryPoint","urlTemplate":"https:\/\/www.rassegnastampa-totustuus.it\/cattolica\/?s={search_term_string}"},"query-input":{"@type":"PropertyValueSpecification","valueRequired":true,"valueName":"search_term_string"}}],"inLanguage":"it-IT"},{"@type":"Organization","@id":"https:\/\/www.rassegnastampa-totustuus.it\/cattolica\/#organization","name":"Rassegna Stampa Cattolica","url":"https:\/\/www.rassegnastampa-totustuus.it\/cattolica\/","logo":{"@type":"ImageObject","inLanguage":"it-IT","@id":"https:\/\/www.rassegnastampa-totustuus.it\/cattolica\/#\/schema\/logo\/image\/","url":"https:\/\/www.rassegnastampa-totustuus.it\/cattolica\/wp-content\/uploads\/2014\/04\/logo-rassegna1.gif","contentUrl":"https:\/\/www.rassegnastampa-totustuus.it\/cattolica\/wp-content\/uploads\/2014\/04\/logo-rassegna1.gif","width":600,"height":163,"caption":"Rassegna Stampa Cattolica"},"image":{"@id":"https:\/\/www.rassegnastampa-totustuus.it\/cattolica\/#\/schema\/logo\/image\/"},"sameAs":["https:\/\/www.facebook.com\/rassegnastampacattolica","https:\/\/x.com\/rassegnastampa9"]},{"@type":"Person","@id":"https:\/\/www.rassegnastampa-totustuus.it\/cattolica\/#\/schema\/person\/08f319d2bd1a0904ad9e2bfb7b15e5c3","name":"Redazione","image":{"@type":"ImageObject","inLanguage":"it-IT","@id":"https:\/\/secure.gravatar.com\/avatar\/2fcdf27c78ea025fbdb44e914cc63c72249ffec9dc8aafd5c82b26240ef3f346?s=96&d=mm&r=g","url":"https:\/\/secure.gravatar.com\/avatar\/2fcdf27c78ea025fbdb44e914cc63c72249ffec9dc8aafd5c82b26240ef3f346?s=96&d=mm&r=g","contentUrl":"https:\/\/secure.gravatar.com\/avatar\/2fcdf27c78ea025fbdb44e914cc63c72249ffec9dc8aafd5c82b26240ef3f346?s=96&d=mm&r=g","caption":"Redazione"},"url":"https:\/\/www.rassegnastampa-totustuus.it\/cattolica\/author\/pietroelle\/"}]}},"_links":{"self":[{"href":"https:\/\/www.rassegnastampa-totustuus.it\/cattolica\/wp-json\/wp\/v2\/posts\/1402","targetHints":{"allow":["GET"]}}],"collection":[{"href":"https:\/\/www.rassegnastampa-totustuus.it\/cattolica\/wp-json\/wp\/v2\/posts"}],"about":[{"href":"https:\/\/www.rassegnastampa-totustuus.it\/cattolica\/wp-json\/wp\/v2\/types\/post"}],"author":[{"embeddable":true,"href":"https:\/\/www.rassegnastampa-totustuus.it\/cattolica\/wp-json\/wp\/v2\/users\/6"}],"replies":[{"embeddable":true,"href":"https:\/\/www.rassegnastampa-totustuus.it\/cattolica\/wp-json\/wp\/v2\/comments?post=1402"}],"version-history":[{"count":4,"href":"https:\/\/www.rassegnastampa-totustuus.it\/cattolica\/wp-json\/wp\/v2\/posts\/1402\/revisions"}],"predecessor-version":[{"id":53096,"href":"https:\/\/www.rassegnastampa-totustuus.it\/cattolica\/wp-json\/wp\/v2\/posts\/1402\/revisions\/53096"}],"wp:featuredmedia":[{"embeddable":true,"href":"https:\/\/www.rassegnastampa-totustuus.it\/cattolica\/wp-json\/wp\/v2\/media\/28067"}],"wp:attachment":[{"href":"https:\/\/www.rassegnastampa-totustuus.it\/cattolica\/wp-json\/wp\/v2\/media?parent=1402"}],"wp:term":[{"taxonomy":"category","embeddable":true,"href":"https:\/\/www.rassegnastampa-totustuus.it\/cattolica\/wp-json\/wp\/v2\/categories?post=1402"},{"taxonomy":"post_tag","embeddable":true,"href":"https:\/\/www.rassegnastampa-totustuus.it\/cattolica\/wp-json\/wp\/v2\/tags?post=1402"}],"curies":[{"name":"wp","href":"https:\/\/api.w.org\/{rel}","templated":true}]}}