{"id":1400,"date":"2005-09-12T12:16:43","date_gmt":"2005-09-12T10:16:43","guid":{"rendered":""},"modified":"2024-10-21T10:08:33","modified_gmt":"2024-10-21T08:08:33","slug":"legge-pica-sulla-repressione-del-brigantaggio-1863","status":"publish","type":"post","link":"https:\/\/www.rassegnastampa-totustuus.it\/cattolica\/legge-pica-sulla-repressione-del-brigantaggio-1863\/","title":{"rendered":"Legge Pica sulla repressione del brigantaggio (1863)"},"content":{"rendered":"<div style=\"text-align: center;\"><span style=\"color: #0000ff;\"><a style=\"color: #0000ff;\" href=\"https:\/\/www.brigantaggio.net\/\" target=\"_blank\" rel=\"noopener\"><strong>www.brigantaggio.net<\/strong><\/a><\/span><\/div>\n<div style=\"text-align: center;\"><img loading=\"lazy\" decoding=\"async\" class=\"aligncenter wp-image-33311 size-full\" src=\"https:\/\/www.rassegnastampa-totustuus.it\/cattolica\/wp-content\/uploads\/2005\/09\/legge_Pica.jpg\" alt=\"legge_Pica\" width=\"216\" height=\"174\" \/><\/div>\n<p style=\"text-align: center;\"><strong>INDICE<\/strong><\/p>\n<p style=\"text-align: center;\">Legge 15 agosto 1863<\/p>\n<p style=\"text-align: center;\">Decreto di attuazione per le provincie meridionali<\/p>\n<p style=\"text-align: center;\">Regolamento di attuazione art. 5 della Legge 15 agosto 1863<\/p>\n<p style=\"text-align: center;\">Regolamento di attuazione art.7 della Legge 15 agosto 1863, n. 1409<\/p>\n<p style=\"text-align: center;\">* * *<\/p>\n<p><!--more--><\/p>\n<div style=\"text-align: justify;\">Il N. 1409 della Raccolta ufficiale delle Leggi e dei Decreti del Regno d&#8217;Italia contiene la seguente legge:<\/div>\n<h4 style=\"text-align: center;\"><strong>VITTORIO EMANUELE II<\/strong><\/h4>\n<h4 style=\"text-align: center;\"><strong>PER GRAZIA DI DIO E PER VOLONT\u00c0 DELLA NAZIONE<\/strong><\/h4>\n<h4 style=\"text-align: center;\"><strong>RE D&#8217;ITALIA<\/strong><\/h4>\n<p style=\"text-align: center;\">Il Senato e la Camera dei deputati hanno approvato,<\/p>\n<p style=\"text-align: center;\">Noi abbiamo sanzionato e promulghiamo quanto segue:<\/p>\n<p style=\"text-align: justify;\"><strong>Art. 1.<\/strong> Fino al 31 dicembre corrente anno nelle Provincie infestate dal brigantaggio, e che tali saranno dichiarate con Decreto Reale, i componenti comitiva o banda armata composta almeno di tre persone, la quale vada scorrendo le pubbliche vie o le campagne per commettere crimini o delitti, ed i loro complici, saranno giudicati dai Tribunali Militari, di cui nel libro II, parte II del Codice Penale Militare, e con la procedura determinata dal capo III del detto libro.<\/p>\n<p style=\"text-align: justify;\"><strong>Art. 2.<\/strong> I colpevoli del reato di brigantaggio, i quali armata mano oppongono resistenza alla forza pubblica, saranno puniti colla fucilazione, o co&#8217; lavori forzati a vita concorrendovi circostanze attenuanti. A coloro che non oppongono resistenza, non che ai ricettatori e somministratori di viveri, notizie ed ajuti di ogni maniera, sar\u00e0 applicata la pena de&#8217; lavori forzati a vita, e concorrendovi circostanze attenuanti il <em>maximum <\/em>de&#8217; lavori forzati a tempo.<\/p>\n<p style=\"text-align: justify;\"><strong>Art. 3.<\/strong> Sar\u00e0 accordata a coloro che si sono gi\u00e0 costituiti o si costituiranno volontariamente nel termine di un mese dalla pubblicazione della presente legge la diminuzione da uno a tre gradi di pena. Tale pubblicazione dovr\u00e0 essere fatta per bando in ogni Comune.<\/p>\n<p style=\"text-align: justify;\"><strong>Art. 4.<\/strong> Il Governo avr\u00e0 pure facolt\u00e0, dopo il termine stabilito nell&#8217;articolo precedente, di abilitare alla volontaria presentazione col beneficio della diminuzione di un grado di pena<\/p>\n<p style=\"text-align: justify;\"><strong>Art. 5.<\/strong> Il Governo avr\u00e0 inoltre facolt\u00e0 di assegnare per un tempo non maggiore di un anno un domicilio coatto agli oziosi, a&#8217; vagabondi, alle persone sospette, secondo la designazione del Codice penale, non che ai camorristi, e sospetti manutengoli, dietro parere di Giunta composta del Prefetto, del Presidente del Tribunale, del Procuratore del Re, e di due Consiglieri Provinciali.<\/p>\n<p style=\"text-align: justify;\"><strong>Art. 6.<\/strong> Gl&#8217;individui, di cui nel precedente articolo, trovandosi fuori del domicilio loro assegnato, andranno soggetti alla pena stabilita dall&#8217;alinea 2 dell&#8217;articolo 29 del Codice Penale, che sar\u00e0 applicata dal competente Tribunale Circondariale.<\/p>\n<p style=\"text-align: justify;\"><strong>Art. 7.<\/strong> Il Governo del Re avr\u00e0 facolt\u00e0 di istituire compagnie o frazioni di compagnie di Volontari a piedi od a cavallo, decretarne i regolamenti, l&#8217;uniforme e l&#8217;armamento, nominarne gli ufficiali e bassi ufficiali ed ordinarne lo scioglimento. I Volontarii avranno dallo Stato la diaria stabilita per i Militi mobilizzati, il Governo per\u00f2 potr\u00e0 accordare un soprassoldo, il quale sar\u00e0 a carico dello Stato.<\/p>\n<p style=\"text-align: justify;\"><strong>Art. 8.<\/strong> Quanto alle pensioni per cagione di ferite o mutilazioni ricevute in servizio per la repressione del brigantaggio, ai Volontari ed alle Guardie Nazionali saranno applicate le disposizioni degli art. 3, 22, 28, 29, 30 e 32 della Legge sulle pensioni militari del 27 giugno 1850. Il Ministero della Guerra con apposito regolamento stabilir\u00e0 le norme per accertare i fatti che danno luogo alle pensioni.<\/p>\n<p style=\"text-align: justify;\"><strong>Art. 9.<\/strong> In aumento del Capitolo 95 del bilancio approvato pel 1863, \u00e8 aperto al Ministero dell&#8217;Interno il credito di un milione di lire per sopperire alle spese di repressione del brigantaggio.<\/p>\n<p style=\"text-align: justify;\">Ordiniamo che la presente, munita del Sigillo dello Stato, sia inserita nella raccolta ufficiale delle Leggi e de&#8217; Decreti del Regno d&#8217;Italia, mandando a chiunque spetti di osservarla e di farla osservare come legge dello Stato.<\/p>\n<p>Dat. a Torino addi 15 Agosto 1863.<br \/>\n<strong>VITTORIO EMANUELE<br \/>\nU. PERUZZI<\/strong><\/p>\n<p style=\"text-align: center;\">_______________________<\/p>\n<h4 style=\"text-align: center;\"><strong>VITTORIO EMANUELE II<\/strong><\/h4>\n<h4 style=\"text-align: center;\"><strong>PER GRAZIA DI DIO E PER VOLONT\u00c0 DELLA NAZIONE<\/strong><\/h4>\n<h4 style=\"text-align: center;\"><strong>RE D&#8217;ITALIA<\/strong><\/h4>\n<p style=\"text-align: center;\">Vista la legge in data del 15 corrente mese, n\u00b0 1409;<\/p>\n<p style=\"text-align: center;\">Sentito il Consiglio dei Ministri;<\/p>\n<p style=\"text-align: center;\">Sulla proposta del Nostro Ministro Segretario di Stato per gli Affari dell&#8217;Interno,<\/p>\n<p style=\"text-align: center;\">Abbiamo decretato e decretiamo:<\/p>\n<p style=\"text-align: center;\"><em>Articolo unico.<\/em><\/p>\n<p style=\"text-align: justify;\">La dichiarazione di che all&#8217;art. 1 della Legge suddetta \u00e8 fatta per le Provincie di Abruzzo Citeriore, Abruzzo Ulteriore II, Basilicata, Benevento, Calabria Citeriore, Calabria Ulteriore II, Capitanata, Molise, Principato Citeriore , Principato Ulteriore e Terra di Lavoro.<\/p>\n<p style=\"text-align: justify;\">Ordiniamo che il presente Decreto, munito del Sigillo dello Stato, sia inserto nella Raccolta ufficiale delle Leggi e dei Decreti del Regno d&#8217;Italia, mandando a chiunque spetti di osservarlo e di farlo osservare.<\/p>\n<p style=\"text-align: justify;\">Dato a Torino add\u00ec 20 agosto 1863.<br \/>\n<strong>VITTORIO EMANUELE<br \/>\nU. PERUZZI<\/strong><\/p>\n<p style=\"text-align: center;\">_________________________<\/p>\n<p style=\"text-align: justify;\"><em>Il N\u00b0 1424 della Raccolta Ufficiale delle Leggi e dei Decreti del Regno d&#8217;Italia contiene il seguente decreto<\/em><\/p>\n<h4 style=\"text-align: center;\"><strong>VITTORIO EMANUELE II<\/strong><\/h4>\n<h4 style=\"text-align: center;\"><strong>PER GRAZIA DI DIO E PER VOLONT\u00c0 DELLA NAZIONE<\/strong><\/h4>\n<h4 style=\"text-align: center;\"><strong>RE D&#8217;ITALIA<\/strong><\/h4>\n<p style=\"text-align: center;\">Veduto l&#8217;art. 5 della Legge 15 agosto 1863;<\/p>\n<p style=\"text-align: center;\">Sulla proposizione del Ministro dell&#8217;Interno:<\/p>\n<p style=\"text-align: center;\">Abbiamo determinato e determiniamo<\/p>\n<p style=\"text-align: center;\"><em>Articolo unico.<\/em><\/p>\n<p style=\"text-align: justify;\">Per l&#8217;esecuzione dell&#8217;art. 5 della Legge 15 agosto 1863 \u00e8 approvato l&#8217;annesso Regolamento vidimato d&#8217;ordine Nostro dal Ministro Segretario di Stato per gli affari dell&#8217;Interno.<\/p>\n<p style=\"text-align: justify;\">Ordiniamo che il presente Decreto, munito del Sigillo dello Stato, sia inserto nella Raccolta ufficiale delle Leggi e dei Decreti del Regno d&#8217;Italia, mandando a chiunque spetti di osservarlo e di farlo osservare.<\/p>\n<p style=\"text-align: justify;\">Dato a Torino, add\u00ec 25 agosto 1863.<br \/>\n<strong>VITTORIO EMANUELE<br \/>\nU. PERUZZI<\/strong><\/p>\n<h3 style=\"text-align: center;\"><strong>REGOLAMENTO<\/strong><\/h3>\n<p style=\"text-align: center;\">PARTE PRIMA<\/p>\n<p style=\"text-align: center;\"><em>Designazione e invio al luogo del domicilio coatto.<\/em><\/p>\n<p style=\"text-align: justify;\"><strong>Art. 1.<\/strong> Gli oziosi, vagabondi, le persone sospette, i camorristi e sospetti manutengoli colpiti a termini dell&#8217;art. 5 della Legge 15 agosto 1863, dal provvedimento del domicilio coatto, saranno inviati nei luoghi designati dal Ministero dell&#8217;Interno.<\/p>\n<p style=\"text-align: justify;\"><strong>Art. 2.<\/strong> Il parere della Giunta che a termini del suddetto articolo di Legge dichiara applicabile ad un individuo la misura del domicilio coatto sar\u00e0 trasmesso al Ministero dell&#8217;Interno.<\/p>\n<p style=\"text-align: justify;\">Staranno a corredo di questo parere documenti constatanti:<\/p>\n<p style=\"text-align: justify;\">1. Il nome, il cognome, l&#8217;et\u00e0, la patria, la condizione di famiglia, la professione dell&#8217;individuo ed i mezzi di sussistenza che egli abbia, o che rimangano alla sua famiglia:<\/p>\n<p style=\"text-align: justify;\">2. La classe alla quale \u00e8 annoverato secondo le designazioni fatte dal succitato art. 5 della Legge, vale a dire se riconosciuto come ozioso, o vagabondo, o persona sospetta o camorrista, o sospetto manutengolo;<\/p>\n<p style=\"text-align: justify;\">3. Gli estratti di condanne criminali o correzionali, alle quali gi\u00e0 sia stato sottoposto.<\/p>\n<p style=\"text-align: justify;\"><strong>Art. 3.<\/strong> Il Ministero dell&#8217;Interno a seconda delle risultanze di questi documenti determina il luogo in cui l&#8217;individuo deve soggiacere al domicilio coatto.<\/p>\n<p style=\"text-align: justify;\"><strong>Art. 4.<\/strong> La sua traduzione al luogo fissatogli per domicilio, in conformit\u00e0 dell&#8217;art. 3, sar\u00e0 dal Prefetto della provincia, in conseguenza degli ordini ricevuti dal Ministero dell&#8217;Interno, affidata alla forza pubblica.<\/p>\n<p style=\"text-align: justify;\"><strong>Art. 5.<\/strong> Il Prefetto curer\u00e0 che il trasporto al luogo designato abbia per quanto \u00e8 possibile effetto simultaneamente per parecchi individui.<\/p>\n<p style=\"text-align: justify;\">Provveder\u00e0 per\u00f2 sempre che il trasporto segua in modo sicuro e tale da evitare qualunque tentativo o pericolo di evasione.<\/p>\n<p style=\"text-align: justify;\"><strong>Art. 6.<\/strong> Alla forza pubblica che riceve in consegna il detenuto sar\u00e0 in un con esso rimesso un estratto dei documenti di cui all&#8217;art. 2 del presente Regolamento.<\/p>\n<p style=\"text-align: justify;\"><strong>Art. 7. <\/strong>La forza pubblica incaricata dell&#8217;accompagnamento di un individuo o di pi\u00f9 individui al luogo di domicilio coatto, deve presentarli all&#8217;Autorit\u00e0 locale incaricata dal Governo di riceverli e consegnare alla medesima i documenti accennati nell&#8217;articolo precedente.<\/p>\n<p style=\"text-align: justify;\"><strong>Art. 8.<\/strong> L&#8217;Autorit\u00e0 suaccennata lascia ricevuta alla forza pubblica sia dell&#8217;individuo che dei documenti che lo riguardano.<\/p>\n<p style=\"text-align: justify;\"><strong>Art. 9.<\/strong> Questa ricevuta sar\u00e0 dalla forza consegnata al Prefetto dal quale eman\u00f2 l&#8217;ordine della traduzione.<\/p>\n<p style=\"text-align: justify;\"><strong>Art. 10.<\/strong> Ciaschedun ufficio di prefettura terr\u00e0 apposito registro nel quale dovr\u00e0 risultare:<\/p>\n<p style=\"text-align: justify;\">1. Del nome, cognome, patria, professione, et\u00e0, condizione di famiglia d&#8217;ogni individuo contro il quale fu determinato il domicilio coatto;<\/p>\n<p style=\"text-align: justify;\">2. La data della decisione della Giunta che pronunci\u00f2 il parere col nome dei costituenti la Giunta stessa;<\/p>\n<p style=\"text-align: justify;\">3. Il genere d&#8217;imputazione fatta, secondo la classificazione apparente dall&#8217;art. 5 della legge 15 agosto 1863;<\/p>\n<p style=\"text-align: justify;\">4. La data della determinazione ministeriale, ed il luogo dal Ministero fissato per la dimora coatta;<\/p>\n<p style=\"text-align: justify;\">5. La data della consegna per la traduzione;<\/p>\n<p style=\"text-align: justify;\">6. La data della ricevuta dell&#8217;individuo e dei documenti rilasciati dall&#8217;Autorit\u00e0 in conformit\u00e0 dell&#8217;art. 8 di questo Regolamento.<\/p>\n<p style=\"text-align: justify;\"><strong>Art. 11.<\/strong> Un estratto di questo registro a cura dell&#8217;ufficio di prefettura sar\u00e0, entro il periodo di giorni dieci dal giorno in cui avr\u00e0 ritirato la ricevuta di cui al numero 6 dell&#8217;articolo precedente, trasmesso al Ministero dell&#8217;Interno.<\/p>\n<p style=\"text-align: center;\"><strong>PARTE SECONDA<\/strong><\/p>\n<p style=\"text-align: center;\"><em>Polizia e disciplina.<\/em><\/p>\n<p style=\"text-align: justify;\"><strong>Art. 12.<\/strong> L&#8217;individuo cui \u00e8 assegnato il domicilio coatto rimane libero sotto l&#8217;osservanza delle seguenti discipline.<\/p>\n<p style=\"text-align: justify;\"><strong>Art. 13.<\/strong> La sorveglianza degli individui cui \u00e8 assegnato il domicilio coatto, sar\u00e0 affidata agli Ufficiali di P. S. che saranno di ci\u00f2 incaricati.<\/p>\n<p style=\"text-align: justify;\">Il Governo provveder\u00e0 a che il Delegato od altro Ufficiale a ci\u00f2 prescelto abbia a sua disposizione una sufficiente forza pubblica.<\/p>\n<p style=\"text-align: justify;\"><strong>Art. 14.<\/strong> Allora che l&#8217;individuo che deve sottostare al domicilio coatto \u00e8 dalla forza pubblica presentato all&#8217;Autorit\u00e0 di cui all&#8217;articolo precedente, la medesima, colla scorta dei documenti che l&#8217;accompagnano, fa le volute annotazioni nell&#8217;apposito registro per guisa che ne emergano tutte le risultanze di cui all&#8217;articolo 10.<\/p>\n<p style=\"text-align: justify;\">Lo munisce quindi di un estratto del presente Regolamento dal quale risultino gli obblighi a cui rimane sottoposto e le sanzioni nelle quali incorre contravvenendovi.<\/p>\n<p style=\"text-align: justify;\">Lo diffida della sorveglianza alla quale \u00e8 sottoposto, lo ammonisce a procacciarsi utile e stabile occupazione e gli aggiunge di dichiarare fra dieci giorni l&#8217;occupazione alla quale intende darsi e la localit\u00e0 scelta a sua abitazione.<\/p>\n<p style=\"text-align: justify;\"><strong>Art. 15.<\/strong> Se l&#8217;individuo non \u00e8 in grado di trovare per s\u00e8 immediatamente un alloggio, l&#8217;Ufficiale di P. S. far\u00e0 che sia ricoverato nelle caserme od in altro luogo adatto.<\/p>\n<p style=\"text-align: justify;\"><strong>Art. 16.<\/strong> Questa disposizione potr\u00e0 in modo permanente essere applicata ai confinati che giustifichino il loro stato di assoluta indigenza.<\/p>\n<p style=\"text-align: justify;\"><strong>Art. 17. <\/strong>I confinati, dopo l&#8217;ammessione alla vita libera nel luogo loro assegnato, non potranno assentarsi da quello, n\u00e8 oltrepassare i limiti che saranno fissati nel luogo medesimo dall&#8217;Ufficiale di P. S. d&#8217;accordo col Comandante la piazza o la guarnigione militare ivi stanziata.<\/p>\n<p style=\"text-align: justify;\"><strong>Art. 18.<\/strong> I confinati non possono del pari esercitare il mestiere del barcaiolo, n\u00e8 valersi di barche per qualsiasi ragione.<\/p>\n<p style=\"text-align: justify;\"><strong>Art. 19.<\/strong> I confinati dovranno far constare della loro presenza quante volte lo richiegga l&#8217;Ufficiale di P. S. e nel modo che sar\u00e0 dallo stesso prescritto.<\/p>\n<p style=\"text-align: justify;\"><strong>Art 20.<\/strong> E vietato ai confinati di vagare dopo un&#8217;ora di notte. Coloro che dovessero star fuori di casa oltre quell&#8217;ora per ragioni di negozio, di traffico, di lavoro o di occupazione dovranno riportarne l&#8217;autorizzazione scritta dall&#8217;Ufficiale di P. S.<\/p>\n<p style=\"text-align: justify;\"><strong>Art. 21. <\/strong>L&#8217;Ufficiale di P. S. di concerto col Sindaco locale prender\u00e0 le particolari misure necessarie a garantire l&#8217;ordine e la pubblica sicurezza senza danneggiare la libert\u00e0 degli altri abitanti del luogo. Egli concerter\u00e0 del pari col Sindaco e col Comandante della piazza o guarnigione le consegne da farsi per iscritto alla forza armata per impedire le evasioni dei confinati, senza danneggiare ugualmente la libert\u00e0 degli altri abitanti del luogo.<\/p>\n<p style=\"text-align: justify;\"><strong>Art. 22.<\/strong> Se l&#8217;individuo soggetto al domicilio coatto \u00e8 capo di famiglia gli individui della famiglia che ne dipendono, ossia il coniuge ed i figli, saranno autorizzati a recarsi presso di lui, qualora giustifichino avere i mezzi pel viaggio e per la propria sussistenza, e qualora non vi ostino ragioni di polizia.<\/p>\n<p style=\"text-align: justify;\"><strong>Art. 23.<\/strong> Saranuo titoli a speciali riguardi verso i soggetti a domicilio coatto l&#8217;attivit\u00e0 al lavoro, la frequenza, alle scuole che fossero istituite nel luogo e la condotta regolare.<\/p>\n<p style=\"text-align: justify;\"><strong>Art. 24.<\/strong> Le prescrizioni degli articoli 112 e 113 della Legge di P.S. 13 novembre 1859 sono applicabili agli individui soggetti al domicilio coatto.<\/p>\n<p style=\"text-align: justify;\"><strong>Art. 25.<\/strong> Le trasgressioni a queste prescrizioni saranno punite a tenore della stessa legge.<\/p>\n<p style=\"text-align: justify;\"><strong>Art. 26.<\/strong> La decorrenza del domicilio coatto comincia dal d\u00ec in cui l&#8217;individuo fu consegnato dalla forza pubblica all&#8217;autorit\u00e0 competente.<\/p>\n<p style=\"text-align: justify;\"><strong>Art. 27.<\/strong> Se l&#8217;individuo sia chiamato a comparire dinanzi a qualunque Giudice o Tribunale fuori del luogo del domicilio coatto, vi sar\u00e0 tradotto dalla pubblica forza e depositato nelle pubbliche carceri.<\/p>\n<p style=\"text-align: justify;\">Cessata la causa per cui fu chiamato sar\u00e0 restituito nello stesso modo al luogo del domicilio coatto.<\/p>\n<p style=\"text-align: justify;\"><strong>Art. 28.<\/strong> Il tempo passato in carcere per qualsiasi titolo non \u00e8 computato in quello del domicilio coatto.<\/p>\n<p style=\"text-align: justify;\"><strong>Art. 29.<\/strong> Saranno rassegnate al Ministero dell&#8217;Interno le domande di confinati per cambiamento di domicilio quando giustifichino di aver altrove assicurata stabile occupazione e presentino idonea garanzia di persona proba.<\/p>\n<p style=\"text-align: justify;\"><strong>Art. 30. <\/strong>Allorch\u00e9 l&#8217;individuo avr\u00e0 compiuto il termine del domicilio coatto, sar\u00e0 alla prima occasione inviato con foglio di via obbligatorio e con indennit\u00e0 di viaggio, se ne abbisogni, al luogo nel quale avr\u00e0 dichiarato voler fissare la sua residenza.<\/p>\n<p style=\"text-align: justify;\"><strong>Art. 31.<\/strong> In caso di morte di un individuo durante il di lui domicilio coatto si eseguiranno le leggi vigenti sullo stato civile, e se ne dar\u00e0 contemporaneo avviso al Ministero dell&#8217;Interno.<\/p>\n<p style=\"text-align: justify;\"><strong>Art. 32.<\/strong> Allo scadere d&#8217;ogni trimestre sar\u00e0 trasmessa dall&#8217;Ufficiale di P.S. al Ministero dell&#8217;Interno lo stato di presenza con indicazione della condotta mantenuta da ciascun confinato, e delle punizioni disciplinari alle quali fu sottoposto.<\/p>\n<p style=\"text-align: justify;\">Il Delegato rende pure ogni trimestre al Ministero dell&#8217;Interno un conto generale, morale, economico, statistico per tutti i rami di servizio a lui affidati col presente Regolamento, e nel modo che gli sar\u00e0 indicato dal Ministero medesimo.<\/p>\n<p style=\"text-align: center;\"><strong>PARTE TERZA<\/strong><\/p>\n<p style=\"text-align: center;\"><em>Disposizioni economiche<\/em><\/p>\n<p style=\"text-align: justify;\"><strong>Art. 33.<\/strong> Se l&#8217;individuo soggetto al coatto domicilio non si trovi per causa a lui non imputabile in grado di procacciarsi la sussistenza, il Governo potr\u00e0 accordargli un giornaliero sussidio od in natura od in danaro a seconda dei casi, dentro i limiti determinati dai regolamenti delle case di pena.<\/p>\n<p style=\"text-align: justify;\"><strong>Art. 34.<\/strong> A cura del Governo saranno anche apprestati gli oggetti indispensabili di casermaggio, nei casi in cui, secondo gli articoli 15 e 16, e accordato al confinato l&#8217;alloggio.<\/p>\n<p style=\"text-align: justify;\"><strong>Art. 35.<\/strong> La distribuzione dei sussidi e la conservazione degli oggetti di casermaggio somministrati dal Governo sono affidate all&#8217;Ufficiale di P.S. il quale vi provveder\u00e0 secondo le norme che gli saranno tracciate dal Ministero dell&#8217;Interno.<\/p>\n<p style=\"text-align: justify;\">Torino, add\u00ec 25 agosto 1863.<br \/>\n<em>Visto d&#8217;ordine di S. M. Il Ministro dell&#8217;Interno<\/em><br \/>\n<strong>U.PERUZZI<\/strong><\/p>\n<p style=\"text-align: center;\">_______________________________<\/p>\n<p style=\"text-align: justify;\"><em>Il N\u00b0 1433 della Raccolta Ufficiale delle Leggi e dei Decreti del Regno d&#8217;Italia contiene il seguente decreto:<\/em><\/p>\n<h4 style=\"text-align: center;\"><strong>VITTORIO EMANUELE II<\/strong><\/h4>\n<h4 style=\"text-align: center;\"><strong>PER GRAZIA DI DIO E PER VOLONT\u00c0 DELLA NAZIONE<\/strong><\/h4>\n<h4 style=\"text-align: center;\"><strong>RE D&#8217;ITALIA<\/strong><\/h4>\n<p style=\"text-align: center;\">Veduto l&#8217;art. 7 della Legge 15 agosto 1863, n. 1409;<\/p>\n<p style=\"text-align: center;\">Sulla proposizione del Ministro dell&#8217;Interno:<\/p>\n<p style=\"text-align: center;\">Abbiamo determinato e determiniamo<\/p>\n<p style=\"text-align: center;\"><em>Articolo unico.<\/em><\/p>\n<p style=\"text-align: justify;\">Per l&#8217;esecuzione dell&#8217;art. 7 della Legge 15 agosto 1863, n. 1409 \u00e8 approvato l&#8217;annesso Regolamento vidimato d&#8217;ordine Nostro dal Ministro Segretario di Stato per gli affari dell&#8217;Interno.<\/p>\n<p style=\"text-align: justify;\">Ordiniamo che il presente Decreto, munito del Sigillo dello Stato, sia inserto nella Raccolta ufficiale delle Leggi e dei Decreti del Regno d&#8217;Italia, mandando a chiunque spetti di osservarlo e di farlo osservare.<\/p>\n<p style=\"text-align: justify;\">Dato a Torino, add\u00ec 30 agosto 1863.<br \/>\n<strong>VITTORIO EMANUELE<br \/>\nU. PERUZZI<\/strong><\/p>\n<p style=\"text-align: center;\"><strong>REGOLAMENTO<\/strong><\/p>\n<p style=\"text-align: justify;\"><em>Per la formazione di squadre d&#8217;uomini a piedi ed a cavallo per la repressione del brigantaggio.<\/em><\/p>\n<p style=\"text-align: justify;\"><strong>Art. 1.<\/strong> Occorrendo in qualche provincia del Regno di valersi della facolt\u00e0 conceduta al Governo dall&#8217;articolo 7 della Legge 15 agosto 1863, n. 1409, per la repressione del brigantaggio, il Ministro dell&#8217;Interno su richiesta del Prefetto, il quale sentir\u00e0 il Comandante della zona, potr\u00e0 decretare l&#8217;impiego di squadre di uomini a piedi od a cavallo che volontariamente si offrono ad un tale servizio.<\/p>\n<p style=\"text-align: justify;\"><strong>Art. 2.<\/strong> La forza di una squadra non potr\u00e0 eccedere i trenta uomini n\u00e8 essere inferiore a dieci.<\/p>\n<p style=\"text-align: justify;\"><strong>Art. 3.<\/strong> Le squadre saranno date in sussidio alla forza delle stazioni dei Carabinieri e poste sotto l&#8217;immediata dipendenza del Comandante la stazione.<\/p>\n<p style=\"text-align: justify;\">Per\u00f2 tra gli uomini della squadra potr\u00e0 essere nominato un sergente e per ogni dieci uomini un caporale.<\/p>\n<p style=\"text-align: justify;\">La nomina di detti graduati spetta al Prefetto.<\/p>\n<p style=\"text-align: justify;\"><strong>Art. 4.<\/strong> Le condizioni di ammessione nelle squadre sono le seguenti:<\/p>\n<p style=\"text-align: justify;\">1. Et\u00e0 dagli anni 18 ai 35;<\/p>\n<p style=\"text-align: justify;\">2. Costituzione sana e robusta;<\/p>\n<p style=\"text-align: justify;\">3. Fede di perquisizione netta da condanna per crimini o delitti;<\/p>\n<p style=\"text-align: justify;\">4. Attestato di buona condotta dell&#8217;Autorit\u00e0 Municipale e dei R. Carabinieri;<\/p>\n<p style=\"text-align: justify;\">Saranno per\u00f2 prescelti di preferenza i guardiani, i cacciatori, i guardaboschi e pastori.<\/p>\n<p style=\"text-align: justify;\">Sull&#8217;avviso favorevole del Comandante dell&#8217;Arma dei R. Carabinieri potranno essere ammessi individui al dissopra di trentacinque anni.<\/p>\n<p style=\"text-align: justify;\"><strong>Art. 5.<\/strong> La ferma non potr\u00e0 essere maggiore di tre mesi.<\/p>\n<p style=\"text-align: justify;\"><strong>Art. 6.<\/strong> Ogni individuo che fa parte d&#8217;una squadra a piedi godr\u00e0, per diana L. 0 73 e soprassoldo L. 1 27 e cos\u00ec in totale L. 2<\/p>\n<p style=\"text-align: justify;\">Il sergente avr\u00e0 di pi\u00f9 L. 0 75 ed il caporale L. 0 25, n\u00e8 avranno altre competenze.<\/p>\n<p style=\"text-align: justify;\">Gl&#8217;individui che fanno parte delle squadre a cavallo avranno per diana L. 0 73 e per soprassoldo L. 4 27 e cos\u00ec in totale L. 5 al giorno.<\/p>\n<p style=\"text-align: justify;\">Il sergente avr\u00e0 di pi\u00f9 cent. 75 e cent. 23 il caporale, n\u00e8 avranno altre competenze n\u00e8 per s\u00e8, n\u00e8 per i cavalli.<\/p>\n<p style=\"text-align: justify;\"><strong>Art. 7.<\/strong> Gli uomini a cavallo devono provvedersi i cavalli e mantenerli a loro spese. Se la razione di foraggio \u00e8 data in natura per cura dei Municipi, sar\u00e0 calcolata una lira.<\/p>\n<p style=\"text-align: justify;\"><strong>Art. 8.<\/strong> Ciascun uomo ha dritto a queste competenze dal giorno che contrae la ferma, sino a quello in cui la ferma cessa.<\/p>\n<p><strong>Art. 9.<\/strong> Le paghe sono corrisposte posticipatamente per ogni decade.<\/p>\n<p style=\"text-align: justify;\"><strong>Art. 10.<\/strong> Il Comandante dell&#8217;Arma dei Carabinieri R. del circondario presenter\u00e0 al Prefetto o Sotto-Prefetto, il giorno primo d&#8217;ogni decade, lo stato nominativo da lui vidimato degl&#8217;individui, coll&#8217;indicazione della stazione e distaccamento militare a cui sono assegnati e delle giornate di presenza alla cui paga han dritto.<\/p>\n<p style=\"text-align: justify;\">I Prefetti sul credito loro, aperto per tale effetto porranno a disposizione dei Sotto-Prefetti i fondi necessari per eseguire le paghe a tempo debito.<\/p>\n<p style=\"text-align: justify;\">I Sotto-Prefetii regolano mensilmente i conti col Prefetto.<\/p>\n<p style=\"text-align: justify;\"><strong>Art. 11.<\/strong> Per gli alloggi delle squadre si osserver\u00e0 il disposto dai veglianti regolamenti sugli alloggi militari.<\/p>\n<p style=\"text-align: justify;\"><strong>Art. 12.<\/strong> Gli uomini infermi saranno ricoverati negli ospedali civili a richiesta del Comandante la stazione dei Carabinieri Reali, o del distaccamento a cui \u00e8 addetta la squadra.<\/p>\n<p style=\"text-align: justify;\">Le giornate di presenza all&#8217;ospedale sono pagate sul loro soldo, gli uomini a cavallo solamente avran dritto alla rimanenza.<\/p>\n<p style=\"text-align: justify;\"><strong>Art. 13.<\/strong> Il vestire degli uomini, cos\u00ec a piedi come a cavallo, \u00e8 a loro spese e sar\u00e0 uniforme per tutte le squadre della Provincia e determinato dal Prefetto, il quale curer\u00e0 di renderlo comodo e di tenue spesa, secondando le abitudini ed i costumi del paese.<\/p>\n<p style=\"text-align: justify;\">I distintivi del grado di sergente o caporale saranno simili a quelli dei bersaglieri.<\/p>\n<p style=\"text-align: justify;\"><strong>Art. 14.<\/strong> L&#8217;armamento \u00e8 il seguente:<\/p>\n<p style=\"text-align: justify;\">Un fucile con baionetta<\/p>\n<p style=\"text-align: justify;\">Giberna con centurino.<\/p>\n<p style=\"text-align: justify;\">Gli uomini a cavallo si muniranno di sciabola a loro spese.<\/p>\n<p style=\"text-align: justify;\"><strong>Art. 15.<\/strong> Le munizioni saranno provviste dal Governo per cura dei Prefetti<strong>.<\/strong><\/p>\n<p style=\"text-align: justify;\"><strong>Art. 16.<\/strong> Gli uomini appartenenti alle squadre cos\u00ec formate in conseguenza dell&#8217;art. 7 della legge 15 agosto 1863, saranno, in quanto alla disciplina e per i reati da loro commessi, sottoposti alla giurisdizione militare della zona in cui si trovano in servizio e puniti in conformit\u00e0 delle leggi militari.<\/p>\n<p style=\"text-align: justify;\">Essi debbono ubbidienza e subordinazione ai graduati dell&#8217;arma dei Reali Carabinieri e dei Comandanti della milizia regolare sotto cui si trovano.<\/p>\n<p style=\"text-align: justify;\">Le mancanze alla disciplina saranno punite dal Comandante la Luogotenenza dell&#8217;arma o dall&#8217;Ufficiale militare cogli arresti.<\/p>\n<p style=\"text-align: justify;\">Sulla proposta dello stesso Comandante potranno anche dal Prefetto o Sotto-Prefetto essere punite colla perdita del soprassoldo per un tempo da due a dieci giorni, o col licenziamento immediato.<\/p>\n<p style=\"text-align: justify;\"><strong>Art. 17.<\/strong> Gli uomini arruolati a norma del presente hanno diritto alle pensioni per cagioni di ferite o mutilazioni ricevute in servizio, secondo il disposto dell&#8217;art. 8 della legge 15 agosto 1863, n. 1409.<\/p>\n<p style=\"text-align: justify;\"><strong>Art. 18.<\/strong> Lo scioglimento delle squadre avr\u00e0 luogo per Decreto del Ministro dell&#8217;Interno.<\/p>\n<p style=\"text-align: justify;\">Per\u00f2 in caso d&#8217;urgenza il Prefetto stesso potr\u00e0 ordinarlo riferendone al Ministro.<\/p>\n<p style=\"text-align: justify;\">Torino, add\u00ec 30 agosto 1863.<br \/>\n<em>Visto d&#8217;ordine di S. M.Il Ministro dell&#8217;Interno<\/em><br \/>\n<strong>U.PERUZZI<br \/>\n<\/strong><\/p>\n<p>_______________________________________<\/p>\n<p><strong>Leggi anche:\u00a0<\/strong><\/p>\n<p><span style=\"color: #0000ff;\"><a style=\"color: #0000ff;\" href=\"https:\/\/www.rassegnastampa-totustuus.it\/cattolica\/tutti-briganti\/\" target=\"_blank\" rel=\"noopener\">Tutti briganti?<\/a><\/span><\/p>\n<p><a href=\"https:\/\/www.rassegnastampa-totustuus.it\/cattolica\/quando-i-gesuiti-difendevano-i-briganti\/\" target=\"_blank\" rel=\"noopener\"><span style=\"color: #0000ff;\">Quando i gesuiti difendevano i briganti<\/span><\/a><\/p>\n<p><span style=\"color: #0000ff;\"><a style=\"color: #0000ff;\" href=\"https:\/\/www.rassegnastampa-totustuus.it\/cattolica\/il-brigantaggio-1860-1870\/\" target=\"_blank\" rel=\"noopener\">Il brigantaggio (1860-1870)<\/a><\/span><\/p>\n<p><a href=\"https:\/\/www.rassegnastampa-totustuus.it\/cattolica\/brigantaggio\/\" target=\"_blank\" rel=\"noopener\"><span style=\"color: #0000ff;\">Brigantaggio<\/span><\/a><\/p>\n","protected":false},"excerpt":{"rendered":"<p>www.brigantaggio.net INDICE Legge 15 agosto 1863 Decreto di attuazione per le provincie meridionali Regolamento di attuazione art. 5 della Legge 15 agosto 1863 Regolamento di attuazione art.7 della Legge 15 agosto 1863, n. 1409 * * *<\/p><p><a class=\"more-link btn\" href=\"https:\/\/www.rassegnastampa-totustuus.it\/cattolica\/legge-pica-sulla-repressione-del-brigantaggio-1863\/\">Continua a leggere<\/a><\/p>\n","protected":false},"author":6,"featured_media":33311,"comment_status":"closed","ping_status":"open","sticky":false,"template":"","format":"standard","meta":{"footnotes":""},"categories":[101,96],"tags":[1039,2406],"class_list":["post-1400","post","type-post","status-publish","format-standard","has-post-thumbnail","hentry","category-risorgimento","category-storia-italiana","tag-legge-pica","tag-risorgimento","item-wrap"],"yoast_head":"<!-- This site is optimized with the Yoast SEO plugin v27.5 - https:\/\/yoast.com\/product\/yoast-seo-wordpress\/ -->\n<title>Legge Pica sulla repressione del brigantaggio (1863) - Rassegna Stampa Cattolica<\/title>\n<meta name=\"description\" content=\"Legge Pica sulla repressione del brigantaggio (1863). Il testo del provvedimento per la dura repressione degli insorgenti del Sud\" \/>\n<meta name=\"robots\" content=\"index, follow, max-snippet:-1, max-image-preview:large, max-video-preview:-1\" \/>\n<link rel=\"canonical\" href=\"https:\/\/www.rassegnastampa-totustuus.it\/cattolica\/legge-pica-sulla-repressione-del-brigantaggio-1863\/\" \/>\n<meta property=\"og:locale\" content=\"it_IT\" \/>\n<meta property=\"og:type\" content=\"article\" \/>\n<meta property=\"og:title\" content=\"Legge Pica sulla repressione del brigantaggio (1863) - Rassegna Stampa Cattolica\" \/>\n<meta property=\"og:description\" content=\"Legge Pica sulla repressione del brigantaggio (1863). Il testo del provvedimento per la dura repressione degli insorgenti del Sud\" \/>\n<meta property=\"og:url\" content=\"https:\/\/www.rassegnastampa-totustuus.it\/cattolica\/legge-pica-sulla-repressione-del-brigantaggio-1863\/\" \/>\n<meta property=\"og:site_name\" content=\"Rassegna Stampa Cattolica\" \/>\n<meta property=\"article:publisher\" content=\"https:\/\/www.facebook.com\/rassegnastampacattolica\" \/>\n<meta property=\"article:published_time\" content=\"2005-09-12T10:16:43+00:00\" \/>\n<meta property=\"article:modified_time\" content=\"2024-10-21T08:08:33+00:00\" \/>\n<meta property=\"og:image\" content=\"https:\/\/www.rassegnastampa-totustuus.it\/cattolica\/wp-content\/uploads\/2005\/09\/legge_Pica.jpg\" \/>\n\t<meta property=\"og:image:width\" content=\"216\" \/>\n\t<meta property=\"og:image:height\" content=\"174\" \/>\n\t<meta property=\"og:image:type\" content=\"image\/jpeg\" \/>\n<meta name=\"author\" content=\"Redazione\" \/>\n<meta name=\"twitter:card\" content=\"summary_large_image\" \/>\n<meta name=\"twitter:creator\" content=\"@rassegnastampa9\" \/>\n<meta name=\"twitter:site\" content=\"@rassegnastampa9\" \/>\n<meta name=\"twitter:label1\" content=\"Scritto da\" \/>\n\t<meta name=\"twitter:data1\" content=\"Redazione\" \/>\n\t<meta name=\"twitter:label2\" content=\"Tempo di lettura stimato\" \/>\n\t<meta name=\"twitter:data2\" content=\"18 minuti\" \/>\n<script type=\"application\/ld+json\" class=\"yoast-schema-graph\">{\"@context\":\"https:\\\/\\\/schema.org\",\"@graph\":[{\"@type\":\"Article\",\"@id\":\"https:\\\/\\\/www.rassegnastampa-totustuus.it\\\/cattolica\\\/legge-pica-sulla-repressione-del-brigantaggio-1863\\\/#article\",\"isPartOf\":{\"@id\":\"https:\\\/\\\/www.rassegnastampa-totustuus.it\\\/cattolica\\\/legge-pica-sulla-repressione-del-brigantaggio-1863\\\/\"},\"author\":{\"name\":\"Redazione\",\"@id\":\"https:\\\/\\\/www.rassegnastampa-totustuus.it\\\/cattolica\\\/#\\\/schema\\\/person\\\/08f319d2bd1a0904ad9e2bfb7b15e5c3\"},\"headline\":\"Legge Pica sulla repressione del brigantaggio (1863)\",\"datePublished\":\"2005-09-12T10:16:43+00:00\",\"dateModified\":\"2024-10-21T08:08:33+00:00\",\"mainEntityOfPage\":{\"@id\":\"https:\\\/\\\/www.rassegnastampa-totustuus.it\\\/cattolica\\\/legge-pica-sulla-repressione-del-brigantaggio-1863\\\/\"},\"wordCount\":3191,\"publisher\":{\"@id\":\"https:\\\/\\\/www.rassegnastampa-totustuus.it\\\/cattolica\\\/#organization\"},\"image\":{\"@id\":\"https:\\\/\\\/www.rassegnastampa-totustuus.it\\\/cattolica\\\/legge-pica-sulla-repressione-del-brigantaggio-1863\\\/#primaryimage\"},\"thumbnailUrl\":\"https:\\\/\\\/www.rassegnastampa-totustuus.it\\\/cattolica\\\/wp-content\\\/uploads\\\/2005\\\/09\\\/legge_Pica.jpg\",\"keywords\":[\"legge Pica\",\"Risorgimento\"],\"articleSection\":[\"Risorgimento\",\"Storia italiana\"],\"inLanguage\":\"it-IT\"},{\"@type\":\"WebPage\",\"@id\":\"https:\\\/\\\/www.rassegnastampa-totustuus.it\\\/cattolica\\\/legge-pica-sulla-repressione-del-brigantaggio-1863\\\/\",\"url\":\"https:\\\/\\\/www.rassegnastampa-totustuus.it\\\/cattolica\\\/legge-pica-sulla-repressione-del-brigantaggio-1863\\\/\",\"name\":\"Legge Pica sulla repressione del brigantaggio (1863) - Rassegna Stampa Cattolica\",\"isPartOf\":{\"@id\":\"https:\\\/\\\/www.rassegnastampa-totustuus.it\\\/cattolica\\\/#website\"},\"primaryImageOfPage\":{\"@id\":\"https:\\\/\\\/www.rassegnastampa-totustuus.it\\\/cattolica\\\/legge-pica-sulla-repressione-del-brigantaggio-1863\\\/#primaryimage\"},\"image\":{\"@id\":\"https:\\\/\\\/www.rassegnastampa-totustuus.it\\\/cattolica\\\/legge-pica-sulla-repressione-del-brigantaggio-1863\\\/#primaryimage\"},\"thumbnailUrl\":\"https:\\\/\\\/www.rassegnastampa-totustuus.it\\\/cattolica\\\/wp-content\\\/uploads\\\/2005\\\/09\\\/legge_Pica.jpg\",\"datePublished\":\"2005-09-12T10:16:43+00:00\",\"dateModified\":\"2024-10-21T08:08:33+00:00\",\"description\":\"Legge Pica sulla repressione del brigantaggio (1863). Il testo del provvedimento per la dura repressione degli insorgenti del Sud\",\"breadcrumb\":{\"@id\":\"https:\\\/\\\/www.rassegnastampa-totustuus.it\\\/cattolica\\\/legge-pica-sulla-repressione-del-brigantaggio-1863\\\/#breadcrumb\"},\"inLanguage\":\"it-IT\",\"potentialAction\":[{\"@type\":\"ReadAction\",\"target\":[\"https:\\\/\\\/www.rassegnastampa-totustuus.it\\\/cattolica\\\/legge-pica-sulla-repressione-del-brigantaggio-1863\\\/\"]}]},{\"@type\":\"ImageObject\",\"inLanguage\":\"it-IT\",\"@id\":\"https:\\\/\\\/www.rassegnastampa-totustuus.it\\\/cattolica\\\/legge-pica-sulla-repressione-del-brigantaggio-1863\\\/#primaryimage\",\"url\":\"https:\\\/\\\/www.rassegnastampa-totustuus.it\\\/cattolica\\\/wp-content\\\/uploads\\\/2005\\\/09\\\/legge_Pica.jpg\",\"contentUrl\":\"https:\\\/\\\/www.rassegnastampa-totustuus.it\\\/cattolica\\\/wp-content\\\/uploads\\\/2005\\\/09\\\/legge_Pica.jpg\",\"width\":216,\"height\":174},{\"@type\":\"BreadcrumbList\",\"@id\":\"https:\\\/\\\/www.rassegnastampa-totustuus.it\\\/cattolica\\\/legge-pica-sulla-repressione-del-brigantaggio-1863\\\/#breadcrumb\",\"itemListElement\":[{\"@type\":\"ListItem\",\"position\":1,\"name\":\"Home\",\"item\":\"https:\\\/\\\/www.rassegnastampa-totustuus.it\\\/cattolica\\\/\"},{\"@type\":\"ListItem\",\"position\":2,\"name\":\"Legge Pica sulla repressione del brigantaggio (1863)\"}]},{\"@type\":\"WebSite\",\"@id\":\"https:\\\/\\\/www.rassegnastampa-totustuus.it\\\/cattolica\\\/#website\",\"url\":\"https:\\\/\\\/www.rassegnastampa-totustuus.it\\\/cattolica\\\/\",\"name\":\"Rassegna Stampa Cattolica\",\"description\":\"Per una cultura che nasce dalla Rivelazione cristiana in conformit\u00e0 alla tradizione e al Magistero della Chiesa in opposizione ad ogni relativismo e totalitarismo\",\"publisher\":{\"@id\":\"https:\\\/\\\/www.rassegnastampa-totustuus.it\\\/cattolica\\\/#organization\"},\"alternateName\":\"Rass. Cattolica\",\"potentialAction\":[{\"@type\":\"SearchAction\",\"target\":{\"@type\":\"EntryPoint\",\"urlTemplate\":\"https:\\\/\\\/www.rassegnastampa-totustuus.it\\\/cattolica\\\/?s={search_term_string}\"},\"query-input\":{\"@type\":\"PropertyValueSpecification\",\"valueRequired\":true,\"valueName\":\"search_term_string\"}}],\"inLanguage\":\"it-IT\"},{\"@type\":\"Organization\",\"@id\":\"https:\\\/\\\/www.rassegnastampa-totustuus.it\\\/cattolica\\\/#organization\",\"name\":\"Rassegna Stampa Cattolica\",\"url\":\"https:\\\/\\\/www.rassegnastampa-totustuus.it\\\/cattolica\\\/\",\"logo\":{\"@type\":\"ImageObject\",\"inLanguage\":\"it-IT\",\"@id\":\"https:\\\/\\\/www.rassegnastampa-totustuus.it\\\/cattolica\\\/#\\\/schema\\\/logo\\\/image\\\/\",\"url\":\"https:\\\/\\\/www.rassegnastampa-totustuus.it\\\/cattolica\\\/wp-content\\\/uploads\\\/2014\\\/04\\\/logo-rassegna1.gif\",\"contentUrl\":\"https:\\\/\\\/www.rassegnastampa-totustuus.it\\\/cattolica\\\/wp-content\\\/uploads\\\/2014\\\/04\\\/logo-rassegna1.gif\",\"width\":600,\"height\":163,\"caption\":\"Rassegna Stampa Cattolica\"},\"image\":{\"@id\":\"https:\\\/\\\/www.rassegnastampa-totustuus.it\\\/cattolica\\\/#\\\/schema\\\/logo\\\/image\\\/\"},\"sameAs\":[\"https:\\\/\\\/www.facebook.com\\\/rassegnastampacattolica\",\"https:\\\/\\\/x.com\\\/rassegnastampa9\"]},{\"@type\":\"Person\",\"@id\":\"https:\\\/\\\/www.rassegnastampa-totustuus.it\\\/cattolica\\\/#\\\/schema\\\/person\\\/08f319d2bd1a0904ad9e2bfb7b15e5c3\",\"name\":\"Redazione\",\"image\":{\"@type\":\"ImageObject\",\"inLanguage\":\"it-IT\",\"@id\":\"https:\\\/\\\/secure.gravatar.com\\\/avatar\\\/2fcdf27c78ea025fbdb44e914cc63c72249ffec9dc8aafd5c82b26240ef3f346?s=96&d=mm&r=g\",\"url\":\"https:\\\/\\\/secure.gravatar.com\\\/avatar\\\/2fcdf27c78ea025fbdb44e914cc63c72249ffec9dc8aafd5c82b26240ef3f346?s=96&d=mm&r=g\",\"contentUrl\":\"https:\\\/\\\/secure.gravatar.com\\\/avatar\\\/2fcdf27c78ea025fbdb44e914cc63c72249ffec9dc8aafd5c82b26240ef3f346?s=96&d=mm&r=g\",\"caption\":\"Redazione\"},\"url\":\"https:\\\/\\\/www.rassegnastampa-totustuus.it\\\/cattolica\\\/author\\\/pietroelle\\\/\"}]}<\/script>\n<!-- \/ Yoast SEO plugin. -->","yoast_head_json":{"title":"Legge Pica sulla repressione del brigantaggio (1863) - Rassegna Stampa Cattolica","description":"Legge Pica sulla repressione del brigantaggio (1863). Il testo del provvedimento per la dura repressione degli insorgenti del Sud","robots":{"index":"index","follow":"follow","max-snippet":"max-snippet:-1","max-image-preview":"max-image-preview:large","max-video-preview":"max-video-preview:-1"},"canonical":"https:\/\/www.rassegnastampa-totustuus.it\/cattolica\/legge-pica-sulla-repressione-del-brigantaggio-1863\/","og_locale":"it_IT","og_type":"article","og_title":"Legge Pica sulla repressione del brigantaggio (1863) - Rassegna Stampa Cattolica","og_description":"Legge Pica sulla repressione del brigantaggio (1863). Il testo del provvedimento per la dura repressione degli insorgenti del Sud","og_url":"https:\/\/www.rassegnastampa-totustuus.it\/cattolica\/legge-pica-sulla-repressione-del-brigantaggio-1863\/","og_site_name":"Rassegna Stampa Cattolica","article_publisher":"https:\/\/www.facebook.com\/rassegnastampacattolica","article_published_time":"2005-09-12T10:16:43+00:00","article_modified_time":"2024-10-21T08:08:33+00:00","og_image":[{"width":216,"height":174,"url":"https:\/\/www.rassegnastampa-totustuus.it\/cattolica\/wp-content\/uploads\/2005\/09\/legge_Pica.jpg","type":"image\/jpeg"}],"author":"Redazione","twitter_card":"summary_large_image","twitter_creator":"@rassegnastampa9","twitter_site":"@rassegnastampa9","twitter_misc":{"Scritto da":"Redazione","Tempo di lettura stimato":"18 minuti"},"schema":{"@context":"https:\/\/schema.org","@graph":[{"@type":"Article","@id":"https:\/\/www.rassegnastampa-totustuus.it\/cattolica\/legge-pica-sulla-repressione-del-brigantaggio-1863\/#article","isPartOf":{"@id":"https:\/\/www.rassegnastampa-totustuus.it\/cattolica\/legge-pica-sulla-repressione-del-brigantaggio-1863\/"},"author":{"name":"Redazione","@id":"https:\/\/www.rassegnastampa-totustuus.it\/cattolica\/#\/schema\/person\/08f319d2bd1a0904ad9e2bfb7b15e5c3"},"headline":"Legge Pica sulla repressione del brigantaggio (1863)","datePublished":"2005-09-12T10:16:43+00:00","dateModified":"2024-10-21T08:08:33+00:00","mainEntityOfPage":{"@id":"https:\/\/www.rassegnastampa-totustuus.it\/cattolica\/legge-pica-sulla-repressione-del-brigantaggio-1863\/"},"wordCount":3191,"publisher":{"@id":"https:\/\/www.rassegnastampa-totustuus.it\/cattolica\/#organization"},"image":{"@id":"https:\/\/www.rassegnastampa-totustuus.it\/cattolica\/legge-pica-sulla-repressione-del-brigantaggio-1863\/#primaryimage"},"thumbnailUrl":"https:\/\/www.rassegnastampa-totustuus.it\/cattolica\/wp-content\/uploads\/2005\/09\/legge_Pica.jpg","keywords":["legge Pica","Risorgimento"],"articleSection":["Risorgimento","Storia italiana"],"inLanguage":"it-IT"},{"@type":"WebPage","@id":"https:\/\/www.rassegnastampa-totustuus.it\/cattolica\/legge-pica-sulla-repressione-del-brigantaggio-1863\/","url":"https:\/\/www.rassegnastampa-totustuus.it\/cattolica\/legge-pica-sulla-repressione-del-brigantaggio-1863\/","name":"Legge Pica sulla repressione del brigantaggio (1863) - Rassegna Stampa Cattolica","isPartOf":{"@id":"https:\/\/www.rassegnastampa-totustuus.it\/cattolica\/#website"},"primaryImageOfPage":{"@id":"https:\/\/www.rassegnastampa-totustuus.it\/cattolica\/legge-pica-sulla-repressione-del-brigantaggio-1863\/#primaryimage"},"image":{"@id":"https:\/\/www.rassegnastampa-totustuus.it\/cattolica\/legge-pica-sulla-repressione-del-brigantaggio-1863\/#primaryimage"},"thumbnailUrl":"https:\/\/www.rassegnastampa-totustuus.it\/cattolica\/wp-content\/uploads\/2005\/09\/legge_Pica.jpg","datePublished":"2005-09-12T10:16:43+00:00","dateModified":"2024-10-21T08:08:33+00:00","description":"Legge Pica sulla repressione del brigantaggio (1863). Il testo del provvedimento per la dura repressione degli insorgenti del Sud","breadcrumb":{"@id":"https:\/\/www.rassegnastampa-totustuus.it\/cattolica\/legge-pica-sulla-repressione-del-brigantaggio-1863\/#breadcrumb"},"inLanguage":"it-IT","potentialAction":[{"@type":"ReadAction","target":["https:\/\/www.rassegnastampa-totustuus.it\/cattolica\/legge-pica-sulla-repressione-del-brigantaggio-1863\/"]}]},{"@type":"ImageObject","inLanguage":"it-IT","@id":"https:\/\/www.rassegnastampa-totustuus.it\/cattolica\/legge-pica-sulla-repressione-del-brigantaggio-1863\/#primaryimage","url":"https:\/\/www.rassegnastampa-totustuus.it\/cattolica\/wp-content\/uploads\/2005\/09\/legge_Pica.jpg","contentUrl":"https:\/\/www.rassegnastampa-totustuus.it\/cattolica\/wp-content\/uploads\/2005\/09\/legge_Pica.jpg","width":216,"height":174},{"@type":"BreadcrumbList","@id":"https:\/\/www.rassegnastampa-totustuus.it\/cattolica\/legge-pica-sulla-repressione-del-brigantaggio-1863\/#breadcrumb","itemListElement":[{"@type":"ListItem","position":1,"name":"Home","item":"https:\/\/www.rassegnastampa-totustuus.it\/cattolica\/"},{"@type":"ListItem","position":2,"name":"Legge Pica sulla repressione del brigantaggio (1863)"}]},{"@type":"WebSite","@id":"https:\/\/www.rassegnastampa-totustuus.it\/cattolica\/#website","url":"https:\/\/www.rassegnastampa-totustuus.it\/cattolica\/","name":"Rassegna Stampa Cattolica","description":"Per una cultura che nasce dalla Rivelazione cristiana in conformit\u00e0 alla tradizione e al Magistero della Chiesa in opposizione ad ogni relativismo e totalitarismo","publisher":{"@id":"https:\/\/www.rassegnastampa-totustuus.it\/cattolica\/#organization"},"alternateName":"Rass. Cattolica","potentialAction":[{"@type":"SearchAction","target":{"@type":"EntryPoint","urlTemplate":"https:\/\/www.rassegnastampa-totustuus.it\/cattolica\/?s={search_term_string}"},"query-input":{"@type":"PropertyValueSpecification","valueRequired":true,"valueName":"search_term_string"}}],"inLanguage":"it-IT"},{"@type":"Organization","@id":"https:\/\/www.rassegnastampa-totustuus.it\/cattolica\/#organization","name":"Rassegna Stampa Cattolica","url":"https:\/\/www.rassegnastampa-totustuus.it\/cattolica\/","logo":{"@type":"ImageObject","inLanguage":"it-IT","@id":"https:\/\/www.rassegnastampa-totustuus.it\/cattolica\/#\/schema\/logo\/image\/","url":"https:\/\/www.rassegnastampa-totustuus.it\/cattolica\/wp-content\/uploads\/2014\/04\/logo-rassegna1.gif","contentUrl":"https:\/\/www.rassegnastampa-totustuus.it\/cattolica\/wp-content\/uploads\/2014\/04\/logo-rassegna1.gif","width":600,"height":163,"caption":"Rassegna Stampa Cattolica"},"image":{"@id":"https:\/\/www.rassegnastampa-totustuus.it\/cattolica\/#\/schema\/logo\/image\/"},"sameAs":["https:\/\/www.facebook.com\/rassegnastampacattolica","https:\/\/x.com\/rassegnastampa9"]},{"@type":"Person","@id":"https:\/\/www.rassegnastampa-totustuus.it\/cattolica\/#\/schema\/person\/08f319d2bd1a0904ad9e2bfb7b15e5c3","name":"Redazione","image":{"@type":"ImageObject","inLanguage":"it-IT","@id":"https:\/\/secure.gravatar.com\/avatar\/2fcdf27c78ea025fbdb44e914cc63c72249ffec9dc8aafd5c82b26240ef3f346?s=96&d=mm&r=g","url":"https:\/\/secure.gravatar.com\/avatar\/2fcdf27c78ea025fbdb44e914cc63c72249ffec9dc8aafd5c82b26240ef3f346?s=96&d=mm&r=g","contentUrl":"https:\/\/secure.gravatar.com\/avatar\/2fcdf27c78ea025fbdb44e914cc63c72249ffec9dc8aafd5c82b26240ef3f346?s=96&d=mm&r=g","caption":"Redazione"},"url":"https:\/\/www.rassegnastampa-totustuus.it\/cattolica\/author\/pietroelle\/"}]}},"_links":{"self":[{"href":"https:\/\/www.rassegnastampa-totustuus.it\/cattolica\/wp-json\/wp\/v2\/posts\/1400","targetHints":{"allow":["GET"]}}],"collection":[{"href":"https:\/\/www.rassegnastampa-totustuus.it\/cattolica\/wp-json\/wp\/v2\/posts"}],"about":[{"href":"https:\/\/www.rassegnastampa-totustuus.it\/cattolica\/wp-json\/wp\/v2\/types\/post"}],"author":[{"embeddable":true,"href":"https:\/\/www.rassegnastampa-totustuus.it\/cattolica\/wp-json\/wp\/v2\/users\/6"}],"replies":[{"embeddable":true,"href":"https:\/\/www.rassegnastampa-totustuus.it\/cattolica\/wp-json\/wp\/v2\/comments?post=1400"}],"version-history":[{"count":6,"href":"https:\/\/www.rassegnastampa-totustuus.it\/cattolica\/wp-json\/wp\/v2\/posts\/1400\/revisions"}],"predecessor-version":[{"id":61513,"href":"https:\/\/www.rassegnastampa-totustuus.it\/cattolica\/wp-json\/wp\/v2\/posts\/1400\/revisions\/61513"}],"wp:featuredmedia":[{"embeddable":true,"href":"https:\/\/www.rassegnastampa-totustuus.it\/cattolica\/wp-json\/wp\/v2\/media\/33311"}],"wp:attachment":[{"href":"https:\/\/www.rassegnastampa-totustuus.it\/cattolica\/wp-json\/wp\/v2\/media?parent=1400"}],"wp:term":[{"taxonomy":"category","embeddable":true,"href":"https:\/\/www.rassegnastampa-totustuus.it\/cattolica\/wp-json\/wp\/v2\/categories?post=1400"},{"taxonomy":"post_tag","embeddable":true,"href":"https:\/\/www.rassegnastampa-totustuus.it\/cattolica\/wp-json\/wp\/v2\/tags?post=1400"}],"curies":[{"name":"wp","href":"https:\/\/api.w.org\/{rel}","templated":true}]}}