{"id":1397,"date":"2005-09-12T09:54:29","date_gmt":"2005-09-12T07:54:29","guid":{"rendered":""},"modified":"2016-03-01T15:38:01","modified_gmt":"2016-03-01T14:38:01","slug":"islam-i-timori-dei-cristiani-per-la-nuova-costituzione-irachena","status":"publish","type":"post","link":"https:\/\/www.rassegnastampa-totustuus.it\/cattolica\/islam-i-timori-dei-cristiani-per-la-nuova-costituzione-irachena\/","title":{"rendered":"ISLAM: i timori dei cristiani per la nuova Costituzione irachena"},"content":{"rendered":"<div style=\"text-align: center;\"><img loading=\"lazy\" decoding=\"async\" class=\"alignleft wp-image-31228\" src=\"https:\/\/www.rassegnastampa-totustuus.it\/cattolica\/wp-content\/uploads\/2005\/09\/Costituzione_Iraq.jpg\" alt=\"Costituzione_Iraq\" width=\"250\" height=\"163\" \/>Pubblicato su <strong>Corrispondenza romana<\/strong> n. 911\/01 del 3 settembre 2005<\/div>\n<p style=\"text-align: justify;\">\u00a0Domenica 28 agosto \u00e8 stata approvata la bozza della nuova Costituzione irachena. Il testo, in particolare, afferma che &#8220;l&#8217;Islam \u00e8 una fonte principale di diritto&#8221; e che &#8220;nessuna legge pu\u00f2 essere contraria agli standard dell&#8217;Islam&#8221;. Ci\u00f2 ha causato i timori e le apprensioni dei cristiani che vivono in Iraq. Gioved\u00ec 25 agosto Benedetto XVI ha incontrato il Ministro degli Esteri iracheno, Hoshyar Zebari, per chiedere che la Costituzione rispetti la libert\u00e0 religiosa.<\/p>\n<p><!--more--><\/p>\n<div style=\"text-align: justify;\">Il Patriarca caldeo di Baghdad, Emmanuel III Delly, da parte sua, ha chiesto alle potenze straniere di esercitare pressioni affinch\u00e9 venga modificata la bozza di Costituzione irachena che adotta la legge islamica quale fonte principale del diritto. &#8220;Non siamo troppo contenti anche se rappresenta un passo avanti per il Paese&#8221;, ha affermato il leader della Chiesa pi\u00f9 numerosa del Paese (rappresenta il 70% degli 800.000 cristiani) riferendosi al progetto costituzionale che dovr\u00e0 essere sottoposto a referendum.<\/div>\n<p style=\"text-align: justify;\">&#8220;A causa di qualche articolo presente nella bozza approvata avremo delle difficolt\u00e0&#8221;, ha rivelato in alcune dichiarazioni concesse gioved\u00ec 1 settembre al Servizio di Informazione Religiosa (SIR) della Conferenza Episcopale Italiana. &#8220;La speranza \u00e8 che le pressioni delle potenze estere possano far cambiare il testo&#8221;, ha confessato il Patriarca. &#8220;Chi potr\u00e0 dire che una legge \u00e8 contro l&#8217;Islam?&#8221;, ha chiesto. &#8220;Solo un giudice musulmano. Le leggi sono fatte dagli uomini e possono essere cambiate secondo le circostanze. Chiedo ai leader delle potenze straniere, alla Santa Sede, di fare pressioni per emendare questi articoli e per garantire i diritti di tutti&#8221;, ha concluso.<\/p>\n<p style=\"text-align: justify;\">Alcuni giorni prima, l&#8217;Arcivescovo di Kirkuk, nel nord dell&#8217;Iraq, monsignor Louis Sako, aveva dichiarato all&#8217;Istituto di diritto pontificio &#8220;Aiuto alla Chiesa che Soffre&#8221; che, se la bozza di Costituzione del Paese non riuscisse a difendere le libert\u00e0 civili per le minoranze religiose, ci\u00f2 potrebbe provocare un esodo di massa dei cristiani. In un&#8217;intervista alla &#8220;Catholic charity for persecuted Christians&#8221;, l&#8217;Arcivescovo Sako ha affermato che se la Costituzione abbracciasse la legge islamica i suoi fedeli rischierebbero di perdere la propria libert\u00e0.<\/p>\n<p style=\"text-align: justify;\">&#8220;Siamo molto preoccupati &#8211; ha rivelato -. Se non c&#8217;\u00e8 nulla che assicuri ai cristiani i loro diritti, se ne andranno in altri Paesi. Stiamo chiedendo alla gente di rimanere in questo Paese, ma il problema \u00e8 che non possiamo dare loro una prospettiva per il futuro. Nessuno di noi sa cosa accadr\u00e0&#8221;. In questo contesto, l&#8217;Arcivescovo Sako ha affermato che i cristiani hanno molta difficolt\u00e0 a far sentire la propria voce. &#8220;Quali saranno i nostri diritti?&#8221;, ha chiesto l&#8217;Arcivescovo. &#8220;I cristiani erano qui ben prima dell&#8217;arrivo dell&#8217;Islam e degli Arabi. Siamo una popolazione locale, non siamo stranieri.<\/p>\n<p style=\"text-align: justify;\">Dov&#8217;\u00e8 la democrazia che abbiamo tanto desiderato?&#8221;. Una Costituzione che riconoscesse il primato della sharia renderebbe molto difficile la vita ai cristiani. Il prelato ha detto che i cristiani subirebbero ogni tipo di pressione, da quella affinch\u00e8 le donne cristiane indossino l&#8217;hijab (il velo) alle restrizioni alla costruzione o alla ristrutturazione delle chiese. I cristiani avrebbero anche scarsa tutela giuridica, contrariamente ai musulmani.<\/p>\n<p style=\"text-align: justify;\">Queste osservazioni giungono pi\u00f9 di un mese dopo la firma, da parte del Vescovo Andreas Abouna, Vescovo ausiliare caldeo di Baghdad, e dei leader di altre dieci comunit\u00e0 cristiane, di una lettera in cui si chiedeva che la Costituzione riconoscesse i diritti delle minoranze religiose e si abbandonasse il riferimento alla sharia come chiave della Costituzione. Nel frattempo, l&#8217;Arcivescovo Sako ha esortato l&#8217;Occidente a pregare per l&#8217;Iraq durante le prossime settimane, che saranno particolarmente critiche.<\/p>\n","protected":false},"excerpt":{"rendered":"<p>Pubblicato su Corrispondenza romana n. 911\/01 del 3 settembre 2005 \u00a0Domenica 28 agosto \u00e8 stata approvata la bozza della nuova Costituzione irachena. Il testo, in particolare, afferma che &#8220;l&#8217;Islam \u00e8 una fonte principale di diritto&#8221; e che &#8220;nessuna legge pu\u00f2 essere contraria agli standard dell&#8217;Islam&#8221;. Ci\u00f2 ha causato i timori e le apprensioni dei cristiani &hellip; <\/p>\n<p><a class=\"more-link btn\" href=\"https:\/\/www.rassegnastampa-totustuus.it\/cattolica\/islam-i-timori-dei-cristiani-per-la-nuova-costituzione-irachena\/\">Continua a leggere<\/a><\/p>\n","protected":false},"author":6,"featured_media":31228,"comment_status":"closed","ping_status":"open","sticky":false,"template":"","format":"standard","meta":{"footnotes":""},"categories":[33,108],"tags":[2399],"class_list":["post-1397","post","type-post","status-publish","format-standard","has-post-thumbnail","hentry","category-cristiani-nell-islam","category-paesi-e-continenti","tag-iraq","item-wrap"],"yoast_head":"<!-- This site is optimized with the Yoast SEO plugin v27.5 - https:\/\/yoast.com\/product\/yoast-seo-wordpress\/ -->\n<title>ISLAM: i timori dei cristiani per la nuova Costituzione irachena - Rassegna Stampa Cattolica<\/title>\n<meta name=\"description\" content=\"Rassegna Stampa Cattolica - Per una cultura che nasce dalla Rivelazione cristiana in conformit\u00e0 alla tradizione e al Magistero della Chiesa in opposizione ad ogni relativismo e totalitarismo\" \/>\n<meta name=\"robots\" content=\"index, follow, max-snippet:-1, max-image-preview:large, max-video-preview:-1\" \/>\n<link rel=\"canonical\" href=\"https:\/\/www.rassegnastampa-totustuus.it\/cattolica\/islam-i-timori-dei-cristiani-per-la-nuova-costituzione-irachena\/\" \/>\n<meta property=\"og:locale\" content=\"it_IT\" \/>\n<meta property=\"og:type\" content=\"article\" \/>\n<meta property=\"og:title\" content=\"ISLAM: i timori dei cristiani per la nuova Costituzione irachena - Rassegna Stampa Cattolica\" \/>\n<meta property=\"og:description\" content=\"Rassegna Stampa Cattolica - Per una cultura che nasce dalla Rivelazione cristiana in conformit\u00e0 alla tradizione e al Magistero della Chiesa in opposizione ad ogni relativismo e totalitarismo\" \/>\n<meta property=\"og:url\" content=\"https:\/\/www.rassegnastampa-totustuus.it\/cattolica\/islam-i-timori-dei-cristiani-per-la-nuova-costituzione-irachena\/\" \/>\n<meta property=\"og:site_name\" content=\"Rassegna Stampa Cattolica\" \/>\n<meta property=\"article:publisher\" content=\"https:\/\/www.facebook.com\/rassegnastampacattolica\" \/>\n<meta property=\"article:published_time\" content=\"2005-09-12T07:54:29+00:00\" \/>\n<meta property=\"article:modified_time\" content=\"2016-03-01T14:38:01+00:00\" \/>\n<meta property=\"og:image\" content=\"https:\/\/www.rassegnastampa-totustuus.it\/cattolica\/wp-content\/uploads\/2005\/09\/Costituzione_Iraq.jpg\" \/>\n\t<meta property=\"og:image:width\" content=\"278\" \/>\n\t<meta property=\"og:image:height\" content=\"181\" \/>\n\t<meta property=\"og:image:type\" content=\"image\/jpeg\" \/>\n<meta name=\"author\" content=\"Redazione\" \/>\n<meta name=\"twitter:card\" content=\"summary_large_image\" \/>\n<meta name=\"twitter:creator\" content=\"@rassegnastampa9\" \/>\n<meta name=\"twitter:site\" content=\"@rassegnastampa9\" \/>\n<meta name=\"twitter:label1\" content=\"Scritto da\" \/>\n\t<meta name=\"twitter:data1\" content=\"Redazione\" \/>\n\t<meta name=\"twitter:label2\" content=\"Tempo di lettura stimato\" \/>\n\t<meta name=\"twitter:data2\" content=\"3 minuti\" \/>\n<script type=\"application\/ld+json\" class=\"yoast-schema-graph\">{\"@context\":\"https:\\\/\\\/schema.org\",\"@graph\":[{\"@type\":\"Article\",\"@id\":\"https:\\\/\\\/www.rassegnastampa-totustuus.it\\\/cattolica\\\/islam-i-timori-dei-cristiani-per-la-nuova-costituzione-irachena\\\/#article\",\"isPartOf\":{\"@id\":\"https:\\\/\\\/www.rassegnastampa-totustuus.it\\\/cattolica\\\/islam-i-timori-dei-cristiani-per-la-nuova-costituzione-irachena\\\/\"},\"author\":{\"name\":\"Redazione\",\"@id\":\"https:\\\/\\\/www.rassegnastampa-totustuus.it\\\/cattolica\\\/#\\\/schema\\\/person\\\/08f319d2bd1a0904ad9e2bfb7b15e5c3\"},\"headline\":\"ISLAM: i timori dei cristiani per la nuova Costituzione irachena\",\"datePublished\":\"2005-09-12T07:54:29+00:00\",\"dateModified\":\"2016-03-01T14:38:01+00:00\",\"mainEntityOfPage\":{\"@id\":\"https:\\\/\\\/www.rassegnastampa-totustuus.it\\\/cattolica\\\/islam-i-timori-dei-cristiani-per-la-nuova-costituzione-irachena\\\/\"},\"wordCount\":589,\"publisher\":{\"@id\":\"https:\\\/\\\/www.rassegnastampa-totustuus.it\\\/cattolica\\\/#organization\"},\"image\":{\"@id\":\"https:\\\/\\\/www.rassegnastampa-totustuus.it\\\/cattolica\\\/islam-i-timori-dei-cristiani-per-la-nuova-costituzione-irachena\\\/#primaryimage\"},\"thumbnailUrl\":\"https:\\\/\\\/www.rassegnastampa-totustuus.it\\\/cattolica\\\/wp-content\\\/uploads\\\/2005\\\/09\\\/Costituzione_Iraq.jpg\",\"keywords\":[\"Iraq\"],\"articleSection\":[\"Cristiani nell'islam\",\"Paesi e continenti\"],\"inLanguage\":\"it-IT\"},{\"@type\":\"WebPage\",\"@id\":\"https:\\\/\\\/www.rassegnastampa-totustuus.it\\\/cattolica\\\/islam-i-timori-dei-cristiani-per-la-nuova-costituzione-irachena\\\/\",\"url\":\"https:\\\/\\\/www.rassegnastampa-totustuus.it\\\/cattolica\\\/islam-i-timori-dei-cristiani-per-la-nuova-costituzione-irachena\\\/\",\"name\":\"ISLAM: i timori dei cristiani per la nuova Costituzione irachena - Rassegna Stampa Cattolica\",\"isPartOf\":{\"@id\":\"https:\\\/\\\/www.rassegnastampa-totustuus.it\\\/cattolica\\\/#website\"},\"primaryImageOfPage\":{\"@id\":\"https:\\\/\\\/www.rassegnastampa-totustuus.it\\\/cattolica\\\/islam-i-timori-dei-cristiani-per-la-nuova-costituzione-irachena\\\/#primaryimage\"},\"image\":{\"@id\":\"https:\\\/\\\/www.rassegnastampa-totustuus.it\\\/cattolica\\\/islam-i-timori-dei-cristiani-per-la-nuova-costituzione-irachena\\\/#primaryimage\"},\"thumbnailUrl\":\"https:\\\/\\\/www.rassegnastampa-totustuus.it\\\/cattolica\\\/wp-content\\\/uploads\\\/2005\\\/09\\\/Costituzione_Iraq.jpg\",\"datePublished\":\"2005-09-12T07:54:29+00:00\",\"dateModified\":\"2016-03-01T14:38:01+00:00\",\"description\":\"Rassegna Stampa Cattolica - Per una cultura che nasce dalla Rivelazione cristiana in conformit\u00e0 alla tradizione e al Magistero della Chiesa in opposizione ad ogni relativismo e totalitarismo\",\"breadcrumb\":{\"@id\":\"https:\\\/\\\/www.rassegnastampa-totustuus.it\\\/cattolica\\\/islam-i-timori-dei-cristiani-per-la-nuova-costituzione-irachena\\\/#breadcrumb\"},\"inLanguage\":\"it-IT\",\"potentialAction\":[{\"@type\":\"ReadAction\",\"target\":[\"https:\\\/\\\/www.rassegnastampa-totustuus.it\\\/cattolica\\\/islam-i-timori-dei-cristiani-per-la-nuova-costituzione-irachena\\\/\"]}]},{\"@type\":\"ImageObject\",\"inLanguage\":\"it-IT\",\"@id\":\"https:\\\/\\\/www.rassegnastampa-totustuus.it\\\/cattolica\\\/islam-i-timori-dei-cristiani-per-la-nuova-costituzione-irachena\\\/#primaryimage\",\"url\":\"https:\\\/\\\/www.rassegnastampa-totustuus.it\\\/cattolica\\\/wp-content\\\/uploads\\\/2005\\\/09\\\/Costituzione_Iraq.jpg\",\"contentUrl\":\"https:\\\/\\\/www.rassegnastampa-totustuus.it\\\/cattolica\\\/wp-content\\\/uploads\\\/2005\\\/09\\\/Costituzione_Iraq.jpg\",\"width\":278,\"height\":181},{\"@type\":\"BreadcrumbList\",\"@id\":\"https:\\\/\\\/www.rassegnastampa-totustuus.it\\\/cattolica\\\/islam-i-timori-dei-cristiani-per-la-nuova-costituzione-irachena\\\/#breadcrumb\",\"itemListElement\":[{\"@type\":\"ListItem\",\"position\":1,\"name\":\"Home\",\"item\":\"https:\\\/\\\/www.rassegnastampa-totustuus.it\\\/cattolica\\\/\"},{\"@type\":\"ListItem\",\"position\":2,\"name\":\"ISLAM: i timori dei cristiani per la nuova Costituzione irachena\"}]},{\"@type\":\"WebSite\",\"@id\":\"https:\\\/\\\/www.rassegnastampa-totustuus.it\\\/cattolica\\\/#website\",\"url\":\"https:\\\/\\\/www.rassegnastampa-totustuus.it\\\/cattolica\\\/\",\"name\":\"Rassegna Stampa Cattolica\",\"description\":\"Per una cultura che nasce dalla Rivelazione cristiana in conformit\u00e0 alla tradizione e al Magistero della Chiesa in opposizione ad ogni relativismo e totalitarismo\",\"publisher\":{\"@id\":\"https:\\\/\\\/www.rassegnastampa-totustuus.it\\\/cattolica\\\/#organization\"},\"alternateName\":\"Rass. Cattolica\",\"potentialAction\":[{\"@type\":\"SearchAction\",\"target\":{\"@type\":\"EntryPoint\",\"urlTemplate\":\"https:\\\/\\\/www.rassegnastampa-totustuus.it\\\/cattolica\\\/?s={search_term_string}\"},\"query-input\":{\"@type\":\"PropertyValueSpecification\",\"valueRequired\":true,\"valueName\":\"search_term_string\"}}],\"inLanguage\":\"it-IT\"},{\"@type\":\"Organization\",\"@id\":\"https:\\\/\\\/www.rassegnastampa-totustuus.it\\\/cattolica\\\/#organization\",\"name\":\"Rassegna Stampa Cattolica\",\"url\":\"https:\\\/\\\/www.rassegnastampa-totustuus.it\\\/cattolica\\\/\",\"logo\":{\"@type\":\"ImageObject\",\"inLanguage\":\"it-IT\",\"@id\":\"https:\\\/\\\/www.rassegnastampa-totustuus.it\\\/cattolica\\\/#\\\/schema\\\/logo\\\/image\\\/\",\"url\":\"https:\\\/\\\/www.rassegnastampa-totustuus.it\\\/cattolica\\\/wp-content\\\/uploads\\\/2014\\\/04\\\/logo-rassegna1.gif\",\"contentUrl\":\"https:\\\/\\\/www.rassegnastampa-totustuus.it\\\/cattolica\\\/wp-content\\\/uploads\\\/2014\\\/04\\\/logo-rassegna1.gif\",\"width\":600,\"height\":163,\"caption\":\"Rassegna Stampa Cattolica\"},\"image\":{\"@id\":\"https:\\\/\\\/www.rassegnastampa-totustuus.it\\\/cattolica\\\/#\\\/schema\\\/logo\\\/image\\\/\"},\"sameAs\":[\"https:\\\/\\\/www.facebook.com\\\/rassegnastampacattolica\",\"https:\\\/\\\/x.com\\\/rassegnastampa9\"]},{\"@type\":\"Person\",\"@id\":\"https:\\\/\\\/www.rassegnastampa-totustuus.it\\\/cattolica\\\/#\\\/schema\\\/person\\\/08f319d2bd1a0904ad9e2bfb7b15e5c3\",\"name\":\"Redazione\",\"image\":{\"@type\":\"ImageObject\",\"inLanguage\":\"it-IT\",\"@id\":\"https:\\\/\\\/secure.gravatar.com\\\/avatar\\\/2fcdf27c78ea025fbdb44e914cc63c72249ffec9dc8aafd5c82b26240ef3f346?s=96&d=mm&r=g\",\"url\":\"https:\\\/\\\/secure.gravatar.com\\\/avatar\\\/2fcdf27c78ea025fbdb44e914cc63c72249ffec9dc8aafd5c82b26240ef3f346?s=96&d=mm&r=g\",\"contentUrl\":\"https:\\\/\\\/secure.gravatar.com\\\/avatar\\\/2fcdf27c78ea025fbdb44e914cc63c72249ffec9dc8aafd5c82b26240ef3f346?s=96&d=mm&r=g\",\"caption\":\"Redazione\"},\"url\":\"https:\\\/\\\/www.rassegnastampa-totustuus.it\\\/cattolica\\\/author\\\/pietroelle\\\/\"}]}<\/script>\n<!-- \/ Yoast SEO plugin. -->","yoast_head_json":{"title":"ISLAM: i timori dei cristiani per la nuova Costituzione irachena - Rassegna Stampa Cattolica","description":"Rassegna Stampa Cattolica - Per una cultura che nasce dalla Rivelazione cristiana in conformit\u00e0 alla tradizione e al Magistero della Chiesa in opposizione ad ogni relativismo e totalitarismo","robots":{"index":"index","follow":"follow","max-snippet":"max-snippet:-1","max-image-preview":"max-image-preview:large","max-video-preview":"max-video-preview:-1"},"canonical":"https:\/\/www.rassegnastampa-totustuus.it\/cattolica\/islam-i-timori-dei-cristiani-per-la-nuova-costituzione-irachena\/","og_locale":"it_IT","og_type":"article","og_title":"ISLAM: i timori dei cristiani per la nuova Costituzione irachena - Rassegna Stampa Cattolica","og_description":"Rassegna Stampa Cattolica - Per una cultura che nasce dalla Rivelazione cristiana in conformit\u00e0 alla tradizione e al Magistero della Chiesa in opposizione ad ogni relativismo e totalitarismo","og_url":"https:\/\/www.rassegnastampa-totustuus.it\/cattolica\/islam-i-timori-dei-cristiani-per-la-nuova-costituzione-irachena\/","og_site_name":"Rassegna Stampa Cattolica","article_publisher":"https:\/\/www.facebook.com\/rassegnastampacattolica","article_published_time":"2005-09-12T07:54:29+00:00","article_modified_time":"2016-03-01T14:38:01+00:00","og_image":[{"width":278,"height":181,"url":"https:\/\/www.rassegnastampa-totustuus.it\/cattolica\/wp-content\/uploads\/2005\/09\/Costituzione_Iraq.jpg","type":"image\/jpeg"}],"author":"Redazione","twitter_card":"summary_large_image","twitter_creator":"@rassegnastampa9","twitter_site":"@rassegnastampa9","twitter_misc":{"Scritto da":"Redazione","Tempo di lettura stimato":"3 minuti"},"schema":{"@context":"https:\/\/schema.org","@graph":[{"@type":"Article","@id":"https:\/\/www.rassegnastampa-totustuus.it\/cattolica\/islam-i-timori-dei-cristiani-per-la-nuova-costituzione-irachena\/#article","isPartOf":{"@id":"https:\/\/www.rassegnastampa-totustuus.it\/cattolica\/islam-i-timori-dei-cristiani-per-la-nuova-costituzione-irachena\/"},"author":{"name":"Redazione","@id":"https:\/\/www.rassegnastampa-totustuus.it\/cattolica\/#\/schema\/person\/08f319d2bd1a0904ad9e2bfb7b15e5c3"},"headline":"ISLAM: i timori dei cristiani per la nuova Costituzione irachena","datePublished":"2005-09-12T07:54:29+00:00","dateModified":"2016-03-01T14:38:01+00:00","mainEntityOfPage":{"@id":"https:\/\/www.rassegnastampa-totustuus.it\/cattolica\/islam-i-timori-dei-cristiani-per-la-nuova-costituzione-irachena\/"},"wordCount":589,"publisher":{"@id":"https:\/\/www.rassegnastampa-totustuus.it\/cattolica\/#organization"},"image":{"@id":"https:\/\/www.rassegnastampa-totustuus.it\/cattolica\/islam-i-timori-dei-cristiani-per-la-nuova-costituzione-irachena\/#primaryimage"},"thumbnailUrl":"https:\/\/www.rassegnastampa-totustuus.it\/cattolica\/wp-content\/uploads\/2005\/09\/Costituzione_Iraq.jpg","keywords":["Iraq"],"articleSection":["Cristiani nell'islam","Paesi e continenti"],"inLanguage":"it-IT"},{"@type":"WebPage","@id":"https:\/\/www.rassegnastampa-totustuus.it\/cattolica\/islam-i-timori-dei-cristiani-per-la-nuova-costituzione-irachena\/","url":"https:\/\/www.rassegnastampa-totustuus.it\/cattolica\/islam-i-timori-dei-cristiani-per-la-nuova-costituzione-irachena\/","name":"ISLAM: i timori dei cristiani per la nuova Costituzione irachena - Rassegna Stampa Cattolica","isPartOf":{"@id":"https:\/\/www.rassegnastampa-totustuus.it\/cattolica\/#website"},"primaryImageOfPage":{"@id":"https:\/\/www.rassegnastampa-totustuus.it\/cattolica\/islam-i-timori-dei-cristiani-per-la-nuova-costituzione-irachena\/#primaryimage"},"image":{"@id":"https:\/\/www.rassegnastampa-totustuus.it\/cattolica\/islam-i-timori-dei-cristiani-per-la-nuova-costituzione-irachena\/#primaryimage"},"thumbnailUrl":"https:\/\/www.rassegnastampa-totustuus.it\/cattolica\/wp-content\/uploads\/2005\/09\/Costituzione_Iraq.jpg","datePublished":"2005-09-12T07:54:29+00:00","dateModified":"2016-03-01T14:38:01+00:00","description":"Rassegna Stampa Cattolica - Per una cultura che nasce dalla Rivelazione cristiana in conformit\u00e0 alla tradizione e al Magistero della Chiesa in opposizione ad ogni relativismo e totalitarismo","breadcrumb":{"@id":"https:\/\/www.rassegnastampa-totustuus.it\/cattolica\/islam-i-timori-dei-cristiani-per-la-nuova-costituzione-irachena\/#breadcrumb"},"inLanguage":"it-IT","potentialAction":[{"@type":"ReadAction","target":["https:\/\/www.rassegnastampa-totustuus.it\/cattolica\/islam-i-timori-dei-cristiani-per-la-nuova-costituzione-irachena\/"]}]},{"@type":"ImageObject","inLanguage":"it-IT","@id":"https:\/\/www.rassegnastampa-totustuus.it\/cattolica\/islam-i-timori-dei-cristiani-per-la-nuova-costituzione-irachena\/#primaryimage","url":"https:\/\/www.rassegnastampa-totustuus.it\/cattolica\/wp-content\/uploads\/2005\/09\/Costituzione_Iraq.jpg","contentUrl":"https:\/\/www.rassegnastampa-totustuus.it\/cattolica\/wp-content\/uploads\/2005\/09\/Costituzione_Iraq.jpg","width":278,"height":181},{"@type":"BreadcrumbList","@id":"https:\/\/www.rassegnastampa-totustuus.it\/cattolica\/islam-i-timori-dei-cristiani-per-la-nuova-costituzione-irachena\/#breadcrumb","itemListElement":[{"@type":"ListItem","position":1,"name":"Home","item":"https:\/\/www.rassegnastampa-totustuus.it\/cattolica\/"},{"@type":"ListItem","position":2,"name":"ISLAM: i timori dei cristiani per la nuova Costituzione irachena"}]},{"@type":"WebSite","@id":"https:\/\/www.rassegnastampa-totustuus.it\/cattolica\/#website","url":"https:\/\/www.rassegnastampa-totustuus.it\/cattolica\/","name":"Rassegna Stampa Cattolica","description":"Per una cultura che nasce dalla Rivelazione cristiana in conformit\u00e0 alla tradizione e al Magistero della Chiesa in opposizione ad ogni relativismo e totalitarismo","publisher":{"@id":"https:\/\/www.rassegnastampa-totustuus.it\/cattolica\/#organization"},"alternateName":"Rass. Cattolica","potentialAction":[{"@type":"SearchAction","target":{"@type":"EntryPoint","urlTemplate":"https:\/\/www.rassegnastampa-totustuus.it\/cattolica\/?s={search_term_string}"},"query-input":{"@type":"PropertyValueSpecification","valueRequired":true,"valueName":"search_term_string"}}],"inLanguage":"it-IT"},{"@type":"Organization","@id":"https:\/\/www.rassegnastampa-totustuus.it\/cattolica\/#organization","name":"Rassegna Stampa Cattolica","url":"https:\/\/www.rassegnastampa-totustuus.it\/cattolica\/","logo":{"@type":"ImageObject","inLanguage":"it-IT","@id":"https:\/\/www.rassegnastampa-totustuus.it\/cattolica\/#\/schema\/logo\/image\/","url":"https:\/\/www.rassegnastampa-totustuus.it\/cattolica\/wp-content\/uploads\/2014\/04\/logo-rassegna1.gif","contentUrl":"https:\/\/www.rassegnastampa-totustuus.it\/cattolica\/wp-content\/uploads\/2014\/04\/logo-rassegna1.gif","width":600,"height":163,"caption":"Rassegna Stampa Cattolica"},"image":{"@id":"https:\/\/www.rassegnastampa-totustuus.it\/cattolica\/#\/schema\/logo\/image\/"},"sameAs":["https:\/\/www.facebook.com\/rassegnastampacattolica","https:\/\/x.com\/rassegnastampa9"]},{"@type":"Person","@id":"https:\/\/www.rassegnastampa-totustuus.it\/cattolica\/#\/schema\/person\/08f319d2bd1a0904ad9e2bfb7b15e5c3","name":"Redazione","image":{"@type":"ImageObject","inLanguage":"it-IT","@id":"https:\/\/secure.gravatar.com\/avatar\/2fcdf27c78ea025fbdb44e914cc63c72249ffec9dc8aafd5c82b26240ef3f346?s=96&d=mm&r=g","url":"https:\/\/secure.gravatar.com\/avatar\/2fcdf27c78ea025fbdb44e914cc63c72249ffec9dc8aafd5c82b26240ef3f346?s=96&d=mm&r=g","contentUrl":"https:\/\/secure.gravatar.com\/avatar\/2fcdf27c78ea025fbdb44e914cc63c72249ffec9dc8aafd5c82b26240ef3f346?s=96&d=mm&r=g","caption":"Redazione"},"url":"https:\/\/www.rassegnastampa-totustuus.it\/cattolica\/author\/pietroelle\/"}]}},"_links":{"self":[{"href":"https:\/\/www.rassegnastampa-totustuus.it\/cattolica\/wp-json\/wp\/v2\/posts\/1397","targetHints":{"allow":["GET"]}}],"collection":[{"href":"https:\/\/www.rassegnastampa-totustuus.it\/cattolica\/wp-json\/wp\/v2\/posts"}],"about":[{"href":"https:\/\/www.rassegnastampa-totustuus.it\/cattolica\/wp-json\/wp\/v2\/types\/post"}],"author":[{"embeddable":true,"href":"https:\/\/www.rassegnastampa-totustuus.it\/cattolica\/wp-json\/wp\/v2\/users\/6"}],"replies":[{"embeddable":true,"href":"https:\/\/www.rassegnastampa-totustuus.it\/cattolica\/wp-json\/wp\/v2\/comments?post=1397"}],"version-history":[{"count":4,"href":"https:\/\/www.rassegnastampa-totustuus.it\/cattolica\/wp-json\/wp\/v2\/posts\/1397\/revisions"}],"predecessor-version":[{"id":31230,"href":"https:\/\/www.rassegnastampa-totustuus.it\/cattolica\/wp-json\/wp\/v2\/posts\/1397\/revisions\/31230"}],"wp:featuredmedia":[{"embeddable":true,"href":"https:\/\/www.rassegnastampa-totustuus.it\/cattolica\/wp-json\/wp\/v2\/media\/31228"}],"wp:attachment":[{"href":"https:\/\/www.rassegnastampa-totustuus.it\/cattolica\/wp-json\/wp\/v2\/media?parent=1397"}],"wp:term":[{"taxonomy":"category","embeddable":true,"href":"https:\/\/www.rassegnastampa-totustuus.it\/cattolica\/wp-json\/wp\/v2\/categories?post=1397"},{"taxonomy":"post_tag","embeddable":true,"href":"https:\/\/www.rassegnastampa-totustuus.it\/cattolica\/wp-json\/wp\/v2\/tags?post=1397"}],"curies":[{"name":"wp","href":"https:\/\/api.w.org\/{rel}","templated":true}]}}