{"id":13739,"date":"2014-11-27T00:00:56","date_gmt":"2014-11-26T23:00:56","guid":{"rendered":"http:\/\/www.rassegnastampa-totustuus.it\/cattolica\/?p=13739"},"modified":"2014-11-20T14:08:22","modified_gmt":"2014-11-20T13:08:22","slug":"il-padre-dovera-intervista-allo-psicanalista-giancarlo-ricci","status":"publish","type":"post","link":"https:\/\/www.rassegnastampa-totustuus.it\/cattolica\/il-padre-dovera-intervista-allo-psicanalista-giancarlo-ricci\/","title":{"rendered":"Il padre dov\u2019era. Intervista allo psicanalista Giancarlo Ricci"},"content":{"rendered":"<p style=\"text-align: center;\"><strong><a href=\"https:\/\/www.rassegnastampa-totustuus.it\/cattolica\/wp-content\/uploads\/2014\/11\/il-padre-dovera_cover.jpg\"><img loading=\"lazy\" decoding=\"async\" class=\"alignleft wp-image-13740\" src=\"https:\/\/www.rassegnastampa-totustuus.it\/cattolica\/wp-content\/uploads\/2014\/11\/il-padre-dovera_cover-171x300.jpg\" alt=\"il-padre-dovera_cover\" width=\"115\" height=\"200\" \/><\/a>Tempi<\/strong> 16 febbraio 2014<\/p>\n<p style=\"text-align: justify;\"><em>Lo psicanalista Giancarlo Ricci spiega che l\u2019assenza di limiti posti dal maschio \u00abha snaturato la madre e i figli che non sanno pi\u00f9 la via per essere felici\u00bb<\/em><\/p>\n<p style=\"text-align: center;\">di <strong>Benedetta Frigerio<\/strong><\/p>\n<p style=\"text-align: justify;\">ll 33 per cento dei giovani italiani, tra i 18 ai 30 anni, rispondendo alle domande del questionario dell\u2019Istituto Toniolo dell\u2019Universit\u00e0 Cattolica del Sacro Cuore ha risposto che il loro punto di riferimento primario \u00e8 la madre. La ricerca, presentata in occasione del XIII Congresso della Cei per la pastorale giovanile, mette al secondo posto i ragazzi che si affidano agli amici (26 per cento), al terzo quelli che confidano nei partner (14). Mentre solo il 9 per cento pensa che la figura di riferimento sia il padre.<\/p>\n<p style=\"text-align: justify;\"><!--more--><\/p>\n<p style=\"text-align: justify;\">Per lo psicanalista Giancarlo Ricci, autore del libro <em>Il padre dov\u2019era<\/em>, lo spaccato che emerge \u00e8 \u00abpi\u00f9 allarmante di quanto sembri: oggi la figura del padre \u00e8 venuta meno e di conseguenza anche quella della madre e del figlio. Senza padri che siano tali, i figli non imparano la strada per raggiungere il massimo a cui ogni essere umano aspira. Non a caso, siamo pieni di giovani stanchi che si accontentano di soddisfare compulsivamente voglie parziali\u00bb. Con un esito terribile: \u00abIl godimento senza limiti ci porta alla morte\u00bb.<\/p>\n<p style=\"text-align: justify;\"><strong>Ricci, da dove nasce questo attaccamento prevalente alla madre?<\/strong><\/p>\n<p style=\"text-align: justify;\">Dall\u2019imbroglio del femminismo: per sfuggire ai famosi padri padroni, anzich\u00e9 cercare il vero volto del padre, lo si \u00e8 cancellato. Nella nostra epoca si assiste infatti a un indebolimento crescente della figura paterna. Non \u00e8 un assenza solo fisica, ma della natura maschile svilita e quindi incapace di porre dei limiti, innanzitutto al rapporto tra il figlio e la madre altrimenti simbiotico: questa la funzione normativa necessaria nella struttura di sviluppo edipica del bambino.<\/p>\n<p style=\"text-align: justify;\">Per descrivere cosa intendo uso la figura sapienziale dell\u2019Eden in cui Dio, padre buono, dice ai suoi figli: \u00abPotete mangiare tutti i frutti tranne uno\u00bb. Non perch\u00e9 quell\u2019albero abbia le mele pi\u00f9 buone ma perch\u00e9 se la creatura cerca di farsi creatore, se non dipende da ci\u00f2 per cui \u00e8 fatta, si snatura e si fa del male. Allo stesso modo senza limiti paterni che vietino la simbiosi, il rapporto madre e figlio diventa incestuso. Il bambino sar\u00e0 dipendente da lei e, ricattato, sar\u00e0 incapace di allontanarsi da chi lo ha cresciuto per riempire il suo vuoto.<\/p>\n<p style=\"text-align: justify;\">Un figlio cos\u00ec crescer\u00e0 incapace di amare un\u2019altra donna. Ecco l\u2019omosessualit\u00e0 dilagante. Pasolini in una poesia intitolata \u201cSupplica a mia madre\u201d scrisse: \u00abPer questo devo dirti ci\u00f2 ch\u2019\u00e8 orrendo conoscere:\/\u00e8 dentro la tua grazia che nasce la mia angoscia.\/ Sei insostituibile. Per questo \u00e8 dannata\/ alla solitudine la vita che mi hai dato.\/ E non voglio esser solo. Ho un\u2019infinita fame\/d\u2019amore, dell\u2019amore di corpi senza anima\u00bb.<\/p>\n<p style=\"text-align: justify;\"><strong>Questa assenza di limiti quali conseguenze patologiche genera?<\/strong><\/p>\n<p style=\"text-align: justify;\">Il godimento mortifero compulsivo, come la dipendenza dalla droga, dal cibo, dal sesso e dalla pornografia. Se nella vita psichica oltre al piacere non si accetta il dispiacere, la frustrazione e l\u2019attesa si cerca di soddisfare tutto subito. Ma, siccome non \u00e8 possibile appagare il desiderio umano in un istante, si finisce per accontentarsi di qualcosa che non basta. Si pensi alla pornografia.\u00c8 facilissimo trovare giovani depressi e demotivati che cercano una soluzione immediata nella pornografia. Mi dicono: \u00abQualsiasi fantasia mi venga la inseguo: mi metto in chat e il mio desiderio si realizza subito, ma poi mi sento a terra e vorrei sprofondare in un abisso\u00bb.<\/p>\n<p style=\"text-align: justify;\">Evitano il rapporto pi\u00f9 faticoso, ma veramente appagante, con una donna reale. Ma i danni sono anche civili: dalla riduzione del desiderio sessuale ai soli atti sessuali dipende anche la mancanza di bellezza e creativit\u00e0 che si riscontrano nella nostra societ\u00e0. Non sappiamo pi\u00f9 costruire cattedrali, comporre musica, dipingere opere d\u2019arte perch\u00e9 non sublimiamo pi\u00f9 la sessualit\u00e0 con ogni attivit\u00e0.<\/p>\n<p style=\"text-align: justify;\"><strong>Cosa pensa di quello che potrebbe accadere se fosse legalizzata l\u2019adozione da parte di coppie dello steso sesso?<\/strong><\/p>\n<p style=\"text-align: justify;\">L\u2019assenza del padre che guarda al figlio come maschio capace di guidare e proteggere e della madre che guarda la figlia come femmina capace di accogliere, toglie al bambino la possibilit\u00e0 di avere un\u2019identit\u00e0 precisa e limitata. Ecco perch\u00e9 abbiamo gente sempre pi\u00f9 fragile, con poco amor proprio, con una bassa stima di s\u00e9, incapace di accettare rimproveri, fatiche e quindi di ottenere risultati appaganti. I sentimenti amorevoli non bastano a crescere figli sani.<\/p>\n<p style=\"text-align: justify;\"><strong>Sostituire il padre e la madre con l\u2019espressione<\/strong> <strong>\u201cgenitore 1\u201d e \u201cgenitore 2\u201d che conseguenze comporta?<\/strong><\/p>\n<p style=\"text-align: justify;\">Il padre come simbolo di tradizione, autorit\u00e0 e discendenza \u00e8 sempre stato centrale nella nostra civilt\u00e0. Noi portiamo il nome del padre a fianco del nostro. Il diritto romano, perno dell\u2019edificio della grande civilt\u00e0 europea, \u00e8 tutto incentrato sulla figura paterna. Ecco perch\u00e9 le nuove ideologie nate dal rifiuto dal padre, come quella femminista e quella del gender che da essa discende, cercano di smantellare il diritto romano. La conseguenza \u00e8 la dittatura del desiderio senza limiti e dagli effetti mortiferi che sono sotto gli occhi di tutti.<\/p>\n<p style=\"text-align: justify;\"><strong>Abbiamo parlato di una madre che vuole possedere il figlio. Ma \u00e8 questa la vera madre?<\/strong><\/p>\n<p style=\"text-align: justify;\">Senza veri padri non esistono madri vere e quindi neppure figli veri. Anche per la donna sono guai senza un terzo: allontanando l\u2019uomo maschio, non solo fisicamente ma simbolicamente, rimane sola e quindi cerca un sostituto in altro, nei figli. Sono molte le mamme che li mettono al mondo come oggetti utili a colmare le proprie mancanze. \u00c8 qui che si rivela l\u2019inganno del femminismo. La madre non \u00e8 pi\u00f9 colei che, amando il padre, accoglie il figlio per poi separarsene e lasciarlo vivere, ma \u00e8 una madre divorante. Come si vede in tante separazioni, in cui le mogli tengono i figli stretti a s\u00e9 come oggetti e li mettono contro i loro padri.<\/p>\n<p style=\"text-align: justify;\"><strong>I figli come oggetti. Complice il consumismo?<\/strong><\/p>\n<p style=\"text-align: justify;\">Il consumismo \u00e8 una conseguenza della perdita del padre, del senso, della meta e quindi della strada per raggiungerla: l\u2019unico scopo rimane quello di soddisfare le piccole voglie di cui dicevo prima. Ecco, ad esempio, il surrogato della fecondazione assistita con cui una donna fa i figli per s\u00e9 <strong><a href=\"http:\/\/www.tempi.it\/storia-tragicomica-di-fecondazione-assistita-madri-single-donatori-di-sperma-convertiti-e-prodotti-alias-bambini#.Uv4kGUoWUpA\" target=\"_blank\"><strong>anche senza l\u2019uomo<\/strong><\/a>.<\/strong> Il problema \u00e8 che questo rapporto di simbiosi incestuosa e di possesso oltre alla diffusione dell\u2019omosessualit\u00e0, genera anche la pedofilia: un rapporto d\u2019amore morboso con il bambino che non implica per forza il sesso, di cui quello sessuale non \u00e8 l\u2019unica forma.<\/p>\n<p style=\"text-align: justify;\"><strong>Lei sostiene che, oltre che di attenzione, il figlio ha bisogno di crescere con una madre e un padre che si sostengono. Pu\u00f2 spiegare perch\u00e9?<\/strong><\/p>\n<p style=\"text-align: justify;\">Sono tante le persone in terapia che soffrono perch\u00e9 non vedono una figura maschile e una femminile diversi e complici. Questo \u00e8 triste perch\u00e9 l\u2019uomo e la donna sono fatti per completarsi. Non c\u2019\u00e8 nulla da fare: la donna \u00e8 felice se accoglie, se ama, l\u2019uomo se protegge e guida ponendo i limiti. Solo con una madre e un padre che accettano e amano ci\u00f2 che sono il figlio pu\u00f2 essere sereno e, guardandoli, imparer\u00e0 a fare al altrettanto. Ecco perch\u00e9 l\u2019educazione gender ora nelle scuole, che insegna ai bambini l\u2019indifferenza fra sessi, li condanner\u00e0 all\u2019infelicita e al dolore. Negandogli di conoscere e accedere alla via per realizzarsi.<\/p>\n","protected":false},"excerpt":{"rendered":"<p>Tempi 16 febbraio 2014 Lo psicanalista Giancarlo Ricci spiega che l\u2019assenza di limiti posti dal maschio \u00abha snaturato la madre e i figli che non sanno pi\u00f9 la via per essere felici\u00bb di Benedetta Frigerio ll 33 per cento dei giovani italiani, tra i 18 ai 30 anni, rispondendo alle domande del questionario dell\u2019Istituto Toniolo &hellip; <\/p>\n<p><a class=\"more-link btn\" href=\"https:\/\/www.rassegnastampa-totustuus.it\/cattolica\/il-padre-dovera-intervista-allo-psicanalista-giancarlo-ricci\/\">Continua a leggere<\/a><\/p>\n","protected":false},"author":6,"featured_media":13740,"comment_status":"closed","ping_status":"closed","sticky":false,"template":"","format":"standard","meta":{"footnotes":""},"categories":[15,125,48],"tags":[156,437,856],"class_list":["post-13739","post","type-post","status-publish","format-standard","has-post-thumbnail","hentry","category-famiglia","category-ideologia-del-gender","category-omosessualit","tag-famiglia-2","tag-ideologia-del-gender-2","tag-padre","item-wrap"],"yoast_head":"<!-- This site is optimized with the Yoast SEO plugin v27.5 - https:\/\/yoast.com\/product\/yoast-seo-wordpress\/ -->\n<title>Il padre dov\u2019era. Intervista allo psicanalista Giancarlo Ricci - Rassegna Stampa Cattolica<\/title>\n<meta name=\"description\" content=\"Rassegna Stampa Cattolica - Per una cultura che nasce dalla Rivelazione cristiana in conformit\u00e0 alla tradizione e al Magistero della Chiesa in opposizione ad ogni relativismo e totalitarismo\" \/>\n<meta name=\"robots\" content=\"index, follow, max-snippet:-1, max-image-preview:large, max-video-preview:-1\" \/>\n<link rel=\"canonical\" href=\"https:\/\/www.rassegnastampa-totustuus.it\/cattolica\/il-padre-dovera-intervista-allo-psicanalista-giancarlo-ricci\/\" \/>\n<meta property=\"og:locale\" content=\"it_IT\" \/>\n<meta property=\"og:type\" content=\"article\" \/>\n<meta property=\"og:title\" content=\"Il padre dov\u2019era. Intervista allo psicanalista Giancarlo Ricci - Rassegna Stampa Cattolica\" \/>\n<meta property=\"og:description\" content=\"Rassegna Stampa Cattolica - Per una cultura che nasce dalla Rivelazione cristiana in conformit\u00e0 alla tradizione e al Magistero della Chiesa in opposizione ad ogni relativismo e totalitarismo\" \/>\n<meta property=\"og:url\" content=\"https:\/\/www.rassegnastampa-totustuus.it\/cattolica\/il-padre-dovera-intervista-allo-psicanalista-giancarlo-ricci\/\" \/>\n<meta property=\"og:site_name\" content=\"Rassegna Stampa Cattolica\" \/>\n<meta property=\"article:publisher\" content=\"https:\/\/www.facebook.com\/rassegnastampacattolica\" \/>\n<meta property=\"article:published_time\" content=\"2014-11-26T23:00:56+00:00\" \/>\n<meta property=\"og:image\" content=\"https:\/\/www.rassegnastampa-totustuus.it\/cattolica\/wp-content\/uploads\/2014\/11\/il-padre-dovera_cover.jpg\" \/>\n\t<meta property=\"og:image:width\" content=\"587\" \/>\n\t<meta property=\"og:image:height\" content=\"1024\" \/>\n\t<meta property=\"og:image:type\" content=\"image\/jpeg\" \/>\n<meta name=\"author\" content=\"Redazione\" \/>\n<meta name=\"twitter:card\" content=\"summary_large_image\" \/>\n<meta name=\"twitter:creator\" content=\"@rassegnastampa9\" \/>\n<meta name=\"twitter:site\" content=\"@rassegnastampa9\" \/>\n<meta name=\"twitter:label1\" content=\"Scritto da\" \/>\n\t<meta name=\"twitter:data1\" content=\"Redazione\" \/>\n\t<meta name=\"twitter:label2\" content=\"Tempo di lettura stimato\" \/>\n\t<meta name=\"twitter:data2\" content=\"6 minuti\" \/>\n<script type=\"application\/ld+json\" class=\"yoast-schema-graph\">{\"@context\":\"https:\\\/\\\/schema.org\",\"@graph\":[{\"@type\":\"Article\",\"@id\":\"https:\\\/\\\/www.rassegnastampa-totustuus.it\\\/cattolica\\\/il-padre-dovera-intervista-allo-psicanalista-giancarlo-ricci\\\/#article\",\"isPartOf\":{\"@id\":\"https:\\\/\\\/www.rassegnastampa-totustuus.it\\\/cattolica\\\/il-padre-dovera-intervista-allo-psicanalista-giancarlo-ricci\\\/\"},\"author\":{\"name\":\"Redazione\",\"@id\":\"https:\\\/\\\/www.rassegnastampa-totustuus.it\\\/cattolica\\\/#\\\/schema\\\/person\\\/08f319d2bd1a0904ad9e2bfb7b15e5c3\"},\"headline\":\"Il padre dov\u2019era. Intervista allo psicanalista Giancarlo Ricci\",\"datePublished\":\"2014-11-26T23:00:56+00:00\",\"mainEntityOfPage\":{\"@id\":\"https:\\\/\\\/www.rassegnastampa-totustuus.it\\\/cattolica\\\/il-padre-dovera-intervista-allo-psicanalista-giancarlo-ricci\\\/\"},\"wordCount\":1203,\"publisher\":{\"@id\":\"https:\\\/\\\/www.rassegnastampa-totustuus.it\\\/cattolica\\\/#organization\"},\"image\":{\"@id\":\"https:\\\/\\\/www.rassegnastampa-totustuus.it\\\/cattolica\\\/il-padre-dovera-intervista-allo-psicanalista-giancarlo-ricci\\\/#primaryimage\"},\"thumbnailUrl\":\"https:\\\/\\\/www.rassegnastampa-totustuus.it\\\/cattolica\\\/wp-content\\\/uploads\\\/2014\\\/11\\\/il-padre-dovera_cover.jpg\",\"keywords\":[\"famiglia\",\"ideologia del gender\",\"padre\"],\"articleSection\":[\"Famiglia\",\"Ideologia del gender\",\"Omosessualit&agrave;\"],\"inLanguage\":\"it-IT\"},{\"@type\":\"WebPage\",\"@id\":\"https:\\\/\\\/www.rassegnastampa-totustuus.it\\\/cattolica\\\/il-padre-dovera-intervista-allo-psicanalista-giancarlo-ricci\\\/\",\"url\":\"https:\\\/\\\/www.rassegnastampa-totustuus.it\\\/cattolica\\\/il-padre-dovera-intervista-allo-psicanalista-giancarlo-ricci\\\/\",\"name\":\"Il padre dov\u2019era. Intervista allo psicanalista Giancarlo Ricci - Rassegna Stampa Cattolica\",\"isPartOf\":{\"@id\":\"https:\\\/\\\/www.rassegnastampa-totustuus.it\\\/cattolica\\\/#website\"},\"primaryImageOfPage\":{\"@id\":\"https:\\\/\\\/www.rassegnastampa-totustuus.it\\\/cattolica\\\/il-padre-dovera-intervista-allo-psicanalista-giancarlo-ricci\\\/#primaryimage\"},\"image\":{\"@id\":\"https:\\\/\\\/www.rassegnastampa-totustuus.it\\\/cattolica\\\/il-padre-dovera-intervista-allo-psicanalista-giancarlo-ricci\\\/#primaryimage\"},\"thumbnailUrl\":\"https:\\\/\\\/www.rassegnastampa-totustuus.it\\\/cattolica\\\/wp-content\\\/uploads\\\/2014\\\/11\\\/il-padre-dovera_cover.jpg\",\"datePublished\":\"2014-11-26T23:00:56+00:00\",\"description\":\"Rassegna Stampa Cattolica - Per una cultura che nasce dalla Rivelazione cristiana in conformit\u00e0 alla tradizione e al Magistero della Chiesa in opposizione ad ogni relativismo e totalitarismo\",\"breadcrumb\":{\"@id\":\"https:\\\/\\\/www.rassegnastampa-totustuus.it\\\/cattolica\\\/il-padre-dovera-intervista-allo-psicanalista-giancarlo-ricci\\\/#breadcrumb\"},\"inLanguage\":\"it-IT\",\"potentialAction\":[{\"@type\":\"ReadAction\",\"target\":[\"https:\\\/\\\/www.rassegnastampa-totustuus.it\\\/cattolica\\\/il-padre-dovera-intervista-allo-psicanalista-giancarlo-ricci\\\/\"]}]},{\"@type\":\"ImageObject\",\"inLanguage\":\"it-IT\",\"@id\":\"https:\\\/\\\/www.rassegnastampa-totustuus.it\\\/cattolica\\\/il-padre-dovera-intervista-allo-psicanalista-giancarlo-ricci\\\/#primaryimage\",\"url\":\"https:\\\/\\\/www.rassegnastampa-totustuus.it\\\/cattolica\\\/wp-content\\\/uploads\\\/2014\\\/11\\\/il-padre-dovera_cover.jpg\",\"contentUrl\":\"https:\\\/\\\/www.rassegnastampa-totustuus.it\\\/cattolica\\\/wp-content\\\/uploads\\\/2014\\\/11\\\/il-padre-dovera_cover.jpg\",\"width\":587,\"height\":1024},{\"@type\":\"BreadcrumbList\",\"@id\":\"https:\\\/\\\/www.rassegnastampa-totustuus.it\\\/cattolica\\\/il-padre-dovera-intervista-allo-psicanalista-giancarlo-ricci\\\/#breadcrumb\",\"itemListElement\":[{\"@type\":\"ListItem\",\"position\":1,\"name\":\"Home\",\"item\":\"https:\\\/\\\/www.rassegnastampa-totustuus.it\\\/cattolica\\\/\"},{\"@type\":\"ListItem\",\"position\":2,\"name\":\"Il padre dov\u2019era. Intervista allo psicanalista Giancarlo Ricci\"}]},{\"@type\":\"WebSite\",\"@id\":\"https:\\\/\\\/www.rassegnastampa-totustuus.it\\\/cattolica\\\/#website\",\"url\":\"https:\\\/\\\/www.rassegnastampa-totustuus.it\\\/cattolica\\\/\",\"name\":\"Rassegna Stampa Cattolica\",\"description\":\"Per una cultura che nasce dalla Rivelazione cristiana in conformit\u00e0 alla tradizione e al Magistero della Chiesa in opposizione ad ogni relativismo e totalitarismo\",\"publisher\":{\"@id\":\"https:\\\/\\\/www.rassegnastampa-totustuus.it\\\/cattolica\\\/#organization\"},\"alternateName\":\"Rass. Cattolica\",\"potentialAction\":[{\"@type\":\"SearchAction\",\"target\":{\"@type\":\"EntryPoint\",\"urlTemplate\":\"https:\\\/\\\/www.rassegnastampa-totustuus.it\\\/cattolica\\\/?s={search_term_string}\"},\"query-input\":{\"@type\":\"PropertyValueSpecification\",\"valueRequired\":true,\"valueName\":\"search_term_string\"}}],\"inLanguage\":\"it-IT\"},{\"@type\":\"Organization\",\"@id\":\"https:\\\/\\\/www.rassegnastampa-totustuus.it\\\/cattolica\\\/#organization\",\"name\":\"Rassegna Stampa Cattolica\",\"url\":\"https:\\\/\\\/www.rassegnastampa-totustuus.it\\\/cattolica\\\/\",\"logo\":{\"@type\":\"ImageObject\",\"inLanguage\":\"it-IT\",\"@id\":\"https:\\\/\\\/www.rassegnastampa-totustuus.it\\\/cattolica\\\/#\\\/schema\\\/logo\\\/image\\\/\",\"url\":\"https:\\\/\\\/www.rassegnastampa-totustuus.it\\\/cattolica\\\/wp-content\\\/uploads\\\/2014\\\/04\\\/logo-rassegna1.gif\",\"contentUrl\":\"https:\\\/\\\/www.rassegnastampa-totustuus.it\\\/cattolica\\\/wp-content\\\/uploads\\\/2014\\\/04\\\/logo-rassegna1.gif\",\"width\":600,\"height\":163,\"caption\":\"Rassegna Stampa Cattolica\"},\"image\":{\"@id\":\"https:\\\/\\\/www.rassegnastampa-totustuus.it\\\/cattolica\\\/#\\\/schema\\\/logo\\\/image\\\/\"},\"sameAs\":[\"https:\\\/\\\/www.facebook.com\\\/rassegnastampacattolica\",\"https:\\\/\\\/x.com\\\/rassegnastampa9\"]},{\"@type\":\"Person\",\"@id\":\"https:\\\/\\\/www.rassegnastampa-totustuus.it\\\/cattolica\\\/#\\\/schema\\\/person\\\/08f319d2bd1a0904ad9e2bfb7b15e5c3\",\"name\":\"Redazione\",\"image\":{\"@type\":\"ImageObject\",\"inLanguage\":\"it-IT\",\"@id\":\"https:\\\/\\\/secure.gravatar.com\\\/avatar\\\/2fcdf27c78ea025fbdb44e914cc63c72249ffec9dc8aafd5c82b26240ef3f346?s=96&d=mm&r=g\",\"url\":\"https:\\\/\\\/secure.gravatar.com\\\/avatar\\\/2fcdf27c78ea025fbdb44e914cc63c72249ffec9dc8aafd5c82b26240ef3f346?s=96&d=mm&r=g\",\"contentUrl\":\"https:\\\/\\\/secure.gravatar.com\\\/avatar\\\/2fcdf27c78ea025fbdb44e914cc63c72249ffec9dc8aafd5c82b26240ef3f346?s=96&d=mm&r=g\",\"caption\":\"Redazione\"},\"url\":\"https:\\\/\\\/www.rassegnastampa-totustuus.it\\\/cattolica\\\/author\\\/pietroelle\\\/\"}]}<\/script>\n<!-- \/ Yoast SEO plugin. -->","yoast_head_json":{"title":"Il padre dov\u2019era. Intervista allo psicanalista Giancarlo Ricci - Rassegna Stampa Cattolica","description":"Rassegna Stampa Cattolica - Per una cultura che nasce dalla Rivelazione cristiana in conformit\u00e0 alla tradizione e al Magistero della Chiesa in opposizione ad ogni relativismo e totalitarismo","robots":{"index":"index","follow":"follow","max-snippet":"max-snippet:-1","max-image-preview":"max-image-preview:large","max-video-preview":"max-video-preview:-1"},"canonical":"https:\/\/www.rassegnastampa-totustuus.it\/cattolica\/il-padre-dovera-intervista-allo-psicanalista-giancarlo-ricci\/","og_locale":"it_IT","og_type":"article","og_title":"Il padre dov\u2019era. Intervista allo psicanalista Giancarlo Ricci - Rassegna Stampa Cattolica","og_description":"Rassegna Stampa Cattolica - Per una cultura che nasce dalla Rivelazione cristiana in conformit\u00e0 alla tradizione e al Magistero della Chiesa in opposizione ad ogni relativismo e totalitarismo","og_url":"https:\/\/www.rassegnastampa-totustuus.it\/cattolica\/il-padre-dovera-intervista-allo-psicanalista-giancarlo-ricci\/","og_site_name":"Rassegna Stampa Cattolica","article_publisher":"https:\/\/www.facebook.com\/rassegnastampacattolica","article_published_time":"2014-11-26T23:00:56+00:00","og_image":[{"width":587,"height":1024,"url":"https:\/\/www.rassegnastampa-totustuus.it\/cattolica\/wp-content\/uploads\/2014\/11\/il-padre-dovera_cover.jpg","type":"image\/jpeg"}],"author":"Redazione","twitter_card":"summary_large_image","twitter_creator":"@rassegnastampa9","twitter_site":"@rassegnastampa9","twitter_misc":{"Scritto da":"Redazione","Tempo di lettura stimato":"6 minuti"},"schema":{"@context":"https:\/\/schema.org","@graph":[{"@type":"Article","@id":"https:\/\/www.rassegnastampa-totustuus.it\/cattolica\/il-padre-dovera-intervista-allo-psicanalista-giancarlo-ricci\/#article","isPartOf":{"@id":"https:\/\/www.rassegnastampa-totustuus.it\/cattolica\/il-padre-dovera-intervista-allo-psicanalista-giancarlo-ricci\/"},"author":{"name":"Redazione","@id":"https:\/\/www.rassegnastampa-totustuus.it\/cattolica\/#\/schema\/person\/08f319d2bd1a0904ad9e2bfb7b15e5c3"},"headline":"Il padre dov\u2019era. Intervista allo psicanalista Giancarlo Ricci","datePublished":"2014-11-26T23:00:56+00:00","mainEntityOfPage":{"@id":"https:\/\/www.rassegnastampa-totustuus.it\/cattolica\/il-padre-dovera-intervista-allo-psicanalista-giancarlo-ricci\/"},"wordCount":1203,"publisher":{"@id":"https:\/\/www.rassegnastampa-totustuus.it\/cattolica\/#organization"},"image":{"@id":"https:\/\/www.rassegnastampa-totustuus.it\/cattolica\/il-padre-dovera-intervista-allo-psicanalista-giancarlo-ricci\/#primaryimage"},"thumbnailUrl":"https:\/\/www.rassegnastampa-totustuus.it\/cattolica\/wp-content\/uploads\/2014\/11\/il-padre-dovera_cover.jpg","keywords":["famiglia","ideologia del gender","padre"],"articleSection":["Famiglia","Ideologia del gender","Omosessualit&agrave;"],"inLanguage":"it-IT"},{"@type":"WebPage","@id":"https:\/\/www.rassegnastampa-totustuus.it\/cattolica\/il-padre-dovera-intervista-allo-psicanalista-giancarlo-ricci\/","url":"https:\/\/www.rassegnastampa-totustuus.it\/cattolica\/il-padre-dovera-intervista-allo-psicanalista-giancarlo-ricci\/","name":"Il padre dov\u2019era. Intervista allo psicanalista Giancarlo Ricci - Rassegna Stampa Cattolica","isPartOf":{"@id":"https:\/\/www.rassegnastampa-totustuus.it\/cattolica\/#website"},"primaryImageOfPage":{"@id":"https:\/\/www.rassegnastampa-totustuus.it\/cattolica\/il-padre-dovera-intervista-allo-psicanalista-giancarlo-ricci\/#primaryimage"},"image":{"@id":"https:\/\/www.rassegnastampa-totustuus.it\/cattolica\/il-padre-dovera-intervista-allo-psicanalista-giancarlo-ricci\/#primaryimage"},"thumbnailUrl":"https:\/\/www.rassegnastampa-totustuus.it\/cattolica\/wp-content\/uploads\/2014\/11\/il-padre-dovera_cover.jpg","datePublished":"2014-11-26T23:00:56+00:00","description":"Rassegna Stampa Cattolica - Per una cultura che nasce dalla Rivelazione cristiana in conformit\u00e0 alla tradizione e al Magistero della Chiesa in opposizione ad ogni relativismo e totalitarismo","breadcrumb":{"@id":"https:\/\/www.rassegnastampa-totustuus.it\/cattolica\/il-padre-dovera-intervista-allo-psicanalista-giancarlo-ricci\/#breadcrumb"},"inLanguage":"it-IT","potentialAction":[{"@type":"ReadAction","target":["https:\/\/www.rassegnastampa-totustuus.it\/cattolica\/il-padre-dovera-intervista-allo-psicanalista-giancarlo-ricci\/"]}]},{"@type":"ImageObject","inLanguage":"it-IT","@id":"https:\/\/www.rassegnastampa-totustuus.it\/cattolica\/il-padre-dovera-intervista-allo-psicanalista-giancarlo-ricci\/#primaryimage","url":"https:\/\/www.rassegnastampa-totustuus.it\/cattolica\/wp-content\/uploads\/2014\/11\/il-padre-dovera_cover.jpg","contentUrl":"https:\/\/www.rassegnastampa-totustuus.it\/cattolica\/wp-content\/uploads\/2014\/11\/il-padre-dovera_cover.jpg","width":587,"height":1024},{"@type":"BreadcrumbList","@id":"https:\/\/www.rassegnastampa-totustuus.it\/cattolica\/il-padre-dovera-intervista-allo-psicanalista-giancarlo-ricci\/#breadcrumb","itemListElement":[{"@type":"ListItem","position":1,"name":"Home","item":"https:\/\/www.rassegnastampa-totustuus.it\/cattolica\/"},{"@type":"ListItem","position":2,"name":"Il padre dov\u2019era. Intervista allo psicanalista Giancarlo Ricci"}]},{"@type":"WebSite","@id":"https:\/\/www.rassegnastampa-totustuus.it\/cattolica\/#website","url":"https:\/\/www.rassegnastampa-totustuus.it\/cattolica\/","name":"Rassegna Stampa Cattolica","description":"Per una cultura che nasce dalla Rivelazione cristiana in conformit\u00e0 alla tradizione e al Magistero della Chiesa in opposizione ad ogni relativismo e totalitarismo","publisher":{"@id":"https:\/\/www.rassegnastampa-totustuus.it\/cattolica\/#organization"},"alternateName":"Rass. Cattolica","potentialAction":[{"@type":"SearchAction","target":{"@type":"EntryPoint","urlTemplate":"https:\/\/www.rassegnastampa-totustuus.it\/cattolica\/?s={search_term_string}"},"query-input":{"@type":"PropertyValueSpecification","valueRequired":true,"valueName":"search_term_string"}}],"inLanguage":"it-IT"},{"@type":"Organization","@id":"https:\/\/www.rassegnastampa-totustuus.it\/cattolica\/#organization","name":"Rassegna Stampa Cattolica","url":"https:\/\/www.rassegnastampa-totustuus.it\/cattolica\/","logo":{"@type":"ImageObject","inLanguage":"it-IT","@id":"https:\/\/www.rassegnastampa-totustuus.it\/cattolica\/#\/schema\/logo\/image\/","url":"https:\/\/www.rassegnastampa-totustuus.it\/cattolica\/wp-content\/uploads\/2014\/04\/logo-rassegna1.gif","contentUrl":"https:\/\/www.rassegnastampa-totustuus.it\/cattolica\/wp-content\/uploads\/2014\/04\/logo-rassegna1.gif","width":600,"height":163,"caption":"Rassegna Stampa Cattolica"},"image":{"@id":"https:\/\/www.rassegnastampa-totustuus.it\/cattolica\/#\/schema\/logo\/image\/"},"sameAs":["https:\/\/www.facebook.com\/rassegnastampacattolica","https:\/\/x.com\/rassegnastampa9"]},{"@type":"Person","@id":"https:\/\/www.rassegnastampa-totustuus.it\/cattolica\/#\/schema\/person\/08f319d2bd1a0904ad9e2bfb7b15e5c3","name":"Redazione","image":{"@type":"ImageObject","inLanguage":"it-IT","@id":"https:\/\/secure.gravatar.com\/avatar\/2fcdf27c78ea025fbdb44e914cc63c72249ffec9dc8aafd5c82b26240ef3f346?s=96&d=mm&r=g","url":"https:\/\/secure.gravatar.com\/avatar\/2fcdf27c78ea025fbdb44e914cc63c72249ffec9dc8aafd5c82b26240ef3f346?s=96&d=mm&r=g","contentUrl":"https:\/\/secure.gravatar.com\/avatar\/2fcdf27c78ea025fbdb44e914cc63c72249ffec9dc8aafd5c82b26240ef3f346?s=96&d=mm&r=g","caption":"Redazione"},"url":"https:\/\/www.rassegnastampa-totustuus.it\/cattolica\/author\/pietroelle\/"}]}},"_links":{"self":[{"href":"https:\/\/www.rassegnastampa-totustuus.it\/cattolica\/wp-json\/wp\/v2\/posts\/13739","targetHints":{"allow":["GET"]}}],"collection":[{"href":"https:\/\/www.rassegnastampa-totustuus.it\/cattolica\/wp-json\/wp\/v2\/posts"}],"about":[{"href":"https:\/\/www.rassegnastampa-totustuus.it\/cattolica\/wp-json\/wp\/v2\/types\/post"}],"author":[{"embeddable":true,"href":"https:\/\/www.rassegnastampa-totustuus.it\/cattolica\/wp-json\/wp\/v2\/users\/6"}],"replies":[{"embeddable":true,"href":"https:\/\/www.rassegnastampa-totustuus.it\/cattolica\/wp-json\/wp\/v2\/comments?post=13739"}],"version-history":[{"count":1,"href":"https:\/\/www.rassegnastampa-totustuus.it\/cattolica\/wp-json\/wp\/v2\/posts\/13739\/revisions"}],"predecessor-version":[{"id":13741,"href":"https:\/\/www.rassegnastampa-totustuus.it\/cattolica\/wp-json\/wp\/v2\/posts\/13739\/revisions\/13741"}],"wp:featuredmedia":[{"embeddable":true,"href":"https:\/\/www.rassegnastampa-totustuus.it\/cattolica\/wp-json\/wp\/v2\/media\/13740"}],"wp:attachment":[{"href":"https:\/\/www.rassegnastampa-totustuus.it\/cattolica\/wp-json\/wp\/v2\/media?parent=13739"}],"wp:term":[{"taxonomy":"category","embeddable":true,"href":"https:\/\/www.rassegnastampa-totustuus.it\/cattolica\/wp-json\/wp\/v2\/categories?post=13739"},{"taxonomy":"post_tag","embeddable":true,"href":"https:\/\/www.rassegnastampa-totustuus.it\/cattolica\/wp-json\/wp\/v2\/tags?post=13739"}],"curies":[{"name":"wp","href":"https:\/\/api.w.org\/{rel}","templated":true}]}}