{"id":1369,"date":"2005-09-09T00:00:00","date_gmt":"2005-09-08T22:00:00","guid":{"rendered":""},"modified":"2016-04-07T12:57:05","modified_gmt":"2016-04-07T10:57:05","slug":"giordano-bruno-martire-della-scienza","status":"publish","type":"post","link":"https:\/\/www.rassegnastampa-totustuus.it\/cattolica\/giordano-bruno-martire-della-scienza\/","title":{"rendered":"Giordano Bruno &#8220;martire della scienza&#8221;?"},"content":{"rendered":"<div style=\"text-align: center;\"><img loading=\"lazy\" decoding=\"async\" class=\"alignright wp-image-32535\" src=\"https:\/\/www.rassegnastampa-totustuus.it\/cattolica\/wp-content\/uploads\/2005\/09\/Giordano_Bruno-1.jpg\" alt=\"Giordano_Bruno\" width=\"201\" height=\"200\" srcset=\"https:\/\/www.rassegnastampa-totustuus.it\/cattolica\/wp-content\/uploads\/2005\/09\/Giordano_Bruno-1.jpg 225w, https:\/\/www.rassegnastampa-totustuus.it\/cattolica\/wp-content\/uploads\/2005\/09\/Giordano_Bruno-1-150x150.jpg 150w\" sizes=\"auto, (max-width: 201px) 100vw, 201px\" \/>Articolo pubblicato su <strong>Cristianit\u00e0 <\/strong>n. 299 (2000)<\/div>\n<p style=\"text-align: center;\">Intervista a cura di <strong>Cosimo Baldaro<\/strong><\/p>\n<p style=\"text-align: center;\">e <strong>Cosimo Galasso<\/strong><\/p>\n<p><!--more--><\/p>\n<div style=\"text-align: justify;\">Il 16 febbraio 2000, presso il Liceo Classico Antonio Calamo di Ostuni, in provincia di Brindisi, in collaborazione con il preside, professor Francesco Masciopinto, Alleanza Cattolica ha organizzato una conferenza &#8211; con annuncio e con eco sui <em>mass media<\/em> locali &#8211; sul tema <em>Giordano Bruno e la scienza medioevale: continuit\u00e0 o frattura?<\/em>, relatore il professor Stanley L. Jaki O.S.B., cosmologo e storico della scienza, insignito nel 1970 del premio Lecomte du Nouy e nel 1987 del premio Templeton per la Religione.<\/div>\n<p style=\"text-align: justify;\">Nato a Gy\u00e2r, in Ungheria, il 17 agosto del 1924, all\u2019et\u00e0 di diciotto anni entra nell\u2019ordine benedettino e nel giorno anniversario della prima apparizione della Madonna a Fatima, il 13 maggio 1944, fa la professione religiosa. Il 29 giugno 1948 viene ordinato sacerdote. Nel 1950 ottiene il dottorato in Teologia presso il Pontificio Istituto Sant\u2019Anselmo di Roma. Trasferitosi negli Stati Uniti d\u2019America &#8211; ne acquister\u00e0 la cittadinanza -, consegue la laurea in Scienze e nel 1957 il dottorato in Fisica con una tesi realizzata sotto la direzione del fisico austriaco professor Victor Franz Hess (1883-1964), lo scopritore dei raggi cosmici, premio Nobel per la Fisica nel 1936.<\/p>\n<p style=\"text-align: justify;\">Nel 1956 la prestigiosa casa editrice Herder pubblica un\u2019ampia versione della sua tesi di laurea in Teologia, <em>Les tendences nouvelles de l\u2019eccl\u00e9siologie<\/em>, ristampata nel 1963 grazie al rinnovato interesse per l\u2019argomento dovuto al Concilio Ecumenico Vaticano II (1962-1965) allora in pieno svolgimento. Fra i suoi numerosi titoli accademici sono da menzionare lauree <em>honoris causa<\/em> in Filosofia, in Matematica e in Lettere.<\/p>\n<p style=\"text-align: justify;\">Attualmente \u00e8 professore emerito della Seton Hall University, nello Stato del South Orange, negli Stati Uniti d\u2019America, membro onorario della Pontificia Accademia delle Scienze e di un\u2019altra decina fra accademie e fondazioni culturali: fra esse la Olbers Gesellschaft di Brema, in Germania, e la societ\u00e0 ellenica per gli studi umanistici di Atene. Ha pubblicato quarantasei volumi e centinaia di articoli su temi riguardanti prevalentemente la storia e la filosofia della scienza.<\/p>\n<p style=\"text-align: justify;\">Sono leggibili in traduzione italiana <em>Le strade della scienza e le vie verso Dio <\/em>(Jaca Book, Milano 1988), <em>Dio e i cosmologi <\/em>(Libreria Editrice Vaticana, Citt\u00e0 del Vaticano 1991; su cui cfr. Luciano Benassi, <em>Fede, scienza e falsi miti nella cosmologia contemporanea<\/em>, in <em>Cristianit\u00e0<\/em>, anno XXI, n. 224, dicembre 1993, pp. 17-25),<em> Il Salvatore della scienza <\/em>(Libreria Editrice Vaticana, Citt\u00e0 del Vaticano 1992), e<em> Lo scopo di tutto. Scienza, filosofia &amp; teologia si interrogano sulla finalit\u00e0<\/em> (Ares, Milano 1994).<\/p>\n<p style=\"text-align: justify;\">Nella sua consistente bibliografia si trova anche un buon numero di pubblicazioni teologiche, fra le quali meritano una speciale menzione uno scritto sul primato di Pietro, <em>And on this rock: the Witness of One Land and Two Covenants<\/em>, in terza edizione riveduta (Christendom Press, Front Royal [Virginia] 1997); un commento ai salmi, <em>Praying the salms. A Commentary <\/em>(Wm. B. Eerdmans, Grand Rapids [Michigan] 2000); e un\u2019opera, in seconda edizione riveduta e ampliata, sulle implicazioni scientifiche, teologiche e storiche del primo capitolo della Genesi, <em>Genesis 1 trough the ages <\/em>(Thomas More Press, Londra 1992).<\/p>\n<p style=\"text-align: justify;\">In occasione della sua presenza in Italia, come gi\u00e0 precedentemente &#8211; cfr. <em>Fede e ragione fra scienza e scientismo<\/em>, intervista a cura di L. Benassi e Maurizio Brunetti, in <em>Cristianit\u00e0<\/em>, anno XXIII, n. 239, marzo 1995, pp. 15-20 -, abbiamo intervistato lo studioso benedettino su alcuni argomenti collegati alla conferenza.<\/p>\n<p style=\"text-align: justify;\"><strong>D. Padre Jaki, quest\u2019anno ricorre il quarto centenario del rogo di Giordano Bruno, il filosofo e frate domenicano nato nel 1548 a Nola, nel Napoletano, e morto eretico impenitente a Roma, in Campo dei Fiori, il 17 febbraio 1600. Com\u2019era prevedibile, i mass media hanno fatto un gran clamore, accusando la Chiesa di oscurantismo ed esaltando la figura del pensatore nolano, definito di volta in volta &#8220;martire della scienza&#8221;, &#8220;apostolo della modernit\u00e0&#8221;, &#8220;precursore dell\u2019illuminismo&#8221; e cos\u00ec via. Lei che, trent\u2019anni fa, ha tradotto in inglese di questo autore La cena de le Ceneri. Descritta in cinque dialogi, per quattro interlocutori, con tre considerazioni, circa doi suggetti (<\/strong><em>The Ash Wednesday Supper, Mouton,<\/em> L\u2019Aia 1975<strong>), il primo scritto sull\u2019opera del canonico e matematico polacco Mikolas Kopernik, italianizzato in Nicol\u00f2 Copernico (1473-1543), pu\u00f2 dirci qualcosa sul pensiero di Bruno?<\/strong><\/p>\n<p style=\"text-align: justify;\"><strong>R.<\/strong> Per prima cosa voglio dire che Bruno non ha nulla a che vedere con la scienza. Trent\u2019anni fa, quando decisi di tradurre il suo saggio La cena de le Ceneri, del 1584, dall\u2019italiano-napoletano in inglese, avevo un\u2019opinione diversa. A quel tempo pensavo che, siccome si trattava della prima opera pubblicata su Copernico, dovesse necessariamente contenere concezioni interessanti, sia su Copernico che sulla scienza copernicana.<\/p>\n<p style=\"text-align: justify;\">Fui completamente deluso, non solo perch\u00e9 in tale saggio non vi era alcuna traccia di scienza, ma addirittura il suo contenuto rappresentava un insulto a Copernico e alle sue concezioni. Purtroppo, perfino gente con un elevato grado di cultura crede ancora che Bruno abbia serie credenziali scientifiche. Altrimenti, per esempio, perch\u00e9 organizzare, presso l\u2019universit\u00e0 La Sapienza di Roma, un convegno internazionale dal titolo Giordano Bruno e la nuova scienza, al quale, il giorno 18 febbraio 2000, sono stato invitato come relatore?<\/p>\n<p style=\"text-align: justify;\"><strong>D. Nell\u2019opera Giordano Bruno: A Martyr of science? (Real View Books, Royal Oak [Michigan] 2000) Lei scrive che &#8220;Bruno us\u00f2 Copernico per promuovere fini non copernicani&#8221;. Sembra un paradosso. Pu\u00f2 precisare la sua argomentazione?<\/strong><\/p>\n<p style=\"text-align: justify;\"><strong>R.<\/strong> Per Bruno, Copernico \u00e8 solo un ariete, sicch\u00e9 un edificio ordinato come la visione del mondo aristotelico-tolemaica \u00e8 distrutta in modo tale che la confusione, producendo rovine, diviene la regola suprema. Bruno non vuole sostituire queste rovine con la precisione dell\u2019universo copernicano e del suo strumento, la geometria. Bruno distrugge, affinch\u00e9 la confusione e l\u2019imprecisione possano regnare.<\/p>\n<p style=\"text-align: justify;\"><strong>D. Dunque, da parte di Bruno non si tratta di adesione alle teorie scientifiche di Copernico, ma semplicemente di un procedimento tattico?<\/strong><\/p>\n<p style=\"text-align: justify;\"><strong>R.<\/strong> S\u00ec, una tale tattica \u00e8 chiaramente quella di un megalomane che, come tutti i megalomani, si mette una benda davanti agli occhi. Questo non gli permette di vedere i contorni definiti delle cose e lo induce a credere che anche tutti gli altri uomini possano chiudere i loro occhi davanti alla chiara evidenza. Perci\u00f2 dovrebbe essere palese che, nell\u2019usare Copernico, a Bruno sfugge il fatto che la sua tattica si rivelava immediatamente come qualcosa di chiaramente irrazionale.<\/p>\n<p style=\"text-align: justify;\">\u00c8 sempre irrazionale usare la ragione contro la ragione. Una cosa era celebrare Copernico come il grande distruttore del mondo chiuso di Aristotele (384-322 a. C.), un\u2019altra era affermare che, una volta distrutti i confini limitati di quel mondo, rimaneva solo un\u2019enorme entit\u00e0, un &#8220;animale&#8221; &#8211; secondo un\u2019espressione dello stesso Bruno &#8211; comprendente tutto quanto non poteva essere descritto con gli strumenti della geometria nel suo futuro corso d\u2019azione. Una tale entit\u00e0 non ha confini, nessun ordine specifico e nessuna coerenza razionale.<\/p>\n<p style=\"text-align: justify;\"><strong>D. Uno dei luoghi comuni della cultura contemporanea vuole che Bruno sia andato al rogo per le sue idee sulla scienza. Bruno pu\u00f2 essere considerato un <em>&#8220;<\/em>martire della scienza e\/o del libero pensiero&#8221;?<\/strong><\/p>\n<p style=\"text-align: justify;\"><strong>R.<\/strong> Bruno non \u00e8 certamente un martire della scienza e neppure del libero pensiero, a meno che per &#8220;libero pensiero&#8221; non s\u2019intenda &#8220;pensiero a ruota libera&#8221;. Infatti, La cena de le Ceneri \u00e8 una denuncia diretta e indiretta delle caratteristiche fondamentali della geometria: la precisione e la chiarezza. Lo scopo di Bruno consisteva nel promuovere una visione del mondo impregnata di misticismo occultista e magico.<\/p>\n<p style=\"text-align: justify;\">Invece, dall\u2019inizio alla fine l\u2019opera di Copernico De revolutionibus orbium caelestium libri VI, del 1543, \u00e8 caratterizzata da un cospicuo uso della geometria e da una fervente ammirazione per la sua efficacia. Bruno rifiutava quell\u2019esattezza che la geometria rappresentava. Non si cura neppure di studiare la complessit\u00e0 della geometria. Gli studiosi dell\u2019universit\u00e0 di Oxford, proprio durante il primo dibattito sul sistema copernicano, nel 1584, si rendono perfettamente conto che, a questo riguardo, Bruno non aveva compreso i punti nodali del sistema copernicano.<\/p>\n<p style=\"text-align: justify;\">Alle loro argomentazioni egli non replica<em><em> con controargomenti, ma con aspre ingiurie. Gli studiosi di Oxford affermavano semplicemente che Bruno non conosceva realmente Copernico. Il suo interesse per la teoria copernicana aveva soltanto lo scopo di promuovere la visione di un nuovo ordine del mondo basato sull\u2019occultismo.<\/em><\/em><\/p>\n<p style=\"text-align: justify;\"><strong>D. Come fondare questa affermazione?<\/strong><\/p>\n<p style=\"text-align: justify;\"><strong>R.<\/strong> L\u2019asserzione di Teofilo &#8211; il personaggio che ne La cena de le Ceneri espone il pensiero di Bruno &#8211; secondo cui, fra tutti gli uomini, solo lui pu\u00f2 interpretare Copernico, dovrebbe suonare molto strana sulle labbra di uno che molto probabilmente non ha mai letto tutte le pagine del <em>De revolutionibus orbium caelestium<\/em>, ma solo una parte esigua di esse.<\/p>\n<p style=\"text-align: justify;\">D\u2019altronde Bruno non ama la geometria, che ovunque conferma gli argomenti di Copernico, e con ogni evidenza non ha nessuna preparazione relativa al tipo di geometria necessaria per capire e per assimilare i ragionamenti copernicani. Perfino nelle traduzioni moderne il<em> De revolutionibus orbium caelestium<\/em> rimane un testo ostico da seguire per chiunque non sia preparato in quella che pi\u00f9 tardi verr\u00e0 conosciuta come geometria differenziale.<\/p>\n<p style=\"text-align: justify;\"><strong>D. Vi sono altre ragioni che rendono discutibile la qualifica di Bruno quale &#8220;martire della scienza&#8221;?\u00a0Vi sono altre ragioni che rendono discutibile la qualifica di Bruno quale ?<\/strong><\/p>\n<p style=\"text-align: justify;\"><strong style=\"font-size: 12px;\">R.<\/strong> Bruno non pu\u00f2 essere considerato un martire della scienza anche perch\u00e9, esaminando gli elenchi dei suoi errori compilati dai tribunali dell\u2019inquisizione di Venezia e di Roma, si pu\u00f2 notare come, fra le accuse, l\u2019eliocentrismo costituisca solo una piccola parte. In realt\u00e0, Bruno \u00e8 un eretico a tutto tondo: non vi \u00e8 dogma della fede cristiana che egli non abbia negato, almeno implicitamente. Certamente \u00e8 deprecabile che sia stato messo al rogo, ma rimane il fatto che il distacco di Bruno dall\u2019ortodossia cristiana era cos\u00ec ampio e profondo, che lo stesso destino gli sarebbe stato riservato sia nella &#8220;repubblica teocratica&#8221; costruita nell\u2019elvetica Ginevra da Jean Cauvin &#8211; italianizzato in Giovanni Calvino (1509-1564) &#8211; che nell\u2019Inghilterra di Elisabetta I Tudor (1533-1603), se fosse rimasto in entrambe per lo stesso lasso di tempo. A Ginevra viene scomunicato dal Concistoro calvinista, e sarebbe stato immediatamente arrestato, se non fosse sfuggito alla presa della teocrazia calvinista il pi\u00f9 velocemente possibile.<\/p>\n<p style=\"text-align: justify;\"><strong>D. Normalmente Bruno \u00e8 considerato il filosofo dell\u2019infinito. Gi\u00e0 il canonico e filologo inglese Richard Bentley (1662-1742), scrivendo al matematico e fisico, pure inglese, Isaac Newton (1642-1727), intravede, fra l\u2019altro, che l\u2019idea di un universo omogeneo e infinito avrebbe potuto servire da copertura per l\u2019ateismo. Alla luce della teoria della relativit\u00e0 Bruno, con il suo infinito, precorre la scienza moderna?<\/strong><\/p>\n<p style=\"text-align: justify;\"><strong>R.<\/strong> Nell\u2019opera <em>De l\u2019infinito universo et mondi,<\/em> del 1584, Bruno scrive: &#8220;Ci sono soli innumerevoli e un numero infinito di terre orbita attorno a quei soli, cos\u00ec come i sette che noi possiamo osservare orbitanti attorno al sole che \u00e8 vicino a noi&#8221;. Tali e simili affermazioni sono state invariabilmente addotte dagli ammiratori di Bruno, che lo considerano un profeta della moderna visione scientifica del mondo. Quella dell\u2019infinit\u00e0 era una pretesa curiosa gi\u00e0 nel contesto dei suoi tempi, ed \u00e8 un\u2019assurdit\u00e0 dal punto di vista della scienza moderna. Infatti l\u2019universo di Copernico \u00e8 rigorosamente finito.<\/p>\n<p style=\"text-align: justify;\">L\u2019astronomo e matematico tedesco Johannes Kepler, italianizzato in Giovanni Keplero (1571-1630), sostiene con forza che le stelle sono contenute in un ristretto guscio sferico di 2000 leghe tedesche, un\u2019antica unit\u00e0 di misura, variabile a seconda delle nazioni fra i 4 e i 5,5 chilometri, in Germania pari a circa 10 mila chilometri. In verit\u00e0, egli fa questa affermazione avendo presente, per oppositionem, la convinzione di Bruno che le stelle siano omogeneamente distribuite in un universo infinito. Inoltre, il fisico e matematico italiano Galileo Galilei (1564-1642) sostiene la finitezza dell\u2019universo, senza tuttavia specificare l\u2019ampiezza del guscio nel quale le stelle sono collocate.<\/p>\n<p style=\"text-align: justify;\">Newton non sostiene mai l\u2019idea di un universo infinito e mai rigetta un suo saggio giovanile nel quale esplicitamente sosteneva la finitezza dell\u2019universo.L\u2019idea di un universo newtoniano infinito, che appare sporadicamente durante il secolo XVIII, diviene largamente diffusa soltanto nel secolo XIX, sebbene non tanto fra gli scienziati, quanto fra alcuni filosofi e scrittori di scienza.<\/p>\n<p style=\"text-align: justify;\">Gli scienziati sapevano bene che un universo infinito, nel quale le stelle siano omogeneamente distribuite, sarebbe colpito da due paradossi: quello ottico e quello gravitazionale. Com\u2019\u00e8 ben noto, la soluzione del medico e astronomo tedesco Whilelm Olbers (1758-1842) al paradosso ottico era sbagliata: infatti si basava sull\u2019asserto che una parte della luce delle stelle fosse assorbita dall\u2019etere interstellare e conseguentemente il cielo apparisse scuro di notte; ma la soluzione sarebbe stata valida solo se l\u2019etere, o qualsiasi altro mezzo interstellare, non si fosse a sua volta surriscaldato assorbendo luce e riemettendola all\u2019esterno, come di fatto avviene per effetto delle leggi della termodinamica.<\/p>\n<p style=\"text-align: justify;\">Durante gli ultimi decenni del secolo XIX, e per la maggior parte dei primi tre decenni del secolo XX, gli astronomi credevano che l\u2019universo visibile o investigabile fosse rigorosamente finito, e che la parte infinita fosse situata al di l\u00e0 di quella finita, e pertanto non avesse alcuna influenza fisica, sia gravitazionale che ottica, su quest\u2019ultima.<\/p>\n<p style=\"text-align: justify;\">Nello stesso periodo l\u2019astrofisico tedesco Johann Carl Friedrich Z\u00f6llner (1834-1882) e altri asserivano che, per evitare il paradosso gravitazionale, bisognava postulare che la massa totale dell\u2019universo fosse finita e che tale massa doveva essere contenuta entro una sfera quadridimensionale non euclidea. Comunque, dopo la pubblicazione, nel 1917, della quinta memoria del fisico tedesco, naturalizzato svizzero, Albert Einstein (1879-1955) sulla relativit\u00e0 generale, che tratta delle sue conseguenze cosmologiche, la finitezza della massa totale dell\u2019universo \u00e8 divenuta una pietra angolare delle maggiori cosmologie scientifiche.<\/p>\n<p style=\"text-align: justify;\">Alla luce delle implicazioni cosmologiche della teoria generale della relativit\u00e0 anche il filosofo e fisico tedesco Moritz Schlick (1882-1936), fondatore del positivismo logico, ammette che &#8220;l\u2019infinit\u00e0 spaziale del cosmo deve essere rifiutata&#8221;<em>.<\/em><\/p>\n<p style=\"text-align: justify;\"><strong>D. Se le asserzioni di Bruno devono essere considerate anti-scientifiche nei confronti della scienza moderna, che cosa dire di esse in relazione alla scienza medioevale?<\/strong><\/p>\n<p style=\"text-align: justify;\"><strong>R.<\/strong> Bruno rifiutava qualsiasi sistema definito, sosteneva una visione del mondo per la quale ogni cosa si trasformava perpetuamente in ogni altra: agli occhi di Bruno nulla ha un carattere permanente, ogni oggetto pu\u00f2 divenire qualsiasi altro. Nella sua visione delle cose non vi \u00e8 differenza alcuna fra le stelle e i pianeti: \u00e8 come se la nostra Terra si trasformasse in una stella simile al sole e viceversa. Diversamente, durante il Medioevo, uno dei versetti biblici citati pi\u00f9 spesso era quello tratto dal Libro della Sapienza (11, 20)<em>: <\/em>&#8220;Dio ha disposto ogni cosa secondo misura, calcolo e peso&#8221;.<\/p>\n<p style=\"text-align: justify;\">Questa citazione sapienziale esprime chiaramente il clima intellettuale che si \u00e8 venuto a creare in epoca medioevale per la grande considerazione in cui era tenuta la geometria. In tutte le civilt\u00e0 antiche il mito dell\u2019eterno ritorno \u00e8 causa di morte prematura della scienza: nell\u2019antico Egitto, in Cina, in India e nella Grecia classica.<\/p>\n<p style=\"text-align: justify;\">Solo nel Medioevo cristiano la scienza sfugge alla sindrome della sua inevitabile morte. Allora l\u2019ipotesi dell\u2019eternit\u00e0 dell\u2019universo, presente nella cosmologia greca, viene abbandonata in considerazione del dogma cristiano della creazione ex nihilo et in tempore. Questo mutamento comporta, in particolare, una sostituzione delle leggi aristoteliche del moto con la legge del moto inerziale formulata dai filosofi e teologi scolastici francesi Jean Buridan, italianizzato in Giovanni Buridano (1300 ca.-1360 ca.), e Nicole d\u2019Oresme (1323-1382), fatto di grande aiuto per Copernico e per i suoi primi seguaci.<\/p>\n<p style=\"text-align: justify;\">Un altro grande contributo dei medioevali alla scienza newtoniana \u00e8 l\u2019invenzione dell\u2019ars latitudinis, ovvero dell\u2019uso delle dimensioni geometriche per rappresentare le grandezze fisiche. Essa \u00e8 basilare per lo sviluppo successivo della geometria analitica da parte del filosofo e matematico francese Ren\u00e9 Descartes, italianizzato in Renato Cartesio, (1596-1650) e aiuta Galileo nel calcolare che le distanze coperte dai corpi in caduta libera sono proporzionali al quadrato del tempo. Pertanto, se il mondo moderno ha una scienza, lo deve alla cultura della Cristianit\u00e0 medioevale.<\/p>\n<p style=\"text-align: justify;\"><strong>D. Ritiene che questa sua affermazione possa essere pacificamente accettata dalla cultura dominante e diffusa nell\u2019Occidentale contemporaneo?<\/strong><\/p>\n<p style=\"text-align: justify;\"><strong>R<\/strong>. Precisamente al contrario, questa verit\u00e0 ai nostri tempi viene misconosciuta in modo sistematico. La societ\u00e0 moderna non potrebbe vivere un solo secondo senza l\u2019aiuto della scienza: Internet, computer superveloci, fibre ottiche&#8230;<\/p>\n<p style=\"text-align: justify;\">Vi sar\u00e0 sempre pi\u00f9 sviluppo scientifico nella nostra vita. Tuttavia, questa cultura moderna vuole la totale confusione, il totale soggettivismo a livello filosofico. Il liberalismo moderno vuole distruggere tutti i princ\u00ecpi, tutte le norme accettate e non vuole sostituirle con altre regole specifiche. I princ\u00ecpi fondamentali del liberalismo moderno possono essere condensati in un unico concetto: l\u2019assoluto permissivismo.<\/p>\n<p style=\"text-align: justify;\">In questo modo le politiche e le legislazioni moderne, profondamente ancorate a una sempre maggiore permissivit\u00e0, stanno portando la societ\u00e0 occidentale al decadimento. Da questo punto di vista, Bruno deve essere considerato solamente come il perfetto precursore di quei filosofi e sociologi moderni che vogliono abbattere ogni regola e specificit\u00e0. Siate assolutamente orgogliosi dell\u2019eredit\u00e0 trasmessa dalla cultura cristiana.<\/p>\n<p>_______________________<\/p>\n<p><strong>Leggi anche:<\/strong><\/p>\n<p><a href=\"https:\/\/www.rassegnastampa-totustuus.it\/cattolica\/?p=31777\" target=\"_blank\">Giordano Bruno, l&#8217;altra faccia del martire<\/a><\/p>\n<p><a href=\"https:\/\/www.rassegnastampa-totustuus.it\/cattolica\/?p=1367\" target=\"_blank\">Giordano Bruno<\/a><\/p>\n<p><a href=\"https:\/\/www.rassegnastampa-totustuus.it\/cattolica\/?p=1368\" target=\"_blank\">Il rogo di Giordano Bruno<\/a><\/p>\n","protected":false},"excerpt":{"rendered":"<p>Articolo pubblicato su Cristianit\u00e0 n. 299 (2000) Intervista a cura di Cosimo Baldaro e Cosimo Galasso<\/p><p><a class=\"more-link btn\" href=\"https:\/\/www.rassegnastampa-totustuus.it\/cattolica\/giordano-bruno-martire-della-scienza\/\">Continua a leggere<\/a><\/p>\n","protected":false},"author":6,"featured_media":0,"comment_status":"closed","ping_status":"open","sticky":false,"template":"","format":"standard","meta":{"footnotes":""},"categories":[93,22,24],"tags":[1017,468,261],"class_list":["post-1369","post","type-post","status-publish","format-standard","hentry","category-inquisizione","category-scienza","category-storia","tag-giordano-bruno","tag-inquisizione-2","tag-scienza-2","item-wrap"],"yoast_head":"<!-- This site is optimized with the Yoast SEO plugin v27.5 - https:\/\/yoast.com\/product\/yoast-seo-wordpress\/ -->\n<title>Giordano Bruno &quot;martire della scienza&quot;? - Rassegna Stampa Cattolica<\/title>\n<meta name=\"description\" content=\"Rassegna Stampa Cattolica - Per una cultura che nasce dalla Rivelazione cristiana in conformit\u00e0 alla tradizione e al Magistero della Chiesa in opposizione ad ogni relativismo e totalitarismo\" \/>\n<meta name=\"robots\" content=\"index, follow, max-snippet:-1, max-image-preview:large, max-video-preview:-1\" \/>\n<link rel=\"canonical\" href=\"https:\/\/www.rassegnastampa-totustuus.it\/cattolica\/giordano-bruno-martire-della-scienza\/\" \/>\n<meta property=\"og:locale\" content=\"it_IT\" \/>\n<meta property=\"og:type\" content=\"article\" \/>\n<meta property=\"og:title\" content=\"Giordano Bruno &quot;martire della scienza&quot;? - Rassegna Stampa Cattolica\" \/>\n<meta property=\"og:description\" content=\"Rassegna Stampa Cattolica - Per una cultura che nasce dalla Rivelazione cristiana in conformit\u00e0 alla tradizione e al Magistero della Chiesa in opposizione ad ogni relativismo e totalitarismo\" \/>\n<meta property=\"og:url\" content=\"https:\/\/www.rassegnastampa-totustuus.it\/cattolica\/giordano-bruno-martire-della-scienza\/\" \/>\n<meta property=\"og:site_name\" content=\"Rassegna Stampa Cattolica\" \/>\n<meta property=\"article:publisher\" content=\"https:\/\/www.facebook.com\/rassegnastampacattolica\" \/>\n<meta property=\"article:published_time\" content=\"2005-09-08T22:00:00+00:00\" \/>\n<meta property=\"article:modified_time\" content=\"2016-04-07T10:57:05+00:00\" \/>\n<meta property=\"og:image\" content=\"http:\/\/www.rassegnastampa-totustuus.it\/cattolica\/wp-content\/uploads\/2005\/09\/Giordano_Bruno-1.jpg\" \/>\n<meta name=\"author\" content=\"Redazione\" \/>\n<meta name=\"twitter:card\" content=\"summary_large_image\" \/>\n<meta name=\"twitter:creator\" content=\"@rassegnastampa9\" \/>\n<meta name=\"twitter:site\" content=\"@rassegnastampa9\" \/>\n<meta name=\"twitter:label1\" content=\"Scritto da\" \/>\n\t<meta name=\"twitter:data1\" content=\"Redazione\" \/>\n\t<meta name=\"twitter:label2\" content=\"Tempo di lettura stimato\" \/>\n\t<meta name=\"twitter:data2\" content=\"14 minuti\" \/>\n<script type=\"application\/ld+json\" class=\"yoast-schema-graph\">{\"@context\":\"https:\\\/\\\/schema.org\",\"@graph\":[{\"@type\":\"Article\",\"@id\":\"https:\\\/\\\/www.rassegnastampa-totustuus.it\\\/cattolica\\\/giordano-bruno-martire-della-scienza\\\/#article\",\"isPartOf\":{\"@id\":\"https:\\\/\\\/www.rassegnastampa-totustuus.it\\\/cattolica\\\/giordano-bruno-martire-della-scienza\\\/\"},\"author\":{\"name\":\"Redazione\",\"@id\":\"https:\\\/\\\/www.rassegnastampa-totustuus.it\\\/cattolica\\\/#\\\/schema\\\/person\\\/08f319d2bd1a0904ad9e2bfb7b15e5c3\"},\"headline\":\"Giordano Bruno &#8220;martire della scienza&#8221;?\",\"datePublished\":\"2005-09-08T22:00:00+00:00\",\"dateModified\":\"2016-04-07T10:57:05+00:00\",\"mainEntityOfPage\":{\"@id\":\"https:\\\/\\\/www.rassegnastampa-totustuus.it\\\/cattolica\\\/giordano-bruno-martire-della-scienza\\\/\"},\"wordCount\":2790,\"publisher\":{\"@id\":\"https:\\\/\\\/www.rassegnastampa-totustuus.it\\\/cattolica\\\/#organization\"},\"image\":{\"@id\":\"https:\\\/\\\/www.rassegnastampa-totustuus.it\\\/cattolica\\\/giordano-bruno-martire-della-scienza\\\/#primaryimage\"},\"thumbnailUrl\":\"http:\\\/\\\/www.rassegnastampa-totustuus.it\\\/cattolica\\\/wp-content\\\/uploads\\\/2005\\\/09\\\/Giordano_Bruno-1.jpg\",\"keywords\":[\"Giordano Bruno\",\"inquisizione\",\"scienza\"],\"articleSection\":[\"Inquisizione\",\"Scienza\",\"Storia\"],\"inLanguage\":\"it-IT\"},{\"@type\":\"WebPage\",\"@id\":\"https:\\\/\\\/www.rassegnastampa-totustuus.it\\\/cattolica\\\/giordano-bruno-martire-della-scienza\\\/\",\"url\":\"https:\\\/\\\/www.rassegnastampa-totustuus.it\\\/cattolica\\\/giordano-bruno-martire-della-scienza\\\/\",\"name\":\"Giordano Bruno \\\"martire della scienza\\\"? - Rassegna Stampa Cattolica\",\"isPartOf\":{\"@id\":\"https:\\\/\\\/www.rassegnastampa-totustuus.it\\\/cattolica\\\/#website\"},\"primaryImageOfPage\":{\"@id\":\"https:\\\/\\\/www.rassegnastampa-totustuus.it\\\/cattolica\\\/giordano-bruno-martire-della-scienza\\\/#primaryimage\"},\"image\":{\"@id\":\"https:\\\/\\\/www.rassegnastampa-totustuus.it\\\/cattolica\\\/giordano-bruno-martire-della-scienza\\\/#primaryimage\"},\"thumbnailUrl\":\"http:\\\/\\\/www.rassegnastampa-totustuus.it\\\/cattolica\\\/wp-content\\\/uploads\\\/2005\\\/09\\\/Giordano_Bruno-1.jpg\",\"datePublished\":\"2005-09-08T22:00:00+00:00\",\"dateModified\":\"2016-04-07T10:57:05+00:00\",\"description\":\"Rassegna Stampa Cattolica - Per una cultura che nasce dalla Rivelazione cristiana in conformit\u00e0 alla tradizione e al Magistero della Chiesa in opposizione ad ogni relativismo e totalitarismo\",\"breadcrumb\":{\"@id\":\"https:\\\/\\\/www.rassegnastampa-totustuus.it\\\/cattolica\\\/giordano-bruno-martire-della-scienza\\\/#breadcrumb\"},\"inLanguage\":\"it-IT\",\"potentialAction\":[{\"@type\":\"ReadAction\",\"target\":[\"https:\\\/\\\/www.rassegnastampa-totustuus.it\\\/cattolica\\\/giordano-bruno-martire-della-scienza\\\/\"]}]},{\"@type\":\"ImageObject\",\"inLanguage\":\"it-IT\",\"@id\":\"https:\\\/\\\/www.rassegnastampa-totustuus.it\\\/cattolica\\\/giordano-bruno-martire-della-scienza\\\/#primaryimage\",\"url\":\"http:\\\/\\\/www.rassegnastampa-totustuus.it\\\/cattolica\\\/wp-content\\\/uploads\\\/2005\\\/09\\\/Giordano_Bruno-1.jpg\",\"contentUrl\":\"http:\\\/\\\/www.rassegnastampa-totustuus.it\\\/cattolica\\\/wp-content\\\/uploads\\\/2005\\\/09\\\/Giordano_Bruno-1.jpg\"},{\"@type\":\"BreadcrumbList\",\"@id\":\"https:\\\/\\\/www.rassegnastampa-totustuus.it\\\/cattolica\\\/giordano-bruno-martire-della-scienza\\\/#breadcrumb\",\"itemListElement\":[{\"@type\":\"ListItem\",\"position\":1,\"name\":\"Home\",\"item\":\"https:\\\/\\\/www.rassegnastampa-totustuus.it\\\/cattolica\\\/\"},{\"@type\":\"ListItem\",\"position\":2,\"name\":\"Giordano Bruno &#8220;martire della scienza&#8221;?\"}]},{\"@type\":\"WebSite\",\"@id\":\"https:\\\/\\\/www.rassegnastampa-totustuus.it\\\/cattolica\\\/#website\",\"url\":\"https:\\\/\\\/www.rassegnastampa-totustuus.it\\\/cattolica\\\/\",\"name\":\"Rassegna Stampa Cattolica\",\"description\":\"Per una cultura che nasce dalla Rivelazione cristiana in conformit\u00e0 alla tradizione e al Magistero della Chiesa in opposizione ad ogni relativismo e totalitarismo\",\"publisher\":{\"@id\":\"https:\\\/\\\/www.rassegnastampa-totustuus.it\\\/cattolica\\\/#organization\"},\"alternateName\":\"Rass. Cattolica\",\"potentialAction\":[{\"@type\":\"SearchAction\",\"target\":{\"@type\":\"EntryPoint\",\"urlTemplate\":\"https:\\\/\\\/www.rassegnastampa-totustuus.it\\\/cattolica\\\/?s={search_term_string}\"},\"query-input\":{\"@type\":\"PropertyValueSpecification\",\"valueRequired\":true,\"valueName\":\"search_term_string\"}}],\"inLanguage\":\"it-IT\"},{\"@type\":\"Organization\",\"@id\":\"https:\\\/\\\/www.rassegnastampa-totustuus.it\\\/cattolica\\\/#organization\",\"name\":\"Rassegna Stampa Cattolica\",\"url\":\"https:\\\/\\\/www.rassegnastampa-totustuus.it\\\/cattolica\\\/\",\"logo\":{\"@type\":\"ImageObject\",\"inLanguage\":\"it-IT\",\"@id\":\"https:\\\/\\\/www.rassegnastampa-totustuus.it\\\/cattolica\\\/#\\\/schema\\\/logo\\\/image\\\/\",\"url\":\"https:\\\/\\\/www.rassegnastampa-totustuus.it\\\/cattolica\\\/wp-content\\\/uploads\\\/2014\\\/04\\\/logo-rassegna1.gif\",\"contentUrl\":\"https:\\\/\\\/www.rassegnastampa-totustuus.it\\\/cattolica\\\/wp-content\\\/uploads\\\/2014\\\/04\\\/logo-rassegna1.gif\",\"width\":600,\"height\":163,\"caption\":\"Rassegna Stampa Cattolica\"},\"image\":{\"@id\":\"https:\\\/\\\/www.rassegnastampa-totustuus.it\\\/cattolica\\\/#\\\/schema\\\/logo\\\/image\\\/\"},\"sameAs\":[\"https:\\\/\\\/www.facebook.com\\\/rassegnastampacattolica\",\"https:\\\/\\\/x.com\\\/rassegnastampa9\"]},{\"@type\":\"Person\",\"@id\":\"https:\\\/\\\/www.rassegnastampa-totustuus.it\\\/cattolica\\\/#\\\/schema\\\/person\\\/08f319d2bd1a0904ad9e2bfb7b15e5c3\",\"name\":\"Redazione\",\"image\":{\"@type\":\"ImageObject\",\"inLanguage\":\"it-IT\",\"@id\":\"https:\\\/\\\/secure.gravatar.com\\\/avatar\\\/2fcdf27c78ea025fbdb44e914cc63c72249ffec9dc8aafd5c82b26240ef3f346?s=96&d=mm&r=g\",\"url\":\"https:\\\/\\\/secure.gravatar.com\\\/avatar\\\/2fcdf27c78ea025fbdb44e914cc63c72249ffec9dc8aafd5c82b26240ef3f346?s=96&d=mm&r=g\",\"contentUrl\":\"https:\\\/\\\/secure.gravatar.com\\\/avatar\\\/2fcdf27c78ea025fbdb44e914cc63c72249ffec9dc8aafd5c82b26240ef3f346?s=96&d=mm&r=g\",\"caption\":\"Redazione\"},\"url\":\"https:\\\/\\\/www.rassegnastampa-totustuus.it\\\/cattolica\\\/author\\\/pietroelle\\\/\"}]}<\/script>\n<!-- \/ Yoast SEO plugin. -->","yoast_head_json":{"title":"Giordano Bruno \"martire della scienza\"? - Rassegna Stampa Cattolica","description":"Rassegna Stampa Cattolica - Per una cultura che nasce dalla Rivelazione cristiana in conformit\u00e0 alla tradizione e al Magistero della Chiesa in opposizione ad ogni relativismo e totalitarismo","robots":{"index":"index","follow":"follow","max-snippet":"max-snippet:-1","max-image-preview":"max-image-preview:large","max-video-preview":"max-video-preview:-1"},"canonical":"https:\/\/www.rassegnastampa-totustuus.it\/cattolica\/giordano-bruno-martire-della-scienza\/","og_locale":"it_IT","og_type":"article","og_title":"Giordano Bruno \"martire della scienza\"? - Rassegna Stampa Cattolica","og_description":"Rassegna Stampa Cattolica - Per una cultura che nasce dalla Rivelazione cristiana in conformit\u00e0 alla tradizione e al Magistero della Chiesa in opposizione ad ogni relativismo e totalitarismo","og_url":"https:\/\/www.rassegnastampa-totustuus.it\/cattolica\/giordano-bruno-martire-della-scienza\/","og_site_name":"Rassegna Stampa Cattolica","article_publisher":"https:\/\/www.facebook.com\/rassegnastampacattolica","article_published_time":"2005-09-08T22:00:00+00:00","article_modified_time":"2016-04-07T10:57:05+00:00","og_image":[{"url":"http:\/\/www.rassegnastampa-totustuus.it\/cattolica\/wp-content\/uploads\/2005\/09\/Giordano_Bruno-1.jpg","type":"","width":"","height":""}],"author":"Redazione","twitter_card":"summary_large_image","twitter_creator":"@rassegnastampa9","twitter_site":"@rassegnastampa9","twitter_misc":{"Scritto da":"Redazione","Tempo di lettura stimato":"14 minuti"},"schema":{"@context":"https:\/\/schema.org","@graph":[{"@type":"Article","@id":"https:\/\/www.rassegnastampa-totustuus.it\/cattolica\/giordano-bruno-martire-della-scienza\/#article","isPartOf":{"@id":"https:\/\/www.rassegnastampa-totustuus.it\/cattolica\/giordano-bruno-martire-della-scienza\/"},"author":{"name":"Redazione","@id":"https:\/\/www.rassegnastampa-totustuus.it\/cattolica\/#\/schema\/person\/08f319d2bd1a0904ad9e2bfb7b15e5c3"},"headline":"Giordano Bruno &#8220;martire della scienza&#8221;?","datePublished":"2005-09-08T22:00:00+00:00","dateModified":"2016-04-07T10:57:05+00:00","mainEntityOfPage":{"@id":"https:\/\/www.rassegnastampa-totustuus.it\/cattolica\/giordano-bruno-martire-della-scienza\/"},"wordCount":2790,"publisher":{"@id":"https:\/\/www.rassegnastampa-totustuus.it\/cattolica\/#organization"},"image":{"@id":"https:\/\/www.rassegnastampa-totustuus.it\/cattolica\/giordano-bruno-martire-della-scienza\/#primaryimage"},"thumbnailUrl":"http:\/\/www.rassegnastampa-totustuus.it\/cattolica\/wp-content\/uploads\/2005\/09\/Giordano_Bruno-1.jpg","keywords":["Giordano Bruno","inquisizione","scienza"],"articleSection":["Inquisizione","Scienza","Storia"],"inLanguage":"it-IT"},{"@type":"WebPage","@id":"https:\/\/www.rassegnastampa-totustuus.it\/cattolica\/giordano-bruno-martire-della-scienza\/","url":"https:\/\/www.rassegnastampa-totustuus.it\/cattolica\/giordano-bruno-martire-della-scienza\/","name":"Giordano Bruno \"martire della scienza\"? - Rassegna Stampa Cattolica","isPartOf":{"@id":"https:\/\/www.rassegnastampa-totustuus.it\/cattolica\/#website"},"primaryImageOfPage":{"@id":"https:\/\/www.rassegnastampa-totustuus.it\/cattolica\/giordano-bruno-martire-della-scienza\/#primaryimage"},"image":{"@id":"https:\/\/www.rassegnastampa-totustuus.it\/cattolica\/giordano-bruno-martire-della-scienza\/#primaryimage"},"thumbnailUrl":"http:\/\/www.rassegnastampa-totustuus.it\/cattolica\/wp-content\/uploads\/2005\/09\/Giordano_Bruno-1.jpg","datePublished":"2005-09-08T22:00:00+00:00","dateModified":"2016-04-07T10:57:05+00:00","description":"Rassegna Stampa Cattolica - Per una cultura che nasce dalla Rivelazione cristiana in conformit\u00e0 alla tradizione e al Magistero della Chiesa in opposizione ad ogni relativismo e totalitarismo","breadcrumb":{"@id":"https:\/\/www.rassegnastampa-totustuus.it\/cattolica\/giordano-bruno-martire-della-scienza\/#breadcrumb"},"inLanguage":"it-IT","potentialAction":[{"@type":"ReadAction","target":["https:\/\/www.rassegnastampa-totustuus.it\/cattolica\/giordano-bruno-martire-della-scienza\/"]}]},{"@type":"ImageObject","inLanguage":"it-IT","@id":"https:\/\/www.rassegnastampa-totustuus.it\/cattolica\/giordano-bruno-martire-della-scienza\/#primaryimage","url":"http:\/\/www.rassegnastampa-totustuus.it\/cattolica\/wp-content\/uploads\/2005\/09\/Giordano_Bruno-1.jpg","contentUrl":"http:\/\/www.rassegnastampa-totustuus.it\/cattolica\/wp-content\/uploads\/2005\/09\/Giordano_Bruno-1.jpg"},{"@type":"BreadcrumbList","@id":"https:\/\/www.rassegnastampa-totustuus.it\/cattolica\/giordano-bruno-martire-della-scienza\/#breadcrumb","itemListElement":[{"@type":"ListItem","position":1,"name":"Home","item":"https:\/\/www.rassegnastampa-totustuus.it\/cattolica\/"},{"@type":"ListItem","position":2,"name":"Giordano Bruno &#8220;martire della scienza&#8221;?"}]},{"@type":"WebSite","@id":"https:\/\/www.rassegnastampa-totustuus.it\/cattolica\/#website","url":"https:\/\/www.rassegnastampa-totustuus.it\/cattolica\/","name":"Rassegna Stampa Cattolica","description":"Per una cultura che nasce dalla Rivelazione cristiana in conformit\u00e0 alla tradizione e al Magistero della Chiesa in opposizione ad ogni relativismo e totalitarismo","publisher":{"@id":"https:\/\/www.rassegnastampa-totustuus.it\/cattolica\/#organization"},"alternateName":"Rass. Cattolica","potentialAction":[{"@type":"SearchAction","target":{"@type":"EntryPoint","urlTemplate":"https:\/\/www.rassegnastampa-totustuus.it\/cattolica\/?s={search_term_string}"},"query-input":{"@type":"PropertyValueSpecification","valueRequired":true,"valueName":"search_term_string"}}],"inLanguage":"it-IT"},{"@type":"Organization","@id":"https:\/\/www.rassegnastampa-totustuus.it\/cattolica\/#organization","name":"Rassegna Stampa Cattolica","url":"https:\/\/www.rassegnastampa-totustuus.it\/cattolica\/","logo":{"@type":"ImageObject","inLanguage":"it-IT","@id":"https:\/\/www.rassegnastampa-totustuus.it\/cattolica\/#\/schema\/logo\/image\/","url":"https:\/\/www.rassegnastampa-totustuus.it\/cattolica\/wp-content\/uploads\/2014\/04\/logo-rassegna1.gif","contentUrl":"https:\/\/www.rassegnastampa-totustuus.it\/cattolica\/wp-content\/uploads\/2014\/04\/logo-rassegna1.gif","width":600,"height":163,"caption":"Rassegna Stampa Cattolica"},"image":{"@id":"https:\/\/www.rassegnastampa-totustuus.it\/cattolica\/#\/schema\/logo\/image\/"},"sameAs":["https:\/\/www.facebook.com\/rassegnastampacattolica","https:\/\/x.com\/rassegnastampa9"]},{"@type":"Person","@id":"https:\/\/www.rassegnastampa-totustuus.it\/cattolica\/#\/schema\/person\/08f319d2bd1a0904ad9e2bfb7b15e5c3","name":"Redazione","image":{"@type":"ImageObject","inLanguage":"it-IT","@id":"https:\/\/secure.gravatar.com\/avatar\/2fcdf27c78ea025fbdb44e914cc63c72249ffec9dc8aafd5c82b26240ef3f346?s=96&d=mm&r=g","url":"https:\/\/secure.gravatar.com\/avatar\/2fcdf27c78ea025fbdb44e914cc63c72249ffec9dc8aafd5c82b26240ef3f346?s=96&d=mm&r=g","contentUrl":"https:\/\/secure.gravatar.com\/avatar\/2fcdf27c78ea025fbdb44e914cc63c72249ffec9dc8aafd5c82b26240ef3f346?s=96&d=mm&r=g","caption":"Redazione"},"url":"https:\/\/www.rassegnastampa-totustuus.it\/cattolica\/author\/pietroelle\/"}]}},"_links":{"self":[{"href":"https:\/\/www.rassegnastampa-totustuus.it\/cattolica\/wp-json\/wp\/v2\/posts\/1369","targetHints":{"allow":["GET"]}}],"collection":[{"href":"https:\/\/www.rassegnastampa-totustuus.it\/cattolica\/wp-json\/wp\/v2\/posts"}],"about":[{"href":"https:\/\/www.rassegnastampa-totustuus.it\/cattolica\/wp-json\/wp\/v2\/types\/post"}],"author":[{"embeddable":true,"href":"https:\/\/www.rassegnastampa-totustuus.it\/cattolica\/wp-json\/wp\/v2\/users\/6"}],"replies":[{"embeddable":true,"href":"https:\/\/www.rassegnastampa-totustuus.it\/cattolica\/wp-json\/wp\/v2\/comments?post=1369"}],"version-history":[{"count":5,"href":"https:\/\/www.rassegnastampa-totustuus.it\/cattolica\/wp-json\/wp\/v2\/posts\/1369\/revisions"}],"predecessor-version":[{"id":32536,"href":"https:\/\/www.rassegnastampa-totustuus.it\/cattolica\/wp-json\/wp\/v2\/posts\/1369\/revisions\/32536"}],"wp:attachment":[{"href":"https:\/\/www.rassegnastampa-totustuus.it\/cattolica\/wp-json\/wp\/v2\/media?parent=1369"}],"wp:term":[{"taxonomy":"category","embeddable":true,"href":"https:\/\/www.rassegnastampa-totustuus.it\/cattolica\/wp-json\/wp\/v2\/categories?post=1369"},{"taxonomy":"post_tag","embeddable":true,"href":"https:\/\/www.rassegnastampa-totustuus.it\/cattolica\/wp-json\/wp\/v2\/tags?post=1369"}],"curies":[{"name":"wp","href":"https:\/\/api.w.org\/{rel}","templated":true}]}}