{"id":1367,"date":"2005-09-09T00:00:00","date_gmt":"2005-09-08T22:00:00","guid":{"rendered":""},"modified":"2016-04-07T12:53:15","modified_gmt":"2016-04-07T10:53:15","slug":"giordano-bruno","status":"publish","type":"post","link":"https:\/\/www.rassegnastampa-totustuus.it\/cattolica\/giordano-bruno\/","title":{"rendered":"Giordano Bruno"},"content":{"rendered":"<div style=\"text-align: center;\"><strong> <img loading=\"lazy\" decoding=\"async\" class=\"alignleft wp-image-32532\" src=\"https:\/\/www.rassegnastampa-totustuus.it\/cattolica\/wp-content\/uploads\/2005\/09\/Giordano_Bruno.jpg\" alt=\"Giordano_Bruno\" width=\"168\" height=\"200\" \/>Il Timone<\/strong> &#8211; n.25 maggio\/Giugno 2003<\/div>\n<p style=\"text-align: justify;\"><em>Chi era veramente Giordano Bruno? Un campione del libero pensiero o un mago bestemmiatore? Facciamo chiarezza su una delle vicende pi\u00f9 strumentalizzate dalla propaganda anticristiana.<\/em><\/p>\n<p style=\"text-align: center;\">di <strong>Matteo D\u2019Amico<\/strong><\/p>\n<p><!--more--><\/p>\n<div style=\"text-align: justify;\">Come \u00e8 noto, a partire dalla &#8220;guerra civile ideologica&#8221; che si apre nel corso dell\u2019Ottocento fra \u00e9lites massoniche e liberali e Chiesa Cattolica, la figura di Giordano Bruno svolge un ruolo tutt\u2019altro che secondario, e questo difficile e oscuro pensatore viene trasformato nel simbolo del &#8220;libero pensiero&#8221;, di una modernit\u00e0 &#8220;illuministica&#8221; ingiustamente ostacolata dalla Chiesa stessa.<\/div>\n<p style=\"text-align: justify;\">Ma chi \u00e8 veramente Giordano Bruno? Per capirlo occorre pi\u00f9 che mai ricominciare da capo e considerare aspetti biografici normalmente poco conosciuti o abilmente celati.<\/p>\n<p style=\"text-align: justify;\">Bruno nasce a Nola nel 1548 e, ancora molto giovane, a Napoli, per continuare gli studi, veste l\u2019abito dei domenicani. Rimane per dieci anni in convento, laureandosi in teologia e ricevendo gli ordini sacri, ma ben presto si scontra con i superiori come sospetto di eresia, in quanto da tempo si \u00e8 dedicato a pratiche e a letture proibite. li giovane filosofo nel 1576 lascia il convento e fugge. Bruno, sulla base della lettura di testi ermetici e magici, sviluppa una sofisticata <em>ars memoriae<\/em>, una memoria artificiale cio\u00e8, che fa da fondamento a tutte le sue successive concezioni.<\/p>\n<p style=\"text-align: justify;\">Elabora intanto una metafisica che concepisce l\u2019universo come infinito e privo di centro, increato, dove Dio \u00e8 pensato panteisticamente come coincidente con il mondo e con la natura; il cosmo \u00e8 pertanto infinito e in esso tutto viene divinizzato.<\/p>\n<p style=\"text-align: justify;\">Questa filosofia porta con s\u00e9 la necessit\u00e0 di distruggere il cristianesimo, la sua morale, la sua concezione dell\u2019uomo, segni per il filosofo di un\u2019estrema decadenza e povert\u00e0 del mondo.<\/p>\n<p style=\"text-align: justify;\">Giordano Bruno inizia quindi una serie di drammatiche peregrinazioni attraverso l\u2019Europa. La sua prima tappa importante \u00e8 a Ginevra, dove aderisce alla confessione calvinista dominante per venire ben presto processato, scomunicato e costretto a fuggire in Francia. Qui entra in contatto con Enrico III di Valois che forse, secondo la Yates, lo invia in Inghilterra con una precisa missione politico-culturale: cercare di convincere la regina Elisabetta e i circoli colti della corte inglese ad aderire alla nuova religiosit\u00e0 magica ed &#8220;egiziana&#8221; di cui Bruno si fa banditore e sacerdote.<\/p>\n<p style=\"text-align: justify;\">Lo scopo \u00e8 smorzare la contrapposizione fra cattolici e protestanti trovando un comune terreno &#8220;ermetico&#8221; di intesa in funzione antispagnola. Un altro storico inglese, John Bossy, nel 1991 pubblica un testo fondamentale, <em>Giordano Bruno e il mistero dell\u2019ambasciata<\/em>, in cui avanza la tesi che Bruno a Londra si sia posto al servizio dei servizi segreti di Sir Walsingham, aiutandoli a sventare i complotti dei cattolici inglesi, giovandosi a questo scopo anche delle confessioni che carpisce in qualit\u00e0 di sacerdote all\u2019ambasciata francese di cui \u00e8 ospite<\/p>\n<p style=\"text-align: justify;\">Dopo l\u2019esperienza inglese, e un breve e sfortunato ritorno in Francia, Bruno passa un lungo periodo in diversi stati tedeschi e a Wittenberg tesse uno strabiliante (e strumentale) elogio di Lutero, infarcito di accuse durissime contro il Papa. La sua adesione opportunistica al luteranesimo non gli impedisce per\u00f2 di essere scomunicato ancora una volta ad Helmstadt proprio dai protestanti locali. Bruno \u00e8 infatti tradito dal suo carattere focoso e irascibile, dal suo senso smisurato del proprio valore. Nel 1591 \u00e8 raggiunto da un invito di un nobile veneziano, il Mocenigo, che vorrebbe imparare da lui la mnemotecnica.<\/p>\n<p style=\"text-align: justify;\">Perch\u00e9 il filosofo accetta il rischio di rientrare in Italia?<\/p>\n<p style=\"text-align: justify;\">Secondo il Corsano lo si comprende se si considerano i testi di magia nera che Bruno ha scritto in Germania prima del rientro a Venezia: sono scritti terribili in cui il mago italiano sviluppa tecniche per realizzare &#8220;legamenti&#8221; magici e soggiogare cos\u00ec le persone che si intendono asservire ai propri scopi.<\/p>\n<p style=\"text-align: justify;\">Forte di queste tecniche Bruno intenderebbe nientemeno che recarsi a Roma e conquistare il Papa, spingendolo a riformare il cattolicesimo in senso magico-egiziano: un progetto incredibile che fa dire alla Yates, una studiosa solitamente molto prudente, che il filosofo \u00e8 ormai ai confini della follia, del delirio conclamato.Il Mocenigo per\u00f2 rimane sconvolto da quanto vede e sente fare dal suo ospite &#8211; in particolare dalle sue bestemmie &#8211; e lo denuncia all\u2019Inquisizione con accuse molto precise; il tribunale veneziano lo arresta senza esitazioni.<\/p>\n<p style=\"text-align: justify;\">Inizia in tal modo la fase veneziana del processo di Giordano Bruno che si conclude con una spettacolare e spontanea abiura da parte del filosofo di Nola, che ritratta le sue convinzioni &#8211; non si sa quanto sinceramente &#8211; e invoca il perdono dei giudici promettendo di ravvedersi. Il Sant\u2019Uffizio romano ha per\u00f2 deciso di avocare a s\u00e9 la causa e ottiene dalla Repubblica di Venezia il trasferimento dell\u2019imputato: inizia cosi la seconda parte del processo, che si svolge a Roma a partire dal febbraio del 1593 per ben sette anni.<\/p>\n<p style=\"text-align: justify;\">L\u2019Inquisizione romana si muove con una scrupolosit\u00e0 straordinaria: verbalizza minutarnente numerosissimi interrogatori, fa analizzare da teologi esperti tutte le opere di Bruno, sottopone ripetutamente al filosofo elenchi di errori filosofici e teologici che gli chiede di abiurare, fornendo all\u2019inquisito ampi mezzi di difesa.<\/p>\n<p style=\"text-align: justify;\">Contrariamente a quanto si \u00e8 abituati a pensare, la cella in cui Bruno viene rinchiuso e dove rimarr\u00e0 per sette anni \u00e8 &#8211; a delta del grande storico Luigi Firpo &#8211; un luogo abbastanza vivibile, ampio e luminoso, dove la biancheria viene cambiata due volte alla settimana e dove l\u2019imputato pu\u00f2 usufruire di vari servizi come il barbiere, i bagni, la lavanderia. Nei verbali rimane traccia, ad esempio, della richiesta avanzata da Bruno di avere un cappello di lana per l\u2019inverno e una copia della Summa di Tommaso, richieste prontamente soddisfatte.<\/p>\n<p style=\"text-align: justify;\">A Roma, nel corso del 1597, forse subisce una seduta di tortura; &#8220;forse&#8221; perch\u00e9 non va dimenticato che per l\u2019inquisizione la semplice minaccia di ricorrere alla tortura viene registrata nei verbali come tortura effettivamente somministrata.<\/p>\n<p style=\"text-align: justify;\">All\u2019inizio del 1600 il Tribunale presieduto dai cardinale Bellarmino, che ha tentato in tutti i modi di convincere il filosofo dei suoi errori, dopo una lunga serie di ultimatum posti al Bruno, a cui egli risponde con la promessa di voler abiurare, per poi tornare sui suoi passi, decide di consegnarlo al braccio secolare: si arriva cos\u00ec al tragico rogo del 17 febbraio 1600.<\/p>\n<p style=\"text-align: justify;\">Dunque la morte di Bruno, per quanto tragica, se contestualizzata nel momento e nelle condizioni storiche in cui avvenne, non ha nulla n\u00e9 di misterioso, n\u00e9 di barbaro; ed anzi si pu\u00f2 affermare, senza essere temerari, che pochi altri processi &#8211; non solo cinquecenteschi &#8211; hanno visto da parte dei giudici mettere in atto un comportamento cos\u00ec scrupoloso e corretto, cos\u00ec moralmente e deontologicamente irrepresensibile.<\/p>\n<p style=\"text-align: justify;\"><strong>Da non perdere<\/strong><\/p>\n<p style=\"text-align: justify;\"><strong>Matteo D\u2019Amico<\/strong>, <em>Giordano Bruno. Avventure e misteri del grande mago nell\u2019Europa del Cinquecento<\/em>, Piemme, Casale Mon.to 2000, pp. 460.<\/p>\n<p style=\"text-align: justify;\"><em>\u00c8 largamente noto come nessun altro processo inquisitoriale quanto quello di Giordano Bruno, sia stato usato, innanzitutto dalla massoneria ottocentesca, come strumento d\u2019attacco alla Chiesa Cattolica. L\u2019operazione \u00e8 stata condotta presentando in modo distorto la natura del processo stesso.<\/em><\/p>\n<p style=\"text-align: justify;\"><em>Bruno in realt\u00e0, sospettato gi\u00e0 in giovent\u00f9 dl crimini assai gravi, frate apostata e fuggiasco, in qualunque luogo abbia soggiornato in Europa \u00e8 giunto immancabilmente a provocare aspre reazioni a lui avverse, In particolare nei paesi protestanti, dovendo a pi\u00f9 riprese fuggire precipitosamente. Inoltre non \u00e8 stato un pensatore puro e disinteressato, ma, al contrario, si \u00e8 impegnato In progetti politici dl fatto sovversivi svolgendo, probabilmente, attivit\u00e0 di spionaggio, e sognando addirittura, prima dell\u2019arresto, dl sedurre il Papa e di rinnovare personalmente la religione cattolica per trasformarla in un nuovo culto &#8220;egiziano&#8221;.<\/em><\/p>\n<p style=\"text-align: justify;\"><em>Mago oltre che filosofo, il suo processo \u00e8 uno dei pi\u00f9 corretti e rigorosi che mai il Sant\u2019Uffizio abbia condotto: ai punto che i giudici giungono ad alterare le procedure pur dl dargli un\u2019ulteriore possibilit\u00e0 di ravvedimento.<\/em><\/p>\n<p style=\"text-align: justify;\">_______________________<\/p>\n<p style=\"text-align: justify;\"><strong>Leggi anche:<\/strong><\/p>\n<p style=\"text-align: justify;\"><a href=\"https:\/\/www.rassegnastampa-totustuus.it\/cattolica\/?p=31777\" target=\"_blank\">Giordano Bruno\u00a0l&#8217;altra faccia del martire<\/a><\/p>\n<p style=\"text-align: justify;\"><a href=\"https:\/\/www.rassegnastampa-totustuus.it\/cattolica\/?p=1368\" target=\"_blank\">Il rogo di Giordano Bruno<\/a><\/p>\n<p style=\"text-align: justify;\"><a href=\"https:\/\/www.rassegnastampa-totustuus.it\/cattolica\/?p=1369\" target=\"_blank\">Giordano Bruno &#8220;martire&#8221; della scienza?<\/a><\/p>\n","protected":false},"excerpt":{"rendered":"<p>Il Timone &#8211; n.25 maggio\/Giugno 2003 Chi era veramente Giordano Bruno? Un campione del libero pensiero o un mago bestemmiatore? Facciamo chiarezza su una delle vicende pi\u00f9 strumentalizzate dalla propaganda anticristiana. di Matteo D\u2019Amico<\/p><p><a class=\"more-link btn\" href=\"https:\/\/www.rassegnastampa-totustuus.it\/cattolica\/giordano-bruno\/\">Continua a leggere<\/a><\/p>\n","protected":false},"author":6,"featured_media":32532,"comment_status":"closed","ping_status":"open","sticky":false,"template":"","format":"standard","meta":{"footnotes":""},"categories":[93,18,24],"tags":[1017],"class_list":["post-1367","post","type-post","status-publish","format-standard","has-post-thumbnail","hentry","category-inquisizione","category-personaggi","category-storia","tag-giordano-bruno","item-wrap"],"yoast_head":"<!-- This site is optimized with the Yoast SEO plugin v27.5 - https:\/\/yoast.com\/product\/yoast-seo-wordpress\/ -->\n<title>Giordano Bruno - Rassegna Stampa Cattolica<\/title>\n<meta name=\"description\" content=\"Rassegna Stampa Cattolica - Per una cultura che nasce dalla Rivelazione cristiana in conformit\u00e0 alla tradizione e al Magistero della Chiesa in opposizione ad ogni relativismo e totalitarismo\" \/>\n<meta name=\"robots\" content=\"index, follow, max-snippet:-1, max-image-preview:large, max-video-preview:-1\" \/>\n<link rel=\"canonical\" href=\"https:\/\/www.rassegnastampa-totustuus.it\/cattolica\/giordano-bruno\/\" \/>\n<meta property=\"og:locale\" content=\"it_IT\" \/>\n<meta property=\"og:type\" content=\"article\" \/>\n<meta property=\"og:title\" content=\"Giordano Bruno - Rassegna Stampa Cattolica\" \/>\n<meta property=\"og:description\" content=\"Rassegna Stampa Cattolica - Per una cultura che nasce dalla Rivelazione cristiana in conformit\u00e0 alla tradizione e al Magistero della Chiesa in opposizione ad ogni relativismo e totalitarismo\" \/>\n<meta property=\"og:url\" content=\"https:\/\/www.rassegnastampa-totustuus.it\/cattolica\/giordano-bruno\/\" \/>\n<meta property=\"og:site_name\" content=\"Rassegna Stampa Cattolica\" \/>\n<meta property=\"article:publisher\" content=\"https:\/\/www.facebook.com\/rassegnastampacattolica\" \/>\n<meta property=\"article:published_time\" content=\"2005-09-08T22:00:00+00:00\" \/>\n<meta property=\"article:modified_time\" content=\"2016-04-07T10:53:15+00:00\" \/>\n<meta property=\"og:image\" content=\"https:\/\/www.rassegnastampa-totustuus.it\/cattolica\/wp-content\/uploads\/2005\/09\/Giordano_Bruno.jpg\" \/>\n\t<meta property=\"og:image:width\" content=\"206\" \/>\n\t<meta property=\"og:image:height\" content=\"245\" \/>\n\t<meta property=\"og:image:type\" content=\"image\/jpeg\" \/>\n<meta name=\"author\" content=\"Redazione\" \/>\n<meta name=\"twitter:card\" content=\"summary_large_image\" \/>\n<meta name=\"twitter:creator\" content=\"@rassegnastampa9\" \/>\n<meta name=\"twitter:site\" content=\"@rassegnastampa9\" \/>\n<meta name=\"twitter:label1\" content=\"Scritto da\" \/>\n\t<meta name=\"twitter:data1\" content=\"Redazione\" \/>\n\t<meta name=\"twitter:label2\" content=\"Tempo di lettura stimato\" \/>\n\t<meta name=\"twitter:data2\" content=\"6 minuti\" \/>\n<script type=\"application\/ld+json\" class=\"yoast-schema-graph\">{\"@context\":\"https:\\\/\\\/schema.org\",\"@graph\":[{\"@type\":\"Article\",\"@id\":\"https:\\\/\\\/www.rassegnastampa-totustuus.it\\\/cattolica\\\/giordano-bruno\\\/#article\",\"isPartOf\":{\"@id\":\"https:\\\/\\\/www.rassegnastampa-totustuus.it\\\/cattolica\\\/giordano-bruno\\\/\"},\"author\":{\"name\":\"Redazione\",\"@id\":\"https:\\\/\\\/www.rassegnastampa-totustuus.it\\\/cattolica\\\/#\\\/schema\\\/person\\\/08f319d2bd1a0904ad9e2bfb7b15e5c3\"},\"headline\":\"Giordano Bruno\",\"datePublished\":\"2005-09-08T22:00:00+00:00\",\"dateModified\":\"2016-04-07T10:53:15+00:00\",\"mainEntityOfPage\":{\"@id\":\"https:\\\/\\\/www.rassegnastampa-totustuus.it\\\/cattolica\\\/giordano-bruno\\\/\"},\"wordCount\":1295,\"publisher\":{\"@id\":\"https:\\\/\\\/www.rassegnastampa-totustuus.it\\\/cattolica\\\/#organization\"},\"image\":{\"@id\":\"https:\\\/\\\/www.rassegnastampa-totustuus.it\\\/cattolica\\\/giordano-bruno\\\/#primaryimage\"},\"thumbnailUrl\":\"https:\\\/\\\/www.rassegnastampa-totustuus.it\\\/cattolica\\\/wp-content\\\/uploads\\\/2005\\\/09\\\/Giordano_Bruno.jpg\",\"keywords\":[\"Giordano Bruno\"],\"articleSection\":[\"Inquisizione\",\"Personaggi\",\"Storia\"],\"inLanguage\":\"it-IT\"},{\"@type\":\"WebPage\",\"@id\":\"https:\\\/\\\/www.rassegnastampa-totustuus.it\\\/cattolica\\\/giordano-bruno\\\/\",\"url\":\"https:\\\/\\\/www.rassegnastampa-totustuus.it\\\/cattolica\\\/giordano-bruno\\\/\",\"name\":\"Giordano Bruno - Rassegna Stampa Cattolica\",\"isPartOf\":{\"@id\":\"https:\\\/\\\/www.rassegnastampa-totustuus.it\\\/cattolica\\\/#website\"},\"primaryImageOfPage\":{\"@id\":\"https:\\\/\\\/www.rassegnastampa-totustuus.it\\\/cattolica\\\/giordano-bruno\\\/#primaryimage\"},\"image\":{\"@id\":\"https:\\\/\\\/www.rassegnastampa-totustuus.it\\\/cattolica\\\/giordano-bruno\\\/#primaryimage\"},\"thumbnailUrl\":\"https:\\\/\\\/www.rassegnastampa-totustuus.it\\\/cattolica\\\/wp-content\\\/uploads\\\/2005\\\/09\\\/Giordano_Bruno.jpg\",\"datePublished\":\"2005-09-08T22:00:00+00:00\",\"dateModified\":\"2016-04-07T10:53:15+00:00\",\"description\":\"Rassegna Stampa Cattolica - Per una cultura che nasce dalla Rivelazione cristiana in conformit\u00e0 alla tradizione e al Magistero della Chiesa in opposizione ad ogni relativismo e totalitarismo\",\"breadcrumb\":{\"@id\":\"https:\\\/\\\/www.rassegnastampa-totustuus.it\\\/cattolica\\\/giordano-bruno\\\/#breadcrumb\"},\"inLanguage\":\"it-IT\",\"potentialAction\":[{\"@type\":\"ReadAction\",\"target\":[\"https:\\\/\\\/www.rassegnastampa-totustuus.it\\\/cattolica\\\/giordano-bruno\\\/\"]}]},{\"@type\":\"ImageObject\",\"inLanguage\":\"it-IT\",\"@id\":\"https:\\\/\\\/www.rassegnastampa-totustuus.it\\\/cattolica\\\/giordano-bruno\\\/#primaryimage\",\"url\":\"https:\\\/\\\/www.rassegnastampa-totustuus.it\\\/cattolica\\\/wp-content\\\/uploads\\\/2005\\\/09\\\/Giordano_Bruno.jpg\",\"contentUrl\":\"https:\\\/\\\/www.rassegnastampa-totustuus.it\\\/cattolica\\\/wp-content\\\/uploads\\\/2005\\\/09\\\/Giordano_Bruno.jpg\",\"width\":206,\"height\":245},{\"@type\":\"BreadcrumbList\",\"@id\":\"https:\\\/\\\/www.rassegnastampa-totustuus.it\\\/cattolica\\\/giordano-bruno\\\/#breadcrumb\",\"itemListElement\":[{\"@type\":\"ListItem\",\"position\":1,\"name\":\"Home\",\"item\":\"https:\\\/\\\/www.rassegnastampa-totustuus.it\\\/cattolica\\\/\"},{\"@type\":\"ListItem\",\"position\":2,\"name\":\"Giordano Bruno\"}]},{\"@type\":\"WebSite\",\"@id\":\"https:\\\/\\\/www.rassegnastampa-totustuus.it\\\/cattolica\\\/#website\",\"url\":\"https:\\\/\\\/www.rassegnastampa-totustuus.it\\\/cattolica\\\/\",\"name\":\"Rassegna Stampa Cattolica\",\"description\":\"Per una cultura che nasce dalla Rivelazione cristiana in conformit\u00e0 alla tradizione e al Magistero della Chiesa in opposizione ad ogni relativismo e totalitarismo\",\"publisher\":{\"@id\":\"https:\\\/\\\/www.rassegnastampa-totustuus.it\\\/cattolica\\\/#organization\"},\"alternateName\":\"Rass. Cattolica\",\"potentialAction\":[{\"@type\":\"SearchAction\",\"target\":{\"@type\":\"EntryPoint\",\"urlTemplate\":\"https:\\\/\\\/www.rassegnastampa-totustuus.it\\\/cattolica\\\/?s={search_term_string}\"},\"query-input\":{\"@type\":\"PropertyValueSpecification\",\"valueRequired\":true,\"valueName\":\"search_term_string\"}}],\"inLanguage\":\"it-IT\"},{\"@type\":\"Organization\",\"@id\":\"https:\\\/\\\/www.rassegnastampa-totustuus.it\\\/cattolica\\\/#organization\",\"name\":\"Rassegna Stampa Cattolica\",\"url\":\"https:\\\/\\\/www.rassegnastampa-totustuus.it\\\/cattolica\\\/\",\"logo\":{\"@type\":\"ImageObject\",\"inLanguage\":\"it-IT\",\"@id\":\"https:\\\/\\\/www.rassegnastampa-totustuus.it\\\/cattolica\\\/#\\\/schema\\\/logo\\\/image\\\/\",\"url\":\"https:\\\/\\\/www.rassegnastampa-totustuus.it\\\/cattolica\\\/wp-content\\\/uploads\\\/2014\\\/04\\\/logo-rassegna1.gif\",\"contentUrl\":\"https:\\\/\\\/www.rassegnastampa-totustuus.it\\\/cattolica\\\/wp-content\\\/uploads\\\/2014\\\/04\\\/logo-rassegna1.gif\",\"width\":600,\"height\":163,\"caption\":\"Rassegna Stampa Cattolica\"},\"image\":{\"@id\":\"https:\\\/\\\/www.rassegnastampa-totustuus.it\\\/cattolica\\\/#\\\/schema\\\/logo\\\/image\\\/\"},\"sameAs\":[\"https:\\\/\\\/www.facebook.com\\\/rassegnastampacattolica\",\"https:\\\/\\\/x.com\\\/rassegnastampa9\"]},{\"@type\":\"Person\",\"@id\":\"https:\\\/\\\/www.rassegnastampa-totustuus.it\\\/cattolica\\\/#\\\/schema\\\/person\\\/08f319d2bd1a0904ad9e2bfb7b15e5c3\",\"name\":\"Redazione\",\"image\":{\"@type\":\"ImageObject\",\"inLanguage\":\"it-IT\",\"@id\":\"https:\\\/\\\/secure.gravatar.com\\\/avatar\\\/2fcdf27c78ea025fbdb44e914cc63c72249ffec9dc8aafd5c82b26240ef3f346?s=96&d=mm&r=g\",\"url\":\"https:\\\/\\\/secure.gravatar.com\\\/avatar\\\/2fcdf27c78ea025fbdb44e914cc63c72249ffec9dc8aafd5c82b26240ef3f346?s=96&d=mm&r=g\",\"contentUrl\":\"https:\\\/\\\/secure.gravatar.com\\\/avatar\\\/2fcdf27c78ea025fbdb44e914cc63c72249ffec9dc8aafd5c82b26240ef3f346?s=96&d=mm&r=g\",\"caption\":\"Redazione\"},\"url\":\"https:\\\/\\\/www.rassegnastampa-totustuus.it\\\/cattolica\\\/author\\\/pietroelle\\\/\"}]}<\/script>\n<!-- \/ Yoast SEO plugin. -->","yoast_head_json":{"title":"Giordano Bruno - Rassegna Stampa Cattolica","description":"Rassegna Stampa Cattolica - Per una cultura che nasce dalla Rivelazione cristiana in conformit\u00e0 alla tradizione e al Magistero della Chiesa in opposizione ad ogni relativismo e totalitarismo","robots":{"index":"index","follow":"follow","max-snippet":"max-snippet:-1","max-image-preview":"max-image-preview:large","max-video-preview":"max-video-preview:-1"},"canonical":"https:\/\/www.rassegnastampa-totustuus.it\/cattolica\/giordano-bruno\/","og_locale":"it_IT","og_type":"article","og_title":"Giordano Bruno - Rassegna Stampa Cattolica","og_description":"Rassegna Stampa Cattolica - Per una cultura che nasce dalla Rivelazione cristiana in conformit\u00e0 alla tradizione e al Magistero della Chiesa in opposizione ad ogni relativismo e totalitarismo","og_url":"https:\/\/www.rassegnastampa-totustuus.it\/cattolica\/giordano-bruno\/","og_site_name":"Rassegna Stampa Cattolica","article_publisher":"https:\/\/www.facebook.com\/rassegnastampacattolica","article_published_time":"2005-09-08T22:00:00+00:00","article_modified_time":"2016-04-07T10:53:15+00:00","og_image":[{"width":206,"height":245,"url":"https:\/\/www.rassegnastampa-totustuus.it\/cattolica\/wp-content\/uploads\/2005\/09\/Giordano_Bruno.jpg","type":"image\/jpeg"}],"author":"Redazione","twitter_card":"summary_large_image","twitter_creator":"@rassegnastampa9","twitter_site":"@rassegnastampa9","twitter_misc":{"Scritto da":"Redazione","Tempo di lettura stimato":"6 minuti"},"schema":{"@context":"https:\/\/schema.org","@graph":[{"@type":"Article","@id":"https:\/\/www.rassegnastampa-totustuus.it\/cattolica\/giordano-bruno\/#article","isPartOf":{"@id":"https:\/\/www.rassegnastampa-totustuus.it\/cattolica\/giordano-bruno\/"},"author":{"name":"Redazione","@id":"https:\/\/www.rassegnastampa-totustuus.it\/cattolica\/#\/schema\/person\/08f319d2bd1a0904ad9e2bfb7b15e5c3"},"headline":"Giordano Bruno","datePublished":"2005-09-08T22:00:00+00:00","dateModified":"2016-04-07T10:53:15+00:00","mainEntityOfPage":{"@id":"https:\/\/www.rassegnastampa-totustuus.it\/cattolica\/giordano-bruno\/"},"wordCount":1295,"publisher":{"@id":"https:\/\/www.rassegnastampa-totustuus.it\/cattolica\/#organization"},"image":{"@id":"https:\/\/www.rassegnastampa-totustuus.it\/cattolica\/giordano-bruno\/#primaryimage"},"thumbnailUrl":"https:\/\/www.rassegnastampa-totustuus.it\/cattolica\/wp-content\/uploads\/2005\/09\/Giordano_Bruno.jpg","keywords":["Giordano Bruno"],"articleSection":["Inquisizione","Personaggi","Storia"],"inLanguage":"it-IT"},{"@type":"WebPage","@id":"https:\/\/www.rassegnastampa-totustuus.it\/cattolica\/giordano-bruno\/","url":"https:\/\/www.rassegnastampa-totustuus.it\/cattolica\/giordano-bruno\/","name":"Giordano Bruno - Rassegna Stampa Cattolica","isPartOf":{"@id":"https:\/\/www.rassegnastampa-totustuus.it\/cattolica\/#website"},"primaryImageOfPage":{"@id":"https:\/\/www.rassegnastampa-totustuus.it\/cattolica\/giordano-bruno\/#primaryimage"},"image":{"@id":"https:\/\/www.rassegnastampa-totustuus.it\/cattolica\/giordano-bruno\/#primaryimage"},"thumbnailUrl":"https:\/\/www.rassegnastampa-totustuus.it\/cattolica\/wp-content\/uploads\/2005\/09\/Giordano_Bruno.jpg","datePublished":"2005-09-08T22:00:00+00:00","dateModified":"2016-04-07T10:53:15+00:00","description":"Rassegna Stampa Cattolica - Per una cultura che nasce dalla Rivelazione cristiana in conformit\u00e0 alla tradizione e al Magistero della Chiesa in opposizione ad ogni relativismo e totalitarismo","breadcrumb":{"@id":"https:\/\/www.rassegnastampa-totustuus.it\/cattolica\/giordano-bruno\/#breadcrumb"},"inLanguage":"it-IT","potentialAction":[{"@type":"ReadAction","target":["https:\/\/www.rassegnastampa-totustuus.it\/cattolica\/giordano-bruno\/"]}]},{"@type":"ImageObject","inLanguage":"it-IT","@id":"https:\/\/www.rassegnastampa-totustuus.it\/cattolica\/giordano-bruno\/#primaryimage","url":"https:\/\/www.rassegnastampa-totustuus.it\/cattolica\/wp-content\/uploads\/2005\/09\/Giordano_Bruno.jpg","contentUrl":"https:\/\/www.rassegnastampa-totustuus.it\/cattolica\/wp-content\/uploads\/2005\/09\/Giordano_Bruno.jpg","width":206,"height":245},{"@type":"BreadcrumbList","@id":"https:\/\/www.rassegnastampa-totustuus.it\/cattolica\/giordano-bruno\/#breadcrumb","itemListElement":[{"@type":"ListItem","position":1,"name":"Home","item":"https:\/\/www.rassegnastampa-totustuus.it\/cattolica\/"},{"@type":"ListItem","position":2,"name":"Giordano Bruno"}]},{"@type":"WebSite","@id":"https:\/\/www.rassegnastampa-totustuus.it\/cattolica\/#website","url":"https:\/\/www.rassegnastampa-totustuus.it\/cattolica\/","name":"Rassegna Stampa Cattolica","description":"Per una cultura che nasce dalla Rivelazione cristiana in conformit\u00e0 alla tradizione e al Magistero della Chiesa in opposizione ad ogni relativismo e totalitarismo","publisher":{"@id":"https:\/\/www.rassegnastampa-totustuus.it\/cattolica\/#organization"},"alternateName":"Rass. Cattolica","potentialAction":[{"@type":"SearchAction","target":{"@type":"EntryPoint","urlTemplate":"https:\/\/www.rassegnastampa-totustuus.it\/cattolica\/?s={search_term_string}"},"query-input":{"@type":"PropertyValueSpecification","valueRequired":true,"valueName":"search_term_string"}}],"inLanguage":"it-IT"},{"@type":"Organization","@id":"https:\/\/www.rassegnastampa-totustuus.it\/cattolica\/#organization","name":"Rassegna Stampa Cattolica","url":"https:\/\/www.rassegnastampa-totustuus.it\/cattolica\/","logo":{"@type":"ImageObject","inLanguage":"it-IT","@id":"https:\/\/www.rassegnastampa-totustuus.it\/cattolica\/#\/schema\/logo\/image\/","url":"https:\/\/www.rassegnastampa-totustuus.it\/cattolica\/wp-content\/uploads\/2014\/04\/logo-rassegna1.gif","contentUrl":"https:\/\/www.rassegnastampa-totustuus.it\/cattolica\/wp-content\/uploads\/2014\/04\/logo-rassegna1.gif","width":600,"height":163,"caption":"Rassegna Stampa Cattolica"},"image":{"@id":"https:\/\/www.rassegnastampa-totustuus.it\/cattolica\/#\/schema\/logo\/image\/"},"sameAs":["https:\/\/www.facebook.com\/rassegnastampacattolica","https:\/\/x.com\/rassegnastampa9"]},{"@type":"Person","@id":"https:\/\/www.rassegnastampa-totustuus.it\/cattolica\/#\/schema\/person\/08f319d2bd1a0904ad9e2bfb7b15e5c3","name":"Redazione","image":{"@type":"ImageObject","inLanguage":"it-IT","@id":"https:\/\/secure.gravatar.com\/avatar\/2fcdf27c78ea025fbdb44e914cc63c72249ffec9dc8aafd5c82b26240ef3f346?s=96&d=mm&r=g","url":"https:\/\/secure.gravatar.com\/avatar\/2fcdf27c78ea025fbdb44e914cc63c72249ffec9dc8aafd5c82b26240ef3f346?s=96&d=mm&r=g","contentUrl":"https:\/\/secure.gravatar.com\/avatar\/2fcdf27c78ea025fbdb44e914cc63c72249ffec9dc8aafd5c82b26240ef3f346?s=96&d=mm&r=g","caption":"Redazione"},"url":"https:\/\/www.rassegnastampa-totustuus.it\/cattolica\/author\/pietroelle\/"}]}},"_links":{"self":[{"href":"https:\/\/www.rassegnastampa-totustuus.it\/cattolica\/wp-json\/wp\/v2\/posts\/1367","targetHints":{"allow":["GET"]}}],"collection":[{"href":"https:\/\/www.rassegnastampa-totustuus.it\/cattolica\/wp-json\/wp\/v2\/posts"}],"about":[{"href":"https:\/\/www.rassegnastampa-totustuus.it\/cattolica\/wp-json\/wp\/v2\/types\/post"}],"author":[{"embeddable":true,"href":"https:\/\/www.rassegnastampa-totustuus.it\/cattolica\/wp-json\/wp\/v2\/users\/6"}],"replies":[{"embeddable":true,"href":"https:\/\/www.rassegnastampa-totustuus.it\/cattolica\/wp-json\/wp\/v2\/comments?post=1367"}],"version-history":[{"count":5,"href":"https:\/\/www.rassegnastampa-totustuus.it\/cattolica\/wp-json\/wp\/v2\/posts\/1367\/revisions"}],"predecessor-version":[{"id":32533,"href":"https:\/\/www.rassegnastampa-totustuus.it\/cattolica\/wp-json\/wp\/v2\/posts\/1367\/revisions\/32533"}],"wp:featuredmedia":[{"embeddable":true,"href":"https:\/\/www.rassegnastampa-totustuus.it\/cattolica\/wp-json\/wp\/v2\/media\/32532"}],"wp:attachment":[{"href":"https:\/\/www.rassegnastampa-totustuus.it\/cattolica\/wp-json\/wp\/v2\/media?parent=1367"}],"wp:term":[{"taxonomy":"category","embeddable":true,"href":"https:\/\/www.rassegnastampa-totustuus.it\/cattolica\/wp-json\/wp\/v2\/categories?post=1367"},{"taxonomy":"post_tag","embeddable":true,"href":"https:\/\/www.rassegnastampa-totustuus.it\/cattolica\/wp-json\/wp\/v2\/tags?post=1367"}],"curies":[{"name":"wp","href":"https:\/\/api.w.org\/{rel}","templated":true}]}}