{"id":13660,"date":"2014-11-19T17:56:05","date_gmt":"2014-11-19T16:56:05","guid":{"rendered":"http:\/\/www.rassegnastampa-totustuus.it\/cattolica\/?p=13660"},"modified":"2014-11-19T21:10:44","modified_gmt":"2014-11-19T20:10:44","slug":"tredici-anni-della-nostra-storia","status":"publish","type":"post","link":"https:\/\/www.rassegnastampa-totustuus.it\/cattolica\/tredici-anni-della-nostra-storia\/","title":{"rendered":"Tredici anni della nostra storia"},"content":{"rendered":"<p style=\"text-align: center;\">\u00a0tratto da <strong>Il Sabato<\/strong> 29 agosto 1987, n. 35<\/p>\n<p style=\"text-align: center;\"><strong>Antonio Socci, Roberto Fontolan<\/strong><\/p>\n<p style=\"text-align: center;\"><a href=\"https:\/\/www.rassegnastampa-totustuus.it\/cattolica\/wp-content\/uploads\/2014\/11\/Il-sabato_cover.jpg\"><img loading=\"lazy\" decoding=\"async\" class=\"aligncenter wp-image-13682 size-full\" src=\"https:\/\/www.rassegnastampa-totustuus.it\/cattolica\/wp-content\/uploads\/2014\/11\/Il-sabato_cover.jpg\" alt=\"Il sabato_cover\" width=\"160\" height=\"200\" \/><\/a><\/p>\n<p><!--more--><\/p>\n<p style=\"text-align: center;\"><strong>ADDIO ALLE LEVE. IL NUOVO POTERE SALE AL TRONO.<\/strong><\/p>\n<p style=\"text-align: justify;\">\u00abCento poltrone da occupare subito\u00bb. Con questo titolo l&#8217;Espresso del 19 maggio 1974 apriva i suoi servizi dedicati alla schiacciante vittoria divorzista. Che c&#8217;entrava il divorzio con le poltrone? Da una parte c&#8217;era in gioco la questione di valori o di costume. Dall&#8217;altra una questione di nero potere. Eppure il giornale che aveva tirato con spregiudicatezza la volata alla nuova vincente cultura laicista come prima conseguenza del voto di qualche giorno prima chiamare in causa la questione dei \u00abposti di comando\u00bb.<\/p>\n<div id=\"attachment_13662\" style=\"width: 145px\" class=\"wp-caption alignleft\"><a href=\"https:\/\/www.rassegnastampa-totustuus.it\/cattolica\/wp-content\/uploads\/2014\/11\/espresso-1974.jpg\"><img loading=\"lazy\" decoding=\"async\" aria-describedby=\"caption-attachment-13662\" class=\"wp-image-13662\" src=\"https:\/\/www.rassegnastampa-totustuus.it\/cattolica\/wp-content\/uploads\/2014\/11\/espresso-1974.jpg\" alt=\"espresso 1974\" width=\"145\" height=\"200\" \/><\/a><p id=\"caption-attachment-13662\" class=\"wp-caption-text\">Il settimanale L&#8217;Espresso durante la campagna per il divorzio<\/p><\/div>\n<p style=\"text-align: justify;\">Da quella fatidica data del maggio 1974 il progetto che aveva colto allora il suo primo clamoroso successo ha fatto molta strada. Per contro il cattolicesimo italiano ha vissuto un continuo arretramento. Estromesso dalle grandi \u00ableve\u00bb della finanza, dei mass-media, della magistratura \u00e8 stato ridotto a residuo di culto, al volontariato assistenzialista. Com&#8217;\u00e8 accaduto tutto questo?<\/p>\n<p style=\"text-align: justify;\">E&#8217; ci\u00f2 che <em>Il Sabato<\/em> ha tentato di ricostruire ripercorrendo la storia di questi tredici anni cruciali, inedita e provocatoria. La tesi \u00e8 che il potere laicista si sia servito di un \u00abcavallo di Troia\u00bb. Cio\u00e8 della forza di un pensiero non cattolico che poco alla volta \u00e8 divenuto dominante proprio l&#8217;interno del mondo cattolico.<\/p>\n<p style=\"text-align: justify;\">Un pensiero che ha puntato sulla separazione tra fede e vita, distruggendo cos\u00ec la ragionevolezza della fede. Cos\u00ec i cattolici sono diventati paladini di valori, portatore di evidenze etiche, anime belle ormai incapace di credere e di annunciare. Ci\u00f2 in cui si fonda ogni valore ed ogni evidenza. Questa la tesi. La storia che in questo numero comincia porter\u00e0 tutte le prove e le connessioni.<\/p>\n<p style=\"text-align: justify;\">\u00abE&#8217; finita. Ha vinto il nuovo potere! Lo spirito della classe dominante ha dilagato\u00bb, constatava Pasolini attorno al &#8217;74. \u00abIl nuovo potere \u00e8 completamente irreligioso; totalitario; violento; falsamente tollerante, anzi pi\u00f9 repressivo che mai; corruttore; degradante\u00bb. Il 1974 (l&#8217;anno del referendum sul divorzio) segna la grande svolta preparata da decenni. L&#8217;anima del popolo italiano si scopre non pi\u00f9 cattolica, ma totalmente \u00abstravolta, irriconoscibile\u00bb.<\/p>\n<p style=\"text-align: justify;\">Dove non erano riusciti a far breccia la Riforma protestante, il giacobinismo della Rivoluzione francese, ed il leninismo della Rivoluzione bolscevica \u00e8 riuscito un nuovo potere. Bisogna partire da qui: dalla disfatta e dalla sparizione dei cattolici e dalla contemporanea affermazione di un nuovo potere. Di solito le storiografie tradizionali sul mondo cattolico macinano a vuoto tesi ed antitesi, piani pastorali, documenti e congressi di associazione in una astorica sacrestia dove si discetta a non finire sulla ministerialit\u00e0 dei laici, ma non si osa guardare alle domande vive e drammatiche dell&#8217;uomo. \u00abGli italiani -\u00e8 ancora Pasolini a denunciarlo attorno al &#8217;75- sono divenuti in pochi anni un popolo degenerato, ridicolo, mostruoso, criminale\u00bb.<\/p>\n<p style=\"text-align: justify;\">Non \u00e8 un caso che l&#8217;episodio che incorona il nuovo potere sia il referendum sul divorzio. Scriveva Umberto Eco: \u00abIl 12 maggio \u00e8 stata la vittoria delle masse popolari ormai a contatto con la cultura moderna\u00bb. E Pasolini: \u00abLa tolleranza in campo sessuale ha allargato enormemente i mercati; perch\u00e9 essa \u00e8 una componente essenziale della mentalit\u00e0 del consumo, in cui il soggetto deve essere moderno, laico, quindi anche sessualmente libero\u00bb. E&#8217; uno spunto per capire la natura particolare di quel nuovo potere.<\/p>\n<p style=\"text-align: justify;\"><strong>Da via Veneto al Palazzo<\/strong><\/p>\n<p style=\"text-align: justify;\">Nel febbraio &#8217;49 usciva il primo numero de <em>Il Mondo<\/em>. Nell&#8217;ottobre del &#8217;55 iniziava le pubblicazioni L&#8217;Espresso. Attorno a queste riviste di bassa tiratura si trovano Mario Pannunzio, Ernesto Rossi, Arrigo Benedetti, Leopoldo Piccardi, Augusto Guerriero, Alberto Moravia, Mino Maccari, Bruno Visentini, Vittorio Gorresio, Guido Carli e altri giovanotti, fra cui Eugenio Scalfari (che sar\u00e0 fra i fondatori del Partito radicale).<\/p>\n<p style=\"text-align: justify;\">I militi di questa pattuglia sono di provenienza fascista e antifascista, ma hanno in comune il laicismo anticlericale vecchia maniera: \u00abQuesta famiglia -racconta Scalfari- aveva per la vecchia destra storica di Spaventa, di Sella e di Minghetti una vera reverenza e un&#8217;assoluta consonanza di sentire\u00bb. Da Gobetti assumono l&#8217;idea guida: \u00abLa modernizzazione d&#8217;Italia coincide con la sua radicale laicizzazione\u00bb. Questa pattuglia stipul\u00f2 dunque un patto d&#8217;acciaio con la potente finanza, in cerca di una dimensione politica e culturale che andasse al di l\u00e0 dei confini ormai angusti del Partito liberale e di Benedetto Croce.<\/p>\n<p style=\"text-align: justify;\">Cos\u00ec -come racconta Scalfari nella sua autobiografia di gruppo- \u00abL&#8217;Espresso fu il primo giornale italiano a seguire sistematicamente e giornalisticamente i fatti dell&#8217;economia e della finanza\u00bb. In realt\u00e0 fece molto di pi\u00f9. Vi si butt\u00f2 a capofitto. E mir\u00f2 infine a dare un&#8217;impronta economicista alla cultura politica italiana, giocando a tutto campo. Cos\u00ec \u00abil nostro gruppo d&#8217;opinione -scrive l&#8217;Eugenio- ha adempiuto egregiamente al ruolo di &#8220;laicizzare&#8221; la Chiesa comunista&#8230; incalzando il Pci non gi\u00e0 verso una riconversione in chiave socialdemocratica, ma in chiave &#8220;liberale&#8221;\u00bb (cio\u00e8 funzionale agli interessi della nuova borghesia).<\/p>\n<p style=\"text-align: justify;\">Raffaele Mattioli, lo gnomo della Banca Commerciale fu lo stratega e il prototipo di questi grandi borghesi sotto i cui auspici (insieme ai contratti pubblicitari della Fiat di Valletta, dell&#8217;Eni di Mattei, dell&#8217;Olivetti e della Pirelli) iniziava l&#8217;avventura de<\/p>\n<p style=\"text-align: justify;\"><strong>L&#8217;Espresso &amp; Co.<\/strong><\/p>\n<p style=\"text-align: justify;\">Ma chi era e donde veniva questa nuova razza padrona? Dopo l&#8217;Unit\u00e0 d&#8217;Italia la borghesia massonica, conquistato il Palazzo della finanza, costella quegli anni di decine di scandali e ruberie: la Banca Romana, la Banca di Sconto, la Societ\u00e0 di Credito Mobiliare, Banco di Napoli, Bastogi.<\/p>\n<p style=\"text-align: justify;\">Il vertice dell&#8217;establishment (Fiat, Pirelli, Orlando, Costa ecc.) decide che \u00e8 pi\u00f9 comodo disfarsi delle banche affidandole in gestione allo Stato, creando, attraverso l&#8217;Iri, un apparato finanziario statale funzionale all&#8217;impero delle \u00abfamiglie\u00bb. Affidano cos\u00ec l&#8217;Iri nelle mani di <a href=\"https:\/\/www.rassegnastampa-totustuus.it\/cattolica\/wp-content\/uploads\/2014\/11\/Fiat_logo.jpg\"><img loading=\"lazy\" decoding=\"async\" class=\"alignright wp-image-13671\" src=\"https:\/\/www.rassegnastampa-totustuus.it\/cattolica\/wp-content\/uploads\/2014\/11\/Fiat_logo.jpg\" alt=\"Fiat_logo\" width=\"178\" height=\"200\" \/><\/a>Alberto Beneduce (membro della Giunta esecutiva del Grande Oriente d&#8217;Italia) che colloca Raffaele Mattioli alla Banca Commerciale (Comit) da dove si diramano i legami con la grande finanza Usa ed europea.<\/p>\n<p style=\"text-align: justify;\">Nessuno pu\u00f2 nulla contro questa cupola. Beneduce (che non prender\u00e0 mai la tessera del Pnf, ma che \u00e8 il vero potente del ventennio) con l&#8217;Iri controlla dunque le tre Banche di interesse nazionale (Comit, Credit e Banco di Roma), l&#8217;Ina, la Bastogi, altre banche, grosse fette d&#8217;industria (dall&#8217;Ansaldo all&#8217;Italsider).<\/p>\n<p style=\"text-align: justify;\">Alla sua area d&#8217;influenza appartiene anche la Tecnostruttura della Banca d&#8217;Italia con Azzolini, Menichella e poi Guido Carli, cresciuto nel salotto di Mattioli. In questo celebre ufficio studi della Comit crescono infatti, a cavallo del 1940, personaggi come Ugo La Malfa, Parri, Merzagora, Amendola, Malagodi, Rodano, Valiani, Carli, Cuccia. Le tre Bin nel &#8217;46 fondano la banca d&#8217;affari Mediobanca, affidata al giovane Enrico Cuccia (che aveva sposato la figlia di Beneduce, la signorina Ideasocialista).<\/p>\n<p style=\"text-align: justify;\">Mediobanca diviene il crocevia del potere dal 1946 ad oggi: \u00abDa sempre -ha scritto Gianni Manghetti- il capitalismo nostrano \u00e8 stato un capitalismo senza capitali&#8230; L&#8217;impegno delle grandi banche (pubbliche) si \u00e8 rivelato decisivo per salvare la propriet\u00e0 di alcuni grandi capitalisti e per garantire lo sviluppo dei loro gruppi\u00bb. Ecco perch\u00e9 Mediobanca si trova in Gemina, Montedison, Pirelli, Generali, nel rilancio di Mondadori e di Rizzoli: \u00abche sarebbero gli Agnelli, i Pirelli, i Bonomi, i Mondadori, gli Orlando (i De Bendetti ndr) senza Mediobanca?\u00bb (Manghetti). Questa dunque \u00e8 l&#8217;intuizione del giornalista-imprenditore Scalfari: saldare l&#8217;armata radicale al grande capitale laicista.<\/p>\n<p style=\"text-align: justify;\">Per questo motivo egli \u00e8 davvero il fondatore del giornalismo economico in Italia. Scalfari potr\u00e0 cos\u00ec confessare candidarnente: \u00abI rapporti con La Malfa, Visentini, Agnelli erano strutturali e non dimentichiamo la simpatia per Carlo De Benedetti, Leopoldo Pirelli, Orlando, molti dei quali pregai di entrare nella societ\u00e0, alla fondazione di Repubblica&#8230; Questo giornale \u00e8 strutturalmente il portaparola della Banca d&#8217;Italia&#8230; E&#8217; una platea rappresentativa di tutta la classe dirigente\u00bb.<\/p>\n<p style=\"text-align: justify;\">Il nuovo potere \u00e8 vincente quando riesce a chiudere il cerchio nel controllo delle leve del potere finanziario, giornalistico e industriale (ancora una volta sar\u00e0 Pasolini a cogliere il nesso fra \u00abgiornalismo di Palazzo de L&#8217;Espresso, di Panorama, de Il Mondo e la nuova forma di potere economico laico che ha prodotto una rivoluzione antropologica unica\u00bb).<\/p>\n<p style=\"text-align: justify;\">Potremmo disegnare oggi la geografia del nuovo potere. Nel 1974 la Fiat fu ad un passo dal tracollo e dalla statalizzazione. Dai 34 miliardi di utili del 1968 era precipitata nel 1972 a 15 miliardi (e solo per una integrazione di 20,4 miliardi provenienti dalle riserve). La produzione era crollata. \u00abLa crisi era talmente grave che \u00e8 la stessa Fiat a cercare di mascherarla\u00bb scriveva Turani. Nel &#8217;74 la svolta.<\/p>\n<p style=\"text-align: justify;\">Oggi la Fiat ha raggiunto un utile di 2.500 miliardi (dati &#8217;86). E&#8217; passata da un fatturato di 2.400 miliardi del &#8217;74 a 34.000 miliardi dell&#8217;86.<\/p>\n<p style=\"text-align: justify;\">In Borsa l&#8217;establishment composto da Agnelli, Ferruzzi, De Benedetti, Pirelli e Orlando controlla circa il 60% delle societ\u00e0 quotate (dati del Sole-24 ore 26-7-1987); il 21% \u00e8 delle Partecipazioni statali c&#8217;\u00e8 poi l&#8217;impero comunista della Lega delle cooperative che ha raggiunto un fatturato di circa 26.000 miliardi e il resto sono briciole. Questo dominio fa il paio con lo strapotere dei soliti noti nel mondo dell&#8217;informazione: i big five controllano i maggiori quotidiani e settimanali italiani con le pi\u00f9 grosse agenzie pubblicitarie.<\/p>\n<p style=\"text-align: justify;\">Confessa Giampaolo Pansa con le parole di Speroni nel suo <em>Carte false<\/em>: \u00abC&#8217;\u00e8 un establishment contro cui i giornalisti non possono andare\u00bb. E&#8217; una degenerazione che ormai ha travolto anche la satira politica che sempre pi\u00f9 si trasforma da denuncia in soffietto. Si tratta di una delle pi\u00f9 grosse concentrazioni di potere che la storia d&#8217;Italia ricordi; che si \u00e8 divorata fra l&#8217;altro quasi tutta la presenza cattolica nel mondo industriale, finanziario e giornalistico.<\/p>\n<p style=\"text-align: justify;\">Grazie non solo ad un suicidio culturale senza precedenti, ma anche per la complicit\u00e0 di una generazione di cattolici che ha perseguito sistematicamente un programma di smantellamento della presenza sociale e di \u00abdistruzione della Chiesa dall&#8217;interno\u00bb (Paolo VI). E oggi sembra seriamente impegnata a smantellare la presenza politica dei cattolici, visto che Scalfari spiegava il suo flirt con De Mita \u00abper il progetto positivo di De Mita: quello di laicizzare al massimo la Dc\u00bb.<\/p>\n<p style=\"text-align: justify;\"><strong>Preludio di un suicidio<\/strong><\/p>\n<p style=\"text-align: justify;\">E&#8217; la storia di un tradimento esploso nel 1974. Ma per l&#8217;inizio bisogna andare al 1950. Infatti mentre il gruppo di liberals scalfariano, fra via Veneto e la Comit di Mattioli, comincia la sua lunga marcia di conquista, i cattolici assumono (per la prima volta) la guida politica della nazione.<\/p>\n<p style=\"text-align: justify;\">Gianni Baget Bozzo, un protagonista della Dc di allora, nella sua storia del partito cristiano spiega: \u00abPio XII svilupp\u00f2 nella sua lunga attivit\u00e0 di magistero una sua concezione della dottrina tradizionale: quella dell&#8217;autonomia del popolo rispetto allo Stato, dell&#8217;ordine etico rispetto alle istituzioni sociali e politiche&#8230; Il radiomessaggio natalizio del 1944 afferm\u00f2 che la democrazia era possibile non semplicemente grazie alla presenza delle istituzioni, ma soprattutto per la presenza e la partecipazione politica di un vero popolo. Pio XII rovesciava cos\u00ec il rapporto di causalit\u00e0 tra diritto naturale e diritto costituzionale&#8230; Il Papa si rivolgeva a tutti gli uomini, non solo ai cristiani&#8230; Egli non vedeva nei partiti una dimensione originaria della libert\u00e0 civile. Questi infatti appartenevano alla sfera dello Stato. Era importante, piuttosto, costituire strumenti che fossero intermedi tra lo Stato e il popolo, che rappresentassero l&#8217;esercizio delle volont\u00e0 del popolo di difendersi dalle falsificazioni e dalle adulterazioni dei poteri costituiti. Questa fu la linea di pensiero che presiedette all&#8217;azione dei Comitati civici\u00bb.<\/p>\n<p style=\"text-align: justify;\">Aggiunge don Gino Oliosi del \u00abComitato di Collegamento fra i cattolici\u00bb: \u00abIl grande capolavoro di Pio XII sar\u00e0 la Costituzione italiana che -caso quasi unico- risolve l&#8217;annosa aporia fra Stato teocratico e Stato laicista. E&#8217; la sola Costituzione che definisce l&#8217;Italia non uno Stato, ma una Repubblica, dove agiscono questi soggetti: lo Stato, le Regioni, i Comuni, i partiti, i corpi intermedi, tutti a pieno titolo. Era una vera rivoluzione. Ma il grande realizzatore di questa visione del Papa fu De Gasperi. Pio XII aveva molto meditato la lezione leniniana: l&#8217;idea del partito come soggetto totale (una declinazione della statolatria giacobina) apriva la strada ad un nuovo totalitarismo\u00bb.<\/p>\n<p style=\"text-align: justify;\">Quale fu il contributo di De Gasperi?<\/p>\n<p style=\"text-align: justify;\">\u00abEgli realizz\u00f2 un partito che era s\u00ec un soggetto politico, ma non un soggetto culturale; che cio\u00e8 si riconosceva come espressione di una presenza sociale, e che aveva il suo spazio specifico di azione nel confronto, nel compromesso, nella collaborazione, nella mediazione politica con gli altri partiti\u00bb. Ma una nuova cultura \u00e8 alle porte, destinata ad avere un enorme influsso sul cattolicesimo italiano: \u00e8 la lettura italiana di Jacques Maritain (soprattutto di Umanesimo integrale).<\/p>\n<p style=\"text-align: justify;\">\u00abLa proposta di Maritain -scrive Scoppola- circol\u00f2 nei gruppi intellettuali di Azione cattolica, in particolare ad opera di Giovan Battista Montini, ed ebbe perci\u00f2 particolare presa proprio negli ambienti nei quali si formavano giovani destinati ad assumere notevoli responsabilit\u00e0 successivamente.<\/p>\n<p style=\"text-align: justify;\">Il maritainismo italiano tuttavia \u00e8 una creatura strana (per di pi\u00f9 sconfessata dal filosofo francese). \u00abEsiste un &#8220;uso ideologico&#8221; di Maritain\u00bb scriveva Baget Bozzo nel &#8217;70, quando era ancora direttore di Renovatio.<\/p>\n<p style=\"text-align: justify;\">Quella riduzione italiana di Maritain a ideologia politica si \u00e8 affermata pian piano, con gli anni, con letture parziali e superficiali. \u00abSi pu\u00f2 dire che le tesi di Lazzati -aggiungeva Baget Bozzo- definiscono quella che sar\u00e0 la piattaforma dell&#8217;uso ideologico di Maritain in Italia.<\/p>\n<div id=\"attachment_13664\" style=\"width: 156px\" class=\"wp-caption alignleft\"><a href=\"https:\/\/www.rassegnastampa-totustuus.it\/cattolica\/wp-content\/uploads\/2014\/11\/Giuseppe-Lazzati.jpg\"><img loading=\"lazy\" decoding=\"async\" aria-describedby=\"caption-attachment-13664\" class=\"wp-image-13664\" src=\"https:\/\/www.rassegnastampa-totustuus.it\/cattolica\/wp-content\/uploads\/2014\/11\/Giuseppe-Lazzati.jpg\" alt=\"Giuseppe Lazzati\" width=\"156\" height=\"250\" \/><\/a><p id=\"caption-attachment-13664\" class=\"wp-caption-text\">Giuseppe Lazzati, rettore della Cattolica di Milano<\/p><\/div>\n<p style=\"text-align: justify;\">Tutto comincia con il &#8217;45. Un gruppo di docenti della Cattolica (Lazzati, Dossetti, Fanfani, Saraceno, Boldrini ecc.) fanno il loro ingresso nella leadership del partito cristiano come tecnici. L&#8217;autonomia della tecnica giuridica, economica, politica ci introduce gi\u00e0 nel maritainismo. La dottrina sociale della Chiesa come orizzonte politico \u00e8 superata per i nostri intellettuali dall&#8217;idea di nuova cristianit\u00e0. Sarebbe la stessa dinamica storica a condurre necessariarnente alla nuova cristianit\u00e0 che si incarnerebbe nei valori moderni (della democrazia, della libert\u00e0, della giustizia).<\/p>\n<p style=\"text-align: justify;\">Per Lazzati diversa \u00e8 la sfera \u00abspirituale\u00bb da quella della storia che governata da leggi tecniche verrebbe resa sempre pi\u00f9 omogenea alla Chiesa. Compito del cristiano sarebbe -in questo contesto- l&#8217;uso professionalmente competente di quelle tecniche che inverano i valori della nuova cristianit\u00e0. I cristiani dovrebbero dunque assecondare questo movimento della storia moderna; la Chiesa invece \u00e8 stata per lungo tempo \u00abpeccatrice contro il mondo moderno\u00bb.<\/p>\n<div id=\"attachment_13665\" style=\"width: 185px\" class=\"wp-caption alignright\"><a href=\"https:\/\/www.rassegnastampa-totustuus.it\/cattolica\/wp-content\/uploads\/2014\/11\/Giuseppe-Dossetti.jpg\"><img loading=\"lazy\" decoding=\"async\" aria-describedby=\"caption-attachment-13665\" class=\"wp-image-13665\" src=\"https:\/\/www.rassegnastampa-totustuus.it\/cattolica\/wp-content\/uploads\/2014\/11\/Giuseppe-Dossetti.jpg\" alt=\"Giuseppe Dossetti\" width=\"185\" height=\"250\" \/><\/a><p id=\"caption-attachment-13665\" class=\"wp-caption-text\">Giuseppe Dossetti<\/p><\/div>\n<p style=\"text-align: justify;\">E&#8217; nell&#8217;opera del cardinal Suhard <em>L&#8217;essor on d\u00e8clin de l&#8217;Eglise<\/em> (tradotto nel &#8217;48 da Turoldo proprio per l&#8217;editrice di Cronache sociali, la rivista del gruppo dossettiano) che per la prima volta si introduce la contrapposizione fra integralisti e progressisti. Cos\u00ec ad esempio il fascismo (che per Pio XII \u00e8 un&#8217;espressione moderna dell&#8217;immanentismo laicista a compimento della statolatria risorgimentale) per i nostri nuovi intellettuali \u00e8 un Fascio delle forze reazionarie\u00bb. Questa lettura del fascismo \u00e8 -non a caso- identica a quella \u00abazionista\u00bb (la culla del nuovo laicismo italiano).<\/p>\n<p style=\"text-align: justify;\">Cos\u00ec, fatalmente per il gruppo cattolico-democratico l&#8217;antinomia dell&#8217;epoca moderna non sar\u00e0 fra laicismo ed evento cristiano, ma fra progresso e reazione, dove il pericolo non sarebbe rappresentato dal laicismo quanto dall&#8217;integralismo. Si afferma cos\u00ec una cultura che esalta sempre pi\u00f9 la modernit\u00e0 ed il suo motore, la nuova borghesia \u00e8 sempre pi\u00f9 legittimata nella sua conquista. Il gruppo cattolico-democratico propugna una doppia riforma, della Chiesa e dello Stato.<\/p>\n<p style=\"text-align: justify;\">La riforma della Chiesa, per liberare la fede dai retaggi dell&#8217;epoca sacrale teocratica, doveva accentuare il carattere interiore della Chiesa e della Grazia rispetto al mondo. \u00abLa Chiesa -notava Baget Bozzo- non poteva apparire sul piano della storia visibile se non con una presenza silenziosa ed interiore\u00bb. D&#8217;altro canto si attribuiva alla politica, quindi all&#8217;unico strumento ritenuto idoneo, il partito, con la sua azione nello Stato, il compito di realizzare la \u00abnuova cristianit\u00e0\u00bb, non pi\u00f9 \u00absacrale\u00bb ma \u00abevangelica\u00bb.<\/p>\n<p style=\"text-align: justify;\">\u00abNella nuova cristianit\u00e0 -spiega ancora lo storico genovese della Dc- la grazia era talmente presente nel processo storico, cos\u00ec immanente alla natura stessa che, senza riferimento diretto alle parole o ai simboli cristiani e nemmeno a quelli religiosi, poteva nascere una cristianit\u00e0. I valori stessi della nuova storia, identificati nel pluralismo, nella libert\u00e0 politica, nel regime democratico, divenivano la realizzazione visibile, politica e spirituale ad un tempo, del cristianesimo\u00bb. Il partito cristiano si avvia cos\u00ec a diventare la levatrice del nuovo potere laicista. E&#8217; chiaro come questa ideologia tolga ogni legittimit\u00e0 a qualsiasi intervento pubblico, storico della Chiesa e a tutte le forme di presenza popolare dei cattolici fuori del partito.<\/p>\n<p style=\"text-align: justify;\"><strong>Approdo all&#8217;utopia<\/strong><\/p>\n<p style=\"text-align: justify;\">Ma come si giustifica teologicamente una simile novit\u00e0? E Lazzati che prendendo spunto dal capitolo sulla \u00abdistinzione dei piani\u00bb di Umanesimo integrale tenta di fondare teologicamente una nuova categoria, quella di laico (contrapposto al laicista e all&#8217;integralista), che opererebbe nella storia non come cristiano, ma come uomo (fondamentale per questa concezione \u00e8 anche l&#8217;opera di Congar del &#8217;53, Jaons pour une th\u00e9ologie d\u00ec laicat).<\/p>\n<p style=\"text-align: justify;\">L&#8217;abisso fra la Chiesa e la storia si fa incolmabile. E la tecnica politica (ovvero il partito) diventa lo spazio quasi esclusivo della testimonianza cristiana nella storia, e il depositario di un&#8217;attesa utopica sostanzialmente estranea al pensiero della Chiesa, che al contrario aveva sempre cercato di difendere gli uomini e la loro vita (personale o di gruppi) dallo Stato e dalla tentazione totalizzante della politica.<\/p>\n<p style=\"text-align: justify;\">Giustamente il cardinale Ratzinger ha scritto di recente: \u00abQuando la fede cristiana decade&#8230; insorge il mito dello Stato divino, perch\u00e9 l&#8217;uomo non pu\u00f2 rinunciare alla totalit\u00e0 della speranza&#8230; Il rifiuto della speranza che \u00e8 nella fede \u00e8, al tempo stesso, un rifiuto al senso di misura della ragione politica&#8230; il primo servizio che la fede fa alla politica \u00e8 dunque la liberazione dell&#8217;uomo dall&#8217;irrazionalit\u00e0 dei miti politici, che sono il vero rischio del nostro tempo&#8230;\u00a0Limitarsi al possibile sembra una rinuncia alla passione morale, sembra il pragmatismo dei meschini\u00bb. Fu proprio questa la critica che il gruppo dossettiano mosse a De Gasperi. \u00abMa la verit\u00e0 -riprende Ratzinger- \u00e8 che la morale politica consiste precisamente nella resistenza alla seduzione delle grandi parole con cui ci si fa gioco dell&#8217;umanit\u00e0 dell&#8217;uomo e delle sue possibilit\u00e0\u00bb (da Chiesa, ecumenismo e politica, p. 143-144, Milano 1987).<\/p>\n<p style=\"text-align: justify;\">Al loro sorgere invece i cattolici democratici sono affascinati dalle \u00abgrandi parole\u00bb: essi ritengono -al contrario di De Gasperi- che il partito sia insieme soggetto culturale e politico, al contrario di Pio XII, leggono il marxismo come eresia cristiana che pu\u00f2 essere depurata della sua metafisica ateista, anzich\u00e9 come ateismo organico e sistematico (perci\u00f2 saranno continui i travasi e le commistioni fra il maritainismo italiano e i catto-comunisti di Felice Balbo e Franco Rodano).<\/p>\n<p style=\"text-align: justify;\">Come si realizz\u00f2 dunque quel maritainismo di Cronache sociali? Nel 1953, sul primo numero di Terza Generazione, l&#8217;ex dossettiano Baget Bozzo firmer\u00e0 un&#8217;eloquente autocritica: \u00abAbbiamo ridotto le istanze delle masse a bisogno di cibo, di alloggio, di vestiario, di divertimento: abbiamo largamente accettato in pratica le ideologie positiviste del riformismo anglosassone; abbiamo considerato il comunismo come uno &#8216;scisma&#8217; che sarebbe stato riassorbito se lo Stato avesse compiuto una politica di &#8216;audaci riforme sociali&#8217;.<\/p>\n<p style=\"text-align: justify;\">Di conseguenza non abbiamo visto altra azione possibile che quella dell&#8217;efficiente amministrazione statale e quindi nessun altro possibile attivo nostro intervento sociale se non quello offerto dalla politica&#8230; attraverso un allacciamento arbitrario e pericoloso fra testimonianza cristiana e azione politica e statale<\/p>\n<p style=\"text-align: justify;\"><strong>Il primato del partito<\/strong><\/p>\n<div id=\"attachment_13666\" style=\"width: 176px\" class=\"wp-caption alignleft\"><a href=\"https:\/\/www.rassegnastampa-totustuus.it\/cattolica\/wp-content\/uploads\/2014\/11\/Amintore-Fanfani.jpg\"><img loading=\"lazy\" decoding=\"async\" aria-describedby=\"caption-attachment-13666\" class=\"wp-image-13666 size-full\" src=\"https:\/\/www.rassegnastampa-totustuus.it\/cattolica\/wp-content\/uploads\/2014\/11\/Amintore-Fanfani.jpg\" alt=\"Amintore Fanfani\" width=\"176\" height=\"241\" \/><\/a><p id=\"caption-attachment-13666\" class=\"wp-caption-text\">Amintore Fanfani<\/p><\/div>\n<p style=\"text-align: justify;\">Si aprivano cos\u00ec due prospettive: la prima quella fanfaniana, la seconda, quella del gruppo di Base che portava fino alle estreme conseguenze l&#8217;idea di pratica politica come tecnica autonoma, e del partito come realt\u00e0 totalizzante. Fanfani assume il controllo del partito nel &#8217;54. Crea l&#8217;ufficio attivit\u00e0 culturali, una casa editrice, promuove convegni, centri di studio, riviste. Insomma crea il partito come apparato. Inoltre il suo Stato sociale -attraverso un certo sistema assistenziale e previdenziale- avrebbe voluto mostrare l&#8217;attenzione dei cattolici, attraverso lo Stato, per le attese della povera gente. Cominciava per\u00f2 anche l&#8217;occupazione dello Stato e il primato del partito sulla presenza sociale cattolica.<\/p>\n<p style=\"text-align: justify;\">Il figlio minore di Cronache sociali \u00e8 invece la Base. Ma \u00e8 una specie di trovatello per la cultura che esprime. Nasce da un gruppo di dossettiani lombardi che non accettarono lo scioglimento della corrente di Cronache sociali. Nasce nel settembre del &#8217;53.<\/p>\n<p style=\"text-align: justify;\">Il punto di partenza \u00e8 la tecnica politica teorizzata da Lazzati. Al convegno costitutivo di Belgirate, Capuani chiede di \u00abdedicare la propria intelligenza alla ricerca di un&#8217;ideologia politica adatta al nostro tempo e la propria attivit\u00e0 alla realizzazione di tale tecnica in una concreta organizzazione\u00bb. Orizzonte ideologico dei basisti non \u00e8 pi\u00f9 l&#8217;idea di nuova cristianit\u00e0 (che gi\u00e0 aveva soppiantato l&#8217;uso della dottrina sociale), ma il suo corrispondente storico, la democrazia.<\/p>\n<p style=\"text-align: justify;\">L&#8217;ideologia della democrazia -che \u00e8 un punto di partenza davvero giacobino- si contrappone all&#8217;integralismo e alla borghesia reazionaria. Baget Bozzo, che fu uno dei primi ideologi della Base, nota: \u00abNoi pi\u00f9 giovani, attraverso gli scritti su Cronache sociali, elaborammo una teoria del partito che voleva una Dc plasmata sul modello leninista del Pci, una sorta di partito etico\u00bb. Roba da far inorridire generazioni di cattolici.<\/p>\n<p style=\"text-align: justify;\">Niente di pi\u00f9 lontano da De Gasperi dunque della Base. Ebbe a dire il vecchio statista trentino a quei giovani: \u00abLa Democrazia cristiana non sarebbe stata quella che \u00e8 attualmente, se davanti ad essa non vi fosse stato un secolo di esperienze del movimento sociale cristiano. La Dc, prima che come partito, \u00e8 nata come movimento sociale ispirato al Magistero della Chiesa. Dobbiamo affermare che riconosciamo questa paternit\u00e0 e questa origine.\u00a0La tradizione del movimento sociale cristiano, guidata dall&#8217;insegnamento della Chiesa, \u00e8 la fonte da cui dobbiamo sempre attingere\u00bb. \u00abDel resto &#8211; paradossalmente\u00bb nota don Oliosi \u00abla Dc di De Gasperi, debole come apparato, aveva una enorme forza di attrattive e di coalizione, mentre la Dc basista di De Mita \u00e8 tanto potente e ideologica quanto isolata e sterile\u00bb.<\/p>\n<p style=\"text-align: justify;\">Baget Bozzo, che per un periodo diresse la rivista La base (come pure Ardig\u00f2 e Galloni), scriver\u00e0 negli anni Settanta: \u00abPer Capuani l&#8217;autonomia della politica era assoluta. Egli non sembrava rendersi conto di essere il portatore di una novit\u00e0 nella storia del movimento politico dei cattolici: nessuno aveva mai sostenuto nella storia della Dc che la politica non avesse altre norme che quelle ad essa immanenti. La corrente di Base nasceva con questa tesi culturale: l&#8217;autonomia assoluta della politica\u00bb.<\/p>\n<p style=\"text-align: justify;\">Anche Giuseppe Dossetti, ormai fuori del partito, nel &#8217;57 sembra avvertire drammaticamente la gravit\u00e0 di questa prospettiva e infatti identifica il laicismo pi\u00f9 insidioso e pericoloso come quello contenuto \u00abin certe tendenze democratico-cristiane&#8230; nel modo di pensare la politica&#8230; nel parlare equivocamente (questo, secondo me, \u00e8 stato uno dei peccati pi\u00f9 grossi che abbiamo commesso) di tecnica politica, per attribuire poi a questa pretesa tecnica una zona di autonomia dimenticando che la tecnica politica non esiste&#8230; Il pericolo di una deflagrazione laicista in Italia \u00e8 pi\u00f9 nelle nostre mani che in quelle altrui\u00bb.<\/p>\n<p style=\"text-align: justify;\">Accadeva curiosamente che mentre il gruppo catto-comunista di Rodano, che propugnava un&#8217;egemonia del Pci, con la rivista Il nuovo spettatore riconosceva ancora un ruolo alla Chiesa (la salvaguardia dell&#8217;umano nella societ\u00e0 borghese), la rivista della Base -che sosteneva con forza l&#8217;idea di un&#8217;egemonia democristiana- non riconosceva alla Chiesa alcuna funzione.<\/p>\n<p style=\"text-align: justify;\">Era inevitabile che questo gruppo incontrasse fin dalla sua nascita l&#8217;entusiasmo della borghesia laicista, impegnata nella sua marcia di conquista, che da decenni carezzava il sogno di una corrosione protestante del cattolicesimo italiano per estromettere definitivamente la Chiesa dalla societ\u00e0 italiana (Gobetti).<\/p>\n<p style=\"text-align: justify;\"><strong>I cattolici protestanti<\/strong><\/p>\n<p style=\"text-align: justify;\">Questa corrosione protestante del cattolicesimo politico \u00e8 ancora pi\u00f9 esplicita fra i cattolici intellettuali (fra gli epigoni del gruppo di Cronache sociali) che dal &#8217;74 va sotto la definizione cattolici democratici. Il un gruppo che va da Ardig\u00f2, Pedrazzi e Alberigo di scuola dossettiana, al vecchio Lazzati, agli altri della Lega D\u00e9mocratica (fra cui Scoppola, Bolgiani, Gaiotti), a padre Sorge con La Civilt\u00e0 Cattolica, alla Fuci e il Meic che costituiscono anche la dirigenza dell&#8217;Ac, fino agli indipendenti di sinistra -gi\u00e0 cattolici- Bassanini, La Valle, Pratesi, Gozzini, Brezzi e tutta la Dc basista con quell&#8217;area di \u00abtecnici\u00bb che si raggruppa attorno a De Mita: Andreatta, Prodi, Orfei ecc.<\/p>\n<p style=\"text-align: justify;\">La democrazia come orizzonte storico \u00e8 l&#8217;ideologia di questo gruppo. E, in particolare, la democrazia realizzata e compiuta come corrispondente storico di una Chiesa &#8216;purificata&#8217; dalla storia e dal &#8216;potere&#8217;, ridotta ad una fra le tante \u00abagenzie di senso\u00bb (la formula \u00e8 fucina), o pulpito di morale. Il referendum sul divorzio porter\u00e0 alla luce il partito catto-democratico. Il gruppo dirigente dei cattolici del No proviene dal gruppo del Mulino: Scoppola, Pedrazzi, Prodi.<\/p>\n<p style=\"text-align: justify;\">Il gruppo di giovani (cattolici e non) del Mulino fin dagli anni &#8217;50, del dibattito con Terza Generazione, sostenevano l&#8217;inesistenza di una dimensione sociale autonoma dai partiti e dallo Stato. Mancini e Matteucci, del Mulino, nel &#8217;54 chiedevano ai giovani democristiani di accettare \u00abl&#8217;illuminismo moderno e il ruolo egemonico della cultura laica sullo Stato e dello Stato sulle masse\u00bb. Non a caso le due menti dell&#8217;attuale, discussa, riforma istituzionale, Pasquino (Sinistra indipendente) e Ruffilli (Dc), provengono entrambi da Il Mulino (come anche Paolo Prodi, collaboratore di De Mita). Il cattolico Luigi Pedrazzi, al tempo direttore della casa editrice Il Mulino, fu infine il pi\u00f9 attivo tra i cattolici del no.<\/p>\n<p style=\"text-align: justify;\">\u00abQuesti cattolici intellettuali\u00bb spiegava dunque Scoppola \u00abhanno anticipato sul piano culturale quella condizione di diaspora di cui in seguito si faranno interpreti e propagandisti, sul piano politico, anche alcuni che erano allora saldamente inseriti nelle strutture organizzative e centralistiche del mondo cattolico\u00bb (da La nuova cristianit\u00e0 perduta, Studium Roma, 1985).<\/p>\n<p style=\"text-align: justify;\">E&#8217; appunto quest&#8217;area intellettuale che compie la grande trahison des clercs. Nella primavera del &#8217;74, ottantadue intellettuali cattolici, tra cui Scoppola, Pedrazzi, Alberigo, La Valle (gi\u00e0 direttore de Il Popolo e poi nel &#8217;76 candidato con il Pci, insieme a Brezzi, Pratesi e Gozzini che era stato l&#8217;estensore del catechismo della Cei), Orfei (oggi fra i pi\u00f9 ascoltati consiglieri di De Mita) Paolo Prodi (sopra citato) e Nuccio Fava (gi\u00e0 dirigente della Fuci e oggi nominato direttore del Tg1) si schierano pubblicamente, nel referendum sul divorzio, per il no all&#8217;abrogazione, contro l&#8217;indicazione delle gerarchie ecclesiastiche.<\/p>\n<p style=\"text-align: justify;\">E&#8217; una vera tragedia per la Chiesa italiana. Comincia cosi una vera ecatombe: sono 1473 i preti che si ribellano pubblicamente ai vescovi in tutta Italia (emblematico l&#8217;assistente della Fuci di Venezia, sospeso da Luciani). L&#8217;Azione cattolica presieduta dell&#8217;attuale direttore dell&#8217;Osservatore romano Mario Agnes (800mila iscritti) il 9 marzo vot\u00f2 un comunicato (36 favorevoli, 4 astenuti e 20 assenti) dove si sosteneva che i cattolici avrebbero dovuto votare secondo coscienza. Paolo VI avvert\u00ec come una disfatta personale il tradimento di quel gruppo di intellettuali. Lo stesso Maritain aveva sconfessato pubblicamente questo maritainismo italiano.<\/p>\n<p style=\"text-align: justify;\"><strong>Il dolore di un Papa<\/strong><\/p>\n<div id=\"attachment_13667\" style=\"width: 164px\" class=\"wp-caption alignleft\"><a href=\"https:\/\/www.rassegnastampa-totustuus.it\/cattolica\/wp-content\/uploads\/2014\/11\/Paolo-VI.jpg\"><img loading=\"lazy\" decoding=\"async\" aria-describedby=\"caption-attachment-13667\" class=\"wp-image-13667\" src=\"https:\/\/www.rassegnastampa-totustuus.it\/cattolica\/wp-content\/uploads\/2014\/11\/Paolo-VI.jpg\" alt=\"Paolo VI\" width=\"164\" height=\"250\" \/><\/a><p id=\"caption-attachment-13667\" class=\"wp-caption-text\">Paolo VI<\/p><\/div>\n<p style=\"text-align: justify;\">Per questa vicenda insieme ai dilagare di disinvolte teologie e del pensiero marxista dentro la Chiesa stessa, il Pontificato di Paolo VI prende contorni drammatici. Il vecchio Pontefice grida il suo dolore perch\u00e9 \u00abda qualche parte il fumo di Satana \u00e8 entrato nel tempio di Dio\u00bb. Accade che \u00abla confusione, la disgregazione \u00e8 purtroppo entrata ora in non pochi ceti della Chiesa&#8230; L&#8217;apertura al mondo fu una vera invasione del pensiero mondano nella Chiesa&#8230; Noi siamo stati forse troppo deboli e imprudenti\u00bb (1973).<\/p>\n<p style=\"text-align: justify;\">L&#8217;8 dicembre del &#8217;74, nell&#8217;esortazione Apostolica Paterna cum benevolentia, Paolo VI parla di \u00abcoloro che tentano di abbattere la Chiesa dal di dentro. Ma \u00e8 durante l&#8217;Anno Santo del &#8217;75 che ripete: \u00abAlcuni nostri figli&#8230; permangono in posizione di incertezza dottrinale, quando non siano di critica distruttrice, di diffidenza ostile, di convivenza con ideologie antitetiche al Vangelo e alla Chiesa&#8230; Alcuni hanno trasformato la positiva testimonianza, che il Popolo di Dio si attendeva da loro, in arrogante funzione di giudici e di critici della pur sempre Santa Chiesa di Dio (&#8230;). Cara nostra Chiesa! Ha prevalso in alcuni l&#8217;opinione personale, e forse egoista, sul pensiero dichiarato della Chiesa\u00bb.<\/p>\n<p style=\"text-align: justify;\">In questo grido di dolore accanto a Paolo VI ritroviamo il vecchio Maritain, che nella sua ultima opera, Le paysan de la Garonne, quasi un testamento spirituale, constata amaramente che la storia non ha affatto camminato verso la Chiesa, come egli aveva immaginato, e che anzi \u00abla Chiesa si \u00e8 inginocchiata davanti al mondo. Ma, a dire il vero, gi\u00e0 da alcuni anni i segnali erano inequivocabili. Nell&#8217;estate del &#8217;69 il quasi centenario Giuseppe Prezzolini scriveva per La Nazione un articolo profetico: \u00abLa liqudazione della Chiesa\u00bb. Constatando la grande ansia di rinnovamento della Chiesa, il vecchio intellettuale agnostico osservava (anche un po&#8217; dispiaciuto): \u00abQuesta \u00e8 la strada per diventare come una delle tante sette protestanti e da ultimo, nel tentativo di adeguarsi all&#8217;oggi, di creare un doppione della civilt\u00e0 moderna. Ma di qualit\u00e0 inferiore all&#8217;originale\u00bb.<\/p>\n<p style=\"text-align: center;\"><strong>* \u00a0* \u00a0*<\/strong><\/p>\n<p style=\"text-align: center;\"><strong>DIVORZIO E DINTORNI. LA GRANDE DISFATTA IN NOME DI VALORI.<\/strong><\/p>\n<p style=\"text-align: justify;\"><a href=\"https:\/\/www.rassegnastampa-totustuus.it\/cattolica\/wp-content\/uploads\/2014\/11\/divorzio_referendum.jpg\"><img loading=\"lazy\" decoding=\"async\" class=\"aligncenter wp-image-13668\" src=\"https:\/\/www.rassegnastampa-totustuus.it\/cattolica\/wp-content\/uploads\/2014\/11\/divorzio_referendum.jpg\" alt=\"divorzio_referendum\" width=\"189\" height=\"140\" \/><\/a>E&#8217; il maggio 1974. Una data fatidica. Al referendum per il divorzio l&#8217;Italia si spacca in due. Da una parte il fronte del S\u00ec all&#8217;abrogazione guidato da Fanfani, dall&#8217;altro quello del No guidato dall&#8217;Espresso. Ogni pronostico viene sovvertito. I no vincono a valanga. Quello che Andreotti aveva temuto e in ogni modo cercato scongiurare si avvera.<\/p>\n<p style=\"text-align: justify;\">All&#8217;indomani della vittoria l<em>&#8216;Espresso<\/em> chiede subito la resa dei conti, non in termini di mutamenti di costume, ma di cambiamenti di potere. Ma come si era arrivati ad uno scontro simile? In nome di che cosa i cattolici l&#8217;avevano voluto? E dove stava l&#8217;errore? <em>Il Sabato<\/em> con una ricostruzione inedita e sotto certi profili clamorosa, verifica errori, miopie ed equivoci. La sentenza? Il 1974 fu la sconfitta di un cristianesimo arroccato in difesa dei valori e ormai rivitalizzato. Intanto il grande potere laicista conquistava nuove poltrone e partiva all&#8217;assalto delle poltrone altrui. La guerra all&#8217;Ambrosiano partiva in quei giorni&#8230;<\/p>\n<p style=\"text-align: justify;\">Preludio del voto sul divorzio fu il cambio di guardia alla Confindustria. Lombardi, cattolico, venne sostituito da Gianni Agnelli. Intanto l&#8217;Espresso, con Eco e Scalfari, inizia la sua offensiva contro alcuni centri di potere economico. Nel suo obiettivo c&#8217;era anche l&#8217;Ambrosiano. Ispiratore era il misterioso Bancor, che poi si cap\u00ec essere Guido Carli.<\/p>\n<p style=\"text-align: justify;\">Sul referendum sul divorzio si gioc\u00f2 una grande scommessa politica. Nella Dc dovette piegare invece la cautela di Andreotti che sua Concretezza aveva sin dall&#8217;inizio capito quale conseguenza un eventuale sconfitta avrebbe portato.. Andreotti propose anche una via di uscita con una riforma. Ma il fronte antidivodista bocci\u00f2 il progetto. Cos\u00ec si arriv\u00f2 alla prova di forza con esiti disastrosi ben noti<\/p>\n<p style=\"text-align: justify;\">Il 1\u00b0 dicembre 1970 \u00e8 sanzionata la legge Fortuna-Baslini che introduce il divorzio in Italia. Contemporaneamente un gruppo di 25 intellettuali (per lo pi\u00f9 cattolici) lancia una raccolta di firme per l&#8217;indizione di un referendum abrogativo della legge.<\/p>\n<p style=\"text-align: justify;\">Si moltiplicarono i contatti dei partiti laici (e del Pci) con la Dc per correggere la legge ed evitare cos\u00ec il referendum. Fra le varie proposte di revisione ve ne fu una di Giulio Andreotti. \u00abLe conseguenze del referendum\u00bb scriver\u00e0 Andreotti \u00abci preoccupavano anche indipendentemente dal risultato, per il fatto di veder parlare gomito a gomito alle folle, ed entrare nei salotti i comunisti e i liberali, i socialisti, i socialdemocratici e gli amici di La Malfa\u00bb.<\/p>\n<p style=\"text-align: justify;\">Andreotti insomma temeva che un simile referendum finisse per provocare per la prima volta un pericoloso patto d&#8217;acciaio anticattolico fra tutti i laici: un evento dalle conseguenze imprevedibili. Ed anche il Papa, con monsignor Bartoletti, aveva lo stesso timore. Con un articolo su Concretezza dunque Andreotti proponeva un doppio statuto: l&#8217;indissolubilit\u00e0 per i matrimoni concordatari (contratti cio\u00e8 in chiesa) e la dissolubilit\u00e0 per i matrimoni civili.<\/p>\n<p style=\"text-align: justify;\">Era una via d&#8217;uscita realista e dignitosa. Paradossalmente furono proprio i cattolici del Comitato per il referendum i pi\u00f9 ostili a quella proposta: \u00abIl referendum s&#8217;ha da fare e si far\u00e0\u00bb risposero. E diffidarono la Dc dal tentare ulteriori modifiche per evitare il referendum. Anche i radicali e Fortuna, sull&#8217;altro fronte, erano per celebrare ad ogni costo il referendum. Cos\u00ec, dopo due anni di rinvii, la consultazione veniva messa in calendario per il 12 maggio &#8217;74.<\/p>\n<p style=\"text-align: justify;\">Il risultato fu disastroso. Non solo per il numero dei Si (appena 13 milioni). Come temeva Andreotti si present\u00f2 ai laici una ghiotta occasione, attesa da anni, per \u00absuonare la carica\u00bb (l&#8217;espressione \u00e8 di Scalfari). Cos\u00ec anche Moro, nel luglio &#8217;74, lamenter\u00e0 l&#8217;imprudenza di \u00abquei cattolici che, sia pure per generosa passione, hanno portato ad una grande prova senza avere sufficiente consapevolezza della fragilit\u00e0 di valori ideali calati nella realt\u00e0 di una societ\u00e0 in rapida evoluzione\u00bb. Ma chi erano dunque questi cattolici e quale fu la loro scommessa?<\/p>\n<p style=\"text-align: justify;\"><strong>Gli equivoci del referendum<\/strong><\/p>\n<p style=\"text-align: justify;\">Fra i promotori del referendum c&#8217;erano anche uomini come Augusto Del Noce e Giorgio La Pira, cos\u00ec come c&#8217;erano Ada Alessandrini (gi\u00e0 dirigente nazionale dell&#8217;Udi) e Lina Merlin (senatrice socialista), ed i vecchi geddiani. Ma il nucleo dirigente del Comitato (quello che rifiut\u00f2 ogni proposta di modifica della legge) proveniva proprio da quei cattolici intellettuali da cui emersero anche i cattolici del no (\u00abquesti ultimi non senza collegamento con settori dell&#8217;istituzione ecclesiastica\u00bb ha scritto lo storico Andrea Riccardi su <em>Il Regno<\/em>).<\/p>\n<p style=\"text-align: justify;\">\u00abEntrambi gli schieramenti\u00bb scriver\u00e0 Scoppola alcuni anni dopo \u00abesprimevano elementi importanti di una comune tradizione culturale\u00bb. Ai convegni di Lucca del &#8217;67, di San Pellegrino del &#8217;63, alle settimane sociali, si era elaborata un&#8217;analisi comune della secolarizzazione. E&#8217; lo stesso Scoppola ad ammetterlo: \u00abNon era riconducibile semplicemente a un&#8217;idea di destra quella che ispirava, nella sua originaria elaborazione, la proposta abrogativa&#8230; Nasceva anzi in taluno dei proponenti da un&#8217;approfondita riflessione sul significato e sugli esiti ambigui&#8230; della &#8220;sfida tecnologica&#8221;\u00bb.<\/p>\n<p style=\"text-align: justify;\">E&#8217; emblematico che all&#8217;interno della Cei il pi\u00f9 defilato fosse il cardinal Siri che -secondo Andreotti- \u00abnon firm\u00f2 la richiesta di referendum e disse ai preti e alle suore della diocesi di fare altrettanto\u00bb. Cos\u00ec il Comitato si muove dentro le coordinate profilate da Lazzati con la sua nota \u00abdistinzione dei piani\u00bb: critica la Cei rea di aver trasformato una battaglia civile in una guerra clericale; sostiene che \u00able strutture della societ\u00e0 civile hanno una loro logica naturale laica e l&#8217;indissolubilit\u00e0 del matrimonio \u00e8 un valore squisitamente civile e laico\u00bb; si oppongono sia \u00abagli integralisti laicisti&#8230; che agli integralisti cattolici che non riescono mai a vedere la realt\u00e0 sociale come una realt\u00e0 che ha valori propri ed espressioni autonome e quindi considerano problemi sociali sempre e soltanto in chiave strettamente religiosa\u00bb (Cotta).<\/p>\n<p style=\"text-align: justify;\">Del resto le stesse motivazioni del referendum sono prese &#8220;in blocco&#8221; dal Lazzati-pensiero. Nel novembre del &#8217;48, un noto editoriale di Lazzati su Cronache sociali, dal titolo Azione cattolica e azione politica, sanzionava due diversi tipi di azione del cristiano: \u00abQuello naturale e quello soprannaturale, cio\u00e8 quello tecnico e quello spirituale&#8230; nel primo egli agisce in quanto uomo, nel secondo in quanto cristiano\u00bb. E guai alle commistioni. Lazzati tuttavia individuava delle res mixtae che potevano straordinariamente chiedere ai cristiani di varcare la soglia &#8220;spirituale&#8221; per impegnarsi nella sfera sociale: una di queste materie era appunto il matrimonio.<\/p>\n<p style=\"text-align: justify;\">Si hanno cos\u00ec due fazioni cattoliche (una per il si, l&#8217;altra per il no) allievi degli stessi maestri, che ingaggiano su sponde opposte un&#8217;identica battaglia: quella dei valori. La divergenza era solo sui posti in classifica: i primi ritenevano di dover \u00absalvaguardare innanzitutto il valore fondamentale della famiglia&#8230; per bloccare la corsa della societ\u00e0 permissiva&#8230; e per una ripresa di seriet\u00e0 nella vita associata\u00bb. I secondi mettevano al primo posto \u00abi valori del pluralismo civile e della libert\u00e0 di coscienza\u00bb.<\/p>\n<p style=\"text-align: justify;\">Per uno strano, inquietante fenomeno il mondo cattolico italiano si impregna di un positivismo volgarizzato e diffuso, che inavvertitamente sostituisce Cristo, sorgente di una creatura nuova, con una speranza vaga e impotente nei valori. I cattolici si riducono -secondo le parole di Feuerbach- \u00aba testimoni di un&#8217;assenza, che vivono delle elemosine di secoli ormai trascorsi\u00bb.<\/p>\n<p style=\"text-align: justify;\">Dominava insomma la pia illusione che il tessuto morale del popolo italiano fosse accora impregnato di un senso comune di derivazione cattolica (e che comunque questo bastasse, e definisse il volto del cristiano nel mondo). Cos\u00ec si diffusero sondaggi preelettorali che davano i s\u00ec al 69%, e soprattutto si dichiarava ai quattro venti che la base comunista avrebbe in massa votato s\u00ec (secondo la vecchia fissazione della scuola dossettiana per cui la classe operaia era l&#8217;unica oasi morale integra e non corrotta dal borghesismo).<\/p>\n<p style=\"text-align: justify;\">Si infilava cos\u00ec la Chiesa nel cul de sac dei valori. \u00abL&#8217;errore sul quale erano fondate tali speranze\u00bb per dirla con Carl Schmitt \u00ab\u00e8 paragonabile a quello del nobil cavaliere, il quale vede un riconoscimento del suo cavallo ed una assicurazione della sua esistenza cavalleresca nel fatto che la tecnica moderna calcola l&#8217;energia in cavalli vapore\u00bb.<\/p>\n<p style=\"text-align: justify;\">Cos\u00ec i cattolici italiani (imbevuti di ideologia maritainista) convinti che i valori della pace, della responsabilit\u00e0, della libert\u00e0 rappresentassero la realizzazione storica della fede (o fossero la fede tout-court) non erano neanche sfiorati dal dubbio sulla loro consistenza. E come il nobil cavaliere di Schmitt non vollero capire che i cavalli-vapore hanno in comune con il noto quadrupede appena il nome.<\/p>\n<p style=\"text-align: justify;\">Ecco perch\u00e9 Umberto Eco, esultando su <em>L&#8217;Espresso<\/em> per la vittoria dei no, poteva scrivere con disprezzo: \u00abDi fronte c&#8217;era la disinformazione, il rifiuto ottuso di leggere i nuovi libri, la scrollata di spalle dello stupido che assiste alla presa della Bastiglia e dice: &#8216;ragazzate&#8217;\u00bb.<\/p>\n<p style=\"text-align: justify;\"><strong>E intanto i gesuiti&#8230;<\/strong><\/p>\n<p style=\"text-align: justify;\">Ragazzate infatti non erano. Per anni i cattolici avevano continuato a pascersi di vento illudendosi sulle \u00abmagnifiche sorti e progressive\u00bb della fede, surrogata nel mondo moderno in una specie di religione dei valori. Emblematico il caso de <em>La Civilt\u00e0 Cattolica<\/em> in quel 1974.<\/p>\n<p style=\"text-align: justify;\">L&#8217;ordine dei gesuiti in Italia stava subendo in quegli anni un vero crollo (nel periodo 1900-1950 in media 40 giovani ogni anno entravano nei loro noviziati in Italia; nel periodo 1970-1975 la media era di 2 l&#8217;anno). I gesuiti de La Civilt\u00e0 Cattolica erano fra i pi\u00f9 convinti assertori di una grande universale religione dei valori fino alla sostanziale riabilitazione ecumenica della massoneria: \u00abSul piano operativo\u00bb scriveva la rivista in quel 1974 \u00abesistono diversi punti di contatto: l&#8217;impegno in difesa della libert\u00e0 e dei diritti dell&#8217;uomo, le opere di beneficienza, la posizione assunta nei confronti del materialismo\u00bb.<\/p>\n<p style=\"text-align: justify;\">Filantropia massonica e carit\u00e0, per i padri gesuiti erano tutt&#8217;uno (in quegli anni peraltro la filantropia delle grandi organizzazioni massoniche internazionali consisteva -come si sa- in colossali finanziamenti a piani di sterilizzazione e aborto di massa nel Terzo Mondo).<\/p>\n<div id=\"attachment_13669\" style=\"width: 120px\" class=\"wp-caption alignright\"><a href=\"https:\/\/www.rassegnastampa-totustuus.it\/cattolica\/wp-content\/uploads\/2014\/11\/Bartolomeo-Sorge-sJ.jpg\"><img loading=\"lazy\" decoding=\"async\" aria-describedby=\"caption-attachment-13669\" class=\"wp-image-13669 size-full\" src=\"https:\/\/www.rassegnastampa-totustuus.it\/cattolica\/wp-content\/uploads\/2014\/11\/Bartolomeo-Sorge-sJ.jpg\" alt=\"Bartolomeo Sorge sJ\" width=\"120\" height=\"120\" \/><\/a><p id=\"caption-attachment-13669\" class=\"wp-caption-text\">padre Bartolomeo Sorge<\/p><\/div>\n<p style=\"text-align: justify;\">Per padre Sorge i cattolici \u00absale della terra\u00bb devono guardarsi non tanto dal sale che diventa insipido (come fa il Vangelo) ma dal \u00abtrasformare il mondo in una saliera\u00bb. Per questo fin dal 1968 Giovanni Caprile s.j. era stato fra i promotori delle \u00abConversazioni cattolico-massoniche\u00bb con dirigenti del Goi come Roberto Ascarelli e Augusto Comba (valdese).<\/p>\n<p style=\"text-align: justify;\">Nel luglio del &#8217;74, rendendo pubblica una lettera del cardinal Seper (Prefetto della Sacra congregazione per la dottrina della fede) al cardinal Krol, La Civilt\u00e0 Cattolica lascia presentire addirittura una caduta della secolare scomunica: \u00abpossa ci\u00f2 favorire quel dialogo\u00bb scriveva la rivista \u00aba cui la Chiesa \u00e8 sempre disposta, nel comune interesse di servire il mondo e di affrancarlo dal prevalere delle forze della materia, in nome dei valori spirituali e di una fede, spesso comune, nell&#8217;unico vero Dio, al di sopra di ogni appellativo Padre di tutti!\u00bb (il corsivo \u00e8 nostro, ndr).<\/p>\n<p style=\"text-align: justify;\">Era la prima volta, dopo due secoli e 450 documenti di condanna da parte della Chiesa, che una fonte cattolica identificava il dio massonico con una \u00abfede comune nel Dio Padre di tutti\u00bb (bisogner\u00e0 attendere il 1981 perch\u00e9 una nuova Dichiarazione scritta della Sacra congregazione, tronchi ogni ambiguit\u00e0 ribadendo da parte della Chiesa la condanna della massoneria e la scomunica per i suoi aderenti).<\/p>\n<p style=\"text-align: justify;\">Ma \u00e8 impressionante collocare questo abbraccio sui valori comuni accanto al contemporaneo progetto di potere della finanza laicista di quegli anni e alla devastazione umana che quel progetto doveva determinare: \u00abLe vittime principali di questo penitenziario sono i giovani &#8230;che stanno pagando questa falsit\u00e0 -il cinismo del nuovo potere che ha tutto distrutto- nel modo pi\u00f9 atroce\u00bb scriveva Pasolini proprio in quel 1974.<\/p>\n<p style=\"text-align: justify;\">E&#8217; ancor pi\u00f9 impressionante ricordare che molti anni fa Comte auspicava nei gesuiti un mutamento che li rendesse \u00abutili ausiliari che potranno aiutare a riorganizzare l&#8217;Occidente, purch\u00e9 riconoscano la normale superiorit\u00e0 della religione positiva\u00bb. Scriveva un suo discepolo: \u00abComte non ha tentato la folle avventura di sovvertire il quadro dei valori&#8230; egli oppone alla Buona Novella il Vangelo del buon senso sistematizzato\u00bb.<\/p>\n<p style=\"text-align: justify;\">Ma, osservava il De Lubac, \u00abil buon senso non basta per portarci il Verbo della salvezza&#8230; Noi crediamo che la minaccia positivista sia una di quelle che gravano pi\u00f9 pericolosamente sopra di noi&#8230; Essi (i positivisti) seducono i credenti con formule equivoche, con lo scopo, secondo Comte, di meglio evacuare lo spirito cristiano&#8230; Anche uomini di Chiesa troppo poco curanti del Vangelo\u00bb aggiungeva De Lubac \u00absi lasciano adescare&#8230; Essi sono seguiti da un periodo di assimilazione spontanea e la fede, che un tempo fu adesione vitale al mistero del Cristo, ora si riduce a non essere altro che un attaccamento ad una formula di ordine sociale, essa stessa falsata e sviata dal suo fine. Apparentemente senza crisi, sotto esteriorit\u00e0 che sono talvolta il contrario di un&#8217;apostasia, questa fede si \u00e8 lentamente svuotata della sua sostanza\u00bb (da <em>Il dramma dell&#8217;umanesimo ateo<\/em>).<\/p>\n<p style=\"text-align: justify;\">Di fronte ad \u00abun cristianesimo sempre pi\u00f9 minorato, semplificato, e ridotto in fine a teismo vago e impotente\u00bb (Comte), il profeta del positivismo pu\u00f2 proclamare ai suoi: \u00abImpadronitevi del potere&#8230; Non bisogna dissimulare che i servitori della religione dell&#8217;Umanit\u00e0 oggi finiscono per eliminare radicalmente i servitori di Dio da ogni posto direttivo degli affari pubblici&#8230; Quanto a quelli che vorrebbero invece combinare Dio e l&#8217;umanit\u00e0, la loro inferiorit\u00e0 mentale \u00e8 evidente, polche vogliono conciliare due regimi totalmente incompatibili\u00bb.<\/p>\n<p style=\"text-align: justify;\"><strong>La notte dei valori<\/strong><\/p>\n<p style=\"text-align: justify;\">Quella dei valori \u00e8 una notte dove tutte le vacche sono nere. Cos\u00ec lo stesso padre Caprile scorgeva nella contestazione della Chiesa \u00abun segno dei tempi, cio\u00e8 un avvenimento attraverso il quale lo Spirito che parla alla Chiesa stimola a riflettere sulle proprie responsabilit\u00e0&#8230; raccogliere queste voci positive, approfittare della contestazione per far maturare un nuovo stile pastorale\u00bb (<em>Concilium<\/em>, 7, &#8217;71).<\/p>\n<p style=\"text-align: justify;\">La riduzione del cattolicesimo alla grande religione dei valori, la riduzione della carit\u00e0 a filantropia, la sostituzione del dogma con un vago umanitarismo, \u00abtrasforma la Chiesa\u00bb come dichiarava lo storico Gianni Vannoni \u00abin una massoneria per il popolo\u00bb.<\/p>\n<p style=\"text-align: justify;\">La religione dei valori semplicemente \u00e8 la fine della Chiesa. \u00abLa sconfitta degli antidivorzisti\u00bb notava nel &#8217;74 un cattolico antidivorzista come Rodolfo Quadrelli \u00ab\u00e8 dovuta anche alla banalit\u00e0 giuridica e sentimentale con cui la battaglia \u00e8 stata condotta&#8230; Una Chiesa sentimentale\u00bb aggiungeva \u00abche si esprime in una prosa melensa, timida, euforica non pu\u00f2 opporsi al divorzio. E infatti&#8230; poco tempo fa, il portavoce della Cei difendeva l&#8217;indissolubilit\u00e0 del matrimonio adducendo la comune credenza dell&#8217;umanit\u00e0, &#8216;visibile perfino nelle canzonette&#8217;, diceva. Il lettore capir\u00e0\u00bb concludeva Quadrelli \u00aba cosa egli alludesse: all&#8217;amore romantico di due che si promettono fedelt\u00e0 eterna, cio\u00e8 a quella nauseosa porcheria che pu\u00f2 essere sopportata soltanto da una plebe che non \u00e8 pi\u00f9 popolo, che non ha pi\u00f9 dignit\u00e0 n\u00e9 grandezza, che tollera la propria condizione soltanto perch\u00e9 non possiede niente di meglio\u00bb.<\/p>\n<p style=\"text-align: justify;\">Era gioco facile perci\u00f2 per Raniero La Valle (uno dei cattolici del No poi candidato nelle liste del Pci) rovesciare l&#8217;accusa di &#8216;secolarismo&#8217; sugli antidivorzisti: \u00abQuando dei cristiani riducono tutto il discorso ad una dimensione puramente umana e giuridica dietro c&#8217;\u00e8 una teologia, ma \u00e8 la teologia della secolarizzazione radicale, \u00e8 la teologia della morte di Dio\u00bb (da <em>Per una scelta di libert\u00e0<\/em>).<\/p>\n<p style=\"text-align: justify;\">Fin dall&#8217;Unit\u00e0 d&#8217;Italia, scrivono due storici protestanti, Aurelio Penna e Sergio Ronchi (Protestantesimo, editore Feltrinelli), \u00absi era avuta l&#8217;impressione che gli statisti italiani volessero dar mano libera al protestantesimo come arma nella lotta contro la Chiesa cattolica\u00bb.<\/p>\n<p style=\"text-align: justify;\">Con il &#8216;900 \u00abtra i nomi di maggiore rilevanza c&#8217;\u00e8 Giuseppe Gangale, stretto collaboratore di Piero Gobetti, che fu l&#8217;animatore del cosiddetto &#8216;neoprotestantesimo&#8217; verso il quale indirizzarono la propria attenzione anche&#8230; Lelio Basso, Ugo La Malfa e Giorgio Amendola\u00bb (che era poi l&#8217;entourage di Mattioli alla Comit).<\/p>\n<p style=\"text-align: justify;\">L&#8217;antico sogno laicista cominciava dunque negli anni &#8217;70 ad avverarsi. Era una vittoria storica di portata enorme. Cos\u00ec all&#8217;indomani del referendum del 12 maggio in un editoriale <em>L&#8217;Espresso<\/em> scriveva: \u00abSta di fatto che gli italiani devono essere grati alla Dc, al suo capo, alla Cei e a quei leader cattolici che hanno voluto ed imposto al Paese una prova assurda e tuttavia non inutile. Mai un test etico-politico, applicato ai nostri connazionali, era approdato ad un risultato pi\u00f9 confortante\u00bb.<\/p>\n<p style=\"text-align: justify;\"><strong>La sconfitta di Fanfani<\/strong><\/p>\n<p style=\"text-align: justify;\">Il vero sconfitto fu Fanfani. Il referendum \u00ab\u00e8 innanzitutto la sconfitta di Fanfani, cio\u00e8 dell&#8217;ultimo rappresentante dell&#8217;ambiguit\u00e0 dossettiana e post-dossettiana\u00bb (Raffaele G. Longo, La sinistra cattolica in Italia, Bari &#8217;75). Il segretario Dc aveva fatto una grossa scommessa politica sul referendum. Intendeva coagulare attorno ad un progetto di repubblica presidenziale, e al potere economico delle Partecipazioni statali (con Cefis), una grande opinione pubblica orientata sui valori tradizionali, verso una prospettiva di tipo gollista.<\/p>\n<p style=\"text-align: justify;\">\u00abAttraverso Cefis\u00bb scriveva<em> L&#8217;Espresso<\/em> del 31 marzo &#8217;74 \u00abFanfani si \u00e8 assicurato il saldo appoggio dell&#8217;ala basista di Marcora e De Mita\u00bb. E&#8217; curioso che proprio questa sinistra Dc, peraltro dichiaratamente filo-divorzista, facesse blocco con il progetto di Fanfani. Il risultato segn\u00f2 il tracollo definitivo del Fanfani-pensiero, ovvero dell&#8217;ultima traduzione politica &#8216;dossettiana&#8217; (di l\u00ec a poco anche Cefis uscir\u00e0 di scena). Ma quel blocco d&#8217;alleanze \u00e8 significativo. Cosa poteva saldare Fanfani, i basisti e Cefis (sostenuto da Cuccia e Carli)?<\/p>\n<p style=\"text-align: justify;\">Si tratta di un episodio-chiave i cui antefatti meritano di essere raccontati. Era stato Enrico Mattei a volere e finanziare la nascita della corrente di Base nel 1953, con 3 milioni affidati a Marcora (che fu vice di Cefis nelle brigate partigiane) per finanziare una rivista politica. La corrente di Base serve a Mattei come copertura politica per i suoi traffici e i suoi progetti nell&#8217;industria di Stato.\u00a0Dove peraltro sar\u00e0 appoggiato anche da Fanfani che vi intravede la possibilit\u00e0 di sottrarsi ai condizionamenti della Confindustria e di realizzare una terza via dossettiana in economia.<\/p>\n<p style=\"text-align: justify;\">Mattei del resto si era formato alla scuola &#8216;maritainiana&#8217; della Cattolica dove, insieme a Dossetti, Lazzati e Fanfani insegnava Marcello Boldrini (il suo maestro, che poi Mattei vorr\u00e0 alla presidenza dell&#8217;Agip), convinto assertore dell&#8217;intervento statale in economia (che per Sturzo era come fumo negli occhi).<\/p>\n<p style=\"text-align: justify;\">Questo gruppo di potere sar\u00e0 curiosamente riconosciuto e accettato dall&#8217;establishment della borghesia laicista: \u00e8 grazie al finanziamento di Mattioli (la Comit sbors\u00f2 un miliardo) che Mattei (in odore di massoneria come Mattioli) pose le fondamenta dell&#8217;Eni.<\/p>\n<p style=\"text-align: justify;\">Cos\u00ec anche l&#8217;Iri del Gran Maestro Beneduce accoglier\u00e0 una nuova classe dirigente: Marcello Glisenti (che aveva diretto Cronache sociali di Dossetti), Felice Balbo e poi Pasquale Saraceno (&#8216;maritainiano&#8217; convinto e dirigente dei Laureati cattolici). Saraceno (che nel &#8217;74 sar\u00e0 fra i firmatari dell&#8217;appello dei cattolici del no con Scoppola, La Valle ecc.) con la Svimez -il centro studi dell&#8217;Iri per il Mezzogiorno- \u00e8 il grande ispiratore della politica di programmazione e di controllo pubblico dell&#8217;economia che porter\u00e0 alla nascita della Cassa per il Mezzogiorno.<\/p>\n<p style=\"text-align: justify;\">Sulla sua posizione convergono sia la Base (Mattei intravedeva nella Programmazione una grossa chance per la sua Eni) che Fanfani e Moro. I convegni di San Pellegrino del &#8217;62 e &#8217;63, non a caso, vedranno in primo piano Saraceno, Andreatta e Ardig\u00f2. E&#8217; una politica che raccoglie l&#8217;appoggio entusiasta de <em>L&#8217;Espresso<\/em> di Scalfari e dei gruppi finanziari che esso rappresenta, che fin dagli anni Trenta avevano capito i vantaggi dell&#8217;intervento statale in economia.<\/p>\n<p style=\"text-align: justify;\">Sar\u00e0 lo stesso Scalfari nel suo &#8216;memoriale&#8217; che ricorda \u00abfra coloro che dedicarono una vita a realizzare quel progetto per tanti versi illuministico, oltre a La Malfa, a Lombardi e ad Antonio Giolitti, anche Pasquale Saraceno, i democristiani della corrente di Base, il folto gruppo dei cosiddetti &#8216;giovani economisti&#8217; e cio\u00e8 Sylos Labini, Andreatta, Spaventa, Pedone, Lombardini, Forte&#8230; la Banca d&#8217;Italia, il cui direttorio era allora composto da Carli, Ossola e Baffi. Nella medesima direzione osserva Scalfari \u00absi muoveva lo staff della Comit, guidato da Mattioli, Bombieri e Cingano\u00bb.<\/p>\n<p style=\"text-align: justify;\">Scalfari parla e scrive con devozione di Mattei che peraltro contribu\u00ec &#8216;finanziariamente&#8217; alla nascita de <em>L&#8217;Espresso<\/em> e che da questo sar\u00e0 sostenuto non poco. E&#8217; a Mattei che Scalfari confida per primo il progetto di fondazione di un nuovo giornale: del resto il grosso della redazione de La Repubblica proverr\u00e0 da Il Giorno di Mattei (ad esempio Giorgio Bocca e Mario Pirani, vice di Scalfari che era stato uno stretto collaboratore di Mattei). Una curiosit\u00e0. Proprio in quegli stessi anni all&#8217;ufficio studi dell&#8217;Eni sar\u00e0 assunto -anche per le raccomandazioni de] professor Faleschini- il giovane Ciriaco De Mita, che fonder\u00e0 poi la Base nel Meridione.<\/p>\n<p style=\"text-align: justify;\">Il successore di Mattei, Cefis, sar\u00e0 anch&#8217;egli nelle grazie di Scalfari, oltrech\u00e9 in quelle di Carli e Cuccia. E del vecchio Mattioli, che dopo la morte di Mattei, confider\u00e0 a Giancarlo Galli: \u00abAdesso mi restano Agnelli e Cefis e qualcosa di Cuccia\u00bb. Del resto il gruppo di potere Mattei-Cefis aveva fatto blocco comune con l&#8217;oligarchia laicista contro altri finanzieri o industriali legati all&#8217;area cattolica. Questi antefatti spiegano perch\u00e9 nel &#8217;74 Cefis, insieme a Fanfani e la Base, goda ancora dei favori di Carli e Cuccia. Ma \u00e8 l&#8217;inizio della fine. I &#8216;privati&#8217; (Agnelli, Visentini, La Malfa e Pirelli) cominciano a rompere l&#8217;alleanza con Cefis che tende a diventare sempre pi\u00f9 potente e ingombrante.<\/p>\n<p style=\"text-align: justify;\">Nello stesso anno esce Razza padrona dei \u00abtamburini\u00bb Scalfari e Turani: un attacco durissimo all&#8217;industria di Stato di Cefis che pochi anni prima avevano osannato. E&#8217; la carica. Il referendum sul divorzio deve decidere le sorti di questa guerra. Sta finendo il placet che la finanza laicista aveva concesso a questi cattolici &#8216;laicizzati&#8217; (Mattioli muore nel &#8217;73).<\/p>\n<p style=\"text-align: justify;\"><strong>La carica de L&#8217;Espresso<\/strong><\/p>\n<p style=\"text-align: justify;\">Fu dunque un referendum politico. Fanfani era quasi certo di vincere. Forse anche per questo aveva risposto picche al tentativo di Andreotti di evitare il referendum (Fanfani del resto aveva bisogno di un pronunciamento plebiscitario dell&#8217;opinione pubblica per il suo progetto neo-gollista). Ma, come Andreotti aveva previsto, il referendum innesc\u00f2 la grande riscossa laicista.<\/p>\n<p style=\"text-align: justify;\">Infatti \u00e8 proprio con il 12 maggio che gli assetti del potere nazionale subiscono una svolta radicale, con una escalation precipitosa e impressionante. Il governatore della Banca d&#8217;Italia vola a New York in primavera e il <em>New York Times<\/em> scrive: \u00abA tenere in pugno la soluzione della crisi italiana non sono gli uomini politici di Roma, ma le principali potenze monetarie del mondo\u00bb. L&#8217;asse Cuccia-Carli-La Malfa (a Mediobanca, alla Banca d&#8217;Italia e al governo) \u00e8 la quinta colonna laicista nel Palazzo, ma il generale \u00e8 mister Fiat.<\/p>\n<div id=\"attachment_13672\" style=\"width: 160px\" class=\"wp-caption alignleft\"><a href=\"https:\/\/www.rassegnastampa-totustuus.it\/cattolica\/wp-content\/uploads\/2014\/11\/Eugenio-Scalfari.jpg\"><img loading=\"lazy\" decoding=\"async\" aria-describedby=\"caption-attachment-13672\" class=\"wp-image-13672 size-full\" src=\"https:\/\/www.rassegnastampa-totustuus.it\/cattolica\/wp-content\/uploads\/2014\/11\/Eugenio-Scalfari.jpg\" alt=\"Eugenio Scalfari\" width=\"160\" height=\"240\" \/><\/a><p id=\"caption-attachment-13672\" class=\"wp-caption-text\">Eugenio Scalfari<\/p><\/div>\n<p style=\"text-align: justify;\">Il tamburino dell&#8217;esercito, Scalfari, lo scrive chiaramente su <em>L&#8217;Espresso<\/em> alla vigilia del referendum: \u00abAgnelli \u00e8 il punto di raccolta oggettivo di tutte le forze che si opponevano all&#8217;avanzata di Fanfani e Cefis&#8230; dai liberali ai comunisti&#8230; La presidenza della Confindustria assumeva in questo contesto il significato di un messaggio in codice, una specie di squillo di tromba prima della carica\u00bb. Infatti in primavera era stato Umberto Agnelli, parlando al centro Il Mulino di Bologna, ad attaccare la Confindustria del cattolico Lombardi.<\/p>\n<p style=\"text-align: justify;\">Puntualmente di l\u00ec a poco Renato Lombardi \u00e8 defenestrato, sostituito dallo stesso Giovanni Agnelli grazie all&#8217;alleanza con Pirelli, Orlando e Visentini. Ma per suonare la carica bisogna aspettare il 12 maggio. Non si tratta solo di sconfiggere Fanfani e Cefis (antico alleato), ma anche di eliminare tutta la presenza cattolica nel mondo economico.<\/p>\n<p style=\"text-align: justify;\">Scalfari, su <em>L&#8217;Espresso,<\/em> fa nomi e cognomi. Il 31 marzo scrive ad esempio un editoriale intitolato: \u00abDue, tre cose sul Banco Ambrosiano\u00bb. E vi sostiene: \u00abIl Banco Ambrosiano \u00e8 divenuto uno dei gruppi pi\u00f9 pericolosi della finanza italiana\u00bb. Guarda caso proprio in quel periodo hanno in corso grosse e delicate operazioni finanziarie: la Centrale (Ambrosiano), la Invest (gruppo Bonomi), la Generale Immobiliare (gruppo Sindona), Fingemina (Cefis), e Finambro (Sindona). Carli e La Malfa riescono a prorogare per mesi le relative autorizzazioni.<\/p>\n<p style=\"text-align: justify;\">A sostenerli in questa condotta, sull&#8217;<em>Espresso<\/em> oltre a Scalfari e Visentini, compare un misterioso collaboratore che si firma Bancor: si verr\u00e0 a sapere alcuni anni dopo che si trattava (incredibilmente) dello stesso governatore della Banca d&#8217;Italia Carli: \u00abin quell&#8217;occasione (la lotta contro Sindona) il gruppo, che s&#8217;era diviso nello scontro con Cefis, si ricompatt\u00f2\u00bb scrive Scalfari \u00abperch\u00e9 dalla stessa parte si schieravano, oltre a noi (cio\u00e8 Agnelli, Visentini, La Malfa e Pirelli), anche Carli e Cuccia\u00bb. Il referendum segna la svolta decisiva di questo colossale braccio di ferro.<\/p>\n<p style=\"text-align: justify;\">Subito dopo il referendum <em>L&#8217;Espresso<\/em> (19 maggio) apre con un titolo rivelatore: \u00abCento poltrone da occupare subito\u00bb. E per chi non avesse capito ancora pi\u00f9 chiaro \u00e8 il sottotitolo: \u00abConclusa col voto di domenica la battaglia per il divorzio, si apre quella per i posti di comando in alcuni settori chiave della vita pubblica italiana: banche, potentati politici, Rai-Tv, quotidiani. Nelle prossime settimane il chi \u00e8 del potere subir\u00e0 una vistosa revisione. E Scalfari personalmente commenta: \u00abIl voto del 12 maggio ha certamente rafforzato l&#8217;ala &#8216;laica&#8217; della Confindustria, della quale Agnelli, Pirelli e Visentini sono i naturali rappresentanti\u00bb.<\/p>\n<p style=\"text-align: justify;\"><strong>Una questiona di poltrone<\/strong><\/p>\n<p style=\"text-align: justify;\">Subito dopo il referendum si fa decisiva anche la guerra del nuovo potere (con Cuccia a Mediobanca e La Malfa nel governo) contro un corpo estraneo, l&#8217;italo-americano Michele Sindona (che godeva la fiducia delle banche cattoliche): il 27 settembre La Malfa impone la liquidazione coatta della Banca Privata Italiana. Sindona sta crollando.<\/p>\n<p style=\"text-align: justify;\">Il personaggio era strano e come tutti gli gnomi non era uno stinco di santo. \u00abVoleva a tutti i costi essere il pi\u00f9 grande\u00bb hanno scritto Panerai e De Luca. E aggiunge Giancarlo Galli: \u00abIl trionfo di Sindona avrebbe significato per i nostri finanzieri la loro emarginazione\u00bb. Per questo fu stritolato. I tamburini del nuovo potere han ripetuto in mille lingue che Sindona fu fatto fuori perch\u00e9 era un corrotto: ma c&#8217;\u00e8 da pensare piuttosto che si potesse dire peste e corna di lui proprio perch\u00e9 aveva perduto. E&#8217; la legge degli gnomi.<\/p>\n<p style=\"text-align: justify;\">Le alchimie finanziarie degli gnomi vincenti, infatti, in questi anni, hanno ben superato lo spregiudicato Sindona. Non \u00e8 stato forse Merzagora (dunque uno di famiglia) a dichiarare a Panorama (8\/2\/87): \u00abE&#8217; lui (Cuccia) che vuole Antonio Maccanico&#8230; alla presidenza. In Mediobanca e paraggi ci sono grossi grovigli da dipanare, sarebbe un disastro se arrivasse gente troppo desiderosa, per un motivo o per l&#8217;altro, di aprire gli armadi&#8230;\u00bb. (A proposito di &#8216;famiglia&#8217;, non \u00e8 curioso che il nuovo presidente di Mediobanca, Maccanico, sia il nipote di Adolfo Tino, quello che Scalfari definisce &#8216;l&#8217;amico pi\u00f9 amico di Mattioli&#8217;, quel Tino che presieder\u00e0 anche il comitato dei garanti de<em> L&#8217;Espresso<\/em>?).<\/p>\n<p style=\"text-align: justify;\">Ma a chi vince si perdona tutto. Perci\u00f2 per anni -dopo l&#8217;eliminazione di Sindona- si \u00e8 usata l&#8217;arma della delegittimazione morale per eliminare i cattolici dal mondo finanziario e bancario. Il risultato? \u00abIn questi anni -notava di recente uno studioso del sistema bancario, Gianni Manghetti- un grande cambiamento nella storia del sistema bancario \u00e8 stata la scomparsa pressoch\u00e9 totale della banca privata\u00bb (in I soliti noti, Agnelli, Pirelli, De Benedetti e pochi altri, editore Feltrinelli). A sparire pero \u00e8 stata soprattutto la presenza cattolica: il Banco Ambrosiano, la Banca cattolica del Veneto con i relativi gruppi.<\/p>\n<p style=\"text-align: justify;\">Spiega don Gino Oliosi del Comitato di collegamento dei cattolici: \u00abLa finanza massonica inglese e tedesca fu capace di spedire (con i suoi finanziamenti) Lenin a Mosca perch\u00e9 lo zar non si rassegnava a porre il suo sistema bancario sotto il loro controllo; con molto meno, in Italia, hanno potuto eliminare Banco Ambrosiano e Banca cattolica del Veneto\u00bb. Vittimismo cattolico? Fatto sta che oggi il gruppo &#8216;Ambrosiano&#8217; (con la Cattolica del Veneto, e poi Toro Assicurazioni, ecc.) \u00e8 controllato da Gemina (ovvero Agnelli e Mediobanca).<\/p>\n<p style=\"text-align: justify;\">Fra i pi\u00f9 zelanti collaboratori alla liquidazione dell&#8217;Ambrosiano \u00e8 giusto ricordare Nino Andreatta, che a suo tempo, come ministro del Tesoro, rifiutando un possibile salvataggio del Banco attraverso una grossa banca americana, decret\u00f2 la liquidazione coatta.<\/p>\n<p style=\"text-align: justify;\">Andreatta, che attraverso Il Mulino e l&#8217;Arel, \u00e8 oggi uno dei colonnelli di De Mita (che dall&#8217;83 ha assicurato un seggio senatoriale anche a Guido Carli) \u00e8 stato un protagonista della battaglia contro lo Ior. Secondo don Oliosi \u00ab\u00e8 connaturato alla massoneria un progetto di controllo totale delle coscienze attraverso un nuovo ordine tecnocratico nelle sue mani: ed essa sa che solo la presenza della Chiesa pu\u00f2 resistergli\u00bb.<\/p>\n<p style=\"text-align: justify;\">Per questo gli alfieri pi\u00f9 funzionali a quel progetto sono \u00abi cattolici dell&#8217;autodemolizione\u00bb della Chiesa. Politici, intellettuali, dirigenti di associazioni. Ma s\u00ec, eccone qualche esempio fra i moralisti. La Fuci, ad esempio, che gi\u00e0 nelle tesi del 40\u00b0 Congresso nel 1969, chiedeva \u00abil superamento dell&#8217;ideologia e della dottrina sociale e la rinunzia all&#8217;integralismo, l&#8217;abolizione del regime concordatario, il distacco dal potere economico, essendo scandalo e compromesso per i poveri\u00bb.<\/p>\n<p style=\"text-align: justify;\">Sar\u00e0 proprio un ex presidente della Fuci &#8216;maritainiana&#8217;, l&#8217;onorevole Franco Bassanini, eletto nelle liste del Pci, uno dei pi\u00f9 implacabili militi contro l&#8217;ora di religione nelle scuole, contro il Concordato e contro lo Ior. E&#8217; l&#8217;altro lato della scelta religiosa. Nessuno \u00e8 pi\u00f9 vezzeggiato, adulato, applaudito dai giornali del nuovo potere, quanto i cattolici \u00abmoralizzatori\u00bb, quelli della \u00abChiesa povera\u00bb, e quelli della \u00abChiesa religiosa\u00bb, con l&#8217;annessa distinzione dei piani.<\/p>\n<p style=\"text-align: justify;\">Pochi mesi dopo il referendum sul divorzio, l&#8217;autorevole <em>The Economist<\/em> cos\u00ec disegnava la nuova situazione italiana: \u00abA dirigere l&#8217;Italia ci sono adesso i supergrandi della finanza mondiale o delle multinazionali. Il massimo delle decisioni economiche che un governo pu\u00f2 ancora prendere \u00e8 quello di far pressione sulla gente per indurla a consumare meno combustibile\u00bb.<\/p>\n<p style=\"text-align: justify;\">Stando cos\u00ec le cose \u00e8 penoso e tragicomico rileggere il documento dei cattolici progressisti (le riviste: <em>Com, Idoc, Il Regno, Il Tetto<\/em> e <em>Testimonianze<\/em>) a favore del divorzio: \u00abPer una societ\u00e0 nuova, autonoma, laica non pi\u00f9 controllata dal potere economico n\u00e9 dalla Chiesa sua alleata\u00bb.<\/p>\n<p style=\"text-align: justify;\">Il 9 giugno del &#8217;74 Scalfari su <em>L&#8217;Espresso<\/em> delineava gi\u00e0 una prospettiva: \u00abNello spazio di pochi giorni le strutture economiche del Paese hanno registrato mutamenti di grande portata, dei quali sembra difficile sottovalutare gli effetti prossimi e quelli remoti. La Banca d&#8217;Italia, la Confindustria e i sindacati operai hanno preso quasi simultaneamente le distanze non solo dal governo, ma dalla classe politica nel suo insieme\u00bb. Il capitale massonico decide di cavalcare la tigre rivoluzionaria per portare a compimento la conquista e l&#8217;omologazione. E&#8217; l&#8217;inizio del grande conformismo. E degli anni di piombo.<\/p>\n<p style=\"text-align: center;\"><strong>* \u00a0* \u00a0*<\/strong><\/p>\n<p style=\"text-align: center;\"><strong>IL 1976, CATTOLICI A CONVEGNO MA SONO I GIORNI DEL BUIO.<\/strong><\/p>\n<p style=\"text-align: justify;\">&#8220;Credevamo che dopo il Concilio sarebbe tenuta una giornata di sole per la storia della Chiesa. E&#8217; venuta invece una giornata di nuvole e di tempeste e di buio&#8221;. Cos\u00ec drammaticamente, Paolo VI commentava dall&#8217;alto del soglio pontificio la stagione che cattolici stavano vivendo.<\/p>\n<p style=\"text-align: justify;\">Sono gli anni del grande accordo tra capitale e PCI. La grande stampa osanna a Berlinguer, Agnelli vola a Mosca a stringere l&#8217;accordo con Gheddafi. E sempre nel &#8217;76 prende il largo La Repubblica di Scalfari. I cattolici o annuiscono o sono fuori scena. Intanto continua la stagione della violenza e delle intolleranze. Nelle scuole i libri di testo spesso sono ridotti a piccoli manuali dell&#8217;eversione.\u00a0I grandi intellettuali osannano.<\/p>\n<p style=\"text-align: justify;\">Nei confronti di Comunione e Liberazione si arriva spesso al linciaggio. Sedi devastate, attacchi personali, campagne di stampa. Intanto monsignor Bartoletti, voluto da Paolo VI alla segreteria della Cei, aveva ideato il Convegno su evangelizzazione e promozione umana. Ma alla vigilia del convegno Bartoletti muore. Paolo VI chiede le dimissioni del comitato preparatorio. Ma i membri non obbediscono. E il convegno decoll\u00f2. La relazione d&#8217;apertura venne pubblicata dall<em>&#8216;Espresso.<\/em>..<\/p>\n<p style=\"text-align: justify;\"><a href=\"https:\/\/www.rassegnastampa-totustuus.it\/cattolica\/wp-content\/uploads\/2014\/11\/newsweek-cover.jpg\"><img loading=\"lazy\" decoding=\"async\" class=\"alignleft wp-image-13673\" src=\"https:\/\/www.rassegnastampa-totustuus.it\/cattolica\/wp-content\/uploads\/2014\/11\/newsweek-cover.jpg\" alt=\"newsweek cover\" width=\"183\" height=\"240\" \/><\/a>In quegli anni la nuova borghesia italiana flirta con la sinistra. Con la benedizione dell&#8217;alta finanza internazionale: <em>Newsweek,<\/em> fedele portavoce delle multinazionali americane, dedica alla copertina a Berlinguer. Il 9 dicembre 76 Gianni Agnelli vola a Mosca e parla mezz&#8217;ora con Gheddafi. La Libia diventa azionista della Fiat.<\/p>\n<p style=\"text-align: justify;\">Anche quella volta il grande tessitore dell&#8217;operazione fu Enrico Cuccia. Il progetto non ha nulla di improvvisato: da mesi Agnelli e andava ripetendo che la Dc non pu\u00f2 pretendere il 80% del potere. Cos\u00ec la grande alleanza fra borghesia e classe operaia si compie. Nel silenzio compiacente di gran parte del mondo cattolico.<\/p>\n<p style=\"text-align: justify;\">Sono gi\u00e0 passati sei mesi da quel fatale 12 maggio. Il futuro direttore di La Repubblica dal suo ufficio di via Po, fissando una Roma grigia e piovosa, poteva tirare le somme: \u00abDunque \u00e8 vero; i no del 12 maggio non erano un isolato scoppio di euforia libertaria. Erano -fu detto fin da allora- il segno di una svolta, l&#8217;inizio di un&#8217;inversione di tendenza. Ora la tendenza si \u00e8 saldamente fissata&#8230; il partito democristiano&#8230; \u00e8 entrato in grave crisi e sta cedendo&#8230; man mano che passano i mesi, il suo cedimento si accentua, lo scricchiolio diventa una frana\u00bb (L&#8217;Espresso, 24.11.74). Gi\u00e0 Del Noce aveva avvertito: \u00abE&#8217; la vittoria di una nuova borghesia che ha coinciso con la negazione dello spirito religioso\u00bb.<\/p>\n<p style=\"text-align: justify;\"><a href=\"https:\/\/www.rassegnastampa-totustuus.it\/cattolica\/wp-content\/uploads\/2014\/11\/unit\u00e0-1975.jpg\"><img loading=\"lazy\" decoding=\"async\" class=\"alignright wp-image-13674 size-full\" src=\"https:\/\/www.rassegnastampa-totustuus.it\/cattolica\/wp-content\/uploads\/2014\/11\/unit\u00e0-1975.jpg\" alt=\"unit\u00e0 1975\" width=\"227\" height=\"177\" \/><\/a>Infatti con le elezioni del 15 giugno 1975 la frana diventa terremoto. La Dc crolla al 34%, il Pci balza al 32%, conquista le amministrazioni di tutte le maggiori citt\u00e0 italiane, con gli applausi (e i voti) della borghesia illuminata. E&#8217; tutto un correre sul carro vincente. La Dc \u00e8 isolata, screditata. Tutto sembra perduto (onore compreso).<\/p>\n<p style=\"text-align: justify;\">Il mondo cattolico ormai in rotta d\u00e0 uno spettacolo vergognoso: molti si mimetizzano, i disertori si affollano alle uscite, c&#8217;e chi si arruola nell&#8217;esercito nemico, i pi\u00f9 alzano bandiera bianca, si chiudono in cantina e vanno in letargo (ma qui dort, din\u00ea, dice un proverbio francese: chi dorme, mangia!). I giornali del grande capitale bladiscono Berlinguer. La Malfa apre al Pci. Agnelli gi\u00e0 da mesi andava dicendo che \u00abla Dc non pi\u00f9 pretendere l&#8217;80% del potere\u00bb.<\/p>\n<p style=\"text-align: justify;\"><em>Newsweek<\/em> -fedele portaparola della grande finanza Usa- dedicher\u00e0 una copertina a Berlinguer e spiegher\u00e0 che \u00abNerone, se nascesse oggi, sarebbe democristiano\u00bb. In compenso accredita il Pci come un partito democratico oche affascina per la sua calma, l&#8217;immagine di stabilit\u00e0 che riesce a dare in un Paese dove isterismo, settarismo e vanit\u00e0&#8230; hanno caratterizzato i partiti al governo\u00bb.<\/p>\n<p style=\"text-align: justify;\">E poi la sequela degli incontri ravvicinati. Il 10 giugno &#8217;76 per esempio l&#8217;onorevole Peggio rivela di \u00abavere buoni rapporti con il mondo della finanza internazionale\u00bb e di essersi incontrato con \u00abaltissimi dirigenti di due delle maggiori banche americane\u00bb. L&#8217;onorevole Barca dichiara che con il Pci al governo le multinazionali non dovrebbero andarsene dal Paese. Napolitano e Segre vengono invitati a parlare nel tempio della finanza liberal arnericana, il Council of Foreign Relations.<\/p>\n<p style=\"text-align: justify;\">Del resto l&#8217;alta finanza stava scommettendo grosso sul Pci di Berlinguer e sulla forza d&#8217;urto della sinistra al potere; tali erano le esigenze del suo mercato (con questa pericolosa investitura solo un governo presieduto da Andreotti terr\u00e0 legato il Pci alla difficile concretezza del governare, lontano dalla demagogia, salvando il Paese da pericolose avventure di tipo &#8216;portoghese&#8217;). Ma indubbiamente l&#8217;alta finanza scommise sul Pci.<\/p>\n<p style=\"text-align: justify;\">Per esempio proprio fra &#8217;75 e &#8217;76 Agnelli realizza quell&#8217;operazione Gheddafi che salver\u00e0 la Fiat dalla bancarotta e porr\u00e0 le basi dell&#8217;attuale impero. Il grande tessitore fu, anche quella volta, Enrico Cuccia. Con l&#8217;interessarnento del Pci, Agnelli ottiene l&#8217;avallo di Mosca: \u00abGianni Agnelli vola a Mosca e parla mezz&#8217;ora con Gheddafi\u00bb informa <em>Il Messaggero<\/em> del 10 dicembre &#8217;76. E l&#8217;Economist, la settimana successiva, si chiede: \u00abSar\u00e0 l&#8217;Urss il principale beneficiario dell&#8217;accordo, ottenendo investimenti che diversamente la Fiat non avrebbe saputo come finanziare?\u00bb (18. 12.76).<\/p>\n<p style=\"text-align: justify;\"><strong>La roba<\/strong><\/p>\n<p style=\"text-align: justify;\">Ma il flirt della nuova borghesia italiana con la sinistra non fu un&#8217;improvvisazione. Scalfari attribuisce a Mattioli la primogenitura di quel progetto. Questa borghesia laicista si caratterizza per \u00abun complesso netto di superiorit\u00e0 derivante dalla padronanza tecnica e culturale di quello che Raffaele Mattioli definiva la roba, cio\u00e8 il denaro come merce da trafficare &#8211; spiega Scalfari. Per trafficare la roba -aggiunge il nostro- bisogna conoscere i misteri della banca e della moneta&#8230; e in politica bisogna &#8216;tenere insieme&#8217; l&#8217;establishment e l&#8217;opposizione. Il progetto di alleanza tra la grande borghesia e la classe operaia prese corpo in quella stanza e part\u00ec da quegli uomini. Da don Raffaele soprattutto&#8230; l&#8217;alleanza tra grande borghesia e classe operaia era un&#8217;ipotesi elitaria e prettamente laica\u00bb.<\/p>\n<p style=\"text-align: justify;\">Adesso il grande momento era arrivato; il progetto va sotto il nome di patto fra produttori (alla Fiat, che \u00e8 presente da anni nei Paesi dell&#8217;Est, sapevano bene che con il Pc al potere gli operai \u00ablavorano molto, guadagnano poco e non scioperano mai\u00bb).<\/p>\n<p style=\"text-align: justify;\"><strong>Fertilizzante cattolico<\/strong><\/p>\n<p style=\"text-align: justify;\">Lucidamente, qualche anno prima, don Milani aveva previsto: \u00abLa classe che non ha esitato a scatenare il fascismo, il razzismo, la guerra, la disoccupazione, se occorresse cambiare tutto perch\u00e9 non cambi nulla non esiter\u00e0 ad abbracciare il comunismo\u00bb. Era stata moderata e filo-Dc fra gli anni &#8217;50 e &#8217;60, sar\u00e0 filo-Pci negli anni &#8217;70 strumentalizzando per il proprio progetto impeti ed energie morali del residuo mondo cattolico, e esercitando un \u00abterrorismo ideologico\u00bb (Paolo VI), che giunge spesso alla violenza fisica, contro quei cattolici che non erano funzionali a tale progetto.<\/p>\n<p style=\"text-align: justify;\">Paolo VI avverte esattamente la radice di questa tragedia: \u00abC&#8217;\u00e8 un grande turbamento in questo momento nel mondo e nella Chiesa, e ci\u00f2 che \u00e8 in questione \u00e8 la fede. Capita ora che mi ripeta la frase oscura di Ges\u00f9 nel Vangelo di san Luca: Quando il Figlio dell&#8217;uomo torner\u00e0, trover\u00e0 ancora la fede sopra la terra?\u00bb (in Jean Guitton, <em>Paolo VI segreto<\/em>).<\/p>\n<p style=\"text-align: justify;\">Ed ancora: \u00abCredevamo che dopo il Concilio sarebbe venuta una giornata di sole per la storia della Chiesa. E venuta invece una giornata di nuvole e tempeste, e di buio, e di ricerche e di incertezze, si fa fatica a dare la gioia della comunione\u00bb (Omelia per la solennit\u00e0 dei Santi Pietro e Paolo, 29 giugno 1972).<\/p>\n<p style=\"text-align: justify;\">Ci\u00f2 che rende cos\u00ec totalitario il potere laicista \u00e8 che si imbatte e strumentalizza \u00abun cristianesimo sempre pi\u00f9 minorato, ridotto ad un teismo vago e impotente\u00bb (De Lubac). \u00abCi\u00f2 che mi colpisce quando considero il mondo cattolico, \u00e8 che all&#8217;interno del cattolicesimo sembra talvolta predominare un pensiero di tipo non-cattolico, e pu\u00f2 avvenire che questo pensiero non cattolico all&#8217;interno del cattolicesimo diventi domani il pi\u00f9 forte. Ma esso non rappresenter\u00e0 mai il pensiero della Chiesa (in Jean Guitton, <em>Paolo VI segreto<\/em>).<\/p>\n<p style=\"text-align: justify;\">Questo cristianesimo ridotto a spunto morale, a ricerca intellettuale, a scala di valori \u00e8 il pi\u00f9 prezioso alleato del Potere. Come notava acutamente il filosofo Kolakowskij, il &#8216;supporto di valori&#8217; con cui i cristiani tentano di &#8216;redimere&#8217; il comunismo o il capitalismo \u00abnon ha altro significato che la disponibilit\u00e0 dei cristiani a fare da fertilizzanti per una tirannia futura\u00bb.<\/p>\n<p style=\"text-align: justify;\">Si potrebbe rileggere la storia dei cattolici in Italia, in questi decenni, su questa tragica falsariga. Facciamo un esempio. Giustamente Scoppola, tirando un bilancio del progetto &#8216;maritainista&#8217; dei dossettiani (tradotto poi dalla sinistra Dc nell&#8217;ideologia della democrazia), scrive: \u00abDobbiamo registrare una vistosa eterogenesi dei fini: quelle energie cattoliche che si erano poste in movimento per la ricostruzione di una cristianit\u00e0 nuova, che si collocasse oltre la contrapposizione storica fra capitalismo e comunismo, di fatto hanno agito in una diversa direzione: sono servite a creare le condizioni di una nuova fase di compromesso tra capitalismo e democrazia e hanno perci\u00f2 reso possibile quello sviluppo industriale che il Paese ha registrato\u00bb, che -secondo Scoppola- ha prodotto \u00abil nemico vero, la societ\u00e0 consumistica destinata a corrodere in profondit\u00e0 la fede del popolo italiano\u00bb.<\/p>\n<p style=\"text-align: justify;\">Scottati dall&#8217;esito della loro terza via, i cattolici negli anni &#8217;70 han preso a contestare i valori cristiano-borghesi, propugnando valori cristiano-progressisti, svolte a sinistra e liquidazione di una presenza sociale e politica in quanto cattolici: ancora una volta cos\u00ec si trovavano ad offrire giustificazioni morali alle nuove scelte del Potere, al nuovo conformismo. Per questo Del Noce, a proposito della relazione di Bolgiani al Convegno &#8220;Evangelizzazione e promozione umana&#8221; (Epu), definiva i &#8216;maritainisti&#8217; della Lega democratica \u00abclerico-moderati di sinistra\u00bb. Singolare \u00e8 stata -in questa temperie- la nascita di Comunione e liberazione.<\/p>\n<p style=\"text-align: justify;\">Cl nasce gi\u00e0 nel &#8217;54 come \u00abaltro\u00bb rispetto al conformismo culturale e sociale \u00abcattolico\u00bb degli anni &#8217;50. Nei primi anni &#8217;50 era ancora molto diffuso un costume cristiano \u00abma si trattava in effetti di un falso equilibrio sostenuto solo dal rispetto formale di leggi e consuetudini in cui non si credeva pi\u00f9, e che quindi ben presto sarebbero state abbandonate&#8230; Il sopravvivere delle vecchie forme, attraverso il culto, le feste popolari e la mobilitazione associazionistica cattolica-coprivano una situazione di crisi che per\u00f2 aveva gi\u00e0 raggiunto il cuore del cattolicesimo italiano\u00bb (<em>Comunione e Liberazione, intervista a don Giussan<\/em>i, Jaca Book).<\/p>\n<p style=\"text-align: justify;\">\u00abIl cristianesimo non aveva pi\u00f9 nulla a che vedere con la vita, con tutte le sue urgenze pi\u00f9 significative; con la concezione ed il sentimento del reale, con la necessit\u00e0 di giudicare, di rendersi ragione di tutto quello che arricchisce e fa diventare l&#8217;uomo pi\u00f9 uomo\u00bb.<\/p>\n<p style=\"text-align: justify;\">Cos\u00ec l&#8217;essenza del fatto cristiano non costituiva pi\u00f9 una proposta di vita. Ma qual \u00e8 questa essenza? \u00abE&#8217; l&#8217;annuncio di Cristo, centro di tutta la vita dell&#8217;uomo e della storia. E questo si vive mettendosi insieme, vivendo una vita di comunit\u00e0, perch\u00e9 Cristo \u00e8 presente nella storia dentro il segno della grande comunit\u00e0 che \u00e8 la Chiesa.<\/p>\n<p style=\"text-align: justify;\">Ebbene, venti anni dopo, nel &#8217;74, con il referendum sul divorzio, sia coloro che vollero il referendum sia i cattolici del no non si erano resi conto che il cristianesimo non aveva ormai pi\u00f9 nulla a che vedere con la vita della gente. Oltre tutto, in quegli anni, il dilagante potere laicista aveva distrutto anche il fragile costume cristiano degli anni &#8217;50. Solo nel 1984 -dieci anni dopo il referendum- anche i \u00abcattolici democratici\u00bb capiscono (sia pure superficialmente e quindi ancora moralisticamente) di essere stati funzionali al nuovo potere.<\/p>\n<p style=\"text-align: justify;\">Luigi Pedrazzi (uno dei capi dei cattolici del no, gi\u00e0 dossettiano e direttore de Il Mulino) scrive: \u00abCi\u00f2 che feci allora non mi piace pi\u00f9&#8230; penso che fummo pi\u00f9 che altro mosche cocchiere\u00bb. In fondo n\u00e9 i cattolici del s\u00ec, n\u00e9 i cattolici del no hanno riconosciuto e accettato fino in fondo la sfida portata al cattolicesimo da una secolarizzazione totalizzante.<\/p>\n<p style=\"text-align: justify;\"><a href=\"https:\/\/www.rassegnastampa-totustuus.it\/cattolica\/wp-content\/uploads\/2014\/11\/Cl.jpg\"><img loading=\"lazy\" decoding=\"async\" class=\"alignleft wp-image-13675 size-full\" src=\"https:\/\/www.rassegnastampa-totustuus.it\/cattolica\/wp-content\/uploads\/2014\/11\/Cl.jpg\" alt=\"Cl\" width=\"176\" height=\"176\" srcset=\"https:\/\/www.rassegnastampa-totustuus.it\/cattolica\/wp-content\/uploads\/2014\/11\/Cl.jpg 176w, https:\/\/www.rassegnastampa-totustuus.it\/cattolica\/wp-content\/uploads\/2014\/11\/Cl-150x150.jpg 150w\" sizes=\"auto, (max-width: 176px) 100vw, 176px\" \/><\/a>Comunione e liberazione, nella tempesta del referendum sul divorzio, vota s\u00ec e si impegna nella battaglia referendaria per aderire al suggerimento dell&#8217;autorit\u00e0 della Chiesa. Anche questa obbedienza non \u00e8 l&#8217;ultima testimonianza della novit\u00e0 che l&#8217;esperienza di Cl era nella Chiesa italiana. Ma venuta meno, distrutta l&#8217;essenza dell&#8217;evento cristiano nella vita delle persone, demolito l&#8217;edificio della fede, la cattedrale, il potere laicista ha buon gioco ad usare i singoli mattoni (i valori), forniti da zelanti cattolici, per costruire la sua citt\u00e0 di produttori-consumatori. E non serve ricordare che furono un tempo pietre della cattedrale&#8230;<\/p>\n<p style=\"text-align: justify;\"><strong>L&#8217;ameba<\/strong><\/p>\n<p style=\"text-align: justify;\">C&#8217;\u00e8 un&#8217;operazione editoriale che sintetizza questa capacit\u00e0 di colonizzazione, per cui fra &#8217;75 e &#8217;76 si costitu\u00ec il triangolo Carli-Agnelli-Lama: \u00e8 la nascita de <em>La Repubblica<\/em>, costruita e finanziata dai salotti dell&#8217;alta finanza per cucire insieme il capitale liberal della Confindustria, la tecnostruttura della Banca d&#8217;Italia e la nomenclatura del Pci. \u00abQuella linea politica fece molto discutere\u00bb racconta Scalfari \u00abe parve strana, ma aveva la sua ragion d&#8217;essere nel nostro progetto di modernizzazione del Paese\u00bb.<\/p>\n<p style=\"text-align: justify;\"><a href=\"https:\/\/www.rassegnastampa-totustuus.it\/cattolica\/wp-content\/uploads\/2014\/11\/Repubblica-n_1.jpg\"><img loading=\"lazy\" decoding=\"async\" class=\"alignright wp-image-13676\" src=\"https:\/\/www.rassegnastampa-totustuus.it\/cattolica\/wp-content\/uploads\/2014\/11\/Repubblica-n_1.jpg\" alt=\"Repubblica n_1\" width=\"163\" height=\"240\" \/><\/a>Il Pci del resto era perfettamente preparato a questa operazione: sia sul terreno culturale (Gramsci insieme a Gobetti costituisce quella scuola torinese -come la chiama Noventa- che far\u00e0 da ponte fra l&#8217;idealismo italiano di De Sanctis, Spaventa, Croce e Gentile ed il nuovo laicismo); sia per la sua leadership (da Gramsci ad Amendola a Berlinguer e Napolitano, i \u00abcontatti\u00bb anche personali con la massoneria e la finanza laicista sono innumerevoli).<\/p>\n<p style=\"text-align: justify;\">Il Pci di Gramsci \u00e8 stato sempre ed \u00e8 pi\u00f9 laicista-massonico che marxista. Ed un cattolicesimo ridotto ad impeto morale \u00e8 stato l&#8217;humus da cui ha succhiato parassitariamente tensioni ideali e militanti. Quella di Repubblica \u00e8 una strategia trasversale: conquistare all&#8217;ideologia liberal tutte le leadership (politiche ed intellettali) dei grandi partiti di massa, ovvero \u00ablaicizzare tutte le chiese\u00bb (Scalfari).<\/p>\n<p style=\"text-align: justify;\">Per questo l&#8217;operazione fatta in quegli anni con Berlinguer \u00e8 la stessa realizzata negli anni successivi al conformismo di sinistra con la segreteria Dc di De Mita: \u00abUn&#8217;operazione analoga a quella compiuta nel Pci l&#8217;abbiamo fatta nella Dc&#8230; quella di De Mita infatti \u00e8 senz&#8217;altro una cultura liberal e non cattolico-popolare\u00bb (Scalfari). E come allora una leadership cultrale del mondo cattolico, per favorire quell&#8217;operazione funzionale al disegno laicista, ha teorizzato e praticato la diaspora e una riduttiva e ambigua interpretazione della \u00abscelta religiosa\u00bb, cos\u00ec, con la stessa logica, oggi strumentalizza ideologicamente e partiticamente l&#8217;autorevole indicazione all&#8217;unit\u00e0 anche in politica dei cattolici.<\/p>\n<p style=\"text-align: justify;\">Oggi<em> La Repubblica<\/em> \u00e8 divenuto uno status symbol: simbolico del nuovo potere. \u00abIl nostro giornale diventa interprete della classe dirigente liberal, compresi i liberal presenti nella Dc e nel Pci, espressione di quella che potremo chiamare la parte intelligente del Paese&#8230; La Repubblica \u00e8 davvero il giornale di tutti i laici e di tutti i liberals, dovunque essi siano\u00bb (Scalfari in Nuova Antologia n. 2159).<\/p>\n<p style=\"text-align: justify;\">Che oggi esista un Superpartito de <em>La Repubblica<\/em> (Intini l&#8217;ha chiamato una P3) funzionale a gigantesche concentrazioni di potere \u00e8 chiaro anche agli sprovveduti. Ancora pi\u00f9 impressionante \u00e8 l&#8217;enorme potere di manipolazione dell&#8217;opinione pubblica della stampa liberal (che \u00e8 davvero dominante). E&#8217; uno scenario sociale che ricorda molto da vicino la cupa dittatura tecnocratica delineata gi\u00e0 da Comte: \u00abIl positivismo -scriveva questi- riserva ai banchieri (e ad industriali illuminati) la supremazia temporale dell&#8217;Occidente\u00bb, ma \u00e8 necessario che \u00abdegni ambiziosi siano chiamati ad organizzare una formidabile opinione pubblica\u00bb.<\/p>\n<p style=\"text-align: justify;\"><strong>Dove cercare quei \u00abdegni ambiziosi\u00bb?<\/strong><\/p>\n<p style=\"text-align: justify;\">Alla corte dei Principi della finanza italiana fin dagli anni &#8217;50 i mandarini del gruppo di Scalfari fremevano per ottenere l&#8217;investitura (e gli investimenti&#8230;). La grande omologazione degli anni &#8217;70 li vedr\u00e0 protagonisti. Un cupo conformismo radical-marxista di colpo domina incontrastato in Italia. Fa una certa impressione rileggere oggi un&#8217;intervista di Agnelli di quei mesi al Corriere della Sera diretto da Ottone (oggi manager de <em>La Repubblica<\/em>): \u00abdovremo avere dei governi molto forti, che siano in grado di far rispettare i piani cui avranno contribuito altre forze oltre quelle rappresentate in Parlamento; probabilmente il potere si sposter\u00e0 dalle forze politiche tradizionali a quelle che gestiranno la macchina economica; probabilmente i regimi tecnocratici di domani ridurranno lo spazio delle libert\u00e0 personali. Ma non sempre tutto ci\u00f2 sar\u00e0 un male. La tecnologia metter\u00e0 a nostra disposizione un maggior numero di beni e pi\u00f9 a buon mercato&#8230;\u00bb (<em>Corriere della Sera<\/em>, 20.1.75).<\/p>\n<p style=\"text-align: justify;\">Schiavi felici insomma. Produttori-consumatori con la benedizione degli gnomi e del Pci. Da questa ubriacatura l&#8217;alta borghesia liberal si svegli\u00f2 solo col frastuono della P38 delle Br. Allora i benpensanti caddero dal settimo cielo: sembrava la calata degli Ichsos (le \u00absedicenti Brigate rosse&#8230;\u00bb si scriveva con malizia). Ma si trattava dei loro figli e allievi, che fino a ieri avevano bevuto la scienza rivoluzionaria dalle cattedre universitarie e dalla carta stampata della borghesia illuminata.<\/p>\n<p style=\"text-align: justify;\">\u00abEra comico notare lo sgomento e le preoccupazioni dei nostri saccenti in cerca di una risposta: da dove sono venuti fuori i nichilisti? Da nessuna parte, sono sempre stati con noi, in noi e presso di noi\u00bb (I demoni). Cosi scriveva gi\u00e0 Dostoevskij al primo apparire, in Russia, del terrorismo rivoluzionario, che i salotti illuministi avevano suscitato e foraggiato.<\/p>\n<p style=\"text-align: justify;\">Insieme alla strana acquiescenza dei cattolici e sorprende la rapida diffusione di Comunione e Liberazione. Una realt\u00e0 che non soggiace al progetto laicista. E ne paga le conseguenze. Chi non \u00e8 funzionale a quel progetto infatti subisce un \u00abodio ideologico\u00bb che giunge spesso alla violenza fisica. Il 14 febbraio &#8217;76<em> La Stampa<\/em> di Agnelli e <em>Il Manifesto<\/em> escono insieme con notizie che Cl \u00e8 finanziata dalla CIA. Nelle universit\u00e0, nelle scuole, nelle fabbriche l&#8217;attacco alla comunit\u00e0 di Cl \u00e8 gi\u00e0 consuetudine. La notizia poi sapientemente amplificata, non fa altro che legittimare e intensificare un costume gi\u00e0 in atto. La smentita arriver\u00e0 tre anni pi\u00f9 tardi il 17 giugno 79, dopo un procedimento giudiziario.<\/p>\n<p style=\"text-align: justify;\">Cos\u00ec molti anni dopo, in Italia, gli anni di piombo saranno figli dei tanti cattivi maestri che pontificavano dai pulpiti della aristocrazia borghese. Alla devastazione umana prodotta negli anni del grande conformismo, troppo presto dimenticato, anche i cattolici hanno dato un loro contributo.<\/p>\n<p style=\"text-align: justify;\"><strong>Foto di gruppo con spranghe<\/strong><\/p>\n<p style=\"text-align: justify;\"><a href=\"https:\/\/www.rassegnastampa-totustuus.it\/cattolica\/wp-content\/uploads\/2014\/11\/lotta-continua.jpg\"><img loading=\"lazy\" decoding=\"async\" class=\"alignleft wp-image-13677\" src=\"https:\/\/www.rassegnastampa-totustuus.it\/cattolica\/wp-content\/uploads\/2014\/11\/lotta-continua.jpg\" alt=\"lotta continua\" width=\"250\" height=\"154\" \/><\/a>La scuola. Per anni si avall\u00f2 e si giustific\u00f2 la dilagante, quotidiana e sistematica violenza di spranghe e catene degli ultr\u00e0. Ma ancora pi\u00f9 perniciosa fu la manipolazione e l&#8217;istigazione ideologica della stessa scuola di Stato. C&#8217;\u00e8 da restare senza fiato, oggi, a rileggersi due memorabili volumetti (L. Lami, <em>La scuola del plagio<\/em> e G.A. Mazzola,<em> La scuola della resa<\/em>, ed. Armando) che raccolgono un&#8217;antologia di un centinaio di libri di testo circolanti in quegli anni nelle scuole statali.<\/p>\n<p style=\"text-align: justify;\">Libri di lettura per le elementari, ad esempio, pieni di lettere di Gramsci, discorsi di Allende, fumetti su Il Manifesto di Marx, racconti sull&#8217;attentato di Piazza Fontana, scritti di Che Guevara, ricerche \u00abcon la documentazione dei consigli di fabbrica\u00bb fino a Marcuse, la Rossanda e Dario Fo.<\/p>\n<p style=\"text-align: justify;\">\u00abIl mio fucile ammazzer\u00e0 tutti i tiranni\u00bb si poteva apprendere nel sussidiario Devi sapere (ed. Atlas). Ed ancora: \u00abI padroni tagliavano i fili della luce per vendere le candele\u00bb (ed. Ottaviano). Il libro di lettura per le elementari Uomo come (Fratelli Fabbri editore, attualmente del gruppo Agnelli) catechizzava con Engels (\u00able rivoluzioni sono una conseguenza necessaria&#8230;\u00bb) e spiegava: \u00abE&#8217; necessario passare alla lotta di classe&#8230; lotta che la prepotenza dei padroni rende necessariamente violenta\u00bb.<\/p>\n<p style=\"text-align: justify;\">Ma un capolavoro di sensibilit\u00e0 pedagogica fu l&#8217;enciclopedia scolastica Io e gli altri tutta volta a spiegare \u00abche la polizia serve per spaccare le teste degli studenti e degli operai, che i bambini non nascono sotto i cavoli, che il lavoro pu\u00f2 essere noioso e il capufficio imbecille&#8230; noi proponiamo una visione marxista del mondo\u00bb. Per questo testo \u00abi preti, gli insegnanti e gli uomini politici dovrebbero essere arrestati, giudicati e condannati per plagio\u00bb.<\/p>\n<p style=\"text-align: justify;\">Quando nel &#8217;73 partirono alcune denunce da varie parti d&#8217;Italia per le mascalzonate contenute in quell&#8217;enciclopedia, <em>L&#8217;Espresso<\/em> -subito seguito dal coro unanime di tutta la stampa- lancia una \u00abcrociata antifascista\u00bb: \u00abE&#8217; certo una enciclopedia laica, e, se vogliamo, di sinistra, ma pi\u00f9 ancora \u00e8 una enciclopedia moderna, che mette in gioco tutti i portati delle nuove scienze, dall&#8217;etologia all&#8217;antropologia culturale&#8230; \u00e8 stata lodata perfino da <em>Famiglia Cristiana<\/em>\u00bb (Anche Il <em>Popolo<\/em> ne tess\u00e8 le lodi!).<\/p>\n<p style=\"text-align: justify;\">Naturalmente gli autori furono ampiamente prosciolti e celebrati come martiri antifascisti. Cos\u00ec i ragazzi nelle scuole di Stato poterono continuare ad apprendere che \u00abgli italiani per obbedire alla Chiesa e al Papa votano Dc\u00bb (da <em>Un bel paes<\/em>e, edizioni Zanichelli), e che \u00abdobbiamo finirla con questa societ\u00e0 di merda\u00bb (da<em> Il Cile non \u00e8 una favola<\/em> edizioni piani Ottaviano). E studiare su antologie scolastiche come <em>Armi improprie<\/em> (si noti il titolo) le cui sezioni erano: \u00abGiustificazione del delitto: l&#8217;assassino innocente. Virgilio, uno dei pi\u00f9 sinistri rompiscatole. Censura (seguita dal finale di \u00abUltimo tango a Parigi\u00bb, scena di brutale assassinio). Il guerrigliero: un riformatore sociale. La borghesia fa massacrare gli operai. Lessico marxista Anarchici e ribelli nei canti del popolo. La classe operaia come potere esecutivo dello Stato\u00bb.<\/p>\n<p style=\"text-align: justify;\">Era stato per primo\u00a0Umberto Eco, dalle colonne dell&#8217;<em>Espresso<\/em> a lanciare la crociata iconoclasta contro i vecchi libri di testo. Per riconoscenza molte nuove antologie stamparono il suo celebre <em>Elogio di Franti<\/em>, dove un Eco anarco-marxista tesseva le lodi del cattivo Franti che altri non sarebbe se non il \u00abgrande\u00bb Gaetano Bresci!<\/p>\n<p style=\"text-align: justify;\">\u00abI piccoli vizi della vilt\u00e0 sono pi\u00f9 distruttivi di quelli della ferocia\u00bb diceva Vincenzo Cuoco, e il vergognoso ottuso conformismo di cui fecero mostra gli \u00abaudaci\u00bb intellettuali italici (quasi tutti) in quegli anni ebbe infatti i suoi perniciosi effetti.<\/p>\n<p style=\"text-align: justify;\"><strong>Piombo di giornali<\/strong><\/p>\n<p style=\"text-align: justify;\">\u00abAh, giornalismo obiettivo! Quante fregature abbiamo dato al lettore&#8230;\u00bb confessa Giampaolo Pansa in un capitolo di <em>Carte false<\/em> dedicato al conformismo \u00abrosso\u00bb di quegli anni. Ecco le confessioni di Bocca, inviato in Vietnam, che faceva allora grandi reportage rivoluzionari (che mandavano in deliquio i nostri piccoli vietcong), spiegare oggi con candore che \u00abmi autocensuravo\u00bb.<\/p>\n<p style=\"text-align: justify;\">E cos\u00ec Tiziano Terzani, uno dei pi\u00f9 autorevoli inviati in Indocina, che solo verso l&#8217;85 riconosce di non aver profferito verbo sulla tirannia vietcong, sui massacri di Pol Pot, su milioni di vittime innocenti perch\u00e9 gli occhiali dell&#8217;ideologia censuravano quelle immagini. Una settimana dopo la sua drammatica confessione su <em>La Repubblica<\/em> del 29 marzo, arriva al giornale di Scalfari una lettera che si pu\u00f2 ben definire storica.<\/p>\n<p style=\"text-align: justify;\">E&#8217; firmata da \u00abuna qualunque\u00bb certa Fiorella Franceschini. Una fra milioni di giovani di una generazione distrutta: \u00abQuella che vuol sembrare un&#8217;onesta autoaccusa\u00bb scrive la Franceschini a Terzani \u00ab\u00e8 in realt\u00e0 un facile lavaggio di coscienza. Chi risarcisce tutta quella generazione che credette ai rapporti giornalistici di chi era in prima fila sul posto, che ascolt\u00f2 i resoconti di guerra degli osservatori, le cui dichiarazioni registrate furono fatte circolare in Italia anche in ambienti scolastici? Quella generazione di giovani non poteva che dare fiducia a coloro che avevano avuto la possibilit\u00e0 di conoscere i &#8216;governativi&#8217;, i corrotti governativi, i poveri Khmer rossi e gli eccidi dei civili di cui sembravano responsabili solo gli americani&#8230; Ora scopro che impunemente si pu\u00f2 dire: ho sbagliato, ero l\u00ec a vedere&#8230; Ho visto gli eccidi dei Khmer e li ho giudicati strumentalmente camuffati dalla Cia&#8230; I giovani degli anni &#8217;70, signor Terzani, avrebbero preferito sapere la verit\u00e0 allora\u00bb.<\/p>\n<p style=\"text-align: justify;\"><strong>Le mani sporche<\/strong><\/p>\n<p style=\"text-align: justify;\">Tuttavia Terzani ha almeno fatto la sua cocente autocritica. Caso pi\u00f9 unico che raro. Perch\u00e9 un esercito di intellettuali, accademici e giornalisti, ieri maestri di sovversione (non dimentichiamolo: Pol Pot ha conosciuto Marx a Parigi, alla Sorbona!) pontificano oggi -con qualche capello in meno, e pi\u00f9 spudorati che mai- dalle stesse cattedre impartendo lezioni di \u00abtolleranza\u00bb e di filoatlantismo. Mister Scalfari che nel &#8217;68 plaudeva agli assalitori dell&#8217;editore Springer (<em>L&#8217;Espresso,<\/em> 21.4.68) ed esaltava il gruppo di Scalzone (3.8.69) apriva un suo libro, <em>L&#8217;autunno della repubblica<\/em>, invitando \u00aba non disperare della rivoluzione\u00bb, spiegando ai suoi giovani lettori: \u00abLa rivoluzione non si compie mai coi giorni dorati del vino e delle rose, ma attraverso un lungo cammino per anni oscuri, confusi, fangosi e talvolta sanguinosi\u00bb.<\/p>\n<p style=\"text-align: justify;\">Ieri incendiari, oggi pompieri, ma sempre sulla pelle altrui. E Bocca ancora confessa: \u00abMi metto fra coloro che hanno esagerato il pericolo di un golpe fascista&#8230; In parte notevole erano delle buffonate\u00bb. Per non dire degli scandali. Sar\u00e0 proprio Pansa a dover per primo denunciare il dilagare sulla stampa dei giornalisti dimezzati: una connivente copertura garantita per anni ai ladrocini del Pci.<\/p>\n<p style=\"text-align: justify;\">Mentre con i cattolici&#8230; Ricordate Gui e la Lockheed? \u00abLo mettemmo in croce sulle prime e sulle ultime pagine&#8230; ricordo che alla Camera si difendeva parlando con voce strozzata e piangeva. Risult\u00f2 innocente perch\u00e9 era innocente\u00bb (Pansa). Cos\u00ec per Murmura, Cos\u00ec per i vituperati Caltagirone (\u00abQuante fregature abbiamo dato ai lettori&#8230;\u00bb ammette Pansa). Ma intanto scripta manent e anche righe di assoluzione in ultima pagina un anno dopo, non ripagano un linciaggio morale.<\/p>\n<p style=\"text-align: justify;\"><strong>In pieno regime<\/strong><\/p>\n<p style=\"text-align: justify;\">Con la Chiesa i conti sono ormai chiusi definitivamente (come dimostra l&#8217;infame, nota copertina dell&#8217;Espresso con una donna incinta nuda crocifissa). \u00abIl potere l&#8217;ha (la Chiesa) cos\u00ec cinicamente abbandonata\u00bb scriveva Pasolini \u00abprogettando senza tante storie di ridurla a puro folklore\u00bb. Ed ancora: \u00abI nuovi industriali e i nuovi tecnici sono completamente laici, ma di una laicit\u00e0 che non si misura pi\u00f9 con la religione. La religione sopravvive in quanto ancora prodotto naturale di enorme consumo e forma folkloristica ancora sfruttabile\u00bb (Scritti Corsari).<\/p>\n<p style=\"text-align: justify;\">Ma insieme a questo disastroso sgretolamento del mondo cattolico assistiamo anche al rapido, sorprendente diffondersi di Comuntone e liberazione. Questa realt\u00e0 di giovani a cui, per l&#8217;incontro con la proposta cristiana, \u00abpremeva prima di ogni altra cosa verificare se la fede valesse o no nella vita\u00bb per ubbidienza alla indicazione dei Vescovi, e ad un paterno suggerimento del segretario della Cei, monsignor Bartoletti, si impegna nelle elezioni di quegli anni per favorire la Democrazia cristiana.<\/p>\n<p style=\"text-align: justify;\">Scriveva Del Noce nel 1975: \u00abCl ha un successo impressionante&#8230; e sono molti anche fra i laici coloro che vi vedono l&#8217;unica forza che potr\u00e0 rigenerare la Dc\u00bb. In effetti la Dc, ormai ridotta allo stremo si vede offerta una insperata, sorprendente, energica ancora di salvataggio: nelle elezioni (decisive) del 20 giugno &#8217;76, Zaccagnini quantificher\u00e0 -in un&#8217;intervista a <em>Famiglia Cristiana<\/em>&#8211; in un milione i voti convogliati sulla Dc da questo movimento di giovani: \u00e8 quanto basta perch\u00e9 il Pci, balzato al 33%, non vinca. Ma soprattutto naufraga un dogma laicista: Cristo ha oggi pi\u00f9 che mai una forza d&#8217;attrazione per il cuore dell&#8217;uomo (e soprattutto per i giovani che si volevano irregimentate) sconosciuta alla mentalit\u00e0 comune. Il Potere questo non pu\u00f2 permetterselo.<\/p>\n<p style=\"text-align: justify;\">Il 14 febbraio del &#8217;76 una strana coppia, <em>La Stampa<\/em> dell&#8217;avvocato Agnelli e <em>Il Manifesto<\/em> escono insieme con la notizia bomba: Cl \u00e8 finanziata dalla Cia. Naturalmente si accodano subito <em>La Repubblica<\/em>, <em>L&#8217;Espresso<\/em> e <em>Panorama<\/em>, rincarando la dose. Di prove non c&#8217;\u00e8 neanche un&#8217;ombra, ma basta la parola.<\/p>\n<p style=\"text-align: justify;\">La bomba esplode in una polveriera; l&#8217;attacco alle comunit\u00e0 di Cl \u00e8 una prassi ormai abituale in moltissime universit\u00e0, scuole e citt\u00e0 italiane. Anzi in un certo senso la notizia dei finanziamenti Cia sembra offrire \u00ablegittimit\u00e0\u00bb a quello stillicidio di violenze contro gente inerme. \u00abVedete? abbiamo ragione\u00bb sembrano dire i katanga armati di spranghe, catene, coltelli e molotov: \u00abComunione e corruzione, Cl e la Cia una bella compagnia\u00bb, ecco gli slogan coniati per l&#8217;occasione.<\/p>\n<p style=\"text-align: justify;\">Naturalmente, dopo la sparata dei giornali, la caccia al ciellino si intensifica. Per alcuni sar\u00e0 questa la palestra delle P38 e delle future squadre Br. Solo il 17 giugno &#8217;79 <em>Il Manifesto<\/em> e <em>La Stampa<\/em>, portati in tribunale da Cl, dovranno ritrattare. Con candida semplicit\u00e0 <em>La Stampa<\/em> dedica cinque righe: \u00abNaturalmente si trattava di notizie che, per la loro stessa fonte, non potevano sul momento essere oggetto di particolare controllo. Siamo perci\u00f2 ora lieti di poter dare atto al movimento di Comunione e liberazione, cos\u00ec come ai suoi dirigenti e aderenti tutti che essi non hanno mai ricevuto sovvenzione alcuna dalla Cia\u00bb.\u00a0Semplice no?<\/p>\n<p style=\"text-align: justify;\">Ma intanto erano state 150 le aggressioni in pochi mesi: sedi bruciate, ragazzi aggrediti e sprangati, o schedati e banditi da universit\u00e0 e da interi quartieri. Il cardinale Poletti, in un accorato intervento dopo l&#8217;aggressione di due studenti di Cl ridotti in fin di vita diceva: \u00abDa parecchio tempo assistiamo ad un aumento allarmante di episodi efferati e non possiamo restare indifferenti&#8230; E&#8217; veramente in pericolo la libert\u00e0&#8230; il nome stesso &#8216;cristiano&#8217; in ogni sua espressione \u00e8 spesso contrastato come se fosse colpa sociale\u00bb.<\/p>\n<p style=\"text-align: justify;\"><strong>Il segreto di Cl<\/strong><\/p>\n<p style=\"text-align: justify;\">Ma dove stava dunque la forza cos\u00ec originale di Cl? I vecchi arnesi del vocabolario politico si rivelano impotenti a spiegare.<\/p>\n<p style=\"text-align: justify;\">Nella Chiesa si apre una stagione densa di contrasti e tempeste. Il Convegno \u00abEvangelizzazione e promozione umana\u00bb manifesta tutti i segnii della crisi. N\u00e9 gli intendimenti di Monsignor Bartoletti, ideatore del convegno assieme a Paolo VI, si doveva risvegliare con energia la Chiesa per un nuovo grande annuncio di Cristo, redentore tutto l&#8217;uomo. Ma dopo l&#8217;improvvisa morte di Bartoletti il convegno viene appaltato ai lumi della Lega democratica. Paolo VI chide invano le dimissioni del comitato preparatorio.<\/p>\n<p style=\"text-align: justify;\">Il convegno legittim\u00f2 la pluralit\u00e0 delle opzioni politiche dei cattolici. Dalle colonne de <em>Il Tempo<\/em> Del Noce critic\u00f2 spietatamente la relazione di apertura di Bolgiani. Si consuma il suicidio della presenza sociale dei cattolici. Lo strumento \u00e8 l&#8217;abbandono della Dc. Per i personaggi pi\u00f9 in vista di certo mondo cattolico lo scudo crociato non \u00e8 pi\u00f9 interprete delle loro istanze.<\/p>\n<p style=\"text-align: justify;\">All&#8217;assemblea della Cei del 20 maggio &#8217;76, prima del convegno, Scoppola rimbecca i vescovi per essersi espressi sulle candidature di alcuni cattolici democratici nel Pci: \u00abinterventi della Chiesa in campo politico che si esprimono in termini di costrizione e di minaccia sono oggi rifiutati dalle coscienze dei cattolici\u00bb. Dello stesso parere era Orfei, oggi strenuo difensore della linea demitiana<\/p>\n<p style=\"text-align: justify;\">Innanzitutto proprio la fede era capace di cogliere un&#8217;attesa profonda e inespressa&#8230; Nel settembre del &#8217;77 il quotidiano Lotta continua pubblica una lettera firmata \u00abun amico di Roberto\u00bb, che dice: \u00abscrivo queste righe perch\u00e9 un nostro compagno si \u00e8 suicidato. Purtroppo fatti come questi sono sempre pi\u00f9 frequenti non fanno neanche notizia&#8230;\u00bb.<\/p>\n<p style=\"text-align: justify;\">E concludeva: \u00abTra i tanti motivi che ci spingono a modificare il nostro comportamento politico e personale, c&#8217;\u00e8 anche il desiderio che nessun compagno sia costretto pi\u00f9 ad andarsene cos\u00ec; c&#8217;\u00e8 il desiderio che tra la nostra splendida teoria piena di futuri paesi delle meraviglie e la nostra &#8216;squallida&#8217; pratica quotidiana non si lasci pi\u00f9 aperto un varco cos\u00ec grande dove un uomo possa perdersi\u00bb.<\/p>\n<p style=\"text-align: justify;\">In un baratro di cinismo o di disperazione si stava infatti perdendo tutta una generazione. L&#8217;utopia rivoluzionaria naufragava sotto la scure implacabile della vita quotidiana. Per quella generazione cantava allora Francesco Guccini: \u00abIo dico sempre non voglio capire \/ ma \u00e8 come un vizio sottile e pi\u00f9 penso \/ pi\u00f9 mi ritrovo questo vuoto immenso \/ e per rimedio soltanto il dormire. \/ E poi ogni giorno mi torno a svegliare \/ e resto incredulo, non vorrei alzarmi \/ ma vivo ancora e son l\u00ec ad aspettarmi \/ le mie domande, il mio niente, il mio male\u00bb.<\/p>\n<p style=\"text-align: justify;\">Il quotidiano era questa sete di un significato qui e ora&#8230; \u00abNoi non siamo entrati nella scuola cercando un progetto alternativo per la scuola; vi siamo entrati con la coscienza di portare ci\u00f2 che salva l&#8217;uomo anche nella scuola, che rende vero l&#8217;uomo e autentica la ricerca del vero, cio\u00e8 Cristo nella nostra unit\u00e0&#8230; La nostra forza non \u00e8 un progetto sociale, culturale, politico&#8230; ma \u00e8 la coscienza del mistero che abbiamo addosso\u00bb (Incontro degli universitari di Cl, Riccione 1976).<\/p>\n<p style=\"text-align: justify;\">\u00abE&#8217; quello che \u00e8 successo alla Chiesa primitiva che \u00e8 andata nel mondo non per cambiare la filosofia, ma per rendere presente ci\u00f2 che essa era, per rendere presente Cristo, condividendo tutti e tutto, anche la filosofia. E cos\u00ec, con i secoli, si \u00e8 costituita nei monasteri, nelle scuole e nelle universit\u00e0 una nuova filosofia e una nuova cultura\u00bb.<\/p>\n<p style=\"text-align: justify;\">Queste parole giudicavano anche la pericolosa tentazione ideologica che si era infiltrata fin dentro Comunione e liberazione: \u00abNoi abbiamo vissuto questi ultimi dieci anni dentro una provocazione imponente di tipo sociale e politico e questo ci ha fatto lentamente scivolare sulla china del riporre la nostra speranza e la nostra dignit\u00e0 nel progetto generato da noi\u00bb. E non si trattava di una nuova tesi teologica. Singolare era la domanda che l&#8217;allora direttore di Renovatio Baget-Bozzo, pose nel &#8217;77 a don Giussani: \u00abL&#8217;identit\u00e0 cristiana nella storia e principalmente un&#8217;identit\u00e0 dottrinale?\u00bb<\/p>\n<p style=\"text-align: justify;\">Nella risposta si affermava fra l&#8217;altro: \u00abMi sembra semplicemente inadeguato. Per me l&#8217;identit\u00e0 Cristiana nella storia \u00e8 principalmente un Fatto, il Fatto di ima realt\u00e0 rimuova, di una nuova creatura che \u00e8 la Chiesa\u00bb; e si richiamava il memorabile discorso di Paolo VI del 24 luglio &#8217;75: \u00abDov&#8217;\u00e8 il Popolo di Dio, del quale tanto si \u00e8 parlato e tanto si parla? Questa entit\u00e0 etnica sui generis&#8230; che tutto converge verso Cristo&#8230;. (Il nostro tempo, n. 2, 1977). Insomma Cl riportava al centro l&#8217;avvenimento cristiano, nella modalit\u00e0 con cui esso sempre si \u00e8 comunicato, a partire dalla Galilea, per 2000 anni: un incontro.<\/p>\n<p style=\"text-align: justify;\"><strong>Un convegno equivoco<\/strong><\/p>\n<p style=\"text-align: justify;\">La leadership del mondo cattolico italiano fin dall&#8217;inizio non lesin\u00f2 ostilit\u00e0 e diffidenza. Ma si trattava -negli anni &#8217;70- di un mondo cattolico ormai esistente perlopi\u00f9 nelle sacrestie e nelle liste del Pci. Al contrario Paolo VI sembr\u00f2 quasi tirare un respiro di sollievo: \u00abE&#8217; questa la strada, vada avanti cos\u00ec\u00bb, disse a don Giussani nel &#8217;75.<\/p>\n<p style=\"text-align: justify;\">Ed alcuni mesi dopo a degli studenti di Cl: \u00abSiamo molto attenti all&#8217;affermazione del vostro programma che andate diffondendo, del vostro stile di vita, dell&#8217;adesione giovanile e nuova rinnovata e rinnovatrice agli ideali cristiani&#8230; Vi benediciamo, e con voi benediciamo e salutiamo il vostro fondatore, don Giussani. Vi diciamo grazie delle attestazioni coraggiose, forti e fedeli che date in questo momento particolarmente agitato, un po&#8217; turbati per certe vessazioni e certe incomprensioni da cui siete circondati\u00bb. A<\/p>\n<p style=\"text-align: justify;\">d esempio Giuseppe Lazzati dubitava addirittura dell&#8217;ortodossia del movimento, e nei suoi 15 anni di rettorato alla Cattolica di Milano, pur devastata dall&#8217;ideologia laicista, dalla violenza, da infiltrazioni brigatiste, vedr\u00e0 in Cl l&#8217;ostacolo per un rinnovamento conciliare dell&#8217;Universit\u00e0 Cattolica (v.<em> Corriere della Sera<\/em>, 2.3.85).<\/p>\n<p style=\"text-align: justify;\">Si pu\u00f2 parlare di antitesi netta fra Paolo VI e i suoi allievi &#8216;maritainisti&#8217;? \u00abL&#8217;esplodere della crisi\u00bb scrive Scoppola \u00abcrea una spaccatura fra i &#8216;montiniani&#8217; e Montini stesso che \u00e8 il Papa. Una parte della cultura cattolica si sente tradita da Montini\u00bb. Non a caso in quegli Anni il Papa aveva voluto alla segreteria della Cei un non-maritainiano come monsignor Bartoletti. Il quale vedeva in Cl un vero &#8216;segno&#8217;: \u00abnessuna garanzia migliore della loro stessa vita\u00bb ripeteva a chi metteva in dubbio l&#8217;autenticit\u00e0 ecclesiale del movimento.<\/p>\n<p style=\"text-align: justify;\">E nella tempesta delle aggressioni e delle violenze: \u00abLa coraggiosa e chiara testimonianza cristiana che gli aderenti a Cl offrono quotidianamente nella vita civile \u00e8 per noi motivo di attenta considerazione, di doveroso appoggio, di sicura speranza&#8230; la nostra parola di conforto e di incoraggiamento e di apprezzamento vuole essere solo un segno dell&#8217;immancabile aiuto del Signore per quanti vivono e soffrono, lietamente, per l&#8217;Avvento del Suo Regno\u00bb.<\/p>\n<p style=\"text-align: justify;\">Bartoletti aveva di fronte un quadro drammatico. Nell&#8217;estate del &#8217;75, dopo le elezioni del 15 giugno, annotava: \u00abDivisione nel mondo cattolico e nello stesso tessuto ecclesiale. Si \u00e8 potuto evitare l&#8217;esplosione del dissenso, ma non l&#8217;azione sconsiderata di sacerdoti e di laici impegnati nelle associazioni e nei movimenti\u00bb (anche l&#8217;Azione cattolica italiana solo per merito della mediazione del presidente Agnes non si schier\u00f2 apertamente a favore del divorzio).<\/p>\n<p style=\"text-align: justify;\">Fu proprio monsignor Bartoletti l&#8217;ideatore del Convegno della Chiesa italiana \u00abEvangelizzazione e promozione umana\u00bb. Negli intendimenti suoi e di Paolo VI si doveva risvegliare con chiarezza ed energia la Chiesa per un nuovo grande annuncio di Cristo, redentore di tutto l&#8217;uomo: istituita da Cristo scriveva \u00abla Chiesa si presenta al mondo come segno efficace di salvezza, totale e trascendente, di integrale liberazione&#8230; La salvezza compiuta nel Cristo e partecipata a tutti gli uomini costituisce il contenuto della evangelizzazione\u00bb.<\/p>\n<p style=\"text-align: justify;\">Ed ancora: \u00abIn questo disegno di salvezza dell&#8217;uomo che l&#8217;evangelizzazione propone \u00e8 compreso anche quello che intendiamo con parola promozione\u00bb. L&#8217;improvvisa morte di Bartoletti, il 5 marzo del &#8217;76 fa precipitare gli eventi. \u00abMonsignor Enrico Bartoletti\u00bb scriveva Andreotti \u00aballe prese con le conseguenze del referendum, che certamente avrebbe voluto evitare, pu\u00f2 letteralmente dirsi che mor\u00ec di crepacuore\u00bb (<em>Ad ogni morte di papa<\/em>, pag. 121). E&#8217; una morte che letta alla luce delle altre improvvise morti di Giovanni Paolo I (1978), dall&#8217;arcivescovo di Firenze cardinal Benelli (1982), dell&#8217;arcivescovo di Bologna monsignor Manfredini (1983) non pu\u00f2 che destare drammatiche domande.<\/p>\n<p style=\"text-align: justify;\">\u00abNella prima riunione del Comitato (dopo la morte di Bartoletti) Maverna (il successore) propose ai partecipanti di &#8216;rimettere il proprio mandato&#8217;. Lo faceva per suggerimento vaticano e invocava la necessaria docilit\u00e0 ai responsabili pastorali. Il proseguimento dei lavori fu dovuto ad un escamotage formale&#8230; e alla volont\u00e0 di Poma.<\/p>\n<p style=\"text-align: justify;\">Paolo VI \u00e8 ormai defilato. &#8216;Per noi \u00e8 finita&#8217; aveva sussurrato davanti alla salma di Bartoletti&#8230; Da allora non esercit\u00f2 pi\u00f9 una efficace direzione della Cei. La gestione del Convegno veleggi\u00f2 in forme provvisorie fino all&#8217;esplosione della sua celebrazione\u00bb (Il Regno, 12\/87). I principali componenti di quel Comitato erano padre Sorge e Lazzati (che sararmo i vice presidenti del Convegno stesso), Scoppola, Bachelet, Ardig\u00f2, Agnes, Rosati, De Rita, Gaiotti.<\/p>\n<p style=\"text-align: justify;\">Tutte le vicende del Convegno rattristarono il Papa. Senza Bartoletti il Convegno si avviava verso lidi ben diversi da quelli per cui fu pensato. Comunione e liberazione vive il suo momento di massima emarginazione: si giunse persino ad assimilarla ai Cristiani per il socialismo come un&#8217;antitetica, ma uguale &#8216;deviazione&#8217;. E&#8217; incredibile, ma il Convegno fu di fatto appaltato proprio a quella Lega democratica concepita dai cattolici del no che appena due anni prima avevano rotto la comunione ecclesiale votando e facendo votare a favore del divorzio.<\/p>\n<p style=\"text-align: justify;\">In una relazione ufficiale, Bolgiani sostenne addirittura che gli anti-divorzisti furono l&#8217;ultimo rigurgito del vecchio integralismio reazionario e che la provvidenziale sconfitta aveva fatto emergere i veri cattolici del dialogo e del rinnovamento. Paolo VI, celebrando in San Pietro la Messa di inizio, vedendo il cardinal Siri (che nel &#8217;75 aveva pensato di riportare alla guida della Cei) gli si fa incontro e gli sussurra: \u00abEminenza, sono molto preoccupato ma se c&#8217;\u00e8 qui Lei mi sento pi\u00f9 tranquillo\u00bb.<\/p>\n<p style=\"text-align: justify;\">Ed il Cardinale: \u00abSantit\u00e0, bisognava far qualcosa prima, e poi io star\u00f2 qui finch\u00e9 ci sar\u00e0 Lei, poi me ne andr\u00f2\u00bb. Questo episodio inedito la dice lunga sul clima di quel Convegno. Paolo VI vi terr\u00e0 dunque un&#8217;omelia memorabile (quanto inascoltata): \u00abLa fede vivente \u00e8 una fede irradiante. La Chiesa credente \u00e8 Madre e Maestra, e con la dottrina del Concilio ci conferma e ci ammonisce che quanti siamo suoi figli dobbiamo essere fieri del nome cristiano, e testimoni di quanto questo nome significa e ci insegna\u00bb.<\/p>\n<p style=\"text-align: justify;\">Tanto diversa fu la strada percorsa dal Convegno che Paolo VI per tutto il resto del Suo pontificato non lo citer\u00e0 mai. Ed \u00e8 un caso unico. Il Consiglio Permanente della Cei dopo redasse una \u00abpresentazione\u00bb degli atti del Convegno che tentava di correggerne in qualche modo gli eccessi.<\/p>\n<p style=\"text-align: justify;\">La relazione Bolgiani, ad esempio, fu una vergognosa damnatio memoriae di Pio XII, presa in blocco dai testi del laicismo massonico-azionista, come dimostr\u00f2, senza peli sulla lingua, Del Noce su <em>Il Tempo<\/em> del 17 novembre. La relazione Bolgiani fu pubblicata dall&#8217;<em>Espresso<\/em>, che peraltro due anni prima, in un servizio intitolato \u00abDivorzio: lo salveranno le donne (e i preti)\u00bb, aveva scritto: \u00abIn questa operazione l&#8217;altra chiesa in Italia ha trovato il suo pi\u00f9 autorevole esponente nel cardinal Michele Pellegrino, di Torino\u00bb (24.3.74)<\/p>\n<p style=\"text-align: justify;\">L&#8217;idea di un&#8217;altra chiesa (progressista, dialogante, ecumenica) che avrebbe avuto il suo inizio con il Concilio -secondo lo schema di Bolgiani- faceva emergere una innovazione improponibile, che pure stava dilagando nella mentalit\u00e0 dei cattolici, minando le basi stesse della fede, la Tradizione e il Magistero. Gi\u00e0 nel &#8217;72 Paolo VI aveva respinta con orrore: \u00abuna falsa e abusiva interpretazione del Concilio, che vorrebbe una rottura con la tradizione, anche dottrinale, giungendo al ripudio della Chiesa preconciliare, e alla licenza di concepire una Chiesa &#8216;nuova&#8217;, quasi &#8216;reinventata&#8217; dall&#8217;interno, nella costituzione, nel dogma, nel costume, nel diritto\u00bb (23.6.72).<\/p>\n<p style=\"text-align: justify;\">Il cardinal De Lubac ha denunciato di recente questa stessa strisciante eresia: \u00abQuante volte ci \u00e8 stato ripetuto che contrariamente all&#8217;antica concezione &#8216;gerarchica&#8217; e &#8216;sacrale&#8217; della Chiesa, il Concilio inaugurava una sorta di &#8216;nuova Chiesa&#8217; ponendo alla base&#8230; i laici&#8230; ma se apro la Costituzione conciliare leggo: capitolo I: il Mistero della Chiesa; \u00e8 un richiamo decisivo dell&#8217;autentica tradizione, che sbarra la strada a ogni tentativo di secolarizzazione, di politicizzazione, di democratizzazione&#8230;\u00bb.<\/p>\n<p style=\"text-align: justify;\">Del resto, quella stessa relazione proponeva una cos\u00ec acritica, puerile \u00abapertura alle nuove culture del mondo\u00bb da apparire grottesca, in quel clima di regime che soffocava la societ\u00e0 italiana. Si voleva &#8216;purificare&#8217; la Chiesa distruggendo tutta la fecondit\u00e0 di opere sociali del cattolicesimo popolare.<\/p>\n<p style=\"text-align: justify;\">Eliminare \u00abla Chiesa che si appoggia su leggi e banche\u00bb diceva Pedrazzi, collaboratore (nella Lega e ne Il Mulino) di quell&#8217;Andreatta che ha -come ministro del Tesoro- \u00abliquidato\u00bb il Banco ambrosiano (il Nuovo ambrosiano \u00e8 finito poi nelle sapienti mani di Agnelli). Strumento del suicidio della presenza sociale dei cattolici fu allora l&#8217;abbandono della Dc come partito dei cattolici.<\/p>\n<p style=\"text-align: justify;\">Da Scoppola a Orfei a Sorge tutti acclamavano finalmente il pluralismo delle scelte. Anche un dottor sottile come Sorge \u00e8 chiarissimo: \u00abBisogna superare in linea di principio e nella pratica la vecchia concezione che portava a vedere nella Dc la naturale proiezione politica del mondo cattolico&#8230; La Dc \u00e8 un partito laico; non religioso, ma politico&#8230; esso chiede il consenso in base alle sue scelte, perci\u00f2 possono non riconoscersi in esso coloro che non le condividono, anche se sono cattolici&#8230;\u00bb.<\/p>\n<p style=\"text-align: justify;\">Bolgiani non ha dubbi e chiede alla Lega di realizzare \u00abun piano strategico per la messa in crisi e la rottura del monolitismo di potere mafioso Dc\u00bb. La Fuci gi\u00e0 nel &#8217;69 chiedeva \u00abla rinunzia alla dottrina sociale, al Concordato, il distacco dal potere economico e la rinunzia ad avalli o preferenze verso forze politiche con etichette cristiane\u00bb.<\/p>\n<p style=\"text-align: justify;\">Le Acli poi navigavano in questo mare di ambiguit\u00e0. Ancora all&#8217;ultimo congresso Rosati sosteneva di non credere \u00aballa negativit\u00e0 delle cose mondane che solo la presenza cristiana riuscirebbe a sanare\u00bb. I protagonisti della scissione che port\u00f2 alla nascita dell&#8217;Mcl intesero invece far chiarezza; la fede non poteva essere un optional, un condimento nel mondo di cui si potrebbe anche fare a meno (M. Giraldi su Traguardi sociali, gen.\/feb. &#8217;85).<\/p>\n<p style=\"text-align: justify;\">Pietro Scoppola (cattolico del no e protagonista del Convegno) intervenendo all&#8217;assemblea della Cei del 20 maggio &#8217;76, rimbecc\u00f2 addirittura i vescovi per aver detto la loro sulle candidature di alcuni cattolici-democratici nel Pci: \u00abGli amici che si sono candidati nelle liste comuniste certamente hanno ritenuto di muoversi in uno spazio di libert\u00e0 consentito al cattolico&#8230; Restava il dubbio nella loro coscienza che l&#8217;intervento (dei vescovi) nei loro confronti fosse legato anche a motivazioni politiche. Sappiamo tutti che la storia della Chiesa \u00e8 piena di esempi del genere. La loro scelta esprime la disperazione che ci attanaglia tutti di fronte alle insufficienze, alle deviazioni del partito che fino a ieri ha rappresentato la maggioranza dei cattolici italiani\u00bb.<\/p>\n<p style=\"text-align: justify;\">Ed ancora, di l\u00ec a poco: \u00abVi sono verit\u00e0 di fatto, dure, che dobbiamo dire fino in fondo: interventi della Chiesa in campo politico, che si esprimono in termini di costrizione e di minaccia sono oggi rifiutati dalle coscienze dei cattolici\u00bb.<\/p>\n<p style=\"text-align: center;\"><strong>1978, LA SFIDA AI PARTITI. MORO CONTRO I LIBERAL.<\/strong><\/p>\n<p style=\"text-align: justify;\">I grandi potentati contro le formazioni politiche. Quando \u00e8 iniziato lo scontro? E che sbocchi avr\u00e0? <em>Il Sabato<\/em> lancia il dibattito verso il prossimo congresso Dc. Quella ospitata in queste pagine \u00e8 la ricostruzione accurata di un evento chiave per capire la storia politica che stiamo vivendo. Sono gli anni tra il &#8217;76 e il &#8217;78. Il superpartito liberal vive il suo primo smacco, nella sua scalata politica. L&#8217;accoppiata Moro-Andreotti blocca il tentativo dei potentati di mettere in gioco il Pci. Ecco come and\u00f2.<\/p>\n<p style=\"text-align: center;\"><strong>* \u00a0* \u00a0*<\/strong><\/p>\n<p style=\"text-align: justify;\">Il PSI nell&#8217;estate del 76 \u00e8 ridotto al fantasma di se stesso. De Martino teorizza il suicidio politico del partito. Scalfaro che sponsorizza Giolitti per la successione. Ma invece spunta Bettino Craxi, un uomo che volevo garantire la sopravvivenza del partito piuttosto che i piani delle lobby.<\/p>\n<p style=\"text-align: justify;\"><strong>Il nuovo vangelo dell&#8217;aristocrazia liberal<\/strong><\/p>\n<p style=\"text-align: justify;\">Alle idi di marzo del 1966, <em>Il Mondo<\/em> (tempio del pensiero liberal) cessava le pubblicazioni con questo sconsolato commiato: \u00abSu un elettorato di trenta milioni di individui, ventidue milioni di voti vanno a partiti -diciamo cos\u00ec- indigeni, che ad esempio in Inghilterra, in America, in Scandinavia neppure esistono&#8230; ideali e concezioni politiche, culturali e morali lontane&#8230; dal mondo moderno\u00bb.<\/p>\n<p style=\"text-align: justify;\">Il fastidio, il disprezzo per questo popolo italiano, cos\u00ec vivo, ricco di culture, gruppi sociali, identit\u00e0 politiche, cos\u00ec poco anglosassone \u00e8 il tratto tipico dell&#8217;aristocrazia liberal. \u00abGli italiani sono un popolo profondamente corrotto\u00bb scriveva un liberal della prima ora, Giaime Pintor \u00abma essi continuano ad esprimere minoranze rivoluzionarie di prim&#8217;ordine&#8230; L&#8217;Italia \u00e8 nata dal pensiero di pochi intellettuali\u00bb.<\/p>\n<p style=\"text-align: justify;\">Questa idea aveva radici lontane. Dopo la guerra questa casta di eletti, illluminati, puri si raccolse nel Partito d&#8217;Azione. Non avendo nessun seguito popolare, questa pattuglia and\u00f2 monopolizzando tutto il mondo della cultura e dell&#8217;informazione. Da quei pulpiti amplificarono la loro idea: innanzitutto la contrapposizione fra due Italie; quella della politica e dei partiti, l&#8217;Italia arraffona, volgare, inetta, parolaia (che era lo specchio del \u00abpopolo italiano&#8230; fiacco, corrotto, popolo di africani e levantini\u00bb) e quella rigorosa, efficiente, laica, calvinista della cultura liberal (si trattasse dello storico Centro studi di Mattioli e della Mediobanca di Cuccia, del Grande Capitale privato degli Agnelli, gli Orlando, i Pirelli, della tecnostruttura della Banca d&#8217;Italia o dei loro chiassosi portaparola, L&#8217;Espresso, Il Mondo, Panorama&#8230;).<\/p>\n<p style=\"text-align: justify;\">\u00abIl contrario dell&#8217;Italia delle vongole -secondo Scalfari- \u00e8 l&#8217;Italia di Amendola e di La Malfa, un&#8217;Italia pulita, rigorosa, in qualche modo ascetica\u00bb (Epoca, 19.12.86). <em>L&#8217;antitaliano<\/em> \u00e8 appunto il titolo della rubrica di Giorgio Bocca su<em> L&#8217;Espresso<\/em>. Ma cosa vogliono dunque?<\/p>\n<p style=\"text-align: justify;\">Nel &#8217;65 \u00abuno dei signori dell&#8217;industria\u00bb (di Torino), sotto pseudonimo, rilasciava a El\u00e9mire Zolla una memorabile intervista (poi pubblicata sul <em>Corriere della Sera<\/em> del 27.1.75). \u00abE&#8217; il disegno di una Macchina sociale -dice il nostro- in cui le opposizioni finiscono per armonizzarsi&#8230; Perch\u00e9 questa Macchina sociale funzioni, occorre liberare la societ\u00e0 da certi pregiudizi che producono uno speciale attrito&#8230; La Macchina sociale sar\u00e0 ultimata soltanto quando avremo eliminato tutto ci\u00f2 che non ne fa parte e perci\u00f2 la ostacola&#8230; Si creer\u00e0 una nuova morale, che colpir\u00e0 come unico peccato l&#8217;estraneit\u00e0 al lavoro&#8230; Tutti saranno sottoposti ad un processo di adattamento reciproco che eliminer\u00e0 ogni traccia di egoismo, in uno psicodramma permanente&#8230; Il sistema sar\u00e0 tutto in tutti. Anarchico e pianificato\u00bb. Non \u00e8 Orwell, n\u00e9 Huxley. Storicamente \u00e8 l&#8217;ideologia della Grande Industria piemontese, che ha colonizzato l&#8217;Italia.<\/p>\n<p style=\"text-align: justify;\">E&#8217; sorprendente l&#8217;analogia fra il progetto della Macchina sociale e questo passo di Gramsci: \u00abIn Italia \u00e8 nato il primo Soviet dei capitalisti, la Fiat di Giovanni Agnelli, piccolo Stato locale con polizia propria, con un organo giudiziario proprio, con una legge generale propria\u00bb. \u00abLo sviluppo ulteriore dir\u00e0 quale forza storica oggettiver\u00e0 permanentemente il sostantivo: capitalista o proletario?\u00bb<\/p>\n<p style=\"text-align: justify;\">Egualmente oggi \u00abRomiti\u00bb come notava Italo Pietra \u00ab\u00e8 un paladino dell&#8217;impresa vista come una specie di cellula della societ\u00e0, che in piccolo rappresenta tutto, e al centro di tutto ci sta lui\u00bb. In breve il messaggio era quello che poi volgarizzer\u00e0 Romiti: \u00abGli interessi della Fiat sono gli interessi dell&#8217;Italia\u00bb. E&#8217; una pretesa antica questa. La cultura e i giornali liberal hanno sempre trattato i partiti italiani come un coacervo di interessi di bottega, piccole clientele, capi-cosca preoccupati solo di \u00abmaneggiare e incapaci di una visione moderna, che pensi al bene della nazione per \u00abportare l&#8217;Italia in Europa\u00bb. Solo gli illuminati (tecnocrazia e Grande industria) avrebbero invece a cuore i destini del Paese.<\/p>\n<p style=\"text-align: justify;\">Il progetto liberal punta alla sparizione di tutte le culture, i gruppi sociali, culturali, i soggetti umani (il nichilismo) per affermare la sola ideologia della produzione\/consumo (la Macchina sociale). Per questo \u00e8 destinato ad avere una tentazione golpista. Nello Stato -mentre si elimina il retroterra sociale dei partiti, ridotti cos\u00ec a meri gruppi di opinione- vuole una progressiva bipolarizzazione (anche con misure di riforma istituzionale) per ridurre la dialettica fra diversi partiti e diversi interessi al binomio innovazione-conservazione, funzionale al potere economico esistente<\/p>\n<p style=\"text-align: justify;\"><strong>La Fiat e il suo \u00abmulino\u00bb<\/strong><\/p>\n<p style=\"text-align: justify;\">\u00abLo sforzo principale\u00bb scriveva di recente Maurizio Blondet \u00abfu quello di deideologizzare i due partiti di massa, per adattarli il pi\u00f9 possibile al modello del bipartitismo perfetto delle democrazie anglosassoni (dominate dall&#8217;interscambiabilit\u00e0 fra democratici e repubblicani, conservatori e progressisti, gli uni non meno degli altri iscritti nelle logiche neocapitalistiche).<\/p>\n<p style=\"text-align: justify;\">A questo tendeva soprattutto il celebre studio di Galli, Il bipartitismo imperfetto, finanziato negli anni Sessanta da quel laboratorio tecnocratico che \u00e8 la fondazione Il Mulino\u00bb. Va detto, in effetti, che in quest&#8217;opera di laicizzazione di Dc e Pci, Il Mulino di Bologna \u00e8 stata una think-tank formidabile. Qui si ritrovano uniti i cattolici democratici di Scoppola, Pedrazzi, Ardig\u00f2 (che furono anche i cattolici del no a favore del divorzio nel &#8217;74), che poi daranno vita alla Lega democratica, insieme con quegli intellettuali che confluiranno poi nella Sinistra indipendente. Non a caso i due studiosi che nella Dc e nel Pci si occuperanno dei progetti di Riforma istituzionale saranno proprio Roberto Ruffilli (Dc, Lega democratica) e Gianfranco Pasquino (Pci, Sinistra indipendente).<\/p>\n<p style=\"text-align: justify;\">Entrambi provengono da Il Mulino, che ha rapporti amorevoli con la Fiat di Giovanni Agnelli. Nell&#8217;orbita de Il Mulino (e comunque ad esso collegati) gravitano anche altri centri bolognesi, come il Cattaneo presieduto da Pedrazzi e l&#8217;Arel di Andreatta.<\/p>\n<p style=\"text-align: justify;\">Dentro il mondo cattolico saranno soprattutto gesuiti, con padre Sorge, gi\u00e0 direttore de La Civilt\u00e0 Cattolica, a scommettere su quest&#8217;area che va dalla Lega democratica alla Sinistra indipendente, con il progetto del golpe istituzionale (l&#8217;esperimento palermitano, propiziato appunto da padre Sorge \u00e8 un inquietante esempio di distruzione del sistema dei partiti&#8230;), chiamato democrazia compiuta.<\/p>\n<p style=\"text-align: justify;\"><strong>Il golpe<\/strong><\/p>\n<p style=\"text-align: justify;\">Dunque nel 1966 il politologo di sinistra Giorgio Galli (oggi docente universitario e firma prestigiosa di <em>Panorama<\/em>), direttore dal 1965 de Il Mulino, esce con un libro che far\u00e0 molto discutere, <em>Il bipartitismo imperfetto,<\/em> e poi, nel 1974, <em>Dal bipartitismo imperfetto alla possibile alternativa.<\/em> E&#8217; una ricerca di molti anni realizzata e finanziata grazie al Mulino, al Centro Cattaneo, alla Twentieth Century Fund di New York, alla Fondazione Agnelli e all&#8217;Istituto Agostino Gemelli di Milano.<\/p>\n<p style=\"text-align: justify;\">La tesi di Galli \u00e8 la seguente: \u00abLa democrazia rappresentativa ha avuto una origine borghese&#8230; Le \u00e9lite economiche, politiche e culturali che si battevano per il trionfo delle istituzioni rappresentative erano o protestanti o laico-illuministe&#8230;\u00bb. In tutti i sistemi istituzionali moderni, come la Gran Bretagna o gli Usa, spiega Galli, il gioco democratico \u00e8 garantito dalla dialettica di due partiti che si riconoscono entrambi, in sostanza, in quella cultura laico-illuminista (questa \u00e8 la regola del gioco).<\/p>\n<p style=\"text-align: justify;\">I due partiti possono cos\u00ec competere per il governo alternandosi, secondo criteri della concorrenza del mercato. Ma in Italia i tre maggiori partiti (cattolico, comunista e socialista), nella loro identit\u00e0 culturale, sono nati proprio in contrasto con quella cultura borghese. Inoltre la galassia politica esprime una serie di altri partitini, ognuno dei quali \u00e8 rappresentativo di gruppi sociali, economici, culturali particolari.<\/p>\n<p style=\"text-align: justify;\">Fino dalla Costituente i cattolici si opposero all&#8217;ipotesi di una Repubblica presidenziale (proposta dagli azionisti): la particolarit\u00e0 della democrazia italiana era proprio la ricca variet\u00e0 sociale e culturale del Paese, che poteva essere protetta e valorizzata proprio da una composita articolazione di partiti. La \u00abdottrina sociale\u00bb cattolica aveva sempre sostenuto che il bene comune stava appunto \u00abnell&#8217;insieme di quelle condizioni della vita sociale che permettono ai gruppi come ai singoli membri di raggiungere la propria perfezione pi\u00f9 pienamente e pi\u00f9 speditamente\u00bb (Vaticano II; Gaudium et spes, 26).<\/p>\n<p style=\"text-align: justify;\">Galli applica per\u00f2 alla composita realt\u00e0 italiana lo schema liberal del bipolarismo anglosassone. Egli in sostanza riduce il gioco ad una dialettica fra i due maggiori partiti, Dc e Pci. Poi osserva che il ricambio fra questi due partiti non \u00e8 mai avvenuto (n\u00e9 potr\u00e0 facilmente avvenire) e ne conclude che proprio questo bipolarismo imperfetto (incapace di garantire l&#8217;alternanza) blocca la democrazia precipitando il Paese nel disastro.<\/p>\n<p style=\"text-align: justify;\">Galli, a dire il vero, non nasconde affatto che quella dialettica bipolare anglosassone \u00e8 perfettamente funzionale all&#8217;egemonia borghese nella societ\u00e0. Quello che non dice \u00e8 che la sua attuazione in Italia costituirebbe, per la societ\u00e0, un vero golpe, cancellando di fatto, d&#8217;un colpo, tutta la sua multiforme ricchezza. Questa \u00e8 la Seconda Repubblica -dichiarava Scalfari ad Epoca (19.12.86)-. Quella che io immagino come Terza Repubblica \u00e8 una fase nella quale i partiti vengano ricacciati fuori dalle istituzioni. Penso che Visentini la pensi come me. Lui non \u00e8 gollista, \u00e8 un Grande Borghese\u00bb.<\/p>\n<p style=\"text-align: justify;\"><strong>I liberal all&#8217;attacco<\/strong><\/p>\n<p style=\"text-align: justify;\">L&#8217;offensiva liberal ai partiti italiani stava ad esempio portando il Psi con De Martino al suicidio. Nel Pci, il punto d&#8217;appoggio era rappresentato da Amendola. Nella Dc ci fu un esponente che in quel lontano 1966 fece suo quel disegno della borghesia liberal. Si chiama Ciriaco De Mita. Di lui -che riconosceva come maestro Ugo La Malfa- scriver\u00e0 Scalfari: \u00abDe Mita ha una cultura liberale, e non cattolico-popolare\u00bb. E&#8217; l&#8217;unico leader dc ad avere affermato: \u00abHo sempre pensato che la religiosit\u00e0 appartiene alla coscienza singola\u00bb.<\/p>\n<p style=\"text-align: justify;\">Bodrato dir\u00e0 di lui: \u00abHa un&#8217;intelligenza crociana, sottovaluta i fenomeni sociali e l&#8217;importanza del consenso, considera la politica come un contrasto fra i vertici\u00bb. De Mita sal\u00ec alla ribalta intervenendo alla Camera il 14 marzo 1966, allorch\u00e9 chiese di \u00abpuntare tutto su una politica di adeguamento delle istituzioni come modo per garantire l&#8217;evoluzione politica\u00bb e propose al Pci una convergenza sulle riforme istituzionali \u00abper la creazione di nuove regole\u00bb. Era un vero e proprio proclama bipolarista.<\/p>\n<p style=\"text-align: justify;\">L&#8217;obiettivo dichiarato di De Mita: \u00abLa vittoria storica della Dc coincider\u00e0 con la vittoria elettorale del Pci\u00bb (non a caso il laico Arrigo Levi, ammiratore di De Mita ha scritto soddisfatto: \u00abDe Mita non ama la Dc\u00bb).<\/p>\n<p style=\"text-align: justify;\">Scalfari, il grande sponsor del politico irpino, scriver\u00e0: \u00abL&#8217;amicizia con De Mita nasce soprattutto su un suo progetto positivo: quello di laicizzare al massimo la Democrazia cristiana, affrancandola dal vecchio moderatismo, di scardinare il doroteismo\u00bb. Insomma un partito borghese moderno, un partito repubblicano di massa. Ma come, perch\u00e9 e con quali sponsor questo politico, prima del tutto isolato nella Dc, ed a lei estraneo culturalmente, ha potuto diventarne il padrone assoluto e incontrastato?<\/p>\n<p style=\"text-align: justify;\"><strong>L&#8217;anno nero<\/strong><\/p>\n<p style=\"text-align: justify;\">\u00a0La conferenza di Portorico del 1976 d\u00e0 l&#8217;Italia sull&#8217;orlo del baratro. La catastrofe economica sembra imminente. Incombe la disoccupazione (il numero degli occupati \u00e8 uguale a quello del 1960), l&#8217;inflazione arriva al 20%, comincia a farsi sentire il terrorismo. Per di pi\u00f9 a maggio si verifica un catastrofico terremoto in Friuli, dopo qualche mese il disastro di Seveso (che viene strumentalizzato subito dall&#8217;<em>Espresso <\/em>per lanciare una campagna di legalizzazione dell&#8217;aborto).<\/p>\n<p style=\"text-align: justify;\">Alle elezioni poi il Pci supera il 30%, per la prima volta nella storia d&#8217;Italia. Kissinger chiede, in Italia l&#8217;avvento di \u00abfacce nuove\u00bb. Guido Carli, gi\u00e0 governatore della Banca d&#8217;Italia, che si appresta ad essere designato da Agnelli suo successore alla presidenza della Confindustria, chiede gi\u00e0 il 25 maggio, \u00abl&#8217;associazione del Pci alla conduzione politica del Paese\u00bb.<\/p>\n<p style=\"text-align: justify;\">Agnelli dichiara a<em> Panorama<\/em> che \u00abla Dc con il 38% non pu\u00f2 continuare a pretendere 1&#8217;80% del potere\u00bb. Umberto Agnelli e Amendola -sotto gli auspici de Il Mulino- concordano \u00absulla necessit\u00e0 che il grande capitale e le forze di sinistra svolgano una lotta comune contro le rendite parassitarie\u00bb. Questa idea, chiamata patto fra produttori, torner\u00e0 spesso negli anni successivi. E&#8217; un sofisticato tentativo della borghesia liberal per un accordo diretto con il Pci per scavalcare totalmente (e delegittimare) la rappresentanza dei partiti.<\/p>\n<p style=\"text-align: justify;\">Per questo la Confindustria di Agnelli e Carli parrebbe intenzionata a scendere direttamente in campo per costituire il polo borghese, riconoscendo al Pci il ruolo antagonista. Il \u00abgolpe bipolare\u00bb si delinea in una storica intervista rilasciata da Agnelli a <em>La Repubblica<\/em>, alla vigilia delle elezioni del &#8217;76: \u00abIl potere politico stava diventando sempre pi\u00f9 inefficiente e arrogante&#8230; Si \u00e8 parlato e scritto molto dell&#8217;arroganza del potere. Credo che sia un fenomeno degenerativo quasi inevitabile quando il sistema non consente alternative. E il sistema italiano non ha consentito alternative&#8230; E&#8217; un dato di fatto. Ma altrettanto \u00e8 un dato di fatto che ad un certo punto c&#8217;\u00e8 stata una degenerazione ed il potere \u00e8 diventato arrogante. Personalmente detesto l&#8217;arroganza\u00bb (27.4.76).<\/p>\n<p style=\"text-align: justify;\">Umberto Agnelli sottopone alla Confindustria il progetto di una entrata in politica, \u00abnon gi\u00e0 con un illecito sconfinamento nel campo dei partiti, ma con un incessante contributo d&#8217;idee&#8230;\u00bb. La borghesia liberal sta dunque pensando di entrare direttamente in scena facendo un suo partito. Giorgio Galli scrive: \u00abLa borghesia faccia il suo partito e trovi finalmente un suo strumento politico\u00bb. E Massimo Riva, poi parlamentare della Sinistra indipendente, scrive sul <em>Corriere della Sera<\/em> di Ottone: \u00abConfindustria facciamone un partito\u00bb (7.9.75).<\/p>\n<p style=\"text-align: justify;\">Alla fine si decide di giocare un&#8217;altra carta. \u00abColonizzare\u00bb il Pci portandolo su posizioni liberal (per questo nasce nel &#8217;76 <em>La Repubblica<\/em> di Scalfari e Caracciolo, il cognato di Agnelli). E comprarsi la Dc (come fosse in svendita) per farne un partito repubblicano di massa: i due poli.<\/p>\n<p style=\"text-align: justify;\">Cos\u00ec matura la candidatura di Umberto Agnelli nella Dc: \u00abSar\u00e0 difficile eppure l&#8217;unica cosa che si pu\u00f2 tentare \u00e8 cambiare la Dc\u00bb. Si scatena un grande putiferio, con le elezioni del 20 giugno. Il Corriere della Sera titola: \u00abUn Agnelli vuol rifondare la Dc\u00bb. E Giovanni Galloni, leader della corrente di Base, afferma: \u00ab(questa candidatura) segnala la ripresa dell&#8217;antica vocazione della Dc come forza popolare\u00bb.<\/p>\n<p style=\"text-align: justify;\">I risultati del 20 giugno 1976 portano il Pci al 33,8% (la Dc \u00e8 al 38,9%). Ci sono dunque le condizioni per realizzare quel patto fra produttori che assesterebbe un brutto colpo al sistema dei partiti. E la sua forma non pu\u00f2 essere che quella di un accordo fra una Dc \u00abagnelliana\u00bb e un Pci \u00abscalfarizzato\u00bb. I giochi sembrano ormai fatti. A far saltare il piano saranno Moro e Andreotti.<\/p>\n<p style=\"text-align: justify;\"><strong>Andreotti il guastafeste<\/strong><\/p>\n<p style=\"text-align: justify;\">Moro, che \u00e8 la mente della Dc (e presidente del Consiglio in carica), capisce a questo punto che un qualche coinvolgimento del Pci \u00e8 inevitabile. Del resto si tratta di uscire dal terribile incubo della bancarotta e del crollo dell&#8217;economia nazionale. Ma Moro \u00e8 un \u00abcattolico buono\u00bb (come lo definir\u00e0 Paolo VI) e un vero democristiano.<\/p>\n<p style=\"text-align: justify;\">Pochi mesi prima, quando tutta la stampa liberal voleva \u00ablinciare\u00bb sulle piazze la Dc per il caso Lockheed (criminalizzando Gui, che invece risult\u00f2 poi innocente) fu proprio lui, Moro, con tutta la sua autorit\u00e0 morale, che in un memorabile discorso alla Camera prese le difese di Gui e -con grande energia- del suo partito (\u00abnon ci faremo processare nelle piazze&#8230;\u00bb). (E degno di nota che, in quel caso, chi non approv\u00f2 Moro fu Ciriaco De Mita).<\/p>\n<p style=\"text-align: justify;\">Dunque Moro, in quel 1976, intu\u00ec il pericolo mortale, per la Dc e per tutto il sistema dei partiti, se si fosse realizzato il progetto liberal. Perci\u00f2, nella sorpresa generale, egli sceglie Giulio Andreotti (che neanche faceva parte della maggioranza del partito). Evidentemente, per Moro, era l&#8217;unico che potesse tentare un approccio con il Pci senza schiacciare tutti gli altri partiti e senza trasformare la Dc in un partito repubblicano di massa.<\/p>\n<p style=\"text-align: justify;\">Infatti Andreotti vara un governo con l&#8217;astensione del Pci, ma senza nessun compromesso ideologico: \u00abUna forte dose di pragmatismo antiemergenza\u00bb ha scritto Andreotti \u00abma con una precisa impostazione sui punti fermi della nostra collocazione internazionale: l&#8217;Alleanza atlantica e la Comunit\u00e0 europea. Se vi fossero dubbi in proposito avrei restituito senza esitazioni il mandato\u00bb.<\/p>\n<p style=\"text-align: justify;\">Cos\u00ec in tre anni di governo (con varie soluzioni) -dall&#8217;agosto &#8217;76 al giugno &#8217;79- l&#8217;Italia esce dal novero dei Paesi destinati allo sfascio. Il presidente Andreotti annota sul suo diario i risultati: la bilancia dei pagamenti da -2.300 a +5.000 miliardi di lire; la riserva valutaria da -1.000 miliardi a +15.549 miliardi di lire; gli scioperi ridotti da 286 a 154 miliardi di ore; risparmio postale da 3.000 a 5.000 miliardi di lire e quello bancario da 52.000 a 90.000 miliardi e l&#8217;inflazione dal 23% all&#8217;11,6% (novembre &#8217;78). Nel biennio 79-80 si ha in Italia un record d&#8217;investimenti e la crescita del Pnl \u00e8 inferiore solo a quella giapponese. Si usciva dunque dal tunnel.<\/p>\n<p style=\"text-align: justify;\">\u00abPurtroppo -osserva Andreotti nel 1981- la rottura di questa intesa di solidariet\u00e0 aveva fatto riprendere il cammino inverso a quello al quale si era protesi (inflazione sotto il 10%) ed oggi siamo di nuovo gradualmente arrivati ad un livello allarmante.<\/p>\n<p style=\"text-align: justify;\"><strong>Il superpartito contro Andreotti<\/strong><\/p>\n<div id=\"attachment_13678\" style=\"width: 133px\" class=\"wp-caption alignright\"><a href=\"https:\/\/www.rassegnastampa-totustuus.it\/cattolica\/wp-content\/uploads\/2014\/11\/Giulio-Andreotti.jpg\"><img loading=\"lazy\" decoding=\"async\" aria-describedby=\"caption-attachment-13678\" class=\"wp-image-13678\" src=\"https:\/\/www.rassegnastampa-totustuus.it\/cattolica\/wp-content\/uploads\/2014\/11\/Giulio-Andreotti.jpg\" alt=\"Giulio Andreotti\" width=\"133\" height=\"200\" \/><\/a><p id=\"caption-attachment-13678\" class=\"wp-caption-text\">Giulio Andreotti<\/p><\/div>\n<p style=\"text-align: justify;\">Appena varato il governo, il 4 settembre &#8217;76, L&#8217;Espresso di Scalfari esce con una copertina che promette rivelazioni clamorose: il nuovo presidente Andreotti \u00e8 il fantomatico \u00abAntelope Cobbler\u00bb del caso Lockheed. \u00abMi domando -annota Andreotti nel Diario- se si tratta solo di una mascalzonata giornalistica o se dietro ci sia una manovra per ottenere la caduta del governo&#8230;\u00bb.<\/p>\n<p style=\"text-align: justify;\">Fatto sta che quei documenti, di provenienza americana, sono cos\u00ec grossolanamente artefatti che la cosa cade nel ridicolo (si noti che <em>L&#8217;Espresso<\/em> li ha soffiati a <em>La Stampa<\/em> che era anch&#8217;essa interessata all&#8217;acquisto: sono gli stessi mesi in cui il giornale di Agnelli pubblica in esclusiva la notizia -anch&#8217;essa spacciata per americana- di finanziamenti Cia a Cl!).<\/p>\n<p style=\"text-align: justify;\">Comunque la sequenza e la provenienza degli attacchi \u00e8 impressionante. Dopo L&#8217;Espresso, il 13 ottobre \u00e8 il momento di Guido Carli, il 18 ottobre La Malfa e Amendola, il 18 novembre Umberto Agnelli (che, con un convegno all&#8217;Hilton, fonda nella Dc la sua corrente liberal e tecnocratica), il 20 novembre Fanfani e Visentini, e poi sempre e comunque, <em>La Repubblica.<\/em>..<\/p>\n<p style=\"text-align: justify;\">E&#8217; emblematico che proprio i teorici del patto fra produttori attacchino il governo (anche facendo leva sugli istinti anticomunisti della Dc moderata): evidentemente i guastafeste sono Moro e Andreotti, che sono riusciti a far saltare il progetto laicista di scardinamento del sistema dei partiti, tenendo insieme una coalizione di partiti cos\u00ec diversi, per realizzare i provvedimenti urgenti richiesti dall&#8217;emergenza. Per il Superpartito liberal era uno scacco gravissimo.<\/p>\n<p style=\"text-align: justify;\">Nel frattempo arriva poi un altro guastafeste. Il Psi, nell&#8217;estate del &#8217;76, \u00e8 ridotto al fantasma di se stesso (il 9%). De Martino teorizza addirittura il suicidio politico del partito. Per questo Scalfari sponsorizzava Giolitti, per la successione. Ma invece spunta Bettino Craxi, \u00abil tedesco del Psi\u00bb (dice subito La Repubblica). E&#8217; il giovane leader di una corrente dal nome significativo: Autonomia socialista.\u00a0Insomma \u00e8 un uomo di partito che vuol garantire la sopravvivenza del partito piuttosto che i piani delle lobby.<\/p>\n<p style=\"text-align: justify;\">Per i liberal, che avevano assegnato al Psi il ruolo di mosca cocchiera del Pci, \u00e8 un vero disastro. Craxi non ci sta, ed infatti si annuncia subito sparando a zero su Marx (contro cui rispolvera addirittura Proudhon). \u00abViva l&#8217;Italia\u00bb diventa il suo \u00abprogramma\u00bb. Proprio l&#8217;Italia viva e creativa disprezzata dai liberal: quella Craxi vorrebbe \u00abrappresentare\u00bb.<\/p>\n<p style=\"text-align: justify;\"><strong>Gli amerikani nella Dc<\/strong><\/p>\n<p style=\"text-align: justify;\">Ma chi sono dunque i liberal che dentro la Dc si oppongono ad Andreotti, soffiando sul fuoco dell&#8217;anticomunismo? Nel &#8217;77 riescono addirittura a coinvolgere certi ambienti d&#8217;Oltreoceano. Ad un convegno negli Usa, con Enzo Bettiza interviene Massimo De Carolis che denunzia \u00abtanto il machiavellismo di Moro e la realpolitik di Andreotti quanto l&#8217;ideologia baciapile di Comunione e liberazione&#8230; Moro e Andreotti cercano di congelare la dialettica interna al partito, perch\u00e9 non credono che forze nuove possano emergere\u00bb.<\/p>\n<p style=\"text-align: justify;\">De Carolis era un tecnocrate liberal, ma anticomunista (il suo nome comparve nell&#8217;elenco degli iscritti alla P2 e lui sment\u00ec. Peraltro fin dai primi documenti politici della loggia di Gelli l&#8217;avversario \u00e8 sempre individuato nella minaccia del Pci e dei clericali&#8230;\u00bb). \u00a0 Fino al 1980 le varie aree tecnocratiche si trovano coalizzate contro Moro e Andreotti. Nel 1980, dopo la sconfitta di Andreotti, l&#8217;Italia \u00e8 in mano ai potentati economici e finanziari (i partiti sono impotenti e sconfitti): si prepara il grande scontro interno al Palazzo, fra le varie fazioni&#8230;<\/p>\n<p style=\"text-align: justify;\"><strong>Il caso Moro<\/strong><\/p>\n<p style=\"text-align: justify;\">Tuttavia ci\u00f2 che rese possibile questa vittoria \u00e8 stata la \u00abpuntuale\u00bb eliminazione di Moro da parte delle Br. Il 1978 era cominciato con il solito tiro incrociato contro Andreotti. Da una parte il Pci, ben istigato, che spingeva per entrare nel governo. Dall&#8217;altra, nella Dc, Rossi di Montelera (gruppo De Carolis) raccoglie firme contro questa ipotesi e Donat-Cattin, in una intervista a<em> La Repubblica<\/em>, minacciava catastrofi per quell&#8217;eventualit\u00e0. Tengono bordone -annota Andreotti- anche <em>l&#8217;Avvenire<\/em>, la <em>Civilt\u00e0 Cattolica<\/em> e <em>l&#8217;Osservatore<\/em> (ma quello della domenica).<\/p>\n<p style=\"text-align: justify;\">Scrive ancora Andreotti: \u00abQualche tentativo di bloccare il nostro difficile iter arriva perfino a rivolgersi al Papa. La risposta \u00e8 secca: &#8216;Ma quali garanzie hanno pi\u00f9 di Andreotti? Lo lascino lavorare&#8217;\u00bb.<\/p>\n<p style=\"text-align: justify;\">L&#8217;11 gennaio il capogruppo del Pci dice che se cade Andreotti verr\u00e0 La Malfa. Tre giorni dopo La Malfa in una intervista indica Fanfani come \u00abil pi\u00f9 consapevole della situazione di emergenza\u00bb e propone per tutti i partiti (Pci compreso) un patto sociale come quello dei laburisti in Inghilterra. Il 22 gennaio anche Amendola (avamposto liberal nel Pci) attacca Andreotti. Ma Moro impone di nuovo il suo nome, e su Andreotti (oltre al solito Scalfari) spara adesso anche la Confindustria (Carli il 22 febbraio su <em>La Repubblica<\/em> e Savona su <em>Panorama<\/em> del 28 febbraio).<\/p>\n<p style=\"text-align: justify;\">E alla riunione dei gruppi parlamentari, il 28 febbraio &#8217;78, che Moro pronuncia il suo ultimo discorso, il suo testamento politico. E&#8217; una difesa decisa del lavoro fatto con Andreotti contro l&#8217;attacco scatenato dal \u00abgruppo dei Cento\u00bb.<\/p>\n<p style=\"text-align: justify;\"><em>La Repubblica<\/em> del 25 febbraio &#8217;78 sponsorizza questo gruppo che si apprestava a dar battaglia: \u00abE&#8217; evidente l&#8217;incontro fra le loro idee e quelle neoliberiste di Guido Carli, quelle sul ruolo dell&#8217;impresa sviluppate da Agnelli, quelle che animano le nuove leve imprenditoriali\u00bb. Come poi accadr\u00e0 al Congresso del 1980 costoro attaccano il governo Andreotti in apparenza proponendo un ritorno al pentapartito (e quindi solleticando i moderati nella Dc), ma in realt\u00e0 con il proposito di ridurre la scena al bipolarismo Dc\/Pci.<\/p>\n<p style=\"text-align: justify;\">Infatti proprio in quei giorni di febbraio del &#8217;78, un loro nume tutelare, Umberto Agnelli, dichiarer\u00e0: \u00abDopo dovremo trovare una formula che differenzi molto la maggioranza dalla minoranza&#8230; Io non escluderei che un partito (il Pci) che ha il 35% dell&#8217;elettorato possa essere una reale alternativa in Italia&#8230; Cos\u00ec sia pure nella profonda differenza fra noi e loro quella alternativa ci sar\u00e0\u00bb. Ma in quel febbraio &#8217;78, per il Superpartito, Moro stava davvero diventando un ostacolo storico.<\/p>\n<p style=\"text-align: justify;\">Scalfari cerca di istigare il Pci: \u00abPerci\u00f2 il momento di concludere \u00e8 arrivato per tutti. La strategia di Moro e della Dc \u00e8 chiarissima: la carota della maggioranza e il bastone di un programma di parte. E&#8217; venuto il tempo di rompere questo gioco\u00bb (24.2.78). Varato il nuovo governo Andreotti, dove il Pci fa parte della maggioranza, Moro diventa il naturale successore di Leone alla presidenza della Repubblica. E per il Superpartito liberal \u00e8 una prospettiva disastrosa.<\/p>\n<p style=\"text-align: justify;\">Cos\u00ec proprio per il 16 marzo, il giorno in cui il nuovo governo Andreotti\/Moro doveva presentarsi alle Camere,<em> La Repubblica<\/em> esce con una sparata tanto assurda quanto clamorosa: Moro sarebbe \u00abAntelope Cobbler\u00bb (la stessa sparata de <em>L&#8217;Espresso<\/em> contro Andreotti, nel &#8217;76).<\/p>\n<p style=\"text-align: justify;\">Un tragico destino vuole che proprio quella stessa mattina le Br realizzino il pi\u00f9 radicale e perverso attacco alla democrazia italiana: rapito Moro e uccisi gli uomini della scorta. La Repubblica viene precipitosamente ritirata dalle edicole. La conclusione di questo dramma che sconvolge il Paese \u00e8 la uccisione di Moro. Mille sono state le ipotesi su retroscena, protagonisti, coinvolgimenti, mandanti&#8230; Il 20 settembre &#8217;78 sul Diario di Andreotti si legge: \u00abA New York una scritta: Moro = Andreotti \u00e8 segnalata dai Servizi ai nostri. Il Sismi mi dice anche che fonte degna di fede anticipa attentati delle Br contro me e Craxi\u00bb. Oggettivamente le Br, eliminando Moro, hanno fatto il gioco del Superpartito liberal. Del resto anche per i brigatisti rossi e neri il primo obiettivo era l&#8217;abbattimento del sistema dei partiti.<\/p>\n<p style=\"text-align: justify;\"><strong><a href=\"https:\/\/www.rassegnastampa-totustuus.it\/cattolica\/wp-content\/uploads\/2014\/11\/agguato_Moro.jpg\"><img loading=\"lazy\" decoding=\"async\" class=\"aligncenter wp-image-13679 size-medium\" src=\"https:\/\/www.rassegnastampa-totustuus.it\/cattolica\/wp-content\/uploads\/2014\/11\/agguato_Moro-300x127.jpg\" alt=\"agguato_Moro\" width=\"300\" height=\"127\" srcset=\"https:\/\/www.rassegnastampa-totustuus.it\/cattolica\/wp-content\/uploads\/2014\/11\/agguato_Moro-300x127.jpg 300w, https:\/\/www.rassegnastampa-totustuus.it\/cattolica\/wp-content\/uploads\/2014\/11\/agguato_Moro.jpg 344w\" sizes=\"auto, (max-width: 300px) 100vw, 300px\" \/><\/a><\/strong><\/p>\n<p style=\"text-align: justify;\"><strong>Uno strano testamento<\/strong><\/p>\n<p style=\"text-align: justify;\">Poi il 14 ottobre accade uno strano episodio (oggi dimenticato). Eugenio Scalfari da mesi stava istigando il Pci contro Andreotti. Cos\u00ec quel giorno esce <em>La Repubblica<\/em> con una rivelazione che lascia di sasso tutti gli ambienti politici. Scalfari afferma di essere il depositario di una sorta di testamento morale e politico che Moro gli avrebbe affidato il 18 febbraio 1978 con la raccomandazione di tacere, \u00abalmeno per il momento\u00bb.<\/p>\n<p style=\"text-align: justify;\">Come e perch\u00e9 Moro abbia deciso di confidarsi proprio con il suo pi\u00f9 acerrimo accusatore, Scalfari non lo spiega (al tempo del processo alla Dc intentato dai liberal per il caso Lockheed, Scalfari aveva scritto: \u00abPer tutte queste ragioni, onorevole Moro, lei ha cessato da tempo, per quanto mi riguarda, di essere moralmente credibile\u00bb).<\/p>\n<p style=\"text-align: justify;\">Scalfari dice che dopo aver mantenuto la consegna del silenzio fino a quel momento \u00abse continuassi a tenere per me quei pensieri e quelle parole mi sembrerebbe un tradimento. E&#8217; singolare che Scalfari sfoderi questo sorprendente documento proprio alla vigilia di un dibattito parlamentare sul caso Moro, e soprattutto alla vigilia di una importante verifica del presidente del Consiglio Andreotti con il Pci.<\/p>\n<p style=\"text-align: justify;\">Ecco infatti le dichiarazioni postume di Moro: \u00abIl Pci pu\u00f2 fin d&#8217;ora essere associato al governo -avrebbe detto a Scalfari- insieme a noi e alle altre forze democratiche. Questo \u00e8 possibile. Questo anzi \u00e8 necessario&#8230; Di una cosa possiamo essere certi: non c&#8217;\u00e8 pi\u00f9 sicuro alleato del Pci per una politica di distensione internazionale&#8230; e dopo la fase dell&#8217;emergenza si aprir\u00e0 quella dell&#8217;alternanza&#8230; Non \u00e8 affatto un bene che il mio partito sia il pilastro essenziale di sostegno della democrazia italiana. Noi governiamo da 30 anni questo Paese. Lo governiamo in stato di necessit\u00e0 perch\u00e9 non c&#8217;\u00e8 mai stata la possibilit\u00e0 di un ricambio&#8230; Resta il fatto che la nostra democrazia \u00e8 zoppa fino a quando lo stato di necessit\u00e0 durer\u00e0\u00bb.<\/p>\n<p style=\"text-align: justify;\">Era una vera bomba. Perch\u00e9 qui Moro si rivelava un \u00abbipolarista\u00bb accanito proprio nei giorni (febbraio &#8217;78) in cui tutta la stampa liberal -a partire da <em>La Repubblica- l<\/em>o accusava del contrario perch\u00e9 stava tessendo fra i partiti la tela dell&#8217;accordo.<\/p>\n<p style=\"text-align: justify;\">Peccato che Moro, essendo morto, non ha mai potuto n\u00e9 confermare n\u00e9 smentire le rivelazioni scalfariane. D&#8217;altronde quelle espressioni non facevano parte del levigato lessico moroteo, mentre emanano un deciso sapore scalfariano. Il bersaglio di quella intervista postuma era chiaramente Andreotti, che veniva cos\u00ec messo in difficolt\u00e0 con i comunisti.<\/p>\n<p style=\"text-align: justify;\">D&#8217;altra parte restano delle perplessit\u00e0 inquietanti su questo episodio. Perch\u00e9 mai, ad esempio, solo sei giorni dopo il presunto misterioso colloquio, che sarebbe avvenuto il 18 febbraio, Scalfari accusava pesantemente Moro come se non avesse mai parlato con lui? (scriveva: \u00abIl momento di concludere \u00e8 arrivato per tutti. La strategia di Moro e della Dc \u00e8 chiarissima: la carota della maggioranza e il bastone di un programma di parte. E&#8217; venuto il tempo di rompere questo gioco\u00bb).<\/p>\n<p style=\"text-align: justify;\">Claudio Mauri, in un suo libro dedicato al pi\u00f9 temuto giornalista italiano (<em>Il Cittadino Scalfari<\/em>, editore Sugarco) pubblica anche due articoli di Moro scritti esattamente nei giorni del presunto colloquio con Scalfari (e poi apparsi su Il Giorno e L&#8217;Unit\u00e0) in cui Moro sostiene l&#8217;esatto contrario.<\/p>\n<p style=\"text-align: justify;\">Ma c&#8217;\u00e8 un altro sorprendente particolare che lascia di stucco. Scalfari, pubblicando l&#8217;intervista postuma il 14 ottobre &#8217;78 dice che il colloquio risale appunto al 18 febbraio e spiega: \u00abNon ci vedevamo da quando nella primavera del &#8217;68&#8230;\u00bb. Dieci anni dunque. Ma qualcosa non torna (quel 18 febbraio fra l&#8217;altro era il giorno in cui mor\u00ec la mamma di Scalfari).<\/p>\n<p style=\"text-align: justify;\">Proprio il 4 febbraio del &#8217;78, lo stesso Scalfari, sul suo giornale, presentando una conversazione con Moro scrive: \u00abQualche settimana fa l&#8217;ho incontrato, dopo un lungo periodo di tempo&#8230;\u00bb. Inutile poi dire che il contenuto di questa conversazione pubblicata con Moro ancora vivo, non contiene nessuna delle clamorose affermazioni della confessione postuma. Ma piuttosto la vera grande intuizione di Moro: \u00abHo sempre avuto l&#8217;angoscia dei margini troppo stretti dell&#8217;area democratica&#8230;\u00bb.<\/p>\n<p style=\"text-align: justify;\">Un&#8217;idea esattasnente opposta a quella \u00abbipolare\u00bb, l&#8217;idea della valorizzazione di tutti i partiti (che gi\u00e0 anni prima aveva portato al centrosinistra). &#8220;&#8230; certamente la P2 aveva tra i suoi scopi il far fuori la DC di Zaccagnini e di Moro&#8230;&#8221; (Tina Anselmi, presidente della commissione parlamentare d&#8217;inchiesta sulla loggia massonica P2. Intervista rilasciata a Panorama. &#8220;Tutti gli uomini chiave che dirigevano le operazioni di polizia giudiziaria nel rapimento Moro erano della P2&#8221;. Trasmissione Rai 2 Il testimone, mercoled\u00ec 13 aprile 1988.<\/p>\n<p style=\"text-align: justify;\">Ma dunque come si spiegano queste \u00abdimenticanze\u00bb di Scalfari? Non si spiegano. Non a caso tutti i partiti (soprattutto il Pci) accolgono le rivelazioni di Scalfari -che dovevano scatenare il finimondo- con diffidenza e disagio. Nessuno volle parlarne. E Scalfari si \u00e8 guardato bene dal chiarire tutti gli inquietanti interrogativi.<\/p>\n<p style=\"text-align: justify;\">Si pu\u00f2 solo osservare che quelle dichiarazioni sembravano calibrate apposta per mettere in crisi il governo Andreotti. E poi Scalfari \u00e8 arrivato a sostenere -nell&#8217;ultimo libro (<em>La sera andavamo in via Veneto<\/em>, edizioni Mondadori, pag. 246)- che nel &#8217;77-&#8217;78 sia Moro che Andreotti aspiravano al Quirinale e dunque che la sparizione di Moro sarebbe stata un terno al lotto per Andreotti. In verit\u00e0 i fatti dicono l&#8217;esatto contrario: la sparizione di Moro fu ci\u00f2 che permise la sconfitta di Andreotti, e la vittoria del capitale laicista.<\/p>\n<p style=\"text-align: justify;\">Del resto il libro di Scalfari contiene un altro elemento strano: un brano di quella intervista postuma. Ma quel brano nell&#8217;intervista postuma del 14 ottobre &#8217;78 non c&#8217;\u00e8! Scalfari, infatti, riporta nel libro questa presunta citazione: \u00abSono contrario al compromesso storico vagheggiato da Berlinguer. I nostri sono due partiti alternativi e tali debbono restare. Ma la ricostruzione dello Stato in termini moderni non pu\u00f2 che essere fatta insieme.<\/p>\n<p style=\"text-align: justify;\">La societ\u00e0 italiana non reggerebbe al trauma di un&#8217;operazione di cos\u00ec enorme portata se entrambe le due grandi forze popolari non fossero associate all&#8217;impresa. Dopo, ciascuno riprender\u00e0 la sua strada. Io non mi dispero affatto che la Dc per alcuni anni possa stare all&#8217;opposizione. Anzi me lo auguro, perch\u00e9 la Dc deve rigenerarsi\u00bb.<\/p>\n<p style=\"text-align: justify;\">Se l&#8217;intervista postuma del 14.10.78 sembrava fatta a puntino per dare addosso ad Andreotti, queste dichiarazioni, pubblicate da Scalfari in un libro dell&#8217;85-&#8217;86 (facendo finta di averle gi\u00e0 pubblicate), sono identiche a ci\u00f2 che, proprio fra l&#8217;85 e l&#8217;86, De Mita andava dicendo ai quattro venti, per mettere in difficolt\u00e0 il governo Craxi: ovvero riforme istituzionali con il Pci (\u00abla ricostruzione dello Stato in termini moderni&#8230;\u00bb) e poi alternanza bipolare fra Dc e Pci (con gli altri partiti come mosche cocchiere di questa o quello).<\/p>\n<p style=\"text-align: justify;\">16 marzo 1978. In via Fani un commando delle Brigate Rosse rapisce Aldo Moro. Il 9 maggio il cadavere del presidente della DC verr\u00e0 fatto ritrovare in via Caetani. Nel febbraio di quell&#8217;anno Eugenio Scalfari scriveva: &#8220;La strategia di Moro e della DC \u00e8 chiarissima, la carota della maggioranza e il bastone di un programma di parte. E&#8217; venuto il momento di rompere questo gioco&#8221;.<\/p>\n<div id=\"attachment_13680\" style=\"width: 209px\" class=\"wp-caption alignright\"><a href=\"https:\/\/www.rassegnastampa-totustuus.it\/cattolica\/wp-content\/uploads\/2014\/11\/Moro_Br.jpg\"><img loading=\"lazy\" decoding=\"async\" aria-describedby=\"caption-attachment-13680\" class=\"wp-image-13680 size-full\" src=\"https:\/\/www.rassegnastampa-totustuus.it\/cattolica\/wp-content\/uploads\/2014\/11\/Moro_Br.jpg\" alt=\"Moro_Br\" width=\"209\" height=\"242\" \/><\/a><p id=\"caption-attachment-13680\" class=\"wp-caption-text\">Aldo Moro ostaggio delle Br<\/p><\/div>\n<p style=\"text-align: justify;\">Fatto sta che, scomparso Moro, l&#8217;istigazione di Scalfari verso il Pci ebbe finalmente successo: \u00abDal &#8217;79 in poi\u00bb racconta Scalfari \u00abla questione morale ha preso il posto del compromesso storico nell strategia berlingueriana. Quella \u00e8 stata secondo me la svolta ti fondo, nella evoluzione del Pci&#8230; In questi dieci anni\u00bb conclude \u00abil nostro gruppo di opinione e soprattutto le testate giornalistiche che lo rappresentano, <em>La Repubblica, L&#8217;Espresso<\/em> e <em>Panorama<\/em>, ha adempiuto egregiamente, per la sua parte, al ruolo di &#8216;laicizzare&#8217; la chiesa comunista\u00bb.<\/p>\n<p style=\"text-align: justify;\">E&#8217; un brano rivelatore. Il grande cavallo di battaglia \u00e8 proprio lo spauracchio dello scandalismo: la questione morale viene da loro contrabbandata come la degenerazione del sistema dei partiti, che va dunque \u00abriforrnata\u00bb. (Ma lungi da loro per esempio l&#8217;idea di &#8216;moralizzare&#8217; la finanza o la Grande Industria).<\/p>\n<p style=\"text-align: justify;\">Il tam tam si far\u00e0 assordante verso il 1980 grazie anche ai giornali del gruppo Rizzoli (controllato da Gelli): la via d&#8217;uscita che questi indicavano doveva essere una sorta di golpe istituzionale che portasse al governo dei tecnici (cos\u00ec Visentini sul Corriere), o alla Repubblica presidenziale (il programma della P2), tappe intermedie verso la costruzione del bipartitismo perfetto. (Il governo degli onesti vagheggiato dal Pci con la svolta di Salerno d\u00e0 la misura del dominio ideologico che i liberal esercitavano sul Pci dell&#8217;ultimo Berlinguer). Nella primavera del &#8217;79 infatti -quando il Pci abbandona il governo Andreotti- si concentra la svolta.<\/p>\n<p style=\"text-align: justify;\"><strong>La massoneria all&#8217;opera<\/strong><\/p>\n<p style=\"text-align: justify;\">Il 30 marzo &#8217;79 in Senato viene bocciato l&#8217;estremo tentativo di Andreotti (sarebbe il 5\u00b0 governo), ma \u00abci\u00f2 che ha pi\u00f9 colpito gli ascoltatori\u00bb secondo il cronista de La Repubblica \u00ab\u00e8 stata l&#8217;assoluta differenza di tono e di impostazione fra il discorso pronunciato dal capogruppo dei senatori dc, il fanfaniano Bartolomei, e quello Successivo del presidente del Consiglio. Una prova palpabile della profonda frattura che oggi percorre tutta la Dc\u00bb.<\/p>\n<p style=\"text-align: justify;\">Il 12 giugno, Giampaolo Pansa intervista uno \u00abstretto collaboratore di Zaccagnini\u00bb. Non ne fa il nome, perch\u00e9 costui va gi\u00f9 diro: \u00abC&#8217;\u00e8 un disegno che parte da lontano -spiega- e con due l&#8217;obbiettivi: quello immediato \u00e8 far fuori la segreteria Zaccagnini. Poi verr\u00e0 il tentativo pi\u00f9 grosso, distruggere la Dc come partito popolare per trasformarla in un raggruppamento laico moderato&#8230;\u00bb.<\/p>\n<p style=\"text-align: justify;\">Una congiura insomma -chiede Pansa- e di chi? \u00abTanto per cominciare autorevoli personaggi del grande capitale: per esempio, Umberto Agnelli. Poi la massoneria. Quindi certi palazzinari. E poi ancora Eugenio Cefis&#8230; Si, proprio lui! E&#8217; stato in attivit\u00e0 per tutta la campagna elettorale a favore dei Cento, dei bisagliani, dei fanfaniani duri, di tutti quelli che sono contro di noi. Del resto basta vedere quanto \u00e8 accaduto in Confindustria prima del 3 giugno. Di solito, alla vigilia di ogni campagna, la Confindustria stabiliva di dare dei contributi ai partiti democratici. Questa volta \u00e8 intervenuto Agnelli e ha detto: alt! Niente soldi alla Dc, finanziamo solo i candidati che diciamo noi, liberali, bisagliani, destra dc (quelli che si erano opposti al Moro-Andreotti, ndr)&#8230; Ma quello che demoralizza -prosegue l&#8217;esponente dc- \u00e8 il conformismo dei giornali&#8230; Del resto la Sipra \u00e8 in mano ai fantasmi e Rizzoli sta con la grande destra\u00bb (a quel tempo non si sapeva ancora della P2: ma \u00e8 notevole registrare il concerto unanime della stampa, a partire da quella &#8216;gelliana&#8217;, per la liquidazione di Zaccagnini e Andreotti).<\/p>\n<p style=\"text-align: justify;\">Pochi mesi dopo, infatti, il 20 febbraio 1980, la Dc, scaricato Andreotti, destituir\u00e0 anche Zaccagnini, cambiando maggioranza. Venne eletto Piccoli solo perch\u00e9 poteva garantire l&#8217;unit\u00e0 del partito nella fase di transizione (Piccoli era accettato anche da Zaccagnini, pi\u00f9 di Forlani che era stato proposto da Andreotti).<\/p>\n<p style=\"text-align: justify;\">Ma transizione verso cosa? La prospettiva -per quelle lobbies che vollero questa svolta nella Dc- era rappresentata da colui che fu eletto vicesegretario di Piccoli, Ciriaco De Mita (non a caso, nella recente intervista a Panorama, Andreotti sostiene che De Mita \u00abha in mano la Dc da otto anni\u00bb, cio\u00e8 proprio dal 1979). La stampa per anni ha continuato a dire che il Congresso del preambolo (1980) fu una grave svolta moderata e uno stop al rinnovamento. Ma non ha mai spiegato perch\u00e9 proprio da l\u00ec cominci il processo che porter\u00e0 De Mita al vertice della segreteria.<\/p>\n<p style=\"text-align: justify;\">Non a caso proprio De Mita considera invece quel Congresso un momento in cui \u00abil rinnovamento \u00e8 andato avanti&#8230; (anche se) la scelta di Piccoli pu\u00f2 essere apparsa contraddittoria rispetto al processo in corso e anche se, nel 1980, vince lo schieramento contrapposto a quello guidato da Zaccagnini\u00bb (cfr. <em>Intervista sulla Dc<\/em>, a cura di Arrigo Levi, Laterza).<\/p>\n<p style=\"text-align: justify;\">La segreteria Piccoli \u00e8 solo una fase di transizione, per preparare l&#8217;era De Mita (proprio in quei mesi del resto Piccoli denuncer\u00e0 sotterranee manovre massoniche contro la Dc). E&#8217; significativo che i due vincitori di quel Congresso, Donat Cattin (ideatore del preambolo) e Piccoli (che ne usc\u00ec segretario) siano oggi fra i pi\u00f9 decisi oppositori della segreteria De Mita.<\/p>\n<p style=\"text-align: justify;\">Il ritorno al pentapartito, deciso al Congresso dell&#8217;80, \u00e8 stato infatti poi utilizzato da De Mita per affermare il disegno bipolare. Del resto De Mita proprio nel gennaio 1980 (alla vigilia della sua elezione alla vice-segreteria), con una serie di interviste a La Repubblica aveva rassicurato sui suoi programmi futuri i suoi sponsor liberal: Bisogna trovare un accordo sui problemi (istituzionali) fra tutti i partiti costituzionali (cio\u00e8 con il Pci, ndr).<\/p>\n<p style=\"text-align: justify;\">Una volta trovato l&#8217;accordo, il governo pu\u00f2 essere fatto o dalla Dc con i partiti laici e socialisti, o dal Pci con i partiti laici e socialisti. Questo lascerebbe distinti i ruoli della Dc e del Pci nella societ\u00e0 e preparerebbe l&#8217;alternanza\u00bb (\u00e8 la stessa idea di Umberto Agnelli&#8230;). In sostanza, rivisto in prospettiva storica, tutta la maggioranza del preambolo lavor\u00f2 per il re di Prussia.<\/p>\n<p style=\"text-align: justify;\">De Mita fu il vero architetto della strategia del 1980. Fu De Mita a convincere Piccoli a restare ancora segretario, nell&#8217;81, perch\u00e9 gestisse, nel novembre, l&#8217;Assemblea degli esterni (ispirati da padre Sorge), dove peraltro fu decisa la cancellazione delle correnti e l&#8217;elezione diretta del segretario (caldeggiata con zelo dall&#8217;onorevole De Mita, che in forza di questa -negli anni della sua segreteria- compir\u00e0 un vero colpo di mano, commissariando tutto il partito).<\/p>\n<p style=\"text-align: justify;\">Finch\u00e9 arriva il De Mita-day salutato dall&#8217;entusiasmo di Scalfari. Quasi nessuno, dentro la Dc, si rese conto che per la prima volta la Dc cadeva nelle mani di forze esterne alla Dc. E&#8217; stato proprio Scalfari a raccontare a Epoca (19.12.86), compiaciuto e soddisfatto, come fin dai primi giorni dopo l&#8217;elezione, il nuovo segretario De Mita, anche per nomine importanti, perfino per la vicesegreteria del partito (Mazzotta) o la presidenza dell&#8217;Iri (Prodi), abbia consultato non i leader del partito, ma lui, Scalfari.<\/p>\n<p style=\"text-align: justify;\">Del resto \u00e8 emblematico che negli stessi giorni del Congresso in cui doveva essere eletto segretario, il 5 maggio &#8217;82, De Mita si sia incontrato, in una villa attigua al palazzetto dove si svolgeva il Congresso, con personaggi davvero sorprendenti: Carlo Caracciolo (editore de <em>La Repubblica<\/em> e de <em>L&#8217;Espresso<\/em> e cognato di Gianni Agnelli), Flavio Carboni (inquisito per la sparizione di Roberto Calvi di cui era \u00abcollaboratore, nonch\u00e9 socio di Caracciolo ne<em> La Nuova Sardegna<\/em> e ne <em>L&#8217;Espresso<\/em>) e Armando Corona (il nuovo Gran Maestro della massoneria di Palazzo Giustiniani, la stessa che ha prima osannato e poi scaricato Licio Gelli).<\/p>\n<p style=\"text-align: justify;\">L&#8217;episodio \u00e8 raccontato per filo e per segno nel recentissime libro di Corona; il quale si \u00e8 giustificato scrivendo che l&#8217;incontro serv\u00ec \u00abper prendere un caff\u00e8 e scambiare brevi parole\u00bb.<\/p>\n<p style=\"text-align: justify;\"><strong>La svolta<\/strong><\/p>\n<p style=\"text-align: justify;\">Ma la vera svolta risale al &#8217;79, alla caduta di Andreotti. Il 1980 segna infatti il collasso dei partiti ed il dilagare delle varie fazioni del potere finanziario laicista. Il 5 ottobre &#8217;80 si verifica un episodio che al momento non fu compreso in tutta la sua portata. <em>Il Corriere della Sera<\/em> pubblica in terza pagina una lunga intervista a tal Gelli Licio \u00abcapo indiscusso della pi\u00f9 potente loggia massonica denominata Propaganda 2, P2\u00bb (a Torino esisteva una loggia Propaganda 1, \u00aballa quale\u00bb come spiega Piazzesi \u00absi erano iscritti alcuni fra i personaggi pi\u00f9 eminenti di quella citt\u00e0\u00bb).<\/p>\n<p style=\"text-align: justify;\">Gelli -guarda caso- nell&#8217;intervista in questione, realizzata da Maurizio Costanzo (iscritto alla P2) sul giornale di Rizzoli, Di Bella e Tassan Din (anch&#8217;essi P2) spar\u00f2 a zero sui sindacati, contro lo Statuto dei lavoratori, propose una completa revisione istituzionale, attaccando ferocemente tutti i partiti (e dileggiando i politici) che sarebbero inetti, corrotti e meschini.<\/p>\n<p style=\"text-align: justify;\">Per tutto il 1980 l&#8217;attacco ai partiti e alla politica come causa di sfacelo e corruzione cresce a dismisura. Con il novembre 1980 la parola d&#8217;ordine assordante \u00e8: questione morale. Il Corriere della Sera (di Gelli) lancia ogni giorno dalla prima pagina clamorose denunce di corruzione dei partiti, ma anche La Repubblica tiene il passo. (Sul fronte comunista e cattolico molti \u00abutili idioti\u00bb, agitano anch&#8217;essi la bandierina candida della questione morale).<\/p>\n<p style=\"text-align: justify;\">Con il terremoto in Irpinia, il 22 novembre 1980, si scatena il pi\u00f9 grave attacco al sistema dei partiti, accusati di totale inettitudine. I due giornali di Rizzoli e Scalfari riescono a portare il terremoto anche nella Roma politica amplificando strumentalmente certe intemperanze di Pertini in visita in Irpinia (singolare, alcuni anni dopo, questo passo di Scalfari: \u00abPertini \u00e8 stato insomma un contropotere anzich\u00e9 il coordinatore e il regolatore degli altri poteri&#8230; S&#8217;\u00e8 detto che, insieme al segretario generale Antonio Maccanico, fossi io l&#8217;altro consigliere ascoltato dal presidente, buon suggeritore secondo alcuni, tessitore di trame secondo altri. Naturalmente \u00e8 tutto radicalmente inventato\u00bb).<\/p>\n<p style=\"text-align: justify;\">Tenevano bordone a Pertini, Leo Valiani, Romano Prodi (attuale presidente Iri) e anche Alberto Cavallari che arriva ad esaltare il \u00abpresidenzialismo\u00bb che di fatto si sarebbe realizzato con Pertini.<\/p>\n<p style=\"text-align: justify;\">I1 3 dicembre il <em>Corriere della Sera<\/em> titola in prima pagina: \u00abDc: oltre 100 deputati chiedono pulizia nel partito\u00bb. E l&#8217;articolo di Albergo Sensini, anch&#8217;egli nelle liste di Gelli (ma ha smentito) spiega che in quell&#8217;appello \u00abcompaiono alcuni peones che in piena segreteria Zaccagnini si batterono con coraggio per spezzare le eterne oligarchie&#8230; vi compaiono poi alcuni degli hiltoniani, quelli che per una breve stagione sognarono una Dc liberal-democratica e fecero capo a Umberto Agnelli e al gruppetto degli intellettuali dell&#8217;Arel (Andreatta) &#8230; quest&#8217;opera di moralizzazione \u00e8 un&#8217;iniziativa lodevole\u00bb concludeva compiaciuto Sensini.<\/p>\n<p style=\"text-align: justify;\">Per fronteggiare l&#8217;emergenza economica e terroristica il <em>Corriere della Sera<\/em> e <em>La Repubblica<\/em> hanno un piano, si chiama Bruno Visentini. Per tutto il dicembre &#8217;80 \u00e8 un gran tam tam sulla sua proposta di \u00abun governo dei tecnici\u00bb. Il 14 dicembre ecco il <em>Corriere<\/em> in prima pagina: \u00abPer Visentini \u00e8 diventata soffocante la stretta dei partiti sullo Stato\u00bb.<\/p>\n<p style=\"text-align: justify;\">Il 18 dicembre Sensini sviluppa la proposta Visentini sostenendo la necessit\u00e0 di un governo forte (quasi &#8216;presidenziale&#8217;). Il 23 il Corriere dedica la prima pagina ad una intervista al leader dei liberal, al Grande Borghese per eccellenza: \u00abVisentini: un governo di capaci con o senza tessera di partito\u00bb.<\/p>\n<p style=\"text-align: justify;\">In certi salotti politici comincia a prender quota la candidatura Visentini. In occasione della consegna di un premio all&#8217;Accademia dei Lincei, secondo alcuni giornali, Visentini dice a Pertini \u00abPresidente, pensavo che mi consegnasse qualche altra cosa e mi desse un incarico!\u00bb. La candidatura \u00e8 vivamente caldeggiata da <em>Corriere<\/em> e <em>Repubblica <\/em>che soffiano sul fuoco dell&#8217;emergenza additando lo sfascio e la catastrofe imminente per colpa dei partiti.<\/p>\n<div id=\"attachment_13681\" style=\"width: 250px\" class=\"wp-caption alignright\"><a href=\"https:\/\/www.rassegnastampa-totustuus.it\/cattolica\/wp-content\/uploads\/2014\/11\/strage-Bologna-1980.jpg\"><img loading=\"lazy\" decoding=\"async\" aria-describedby=\"caption-attachment-13681\" class=\"wp-image-13681\" src=\"https:\/\/www.rassegnastampa-totustuus.it\/cattolica\/wp-content\/uploads\/2014\/11\/strage-Bologna-1980.jpg\" alt=\"strage Bologna 1980\" width=\"250\" height=\"169\" \/><\/a><p id=\"caption-attachment-13681\" class=\"wp-caption-text\">la stazione di Bologna devastata da una esplosione<\/p><\/div>\n<p style=\"text-align: justify;\">Ad alimentare questa feroce campagna catastrofista, per tutto il 1980, si ha una spettacolare e sospetta escalation del terrorismo nero e rosso. Il primo culmina nell&#8217;attentato alla stazione di Bologna, nell&#8217;agosto 1980.<\/p>\n<p style=\"text-align: justify;\">Il secondo nel sequestro del giudice D&#8217;Urso, una vicenda che spaccher\u00e0 il Paese e far\u00e0 epoca. La polemica sul black-out nei confronti dei proclami dei terroristi diventa incandescente c&#8217;\u00e8 in gioco la vita del magistrato. E nel caso egli venga assassinato per il fronte della fermezza sarebbe il momento propizio per chiedere un &#8216;governo forte&#8217;.<\/p>\n<p style=\"text-align: justify;\">Sul fronte della fermezza sono schierati ovviamente con decisione, anche i liberal scalfariani (ma come si sa con la liberazione di D&#8217;Urso si sgonfi\u00f2 l&#8217;armata della &#8216;fermezza&#8217;&#8230;).<\/p>\n<p style=\"text-align: justify;\">Il 1980 comunque vede venire alla luce quella convergenza tra i tre pi\u00f9 forti gruppi di potere: 1) la P2 di Gelli, che controlla i giornali del gruppo Rizzoli, l&#8217;Ambrosiano con annessi e connessi, e alte sfere della burocrazia dello Stato, dell&#8217;esercito e dei servizi segreti; 2) il gruppo Agnelli -la pi\u00f9 grossa concentrazione di potere industriale e finanziario del Paese- con giornali, Confindustria, Mediobanca eccetera, 3) De Benedetti, Caracciolo, Scalfari, con particolari agganci nella tecnostruttura di Bankitalia e altri importanti centri finanziari.<\/p>\n<p style=\"text-align: justify;\">E fra 1977 e 1980 sono innumerevoli i patti, le liti, gli accordi stipulati per i comuni interessi (vedi gli Atti della Commissione d&#8217;inchiesta sulla P2 per il patto Rizzoli-Scalfari-Caracciolo). Ma queste tre grandi lobbies, che nel 1980 sono ormai padrone assolute della piazza, con i partiti ridotti a fantasmi di se stessi (o &#8216;burattini&#8217; di molti burattinai), stanno ormai per scatenare la guerra per l&#8217;egemonia.<\/p>\n<p style=\"text-align: justify;\"><strong>Gelli dal Corriere, spara a zero contro i partiti<\/strong><\/p>\n<p style=\"text-align: justify;\">Perdente sar\u00e0 la fazione che non ha pi\u00f9 coperture internazionali, la P2, il cui Gran Maestro era stato fra i pochi italiani invitati all&#8217;insediamento di Carter. \u00abSi tratta di capire perch\u00e9\u00bb ha scritto Giorgio Galli \u00abdopo tante repliche trionfali sino all&#8217;inverno 1980, si verifica il crollo del 17 marzo 1981 (la perquisizione della villa di Gelli ed il ritrovamento degli elenchi, ndr)&#8230; Ancora una voltai spiega Galli \u00abla risposta va trovata negli Stati Uniti&#8230; Nel caso specifico si pu\u00f2 supporre che nell&#8217;establishment statunitense vi sia preoccupazione per il traffico di armi e droga che figura fra le altre attivit\u00e0 della P2\u00bb.<\/p>\n<p style=\"text-align: justify;\">Siano questi o altri i motivi \u00e8 certo che la P2 \u00e8 fatta fuori quando perde gli agganci Usa. Non a caso a dare lo sfratto alla lobby di Gelli sar\u00e0 Spadolini, l&#8217;uomo politico italiano pi\u00f9 attento alle ragioni americane e per di pi\u00f9 di casa nella tradizione massonica italiana. Scrive appunto il Gran Maestro attuale, Armando Corona: \u00abIl fatto poi che quel provvedimento (lo scioglimento della P2, ndr) fosse stato preso da un governo che, per la prima volta, era presieduto da un laico, da un repubblicano, il segretario del partito che si richiamava storicamente al fondatore della massoneria italiana, aveva aumentato le insinuazioni e le strumentalizzazioni\u00bb.<\/p>\n<p style=\"text-align: justify;\">Ma \u00e8 tanto lo zelo che prodigano in quell&#8217;operazione che riescono quasi a far dimenticare che si trattava della loggia fiori all&#8217;occhiello di Palazzo Giustiniani, e non di una deviazione&#8230; Il capolavoro poi \u00e8 consistito nell&#8217;essere riusciti a rovesciare sui partiti le responsabilit\u00e0: si \u00e8 presentata la P2 come un fenomeno di degenerazione del sistema dei partiti quando era l&#8217;esatto contrario. Craxi, i conte al bau-bau delle fazioni vincenti, ha pi\u00f9 volte parlato di una guerra fra consanguinei, di un regolamento di conti nel palazzo. \u00abUn nuovo gruppo di potere\u00bb scriveva L&#8217;Avanti \u00abreso arrogante dalla protezione giornalistica, lancia da un&#8217;ala del Palazzo i suoi affondo contro un&#8217;altra ala dal Palazzo\u00bb.<\/p>\n<p style=\"text-align: justify;\">Basti vedere, del resto, dove sono finite le spoglie della fazione perdente a cominciare dall&#8217;Ambrosiano, dal Corriere della Sera passati da una lobby all&#8217;altra ma sempre all&#8217;interno della stessa \u00abfamiglia\u00bb, e senza spargimento di sangue.<\/p>\n<p style=\"text-align: center;\"><strong>* \u00a0* \u00a0*<\/strong><\/p>\n","protected":false},"excerpt":{"rendered":"<p>\u00a0tratto da Il Sabato 29 agosto 1987, n. 35 Antonio Socci, Roberto Fontolan<\/p><p><a class=\"more-link btn\" href=\"https:\/\/www.rassegnastampa-totustuus.it\/cattolica\/tredici-anni-della-nostra-storia\/\">Continua a leggere<\/a><\/p>\n","protected":false},"author":6,"featured_media":13682,"comment_status":"closed","ping_status":"closed","sticky":false,"template":"","format":"standard","meta":{"footnotes":""},"categories":[106,79,103,20,96],"tags":[473,297,404],"class_list":["post-13660","post","type-post","status-publish","format-standard","has-post-thumbnail","hentry","category-cattolicesimo-democratico","category-democrazia-cristiana","category-laicismo","category-politica-nazionale","category-storia-italiana","tag-dc","tag-politica-nazionale-2","tag-storia-italiana-2","item-wrap"],"yoast_head":"<!-- This site is optimized with the Yoast SEO plugin v27.5 - https:\/\/yoast.com\/product\/yoast-seo-wordpress\/ -->\n<title>Tredici anni della nostra storia - Rassegna Stampa Cattolica<\/title>\n<meta name=\"description\" content=\"Rassegna Stampa Cattolica - Per una cultura che nasce dalla Rivelazione cristiana in conformit\u00e0 alla tradizione e al Magistero della Chiesa in opposizione ad ogni relativismo e totalitarismo\" \/>\n<meta name=\"robots\" content=\"index, follow, max-snippet:-1, max-image-preview:large, max-video-preview:-1\" \/>\n<link rel=\"canonical\" href=\"https:\/\/www.rassegnastampa-totustuus.it\/cattolica\/tredici-anni-della-nostra-storia\/\" \/>\n<meta property=\"og:locale\" content=\"it_IT\" \/>\n<meta property=\"og:type\" content=\"article\" \/>\n<meta property=\"og:title\" content=\"Tredici anni della nostra storia - Rassegna Stampa Cattolica\" \/>\n<meta property=\"og:description\" content=\"Rassegna Stampa Cattolica - Per una cultura che nasce dalla Rivelazione cristiana in conformit\u00e0 alla tradizione e al Magistero della Chiesa in opposizione ad ogni relativismo e totalitarismo\" \/>\n<meta property=\"og:url\" content=\"https:\/\/www.rassegnastampa-totustuus.it\/cattolica\/tredici-anni-della-nostra-storia\/\" \/>\n<meta property=\"og:site_name\" content=\"Rassegna Stampa Cattolica\" \/>\n<meta property=\"article:publisher\" content=\"https:\/\/www.facebook.com\/rassegnastampacattolica\" \/>\n<meta property=\"article:published_time\" content=\"2014-11-19T16:56:05+00:00\" \/>\n<meta property=\"article:modified_time\" content=\"2014-11-19T20:10:44+00:00\" \/>\n<meta property=\"og:image\" content=\"https:\/\/www.rassegnastampa-totustuus.it\/cattolica\/wp-content\/uploads\/2014\/11\/Il-sabato_cover.jpg\" \/>\n\t<meta property=\"og:image:width\" content=\"160\" \/>\n\t<meta property=\"og:image:height\" content=\"200\" \/>\n\t<meta property=\"og:image:type\" content=\"image\/jpeg\" \/>\n<meta name=\"author\" content=\"Redazione\" \/>\n<meta name=\"twitter:card\" content=\"summary_large_image\" \/>\n<meta name=\"twitter:creator\" content=\"@rassegnastampa9\" \/>\n<meta name=\"twitter:site\" content=\"@rassegnastampa9\" \/>\n<meta name=\"twitter:label1\" content=\"Scritto da\" \/>\n\t<meta name=\"twitter:data1\" content=\"Redazione\" \/>\n\t<meta name=\"twitter:label2\" content=\"Tempo di lettura stimato\" \/>\n\t<meta name=\"twitter:data2\" content=\"119 minuti\" \/>\n<script type=\"application\/ld+json\" class=\"yoast-schema-graph\">{\"@context\":\"https:\\\/\\\/schema.org\",\"@graph\":[{\"@type\":\"Article\",\"@id\":\"https:\\\/\\\/www.rassegnastampa-totustuus.it\\\/cattolica\\\/tredici-anni-della-nostra-storia\\\/#article\",\"isPartOf\":{\"@id\":\"https:\\\/\\\/www.rassegnastampa-totustuus.it\\\/cattolica\\\/tredici-anni-della-nostra-storia\\\/\"},\"author\":{\"name\":\"Redazione\",\"@id\":\"https:\\\/\\\/www.rassegnastampa-totustuus.it\\\/cattolica\\\/#\\\/schema\\\/person\\\/08f319d2bd1a0904ad9e2bfb7b15e5c3\"},\"headline\":\"Tredici anni della nostra storia\",\"datePublished\":\"2014-11-19T16:56:05+00:00\",\"dateModified\":\"2014-11-19T20:10:44+00:00\",\"mainEntityOfPage\":{\"@id\":\"https:\\\/\\\/www.rassegnastampa-totustuus.it\\\/cattolica\\\/tredici-anni-della-nostra-storia\\\/\"},\"wordCount\":24362,\"publisher\":{\"@id\":\"https:\\\/\\\/www.rassegnastampa-totustuus.it\\\/cattolica\\\/#organization\"},\"image\":{\"@id\":\"https:\\\/\\\/www.rassegnastampa-totustuus.it\\\/cattolica\\\/tredici-anni-della-nostra-storia\\\/#primaryimage\"},\"thumbnailUrl\":\"https:\\\/\\\/www.rassegnastampa-totustuus.it\\\/cattolica\\\/wp-content\\\/uploads\\\/2014\\\/11\\\/Il-sabato_cover.jpg\",\"keywords\":[\"Dc\",\"politica nazionale\",\"storia italiana\"],\"articleSection\":[\"Cattolicesimo dem.\",\"Democrazia cristiana\",\"Laicismo\",\"Politica nazionale\",\"Storia italiana\"],\"inLanguage\":\"it-IT\"},{\"@type\":\"WebPage\",\"@id\":\"https:\\\/\\\/www.rassegnastampa-totustuus.it\\\/cattolica\\\/tredici-anni-della-nostra-storia\\\/\",\"url\":\"https:\\\/\\\/www.rassegnastampa-totustuus.it\\\/cattolica\\\/tredici-anni-della-nostra-storia\\\/\",\"name\":\"Tredici anni della nostra storia - Rassegna Stampa Cattolica\",\"isPartOf\":{\"@id\":\"https:\\\/\\\/www.rassegnastampa-totustuus.it\\\/cattolica\\\/#website\"},\"primaryImageOfPage\":{\"@id\":\"https:\\\/\\\/www.rassegnastampa-totustuus.it\\\/cattolica\\\/tredici-anni-della-nostra-storia\\\/#primaryimage\"},\"image\":{\"@id\":\"https:\\\/\\\/www.rassegnastampa-totustuus.it\\\/cattolica\\\/tredici-anni-della-nostra-storia\\\/#primaryimage\"},\"thumbnailUrl\":\"https:\\\/\\\/www.rassegnastampa-totustuus.it\\\/cattolica\\\/wp-content\\\/uploads\\\/2014\\\/11\\\/Il-sabato_cover.jpg\",\"datePublished\":\"2014-11-19T16:56:05+00:00\",\"dateModified\":\"2014-11-19T20:10:44+00:00\",\"description\":\"Rassegna Stampa Cattolica - Per una cultura che nasce dalla Rivelazione cristiana in conformit\u00e0 alla tradizione e al Magistero della Chiesa in opposizione ad ogni relativismo e totalitarismo\",\"breadcrumb\":{\"@id\":\"https:\\\/\\\/www.rassegnastampa-totustuus.it\\\/cattolica\\\/tredici-anni-della-nostra-storia\\\/#breadcrumb\"},\"inLanguage\":\"it-IT\",\"potentialAction\":[{\"@type\":\"ReadAction\",\"target\":[\"https:\\\/\\\/www.rassegnastampa-totustuus.it\\\/cattolica\\\/tredici-anni-della-nostra-storia\\\/\"]}]},{\"@type\":\"ImageObject\",\"inLanguage\":\"it-IT\",\"@id\":\"https:\\\/\\\/www.rassegnastampa-totustuus.it\\\/cattolica\\\/tredici-anni-della-nostra-storia\\\/#primaryimage\",\"url\":\"https:\\\/\\\/www.rassegnastampa-totustuus.it\\\/cattolica\\\/wp-content\\\/uploads\\\/2014\\\/11\\\/Il-sabato_cover.jpg\",\"contentUrl\":\"https:\\\/\\\/www.rassegnastampa-totustuus.it\\\/cattolica\\\/wp-content\\\/uploads\\\/2014\\\/11\\\/Il-sabato_cover.jpg\",\"width\":160,\"height\":200},{\"@type\":\"BreadcrumbList\",\"@id\":\"https:\\\/\\\/www.rassegnastampa-totustuus.it\\\/cattolica\\\/tredici-anni-della-nostra-storia\\\/#breadcrumb\",\"itemListElement\":[{\"@type\":\"ListItem\",\"position\":1,\"name\":\"Home\",\"item\":\"https:\\\/\\\/www.rassegnastampa-totustuus.it\\\/cattolica\\\/\"},{\"@type\":\"ListItem\",\"position\":2,\"name\":\"Tredici anni della nostra storia\"}]},{\"@type\":\"WebSite\",\"@id\":\"https:\\\/\\\/www.rassegnastampa-totustuus.it\\\/cattolica\\\/#website\",\"url\":\"https:\\\/\\\/www.rassegnastampa-totustuus.it\\\/cattolica\\\/\",\"name\":\"Rassegna Stampa Cattolica\",\"description\":\"Per una cultura che nasce dalla Rivelazione cristiana in conformit\u00e0 alla tradizione e al Magistero della Chiesa in opposizione ad ogni relativismo e totalitarismo\",\"publisher\":{\"@id\":\"https:\\\/\\\/www.rassegnastampa-totustuus.it\\\/cattolica\\\/#organization\"},\"alternateName\":\"Rass. Cattolica\",\"potentialAction\":[{\"@type\":\"SearchAction\",\"target\":{\"@type\":\"EntryPoint\",\"urlTemplate\":\"https:\\\/\\\/www.rassegnastampa-totustuus.it\\\/cattolica\\\/?s={search_term_string}\"},\"query-input\":{\"@type\":\"PropertyValueSpecification\",\"valueRequired\":true,\"valueName\":\"search_term_string\"}}],\"inLanguage\":\"it-IT\"},{\"@type\":\"Organization\",\"@id\":\"https:\\\/\\\/www.rassegnastampa-totustuus.it\\\/cattolica\\\/#organization\",\"name\":\"Rassegna Stampa Cattolica\",\"url\":\"https:\\\/\\\/www.rassegnastampa-totustuus.it\\\/cattolica\\\/\",\"logo\":{\"@type\":\"ImageObject\",\"inLanguage\":\"it-IT\",\"@id\":\"https:\\\/\\\/www.rassegnastampa-totustuus.it\\\/cattolica\\\/#\\\/schema\\\/logo\\\/image\\\/\",\"url\":\"https:\\\/\\\/www.rassegnastampa-totustuus.it\\\/cattolica\\\/wp-content\\\/uploads\\\/2014\\\/04\\\/logo-rassegna1.gif\",\"contentUrl\":\"https:\\\/\\\/www.rassegnastampa-totustuus.it\\\/cattolica\\\/wp-content\\\/uploads\\\/2014\\\/04\\\/logo-rassegna1.gif\",\"width\":600,\"height\":163,\"caption\":\"Rassegna Stampa Cattolica\"},\"image\":{\"@id\":\"https:\\\/\\\/www.rassegnastampa-totustuus.it\\\/cattolica\\\/#\\\/schema\\\/logo\\\/image\\\/\"},\"sameAs\":[\"https:\\\/\\\/www.facebook.com\\\/rassegnastampacattolica\",\"https:\\\/\\\/x.com\\\/rassegnastampa9\"]},{\"@type\":\"Person\",\"@id\":\"https:\\\/\\\/www.rassegnastampa-totustuus.it\\\/cattolica\\\/#\\\/schema\\\/person\\\/08f319d2bd1a0904ad9e2bfb7b15e5c3\",\"name\":\"Redazione\",\"image\":{\"@type\":\"ImageObject\",\"inLanguage\":\"it-IT\",\"@id\":\"https:\\\/\\\/secure.gravatar.com\\\/avatar\\\/2fcdf27c78ea025fbdb44e914cc63c72249ffec9dc8aafd5c82b26240ef3f346?s=96&d=mm&r=g\",\"url\":\"https:\\\/\\\/secure.gravatar.com\\\/avatar\\\/2fcdf27c78ea025fbdb44e914cc63c72249ffec9dc8aafd5c82b26240ef3f346?s=96&d=mm&r=g\",\"contentUrl\":\"https:\\\/\\\/secure.gravatar.com\\\/avatar\\\/2fcdf27c78ea025fbdb44e914cc63c72249ffec9dc8aafd5c82b26240ef3f346?s=96&d=mm&r=g\",\"caption\":\"Redazione\"},\"url\":\"https:\\\/\\\/www.rassegnastampa-totustuus.it\\\/cattolica\\\/author\\\/pietroelle\\\/\"}]}<\/script>\n<!-- \/ Yoast SEO plugin. -->","yoast_head_json":{"title":"Tredici anni della nostra storia - Rassegna Stampa Cattolica","description":"Rassegna Stampa Cattolica - Per una cultura che nasce dalla Rivelazione cristiana in conformit\u00e0 alla tradizione e al Magistero della Chiesa in opposizione ad ogni relativismo e totalitarismo","robots":{"index":"index","follow":"follow","max-snippet":"max-snippet:-1","max-image-preview":"max-image-preview:large","max-video-preview":"max-video-preview:-1"},"canonical":"https:\/\/www.rassegnastampa-totustuus.it\/cattolica\/tredici-anni-della-nostra-storia\/","og_locale":"it_IT","og_type":"article","og_title":"Tredici anni della nostra storia - Rassegna Stampa Cattolica","og_description":"Rassegna Stampa Cattolica - Per una cultura che nasce dalla Rivelazione cristiana in conformit\u00e0 alla tradizione e al Magistero della Chiesa in opposizione ad ogni relativismo e totalitarismo","og_url":"https:\/\/www.rassegnastampa-totustuus.it\/cattolica\/tredici-anni-della-nostra-storia\/","og_site_name":"Rassegna Stampa Cattolica","article_publisher":"https:\/\/www.facebook.com\/rassegnastampacattolica","article_published_time":"2014-11-19T16:56:05+00:00","article_modified_time":"2014-11-19T20:10:44+00:00","og_image":[{"width":160,"height":200,"url":"https:\/\/www.rassegnastampa-totustuus.it\/cattolica\/wp-content\/uploads\/2014\/11\/Il-sabato_cover.jpg","type":"image\/jpeg"}],"author":"Redazione","twitter_card":"summary_large_image","twitter_creator":"@rassegnastampa9","twitter_site":"@rassegnastampa9","twitter_misc":{"Scritto da":"Redazione","Tempo di lettura stimato":"119 minuti"},"schema":{"@context":"https:\/\/schema.org","@graph":[{"@type":"Article","@id":"https:\/\/www.rassegnastampa-totustuus.it\/cattolica\/tredici-anni-della-nostra-storia\/#article","isPartOf":{"@id":"https:\/\/www.rassegnastampa-totustuus.it\/cattolica\/tredici-anni-della-nostra-storia\/"},"author":{"name":"Redazione","@id":"https:\/\/www.rassegnastampa-totustuus.it\/cattolica\/#\/schema\/person\/08f319d2bd1a0904ad9e2bfb7b15e5c3"},"headline":"Tredici anni della nostra storia","datePublished":"2014-11-19T16:56:05+00:00","dateModified":"2014-11-19T20:10:44+00:00","mainEntityOfPage":{"@id":"https:\/\/www.rassegnastampa-totustuus.it\/cattolica\/tredici-anni-della-nostra-storia\/"},"wordCount":24362,"publisher":{"@id":"https:\/\/www.rassegnastampa-totustuus.it\/cattolica\/#organization"},"image":{"@id":"https:\/\/www.rassegnastampa-totustuus.it\/cattolica\/tredici-anni-della-nostra-storia\/#primaryimage"},"thumbnailUrl":"https:\/\/www.rassegnastampa-totustuus.it\/cattolica\/wp-content\/uploads\/2014\/11\/Il-sabato_cover.jpg","keywords":["Dc","politica nazionale","storia italiana"],"articleSection":["Cattolicesimo dem.","Democrazia cristiana","Laicismo","Politica nazionale","Storia italiana"],"inLanguage":"it-IT"},{"@type":"WebPage","@id":"https:\/\/www.rassegnastampa-totustuus.it\/cattolica\/tredici-anni-della-nostra-storia\/","url":"https:\/\/www.rassegnastampa-totustuus.it\/cattolica\/tredici-anni-della-nostra-storia\/","name":"Tredici anni della nostra storia - Rassegna Stampa Cattolica","isPartOf":{"@id":"https:\/\/www.rassegnastampa-totustuus.it\/cattolica\/#website"},"primaryImageOfPage":{"@id":"https:\/\/www.rassegnastampa-totustuus.it\/cattolica\/tredici-anni-della-nostra-storia\/#primaryimage"},"image":{"@id":"https:\/\/www.rassegnastampa-totustuus.it\/cattolica\/tredici-anni-della-nostra-storia\/#primaryimage"},"thumbnailUrl":"https:\/\/www.rassegnastampa-totustuus.it\/cattolica\/wp-content\/uploads\/2014\/11\/Il-sabato_cover.jpg","datePublished":"2014-11-19T16:56:05+00:00","dateModified":"2014-11-19T20:10:44+00:00","description":"Rassegna Stampa Cattolica - Per una cultura che nasce dalla Rivelazione cristiana in conformit\u00e0 alla tradizione e al Magistero della Chiesa in opposizione ad ogni relativismo e totalitarismo","breadcrumb":{"@id":"https:\/\/www.rassegnastampa-totustuus.it\/cattolica\/tredici-anni-della-nostra-storia\/#breadcrumb"},"inLanguage":"it-IT","potentialAction":[{"@type":"ReadAction","target":["https:\/\/www.rassegnastampa-totustuus.it\/cattolica\/tredici-anni-della-nostra-storia\/"]}]},{"@type":"ImageObject","inLanguage":"it-IT","@id":"https:\/\/www.rassegnastampa-totustuus.it\/cattolica\/tredici-anni-della-nostra-storia\/#primaryimage","url":"https:\/\/www.rassegnastampa-totustuus.it\/cattolica\/wp-content\/uploads\/2014\/11\/Il-sabato_cover.jpg","contentUrl":"https:\/\/www.rassegnastampa-totustuus.it\/cattolica\/wp-content\/uploads\/2014\/11\/Il-sabato_cover.jpg","width":160,"height":200},{"@type":"BreadcrumbList","@id":"https:\/\/www.rassegnastampa-totustuus.it\/cattolica\/tredici-anni-della-nostra-storia\/#breadcrumb","itemListElement":[{"@type":"ListItem","position":1,"name":"Home","item":"https:\/\/www.rassegnastampa-totustuus.it\/cattolica\/"},{"@type":"ListItem","position":2,"name":"Tredici anni della nostra storia"}]},{"@type":"WebSite","@id":"https:\/\/www.rassegnastampa-totustuus.it\/cattolica\/#website","url":"https:\/\/www.rassegnastampa-totustuus.it\/cattolica\/","name":"Rassegna Stampa Cattolica","description":"Per una cultura che nasce dalla Rivelazione cristiana in conformit\u00e0 alla tradizione e al Magistero della Chiesa in opposizione ad ogni relativismo e totalitarismo","publisher":{"@id":"https:\/\/www.rassegnastampa-totustuus.it\/cattolica\/#organization"},"alternateName":"Rass. Cattolica","potentialAction":[{"@type":"SearchAction","target":{"@type":"EntryPoint","urlTemplate":"https:\/\/www.rassegnastampa-totustuus.it\/cattolica\/?s={search_term_string}"},"query-input":{"@type":"PropertyValueSpecification","valueRequired":true,"valueName":"search_term_string"}}],"inLanguage":"it-IT"},{"@type":"Organization","@id":"https:\/\/www.rassegnastampa-totustuus.it\/cattolica\/#organization","name":"Rassegna Stampa Cattolica","url":"https:\/\/www.rassegnastampa-totustuus.it\/cattolica\/","logo":{"@type":"ImageObject","inLanguage":"it-IT","@id":"https:\/\/www.rassegnastampa-totustuus.it\/cattolica\/#\/schema\/logo\/image\/","url":"https:\/\/www.rassegnastampa-totustuus.it\/cattolica\/wp-content\/uploads\/2014\/04\/logo-rassegna1.gif","contentUrl":"https:\/\/www.rassegnastampa-totustuus.it\/cattolica\/wp-content\/uploads\/2014\/04\/logo-rassegna1.gif","width":600,"height":163,"caption":"Rassegna Stampa Cattolica"},"image":{"@id":"https:\/\/www.rassegnastampa-totustuus.it\/cattolica\/#\/schema\/logo\/image\/"},"sameAs":["https:\/\/www.facebook.com\/rassegnastampacattolica","https:\/\/x.com\/rassegnastampa9"]},{"@type":"Person","@id":"https:\/\/www.rassegnastampa-totustuus.it\/cattolica\/#\/schema\/person\/08f319d2bd1a0904ad9e2bfb7b15e5c3","name":"Redazione","image":{"@type":"ImageObject","inLanguage":"it-IT","@id":"https:\/\/secure.gravatar.com\/avatar\/2fcdf27c78ea025fbdb44e914cc63c72249ffec9dc8aafd5c82b26240ef3f346?s=96&d=mm&r=g","url":"https:\/\/secure.gravatar.com\/avatar\/2fcdf27c78ea025fbdb44e914cc63c72249ffec9dc8aafd5c82b26240ef3f346?s=96&d=mm&r=g","contentUrl":"https:\/\/secure.gravatar.com\/avatar\/2fcdf27c78ea025fbdb44e914cc63c72249ffec9dc8aafd5c82b26240ef3f346?s=96&d=mm&r=g","caption":"Redazione"},"url":"https:\/\/www.rassegnastampa-totustuus.it\/cattolica\/author\/pietroelle\/"}]}},"_links":{"self":[{"href":"https:\/\/www.rassegnastampa-totustuus.it\/cattolica\/wp-json\/wp\/v2\/posts\/13660","targetHints":{"allow":["GET"]}}],"collection":[{"href":"https:\/\/www.rassegnastampa-totustuus.it\/cattolica\/wp-json\/wp\/v2\/posts"}],"about":[{"href":"https:\/\/www.rassegnastampa-totustuus.it\/cattolica\/wp-json\/wp\/v2\/types\/post"}],"author":[{"embeddable":true,"href":"https:\/\/www.rassegnastampa-totustuus.it\/cattolica\/wp-json\/wp\/v2\/users\/6"}],"replies":[{"embeddable":true,"href":"https:\/\/www.rassegnastampa-totustuus.it\/cattolica\/wp-json\/wp\/v2\/comments?post=13660"}],"version-history":[{"count":1,"href":"https:\/\/www.rassegnastampa-totustuus.it\/cattolica\/wp-json\/wp\/v2\/posts\/13660\/revisions"}],"predecessor-version":[{"id":13683,"href":"https:\/\/www.rassegnastampa-totustuus.it\/cattolica\/wp-json\/wp\/v2\/posts\/13660\/revisions\/13683"}],"wp:featuredmedia":[{"embeddable":true,"href":"https:\/\/www.rassegnastampa-totustuus.it\/cattolica\/wp-json\/wp\/v2\/media\/13682"}],"wp:attachment":[{"href":"https:\/\/www.rassegnastampa-totustuus.it\/cattolica\/wp-json\/wp\/v2\/media?parent=13660"}],"wp:term":[{"taxonomy":"category","embeddable":true,"href":"https:\/\/www.rassegnastampa-totustuus.it\/cattolica\/wp-json\/wp\/v2\/categories?post=13660"},{"taxonomy":"post_tag","embeddable":true,"href":"https:\/\/www.rassegnastampa-totustuus.it\/cattolica\/wp-json\/wp\/v2\/tags?post=13660"}],"curies":[{"name":"wp","href":"https:\/\/api.w.org\/{rel}","templated":true}]}}