{"id":1359,"date":"2005-09-09T00:00:00","date_gmt":"2005-09-08T22:00:00","guid":{"rendered":""},"modified":"2014-11-20T12:17:35","modified_gmt":"2014-11-20T11:17:35","slug":"edith-stein-santa-teresa-benedetta-della-croce-1891-1942","status":"publish","type":"post","link":"https:\/\/www.rassegnastampa-totustuus.it\/cattolica\/edith-stein-santa-teresa-benedetta-della-croce-1891-1942\/","title":{"rendered":"Edith Stein, santa Teresa Benedetta della Croce (1891-1942)"},"content":{"rendered":"<div align=\"center\">I.D.I.S. &#8211; Istituto per la Dottrina e l&#8217;Informazione Sociale<\/div>\n<p style=\"text-align: center;\"><strong>Voci per un Dizionario del Pensiero Forte<\/strong><\/p>\n<p style=\"text-align: center;\">di <strong>Laura Boccenti Invernizzi<\/strong><\/p>\n<p style=\"text-align: center;\"><a href=\"https:\/\/www.rassegnastampa-totustuus.it\/cattolica\/wp-content\/uploads\/2005\/09\/Edith-Stein.jpg\"><img loading=\"lazy\" decoding=\"async\" class=\"alignnone wp-image-13724\" src=\"https:\/\/www.rassegnastampa-totustuus.it\/cattolica\/wp-content\/uploads\/2005\/09\/Edith-Stein.jpg\" alt=\"Edith Stein\" width=\"152\" height=\"200\" \/><\/a><\/p>\n<p><!--more--><\/p>\n<div style=\"text-align: justify;\"><strong>1. La formazione intellettuale e la conversione<\/strong><\/div>\n<p style=\"text-align: justify;\">Edith Stein nasce a Breslavia, nella Slesia tedesca, il 12 ottobre 1891, undicesima figlia di una coppia di ebrei molto religiosa. Fin dall\u2019infanzia Edith manifesta un\u2019intelligenza vivace e brillante, che nell\u2019adolescenza l\u2019inclina a una visione razionalistica da cui deriver\u00e0 il distacco dalla religione. Subito dopo gli esami di maturit\u00e0, nel 1911, s\u2019iscrive alla facolt\u00e0 di Germanistica, Storia e Psicologia dell\u2019universit\u00e0 di Breslavia.<\/p>\n<p style=\"text-align: justify;\">In questo periodo scopre la corrente fenomenologica di Edmund Husserl (1859-1938) e nel 1913 si trasferisce all\u2019universit\u00e0 di Gottinga per seguirne le lezioni. Fra i due possibili esiti della fenomenologia, quello idealista e quello realista, Husserl sceglier\u00e0 la strada dell\u2019idealismo, mentre Edith Stein &#8211; come afferma Papa Giovanni Paolo II nel <em>motu proprio<\/em> del 1\u00b0 ottobre 1999, in cui la proclama compatrona d\u2019Europa insieme a santa Brigida di Svezia (1303 ca.-1373) e a santa Caterina da Siena (1347-1380) -, <em>&#8220;<\/em>[&#8230;] <em>avviatasi sulla strada della corrente fenomenologica, <\/em>[&#8230;]<em> seppe cogliervi l\u2019istanza di una realt\u00e0 oggettiva che, lungi dal risolversi nel soggetto, ne precede e misura la conoscenza, e va dunque esaminata con un rigoroso sforzo di obbiettivit\u00e0&#8221;<\/em>.<\/p>\n<p style=\"text-align: justify;\">A Gottinga incontra il filosofo Max Scheler (1875-1928), convertito al cattolicesimo, e il filosofo del diritto Adolf Reinach (1883-1917), protestante, ed entra quindi in contatto con un mondo che ne scuote i pregiudizi razionalistici. Non si chiude a questi stimoli culturali ma, vera amante della sapienza, accetta la fatica della ricerca e del &#8220;pellegrinaggio&#8221; esistenziale, per cui \u00e8 ricordata dallo stesso Papa Giovanni Paolo II nell\u2019enciclica <em>Fides et ratio<\/em>, circa i rapporti tra fede e ragione, del 1998. Nel 1915 presta servizio come crocerossina volontaria all\u2019ospedale di malattie infettive di Mahrisch-Weisskirchen, e nel 1916 discute la dissertazione di laurea su <em>Il problema dell\u2019empatia<\/em> all\u2019universit\u00e0 di Friburgo in Brisgovia, dove ha seguito Husserl come assistente.<\/p>\n<p style=\"text-align: justify;\">Gli anni dal 1916 all\u2019estate del 1921, momento della sua conversione al cattolicesimo, sono segnati dall\u2019approfondirsi della crisi interiore. Il padre gesuita Erich Przywara (1889-1972) racconta che Edith gli confid\u00f2 di aver trovato, quando ancora era atea, una copia degli esercizi di sant\u2019Ignazio di Loyola (1491-1556) e di averne seguito le indicazioni da sola, uscendone, dopo i trenta giorni, decisa a convertirsi. Sar\u00e0 per\u00f2 la lettura della <em>Vita<\/em> di santa Teresa d\u2019Avila (1515-1582) a por fine alla sua ricerca, facendole compiere l\u2019<em>esperienza<\/em> della verit\u00e0 a seguito della quale chiede il battesimo e la cresima, che ricever\u00e0 nel 1922.<\/p>\n<p style=\"text-align: justify;\"><strong>2. L\u2019ingresso nell\u2019ordine carmelitano<\/strong><\/p>\n<p style=\"text-align: justify;\">Nel <em>motu proprio<\/em> citato, Papa Giovanni Paolo II ricorda che <em>&#8220;l\u2019incontro col cristianesimo non la port\u00f2 a ripudiare le sue radici ebraiche, ma piuttosto gliele fece riscoprire in pienezza. Questo tuttavia non le risparmi\u00f2 l\u2019incomprensione da parte dei suoi famigliari. Soprattutto le procur\u00f2 un dolore indicibile il dissenso della madre. In realt\u00e0 tutto il suo cammino di perfezione cristiana si svolse all\u2019insegna non solo della solidariet\u00e0 umana con il suo popolo d\u2019origine, ma anche di una vera condivisione spirituale con la vocazione dei figli di Abramo, segnati dal mistero della chiamata e dei doni irrevocabili di Dio (cfr. <\/em>Rm.<em> 11, 29)&#8221;<\/em>. Edith, dunque, si separa dalla cultura della sua famiglia solo per farla propria a un livello pi\u00f9 profondo.<\/p>\n<p style=\"text-align: justify;\">Dopo la conversione, segue l\u2019invito di padre Przywara a occuparsi in modo sistematico della dottrina e dell\u2019opera di san Tommaso d\u2019Aquino (1225 ca.-1274), di cui tradurr\u00e0 in tedesco le <em>Questioni sulla verit\u00e0. <\/em>L\u2019incontro con i mistici l\u2019orienta verso la vita contemplativa nell\u2019ordine carmelitano; potr\u00e0 tuttavia realizzare la propria vocazione solo nel 1933 quando, allontanata dall\u2019insegnamento dall\u2019introduzione delle leggi razziali di Norimberga, non sar\u00e0 pi\u00f9 trattenuta dal suo padre spirituale, dom Raphael Walzer O.S.B. (1886-1966), arciabate di Beuron, che aveva voluto mettesse a frutto, come docente, le sue grandi capacit\u00e0 intellettuali.<\/p>\n<p style=\"text-align: justify;\">L\u2019incontro con san Tommaso l\u2019induce al tentativo di applicare il metodo fenomenologico al tomismo: nel 1932 abbozza il grande studio <em>Atto e potenza<\/em> e lascia la scuola domenicana di Spira per dedicarsi agli studi filosofici e per insegnare all\u2019Istituto Superiore di Pedagogia Scientifica di M\u00fcnster.<\/p>\n<p style=\"text-align: justify;\">In quegli anni scrive, studia e svolge un\u2019intensa attivit\u00e0 di conferenziera su temi filosofici e pedagogici e, in modo particolare, sulla questione femminile, impegnandosi per la promozione umana, sociale e religiosa della donna.<\/p>\n<p style=\"text-align: justify;\">L\u2019attivit\u00e0 d\u2019insegnante termina nel 1933, quando, il 14 ottobre, entra nel Carmelo di Koln-Lindenthal, dove, il Venerd\u00ec di Passione dello stesso anno, aveva intuito il suo destino: <em>&#8220;Mi rivolsi al Redentore <\/em>&#8211; si legge nella biografia scritta da Teresia Renata de Spiritu Sancto &#8211;<em> e gli dissi che sapevo bene che era la sua croce che veniva posta in quel momento sulle spalle del popolo ebraico; la maggior parte di esso non lo comprendeva, ma quelli che avevano la grazia d\u2019intenderlo, avrebbero dovuto accettarla con pienezza di volont\u00e0 a nome di tutti. Mi sentivo pronta e domandavo soltanto al Signore che mi facesse vedere come dovevo farlo. Terminata l\u2019Ora Santa ebbi l\u2019intima certezza di essere stata esaudita, sebbene non sapessi ancora in cosa consistesse quella croce che mi veniva imposta&#8221;<\/em><\/p>\n<p style=\"text-align: justify;\"><strong>3. La persecuzione<\/strong><\/p>\n<p style=\"text-align: justify;\">Il 15 aprile 1934 Edith Stein veste l\u2019abito carmelitano e ottiene di aggiungere al nome di battesimo di Teresa quello di Benedetta della Croce. In convento prosegue l\u2019attivit\u00e0 di studio, ampliando lo scritto d\u2019abilitazione alla docenza, <em>Atto e potenza,<\/em> nel tentativo di unire il tomismo con la fenomenologia, e concludendolo nel 1936 con il titolo <em>Essere finito ed essere eterno<\/em>.<\/p>\n<p style=\"text-align: justify;\">Il 14 marzo 1937 Papa Pio XI (1922-1939) pubblica l\u2019enciclica <em>Mit brennender Sorge<\/em>, sulla situazione della Chiesa cattolica nel Reich germanico, in cui il nazionalsocialismo viene definito come dottrina neo-pagana che eleva la razza e lo Stato a norma suprema, sostituisce alla Provvidenza un fato impersonale e falsifica l\u2019ordine voluto da Dio.<\/p>\n<p style=\"text-align: justify;\">Proibito in Germania, il documento, dopo la lettura datane nelle chiese il 21 marzo 1937, circola solo clandestinamente. Dopo le manifestazioni antisemitiche della notte fra l\u20198 e il 9 novembre 1938 &#8211; la Notte dei Cristalli -, Edith viene trasferita al Carmelo di Echt, in Olanda, paese neutrale, ed \u00e8 raggiunta dalla sorella Rosa, pure convertitasi al cattolicesimo. La priora le affida la stesura di un\u2019opera sulla vita e sull\u2019insegnamento di san Giovanni della Croce (1542-1591), <em>Scientia crucis<\/em>. S<em>tudio su san Giovanni della Croce<\/em>, incompiuta a causa dell\u2019arresto e della deportazione.<\/p>\n<p style=\"text-align: justify;\">Ancor prima dello scoppio della seconda guerra mondiale (1939-1945), suor Teresa Benedetta della Croce giudica senza esitazioni gli avvenimenti, e interviene in essi, seguendo la logica di Dio, quella della croce. In una lettera a madre Giovanna van Weersth, del Carmelo di Beek, in Olanda, scrive: <em>&#8220;<\/em>[&#8230;]<em> prima \u00e8 venuto dall\u2019oriente il Bolscevismo, con la lotta contro Dio, poi il Nazionalsocialismo, con la lotta contro la Chiesa. Ma n\u00e9 l\u2019uno n\u00e9 l\u2019altro vincer\u00e0. Vincer\u00e0 alla fine Cristo&#8221;<\/em>. Alla sua priora, nel marzo del 1939, chiede di poter offrire la propria vita per la pace: <em>&#8220;Cara madre, <\/em>[&#8230;] <em>mi permetta di offrirmi <\/em>[&#8230;] <em>in sacrificio di espiazione per la vera pace: perch\u00e9 il regno dell\u2019anticristo sprofondi, se possibile senza un nuovo conflitto mondiale, e che un nuovo ordine s\u2019impianti&#8221;<\/em>.<\/p>\n<p style=\"text-align: justify;\"><strong>4. Il martirio<\/strong><\/p>\n<p style=\"text-align: justify;\">Il 10 maggio 1940 l\u2019esercito tedesco invade il Lussemburgo, il Belgio e l\u2019Olanda. Le Chiese cristiane olandesi, quando iniziano in Olanda le carcerazioni e le deportazioni di cittadini ebrei, chiedono con insistenza alle autorit\u00e0 tedesche di recedere da tali azioni. L\u201911 luglio 1942 l\u2019episcopato olandese inoltra un telegramma di protesta contro la persecuzione degli ebrei; il commissario generale per gli affari con le Chiese risponde comunicando che gli ebrei battezzati prima del 1\u00b0 gennaio 1941 dovevano essere esclusi dalle deportazioni.<\/p>\n<p style=\"text-align: justify;\">In Olanda vivevano pi\u00f9 di 100.000 ebrei e di questi solo una minoranza, circa 700, era costituita da ebrei cattolici; peraltro, nessuna delle comunit\u00e0 cristiane aveva richiesto tale eccezione, come scrive la carmelitana Maria Amata Neyer, commentando il manoscritto della santa <em>Come giunsi al Carmelo di Colonia<\/em>: <em>&#8220;<\/em>[&#8230;]<em> per le Chiese si trattava <\/em>[&#8230;]<em> di una questione che riguardava tutti, non solo gli ebrei battezzati. Per questo decisero di far leggere, nella domenica del 26 luglio 1942, una lettera pastorale nella quale doveva essere resa pubblica la posizione delle Chiese&#8221;.<\/em><\/p>\n<p style=\"text-align: justify;\">Ma le autorit\u00e0 tedesche intercettano la lettera pastorale, a cui \u00e8 allegato il testo del telegramma dell\u201911 luglio, e fanno pressione perch\u00e9 non sia letta dal pulpito; le comunit\u00e0 evangeliche, nonostante alcune perplessit\u00e0, accettano, invece i vescovi cattolici non ritengono di poter fare altrettanto.<\/p>\n<p style=\"text-align: justify;\">In seguito alla lettura della lettera pastorale e del telegramma viene revocato lo stato di libert\u00e0 degli ebrei cattolici ed emanato l\u2019ordine di cattura nei loro confronti. Alle cinque pomeridiane del 2 agosto 1942, Edith Stein viene prelevata insieme alla sorella Rosa dal convento, e una testimone la sente dire alla sorella: <em>&#8220;Vieni, andiamo per il nostro popolo&#8221;<\/em>.<\/p>\n<p style=\"text-align: justify;\">Quel giorno vengono arrestati e deportati 244 ebrei cattolici, come atto di rappresaglia contro l\u2019episcopato olandese. Le sorelle Stein sono condotte all\u2019ufficio distrettuale di Maastricht e di l\u00ec al campo di transito di Amersfoort; il 4 agosto vengono prelevate, con altri 95 prigionieri, e trasferite a Westerbork; il 7 agosto sono assegnate a un trasporto in partenza quel giorno stesso per Auschwitz-Birkenau, che giunge a destinazione due giorni dopo.<\/p>\n<p style=\"text-align: justify;\">Non \u00e8 stato possibile stabilire con certezza il momento della morte di Edith dopo l\u2019arrivo ad Auschwitz, ma \u00e8 probabile che sia stata subito destinata alla camera a <em>gas<\/em>. In ogni caso l\u2019aspetto esemplare della vicenda di Edith Stein sta nell\u2019eroica adesione a una vocazione maturata negli anni che seguono la conversione: far propria la sofferenza del suo popolo d\u2019origine, introducendola nel sacrificio di Cristo attraverso l\u2019offerta della sua stessa vita.<\/p>\n<p style=\"text-align: justify;\">Tale adesione non viene meno nel momento in cui diventa vittima della violenza, com\u2019\u00e8 testimoniato dal messaggio che riesce a inviare dal campo di raccolta di Westerbork alla priora di Echt: <em>&#8220;Sono contenta di tutto. Una <\/em>Scientia crucis <em>si pu\u00f2 acquistare solo se la Croce si sente pesare in tutta la sua gravezza. Di questo sono stata convinta fin dal primo momento, e ho detto di cuore: &#8220;Ave crux, spes unica&#8221;&#8221;<\/em>.<\/p>\n<p style=\"text-align: justify;\">A ragione dunque Papa Giovanni Paolo II, proclamando la santit\u00e0 di Edith Stein, l\u201911 ottobre 1998, ne ha fatto memoria come di una <em>&#8220;eminente figlia d\u2019Israele e fedele figlia della Chiesa&#8221;<\/em>. In occasione della sua elevazione a compatrona d\u2019Europa il Papa ricorda: <em>&#8220;La sua immagine di santit\u00e0 resta per sempre legata al dramma della sua morte violenta&#8221;<\/em>:<em> &#8220;Dichiarare oggi Edith Stein compatrona d\u2019Europa significa porre sull\u2019orizzonte del vecchio Continente un vessillo di rispetto, di tolleranza, di accoglienza&#8221;<\/em>, <em>&#8220;<\/em>[&#8230;]<em> ma \u00e8 necessario far leva <\/em>[&#8230;]<em> sui valori autentici, che hanno il loro fondamento nella legge morale universale, inscritta nel cuore di ogni uomo. Un\u2019Europa che scambiasse il valore della tolleranza e del rispetto universale con l\u2019indifferentismo etico e lo scetticismo sui valori irrinunciabili, si aprirebbe alle pi\u00f9 rischiose avventure e vedrebbe prima o poi riapparire sotto nuove forme gli spettri pi\u00f9 paurosi della sua storia&#8221;<\/em>.<\/p>\n<p style=\"text-align: justify;\"><strong>Per approfondire:<\/strong> sulla santa, vedi Teresia Renata dello Spirito Santo, <em>Edith Stein<\/em>, Morcelliana, Brescia 1959; Carla Bettinelli, <em>Il pensiero di Edith Stein. Dalla fenomenologia alla scienza della croce,<\/em> Vita e Pensiero, Milano 1976; Hanna-Barbara Gerl, <em>Edit Stein. Vita-Filosofia-Mistica<\/em>, trad. it., Morcelliana, Brescia 1998; Maria Amata Neyer, <em>La Beata Edith Stein-Suor Teresa Benedetta della Croce,<\/em> trad. it., Edizioni OCD, Roma 1987; e Giovanna della Croce,<em> &#8220;Stare davanti a Dio per tutti&#8221;. Vita, antologia, scritti<\/em>, Edizioni OCD, Roma 1991. Di Edith Stein, vedi <em>Storia di una famiglia ebrea. Lineamenti autobiografici: l\u2019infanzia e gli anni giovanili<\/em>, trad. it., Citt\u00e0 Nuova, Roma 1992; <em>La donna. Il suo compito secondo la natura e la grazia<\/em>, trad. it., Citt\u00e0 Nuova, Roma 1969; <em>Essere finito ed essere eterno. Per una elevazione al senso dell\u2019essere,<\/em> trad. it., Citt\u00e0 Nuova, Roma 1988; e <em>Scritti Spirituali<\/em>, trad. it., Mimep-Docete-Edizioni OCD, Pessano (Milano) 1998.<\/p>\n","protected":false},"excerpt":{"rendered":"<p>I.D.I.S. &#8211; Istituto per la Dottrina e l&#8217;Informazione Sociale Voci per un Dizionario del Pensiero Forte di Laura Boccenti Invernizzi<\/p><p><a class=\"more-link btn\" href=\"https:\/\/www.rassegnastampa-totustuus.it\/cattolica\/edith-stein-santa-teresa-benedetta-della-croce-1891-1942\/\">Continua a leggere<\/a><\/p>\n","protected":false},"author":6,"featured_media":0,"comment_status":"closed","ping_status":"open","sticky":false,"template":"","format":"standard","meta":{"footnotes":""},"categories":[5,65],"tags":[169],"class_list":["post-1359","post","type-post","status-publish","format-standard","hentry","category-chiesa","category-santi","tag-edith-stein","item-wrap"],"yoast_head":"<!-- This site is optimized with the Yoast SEO plugin v27.4 - https:\/\/yoast.com\/product\/yoast-seo-wordpress\/ -->\n<title>Edith Stein, santa Teresa Benedetta della Croce (1891-1942) - Rassegna Stampa Cattolica<\/title>\n<meta name=\"description\" content=\"Rassegna Stampa Cattolica - Per una cultura che nasce dalla Rivelazione cristiana in conformit\u00e0 alla tradizione e al Magistero della Chiesa in opposizione ad ogni relativismo e totalitarismo\" \/>\n<meta name=\"robots\" content=\"index, follow, max-snippet:-1, max-image-preview:large, max-video-preview:-1\" \/>\n<link rel=\"canonical\" href=\"https:\/\/www.rassegnastampa-totustuus.it\/cattolica\/edith-stein-santa-teresa-benedetta-della-croce-1891-1942\/\" \/>\n<meta property=\"og:locale\" content=\"it_IT\" \/>\n<meta property=\"og:type\" content=\"article\" \/>\n<meta property=\"og:title\" content=\"Edith Stein, santa Teresa Benedetta della Croce (1891-1942) - Rassegna Stampa Cattolica\" \/>\n<meta property=\"og:description\" content=\"Rassegna Stampa Cattolica - Per una cultura che nasce dalla Rivelazione cristiana in conformit\u00e0 alla tradizione e al Magistero della Chiesa in opposizione ad ogni relativismo e totalitarismo\" \/>\n<meta property=\"og:url\" content=\"https:\/\/www.rassegnastampa-totustuus.it\/cattolica\/edith-stein-santa-teresa-benedetta-della-croce-1891-1942\/\" \/>\n<meta property=\"og:site_name\" content=\"Rassegna Stampa Cattolica\" \/>\n<meta property=\"article:publisher\" content=\"https:\/\/www.facebook.com\/rassegnastampacattolica\" \/>\n<meta property=\"article:published_time\" content=\"2005-09-08T22:00:00+00:00\" \/>\n<meta property=\"article:modified_time\" content=\"2014-11-20T11:17:35+00:00\" \/>\n<meta property=\"og:image\" content=\"http:\/\/www.rassegnastampa-totustuus.it\/cattolica\/wp-content\/uploads\/2005\/09\/Edith-Stein.jpg\" \/>\n<meta name=\"author\" content=\"Redazione\" \/>\n<meta name=\"twitter:card\" content=\"summary_large_image\" \/>\n<meta name=\"twitter:creator\" content=\"@rassegnastampa9\" \/>\n<meta name=\"twitter:site\" content=\"@rassegnastampa9\" \/>\n<meta name=\"twitter:label1\" content=\"Scritto da\" \/>\n\t<meta name=\"twitter:data1\" content=\"Redazione\" \/>\n\t<meta name=\"twitter:label2\" content=\"Tempo di lettura stimato\" \/>\n\t<meta name=\"twitter:data2\" content=\"10 minuti\" \/>\n<script type=\"application\/ld+json\" class=\"yoast-schema-graph\">{\"@context\":\"https:\\\/\\\/schema.org\",\"@graph\":[{\"@type\":\"Article\",\"@id\":\"https:\\\/\\\/www.rassegnastampa-totustuus.it\\\/cattolica\\\/edith-stein-santa-teresa-benedetta-della-croce-1891-1942\\\/#article\",\"isPartOf\":{\"@id\":\"https:\\\/\\\/www.rassegnastampa-totustuus.it\\\/cattolica\\\/edith-stein-santa-teresa-benedetta-della-croce-1891-1942\\\/\"},\"author\":{\"name\":\"Redazione\",\"@id\":\"https:\\\/\\\/www.rassegnastampa-totustuus.it\\\/cattolica\\\/#\\\/schema\\\/person\\\/08f319d2bd1a0904ad9e2bfb7b15e5c3\"},\"headline\":\"Edith Stein, santa Teresa Benedetta della Croce (1891-1942)\",\"datePublished\":\"2005-09-08T22:00:00+00:00\",\"dateModified\":\"2014-11-20T11:17:35+00:00\",\"mainEntityOfPage\":{\"@id\":\"https:\\\/\\\/www.rassegnastampa-totustuus.it\\\/cattolica\\\/edith-stein-santa-teresa-benedetta-della-croce-1891-1942\\\/\"},\"wordCount\":1961,\"publisher\":{\"@id\":\"https:\\\/\\\/www.rassegnastampa-totustuus.it\\\/cattolica\\\/#organization\"},\"image\":{\"@id\":\"https:\\\/\\\/www.rassegnastampa-totustuus.it\\\/cattolica\\\/edith-stein-santa-teresa-benedetta-della-croce-1891-1942\\\/#primaryimage\"},\"thumbnailUrl\":\"http:\\\/\\\/www.rassegnastampa-totustuus.it\\\/cattolica\\\/wp-content\\\/uploads\\\/2005\\\/09\\\/Edith-Stein.jpg\",\"keywords\":[\"Edith Stein\"],\"articleSection\":[\"Chiesa\",\"Santi\"],\"inLanguage\":\"it-IT\"},{\"@type\":\"WebPage\",\"@id\":\"https:\\\/\\\/www.rassegnastampa-totustuus.it\\\/cattolica\\\/edith-stein-santa-teresa-benedetta-della-croce-1891-1942\\\/\",\"url\":\"https:\\\/\\\/www.rassegnastampa-totustuus.it\\\/cattolica\\\/edith-stein-santa-teresa-benedetta-della-croce-1891-1942\\\/\",\"name\":\"Edith Stein, santa Teresa Benedetta della Croce (1891-1942) - Rassegna Stampa Cattolica\",\"isPartOf\":{\"@id\":\"https:\\\/\\\/www.rassegnastampa-totustuus.it\\\/cattolica\\\/#website\"},\"primaryImageOfPage\":{\"@id\":\"https:\\\/\\\/www.rassegnastampa-totustuus.it\\\/cattolica\\\/edith-stein-santa-teresa-benedetta-della-croce-1891-1942\\\/#primaryimage\"},\"image\":{\"@id\":\"https:\\\/\\\/www.rassegnastampa-totustuus.it\\\/cattolica\\\/edith-stein-santa-teresa-benedetta-della-croce-1891-1942\\\/#primaryimage\"},\"thumbnailUrl\":\"http:\\\/\\\/www.rassegnastampa-totustuus.it\\\/cattolica\\\/wp-content\\\/uploads\\\/2005\\\/09\\\/Edith-Stein.jpg\",\"datePublished\":\"2005-09-08T22:00:00+00:00\",\"dateModified\":\"2014-11-20T11:17:35+00:00\",\"description\":\"Rassegna Stampa Cattolica - Per una cultura che nasce dalla Rivelazione cristiana in conformit\u00e0 alla tradizione e al Magistero della Chiesa in opposizione ad ogni relativismo e totalitarismo\",\"breadcrumb\":{\"@id\":\"https:\\\/\\\/www.rassegnastampa-totustuus.it\\\/cattolica\\\/edith-stein-santa-teresa-benedetta-della-croce-1891-1942\\\/#breadcrumb\"},\"inLanguage\":\"it-IT\",\"potentialAction\":[{\"@type\":\"ReadAction\",\"target\":[\"https:\\\/\\\/www.rassegnastampa-totustuus.it\\\/cattolica\\\/edith-stein-santa-teresa-benedetta-della-croce-1891-1942\\\/\"]}]},{\"@type\":\"ImageObject\",\"inLanguage\":\"it-IT\",\"@id\":\"https:\\\/\\\/www.rassegnastampa-totustuus.it\\\/cattolica\\\/edith-stein-santa-teresa-benedetta-della-croce-1891-1942\\\/#primaryimage\",\"url\":\"http:\\\/\\\/www.rassegnastampa-totustuus.it\\\/cattolica\\\/wp-content\\\/uploads\\\/2005\\\/09\\\/Edith-Stein.jpg\",\"contentUrl\":\"http:\\\/\\\/www.rassegnastampa-totustuus.it\\\/cattolica\\\/wp-content\\\/uploads\\\/2005\\\/09\\\/Edith-Stein.jpg\"},{\"@type\":\"BreadcrumbList\",\"@id\":\"https:\\\/\\\/www.rassegnastampa-totustuus.it\\\/cattolica\\\/edith-stein-santa-teresa-benedetta-della-croce-1891-1942\\\/#breadcrumb\",\"itemListElement\":[{\"@type\":\"ListItem\",\"position\":1,\"name\":\"Home\",\"item\":\"https:\\\/\\\/www.rassegnastampa-totustuus.it\\\/cattolica\\\/\"},{\"@type\":\"ListItem\",\"position\":2,\"name\":\"Edith Stein, santa Teresa Benedetta della Croce (1891-1942)\"}]},{\"@type\":\"WebSite\",\"@id\":\"https:\\\/\\\/www.rassegnastampa-totustuus.it\\\/cattolica\\\/#website\",\"url\":\"https:\\\/\\\/www.rassegnastampa-totustuus.it\\\/cattolica\\\/\",\"name\":\"Rassegna Stampa Cattolica\",\"description\":\"Per una cultura che nasce dalla Rivelazione cristiana in conformit\u00e0 alla tradizione e al Magistero della Chiesa in opposizione ad ogni relativismo e totalitarismo\",\"publisher\":{\"@id\":\"https:\\\/\\\/www.rassegnastampa-totustuus.it\\\/cattolica\\\/#organization\"},\"alternateName\":\"Rass. Cattolica\",\"potentialAction\":[{\"@type\":\"SearchAction\",\"target\":{\"@type\":\"EntryPoint\",\"urlTemplate\":\"https:\\\/\\\/www.rassegnastampa-totustuus.it\\\/cattolica\\\/?s={search_term_string}\"},\"query-input\":{\"@type\":\"PropertyValueSpecification\",\"valueRequired\":true,\"valueName\":\"search_term_string\"}}],\"inLanguage\":\"it-IT\"},{\"@type\":\"Organization\",\"@id\":\"https:\\\/\\\/www.rassegnastampa-totustuus.it\\\/cattolica\\\/#organization\",\"name\":\"Rassegna Stampa Cattolica\",\"url\":\"https:\\\/\\\/www.rassegnastampa-totustuus.it\\\/cattolica\\\/\",\"logo\":{\"@type\":\"ImageObject\",\"inLanguage\":\"it-IT\",\"@id\":\"https:\\\/\\\/www.rassegnastampa-totustuus.it\\\/cattolica\\\/#\\\/schema\\\/logo\\\/image\\\/\",\"url\":\"https:\\\/\\\/www.rassegnastampa-totustuus.it\\\/cattolica\\\/wp-content\\\/uploads\\\/2014\\\/04\\\/logo-rassegna1.gif\",\"contentUrl\":\"https:\\\/\\\/www.rassegnastampa-totustuus.it\\\/cattolica\\\/wp-content\\\/uploads\\\/2014\\\/04\\\/logo-rassegna1.gif\",\"width\":600,\"height\":163,\"caption\":\"Rassegna Stampa Cattolica\"},\"image\":{\"@id\":\"https:\\\/\\\/www.rassegnastampa-totustuus.it\\\/cattolica\\\/#\\\/schema\\\/logo\\\/image\\\/\"},\"sameAs\":[\"https:\\\/\\\/www.facebook.com\\\/rassegnastampacattolica\",\"https:\\\/\\\/x.com\\\/rassegnastampa9\"]},{\"@type\":\"Person\",\"@id\":\"https:\\\/\\\/www.rassegnastampa-totustuus.it\\\/cattolica\\\/#\\\/schema\\\/person\\\/08f319d2bd1a0904ad9e2bfb7b15e5c3\",\"name\":\"Redazione\",\"image\":{\"@type\":\"ImageObject\",\"inLanguage\":\"it-IT\",\"@id\":\"https:\\\/\\\/secure.gravatar.com\\\/avatar\\\/2fcdf27c78ea025fbdb44e914cc63c72249ffec9dc8aafd5c82b26240ef3f346?s=96&d=mm&r=g\",\"url\":\"https:\\\/\\\/secure.gravatar.com\\\/avatar\\\/2fcdf27c78ea025fbdb44e914cc63c72249ffec9dc8aafd5c82b26240ef3f346?s=96&d=mm&r=g\",\"contentUrl\":\"https:\\\/\\\/secure.gravatar.com\\\/avatar\\\/2fcdf27c78ea025fbdb44e914cc63c72249ffec9dc8aafd5c82b26240ef3f346?s=96&d=mm&r=g\",\"caption\":\"Redazione\"},\"url\":\"https:\\\/\\\/www.rassegnastampa-totustuus.it\\\/cattolica\\\/author\\\/pietroelle\\\/\"}]}<\/script>\n<!-- \/ Yoast SEO plugin. -->","yoast_head_json":{"title":"Edith Stein, santa Teresa Benedetta della Croce (1891-1942) - Rassegna Stampa Cattolica","description":"Rassegna Stampa Cattolica - Per una cultura che nasce dalla Rivelazione cristiana in conformit\u00e0 alla tradizione e al Magistero della Chiesa in opposizione ad ogni relativismo e totalitarismo","robots":{"index":"index","follow":"follow","max-snippet":"max-snippet:-1","max-image-preview":"max-image-preview:large","max-video-preview":"max-video-preview:-1"},"canonical":"https:\/\/www.rassegnastampa-totustuus.it\/cattolica\/edith-stein-santa-teresa-benedetta-della-croce-1891-1942\/","og_locale":"it_IT","og_type":"article","og_title":"Edith Stein, santa Teresa Benedetta della Croce (1891-1942) - Rassegna Stampa Cattolica","og_description":"Rassegna Stampa Cattolica - Per una cultura che nasce dalla Rivelazione cristiana in conformit\u00e0 alla tradizione e al Magistero della Chiesa in opposizione ad ogni relativismo e totalitarismo","og_url":"https:\/\/www.rassegnastampa-totustuus.it\/cattolica\/edith-stein-santa-teresa-benedetta-della-croce-1891-1942\/","og_site_name":"Rassegna Stampa Cattolica","article_publisher":"https:\/\/www.facebook.com\/rassegnastampacattolica","article_published_time":"2005-09-08T22:00:00+00:00","article_modified_time":"2014-11-20T11:17:35+00:00","og_image":[{"url":"http:\/\/www.rassegnastampa-totustuus.it\/cattolica\/wp-content\/uploads\/2005\/09\/Edith-Stein.jpg","type":"","width":"","height":""}],"author":"Redazione","twitter_card":"summary_large_image","twitter_creator":"@rassegnastampa9","twitter_site":"@rassegnastampa9","twitter_misc":{"Scritto da":"Redazione","Tempo di lettura stimato":"10 minuti"},"schema":{"@context":"https:\/\/schema.org","@graph":[{"@type":"Article","@id":"https:\/\/www.rassegnastampa-totustuus.it\/cattolica\/edith-stein-santa-teresa-benedetta-della-croce-1891-1942\/#article","isPartOf":{"@id":"https:\/\/www.rassegnastampa-totustuus.it\/cattolica\/edith-stein-santa-teresa-benedetta-della-croce-1891-1942\/"},"author":{"name":"Redazione","@id":"https:\/\/www.rassegnastampa-totustuus.it\/cattolica\/#\/schema\/person\/08f319d2bd1a0904ad9e2bfb7b15e5c3"},"headline":"Edith Stein, santa Teresa Benedetta della Croce (1891-1942)","datePublished":"2005-09-08T22:00:00+00:00","dateModified":"2014-11-20T11:17:35+00:00","mainEntityOfPage":{"@id":"https:\/\/www.rassegnastampa-totustuus.it\/cattolica\/edith-stein-santa-teresa-benedetta-della-croce-1891-1942\/"},"wordCount":1961,"publisher":{"@id":"https:\/\/www.rassegnastampa-totustuus.it\/cattolica\/#organization"},"image":{"@id":"https:\/\/www.rassegnastampa-totustuus.it\/cattolica\/edith-stein-santa-teresa-benedetta-della-croce-1891-1942\/#primaryimage"},"thumbnailUrl":"http:\/\/www.rassegnastampa-totustuus.it\/cattolica\/wp-content\/uploads\/2005\/09\/Edith-Stein.jpg","keywords":["Edith Stein"],"articleSection":["Chiesa","Santi"],"inLanguage":"it-IT"},{"@type":"WebPage","@id":"https:\/\/www.rassegnastampa-totustuus.it\/cattolica\/edith-stein-santa-teresa-benedetta-della-croce-1891-1942\/","url":"https:\/\/www.rassegnastampa-totustuus.it\/cattolica\/edith-stein-santa-teresa-benedetta-della-croce-1891-1942\/","name":"Edith Stein, santa Teresa Benedetta della Croce (1891-1942) - Rassegna Stampa Cattolica","isPartOf":{"@id":"https:\/\/www.rassegnastampa-totustuus.it\/cattolica\/#website"},"primaryImageOfPage":{"@id":"https:\/\/www.rassegnastampa-totustuus.it\/cattolica\/edith-stein-santa-teresa-benedetta-della-croce-1891-1942\/#primaryimage"},"image":{"@id":"https:\/\/www.rassegnastampa-totustuus.it\/cattolica\/edith-stein-santa-teresa-benedetta-della-croce-1891-1942\/#primaryimage"},"thumbnailUrl":"http:\/\/www.rassegnastampa-totustuus.it\/cattolica\/wp-content\/uploads\/2005\/09\/Edith-Stein.jpg","datePublished":"2005-09-08T22:00:00+00:00","dateModified":"2014-11-20T11:17:35+00:00","description":"Rassegna Stampa Cattolica - Per una cultura che nasce dalla Rivelazione cristiana in conformit\u00e0 alla tradizione e al Magistero della Chiesa in opposizione ad ogni relativismo e totalitarismo","breadcrumb":{"@id":"https:\/\/www.rassegnastampa-totustuus.it\/cattolica\/edith-stein-santa-teresa-benedetta-della-croce-1891-1942\/#breadcrumb"},"inLanguage":"it-IT","potentialAction":[{"@type":"ReadAction","target":["https:\/\/www.rassegnastampa-totustuus.it\/cattolica\/edith-stein-santa-teresa-benedetta-della-croce-1891-1942\/"]}]},{"@type":"ImageObject","inLanguage":"it-IT","@id":"https:\/\/www.rassegnastampa-totustuus.it\/cattolica\/edith-stein-santa-teresa-benedetta-della-croce-1891-1942\/#primaryimage","url":"http:\/\/www.rassegnastampa-totustuus.it\/cattolica\/wp-content\/uploads\/2005\/09\/Edith-Stein.jpg","contentUrl":"http:\/\/www.rassegnastampa-totustuus.it\/cattolica\/wp-content\/uploads\/2005\/09\/Edith-Stein.jpg"},{"@type":"BreadcrumbList","@id":"https:\/\/www.rassegnastampa-totustuus.it\/cattolica\/edith-stein-santa-teresa-benedetta-della-croce-1891-1942\/#breadcrumb","itemListElement":[{"@type":"ListItem","position":1,"name":"Home","item":"https:\/\/www.rassegnastampa-totustuus.it\/cattolica\/"},{"@type":"ListItem","position":2,"name":"Edith Stein, santa Teresa Benedetta della Croce (1891-1942)"}]},{"@type":"WebSite","@id":"https:\/\/www.rassegnastampa-totustuus.it\/cattolica\/#website","url":"https:\/\/www.rassegnastampa-totustuus.it\/cattolica\/","name":"Rassegna Stampa Cattolica","description":"Per una cultura che nasce dalla Rivelazione cristiana in conformit\u00e0 alla tradizione e al Magistero della Chiesa in opposizione ad ogni relativismo e totalitarismo","publisher":{"@id":"https:\/\/www.rassegnastampa-totustuus.it\/cattolica\/#organization"},"alternateName":"Rass. Cattolica","potentialAction":[{"@type":"SearchAction","target":{"@type":"EntryPoint","urlTemplate":"https:\/\/www.rassegnastampa-totustuus.it\/cattolica\/?s={search_term_string}"},"query-input":{"@type":"PropertyValueSpecification","valueRequired":true,"valueName":"search_term_string"}}],"inLanguage":"it-IT"},{"@type":"Organization","@id":"https:\/\/www.rassegnastampa-totustuus.it\/cattolica\/#organization","name":"Rassegna Stampa Cattolica","url":"https:\/\/www.rassegnastampa-totustuus.it\/cattolica\/","logo":{"@type":"ImageObject","inLanguage":"it-IT","@id":"https:\/\/www.rassegnastampa-totustuus.it\/cattolica\/#\/schema\/logo\/image\/","url":"https:\/\/www.rassegnastampa-totustuus.it\/cattolica\/wp-content\/uploads\/2014\/04\/logo-rassegna1.gif","contentUrl":"https:\/\/www.rassegnastampa-totustuus.it\/cattolica\/wp-content\/uploads\/2014\/04\/logo-rassegna1.gif","width":600,"height":163,"caption":"Rassegna Stampa Cattolica"},"image":{"@id":"https:\/\/www.rassegnastampa-totustuus.it\/cattolica\/#\/schema\/logo\/image\/"},"sameAs":["https:\/\/www.facebook.com\/rassegnastampacattolica","https:\/\/x.com\/rassegnastampa9"]},{"@type":"Person","@id":"https:\/\/www.rassegnastampa-totustuus.it\/cattolica\/#\/schema\/person\/08f319d2bd1a0904ad9e2bfb7b15e5c3","name":"Redazione","image":{"@type":"ImageObject","inLanguage":"it-IT","@id":"https:\/\/secure.gravatar.com\/avatar\/2fcdf27c78ea025fbdb44e914cc63c72249ffec9dc8aafd5c82b26240ef3f346?s=96&d=mm&r=g","url":"https:\/\/secure.gravatar.com\/avatar\/2fcdf27c78ea025fbdb44e914cc63c72249ffec9dc8aafd5c82b26240ef3f346?s=96&d=mm&r=g","contentUrl":"https:\/\/secure.gravatar.com\/avatar\/2fcdf27c78ea025fbdb44e914cc63c72249ffec9dc8aafd5c82b26240ef3f346?s=96&d=mm&r=g","caption":"Redazione"},"url":"https:\/\/www.rassegnastampa-totustuus.it\/cattolica\/author\/pietroelle\/"}]}},"_links":{"self":[{"href":"https:\/\/www.rassegnastampa-totustuus.it\/cattolica\/wp-json\/wp\/v2\/posts\/1359","targetHints":{"allow":["GET"]}}],"collection":[{"href":"https:\/\/www.rassegnastampa-totustuus.it\/cattolica\/wp-json\/wp\/v2\/posts"}],"about":[{"href":"https:\/\/www.rassegnastampa-totustuus.it\/cattolica\/wp-json\/wp\/v2\/types\/post"}],"author":[{"embeddable":true,"href":"https:\/\/www.rassegnastampa-totustuus.it\/cattolica\/wp-json\/wp\/v2\/users\/6"}],"replies":[{"embeddable":true,"href":"https:\/\/www.rassegnastampa-totustuus.it\/cattolica\/wp-json\/wp\/v2\/comments?post=1359"}],"version-history":[{"count":3,"href":"https:\/\/www.rassegnastampa-totustuus.it\/cattolica\/wp-json\/wp\/v2\/posts\/1359\/revisions"}],"predecessor-version":[{"id":13725,"href":"https:\/\/www.rassegnastampa-totustuus.it\/cattolica\/wp-json\/wp\/v2\/posts\/1359\/revisions\/13725"}],"wp:attachment":[{"href":"https:\/\/www.rassegnastampa-totustuus.it\/cattolica\/wp-json\/wp\/v2\/media?parent=1359"}],"wp:term":[{"taxonomy":"category","embeddable":true,"href":"https:\/\/www.rassegnastampa-totustuus.it\/cattolica\/wp-json\/wp\/v2\/categories?post=1359"},{"taxonomy":"post_tag","embeddable":true,"href":"https:\/\/www.rassegnastampa-totustuus.it\/cattolica\/wp-json\/wp\/v2\/tags?post=1359"}],"curies":[{"name":"wp","href":"https:\/\/api.w.org\/{rel}","templated":true}]}}