{"id":1357,"date":"2005-09-09T00:00:00","date_gmt":"2005-09-08T22:00:00","guid":{"rendered":""},"modified":"2014-11-20T11:39:18","modified_gmt":"2014-11-20T10:39:18","slug":"cristoforo-colombo-ammiraglio-genovese-e-defensor-fidei","status":"publish","type":"post","link":"https:\/\/www.rassegnastampa-totustuus.it\/cattolica\/cristoforo-colombo-ammiraglio-genovese-e-defensor-fidei\/","title":{"rendered":"Cristoforo Colombo, ammiraglio genovese e &#8221;defensor fidei&#8221;"},"content":{"rendered":"<div style=\"text-align: center;\"><a href=\"https:\/\/www.rassegnastampa-totustuus.it\/cattolica\/wp-content\/uploads\/2005\/09\/Cristoforo-Colombo.jpg\"><img loading=\"lazy\" decoding=\"async\" class=\"alignleft wp-image-13716\" src=\"https:\/\/www.rassegnastampa-totustuus.it\/cattolica\/wp-content\/uploads\/2005\/09\/Cristoforo-Colombo.jpg\" alt=\"Cristoforo Colombo\" width=\"136\" height=\"200\" \/><\/a>Articolo pubblicato sul n. 203 di <strong>Cristianit\u00e0<\/strong><\/div>\n<p style=\"text-align: center;\"><strong> <strong>Nel quinto centenario della scoperta dell&#8217;America<\/strong><\/strong><\/p>\n<p style=\"text-align: justify;\"><em>Tratti caratteristici e significativi della personalit\u00e0 e della cultura dello straordinario uomo di mare, espressione della mentalit\u00e0 della civilt\u00e0 cristiana nel tempo seguente la fine della <\/em>Reconquista<em> della Spagna.<\/em><\/p>\n<p style=\"text-align: center;\">di<strong> Marco Tangheroni <\/strong>e<strong> Maurizio Parenti<\/strong><\/p>\n<p><!--more--><\/p>\n<div style=\"text-align: justify;\">Le ricorrenze di date pi\u00f9 o meno memorabili sono diventate spesso, ai nostri giorni, occasione per celebrazioni di vario tipo, pretesti per operazioni di carattere commerciale o di convenienza accademica; pertanto \u00e8 giustificabile una possibile avversione per tali celebrazioni. Tuttavia, mentre non si pu\u00f2 negare che queste ricorrenze possano anche portare a utili ripensamenti e a effettivi approfondimenti dei vari temi, \u00e8 pure innegabile che &#8211; per dire il meno &#8211; certi &#8220;giochi&#8221; dei numeri abbiano una forte suggestione, in specie per chi, senza pretendere di decifrare i dettagli della Provvidenza storica, a essa crede.<\/div>\n<p style=\"text-align: justify;\">Basti ricordare l&#8217;impressionante rispondenza fra il 1789, data d&#8217;inizio della Rivoluzione francese, e il 1989, data d&#8217;inizio della fine della Rivoluzione comunista come mito e, entro certi limiti, anche come potere (1).<\/p>\n<p style=\"text-align: justify;\">Nel caso, poi, del quinto centenario della scoperta dell&#8217;America, alla oggettiva importanza dell&#8217;argomento si aggiungono motivi d&#8217;intervento di fronte a una polemica crescente e artificiosa, priva di seri contenuti storici e che ha invece bersagli ben precisi, il principale dei quali \u00e8 senz&#8217;altro da identificare nella Chiesa cattolica e nella sua opera di evangelizzazione.<\/p>\n<p style=\"text-align: justify;\">Ne sono protagonisti ambienti protestanti, movimenti indianisti, terzomondismi marxisteggianti, nostalgici inguaribili del catto-comunismo alla disperata ricerca di nuove cause e di nuovi complessi di colpa. E poco sembrano valere gli sforzi e i risultati dell&#8217;autentica ricerca storica.<\/p>\n<p style=\"text-align: justify;\">Come ricorda Franco Cardini, contro questa <em>&#8220;tradizione pseudostoriografica <\/em>[&#8230;]<em> la voce ferma e autorevole di studiosi seri sembra impotente&#8221;<\/em> (2); il che, aggiungiamo, conferma l&#8217;importanza della posta culturale in palio. Gi\u00e0 chiara, peraltro, si \u00e8 levata la voce del Magistero pontificio.<\/p>\n<p style=\"text-align: justify;\">Nel suo secondo pellegrinaggio apostolico in Argentina, Papa Giovanni Paolo II si \u00e8 espresso sul significato storico della scoperta e della conseguente opera di evangelizzazione: <em>&#8220;Negli uomini e nelle donne di questa terra, nei suoi costumi e nel suo stile di vita perfino nella sua architettura, si scoprono i frutti di quell&#8217;incontro di due mondi che ebbe luogo quando giunsero i primi spagnoli ed entrarono in contatto con i popoli indigeni che vivevano in questa regione, e in modo particolare con la cultura quechua-aymar\u00e0. &#8220;Da questo incontro fruttuoso \u00e8 nata la vostra cultura, vivificata dalla fede cattolica che, fin dall&#8217;inizio, si \u00e8 radicata molto profondamente in queste terre&#8221;<\/em> (3).<\/p>\n<p style=\"text-align: justify;\">Appare perci\u00f2 utile un&#8217;opera chiarificatrice, che deve cominciare proprio dalla personalit\u00e0 di Cristoforo Colombo, il primo artefice della scoperta. Infatti, anche sulla sua figura si accaniscono nuovi detrattori, che riprendono vecchi tentativi di ridimensionamento, ipotesi prive di fondamento, interpretazioni non rispondenti a quanto la ricerca storica ha ormai acquisito pur nella difficolt\u00e0 oggettiva delle fonti (4).<\/p>\n<p style=\"text-align: justify;\">N\u00e9 giovano a una buona comprensione della personalit\u00e0 dell&#8217;Ammiraglio certe prospettive insistenti su una sua presunta &#8220;modernit\u00e0&#8221;, che lo avrebbe portato a superare e a vincere i pregiudizi medievali (5).<\/p>\n<p style=\"text-align: justify;\">Queste prospettive riprendono la posizione largamente dominante nella cultura illuminista, che esalt\u00f2 il personaggio Cristoforo Colombo e la sua scoperta, <em>&#8220;triomphe de la raison&#8221;<\/em>, infamando, al tempo stesso, la Spagna e la civilt\u00e0 cattolica (6).<\/p>\n<p style=\"text-align: justify;\">Anche la formula adottata da Paolo Emilio Taviani, <em>&#8220;una psicologia moderna su base medievale&#8221;<\/em>, secondo cui Cristoforo Colombo si collocherebbe <em>&#8220;in mezzo tra due et\u00e0&#8221;<\/em>, perch\u00e9 medievali sarebbero <em>&#8220;l&#8217;impostazione teorica <\/em>[&#8230;],<em> la visione filosofica e teologica e gli stessi presupposti delle sue concezioni scientifiche&#8221;<\/em>, mentre rinascimentali <em>&#8220;il suo ardore investigativo, il vivissimo sentimento della natura, la capacit\u00e0 di affrontare le spiegazioni dei fatti fino ad allora non ancora osservati o spiegati&#8221;<\/em>, paga un tributo non accettabile a una visione convenzionale della curiosit\u00e0 &#8220;scientifica&#8221; e dell&#8217;atteggiamento medievale verso le realt\u00e0 della natura (7).<\/p>\n<p style=\"text-align: justify;\">In verit\u00e0, \u00e8 impossibile comprendere l&#8217;uomo Cristoforo Colombo senza intenderne le profonde radici cattoliche e medievali, senza inquadrarlo nel suo tempo e senza porlo al punto cruciale di una generale espansione europea (8): piuttosto che tentare una biografia (9), ci sembra opportuno insistere proprio su questa chiave di lettura e su alcune questioni a essa connesse.<\/p>\n<p style=\"text-align: justify;\"><strong>La patria di Cristoforo Colombo<\/strong><\/p>\n<p style=\"text-align: justify;\">Approfittando dell&#8217;assenza di un certificato di nascita e della non rarit\u00e0, in tutto il Mediterraneo, del cognome nelle diverse varianti linguistiche, la fantasia degli autori si \u00e8 scatenata nell&#8217;attribuire a Cristoforo Colombo i luoghi di nascita pi\u00f9 diversi: lo si \u00e8 voluto francese, corso, catalano, galiziano, portoghese, greco, inglese, tedesco&#8230;<\/p>\n<p style=\"text-align: justify;\">Ma l&#8217;alternativa pi\u00f9 insistente, e nuovamente ripresentata anche in occasione del quinto centenario della scoperta dell&#8217;America, \u00e8 la sua origine ebraica; essa merita di essere brevemente esaminata perch\u00e9, anche nella versione che lo vorrebbe di famiglia ebraica convertita, un <em>converso<\/em>, questa tesi lo riporterebbe, in parte, a una tradizione culturale diversa da quella da noi indicata come decisiva per la comprensione della sua figura.<\/p>\n<p style=\"text-align: justify;\">Gi\u00e0 formulata, agli inizi del nostro secolo, da Henry Vignaud &#8211; in un&#8217;opera peraltro tesa alla demolizione della grandezza di Cristoforo Colombo (10) -, \u00e8 stata ripresa nel 1939 da uno scrittore particolarmente sottile ed elegante, Salvador de Madariaga, all&#8217;interno di una concezione mirante a esaltare il ruolo dei <em>conversos<\/em> nella Spagna del tempo, decisivi nella guida del regno, dell&#8217;Inquisizione e dell&#8217;economia (11).<\/p>\n<p style=\"text-align: justify;\">Dunque, Cristoforo Colombo sarebbe stato un ebreo catalano convertito, appartenente a una famiglia fuggita in Liguria, dopo i moti antiebraici avvenuti in Catalogna alla fine del secolo XIV. Gli argomenti di Salvador de Madariaga sono di singolare debolezza e soltanto l&#8217;accumulo delle ipotesi e l&#8217;ingegnosit\u00e0 dello stile possono disorientare e stordire un lettore troppo passivo.<\/p>\n<p style=\"text-align: justify;\">Basti dire che i motivi principali sono i seguenti: &#8211; un&#8217;interpretazione ebraica del criptogramma con cui Cristoforo Colombo firmava le sue lettere; &#8211; il fatto che la madre si chiamasse Susanna, personaggio dell&#8217;Antico Testamento; &#8211; il mestiere di tessitore del padre, Domenico, considerato <em>&#8220;mestiere di elezione degli ebrei&#8221;<\/em>.<\/p>\n<p style=\"text-align: justify;\">Ma del criptogramma lo stesso Ammiraglio ci invita a una lettura cristiana e strettamente collegata alla sua convinzione di avere avuto una precisa missione da Dio. Quanto ai nomi, dopo aver osservato che, pur raro, quello di Susanna era presente in tutte le principali casate nobili genovesi, Jacques Heers fa notare che Domenico Colombo dette a tutti i suoi figli nomi <em>&#8220;perfettamente e inequivocabilmente cristiani: Cristoforo, Bartolomeo, Giacomo e Giovanni Pellegrino&#8221;<\/em> (12).<\/p>\n<p style=\"text-align: justify;\">Quanto all&#8217;argomentazione relativa al mestiere del padre, citiamo ancora Jacques Heers: <em>&#8220;L&#8217;affermazione lascia alquanto sbalorditi se si pensa alle migliaia e migliaia di telai che a quel tempo tessevano la lana nelle citt\u00e0 e nelle campagne d&#8217;Italia&#8221;<\/em>; a Genova, poi, non vi \u00e8 nessuna traccia di una presenza ebraica in questo settore, anzi, a differenza di altre citt\u00e0, come Venezia, la presenza ebraica in generale era, attorno al 1450, praticamente inesistente (13).<\/p>\n<p style=\"text-align: justify;\">Ancor meno serio &#8211; per riprendere il severo ma giusto giudizio di Bartolom\u00e9 e di Lucile Bennassar (14) &#8211; \u00e8 pretendere, come fa Simon Wiesenthal, che Cristoforo Colombo cercasse nelle Indie una patria per stabilirvi gli ebrei iberici minacciati di espulsione (15): basti osservare che il progetto del navigatore genovese era stato formulato compiutamente almeno un decennio prima, mentre il provvedimento dei Re Cattolici fu una decisione quasi improvvisa.<\/p>\n<p style=\"text-align: justify;\">In realt\u00e0, oggi non si pu\u00f2 seriamente dubitare che Cristoforo Colombo fosse genovese, di famiglia originaria della montagna ligure. Sappiamo che suo padre, di nome Domenico, esercitava il mestiere di tessitore e, legato al <em>clan<\/em> familiare dei Fregoso, fu guardiano della porta dell&#8217;Olivella. Conosciamo anche il nonno, Giovanni, anch&#8217;egli tessitore.<\/p>\n<p style=\"text-align: justify;\">La ricerca d&#8217;archivio ha aggiunto vari documenti alla generale attestazione dei suoi contemporanei che lo indicano come genovese. E poich\u00e9 allora i genovesi erano quelli che si muovevano su pi\u00f9 ampi spazi marittimi, assicurando i trasporti per mare dal Mar Nero alle Fiandre e all&#8217;Inghilterra, si possono ben comprendere le sue esperienze giovanili a Chio, il lungo soggiorno in Portogallo, con le prime esperienze oceaniche e il concepimento del suo progetto, perfino certi aspetti del suo soggiorno in Andalusia, ove la presenza di uomini d&#8217;affari genovesi e fiorentini era, come in Portogallo, notevole.<\/p>\n<p style=\"text-align: justify;\"><strong>Il progetto. Rifiuti e approvazioni<\/strong><\/p>\n<p style=\"text-align: justify;\">Come l&#8217;esperienza marinara di Cristoforo Colombo si inquadra perfettamente nella storia della sua patria e del suo tempo, cos\u00ec il progetto di raggiungere l&#8217;Oriente passando, attraverso l&#8217;Oceano, per l&#8217;Occidente, si stava imponendo, sia pure in maniera sfocata e imprecisa, in diversi ambienti scientifici ed eruditi dell&#8217;epoca: basti ricordare l&#8217;influenza di Paolo dal Pozzo Toscanelli.<\/p>\n<p style=\"text-align: justify;\">Il navigatore genovese ha il merito di concepire con maggior precisione il disegno, rafforzando le tesi di alcuni dotti con la personale esperienza di uomo di mare, che aveva osservato indizi significativi e raccolto anche alcune voci degli ambienti marinari; e quindi di perseguire con ostinazione la realizzazione dell&#8217;impresa condotta, poi, con le sue straordinarie doti nella guida delle navi e degli uomini (16).<\/p>\n<p style=\"text-align: justify;\">Tuttavia \u00e8 bene ricordare che il suo progetto si basava su un duplice errore geografico, pur condiviso da sapienti di grande autorit\u00e0, e verrebbe voglia di esclamare con la liturgia del Sabato Santo: <em>felix culpa! <\/em>: infatti egli riteneva la Terra molto pi\u00f9 piccola e l&#8217;Asia molto pi\u00f9 estesa verso l&#8217;Europa. Cos\u00ec gli pot\u00e9 apparire realizzabile un viaggio che, senza l&#8217;inattesa presenza di un altro continente, si sarebbe rivelato, evidentemente, impossibile.<\/p>\n<p style=\"text-align: justify;\">\u00c8 importante ricordare questo fatto perch\u00e9 ci permette di comprendere il parere negativo sia degli studiosi consultati dal re del Portogallo, Giovanni II, sia di quelli spagnoli, in buona parte dell&#8217;universit\u00e0 di Salamanca, interpellati dai Re Cattolici. Essi avevano, da un punto di vista matematico e geografico, ragione. E su questo piano avvennero, com&#8217;\u00e8 documentato, le discussioni.<\/p>\n<p style=\"text-align: justify;\">Naturalmente non era in questione la sfericit\u00e0 della Terra, dato pienamente acquisito dalla cultura geografica medievale, ma la sua dimensione; e non sarebbe stato necessario ricordarlo se non fosse ancora largamente diffuso questo luogo comune tipico della &#8220;leggenda nera&#8221; sul Medioevo. Dunque tali studiosi non erano, come spesso li si immagina, i rappresentanti di una cultura vecchia, superata, &#8220;medioevale&#8221;, contrapposta a quella nuova e &#8220;moderna&#8221; di Cristoforo Colombo.<\/p>\n<p style=\"text-align: justify;\">Ancor meno essi erano fanatici religiosi nemici della umanistica laicit\u00e0 del genovese, come, per esempio, ce li raffigurava uno sceneggiato televisivo realizzato alcuni anni or sono, senza risparmiarci nessuno dei <em>topoi<\/em> che era, ahim\u00e9, prevedibile attendersi: facce incavate, occhi ardenti, voci stridule. Semmai era proprio Cristoforo Colombo a superare, di fronte agli altri e a s\u00e9 stesso, le obbiezioni oltre che con argomenti razionali anche con una convinzione progressivamente crescente di una missione affidatagli dalla Provvidenza.<\/p>\n<p style=\"text-align: justify;\">Un&#8217;ultima considerazione: perch\u00e9 il progetto di Cristoforo Colombo, che era stato giudicato negativamente da ripetuti autorevoli pareri, trov\u00f2 quasi improvvisamente accoglienza da parte dei Re Cattolici nei primi mesi del 1492? Indubbiamente pesarono i sostenitori e i finanziatori che il navigatore genovese era riuscito a procurarsi, ma la spiegazione essenziale \u00e8 da ricercarsi nell&#8217;euforia dei sovrani, della Corte e del popolo spagnoli per l&#8217;avvenuto compimento del processo di <em>Reconquista<\/em>, avviato dalla met\u00e0 del secolo VIII e terminato il 2 gennaio 1492 con la conquista di Granada: un quinto centenario, questo, che il governo socialista spagnolo non ha avuto il coraggio di celebrare o di commemorare.<\/p>\n<p style=\"text-align: justify;\"><strong>La religiosit\u00e0 di Cristoforo Colombo<\/strong><\/p>\n<p style=\"text-align: justify;\">Certamente in Cristoforo Colombo e in coloro che lo seguirono, come in generale nell&#8217;espansione europea della fine del Medioevo, non sono da trascurare le motivazioni di tipo economico e, in particolare, la ricerca dell&#8217;oro, senza dimenticare che, a partire dagli anni Quaranta del secolo XV, per i portoghesi acquista crescente importanza anche la cattura di schiavi lungo le coste africane: ma questa motivazione economica \u00e8 assente dal progetto del navigatore genovese; pi\u00f9 in generale, in tale espansione si manifesta <em>&#8220;l&#8217;incoercibile bisogno, pi\u00f9 o meno cosciente, di spazio&#8221;<\/em> (17), non per eccesso di popolazione &#8211; le grandi epidemie di peste del secolo precedente avevano abbattuto di circa il 40% la popolazione europea -, ma per la ricerca di orizzonti pi\u00f9 ampi, anche in relazione al serrarsi del Mediterraneo Orientale per l&#8217;avanzata dei turchi ottomani e al completamento della <em>Reconquista<\/em>.<\/p>\n<p style=\"text-align: justify;\">Inoltre, per Cristoforo Colombo le motivazioni di ordine religioso avevano un peso notevole, che sarebbe estremamente ingiusto e arbitrario ridurre a giustificazioni strumentali o a residui poco significativi di riti o di pratiche a carattere magico e superstizioso.<\/p>\n<p style=\"text-align: justify;\">E ci\u00f2 va ribadito contro gli storici moderni poco propensi a prendere in considerazione il richiamo religioso; essi, come ha osservato Jacques Heers, <em>&#8220;se ne parlano, vi vedono un elemento troppo trascurabile per evocarlo in maniera attenta, oppure un semplice pretesto. Molti pensano volentieri che il Genovese parlasse di dovere religioso, di servizio di Cristo e di prospettive di evangelizzazione solo per conciliarsi meglio le buone grazie della regina attraverso una manovra interessata&#8221;<\/em> (18).<\/p>\n<p style=\"text-align: justify;\">Gi\u00e0 la lettura del <em>Diario di bordo<\/em> ci offre un&#8217;ampia esemplificazione di questi aspetti decisivi per comprendere la personalit\u00e0 dell&#8217;Ammiraglio (19): ci limitiamo a qualche esempio, per altro assai eloquente, circa la profonda religiosit\u00e0 di Cristoforo Colombo e la sua convinzione di svolgere una missione accompagnata dal favore divino. In data 23 settembre 1492 egli istituisce un parallelo fra s\u00e9 e Mos\u00e9: come allora a Mos\u00e9, che conduceva gli ebrei fuori dalla schiavit\u00f9 egiziana, risult\u00f2 utile il mare grosso in assenza di vento, cos\u00ec lo stesso straordinario fenomeno si \u00e8 ripetuto a suo vantaggio per tranquillizzare i marinai timorosi circa la possibilit\u00e0 di fare ritorno.<\/p>\n<p style=\"text-align: justify;\">Il problema della conversione degli indigeni \u00e8, fin dallo stesso primo contatto del 12 ottobre, al centro dell&#8217;attenzione dello scopritore: <em>&#8220;Conobbi che era gente che meglio si salverebbe e si convertirebbe alla nostra santa fede con l&#8217;amore che con la forza&#8221;<\/em> (20). E in data 27 novembre, rivolgendosi ai sovrani spagnoli, dopo aver esposto la necessit\u00e0 di superare la barriera linguistica, scrive: <em>&#8220;E poi si raccoglieranno i benefici e si lavorer\u00e0 per fare cristiani tutti questi popoli, il che agevolmente si far\u00e0 perch\u00e9 essi non hanno setta alcuna, n\u00e9 sono idolatri&#8221;<\/em> (21).<\/p>\n<p style=\"text-align: justify;\">Sempre il <em>Diario di bordo<\/em> ci informa sul comportamento e sui pensieri di Cristoforo Colombo durante la spaventosa tempesta che coglie le due caravelle superstiti a met\u00e0 febbraio, durante il viaggio di ritorno. In tali drammatici frangenti egli ha il timore che Dio gli impedisca il ritorno e <em>&#8220;attribu\u00ec questo alla sua poca fede e alla mancanza di fiducia nella Provvidenza divina. D&#8217;altra parte lo confortavano le grazie che Dio gli aveva fatto, dandogli tanto grande vittoria, permettendogli di scoprire quello che aveva scoperto. <\/em>[&#8230;]<em> E che, come nel passato aveva posto il suo fine e indirizzato tutta la sua impresa a Dio e lo aveva ascoltato <\/em>[&#8230;]<em> doveva credere che gli darebbe compimento di quanto cominciato e lo porterebbe a salvamento&#8221;<\/em> (22).<\/p>\n<p style=\"text-align: justify;\">Da buon capitano medievale Cristoforo Colombo si preoccupa <em>&#8220;che si estraesse a sorte un pellegrino che andasse a Santa Maria di Guadalupe e portasse un cero di 5 libbre di cera&#8221;<\/em>, e la sorte designa proprio lui: a questo santuario dell&#8217;Estremadura condurr\u00e0 di persona i primi indiani portati in Spagna a ricevere il battesimo. Poi viene deciso anche <em>&#8220;di mandare un pellegrino a Santa Maria di Loreto, che \u00e8 nella marca di Ancona, terra del Papa, che \u00e8 una casa dove Nostra Signora ha fatto e fa molti e grandi miracoli&#8221;<\/em>; <em>&#8220;dopo di ci\u00f2 l&#8217;Ammiraglio e tutto l&#8217;equipaggio fecero voto di andare, arrivando alla prima terra, tutti in camicia in processione a far preghiera in una chiesa che fosse dedicata a Nostra Signora&#8221;<\/em> (23).<\/p>\n<p style=\"text-align: justify;\">Va inoltre ricordato che l&#8217;Ammiraglio tiene sempre presenti, anche nel corso delle sue esplorazioni, il calendario liturgico, le solennit\u00e0 ecclesiastiche e i misteri della Fede (24). Il 6 dicembre 1492, giorno della festivit\u00e0 di san Nicola, chiama con quel nome il porto dell&#8217;isola Hispaniola &#8211; poi Haiti &#8211; in cui si trovava, come nel secondo viaggio un promontorio riceve il nome di Cabo Cruz il 3 maggio, giorno del rinvenimento della Croce.<\/p>\n<p style=\"text-align: justify;\"><strong style=\"font-size: 12px;\">Cristoforo Colombo, il Santo Sepolcro e la Crociata<\/strong><\/p>\n<p style=\"text-align: justify;\">Un motivo ricorrente nei testi di Cristoforo Colombo \u00e8 quello della finalizzazione dei risultati della sua impresa alla liberazione del Santo Sepolcro. Nel <em>Diario di bordo<\/em>, dopo aver narrato la costruzione del primo insediamento, quello di Navidad &#8211; fondato il 25 dicembre del 1492, subito dopo il naufragio della <em>Santa Maria<\/em>. -, afferma che intende ritornare in un secondo viaggio dalla Castiglia e trovare oro e spezie <em>&#8220;in tanta quantit\u00e0 che i re, prima di 3 anni, intraprendessero e preparassero [l&#8217;azione] per andare a conquistare la Casa Santa&#8221;<\/em> confermando cos\u00ec l&#8217;impegno preso <em>&#8220;con fermezza&#8221;<\/em> con i sovrani prima della sua partenza, e cio\u00e8 <em>&#8220;che tutto il guadagno di questa mia impresa si spendesse nella riconquista di Gerusalemme&#8221;<\/em>.<\/p>\n<p style=\"text-align: justify;\">In quell&#8217;occasione &#8211; ricorda &#8211; i sovrani <em>&#8220;sorrisero e dissero che piaceva loro e che [anche] senza questo avevano quel desiderio&#8221;<\/em> (25). Nell&#8217;atto con cui istituisce il maggiorascato a favore di don Diego, il suo primogenito, Cristoforo Colombo ricorda nuovamente l&#8217;intenzione di spendere la rendita delle Indie <em>&#8220;per la conquista di Gerusalemme&#8221;<\/em> e impegna il figlio, o il suo erede, <em>&#8220;ad andare con il Re Nostro Signore, se andr\u00e0 a Gerusalemme a conquistarla, o anche solo, con la maggior forza possibile&#8221;<\/em> (26).<\/p>\n<p style=\"text-align: justify;\">Dopo il terzo viaggio, fra il 1501 e il 1502, l&#8217;Ammiraglio, temporaneamente caduto in disgrazia presso i sovrani, pone mano al <em>Libro de las Profecias<\/em>, una raccolta di passi biblici, di Padri della Chiesa e di Seneca <em>&#8220;circa materiam recuperande sancte civitatis et montis Dei Syon ac inventionis et conversionis insularum Indie et omnium gentium atque nationum ad reges nostros Hispanos&#8221;<\/em>, come suona il titolo del manoscritto conservato nella Biblioteca Colombina di Siviglia (27).<\/p>\n<p style=\"text-align: justify;\">Del resto, come orgogliosamente affermava, sempre nel 1501, in una lunga lettera ai Re Cattolici, non aveva forse scritto l&#8217;abate Gioacchino che <em>&#8220;doveva uscire di Spagna chi avrebbe riedificato la casa del monte Sion&#8221;<\/em> (28)?<\/p>\n<p style=\"text-align: justify;\">Nella stessa lettera, pur amareggiato, umiliato, deluso, afferma chiaramente di considerarsi il missionario predestinato a portare a Cristo gli abitanti delle terre da lui scoperte, in <em>&#8220;pieno compimento di ci\u00f2 che disse Isaia&#8221;<\/em> e grazie a <em>&#8220;un miracolo evidentissimo che volle fare Nostro Signore in questo affare del viaggio alle Indie&#8221;<\/em> (29). E se indubbiamente il progetto crociato non fu realizzato, come dimenticare, comunque, che <em>&#8220;l&#8217;oro del Nuovo Mondo servir\u00e0 a finanziare eserciti e <\/em>armadas<em> contro i Turchi&#8221;<\/em> (30)?<\/p>\n<p style=\"text-align: justify;\">Negli anni Ottanta \u00e8 stato scoperto un <em>libro copiador<\/em>, cio\u00e8 un quaderno copialettere, contenente nove lettere di Cristoforo Colombo, sette delle quali inedite (31). Alcune di esse, tutte indirizzate ai Re Cattolici e ricche di diverse informazioni nuove, confermano ulteriormente le profonde radici medievali e cristiane della personalit\u00e0 del navigatore e l&#8217;alta consapevolezza del significato storico dell&#8217;impresa compiuta. E ritorna, in una di esse, il tema del ricupero della <em>&#8220;Casa Santa&#8221;<\/em> di Gerusalemme.<\/p>\n<p style=\"text-align: justify;\"><strong>Cristoforo Colombo, il criptogramma e la devozione alla Santissima Trinit\u00e0<\/strong><\/p>\n<p style=\"text-align: justify;\">Geo Pistarino ha avanzato un&#8217;ipotesi interpretativa del famoso criptogramma o acronimo che Cristoforo Colombo crea probabilmente in occasione del secondo viaggio, di cui impone l&#8217;adozione ai suoi eredi nel testamento del 1498 e che adotta poi sistematicamente come firma, dopo aver pazientemente esaminato tutte le ipotesi, anche le pi\u00f9 arbitrarie e strampalate, formulate nei secoli, con trascrizioni in ebraico o, addirittura, in linguaggio esoterico-massonico o pseudo-templare (32).<\/p>\n<p style=\"text-align: justify;\">Sulla base delle indicazioni date dall&#8217;Ammiraglio, bisogna ricercare la corretta interpretazione nell&#8217;ambito preciso della sua religiosit\u00e0 cattolica. Non a caso, a partire dal 1502, alla base del criptogramma egli pone, in sostituzione del precedente <em>El Almirante, <\/em>la spiegazione del significato del suo nome: <em>Christo<\/em> <em>ferens<\/em>, che porta a Cristo.<\/p>\n<p style=\"text-align: justify;\">Secondo l&#8217;ipotesi di lettura prospettata da Geo Pistarino le tre &#8220;S&#8221; del triangolo superiore andrebbero lette come una ripetuta e circolare invocazione allo Spirito Santo, al <em>Sanctus Spiritus<\/em> mentre le lettere inferiori rimanderebbero ai nomi <em>Christus, Maria, Yesus<\/em>, ricordando che nella scrittura spagnola dell&#8217;epoca &#8220;Y&#8221; e &#8220;J&#8221; si identificavano. La &#8220;A&#8221; starebbe per <em>Altissimus<\/em>. La forma generale, poi, richiamerebbe il triangolo trinitario.<\/p>\n<p style=\"text-align: justify;\">Senza esaminare questa ipotesi in tutti i suoi aspetti, compreso il problema dei rapporti fra Cristoforo Colombo ed eredit\u00e0 gioachimite, pi\u00f9 o meno dirette, importa riprendere alcune osservazioni dell&#8217;autore su due cardini della spiritualit\u00e0 del genovese: la devozione mariana &#8211; si pensi ai toponimi da lui dati di Asunci\u00f3n, Concepci\u00f3n, Anunciaci\u00f3n<em> &#8211;<\/em> e quella verso la Santissima Trinit\u00e0.<\/p>\n<p style=\"text-align: justify;\">A questa, secondo quanto affermava in una lettera scritta dalla <em>Ni\u00f1a<\/em> il 15 febbraio 1493, tutta la Cristianit\u00e0 doveva dare <em>&#8220;solenni grazie&#8221;<\/em> con molte orazioni <em>&#8220;per la grande esaltazione che avranno dall&#8217;accesso di tanti popoli alla nostra santa fede&#8221;<\/em> (33). E <em>&#8220;in nome della Santa Trinit\u00e0&#8221;<\/em> muove, in occasione del secondo viaggio, all&#8217;esplorazione di Cuba.<\/p>\n<p style=\"text-align: justify;\">Di pi\u00f9: all&#8217;inizio dell&#8217;atto del maggiorascato del 1498, Cristoforo Colombo attribuisce alla Santissima Trinit\u00e0 l&#8217;idea prima &#8211; <em>&#8220;ci ha messo in mente&#8221;<\/em> &#8211; e poi la precisa concezione &#8211; <em>&#8220;perfetta comprensione&#8221;<\/em> &#8211; della possibilit\u00e0 di andare dalla Spagna alle Indie <em>&#8220;passando il Mare Oceano a Ponente&#8221;<\/em> (34).<\/p>\n<p style=\"text-align: justify;\">Nello stesso anno, nella lettera scritta dall&#8217;isola di Hispaniola ai Re Cattolici con la relazione del terzo viaggio, il richiamo alla Santa Trinit\u00e0 \u00e8 continuo: Essa ha mosso i sovrani ad appoggiare l&#8217;impresa di cui era il messaggero; in Suo nome \u00e8 partito ogni volta; con il Suo aiuto compir\u00e0 gli ordini che gli verranno dati (35).<\/p>\n<p style=\"text-align: justify;\"><strong>Non santo ma <em>defensor fidei<\/em><\/strong><\/p>\n<p style=\"text-align: justify;\">Con quanto siamo venuti dicendo non intendiamo, certamente, proporre la causa di beatificazione di Cristoforo Colombo. Non mancano, del resto, nella sua vita aspetti sconcertanti, come la lunga convivenza <em>more uxorio<\/em> con Beatrice de Harana, o, pur comprensibili per gli usi della sua epoca, ma condannabili &#8211; e non approvati dalla regina Isabella -, come la riduzione in schiavit\u00f9 di alcuni indigeni.<\/p>\n<p style=\"text-align: justify;\">Ma intendiamo, questo s\u00ec, ricondurne la figura e la personalit\u00e0 alle dimensioni cattoliche e medievali che, a nostro parere e seguendo rispettosamente le fonti, le caratterizzano. In questo senso ci pare efficace la formula di Paolo Emilio Taviani: <em>&#8220;non santo, ma<\/em> defensor fidei<em>&#8220;<\/em> (36).<\/p>\n<p style=\"text-align: justify;\">Ci sembra dunque giusto concludere riportando alcuni giudizi che sostanzialmente condividiamo. Secondo Samuel Eliot Morrison, se \u00e8 vero che Cristoforo Colombo sembra spegnersi sotto il segno della sconfitta, senza aver trovato il Gran Khan, senza aver convertito moltitudini di pagani, senza aver riconquistato Gerusalemme, senza aver saputo assicurare un futuro ai propri familiari, senza la partecipazione di nessun membro della Corte ai suoi funerali a Valladolid, \u00e8 anche vero che <em>&#8220;la profonda convinzione che era in lui dell&#8217;immanenza, dell&#8217;onnipotenza e dell&#8217;infinita sapienza di Dio allevi\u00f2 le sue pene ed esalt\u00f2 i suoi trionfi. Non \u00e8 quindi la piet\u00e0 il sentimento che dobbiamo nutrire per l&#8217;Ammiraglio del Mare Oceano&#8221;<\/em> (37).<\/p>\n<p style=\"text-align: justify;\">Secondo Jacques Heers, <em>&#8220;<\/em>[&#8230;] <em>lo scopritore del Nuovo Mondo si presenta a noi come un uomo di grande fede, profondamente attaccato alle proprie convinzioni, compenetrato di religiosit\u00e0, accanito nel difendere e nell&#8217;esaltare il cristianesimo ovunque, nel promuovere una riconquista o una conquista contro i nemici di Dio, gli infedeli o i pagani. \u00c8 perfino il solo tratto della sua personalit\u00e0 che non ammette discussioni, che ci appaia chiaramente, mentre altri, sui quali si \u00e8 tanto e gratuitamente ricamato, ci sfuggono quasi completamente&#8221;<\/em> (38).<\/p>\n<p style=\"text-align: justify;\">E ancora: <em>&#8220;Per Colombo ed altri, il viaggio, la peregrinazione, rimaneva, come ai tempi eroici dell&#8217;evangelizzazione dell&#8217;Europa, la virt\u00f9 dei campioni di Dio, di coloro che abbandonano tutto per il suo servizio. Nuovi propagatori della fede, nuovi Crociati, questi capitani di mare e cavalieri di Cristo issano sempre il segno della croce sugli alberi delle loro caravelle&#8221;<\/em> (39), e gi\u00e0 durante il primo viaggio, come annota nel <em>Diario di bordo<\/em>, Cristoforo Colombo <em>&#8220;in ogni posto dove sbarcava faceva innalzare una croce e ve la lasciava&#8221;<\/em> (40).<\/p>\n<p style=\"text-align: justify;\">Insomma, alla domanda che oggi, con intenti spesso polemici, viene insistentemente ripetuta: &#8220;Fu vera gloria?&#8221; (41), riteniamo di dover rispondere affermativamente che s\u00ec, fu vera gloria.<\/p>\n<p style=\"text-align: center;\">_________________________<\/p>\n<p style=\"text-align: center;\"><strong>Cronologia della vita di Cristoforo Colombo<\/strong><\/p>\n<p style=\"text-align: justify;\"><strong>1451.<\/strong> Nasce a Genova tra il 25 agosto e il 31 ottobre.<\/p>\n<p style=\"text-align: justify;\"><strong>1474-1476.<\/strong> Compie i primi viaggi in mare aperto, a Chio, nell&#8217;Egeo, e, forse, un&#8217;impresa corsara a Tunisi.<\/p>\n<p style=\"text-align: justify;\"><span style=\"font-size: 12px;\">13 Agosto <\/span><strong style=\"font-size: 12px;\">1476.<\/strong><span style=\"font-size: 12px;\"> Giunge fortunosamente in Portogallo dopo un naufragio.<\/span><\/p>\n<p style=\"text-align: justify;\"><strong>1476-1483<\/strong>. Si stabilisce a Lisbona da dove compie viaggi verso l&#8217;Inghilterra, l&#8217;Irlanda, forse l&#8217;Islanda, gli arcipelaghi atlantici e le coste della Guinea.<\/p>\n<p style=\"text-align: justify;\"><strong>1479-1480<\/strong>. Sposa Felipa Moniz Perestrello; dalla loro unione nascer\u00e0 Diego.<\/p>\n<p style=\"text-align: justify;\"><strong>1480-1482.<\/strong> A questi anni dovrebbe risalire la corrispondenza con Paolo dal Pozzo Toscanelli.<\/p>\n<p style=\"text-align: justify;\"><strong>1484.<\/strong> Propone a Giovanni II, re di Portogallo, il suo progetto, ma ne riceve un rifiuto.<\/p>\n<p style=\"text-align: justify;\"><strong>1485.<\/strong> Morta la moglie Felipa, si trasferisce in Spagna, nella zona di Palos.<\/p>\n<p style=\"text-align: justify;\">Gennaio <strong>1486.<\/strong> Ad Alcal\u00e1 de Henares, viene ricevuto dai Re Cattolici, ai quali espone il suo progetto.<\/p>\n<p style=\"text-align: justify;\">Agosto <strong>1488.<\/strong> Nasce Ferdinando, figlio naturale di Colombo e di Beatriz Enriquez de Harana.<\/p>\n<p style=\"text-align: justify;\">2 gennaio <strong>1492.<\/strong> I Re Cattolici entrano vittoriosi in Granada, mettendo fine alla Reconquista.<\/p>\n<p style=\"text-align: justify;\">17 aprile <strong>1492.<\/strong> I sovrani sottoscrivono in questa data le Capitolazioni nell&#8217;accampamento reale di Santa F\u00e9.<\/p>\n<p style=\"text-align: justify;\">3 agosto <strong>1492.<\/strong> Al comando di 3 imbarcazioni lascia il porto di Palos, iniziando il primo dei suoi quattro viaggi, e il 6 settembre, dopo una sosta tecnica alle Canarie, la flotta inizia la vera e propria traversata oceanica.<\/p>\n<p style=\"text-align: justify;\">12 ottobre <strong>1492.<\/strong> Dopo 33 giorni di navigazione, viene avvistata l&#8217;isola di Guanahan\u00ec, l&#8217;indomani ribattezzata San Salvador, nell&#8217;arcipelago delle Bahamas.<\/p>\n<p style=\"text-align: justify;\">Ottobre-dicembre <strong>1492.<\/strong> Vengono scoperte Santa Maria de la Concepci\u00f3n, Fernandina, Isabela, le Islas de Arena, Cuba, il 27 ottobre, e Hispaniola, il 6 dicembre.<\/p>\n<p style=\"text-align: justify;\">25 dicembre <strong>1492.<\/strong> La Santa Maria naufraga; con i rottami viene edificata la fortezza della Navidad.<\/p>\n<p style=\"text-align: justify;\">16 gennaio <strong>1493.<\/strong> Le due caravelle rimaste intraprendono il viaggio di ritorno.<\/p>\n<p style=\"text-align: justify;\">4 marzo <strong>1493.<\/strong> La Ni\u00f1a, capitanata da Cristoforo Colombo, giunge a Lisbona, e il 15 marzo, dopo 32 settimane, rientra nel porto di Palos, concludendo cos\u00ec il primo viaggio.<\/p>\n<p style=\"text-align: justify;\">Aprile <strong>1493<\/strong>. Viene trionfalmente accolto dai sovrani a Barcellona.<\/p>\n<p style=\"text-align: justify;\">25 settembre <strong>1493.<\/strong> Al comando di 17 navi e 1700 uomini, parte da Cadice per il secondo viaggio.<\/p>\n<p style=\"text-align: justify;\">3 novembre <strong>1493.<\/strong> Salpata il 13 ottobre da Ferro, nelle Canarie, la flotta raggiunge la Dominica, e quindi, il 27 novembre, la Hispaniola.<\/p>\n<p style=\"text-align: justify;\">Aprile <strong>1494.<\/strong> Compie esplorazioni lungo la costa meridionale di Cuba e scopre la Giamaica.<\/p>\n<p style=\"text-align: justify;\">10 marzo <strong>1496.<\/strong> Inizia il viaggio di ritorno, conclusosi a Cadice l&#8217;11 giugno.<\/p>\n<p style=\"text-align: justify;\">30 maggio <strong>1498.<\/strong> Parte con 6 imbarcazioni per il terzo viaggio, giungendo il 31 luglio in vista di Trinidad.<\/p>\n<p style=\"text-align: justify;\">Agosto <strong>1498.<\/strong> Tocca per la prima volta le sponde del continente sudamericano.<\/p>\n<p style=\"text-align: justify;\">Autunno <strong>1498<\/strong>-estate <strong>1500.<\/strong> A Hispaniola deve far fronte alle rivolte degli spagnoli e degli indigeni.<\/p>\n<p style=\"text-align: justify;\">Agosto <strong>1500.<\/strong> Francisco de Bobadilla, abusando del suo incarico, arresta Cristoforo Colombo, che, incatenato, giunge in Spagna alla fine di ottobre.<\/p>\n<p style=\"text-align: justify;\"><strong>1501.<\/strong> Scrive il cosiddetto Libro de las Profecias.<\/p>\n<p style=\"text-align: justify;\">11 maggio <strong>1502.<\/strong> Lascia Cadice e inizia il quarto viaggio al comando di 4 caravelle, arrivando a Hispaniola alla fine di giugno.<\/p>\n<p style=\"text-align: justify;\">30 luglio <strong>1502.<\/strong> Giunge sulla costa dell&#8217;Honduras; fino al 16 aprile 1503 esplorer\u00e0 le coste dell&#8217;America Centrale, toccando Nicaragua, Costarica e Panama.<\/p>\n<p style=\"text-align: justify;\">25 giugno <strong>1503<\/strong>-28 giugno <strong>1504<\/strong>. Si dirige verso Cuba e poi in Giamaica, dove attender\u00e0 per un anno i soccorsi.<\/p>\n<p style=\"text-align: justify;\">12 settembre <strong>1504.<\/strong> Giunto in agosto a Hispaniola, lascia definitivamente le Indie Occidentali.<\/p>\n<p style=\"text-align: justify;\">7 novembre <strong>1504<\/strong>. Con l&#8217;arrivo a San Lucar de Barrameda ha termine il quarto e ultimo viaggio.<\/p>\n<p style=\"text-align: justify;\">20 maggio <strong>1506:<\/strong> Ricevuti i sacramenti, circondato dai figli, dai fratelli, dai servitori e dagli amici, muore a Valladolid.<\/p>\n<p style=\"text-align: justify;\"><strong>Note<\/strong><\/p>\n<p style=\"text-align: justify;\"><strong>(1)<\/strong> Cfr. Giovanni Cantoni, URSS, agosto 1991: una tappa sulla strada del postcomunismo, in Cristianit\u00e0, anno XIX, n. 197-198, settembre-ottobre 1991.<\/p>\n<p style=\"text-align: justify;\"><span style=\"font-size: 12px;\"><strong>(2)<\/strong> Franco Cardini, Dio salvi la regina Isabella, in il Giornale, 20-1-1992.<\/span><\/p>\n<p style=\"text-align: justify;\"><span style=\"font-size: 12px;\"><strong>(3)<\/strong> Giovanni Paolo II, Omelia a Salta, in Argentina, dell&#8217;8-4-1987, in Insegnamenti di Giovanni Paolo II, vol. X, 1, p. 1178.<\/span><\/p>\n<p style=\"text-align: justify;\"><span style=\"font-size: 12px;\"><strong>(4)<\/strong> Esponenti del Movimiento Indianista sono giunti a dire che &#8220;al confronto di Colombo Hitler sembra un delinquente alle prime armi&#8221; (Felipe Fernandez-Armesto, In defence of Columbus. The trouble with Eden, in The Economist, 21-12-1991, p. 47).<\/span><\/p>\n<p style=\"text-align: justify;\"><span style=\"font-size: 12px;\"><strong>(5)<\/strong> Dalle Capitulaciones de Santa F\u00e9, cio\u00e8 dagli accordi con i Re Cattolici, Isabella di Castiglia e Ferdinando d&#8217;Aragona, il 17 aprile 1492, nel quartier generale dell&#8217;assedio di Granada, Cristoforo Colombo ha il titolo di Ammiraglio, trasmissibile per via ereditaria.<\/span><\/p>\n<p style=\"text-align: justify;\"><span style=\"font-size: 12px;\"><strong>(6)<\/strong> Cfr. Bartolom\u00e9 Bennassar e Lucile Bennassar, 1492. Un monde nouveau?, Perrin, Parigi 1991, pp. 50-55.<\/span><\/p>\n<p style=\"text-align: justify;\"><span style=\"font-size: 12px;\"><strong>(7)<\/strong> Paolo Emilio Taviani, I viaggi di Colombo. La grande scoperta, Istituto Geografico De Agostini, Novara 1984, 2\u00b0 vol., p. 323.<\/span><\/p>\n<p style=\"text-align: justify;\"><span style=\"font-size: 12px;\"><strong>(8)<\/strong> Cfr. Pierre Chaunu, L&#8217;espansione europea dal XIII al XV secolo, trad. it., Mursia, Milano 1979.<\/span><\/p>\n<p style=\"text-align: justify;\"><span style=\"font-size: 12px;\"><strong>(9)<\/strong> A nostro parere la migliore, anche per l&#8217;inquadramento generale del periodo, resta quella di Jacques Heers, Cristoforo Colombo, trad. it., Rusconi, Milano 1983; per una lettura pi\u00f9 rapida si raccomanda l&#8217;agile volumetto di Charles Verlinden, Cristoforo Colombo. Visione e perseveranza, trad. it., Edizioni Paoline, Roma 1985. Per la ricchezza di dati, e anche per le splendide illustrazioni, ricordiamo pure P. E. Taviani, Cristoforo Colombo. La genesi della grande scoperta, Istituto Geografico De Agostini, Novara 1974, 2 voll.; Idem, I viaggi di Colombo. La grande scoperta, cit. A livello giornalistico, ci sono apparsi sostanzialmente buoni gli articoli pubblicati da Cesco Vian sul quotidiano Avvenire, del 5, 12, 19, 30-10 e 6 e 11-11-1991. La bibliografia su Cristoforo Colombo \u00e8 sterminata: cfr. Simonetta Conti, Bibliografia colombiana, 1793-1990, Cassa di Risparmio di Genova e Imperia, Genova 1990, che elenca 8.409 titoli.<\/span><\/p>\n<p style=\"text-align: justify;\"><span style=\"font-size: 12px;\"><strong>(10)<\/strong> Cfr. Henry Vignaud, Le vrai Cristophe Colomb et la legende, Picard, Parigi 1921; Idem, Histoire critique de la grande entreprise de Cristophe Colomb, Welter, Parigi 1911, 2 voll.<\/span><\/p>\n<p style=\"text-align: justify;\"><span style=\"font-size: 12px;\"><strong>(11)<\/strong> Cfr. Salvador de Madariaga, Cristoforo Colombo, trad. it., Dall&#8217;Oglio, Milano 1985.<\/span><\/p>\n<p style=\"text-align: justify;\"><span style=\"font-size: 12px;\"><strong>(12)<\/strong> J. Heers, op. cit., p. 26; l&#8217;autore, ordinario di storia medievale alla Sorbona, \u00e8 il maggior studioso contemporaneo della storia di Genova nel Quattrocento.<\/span><\/p>\n<p style=\"text-align: justify;\"><span style=\"font-size: 12px;\"><strong>(13) I<\/strong>bid., pp. 27-28.<\/span><\/p>\n<p style=\"text-align: justify;\"><span style=\"font-size: 12px;\"><strong>(14)<\/strong> Cfr. B. Bennassar e L. Bennassar, op. cit., pp. 184-185.<\/span><\/p>\n<p style=\"text-align: justify;\"><span style=\"font-size: 12px;\"><strong>(15)<\/strong> Cfr. Simon Wiesenthal, Operazione Nuovo Mondo, trad. it., Garzanti, Milano 1991.<\/span><\/p>\n<p style=\"text-align: justify;\"><span style=\"font-size: 12px;\"><strong>(16)<\/strong> Relativamente alle grandi qualit\u00e0 marinare di Cristoforo Colombo, considerato dalla maggior parte degli storici uno dei pi\u00f9 grandi navigatori di tutti i tempi, cfr. Samuel Eliot Morison, Cristoforo Colombo ammiraglio del Mare Oceano, trad. it., il Mulino, Bologna 1985; l&#8217;autore, un ammiraglio americano, all&#8217;inizio degli anni Quaranta condusse una serie di ricognizioni sulla scorta delle rotte colombiane.<\/span><\/p>\n<p style=\"text-align: justify;\"><span style=\"font-size: 12px;\"><strong>(17)<\/strong> P. Chaunu, op. cit., p. 292.<\/span><\/p>\n<p style=\"text-align: justify;\"><span style=\"font-size: 12px;\"><strong>(18)<\/strong> J. Heers, op. cit., p. 641.<\/span><\/p>\n<p><strong> (19)<\/strong> Esso ci \u00e8 giunto soltanto attraverso una riduzione fatta da Bartolom\u00e9 de Las Casas. La migliore traduzione italiana \u00e8 Cristoforo Colombo, Diario di bordo. Libro della prima navigazione e scoperta delle Indie, a cura di Gaetano Ferro, Mursia, Milano 1985.<\/p>\n<p><strong>(20)<\/strong> Ibid., p. 46: Bartolom\u00e9 de Las Casas trascrive testualmente il Diario, donde l&#8217;uso della prima persona; quando riassume utilizza la terza persona.<\/p>\n<p><strong>(21)<\/strong> Ibid., p. 108.<\/p>\n<p><strong>(22)<\/strong> Ibid., pp. 206-208.<\/p>\n<p><strong>(23)<\/strong> Ibid., pp. 205-206.<\/p>\n<p><strong>(24)<\/strong> Cfr. Geo Pistarino, Cristoforo Colombo: l&#8217;enigma del criptogramma, Accademia Ligure di Scienze e Lettere, Genova 1990, p. 88.<\/p>\n<p><strong>(25)<\/strong> C. Colombo, Diario di bordo. Libro della prima navigazione e scoperta delle Indie, cit., p. 164. Su questa &#8220;idea fissa&#8221; dell&#8217;Ammiraglio, cfr. Juan Gil, Col\u00f3n y la Casa Santa, in Historiograf\u00eda y Bibliograf\u00eda americanistas, XXI (1977), pp. 125-135.<\/p>\n<p><strong>(26)<\/strong> Crist\u00f3bal Col\u00f3n, Textos y documentos completos, a cura di Consuelo Varela, Alianza, Madrid 1982, p. 199.<\/p>\n<p><strong>(27)<\/strong> Ibid., doc. L, p. 261.<\/p>\n<p><strong>(28)<\/strong> Ibid., doc. XLIII, p. 256.<\/p>\n<p><strong>(29)<\/strong> Ibidem.<\/p>\n<p><strong>(30)<\/strong> J. Heers, op. cit., p. 684.<\/p>\n<p><strong>(31)<\/strong> Cfr. C. Col\u00f3n, Manuscripto del Libro Copiador de Crist\u00f3bal Col\u00f3n, transcripci\u00f3n por Romeu de Armas, Collecci\u00f3n Tabulae Americae, Ministerio de Cultura, Madrid 1989, 2 voll.<\/p>\n<p><strong>(32)<\/strong> Cfr. G. Pistarino, Cristoforo Colombo: l&#8217;enigma del criptogramma, cit.<\/p>\n<p><strong>(33)<\/strong> C. Col\u00f3n, Textos y documentos completos, cit., p. 146, doc. V.<\/p>\n<p><strong>(34)<\/strong> Ibid., doc. XX, p. 192.<\/p>\n<p><strong>(35)<\/strong> Cfr. ibid., doc. XXV, pp. 204-223.<\/p>\n<p><strong>(36)<\/strong> P. E. Taviani, I viaggi di Colombo. La grande scoperta, cit., p. 323; e ci\u00f2 al di l\u00e0 delle riserve gi\u00e0 espresse e di quelle relative a frasi che accompagnano la formula, come questa: &#8220;Fu fanatico, come oggi si direbbe integralista&#8221;.<\/p>\n<p><strong>(37)<\/strong> S. E. Morison, op. cit., p. 682.<\/p>\n<p><strong>(38)<\/strong> J. Heers, op. cit., p. 641.<\/p>\n<p><strong>(39)<\/strong> Ibid., p. 669.<\/p>\n<p><strong>(40) I<\/strong>bid., p. 672.<\/p>\n<p><strong>(41)<\/strong> Cfr. il dibattito fra sei scrittori Disputa su Cristoforo Colombo. Fu vera gloria?, in Euros, I, 5\/6, novembre-dicembre 1991.<\/p>\n","protected":false},"excerpt":{"rendered":"<p>Articolo pubblicato sul n. 203 di Cristianit\u00e0 Nel quinto centenario della scoperta dell&#8217;America Tratti caratteristici e significativi della personalit\u00e0 e della cultura dello straordinario uomo di mare, espressione della mentalit\u00e0 della civilt\u00e0 cristiana nel tempo seguente la fine della Reconquista della Spagna. di Marco Tangheroni e Maurizio Parenti<\/p><p><a class=\"more-link btn\" href=\"https:\/\/www.rassegnastampa-totustuus.it\/cattolica\/cristoforo-colombo-ammiraglio-genovese-e-defensor-fidei\/\">Continua a leggere<\/a><\/p>\n","protected":false},"author":6,"featured_media":13716,"comment_status":"closed","ping_status":"open","sticky":false,"template":"","format":"standard","meta":{"footnotes":""},"categories":[18,24],"tags":[956],"class_list":["post-1357","post","type-post","status-publish","format-standard","has-post-thumbnail","hentry","category-personaggi","category-storia","tag-cristoforo-colombo","item-wrap"],"yoast_head":"<!-- This site is optimized with the Yoast SEO plugin v27.5 - https:\/\/yoast.com\/product\/yoast-seo-wordpress\/ -->\n<title>Cristoforo Colombo, ammiraglio genovese e &#039;&#039;defensor fidei&#039;&#039; - Rassegna Stampa Cattolica<\/title>\n<meta name=\"description\" content=\"Rassegna Stampa Cattolica - Per una cultura che nasce dalla Rivelazione cristiana in conformit\u00e0 alla tradizione e al Magistero della Chiesa in opposizione ad ogni relativismo e totalitarismo\" \/>\n<meta name=\"robots\" content=\"index, follow, max-snippet:-1, max-image-preview:large, max-video-preview:-1\" \/>\n<link rel=\"canonical\" href=\"https:\/\/www.rassegnastampa-totustuus.it\/cattolica\/cristoforo-colombo-ammiraglio-genovese-e-defensor-fidei\/\" \/>\n<meta property=\"og:locale\" content=\"it_IT\" \/>\n<meta property=\"og:type\" content=\"article\" \/>\n<meta property=\"og:title\" content=\"Cristoforo Colombo, ammiraglio genovese e &#039;&#039;defensor fidei&#039;&#039; - Rassegna Stampa Cattolica\" \/>\n<meta property=\"og:description\" content=\"Rassegna Stampa Cattolica - Per una cultura che nasce dalla Rivelazione cristiana in conformit\u00e0 alla tradizione e al Magistero della Chiesa in opposizione ad ogni relativismo e totalitarismo\" \/>\n<meta property=\"og:url\" content=\"https:\/\/www.rassegnastampa-totustuus.it\/cattolica\/cristoforo-colombo-ammiraglio-genovese-e-defensor-fidei\/\" \/>\n<meta property=\"og:site_name\" content=\"Rassegna Stampa Cattolica\" \/>\n<meta property=\"article:publisher\" content=\"https:\/\/www.facebook.com\/rassegnastampacattolica\" \/>\n<meta property=\"article:published_time\" content=\"2005-09-08T22:00:00+00:00\" \/>\n<meta property=\"article:modified_time\" content=\"2014-11-20T10:39:18+00:00\" \/>\n<meta property=\"og:image\" content=\"https:\/\/www.rassegnastampa-totustuus.it\/cattolica\/wp-content\/uploads\/2005\/09\/Cristoforo-Colombo.jpg\" \/>\n\t<meta property=\"og:image:width\" content=\"185\" \/>\n\t<meta property=\"og:image:height\" content=\"272\" \/>\n\t<meta property=\"og:image:type\" content=\"image\/jpeg\" \/>\n<meta name=\"author\" content=\"Redazione\" \/>\n<meta name=\"twitter:card\" content=\"summary_large_image\" \/>\n<meta name=\"twitter:creator\" content=\"@rassegnastampa9\" \/>\n<meta name=\"twitter:site\" content=\"@rassegnastampa9\" \/>\n<meta name=\"twitter:label1\" content=\"Scritto da\" \/>\n\t<meta name=\"twitter:data1\" content=\"Redazione\" \/>\n\t<meta name=\"twitter:label2\" content=\"Tempo di lettura stimato\" \/>\n\t<meta name=\"twitter:data2\" content=\"25 minuti\" \/>\n<script type=\"application\/ld+json\" class=\"yoast-schema-graph\">{\"@context\":\"https:\\\/\\\/schema.org\",\"@graph\":[{\"@type\":\"Article\",\"@id\":\"https:\\\/\\\/www.rassegnastampa-totustuus.it\\\/cattolica\\\/cristoforo-colombo-ammiraglio-genovese-e-defensor-fidei\\\/#article\",\"isPartOf\":{\"@id\":\"https:\\\/\\\/www.rassegnastampa-totustuus.it\\\/cattolica\\\/cristoforo-colombo-ammiraglio-genovese-e-defensor-fidei\\\/\"},\"author\":{\"name\":\"Redazione\",\"@id\":\"https:\\\/\\\/www.rassegnastampa-totustuus.it\\\/cattolica\\\/#\\\/schema\\\/person\\\/08f319d2bd1a0904ad9e2bfb7b15e5c3\"},\"headline\":\"Cristoforo Colombo, ammiraglio genovese e &#8221;defensor fidei&#8221;\",\"datePublished\":\"2005-09-08T22:00:00+00:00\",\"dateModified\":\"2014-11-20T10:39:18+00:00\",\"mainEntityOfPage\":{\"@id\":\"https:\\\/\\\/www.rassegnastampa-totustuus.it\\\/cattolica\\\/cristoforo-colombo-ammiraglio-genovese-e-defensor-fidei\\\/\"},\"wordCount\":5155,\"publisher\":{\"@id\":\"https:\\\/\\\/www.rassegnastampa-totustuus.it\\\/cattolica\\\/#organization\"},\"image\":{\"@id\":\"https:\\\/\\\/www.rassegnastampa-totustuus.it\\\/cattolica\\\/cristoforo-colombo-ammiraglio-genovese-e-defensor-fidei\\\/#primaryimage\"},\"thumbnailUrl\":\"https:\\\/\\\/www.rassegnastampa-totustuus.it\\\/cattolica\\\/wp-content\\\/uploads\\\/2005\\\/09\\\/Cristoforo-Colombo.jpg\",\"keywords\":[\"Cristoforo Colombo\"],\"articleSection\":[\"Personaggi\",\"Storia\"],\"inLanguage\":\"it-IT\"},{\"@type\":\"WebPage\",\"@id\":\"https:\\\/\\\/www.rassegnastampa-totustuus.it\\\/cattolica\\\/cristoforo-colombo-ammiraglio-genovese-e-defensor-fidei\\\/\",\"url\":\"https:\\\/\\\/www.rassegnastampa-totustuus.it\\\/cattolica\\\/cristoforo-colombo-ammiraglio-genovese-e-defensor-fidei\\\/\",\"name\":\"Cristoforo Colombo, ammiraglio genovese e ''defensor fidei'' - Rassegna Stampa Cattolica\",\"isPartOf\":{\"@id\":\"https:\\\/\\\/www.rassegnastampa-totustuus.it\\\/cattolica\\\/#website\"},\"primaryImageOfPage\":{\"@id\":\"https:\\\/\\\/www.rassegnastampa-totustuus.it\\\/cattolica\\\/cristoforo-colombo-ammiraglio-genovese-e-defensor-fidei\\\/#primaryimage\"},\"image\":{\"@id\":\"https:\\\/\\\/www.rassegnastampa-totustuus.it\\\/cattolica\\\/cristoforo-colombo-ammiraglio-genovese-e-defensor-fidei\\\/#primaryimage\"},\"thumbnailUrl\":\"https:\\\/\\\/www.rassegnastampa-totustuus.it\\\/cattolica\\\/wp-content\\\/uploads\\\/2005\\\/09\\\/Cristoforo-Colombo.jpg\",\"datePublished\":\"2005-09-08T22:00:00+00:00\",\"dateModified\":\"2014-11-20T10:39:18+00:00\",\"description\":\"Rassegna Stampa Cattolica - Per una cultura che nasce dalla Rivelazione cristiana in conformit\u00e0 alla tradizione e al Magistero della Chiesa in opposizione ad ogni relativismo e totalitarismo\",\"breadcrumb\":{\"@id\":\"https:\\\/\\\/www.rassegnastampa-totustuus.it\\\/cattolica\\\/cristoforo-colombo-ammiraglio-genovese-e-defensor-fidei\\\/#breadcrumb\"},\"inLanguage\":\"it-IT\",\"potentialAction\":[{\"@type\":\"ReadAction\",\"target\":[\"https:\\\/\\\/www.rassegnastampa-totustuus.it\\\/cattolica\\\/cristoforo-colombo-ammiraglio-genovese-e-defensor-fidei\\\/\"]}]},{\"@type\":\"ImageObject\",\"inLanguage\":\"it-IT\",\"@id\":\"https:\\\/\\\/www.rassegnastampa-totustuus.it\\\/cattolica\\\/cristoforo-colombo-ammiraglio-genovese-e-defensor-fidei\\\/#primaryimage\",\"url\":\"https:\\\/\\\/www.rassegnastampa-totustuus.it\\\/cattolica\\\/wp-content\\\/uploads\\\/2005\\\/09\\\/Cristoforo-Colombo.jpg\",\"contentUrl\":\"https:\\\/\\\/www.rassegnastampa-totustuus.it\\\/cattolica\\\/wp-content\\\/uploads\\\/2005\\\/09\\\/Cristoforo-Colombo.jpg\",\"width\":185,\"height\":272},{\"@type\":\"BreadcrumbList\",\"@id\":\"https:\\\/\\\/www.rassegnastampa-totustuus.it\\\/cattolica\\\/cristoforo-colombo-ammiraglio-genovese-e-defensor-fidei\\\/#breadcrumb\",\"itemListElement\":[{\"@type\":\"ListItem\",\"position\":1,\"name\":\"Home\",\"item\":\"https:\\\/\\\/www.rassegnastampa-totustuus.it\\\/cattolica\\\/\"},{\"@type\":\"ListItem\",\"position\":2,\"name\":\"Cristoforo Colombo, ammiraglio genovese e &#8221;defensor fidei&#8221;\"}]},{\"@type\":\"WebSite\",\"@id\":\"https:\\\/\\\/www.rassegnastampa-totustuus.it\\\/cattolica\\\/#website\",\"url\":\"https:\\\/\\\/www.rassegnastampa-totustuus.it\\\/cattolica\\\/\",\"name\":\"Rassegna Stampa Cattolica\",\"description\":\"Per una cultura che nasce dalla Rivelazione cristiana in conformit\u00e0 alla tradizione e al Magistero della Chiesa in opposizione ad ogni relativismo e totalitarismo\",\"publisher\":{\"@id\":\"https:\\\/\\\/www.rassegnastampa-totustuus.it\\\/cattolica\\\/#organization\"},\"alternateName\":\"Rass. Cattolica\",\"potentialAction\":[{\"@type\":\"SearchAction\",\"target\":{\"@type\":\"EntryPoint\",\"urlTemplate\":\"https:\\\/\\\/www.rassegnastampa-totustuus.it\\\/cattolica\\\/?s={search_term_string}\"},\"query-input\":{\"@type\":\"PropertyValueSpecification\",\"valueRequired\":true,\"valueName\":\"search_term_string\"}}],\"inLanguage\":\"it-IT\"},{\"@type\":\"Organization\",\"@id\":\"https:\\\/\\\/www.rassegnastampa-totustuus.it\\\/cattolica\\\/#organization\",\"name\":\"Rassegna Stampa Cattolica\",\"url\":\"https:\\\/\\\/www.rassegnastampa-totustuus.it\\\/cattolica\\\/\",\"logo\":{\"@type\":\"ImageObject\",\"inLanguage\":\"it-IT\",\"@id\":\"https:\\\/\\\/www.rassegnastampa-totustuus.it\\\/cattolica\\\/#\\\/schema\\\/logo\\\/image\\\/\",\"url\":\"https:\\\/\\\/www.rassegnastampa-totustuus.it\\\/cattolica\\\/wp-content\\\/uploads\\\/2014\\\/04\\\/logo-rassegna1.gif\",\"contentUrl\":\"https:\\\/\\\/www.rassegnastampa-totustuus.it\\\/cattolica\\\/wp-content\\\/uploads\\\/2014\\\/04\\\/logo-rassegna1.gif\",\"width\":600,\"height\":163,\"caption\":\"Rassegna Stampa Cattolica\"},\"image\":{\"@id\":\"https:\\\/\\\/www.rassegnastampa-totustuus.it\\\/cattolica\\\/#\\\/schema\\\/logo\\\/image\\\/\"},\"sameAs\":[\"https:\\\/\\\/www.facebook.com\\\/rassegnastampacattolica\",\"https:\\\/\\\/x.com\\\/rassegnastampa9\"]},{\"@type\":\"Person\",\"@id\":\"https:\\\/\\\/www.rassegnastampa-totustuus.it\\\/cattolica\\\/#\\\/schema\\\/person\\\/08f319d2bd1a0904ad9e2bfb7b15e5c3\",\"name\":\"Redazione\",\"image\":{\"@type\":\"ImageObject\",\"inLanguage\":\"it-IT\",\"@id\":\"https:\\\/\\\/secure.gravatar.com\\\/avatar\\\/2fcdf27c78ea025fbdb44e914cc63c72249ffec9dc8aafd5c82b26240ef3f346?s=96&d=mm&r=g\",\"url\":\"https:\\\/\\\/secure.gravatar.com\\\/avatar\\\/2fcdf27c78ea025fbdb44e914cc63c72249ffec9dc8aafd5c82b26240ef3f346?s=96&d=mm&r=g\",\"contentUrl\":\"https:\\\/\\\/secure.gravatar.com\\\/avatar\\\/2fcdf27c78ea025fbdb44e914cc63c72249ffec9dc8aafd5c82b26240ef3f346?s=96&d=mm&r=g\",\"caption\":\"Redazione\"},\"url\":\"https:\\\/\\\/www.rassegnastampa-totustuus.it\\\/cattolica\\\/author\\\/pietroelle\\\/\"}]}<\/script>\n<!-- \/ Yoast SEO plugin. -->","yoast_head_json":{"title":"Cristoforo Colombo, ammiraglio genovese e ''defensor fidei'' - Rassegna Stampa Cattolica","description":"Rassegna Stampa Cattolica - Per una cultura che nasce dalla Rivelazione cristiana in conformit\u00e0 alla tradizione e al Magistero della Chiesa in opposizione ad ogni relativismo e totalitarismo","robots":{"index":"index","follow":"follow","max-snippet":"max-snippet:-1","max-image-preview":"max-image-preview:large","max-video-preview":"max-video-preview:-1"},"canonical":"https:\/\/www.rassegnastampa-totustuus.it\/cattolica\/cristoforo-colombo-ammiraglio-genovese-e-defensor-fidei\/","og_locale":"it_IT","og_type":"article","og_title":"Cristoforo Colombo, ammiraglio genovese e ''defensor fidei'' - Rassegna Stampa Cattolica","og_description":"Rassegna Stampa Cattolica - Per una cultura che nasce dalla Rivelazione cristiana in conformit\u00e0 alla tradizione e al Magistero della Chiesa in opposizione ad ogni relativismo e totalitarismo","og_url":"https:\/\/www.rassegnastampa-totustuus.it\/cattolica\/cristoforo-colombo-ammiraglio-genovese-e-defensor-fidei\/","og_site_name":"Rassegna Stampa Cattolica","article_publisher":"https:\/\/www.facebook.com\/rassegnastampacattolica","article_published_time":"2005-09-08T22:00:00+00:00","article_modified_time":"2014-11-20T10:39:18+00:00","og_image":[{"width":185,"height":272,"url":"https:\/\/www.rassegnastampa-totustuus.it\/cattolica\/wp-content\/uploads\/2005\/09\/Cristoforo-Colombo.jpg","type":"image\/jpeg"}],"author":"Redazione","twitter_card":"summary_large_image","twitter_creator":"@rassegnastampa9","twitter_site":"@rassegnastampa9","twitter_misc":{"Scritto da":"Redazione","Tempo di lettura stimato":"25 minuti"},"schema":{"@context":"https:\/\/schema.org","@graph":[{"@type":"Article","@id":"https:\/\/www.rassegnastampa-totustuus.it\/cattolica\/cristoforo-colombo-ammiraglio-genovese-e-defensor-fidei\/#article","isPartOf":{"@id":"https:\/\/www.rassegnastampa-totustuus.it\/cattolica\/cristoforo-colombo-ammiraglio-genovese-e-defensor-fidei\/"},"author":{"name":"Redazione","@id":"https:\/\/www.rassegnastampa-totustuus.it\/cattolica\/#\/schema\/person\/08f319d2bd1a0904ad9e2bfb7b15e5c3"},"headline":"Cristoforo Colombo, ammiraglio genovese e &#8221;defensor fidei&#8221;","datePublished":"2005-09-08T22:00:00+00:00","dateModified":"2014-11-20T10:39:18+00:00","mainEntityOfPage":{"@id":"https:\/\/www.rassegnastampa-totustuus.it\/cattolica\/cristoforo-colombo-ammiraglio-genovese-e-defensor-fidei\/"},"wordCount":5155,"publisher":{"@id":"https:\/\/www.rassegnastampa-totustuus.it\/cattolica\/#organization"},"image":{"@id":"https:\/\/www.rassegnastampa-totustuus.it\/cattolica\/cristoforo-colombo-ammiraglio-genovese-e-defensor-fidei\/#primaryimage"},"thumbnailUrl":"https:\/\/www.rassegnastampa-totustuus.it\/cattolica\/wp-content\/uploads\/2005\/09\/Cristoforo-Colombo.jpg","keywords":["Cristoforo Colombo"],"articleSection":["Personaggi","Storia"],"inLanguage":"it-IT"},{"@type":"WebPage","@id":"https:\/\/www.rassegnastampa-totustuus.it\/cattolica\/cristoforo-colombo-ammiraglio-genovese-e-defensor-fidei\/","url":"https:\/\/www.rassegnastampa-totustuus.it\/cattolica\/cristoforo-colombo-ammiraglio-genovese-e-defensor-fidei\/","name":"Cristoforo Colombo, ammiraglio genovese e ''defensor fidei'' - Rassegna Stampa Cattolica","isPartOf":{"@id":"https:\/\/www.rassegnastampa-totustuus.it\/cattolica\/#website"},"primaryImageOfPage":{"@id":"https:\/\/www.rassegnastampa-totustuus.it\/cattolica\/cristoforo-colombo-ammiraglio-genovese-e-defensor-fidei\/#primaryimage"},"image":{"@id":"https:\/\/www.rassegnastampa-totustuus.it\/cattolica\/cristoforo-colombo-ammiraglio-genovese-e-defensor-fidei\/#primaryimage"},"thumbnailUrl":"https:\/\/www.rassegnastampa-totustuus.it\/cattolica\/wp-content\/uploads\/2005\/09\/Cristoforo-Colombo.jpg","datePublished":"2005-09-08T22:00:00+00:00","dateModified":"2014-11-20T10:39:18+00:00","description":"Rassegna Stampa Cattolica - Per una cultura che nasce dalla Rivelazione cristiana in conformit\u00e0 alla tradizione e al Magistero della Chiesa in opposizione ad ogni relativismo e totalitarismo","breadcrumb":{"@id":"https:\/\/www.rassegnastampa-totustuus.it\/cattolica\/cristoforo-colombo-ammiraglio-genovese-e-defensor-fidei\/#breadcrumb"},"inLanguage":"it-IT","potentialAction":[{"@type":"ReadAction","target":["https:\/\/www.rassegnastampa-totustuus.it\/cattolica\/cristoforo-colombo-ammiraglio-genovese-e-defensor-fidei\/"]}]},{"@type":"ImageObject","inLanguage":"it-IT","@id":"https:\/\/www.rassegnastampa-totustuus.it\/cattolica\/cristoforo-colombo-ammiraglio-genovese-e-defensor-fidei\/#primaryimage","url":"https:\/\/www.rassegnastampa-totustuus.it\/cattolica\/wp-content\/uploads\/2005\/09\/Cristoforo-Colombo.jpg","contentUrl":"https:\/\/www.rassegnastampa-totustuus.it\/cattolica\/wp-content\/uploads\/2005\/09\/Cristoforo-Colombo.jpg","width":185,"height":272},{"@type":"BreadcrumbList","@id":"https:\/\/www.rassegnastampa-totustuus.it\/cattolica\/cristoforo-colombo-ammiraglio-genovese-e-defensor-fidei\/#breadcrumb","itemListElement":[{"@type":"ListItem","position":1,"name":"Home","item":"https:\/\/www.rassegnastampa-totustuus.it\/cattolica\/"},{"@type":"ListItem","position":2,"name":"Cristoforo Colombo, ammiraglio genovese e &#8221;defensor fidei&#8221;"}]},{"@type":"WebSite","@id":"https:\/\/www.rassegnastampa-totustuus.it\/cattolica\/#website","url":"https:\/\/www.rassegnastampa-totustuus.it\/cattolica\/","name":"Rassegna Stampa Cattolica","description":"Per una cultura che nasce dalla Rivelazione cristiana in conformit\u00e0 alla tradizione e al Magistero della Chiesa in opposizione ad ogni relativismo e totalitarismo","publisher":{"@id":"https:\/\/www.rassegnastampa-totustuus.it\/cattolica\/#organization"},"alternateName":"Rass. Cattolica","potentialAction":[{"@type":"SearchAction","target":{"@type":"EntryPoint","urlTemplate":"https:\/\/www.rassegnastampa-totustuus.it\/cattolica\/?s={search_term_string}"},"query-input":{"@type":"PropertyValueSpecification","valueRequired":true,"valueName":"search_term_string"}}],"inLanguage":"it-IT"},{"@type":"Organization","@id":"https:\/\/www.rassegnastampa-totustuus.it\/cattolica\/#organization","name":"Rassegna Stampa Cattolica","url":"https:\/\/www.rassegnastampa-totustuus.it\/cattolica\/","logo":{"@type":"ImageObject","inLanguage":"it-IT","@id":"https:\/\/www.rassegnastampa-totustuus.it\/cattolica\/#\/schema\/logo\/image\/","url":"https:\/\/www.rassegnastampa-totustuus.it\/cattolica\/wp-content\/uploads\/2014\/04\/logo-rassegna1.gif","contentUrl":"https:\/\/www.rassegnastampa-totustuus.it\/cattolica\/wp-content\/uploads\/2014\/04\/logo-rassegna1.gif","width":600,"height":163,"caption":"Rassegna Stampa Cattolica"},"image":{"@id":"https:\/\/www.rassegnastampa-totustuus.it\/cattolica\/#\/schema\/logo\/image\/"},"sameAs":["https:\/\/www.facebook.com\/rassegnastampacattolica","https:\/\/x.com\/rassegnastampa9"]},{"@type":"Person","@id":"https:\/\/www.rassegnastampa-totustuus.it\/cattolica\/#\/schema\/person\/08f319d2bd1a0904ad9e2bfb7b15e5c3","name":"Redazione","image":{"@type":"ImageObject","inLanguage":"it-IT","@id":"https:\/\/secure.gravatar.com\/avatar\/2fcdf27c78ea025fbdb44e914cc63c72249ffec9dc8aafd5c82b26240ef3f346?s=96&d=mm&r=g","url":"https:\/\/secure.gravatar.com\/avatar\/2fcdf27c78ea025fbdb44e914cc63c72249ffec9dc8aafd5c82b26240ef3f346?s=96&d=mm&r=g","contentUrl":"https:\/\/secure.gravatar.com\/avatar\/2fcdf27c78ea025fbdb44e914cc63c72249ffec9dc8aafd5c82b26240ef3f346?s=96&d=mm&r=g","caption":"Redazione"},"url":"https:\/\/www.rassegnastampa-totustuus.it\/cattolica\/author\/pietroelle\/"}]}},"_links":{"self":[{"href":"https:\/\/www.rassegnastampa-totustuus.it\/cattolica\/wp-json\/wp\/v2\/posts\/1357","targetHints":{"allow":["GET"]}}],"collection":[{"href":"https:\/\/www.rassegnastampa-totustuus.it\/cattolica\/wp-json\/wp\/v2\/posts"}],"about":[{"href":"https:\/\/www.rassegnastampa-totustuus.it\/cattolica\/wp-json\/wp\/v2\/types\/post"}],"author":[{"embeddable":true,"href":"https:\/\/www.rassegnastampa-totustuus.it\/cattolica\/wp-json\/wp\/v2\/users\/6"}],"replies":[{"embeddable":true,"href":"https:\/\/www.rassegnastampa-totustuus.it\/cattolica\/wp-json\/wp\/v2\/comments?post=1357"}],"version-history":[{"count":3,"href":"https:\/\/www.rassegnastampa-totustuus.it\/cattolica\/wp-json\/wp\/v2\/posts\/1357\/revisions"}],"predecessor-version":[{"id":13717,"href":"https:\/\/www.rassegnastampa-totustuus.it\/cattolica\/wp-json\/wp\/v2\/posts\/1357\/revisions\/13717"}],"wp:featuredmedia":[{"embeddable":true,"href":"https:\/\/www.rassegnastampa-totustuus.it\/cattolica\/wp-json\/wp\/v2\/media\/13716"}],"wp:attachment":[{"href":"https:\/\/www.rassegnastampa-totustuus.it\/cattolica\/wp-json\/wp\/v2\/media?parent=1357"}],"wp:term":[{"taxonomy":"category","embeddable":true,"href":"https:\/\/www.rassegnastampa-totustuus.it\/cattolica\/wp-json\/wp\/v2\/categories?post=1357"},{"taxonomy":"post_tag","embeddable":true,"href":"https:\/\/www.rassegnastampa-totustuus.it\/cattolica\/wp-json\/wp\/v2\/tags?post=1357"}],"curies":[{"name":"wp","href":"https:\/\/api.w.org\/{rel}","templated":true}]}}