{"id":1353,"date":"2005-09-08T00:00:00","date_gmt":"2005-09-07T22:00:00","guid":{"rendered":""},"modified":"2016-01-04T19:39:02","modified_gmt":"2016-01-04T18:39:02","slug":"le-sorprese-di-unindagine-condotta-sulle-fonti-originali","status":"publish","type":"post","link":"https:\/\/www.rassegnastampa-totustuus.it\/cattolica\/le-sorprese-di-unindagine-condotta-sulle-fonti-originali\/","title":{"rendered":"Le sorprese di un\u2019indagine condotta sulle fonti originali"},"content":{"rendered":"<div style=\"text-align: center;\"><a href=\"https:\/\/www.rassegnastampa-totustuus.it\/cattolica\/wp-content\/uploads\/2005\/09\/Rivol_Francese.jpg\"><img loading=\"lazy\" decoding=\"async\" class=\"alignleft wp-image-29217\" src=\"https:\/\/www.rassegnastampa-totustuus.it\/cattolica\/wp-content\/uploads\/2005\/09\/Rivol_Francese.jpg\" alt=\"Rivol_Francese\" width=\"240\" height=\"171\" \/><\/a>Articolo pubblicato su <strong>Il Corriere della Sera<\/strong> del 24 febbraio 2003<\/div>\n<p style=\"text-align: center;\">di <strong>Vittorio Messori<\/strong><\/p>\n<p><!--more--><\/p>\n<div style=\"text-align: justify;\">Esiste davvero la \u00abprofezia\u00bb, intesa come vaticinio, come possibilit\u00e0 di prevedere eventi futuri, e in modi inspiegabili per la scienza ufficiale? E&#8217; una domanda cui, da tempo, ho cercato di rispondere con un&#8217;indagine pragmatica. Una ricerca, cio\u00e8, al di l\u00e0 di ogni ideologia e di ogni pregiudizio &#8211; positivo quanto negativo &#8211; basata solo su fatti oggettivi, valutati con spirito critico.<\/div>\n<p style=\"text-align: justify;\">L&#8217;elemento di prova privilegiato \u00e8, ovviamente, la parola stampata: se un manoscritto pu\u00f2 essere falsificato, non cos\u00ec un libro o un giornale, quando \u00e8 certa la data della loro pubblicazione e sono conservati in esemplari identici in biblioteche diverse. In anni di indagine, ho individuato diversi casi di una \u00abchiaroveggenza\u00bb attestata con sicurezza, perch\u00e9 basata, appunto, su vaticini stampati sicuramente <em>ante facta<\/em>. Amici che sanno di questa mia ricerca, che ancora non ho pubblicato, mi chiedono talvolta quale, tra gli enigmatici preannunci poi realizzatisi, sembri accertato in modo pi\u00f9 sicuro. La scelta non \u00e8 facile ma, se messo alle strette, risponderei con una data: \u00abIl 1789\u00bb.<\/p>\n<p style=\"text-align: justify;\">E&#8217; l&#8217;anno, come tutti sanno, della Grande Svolta, della Frattura Epocale: gli studiosi sono unanimi nel riconoscere che uno dei veri spartiacque della storia va situato in quell&#8217;inizio della Rivoluzione Francese. Dopo di allora, tutto ci\u00f2 che precede non sar\u00e0 che <em>Ancien R\u00e9gime <\/em>, consegnato agli archivi: si riveler\u00e0 vano, alla lunga, ogni tentativo di restaurazione.<\/p>\n<p style=\"text-align: justify;\">Spesso, non ci rendiamo conto che buona parte delle categorie che ci sembrano \u00abnaturali\u00bb e con cui guardiamo alla societ\u00e0 e a noi stessi sono in realt\u00e0 novit\u00e0 portate da quanto cominci\u00f2 il 4 maggio di quell&#8217;anno fatale, a Versailles, con la liturgia per invocare l&#8217;assistenza dello Spirito Santo sull&#8217;assemblea degli Stati Generali. Ebbene: ci\u00f2 che sconcerta \u00e8 che il 1789 come fine violenta del vecchio mondo e come inizio del nuovo \u00e8 annunciato da una catena di profezie che attraversa i secoli. Non solo l&#8217;astrologia occidentale, pure quella orientale considera come un <em>t\u00f2pos <\/em>, come una sorta di luogo comune, il fatto che proprio in quella data sarebbe avvenuto il Grande Evento.<\/p>\n<p style=\"text-align: justify;\">Fra le tante testimonianze, mi limito qui a tre sole, indiscutibili e precise.<\/p>\n<p style=\"text-align: justify;\">C&#8217;\u00e8, innanzitutto, il celeberrimo astrologo Abou Maschar ibn Mohammed, conosciuto in Occidente come Albumasar, un iraniano islamico, convertitosi al cristianesimo, che, nel IX secolo, scrive in arabo un trattato, tradotto in latino nel XIII secolo con il titolo <em>Liber de magnis conjunctionibus<\/em>. Qui, si prevede con chiarezza che la situazione del Cielo nel 1789 (una serie di congiunzioni di Giove con Saturno) porter\u00e0 a un profondo, disastroso sconvolgimento. Forse, addirittura, alla fine del mondo.<\/p>\n<p style=\"text-align: justify;\">Conosceva -ed approvava- l&#8217;analisi zodiacale di Albumasar il cardinale Pierre d&#8217;Ailly (1350-1420), grande teologo, nonch\u00e9 astrologo tra i pi\u00f9 prestigiosi della cristianit\u00e0. Nel 1490, settant&#8217;anni dopo la sua morte, \u00e8 pubblicato ad Augsburg il libro <em>De concordia astronomiae cum theologia <\/em>. Ho avuto fortuna: una delle poche copie superstiti \u00e8 conservata giusto vicino alla mia casa sul Garda, alla Biblioteca Queriniana di Brescia. L\u00ec ho potuto consultarla, per accertarmi &#8211; com\u2019\u00e8 doveroso &#8211; che quanto riportato nei libri degli specialisti corrisponda fedelmente all&#8217;originale.<\/p>\n<p style=\"text-align: justify;\">Scrive dunque, in latino, il cardinal d&#8217;Ailly: \u00ab<em>E ora parliamo dell&#8217;ottava congiunzione che avverr\u00e0 l&#8217;anno 7040 dalla Creazione, il 4758 dal Diluvio, il 1639 a partire dalla Incarnazione. Dopo questa ci sar\u00e0 un complemento di dieci rivoluzioni di Saturno nell&#8217;anno cristiano 1789 (&#8230;) allora, si assister\u00e0 a grandi e mirabili cambiamenti del mondo e mutazioni, anche per ci\u00f2 che concerne le leggi e le sette<\/em>\u00bb.<\/p>\n<p style=\"text-align: justify;\">Passando alla terza testimonianza, rintracciare uno dei rarissimi originali del volume mi \u00e8 stato ancor pi\u00f9 facile: nel 1981, presso un editore specializzato francese, Gutenberg-Reprint, \u00e8 apparsa un&#8217;edizione anastatica della copia della Biblioth\u00e8que Mazarine di Parigi. Parliamo del <em>Livre de l&#8217;Estat et Mutation des Temps <\/em>, pubblicato nel 1550 da Richard Roussat, astrologo tra i pi\u00f9 prestigiosi del XVI secolo, anch&#8217;egli sacerdote. Nelle foto di questa pagina sono riprodotti il frontespizio e la pagina 162, dove si dice: <em>\u00ab&#8230;veniamo a parlare della grande e meravigliosa congiunzione che i signori Astrologi dicono che verr\u00e0 circa gli anni del Signore mille settecento ottanta e nove, con due rivoluzioni di Saturno: e inoltre, circa venti cinque anni dopo, sar\u00e0 la quarta e ultima stazione dell\u2019altitudinario Firmamento\u00bb. <\/em><\/p>\n<p style=\"text-align: justify;\">Si noti che, aggiungendo 25 anni a 1789, si ottiene 1814: l&#8217;anno, cio\u00e8, della caduta di Napoleone e dell&#8217;esilio all&#8217;Elba. I Borboni tornano sul trono, si apre il Congresso di Vienna. Quel 1814, come predetto dall&#8217;astrologo del Cinquecento, rappresenter\u00e0 davvero \u00abl\u2019ultima stazione\u00bb delle convulsioni rivoluzionarie iniziate giusto 25 anni prima, anche se le loro conseguenze dureranno nei secoli.<\/p>\n<p style=\"text-align: justify;\">Ma, subito dopo, Roussat aggiunge righe che suscitano ulteriore sorpresa, in noi che sappiamo che cosa fu la Rivoluzione Francese: \u00ab<em>Avendo tutte queste cose immaginate e calcolate, concludono i suddetti Astrologi che, se il Mondo dura sino a quel e tale tempo (cosa che a Dio solo \u00e8 nota), delle grandissime, meravigliose e spaventose mutazioni e alterazioni accadranno in questo universale Mondo: principalmente quanto alle sette e alle leggi <\/em>\u00bb.<\/p>\n<p style=\"text-align: justify;\">Davvero singolare (oltre al resto), il riferimento esplicito alle \u00absette e leggi\u00bb che saranno \u00ab<em>mutate e alterate<\/em>\u00bb: insieme al cambio radicale di norme sociali, il giacobinismo cerc\u00f2 di costruire, sulle rovine del cristianesimo, la sua \u00absetta\u00bb, quella della Dea Ragione, con un&#8217;inedita liturgia basata su un nuovo calendario. Dopo avere elencato i motivi astrologici che giustificano la sua previsione, Richard Roussat aggiunge ancora che, proprio a partire dal tempo previsto (e, cio\u00e8, da quel fatale 1789) \u00ab<em>verr\u00e0 l&#8217;Anticristo, con la sua legge dannata e la (sua) miserabile setta, ripugnante alla legge dei Cristiani e totalmente contraria a loro<\/em>\u00bb.<\/p>\n<p style=\"text-align: justify;\">Poco pi\u00f9 avanti si afferma che, da allora, sar\u00e0 imposta \u00ab<em>una legge disonesta, menzognera e magica<\/em>\u00bb. Dove <em>magique<\/em>, in francese antico, ha il significato di \u00abdemoniaco\u00bb. E&#8217; una previsione che sembra giustificare la lettura negativa, anzi davvero \u00abdiabolica\u00bb, che i cattolici diedero di quella Rivoluzione, che tent\u00f2 la scristianizzazione violenta della societ\u00e0, che uccise religiosi a migliaia e che ridusse in rovina il patrimonio artistico della Chiesa. I giacobini devastarono anche la cattedrale di Cambrai, dov\u2019era stato vescovo Pierre d&#8217;Ailly e, fracassatone il sepolcro, gettarono le sue ossa tra i rifiuti. I fanatici ignoravano che quelli erano i resti di uno tra coloro che, da secoli, avevano previsto, con terrore, quella \u00abspaventevole mutazione\u00bb.<\/p>\n<p style=\"text-align: justify;\">Tre testimonianze indiscutibili, comunque, in tre diversi secoli: Albumasar, d&#8217;Ailly, Roussat. Ma si potrebbero allegare molti altri autori antichi (Turrel, Carrion, per dire i maggiori): l&#8217;astrologia, lo dicevo, fu unanime per secoli nel mettere in guardia da quel temibile 1789. Tanto che lo scettico che non volesse riconoscere, qui, un enigma, dovrebbe -alla disperata- ipotizzare che proprio quell&#8217;attesa avrebbe spinto qualche cospiratore ad organizzare giusto quell&#8217;anno la Rivoluzione annunciata da secoli. Ipotesi puerile, naturalmente.<\/p>\n<p style=\"text-align: justify;\">Chi conosce il prima e il dopo degli Stati Generali, nel 1789, sa che gli eventi travolsero anche i protagonisti; sa che nulla era prevedibile n\u00e9, tanto meno, programmabile. Nessuno si aspettava che la situazione precipitasse in quel momento, in quel modo, prendendo quella piega.<\/p>\n<p style=\"text-align: justify;\">C&#8217;\u00e8, comunque, qualcos&#8217;altro che sconcerta. Nel 1904 fu pubblicata, sulla rivista della prestigiosa <em>Ecole des chartes<\/em>, una piccola opera inedita proprio di Pierre d&#8217;Ailly, la <em>De persecutionibus Ecclesiae<\/em>. Il manoscritto \u00e8 conservato alla Biblioteca di Marsiglia ed \u00e8 datato dall&#8217;autore stesso al 1418. Il cardinale-astrologo ripete qui, a chiare lettere, le sue previsioni sullo sconquasso atteso per il 1789, ma aggiunge un&#8217;altra profezia. In attesa dell&#8217;era dell&#8217;Anticristo, dice testualmente, \u00ab<em>\u00e8 probabile che, prima che siano trascorsi cento anni da ora, si produca una grande alterazione nelle leggi e nelle sette, particolarmente riguardo alla legge della Chiesa di Ges\u00f9 Cristo <\/em>\u00bb. D&#8217;Ailly scriveva questo nel 1418.<\/p>\n<p style=\"text-align: justify;\">Ebbene, nel 1517, 99 anni dopo &#8211; dunque, giusto un anno \u00abprima che fossero trascorsi cent\u2019anni\u00bb &#8211; Lutero dava inizio alla Riforma protestante. Una rivoluzione, anche questa, ma rivolta in particolare \u00aballa legge della Chiesa\u00bb. Proprio come aveva annunciato un secolo prima un cardinale che cos\u00ec, nelle poche paginette di un manoscritto dimenticato, indicava con precisione data e conseguenze delle due svolte fondamentali della storia europea.<\/p>\n<p style=\"text-align: justify;\">Fatti, dunque. Null&#8217;altro che fatti. Prenderne atto non \u00e8, ci pare, da visionari. Forse, \u00e8 solo da realisti.<\/p>\n","protected":false},"excerpt":{"rendered":"<p>Articolo pubblicato su Il Corriere della Sera del 24 febbraio 2003 di Vittorio Messori<\/p><p><a class=\"more-link btn\" href=\"https:\/\/www.rassegnastampa-totustuus.it\/cattolica\/le-sorprese-di-unindagine-condotta-sulle-fonti-originali\/\">Continua a leggere<\/a><\/p>\n","protected":false},"author":6,"featured_media":29217,"comment_status":"closed","ping_status":"open","sticky":false,"template":"","format":"standard","meta":{"footnotes":""},"categories":[37,24],"tags":[998,457,162],"class_list":["post-1353","post","type-post","status-publish","format-standard","has-post-thumbnail","hentry","category-rivoluzione-francese","category-storia","tag-998","tag-rivoluzione-francese-2","tag-storia-2","item-wrap"],"yoast_head":"<!-- This site is optimized with the Yoast SEO plugin v27.5 - https:\/\/yoast.com\/product\/yoast-seo-wordpress\/ -->\n<title>Le sorprese di un\u2019indagine condotta sulle fonti originali - Rassegna Stampa Cattolica<\/title>\n<meta name=\"description\" content=\"Rassegna Stampa Cattolica - Per una cultura che nasce dalla Rivelazione cristiana in conformit\u00e0 alla tradizione e al Magistero della Chiesa in opposizione ad ogni relativismo e totalitarismo\" \/>\n<meta name=\"robots\" content=\"index, follow, max-snippet:-1, max-image-preview:large, max-video-preview:-1\" \/>\n<link rel=\"canonical\" href=\"https:\/\/www.rassegnastampa-totustuus.it\/cattolica\/le-sorprese-di-unindagine-condotta-sulle-fonti-originali\/\" \/>\n<meta property=\"og:locale\" content=\"it_IT\" \/>\n<meta property=\"og:type\" content=\"article\" \/>\n<meta property=\"og:title\" content=\"Le sorprese di un\u2019indagine condotta sulle fonti originali - Rassegna Stampa Cattolica\" \/>\n<meta property=\"og:description\" content=\"Rassegna Stampa Cattolica - Per una cultura che nasce dalla Rivelazione cristiana in conformit\u00e0 alla tradizione e al Magistero della Chiesa in opposizione ad ogni relativismo e totalitarismo\" \/>\n<meta property=\"og:url\" content=\"https:\/\/www.rassegnastampa-totustuus.it\/cattolica\/le-sorprese-di-unindagine-condotta-sulle-fonti-originali\/\" \/>\n<meta property=\"og:site_name\" content=\"Rassegna Stampa Cattolica\" \/>\n<meta property=\"article:publisher\" content=\"https:\/\/www.facebook.com\/rassegnastampacattolica\" \/>\n<meta property=\"article:published_time\" content=\"2005-09-07T22:00:00+00:00\" \/>\n<meta property=\"article:modified_time\" content=\"2016-01-04T18:39:02+00:00\" \/>\n<meta property=\"og:image\" content=\"https:\/\/www.rassegnastampa-totustuus.it\/cattolica\/wp-content\/uploads\/2005\/09\/Rivol_Francese.jpg\" \/>\n\t<meta property=\"og:image:width\" content=\"266\" \/>\n\t<meta property=\"og:image:height\" content=\"189\" \/>\n\t<meta property=\"og:image:type\" content=\"image\/jpeg\" \/>\n<meta name=\"author\" content=\"Redazione\" \/>\n<meta name=\"twitter:card\" content=\"summary_large_image\" \/>\n<meta name=\"twitter:creator\" content=\"@rassegnastampa9\" \/>\n<meta name=\"twitter:site\" content=\"@rassegnastampa9\" \/>\n<meta name=\"twitter:label1\" content=\"Scritto da\" \/>\n\t<meta name=\"twitter:data1\" content=\"Redazione\" \/>\n\t<meta name=\"twitter:label2\" content=\"Tempo di lettura stimato\" \/>\n\t<meta name=\"twitter:data2\" content=\"7 minuti\" \/>\n<script type=\"application\/ld+json\" class=\"yoast-schema-graph\">{\"@context\":\"https:\\\/\\\/schema.org\",\"@graph\":[{\"@type\":\"Article\",\"@id\":\"https:\\\/\\\/www.rassegnastampa-totustuus.it\\\/cattolica\\\/le-sorprese-di-unindagine-condotta-sulle-fonti-originali\\\/#article\",\"isPartOf\":{\"@id\":\"https:\\\/\\\/www.rassegnastampa-totustuus.it\\\/cattolica\\\/le-sorprese-di-unindagine-condotta-sulle-fonti-originali\\\/\"},\"author\":{\"name\":\"Redazione\",\"@id\":\"https:\\\/\\\/www.rassegnastampa-totustuus.it\\\/cattolica\\\/#\\\/schema\\\/person\\\/08f319d2bd1a0904ad9e2bfb7b15e5c3\"},\"headline\":\"Le sorprese di un\u2019indagine condotta sulle fonti originali\",\"datePublished\":\"2005-09-07T22:00:00+00:00\",\"dateModified\":\"2016-01-04T18:39:02+00:00\",\"mainEntityOfPage\":{\"@id\":\"https:\\\/\\\/www.rassegnastampa-totustuus.it\\\/cattolica\\\/le-sorprese-di-unindagine-condotta-sulle-fonti-originali\\\/\"},\"wordCount\":1359,\"publisher\":{\"@id\":\"https:\\\/\\\/www.rassegnastampa-totustuus.it\\\/cattolica\\\/#organization\"},\"image\":{\"@id\":\"https:\\\/\\\/www.rassegnastampa-totustuus.it\\\/cattolica\\\/le-sorprese-di-unindagine-condotta-sulle-fonti-originali\\\/#primaryimage\"},\"thumbnailUrl\":\"https:\\\/\\\/www.rassegnastampa-totustuus.it\\\/cattolica\\\/wp-content\\\/uploads\\\/2005\\\/09\\\/Rivol_Francese.jpg\",\"keywords\":[\"1789\",\"Rivoluzione Francese\",\"storia\"],\"articleSection\":[\"Rivoluzione francese\",\"Storia\"],\"inLanguage\":\"it-IT\"},{\"@type\":\"WebPage\",\"@id\":\"https:\\\/\\\/www.rassegnastampa-totustuus.it\\\/cattolica\\\/le-sorprese-di-unindagine-condotta-sulle-fonti-originali\\\/\",\"url\":\"https:\\\/\\\/www.rassegnastampa-totustuus.it\\\/cattolica\\\/le-sorprese-di-unindagine-condotta-sulle-fonti-originali\\\/\",\"name\":\"Le sorprese di un\u2019indagine condotta sulle fonti originali - Rassegna Stampa Cattolica\",\"isPartOf\":{\"@id\":\"https:\\\/\\\/www.rassegnastampa-totustuus.it\\\/cattolica\\\/#website\"},\"primaryImageOfPage\":{\"@id\":\"https:\\\/\\\/www.rassegnastampa-totustuus.it\\\/cattolica\\\/le-sorprese-di-unindagine-condotta-sulle-fonti-originali\\\/#primaryimage\"},\"image\":{\"@id\":\"https:\\\/\\\/www.rassegnastampa-totustuus.it\\\/cattolica\\\/le-sorprese-di-unindagine-condotta-sulle-fonti-originali\\\/#primaryimage\"},\"thumbnailUrl\":\"https:\\\/\\\/www.rassegnastampa-totustuus.it\\\/cattolica\\\/wp-content\\\/uploads\\\/2005\\\/09\\\/Rivol_Francese.jpg\",\"datePublished\":\"2005-09-07T22:00:00+00:00\",\"dateModified\":\"2016-01-04T18:39:02+00:00\",\"description\":\"Rassegna Stampa Cattolica - Per una cultura che nasce dalla Rivelazione cristiana in conformit\u00e0 alla tradizione e al Magistero della Chiesa in opposizione ad ogni relativismo e totalitarismo\",\"breadcrumb\":{\"@id\":\"https:\\\/\\\/www.rassegnastampa-totustuus.it\\\/cattolica\\\/le-sorprese-di-unindagine-condotta-sulle-fonti-originali\\\/#breadcrumb\"},\"inLanguage\":\"it-IT\",\"potentialAction\":[{\"@type\":\"ReadAction\",\"target\":[\"https:\\\/\\\/www.rassegnastampa-totustuus.it\\\/cattolica\\\/le-sorprese-di-unindagine-condotta-sulle-fonti-originali\\\/\"]}]},{\"@type\":\"ImageObject\",\"inLanguage\":\"it-IT\",\"@id\":\"https:\\\/\\\/www.rassegnastampa-totustuus.it\\\/cattolica\\\/le-sorprese-di-unindagine-condotta-sulle-fonti-originali\\\/#primaryimage\",\"url\":\"https:\\\/\\\/www.rassegnastampa-totustuus.it\\\/cattolica\\\/wp-content\\\/uploads\\\/2005\\\/09\\\/Rivol_Francese.jpg\",\"contentUrl\":\"https:\\\/\\\/www.rassegnastampa-totustuus.it\\\/cattolica\\\/wp-content\\\/uploads\\\/2005\\\/09\\\/Rivol_Francese.jpg\",\"width\":266,\"height\":189},{\"@type\":\"BreadcrumbList\",\"@id\":\"https:\\\/\\\/www.rassegnastampa-totustuus.it\\\/cattolica\\\/le-sorprese-di-unindagine-condotta-sulle-fonti-originali\\\/#breadcrumb\",\"itemListElement\":[{\"@type\":\"ListItem\",\"position\":1,\"name\":\"Home\",\"item\":\"https:\\\/\\\/www.rassegnastampa-totustuus.it\\\/cattolica\\\/\"},{\"@type\":\"ListItem\",\"position\":2,\"name\":\"Le sorprese di un\u2019indagine condotta sulle fonti originali\"}]},{\"@type\":\"WebSite\",\"@id\":\"https:\\\/\\\/www.rassegnastampa-totustuus.it\\\/cattolica\\\/#website\",\"url\":\"https:\\\/\\\/www.rassegnastampa-totustuus.it\\\/cattolica\\\/\",\"name\":\"Rassegna Stampa Cattolica\",\"description\":\"Per una cultura che nasce dalla Rivelazione cristiana in conformit\u00e0 alla tradizione e al Magistero della Chiesa in opposizione ad ogni relativismo e totalitarismo\",\"publisher\":{\"@id\":\"https:\\\/\\\/www.rassegnastampa-totustuus.it\\\/cattolica\\\/#organization\"},\"alternateName\":\"Rass. Cattolica\",\"potentialAction\":[{\"@type\":\"SearchAction\",\"target\":{\"@type\":\"EntryPoint\",\"urlTemplate\":\"https:\\\/\\\/www.rassegnastampa-totustuus.it\\\/cattolica\\\/?s={search_term_string}\"},\"query-input\":{\"@type\":\"PropertyValueSpecification\",\"valueRequired\":true,\"valueName\":\"search_term_string\"}}],\"inLanguage\":\"it-IT\"},{\"@type\":\"Organization\",\"@id\":\"https:\\\/\\\/www.rassegnastampa-totustuus.it\\\/cattolica\\\/#organization\",\"name\":\"Rassegna Stampa Cattolica\",\"url\":\"https:\\\/\\\/www.rassegnastampa-totustuus.it\\\/cattolica\\\/\",\"logo\":{\"@type\":\"ImageObject\",\"inLanguage\":\"it-IT\",\"@id\":\"https:\\\/\\\/www.rassegnastampa-totustuus.it\\\/cattolica\\\/#\\\/schema\\\/logo\\\/image\\\/\",\"url\":\"https:\\\/\\\/www.rassegnastampa-totustuus.it\\\/cattolica\\\/wp-content\\\/uploads\\\/2014\\\/04\\\/logo-rassegna1.gif\",\"contentUrl\":\"https:\\\/\\\/www.rassegnastampa-totustuus.it\\\/cattolica\\\/wp-content\\\/uploads\\\/2014\\\/04\\\/logo-rassegna1.gif\",\"width\":600,\"height\":163,\"caption\":\"Rassegna Stampa Cattolica\"},\"image\":{\"@id\":\"https:\\\/\\\/www.rassegnastampa-totustuus.it\\\/cattolica\\\/#\\\/schema\\\/logo\\\/image\\\/\"},\"sameAs\":[\"https:\\\/\\\/www.facebook.com\\\/rassegnastampacattolica\",\"https:\\\/\\\/x.com\\\/rassegnastampa9\"]},{\"@type\":\"Person\",\"@id\":\"https:\\\/\\\/www.rassegnastampa-totustuus.it\\\/cattolica\\\/#\\\/schema\\\/person\\\/08f319d2bd1a0904ad9e2bfb7b15e5c3\",\"name\":\"Redazione\",\"image\":{\"@type\":\"ImageObject\",\"inLanguage\":\"it-IT\",\"@id\":\"https:\\\/\\\/secure.gravatar.com\\\/avatar\\\/2fcdf27c78ea025fbdb44e914cc63c72249ffec9dc8aafd5c82b26240ef3f346?s=96&d=mm&r=g\",\"url\":\"https:\\\/\\\/secure.gravatar.com\\\/avatar\\\/2fcdf27c78ea025fbdb44e914cc63c72249ffec9dc8aafd5c82b26240ef3f346?s=96&d=mm&r=g\",\"contentUrl\":\"https:\\\/\\\/secure.gravatar.com\\\/avatar\\\/2fcdf27c78ea025fbdb44e914cc63c72249ffec9dc8aafd5c82b26240ef3f346?s=96&d=mm&r=g\",\"caption\":\"Redazione\"},\"url\":\"https:\\\/\\\/www.rassegnastampa-totustuus.it\\\/cattolica\\\/author\\\/pietroelle\\\/\"}]}<\/script>\n<!-- \/ Yoast SEO plugin. -->","yoast_head_json":{"title":"Le sorprese di un\u2019indagine condotta sulle fonti originali - Rassegna Stampa Cattolica","description":"Rassegna Stampa Cattolica - Per una cultura che nasce dalla Rivelazione cristiana in conformit\u00e0 alla tradizione e al Magistero della Chiesa in opposizione ad ogni relativismo e totalitarismo","robots":{"index":"index","follow":"follow","max-snippet":"max-snippet:-1","max-image-preview":"max-image-preview:large","max-video-preview":"max-video-preview:-1"},"canonical":"https:\/\/www.rassegnastampa-totustuus.it\/cattolica\/le-sorprese-di-unindagine-condotta-sulle-fonti-originali\/","og_locale":"it_IT","og_type":"article","og_title":"Le sorprese di un\u2019indagine condotta sulle fonti originali - Rassegna Stampa Cattolica","og_description":"Rassegna Stampa Cattolica - Per una cultura che nasce dalla Rivelazione cristiana in conformit\u00e0 alla tradizione e al Magistero della Chiesa in opposizione ad ogni relativismo e totalitarismo","og_url":"https:\/\/www.rassegnastampa-totustuus.it\/cattolica\/le-sorprese-di-unindagine-condotta-sulle-fonti-originali\/","og_site_name":"Rassegna Stampa Cattolica","article_publisher":"https:\/\/www.facebook.com\/rassegnastampacattolica","article_published_time":"2005-09-07T22:00:00+00:00","article_modified_time":"2016-01-04T18:39:02+00:00","og_image":[{"width":266,"height":189,"url":"https:\/\/www.rassegnastampa-totustuus.it\/cattolica\/wp-content\/uploads\/2005\/09\/Rivol_Francese.jpg","type":"image\/jpeg"}],"author":"Redazione","twitter_card":"summary_large_image","twitter_creator":"@rassegnastampa9","twitter_site":"@rassegnastampa9","twitter_misc":{"Scritto da":"Redazione","Tempo di lettura stimato":"7 minuti"},"schema":{"@context":"https:\/\/schema.org","@graph":[{"@type":"Article","@id":"https:\/\/www.rassegnastampa-totustuus.it\/cattolica\/le-sorprese-di-unindagine-condotta-sulle-fonti-originali\/#article","isPartOf":{"@id":"https:\/\/www.rassegnastampa-totustuus.it\/cattolica\/le-sorprese-di-unindagine-condotta-sulle-fonti-originali\/"},"author":{"name":"Redazione","@id":"https:\/\/www.rassegnastampa-totustuus.it\/cattolica\/#\/schema\/person\/08f319d2bd1a0904ad9e2bfb7b15e5c3"},"headline":"Le sorprese di un\u2019indagine condotta sulle fonti originali","datePublished":"2005-09-07T22:00:00+00:00","dateModified":"2016-01-04T18:39:02+00:00","mainEntityOfPage":{"@id":"https:\/\/www.rassegnastampa-totustuus.it\/cattolica\/le-sorprese-di-unindagine-condotta-sulle-fonti-originali\/"},"wordCount":1359,"publisher":{"@id":"https:\/\/www.rassegnastampa-totustuus.it\/cattolica\/#organization"},"image":{"@id":"https:\/\/www.rassegnastampa-totustuus.it\/cattolica\/le-sorprese-di-unindagine-condotta-sulle-fonti-originali\/#primaryimage"},"thumbnailUrl":"https:\/\/www.rassegnastampa-totustuus.it\/cattolica\/wp-content\/uploads\/2005\/09\/Rivol_Francese.jpg","keywords":["1789","Rivoluzione Francese","storia"],"articleSection":["Rivoluzione francese","Storia"],"inLanguage":"it-IT"},{"@type":"WebPage","@id":"https:\/\/www.rassegnastampa-totustuus.it\/cattolica\/le-sorprese-di-unindagine-condotta-sulle-fonti-originali\/","url":"https:\/\/www.rassegnastampa-totustuus.it\/cattolica\/le-sorprese-di-unindagine-condotta-sulle-fonti-originali\/","name":"Le sorprese di un\u2019indagine condotta sulle fonti originali - Rassegna Stampa Cattolica","isPartOf":{"@id":"https:\/\/www.rassegnastampa-totustuus.it\/cattolica\/#website"},"primaryImageOfPage":{"@id":"https:\/\/www.rassegnastampa-totustuus.it\/cattolica\/le-sorprese-di-unindagine-condotta-sulle-fonti-originali\/#primaryimage"},"image":{"@id":"https:\/\/www.rassegnastampa-totustuus.it\/cattolica\/le-sorprese-di-unindagine-condotta-sulle-fonti-originali\/#primaryimage"},"thumbnailUrl":"https:\/\/www.rassegnastampa-totustuus.it\/cattolica\/wp-content\/uploads\/2005\/09\/Rivol_Francese.jpg","datePublished":"2005-09-07T22:00:00+00:00","dateModified":"2016-01-04T18:39:02+00:00","description":"Rassegna Stampa Cattolica - Per una cultura che nasce dalla Rivelazione cristiana in conformit\u00e0 alla tradizione e al Magistero della Chiesa in opposizione ad ogni relativismo e totalitarismo","breadcrumb":{"@id":"https:\/\/www.rassegnastampa-totustuus.it\/cattolica\/le-sorprese-di-unindagine-condotta-sulle-fonti-originali\/#breadcrumb"},"inLanguage":"it-IT","potentialAction":[{"@type":"ReadAction","target":["https:\/\/www.rassegnastampa-totustuus.it\/cattolica\/le-sorprese-di-unindagine-condotta-sulle-fonti-originali\/"]}]},{"@type":"ImageObject","inLanguage":"it-IT","@id":"https:\/\/www.rassegnastampa-totustuus.it\/cattolica\/le-sorprese-di-unindagine-condotta-sulle-fonti-originali\/#primaryimage","url":"https:\/\/www.rassegnastampa-totustuus.it\/cattolica\/wp-content\/uploads\/2005\/09\/Rivol_Francese.jpg","contentUrl":"https:\/\/www.rassegnastampa-totustuus.it\/cattolica\/wp-content\/uploads\/2005\/09\/Rivol_Francese.jpg","width":266,"height":189},{"@type":"BreadcrumbList","@id":"https:\/\/www.rassegnastampa-totustuus.it\/cattolica\/le-sorprese-di-unindagine-condotta-sulle-fonti-originali\/#breadcrumb","itemListElement":[{"@type":"ListItem","position":1,"name":"Home","item":"https:\/\/www.rassegnastampa-totustuus.it\/cattolica\/"},{"@type":"ListItem","position":2,"name":"Le sorprese di un\u2019indagine condotta sulle fonti originali"}]},{"@type":"WebSite","@id":"https:\/\/www.rassegnastampa-totustuus.it\/cattolica\/#website","url":"https:\/\/www.rassegnastampa-totustuus.it\/cattolica\/","name":"Rassegna Stampa Cattolica","description":"Per una cultura che nasce dalla Rivelazione cristiana in conformit\u00e0 alla tradizione e al Magistero della Chiesa in opposizione ad ogni relativismo e totalitarismo","publisher":{"@id":"https:\/\/www.rassegnastampa-totustuus.it\/cattolica\/#organization"},"alternateName":"Rass. Cattolica","potentialAction":[{"@type":"SearchAction","target":{"@type":"EntryPoint","urlTemplate":"https:\/\/www.rassegnastampa-totustuus.it\/cattolica\/?s={search_term_string}"},"query-input":{"@type":"PropertyValueSpecification","valueRequired":true,"valueName":"search_term_string"}}],"inLanguage":"it-IT"},{"@type":"Organization","@id":"https:\/\/www.rassegnastampa-totustuus.it\/cattolica\/#organization","name":"Rassegna Stampa Cattolica","url":"https:\/\/www.rassegnastampa-totustuus.it\/cattolica\/","logo":{"@type":"ImageObject","inLanguage":"it-IT","@id":"https:\/\/www.rassegnastampa-totustuus.it\/cattolica\/#\/schema\/logo\/image\/","url":"https:\/\/www.rassegnastampa-totustuus.it\/cattolica\/wp-content\/uploads\/2014\/04\/logo-rassegna1.gif","contentUrl":"https:\/\/www.rassegnastampa-totustuus.it\/cattolica\/wp-content\/uploads\/2014\/04\/logo-rassegna1.gif","width":600,"height":163,"caption":"Rassegna Stampa Cattolica"},"image":{"@id":"https:\/\/www.rassegnastampa-totustuus.it\/cattolica\/#\/schema\/logo\/image\/"},"sameAs":["https:\/\/www.facebook.com\/rassegnastampacattolica","https:\/\/x.com\/rassegnastampa9"]},{"@type":"Person","@id":"https:\/\/www.rassegnastampa-totustuus.it\/cattolica\/#\/schema\/person\/08f319d2bd1a0904ad9e2bfb7b15e5c3","name":"Redazione","image":{"@type":"ImageObject","inLanguage":"it-IT","@id":"https:\/\/secure.gravatar.com\/avatar\/2fcdf27c78ea025fbdb44e914cc63c72249ffec9dc8aafd5c82b26240ef3f346?s=96&d=mm&r=g","url":"https:\/\/secure.gravatar.com\/avatar\/2fcdf27c78ea025fbdb44e914cc63c72249ffec9dc8aafd5c82b26240ef3f346?s=96&d=mm&r=g","contentUrl":"https:\/\/secure.gravatar.com\/avatar\/2fcdf27c78ea025fbdb44e914cc63c72249ffec9dc8aafd5c82b26240ef3f346?s=96&d=mm&r=g","caption":"Redazione"},"url":"https:\/\/www.rassegnastampa-totustuus.it\/cattolica\/author\/pietroelle\/"}]}},"_links":{"self":[{"href":"https:\/\/www.rassegnastampa-totustuus.it\/cattolica\/wp-json\/wp\/v2\/posts\/1353","targetHints":{"allow":["GET"]}}],"collection":[{"href":"https:\/\/www.rassegnastampa-totustuus.it\/cattolica\/wp-json\/wp\/v2\/posts"}],"about":[{"href":"https:\/\/www.rassegnastampa-totustuus.it\/cattolica\/wp-json\/wp\/v2\/types\/post"}],"author":[{"embeddable":true,"href":"https:\/\/www.rassegnastampa-totustuus.it\/cattolica\/wp-json\/wp\/v2\/users\/6"}],"replies":[{"embeddable":true,"href":"https:\/\/www.rassegnastampa-totustuus.it\/cattolica\/wp-json\/wp\/v2\/comments?post=1353"}],"version-history":[{"count":4,"href":"https:\/\/www.rassegnastampa-totustuus.it\/cattolica\/wp-json\/wp\/v2\/posts\/1353\/revisions"}],"predecessor-version":[{"id":29218,"href":"https:\/\/www.rassegnastampa-totustuus.it\/cattolica\/wp-json\/wp\/v2\/posts\/1353\/revisions\/29218"}],"wp:featuredmedia":[{"embeddable":true,"href":"https:\/\/www.rassegnastampa-totustuus.it\/cattolica\/wp-json\/wp\/v2\/media\/29217"}],"wp:attachment":[{"href":"https:\/\/www.rassegnastampa-totustuus.it\/cattolica\/wp-json\/wp\/v2\/media?parent=1353"}],"wp:term":[{"taxonomy":"category","embeddable":true,"href":"https:\/\/www.rassegnastampa-totustuus.it\/cattolica\/wp-json\/wp\/v2\/categories?post=1353"},{"taxonomy":"post_tag","embeddable":true,"href":"https:\/\/www.rassegnastampa-totustuus.it\/cattolica\/wp-json\/wp\/v2\/tags?post=1353"}],"curies":[{"name":"wp","href":"https:\/\/api.w.org\/{rel}","templated":true}]}}