{"id":1332,"date":"2005-09-07T00:00:00","date_gmt":"2005-09-06T22:00:00","guid":{"rendered":""},"modified":"2015-11-26T12:35:01","modified_gmt":"2015-11-26T11:35:01","slug":"gli-stati-indipendenti-ditalia-568-1860","status":"publish","type":"post","link":"https:\/\/www.rassegnastampa-totustuus.it\/cattolica\/gli-stati-indipendenti-ditalia-568-1860\/","title":{"rendered":"Gli Stati Indipendenti d\u2019Italia (568-1860)"},"content":{"rendered":"<div style=\"text-align: center;\">I.D.I.S. &#8211; Istituto per la Dottrina e l&#8217;Informazione Sociale<\/div>\n<p style=\"text-align: center;\"><strong>Voci per un dizionario del pensiero forte<\/strong><\/p>\n<p style=\"text-align: center;\"><a href=\"https:\/\/www.rassegnastampa-totustuus.it\/cattolica\/wp-content\/uploads\/2005\/09\/Stati_italiani.jpg\"><img loading=\"lazy\" decoding=\"async\" class=\"aligncenter wp-image-28065 size-full\" src=\"https:\/\/www.rassegnastampa-totustuus.it\/cattolica\/wp-content\/uploads\/2005\/09\/Stati_italiani.jpg\" alt=\"Stati_italiani\" width=\"243\" height=\"207\" \/><\/a><\/p>\n<p style=\"text-align: center;\">di <strong>Francesco Pappalardo<\/strong><\/p>\n<p><!--more--><\/p>\n<div style=\"text-align: justify;\"><strong>1. Un &#8220;guardaroba di abiti politici&#8221;<\/strong><\/div>\n<p style=\"text-align: justify;\">Da oltre un secolo la storia d\u2019Europa \u00e8 trattata come una storia di nazioni anzich\u00e9 di Stati, con il risultato di creare un\u2019immagine fittizia del passato, in cui sarebbe stato dominante quanto in realt\u00e0 \u00e8 solamente un programma politico di tempi pi\u00f9 recenti.<\/p>\n<p style=\"text-align: justify;\">Si tratta di una vera e propria falsificazione, perch\u00e9 in Europa quasi mai la nazione ha rappresentato l\u2019elemento primario rispetto allo Stato: pi\u00f9 antico della nazione francese \u00e8 lo Stato francese, fondato dalla monarchia e dall\u2019episcopato, cos\u00ec come pi\u00f9 antico della nazione spagnola \u00e8 lo Stato spagnolo, affermatosi sui regni pirenaici medioevali in virt\u00f9 di un\u2019unit\u00e0 religiosa e non nazionale, che nasce dalla <em>Reconquista<\/em> contro i musulmani; analoghe considerazioni valgono per l\u2019impero germanico, nelle sue radici sassoni, austriache e prussiane, germogliate da elementi dinastici e militari.<\/p>\n<p style=\"text-align: justify;\">Una singolarit\u00e0 \u00e8 costituita invece dall\u2019Italia, che esiste da quasi un millennio come unit\u00e0 culturale e linguistica, pur nella diversit\u00e0 delle sue componenti, essendosi formata in seno alla Cristianit\u00e0, nei secoli del Medioevo, sulla base di una preziosa eredit\u00e0 romana, a sua volta maturata in un intricato mosaico di lingue e di stirpi.<\/p>\n<p style=\"text-align: justify;\">L\u2019idea che all\u2019unit\u00e0 dell\u2019Italia romana &#8211; compiuta nel secolo I a. C. &#8211; soggiacesse una realt\u00e0 etnica e storica estremamente composita era chiara agli antichi, che hanno voluto tramandare ai posteri il ricordo dei diversi popoli italici. La stessa suddivisione amministrativa della penisola da parte dell\u2019imperatore Cesare Augusto (63 a. C.-14 d. C.) in undici regioni recanti i nomi geografici ed etnici tradizionali &#8211; i cui confini sono ricalcati nelle grandi linee da quelli delle regioni odierne &#8211; non intendeva soltanto salvaguardare una memoria storica, ma era anche segno di una perdurante realt\u00e0.<\/p>\n<p style=\"text-align: justify;\">L\u2019eredit\u00e0 lasciata dai popoli italici ha resistito in qualche misura al processo di romanizzazione e si \u00e8 trasmessa nel tempo, ponendo le basi di quel particolarismo che esprime una vocazione della nazione italiana e che si \u00e8 manifestato in una straordinaria variet\u00e0 di societ\u00e0 storiche.<\/p>\n<p style=\"text-align: justify;\">L\u2019invasione longobarda del 568 rompe l\u2019unit\u00e0 politica della penisola e apre la strada a una distinzione fra i territori del Regno italico &#8211; nei quali si svilupperanno le istituzioni feudali appunto di tipo longobardo e fioriranno poi in varia forma e misura le autonomie comunali &#8211; e i territori romano-bizantini, di cui una parte costituir\u00e0 il Patrimonio di San Pietro, mentre l\u2019intero Mezzogiorno e la Sicilia saranno unificati dalla monarchia normanno-sveva, che v\u2019introdurr\u00e0 fra l\u2019altro il sistema feudale &#8220;franco&#8221;; uno sviluppo particolare avranno gli ordinamenti pubblici della Sardegna, divisa inizialmente in quattro giudicati o regni.<\/p>\n<p style=\"text-align: justify;\">In questo modo viene confermato il pluralismo delle componenti storiche e istituzionali come &#8220;carattere originale&#8221; della nazione italiana, che \u00e8 vissuta per oltre un millennio senza uno Stato unitario, in <em>&#8220;<\/em>[&#8230;] <em>una pluristatalit\u00e0<\/em> &#8211; afferma Giuseppe Galasso &#8211;<em>, che \u00e8 ricca di implicazioni culturali e civili e in qualche modo \u00e8 anche una plurinazionalit\u00e0<\/em>&#8220;, anche se gli italiani si sono sempre sentiti tali, avendo la percezione di essere parte di un\u2019unica comunit\u00e0, resa omogenea da una cultura unitaria, profondamente permeata di cristianesimo e di valori ispirati al diritto naturale.<\/p>\n<p style=\"text-align: justify;\">La nazione italiana, in conformit\u00e0 con questo grande patrimonio di tradizioni storiche e con le sue ricchezze culturali, anche di cultura politica, si \u00e8 organizzata nel tempo in pi\u00f9 strutture statuali, tutte di bassa incidenza sulla societ\u00e0 e non totalizzanti, che per secoli hanno tutelato robustamente la cultura italiana.<\/p>\n<p style=\"text-align: justify;\">Queste forme statuali sono state caratterizzate da una mirabile variet\u00e0 istituzionale &#8211; dallo Stato municipale al grande regno, dal principato regionale alla repubblica aristocratica -, che ha fatto dell\u2019Italia un campionario di Stati e, nella misura in cui questi possono essere considerati gli &#8220;abiti&#8221; delle societ\u00e0 storiche, destinati soprattutto a proteggerne il retaggio spirituale e culturale, un &#8220;guardaroba di abiti politici&#8221;, il guardaroba politico delle societ\u00e0 storiche affermatesi nella penisola.<\/p>\n<p style=\"text-align: justify;\"><strong>2. Una comunit\u00e0 di destini<\/strong><\/p>\n<p style=\"text-align: justify;\">Non \u00e8 facile, vivendo l\u2019esperienza dello Stato moderno, centralista e unitario, rendersi conto della vitalit\u00e0 e dell\u2019autonomia della societ\u00e0 civile, che per molti secoli \u00e8 riuscita a salvaguardare la propria identit\u00e0 &#8211; nonostante continui mutamenti politici o dinastici, quindi continui cambiamenti di &#8220;abito&#8221; &#8211; grazie alla presenza di complesse e articolate reti di rapporti umani, familiari, di clientela e di patronato, che fungevano da canali reali di un potere politico esercitato in forme molto pi\u00f9 diffuse e variegate di quelle oggi conosciute e che davano vita a una molteplicit\u00e0 di ordinamenti, di consuetudini e di privilegi.<\/p>\n<p style=\"text-align: justify;\">Dal punto di vista istituzionale e sociale la struttura portante di queste realt\u00e0 \u00e8 stato per lunghissimo tempo il feudalesimo, che faceva della societ\u00e0 medioevale una societ\u00e0 gerarchica, grazie, da un lato, alla presenza al vertice, come punto di riferimento, del sovrano, e, dall\u2019altro lato, alla catena delle gerarchie feudali.<\/p>\n<p style=\"text-align: justify;\">Anche i Comuni, frutto della forte ripresa cittadina dopo il Mille, non nascono e non si svolgono in chiave antifeudale, nemmeno quando giungono a costituirsi in centri di minuscoli Stati, largamente autonomi, anche se inseriti giuridicamente nella struttura feudale del Sacro Romano Impero. La nascita stessa del Comune \u00e8 un fenomeno aristocratico, incomprensibile senza la ricchezza di vita e la libert\u00e0 d\u2019azione che connotavano la societ\u00e0 feudale. \u00c8 significativo, del resto, che i rapporti fra i vari Stati, compresi i Comuni, cos\u00ec come i rapporti fra le citt\u00e0 e i signori del territorio circostante, venissero definiti ricorrendo al diritto feudale.<\/p>\n<p style=\"text-align: justify;\">Fra il 1300 e il 1500 si assiste al passaggio dal feudalesimo alla signoria &#8211; una realt\u00e0 statuale in cui i ceti dirigenti non sono pi\u00f9 rappresentanti della famiglia o del <em>clan<\/em>, bens\u00ec di una determinata categoria sociale &#8211; nonch\u00e9 a una concentrazione di sovranit\u00e0 nelle mani di principi, detentori di un forte potere politico e militare, che mirano alla sottomissione dell\u2019aristocrazia feudale, gradualmente ridotta a nobilt\u00e0 di corte, e alla limitazione sistematica delle antiche istituzioni di tipo rappresentativo.<\/p>\n<p style=\"text-align: justify;\">Nello stesso tempo ha luogo una riorganizzazione dei diversi nuclei territoriali, che determina la creazione di pi\u00f9 ampi organismi e poi dei cosiddetti &#8220;Stati regionali&#8221; che, giunti a maturazione intorno alla met\u00e0 del Quattrocento, resteranno pressoch\u00e9 immutati fino all\u2019et\u00e0 napoleonica.<\/p>\n<p style=\"text-align: justify;\">In questo periodo si delinea una situazione di stabilit\u00e0, poi sancita dalla pace di Lodi del 1454 &#8211; che pone fine alla guerra di successione per il Ducato di Milano -, con cui vengono definite le linee di fondo di quell\u2019equilibrio politico che, nonostante il turbine delle guerre del primo Cinquecento, rester\u00e0 pressoch\u00e9 immutato fino all\u2019et\u00e0 napoleonica e che pu\u00f2 essere considerato l\u2019embrione di un assetto confederale.<\/p>\n<p style=\"text-align: justify;\">All\u2019atto diplomatico fa significativamente seguito la costituzione della Lega Italica, alla quale aderiscono i principali Stati della penisola: il Ducato di Milano, la Repubblica di Venezia, la Repubblica di Firenze, gli Stati della Chiesa e il Regno di Napoli. Da questa data le formazioni statali minori si trovano legate alle maggiori in un sistema dosato di vincoli politici e militari, in una struttura flessibile, suscettibile di lacerazioni e di squilibri, ma capace di comprendere in un unico sistema il composito mondo politico italiano, condotto ora al massimo di unificazione possibile, nella rafforzata consapevolezza di una comunit\u00e0 di destini della nazione.<\/p>\n<p style=\"text-align: justify;\"><strong>3. Il &#8220;piccolo Stato&#8221;<\/strong><\/p>\n<p style=\"text-align: justify;\">Bench\u00e9 la svolta signorile, segnata soprattutto dallo sforzo di accentramento delle funzioni pubbliche, abbia chiaro significato assolutistico, gli ordinamenti che si creano allora e che dureranno per secoli, segno appunto della robustezza della costruzione cui si era pervenuti, hanno caratteri ben diversi da quelli dello Stato moderno, che non conosce le articolazioni politiche e le forme di aggregazione caratteristiche invece di quel lungo periodo, dalla fine del Medioevo alla Rivoluzione francese, che con felice scelta lessicale viene definito &#8220;antico regime&#8221; invece di &#8220;et\u00e0 moderna&#8221;.<\/p>\n<p style=\"text-align: justify;\">Lo Stato regionale \u00e8 un intreccio di giurisdizioni particolari e di autonomie locali, che costituiscono i nuclei pi\u00f9 vitali di coagulo e di organizzazione politica della societ\u00e0, e che richiedono nuove e pi\u00f9 articolate formulazioni giuridiche per definire i rapporti fra i numerosi poteri. Si tratti del Ducato di Milano, a larga base feudale, dei piccoli principati emiliani, della composita Repubblica di Venezia o di uno Stato di origine cittadina come la Repubblica di Firenze, gli ordinamenti pubblici si caratterizzano per il loro carattere pattizio e si fondano su una divisione del potere fra il governo centrale e una serie di &#8220;centri&#8221; disciplinati ma vitali, non pi\u00f9 indipendenti ma gelosi delle proprie libert\u00e0.<\/p>\n<p style=\"text-align: justify;\">La forma politica pi\u00f9 diffusa nella penisola diventa quella del &#8220;piccolo Stato&#8221; &#8211; la cui fioritura si \u00e8 protratta per secoli con una ricchezza di cui generalmente non si \u00e8 consapevoli in modo sufficiente soprattutto dal punto di vista storico e politico -, caratterizzato dalla presenza di numerose autonomie locali, di giurisdizioni particolari, laboriosamente coordinate, e di intermediazioni personali, cos\u00ec che le formazioni statali a ogni loro passo dovevano fare i conti con la solida presenza, pi\u00f9 che con la sopravvivenza, di gruppi e di istituti saldamente radicati nel territorio.<\/p>\n<p style=\"text-align: justify;\">Questi Stati costituiscono particolari modelli di vita e di cultura con le loro corti, i loro condottieri e i loro principi, definiti &#8220;piccoli&#8221; per le dimensioni dei loro Stati, ma tutti uguali ai &#8220;grandi&#8221; in quanto titolari di una sovranit\u00e0 che faceva di essi soggetti a pieno titolo, nel battere moneta come nel legiferare, nell\u2019amministrare la giustizia, nell\u2019intraprendere guerre, nel concludere trattati di pace e alleanze matrimoniali.<\/p>\n<p style=\"text-align: justify;\">Essi si inseriscono, in un articolato rapporto di gerarchie e di dipendenze, nel sistema degli Stati italiani, dove la relazione fra il grande e il piccolo era mediata da un sistema religioso a carattere universale, la Chiesa cattolica, e da un sistema politico a carattere universalistico, il Sacro Romano Impero.<\/p>\n<p style=\"text-align: justify;\">Questa cultura politica, fondata sul particolarismo dei corpi intermedi, che tutelavano la soggettivit\u00e0 della nazione, rimane predominante fino al Settecento, quando si affermano il nuovo spirito assolutistico e l\u2019<em>esprit de g\u00e9ometrie<\/em> degli illuministi, che con la loro azione prevaricatrice e livellatrice impongono un sistema di governo centralistico e spersonalizzato, soffocando l\u2019autonomia dei corpi territoriali e le libert\u00e0 e i privilegi degli ordini o ceti.<\/p>\n<p style=\"text-align: justify;\">Dopo la fine coatta del Sacro Romano Impero nel 1806, su pressione napoleonica, la politica diventa puro equilibrio di forze e la competizione fra i vari Stati mette in pericolo la sopravvivenza delle piccole realt\u00e0 statuali della penisola. Alla sfida rappresentata dai mutamenti intervenuti nel contesto internazionale avrebbe costituito risposta adeguata una struttura confederale, una federazione di Stati, cio\u00e8 un abito ritagliato su misura, che fosse adeguato alla mutata situazione e assicurasse il rispetto dell\u2019antica personalit\u00e0 dei popoli d\u2019Italia.<\/p>\n<p style=\"text-align: justify;\">Tuttavia, la maturazione politica di questo esito non ebbe il tempo necessario e si giunse all\u2019unificazione forzata &#8211; compiuta nel 1860 e ufficializzata l\u2019anno seguente con la proclamazione del Regno d\u2019Italia -, ossia all\u2019imposizione di un abito inadeguato, causando al corpo sociale italiano i gravi disagi di cui soffre tuttora.<\/p>\n<p style=\"text-align: justify;\"><strong>Per approfondire:<\/strong> vedi Giuseppe Galasso, <em>L\u2019Italia come problema storiografico<\/em>, <em>Introduzione<\/em> alla <em>Storia d\u2019Italia<\/em>, a cura di G. Galasso, Utet, Torino 1979; Idem, <em>L\u2019Italia una e diversa nel sistema degli Stati europei (1450-1750)<\/em>, in G. Galasso e Luigi Mascilli Migliorini, <em>L\u2019Italia moderna e l\u2019unit\u00e0 nazionale<\/em>, vol. XIX della citata <em>Storia d\u2019Italia<\/em>, Utet, Torino 1998, pp. 3-492; AA. VV., <em>Origini dello Stato. Processi di formazione statale in Italia fra medioevo ed et\u00e0 moderna<\/em>, a cura di Giorgio Chittolini, Anthony Molho e Pierangelo Schiera, Il Mulino, Bologna 1994; e Werner Kaegi (1901-1979), <em>Il piccolo Stato nel pensiero europeo<\/em>, in Idem, <em>Meditazioni storiche<\/em>, Laterza, Bari 1960, pp. 33-90.<\/p>\n","protected":false},"excerpt":{"rendered":"<p>I.D.I.S. &#8211; Istituto per la Dottrina e l&#8217;Informazione Sociale Voci per un dizionario del pensiero forte di Francesco Pappalardo<\/p><p><a class=\"more-link btn\" href=\"https:\/\/www.rassegnastampa-totustuus.it\/cattolica\/gli-stati-indipendenti-ditalia-568-1860\/\">Continua a leggere<\/a><\/p>\n","protected":false},"author":6,"featured_media":28065,"comment_status":"closed","ping_status":"open","sticky":false,"template":"","format":"standard","meta":{"footnotes":""},"categories":[101,24,96],"tags":[985],"class_list":["post-1332","post","type-post","status-publish","format-standard","has-post-thumbnail","hentry","category-risorgimento","category-storia","category-storia-italiana","tag-stati-italiani","item-wrap"],"yoast_head":"<!-- This site is optimized with the Yoast SEO plugin v27.5 - https:\/\/yoast.com\/product\/yoast-seo-wordpress\/ -->\n<title>Gli Stati Indipendenti d\u2019Italia (568-1860) - Rassegna Stampa Cattolica<\/title>\n<meta name=\"description\" content=\"Rassegna Stampa Cattolica - Per una cultura che nasce dalla Rivelazione cristiana in conformit\u00e0 alla tradizione e al Magistero della Chiesa in opposizione ad ogni relativismo e totalitarismo\" \/>\n<meta name=\"robots\" content=\"index, follow, max-snippet:-1, max-image-preview:large, max-video-preview:-1\" \/>\n<link rel=\"canonical\" href=\"https:\/\/www.rassegnastampa-totustuus.it\/cattolica\/gli-stati-indipendenti-ditalia-568-1860\/\" \/>\n<meta property=\"og:locale\" content=\"it_IT\" \/>\n<meta property=\"og:type\" content=\"article\" \/>\n<meta property=\"og:title\" content=\"Gli Stati Indipendenti d\u2019Italia (568-1860) - Rassegna Stampa Cattolica\" \/>\n<meta property=\"og:description\" content=\"Rassegna Stampa Cattolica - Per una cultura che nasce dalla Rivelazione cristiana in conformit\u00e0 alla tradizione e al Magistero della Chiesa in opposizione ad ogni relativismo e totalitarismo\" \/>\n<meta property=\"og:url\" content=\"https:\/\/www.rassegnastampa-totustuus.it\/cattolica\/gli-stati-indipendenti-ditalia-568-1860\/\" \/>\n<meta property=\"og:site_name\" content=\"Rassegna Stampa Cattolica\" \/>\n<meta property=\"article:publisher\" content=\"https:\/\/www.facebook.com\/rassegnastampacattolica\" \/>\n<meta property=\"article:published_time\" content=\"2005-09-06T22:00:00+00:00\" \/>\n<meta property=\"article:modified_time\" content=\"2015-11-26T11:35:01+00:00\" \/>\n<meta property=\"og:image\" content=\"https:\/\/www.rassegnastampa-totustuus.it\/cattolica\/wp-content\/uploads\/2005\/09\/Stati_italiani.jpg\" \/>\n\t<meta property=\"og:image:width\" content=\"243\" \/>\n\t<meta property=\"og:image:height\" content=\"207\" \/>\n\t<meta property=\"og:image:type\" content=\"image\/jpeg\" \/>\n<meta name=\"author\" content=\"Redazione\" \/>\n<meta name=\"twitter:card\" content=\"summary_large_image\" \/>\n<meta name=\"twitter:creator\" content=\"@rassegnastampa9\" \/>\n<meta name=\"twitter:site\" content=\"@rassegnastampa9\" \/>\n<meta name=\"twitter:label1\" content=\"Scritto da\" \/>\n\t<meta name=\"twitter:data1\" content=\"Redazione\" \/>\n\t<meta name=\"twitter:label2\" content=\"Tempo di lettura stimato\" \/>\n\t<meta name=\"twitter:data2\" content=\"10 minuti\" \/>\n<script type=\"application\/ld+json\" class=\"yoast-schema-graph\">{\"@context\":\"https:\\\/\\\/schema.org\",\"@graph\":[{\"@type\":\"Article\",\"@id\":\"https:\\\/\\\/www.rassegnastampa-totustuus.it\\\/cattolica\\\/gli-stati-indipendenti-ditalia-568-1860\\\/#article\",\"isPartOf\":{\"@id\":\"https:\\\/\\\/www.rassegnastampa-totustuus.it\\\/cattolica\\\/gli-stati-indipendenti-ditalia-568-1860\\\/\"},\"author\":{\"name\":\"Redazione\",\"@id\":\"https:\\\/\\\/www.rassegnastampa-totustuus.it\\\/cattolica\\\/#\\\/schema\\\/person\\\/08f319d2bd1a0904ad9e2bfb7b15e5c3\"},\"headline\":\"Gli Stati Indipendenti d\u2019Italia (568-1860)\",\"datePublished\":\"2005-09-06T22:00:00+00:00\",\"dateModified\":\"2015-11-26T11:35:01+00:00\",\"mainEntityOfPage\":{\"@id\":\"https:\\\/\\\/www.rassegnastampa-totustuus.it\\\/cattolica\\\/gli-stati-indipendenti-ditalia-568-1860\\\/\"},\"wordCount\":1913,\"publisher\":{\"@id\":\"https:\\\/\\\/www.rassegnastampa-totustuus.it\\\/cattolica\\\/#organization\"},\"image\":{\"@id\":\"https:\\\/\\\/www.rassegnastampa-totustuus.it\\\/cattolica\\\/gli-stati-indipendenti-ditalia-568-1860\\\/#primaryimage\"},\"thumbnailUrl\":\"https:\\\/\\\/www.rassegnastampa-totustuus.it\\\/cattolica\\\/wp-content\\\/uploads\\\/2005\\\/09\\\/Stati_italiani.jpg\",\"keywords\":[\"stati italiani\"],\"articleSection\":[\"Risorgimento\",\"Storia\",\"Storia italiana\"],\"inLanguage\":\"it-IT\"},{\"@type\":\"WebPage\",\"@id\":\"https:\\\/\\\/www.rassegnastampa-totustuus.it\\\/cattolica\\\/gli-stati-indipendenti-ditalia-568-1860\\\/\",\"url\":\"https:\\\/\\\/www.rassegnastampa-totustuus.it\\\/cattolica\\\/gli-stati-indipendenti-ditalia-568-1860\\\/\",\"name\":\"Gli Stati Indipendenti d\u2019Italia (568-1860) - Rassegna Stampa Cattolica\",\"isPartOf\":{\"@id\":\"https:\\\/\\\/www.rassegnastampa-totustuus.it\\\/cattolica\\\/#website\"},\"primaryImageOfPage\":{\"@id\":\"https:\\\/\\\/www.rassegnastampa-totustuus.it\\\/cattolica\\\/gli-stati-indipendenti-ditalia-568-1860\\\/#primaryimage\"},\"image\":{\"@id\":\"https:\\\/\\\/www.rassegnastampa-totustuus.it\\\/cattolica\\\/gli-stati-indipendenti-ditalia-568-1860\\\/#primaryimage\"},\"thumbnailUrl\":\"https:\\\/\\\/www.rassegnastampa-totustuus.it\\\/cattolica\\\/wp-content\\\/uploads\\\/2005\\\/09\\\/Stati_italiani.jpg\",\"datePublished\":\"2005-09-06T22:00:00+00:00\",\"dateModified\":\"2015-11-26T11:35:01+00:00\",\"description\":\"Rassegna Stampa Cattolica - Per una cultura che nasce dalla Rivelazione cristiana in conformit\u00e0 alla tradizione e al Magistero della Chiesa in opposizione ad ogni relativismo e totalitarismo\",\"breadcrumb\":{\"@id\":\"https:\\\/\\\/www.rassegnastampa-totustuus.it\\\/cattolica\\\/gli-stati-indipendenti-ditalia-568-1860\\\/#breadcrumb\"},\"inLanguage\":\"it-IT\",\"potentialAction\":[{\"@type\":\"ReadAction\",\"target\":[\"https:\\\/\\\/www.rassegnastampa-totustuus.it\\\/cattolica\\\/gli-stati-indipendenti-ditalia-568-1860\\\/\"]}]},{\"@type\":\"ImageObject\",\"inLanguage\":\"it-IT\",\"@id\":\"https:\\\/\\\/www.rassegnastampa-totustuus.it\\\/cattolica\\\/gli-stati-indipendenti-ditalia-568-1860\\\/#primaryimage\",\"url\":\"https:\\\/\\\/www.rassegnastampa-totustuus.it\\\/cattolica\\\/wp-content\\\/uploads\\\/2005\\\/09\\\/Stati_italiani.jpg\",\"contentUrl\":\"https:\\\/\\\/www.rassegnastampa-totustuus.it\\\/cattolica\\\/wp-content\\\/uploads\\\/2005\\\/09\\\/Stati_italiani.jpg\",\"width\":243,\"height\":207},{\"@type\":\"BreadcrumbList\",\"@id\":\"https:\\\/\\\/www.rassegnastampa-totustuus.it\\\/cattolica\\\/gli-stati-indipendenti-ditalia-568-1860\\\/#breadcrumb\",\"itemListElement\":[{\"@type\":\"ListItem\",\"position\":1,\"name\":\"Home\",\"item\":\"https:\\\/\\\/www.rassegnastampa-totustuus.it\\\/cattolica\\\/\"},{\"@type\":\"ListItem\",\"position\":2,\"name\":\"Gli Stati Indipendenti d\u2019Italia (568-1860)\"}]},{\"@type\":\"WebSite\",\"@id\":\"https:\\\/\\\/www.rassegnastampa-totustuus.it\\\/cattolica\\\/#website\",\"url\":\"https:\\\/\\\/www.rassegnastampa-totustuus.it\\\/cattolica\\\/\",\"name\":\"Rassegna Stampa Cattolica\",\"description\":\"Per una cultura che nasce dalla Rivelazione cristiana in conformit\u00e0 alla tradizione e al Magistero della Chiesa in opposizione ad ogni relativismo e totalitarismo\",\"publisher\":{\"@id\":\"https:\\\/\\\/www.rassegnastampa-totustuus.it\\\/cattolica\\\/#organization\"},\"alternateName\":\"Rass. Cattolica\",\"potentialAction\":[{\"@type\":\"SearchAction\",\"target\":{\"@type\":\"EntryPoint\",\"urlTemplate\":\"https:\\\/\\\/www.rassegnastampa-totustuus.it\\\/cattolica\\\/?s={search_term_string}\"},\"query-input\":{\"@type\":\"PropertyValueSpecification\",\"valueRequired\":true,\"valueName\":\"search_term_string\"}}],\"inLanguage\":\"it-IT\"},{\"@type\":\"Organization\",\"@id\":\"https:\\\/\\\/www.rassegnastampa-totustuus.it\\\/cattolica\\\/#organization\",\"name\":\"Rassegna Stampa Cattolica\",\"url\":\"https:\\\/\\\/www.rassegnastampa-totustuus.it\\\/cattolica\\\/\",\"logo\":{\"@type\":\"ImageObject\",\"inLanguage\":\"it-IT\",\"@id\":\"https:\\\/\\\/www.rassegnastampa-totustuus.it\\\/cattolica\\\/#\\\/schema\\\/logo\\\/image\\\/\",\"url\":\"https:\\\/\\\/www.rassegnastampa-totustuus.it\\\/cattolica\\\/wp-content\\\/uploads\\\/2014\\\/04\\\/logo-rassegna1.gif\",\"contentUrl\":\"https:\\\/\\\/www.rassegnastampa-totustuus.it\\\/cattolica\\\/wp-content\\\/uploads\\\/2014\\\/04\\\/logo-rassegna1.gif\",\"width\":600,\"height\":163,\"caption\":\"Rassegna Stampa Cattolica\"},\"image\":{\"@id\":\"https:\\\/\\\/www.rassegnastampa-totustuus.it\\\/cattolica\\\/#\\\/schema\\\/logo\\\/image\\\/\"},\"sameAs\":[\"https:\\\/\\\/www.facebook.com\\\/rassegnastampacattolica\",\"https:\\\/\\\/x.com\\\/rassegnastampa9\"]},{\"@type\":\"Person\",\"@id\":\"https:\\\/\\\/www.rassegnastampa-totustuus.it\\\/cattolica\\\/#\\\/schema\\\/person\\\/08f319d2bd1a0904ad9e2bfb7b15e5c3\",\"name\":\"Redazione\",\"image\":{\"@type\":\"ImageObject\",\"inLanguage\":\"it-IT\",\"@id\":\"https:\\\/\\\/secure.gravatar.com\\\/avatar\\\/2fcdf27c78ea025fbdb44e914cc63c72249ffec9dc8aafd5c82b26240ef3f346?s=96&d=mm&r=g\",\"url\":\"https:\\\/\\\/secure.gravatar.com\\\/avatar\\\/2fcdf27c78ea025fbdb44e914cc63c72249ffec9dc8aafd5c82b26240ef3f346?s=96&d=mm&r=g\",\"contentUrl\":\"https:\\\/\\\/secure.gravatar.com\\\/avatar\\\/2fcdf27c78ea025fbdb44e914cc63c72249ffec9dc8aafd5c82b26240ef3f346?s=96&d=mm&r=g\",\"caption\":\"Redazione\"},\"url\":\"https:\\\/\\\/www.rassegnastampa-totustuus.it\\\/cattolica\\\/author\\\/pietroelle\\\/\"}]}<\/script>\n<!-- \/ Yoast SEO plugin. -->","yoast_head_json":{"title":"Gli Stati Indipendenti d\u2019Italia (568-1860) - Rassegna Stampa Cattolica","description":"Rassegna Stampa Cattolica - Per una cultura che nasce dalla Rivelazione cristiana in conformit\u00e0 alla tradizione e al Magistero della Chiesa in opposizione ad ogni relativismo e totalitarismo","robots":{"index":"index","follow":"follow","max-snippet":"max-snippet:-1","max-image-preview":"max-image-preview:large","max-video-preview":"max-video-preview:-1"},"canonical":"https:\/\/www.rassegnastampa-totustuus.it\/cattolica\/gli-stati-indipendenti-ditalia-568-1860\/","og_locale":"it_IT","og_type":"article","og_title":"Gli Stati Indipendenti d\u2019Italia (568-1860) - Rassegna Stampa Cattolica","og_description":"Rassegna Stampa Cattolica - Per una cultura che nasce dalla Rivelazione cristiana in conformit\u00e0 alla tradizione e al Magistero della Chiesa in opposizione ad ogni relativismo e totalitarismo","og_url":"https:\/\/www.rassegnastampa-totustuus.it\/cattolica\/gli-stati-indipendenti-ditalia-568-1860\/","og_site_name":"Rassegna Stampa Cattolica","article_publisher":"https:\/\/www.facebook.com\/rassegnastampacattolica","article_published_time":"2005-09-06T22:00:00+00:00","article_modified_time":"2015-11-26T11:35:01+00:00","og_image":[{"width":243,"height":207,"url":"https:\/\/www.rassegnastampa-totustuus.it\/cattolica\/wp-content\/uploads\/2005\/09\/Stati_italiani.jpg","type":"image\/jpeg"}],"author":"Redazione","twitter_card":"summary_large_image","twitter_creator":"@rassegnastampa9","twitter_site":"@rassegnastampa9","twitter_misc":{"Scritto da":"Redazione","Tempo di lettura stimato":"10 minuti"},"schema":{"@context":"https:\/\/schema.org","@graph":[{"@type":"Article","@id":"https:\/\/www.rassegnastampa-totustuus.it\/cattolica\/gli-stati-indipendenti-ditalia-568-1860\/#article","isPartOf":{"@id":"https:\/\/www.rassegnastampa-totustuus.it\/cattolica\/gli-stati-indipendenti-ditalia-568-1860\/"},"author":{"name":"Redazione","@id":"https:\/\/www.rassegnastampa-totustuus.it\/cattolica\/#\/schema\/person\/08f319d2bd1a0904ad9e2bfb7b15e5c3"},"headline":"Gli Stati Indipendenti d\u2019Italia (568-1860)","datePublished":"2005-09-06T22:00:00+00:00","dateModified":"2015-11-26T11:35:01+00:00","mainEntityOfPage":{"@id":"https:\/\/www.rassegnastampa-totustuus.it\/cattolica\/gli-stati-indipendenti-ditalia-568-1860\/"},"wordCount":1913,"publisher":{"@id":"https:\/\/www.rassegnastampa-totustuus.it\/cattolica\/#organization"},"image":{"@id":"https:\/\/www.rassegnastampa-totustuus.it\/cattolica\/gli-stati-indipendenti-ditalia-568-1860\/#primaryimage"},"thumbnailUrl":"https:\/\/www.rassegnastampa-totustuus.it\/cattolica\/wp-content\/uploads\/2005\/09\/Stati_italiani.jpg","keywords":["stati italiani"],"articleSection":["Risorgimento","Storia","Storia italiana"],"inLanguage":"it-IT"},{"@type":"WebPage","@id":"https:\/\/www.rassegnastampa-totustuus.it\/cattolica\/gli-stati-indipendenti-ditalia-568-1860\/","url":"https:\/\/www.rassegnastampa-totustuus.it\/cattolica\/gli-stati-indipendenti-ditalia-568-1860\/","name":"Gli Stati Indipendenti d\u2019Italia (568-1860) - Rassegna Stampa Cattolica","isPartOf":{"@id":"https:\/\/www.rassegnastampa-totustuus.it\/cattolica\/#website"},"primaryImageOfPage":{"@id":"https:\/\/www.rassegnastampa-totustuus.it\/cattolica\/gli-stati-indipendenti-ditalia-568-1860\/#primaryimage"},"image":{"@id":"https:\/\/www.rassegnastampa-totustuus.it\/cattolica\/gli-stati-indipendenti-ditalia-568-1860\/#primaryimage"},"thumbnailUrl":"https:\/\/www.rassegnastampa-totustuus.it\/cattolica\/wp-content\/uploads\/2005\/09\/Stati_italiani.jpg","datePublished":"2005-09-06T22:00:00+00:00","dateModified":"2015-11-26T11:35:01+00:00","description":"Rassegna Stampa Cattolica - Per una cultura che nasce dalla Rivelazione cristiana in conformit\u00e0 alla tradizione e al Magistero della Chiesa in opposizione ad ogni relativismo e totalitarismo","breadcrumb":{"@id":"https:\/\/www.rassegnastampa-totustuus.it\/cattolica\/gli-stati-indipendenti-ditalia-568-1860\/#breadcrumb"},"inLanguage":"it-IT","potentialAction":[{"@type":"ReadAction","target":["https:\/\/www.rassegnastampa-totustuus.it\/cattolica\/gli-stati-indipendenti-ditalia-568-1860\/"]}]},{"@type":"ImageObject","inLanguage":"it-IT","@id":"https:\/\/www.rassegnastampa-totustuus.it\/cattolica\/gli-stati-indipendenti-ditalia-568-1860\/#primaryimage","url":"https:\/\/www.rassegnastampa-totustuus.it\/cattolica\/wp-content\/uploads\/2005\/09\/Stati_italiani.jpg","contentUrl":"https:\/\/www.rassegnastampa-totustuus.it\/cattolica\/wp-content\/uploads\/2005\/09\/Stati_italiani.jpg","width":243,"height":207},{"@type":"BreadcrumbList","@id":"https:\/\/www.rassegnastampa-totustuus.it\/cattolica\/gli-stati-indipendenti-ditalia-568-1860\/#breadcrumb","itemListElement":[{"@type":"ListItem","position":1,"name":"Home","item":"https:\/\/www.rassegnastampa-totustuus.it\/cattolica\/"},{"@type":"ListItem","position":2,"name":"Gli Stati Indipendenti d\u2019Italia (568-1860)"}]},{"@type":"WebSite","@id":"https:\/\/www.rassegnastampa-totustuus.it\/cattolica\/#website","url":"https:\/\/www.rassegnastampa-totustuus.it\/cattolica\/","name":"Rassegna Stampa Cattolica","description":"Per una cultura che nasce dalla Rivelazione cristiana in conformit\u00e0 alla tradizione e al Magistero della Chiesa in opposizione ad ogni relativismo e totalitarismo","publisher":{"@id":"https:\/\/www.rassegnastampa-totustuus.it\/cattolica\/#organization"},"alternateName":"Rass. Cattolica","potentialAction":[{"@type":"SearchAction","target":{"@type":"EntryPoint","urlTemplate":"https:\/\/www.rassegnastampa-totustuus.it\/cattolica\/?s={search_term_string}"},"query-input":{"@type":"PropertyValueSpecification","valueRequired":true,"valueName":"search_term_string"}}],"inLanguage":"it-IT"},{"@type":"Organization","@id":"https:\/\/www.rassegnastampa-totustuus.it\/cattolica\/#organization","name":"Rassegna Stampa Cattolica","url":"https:\/\/www.rassegnastampa-totustuus.it\/cattolica\/","logo":{"@type":"ImageObject","inLanguage":"it-IT","@id":"https:\/\/www.rassegnastampa-totustuus.it\/cattolica\/#\/schema\/logo\/image\/","url":"https:\/\/www.rassegnastampa-totustuus.it\/cattolica\/wp-content\/uploads\/2014\/04\/logo-rassegna1.gif","contentUrl":"https:\/\/www.rassegnastampa-totustuus.it\/cattolica\/wp-content\/uploads\/2014\/04\/logo-rassegna1.gif","width":600,"height":163,"caption":"Rassegna Stampa Cattolica"},"image":{"@id":"https:\/\/www.rassegnastampa-totustuus.it\/cattolica\/#\/schema\/logo\/image\/"},"sameAs":["https:\/\/www.facebook.com\/rassegnastampacattolica","https:\/\/x.com\/rassegnastampa9"]},{"@type":"Person","@id":"https:\/\/www.rassegnastampa-totustuus.it\/cattolica\/#\/schema\/person\/08f319d2bd1a0904ad9e2bfb7b15e5c3","name":"Redazione","image":{"@type":"ImageObject","inLanguage":"it-IT","@id":"https:\/\/secure.gravatar.com\/avatar\/2fcdf27c78ea025fbdb44e914cc63c72249ffec9dc8aafd5c82b26240ef3f346?s=96&d=mm&r=g","url":"https:\/\/secure.gravatar.com\/avatar\/2fcdf27c78ea025fbdb44e914cc63c72249ffec9dc8aafd5c82b26240ef3f346?s=96&d=mm&r=g","contentUrl":"https:\/\/secure.gravatar.com\/avatar\/2fcdf27c78ea025fbdb44e914cc63c72249ffec9dc8aafd5c82b26240ef3f346?s=96&d=mm&r=g","caption":"Redazione"},"url":"https:\/\/www.rassegnastampa-totustuus.it\/cattolica\/author\/pietroelle\/"}]}},"_links":{"self":[{"href":"https:\/\/www.rassegnastampa-totustuus.it\/cattolica\/wp-json\/wp\/v2\/posts\/1332","targetHints":{"allow":["GET"]}}],"collection":[{"href":"https:\/\/www.rassegnastampa-totustuus.it\/cattolica\/wp-json\/wp\/v2\/posts"}],"about":[{"href":"https:\/\/www.rassegnastampa-totustuus.it\/cattolica\/wp-json\/wp\/v2\/types\/post"}],"author":[{"embeddable":true,"href":"https:\/\/www.rassegnastampa-totustuus.it\/cattolica\/wp-json\/wp\/v2\/users\/6"}],"replies":[{"embeddable":true,"href":"https:\/\/www.rassegnastampa-totustuus.it\/cattolica\/wp-json\/wp\/v2\/comments?post=1332"}],"version-history":[{"count":4,"href":"https:\/\/www.rassegnastampa-totustuus.it\/cattolica\/wp-json\/wp\/v2\/posts\/1332\/revisions"}],"predecessor-version":[{"id":28066,"href":"https:\/\/www.rassegnastampa-totustuus.it\/cattolica\/wp-json\/wp\/v2\/posts\/1332\/revisions\/28066"}],"wp:featuredmedia":[{"embeddable":true,"href":"https:\/\/www.rassegnastampa-totustuus.it\/cattolica\/wp-json\/wp\/v2\/media\/28065"}],"wp:attachment":[{"href":"https:\/\/www.rassegnastampa-totustuus.it\/cattolica\/wp-json\/wp\/v2\/media?parent=1332"}],"wp:term":[{"taxonomy":"category","embeddable":true,"href":"https:\/\/www.rassegnastampa-totustuus.it\/cattolica\/wp-json\/wp\/v2\/categories?post=1332"},{"taxonomy":"post_tag","embeddable":true,"href":"https:\/\/www.rassegnastampa-totustuus.it\/cattolica\/wp-json\/wp\/v2\/tags?post=1332"}],"curies":[{"name":"wp","href":"https:\/\/api.w.org\/{rel}","templated":true}]}}