{"id":1318,"date":"2005-09-07T00:00:00","date_gmt":"2005-09-06T22:00:00","guid":{"rendered":""},"modified":"2015-11-26T12:32:09","modified_gmt":"2015-11-26T11:32:09","slug":"il-sessantotto","status":"publish","type":"post","link":"https:\/\/www.rassegnastampa-totustuus.it\/cattolica\/il-sessantotto\/","title":{"rendered":"Il Sessantotto italiano (1968-1977)"},"content":{"rendered":"<div style=\"text-align: center;\">I.D.I.S. \u2013 Istituto per la Dottrina e l\u2019Informazione Sociale<\/div>\n<p style=\"text-align: center;\"><strong>Voci per un dizionario del pensiero forte<\/strong><\/p>\n<p style=\"text-align: center;\"><a href=\"https:\/\/www.rassegnastampa-totustuus.it\/cattolica\/wp-content\/uploads\/2005\/09\/68.jpg\"><img loading=\"lazy\" decoding=\"async\" class=\"aligncenter wp-image-28063\" src=\"https:\/\/www.rassegnastampa-totustuus.it\/cattolica\/wp-content\/uploads\/2005\/09\/68.jpg\" alt=\"68\" width=\"250\" height=\"192\" \/><\/a><\/p>\n<p style=\"text-align: center;\">di <strong>Enzo Peserico<\/strong><\/p>\n<p style=\"text-align: center;\"><!--more--><\/p>\n<p style=\"text-align: justify;\">Non sono molte le date della storia che hanno dato il nome al fenomeno che in quel momento si \u00e8 manifestato ed anche ai suoi protagonisti, o ai suoi attori: \u00e8 accaduto al Sessantotto e ai suoi epigoni, i sessantottini.Un nome che rinuncia alla definizione non \u00e8 propriamente una buona partenza per una voce di dizionario ma, d&#8217;altra parte, permette una analisi &#8220;aperta&#8221;, ossia senza pre-giudizi, di un fenomeno storico per molte ragioni ancora &#8220;attuale&#8221; sotto il profilo culturale e ideologico.<\/p>\n<p style=\"text-align: justify;\">Delimito quindi l&#8217;analisi al Sessantotto italiano, senz&#8217;altro il pi\u00f9 lungo sotto il profilo temporale e il pi\u00f9 significativo dal punto di vista sociale e politico: il pi\u00f9 lungo, perch\u00e9 mentre l&#8217;evento-simbolo del Sessantotto, ossia la rivolta del Maggio francese, con gli scontri all&#8217;Universit\u00e0 della Sorbona, le barricate al Quartiere Latino e il blocco di ogni attivit\u00e0 produttiva, perde rapidamente consistenza e vitalit\u00e0, la stagione del Sessantotto italiano dura, con alterne vicende, fino al 1977; il pi\u00f9 significativo, perch\u00e9 la pur imponente contestazione giovanile statunitense (che in realt\u00e0 emerge gi\u00e0 nel 1964 all&#8217;Universit\u00e0 di Berkeley) manca di un definito progetto politico, mentre la Primavera di Praga e altri movimenti di ribellione nei Paesi dell&#8217;Est comunista si scontrano subito con le particolari &#8220;attenzioni&#8221; dei carri armati Sovietici.<\/p>\n<p style=\"text-align: justify;\">In Italia, invece, la contestazione ingrossa rapidamente le sue fila e viene presto innervata ed egemonizzata da nuclei e gruppi animati dall\u2019ideologia socialcomunista, che organizza la lotta violenta al sistema.<\/p>\n<p style=\"text-align: justify;\"><strong>I prodromi della rivolta<\/strong><\/p>\n<p style=\"text-align: justify;\">Come ha osservato Eric Voegelin, i fenomeni messanico-rivoluzionari di massa sono preparati da situazioni sociali di profonda inquietudine, che costituiscono il terreno di coltura dell\u2019ideologia, intesa come sistema di miti che promette il raggiungimento della felicit\u00e0 &#8220;secolarizzata&#8221;, cio\u00e8 totalmente infraterrena, attraverso l\u2019azione politica.<\/p>\n<p style=\"text-align: justify;\">Il fenomeno del Sessantotto italiano si sviluppa propriamente a partire da una diffusa situazione di insoddisfazione, soprattutto giovanile, derivante dalla disgregazione dei valori dominanti, progressivamente erosi da un modello di &#8220;societ\u00e0 opulenta&#8221; incapace a sua volta di rispondere ad attese di profilo diverso dall\u2019innalzamento del livello materiale di vita, peraltro ottenuto attraverso un disordinato processo di industrializzazione e di allargamento artificioso dei consumi, che aveva portato rapidamente ad una squilibrata espansione delle periferie urbane del Nord Italia e allo sradicamento culturale di ampie fasce della popolazione italiana.<\/p>\n<p style=\"text-align: justify;\">In questo humus sociale carico di insoddisfazione e insieme di attesa di un &#8220;mondo nuovo&#8221;, liberato da costrizioni e ingiustizie, cresce il rifiuto della new wave of life vagheggiata dalla cultura liberal-illuminista predominante in Occidente, e accanto alle ribellioni comportamentali comincia a diffondersi, anche grazie alla paziente e spregiudicata opera di molti &#8220;cattivi maestri&#8221;, l\u2019utopia della Rivoluzione comunista.<\/p>\n<p style=\"text-align: justify;\"><strong>I due volti del Sessantotto: rivoluzione &#8220;in interiore homine&#8221; e rivoluzione politica.<\/strong><\/p>\n<p style=\"text-align: justify;\">Il carattere unitario del Sessantotto non va perci\u00f2 ricercato in fenomeni di superficie, quali le occupazioni universitarie o le manifestazioni studentesche che ingenerano anche oggi ricostruzioni reducistiche da parte di nostalgici protagonisti (su tutte emblematica per faziosit\u00e0 quella di Mario Capanna, nel suo pamphlet Formidabili quegli anni, bens\u00ec in quella atmosfera di idee e di sentimenti che viene diffusa nel mondo giovanile fino a diventare culturalmente dominante.<\/p>\n<p style=\"text-align: justify;\">Si tratta, in altri termini, di una Rivoluzione culturale, che ha espresso due tendenze fondo, e che possono essere cos\u00ec schematizzate:<\/p>\n<p style=\"text-align: justify;\">&#8211; la prima tendenza pu\u00f2 essere definita rivoluzione in interiore homine, che mostra il volto del Sessantotto a livello dei comportamenti individuali e collettivi; il tipo che la incarna \u00e8 il rivoluzionario d\u2019elezione: &#8220;la mia vita come rivoluzione&#8221;. Egli opera la rivoluzione rovesciando lo stile di vita dell\u2019uomo naturale e cristiano, in un processo di progressiva distruzione di ogni legame vitale (con Dio, con gli altri uomini e con se stesso) fino all\u2019esito coerentemente drammatico dell\u2019autodistruzione attraverso la tossicodipendenza o il suicidio;<\/p>\n<p style=\"text-align: justify;\">&#8211; la seconda tendenza si manifesta nella rivoluzione politica, che mostra il volto del Sessantotto a livello macrosociale: il tipo antropologico che lo incarna \u00e8 il rivoluzionario di professione: &#8220;la mia vita per la Rivoluzione&#8221;. Egli realizza il suo progetto attraverso due vie: la lotta politica (anche) violenta; la lotta politica armata, cio\u00e8 il terrorismo.<\/p>\n<p style=\"text-align: justify;\">Queste due tendenze percorrono, talvolta intersecandosi e confondendosi, tutta la storia del Sessantotto, per ripresentarsi emblematicamente unite in quel &#8220;Movimento del &#8217;77&#8221;, che rappresenta il momento ultimo della contestazione giovanile. Ma l&#8217;unione ha vita breve: l&#8217;ala &#8220;desiderante&#8221;, che si esprime, per esempio, negli &#8220;indiani metropolitani&#8221;, svanisce nell&#8217;autodistruzione personale, nella droga e nel nichilismo; l&#8217;ala violenta, invece, espressa dall&#8217;area di Autonomia, sancisce il proprio fallimento andando a ingrossare le fila dei gruppi terroristici, nel frattempo decimate dagli arresti e dalle defezioni.<\/p>\n<p style=\"text-align: justify;\">La tendenza che si manifesta nella ribellione politica ha assunto in Italia un ruolo preponderante. Il momento \u00e8 favorevole: il desiderio di costruire il mondo nuovo e perfetto, liberato dalla ingiustizia e dalle disuguaglianze, trova nella teoria rivoluzionaria di Marx e di Lenin sia il modello utopico del futuro che la &#8220;tecnica&#8221;, cio\u00e8 l&#8217;azione politica, per costruirlo infallibilmente. L&#8217;ideologia si arricchisce nel contempo di miti che, sapientemente propagandati, rafforzano la &#8220;fede&#8221; nella vittoria della Rivoluzione: la Resistenza, i vietcong, la guerriglia del Che Guevara e di Marighella, la Cina di Mao.<\/p>\n<p style=\"text-align: justify;\">In questo clima culturale nasce e si moltiplica il &#8220;rivoluzionario di professione&#8221;: nelle scuole e nelle fabbriche si aggregano e si disgregano in continuazione gruppuscoli di rivoluzionari.<\/p>\n<p style=\"text-align: justify;\">Se l\u2019eclissi dei valori tradizionali aveva progressivamente prodotto, dalla fine degli anni Cinquanta, i fenomeni di disgregazione del corpo sociale e quindi una atmosfera di profonda insoddisfazione e, insieme, di desiderio di un &#8220;mondo nuovo&#8221;, la nuova aggregazione attorno all\u2019ideologia marxista-seppure ispirata a figure diverse, da Lenin a Mao, da Trotskj al Che- rifiuta il confronto con la realt\u00e0 e, secondo un processo che aveva gi\u00e0 caratterizzato la rivoluzione francese, produce teorie e slogan, afferma ci\u00f2 che non pu\u00f2 essere dimostrato, esorcizza il dissenso. In altri termini, produce miti da trasportare nella realt\u00e0 per costringerla ad adeguarsi alle &#8220;analisi&#8221; distillate nei pensatoi rivoluzionari.<\/p>\n<p style=\"text-align: justify;\">Si tratta di un dinamismo artificiale, perch\u00e9 produce esso stesso le affermazioni inverificabili e gli slogan che muovono all&#8217;azione gli attivisti; cos\u00ec lo descrive Marco Barbone, ex terrorista pentito, in una intervista &#8211; confessione raccolta da Avvenire: &#8220;[&#8230;] noi esistevamo e ci rapportavamo in base a discussioni politiche. Era il nostro universo, il microcosmo (cosa che verr\u00e0 drammaticamente accentuata nelle organizzazioni combattenti), l&#8217;orizzonte dell&#8217;esistenza&#8221;.<\/p>\n<p style=\"text-align: justify;\">Il pensiero viene &#8220;socializzato&#8221;, con il risultato che la politica diventa il mezzo infallibile per fare giustizia. Sabino Acquaviva, sociologo, nel suo Guerriglia e guerra rivoluzionaria in Italia ricorda le parole rivoltegli da uno studente; &#8220;Tu non potrai mai capire &#8211; diceva &#8211; la sensazione di dominare il mondo, di fare definitivamente giustizia nel mondo, una piccola e specifica ma definitiva giustizia, colpendo chi si \u00e8 macchiato di tanti delitti&#8221;.<\/p>\n<p style=\"text-align: justify;\">Identificando etica e politica, il &#8220;rivoluzionario di professione&#8221; ha l&#8217;obbligo morale di fare trionfare i postulati dell&#8217;ideologia con qualsiasi mezzo. La mitologia della Resistenza fornisce gli esempi dell'&#8221;antifascismo militante&#8221; e cos\u00ec, tra la teorizzazione dell&#8217;annientamento fisico dell&#8217;avversario, l&#8217;atto di violenza e, in seguito, l&#8217;azione terroristica, non vi \u00e8 soluzione di continuit\u00e0: l&#8217;ideologia giustifica ogni comportamento e lo eleva ad atto morale.<\/p>\n<p style=\"text-align: justify;\">Se qualcuno solleva problemi di coscienza, Lenin ne I compiti delle associazioni giovanili risponde per tutti: &#8220;Ma esiste una morale comunista ? Esiste un&#8217;etica comunista ? Certo, esiste [&#8230;] per noi la moralit\u00e0 dipende dagli interessi della lotta di classe proletaria&#8221;.<\/p>\n<p style=\"text-align: justify;\">Altri fattori si possono certamente invocare per comprendere quanto accadde: la tragedia della guerra tra giovani e la logica della ritorsione, le parole dei sapienti maestri dell&#8217;ideologia e degli utili idioti del momento, l&#8217;inerzia colpevole e la connivenza dell&#8217;autorit\u00e0 politica. Ma, anche senza negare la loro importanza, tali fattori non danno ragione del vero e proprio mutamento antropologico, che si \u00e8 realizzato in quanti hanno incarnato l&#8217;ideologia del Sessantotto.<\/p>\n<p style=\"text-align: justify;\"><strong>L\u2019 &#8220;altro&#8221; Sessantotto<\/strong><\/p>\n<p style=\"text-align: justify;\">Accanto alla contestazione di sinistra il Sessantotto in Italia conosce anche altri protagonisti, dal momento che il fenomeno rivoluzionario, pur diventando preponderante attraverso le sue avanguardie numerose e violente, non esaurisce lo scenario giovanile che, accanto alla larga maggioranza dei passivi, \u00e8 composto altres\u00ec dalla contestazione di destra.<\/p>\n<p style=\"text-align: justify;\">La destra giovanile, essenzialmete studentesca e aggregata inizialmente attorno alla contestazione al sistema, entra ben presto in antitesi con il progetto egemonico dei movimenti delle sinistre, e si caratterizza quindi come reazione anticomunista, individualista e antiegualitaria all\u2019ideologia marxista, che si ridurr\u00e0 progressivamente alla tragica guerra tra giovani, innescata dalla sistematica demonizzazione del &#8220;fascista&#8221; e quindi costellata da sanguinosi episodi di violenza.<\/p>\n<p style=\"text-align: justify;\">Il comprensibile atteggiamento reazionario del &#8220;Sessantotto di destra&#8221; ne svela tuttavia il grave limite, ossia l\u2019incapacit\u00e0 di elaborare e proporre un modello esistenziale e culturale diametralmente opposto al fronte libertario e marxista leninista, ma anche alternativo a quello proposto dalla cultura dominante, capace quindi di proporsi quale scuola di vita e di nuova civilt\u00e0.<\/p>\n<p style=\"text-align: justify;\">N\u00e9, d\u2019altra parte, migliore \u00e8 la sorte del mondo cattolico che, frastornato dall\u2019 &#8220;aggiornamento&#8221; conciliare e soffocato politicamente dall\u2019egemonia democristiana, si lascia sedurre dall\u2019utopia marxista: i suoi quadri dirigenti abbandonano in larga parte la Chiesa e la base giovanile finisce in buon numero ad ingrossare le fila dei rivoluzionari di professione.<\/p>\n<p style=\"text-align: justify;\">Il movimento cattolico, pertanto, perde nel Sessantotto un\u2019occasione storica: di fronte alla debolezza della cultura liberal-illuminista e all\u2019aggressione intellettuale e politica della rivoluzione marxista rinuncia a prendere l\u2019iniziativa ed entra a sua volta &#8220;in crisi&#8221;, perde la memoria dell\u2019originale pensiero cristiano, abbandona la dottrina sociale della Chiesa e diventa subalterno all\u2019analisi sociale marxista, assumendo un atteggiamento di inferiorit\u00e0 culturale che ancora oggi produce i suoi effetti desolanti.<\/p>\n<p style=\"text-align: justify;\"><strong>Il Sessantotto come Rivoluzione culturale<\/strong><\/p>\n<p style=\"text-align: justify;\">Il Sessantotto si presenta quindi, nel suo aspetto pi\u00f9 profondo, come una Rivoluzione culturale, che ha inciso sul costume e sui comportamenti sociali molto pi\u00f9 che sulla politica.<\/p>\n<p style=\"text-align: justify;\">Certamente il desiderio di un mondo nuovo, ossia l\u2019aspetto utopico della contestazione, \u00e8 stato sepolto insieme alle numerose vittime degli anni di piombo, e si \u00e8 capovolto nella tragica disperazione di chi pi\u00f9 intensamente ha creduto ai miti dell\u2019ideologia e li ha visti dissolversi tra le &#8220;urla dal silenzio&#8221; delle vittime dell\u2019esperimento comunista, oppure nel fallimento esistenziale dell\u2019utopia libertaria.<\/p>\n<p style=\"text-align: justify;\">Tuttavia, se l\u2019utopia libertaria e l\u2019ideologia marxista si sono frantumate nel confronto con il reale, la generazione del Sessantotto ha smarrito anche la memoria di quel patrimonio di verit\u00e0 individuali e sociali contenuto nella tradizione cristiana e gi\u00e0 sfigurato dai modelli liberali e illuministici della &#8220;societ\u00e0 opulenta&#8221;.<\/p>\n<p style=\"text-align: justify;\">In questo modo, la secolarizzazione laicista \u00e8 avanzata rapidamente anche in Italia ed ha potuto tenere il campo indisturbata, saldando in un\u2019unica egemonia culturale progressista tanto le tendenze libertarie che quelle socialcomuniste, orfane del mito messianico-rivoluzionario.<\/p>\n<p style=\"text-align: justify;\">D\u2019altra parte, il Sessantotto ha mostrato inequivocabilmente l\u2019incapacit\u00e0 della modernit\u00e0, con il suo arsenale ideologico, di fornire risposte significative alla sua deriva nichilista, ed ha quindi reso evidente per contrasto l\u2019esistenza di una alternativa reale alla dissoluzione personale e sociale: alternativa culturale e politica, questa, n\u00e8 utopistica n\u00e8 relativista, e percorribile attraverso la riscoperta dei valori che fondano l\u2019uomo naturale e cristiano e la sua civilt\u00e0.<\/p>\n<p style=\"text-align: justify;\"><strong>RIFERIMENTI BIBLIOGRAFICI<\/strong><\/p>\n<p style=\"text-align: justify;\">Anche tralasciando l\u2019innumerevole produzione di articoli e filmati, la bibliografia sul Sessantotto \u00e8 molto vasta. Segnaliamo quindi soltanto alcuni testi di orientamento.<\/p>\n<p style=\"text-align: justify;\"><strong>Sulla storia del Sessantotto<\/strong> si veda: M. Brambilla, <em><a href=\"https:\/\/www.rassegnastampa-totustuus.it\/cattolica\/?p=8403\" target=\"_blank\">Dieci anni di illusioni &#8211; Storia del sessantotto<\/a><\/em> Rizzoli, Milano 1994; dello stesso autore, <em>L\u2019eskimo in Redazione. Quando le Brigate Rosse erano &#8220;sedicenti&#8221;,<\/em> Ares, Milano 1991, significativa documentazione del ruolo assunto dalla &#8220;Repubblica delle lettere&#8221; nell\u2019affermazione della rivoluzione culturale del Sessantotto.<\/p>\n<p style=\"text-align: justify;\"><strong>Per una documentata analisi dei principali episodi di violenza e di terrorismo<\/strong> si veda A. Baldoni e S. Provvisionato, <em>La notte pi\u00f9 lunga della Repubblica. Sinistra e destra. Ideologie, estremismi, lotta armata<\/em> <em>(1968 &#8211; 1989),<\/em> Serarcangeli 1989. L\u2019opera contiene anche una discreta bibliografia sull\u2019argomento.<\/p>\n<p style=\"text-align: justify;\"><strong>Per approfondire il fenomeno del Sessantotto come rivoluzione culturale<\/strong>: Sabino S. Acquaviva, <em>Guerriglia e guerra rivoluzionaria in Italia<\/em>, Rizzoli, Milano 1979; AA.VV., <em>Dov\u2019\u00e8 finito il \u201868? Un bilancio per gli anni 80,<\/em> Ares, Milano 1979; si veda anche il mio <em>Gli &#8220;anni del desiderio e del piombo&#8221;<\/em>, in Quaderni di Cristianit\u00e0, anno II, n\u00b0 5, Cristianit\u00e0, Piacenza 1986.<\/p>\n","protected":false},"excerpt":{"rendered":"<p>I.D.I.S. \u2013 Istituto per la Dottrina e l\u2019Informazione Sociale Voci per un dizionario del pensiero forte di Enzo Peserico<\/p><p><a class=\"more-link btn\" href=\"https:\/\/www.rassegnastampa-totustuus.it\/cattolica\/il-sessantotto\/\">Continua a leggere<\/a><\/p>\n","protected":false},"author":6,"featured_media":28063,"comment_status":"closed","ping_status":"open","sticky":false,"template":"","format":"standard","meta":{"footnotes":""},"categories":[98,96],"tags":[305,404],"class_list":["post-1318","post","type-post","status-publish","format-standard","has-post-thumbnail","hentry","category-il-68","category-storia-italiana","tag-305","tag-storia-italiana-2","item-wrap"],"yoast_head":"<!-- This site is optimized with the Yoast SEO plugin v27.5 - https:\/\/yoast.com\/product\/yoast-seo-wordpress\/ -->\n<title>Il Sessantotto italiano (1968-1977) - Rassegna Stampa Cattolica<\/title>\n<meta name=\"description\" content=\"Rassegna Stampa Cattolica - Per una cultura che nasce dalla Rivelazione cristiana in conformit\u00e0 alla tradizione e al Magistero della Chiesa in opposizione ad ogni relativismo e totalitarismo\" \/>\n<meta name=\"robots\" content=\"index, follow, max-snippet:-1, max-image-preview:large, max-video-preview:-1\" \/>\n<link rel=\"canonical\" href=\"https:\/\/www.rassegnastampa-totustuus.it\/cattolica\/il-sessantotto\/\" \/>\n<meta property=\"og:locale\" content=\"it_IT\" \/>\n<meta property=\"og:type\" content=\"article\" \/>\n<meta property=\"og:title\" content=\"Il Sessantotto italiano (1968-1977) - Rassegna Stampa Cattolica\" \/>\n<meta property=\"og:description\" content=\"Rassegna Stampa Cattolica - Per una cultura che nasce dalla Rivelazione cristiana in conformit\u00e0 alla tradizione e al Magistero della Chiesa in opposizione ad ogni relativismo e totalitarismo\" \/>\n<meta property=\"og:url\" content=\"https:\/\/www.rassegnastampa-totustuus.it\/cattolica\/il-sessantotto\/\" \/>\n<meta property=\"og:site_name\" content=\"Rassegna Stampa Cattolica\" \/>\n<meta property=\"article:publisher\" content=\"https:\/\/www.facebook.com\/rassegnastampacattolica\" \/>\n<meta property=\"article:published_time\" content=\"2005-09-06T22:00:00+00:00\" \/>\n<meta property=\"article:modified_time\" content=\"2015-11-26T11:32:09+00:00\" \/>\n<meta property=\"og:image\" content=\"https:\/\/www.rassegnastampa-totustuus.it\/cattolica\/wp-content\/uploads\/2005\/09\/68.jpg\" \/>\n\t<meta property=\"og:image:width\" content=\"256\" \/>\n\t<meta property=\"og:image:height\" content=\"197\" \/>\n\t<meta property=\"og:image:type\" content=\"image\/jpeg\" \/>\n<meta name=\"author\" content=\"Redazione\" \/>\n<meta name=\"twitter:card\" content=\"summary_large_image\" \/>\n<meta name=\"twitter:creator\" content=\"@rassegnastampa9\" \/>\n<meta name=\"twitter:site\" content=\"@rassegnastampa9\" \/>\n<meta name=\"twitter:label1\" content=\"Scritto da\" \/>\n\t<meta name=\"twitter:data1\" content=\"Redazione\" \/>\n\t<meta name=\"twitter:label2\" content=\"Tempo di lettura stimato\" \/>\n\t<meta name=\"twitter:data2\" content=\"10 minuti\" \/>\n<script type=\"application\/ld+json\" class=\"yoast-schema-graph\">{\"@context\":\"https:\\\/\\\/schema.org\",\"@graph\":[{\"@type\":\"Article\",\"@id\":\"https:\\\/\\\/www.rassegnastampa-totustuus.it\\\/cattolica\\\/il-sessantotto\\\/#article\",\"isPartOf\":{\"@id\":\"https:\\\/\\\/www.rassegnastampa-totustuus.it\\\/cattolica\\\/il-sessantotto\\\/\"},\"author\":{\"name\":\"Redazione\",\"@id\":\"https:\\\/\\\/www.rassegnastampa-totustuus.it\\\/cattolica\\\/#\\\/schema\\\/person\\\/08f319d2bd1a0904ad9e2bfb7b15e5c3\"},\"headline\":\"Il Sessantotto italiano (1968-1977)\",\"datePublished\":\"2005-09-06T22:00:00+00:00\",\"dateModified\":\"2015-11-26T11:32:09+00:00\",\"mainEntityOfPage\":{\"@id\":\"https:\\\/\\\/www.rassegnastampa-totustuus.it\\\/cattolica\\\/il-sessantotto\\\/\"},\"wordCount\":2033,\"publisher\":{\"@id\":\"https:\\\/\\\/www.rassegnastampa-totustuus.it\\\/cattolica\\\/#organization\"},\"image\":{\"@id\":\"https:\\\/\\\/www.rassegnastampa-totustuus.it\\\/cattolica\\\/il-sessantotto\\\/#primaryimage\"},\"thumbnailUrl\":\"https:\\\/\\\/www.rassegnastampa-totustuus.it\\\/cattolica\\\/wp-content\\\/uploads\\\/2005\\\/09\\\/68.jpg\",\"keywords\":[\"68\",\"storia italiana\"],\"articleSection\":[\"Il 68\",\"Storia italiana\"],\"inLanguage\":\"it-IT\"},{\"@type\":\"WebPage\",\"@id\":\"https:\\\/\\\/www.rassegnastampa-totustuus.it\\\/cattolica\\\/il-sessantotto\\\/\",\"url\":\"https:\\\/\\\/www.rassegnastampa-totustuus.it\\\/cattolica\\\/il-sessantotto\\\/\",\"name\":\"Il Sessantotto italiano (1968-1977) - Rassegna Stampa Cattolica\",\"isPartOf\":{\"@id\":\"https:\\\/\\\/www.rassegnastampa-totustuus.it\\\/cattolica\\\/#website\"},\"primaryImageOfPage\":{\"@id\":\"https:\\\/\\\/www.rassegnastampa-totustuus.it\\\/cattolica\\\/il-sessantotto\\\/#primaryimage\"},\"image\":{\"@id\":\"https:\\\/\\\/www.rassegnastampa-totustuus.it\\\/cattolica\\\/il-sessantotto\\\/#primaryimage\"},\"thumbnailUrl\":\"https:\\\/\\\/www.rassegnastampa-totustuus.it\\\/cattolica\\\/wp-content\\\/uploads\\\/2005\\\/09\\\/68.jpg\",\"datePublished\":\"2005-09-06T22:00:00+00:00\",\"dateModified\":\"2015-11-26T11:32:09+00:00\",\"description\":\"Rassegna Stampa Cattolica - Per una cultura che nasce dalla Rivelazione cristiana in conformit\u00e0 alla tradizione e al Magistero della Chiesa in opposizione ad ogni relativismo e totalitarismo\",\"breadcrumb\":{\"@id\":\"https:\\\/\\\/www.rassegnastampa-totustuus.it\\\/cattolica\\\/il-sessantotto\\\/#breadcrumb\"},\"inLanguage\":\"it-IT\",\"potentialAction\":[{\"@type\":\"ReadAction\",\"target\":[\"https:\\\/\\\/www.rassegnastampa-totustuus.it\\\/cattolica\\\/il-sessantotto\\\/\"]}]},{\"@type\":\"ImageObject\",\"inLanguage\":\"it-IT\",\"@id\":\"https:\\\/\\\/www.rassegnastampa-totustuus.it\\\/cattolica\\\/il-sessantotto\\\/#primaryimage\",\"url\":\"https:\\\/\\\/www.rassegnastampa-totustuus.it\\\/cattolica\\\/wp-content\\\/uploads\\\/2005\\\/09\\\/68.jpg\",\"contentUrl\":\"https:\\\/\\\/www.rassegnastampa-totustuus.it\\\/cattolica\\\/wp-content\\\/uploads\\\/2005\\\/09\\\/68.jpg\",\"width\":256,\"height\":197},{\"@type\":\"BreadcrumbList\",\"@id\":\"https:\\\/\\\/www.rassegnastampa-totustuus.it\\\/cattolica\\\/il-sessantotto\\\/#breadcrumb\",\"itemListElement\":[{\"@type\":\"ListItem\",\"position\":1,\"name\":\"Home\",\"item\":\"https:\\\/\\\/www.rassegnastampa-totustuus.it\\\/cattolica\\\/\"},{\"@type\":\"ListItem\",\"position\":2,\"name\":\"Il Sessantotto italiano (1968-1977)\"}]},{\"@type\":\"WebSite\",\"@id\":\"https:\\\/\\\/www.rassegnastampa-totustuus.it\\\/cattolica\\\/#website\",\"url\":\"https:\\\/\\\/www.rassegnastampa-totustuus.it\\\/cattolica\\\/\",\"name\":\"Rassegna Stampa Cattolica\",\"description\":\"Per una cultura che nasce dalla Rivelazione cristiana in conformit\u00e0 alla tradizione e al Magistero della Chiesa in opposizione ad ogni relativismo e totalitarismo\",\"publisher\":{\"@id\":\"https:\\\/\\\/www.rassegnastampa-totustuus.it\\\/cattolica\\\/#organization\"},\"alternateName\":\"Rass. Cattolica\",\"potentialAction\":[{\"@type\":\"SearchAction\",\"target\":{\"@type\":\"EntryPoint\",\"urlTemplate\":\"https:\\\/\\\/www.rassegnastampa-totustuus.it\\\/cattolica\\\/?s={search_term_string}\"},\"query-input\":{\"@type\":\"PropertyValueSpecification\",\"valueRequired\":true,\"valueName\":\"search_term_string\"}}],\"inLanguage\":\"it-IT\"},{\"@type\":\"Organization\",\"@id\":\"https:\\\/\\\/www.rassegnastampa-totustuus.it\\\/cattolica\\\/#organization\",\"name\":\"Rassegna Stampa Cattolica\",\"url\":\"https:\\\/\\\/www.rassegnastampa-totustuus.it\\\/cattolica\\\/\",\"logo\":{\"@type\":\"ImageObject\",\"inLanguage\":\"it-IT\",\"@id\":\"https:\\\/\\\/www.rassegnastampa-totustuus.it\\\/cattolica\\\/#\\\/schema\\\/logo\\\/image\\\/\",\"url\":\"https:\\\/\\\/www.rassegnastampa-totustuus.it\\\/cattolica\\\/wp-content\\\/uploads\\\/2014\\\/04\\\/logo-rassegna1.gif\",\"contentUrl\":\"https:\\\/\\\/www.rassegnastampa-totustuus.it\\\/cattolica\\\/wp-content\\\/uploads\\\/2014\\\/04\\\/logo-rassegna1.gif\",\"width\":600,\"height\":163,\"caption\":\"Rassegna Stampa Cattolica\"},\"image\":{\"@id\":\"https:\\\/\\\/www.rassegnastampa-totustuus.it\\\/cattolica\\\/#\\\/schema\\\/logo\\\/image\\\/\"},\"sameAs\":[\"https:\\\/\\\/www.facebook.com\\\/rassegnastampacattolica\",\"https:\\\/\\\/x.com\\\/rassegnastampa9\"]},{\"@type\":\"Person\",\"@id\":\"https:\\\/\\\/www.rassegnastampa-totustuus.it\\\/cattolica\\\/#\\\/schema\\\/person\\\/08f319d2bd1a0904ad9e2bfb7b15e5c3\",\"name\":\"Redazione\",\"image\":{\"@type\":\"ImageObject\",\"inLanguage\":\"it-IT\",\"@id\":\"https:\\\/\\\/secure.gravatar.com\\\/avatar\\\/2fcdf27c78ea025fbdb44e914cc63c72249ffec9dc8aafd5c82b26240ef3f346?s=96&d=mm&r=g\",\"url\":\"https:\\\/\\\/secure.gravatar.com\\\/avatar\\\/2fcdf27c78ea025fbdb44e914cc63c72249ffec9dc8aafd5c82b26240ef3f346?s=96&d=mm&r=g\",\"contentUrl\":\"https:\\\/\\\/secure.gravatar.com\\\/avatar\\\/2fcdf27c78ea025fbdb44e914cc63c72249ffec9dc8aafd5c82b26240ef3f346?s=96&d=mm&r=g\",\"caption\":\"Redazione\"},\"url\":\"https:\\\/\\\/www.rassegnastampa-totustuus.it\\\/cattolica\\\/author\\\/pietroelle\\\/\"}]}<\/script>\n<!-- \/ Yoast SEO plugin. -->","yoast_head_json":{"title":"Il Sessantotto italiano (1968-1977) - Rassegna Stampa Cattolica","description":"Rassegna Stampa Cattolica - Per una cultura che nasce dalla Rivelazione cristiana in conformit\u00e0 alla tradizione e al Magistero della Chiesa in opposizione ad ogni relativismo e totalitarismo","robots":{"index":"index","follow":"follow","max-snippet":"max-snippet:-1","max-image-preview":"max-image-preview:large","max-video-preview":"max-video-preview:-1"},"canonical":"https:\/\/www.rassegnastampa-totustuus.it\/cattolica\/il-sessantotto\/","og_locale":"it_IT","og_type":"article","og_title":"Il Sessantotto italiano (1968-1977) - Rassegna Stampa Cattolica","og_description":"Rassegna Stampa Cattolica - Per una cultura che nasce dalla Rivelazione cristiana in conformit\u00e0 alla tradizione e al Magistero della Chiesa in opposizione ad ogni relativismo e totalitarismo","og_url":"https:\/\/www.rassegnastampa-totustuus.it\/cattolica\/il-sessantotto\/","og_site_name":"Rassegna Stampa Cattolica","article_publisher":"https:\/\/www.facebook.com\/rassegnastampacattolica","article_published_time":"2005-09-06T22:00:00+00:00","article_modified_time":"2015-11-26T11:32:09+00:00","og_image":[{"width":256,"height":197,"url":"https:\/\/www.rassegnastampa-totustuus.it\/cattolica\/wp-content\/uploads\/2005\/09\/68.jpg","type":"image\/jpeg"}],"author":"Redazione","twitter_card":"summary_large_image","twitter_creator":"@rassegnastampa9","twitter_site":"@rassegnastampa9","twitter_misc":{"Scritto da":"Redazione","Tempo di lettura stimato":"10 minuti"},"schema":{"@context":"https:\/\/schema.org","@graph":[{"@type":"Article","@id":"https:\/\/www.rassegnastampa-totustuus.it\/cattolica\/il-sessantotto\/#article","isPartOf":{"@id":"https:\/\/www.rassegnastampa-totustuus.it\/cattolica\/il-sessantotto\/"},"author":{"name":"Redazione","@id":"https:\/\/www.rassegnastampa-totustuus.it\/cattolica\/#\/schema\/person\/08f319d2bd1a0904ad9e2bfb7b15e5c3"},"headline":"Il Sessantotto italiano (1968-1977)","datePublished":"2005-09-06T22:00:00+00:00","dateModified":"2015-11-26T11:32:09+00:00","mainEntityOfPage":{"@id":"https:\/\/www.rassegnastampa-totustuus.it\/cattolica\/il-sessantotto\/"},"wordCount":2033,"publisher":{"@id":"https:\/\/www.rassegnastampa-totustuus.it\/cattolica\/#organization"},"image":{"@id":"https:\/\/www.rassegnastampa-totustuus.it\/cattolica\/il-sessantotto\/#primaryimage"},"thumbnailUrl":"https:\/\/www.rassegnastampa-totustuus.it\/cattolica\/wp-content\/uploads\/2005\/09\/68.jpg","keywords":["68","storia italiana"],"articleSection":["Il 68","Storia italiana"],"inLanguage":"it-IT"},{"@type":"WebPage","@id":"https:\/\/www.rassegnastampa-totustuus.it\/cattolica\/il-sessantotto\/","url":"https:\/\/www.rassegnastampa-totustuus.it\/cattolica\/il-sessantotto\/","name":"Il Sessantotto italiano (1968-1977) - Rassegna Stampa Cattolica","isPartOf":{"@id":"https:\/\/www.rassegnastampa-totustuus.it\/cattolica\/#website"},"primaryImageOfPage":{"@id":"https:\/\/www.rassegnastampa-totustuus.it\/cattolica\/il-sessantotto\/#primaryimage"},"image":{"@id":"https:\/\/www.rassegnastampa-totustuus.it\/cattolica\/il-sessantotto\/#primaryimage"},"thumbnailUrl":"https:\/\/www.rassegnastampa-totustuus.it\/cattolica\/wp-content\/uploads\/2005\/09\/68.jpg","datePublished":"2005-09-06T22:00:00+00:00","dateModified":"2015-11-26T11:32:09+00:00","description":"Rassegna Stampa Cattolica - Per una cultura che nasce dalla Rivelazione cristiana in conformit\u00e0 alla tradizione e al Magistero della Chiesa in opposizione ad ogni relativismo e totalitarismo","breadcrumb":{"@id":"https:\/\/www.rassegnastampa-totustuus.it\/cattolica\/il-sessantotto\/#breadcrumb"},"inLanguage":"it-IT","potentialAction":[{"@type":"ReadAction","target":["https:\/\/www.rassegnastampa-totustuus.it\/cattolica\/il-sessantotto\/"]}]},{"@type":"ImageObject","inLanguage":"it-IT","@id":"https:\/\/www.rassegnastampa-totustuus.it\/cattolica\/il-sessantotto\/#primaryimage","url":"https:\/\/www.rassegnastampa-totustuus.it\/cattolica\/wp-content\/uploads\/2005\/09\/68.jpg","contentUrl":"https:\/\/www.rassegnastampa-totustuus.it\/cattolica\/wp-content\/uploads\/2005\/09\/68.jpg","width":256,"height":197},{"@type":"BreadcrumbList","@id":"https:\/\/www.rassegnastampa-totustuus.it\/cattolica\/il-sessantotto\/#breadcrumb","itemListElement":[{"@type":"ListItem","position":1,"name":"Home","item":"https:\/\/www.rassegnastampa-totustuus.it\/cattolica\/"},{"@type":"ListItem","position":2,"name":"Il Sessantotto italiano (1968-1977)"}]},{"@type":"WebSite","@id":"https:\/\/www.rassegnastampa-totustuus.it\/cattolica\/#website","url":"https:\/\/www.rassegnastampa-totustuus.it\/cattolica\/","name":"Rassegna Stampa Cattolica","description":"Per una cultura che nasce dalla Rivelazione cristiana in conformit\u00e0 alla tradizione e al Magistero della Chiesa in opposizione ad ogni relativismo e totalitarismo","publisher":{"@id":"https:\/\/www.rassegnastampa-totustuus.it\/cattolica\/#organization"},"alternateName":"Rass. Cattolica","potentialAction":[{"@type":"SearchAction","target":{"@type":"EntryPoint","urlTemplate":"https:\/\/www.rassegnastampa-totustuus.it\/cattolica\/?s={search_term_string}"},"query-input":{"@type":"PropertyValueSpecification","valueRequired":true,"valueName":"search_term_string"}}],"inLanguage":"it-IT"},{"@type":"Organization","@id":"https:\/\/www.rassegnastampa-totustuus.it\/cattolica\/#organization","name":"Rassegna Stampa Cattolica","url":"https:\/\/www.rassegnastampa-totustuus.it\/cattolica\/","logo":{"@type":"ImageObject","inLanguage":"it-IT","@id":"https:\/\/www.rassegnastampa-totustuus.it\/cattolica\/#\/schema\/logo\/image\/","url":"https:\/\/www.rassegnastampa-totustuus.it\/cattolica\/wp-content\/uploads\/2014\/04\/logo-rassegna1.gif","contentUrl":"https:\/\/www.rassegnastampa-totustuus.it\/cattolica\/wp-content\/uploads\/2014\/04\/logo-rassegna1.gif","width":600,"height":163,"caption":"Rassegna Stampa Cattolica"},"image":{"@id":"https:\/\/www.rassegnastampa-totustuus.it\/cattolica\/#\/schema\/logo\/image\/"},"sameAs":["https:\/\/www.facebook.com\/rassegnastampacattolica","https:\/\/x.com\/rassegnastampa9"]},{"@type":"Person","@id":"https:\/\/www.rassegnastampa-totustuus.it\/cattolica\/#\/schema\/person\/08f319d2bd1a0904ad9e2bfb7b15e5c3","name":"Redazione","image":{"@type":"ImageObject","inLanguage":"it-IT","@id":"https:\/\/secure.gravatar.com\/avatar\/2fcdf27c78ea025fbdb44e914cc63c72249ffec9dc8aafd5c82b26240ef3f346?s=96&d=mm&r=g","url":"https:\/\/secure.gravatar.com\/avatar\/2fcdf27c78ea025fbdb44e914cc63c72249ffec9dc8aafd5c82b26240ef3f346?s=96&d=mm&r=g","contentUrl":"https:\/\/secure.gravatar.com\/avatar\/2fcdf27c78ea025fbdb44e914cc63c72249ffec9dc8aafd5c82b26240ef3f346?s=96&d=mm&r=g","caption":"Redazione"},"url":"https:\/\/www.rassegnastampa-totustuus.it\/cattolica\/author\/pietroelle\/"}]}},"_links":{"self":[{"href":"https:\/\/www.rassegnastampa-totustuus.it\/cattolica\/wp-json\/wp\/v2\/posts\/1318","targetHints":{"allow":["GET"]}}],"collection":[{"href":"https:\/\/www.rassegnastampa-totustuus.it\/cattolica\/wp-json\/wp\/v2\/posts"}],"about":[{"href":"https:\/\/www.rassegnastampa-totustuus.it\/cattolica\/wp-json\/wp\/v2\/types\/post"}],"author":[{"embeddable":true,"href":"https:\/\/www.rassegnastampa-totustuus.it\/cattolica\/wp-json\/wp\/v2\/users\/6"}],"replies":[{"embeddable":true,"href":"https:\/\/www.rassegnastampa-totustuus.it\/cattolica\/wp-json\/wp\/v2\/comments?post=1318"}],"version-history":[{"count":5,"href":"https:\/\/www.rassegnastampa-totustuus.it\/cattolica\/wp-json\/wp\/v2\/posts\/1318\/revisions"}],"predecessor-version":[{"id":28064,"href":"https:\/\/www.rassegnastampa-totustuus.it\/cattolica\/wp-json\/wp\/v2\/posts\/1318\/revisions\/28064"}],"wp:featuredmedia":[{"embeddable":true,"href":"https:\/\/www.rassegnastampa-totustuus.it\/cattolica\/wp-json\/wp\/v2\/media\/28063"}],"wp:attachment":[{"href":"https:\/\/www.rassegnastampa-totustuus.it\/cattolica\/wp-json\/wp\/v2\/media?parent=1318"}],"wp:term":[{"taxonomy":"category","embeddable":true,"href":"https:\/\/www.rassegnastampa-totustuus.it\/cattolica\/wp-json\/wp\/v2\/categories?post=1318"},{"taxonomy":"post_tag","embeddable":true,"href":"https:\/\/www.rassegnastampa-totustuus.it\/cattolica\/wp-json\/wp\/v2\/tags?post=1318"}],"curies":[{"name":"wp","href":"https:\/\/api.w.org\/{rel}","templated":true}]}}