{"id":13,"date":"2004-10-29T11:12:39","date_gmt":"2004-10-29T09:12:39","guid":{"rendered":""},"modified":"2024-01-04T21:28:18","modified_gmt":"2024-01-04T20:28:18","slug":"giovanni-paolo-ii-si-allambiente-e-a-una-ecologia-umana","status":"publish","type":"post","link":"https:\/\/www.rassegnastampa-totustuus.it\/cattolica\/giovanni-paolo-ii-si-allambiente-e-a-una-ecologia-umana\/","title":{"rendered":"Giovanni Paolo II: si all&#8217;ambiente e a una ecologia-umana"},"content":{"rendered":"<p align=\"justify\"><strong><span style=\"color: #000000;\"><img loading=\"lazy\" decoding=\"async\" class=\"alignright wp-image-57792 \" src=\"https:\/\/www.rassegnastampa-totustuus.it\/cattolica\/wp-content\/uploads\/2004\/10\/ambiente_ecologia.jpg\" alt=\"Giovanni Paolo II: si all'ambiente e a una ecologia-umana\" width=\"317\" height=\"199\" \/>Abstract: <\/span><\/strong><span style=\"color: #000000;\"><em>Giovanni Paolo II: si all&#8217;ambiente e a una ecologia-umana,<\/em><\/span><em><span style=\"color: #000000;\"> invitando tutti ad una ecologia che renda dignitosa la vita di tutti, in armonia col Creato e secondo il mandato della Bibbia <\/span><span style=\"color: #000000;\">secondo cui\u00a0 l&#8217;umanit\u00e0 riceve una missione di governo sul creato per farne brillare tutte le potenzialit\u00e0.<\/span><\/em><\/p>\n<p align=\"center\"><!--more--><\/p>\n<p style=\"text-align: center;\" align=\"center\">Articolo pubblicato su <span style=\"color: #0000ff;\"><a style=\"color: #0000ff;\" href=\"https:\/\/www.avvenire.it\/\" target=\"_blank\" rel=\"noopener\"><strong>Avvenire <\/strong><\/a><\/span>del 18 gennaio 2001<\/p>\n<h3 align=\"center\">&#8220;Il creato torni a essere giardino&#8221;<\/h3>\n<p style=\"text-align: center;\" align=\"center\"><em>Il Papa: convertiamoci a un\u2019ecologia che renda dignitosa la vita di tutti<\/em><\/p>\n<p style=\"text-align: justify;\"><span style=\"color: #000000;\"><strong>1<\/strong>. Nell\u2019inno di lode, or ora proclamato (Sal 148,1-5), il Salmista convoca, chiamandole per nome, tutte le creature. In alto si affacciano angeli, sole, luna, stelle e cieli; sulla terra si muovono ventidue creature, tante quante sono le lettere dell\u2019alfabeto ebraico, a indicare pienezza e totalit\u00e0. Il fedele \u00e8 come &#8220;il pastore dell\u2019essere&#8221;, cio\u00e8 colui che conduce a Dio tutti gli esseri, invitandoli a intonare un &#8220;alleluia&#8221; di lode. Il Salmo ci introduce come in un tempio cosmico che ha per abside i cieli e per navate le regioni del mondo e al cui interno canta a Dio il coro delle creature. Questa visione potrebbe essere, per un verso, la rappresentazione di un paradiso perduto e, per un altro, quella del paradiso promesso.<\/span><\/p>\n<p style=\"text-align: justify;\"><span style=\"color: #000000;\">Non per nulla l\u2019orizzonte di un universo paradisiaco, che \u00e8 posto dalla <span style=\"color: #0000ff;\"><a style=\"color: #0000ff;\" href=\"https:\/\/www.lachiesa.it\/bibbia.php?ricerca=citazione&amp;Citazione=Gen%202&amp;Versione_CEI74=&amp;Versione_CEI2008=3&amp;Versione_TILC=&amp;VersettoOn=1\" target=\"_blank\" rel=\"noopener\">Genesi<\/a><\/span> (c. 2) alle origini stesse del mondo, da Isaia (c. 11) e dall\u2019<span style=\"color: #0000ff;\"><a style=\"color: #0000ff;\" href=\"https:\/\/www.scrutatio.it\/bibbia\/lettura\/it\/cei1974\/73\/21\" target=\"_blank\" rel=\"noopener\">Apocalisse<\/a><\/span> (cc.21-22) \u00e8 collocato alla fine della storia. Si vede cos\u00ec che l\u2019armonia dell\u2019uomo con il suo simile, con il creato e con Dio \u00e8 il progetto perseguito dal Creatore. Tale progetto \u00e8 stato ed \u00e8 continuamente sconvolto dal peccato umano che si ispira a un piano alternativo, raffigurato nel libro stesso della <span style=\"color: #0000ff;\"><a style=\"color: #0000ff;\" href=\"https:\/\/www.laparola.net\/testo.php?riferimento=Genesi+3%2C11-12&amp;versioni[]=C.E.I.\" target=\"_blank\" rel=\"noopener\">Genesi<\/a><\/span> (cc. 3-11), in cui \u00e8 descritto l\u2019affermarsi di una progressiva tensione conflittuale con Dio, con il proprio simile e persino con la natura.<\/span><\/p>\n<p style=\"text-align: justify;\"><span style=\"color: #000000;\"><strong>2<\/strong>. Il contrasto tra i due progetti emerge nitidamente nella vocazione a cui l\u2019umanit\u00e0, secondo la Bibbia, \u00e8 chiamata e nelle conseguenze provocate dalla sua infedelt\u00e0 a quella chiamata. La creatura umana riceve una missione di governo sul creato per farne brillare tutte le potenzialit\u00e0. \u00c8 una delega attribuita dal Re divino alle origini stesse della creazione quando l\u2019uomo e la donna, che sono &#8220;immagine di Dio&#8221; (Gn 1,27), ricevono l\u2019ordine di essere fecondi, moltiplicarsi, riempire la terra, soggiogarla e dominare sui pesci del mare, sugli uccelli del cielo e su ogni essere vivente che striscia sulla terra (cfr. Gn 1,28).<\/span><\/p>\n<p style=\"text-align: justify;\"><span style=\"color: #000000;\">San Gregorio di Nissa, uno dei tre grandi Padri cappadoci, commentava: &#8220;Dio ha fatto l\u2019uomo in modo tale che potesse svolgere la sua funzione di re della terra&#8230;L\u2019uomo \u00e8 stato creato a l\u2019immagine di colui che governa l\u2019universo. Tutto dimostra che fin dal principio la sua natura \u00e8 contrassegnata dalla regalit\u00e0&#8230; Egli \u00e8 l\u2019immagine viva che partecipa nella sua dignit\u00e0 alla perfezione del divino modello&#8221; (<em>De hominis opificio<\/em>, 4: PG 44,136).<\/span><\/p>\n<p style=\"text-align: justify;\"><span style=\"color: #000000;\"><strong>3<\/strong>. Tuttavia la signoria dell\u2019uomo non \u00e8 &#8220;assoluta, ma ministeriale; \u00e8 riflesso reale della signoria unica e infinita di Dio. Per questo l\u2019uomo deve viverla con sapienza e amore, partecipando alla sapienza e all\u2019amore incommensurabili di Dio&#8221; (<span style=\"color: #0000ff;\"><a style=\"color: #0000ff;\" href=\"https:\/\/www.vatican.va\/content\/john-paul-ii\/it\/encyclicals\/documents\/hf_jp-ii_enc_25031995_evangelium-vitae.html\" target=\"_blank\" rel=\"noopener\"><em>Evangelium vitae<\/em><\/a><\/span>, 52).<\/span><\/p>\n<p style=\"text-align: justify;\"><span style=\"color: #000000;\">Nel linguaggio biblico &#8220;dare il nome&#8221; alle creature (cfr Gn 2,19-20) \u00e8 il segno di questa missione di conoscenza e di trasformazione della realt\u00e0 creata. E\u2019 la missione non di un padrone assoluto e insindacabile, ma di un ministro del Regno di Dio, chiamato a continuare l\u2019opera del Creatore, un\u2019opera di vita e di pace. Il suo compito, definito nel Libro della Sapienza, \u00e8 quello di governare &#8220;il mondo con santit\u00e0 e giustizia&#8221; (Sap 9,3).<\/span><\/p>\n<p style=\"text-align: justify;\"><span style=\"color: #000000;\">Purtroppo, se lo sguardo percorre le regioni del nostro pianeta, ci si accorge subito che l\u2019umanit\u00e0 ha deluso l\u2019attesa divina. Soprattutto nel nostro tempo, l\u2019uomo ha devastato senza esitazioni pianure e valli boscose, inquinato le acque, deformato l\u2019habitat della terra, reso irrespirabile l\u2019aria, sconvolto i sistemi idrogeologici e atmosferici, desertificato spazi verdeggianti, compiuto forme di industrializzazione selvaggia, umiliando &#8211; per usare un\u2019immagine di Dante Alighieri (<span style=\"color: #0000ff;\"><a style=\"color: #0000ff;\" href=\"https:\/\/www.edu.lascuola.it\/edizioni-digitali\/DivinaCommedia\/data\/files\/m2_3\/para_22.pdf\" target=\"_blank\" rel=\"noopener\">Paradiso<\/a><\/span>, XXII, 151) &#8211; quell\u2019&#8221;aiuola&#8221; che \u00e8 la terra, nostra dimora.<\/span><\/p>\n<p style=\"text-align: justify;\"><span style=\"color: #000000;\"><strong>4<\/strong>. Occorre, perci\u00f2, stimolare e sostenere la &#8220;conversione ecologica&#8221;, che in questi ultimi decenni ha reso l\u2019umanit\u00e0 pi\u00f9 sensibile nei confronti della catastrofe verso la quale si stava incamminando. L\u2019uomo non pi\u00f9 \u2018ministro\u2019 del Creatore. Ma autonomo despota, sta comprendendo di doversi finalmente arrestare davanti al baratro. &#8220;\u00c8\u2019, allora, da salutare con favore l\u2019accresciuta attenzione alla qualit\u00e0 della vita e all\u2019ecologia, che si registra soprattutto nelle societ\u00e0 a sviluppo avanzato, nelle quali le attese delle persone non sono pi\u00f9 concentrate tanto sui problemi della sopravvivenza quanto piuttosto sulla ricerca di un miglioramento globale delle condizioni di vita&#8221; (<em>Evangelium vitae<\/em>, 27).<\/span><\/p>\n<p style=\"text-align: justify;\"><span style=\"color: #000000;\">Non \u00e8 in gioco, quindi, solo un\u2019ecologia &#8220;fisica&#8221;, attenta a tutelare l\u2019habitat dei vari esseri viventi, ma anche un\u2019ecologia (&#8220;umana&#8221; che renda pi\u00f9 dignitosa l\u2019esistenza delle creature, proteggendone il bene radicale della vita in tutte le sue manifestazioni e preparando alle future generazioni un ambiente che si avvicini di pi\u00f9 al progetto del Creatore.<\/span><\/p>\n<p style=\"text-align: justify;\"><span style=\"color: #000000;\"><strong>5<\/strong>. In questa ritrovata armonia con la natura e con se stessi gli uomini e le donne ritornano a passeggiare nel giardino della creazione, cercando di farsi che i beni della terra siano disponibili a tutti e non solo ad alcuni privilegiati, proprio come suggeriva il Giubileo biblico (cfr Lv 25,8-13.23). In mezzo a quelle meraviglie scopriamo la voce del Creatore, trasmessa dal cielo e dalla terra, dal giorno e dalla notte: un linguaggio &#8220;senza parole di cui si oda il suono&#8221;, capace di varcare tutte le frontiere (cfr SaI 19, 2-5).<\/span><\/p>\n<p style=\"text-align: justify;\"><span style=\"color: #000000;\">Il libro della Sapienza, riecheggiato da Paolo, celebra questa presenza di Dio nell\u2019universo ricordando che &#8220;dalla grandezza e bellezza delle creature per analogia si contempla il Creatore&#8221; (Sap 13,5; cfr Rm 1,20). E ci\u00f2 che canta anche la tradizione giudaica dei Chassidim: &#8220;Dovunque io vada, Tu! Dovunque io sosti, Tu&#8230;, dovunque mi giro, dovunque ammiro, solo Tu, ancora Tu, sempre Tu&#8221; (<span style=\"color: #0000ff;\"><a style=\"color: #0000ff;\" href=\"https:\/\/www.guanda.it\/libri\/martin-buber-i-racconti-dei-hassidim-9788823528086\/\" target=\"_blank\" rel=\"noopener\">M. Buber,\u00a0<em>I racconti dei Chassidim<\/em><\/a><\/span>, Milano 1979, p. 256).<\/span><\/p>\n<p>____________________________________<\/p>\n<p><span style=\"color: #000000;\"><strong>Per una concezione\u00a0 dell&#8217; ambiente e della ecologia\u00a0 cristiane:<\/strong><\/span><\/p>\n<p><a href=\"https:\/\/www.rassegnastampa-totustuus.it\/cattolica\/ambiente-no-creato\/\" target=\"_blank\" rel=\"noopener\"><span style=\"color: #0000ff;\">Ambiente? No, Creato<\/span><\/a><\/p>\n<p><span style=\"color: #0000ff;\"><a style=\"color: #0000ff;\" href=\"https:\/\/www.rassegnastampa-totustuus.it\/cattolica\/ecologia-e-cristianesimo-convergenze-e-divergenze\/\" target=\"_blank\" rel=\"noopener\">Ecologia e cristianesimo, convergenze e divergenze<\/a><\/span><\/p>\n","protected":false},"excerpt":{"rendered":"<p>Abstract: Giovanni Paolo II: si all&#8217;ambiente e a una ecologia-umana, invitando tutti ad una ecologia che renda dignitosa la vita di tutti, in armonia col Creato e secondo il mandato della Bibbia secondo cui\u00a0 l&#8217;umanit\u00e0 riceve una missione di governo sul creato per farne brillare tutte le potenzialit\u00e0.<\/p><p><a class=\"more-link btn\" href=\"https:\/\/www.rassegnastampa-totustuus.it\/cattolica\/giovanni-paolo-ii-si-allambiente-e-a-una-ecologia-umana\/\">Continua a leggere<\/a><\/p>\n","protected":false},"author":6,"featured_media":57792,"comment_status":"closed","ping_status":"open","sticky":false,"template":"","format":"standard","meta":{"footnotes":""},"categories":[5,31],"tags":[509],"class_list":["post-13","post","type-post","status-publish","format-standard","has-post-thumbnail","hentry","category-chiesa","category-ecologia-cristiana","tag-chiesa-ecologia-cristiana","item-wrap"],"yoast_head":"<!-- This site is optimized with the Yoast SEO plugin v27.5 - https:\/\/yoast.com\/product\/yoast-seo-wordpress\/ -->\n<title>Giovanni Paolo II: si all&#039;ambiente e a una ecologia-umana - Rassegna Stampa Cattolica<\/title>\n<meta name=\"description\" content=\"Giovanni Paolo II: si all&#039;ambiente e e una-ecologia umana che renda dignitosa la vita di tutti, in armonia col creato\" \/>\n<meta name=\"robots\" content=\"index, follow, max-snippet:-1, max-image-preview:large, max-video-preview:-1\" \/>\n<link rel=\"canonical\" href=\"https:\/\/www.rassegnastampa-totustuus.it\/cattolica\/giovanni-paolo-ii-si-allambiente-e-a-una-ecologia-umana\/\" \/>\n<meta property=\"og:locale\" content=\"it_IT\" \/>\n<meta property=\"og:type\" content=\"article\" \/>\n<meta property=\"og:title\" content=\"Giovanni Paolo II: si all&#039;ambiente e a una ecologia-umana - Rassegna Stampa Cattolica\" \/>\n<meta property=\"og:description\" content=\"Giovanni Paolo II: si all&#039;ambiente e e una-ecologia umana che renda dignitosa la vita di tutti, in armonia col creato\" \/>\n<meta property=\"og:url\" content=\"https:\/\/www.rassegnastampa-totustuus.it\/cattolica\/giovanni-paolo-ii-si-allambiente-e-a-una-ecologia-umana\/\" \/>\n<meta property=\"og:site_name\" content=\"Rassegna Stampa Cattolica\" \/>\n<meta property=\"article:publisher\" content=\"https:\/\/www.facebook.com\/rassegnastampacattolica\" \/>\n<meta property=\"article:published_time\" content=\"2004-10-29T09:12:39+00:00\" \/>\n<meta property=\"article:modified_time\" content=\"2024-01-04T20:28:18+00:00\" \/>\n<meta property=\"og:image\" content=\"https:\/\/www.rassegnastampa-totustuus.it\/cattolica\/wp-content\/uploads\/2004\/10\/ambiente_ecologia.jpg\" \/>\n\t<meta property=\"og:image:width\" content=\"287\" \/>\n\t<meta property=\"og:image:height\" content=\"180\" \/>\n\t<meta property=\"og:image:type\" content=\"image\/jpeg\" \/>\n<meta name=\"author\" content=\"Redazione\" \/>\n<meta name=\"twitter:card\" content=\"summary_large_image\" \/>\n<meta name=\"twitter:creator\" content=\"@rassegnastampa9\" \/>\n<meta name=\"twitter:site\" content=\"@rassegnastampa9\" \/>\n<meta name=\"twitter:label1\" content=\"Scritto da\" \/>\n\t<meta name=\"twitter:data1\" content=\"Redazione\" \/>\n<script type=\"application\/ld+json\" class=\"yoast-schema-graph\">{\"@context\":\"https:\\\/\\\/schema.org\",\"@graph\":[{\"@type\":\"Article\",\"@id\":\"https:\\\/\\\/www.rassegnastampa-totustuus.it\\\/cattolica\\\/giovanni-paolo-ii-si-allambiente-e-a-una-ecologia-umana\\\/#article\",\"isPartOf\":{\"@id\":\"https:\\\/\\\/www.rassegnastampa-totustuus.it\\\/cattolica\\\/giovanni-paolo-ii-si-allambiente-e-a-una-ecologia-umana\\\/\"},\"author\":{\"name\":\"Redazione\",\"@id\":\"https:\\\/\\\/www.rassegnastampa-totustuus.it\\\/cattolica\\\/#\\\/schema\\\/person\\\/08f319d2bd1a0904ad9e2bfb7b15e5c3\"},\"headline\":\"Giovanni Paolo II: si all&#8217;ambiente e a una ecologia-umana\",\"datePublished\":\"2004-10-29T09:12:39+00:00\",\"dateModified\":\"2024-01-04T20:28:18+00:00\",\"mainEntityOfPage\":{\"@id\":\"https:\\\/\\\/www.rassegnastampa-totustuus.it\\\/cattolica\\\/giovanni-paolo-ii-si-allambiente-e-a-una-ecologia-umana\\\/\"},\"wordCount\":1008,\"publisher\":{\"@id\":\"https:\\\/\\\/www.rassegnastampa-totustuus.it\\\/cattolica\\\/#organization\"},\"image\":{\"@id\":\"https:\\\/\\\/www.rassegnastampa-totustuus.it\\\/cattolica\\\/giovanni-paolo-ii-si-allambiente-e-a-una-ecologia-umana\\\/#primaryimage\"},\"thumbnailUrl\":\"https:\\\/\\\/www.rassegnastampa-totustuus.it\\\/cattolica\\\/wp-content\\\/uploads\\\/2004\\\/10\\\/ambiente_ecologia.jpg\",\"keywords\":[\"chiesa. ecologia cristiana\"],\"articleSection\":[\"Chiesa\",\"Ecologia cristiana\"],\"inLanguage\":\"it-IT\"},{\"@type\":\"WebPage\",\"@id\":\"https:\\\/\\\/www.rassegnastampa-totustuus.it\\\/cattolica\\\/giovanni-paolo-ii-si-allambiente-e-a-una-ecologia-umana\\\/\",\"url\":\"https:\\\/\\\/www.rassegnastampa-totustuus.it\\\/cattolica\\\/giovanni-paolo-ii-si-allambiente-e-a-una-ecologia-umana\\\/\",\"name\":\"Giovanni Paolo II: si all'ambiente e a una ecologia-umana - Rassegna Stampa Cattolica\",\"isPartOf\":{\"@id\":\"https:\\\/\\\/www.rassegnastampa-totustuus.it\\\/cattolica\\\/#website\"},\"primaryImageOfPage\":{\"@id\":\"https:\\\/\\\/www.rassegnastampa-totustuus.it\\\/cattolica\\\/giovanni-paolo-ii-si-allambiente-e-a-una-ecologia-umana\\\/#primaryimage\"},\"image\":{\"@id\":\"https:\\\/\\\/www.rassegnastampa-totustuus.it\\\/cattolica\\\/giovanni-paolo-ii-si-allambiente-e-a-una-ecologia-umana\\\/#primaryimage\"},\"thumbnailUrl\":\"https:\\\/\\\/www.rassegnastampa-totustuus.it\\\/cattolica\\\/wp-content\\\/uploads\\\/2004\\\/10\\\/ambiente_ecologia.jpg\",\"datePublished\":\"2004-10-29T09:12:39+00:00\",\"dateModified\":\"2024-01-04T20:28:18+00:00\",\"description\":\"Giovanni Paolo II: si all'ambiente e e una-ecologia umana che renda dignitosa la vita di tutti, in armonia col creato\",\"breadcrumb\":{\"@id\":\"https:\\\/\\\/www.rassegnastampa-totustuus.it\\\/cattolica\\\/giovanni-paolo-ii-si-allambiente-e-a-una-ecologia-umana\\\/#breadcrumb\"},\"inLanguage\":\"it-IT\",\"potentialAction\":[{\"@type\":\"ReadAction\",\"target\":[\"https:\\\/\\\/www.rassegnastampa-totustuus.it\\\/cattolica\\\/giovanni-paolo-ii-si-allambiente-e-a-una-ecologia-umana\\\/\"]}]},{\"@type\":\"ImageObject\",\"inLanguage\":\"it-IT\",\"@id\":\"https:\\\/\\\/www.rassegnastampa-totustuus.it\\\/cattolica\\\/giovanni-paolo-ii-si-allambiente-e-a-una-ecologia-umana\\\/#primaryimage\",\"url\":\"https:\\\/\\\/www.rassegnastampa-totustuus.it\\\/cattolica\\\/wp-content\\\/uploads\\\/2004\\\/10\\\/ambiente_ecologia.jpg\",\"contentUrl\":\"https:\\\/\\\/www.rassegnastampa-totustuus.it\\\/cattolica\\\/wp-content\\\/uploads\\\/2004\\\/10\\\/ambiente_ecologia.jpg\",\"width\":287,\"height\":180},{\"@type\":\"BreadcrumbList\",\"@id\":\"https:\\\/\\\/www.rassegnastampa-totustuus.it\\\/cattolica\\\/giovanni-paolo-ii-si-allambiente-e-a-una-ecologia-umana\\\/#breadcrumb\",\"itemListElement\":[{\"@type\":\"ListItem\",\"position\":1,\"name\":\"Home\",\"item\":\"https:\\\/\\\/www.rassegnastampa-totustuus.it\\\/cattolica\\\/\"},{\"@type\":\"ListItem\",\"position\":2,\"name\":\"Giovanni Paolo II: si all&#8217;ambiente e a una ecologia-umana\"}]},{\"@type\":\"WebSite\",\"@id\":\"https:\\\/\\\/www.rassegnastampa-totustuus.it\\\/cattolica\\\/#website\",\"url\":\"https:\\\/\\\/www.rassegnastampa-totustuus.it\\\/cattolica\\\/\",\"name\":\"Rassegna Stampa Cattolica\",\"description\":\"Per una cultura che nasce dalla Rivelazione cristiana in conformit\u00e0 alla tradizione e al Magistero della Chiesa in opposizione ad ogni relativismo e totalitarismo\",\"publisher\":{\"@id\":\"https:\\\/\\\/www.rassegnastampa-totustuus.it\\\/cattolica\\\/#organization\"},\"alternateName\":\"Rass. Cattolica\",\"potentialAction\":[{\"@type\":\"SearchAction\",\"target\":{\"@type\":\"EntryPoint\",\"urlTemplate\":\"https:\\\/\\\/www.rassegnastampa-totustuus.it\\\/cattolica\\\/?s={search_term_string}\"},\"query-input\":{\"@type\":\"PropertyValueSpecification\",\"valueRequired\":true,\"valueName\":\"search_term_string\"}}],\"inLanguage\":\"it-IT\"},{\"@type\":\"Organization\",\"@id\":\"https:\\\/\\\/www.rassegnastampa-totustuus.it\\\/cattolica\\\/#organization\",\"name\":\"Rassegna Stampa Cattolica\",\"url\":\"https:\\\/\\\/www.rassegnastampa-totustuus.it\\\/cattolica\\\/\",\"logo\":{\"@type\":\"ImageObject\",\"inLanguage\":\"it-IT\",\"@id\":\"https:\\\/\\\/www.rassegnastampa-totustuus.it\\\/cattolica\\\/#\\\/schema\\\/logo\\\/image\\\/\",\"url\":\"https:\\\/\\\/www.rassegnastampa-totustuus.it\\\/cattolica\\\/wp-content\\\/uploads\\\/2014\\\/04\\\/logo-rassegna1.gif\",\"contentUrl\":\"https:\\\/\\\/www.rassegnastampa-totustuus.it\\\/cattolica\\\/wp-content\\\/uploads\\\/2014\\\/04\\\/logo-rassegna1.gif\",\"width\":600,\"height\":163,\"caption\":\"Rassegna Stampa Cattolica\"},\"image\":{\"@id\":\"https:\\\/\\\/www.rassegnastampa-totustuus.it\\\/cattolica\\\/#\\\/schema\\\/logo\\\/image\\\/\"},\"sameAs\":[\"https:\\\/\\\/www.facebook.com\\\/rassegnastampacattolica\",\"https:\\\/\\\/x.com\\\/rassegnastampa9\"]},{\"@type\":\"Person\",\"@id\":\"https:\\\/\\\/www.rassegnastampa-totustuus.it\\\/cattolica\\\/#\\\/schema\\\/person\\\/08f319d2bd1a0904ad9e2bfb7b15e5c3\",\"name\":\"Redazione\",\"image\":{\"@type\":\"ImageObject\",\"inLanguage\":\"it-IT\",\"@id\":\"https:\\\/\\\/secure.gravatar.com\\\/avatar\\\/2fcdf27c78ea025fbdb44e914cc63c72249ffec9dc8aafd5c82b26240ef3f346?s=96&d=mm&r=g\",\"url\":\"https:\\\/\\\/secure.gravatar.com\\\/avatar\\\/2fcdf27c78ea025fbdb44e914cc63c72249ffec9dc8aafd5c82b26240ef3f346?s=96&d=mm&r=g\",\"contentUrl\":\"https:\\\/\\\/secure.gravatar.com\\\/avatar\\\/2fcdf27c78ea025fbdb44e914cc63c72249ffec9dc8aafd5c82b26240ef3f346?s=96&d=mm&r=g\",\"caption\":\"Redazione\"},\"url\":\"https:\\\/\\\/www.rassegnastampa-totustuus.it\\\/cattolica\\\/author\\\/pietroelle\\\/\"}]}<\/script>\n<!-- \/ Yoast SEO plugin. -->","yoast_head_json":{"title":"Giovanni Paolo II: si all'ambiente e a una ecologia-umana - Rassegna Stampa Cattolica","description":"Giovanni Paolo II: si all'ambiente e e una-ecologia umana che renda dignitosa la vita di tutti, in armonia col creato","robots":{"index":"index","follow":"follow","max-snippet":"max-snippet:-1","max-image-preview":"max-image-preview:large","max-video-preview":"max-video-preview:-1"},"canonical":"https:\/\/www.rassegnastampa-totustuus.it\/cattolica\/giovanni-paolo-ii-si-allambiente-e-a-una-ecologia-umana\/","og_locale":"it_IT","og_type":"article","og_title":"Giovanni Paolo II: si all'ambiente e a una ecologia-umana - Rassegna Stampa Cattolica","og_description":"Giovanni Paolo II: si all'ambiente e e una-ecologia umana che renda dignitosa la vita di tutti, in armonia col creato","og_url":"https:\/\/www.rassegnastampa-totustuus.it\/cattolica\/giovanni-paolo-ii-si-allambiente-e-a-una-ecologia-umana\/","og_site_name":"Rassegna Stampa Cattolica","article_publisher":"https:\/\/www.facebook.com\/rassegnastampacattolica","article_published_time":"2004-10-29T09:12:39+00:00","article_modified_time":"2024-01-04T20:28:18+00:00","og_image":[{"width":287,"height":180,"url":"https:\/\/www.rassegnastampa-totustuus.it\/cattolica\/wp-content\/uploads\/2004\/10\/ambiente_ecologia.jpg","type":"image\/jpeg"}],"author":"Redazione","twitter_card":"summary_large_image","twitter_creator":"@rassegnastampa9","twitter_site":"@rassegnastampa9","twitter_misc":{"Scritto da":"Redazione"},"schema":{"@context":"https:\/\/schema.org","@graph":[{"@type":"Article","@id":"https:\/\/www.rassegnastampa-totustuus.it\/cattolica\/giovanni-paolo-ii-si-allambiente-e-a-una-ecologia-umana\/#article","isPartOf":{"@id":"https:\/\/www.rassegnastampa-totustuus.it\/cattolica\/giovanni-paolo-ii-si-allambiente-e-a-una-ecologia-umana\/"},"author":{"name":"Redazione","@id":"https:\/\/www.rassegnastampa-totustuus.it\/cattolica\/#\/schema\/person\/08f319d2bd1a0904ad9e2bfb7b15e5c3"},"headline":"Giovanni Paolo II: si all&#8217;ambiente e a una ecologia-umana","datePublished":"2004-10-29T09:12:39+00:00","dateModified":"2024-01-04T20:28:18+00:00","mainEntityOfPage":{"@id":"https:\/\/www.rassegnastampa-totustuus.it\/cattolica\/giovanni-paolo-ii-si-allambiente-e-a-una-ecologia-umana\/"},"wordCount":1008,"publisher":{"@id":"https:\/\/www.rassegnastampa-totustuus.it\/cattolica\/#organization"},"image":{"@id":"https:\/\/www.rassegnastampa-totustuus.it\/cattolica\/giovanni-paolo-ii-si-allambiente-e-a-una-ecologia-umana\/#primaryimage"},"thumbnailUrl":"https:\/\/www.rassegnastampa-totustuus.it\/cattolica\/wp-content\/uploads\/2004\/10\/ambiente_ecologia.jpg","keywords":["chiesa. ecologia cristiana"],"articleSection":["Chiesa","Ecologia cristiana"],"inLanguage":"it-IT"},{"@type":"WebPage","@id":"https:\/\/www.rassegnastampa-totustuus.it\/cattolica\/giovanni-paolo-ii-si-allambiente-e-a-una-ecologia-umana\/","url":"https:\/\/www.rassegnastampa-totustuus.it\/cattolica\/giovanni-paolo-ii-si-allambiente-e-a-una-ecologia-umana\/","name":"Giovanni Paolo II: si all'ambiente e a una ecologia-umana - Rassegna Stampa Cattolica","isPartOf":{"@id":"https:\/\/www.rassegnastampa-totustuus.it\/cattolica\/#website"},"primaryImageOfPage":{"@id":"https:\/\/www.rassegnastampa-totustuus.it\/cattolica\/giovanni-paolo-ii-si-allambiente-e-a-una-ecologia-umana\/#primaryimage"},"image":{"@id":"https:\/\/www.rassegnastampa-totustuus.it\/cattolica\/giovanni-paolo-ii-si-allambiente-e-a-una-ecologia-umana\/#primaryimage"},"thumbnailUrl":"https:\/\/www.rassegnastampa-totustuus.it\/cattolica\/wp-content\/uploads\/2004\/10\/ambiente_ecologia.jpg","datePublished":"2004-10-29T09:12:39+00:00","dateModified":"2024-01-04T20:28:18+00:00","description":"Giovanni Paolo II: si all'ambiente e e una-ecologia umana che renda dignitosa la vita di tutti, in armonia col creato","breadcrumb":{"@id":"https:\/\/www.rassegnastampa-totustuus.it\/cattolica\/giovanni-paolo-ii-si-allambiente-e-a-una-ecologia-umana\/#breadcrumb"},"inLanguage":"it-IT","potentialAction":[{"@type":"ReadAction","target":["https:\/\/www.rassegnastampa-totustuus.it\/cattolica\/giovanni-paolo-ii-si-allambiente-e-a-una-ecologia-umana\/"]}]},{"@type":"ImageObject","inLanguage":"it-IT","@id":"https:\/\/www.rassegnastampa-totustuus.it\/cattolica\/giovanni-paolo-ii-si-allambiente-e-a-una-ecologia-umana\/#primaryimage","url":"https:\/\/www.rassegnastampa-totustuus.it\/cattolica\/wp-content\/uploads\/2004\/10\/ambiente_ecologia.jpg","contentUrl":"https:\/\/www.rassegnastampa-totustuus.it\/cattolica\/wp-content\/uploads\/2004\/10\/ambiente_ecologia.jpg","width":287,"height":180},{"@type":"BreadcrumbList","@id":"https:\/\/www.rassegnastampa-totustuus.it\/cattolica\/giovanni-paolo-ii-si-allambiente-e-a-una-ecologia-umana\/#breadcrumb","itemListElement":[{"@type":"ListItem","position":1,"name":"Home","item":"https:\/\/www.rassegnastampa-totustuus.it\/cattolica\/"},{"@type":"ListItem","position":2,"name":"Giovanni Paolo II: si all&#8217;ambiente e a una ecologia-umana"}]},{"@type":"WebSite","@id":"https:\/\/www.rassegnastampa-totustuus.it\/cattolica\/#website","url":"https:\/\/www.rassegnastampa-totustuus.it\/cattolica\/","name":"Rassegna Stampa Cattolica","description":"Per una cultura che nasce dalla Rivelazione cristiana in conformit\u00e0 alla tradizione e al Magistero della Chiesa in opposizione ad ogni relativismo e totalitarismo","publisher":{"@id":"https:\/\/www.rassegnastampa-totustuus.it\/cattolica\/#organization"},"alternateName":"Rass. Cattolica","potentialAction":[{"@type":"SearchAction","target":{"@type":"EntryPoint","urlTemplate":"https:\/\/www.rassegnastampa-totustuus.it\/cattolica\/?s={search_term_string}"},"query-input":{"@type":"PropertyValueSpecification","valueRequired":true,"valueName":"search_term_string"}}],"inLanguage":"it-IT"},{"@type":"Organization","@id":"https:\/\/www.rassegnastampa-totustuus.it\/cattolica\/#organization","name":"Rassegna Stampa Cattolica","url":"https:\/\/www.rassegnastampa-totustuus.it\/cattolica\/","logo":{"@type":"ImageObject","inLanguage":"it-IT","@id":"https:\/\/www.rassegnastampa-totustuus.it\/cattolica\/#\/schema\/logo\/image\/","url":"https:\/\/www.rassegnastampa-totustuus.it\/cattolica\/wp-content\/uploads\/2014\/04\/logo-rassegna1.gif","contentUrl":"https:\/\/www.rassegnastampa-totustuus.it\/cattolica\/wp-content\/uploads\/2014\/04\/logo-rassegna1.gif","width":600,"height":163,"caption":"Rassegna Stampa Cattolica"},"image":{"@id":"https:\/\/www.rassegnastampa-totustuus.it\/cattolica\/#\/schema\/logo\/image\/"},"sameAs":["https:\/\/www.facebook.com\/rassegnastampacattolica","https:\/\/x.com\/rassegnastampa9"]},{"@type":"Person","@id":"https:\/\/www.rassegnastampa-totustuus.it\/cattolica\/#\/schema\/person\/08f319d2bd1a0904ad9e2bfb7b15e5c3","name":"Redazione","image":{"@type":"ImageObject","inLanguage":"it-IT","@id":"https:\/\/secure.gravatar.com\/avatar\/2fcdf27c78ea025fbdb44e914cc63c72249ffec9dc8aafd5c82b26240ef3f346?s=96&d=mm&r=g","url":"https:\/\/secure.gravatar.com\/avatar\/2fcdf27c78ea025fbdb44e914cc63c72249ffec9dc8aafd5c82b26240ef3f346?s=96&d=mm&r=g","contentUrl":"https:\/\/secure.gravatar.com\/avatar\/2fcdf27c78ea025fbdb44e914cc63c72249ffec9dc8aafd5c82b26240ef3f346?s=96&d=mm&r=g","caption":"Redazione"},"url":"https:\/\/www.rassegnastampa-totustuus.it\/cattolica\/author\/pietroelle\/"}]}},"_links":{"self":[{"href":"https:\/\/www.rassegnastampa-totustuus.it\/cattolica\/wp-json\/wp\/v2\/posts\/13","targetHints":{"allow":["GET"]}}],"collection":[{"href":"https:\/\/www.rassegnastampa-totustuus.it\/cattolica\/wp-json\/wp\/v2\/posts"}],"about":[{"href":"https:\/\/www.rassegnastampa-totustuus.it\/cattolica\/wp-json\/wp\/v2\/types\/post"}],"author":[{"embeddable":true,"href":"https:\/\/www.rassegnastampa-totustuus.it\/cattolica\/wp-json\/wp\/v2\/users\/6"}],"replies":[{"embeddable":true,"href":"https:\/\/www.rassegnastampa-totustuus.it\/cattolica\/wp-json\/wp\/v2\/comments?post=13"}],"version-history":[{"count":14,"href":"https:\/\/www.rassegnastampa-totustuus.it\/cattolica\/wp-json\/wp\/v2\/posts\/13\/revisions"}],"predecessor-version":[{"id":58816,"href":"https:\/\/www.rassegnastampa-totustuus.it\/cattolica\/wp-json\/wp\/v2\/posts\/13\/revisions\/58816"}],"wp:featuredmedia":[{"embeddable":true,"href":"https:\/\/www.rassegnastampa-totustuus.it\/cattolica\/wp-json\/wp\/v2\/media\/57792"}],"wp:attachment":[{"href":"https:\/\/www.rassegnastampa-totustuus.it\/cattolica\/wp-json\/wp\/v2\/media?parent=13"}],"wp:term":[{"taxonomy":"category","embeddable":true,"href":"https:\/\/www.rassegnastampa-totustuus.it\/cattolica\/wp-json\/wp\/v2\/categories?post=13"},{"taxonomy":"post_tag","embeddable":true,"href":"https:\/\/www.rassegnastampa-totustuus.it\/cattolica\/wp-json\/wp\/v2\/tags?post=13"}],"curies":[{"name":"wp","href":"https:\/\/api.w.org\/{rel}","templated":true}]}}