{"id":1299,"date":"2005-09-06T13:00:21","date_gmt":"2005-09-06T11:00:21","guid":{"rendered":""},"modified":"2016-04-21T11:17:59","modified_gmt":"2016-04-21T09:17:59","slug":"il-lupo-di-montesole","status":"publish","type":"post","link":"https:\/\/www.rassegnastampa-totustuus.it\/cattolica\/il-lupo-di-montesole\/","title":{"rendered":"Il Lupo di Montesole"},"content":{"rendered":"<div style=\"text-align: center;\"><img loading=\"lazy\" decoding=\"async\" class=\"alignleft wp-image-33259\" src=\"https:\/\/www.rassegnastampa-totustuus.it\/cattolica\/wp-content\/uploads\/2005\/09\/Marzabotto.jpg\" alt=\"Marzabotto\" width=\"250\" height=\"142\" \/>Pubblicato su <strong>Il Giornale<\/strong><\/div>\n<div style=\"text-align: center;\">23 settembre 1996<\/div>\n<p style=\"text-align: justify;\"><em>La leggenda dell\u2019 \u00aberoico\u00bb partigiano comunista e dei suoi \u00abvalorosi\u00bb compagni smentita dal libro di un sacerdote testimone dei fatti di Marzabotto<\/em><\/p>\n<p style=\"text-align: center;\">di <strong>Nicola Matteucci<\/strong><\/p>\n<p><!--more--><\/p>\n<div style=\"text-align: justify;\">Revisionismo: \u00e8 l\u2019ultima arma (spuntata) della sinistra contro quelle opere sul fascismo o sulla resistenza che si discostano dalle ortodossie ufficiali. E\u2019 un modo come un altro per mettere un libro all\u2019indice, senza discuterlo. Ci si dimentica, per\u00f2, delle buone regole del metodo storico, che possono riassumersi nel narrare come sono andate le cose. Ci\u00f2 implica l\u2019esame esauriente di tutti i fatti, senza selezionarli ai fini della propria tesi, altrimenti si cade nella cattiva storiografia, di partito o ideologica che sia.<\/div>\n<p style=\"text-align: justify;\">E\u2019 uscito un volume sulla Resistenza, che sar\u00e0 condannato all\u2019oblio: si tratta di <em>Marzabotto e dintorni &#8211; 1944<\/em>, di oltre settecento pagine (Bologna, Ponte Nuovo editrice). L\u2019autore \u00e8 Dario Zanini, attualmente parroco di Sasso Marconi. E\u2019 nato a Rioveggio, nella val di Setta sotto le pendici del Monte Sole. Nel 1944 era seminarista e pass\u00f2 il cruciale inverno 1944 sfollato presso la sua famiglia (il padre faceva il sarto).<\/p>\n<p style=\"text-align: justify;\">Inutile dire che conosceva benissimo i monti fra la val di Setta e il Reno e i contadini che li abitavano, come i coetanei della sua valle. la storia inizia con la descrizione della val di Setta prima e dopo l\u20198 settembre 1943. Emergono subito due personaggi: erano due giovani inseparabili un po\u2019 scapestrati, chiamati Lupo e il Cagnone. Il primo divent\u00f2 il \u00ableggendario\u00bb comandante della brigata Stella rossa; il secondo, avendo aderito alla Repubblica di Sal\u00f2, venne ucciso dai partigiani mentre tornava in corriera a Rioveggio.<\/p>\n<p style=\"text-align: justify;\">E\u2019 un fatto emblematico: la guerra civile divideva amicizie e famiglie. Giorno per giorno Dario Zanini narra i principali avvenimenti, facendo quasi sempre il nome e cognome dei protagonisti. Scontri fra tedeschi e partigiani, uccisioni di civili e di fascisti, \u00abdesaparesidos\u00bb, bombardamenti alleati, ruberie e razzie dei partigiani a danno dei contadini. Particolare attenzione \u00e8 dedicata all\u2019opera dei parroci e dei sacerdoti in queste colline e in questi monti: essi rappresentarono un diverso e un nuovo protagonista di queste vicende.<\/p>\n<p style=\"text-align: justify;\">La storia diventa pi\u00f9 drammatica con lo sfondamento da parte degli alleati della Linea gotica nei primi di settembre: l\u2019autore descrive con grande precisione questa battaglia imponente che caus\u00f2 gravissime perdite agli alleati come ai tedeschi. per i primi la strada era ormai in discesa, per i secondi c\u2019era la necessit\u00e0 di ristabilire una nuova linea di difesa o di garantirsi le vie per una ordinata ritirata. in entrambi i casi c\u2019era un ostacolo: il Monte Sole, presidiato da Lupo con la sua brigata Stella rossa. Inizi\u00f2 cos\u00ec un massiccio rastrellamento alla fine di settembre: furono \u00abi giorni dell\u2019apocalisse\u00bb.<\/p>\n<p style=\"text-align: justify;\">Il racconto di Dario Zanini segue le diverse colonne tedesche che risalgono le pendici della montagna, descrive i diversi casolari distrutti con la fucilazione dei contadini e degli sfollati (ce ne d\u00e0 nome e cognome in nota). La freddezza del cronista rende pi\u00f9 agghiacciante queste pagine. I tedeschi conquistarono il Monte Sole senza incontrare resistenza armata: la brigata Stella rossa si era per sempre dissolta al vento.<\/p>\n<p style=\"text-align: justify;\">Finita la guerra i comunisti costruirono subito l\u2019icona o la leggenda di Marzabotto. Moltiplicarono il numero dei morti (per merito di Dario Zanini oggi li hanno ridotti a settecento), fecero credere che i molti preti morti (alcuni decorati con medaglia d\u2019oro) fossero uccisi avendo in mano il mitra, mentre avevano soltanto il crocefisso e l\u2019aspersorio: Zanini commenta ironicamente \u00abnon c\u2019era una brigata della Curia\u00bb.<\/p>\n<p style=\"text-align: justify;\">Ma la menzogna pi\u00f9 grave riguarda il Lupo, morto in combattimento, al quale venne subito data la medaglia d\u2019oro. Il corpo venne trovato diversi anni dopo e una perizia del tribunale, voluta dalla sorella, convinta che l\u2019avessero ucciso i comunisti, dimostr\u00f2 che la causa della sua morte era stato un colpo alla nuca con una pistola non in dotazione all\u2019esercito tedesco.<\/p>\n<p style=\"text-align: justify;\">Il Lupo era stato sempre in violento contrasto con i commissari del popolo e la sorella, anch\u2019essa partigiana, aveva assistito a questi scontri. I comunisti rapidamente la emarginarono ed essa mor\u00ec, rinchiusa in casa, quasi pazza. Anche questo \u00e8 un delitto su cui si \u00e8 fatto silenzio.<\/p>\n<p style=\"text-align: justify;\">Il racconto su Dario Zanini \u00e8 quasi una cronaca di stile medievale. Molti giudicheranno questo libro revisionista, perch\u00e9 non \u00e8 stato scritto dal punto di vista dei partigiani per contribuire a difendere l\u2019oleografia esistente. E\u2019 una storia vista dalla parte dei poveri, dei contadini della valle e dei monti che la circondano. L\u2019animo con cui la racconta non \u00e8 antifascista, n\u00e9 fascista: \u00e8 quella di un cristiano. Per lui valeva soltanto il quinto comandamento, non uccidere.<\/p>\n<p style=\"text-align: justify;\">L\u2019oleografia, la leggenda \u00e8 stata distrutta, ma dopo questo scabro racconto, tutto legato ai fatti e agli uomini che vi hanno partecipato, la storia di Monte Sole, perch\u00e9 ricondotta a una storia umana, ci appare assai pi\u00f9 drammatica, assai pi\u00f9 tragica di quella che ci ha tramandato l\u2019icona ufficiale.<\/p>\n","protected":false},"excerpt":{"rendered":"<p>Pubblicato su Il Giornale 23 settembre 1996 La leggenda dell\u2019 \u00aberoico\u00bb partigiano comunista e dei suoi \u00abvalorosi\u00bb compagni smentita dal libro di un sacerdote testimone dei fatti di Marzabotto di Nicola Matteucci<\/p><p><a class=\"more-link btn\" href=\"https:\/\/www.rassegnastampa-totustuus.it\/cattolica\/il-lupo-di-montesole\/\">Continua a leggere<\/a><\/p>\n","protected":false},"author":6,"featured_media":33259,"comment_status":"closed","ping_status":"open","sticky":false,"template":"","format":"standard","meta":{"footnotes":""},"categories":[82,100,96],"tags":[423],"class_list":["post-1299","post","type-post","status-publish","format-standard","has-post-thumbnail","hentry","category-comunismo-in-italia","category-resistenza","category-storia-italiana","tag-resistenza-2","item-wrap"],"yoast_head":"<!-- This site is optimized with the Yoast SEO plugin v27.5 - https:\/\/yoast.com\/product\/yoast-seo-wordpress\/ -->\n<title>Il Lupo di Montesole - Rassegna Stampa Cattolica<\/title>\n<meta name=\"description\" content=\"Rassegna Stampa Cattolica - Per una cultura che nasce dalla Rivelazione cristiana in conformit\u00e0 alla tradizione e al Magistero della Chiesa in opposizione ad ogni relativismo e totalitarismo\" \/>\n<meta name=\"robots\" content=\"index, follow, max-snippet:-1, max-image-preview:large, max-video-preview:-1\" \/>\n<link rel=\"canonical\" href=\"https:\/\/www.rassegnastampa-totustuus.it\/cattolica\/il-lupo-di-montesole\/\" \/>\n<meta property=\"og:locale\" content=\"it_IT\" \/>\n<meta property=\"og:type\" content=\"article\" \/>\n<meta property=\"og:title\" content=\"Il Lupo di Montesole - Rassegna Stampa Cattolica\" \/>\n<meta property=\"og:description\" content=\"Rassegna Stampa Cattolica - Per una cultura che nasce dalla Rivelazione cristiana in conformit\u00e0 alla tradizione e al Magistero della Chiesa in opposizione ad ogni relativismo e totalitarismo\" \/>\n<meta property=\"og:url\" content=\"https:\/\/www.rassegnastampa-totustuus.it\/cattolica\/il-lupo-di-montesole\/\" \/>\n<meta property=\"og:site_name\" content=\"Rassegna Stampa Cattolica\" \/>\n<meta property=\"article:publisher\" content=\"https:\/\/www.facebook.com\/rassegnastampacattolica\" \/>\n<meta property=\"article:published_time\" content=\"2005-09-06T11:00:21+00:00\" \/>\n<meta property=\"article:modified_time\" content=\"2016-04-21T09:17:59+00:00\" \/>\n<meta property=\"og:image\" content=\"https:\/\/www.rassegnastampa-totustuus.it\/cattolica\/wp-content\/uploads\/2005\/09\/Marzabotto.jpg\" \/>\n\t<meta property=\"og:image:width\" content=\"298\" \/>\n\t<meta property=\"og:image:height\" content=\"169\" \/>\n\t<meta property=\"og:image:type\" content=\"image\/jpeg\" \/>\n<meta name=\"author\" content=\"Redazione\" \/>\n<meta name=\"twitter:card\" content=\"summary_large_image\" \/>\n<meta name=\"twitter:creator\" content=\"@rassegnastampa9\" \/>\n<meta name=\"twitter:site\" content=\"@rassegnastampa9\" \/>\n<meta name=\"twitter:label1\" content=\"Scritto da\" \/>\n\t<meta name=\"twitter:data1\" content=\"Redazione\" \/>\n\t<meta name=\"twitter:label2\" content=\"Tempo di lettura stimato\" \/>\n\t<meta name=\"twitter:data2\" content=\"4 minuti\" \/>\n<script type=\"application\/ld+json\" class=\"yoast-schema-graph\">{\"@context\":\"https:\\\/\\\/schema.org\",\"@graph\":[{\"@type\":\"Article\",\"@id\":\"https:\\\/\\\/www.rassegnastampa-totustuus.it\\\/cattolica\\\/il-lupo-di-montesole\\\/#article\",\"isPartOf\":{\"@id\":\"https:\\\/\\\/www.rassegnastampa-totustuus.it\\\/cattolica\\\/il-lupo-di-montesole\\\/\"},\"author\":{\"name\":\"Redazione\",\"@id\":\"https:\\\/\\\/www.rassegnastampa-totustuus.it\\\/cattolica\\\/#\\\/schema\\\/person\\\/08f319d2bd1a0904ad9e2bfb7b15e5c3\"},\"headline\":\"Il Lupo di Montesole\",\"datePublished\":\"2005-09-06T11:00:21+00:00\",\"dateModified\":\"2016-04-21T09:17:59+00:00\",\"mainEntityOfPage\":{\"@id\":\"https:\\\/\\\/www.rassegnastampa-totustuus.it\\\/cattolica\\\/il-lupo-di-montesole\\\/\"},\"wordCount\":822,\"publisher\":{\"@id\":\"https:\\\/\\\/www.rassegnastampa-totustuus.it\\\/cattolica\\\/#organization\"},\"image\":{\"@id\":\"https:\\\/\\\/www.rassegnastampa-totustuus.it\\\/cattolica\\\/il-lupo-di-montesole\\\/#primaryimage\"},\"thumbnailUrl\":\"https:\\\/\\\/www.rassegnastampa-totustuus.it\\\/cattolica\\\/wp-content\\\/uploads\\\/2005\\\/09\\\/Marzabotto.jpg\",\"keywords\":[\"resistenza\"],\"articleSection\":[\"Comunismo in Italia\",\"Resistenza\",\"Storia italiana\"],\"inLanguage\":\"it-IT\"},{\"@type\":\"WebPage\",\"@id\":\"https:\\\/\\\/www.rassegnastampa-totustuus.it\\\/cattolica\\\/il-lupo-di-montesole\\\/\",\"url\":\"https:\\\/\\\/www.rassegnastampa-totustuus.it\\\/cattolica\\\/il-lupo-di-montesole\\\/\",\"name\":\"Il Lupo di Montesole - Rassegna Stampa Cattolica\",\"isPartOf\":{\"@id\":\"https:\\\/\\\/www.rassegnastampa-totustuus.it\\\/cattolica\\\/#website\"},\"primaryImageOfPage\":{\"@id\":\"https:\\\/\\\/www.rassegnastampa-totustuus.it\\\/cattolica\\\/il-lupo-di-montesole\\\/#primaryimage\"},\"image\":{\"@id\":\"https:\\\/\\\/www.rassegnastampa-totustuus.it\\\/cattolica\\\/il-lupo-di-montesole\\\/#primaryimage\"},\"thumbnailUrl\":\"https:\\\/\\\/www.rassegnastampa-totustuus.it\\\/cattolica\\\/wp-content\\\/uploads\\\/2005\\\/09\\\/Marzabotto.jpg\",\"datePublished\":\"2005-09-06T11:00:21+00:00\",\"dateModified\":\"2016-04-21T09:17:59+00:00\",\"description\":\"Rassegna Stampa Cattolica - Per una cultura che nasce dalla Rivelazione cristiana in conformit\u00e0 alla tradizione e al Magistero della Chiesa in opposizione ad ogni relativismo e totalitarismo\",\"breadcrumb\":{\"@id\":\"https:\\\/\\\/www.rassegnastampa-totustuus.it\\\/cattolica\\\/il-lupo-di-montesole\\\/#breadcrumb\"},\"inLanguage\":\"it-IT\",\"potentialAction\":[{\"@type\":\"ReadAction\",\"target\":[\"https:\\\/\\\/www.rassegnastampa-totustuus.it\\\/cattolica\\\/il-lupo-di-montesole\\\/\"]}]},{\"@type\":\"ImageObject\",\"inLanguage\":\"it-IT\",\"@id\":\"https:\\\/\\\/www.rassegnastampa-totustuus.it\\\/cattolica\\\/il-lupo-di-montesole\\\/#primaryimage\",\"url\":\"https:\\\/\\\/www.rassegnastampa-totustuus.it\\\/cattolica\\\/wp-content\\\/uploads\\\/2005\\\/09\\\/Marzabotto.jpg\",\"contentUrl\":\"https:\\\/\\\/www.rassegnastampa-totustuus.it\\\/cattolica\\\/wp-content\\\/uploads\\\/2005\\\/09\\\/Marzabotto.jpg\",\"width\":298,\"height\":169},{\"@type\":\"BreadcrumbList\",\"@id\":\"https:\\\/\\\/www.rassegnastampa-totustuus.it\\\/cattolica\\\/il-lupo-di-montesole\\\/#breadcrumb\",\"itemListElement\":[{\"@type\":\"ListItem\",\"position\":1,\"name\":\"Home\",\"item\":\"https:\\\/\\\/www.rassegnastampa-totustuus.it\\\/cattolica\\\/\"},{\"@type\":\"ListItem\",\"position\":2,\"name\":\"Il Lupo di Montesole\"}]},{\"@type\":\"WebSite\",\"@id\":\"https:\\\/\\\/www.rassegnastampa-totustuus.it\\\/cattolica\\\/#website\",\"url\":\"https:\\\/\\\/www.rassegnastampa-totustuus.it\\\/cattolica\\\/\",\"name\":\"Rassegna Stampa Cattolica\",\"description\":\"Per una cultura che nasce dalla Rivelazione cristiana in conformit\u00e0 alla tradizione e al Magistero della Chiesa in opposizione ad ogni relativismo e totalitarismo\",\"publisher\":{\"@id\":\"https:\\\/\\\/www.rassegnastampa-totustuus.it\\\/cattolica\\\/#organization\"},\"alternateName\":\"Rass. Cattolica\",\"potentialAction\":[{\"@type\":\"SearchAction\",\"target\":{\"@type\":\"EntryPoint\",\"urlTemplate\":\"https:\\\/\\\/www.rassegnastampa-totustuus.it\\\/cattolica\\\/?s={search_term_string}\"},\"query-input\":{\"@type\":\"PropertyValueSpecification\",\"valueRequired\":true,\"valueName\":\"search_term_string\"}}],\"inLanguage\":\"it-IT\"},{\"@type\":\"Organization\",\"@id\":\"https:\\\/\\\/www.rassegnastampa-totustuus.it\\\/cattolica\\\/#organization\",\"name\":\"Rassegna Stampa Cattolica\",\"url\":\"https:\\\/\\\/www.rassegnastampa-totustuus.it\\\/cattolica\\\/\",\"logo\":{\"@type\":\"ImageObject\",\"inLanguage\":\"it-IT\",\"@id\":\"https:\\\/\\\/www.rassegnastampa-totustuus.it\\\/cattolica\\\/#\\\/schema\\\/logo\\\/image\\\/\",\"url\":\"https:\\\/\\\/www.rassegnastampa-totustuus.it\\\/cattolica\\\/wp-content\\\/uploads\\\/2014\\\/04\\\/logo-rassegna1.gif\",\"contentUrl\":\"https:\\\/\\\/www.rassegnastampa-totustuus.it\\\/cattolica\\\/wp-content\\\/uploads\\\/2014\\\/04\\\/logo-rassegna1.gif\",\"width\":600,\"height\":163,\"caption\":\"Rassegna Stampa Cattolica\"},\"image\":{\"@id\":\"https:\\\/\\\/www.rassegnastampa-totustuus.it\\\/cattolica\\\/#\\\/schema\\\/logo\\\/image\\\/\"},\"sameAs\":[\"https:\\\/\\\/www.facebook.com\\\/rassegnastampacattolica\",\"https:\\\/\\\/x.com\\\/rassegnastampa9\"]},{\"@type\":\"Person\",\"@id\":\"https:\\\/\\\/www.rassegnastampa-totustuus.it\\\/cattolica\\\/#\\\/schema\\\/person\\\/08f319d2bd1a0904ad9e2bfb7b15e5c3\",\"name\":\"Redazione\",\"image\":{\"@type\":\"ImageObject\",\"inLanguage\":\"it-IT\",\"@id\":\"https:\\\/\\\/secure.gravatar.com\\\/avatar\\\/2fcdf27c78ea025fbdb44e914cc63c72249ffec9dc8aafd5c82b26240ef3f346?s=96&d=mm&r=g\",\"url\":\"https:\\\/\\\/secure.gravatar.com\\\/avatar\\\/2fcdf27c78ea025fbdb44e914cc63c72249ffec9dc8aafd5c82b26240ef3f346?s=96&d=mm&r=g\",\"contentUrl\":\"https:\\\/\\\/secure.gravatar.com\\\/avatar\\\/2fcdf27c78ea025fbdb44e914cc63c72249ffec9dc8aafd5c82b26240ef3f346?s=96&d=mm&r=g\",\"caption\":\"Redazione\"},\"url\":\"https:\\\/\\\/www.rassegnastampa-totustuus.it\\\/cattolica\\\/author\\\/pietroelle\\\/\"}]}<\/script>\n<!-- \/ Yoast SEO plugin. -->","yoast_head_json":{"title":"Il Lupo di Montesole - Rassegna Stampa Cattolica","description":"Rassegna Stampa Cattolica - Per una cultura che nasce dalla Rivelazione cristiana in conformit\u00e0 alla tradizione e al Magistero della Chiesa in opposizione ad ogni relativismo e totalitarismo","robots":{"index":"index","follow":"follow","max-snippet":"max-snippet:-1","max-image-preview":"max-image-preview:large","max-video-preview":"max-video-preview:-1"},"canonical":"https:\/\/www.rassegnastampa-totustuus.it\/cattolica\/il-lupo-di-montesole\/","og_locale":"it_IT","og_type":"article","og_title":"Il Lupo di Montesole - Rassegna Stampa Cattolica","og_description":"Rassegna Stampa Cattolica - Per una cultura che nasce dalla Rivelazione cristiana in conformit\u00e0 alla tradizione e al Magistero della Chiesa in opposizione ad ogni relativismo e totalitarismo","og_url":"https:\/\/www.rassegnastampa-totustuus.it\/cattolica\/il-lupo-di-montesole\/","og_site_name":"Rassegna Stampa Cattolica","article_publisher":"https:\/\/www.facebook.com\/rassegnastampacattolica","article_published_time":"2005-09-06T11:00:21+00:00","article_modified_time":"2016-04-21T09:17:59+00:00","og_image":[{"width":298,"height":169,"url":"https:\/\/www.rassegnastampa-totustuus.it\/cattolica\/wp-content\/uploads\/2005\/09\/Marzabotto.jpg","type":"image\/jpeg"}],"author":"Redazione","twitter_card":"summary_large_image","twitter_creator":"@rassegnastampa9","twitter_site":"@rassegnastampa9","twitter_misc":{"Scritto da":"Redazione","Tempo di lettura stimato":"4 minuti"},"schema":{"@context":"https:\/\/schema.org","@graph":[{"@type":"Article","@id":"https:\/\/www.rassegnastampa-totustuus.it\/cattolica\/il-lupo-di-montesole\/#article","isPartOf":{"@id":"https:\/\/www.rassegnastampa-totustuus.it\/cattolica\/il-lupo-di-montesole\/"},"author":{"name":"Redazione","@id":"https:\/\/www.rassegnastampa-totustuus.it\/cattolica\/#\/schema\/person\/08f319d2bd1a0904ad9e2bfb7b15e5c3"},"headline":"Il Lupo di Montesole","datePublished":"2005-09-06T11:00:21+00:00","dateModified":"2016-04-21T09:17:59+00:00","mainEntityOfPage":{"@id":"https:\/\/www.rassegnastampa-totustuus.it\/cattolica\/il-lupo-di-montesole\/"},"wordCount":822,"publisher":{"@id":"https:\/\/www.rassegnastampa-totustuus.it\/cattolica\/#organization"},"image":{"@id":"https:\/\/www.rassegnastampa-totustuus.it\/cattolica\/il-lupo-di-montesole\/#primaryimage"},"thumbnailUrl":"https:\/\/www.rassegnastampa-totustuus.it\/cattolica\/wp-content\/uploads\/2005\/09\/Marzabotto.jpg","keywords":["resistenza"],"articleSection":["Comunismo in Italia","Resistenza","Storia italiana"],"inLanguage":"it-IT"},{"@type":"WebPage","@id":"https:\/\/www.rassegnastampa-totustuus.it\/cattolica\/il-lupo-di-montesole\/","url":"https:\/\/www.rassegnastampa-totustuus.it\/cattolica\/il-lupo-di-montesole\/","name":"Il Lupo di Montesole - Rassegna Stampa Cattolica","isPartOf":{"@id":"https:\/\/www.rassegnastampa-totustuus.it\/cattolica\/#website"},"primaryImageOfPage":{"@id":"https:\/\/www.rassegnastampa-totustuus.it\/cattolica\/il-lupo-di-montesole\/#primaryimage"},"image":{"@id":"https:\/\/www.rassegnastampa-totustuus.it\/cattolica\/il-lupo-di-montesole\/#primaryimage"},"thumbnailUrl":"https:\/\/www.rassegnastampa-totustuus.it\/cattolica\/wp-content\/uploads\/2005\/09\/Marzabotto.jpg","datePublished":"2005-09-06T11:00:21+00:00","dateModified":"2016-04-21T09:17:59+00:00","description":"Rassegna Stampa Cattolica - Per una cultura che nasce dalla Rivelazione cristiana in conformit\u00e0 alla tradizione e al Magistero della Chiesa in opposizione ad ogni relativismo e totalitarismo","breadcrumb":{"@id":"https:\/\/www.rassegnastampa-totustuus.it\/cattolica\/il-lupo-di-montesole\/#breadcrumb"},"inLanguage":"it-IT","potentialAction":[{"@type":"ReadAction","target":["https:\/\/www.rassegnastampa-totustuus.it\/cattolica\/il-lupo-di-montesole\/"]}]},{"@type":"ImageObject","inLanguage":"it-IT","@id":"https:\/\/www.rassegnastampa-totustuus.it\/cattolica\/il-lupo-di-montesole\/#primaryimage","url":"https:\/\/www.rassegnastampa-totustuus.it\/cattolica\/wp-content\/uploads\/2005\/09\/Marzabotto.jpg","contentUrl":"https:\/\/www.rassegnastampa-totustuus.it\/cattolica\/wp-content\/uploads\/2005\/09\/Marzabotto.jpg","width":298,"height":169},{"@type":"BreadcrumbList","@id":"https:\/\/www.rassegnastampa-totustuus.it\/cattolica\/il-lupo-di-montesole\/#breadcrumb","itemListElement":[{"@type":"ListItem","position":1,"name":"Home","item":"https:\/\/www.rassegnastampa-totustuus.it\/cattolica\/"},{"@type":"ListItem","position":2,"name":"Il Lupo di Montesole"}]},{"@type":"WebSite","@id":"https:\/\/www.rassegnastampa-totustuus.it\/cattolica\/#website","url":"https:\/\/www.rassegnastampa-totustuus.it\/cattolica\/","name":"Rassegna Stampa Cattolica","description":"Per una cultura che nasce dalla Rivelazione cristiana in conformit\u00e0 alla tradizione e al Magistero della Chiesa in opposizione ad ogni relativismo e totalitarismo","publisher":{"@id":"https:\/\/www.rassegnastampa-totustuus.it\/cattolica\/#organization"},"alternateName":"Rass. Cattolica","potentialAction":[{"@type":"SearchAction","target":{"@type":"EntryPoint","urlTemplate":"https:\/\/www.rassegnastampa-totustuus.it\/cattolica\/?s={search_term_string}"},"query-input":{"@type":"PropertyValueSpecification","valueRequired":true,"valueName":"search_term_string"}}],"inLanguage":"it-IT"},{"@type":"Organization","@id":"https:\/\/www.rassegnastampa-totustuus.it\/cattolica\/#organization","name":"Rassegna Stampa Cattolica","url":"https:\/\/www.rassegnastampa-totustuus.it\/cattolica\/","logo":{"@type":"ImageObject","inLanguage":"it-IT","@id":"https:\/\/www.rassegnastampa-totustuus.it\/cattolica\/#\/schema\/logo\/image\/","url":"https:\/\/www.rassegnastampa-totustuus.it\/cattolica\/wp-content\/uploads\/2014\/04\/logo-rassegna1.gif","contentUrl":"https:\/\/www.rassegnastampa-totustuus.it\/cattolica\/wp-content\/uploads\/2014\/04\/logo-rassegna1.gif","width":600,"height":163,"caption":"Rassegna Stampa Cattolica"},"image":{"@id":"https:\/\/www.rassegnastampa-totustuus.it\/cattolica\/#\/schema\/logo\/image\/"},"sameAs":["https:\/\/www.facebook.com\/rassegnastampacattolica","https:\/\/x.com\/rassegnastampa9"]},{"@type":"Person","@id":"https:\/\/www.rassegnastampa-totustuus.it\/cattolica\/#\/schema\/person\/08f319d2bd1a0904ad9e2bfb7b15e5c3","name":"Redazione","image":{"@type":"ImageObject","inLanguage":"it-IT","@id":"https:\/\/secure.gravatar.com\/avatar\/2fcdf27c78ea025fbdb44e914cc63c72249ffec9dc8aafd5c82b26240ef3f346?s=96&d=mm&r=g","url":"https:\/\/secure.gravatar.com\/avatar\/2fcdf27c78ea025fbdb44e914cc63c72249ffec9dc8aafd5c82b26240ef3f346?s=96&d=mm&r=g","contentUrl":"https:\/\/secure.gravatar.com\/avatar\/2fcdf27c78ea025fbdb44e914cc63c72249ffec9dc8aafd5c82b26240ef3f346?s=96&d=mm&r=g","caption":"Redazione"},"url":"https:\/\/www.rassegnastampa-totustuus.it\/cattolica\/author\/pietroelle\/"}]}},"_links":{"self":[{"href":"https:\/\/www.rassegnastampa-totustuus.it\/cattolica\/wp-json\/wp\/v2\/posts\/1299","targetHints":{"allow":["GET"]}}],"collection":[{"href":"https:\/\/www.rassegnastampa-totustuus.it\/cattolica\/wp-json\/wp\/v2\/posts"}],"about":[{"href":"https:\/\/www.rassegnastampa-totustuus.it\/cattolica\/wp-json\/wp\/v2\/types\/post"}],"author":[{"embeddable":true,"href":"https:\/\/www.rassegnastampa-totustuus.it\/cattolica\/wp-json\/wp\/v2\/users\/6"}],"replies":[{"embeddable":true,"href":"https:\/\/www.rassegnastampa-totustuus.it\/cattolica\/wp-json\/wp\/v2\/comments?post=1299"}],"version-history":[{"count":4,"href":"https:\/\/www.rassegnastampa-totustuus.it\/cattolica\/wp-json\/wp\/v2\/posts\/1299\/revisions"}],"predecessor-version":[{"id":33260,"href":"https:\/\/www.rassegnastampa-totustuus.it\/cattolica\/wp-json\/wp\/v2\/posts\/1299\/revisions\/33260"}],"wp:featuredmedia":[{"embeddable":true,"href":"https:\/\/www.rassegnastampa-totustuus.it\/cattolica\/wp-json\/wp\/v2\/media\/33259"}],"wp:attachment":[{"href":"https:\/\/www.rassegnastampa-totustuus.it\/cattolica\/wp-json\/wp\/v2\/media?parent=1299"}],"wp:term":[{"taxonomy":"category","embeddable":true,"href":"https:\/\/www.rassegnastampa-totustuus.it\/cattolica\/wp-json\/wp\/v2\/categories?post=1299"},{"taxonomy":"post_tag","embeddable":true,"href":"https:\/\/www.rassegnastampa-totustuus.it\/cattolica\/wp-json\/wp\/v2\/tags?post=1299"}],"curies":[{"name":"wp","href":"https:\/\/api.w.org\/{rel}","templated":true}]}}