{"id":1298,"date":"2005-09-06T12:57:34","date_gmt":"2005-09-06T10:57:34","guid":{"rendered":""},"modified":"2014-11-18T16:54:28","modified_gmt":"2014-11-18T15:54:28","slug":"la-strage-di-schio","status":"publish","type":"post","link":"https:\/\/www.rassegnastampa-totustuus.it\/cattolica\/la-strage-di-schio\/","title":{"rendered":"La strage di Schio"},"content":{"rendered":"<div style=\"text-align: center;\"><a href=\"https:\/\/www.rassegnastampa-totustuus.it\/cattolica\/wp-content\/uploads\/2005\/09\/uccisi_da_partigiani.jpg\"><img loading=\"lazy\" decoding=\"async\" class=\" wp-image-7539 alignright\" alt=\"uccisi_da_partigiani\" src=\"https:\/\/www.rassegnastampa-totustuus.it\/cattolica\/wp-content\/uploads\/2005\/09\/uccisi_da_partigiani-300x226.jpg\" width=\"250\" height=\"176\" \/><\/a>Articolo pubblicato su <strong>Il Timone<\/strong> &#8211; n. 24 Marzo\/Aprile 2003<\/div>\n<p style=\"text-align: justify;\"><em>Una pagina di storia dimenticata. Luglio 1945: partigiani comunisti massacrano 54 persone nel carcere di Schio. A guerra gi\u00e0 terminata. Togliatti contrariato, ma aiuta alcuni tra gli autori del massacro lasciandoli espatriare<\/em>.<\/p>\n<p style=\"text-align: center;\">di <strong>Massimo Caprara<\/strong><\/p>\n<p style=\"text-align: justify;\"><!--more--><\/p>\n<p style=\"text-align: justify;\">&#8220;Disgraziati&#8221;, sibil\u00f2 Togliatti, Ministro della Giustizia del Gabinetto presieduto da Ferruccio Parri, con tono tra il disprezzo e la commiserazione. Fra una tarda mattinata del luglio avanzato del 1945. &#8220;Venire proprio l\u00ec, dove si amministra la cosiddetta giustizia dello Stato borghese&#8221;, comment\u00f2 il Ministro che era anche Segretario del Partito comunista. Gli avevo appena riferito della visita che avevo ricevuto nel mio ufficio del Ministero a via Arenula. &#8220;Siamo quelli di Schio&#8221;, mi avevano detto quasi all&#8217;unisono tre visitatori, con il calcio malcelato di una pistola alla cintola.<\/p>\n<p style=\"text-align: justify;\">&#8220;Fammi venire subito Bolle e Gallo&#8221;, continu\u00f2 Togliatti citando i due vice segretari Secchia e Longo con il loro nome cospirativo. Con loro, la riunione dur\u00f2 non pi\u00f9 di dieci minuti. Li vid\u00ec uscire assieme tranquilli, senz&#8217;ombra di contrariet\u00e0. Togliatti mi pass\u00f2 uno dei soliti piccoli fogli sui quali veniva raccolto il verbale delle riunioni ordinarie della segreteria del Pci. Lo aveva compilato lui stesso con una specie abituale di ordine maniacale.<\/p>\n<p style=\"text-align: justify;\">&#8220;Schio&#8221;, c&#8217;era scritto a sinistra, poi in colonna a destra due altre righe: &#8220;Trasferire in luogo sicuro&#8221;. Colpevolmente non obiettai nulla, in preda alla mia isolata precipitazione. &#8220;Parlane subito con Matteo&#8221;, concluse Togliatti con la calma riservata ad una pratica di ordinaria banalit\u00e0. Matteo, fratello di Pietro Secchia, era incaricato di tenere i rapporti con due funzionari dell&#8217;NKVD, la polizia sovietica, che figuravano tra i diplomatici di rango dell&#8217;ambasciata dell&#8217;Urss, di via Gaeta a Roma. &#8220;<em>Boia<\/em> <em>faus, <\/em>porco boia, <em>ma sti chi, i ien una brigata, <\/em>stanno diventando un esercito. Ogni giorno arriva qualcuno che deve partire in fretta&#8221;, ripete Matteo con una sorta di curiosit\u00e0 distaccata, espressa in piemontese. Tornai al ministero, infilandomi a perdifiato da via delle Botteghe Oscure nel viale che sboccava sul Ponte Garibaldi. Vi trovai, in attesa nel mio uffticio, i tre di Schio e dissi ansimando: &#8220;La Segreteria ha deciso: Praga&#8221;.<\/p>\n<p style=\"text-align: justify;\">Li vidi qualche anno dopo. Uscivo con Togliatti e la Jotti dalla Tynsky chram, la chiesa di Tyn in Stare Mesto, la Citt\u00e0 Vecchia della capitale cecoslovacca. Uno di loro mi venne incontro. &#8220;Ti ricordi di me? Sono d\u00ec Schio&#8221;, disse guardando anche Togliatti. Il partigiano cav\u00f2 di tasca e mostr\u00f2 la tessera del partito comunista italiano del 1947, con i bollini mensili tutti regolarmente applicati. Fra quella di un normale iscritto al Pci, in trasferta coatta all&#8217;estero. Aveva sparato, colpito, veniva ricercato, ma era stato assolto dal Partito e dal Partito aveva ottenuto una copertura &#8220;logistica&#8221;. Si rivolse di nuovo a Togliatti e gli disse: &#8220;Torneremo presto in Italia, dopo la vittoria alle elezioni&#8221;.<\/p>\n<p style=\"text-align: justify;\">Togliatti gir\u00f2 lo sguardo altrove, ormai disinteressato, come dinanzi ad un innocuo ma fastidioso fantasma.<\/p>\n<p style=\"text-align: justify;\">Il fantasma aveva fatto materialmente parte di una ventina di uomini che s&#8217;erano riuniti, la notte del 6 luglio 1945, a Schio, una cittadina in collina, venticinque chilometri a nord d\u00ec Vicenza, in un parco, la Valletta dei Frati&#8217;, appena fuori dal centro. Erano ex partigiani dei battaglioni &#8220;Ramina Bedin&#8221;, &#8220;Ismene&#8221;, della divisione garibaldina &#8220;Ateo Garemi&#8221; e della Polizia ausiliaria, istituita alla fine della guerra,&#8217; in maggioranza comunista. Avevano come nome di battaglia &#8220;Teppa&#8221;, &#8220;Morvan&#8221;, &#8220;Gandhi&#8221;,, &#8220;Quirino&#8217;, &#8220;Terribile&#8221;, &#8220;Guastatore&#8221; e altri ancora, che riconoscevano, assieme, la supremazia del comandante Igino Piva, detto &#8220;Romero&#8221;. Ad un segnale, convenuto, un colpo di fischietto, con la parte inferiore del viso coperta da grandi fazzoletti, fecero irruzione nel carcere locale, immobilizzarono i guardiani, Pezzin e Girardin, e spararono, al pianoterra e al secondo piano, mitragliando i prigionieri a distanza ravvicinata.<\/p>\n<p style=\"text-align: justify;\">Uccisero 47 persone e ne ferirono 24, mentre altre 7 morirono in seguito in ospedale. In totale 54, di cui 14 donne. Nessuno di loro era allo stato legalmente incriminato, ma solo sospettato di essere iscritto al Partito fascista repubblicano, anche per banali incarichi amministrativi. Il 9 luglio giunse a Schio il generale americano Dunlop, comandante dell&#8217;AMG per il Veneto, accompagnato da altri ufficiali. Il generale, al termine di una formale inchiesta, parl\u00f2 chiaramente di &#8220;violenza rossa premeditata&#8221;, come la Corte di Assise di Milano conferm\u00f2 il 13 novembre 1952, identificando tutti i partigiani responsabili. &#8220;L&#8217;Unit\u00e0&#8221; aveva parlato di gruppi incontrollati, poi li aveva definiti ingiustificatamente trotzskisti, quindi nemici del Partito comunista italiano.<\/p>\n<p style=\"text-align: justify;\">Ma la stampa di partito aveva in precedenza inveito anche contro i simpatizzanti locali del passato regime: &#8220;Sterminiamoli, arrestiamoli, fuciliamoli&#8221;. Nel voluminoso libro di un eminente storico di sinistra, Claudio Pavone, sulla Resistenza, pubblicato dieci anni fa, dei fatti di Schio non si trova menzione. L&#8217;amnistia del Guardasigilli Togliatti del 1946 alla fine salv\u00f2 i responsabili del pi\u00f9 vasto eccidio perpetrato durante il prolungato periodo della &#8220;resa dei conti&#8221; dopo la cessazione della guerra: un fiume complessivo d\u00ec sangue di oltre 15 mila vittime della politica della violenza e del rancore di classe.<\/p>\n<p style=\"text-align: justify;\"><strong>Bibliografia<\/strong><\/p>\n<p style=\"text-align: justify;\">Slivano Villani,<em>L&#8217;eccidio di Schio. Luglio 1945: una strage inutile, <\/em>Mursia, Milano 1999.<br \/>\n<strong>Massimo Caprara,<\/strong> <em>L&#8217;inchiostro verde di Togliatti, <\/em>Simonelli, 1996.<br \/>\n<strong>Annodo de Simone &#8211;<\/strong> Vincenzo Nardiello, <em>Appunti per un libro nero del comunismo italiano, <\/em>Controcorrente, Napoli 2001.<\/p>\n<p><strong>Leggi anche:<\/strong><\/p>\n<p style=\"text-align: justify;\"><a href=\"https:\/\/www.rassegnastampa-totustuus.it\/cattolica\/?p=7533\"><strong>Schio, la strage dimenticata<\/strong><\/a><\/p>\n","protected":false},"excerpt":{"rendered":"<p>Articolo pubblicato su Il Timone &#8211; n. 24 Marzo\/Aprile 2003 Una pagina di storia dimenticata. Luglio 1945: partigiani comunisti massacrano 54 persone nel carcere di Schio. A guerra gi\u00e0 terminata. Togliatti contrariato, ma aiuta alcuni tra gli autori del massacro lasciandoli espatriare. di Massimo Caprara<\/p><p><a class=\"more-link btn\" href=\"https:\/\/www.rassegnastampa-totustuus.it\/cattolica\/la-strage-di-schio\/\">Continua a leggere<\/a><\/p>\n","protected":false},"author":6,"featured_media":0,"comment_status":"closed","ping_status":"open","sticky":false,"template":"","format":"standard","meta":{"footnotes":""},"categories":[82,100,24,96],"tags":[424,423,162,404,425],"class_list":["post-1298","post","type-post","status-publish","format-standard","hentry","category-comunismo-in-italia","category-resistenza","category-storia","category-storia-italiana","tag-comunismo-in-italia-2","tag-resistenza-2","tag-storia-2","tag-storia-italiana-2","tag-togliatti","item-wrap"],"yoast_head":"<!-- This site is optimized with the Yoast SEO plugin v27.5 - https:\/\/yoast.com\/product\/yoast-seo-wordpress\/ -->\n<title>La strage di Schio - Rassegna Stampa Cattolica<\/title>\n<meta name=\"description\" content=\"Rassegna Stampa Cattolica - Per una cultura che nasce dalla Rivelazione cristiana in conformit\u00e0 alla tradizione e al Magistero della Chiesa in opposizione ad ogni relativismo e totalitarismo\" \/>\n<meta name=\"robots\" content=\"index, follow, max-snippet:-1, max-image-preview:large, max-video-preview:-1\" \/>\n<link rel=\"canonical\" href=\"https:\/\/www.rassegnastampa-totustuus.it\/cattolica\/la-strage-di-schio\/\" \/>\n<meta property=\"og:locale\" content=\"it_IT\" \/>\n<meta property=\"og:type\" content=\"article\" \/>\n<meta property=\"og:title\" content=\"La strage di Schio - Rassegna Stampa Cattolica\" \/>\n<meta property=\"og:description\" content=\"Rassegna Stampa Cattolica - Per una cultura che nasce dalla Rivelazione cristiana in conformit\u00e0 alla tradizione e al Magistero della Chiesa in opposizione ad ogni relativismo e totalitarismo\" \/>\n<meta property=\"og:url\" content=\"https:\/\/www.rassegnastampa-totustuus.it\/cattolica\/la-strage-di-schio\/\" \/>\n<meta property=\"og:site_name\" content=\"Rassegna Stampa Cattolica\" \/>\n<meta property=\"article:publisher\" content=\"https:\/\/www.facebook.com\/rassegnastampacattolica\" \/>\n<meta property=\"article:published_time\" content=\"2005-09-06T10:57:34+00:00\" \/>\n<meta property=\"article:modified_time\" content=\"2014-11-18T15:54:28+00:00\" \/>\n<meta property=\"og:image\" content=\"http:\/\/www.rassegnastampa-totustuus.it\/cattolica\/wp-content\/uploads\/2005\/09\/uccisi_da_partigiani-300x226.jpg\" \/>\n<meta name=\"author\" content=\"Redazione\" \/>\n<meta name=\"twitter:card\" content=\"summary_large_image\" \/>\n<meta name=\"twitter:creator\" content=\"@rassegnastampa9\" \/>\n<meta name=\"twitter:site\" content=\"@rassegnastampa9\" \/>\n<meta name=\"twitter:label1\" content=\"Scritto da\" \/>\n\t<meta name=\"twitter:data1\" content=\"Redazione\" \/>\n\t<meta name=\"twitter:label2\" content=\"Tempo di lettura stimato\" \/>\n\t<meta name=\"twitter:data2\" content=\"4 minuti\" \/>\n<script type=\"application\/ld+json\" class=\"yoast-schema-graph\">{\"@context\":\"https:\\\/\\\/schema.org\",\"@graph\":[{\"@type\":\"Article\",\"@id\":\"https:\\\/\\\/www.rassegnastampa-totustuus.it\\\/cattolica\\\/la-strage-di-schio\\\/#article\",\"isPartOf\":{\"@id\":\"https:\\\/\\\/www.rassegnastampa-totustuus.it\\\/cattolica\\\/la-strage-di-schio\\\/\"},\"author\":{\"name\":\"Redazione\",\"@id\":\"https:\\\/\\\/www.rassegnastampa-totustuus.it\\\/cattolica\\\/#\\\/schema\\\/person\\\/08f319d2bd1a0904ad9e2bfb7b15e5c3\"},\"headline\":\"La strage di Schio\",\"datePublished\":\"2005-09-06T10:57:34+00:00\",\"dateModified\":\"2014-11-18T15:54:28+00:00\",\"mainEntityOfPage\":{\"@id\":\"https:\\\/\\\/www.rassegnastampa-totustuus.it\\\/cattolica\\\/la-strage-di-schio\\\/\"},\"wordCount\":865,\"publisher\":{\"@id\":\"https:\\\/\\\/www.rassegnastampa-totustuus.it\\\/cattolica\\\/#organization\"},\"image\":{\"@id\":\"https:\\\/\\\/www.rassegnastampa-totustuus.it\\\/cattolica\\\/la-strage-di-schio\\\/#primaryimage\"},\"thumbnailUrl\":\"http:\\\/\\\/www.rassegnastampa-totustuus.it\\\/cattolica\\\/wp-content\\\/uploads\\\/2005\\\/09\\\/uccisi_da_partigiani-300x226.jpg\",\"keywords\":[\"comunismo in Italia\",\"resistenza\",\"storia\",\"storia italiana\",\"Togliatti\"],\"articleSection\":[\"Comunismo in Italia\",\"Resistenza\",\"Storia\",\"Storia italiana\"],\"inLanguage\":\"it-IT\"},{\"@type\":\"WebPage\",\"@id\":\"https:\\\/\\\/www.rassegnastampa-totustuus.it\\\/cattolica\\\/la-strage-di-schio\\\/\",\"url\":\"https:\\\/\\\/www.rassegnastampa-totustuus.it\\\/cattolica\\\/la-strage-di-schio\\\/\",\"name\":\"La strage di Schio - Rassegna Stampa Cattolica\",\"isPartOf\":{\"@id\":\"https:\\\/\\\/www.rassegnastampa-totustuus.it\\\/cattolica\\\/#website\"},\"primaryImageOfPage\":{\"@id\":\"https:\\\/\\\/www.rassegnastampa-totustuus.it\\\/cattolica\\\/la-strage-di-schio\\\/#primaryimage\"},\"image\":{\"@id\":\"https:\\\/\\\/www.rassegnastampa-totustuus.it\\\/cattolica\\\/la-strage-di-schio\\\/#primaryimage\"},\"thumbnailUrl\":\"http:\\\/\\\/www.rassegnastampa-totustuus.it\\\/cattolica\\\/wp-content\\\/uploads\\\/2005\\\/09\\\/uccisi_da_partigiani-300x226.jpg\",\"datePublished\":\"2005-09-06T10:57:34+00:00\",\"dateModified\":\"2014-11-18T15:54:28+00:00\",\"description\":\"Rassegna Stampa Cattolica - Per una cultura che nasce dalla Rivelazione cristiana in conformit\u00e0 alla tradizione e al Magistero della Chiesa in opposizione ad ogni relativismo e totalitarismo\",\"breadcrumb\":{\"@id\":\"https:\\\/\\\/www.rassegnastampa-totustuus.it\\\/cattolica\\\/la-strage-di-schio\\\/#breadcrumb\"},\"inLanguage\":\"it-IT\",\"potentialAction\":[{\"@type\":\"ReadAction\",\"target\":[\"https:\\\/\\\/www.rassegnastampa-totustuus.it\\\/cattolica\\\/la-strage-di-schio\\\/\"]}]},{\"@type\":\"ImageObject\",\"inLanguage\":\"it-IT\",\"@id\":\"https:\\\/\\\/www.rassegnastampa-totustuus.it\\\/cattolica\\\/la-strage-di-schio\\\/#primaryimage\",\"url\":\"http:\\\/\\\/www.rassegnastampa-totustuus.it\\\/cattolica\\\/wp-content\\\/uploads\\\/2005\\\/09\\\/uccisi_da_partigiani-300x226.jpg\",\"contentUrl\":\"http:\\\/\\\/www.rassegnastampa-totustuus.it\\\/cattolica\\\/wp-content\\\/uploads\\\/2005\\\/09\\\/uccisi_da_partigiani-300x226.jpg\"},{\"@type\":\"BreadcrumbList\",\"@id\":\"https:\\\/\\\/www.rassegnastampa-totustuus.it\\\/cattolica\\\/la-strage-di-schio\\\/#breadcrumb\",\"itemListElement\":[{\"@type\":\"ListItem\",\"position\":1,\"name\":\"Home\",\"item\":\"https:\\\/\\\/www.rassegnastampa-totustuus.it\\\/cattolica\\\/\"},{\"@type\":\"ListItem\",\"position\":2,\"name\":\"La strage di Schio\"}]},{\"@type\":\"WebSite\",\"@id\":\"https:\\\/\\\/www.rassegnastampa-totustuus.it\\\/cattolica\\\/#website\",\"url\":\"https:\\\/\\\/www.rassegnastampa-totustuus.it\\\/cattolica\\\/\",\"name\":\"Rassegna Stampa Cattolica\",\"description\":\"Per una cultura che nasce dalla Rivelazione cristiana in conformit\u00e0 alla tradizione e al Magistero della Chiesa in opposizione ad ogni relativismo e totalitarismo\",\"publisher\":{\"@id\":\"https:\\\/\\\/www.rassegnastampa-totustuus.it\\\/cattolica\\\/#organization\"},\"alternateName\":\"Rass. Cattolica\",\"potentialAction\":[{\"@type\":\"SearchAction\",\"target\":{\"@type\":\"EntryPoint\",\"urlTemplate\":\"https:\\\/\\\/www.rassegnastampa-totustuus.it\\\/cattolica\\\/?s={search_term_string}\"},\"query-input\":{\"@type\":\"PropertyValueSpecification\",\"valueRequired\":true,\"valueName\":\"search_term_string\"}}],\"inLanguage\":\"it-IT\"},{\"@type\":\"Organization\",\"@id\":\"https:\\\/\\\/www.rassegnastampa-totustuus.it\\\/cattolica\\\/#organization\",\"name\":\"Rassegna Stampa Cattolica\",\"url\":\"https:\\\/\\\/www.rassegnastampa-totustuus.it\\\/cattolica\\\/\",\"logo\":{\"@type\":\"ImageObject\",\"inLanguage\":\"it-IT\",\"@id\":\"https:\\\/\\\/www.rassegnastampa-totustuus.it\\\/cattolica\\\/#\\\/schema\\\/logo\\\/image\\\/\",\"url\":\"https:\\\/\\\/www.rassegnastampa-totustuus.it\\\/cattolica\\\/wp-content\\\/uploads\\\/2014\\\/04\\\/logo-rassegna1.gif\",\"contentUrl\":\"https:\\\/\\\/www.rassegnastampa-totustuus.it\\\/cattolica\\\/wp-content\\\/uploads\\\/2014\\\/04\\\/logo-rassegna1.gif\",\"width\":600,\"height\":163,\"caption\":\"Rassegna Stampa Cattolica\"},\"image\":{\"@id\":\"https:\\\/\\\/www.rassegnastampa-totustuus.it\\\/cattolica\\\/#\\\/schema\\\/logo\\\/image\\\/\"},\"sameAs\":[\"https:\\\/\\\/www.facebook.com\\\/rassegnastampacattolica\",\"https:\\\/\\\/x.com\\\/rassegnastampa9\"]},{\"@type\":\"Person\",\"@id\":\"https:\\\/\\\/www.rassegnastampa-totustuus.it\\\/cattolica\\\/#\\\/schema\\\/person\\\/08f319d2bd1a0904ad9e2bfb7b15e5c3\",\"name\":\"Redazione\",\"image\":{\"@type\":\"ImageObject\",\"inLanguage\":\"it-IT\",\"@id\":\"https:\\\/\\\/secure.gravatar.com\\\/avatar\\\/2fcdf27c78ea025fbdb44e914cc63c72249ffec9dc8aafd5c82b26240ef3f346?s=96&d=mm&r=g\",\"url\":\"https:\\\/\\\/secure.gravatar.com\\\/avatar\\\/2fcdf27c78ea025fbdb44e914cc63c72249ffec9dc8aafd5c82b26240ef3f346?s=96&d=mm&r=g\",\"contentUrl\":\"https:\\\/\\\/secure.gravatar.com\\\/avatar\\\/2fcdf27c78ea025fbdb44e914cc63c72249ffec9dc8aafd5c82b26240ef3f346?s=96&d=mm&r=g\",\"caption\":\"Redazione\"},\"url\":\"https:\\\/\\\/www.rassegnastampa-totustuus.it\\\/cattolica\\\/author\\\/pietroelle\\\/\"}]}<\/script>\n<!-- \/ Yoast SEO plugin. -->","yoast_head_json":{"title":"La strage di Schio - Rassegna Stampa Cattolica","description":"Rassegna Stampa Cattolica - Per una cultura che nasce dalla Rivelazione cristiana in conformit\u00e0 alla tradizione e al Magistero della Chiesa in opposizione ad ogni relativismo e totalitarismo","robots":{"index":"index","follow":"follow","max-snippet":"max-snippet:-1","max-image-preview":"max-image-preview:large","max-video-preview":"max-video-preview:-1"},"canonical":"https:\/\/www.rassegnastampa-totustuus.it\/cattolica\/la-strage-di-schio\/","og_locale":"it_IT","og_type":"article","og_title":"La strage di Schio - Rassegna Stampa Cattolica","og_description":"Rassegna Stampa Cattolica - Per una cultura che nasce dalla Rivelazione cristiana in conformit\u00e0 alla tradizione e al Magistero della Chiesa in opposizione ad ogni relativismo e totalitarismo","og_url":"https:\/\/www.rassegnastampa-totustuus.it\/cattolica\/la-strage-di-schio\/","og_site_name":"Rassegna Stampa Cattolica","article_publisher":"https:\/\/www.facebook.com\/rassegnastampacattolica","article_published_time":"2005-09-06T10:57:34+00:00","article_modified_time":"2014-11-18T15:54:28+00:00","og_image":[{"url":"http:\/\/www.rassegnastampa-totustuus.it\/cattolica\/wp-content\/uploads\/2005\/09\/uccisi_da_partigiani-300x226.jpg","type":"","width":"","height":""}],"author":"Redazione","twitter_card":"summary_large_image","twitter_creator":"@rassegnastampa9","twitter_site":"@rassegnastampa9","twitter_misc":{"Scritto da":"Redazione","Tempo di lettura stimato":"4 minuti"},"schema":{"@context":"https:\/\/schema.org","@graph":[{"@type":"Article","@id":"https:\/\/www.rassegnastampa-totustuus.it\/cattolica\/la-strage-di-schio\/#article","isPartOf":{"@id":"https:\/\/www.rassegnastampa-totustuus.it\/cattolica\/la-strage-di-schio\/"},"author":{"name":"Redazione","@id":"https:\/\/www.rassegnastampa-totustuus.it\/cattolica\/#\/schema\/person\/08f319d2bd1a0904ad9e2bfb7b15e5c3"},"headline":"La strage di Schio","datePublished":"2005-09-06T10:57:34+00:00","dateModified":"2014-11-18T15:54:28+00:00","mainEntityOfPage":{"@id":"https:\/\/www.rassegnastampa-totustuus.it\/cattolica\/la-strage-di-schio\/"},"wordCount":865,"publisher":{"@id":"https:\/\/www.rassegnastampa-totustuus.it\/cattolica\/#organization"},"image":{"@id":"https:\/\/www.rassegnastampa-totustuus.it\/cattolica\/la-strage-di-schio\/#primaryimage"},"thumbnailUrl":"http:\/\/www.rassegnastampa-totustuus.it\/cattolica\/wp-content\/uploads\/2005\/09\/uccisi_da_partigiani-300x226.jpg","keywords":["comunismo in Italia","resistenza","storia","storia italiana","Togliatti"],"articleSection":["Comunismo in Italia","Resistenza","Storia","Storia italiana"],"inLanguage":"it-IT"},{"@type":"WebPage","@id":"https:\/\/www.rassegnastampa-totustuus.it\/cattolica\/la-strage-di-schio\/","url":"https:\/\/www.rassegnastampa-totustuus.it\/cattolica\/la-strage-di-schio\/","name":"La strage di Schio - Rassegna Stampa Cattolica","isPartOf":{"@id":"https:\/\/www.rassegnastampa-totustuus.it\/cattolica\/#website"},"primaryImageOfPage":{"@id":"https:\/\/www.rassegnastampa-totustuus.it\/cattolica\/la-strage-di-schio\/#primaryimage"},"image":{"@id":"https:\/\/www.rassegnastampa-totustuus.it\/cattolica\/la-strage-di-schio\/#primaryimage"},"thumbnailUrl":"http:\/\/www.rassegnastampa-totustuus.it\/cattolica\/wp-content\/uploads\/2005\/09\/uccisi_da_partigiani-300x226.jpg","datePublished":"2005-09-06T10:57:34+00:00","dateModified":"2014-11-18T15:54:28+00:00","description":"Rassegna Stampa Cattolica - Per una cultura che nasce dalla Rivelazione cristiana in conformit\u00e0 alla tradizione e al Magistero della Chiesa in opposizione ad ogni relativismo e totalitarismo","breadcrumb":{"@id":"https:\/\/www.rassegnastampa-totustuus.it\/cattolica\/la-strage-di-schio\/#breadcrumb"},"inLanguage":"it-IT","potentialAction":[{"@type":"ReadAction","target":["https:\/\/www.rassegnastampa-totustuus.it\/cattolica\/la-strage-di-schio\/"]}]},{"@type":"ImageObject","inLanguage":"it-IT","@id":"https:\/\/www.rassegnastampa-totustuus.it\/cattolica\/la-strage-di-schio\/#primaryimage","url":"http:\/\/www.rassegnastampa-totustuus.it\/cattolica\/wp-content\/uploads\/2005\/09\/uccisi_da_partigiani-300x226.jpg","contentUrl":"http:\/\/www.rassegnastampa-totustuus.it\/cattolica\/wp-content\/uploads\/2005\/09\/uccisi_da_partigiani-300x226.jpg"},{"@type":"BreadcrumbList","@id":"https:\/\/www.rassegnastampa-totustuus.it\/cattolica\/la-strage-di-schio\/#breadcrumb","itemListElement":[{"@type":"ListItem","position":1,"name":"Home","item":"https:\/\/www.rassegnastampa-totustuus.it\/cattolica\/"},{"@type":"ListItem","position":2,"name":"La strage di Schio"}]},{"@type":"WebSite","@id":"https:\/\/www.rassegnastampa-totustuus.it\/cattolica\/#website","url":"https:\/\/www.rassegnastampa-totustuus.it\/cattolica\/","name":"Rassegna Stampa Cattolica","description":"Per una cultura che nasce dalla Rivelazione cristiana in conformit\u00e0 alla tradizione e al Magistero della Chiesa in opposizione ad ogni relativismo e totalitarismo","publisher":{"@id":"https:\/\/www.rassegnastampa-totustuus.it\/cattolica\/#organization"},"alternateName":"Rass. Cattolica","potentialAction":[{"@type":"SearchAction","target":{"@type":"EntryPoint","urlTemplate":"https:\/\/www.rassegnastampa-totustuus.it\/cattolica\/?s={search_term_string}"},"query-input":{"@type":"PropertyValueSpecification","valueRequired":true,"valueName":"search_term_string"}}],"inLanguage":"it-IT"},{"@type":"Organization","@id":"https:\/\/www.rassegnastampa-totustuus.it\/cattolica\/#organization","name":"Rassegna Stampa Cattolica","url":"https:\/\/www.rassegnastampa-totustuus.it\/cattolica\/","logo":{"@type":"ImageObject","inLanguage":"it-IT","@id":"https:\/\/www.rassegnastampa-totustuus.it\/cattolica\/#\/schema\/logo\/image\/","url":"https:\/\/www.rassegnastampa-totustuus.it\/cattolica\/wp-content\/uploads\/2014\/04\/logo-rassegna1.gif","contentUrl":"https:\/\/www.rassegnastampa-totustuus.it\/cattolica\/wp-content\/uploads\/2014\/04\/logo-rassegna1.gif","width":600,"height":163,"caption":"Rassegna Stampa Cattolica"},"image":{"@id":"https:\/\/www.rassegnastampa-totustuus.it\/cattolica\/#\/schema\/logo\/image\/"},"sameAs":["https:\/\/www.facebook.com\/rassegnastampacattolica","https:\/\/x.com\/rassegnastampa9"]},{"@type":"Person","@id":"https:\/\/www.rassegnastampa-totustuus.it\/cattolica\/#\/schema\/person\/08f319d2bd1a0904ad9e2bfb7b15e5c3","name":"Redazione","image":{"@type":"ImageObject","inLanguage":"it-IT","@id":"https:\/\/secure.gravatar.com\/avatar\/2fcdf27c78ea025fbdb44e914cc63c72249ffec9dc8aafd5c82b26240ef3f346?s=96&d=mm&r=g","url":"https:\/\/secure.gravatar.com\/avatar\/2fcdf27c78ea025fbdb44e914cc63c72249ffec9dc8aafd5c82b26240ef3f346?s=96&d=mm&r=g","contentUrl":"https:\/\/secure.gravatar.com\/avatar\/2fcdf27c78ea025fbdb44e914cc63c72249ffec9dc8aafd5c82b26240ef3f346?s=96&d=mm&r=g","caption":"Redazione"},"url":"https:\/\/www.rassegnastampa-totustuus.it\/cattolica\/author\/pietroelle\/"}]}},"_links":{"self":[{"href":"https:\/\/www.rassegnastampa-totustuus.it\/cattolica\/wp-json\/wp\/v2\/posts\/1298","targetHints":{"allow":["GET"]}}],"collection":[{"href":"https:\/\/www.rassegnastampa-totustuus.it\/cattolica\/wp-json\/wp\/v2\/posts"}],"about":[{"href":"https:\/\/www.rassegnastampa-totustuus.it\/cattolica\/wp-json\/wp\/v2\/types\/post"}],"author":[{"embeddable":true,"href":"https:\/\/www.rassegnastampa-totustuus.it\/cattolica\/wp-json\/wp\/v2\/users\/6"}],"replies":[{"embeddable":true,"href":"https:\/\/www.rassegnastampa-totustuus.it\/cattolica\/wp-json\/wp\/v2\/comments?post=1298"}],"version-history":[{"count":3,"href":"https:\/\/www.rassegnastampa-totustuus.it\/cattolica\/wp-json\/wp\/v2\/posts\/1298\/revisions"}],"predecessor-version":[{"id":7541,"href":"https:\/\/www.rassegnastampa-totustuus.it\/cattolica\/wp-json\/wp\/v2\/posts\/1298\/revisions\/7541"}],"wp:attachment":[{"href":"https:\/\/www.rassegnastampa-totustuus.it\/cattolica\/wp-json\/wp\/v2\/media?parent=1298"}],"wp:term":[{"taxonomy":"category","embeddable":true,"href":"https:\/\/www.rassegnastampa-totustuus.it\/cattolica\/wp-json\/wp\/v2\/categories?post=1298"},{"taxonomy":"post_tag","embeddable":true,"href":"https:\/\/www.rassegnastampa-totustuus.it\/cattolica\/wp-json\/wp\/v2\/tags?post=1298"}],"curies":[{"name":"wp","href":"https:\/\/api.w.org\/{rel}","templated":true}]}}