{"id":1277,"date":"2005-09-05T00:00:00","date_gmt":"2005-09-04T22:00:00","guid":{"rendered":""},"modified":"2015-11-06T13:01:12","modified_gmt":"2015-11-06T12:01:12","slug":"apologia-del-medioevo-cristiano","status":"publish","type":"post","link":"https:\/\/www.rassegnastampa-totustuus.it\/cattolica\/apologia-del-medioevo-cristiano\/","title":{"rendered":"Apologia del medioevo cristiano"},"content":{"rendered":"<div style=\"text-align: center;\"><a href=\"https:\/\/www.rassegnastampa-totustuus.it\/cattolica\/wp-content\/uploads\/2005\/09\/monache.jpg\"><img loading=\"lazy\" decoding=\"async\" class=\"alignright wp-image-27178 size-full\" src=\"https:\/\/www.rassegnastampa-totustuus.it\/cattolica\/wp-content\/uploads\/2005\/09\/monache.jpg\" alt=\"monache\" width=\"234\" height=\"215\" \/><\/a>Articolo pubblicato su<strong> Il Timone<\/strong> &#8211; n. 16 Novembre\/Dicembre 2001<\/div>\n<p style=\"text-align: justify;\"><em>Il &#8220;buio medioevo&#8221; e una autentica invenzione della propaganda illuminista. In realt\u00e0 fu l\u2019epoca della grande maturit\u00e0 del mondo cristiano occidentale. Un saggio di Franco Cardini svela la grandezza dei secoli XII e XIII.<\/em><\/p>\n<p style=\"text-align: center;\">di <strong>Adolfo Morganti<\/strong><\/p>\n<p><!--more--><\/p>\n<div style=\"text-align: justify;\">A dispetto di tutta la produzione scientifica internazionale pi\u00f9 aggiornata, e di decenni di sforzi da parte della cultura cattolica, nell\u2019area linguistica italiana continua a sopravvivere una rappresentazione caricaturale del Medioevo cristiano europeo originatasi nel XVIII secolo, al tempo della polemica anticattolica illuminista, e poi proseguita da tutte le ideologie anticristiane della modernit\u00e0, dal liberalismo al comunismo, al nazionalsocialismo; con una sintonia di posizioni e argomentazioni cos\u00ec serrata da lasciarci comprendere che il Medioevo costituisce in realt\u00e0 una cartina di tornasole culturale: chi odia il cristianesimo, <em>maxime <\/em>il cattolicesimo europeo, non pu\u00f2 che esercitarsi alla denigrazione della civilt\u00e0 medievale.<\/div>\n<p style=\"text-align: justify;\">Limitarsi a lamentarsi di una siffatta situazione, come sempre, non serve. Per i cristiani, italiani ed europei, \u00e8 necessario dotarsi degli strumenti utili a una didattica della storia libera da ideologismi. La Collana <em>L\u2019Altrotesto, <\/em>promossa dall\u2019Associazione Culturale <em>Identit\u00e0 Europea, \u00e8 <\/em>nata a questo scopo: articolata su una serie di volumetti autonomi e arricchiti da appendici didattiche, opera delle migliori firme della cultura non conformista, con un prezzo &#8220;politico&#8221; fissato in L.12.000 (6,20 Euro) questa Collana ha conosciuto da quando \u00e8 nata, nel 1999, un crescente successo che ne ha fatto un autentico &#8220;caso editoriale: il passaparola degli operatori della scuola, degli studenti, dei genitori ha dimostrato di poter supplire alla sintomatica &#8220;campagna di silenzio&#8221; con cui la stampa nazionale ha cercato di ignorare l\u2019evento.<\/p>\n<p style=\"text-align: justify;\">All\u2019interno del XXI Meeting per l\u2019Amicizia fra i Popoli, nello scorso agosto, la presentazione degli ultimi due volumi della collana (<em>L\u2019apogeo<\/em> <em>del Medioevo <\/em>di Franco Cardini e <em>Lo studio della Letteratura europea. Un percorso da Dante a Solgenitsin <\/em>di Rodolfo Quadrelli) ha registrato un assolutamente previsto grande successo di pubblico (dilagante fuori dalle sale messe a disposizione), e ha conosciuto momenti di grande, autentica partecipazione. In particolare, qui, ci interessa soffermarci sulla nuova, stimolante e preziosa immagine del Medioevo cristiano che emerge dal breve saggio di Franco Cardini, <em>Apologia del medioevo cristiano.<\/em><\/p>\n<p style=\"text-align: justify;\">Lungi dall\u2019essere il tempo della stasi e dell\u2019oscurit\u00e0, della guerra endemica e della povert\u00e0 culturale ed economica, nel Medioevo si pu\u00f2 ammirare il tempo della maturit\u00e0 del mondo cristiano occidentale, dalla met\u00e0 del XII alla met\u00e0 del XIII secolo.<\/p>\n<p style=\"text-align: justify;\">Tempo di grande vitalit\u00e0 e rinnovamento religioso: concependo s\u00e9 stessa come, evangelicamente, <em>semper reformanda, <\/em>la Chiesa del pieno Medioevo europeo dimostra la forza di una tensione spirituale essenziale che diviene lievito di trasformazione dell\u2019intera societ\u00e0 cristiana; una spinta che coinvolge tutti i ceti in cui la Cristianit\u00e0 sapeva articolarsi, e era costituita da almeno tre componenti: da una parte, c\u2019era una vigorosa pattuglia di monaci e di politici ben decisa ad eliminare dal corpo del clero gli elementi indegni e a stabilire nella vita della Chiesa l\u2019egemonia del clero sul laicato; dall\u2019altra, c\u2019erano dei mistici preoccupati della degradazione alla quale l\u2019infeudamento della Chiesa ai laici aveva condotto la vita spirituale; e infine v\u2019erano molti esponenti dello stesso basso clero e del laicato, fin da allora in prima fila nella difesa dell\u2019esperienza cristiana e della giustizia.<\/p>\n<p style=\"text-align: justify;\">Non a caso l\u2019apogeo del Medioevo \u00e8 tempo di grande espansione del monachesimo, che a sua volta cresce e si rinnova, ritornando alle origini, in una serie di esperienze a pi\u00f9 emblematica delle quali \u00e8 senz\u2019altro quella cistercense: <em>&#8220;Caratteristica dei cistercensi \u00e8 quindi quella di un ordine seguace della povert\u00e0 assoluta <\/em>e <em>informato a una visione mistica della vita religiosa <\/em>&#8211; <em>secondo quelle che erano state alcune delle esigenze di rinnovamento <\/em>e <em>di purificazione della Chiesa affiorate anche durante la riforma <\/em>-\u2018<em>ma che non per questo si chiude in una sorta d\u2019immobilismo contemplativo. AI contrario, i cistercensi sono dei lavoratori dei dissodatori dei colonizzatori. In questo senso l\u2019Ordine cistercense si sviluppa non a caso in quel XII secolo che vede in tutta Europa un grande slancio demografico ed economico. Dal centro delta Francia con le grandi abbazie di C\u00ecteaux <\/em>e <em>di Clairvaux, i cistercensi si diffusero in tutta Europa, dalla Galizia alla Germania orientale e dalla penisola scandinava alla Sicilia.&#8221; <\/em>(F. Cardini, op. cit.)<\/p>\n<p style=\"text-align: justify;\">E nello stesso tempo &#8211; e non a caso &#8211; \u00e8 l\u2019epoca della nascita dell\u2019Universit\u00e0 europea, e delle grandi scuole filosofiche cristiane, come quella di Chartres: il Medioevo cristiano si rivela essere il tempo in cui lo studio della Sapienza diviene patrimonio comune a lutto il popolo, l\u2019epoca in cui si discuteva dello storico dibattito filosofico <em>e <\/em>teologico tra San Bernardo di Chiaravalle e Abelardo non nel chiuso delle aule accademiche, ma dentro alle botteghe e nelle piazze di Parigi.<\/p>\n<p style=\"text-align: justify;\">Questo impressionante dinamismo spirituale e culturale non fu sempre privo di tensioni e di conflitti: l\u2019apogeo del Medioevo fu anche il tempo del trionfo della Chiesa gerarchica, opera di Lotario di Segni, divenuto in giovane et\u00e0 Papa con il nome di Innocenzo III, che con inesausta energia si dedic\u00f2 alla riorganizzazione delle terre della Chiesa, alla creazione di un rinnovato rapporto con i comuni dell\u2019Italia settentrionale e centrale, che sottraesse quello che allora si chiamava il <em>regnum ltaliae <\/em>dalle suggestioni d\u2019un troppo stretto rapporto con la Germania, alla soluzione delle questioni aperte in Germania stessa e nel Meridione d\u2019Italia dalla morte di Enrico VI, al tentativo di riunione della Chiesa, fin da allora divisa nei due mondi latino e greco, e all\u2019organizzazione di una nuova Crociata per la liberazione di Gerusalemme e della Terrasanta.<\/p>\n<p style=\"text-align: justify;\">Proprio quest\u2019ultimo tentativo condusse ai triste episodio della deviazione verso obiettivi mondani della IV Crociata, e si tratta di una storia ancor oggi di grande attualit\u00e0 che vai la pena &#8211; a titolo di esempio &#8211; di ricordare: nel 1202 le forze crociate erano concentrate a Venezia, la quale da parte sua offriva una potente flotta &#8211; 50 galee &#8211; per trasportarle oltremare. il contributo veneziano non era tuttavia gratuito: l\u2019armata crociata non aveva fondi sufficienti a pagare la flotta, e l\u2019anziano ma energico doge veneziano Enrico Dandolo propose ai crociati di sdebitarsi aiutando Venezia a sottomettere la citt\u00e0 dalmata di Zara, che le si era ribellata: cos\u00ec avvenne ma il saccheggio di una citt\u00e0 cattolica come Zara da parte di truppe crociate fu un vero scandalo per tutta la Cristianit\u00e0, e Papa Innocenzo III intervenne <em>e <\/em>scomunic\u00f2 i Veneziani.<\/p>\n<p style=\"text-align: justify;\">Nei luglio 1203 Veneziani e crociati giungevano a Costantinopoli, sconfiggevano Alessio III e restauravano sul trono imperiale Isacco e il figlio Alessio IV, ma la loro avidit\u00e0 provocava una rivolta d\u2019una parte dell\u2019opinione pubblica bizantina, stanca delle continue ingerenze occidentali nella politica dell\u2019impero e nella stessa vita della capitale; ad essa fu risposto con un feroce saccheggio della citt\u00e0 e con il rovesciamento dell\u2019impero bizantino: una ferita che ancor oggi \u00e8 vissuta come aperta da gran parte dei cristianesimo orientale.<\/p>\n<p style=\"text-align: justify;\">Una ferita di cui il Papa non porta responsabilit\u00e0, anche se fu compiuta nei nome della Croce da chi aveva gi\u00e0 imparato a servirsi del Sacro Segno per coprire interessi mercantili assai pi\u00f9 umani. Ma anche nella tragicit\u00e0 degli eventi traspare la diversa qualit\u00e0 di un tempo in cui il Cattolicesimo non era solamente una religione, ma l\u2019anima di una cultura universale e di una sintonia profonda tra popoli e culture. Appare infatti incredibile a ricchezza e la complessit\u00e0 dell\u2019Europa dei tempo della Cristianit\u00e0: tempo di rinascita anche tecnologica ed economica. Riscoprirne l\u2019ampiezza e la bellezza, la profonda spiritualit\u00e0 e <em>quindi <\/em>la capacit\u00e0 di cambiare a realt\u00e0 e la storia, \u00e8 ancor oggi privilegio e dovere di ogni cristiano.<\/p>\n<p style=\"text-align: justify;\"><strong>Bibliografia:<\/strong><\/p>\n<p style=\"text-align: justify;\"><strong>Franco Cardini<\/strong>, <em>L&#8217;apogeo del medioevo. I secoli XII-XIII,<\/em> Il Cerchio iniziative Editoriali, Rimini 2001.<\/p>\n<p style=\"text-align: justify;\"><strong>R\u00e9gine Pernoud,<\/strong> <em>Luce del Medioevo<\/em>, ed. accresciuta a cura di Marco Respinti, Gribaudi, Milano 2000.<\/p>\n<p style=\"text-align: justify;\"><strong>R\u00e9gine Pernoud,<\/strong> <em>Medioevo. Un secolare pregiudizio<\/em>, Bompiani, Milano 1983.<\/p>\n<p style=\"text-align: justify;\">____________________________<\/p>\n<p style=\"text-align: justify;\"><strong>Leggi anche:<\/strong><\/p>\n<p style=\"text-align: justify;\"><a href=\"https:\/\/www.rassegnastampa-totustuus.it\/cattolica\/?p=5773\" target=\"_blank\">La &#8220;leggenda nera&#8221; sul Medioevo<\/a><\/p>\n<p style=\"text-align: justify;\"><a href=\"https:\/\/www.rassegnastampa-totustuus.it\/cattolica\/?p=1277\">Apologia del Medioevo cristiano<\/a><\/p>\n<p style=\"text-align: justify;\"><a href=\"https:\/\/www.rassegnastampa-totustuus.it\/cattolica\/?p=2830\">Il progresso? \u00e8 nel Medioevo<\/a><\/p>\n","protected":false},"excerpt":{"rendered":"<p>Articolo pubblicato su Il Timone &#8211; n. 16 Novembre\/Dicembre 2001 Il &#8220;buio medioevo&#8221; e una autentica invenzione della propaganda illuminista. In realt\u00e0 fu l\u2019epoca della grande maturit\u00e0 del mondo cristiano occidentale. Un saggio di Franco Cardini svela la grandezza dei secoli XII e XIII. di Adolfo Morganti<\/p><p><a class=\"more-link btn\" href=\"https:\/\/www.rassegnastampa-totustuus.it\/cattolica\/apologia-del-medioevo-cristiano\/\">Continua a leggere<\/a><\/p>\n","protected":false},"author":6,"featured_media":27178,"comment_status":"closed","ping_status":"open","sticky":false,"template":"","format":"standard","meta":{"footnotes":""},"categories":[91,24],"tags":[268],"class_list":["post-1277","post","type-post","status-publish","format-standard","has-post-thumbnail","hentry","category-medioevo","category-storia","tag-medioevo-2","item-wrap"],"yoast_head":"<!-- This site is optimized with the Yoast SEO plugin v27.5 - https:\/\/yoast.com\/product\/yoast-seo-wordpress\/ -->\n<title>Apologia del medioevo cristiano - Rassegna Stampa Cattolica<\/title>\n<meta name=\"description\" content=\"Rassegna Stampa Cattolica - Per una cultura che nasce dalla Rivelazione cristiana in conformit\u00e0 alla tradizione e al Magistero della Chiesa in opposizione ad ogni relativismo e totalitarismo\" \/>\n<meta name=\"robots\" content=\"index, follow, max-snippet:-1, max-image-preview:large, max-video-preview:-1\" \/>\n<link rel=\"canonical\" href=\"https:\/\/www.rassegnastampa-totustuus.it\/cattolica\/apologia-del-medioevo-cristiano\/\" \/>\n<meta property=\"og:locale\" content=\"it_IT\" \/>\n<meta property=\"og:type\" content=\"article\" \/>\n<meta property=\"og:title\" content=\"Apologia del medioevo cristiano - Rassegna Stampa Cattolica\" \/>\n<meta property=\"og:description\" content=\"Rassegna Stampa Cattolica - Per una cultura che nasce dalla Rivelazione cristiana in conformit\u00e0 alla tradizione e al Magistero della Chiesa in opposizione ad ogni relativismo e totalitarismo\" \/>\n<meta property=\"og:url\" content=\"https:\/\/www.rassegnastampa-totustuus.it\/cattolica\/apologia-del-medioevo-cristiano\/\" \/>\n<meta property=\"og:site_name\" content=\"Rassegna Stampa Cattolica\" \/>\n<meta property=\"article:publisher\" content=\"https:\/\/www.facebook.com\/rassegnastampacattolica\" \/>\n<meta property=\"article:published_time\" content=\"2005-09-04T22:00:00+00:00\" \/>\n<meta property=\"article:modified_time\" content=\"2015-11-06T12:01:12+00:00\" \/>\n<meta property=\"og:image\" content=\"https:\/\/www.rassegnastampa-totustuus.it\/cattolica\/wp-content\/uploads\/2005\/09\/monache.jpg\" \/>\n\t<meta property=\"og:image:width\" content=\"234\" \/>\n\t<meta property=\"og:image:height\" content=\"215\" \/>\n\t<meta property=\"og:image:type\" content=\"image\/jpeg\" \/>\n<meta name=\"author\" content=\"Redazione\" \/>\n<meta name=\"twitter:card\" content=\"summary_large_image\" \/>\n<meta name=\"twitter:creator\" content=\"@rassegnastampa9\" \/>\n<meta name=\"twitter:site\" content=\"@rassegnastampa9\" \/>\n<meta name=\"twitter:label1\" content=\"Scritto da\" \/>\n\t<meta name=\"twitter:data1\" content=\"Redazione\" \/>\n\t<meta name=\"twitter:label2\" content=\"Tempo di lettura stimato\" \/>\n\t<meta name=\"twitter:data2\" content=\"7 minuti\" \/>\n<script type=\"application\/ld+json\" class=\"yoast-schema-graph\">{\"@context\":\"https:\\\/\\\/schema.org\",\"@graph\":[{\"@type\":\"Article\",\"@id\":\"https:\\\/\\\/www.rassegnastampa-totustuus.it\\\/cattolica\\\/apologia-del-medioevo-cristiano\\\/#article\",\"isPartOf\":{\"@id\":\"https:\\\/\\\/www.rassegnastampa-totustuus.it\\\/cattolica\\\/apologia-del-medioevo-cristiano\\\/\"},\"author\":{\"name\":\"Redazione\",\"@id\":\"https:\\\/\\\/www.rassegnastampa-totustuus.it\\\/cattolica\\\/#\\\/schema\\\/person\\\/08f319d2bd1a0904ad9e2bfb7b15e5c3\"},\"headline\":\"Apologia del medioevo cristiano\",\"datePublished\":\"2005-09-04T22:00:00+00:00\",\"dateModified\":\"2015-11-06T12:01:12+00:00\",\"mainEntityOfPage\":{\"@id\":\"https:\\\/\\\/www.rassegnastampa-totustuus.it\\\/cattolica\\\/apologia-del-medioevo-cristiano\\\/\"},\"wordCount\":1338,\"publisher\":{\"@id\":\"https:\\\/\\\/www.rassegnastampa-totustuus.it\\\/cattolica\\\/#organization\"},\"image\":{\"@id\":\"https:\\\/\\\/www.rassegnastampa-totustuus.it\\\/cattolica\\\/apologia-del-medioevo-cristiano\\\/#primaryimage\"},\"thumbnailUrl\":\"https:\\\/\\\/www.rassegnastampa-totustuus.it\\\/cattolica\\\/wp-content\\\/uploads\\\/2005\\\/09\\\/monache.jpg\",\"keywords\":[\"medioevo\"],\"articleSection\":[\"Medioevo\",\"Storia\"],\"inLanguage\":\"it-IT\"},{\"@type\":\"WebPage\",\"@id\":\"https:\\\/\\\/www.rassegnastampa-totustuus.it\\\/cattolica\\\/apologia-del-medioevo-cristiano\\\/\",\"url\":\"https:\\\/\\\/www.rassegnastampa-totustuus.it\\\/cattolica\\\/apologia-del-medioevo-cristiano\\\/\",\"name\":\"Apologia del medioevo cristiano - Rassegna Stampa Cattolica\",\"isPartOf\":{\"@id\":\"https:\\\/\\\/www.rassegnastampa-totustuus.it\\\/cattolica\\\/#website\"},\"primaryImageOfPage\":{\"@id\":\"https:\\\/\\\/www.rassegnastampa-totustuus.it\\\/cattolica\\\/apologia-del-medioevo-cristiano\\\/#primaryimage\"},\"image\":{\"@id\":\"https:\\\/\\\/www.rassegnastampa-totustuus.it\\\/cattolica\\\/apologia-del-medioevo-cristiano\\\/#primaryimage\"},\"thumbnailUrl\":\"https:\\\/\\\/www.rassegnastampa-totustuus.it\\\/cattolica\\\/wp-content\\\/uploads\\\/2005\\\/09\\\/monache.jpg\",\"datePublished\":\"2005-09-04T22:00:00+00:00\",\"dateModified\":\"2015-11-06T12:01:12+00:00\",\"description\":\"Rassegna Stampa Cattolica - Per una cultura che nasce dalla Rivelazione cristiana in conformit\u00e0 alla tradizione e al Magistero della Chiesa in opposizione ad ogni relativismo e totalitarismo\",\"breadcrumb\":{\"@id\":\"https:\\\/\\\/www.rassegnastampa-totustuus.it\\\/cattolica\\\/apologia-del-medioevo-cristiano\\\/#breadcrumb\"},\"inLanguage\":\"it-IT\",\"potentialAction\":[{\"@type\":\"ReadAction\",\"target\":[\"https:\\\/\\\/www.rassegnastampa-totustuus.it\\\/cattolica\\\/apologia-del-medioevo-cristiano\\\/\"]}]},{\"@type\":\"ImageObject\",\"inLanguage\":\"it-IT\",\"@id\":\"https:\\\/\\\/www.rassegnastampa-totustuus.it\\\/cattolica\\\/apologia-del-medioevo-cristiano\\\/#primaryimage\",\"url\":\"https:\\\/\\\/www.rassegnastampa-totustuus.it\\\/cattolica\\\/wp-content\\\/uploads\\\/2005\\\/09\\\/monache.jpg\",\"contentUrl\":\"https:\\\/\\\/www.rassegnastampa-totustuus.it\\\/cattolica\\\/wp-content\\\/uploads\\\/2005\\\/09\\\/monache.jpg\",\"width\":234,\"height\":215},{\"@type\":\"BreadcrumbList\",\"@id\":\"https:\\\/\\\/www.rassegnastampa-totustuus.it\\\/cattolica\\\/apologia-del-medioevo-cristiano\\\/#breadcrumb\",\"itemListElement\":[{\"@type\":\"ListItem\",\"position\":1,\"name\":\"Home\",\"item\":\"https:\\\/\\\/www.rassegnastampa-totustuus.it\\\/cattolica\\\/\"},{\"@type\":\"ListItem\",\"position\":2,\"name\":\"Apologia del medioevo cristiano\"}]},{\"@type\":\"WebSite\",\"@id\":\"https:\\\/\\\/www.rassegnastampa-totustuus.it\\\/cattolica\\\/#website\",\"url\":\"https:\\\/\\\/www.rassegnastampa-totustuus.it\\\/cattolica\\\/\",\"name\":\"Rassegna Stampa Cattolica\",\"description\":\"Per una cultura che nasce dalla Rivelazione cristiana in conformit\u00e0 alla tradizione e al Magistero della Chiesa in opposizione ad ogni relativismo e totalitarismo\",\"publisher\":{\"@id\":\"https:\\\/\\\/www.rassegnastampa-totustuus.it\\\/cattolica\\\/#organization\"},\"alternateName\":\"Rass. Cattolica\",\"potentialAction\":[{\"@type\":\"SearchAction\",\"target\":{\"@type\":\"EntryPoint\",\"urlTemplate\":\"https:\\\/\\\/www.rassegnastampa-totustuus.it\\\/cattolica\\\/?s={search_term_string}\"},\"query-input\":{\"@type\":\"PropertyValueSpecification\",\"valueRequired\":true,\"valueName\":\"search_term_string\"}}],\"inLanguage\":\"it-IT\"},{\"@type\":\"Organization\",\"@id\":\"https:\\\/\\\/www.rassegnastampa-totustuus.it\\\/cattolica\\\/#organization\",\"name\":\"Rassegna Stampa Cattolica\",\"url\":\"https:\\\/\\\/www.rassegnastampa-totustuus.it\\\/cattolica\\\/\",\"logo\":{\"@type\":\"ImageObject\",\"inLanguage\":\"it-IT\",\"@id\":\"https:\\\/\\\/www.rassegnastampa-totustuus.it\\\/cattolica\\\/#\\\/schema\\\/logo\\\/image\\\/\",\"url\":\"https:\\\/\\\/www.rassegnastampa-totustuus.it\\\/cattolica\\\/wp-content\\\/uploads\\\/2014\\\/04\\\/logo-rassegna1.gif\",\"contentUrl\":\"https:\\\/\\\/www.rassegnastampa-totustuus.it\\\/cattolica\\\/wp-content\\\/uploads\\\/2014\\\/04\\\/logo-rassegna1.gif\",\"width\":600,\"height\":163,\"caption\":\"Rassegna Stampa Cattolica\"},\"image\":{\"@id\":\"https:\\\/\\\/www.rassegnastampa-totustuus.it\\\/cattolica\\\/#\\\/schema\\\/logo\\\/image\\\/\"},\"sameAs\":[\"https:\\\/\\\/www.facebook.com\\\/rassegnastampacattolica\",\"https:\\\/\\\/x.com\\\/rassegnastampa9\"]},{\"@type\":\"Person\",\"@id\":\"https:\\\/\\\/www.rassegnastampa-totustuus.it\\\/cattolica\\\/#\\\/schema\\\/person\\\/08f319d2bd1a0904ad9e2bfb7b15e5c3\",\"name\":\"Redazione\",\"image\":{\"@type\":\"ImageObject\",\"inLanguage\":\"it-IT\",\"@id\":\"https:\\\/\\\/secure.gravatar.com\\\/avatar\\\/2fcdf27c78ea025fbdb44e914cc63c72249ffec9dc8aafd5c82b26240ef3f346?s=96&d=mm&r=g\",\"url\":\"https:\\\/\\\/secure.gravatar.com\\\/avatar\\\/2fcdf27c78ea025fbdb44e914cc63c72249ffec9dc8aafd5c82b26240ef3f346?s=96&d=mm&r=g\",\"contentUrl\":\"https:\\\/\\\/secure.gravatar.com\\\/avatar\\\/2fcdf27c78ea025fbdb44e914cc63c72249ffec9dc8aafd5c82b26240ef3f346?s=96&d=mm&r=g\",\"caption\":\"Redazione\"},\"url\":\"https:\\\/\\\/www.rassegnastampa-totustuus.it\\\/cattolica\\\/author\\\/pietroelle\\\/\"}]}<\/script>\n<!-- \/ Yoast SEO plugin. -->","yoast_head_json":{"title":"Apologia del medioevo cristiano - Rassegna Stampa Cattolica","description":"Rassegna Stampa Cattolica - Per una cultura che nasce dalla Rivelazione cristiana in conformit\u00e0 alla tradizione e al Magistero della Chiesa in opposizione ad ogni relativismo e totalitarismo","robots":{"index":"index","follow":"follow","max-snippet":"max-snippet:-1","max-image-preview":"max-image-preview:large","max-video-preview":"max-video-preview:-1"},"canonical":"https:\/\/www.rassegnastampa-totustuus.it\/cattolica\/apologia-del-medioevo-cristiano\/","og_locale":"it_IT","og_type":"article","og_title":"Apologia del medioevo cristiano - Rassegna Stampa Cattolica","og_description":"Rassegna Stampa Cattolica - Per una cultura che nasce dalla Rivelazione cristiana in conformit\u00e0 alla tradizione e al Magistero della Chiesa in opposizione ad ogni relativismo e totalitarismo","og_url":"https:\/\/www.rassegnastampa-totustuus.it\/cattolica\/apologia-del-medioevo-cristiano\/","og_site_name":"Rassegna Stampa Cattolica","article_publisher":"https:\/\/www.facebook.com\/rassegnastampacattolica","article_published_time":"2005-09-04T22:00:00+00:00","article_modified_time":"2015-11-06T12:01:12+00:00","og_image":[{"width":234,"height":215,"url":"https:\/\/www.rassegnastampa-totustuus.it\/cattolica\/wp-content\/uploads\/2005\/09\/monache.jpg","type":"image\/jpeg"}],"author":"Redazione","twitter_card":"summary_large_image","twitter_creator":"@rassegnastampa9","twitter_site":"@rassegnastampa9","twitter_misc":{"Scritto da":"Redazione","Tempo di lettura stimato":"7 minuti"},"schema":{"@context":"https:\/\/schema.org","@graph":[{"@type":"Article","@id":"https:\/\/www.rassegnastampa-totustuus.it\/cattolica\/apologia-del-medioevo-cristiano\/#article","isPartOf":{"@id":"https:\/\/www.rassegnastampa-totustuus.it\/cattolica\/apologia-del-medioevo-cristiano\/"},"author":{"name":"Redazione","@id":"https:\/\/www.rassegnastampa-totustuus.it\/cattolica\/#\/schema\/person\/08f319d2bd1a0904ad9e2bfb7b15e5c3"},"headline":"Apologia del medioevo cristiano","datePublished":"2005-09-04T22:00:00+00:00","dateModified":"2015-11-06T12:01:12+00:00","mainEntityOfPage":{"@id":"https:\/\/www.rassegnastampa-totustuus.it\/cattolica\/apologia-del-medioevo-cristiano\/"},"wordCount":1338,"publisher":{"@id":"https:\/\/www.rassegnastampa-totustuus.it\/cattolica\/#organization"},"image":{"@id":"https:\/\/www.rassegnastampa-totustuus.it\/cattolica\/apologia-del-medioevo-cristiano\/#primaryimage"},"thumbnailUrl":"https:\/\/www.rassegnastampa-totustuus.it\/cattolica\/wp-content\/uploads\/2005\/09\/monache.jpg","keywords":["medioevo"],"articleSection":["Medioevo","Storia"],"inLanguage":"it-IT"},{"@type":"WebPage","@id":"https:\/\/www.rassegnastampa-totustuus.it\/cattolica\/apologia-del-medioevo-cristiano\/","url":"https:\/\/www.rassegnastampa-totustuus.it\/cattolica\/apologia-del-medioevo-cristiano\/","name":"Apologia del medioevo cristiano - Rassegna Stampa Cattolica","isPartOf":{"@id":"https:\/\/www.rassegnastampa-totustuus.it\/cattolica\/#website"},"primaryImageOfPage":{"@id":"https:\/\/www.rassegnastampa-totustuus.it\/cattolica\/apologia-del-medioevo-cristiano\/#primaryimage"},"image":{"@id":"https:\/\/www.rassegnastampa-totustuus.it\/cattolica\/apologia-del-medioevo-cristiano\/#primaryimage"},"thumbnailUrl":"https:\/\/www.rassegnastampa-totustuus.it\/cattolica\/wp-content\/uploads\/2005\/09\/monache.jpg","datePublished":"2005-09-04T22:00:00+00:00","dateModified":"2015-11-06T12:01:12+00:00","description":"Rassegna Stampa Cattolica - Per una cultura che nasce dalla Rivelazione cristiana in conformit\u00e0 alla tradizione e al Magistero della Chiesa in opposizione ad ogni relativismo e totalitarismo","breadcrumb":{"@id":"https:\/\/www.rassegnastampa-totustuus.it\/cattolica\/apologia-del-medioevo-cristiano\/#breadcrumb"},"inLanguage":"it-IT","potentialAction":[{"@type":"ReadAction","target":["https:\/\/www.rassegnastampa-totustuus.it\/cattolica\/apologia-del-medioevo-cristiano\/"]}]},{"@type":"ImageObject","inLanguage":"it-IT","@id":"https:\/\/www.rassegnastampa-totustuus.it\/cattolica\/apologia-del-medioevo-cristiano\/#primaryimage","url":"https:\/\/www.rassegnastampa-totustuus.it\/cattolica\/wp-content\/uploads\/2005\/09\/monache.jpg","contentUrl":"https:\/\/www.rassegnastampa-totustuus.it\/cattolica\/wp-content\/uploads\/2005\/09\/monache.jpg","width":234,"height":215},{"@type":"BreadcrumbList","@id":"https:\/\/www.rassegnastampa-totustuus.it\/cattolica\/apologia-del-medioevo-cristiano\/#breadcrumb","itemListElement":[{"@type":"ListItem","position":1,"name":"Home","item":"https:\/\/www.rassegnastampa-totustuus.it\/cattolica\/"},{"@type":"ListItem","position":2,"name":"Apologia del medioevo cristiano"}]},{"@type":"WebSite","@id":"https:\/\/www.rassegnastampa-totustuus.it\/cattolica\/#website","url":"https:\/\/www.rassegnastampa-totustuus.it\/cattolica\/","name":"Rassegna Stampa Cattolica","description":"Per una cultura che nasce dalla Rivelazione cristiana in conformit\u00e0 alla tradizione e al Magistero della Chiesa in opposizione ad ogni relativismo e totalitarismo","publisher":{"@id":"https:\/\/www.rassegnastampa-totustuus.it\/cattolica\/#organization"},"alternateName":"Rass. Cattolica","potentialAction":[{"@type":"SearchAction","target":{"@type":"EntryPoint","urlTemplate":"https:\/\/www.rassegnastampa-totustuus.it\/cattolica\/?s={search_term_string}"},"query-input":{"@type":"PropertyValueSpecification","valueRequired":true,"valueName":"search_term_string"}}],"inLanguage":"it-IT"},{"@type":"Organization","@id":"https:\/\/www.rassegnastampa-totustuus.it\/cattolica\/#organization","name":"Rassegna Stampa Cattolica","url":"https:\/\/www.rassegnastampa-totustuus.it\/cattolica\/","logo":{"@type":"ImageObject","inLanguage":"it-IT","@id":"https:\/\/www.rassegnastampa-totustuus.it\/cattolica\/#\/schema\/logo\/image\/","url":"https:\/\/www.rassegnastampa-totustuus.it\/cattolica\/wp-content\/uploads\/2014\/04\/logo-rassegna1.gif","contentUrl":"https:\/\/www.rassegnastampa-totustuus.it\/cattolica\/wp-content\/uploads\/2014\/04\/logo-rassegna1.gif","width":600,"height":163,"caption":"Rassegna Stampa Cattolica"},"image":{"@id":"https:\/\/www.rassegnastampa-totustuus.it\/cattolica\/#\/schema\/logo\/image\/"},"sameAs":["https:\/\/www.facebook.com\/rassegnastampacattolica","https:\/\/x.com\/rassegnastampa9"]},{"@type":"Person","@id":"https:\/\/www.rassegnastampa-totustuus.it\/cattolica\/#\/schema\/person\/08f319d2bd1a0904ad9e2bfb7b15e5c3","name":"Redazione","image":{"@type":"ImageObject","inLanguage":"it-IT","@id":"https:\/\/secure.gravatar.com\/avatar\/2fcdf27c78ea025fbdb44e914cc63c72249ffec9dc8aafd5c82b26240ef3f346?s=96&d=mm&r=g","url":"https:\/\/secure.gravatar.com\/avatar\/2fcdf27c78ea025fbdb44e914cc63c72249ffec9dc8aafd5c82b26240ef3f346?s=96&d=mm&r=g","contentUrl":"https:\/\/secure.gravatar.com\/avatar\/2fcdf27c78ea025fbdb44e914cc63c72249ffec9dc8aafd5c82b26240ef3f346?s=96&d=mm&r=g","caption":"Redazione"},"url":"https:\/\/www.rassegnastampa-totustuus.it\/cattolica\/author\/pietroelle\/"}]}},"_links":{"self":[{"href":"https:\/\/www.rassegnastampa-totustuus.it\/cattolica\/wp-json\/wp\/v2\/posts\/1277","targetHints":{"allow":["GET"]}}],"collection":[{"href":"https:\/\/www.rassegnastampa-totustuus.it\/cattolica\/wp-json\/wp\/v2\/posts"}],"about":[{"href":"https:\/\/www.rassegnastampa-totustuus.it\/cattolica\/wp-json\/wp\/v2\/types\/post"}],"author":[{"embeddable":true,"href":"https:\/\/www.rassegnastampa-totustuus.it\/cattolica\/wp-json\/wp\/v2\/users\/6"}],"replies":[{"embeddable":true,"href":"https:\/\/www.rassegnastampa-totustuus.it\/cattolica\/wp-json\/wp\/v2\/comments?post=1277"}],"version-history":[{"count":4,"href":"https:\/\/www.rassegnastampa-totustuus.it\/cattolica\/wp-json\/wp\/v2\/posts\/1277\/revisions"}],"predecessor-version":[{"id":27179,"href":"https:\/\/www.rassegnastampa-totustuus.it\/cattolica\/wp-json\/wp\/v2\/posts\/1277\/revisions\/27179"}],"wp:featuredmedia":[{"embeddable":true,"href":"https:\/\/www.rassegnastampa-totustuus.it\/cattolica\/wp-json\/wp\/v2\/media\/27178"}],"wp:attachment":[{"href":"https:\/\/www.rassegnastampa-totustuus.it\/cattolica\/wp-json\/wp\/v2\/media?parent=1277"}],"wp:term":[{"taxonomy":"category","embeddable":true,"href":"https:\/\/www.rassegnastampa-totustuus.it\/cattolica\/wp-json\/wp\/v2\/categories?post=1277"},{"taxonomy":"post_tag","embeddable":true,"href":"https:\/\/www.rassegnastampa-totustuus.it\/cattolica\/wp-json\/wp\/v2\/tags?post=1277"}],"curies":[{"name":"wp","href":"https:\/\/api.w.org\/{rel}","templated":true}]}}