{"id":1275,"date":"2005-09-05T00:00:00","date_gmt":"2005-09-04T22:00:00","guid":{"rendered":""},"modified":"2021-07-10T17:09:09","modified_gmt":"2021-07-10T15:09:09","slug":"cristoforo-colombo-lespansione-europea-e-la-scoperta-dellamerica","status":"publish","type":"post","link":"https:\/\/www.rassegnastampa-totustuus.it\/cattolica\/cristoforo-colombo-lespansione-europea-e-la-scoperta-dellamerica\/","title":{"rendered":"Cristoforo Colombo l\u2019espansione europea e la scoperta dell\u2019America (*)"},"content":{"rendered":"<div style=\"text-align: center;\"><a href=\"https:\/\/www.rassegnastampa-totustuus.it\/cattolica\/wp-content\/uploads\/2005\/09\/caravelle.jpg\"><img loading=\"lazy\" decoding=\"async\" class=\"alignleft wp-image-29919\" src=\"https:\/\/www.rassegnastampa-totustuus.it\/cattolica\/wp-content\/uploads\/2005\/09\/caravelle.jpg\" alt=\"caravelle\" width=\"307\" height=\"205\" \/><\/a><span style=\"color: #000000;\">Tratto da: <strong><em>Processi alla Chiesa. Mistificazione e apologia<\/em><\/strong>,<\/span><\/div>\n<div style=\"text-align: center;\"><span style=\"color: #000000;\">Piemme, Casale Mon.to 1994, p.259.<\/span><\/div>\n<p style=\"text-align: center;\"><span style=\"color: #000000;\">di <strong>Marco Tangheroni<\/strong><\/span><\/p>\n<p style=\"text-align: justify;\"><span style=\"color: #000000;\"><em>\u00abSiamo riuniti di fronte a questo Faro di Colombo, che con la sua forma a forma di croce vuole simbolizzare la Croce di Cristo piantata su questa terra nel 1492 Con esso si \u00e8 voluto anche rendere omaggio al grande Ammiraglio che lasci\u00f2 scritto quale sua volont\u00e0: &#8220;mettete croci in tutte le vie e i sentieri, affinch\u00e9 Dio li benedica&#8221;\u00bb<\/em><\/span><\/p>\n<p style=\"text-align: right;\"><span style=\"color: #000000;\">(Giovanni Paolo II)<\/span><\/p>\n<p><span style=\"color: #000000;\"><!--more--><\/span><\/p>\n<p style=\"text-align: justify;\"><span style=\"color: #000000;\">\u00abGosso, pi\u00f9 di quanto ne avessero avuto in tutto il viaggio. Videro procellarie e un giunco verde presso la nave&#8230; Dopo il tramonto del sole, torn\u00f2 alla sua primitiva rotta verso Ovest. Saranno andati a 12 miglia all&#8217;ora e fino alle ore 2 dopo mezzanotte avranno percorso 22 leghe e mezzo. E poich\u00e9 la caravella Pinta era meglio dotata di velatura e andava dinanzi all&#8217;Ammiraglio, trov\u00f2 terra e fece i segnali che l&#8217;Ammiraglio aveva ordinato&#8230; Ammainarono tutte le vele e rimasero con il trevo, che \u00e8 la vela <a style=\"color: #000000;\" href=\"https:\/\/www.rassegnastampa-totustuus.it\/cattolica\/wp-content\/uploads\/2005\/08\/Colombo_America.jpg\"><img loading=\"lazy\" decoding=\"async\" class=\" wp-image-28078 alignright\" src=\"https:\/\/www.rassegnastampa-totustuus.it\/cattolica\/wp-content\/uploads\/2005\/08\/Colombo_America.jpg\" alt=\"\" width=\"341\" height=\"227\" \/><\/a>grande, senza coltellacci, e si posero in panna, temporeggiando fino al far del giorno successivo, venerd\u00ec, quando arrivarono ad un&#8217;isoletta dei Lucayos, che si chiamava nella lingua degli indiani <em>Guanaban\u00ec.<\/em> Subito videro gente ignuda e l&#8217;Ammiraglio scese a terra sulla barca armata e Martino Alonso Pinz\u00f3n e Vicente Anes, suo fratello, che era capitano della Ni\u00f1a. L&#8217;Ammiraglio spieg\u00f2 la bandiera reale e i capitani avevano le due bandiere della croce verde, che l&#8217;Ammiraglio alzava come insegna in tutte le navi, con una F ed una Y ed in cima ad ogni lettera una corona, una da un lato della croce e l&#8217;altra dall&#8217;altro\u00bb.<\/span><\/p>\n<p style=\"text-align: justify;\"><span style=\"color: #000000;\">Queste &#8211; ovviamente tradotte dal castigliano &#8211; sono le parole del Diario di bordo di Colombo, pervenutoci soltanto nella riduzione del padre Las Casas, relative allo straordinario evento compiutosi il 12 ottobre del 1492, la scoperta dell&#8217;America. Un evento di straordinaria importanza storica che, insieme all&#8217;espansione portoghese verso l&#8217;Oriente (pochi anni prima Bartolomeo Diaz aveva doppiato il capo di Buona Speranza e pochi anni dopo anni dopo Vasco da Gama raggiunger\u00e0 il subcontinente indiano), apr\u00ec la via alla planetarizzazione del mondo.<\/span><\/p>\n<p style=\"text-align: justify;\"><span style=\"color: #000000;\"><a style=\"color: #000000;\" href=\"https:\/\/www.rassegnastampa-totustuus.it\/cattolica\/wp-content\/uploads\/2016\/01\/Colombo_indios.jpg\"><img loading=\"lazy\" decoding=\"async\" class=\" wp-image-29980 alignleft\" src=\"https:\/\/www.rassegnastampa-totustuus.it\/cattolica\/wp-content\/uploads\/2016\/01\/Colombo_indios.jpg\" alt=\"\" width=\"313\" height=\"239\" \/><\/a>Per quanto nei manuali di storia in uso nelle scuole superiori siano di solito ormai pochissime le pagine dedicate a questo tema, la sua importanza storica difficilmente potrebbe essere sopravvalutata: crediamo che in realt\u00e0 non si ingannasse Lopez de G\u00f3mara, quando, con comprensibile esaltazione per la nascita della Nuova Spagna, una settantina di anni dopo lo sbarco a San Salvador scrisse che l&#8217;avvenimento era stato il pi\u00f9 grande e importante nella storia del mondo dopo l&#8217;incarnazione di Nostro Signor Ges\u00f9 Cristo.<\/span><\/p>\n<p style=\"text-align: justify;\"><span style=\"color: #000000;\">La nostra epoca, immersa nella mediocrit\u00e0, mal riesce a sopportare, anche nelle valutazioni storiche, la grandezza di avvenimenti e di persone, tutto annegando nel sociologismo, nell&#8217;economicismo, nella storia della lunga durata o del rispettivo quotidiano. E di grande \u00abavvenimento\u00bb, come di \u00abgrande ammiraglio\u00bb, ha parlato pi\u00f9 volte, in occasione del Quinto Centenario del <em>Descubrirniento, <\/em>anche il papa Giovanni Paolo II.<\/span><\/p>\n<p style=\"text-align: justify;\"><span style=\"color: #000000;\"><a style=\"color: #000000;\" href=\"https:\/\/www.rassegnastampa-totustuus.it\/cattolica\/wp-content\/uploads\/2005\/09\/Cristoforo-Colombo.jpg\"><img loading=\"lazy\" decoding=\"async\" class=\" wp-image-13716 alignright\" src=\"https:\/\/www.rassegnastampa-totustuus.it\/cattolica\/wp-content\/uploads\/2005\/09\/Cristoforo-Colombo.jpg\" alt=\"\" width=\"205\" height=\"300\" \/><\/a>In occasione di questa ricorrenza abbiamo assistito al diffondersi e quasi al prevalere, nei mass media, di un clima culturale e propagandistico che, gi\u00e0 delineatosi negli anni precedenti, \u00e8 venuto precisandosi e chiarendosi; abbiamo assistito ad una diffusa e imponente campagna contro la scoperta, la conquista, l&#8217;evangelizzazione e, attraverso queste polemiche, contro il passato e il presente della Chiesa cattolica, contro la Civilt\u00e0 Cristiana e contro quei paesi, soprattutto la Spagna che, in quei secoli, ne furono sostegno ed espressione.<\/span><\/p>\n<p style=\"text-align: justify;\"><span style=\"color: #000000;\">Un&#8217;orchestra &#8211; per usare il termine impiegato da Vladimir Volkoff nel <em>Montaggio<\/em> &#8211; composta da vari strumentisti. Un primo gruppo, esiguo ma strumentalizzabile, \u00e8 costituito dai cosiddetti indianisti che, sulla base di un&#8217;immagine assolutamente falsa delle culture precolombiane, propongono un ritorno ad una \u00abconcezione collettivista&#8230; e comunitaria del continente, basata sulla filosofia dell&#8217;uguaglianza\u00bb, l&#8217;espulsione dei missionari e di ogni organizzazione di assistenza e la guerra ai servi dell&#8217;imperalismo, discendenti dei conquistatori protagonisti della \u00abbarbara irruzione dell&#8217;Europa\u00bb, in nome di un confuso millenarismo incaico presente anche nell&#8217;ideologia marxista-leninista di Sendero Luminoso. Ci\u00f2 in una comprensibile consonanza con Fidel Castro che si \u00e8 proclamato \u00abindigeno americano onorario\u00bb.<\/span><\/p>\n<p style=\"text-align: justify;\"><span style=\"color: #000000;\"><a style=\"color: #000000;\" href=\"https:\/\/www.rassegnastampa-totustuus.it\/cattolica\/wp-content\/uploads\/2006\/10\/Incas.jpg\"><img loading=\"lazy\" decoding=\"async\" class=\" wp-image-35926 alignleft\" src=\"https:\/\/www.rassegnastampa-totustuus.it\/cattolica\/wp-content\/uploads\/2006\/10\/Incas-300x234.jpg\" alt=\"\" width=\"359\" height=\"280\" \/><\/a>Un secondo gruppo, anch&#8217;esso esiguo ma rumoroso e organizzato, \u00e8 costituito da quei sedicenti cattolici sempre pronti a raccogliere l&#8217;invito alla demolizione della tradizione cattolica, alla fustigazione del passato della Chiesa; ci\u00f2 non senza accettazione pi\u00f9 o meno convinta da pane di pi\u00f9 ampie espressioni della cultura cattolica, abituate a \u00ablasciarsi presentare il conto, spesso truccato, senza discutere\u00bb, per riprendere i termini di Jean Moulin in una conversazione con Vittorio Messori.<\/span><\/p>\n<p style=\"text-align: justify;\"><span style=\"color: #000000;\">Non a caso si \u00e8 parlato, da parte di un autorevole settimanale francese, di un \u00abcomplot m\u00e9diatique\u00bb portato avanti da \u00ab<em>th\u00e9ologiens de la liberation; &#8230;th\u00e9ologiens d&#8217;Europe oppos\u00e9s au credo de leur propre Eglise; groupes de presse: vedettes universitaires viellisantes<\/em>\u00bb e volto ad impedire il viaggio del papa a Santo Domingo.<\/span><\/p>\n<p style=\"text-align: justify;\"><span style=\"color: #000000;\">Ma la parte maggiore nell&#8217;operazione propagandistica hanno avuto i mass media americani, in preoccupante e non causale consonanza con la sempre pi\u00f9 forte penetrazione delle sette di ispirazione protestante nell&#8217;America latina, in completo oblio (quasi, anzi, in una sorta di transfert) delle forme di colonizzazione anglosassone e riformata nell&#8217;America settentrionale.<\/span><\/p>\n<p style=\"text-align: justify;\"><span style=\"color: #000000;\"><a style=\"color: #000000;\" href=\"https:\/\/www.rassegnastampa-totustuus.it\/cattolica\/wp-content\/uploads\/2006\/03\/sessantotto.jpg\"><img loading=\"lazy\" decoding=\"async\" class=\" wp-image-32065 alignright\" src=\"https:\/\/www.rassegnastampa-totustuus.it\/cattolica\/wp-content\/uploads\/2006\/03\/sessantotto.jpg\" alt=\"\" width=\"352\" height=\"249\" \/><\/a>Ci\u00f2 sulla spinta della nuova sinistra Political Correct; \u00abun modo come un altro &#8211; \u00e8 stato giustamente detto da Saverio Vertone &#8211; per alimentare quel blablabla di una certa intelligenza che in tutto il mondo ha ormai perso ogni riferimento ai fatti, alle necessit\u00e0, ai problemi di chi sta certamente male&#8230; [un lasciarsi] cullare dalle parole e dai manierismi intellettuali di chi sta abbastanza bene, e si nutre non solo di buone bistecche e patate ma anche di ignoranza. Poter dare del \u00abfallocratico\u00bb, \u00abeurocentrico\u00bb, \u00absessista\u00bb al povero Colombo&#8230;\u00bb.<\/span><\/p>\n<p style=\"text-align: justify;\"><span style=\"color: #000000;\">Lo sforzo di ristabilire la verit\u00e0 storica &#8211; o, piuttosto, dati i limiti di spazio, di offrire al lettore le linee essenziali di una tale operazione &#8211; si articoler\u00e0, nelle pagine successive, in due parti: la prima dedicata alla figura di Colombo, la seconda alla leggenda nera sulla scoperta e conquista dell&#8217;America latina. Cominciamo col rispondere ad una domanda che viene spesso posta: fu l&#8217;arrivo a <em>Guanahani <\/em>il 12 ottobre 1492, della piccola flotta capitanata da Cristoforo Colombo l&#8217;inizio di una vera scoperta?<\/span><\/p>\n<p style=\"text-align: justify;\"><span style=\"color: #000000;\"><a style=\"color: #000000;\" href=\"https:\/\/www.rassegnastampa-totustuus.it\/cattolica\/wp-content\/uploads\/2006\/07\/Sudamerica.jpg\"><img loading=\"lazy\" decoding=\"async\" class=\" wp-image-29925 alignleft\" src=\"https:\/\/www.rassegnastampa-totustuus.it\/cattolica\/wp-content\/uploads\/2006\/07\/Sudamerica.jpg\" alt=\"\" width=\"314\" height=\"228\" \/><\/a>Nel <em>Dizionario Italiano Ragionato <\/em>leggiamo la seguente definizione del termine scoperta: \u00abL&#8217;esplorazione e rivelazione agli uomini di nuove parti della Terra. La rivelazione, per opera della scienza, di nuovi fenomeni, di nuove specie biologiche, di nuovi corpi celesti\u00bb. Dunque esplorare, cio\u00e8 \u00abcercare di scoprire, di svelare, di conoscere\u00bb; e rivelare, dal latino <em>revelare=<\/em>togliere il velo, svelare; e, ancora, rivelare agli uomini, cio\u00e8 fare partecipi gli altri, tutti gli altri.<\/span><\/p>\n<p style=\"text-align: justify;\"><span style=\"color: #000000;\">Gi\u00e0 da questa definizione si comprende subito che solo una volont\u00e0 ideologica e mistificatoria pu\u00f2 portare a voler sostituire il termine incontro a quello di scoperta. Infatti, l&#8217;incontro, anche a volere prescindere dalle pur corrette considerazioni del professor Alberto Caturelli sul fatto che gli incontri avvengono tra persone e non tra culture o popoli considerati come una totalit\u00e0, presuppone una casualit\u00e0 dell&#8217;imbattersi e una sorta di parit\u00e0 nel valore del movimento dei protagonisti.<\/span><\/p>\n<p style=\"text-align: justify;\"><span style=\"color: #000000;\">Ora questo non \u00e8 certo il caso di cui ci stiamo occupando, nel quale una cultura superiore si muove per esplorare e scoprire nuove terre, mentre l&#8217;altra, in questa prima fase, nulla apporta di suo. Dove su questa superiorit\u00e0 di una civilt\u00e0 almeno sul piano tecnologico anche i pi\u00f9 accaniti sostenitori dell&#8217;uguaglianza di tutte le civilt\u00e0, anche coloro per cui, come diceva Sciacca, il \u00abcotto\u00bb dell&#8217;antropofago ha lo stesso valore della Divina Commedia, non possono non convenire per l&#8217;evidenza dei fatti.<\/span><\/p>\n<p style=\"text-align: justify;\"><span style=\"color: #000000;\"><a style=\"color: #000000;\" href=\"https:\/\/www.rassegnastampa-totustuus.it\/cattolica\/wp-content\/uploads\/2019\/07\/missionari_Amazzonia_indios-2.jpg\"><img loading=\"lazy\" decoding=\"async\" class=\" wp-image-43678 alignright\" src=\"https:\/\/www.rassegnastampa-totustuus.it\/cattolica\/wp-content\/uploads\/2019\/07\/missionari_Amazzonia_indios-2.jpg\" alt=\"\" width=\"347\" height=\"211\" \/><\/a>La definizione, inoltre, permette di comprendere bene la differenza tra <em>il descubrimiento <\/em>e il quasi certo arrivo di un gruppo di Vikinghi nell&#8217;America settentrionale, tra la foce del San Lorenzo e l&#8217;attuale Massachusets, verso la fine del X secolo, sulla scia degli insediamenti in Groenlandia, la \u00abterra verde\u00bb, come intorno al 1000 poteva apparire.<\/span><\/p>\n<p style=\"text-align: justify;\"><span style=\"color: #000000;\">Un nucleo insediativo debole e scomparso abbastanza rapidamente, prima ancora che la fine della fase calda del clima provocasse una nuova avanzata dei ghiacci vaganti e un abbandono della stessa Groenlandia a partire dal XIV secolo, con la fine, anche, della navigazione delle rotte marittime scandinave dei mari pi\u00f9 settentrionali.<\/span><\/p>\n<p style=\"text-align: justify;\"><span style=\"color: #000000;\"><a style=\"color: #000000;\" href=\"https:\/\/www.rassegnastampa-totustuus.it\/cattolica\/wp-content\/uploads\/2005\/09\/vichinghi.jpg\"><img loading=\"lazy\" decoding=\"async\" class=\" wp-image-47534 alignleft\" src=\"https:\/\/www.rassegnastampa-totustuus.it\/cattolica\/wp-content\/uploads\/2005\/09\/vichinghi.jpg\" alt=\"\" width=\"354\" height=\"235\" \/><\/a>Mi pare di potere dire che, nei limiti, ristretti, e comunque impropri per mancanza di sistematica esplorazione, di chiara consapevolezza e rivelazione ad altri, entro cui il termine \u00abscoperta\u00bb, con forzatura semantica, potrebbe essere impiegato per le navigazioni vikinghe, in ogni caso ci\u00f2 che fu Scoperto cadde poi nell&#8217;oblio, venne, insomma, ri-coperto, nuovamente velato.<\/span><\/p>\n<p style=\"text-align: justify;\"><span style=\"color: #000000;\">Lasciamo pure, dunque, all&#8217;acidit\u00e0 degli storici anglosassoni, che non si rassegnano al fatto che l&#8217;America sia stata scoperta da un latino e da un cattolico, i giudizi riduttivi sulla portata dell&#8217;avvenimento del 12 ottobre 1492, ed in conseguenza del significato storico di Cristoforo Colombo, del tipo di quello del \u00abkennediano\u00bb Arthur Schlesinger jr: \u00abGli italo-americani mostrano un interesse particolare per il primo italiano a fare fortuna nell&#8217;emisfero occidentale. Ma alcuni scettici dicono che, quando salp\u00f2, non sapeva dove stesse andando; quando arriv\u00f2, non sapeva dove fosse; quando torn\u00f2 non sapeva dove fosse stato\u00bb.<\/span><\/p>\n<p style=\"text-align: justify;\"><span style=\"color: #000000;\">La stessa volont\u00e0 di sminuire l&#8217;importanza della scoperta fu alla base della decisione (da Caturelli qualificata giustamente come ridicola) del presidente Johnson di proclamare il giorno 9 ottobre giorno di Leif figlio di Erik vero anniversario della scoperta dell&#8217;America, sulla base di uno dei frequenti falsi ritrovamenti archeologici. Senza la ferma volont\u00e0 dell&#8217;Ammiraglio genovese, e senza l&#8217;appoggio della regina Isabella, il Nuovo Mondo non sarebbe stato scoperto in quel modo e in quel momento; come dubitare, allora, dell&#8217;importanza dell&#8217;avvenimento e dei suoi protagonisti?<\/span><\/p>\n<p style=\"text-align: justify;\"><span style=\"color: #000000;\"><a style=\"color: #000000;\" href=\"https:\/\/www.rassegnastampa-totustuus.it\/cattolica\/wp-content\/uploads\/2005\/09\/Genova_stemma_Italia.jpg\"><img loading=\"lazy\" decoding=\"async\" class=\" wp-image-47535 alignright\" src=\"https:\/\/www.rassegnastampa-totustuus.it\/cattolica\/wp-content\/uploads\/2005\/09\/Genova_stemma_Italia.jpg\" alt=\"\" width=\"322\" height=\"260\" \/><\/a>Si noti che abbiamo scritto senza esitazioni \u00abammiraglio genovese\u00bb. Infatti, bisogna ribadire, contro le fantasie di pseudoeruditi locali, che Colombo non fu n\u00e9 francese, n\u00e9 corso, n\u00e9 catalano, n\u00e9 galiziano, n\u00e9 portoghese o greco o inglese o tedesco. E non fu nemmeno ebreo, come hanno anche in anni recenti sostenuto scrittori come Salvador de Madariaga o Simon Wiesenthal, in cui argomenti non meritano per la loro debolezza di essere qui confutati, anche se hanno avuto editori a grande diffusione e una certa eco fin nei film a fumetti.<\/span><\/p>\n<p style=\"text-align: justify;\"><span style=\"color: #000000;\">Il lettore meno avvertito di questi pu\u00f2 anche essere indotto in una certa confusione dal metodo, seguito dai loro autori, di accumulare una gran quantit\u00e0 di presunti indizi. In realt\u00e0, secondo un corretto metodo storico, l&#8217;accumulo di prove, ciascuna delle quali, considerate in s\u00e9, \u00e8 di nessun fondamento e basata su asserzioni tanto assurde quanto formulate con impudente baldanza, anzich\u00e9 dare alla tesi una qualche solidit\u00e0, ne dimostra pi\u00f9 ampiamente l\u2019incoscienza; ma, appunto, occorre essere avvertiti. Basti qui riportare i severi giudizi di storici come Jacques Heers (\u00abL&#8217;affermazione lascia alquanto sbalorditi\u00bb) o i Bennassar (\u00abLa tesi&#8230; non si appoggia su nessun argomento serio&#8230; Bisogna avere letto molto male i testi dello Scopritore per tirare fuori una simile teoria\u00bb).<\/span><\/p>\n<p style=\"text-align: justify;\"><span style=\"color: #000000;\"><a style=\"color: #000000;\" href=\"https:\/\/www.rassegnastampa-totustuus.it\/cattolica\/wp-content\/uploads\/2005\/09\/Cristoforo_Colombo.jpg\"><img loading=\"lazy\" decoding=\"async\" class=\" wp-image-47536 alignleft\" src=\"https:\/\/www.rassegnastampa-totustuus.it\/cattolica\/wp-content\/uploads\/2005\/09\/Cristoforo_Colombo.jpg\" alt=\"\" width=\"240\" height=\"330\" \/><\/a>E, ormai, le ricerche di archivio hanno permesso di ricostruire la storia della famiglia di Cristoforo, originaria dell&#8217;Appennino ligure, e di mettere a fuoco la figura del padre Domenico, il quale, oltre ad esercitare la professione di tessitore, fu anche guardiano della porta dell&#8217;Olivella ed era legato al clan familiare dei Fregoso. Naturalmente, non diciamo questo da spirito nazionalistico o da preoccupazioni assurde di purezza razziale, ma dalla consapevolezza che l&#8217;origine ebraica di Colombo porta anche al travisamento della genesi e delle finalit\u00e0 del suo progetto, che, addirittura, nella prospettiva di Wiesenthal sarebbe stato concepito per assicurare agli ebrei iberici una nuova patria in vista della temuta espulsione; perderemmo cos\u00ec non solo l&#8217;utilit\u00e0 delle prime esperienze marinare mediterranee e il senso dei suoi stretti collegamenti con l&#8217;ambiente genovese dell&#8217;Andalusia, ma anche, e soprattutto, la missione evangelizzatrice che l\u2019Ammiraglio attribuiva a se stesso.<\/span><\/p>\n<p style=\"text-align: justify;\"><span style=\"color: #000000;\">Genovese fu dunque, certamente e al di l\u00e0 di ogni ragionevole dubbio, Cristoforo Colombo; genovese e di assoluta formazione e cultura cristiane. Esamineremo oltre i giudizi negativi su Colombo collegati alla condanna pi\u00f9 generale della colonizzazione spagnola. Preme ora, invece, combattere valutazioni positive del navigatore genovese caratterizzate dalla contrapposizione di un Colombo uomo moderno, rappresentante del progresso, in lotta vittoriosa contro l&#8217;opposizione del suo tempo, in particolare della cultura cattolica, ottusa e dogmatica, e della reazionaria monarchia iberica.<\/span><\/p>\n<p style=\"text-align: justify;\"><span style=\"color: #000000;\">Non \u00e8 un caso, per limitarci ad un esempio, peraltro significativo per l&#8217;incidenza che esso avr\u00e0 nell&#8217;immaginario degli spettatori, che questa sia la presentazione del personaggio che caratterizza pesantemente un recente e spettacolare film, in cui Colombo-Depardieu \u00e8 in lotta contro terribili, dogmatici e ignoranti inquisitori e contro un potere monarchico oppressivo e calcolatore, cui alla fine potr\u00e0 sfuggire soltanto grazie al fascino da <em>latin lover <\/em>che egli riesce ad esercitare sulla regina Isabella.<\/span><\/p>\n<p style=\"text-align: justify;\"><span style=\"color: #000000;\"><a style=\"color: #000000;\" href=\"https:\/\/www.rassegnastampa-totustuus.it\/cattolica\/wp-content\/uploads\/2005\/09\/Carta_nautica.jpg\"><img loading=\"lazy\" decoding=\"async\" class=\" wp-image-47538 alignright\" src=\"https:\/\/www.rassegnastampa-totustuus.it\/cattolica\/wp-content\/uploads\/2005\/09\/Carta_nautica-300x141.jpg\" alt=\"\" width=\"379\" height=\"178\" srcset=\"https:\/\/www.rassegnastampa-totustuus.it\/cattolica\/wp-content\/uploads\/2005\/09\/Carta_nautica-300x141.jpg 300w, https:\/\/www.rassegnastampa-totustuus.it\/cattolica\/wp-content\/uploads\/2005\/09\/Carta_nautica.jpg 327w\" sizes=\"auto, (max-width: 379px) 100vw, 379px\" \/><\/a>Per i fatti mi limiter\u00f2 a ricordare che in realt\u00e0 le obiezioni che prima i dotti portoghesi consultati dal re Giovanni II e poi quelli spagnoli, il cui parere fu richiesto dai Re Cattolici, avevano ragione nel bocciare, muovendo proprio da posizioni scientificamente pi\u00f9 valide ed avanzate, la visione cosmografica di Colombo.<\/span><\/p>\n<p style=\"text-align: justify;\"><span style=\"color: #000000;\">Questa, infatti, si basava su due errori che si sommavano a vicenda: un&#8217;errata valutazione della lunghezza della circonferenza terrestre e un esagerata estensione del continente euroasiatico verso oriente. Solo la somma di questi due errori poteva rendere concepibile come effettuabile, con i mezzi di allora, l&#8217;idea di un viaggio in cui ci si proponesse di raggiungere l&#8217;Oriente passando per l&#8217;Occidente. Basti pensare a quello che sarebbe successo alla piccola flotta se, per momentanea paradossale ipotesi, non ci fosse stato, nel mezzo tra l&#8217;Europa e l&#8217;Asia, il continente americano.<\/span><\/p>\n<p style=\"text-align: justify;\"><span style=\"color: #000000;\">Ed anche se si preferisse credere, senza prove e contro l&#8217;impressione che si ricava dalle testimonianze scritte, che in realt\u00e0 Colombo sapeva di sostenere una tesi errata pur di ottenere l&#8217;appoggio dei sovrani cui si rivolgeva, nulla cambierebbe questa congettura circa quel che si \u00e8 appena osservato. Il nodo storico da chiarire \u00e8 semmai quello di spiegare perch\u00e9 i Re Cattolici, nonostante i fondati pareri negativi dei pi\u00f9 qualificati dotti dell&#8217;epoca, decisero di appoggiare l&#8217;impresa, quando, come ricorda nel 1501 lo stesso Colombo nel <em>Memorial de agravios, <\/em>\u00ab<em>ac\u00e1 se decia que esta impresa hera burla<\/em>\u00bb.<\/span><\/p>\n<p style=\"text-align: justify;\"><span style=\"color: #000000;\"><a style=\"color: #000000;\" href=\"https:\/\/www.rassegnastampa-totustuus.it\/cattolica\/wp-content\/uploads\/2019\/11\/reconquista_Spagna_Islam.jpg\"><img loading=\"lazy\" decoding=\"async\" class=\" wp-image-45223 alignleft\" src=\"https:\/\/www.rassegnastampa-totustuus.it\/cattolica\/wp-content\/uploads\/2019\/11\/reconquista_Spagna_Islam-300x225.jpg\" alt=\"\" width=\"348\" height=\"261\" srcset=\"https:\/\/www.rassegnastampa-totustuus.it\/cattolica\/wp-content\/uploads\/2019\/11\/reconquista_Spagna_Islam-300x225.jpg 300w, https:\/\/www.rassegnastampa-totustuus.it\/cattolica\/wp-content\/uploads\/2019\/11\/reconquista_Spagna_Islam-768x576.jpg 768w, https:\/\/www.rassegnastampa-totustuus.it\/cattolica\/wp-content\/uploads\/2019\/11\/reconquista_Spagna_Islam-1024x768.jpg 1024w, https:\/\/www.rassegnastampa-totustuus.it\/cattolica\/wp-content\/uploads\/2019\/11\/reconquista_Spagna_Islam.jpg 1600w\" sizes=\"auto, (max-width: 348px) 100vw, 348px\" \/><\/a>Al di l\u00e0 del sostegno accordato da importanti personaggi, come il Santangel, al navigatore genovese, credo che la soluzione di questo nodo vada ricercata soprattutto nel grande entusiasmo conseguente al compimento della <em>Reconquista <\/em>con la conquista di Granada il 2 gennaio 1492; gli stessi tempi dell&#8217;improvvisa decisione presa da Isabella e Ferdinando lo confermano. Del resto \u00e8 lo stesso Ammiraglio a stabilire questa connessione nel prologo del <em>Diario di Bordo, <\/em>che si apre proprio con il ricordo di essere stato spettatore della conquista di Granada con cui i sovrani avevano \u00abposto fine alla guerra contro i Mori che regnavano in Europa\u00bb.<\/span><\/p>\n<p style=\"text-align: justify;\"><span style=\"color: #000000;\">L&#8217;immagine di un Colombo uomo moderno ed illuminato \u00e8 da fare risalire &#8211; ed \u00e8 notazione non priva di interesse &#8211; alla cultura illuministica e al clima in cui fu celebrato il terzo centenario del suo viaggio alla fine del XVIII secolo. Mentre venivano riproposti e dilatati tutti i luoghi comuni della leggenda nera antispagnola e anticattolica, in quanto, per dirla con i Bennassar, \u00ab<em>l&#8217;Espagne sert de repoussoir aux philosopbes des Lumi\u00e8res<\/em>\u00bb, lui, Colombo, veniva separato dalla conquista, anzi ad essa contrapposto, e presentato come un eroe coraggioso, generoso, tradito dai riprovevoli sviluppi successivi.<\/span><\/p>\n<p style=\"text-align: justify;\"><span style=\"color: #000000;\"><a style=\"color: #000000;\" href=\"https:\/\/www.rassegnastampa-totustuus.it\/cattolica\/wp-content\/uploads\/2010\/10\/crociate.jpg\"><img loading=\"lazy\" decoding=\"async\" class=\" wp-image-44627 alignright\" src=\"https:\/\/www.rassegnastampa-totustuus.it\/cattolica\/wp-content\/uploads\/2010\/10\/crociate.jpg\" alt=\"\" width=\"318\" height=\"227\" \/><\/a>\u00c8 invece assolutamente necessario alla corretta comprensione storica l&#8217;insistenza sulle radici medioevali e cristiane di Colombo, sulle motivazioni religiose che lo animarono, che imbarazzano molti storici moderni, i quali, come ha scritto Jacques Heers, docente di storia medievale alla Sorbona, \u00abse ne parlano, vi vedono un elemento troppo trascurabile per evocarlo in maniera attenta, oppure un semplice pretesto. Molti pensano volentieri che il Genovese parlasse di dovere religioso, di servizio di Cristo e di prospettive di evangelizzazione solo per conciliarsi meglio le buone grazie della regina attraverso una manovra interessata\u00bb.<\/span><\/p>\n<p style=\"text-align: justify;\"><span style=\"color: #000000;\">Ovvero, aggiungiamo, non potendo negare il gran peso reale di queste motivazioni, le considerano come un&#8217;eredit\u00e0 negativa, poi sviluppatasi ai limiti della malattia psichica, nonostante la quale, e non in virt\u00f9 della quale, egli concep\u00ec e realizz\u00f2 i suoi viaggi. Questo non significa che anche altre motivazioni siano alla base dell&#8217;impresa, come la ricerca dell&#8217;oro, l&#8217;ambiziosa ricerca di una nobilitazione personale e della propria famiglia, una talora quasi irritante consapevolezza delle proprie capacit\u00e0.<\/span><\/p>\n<p style=\"text-align: justify;\"><span style=\"color: #000000;\"><a style=\"color: #000000;\" href=\"https:\/\/www.rassegnastampa-totustuus.it\/cattolica\/wp-content\/uploads\/2005\/09\/Colombo_america_indios.jpg\"><img loading=\"lazy\" decoding=\"async\" class=\" wp-image-47540 alignleft\" src=\"https:\/\/www.rassegnastampa-totustuus.it\/cattolica\/wp-content\/uploads\/2005\/09\/Colombo_america_indios.jpg\" alt=\"\" width=\"353\" height=\"236\" \/><\/a>Ma senza un adeguato e decisivo peso alle motivazioni di carattere religioso, noi non potremmo sperare di penetrare la personalit\u00e0 di Colombo, di capirne i gesti, di comprenderne gli scritti. Citiamo ancora una volta Jacques Heers: \u00ab&#8230; lo scopritore del Nuovo Mondo si presenta a noi come un uomo di grande fede, profondamente attaccato alle proprie convinzioni, compenetrato di religiosit\u00e0, accanito nel difendere e nell&#8217;esaltare il cristianesimo ovunque, nel promuovere una riconquista o una conquista contro i nemici di Dio, gli infedeli o i pagani.<\/span><\/p>\n<p style=\"text-align: justify;\"><span style=\"color: #000000;\">\u00c8 perfino il solo tratto della sua personalit\u00e0 che non ammette discussioni, che ci appaia chiaramente, mentre altri, sui quali si \u00e8 tanto e gratuitamente ricamato, ci sfuggono quasi completamente&#8230; Per Colombo ed altri, il viaggio, la peregrinazione, rimaneva, come ai tempi eroici dell&#8217;evangelizzazione dell&#8217;Europa, la virt\u00f9 dei campioni di Dio, di coloro che abbandonano tutto per il suo servizio. Nuovi propagatori della fede, nuovi Crociati, questi capitani di mare e cavalieri di Cristo issano sempre il segno della croce sugli alberi delle loro caravelle\u00bb.<\/span><\/p>\n<p style=\"text-align: justify;\"><span style=\"color: #000000;\"><a style=\"color: #000000;\" href=\"https:\/\/www.rassegnastampa-totustuus.it\/cattolica\/wp-content\/uploads\/2005\/09\/Colombo_diario.jpg\"><img loading=\"lazy\" decoding=\"async\" class=\" wp-image-47541 alignright\" src=\"https:\/\/www.rassegnastampa-totustuus.it\/cattolica\/wp-content\/uploads\/2005\/09\/Colombo_diario.jpg\" alt=\"\" width=\"227\" height=\"345\" \/><\/a>Gli scritti di Colombo giunti fino a noi (purtroppo soltanto una parte del molto che scrisse: alla corte di Carlo V di chi mostrava una tendenza alla grafomania si diceva \u00abscrive come Colombo\u00bb) lasciano soltanto l&#8217;imbarazzo della scelta per la relativa esemplificazione. \u00c8 comunque importante ricordare che questi tratti sono gi\u00e0 ampiamente presenti nel <em>Diario di Bordo <\/em>del primo viaggio per dimostrare che non siamo di fronte ad aspetti emersi soltanto nel periodo in cui, dall&#8217;anno 1500, egli era caduto in disgrazia, anche se \u00e8 vero che proprio allora egli affina il proprio spirito e appare sempre pi\u00f9 incline al misticismo.<\/span><\/p>\n<p style=\"text-align: justify;\"><span style=\"color: #000000;\">Cos\u00ec \u00e8 gi\u00e0 presente la convinzione del carattere provvidenziale del viaggio, accompagnato dal favore divino. Alla data 23 settembre (aveva lasciato le Canarie verso l&#8217;ignoto il 6 settembre) Colombo istituisce un parallelo tra s\u00e9 e Mos\u00e8, commentando l&#8217;improvviso ingrossarsi del mare senza vento: \u00abMolto necessario mi fu il mare grosso, come non fu mai visto prima tranne al tempo degli Ebrei quando fuggirono dall&#8217;Egitto seguendo Mos\u00e8\u00bb.<\/span><\/p>\n<p style=\"text-align: justify;\"><span style=\"color: #000000;\">Il naufragio della Santa Maria nella notte di Natale, in un primo momento attribuito da Colombo all&#8217;indolenza di un mozzo, \u00e8 da lui letto, gi\u00e0 il giorno successivo, come dovuto ad un tradimento degli uomini di Palos: un tradimento, peraltro, voluto da Dio perch\u00e9 egli fondasse, con il legname e le provviste della nave, il primo insediamento cristiano. E nel tradimento di Pinz\u00f2n vede la mano del demonio.<\/span><\/p>\n<p style=\"text-align: justify;\"><span style=\"color: #000000;\"><a style=\"color: #000000;\" href=\"https:\/\/www.rassegnastampa-totustuus.it\/cattolica\/wp-content\/uploads\/2005\/09\/nave_tempesta.jpg\"><img loading=\"lazy\" decoding=\"async\" class=\" wp-image-47542 alignleft\" src=\"https:\/\/www.rassegnastampa-totustuus.it\/cattolica\/wp-content\/uploads\/2005\/09\/nave_tempesta.jpg\" alt=\"\" width=\"363\" height=\"226\" \/><\/a>Quando, nel viaggio di ritorno, deve affrontare presso le Azzorre una spaventosa tempesta, l&#8217;Ammiraglio, sgomento per la sorte degli uomini che aveva convinto a seguirlo, per il timore di non rivedere i figli, per l&#8217;angoscia che il compimento del viaggio rimanesse ignoto ai sovrani, si volge a Dio, prima nella sua coscienza, poi con pubbliche e collettive promesse di pellegrinaggi a Santa Maria di Guadalupe e a Loreto, confortato dal ricordo delle \u00abgrazie che Dio gli aveva fatto, dandogli tanto grande vittoria, permettendogli di scoprire quello che aveva scoperto\u00bb.<\/span><\/p>\n<p style=\"text-align: justify;\"><span style=\"color: #000000;\">Nella lettera al Santangel, probabilmente una copia della pergamena che, nel timore del naufragio, gett\u00f2 in mare avvolta \u00abin un panno incerato, legato molto bene\u00bb e posto dentro \u00abun grande barile di legno\u00bb, Colombo ricorda che tutto il successo suo e dei sovrani era dovuto esclusivamente a quel \u00ab<em>eterno Dios nuestro Se\u00f1or, el cual da a todos aquellos que andar su camino victoria de cosas que parecen imposibles<\/em>\u00bb.<\/span><\/p>\n<p style=\"text-align: justify;\"><span style=\"color: #000000;\">L&#8217;idea di essere stato scelto dalla Provvidenza divina per compiere le antiche profezie \u00e8 alla base delle sue riflessioni negli ultimi anni di vita. Nella lettera ai re del 1501 afferma che al suo viaggio, riuscito grazie a \u00abun miracolo evidentissimo che volle fare Nostro Signore in questo affare del viaggio alle Indie\u00bb, si deve il \u00abpieno compimento di ci\u00f2 che disse Isaia\u00bb.<\/span><\/p>\n<p style=\"text-align: justify;\"><span style=\"color: #000000;\">Da buon medievale il Genovese dava molta importanza ai nomi. E stata notata la cura con cui d\u00e0 i nomi alle isole e ai luoghi che raggiunse con la sua esplorazione in relazione al calendario liturgico, alle solennit\u00e0 ecclesiastiche e ai misteri della fede. Ma soprattutto egli attribuiva un significato simbolico e provvidenziale al proprio nome: Colombo, ad immagine dello Spirito Santo e segno della pace che porta, Cristoforo in quanto \u00abportatore a Cristo\u00bb.<\/span><\/p>\n<p style=\"text-align: justify;\"><span style=\"color: #000000;\">A partire dal 1502 egli non firma pi\u00f9 <em>el Almirante, <\/em>ma con un criptogramma, al quale egli teneva moltissimo e attribuiva grande importanza, alla cui base pone appunto la segnatura <em>C<a style=\"color: #000000;\" href=\"https:\/\/www.rassegnastampa-totustuus.it\/cattolica\/wp-content\/uploads\/2005\/09\/Colombo_firma.jpg\"><img loading=\"lazy\" decoding=\"async\" class=\" wp-image-47543 alignright\" src=\"https:\/\/www.rassegnastampa-totustuus.it\/cattolica\/wp-content\/uploads\/2005\/09\/Colombo_firma.jpg\" alt=\"\" width=\"305\" height=\"254\" \/><\/a>, <\/em>\u00abche porta a Cristo\u00bb. Quanto alle lettere puntate, al di sopra, l&#8217;interpretazione pi\u00f9 recente e fondata vede nelle tre \u00abS\u00bb del triangolo superiore una ripetuta e circolare invocazione allo Spirito Santo, nella \u00abA\u00bb un&#8217;invocazione all&#8217;Altissimo e nelle tre lettere inferiori i nomi <em>Christus; Maria, Yesus. <\/em>La forma generale, del resto, richiama il triangolo trinitario.<\/span><\/p>\n<p style=\"text-align: justify;\"><span style=\"color: #000000;\">Due appaiono, sempre, i pilastri della spiritualit\u00e0 di Colombo: la devozione per Maria e quella per la Santissima Trinit\u00e0. A Maria dedica molti toponimi, come Asunci\u00f3n, Concepci\u00f3n, Anunciaci\u00f3n. Alla Trinit\u00e0 vuole che siano dedicate da parte dei sovrani \u00absolenni grazie&#8230; per l&#8217;accesso che avranno dall&#8217;accesso di tanti popoli alla nostra santa fede\u00bb. Alla Trinit\u00e0 egli attribuisce, nel 1498, all&#8217;inizio dell&#8217;atto di maggiorascato in favore del figlio, l&#8217;idea prima &#8211; \u00ab<em>nos puso en memoria<\/em>\u00bb &#8211; e poi la precisa concezione &#8211; \u00ab<em>perfecta inteligen\u00e7ia<\/em>\u00bb &#8211; della possibilit\u00e0 di passare dalla Spagna alle Indie \u00ab<em>pasando el mar Oc\u00e9ano al Poniente<\/em>\u00bb.<\/span><\/p>\n<p style=\"text-align: justify;\"><span style=\"color: #000000;\">L&#8217;idea della possibilit\u00e0 di condurre i popoli nuovi alla fede cristiana, che abbiamo appena sentito ricordata nella lettera al Santangel, \u00e8 la prima che gli viene in mente di annotare il 12 ottobre: \u00abConobbi che era gente che meglio si salverebbe e si convertirebbe alla nostra santa fede con l&#8217;amore che con la forza\u00bb. I passi del genere sono molto numerosi nel <em>Diario.<br \/>\n<\/em><\/span><br \/>\n<span style=\"color: #000000;\"><a style=\"color: #000000;\" href=\"https:\/\/www.rassegnastampa-totustuus.it\/cattolica\/wp-content\/uploads\/2005\/09\/Colombo_spagna.jpg\"><img loading=\"lazy\" decoding=\"async\" class=\" wp-image-47544 alignleft\" src=\"https:\/\/www.rassegnastampa-totustuus.it\/cattolica\/wp-content\/uploads\/2005\/09\/Colombo_spagna.jpg\" alt=\"\" width=\"375\" height=\"262\" \/><\/a>Il 17 novembre, per esempio, dopo avere sottolineato la necessit\u00e0 di superare la barriera linguistica, scrive: \u00abE poi si raccoglieranno i benefici e si lavorer\u00e0 per fare cristiani tutti questi popoli, il che agevolmente si far\u00e0 perch\u00e9 essi non hanno setta alcuna, n\u00e9 sono idolatri\u00bb. Non moltiplicher\u00f2 gli esempi. Ma ancora un riferimento va fatto al tema della Crociata, della liberazione del Santo Sepolcro, della lotta contro i Musulmani: un&#8217;idea fissa, un obiettivo concreto, nella mente di Colombo a partire dal 1500; un aspetto che, evidentemente, non pu\u00f2 che imbarazzare gli interpreti \u00abmodernizzanti\u00bb e \u00ablaicizzanti\u00bb di Colombo.<\/span><\/p>\n<p style=\"text-align: justify;\"><span style=\"color: #000000;\">\u00c8 interessante notare che, contrariamente a quanto si pensava fino a quattro o cinque anni fa, questo tema, se domina, come ho detto, il pensiero dell&#8217;Ammiraglio dopo il terzo viaggio, appare sin dalla lettera indirizzata ai sovrani dopo il primo viaggio gi\u00e0 nel 1493, rinvenuta in un copialettere settecentesco, contenente nove lettere di Colombo, sette delle quali prima ignote, pubblicato nel 1990. Nella prima di esse, appunto, oltre alla richiesta di un cardinalato per il figlio, c&#8217;\u00e8 il calcolo degli Indios che potrebbero essere utilizzati nella crociata da organizzare.<\/span><\/p>\n<p style=\"text-align: justify;\"><span style=\"color: #000000;\"><a style=\"color: #000000;\" href=\"https:\/\/www.rassegnastampa-totustuus.it\/cattolica\/wp-content\/uploads\/2009\/03\/crociati.jpg\"><img loading=\"lazy\" decoding=\"async\" class=\" wp-image-31262 alignright\" src=\"https:\/\/www.rassegnastampa-totustuus.it\/cattolica\/wp-content\/uploads\/2009\/03\/crociati.jpg\" alt=\"\" width=\"348\" height=\"258\" \/><\/a>Nell&#8217;atto di maggiorascato del 1498 l&#8217;Ammiraglio racconta di avere, fin da prima di essersi mosso per il suo viaggio di scoperta, richiesto al re e alla regina che la rendita delle Indie fosse utilizzata per la conquista di Gerusalemme e impone al figlio Diego o ad ogni altro suo erede di utilizzare le entrate che gli spettavano in base agli accordi di Santa F\u00e9 del 1492 di \u00abandare con il Re Nostro Signore, se andr\u00e0 a Gerusalemme a conquistarla, o anche solo, con la maggiore forza possibile\u00bb.<\/span><\/p>\n<p style=\"text-align: justify;\"><span style=\"color: #000000;\">Dopo il 1500 Colombo, caduto in temporanea disgrazia, tanto da essere trasportato in Spagna in catene, peraltro contro la volont\u00e0 di Isabella che lo fece subito liberare, pone mano ad una raccolta, nota come <em>Libro de las Profec\u00edas, <\/em>in cui mise insieme assieme passi della Bibbia, di Padri della Chiesa e della <em>Medea <\/em>di Seneca nei quali egli vedeva l&#8217;annuncio della sua scoperta di nuove terre e dello svelamento dei misteri nascosti dall&#8217;Oceano.<\/span><\/p>\n<p style=\"text-align: justify;\"><span style=\"color: #000000;\">Il suo titolo completo lega insieme il recupero della Citt\u00e0 Santa e la conversione degli Indios: <em>Liber seu manipulus de auctoritatibus, dictis ac sententi\u00ecs et propheti\u00ecs circa materiam recuperande sancte civitatis et montis Dei Syon ac inventionis et conversionis insularum Indie et omnium gentium atque nationum, ad reges nostros Hispanos. <\/em>Nello stesso 1501, in un passaggio di una lunga ed orgogliosa lettera indirizzata ai sovrani citava Gioacchino da Fiore il quale aveva scritto che \u00abdoveva uscire di Spagna chi avrebbe riedificato la casa del monte Sion\u00bb.<\/span><\/p>\n<p style=\"text-align: justify;\"><span style=\"color: #000000;\"><a style=\"color: #000000;\" href=\"https:\/\/www.rassegnastampa-totustuus.it\/cattolica\/wp-content\/uploads\/2005\/09\/mondo_XVI_secolo.jpg\"><img loading=\"lazy\" decoding=\"async\" class=\" wp-image-47547 alignleft\" src=\"https:\/\/www.rassegnastampa-totustuus.it\/cattolica\/wp-content\/uploads\/2005\/09\/mondo_XVI_secolo-300x191.jpg\" alt=\"\" width=\"357\" height=\"227\" srcset=\"https:\/\/www.rassegnastampa-totustuus.it\/cattolica\/wp-content\/uploads\/2005\/09\/mondo_XVI_secolo-300x191.jpg 300w, https:\/\/www.rassegnastampa-totustuus.it\/cattolica\/wp-content\/uploads\/2005\/09\/mondo_XVI_secolo.jpg 693w\" sizes=\"auto, (max-width: 357px) 100vw, 357px\" \/><\/a>Ci par dunque legittimo riproporre qui la definizione data dal Taviani: non santo, ma <em>defensor fidei. <\/em>E sottolineare, riprendendo il titolo di un nostro articolo, le radici medievali e cristiane di Colombo. Nuova, originale e ardita fu dunque l&#8217;impresa di Colombo; ma al tempo stesso dobbiamo vederla inserita nel quadro dell&#8217;espansione europea dei secoli XIII-XVI, una delle grandi fasi della storia universale, peraltro generalmente trascurata tanto nei manuali scolastici quanto nella pratica dell&#8217;insegnamento.<\/span><\/p>\n<p style=\"text-align: justify;\"><span style=\"color: #000000;\">Pure, se consideriamo la situazione della Terra all&#8217;inizio del XIII secolo dobbiamo constatare, con Pierre Chaunu, che l&#8217;occupazione umana di essa era incompleta e discontinua; \u00aboriginatasi certamente da un focolaio unico, la specie umana, vinta dalla distanza, ha dunque vissuto lungo tutto l&#8217;arco interminabile della preistoria, i destini autonomi delle culture e delle civilt\u00e0\u00bb. Vediamo, in rapida successione ed in modo essenziale, le tappe di questa espansione. Nel 1291, lo stesso anno della caduta di San Giovanni d&#8217;Acri, ultimo baluardo crociato in Terrasanta, due fratelli genovesi si avventurano nell&#8217;Atlantico con due galere, <em>ad partes Indie per mare Oceanum; <\/em>precursori di Colombo o di Vasco da Gama?<\/span><\/p>\n<p style=\"text-align: justify;\"><span style=\"color: #000000;\"><a style=\"color: #000000;\" href=\"https:\/\/www.rassegnastampa-totustuus.it\/cattolica\/wp-content\/uploads\/2005\/09\/esplorazioni_XVI_secolo.jpg\"><img loading=\"lazy\" decoding=\"async\" class=\" wp-image-47548 alignright\" src=\"https:\/\/www.rassegnastampa-totustuus.it\/cattolica\/wp-content\/uploads\/2005\/09\/esplorazioni_XVI_secolo.jpg\" alt=\"\" width=\"316\" height=\"237\" \/><\/a>Non lo sappiamo, perch\u00e9 non fecero ritorno. Come, mezzo secolo pi\u00f9 tardi, non far\u00e0 ritorno il maiorchino jaume Ferrer partito nel 1346 per <em>anar al riu de l&#8217;or, <\/em>al di l\u00e0 del Sahara. Ma dalla prima met\u00e0 del XIV secolo si scoprono gli arcipelaghi oceanici: le Canarie, Madera, le Azzorre, che vengono, dopo la scoperta, colonizzate da portoghesi e spagnoli anche se il primo contatto era stato stabilito da un genovese, Lancelotto Malocello. Queste isole segnano i confini di una sorta di \u00abMediterraneo atlantico\u00bb e serviranno poi, egregiamente, da trampolini di lancio per le ulteriori spedizioni.<\/span><\/p>\n<p style=\"text-align: justify;\"><span style=\"color: #000000;\">Il Portogallo, grazie anche all&#8217;opera del principe Enrico il Navigatore, fu il grande protagonista della progressiva scoperta delle coste africane: un&#8217;impresa sistematica e pluridecennale che non casualmente prosegue sullo slancio della conquista di Ceuta nel 1415. Nel 1434 \u00e8 superato capo Bojador, nel 1444 \u00e8 raggiunta la foce del Senegal, tra il 1470 e il 1475 \u00e8 compiuta l&#8217;esplorazione di tutto il golfo di Guinea e dell&#8217;Africa equatoriale: Colombo, come egli stesso ci ricorda in postille apposte a libri di sua propriet\u00e0, durante il periodo in cui visse in Portogallo ebbe modo di navigare fino alla Guinea pochi anni dopo, facendo un&#8217;esperienza fondamentale.<\/span><\/p>\n<p style=\"text-align: justify;\"><span style=\"color: #000000;\"><a style=\"color: #000000;\" href=\"https:\/\/www.rassegnastampa-totustuus.it\/cattolica\/wp-content\/uploads\/2005\/09\/Lisbona.jpg\"><img loading=\"lazy\" decoding=\"async\" class=\" wp-image-47549 alignleft\" src=\"https:\/\/www.rassegnastampa-totustuus.it\/cattolica\/wp-content\/uploads\/2005\/09\/Lisbona.jpg\" alt=\"\" width=\"330\" height=\"247\" \/><\/a>Salito al trono Giovanni II nel 1481 gli sforzi portoghesi riprendono: nel 1486 Diogo Cao raggiunge il 230 grado di latitudine sud; l&#8217;anno successivo parte la spedizione di Bartolomeo Diaz che nella primavera del 1488 supera il capo Tempestoso. com&#8217;egli lo chiam\u00f2, o di Buona Speranza come venne poi denominato per felice volont\u00e0 del re. La via per l&#8217;Asia era ormai aperta e pochi anni dopo la percorrer\u00e0, per primo, Vasco da Gama. Si vede dunque che l&#8217;impresa di Colombo si inseriva in una storia di lunga durata che la precede e la segue.<\/span><\/p>\n<p style=\"text-align: justify;\"><span style=\"color: #000000;\">Il che non le toglie la novit\u00e0, l&#8217;ardimento, la grandezza: ma allontana, questo s\u00ec, eventuali sospetti di casualit\u00e0. Proprio per questo, anzi, possiamo a maggiore ragione definirla vera scoperta. Quest&#8217;espansione europea, per quanto sia giusto ricordarne anche le finalit\u00e0 economiche o i fattori geostorici (primo fra tutti la progressiva chiusura del Mediterraneo orientale a causa dell&#8217;espansione dei Turchi ottomani) e le condizioni tecniche (come i progressi dell&#8217;arte della navigazione), ha bisogno di essere spiegata a livelli pi\u00f9 profondi, anche perch\u00e9 protagonista di essa non \u00e8 una realt\u00e0 di base sovrappopolata in cerca di sbocchi: al contrario, la grande peste del 1348 e le epidemie successive ne avevano brutalmente ridotto la popolazione.<\/span><\/p>\n<p style=\"text-align: justify;\"><span style=\"color: #000000;\">Si calcola che il Portogallo avesse, attorno al 1450, da 700.000 a 800.000 abitanti; la Castiglia, negli stessi anni, doveva contarne ne circa 4 milioni. L&#8217;Europa intera, compresa la Russia, doveva averne allora circa 60 milioni, l&#8217;Africa tra i 60 e i 70, l&#8217;America 80, l&#8217;Asia 200: insomma, la planetarizzazione del mondo fu opera del 15% dell&#8217;umanit\u00e0. In altre parole, per dirla ancora con Pierre Chaunu, \u00abPerch\u00e9 l&#8217;Europa? Perch\u00e9 non la Cina?\u00bb. Quella Cina che pure aveva, e da pi\u00f9 tempo, la tecnologia e le risorse umane per slanciarsi verso l&#8217;esterno.<\/span><\/p>\n<p style=\"text-align: justify;\"><span style=\"color: #000000;\"><a style=\"color: #000000;\" href=\"https:\/\/www.rassegnastampa-totustuus.it\/cattolica\/wp-content\/uploads\/2019\/08\/Europa_medioevo_mappa.jpg\"><img loading=\"lazy\" decoding=\"async\" class=\" wp-image-44141 alignright\" src=\"https:\/\/www.rassegnastampa-totustuus.it\/cattolica\/wp-content\/uploads\/2019\/08\/Europa_medioevo_mappa-300x218.jpg\" alt=\"\" width=\"359\" height=\"261\" srcset=\"https:\/\/www.rassegnastampa-totustuus.it\/cattolica\/wp-content\/uploads\/2019\/08\/Europa_medioevo_mappa-300x218.jpg 300w, https:\/\/www.rassegnastampa-totustuus.it\/cattolica\/wp-content\/uploads\/2019\/08\/Europa_medioevo_mappa-768x558.jpg 768w, https:\/\/www.rassegnastampa-totustuus.it\/cattolica\/wp-content\/uploads\/2019\/08\/Europa_medioevo_mappa-1024x744.jpg 1024w, https:\/\/www.rassegnastampa-totustuus.it\/cattolica\/wp-content\/uploads\/2019\/08\/Europa_medioevo_mappa.jpg 1629w\" sizes=\"auto, (max-width: 359px) 100vw, 359px\" \/><\/a>Sembra impossibile non cercare la spiegazione nell&#8217;essenza cristiana della civilt\u00e0 europea, peraltro capace di fare propria nei suoi aspetti positivi l&#8217;eredit\u00e0 della civilt\u00e0 greco-romana. Forma, nel senso filosofico della parola, della civilt\u00e0 europea medievale era la religione cristiana, cio\u00e8 una religione il cui atteggiamento verso il tempo e la storia sono assolutamente positivi, avendo al suo centro l&#8217;incarnazione del suo Dio (pat\u00ec sotto Ponzio Pilato, cio\u00e8 in un momento e in un luogo precisi).<\/span><\/p>\n<p style=\"text-align: justify;\"><span style=\"color: #000000;\">Pio ricordato come Colombo sentisse di essere stato chiamato a compiere le profezie degli antichi e della Scrittura e \u00aba cielo chiuso\u00bb, su un piano di conoscenza storica e di teologia della storia, dobbiamo riconoscere che egli aveva in un certo senso ragione: effettivamente nel suo viaggio\u00a0 (come momento cruciale di una lunga fase di espansione) si compirono le attese, le \u00abpremonizioni\u00bb come ben dice il Caturelli, dell&#8217;antichit\u00e0 classica e della Cristianit\u00e0 medievale che non conoscevano, ma pre-sentivano l&#8217;esistenza di altre genti e di mondi nuovi.<\/span><\/p>\n<p style=\"text-align: justify;\"><span style=\"color: #000000;\">Nel XV canto dalla Gerusalemme Liberata Torquato Tasso fa ricordare alla Fortuna i segni posti da Ercole e il viaggio di Ulisse: \u00abma quei segni sprezz\u00f2 ch&#8217;egli prescrisse, di veder vago e di saper, Ulisse\u00bb; e le fa poi profetare la realizzazione dell&#8217;impresa da parte di Colombo, nuovo Ulisse: \u00abUn uom della Liguria avr\u00e0 ardimento\/ a l&#8217;incognito corso esporsi in prima;\/ n\u00e9 &#8216;l minaccievol fremito del vento,\/ n\u00e9 l&#8217;inospito mar, n\u00e9 &#8216;l dubbio clima,\/ n\u00e9 s&#8217;altro di periglio o di spavento\/ pi\u00f9 grave e formidabile or si stima,\/ faran che &#8216;l generoso entro a i divieti! d&#8217;Abila angusti l&#8217;alta mente accheti.\/ Tu spegherai, Colombo, a un novo polo! lontane s\u00ec le fortunate antenne,\/ ch&#8217;a pene seguir\u00e0 con gli occhi il volo\/ la fama ch&#8217;ha mille occhi e mille penne\u00bb.<\/span><\/p>\n<p style=\"text-align: justify;\"><span style=\"color: #000000;\"><a style=\"color: #000000;\" href=\"https:\/\/www.rassegnastampa-totustuus.it\/cattolica\/wp-content\/uploads\/2005\/09\/Dante_Inferno_canto_XXVII.jpg\"><img loading=\"lazy\" decoding=\"async\" class=\" wp-image-47550 alignleft\" src=\"https:\/\/www.rassegnastampa-totustuus.it\/cattolica\/wp-content\/uploads\/2005\/09\/Dante_Inferno_canto_XXVII.jpg\" alt=\"\" width=\"290\" height=\"310\" \/><\/a>In questi versi, evidentemente, il Tasso ha presente la figura e le vicende di Ulisse quali erano state narrate nel XXVI canto dell&#8217;Inferno da Dante Alighieri, \u00abonore della Chiesa\u00bb, secondo la bella espressione di Paolo VI. L&#8217;Ulisse di Dante (che non \u00e8 all&#8217;Inferno per questa ragione) \u00e8 spinto al suo ultimo viaggio, al di l\u00e0 dei riguardi posti da Ercole, da una naturale sete di conoscenza; ma il suo viaggio \u00e8, per\u00f2, al tempo stesso un folle volo, perch\u00e9 compiuto senza l&#8217;aiuto della grazia divina, s\u00ec che esso si conclude, come altrui piacque, davanti alla montagna del Purgatorio, non senza aver intravisto una nova terra.<\/span><\/p>\n<p style=\"text-align: justify;\"><span style=\"color: #000000;\">Ulisse \u00e8 cos\u00ec realmente figura di Colombo, e trover\u00e0, quasi due secoli dopo Dante, il suo intervento nel navigatore genovese. Come la civilt\u00e0 antica ebbe nella civilt\u00e0 cristiana del Medioevo, di cui la scoperta di Colombo \u00e8 frutto maturo e quasi ultimo, il suo inveramento. Scrive Franco Cardini: \u00abE stato comunque notato che c&#8217;\u00e8 qualcosa di mistico, di arcano &#8211; qualcuno s\u2019\u00e8 arrischiato a dire di soprannaturale &#8211; in quella scoperta delle coste di San Salvador-Watling: i voli di uccelli, i misteriosi legni lavorati come messaggi dentro oniriche bottiglie, la luce tremula <em>como una candelilla. <\/em>Ma era denso di segni quel 1492.<\/span><\/p>\n<p style=\"text-align: justify;\"><span style=\"color: #000000;\">Come si \u00e8 detto, peraltro, le polemiche che hanno accompagnato la ricorrenza del quinto centenario della scoperta dell&#8217;America non hanno investito soltanto la figura di Colombo ma anche la regina Isabella (la cui causa di beatificazione \u00e8 avversata energicamente) e, pi\u00f9 in generale, tutto il ciclo scoperta-esplorazione-conquista che si apr\u00ec il 12 ottobre del 1993. Tutto il pi\u00f9 stantio armamentario della \u00ableggenda nera\u00bb antispagnola ed anti-cattolica, nata all&#8217;epoca delle guerre di religione e compiutamente formatasi con l&#8217;Illuminismo, \u00e8 stato riproposto.<\/span><\/p>\n<p style=\"text-align: justify;\"><span style=\"color: #000000;\"><a style=\"color: #000000;\" href=\"https:\/\/www.rassegnastampa-totustuus.it\/cattolica\/wp-content\/uploads\/2017\/07\/sacrifici_Atzechi-1.jpg\"><img loading=\"lazy\" decoding=\"async\" class=\" wp-image-38159 alignright\" src=\"https:\/\/www.rassegnastampa-totustuus.it\/cattolica\/wp-content\/uploads\/2017\/07\/sacrifici_Atzechi-1.jpg\" alt=\"\" width=\"329\" height=\"232\" \/><\/a>Ed una parola pi\u00f9 di tutte \u00e8 stata insistentemente ripetuta, un&#8217;accusa \u00e8 stata violentemente formulata: con Colombo ha avuto inizio un genocidio, del quale i <em>conquistadores <\/em>sarebbero stati i crudeli esecutori. Vediamo dunque, rapidamente, le osservazioni fondamentali che si possono muovere a questa <em>leyenda negra. <\/em>Naturalmente con ci\u00f2 non si vuole affermare che siano stati assenti nell&#8217;azione dei colonizzatori iberici episodi e tratti moralmente e umanamente riprovevoli, opponendo cos\u00ec una <em>leyenda rosa <\/em>o <em>blanca <\/em>alle deformazioni della <em>leyenda negra.<br \/>\n<\/em><\/span><br \/>\n<span style=\"color: #000000;\">Per dirla con le parole esatte di Giovanni Paolo II a Santo Domingo, ci furono eccessi <em>di <\/em>conquistatori, e non, come \u00e8 apparso nelle traduzioni italiane, <em>dei <\/em>conquistatori. In primo luogo occorre sfatare il mito che il Nuovo Mondo fosse, all&#8217;arrivo degli Spagnoli, una specie di Paradiso Terrestre, abitato da societ\u00e0 libere e pacifiche. In realt\u00e0 erano stati costruiti, a prezzo di guerre sanguinosissime, regni ed imperi fondati sull&#8217;oppressione di gran parte della popolazione, sulla schiavit\u00f9, sulla pratica dei sacrifici umani. Con tutta la nostra buona volont\u00e0 di conoscitori dell&#8217;antropologia e della necessit\u00e0 di considerare le civilt\u00e0, per cos\u00ec dire, dall&#8217;interno, <em>iuxta propria principia, <\/em>sono questi dati di fatto che non possiamo dimenticare.<\/span><\/p>\n<p style=\"text-align: justify;\"><span style=\"color: #000000;\"><a style=\"color: #000000;\" href=\"https:\/\/www.rassegnastampa-totustuus.it\/cattolica\/wp-content\/uploads\/2019\/07\/Apocalypto_Amazzonia_indios.jpg\"><img loading=\"lazy\" decoding=\"async\" class=\" wp-image-43672 alignleft\" src=\"https:\/\/www.rassegnastampa-totustuus.it\/cattolica\/wp-content\/uploads\/2019\/07\/Apocalypto_Amazzonia_indios.jpg\" alt=\"\" width=\"367\" height=\"206\" \/><\/a>Quando si rimprovera ai colonizzatori europei la distruzione di tesori d&#8217;arte o lo stravolgimento delle strutture sociali preesistenti, perch\u00e9 dimenticare, allora, che queste pratiche erano gi\u00e0 largamente praticate nel continente americano? Giustamente veniva recentemente ricordato dall&#8217;<em>Economist <\/em>che \u00abi rotoli aztechi delle loro conquiste erano decorati con le scene delle distruzioni dei templi dei loro avversari vinti\u00bb e che \u00abgli Inca deportarono intere popolazioni in luoghi lontani e non familiari in una scala fino ad allora sconosciuta\u00bb.<\/span><\/p>\n<p style=\"text-align: justify;\"><span style=\"color: #000000;\">L&#8217;utilizzazione di categorie portate alla comprensione di tutto in un caso (\u00able loro civilt\u00e0 erano cos\u00ec e vanno accettate per quello che erano\u00bb) e la condanna di tutto nell&#8217;altro caso, senza nulla concedere allo spirito dei tempi, dimostrano la malafede culturale di certe posizioni. Si deve invece ricordare che gran parte delle nostre conoscenze sulla civilt\u00e0 amerindia deriva proprio dall&#8217;attenzione con cui gli Europei seppero guardare alle civilt\u00e0 con cui vennero in contatto, s\u00ec che ci pu\u00f2 ben dire che \u00abl&#8217;etnologia scientifica fu inventata nel Messico del XVI secolo\u00bb.<\/span><\/p>\n<p style=\"text-align: justify;\"><span style=\"color: #000000;\"><a style=\"color: #000000;\" href=\"https:\/\/www.rassegnastampa-totustuus.it\/cattolica\/wp-content\/uploads\/2007\/01\/Apocalypto1.jpg\"><img loading=\"lazy\" decoding=\"async\" class=\" wp-image-28271 alignright\" src=\"https:\/\/www.rassegnastampa-totustuus.it\/cattolica\/wp-content\/uploads\/2007\/01\/Apocalypto1.jpg\" alt=\"\" width=\"351\" height=\"236\" \/><\/a>La stessa conoscenza degli episodi di maltrattamento o di crudelt\u00e0 (questi, del resto, avvenuti in genere in risposta ad atti di crudelt\u00e0 degli indios) \u00e8 dovuta alle cronache spagnole e al grande dibattito teologico e filosofico sul diritto naturale che si svolse nel Cinquecento in Spagna; un dibattito che sarebbe erroneo ridurre ai soli Las Casas e Sep\u00f9lveda, in quanto coinvolse la Chiesa, le universit\u00e0 e la corte.<\/span><\/p>\n<p style=\"text-align: justify;\"><span style=\"color: #000000;\">Cos\u00ec raramente vengono ricordate le leggi e i provvedimenti dei sovrani spagnoli, dalla condanna di Isabella della deportazione in Europa di alcuni indigeni alle <em>Nuove leggi <\/em>di Can lo V (1542), le quali \u00absul piano del pensiero segnano&#8230; la vittoria della filosofia scolastica cristiana sull&#8217;umanesimo pagano-rinascimentale, sulle scappatoie offerte dalla categoria greco-aristotelica applicata agli Indi, servi per natura\u00bb (Chaunu).<\/span><\/p>\n<p style=\"text-align: justify;\"><span style=\"color: #000000;\">Ancora, non si vede perch\u00e9 dimenticare gli aspetti eroici e straordinari di molte fasi della conquista, portata a termine da condottieri di straordinario valore e in condizioni di impressionante inferiorit\u00e0 numerica. Per esempio, come non apprezzare le dimensioni epiche della <em>conquista <\/em>dell&#8217;altopiano messicano fatta <em>dall&#8217;hidalgo <\/em>dell&#8217;Estramadura Hernan Cort\u00e9s? Oltre tutto, dimenticando questi aspetti, non si riesce a spiegare la rapidit\u00e0 della conquista, la quale, inoltre, fu resa possibile proprio dalla debolezza dei regni e degli imperi indigeni, dovuta anche alla loro struttura fortemente caratterizzata dal feroce dominio di pochi su molti e quindi dalle alleanze con popoli indigeni che i <em>conquistadores <\/em>poterono stringere.<\/span><\/p>\n<p style=\"text-align: justify;\"><span style=\"color: #000000;\"><a style=\"color: #000000;\" href=\"https:\/\/www.rassegnastampa-totustuus.it\/cattolica\/wp-content\/uploads\/2019\/09\/Spagna_conquistadores.jpg\"><img loading=\"lazy\" decoding=\"async\" class=\" wp-image-44154 alignleft\" src=\"https:\/\/www.rassegnastampa-totustuus.it\/cattolica\/wp-content\/uploads\/2019\/09\/Spagna_conquistadores.jpg\" alt=\"\" width=\"218\" height=\"311\" \/><\/a>Gi\u00e0 Colombo era stato accolto dagli Arawak abitanti le prime isole con cui venne in contatto come un aiuto insperato, piovuto dal cielo, contro i Caraibi. L&#8217;impresa di Cort\u00e9s non sarebbe stata certamente possibile senza l&#8217;alleanza con varie citt\u00e0 indiane, soprattutto con Tlaxcala. Pizarro si inser\u00ec in una guerra civile in atto nell&#8217;impero inca. La storiografia mette oggi in rilievo gli elementi di debolezza delle realt\u00e0 amerindie anche dal punto di vista della cultura materiale.<\/span><\/p>\n<p style=\"text-align: justify;\"><span style=\"color: #000000;\">Lo Chaunu scrive: \u00abLa fragilit\u00e0 dell&#8217;uomo americano in America, la degradazione irreversibile dell&#8217;Indio \u00e8 una delle chiavi di interpretazione pi\u00f9 importanti di questo primo passato umano del Nuovo Mondo&#8230; Il dramma dell&#8217;umanit\u00e0 amerindia \u00e8 di non avere potuto usufruire dell&#8217;esperienza degli altri uomini del Vecchio Mondo\u00bb. Rimasti alla zappa, gli indios ignoravano la ruota, l&#8217;aratro pesante, il mantice, la lavorazione del ferro e (per quanto grandi architetti) anche l&#8217;arco.<\/span><\/p>\n<p style=\"text-align: justify;\"><span style=\"color: #000000;\">Non navigavano e non comunicavano agevolmente tra di loro, per la incredibile molteplicit\u00e0 delle lingue e per la mancanza di contatti pacifici e culturali. Ogni cultura distruggeva quella precedente e ripartiva quasi da zero. La pi\u00f9 brillante delle civilt\u00e0 precolombiane, quella maya, era crollata ben prima della conquista bianca. \u00abNessuna civilt\u00e0 amerinda, insomma, ha veramente superato la fase calcolitica, l&#8217;et\u00e0 della pietra e del rame\u00bb.<\/span><\/p>\n<p style=\"text-align: justify;\"><span style=\"color: #000000;\"><a style=\"color: #000000;\" href=\"https:\/\/www.rassegnastampa-totustuus.it\/cattolica\/wp-content\/uploads\/2005\/09\/indiani_sudamerica_indios.jpg\"><img loading=\"lazy\" decoding=\"async\" class=\" wp-image-47551 alignright\" src=\"https:\/\/www.rassegnastampa-totustuus.it\/cattolica\/wp-content\/uploads\/2005\/09\/indiani_sudamerica_indios.jpg\" alt=\"\" width=\"314\" height=\"242\" \/><\/a>Consideriamo infine la catastrofe demografica. Se si ritiene che nell&#8217;America del Nord, negli enormi spazi corrispondenti agli odierni Stati Uniti e Canada, la popolazione non arrivasse, nel XVI secolo, al milione di anime, i calcoli pi\u00f9 elevati per il Centro e Sud America arrivano ad una cifra di circa 80 milioni: pochi per gli spazi a disposizione, ma certo moltissimi rispetto ai 15 milioni rimasti dopo un centinaio di anni. Ma e bene precisare che l&#8217;accusa di genocidio nei confronti dei colonizzatori non ha alcun fondamento. Essa intanto, cozza contro la logica.<\/span><\/p>\n<p style=\"text-align: justify;\"><span style=\"color: #000000;\">Gli Spagnoli, anche per lo scrupolo umanitario di una parte almeno dei loro ceti dirigenti, in particolare ecclesiastici, ma in parte pure per ovvie motivazioni economiche dipendenti dal lavoro delle popolazioni indigene, avevano tutto l&#8217;interesse a preservare la sopravvivenza dei nativi. Solo in una percentuale molto bassa la catastrofe demografica pu\u00f2 essere attribuita alle guerre di conquista o all&#8217;imposizione del lavoro (certo, come altrove, molto duro nelle miniere).<\/span><\/p>\n<p style=\"text-align: justify;\"><span style=\"color: #000000;\">Nella sostanza essa dipese dalle grandi epidemie provocate dall&#8217;incontro di due realt\u00e0 biologiche precedentemente prive di contatto e quindi portatrici di parassiti ignoti e perci\u00f2 tragicamente distruttrici, non tanto per le popolazioni africane o europee, quanto proprio per le popolazioni americane fino ad allora vissute nel pi\u00f9 totale isolamento dal resto degli abitanti della Terra e dunque anche dai microbi delle altre regioni del pianeta.<\/span><\/p>\n<p style=\"text-align: justify;\"><span style=\"color: #000000;\"><a style=\"color: #000000;\" href=\"https:\/\/www.rassegnastampa-totustuus.it\/cattolica\/wp-content\/uploads\/2005\/09\/indios_epidemie.jpg\"><img loading=\"lazy\" decoding=\"async\" class=\" wp-image-47552 alignleft\" src=\"https:\/\/www.rassegnastampa-totustuus.it\/cattolica\/wp-content\/uploads\/2005\/09\/indios_epidemie.jpg\" alt=\"\" width=\"330\" height=\"239\" \/><\/a>Le nuove (per gli indios) malattie provocarono sin dai primi anni la morte di una gran parte della popolazione indigena delle isole, probabilmente circa l&#8217;80%. Fu soprattutto il morbillo a colpire a Santo Domingo, con conseguenze aggravate dai bagni gelati con cui gli indios, secondo il racconto di Las Casas, cercarono di curare febbri ed eruzioni che rappresentavano, per loro, una patologia assolutamente nuova. Il vaiolo, arrivato poco dopo, port\u00f2 alla quasi totale estinzione della popolazione indigena dell&#8217;isola. Verso il 1520 la malattia raggiunse il Messico e il Guatemala e cinque anni dopo. l&#8217;impero Inca.<\/span><\/p>\n<p style=\"text-align: justify;\"><span style=\"color: #000000;\">Ulteriori stragi nei decenni successivi furono compiute nel continente americano dal morbillo, dal tifo, da influenze maligne tra le quali quella del 1576 uccise sugli altipiani dal 40 al 50% della popolazione india, colpendo unicamente gli indi e risparmiando non solo i bianchi ma anche gli schiavi neri. N\u00e9 i vuoti erano facilmente colmabili per il basso livello di riproduzione.<\/span><\/p>\n<p style=\"text-align: justify;\"><span style=\"color: #000000;\"><a style=\"color: #000000;\" href=\"https:\/\/www.rassegnastampa-totustuus.it\/cattolica\/wp-content\/uploads\/2005\/09\/Maya.jpg\"><img loading=\"lazy\" decoding=\"async\" class=\" wp-image-47553 alignright\" src=\"https:\/\/www.rassegnastampa-totustuus.it\/cattolica\/wp-content\/uploads\/2005\/09\/Maya.jpg\" alt=\"\" width=\"360\" height=\"204\" \/><\/a>Per esempio, i Maya sono spariti senza che ne sia stato responsabile il <em>deus ex machina<\/em> rappresentato dall&#8217;uomo bianco; i neonati amerindi, anche nei settori pi\u00f9 evoluti, sono molto meno resistenti di quelli dell&#8217;Europa cristiana nella stessa epoca&#8230; il coefficiente netto di riproduzione inoltre si trova, nel migliore dei casi, ad un livello che supera di poco l&#8217;unit\u00e0. Infine, proprio l&#8217;assenza di razzismo da parte dei bianchi nei confronti degli indios non ne favoriva la conservazione etnica; il fenomeno del meticciato fu presto molto diffuso.<\/span><\/p>\n<p style=\"text-align: justify;\"><span style=\"color: #000000;\"><strong>Bibliografia<\/strong><\/span><\/p>\n<p style=\"text-align: justify;\"><span style=\"color: #000000;\">La migliore biografia del Genovese \u00e8 quella di J. HEERS, <em>Cristoforo Colombo, <\/em>Rusconi, Milano 1983.<\/span><\/p>\n<p style=\"text-align: justify;\"><span style=\"color: #000000;\">Per una lettura pi\u00f9 rapida CH. VERLINDEN, <em>Cristoforo Colombo, Visione e perseveranza, <\/em>tr. it., Edizioni Paoline, Roma 1985.<\/span><\/p>\n<p style=\"text-align: justify;\"><span style=\"color: #000000;\">Per l&#8217;inquadramento dell&#8217;impresa colombiana nell&#8217;espansione europea della fine del Medio Evo, P. CHAUNU), <em>L&#8217;espansione europea dal XIII al XV secolo, <\/em>tr. it., Mursia, Milano 1979.<\/span><\/p>\n<p style=\"text-align: justify;\"><span style=\"color: #000000;\">L&#8217;articolo dell&#8217;autore di questo contributo cui si fa riferimento \u00e8 M. TANGHERONI-M. PARENTI, <em>Cristoforo Colombo, ammiraglio genovese e \u00abdefensor fidei\u00bb, <\/em>in \u00abCristianit\u00e0\u00bb, n. 203 (1992), pp. 11-17, con bibliografia aggiornata.<\/span><\/p>\n<p style=\"text-align: justify;\"><span style=\"color: #000000;\">Il <em>Diario di bordo <\/em>\u00e8 qui citato nell\u2019edizione curata da G. FERRO, <em>Diario di bordo. Libro della prima navigazione e scoperta delle Indie, <\/em>Mursia, Milano 1985.<\/span><\/p>\n<p style=\"text-align: justify;\"><span style=\"color: #000000;\">Per il criptogramma e la spiritualit\u00e0 di Colombo: G. PISTARINO, <em>Cnstoforo Colombo: l&#8217;enigma del criptogramma, <\/em>Accademia Ligure di Scienze e Lettere, Genova 1990.<\/span><\/p>\n<p style=\"text-align: justify;\"><span style=\"color: #000000;\">Per il significato della scoperta e i suoi sviluppi: il profondo A. CATURELLI, <em>Il Nuovo Mondo Riscoperto, <\/em>Edizioni Ares, Milano 1992.<\/span><\/p>\n<p style=\"text-align: justify;\"><span style=\"color: #000000;\">Per la fase della conquista: E CHAUNU, <em>La conquista e l\u2019esplorazione dei nuovi mondi (secolo XVI), <\/em>tr. it., Mursia, Milano 1977.<\/span><\/p>\n","protected":false},"excerpt":{"rendered":"<p>Tratto da: Processi alla Chiesa. Mistificazione e apologia, Piemme, Casale Mon.to 1994, p.259. di Marco Tangheroni \u00abSiamo riuniti di fronte a questo Faro di Colombo, che con la sua forma a forma di croce vuole simbolizzare la Croce di Cristo piantata su questa terra nel 1492 Con esso si \u00e8 voluto anche rendere omaggio al &hellip; <\/p>\n<p><a class=\"more-link btn\" href=\"https:\/\/www.rassegnastampa-totustuus.it\/cattolica\/cristoforo-colombo-lespansione-europea-e-la-scoperta-dellamerica\/\">Continua a leggere<\/a><\/p>\n","protected":false},"author":6,"featured_media":47555,"comment_status":"closed","ping_status":"open","sticky":false,"template":"","format":"standard","meta":{"footnotes":""},"categories":[24],"tags":[936,956],"class_list":["post-1275","post","type-post","status-publish","format-standard","has-post-thumbnail","hentry","category-storia","tag-america-latina","tag-cristoforo-colombo","item-wrap"],"yoast_head":"<!-- This site is optimized with the Yoast SEO plugin v27.5 - https:\/\/yoast.com\/product\/yoast-seo-wordpress\/ -->\n<title>Cristoforo Colombo l\u2019espansione europea e la scoperta dell\u2019America (*) - Rassegna Stampa Cattolica<\/title>\n<meta name=\"description\" content=\"Rassegna Stampa Cattolica - Per una cultura che nasce dalla Rivelazione cristiana in conformit\u00e0 alla tradizione e al Magistero della Chiesa in opposizione ad ogni relativismo e totalitarismo\" \/>\n<meta name=\"robots\" content=\"index, follow, max-snippet:-1, max-image-preview:large, max-video-preview:-1\" \/>\n<link rel=\"canonical\" href=\"https:\/\/www.rassegnastampa-totustuus.it\/cattolica\/cristoforo-colombo-lespansione-europea-e-la-scoperta-dellamerica\/\" \/>\n<meta property=\"og:locale\" content=\"it_IT\" \/>\n<meta property=\"og:type\" content=\"article\" \/>\n<meta property=\"og:title\" content=\"Cristoforo Colombo l\u2019espansione europea e la scoperta dell\u2019America (*) - Rassegna Stampa Cattolica\" \/>\n<meta property=\"og:description\" content=\"Rassegna Stampa Cattolica - Per una cultura che nasce dalla Rivelazione cristiana in conformit\u00e0 alla tradizione e al Magistero della Chiesa in opposizione ad ogni relativismo e totalitarismo\" \/>\n<meta property=\"og:url\" content=\"https:\/\/www.rassegnastampa-totustuus.it\/cattolica\/cristoforo-colombo-lespansione-europea-e-la-scoperta-dellamerica\/\" \/>\n<meta property=\"og:site_name\" content=\"Rassegna Stampa Cattolica\" \/>\n<meta property=\"article:publisher\" content=\"https:\/\/www.facebook.com\/rassegnastampacattolica\" \/>\n<meta property=\"article:published_time\" content=\"2005-09-04T22:00:00+00:00\" \/>\n<meta property=\"article:modified_time\" content=\"2021-07-10T15:09:09+00:00\" \/>\n<meta property=\"og:image\" content=\"https:\/\/www.rassegnastampa-totustuus.it\/cattolica\/wp-content\/uploads\/2005\/09\/Colombo_caravelle.jpg\" \/>\n\t<meta property=\"og:image:width\" content=\"1920\" \/>\n\t<meta property=\"og:image:height\" content=\"1030\" \/>\n\t<meta property=\"og:image:type\" content=\"image\/jpeg\" \/>\n<meta name=\"author\" content=\"Redazione\" \/>\n<meta name=\"twitter:card\" content=\"summary_large_image\" \/>\n<meta name=\"twitter:creator\" content=\"@rassegnastampa9\" \/>\n<meta name=\"twitter:site\" content=\"@rassegnastampa9\" \/>\n<meta name=\"twitter:label1\" content=\"Scritto da\" \/>\n\t<meta name=\"twitter:data1\" content=\"Redazione\" \/>\n\t<meta name=\"twitter:label2\" content=\"Tempo di lettura stimato\" \/>\n\t<meta name=\"twitter:data2\" content=\"33 minuti\" \/>\n<script type=\"application\/ld+json\" class=\"yoast-schema-graph\">{\"@context\":\"https:\\\/\\\/schema.org\",\"@graph\":[{\"@type\":\"Article\",\"@id\":\"https:\\\/\\\/www.rassegnastampa-totustuus.it\\\/cattolica\\\/cristoforo-colombo-lespansione-europea-e-la-scoperta-dellamerica\\\/#article\",\"isPartOf\":{\"@id\":\"https:\\\/\\\/www.rassegnastampa-totustuus.it\\\/cattolica\\\/cristoforo-colombo-lespansione-europea-e-la-scoperta-dellamerica\\\/\"},\"author\":{\"name\":\"Redazione\",\"@id\":\"https:\\\/\\\/www.rassegnastampa-totustuus.it\\\/cattolica\\\/#\\\/schema\\\/person\\\/08f319d2bd1a0904ad9e2bfb7b15e5c3\"},\"headline\":\"Cristoforo Colombo l\u2019espansione europea e la scoperta dell\u2019America (*)\",\"datePublished\":\"2005-09-04T22:00:00+00:00\",\"dateModified\":\"2021-07-10T15:09:09+00:00\",\"mainEntityOfPage\":{\"@id\":\"https:\\\/\\\/www.rassegnastampa-totustuus.it\\\/cattolica\\\/cristoforo-colombo-lespansione-europea-e-la-scoperta-dellamerica\\\/\"},\"wordCount\":6855,\"publisher\":{\"@id\":\"https:\\\/\\\/www.rassegnastampa-totustuus.it\\\/cattolica\\\/#organization\"},\"image\":{\"@id\":\"https:\\\/\\\/www.rassegnastampa-totustuus.it\\\/cattolica\\\/cristoforo-colombo-lespansione-europea-e-la-scoperta-dellamerica\\\/#primaryimage\"},\"thumbnailUrl\":\"https:\\\/\\\/www.rassegnastampa-totustuus.it\\\/cattolica\\\/wp-content\\\/uploads\\\/2005\\\/09\\\/Colombo_caravelle.jpg\",\"keywords\":[\"America latina\",\"Cristoforo Colombo\"],\"articleSection\":[\"Storia\"],\"inLanguage\":\"it-IT\"},{\"@type\":\"WebPage\",\"@id\":\"https:\\\/\\\/www.rassegnastampa-totustuus.it\\\/cattolica\\\/cristoforo-colombo-lespansione-europea-e-la-scoperta-dellamerica\\\/\",\"url\":\"https:\\\/\\\/www.rassegnastampa-totustuus.it\\\/cattolica\\\/cristoforo-colombo-lespansione-europea-e-la-scoperta-dellamerica\\\/\",\"name\":\"Cristoforo Colombo l\u2019espansione europea e la scoperta dell\u2019America (*) - Rassegna Stampa Cattolica\",\"isPartOf\":{\"@id\":\"https:\\\/\\\/www.rassegnastampa-totustuus.it\\\/cattolica\\\/#website\"},\"primaryImageOfPage\":{\"@id\":\"https:\\\/\\\/www.rassegnastampa-totustuus.it\\\/cattolica\\\/cristoforo-colombo-lespansione-europea-e-la-scoperta-dellamerica\\\/#primaryimage\"},\"image\":{\"@id\":\"https:\\\/\\\/www.rassegnastampa-totustuus.it\\\/cattolica\\\/cristoforo-colombo-lespansione-europea-e-la-scoperta-dellamerica\\\/#primaryimage\"},\"thumbnailUrl\":\"https:\\\/\\\/www.rassegnastampa-totustuus.it\\\/cattolica\\\/wp-content\\\/uploads\\\/2005\\\/09\\\/Colombo_caravelle.jpg\",\"datePublished\":\"2005-09-04T22:00:00+00:00\",\"dateModified\":\"2021-07-10T15:09:09+00:00\",\"description\":\"Rassegna Stampa Cattolica - Per una cultura che nasce dalla Rivelazione cristiana in conformit\u00e0 alla tradizione e al Magistero della Chiesa in opposizione ad ogni relativismo e totalitarismo\",\"breadcrumb\":{\"@id\":\"https:\\\/\\\/www.rassegnastampa-totustuus.it\\\/cattolica\\\/cristoforo-colombo-lespansione-europea-e-la-scoperta-dellamerica\\\/#breadcrumb\"},\"inLanguage\":\"it-IT\",\"potentialAction\":[{\"@type\":\"ReadAction\",\"target\":[\"https:\\\/\\\/www.rassegnastampa-totustuus.it\\\/cattolica\\\/cristoforo-colombo-lespansione-europea-e-la-scoperta-dellamerica\\\/\"]}]},{\"@type\":\"ImageObject\",\"inLanguage\":\"it-IT\",\"@id\":\"https:\\\/\\\/www.rassegnastampa-totustuus.it\\\/cattolica\\\/cristoforo-colombo-lespansione-europea-e-la-scoperta-dellamerica\\\/#primaryimage\",\"url\":\"https:\\\/\\\/www.rassegnastampa-totustuus.it\\\/cattolica\\\/wp-content\\\/uploads\\\/2005\\\/09\\\/Colombo_caravelle.jpg\",\"contentUrl\":\"https:\\\/\\\/www.rassegnastampa-totustuus.it\\\/cattolica\\\/wp-content\\\/uploads\\\/2005\\\/09\\\/Colombo_caravelle.jpg\",\"width\":1920,\"height\":1030},{\"@type\":\"BreadcrumbList\",\"@id\":\"https:\\\/\\\/www.rassegnastampa-totustuus.it\\\/cattolica\\\/cristoforo-colombo-lespansione-europea-e-la-scoperta-dellamerica\\\/#breadcrumb\",\"itemListElement\":[{\"@type\":\"ListItem\",\"position\":1,\"name\":\"Home\",\"item\":\"https:\\\/\\\/www.rassegnastampa-totustuus.it\\\/cattolica\\\/\"},{\"@type\":\"ListItem\",\"position\":2,\"name\":\"Cristoforo Colombo l\u2019espansione europea e la scoperta dell\u2019America (*)\"}]},{\"@type\":\"WebSite\",\"@id\":\"https:\\\/\\\/www.rassegnastampa-totustuus.it\\\/cattolica\\\/#website\",\"url\":\"https:\\\/\\\/www.rassegnastampa-totustuus.it\\\/cattolica\\\/\",\"name\":\"Rassegna Stampa Cattolica\",\"description\":\"Per una cultura che nasce dalla Rivelazione cristiana in conformit\u00e0 alla tradizione e al Magistero della Chiesa in opposizione ad ogni relativismo e totalitarismo\",\"publisher\":{\"@id\":\"https:\\\/\\\/www.rassegnastampa-totustuus.it\\\/cattolica\\\/#organization\"},\"alternateName\":\"Rass. Cattolica\",\"potentialAction\":[{\"@type\":\"SearchAction\",\"target\":{\"@type\":\"EntryPoint\",\"urlTemplate\":\"https:\\\/\\\/www.rassegnastampa-totustuus.it\\\/cattolica\\\/?s={search_term_string}\"},\"query-input\":{\"@type\":\"PropertyValueSpecification\",\"valueRequired\":true,\"valueName\":\"search_term_string\"}}],\"inLanguage\":\"it-IT\"},{\"@type\":\"Organization\",\"@id\":\"https:\\\/\\\/www.rassegnastampa-totustuus.it\\\/cattolica\\\/#organization\",\"name\":\"Rassegna Stampa Cattolica\",\"url\":\"https:\\\/\\\/www.rassegnastampa-totustuus.it\\\/cattolica\\\/\",\"logo\":{\"@type\":\"ImageObject\",\"inLanguage\":\"it-IT\",\"@id\":\"https:\\\/\\\/www.rassegnastampa-totustuus.it\\\/cattolica\\\/#\\\/schema\\\/logo\\\/image\\\/\",\"url\":\"https:\\\/\\\/www.rassegnastampa-totustuus.it\\\/cattolica\\\/wp-content\\\/uploads\\\/2014\\\/04\\\/logo-rassegna1.gif\",\"contentUrl\":\"https:\\\/\\\/www.rassegnastampa-totustuus.it\\\/cattolica\\\/wp-content\\\/uploads\\\/2014\\\/04\\\/logo-rassegna1.gif\",\"width\":600,\"height\":163,\"caption\":\"Rassegna Stampa Cattolica\"},\"image\":{\"@id\":\"https:\\\/\\\/www.rassegnastampa-totustuus.it\\\/cattolica\\\/#\\\/schema\\\/logo\\\/image\\\/\"},\"sameAs\":[\"https:\\\/\\\/www.facebook.com\\\/rassegnastampacattolica\",\"https:\\\/\\\/x.com\\\/rassegnastampa9\"]},{\"@type\":\"Person\",\"@id\":\"https:\\\/\\\/www.rassegnastampa-totustuus.it\\\/cattolica\\\/#\\\/schema\\\/person\\\/08f319d2bd1a0904ad9e2bfb7b15e5c3\",\"name\":\"Redazione\",\"image\":{\"@type\":\"ImageObject\",\"inLanguage\":\"it-IT\",\"@id\":\"https:\\\/\\\/secure.gravatar.com\\\/avatar\\\/2fcdf27c78ea025fbdb44e914cc63c72249ffec9dc8aafd5c82b26240ef3f346?s=96&d=mm&r=g\",\"url\":\"https:\\\/\\\/secure.gravatar.com\\\/avatar\\\/2fcdf27c78ea025fbdb44e914cc63c72249ffec9dc8aafd5c82b26240ef3f346?s=96&d=mm&r=g\",\"contentUrl\":\"https:\\\/\\\/secure.gravatar.com\\\/avatar\\\/2fcdf27c78ea025fbdb44e914cc63c72249ffec9dc8aafd5c82b26240ef3f346?s=96&d=mm&r=g\",\"caption\":\"Redazione\"},\"url\":\"https:\\\/\\\/www.rassegnastampa-totustuus.it\\\/cattolica\\\/author\\\/pietroelle\\\/\"}]}<\/script>\n<!-- \/ Yoast SEO plugin. -->","yoast_head_json":{"title":"Cristoforo Colombo l\u2019espansione europea e la scoperta dell\u2019America (*) - Rassegna Stampa Cattolica","description":"Rassegna Stampa Cattolica - Per una cultura che nasce dalla Rivelazione cristiana in conformit\u00e0 alla tradizione e al Magistero della Chiesa in opposizione ad ogni relativismo e totalitarismo","robots":{"index":"index","follow":"follow","max-snippet":"max-snippet:-1","max-image-preview":"max-image-preview:large","max-video-preview":"max-video-preview:-1"},"canonical":"https:\/\/www.rassegnastampa-totustuus.it\/cattolica\/cristoforo-colombo-lespansione-europea-e-la-scoperta-dellamerica\/","og_locale":"it_IT","og_type":"article","og_title":"Cristoforo Colombo l\u2019espansione europea e la scoperta dell\u2019America (*) - Rassegna Stampa Cattolica","og_description":"Rassegna Stampa Cattolica - Per una cultura che nasce dalla Rivelazione cristiana in conformit\u00e0 alla tradizione e al Magistero della Chiesa in opposizione ad ogni relativismo e totalitarismo","og_url":"https:\/\/www.rassegnastampa-totustuus.it\/cattolica\/cristoforo-colombo-lespansione-europea-e-la-scoperta-dellamerica\/","og_site_name":"Rassegna Stampa Cattolica","article_publisher":"https:\/\/www.facebook.com\/rassegnastampacattolica","article_published_time":"2005-09-04T22:00:00+00:00","article_modified_time":"2021-07-10T15:09:09+00:00","og_image":[{"width":1920,"height":1030,"url":"https:\/\/www.rassegnastampa-totustuus.it\/cattolica\/wp-content\/uploads\/2005\/09\/Colombo_caravelle.jpg","type":"image\/jpeg"}],"author":"Redazione","twitter_card":"summary_large_image","twitter_creator":"@rassegnastampa9","twitter_site":"@rassegnastampa9","twitter_misc":{"Scritto da":"Redazione","Tempo di lettura stimato":"33 minuti"},"schema":{"@context":"https:\/\/schema.org","@graph":[{"@type":"Article","@id":"https:\/\/www.rassegnastampa-totustuus.it\/cattolica\/cristoforo-colombo-lespansione-europea-e-la-scoperta-dellamerica\/#article","isPartOf":{"@id":"https:\/\/www.rassegnastampa-totustuus.it\/cattolica\/cristoforo-colombo-lespansione-europea-e-la-scoperta-dellamerica\/"},"author":{"name":"Redazione","@id":"https:\/\/www.rassegnastampa-totustuus.it\/cattolica\/#\/schema\/person\/08f319d2bd1a0904ad9e2bfb7b15e5c3"},"headline":"Cristoforo Colombo l\u2019espansione europea e la scoperta dell\u2019America (*)","datePublished":"2005-09-04T22:00:00+00:00","dateModified":"2021-07-10T15:09:09+00:00","mainEntityOfPage":{"@id":"https:\/\/www.rassegnastampa-totustuus.it\/cattolica\/cristoforo-colombo-lespansione-europea-e-la-scoperta-dellamerica\/"},"wordCount":6855,"publisher":{"@id":"https:\/\/www.rassegnastampa-totustuus.it\/cattolica\/#organization"},"image":{"@id":"https:\/\/www.rassegnastampa-totustuus.it\/cattolica\/cristoforo-colombo-lespansione-europea-e-la-scoperta-dellamerica\/#primaryimage"},"thumbnailUrl":"https:\/\/www.rassegnastampa-totustuus.it\/cattolica\/wp-content\/uploads\/2005\/09\/Colombo_caravelle.jpg","keywords":["America latina","Cristoforo Colombo"],"articleSection":["Storia"],"inLanguage":"it-IT"},{"@type":"WebPage","@id":"https:\/\/www.rassegnastampa-totustuus.it\/cattolica\/cristoforo-colombo-lespansione-europea-e-la-scoperta-dellamerica\/","url":"https:\/\/www.rassegnastampa-totustuus.it\/cattolica\/cristoforo-colombo-lespansione-europea-e-la-scoperta-dellamerica\/","name":"Cristoforo Colombo l\u2019espansione europea e la scoperta dell\u2019America (*) - Rassegna Stampa Cattolica","isPartOf":{"@id":"https:\/\/www.rassegnastampa-totustuus.it\/cattolica\/#website"},"primaryImageOfPage":{"@id":"https:\/\/www.rassegnastampa-totustuus.it\/cattolica\/cristoforo-colombo-lespansione-europea-e-la-scoperta-dellamerica\/#primaryimage"},"image":{"@id":"https:\/\/www.rassegnastampa-totustuus.it\/cattolica\/cristoforo-colombo-lespansione-europea-e-la-scoperta-dellamerica\/#primaryimage"},"thumbnailUrl":"https:\/\/www.rassegnastampa-totustuus.it\/cattolica\/wp-content\/uploads\/2005\/09\/Colombo_caravelle.jpg","datePublished":"2005-09-04T22:00:00+00:00","dateModified":"2021-07-10T15:09:09+00:00","description":"Rassegna Stampa Cattolica - Per una cultura che nasce dalla Rivelazione cristiana in conformit\u00e0 alla tradizione e al Magistero della Chiesa in opposizione ad ogni relativismo e totalitarismo","breadcrumb":{"@id":"https:\/\/www.rassegnastampa-totustuus.it\/cattolica\/cristoforo-colombo-lespansione-europea-e-la-scoperta-dellamerica\/#breadcrumb"},"inLanguage":"it-IT","potentialAction":[{"@type":"ReadAction","target":["https:\/\/www.rassegnastampa-totustuus.it\/cattolica\/cristoforo-colombo-lespansione-europea-e-la-scoperta-dellamerica\/"]}]},{"@type":"ImageObject","inLanguage":"it-IT","@id":"https:\/\/www.rassegnastampa-totustuus.it\/cattolica\/cristoforo-colombo-lespansione-europea-e-la-scoperta-dellamerica\/#primaryimage","url":"https:\/\/www.rassegnastampa-totustuus.it\/cattolica\/wp-content\/uploads\/2005\/09\/Colombo_caravelle.jpg","contentUrl":"https:\/\/www.rassegnastampa-totustuus.it\/cattolica\/wp-content\/uploads\/2005\/09\/Colombo_caravelle.jpg","width":1920,"height":1030},{"@type":"BreadcrumbList","@id":"https:\/\/www.rassegnastampa-totustuus.it\/cattolica\/cristoforo-colombo-lespansione-europea-e-la-scoperta-dellamerica\/#breadcrumb","itemListElement":[{"@type":"ListItem","position":1,"name":"Home","item":"https:\/\/www.rassegnastampa-totustuus.it\/cattolica\/"},{"@type":"ListItem","position":2,"name":"Cristoforo Colombo l\u2019espansione europea e la scoperta dell\u2019America (*)"}]},{"@type":"WebSite","@id":"https:\/\/www.rassegnastampa-totustuus.it\/cattolica\/#website","url":"https:\/\/www.rassegnastampa-totustuus.it\/cattolica\/","name":"Rassegna Stampa Cattolica","description":"Per una cultura che nasce dalla Rivelazione cristiana in conformit\u00e0 alla tradizione e al Magistero della Chiesa in opposizione ad ogni relativismo e totalitarismo","publisher":{"@id":"https:\/\/www.rassegnastampa-totustuus.it\/cattolica\/#organization"},"alternateName":"Rass. Cattolica","potentialAction":[{"@type":"SearchAction","target":{"@type":"EntryPoint","urlTemplate":"https:\/\/www.rassegnastampa-totustuus.it\/cattolica\/?s={search_term_string}"},"query-input":{"@type":"PropertyValueSpecification","valueRequired":true,"valueName":"search_term_string"}}],"inLanguage":"it-IT"},{"@type":"Organization","@id":"https:\/\/www.rassegnastampa-totustuus.it\/cattolica\/#organization","name":"Rassegna Stampa Cattolica","url":"https:\/\/www.rassegnastampa-totustuus.it\/cattolica\/","logo":{"@type":"ImageObject","inLanguage":"it-IT","@id":"https:\/\/www.rassegnastampa-totustuus.it\/cattolica\/#\/schema\/logo\/image\/","url":"https:\/\/www.rassegnastampa-totustuus.it\/cattolica\/wp-content\/uploads\/2014\/04\/logo-rassegna1.gif","contentUrl":"https:\/\/www.rassegnastampa-totustuus.it\/cattolica\/wp-content\/uploads\/2014\/04\/logo-rassegna1.gif","width":600,"height":163,"caption":"Rassegna Stampa Cattolica"},"image":{"@id":"https:\/\/www.rassegnastampa-totustuus.it\/cattolica\/#\/schema\/logo\/image\/"},"sameAs":["https:\/\/www.facebook.com\/rassegnastampacattolica","https:\/\/x.com\/rassegnastampa9"]},{"@type":"Person","@id":"https:\/\/www.rassegnastampa-totustuus.it\/cattolica\/#\/schema\/person\/08f319d2bd1a0904ad9e2bfb7b15e5c3","name":"Redazione","image":{"@type":"ImageObject","inLanguage":"it-IT","@id":"https:\/\/secure.gravatar.com\/avatar\/2fcdf27c78ea025fbdb44e914cc63c72249ffec9dc8aafd5c82b26240ef3f346?s=96&d=mm&r=g","url":"https:\/\/secure.gravatar.com\/avatar\/2fcdf27c78ea025fbdb44e914cc63c72249ffec9dc8aafd5c82b26240ef3f346?s=96&d=mm&r=g","contentUrl":"https:\/\/secure.gravatar.com\/avatar\/2fcdf27c78ea025fbdb44e914cc63c72249ffec9dc8aafd5c82b26240ef3f346?s=96&d=mm&r=g","caption":"Redazione"},"url":"https:\/\/www.rassegnastampa-totustuus.it\/cattolica\/author\/pietroelle\/"}]}},"_links":{"self":[{"href":"https:\/\/www.rassegnastampa-totustuus.it\/cattolica\/wp-json\/wp\/v2\/posts\/1275","targetHints":{"allow":["GET"]}}],"collection":[{"href":"https:\/\/www.rassegnastampa-totustuus.it\/cattolica\/wp-json\/wp\/v2\/posts"}],"about":[{"href":"https:\/\/www.rassegnastampa-totustuus.it\/cattolica\/wp-json\/wp\/v2\/types\/post"}],"author":[{"embeddable":true,"href":"https:\/\/www.rassegnastampa-totustuus.it\/cattolica\/wp-json\/wp\/v2\/users\/6"}],"replies":[{"embeddable":true,"href":"https:\/\/www.rassegnastampa-totustuus.it\/cattolica\/wp-json\/wp\/v2\/comments?post=1275"}],"version-history":[{"count":6,"href":"https:\/\/www.rassegnastampa-totustuus.it\/cattolica\/wp-json\/wp\/v2\/posts\/1275\/revisions"}],"predecessor-version":[{"id":51938,"href":"https:\/\/www.rassegnastampa-totustuus.it\/cattolica\/wp-json\/wp\/v2\/posts\/1275\/revisions\/51938"}],"wp:featuredmedia":[{"embeddable":true,"href":"https:\/\/www.rassegnastampa-totustuus.it\/cattolica\/wp-json\/wp\/v2\/media\/47555"}],"wp:attachment":[{"href":"https:\/\/www.rassegnastampa-totustuus.it\/cattolica\/wp-json\/wp\/v2\/media?parent=1275"}],"wp:term":[{"taxonomy":"category","embeddable":true,"href":"https:\/\/www.rassegnastampa-totustuus.it\/cattolica\/wp-json\/wp\/v2\/categories?post=1275"},{"taxonomy":"post_tag","embeddable":true,"href":"https:\/\/www.rassegnastampa-totustuus.it\/cattolica\/wp-json\/wp\/v2\/tags?post=1275"}],"curies":[{"name":"wp","href":"https:\/\/api.w.org\/{rel}","templated":true}]}}