{"id":1271,"date":"2005-09-05T00:00:00","date_gmt":"2005-09-04T22:00:00","guid":{"rendered":""},"modified":"2014-11-17T10:31:55","modified_gmt":"2014-11-17T09:31:55","slug":"il-comune-di-pisa-1080-1406","status":"publish","type":"post","link":"https:\/\/www.rassegnastampa-totustuus.it\/cattolica\/il-comune-di-pisa-1080-1406\/","title":{"rendered":"Il Comune di Pisa (1080-1406)"},"content":{"rendered":"<div style=\"text-align: center;\">I.D.I.S. &#8211; Istituto per la Dottrina e l&#8217;Informazione Sociale<\/div>\n<p style=\"text-align: center;\"><strong>Voci per un dizionario del pensiero forte<\/strong><\/p>\n<p style=\"text-align: center;\">di<strong> Marco Tangheroni<\/strong><\/p>\n<p style=\"text-align: center;\"><a href=\"https:\/\/www.rassegnastampa-totustuus.it\/cattolica\/wp-content\/uploads\/2005\/09\/Pisa_medievale.jpg\"><img loading=\"lazy\" decoding=\"async\" class=\"alignnone wp-image-13443\" src=\"https:\/\/www.rassegnastampa-totustuus.it\/cattolica\/wp-content\/uploads\/2005\/09\/Pisa_medievale.jpg\" alt=\"Pisa_medievale\" width=\"218\" height=\"231\" \/><\/a><\/p>\n<p><!--more--><\/p>\n<div style=\"text-align: justify;\"><strong>1. La tradizione marittima<\/strong><\/div>\n<p style=\"text-align: justify;\">Antica, quasi originaria, \u00e8 la tradizione marittima di Pisa, che fin dalla sua esistenza come centro urbano &#8211; in et\u00e0 etrusca -appare legata al mare e dotata di un\u2019importante funzione portuale, che cresce in et\u00e0 romana, come conferma il fortunato ritrovamento, nel dicembre del 1998, di un porto, oggi interrato, all\u2019epoca presumibilmente fluviale o lagunare, con una quindicina di relitti di navi.<\/p>\n<p style=\"text-align: justify;\">Il sistema era completato da un porto marittimo, qualche chilometro a sud, e da un porto alla foce dell\u2019Arno, l\u00e0 dove sorse, in et\u00e0 paleocristiana, una basilica in ricordo della prima eucarestia in Italia che san Pietro (m. 64 ca.), vittima di un naufragio, avrebbe celebrato personalmente, secondo una leggenda molto antica: la chiesa, poi inglobata in una basilica romanica, aveva appunto il nome di San Piero a Grado, <em>ad gradum<\/em>, cio\u00e8 al porto.<\/p>\n<p style=\"text-align: justify;\">Fedele a Roma sia nella seconda guerra punica (219-201 a.C.), quando \u00e8 sfiorata dalla discesa in Italia del cartaginese Annibale Barca (274 ca.-183 a.C.), sia nella guerra contro i liguri (166-155 a.C.), diventa colonia romana nell\u2019et\u00e0 dell\u2019imperatore Cesare Augusto (63 a.C.-14 d.C.). Le descrizioni letterarie e le molteplici provenienze mediterranee del materiale archeologico, dimostrano che Pisa &#8211; in latino solo plurale, <em>Pisae <\/em>&#8211; fu una citt\u00e0 molto fiorente, aperta verso il mare e ridistributrice di merci nel retroterra della Tuscia: caratteri che si ritrovano nella sua grande stagione di &#8220;repubblica marinara&#8221;.<\/p>\n<p style=\"text-align: justify;\"><strong>2. L\u2019ascesa della citt\u00e0 marinara<\/strong><\/p>\n<p style=\"text-align: justify;\">Una lettera scritta nel 603 a Smaragdo, esarca bizantino di Ravenna fra il 585 e il 589, da Papa san Gregorio I Magno (590-604) &#8211; che invano aveva chiesto <em>&#8220;ai pisani&#8221;<\/em> di desistere dal loro intento di uscire in mare con i propri dromoni, dal greco <em>dr\u00f3mos<\/em>, veloce nave da guerra &#8211; testimonia non solo la continuit\u00e0 dell\u2019attivit\u00e0 marittima anche dopo la fine dell\u2019impero romano d\u2019Occidente, nel 476, ma pure l\u2019indipendenza, di fatto, di cui godeva allora la citt\u00e0, non pi\u00f9 bizantina e non ancora longobarda, anche se negli anni o nei decenni immediatamente successivi passer\u00e0 a far parte del regno longobardo.<\/p>\n<p style=\"text-align: justify;\">Saccheggiata dai vichinghi nel secolo IX, attaccata dai saraceni nel secolo X e all\u2019inizio del secolo XI, Pisa &#8211; forse anche per questi attacchi, con un meccanismo che potremmo definire, con lo storico inglese Arnold Joseph Toynbee (1889-1975), di <em>&#8220;sfida e risposta&#8221;<\/em> &#8211; non solo reagisce, ma \u00e8 protagonista, insieme a Genova, della riconquista marittima cristiana del Mediterraneo Occidentale, per secoli dominato dalla marineria islamica.<\/p>\n<p style=\"text-align: justify;\">Dopo il Mille, per pi\u00f9 di un secolo le navi, gli armatori e i marinai-mercanti di Pisa sono gl\u2019interpreti di una straordinaria serie d\u2019imprese marittime: la sconfitta dell\u2019emiro musulmano Mudjahid al-Amiri &#8220;Mugetto&#8221; (m. 1044), signore di Denia, in Spagna, che aveva tentato, nel 1015, la conquista della Sardegna, da allora aperta, invece, alla penetrazione della citt\u00e0 toscana e di Genova; la spedizione contro la citt\u00e0 di Bona, in Africa Settentrionale, nel 1034; quella contro Palermo, ancora musulmana, con i proventi della quale \u00e8 avviata la costruzione della nuova grande cattedrale, dedicata a Santa Maria Assunta, nel 1063; la spedizione, voluta da Papa Vittore III (1087-1088), contro l\u2019allora munitissima citt\u00e0 tunisina di al-Mahdyia, nel 1087; infine, la grande spedizione balearica, degli anni 1113-1115, che porta, con l\u2019aiuto del conte di Barcellona, Raimondo Berengario III (m. 1131), alla provvisoria riconquista di Maiorca e alla liberazione di migliaia di cristiani, schiavi dei musulmani.<\/p>\n<p style=\"text-align: justify;\">Pisa partecipa alla prima crociata (1096-1099) con una grande flotta di centoventi navi che, attardatasi nel saccheggio di alcune isole bizantine, arriva in Terrasanta nel settembre del 1099, cio\u00e8 un mese e mezzo dopo la conquista di Gerusalemme. La sua attivit\u00e0, per\u00f2, \u00e8 molto importante per assicurare la conquista dei centri del litorale siro-palestinese e per fronteggiare la flotta dell\u2019Egitto fatimita.<\/p>\n<p style=\"text-align: justify;\">A capo delle navi \u00e8 lo stesso arcivescovo della citt\u00e0, Daiberto (m. 1107), che Papa beato Urbano II (1088-1099) aveva difeso contro i monaci vallombrosani &#8211; che lo accusavano di simonia per esser stato ordinato diacono alla corte dell\u2019imperatore Enrico IV di Franconia (1050-1106) -, innalzato alla dignit\u00e0 di metropolita e infine nominato proprio legato per la guida spirituale della crociata, dopo la morte di Ademaro di Puy, nel 1098. Daiberto, poi, pur con qualche contrasto, diviene il primo patriarca della chiesa latina di Gerusalemme.<\/p>\n<p style=\"text-align: justify;\"><strong>3. L\u2019apogeo del secolo XII<\/strong><\/p>\n<p style=\"text-align: justify;\">Pisa conosce il suo apogeo nel secolo XII, grazie ai traffici marittimi con Costantinopoli, dove aveva un quartiere inferiore solo a quello veneziano, con la Siria e la Terrasanta &#8211; ancor oggi ad Accon, un tempo Acri, si pu\u00f2 visitare il quartiere portuale pisano -, con l\u2019Egitto, con l\u2019Africa maghrebina, con le Baleari, con la Francia Meridionale, con l\u2019Italia del Sud e con la Sicilia.<\/p>\n<p style=\"text-align: justify;\">Merita di essere riportata la ben nota descrizione che ne fa il geografo arabo al-Idrisi (1099 ca.-1164 ca.), autore di un trattato geografico per il re normanno di Sicilia Ruggero II d\u2019Altavilla (1095-1154): <em>&#8220;\u00c8 una delle metropoli dei R\u00fbm<\/em> [romani]<em>; celebre \u00e8 il suo nome, esteso il suo territorio; ha mercati fiorenti e case ben abitate, spaziosi passeggi e vaste campagne abbondanti d&#8217;orti e di giardini e di seminagioni non interrotte. Il suo stato \u00e8 possente, i ricordi delle sue gesta terribili; alti ne sono i fortilizi, fertili le terre, copiose le acque, meravigliosi i monumenti. La popolazione ha navi e cavalli ed \u00e8 pronta alle imprese marittime sopra gli altri paesi. La citt\u00e0 \u00e8 posta su di un fiume che ad essa viene da un monte dalla parte della Langobardia. Questo fiume \u00e8 grande ed ha sulle sponde mulini e giardini&#8221;<\/em>.<\/p>\n<p style=\"text-align: justify;\">La piazza del duomo, con la cattedrale, il battistero, il celebre campanile pendente e il camposanto monumentale, esprime compiutamente i caratteri della cultura pisana, profondamente cristiana e insieme mediterranea. Di essi lo scrittore tedesco Rudolf Borchardt (1877-1945) ebbe a dire che <em>&#8220;<\/em>[&#8230;]<em> voltano orgogliosamente le spalle alla Toscana e guardano al mare&#8221;<\/em>.<\/p>\n<p style=\"text-align: justify;\">La cattedrale &#8211; per la sua grandiosit\u00e0 senza eguali nella Cristianit\u00e0 dell\u2019epoca, almeno fino alle cattedrali gotiche -, oltre a segnare il ritorno al marmo, il materiale nobile per eccellenza del mondo romano, s\u2019ispira a Santa Sofia di Costantinopoli per la cupola e al mondo arabo per gli archi a ferro di cavallo, la bicromia e molti elementi decorativi, ed esalta, nelle cinque navate del braccio longitudinale e nelle tre navate del transetto, il ruolo delle grandi colonne, tutte monolitiche, estratte dalle cave di granito dell\u2019Elba e da quell\u2019isola trasportate via mare.<\/p>\n<p style=\"text-align: justify;\">Della consapevolezza dell\u2019impresa \u00e8 testimonianza l\u2019epigrafe sulla facciata in ricordo del primo architetto-ingegnere, Buscheto (secolo XI), lodato sia per la costruzione di un tempio superiore a quello dei romani, sia per l\u2019invenzione di speciali macchine per il trasporto e per la posa in opera di simili colonne.<\/p>\n<p style=\"text-align: justify;\">Il secolo XII conosce altri importanti lavori pubblici, religiosi &#8211; come ancora attestano una quindicina di chiese romaniche, fra parrocchiali e monastiche &#8211; e civili, quali le mura, anch\u2019esse in buona parte conservate, e l\u2019allestimento e la fortificazione di Porto Pisano, subito a nord dell\u2019allora piccolo castello di Livorno, necessario per i nuovi velieri protagonisti dei traffici marittimi.<\/p>\n<p style=\"text-align: justify;\">La precocit\u00e0, la variet\u00e0 e la ricchezza della cultura pisana emergono in molti altri campi. I suoi giuristi giungono a un alto grado di elaborazione giuridica, pratica e teorica, come mostrano, gi\u00e0 a met\u00e0 del secolo XII, i due &#8220;Costituti&#8221;, della Legge e dell\u2019Uso, cio\u00e8 del diritto di derivazione romana e di quello consuetudinario, nato, com\u2019\u00e8 scritto nel prologo, <em>&#8220;propter conversationem diversarum gentium&#8221;<\/em>, &#8220;per i rapporti internazionali con popoli diversi&#8221;.<\/p>\n<p style=\"text-align: justify;\">Vanno ricordati anche Burgundio (1110 ca.-1193), esperto di greco, traduttore e teologo, e Leonardo Fibonacci (1175 ca.-1235 ca.), che, educato nell\u2019algerina Bugia da maestri musulmani e affinatosi, &#8220;<em>attraverso lo studio e la disputa<\/em>&#8220;, in Provenza, in Grecia, in Siria e in Egitto, d\u00e0 un decisivo contributo alla conoscenza e alla diffusione nella Cristianit\u00e0 latina delle cifre arabe &#8211; che egli chiama correttamente &#8220;indiane&#8221; &#8211; ed \u00e8, per giudizio unanime, il maggiore matematico del Medioevo occidentale.<\/p>\n<p style=\"text-align: justify;\">Dalla seconda met\u00e0 del secolo XII, infine, si fissa la tradizione ghibellina di Pisa, dopo che nei decenni precedenti era stata punto d\u2019appoggio sicuro per i Pontefici e rifugio accogliente per Papa Innocenzo II (1130-1143) dal 1134 al 1137, meritando da san Bernardo di Chiaravalle (1090 ca.-1153) &#8211; un cui discepolo, di nascita pisana, il beato Eugenio III, sar\u00e0 eletto Papa (1145-1153) &#8211; l\u2019appellativo di <em>&#8220;altera Roma&#8221;<\/em>, &#8220;seconda Roma&#8221;.<\/p>\n<p style=\"text-align: justify;\"><strong>4. La decadenza<\/strong><\/p>\n<p style=\"text-align: justify;\">Nel secolo XIII gl\u2019interessi pisani si concentrano soprattutto sull\u2019Africa Settentrionale e sulla Sardegna. L\u2019emigrazione pisana nell\u2019isola \u00e8 molto consistente e di diversa estrazione sociale, dalle famiglie nobili ai grandi e ai piccoli mercanti, dagli artigiani ai militari, ai marinai e alle persone pi\u00f9 umili in cerca di fortuna. Grandi casate pisane, come i Gherardesca, i Visconti &#8211; da non confondere con i Visconti di Milano &#8211; e i Da Capraia, conquistano i troni dei quattro regni, i &#8220;giudicati&#8221;, in cui essa era divisa. Il conte Ugolino della Gherardesca (m. 1289) vi fonda, verso il 1260, la citt\u00e0 di Villa di Chiesa, oggi Iglesias, le cui miniere producevano allora dal 5 al 10 per cento dell\u2019argento d\u2019Europa; altri pisani fondano, nel 1217, Castel di Castro, oggi Cagliari.<\/p>\n<p style=\"text-align: justify;\">Attraverso complesse vicende, fra la met\u00e0 del Duecento e l\u2019inizio del Trecento, il comune di Pisa arriva a controllare tutta l\u2019isola, tranne il giudicato d\u2019Arborea, comunque alleato. Ma proprio allora la sua potenza marittima volge al declino. Il plurisecolare confronto con Genova per la supremazia in Corsica, in Sardegna e, pi\u00f9 in generale, nel Mediterraneo Occidentale, trova una soluzione decisiva nella battaglia navale della Meloria, il 6 agosto 1284, in cui la flotta pisana \u00e8 quasi annientata.<\/p>\n<p style=\"text-align: justify;\">Altre due guerre perse fra il 1323 e il 1328 contro la Corona d\u2019Aragona &#8211; cio\u00e8 l\u2019unione personale del Regno d\u2019Aragona propriamente detto, del Regno di Valenza, del Principato di Catalogna e, pi\u00f9 tardi, del Regno di Maiorca, di quello di Sicilia e di quello di Napoli -, cui Papa Bonifacio VIII (1294-1303) aveva nel 1297 infeudato il &#8220;Regno di Sardegna e di Corsica&#8221;, portano alla perdita di ogni influenza politica nell\u2019isola.<\/p>\n<p style=\"text-align: justify;\">Pisa, dopo l\u2019appassionato coinvolgimento nella politica imperiale, soprattutto con gl\u2019imperatori Federico II di Svevia (1194-1250) ed Enrico VII di Lussemburgo (1274 ca.-1313) &#8211; quest\u2019ultimo sepolto nel duomo della citt\u00e0 toscana -, e nonostante l\u2019isolamento politico in Toscana, rimane un centro importante, in lotta accanita con Firenze per l\u2019egemonia nella regione. Soprattutto, malgrado l\u2019allontanamento progressivo delle maggiori famiglie mercantili dalle attivit\u00e0 marittime, resta un centro bancario, finanziario, commerciale e portuale di primissimo piano.<\/p>\n<p style=\"text-align: justify;\">Nel 1343, Papa Clemente VI (1342-1352), con la bolla <em>In supremae dignitatis<\/em>, eleva il suo studio universitario al rango di &#8220;Studio Generale&#8221;. Sul piano interno, al reggimento da parte dell\u2019oligarchia mercantile, nelle forme della &#8220;democrazia comunale&#8221;, si alternano esperimenti signorili di diversa origine: nobiliare, come quelle di Ugolino della Gherardesca e del nipote Nino Visconti (1265 ca.-1298), dal 1284 al 1288, o della famiglia dei Donoratico della Gherardesca, dal 1329 al 1347; militare ed esterna, come quelle dei capi ghibellini Guido da Montefeltro (m. 1298 ca.), fra il 1289 e il 1293, e Uguccione della Faggiola (1250 ca.-1319), dal 1313 al 1316; mercantili, come il &#8220;dogato&#8221; di Giovanni dell\u2019Agnello (m. 1387), dal 1364 al 1368, e la signoria di Piero Gambacorta (m. 1392), dal 1370 al 1392.<\/p>\n<p style=\"text-align: justify;\">Dopo drammatiche e convulse vicende politiche interne, Pisa, venduta da momentanei signori prima alla Milano dei Visconti, nel 1399, poi alla sua mortale nemica in Toscana, Firenze, \u00e8 conquistata, dopo duro assedio, appunto da questa. Finisce cos\u00ec, nel 1406 &#8211; con un nuovo periodo d\u2019indipendenza, sanguinosamente difesa, dal 1494 al 1506 -, la grande storia di questo comune marinaro. Le famiglie del suo ceto dirigente si disperdono allora nel Mediterraneo e in particolare in Sicilia.<\/p>\n<p style=\"text-align: justify;\"><strong>Per approfondire: <\/strong>vedi Ottavio Banti, <em>Breve storia di Pisa<\/em>, Pacini, Pisa 1989; e il mio <em>Medioevo Tirrenico. Sardegna, Toscana e Pisa<\/em>, Pacini, Pisa 1992.<\/p>\n","protected":false},"excerpt":{"rendered":"<p>I.D.I.S. &#8211; Istituto per la Dottrina e l&#8217;Informazione Sociale Voci per un dizionario del pensiero forte di Marco Tangheroni<\/p><p><a class=\"more-link btn\" href=\"https:\/\/www.rassegnastampa-totustuus.it\/cattolica\/il-comune-di-pisa-1080-1406\/\">Continua a leggere<\/a><\/p>\n","protected":false},"author":6,"featured_media":13443,"comment_status":"closed","ping_status":"open","sticky":false,"template":"","format":"standard","meta":{"footnotes":""},"categories":[91,24,96],"tags":[268,965],"class_list":["post-1271","post","type-post","status-publish","format-standard","has-post-thumbnail","hentry","category-medioevo","category-storia","category-storia-italiana","tag-medioevo-2","tag-pisa","item-wrap"],"yoast_head":"<!-- This site is optimized with the Yoast SEO plugin v27.5 - https:\/\/yoast.com\/product\/yoast-seo-wordpress\/ -->\n<title>Il Comune di Pisa (1080-1406) - Rassegna Stampa Cattolica<\/title>\n<meta name=\"description\" content=\"Rassegna Stampa Cattolica - Per una cultura che nasce dalla Rivelazione cristiana in conformit\u00e0 alla tradizione e al Magistero della Chiesa in opposizione ad ogni relativismo e totalitarismo\" \/>\n<meta name=\"robots\" content=\"index, follow, max-snippet:-1, max-image-preview:large, max-video-preview:-1\" \/>\n<link rel=\"canonical\" href=\"https:\/\/www.rassegnastampa-totustuus.it\/cattolica\/il-comune-di-pisa-1080-1406\/\" \/>\n<meta property=\"og:locale\" content=\"it_IT\" \/>\n<meta property=\"og:type\" content=\"article\" \/>\n<meta property=\"og:title\" content=\"Il Comune di Pisa (1080-1406) - Rassegna Stampa Cattolica\" \/>\n<meta property=\"og:description\" content=\"Rassegna Stampa Cattolica - Per una cultura che nasce dalla Rivelazione cristiana in conformit\u00e0 alla tradizione e al Magistero della Chiesa in opposizione ad ogni relativismo e totalitarismo\" \/>\n<meta property=\"og:url\" content=\"https:\/\/www.rassegnastampa-totustuus.it\/cattolica\/il-comune-di-pisa-1080-1406\/\" \/>\n<meta property=\"og:site_name\" content=\"Rassegna Stampa Cattolica\" \/>\n<meta property=\"article:publisher\" content=\"https:\/\/www.facebook.com\/rassegnastampacattolica\" \/>\n<meta property=\"article:published_time\" content=\"2005-09-04T22:00:00+00:00\" \/>\n<meta property=\"article:modified_time\" content=\"2014-11-17T09:31:55+00:00\" \/>\n<meta property=\"og:image\" content=\"https:\/\/www.rassegnastampa-totustuus.it\/cattolica\/wp-content\/uploads\/2005\/09\/Pisa_medievale.jpg\" \/>\n\t<meta property=\"og:image:width\" content=\"217\" \/>\n\t<meta property=\"og:image:height\" content=\"233\" \/>\n\t<meta property=\"og:image:type\" content=\"image\/jpeg\" \/>\n<meta name=\"author\" content=\"Redazione\" \/>\n<meta name=\"twitter:card\" content=\"summary_large_image\" \/>\n<meta name=\"twitter:creator\" content=\"@rassegnastampa9\" \/>\n<meta name=\"twitter:site\" content=\"@rassegnastampa9\" \/>\n<meta name=\"twitter:label1\" content=\"Scritto da\" \/>\n\t<meta name=\"twitter:data1\" content=\"Redazione\" \/>\n\t<meta name=\"twitter:label2\" content=\"Tempo di lettura stimato\" \/>\n\t<meta name=\"twitter:data2\" content=\"10 minuti\" \/>\n<script type=\"application\/ld+json\" class=\"yoast-schema-graph\">{\"@context\":\"https:\\\/\\\/schema.org\",\"@graph\":[{\"@type\":\"Article\",\"@id\":\"https:\\\/\\\/www.rassegnastampa-totustuus.it\\\/cattolica\\\/il-comune-di-pisa-1080-1406\\\/#article\",\"isPartOf\":{\"@id\":\"https:\\\/\\\/www.rassegnastampa-totustuus.it\\\/cattolica\\\/il-comune-di-pisa-1080-1406\\\/\"},\"author\":{\"name\":\"Redazione\",\"@id\":\"https:\\\/\\\/www.rassegnastampa-totustuus.it\\\/cattolica\\\/#\\\/schema\\\/person\\\/08f319d2bd1a0904ad9e2bfb7b15e5c3\"},\"headline\":\"Il Comune di Pisa (1080-1406)\",\"datePublished\":\"2005-09-04T22:00:00+00:00\",\"dateModified\":\"2014-11-17T09:31:55+00:00\",\"mainEntityOfPage\":{\"@id\":\"https:\\\/\\\/www.rassegnastampa-totustuus.it\\\/cattolica\\\/il-comune-di-pisa-1080-1406\\\/\"},\"wordCount\":1974,\"publisher\":{\"@id\":\"https:\\\/\\\/www.rassegnastampa-totustuus.it\\\/cattolica\\\/#organization\"},\"image\":{\"@id\":\"https:\\\/\\\/www.rassegnastampa-totustuus.it\\\/cattolica\\\/il-comune-di-pisa-1080-1406\\\/#primaryimage\"},\"thumbnailUrl\":\"https:\\\/\\\/www.rassegnastampa-totustuus.it\\\/cattolica\\\/wp-content\\\/uploads\\\/2005\\\/09\\\/Pisa_medievale.jpg\",\"keywords\":[\"medioevo\",\"Pisa\"],\"articleSection\":[\"Medioevo\",\"Storia\",\"Storia italiana\"],\"inLanguage\":\"it-IT\"},{\"@type\":\"WebPage\",\"@id\":\"https:\\\/\\\/www.rassegnastampa-totustuus.it\\\/cattolica\\\/il-comune-di-pisa-1080-1406\\\/\",\"url\":\"https:\\\/\\\/www.rassegnastampa-totustuus.it\\\/cattolica\\\/il-comune-di-pisa-1080-1406\\\/\",\"name\":\"Il Comune di Pisa (1080-1406) - Rassegna Stampa Cattolica\",\"isPartOf\":{\"@id\":\"https:\\\/\\\/www.rassegnastampa-totustuus.it\\\/cattolica\\\/#website\"},\"primaryImageOfPage\":{\"@id\":\"https:\\\/\\\/www.rassegnastampa-totustuus.it\\\/cattolica\\\/il-comune-di-pisa-1080-1406\\\/#primaryimage\"},\"image\":{\"@id\":\"https:\\\/\\\/www.rassegnastampa-totustuus.it\\\/cattolica\\\/il-comune-di-pisa-1080-1406\\\/#primaryimage\"},\"thumbnailUrl\":\"https:\\\/\\\/www.rassegnastampa-totustuus.it\\\/cattolica\\\/wp-content\\\/uploads\\\/2005\\\/09\\\/Pisa_medievale.jpg\",\"datePublished\":\"2005-09-04T22:00:00+00:00\",\"dateModified\":\"2014-11-17T09:31:55+00:00\",\"description\":\"Rassegna Stampa Cattolica - Per una cultura che nasce dalla Rivelazione cristiana in conformit\u00e0 alla tradizione e al Magistero della Chiesa in opposizione ad ogni relativismo e totalitarismo\",\"breadcrumb\":{\"@id\":\"https:\\\/\\\/www.rassegnastampa-totustuus.it\\\/cattolica\\\/il-comune-di-pisa-1080-1406\\\/#breadcrumb\"},\"inLanguage\":\"it-IT\",\"potentialAction\":[{\"@type\":\"ReadAction\",\"target\":[\"https:\\\/\\\/www.rassegnastampa-totustuus.it\\\/cattolica\\\/il-comune-di-pisa-1080-1406\\\/\"]}]},{\"@type\":\"ImageObject\",\"inLanguage\":\"it-IT\",\"@id\":\"https:\\\/\\\/www.rassegnastampa-totustuus.it\\\/cattolica\\\/il-comune-di-pisa-1080-1406\\\/#primaryimage\",\"url\":\"https:\\\/\\\/www.rassegnastampa-totustuus.it\\\/cattolica\\\/wp-content\\\/uploads\\\/2005\\\/09\\\/Pisa_medievale.jpg\",\"contentUrl\":\"https:\\\/\\\/www.rassegnastampa-totustuus.it\\\/cattolica\\\/wp-content\\\/uploads\\\/2005\\\/09\\\/Pisa_medievale.jpg\",\"width\":217,\"height\":233},{\"@type\":\"BreadcrumbList\",\"@id\":\"https:\\\/\\\/www.rassegnastampa-totustuus.it\\\/cattolica\\\/il-comune-di-pisa-1080-1406\\\/#breadcrumb\",\"itemListElement\":[{\"@type\":\"ListItem\",\"position\":1,\"name\":\"Home\",\"item\":\"https:\\\/\\\/www.rassegnastampa-totustuus.it\\\/cattolica\\\/\"},{\"@type\":\"ListItem\",\"position\":2,\"name\":\"Il Comune di Pisa (1080-1406)\"}]},{\"@type\":\"WebSite\",\"@id\":\"https:\\\/\\\/www.rassegnastampa-totustuus.it\\\/cattolica\\\/#website\",\"url\":\"https:\\\/\\\/www.rassegnastampa-totustuus.it\\\/cattolica\\\/\",\"name\":\"Rassegna Stampa Cattolica\",\"description\":\"Per una cultura che nasce dalla Rivelazione cristiana in conformit\u00e0 alla tradizione e al Magistero della Chiesa in opposizione ad ogni relativismo e totalitarismo\",\"publisher\":{\"@id\":\"https:\\\/\\\/www.rassegnastampa-totustuus.it\\\/cattolica\\\/#organization\"},\"alternateName\":\"Rass. Cattolica\",\"potentialAction\":[{\"@type\":\"SearchAction\",\"target\":{\"@type\":\"EntryPoint\",\"urlTemplate\":\"https:\\\/\\\/www.rassegnastampa-totustuus.it\\\/cattolica\\\/?s={search_term_string}\"},\"query-input\":{\"@type\":\"PropertyValueSpecification\",\"valueRequired\":true,\"valueName\":\"search_term_string\"}}],\"inLanguage\":\"it-IT\"},{\"@type\":\"Organization\",\"@id\":\"https:\\\/\\\/www.rassegnastampa-totustuus.it\\\/cattolica\\\/#organization\",\"name\":\"Rassegna Stampa Cattolica\",\"url\":\"https:\\\/\\\/www.rassegnastampa-totustuus.it\\\/cattolica\\\/\",\"logo\":{\"@type\":\"ImageObject\",\"inLanguage\":\"it-IT\",\"@id\":\"https:\\\/\\\/www.rassegnastampa-totustuus.it\\\/cattolica\\\/#\\\/schema\\\/logo\\\/image\\\/\",\"url\":\"https:\\\/\\\/www.rassegnastampa-totustuus.it\\\/cattolica\\\/wp-content\\\/uploads\\\/2014\\\/04\\\/logo-rassegna1.gif\",\"contentUrl\":\"https:\\\/\\\/www.rassegnastampa-totustuus.it\\\/cattolica\\\/wp-content\\\/uploads\\\/2014\\\/04\\\/logo-rassegna1.gif\",\"width\":600,\"height\":163,\"caption\":\"Rassegna Stampa Cattolica\"},\"image\":{\"@id\":\"https:\\\/\\\/www.rassegnastampa-totustuus.it\\\/cattolica\\\/#\\\/schema\\\/logo\\\/image\\\/\"},\"sameAs\":[\"https:\\\/\\\/www.facebook.com\\\/rassegnastampacattolica\",\"https:\\\/\\\/x.com\\\/rassegnastampa9\"]},{\"@type\":\"Person\",\"@id\":\"https:\\\/\\\/www.rassegnastampa-totustuus.it\\\/cattolica\\\/#\\\/schema\\\/person\\\/08f319d2bd1a0904ad9e2bfb7b15e5c3\",\"name\":\"Redazione\",\"image\":{\"@type\":\"ImageObject\",\"inLanguage\":\"it-IT\",\"@id\":\"https:\\\/\\\/secure.gravatar.com\\\/avatar\\\/2fcdf27c78ea025fbdb44e914cc63c72249ffec9dc8aafd5c82b26240ef3f346?s=96&d=mm&r=g\",\"url\":\"https:\\\/\\\/secure.gravatar.com\\\/avatar\\\/2fcdf27c78ea025fbdb44e914cc63c72249ffec9dc8aafd5c82b26240ef3f346?s=96&d=mm&r=g\",\"contentUrl\":\"https:\\\/\\\/secure.gravatar.com\\\/avatar\\\/2fcdf27c78ea025fbdb44e914cc63c72249ffec9dc8aafd5c82b26240ef3f346?s=96&d=mm&r=g\",\"caption\":\"Redazione\"},\"url\":\"https:\\\/\\\/www.rassegnastampa-totustuus.it\\\/cattolica\\\/author\\\/pietroelle\\\/\"}]}<\/script>\n<!-- \/ Yoast SEO plugin. -->","yoast_head_json":{"title":"Il Comune di Pisa (1080-1406) - Rassegna Stampa Cattolica","description":"Rassegna Stampa Cattolica - Per una cultura che nasce dalla Rivelazione cristiana in conformit\u00e0 alla tradizione e al Magistero della Chiesa in opposizione ad ogni relativismo e totalitarismo","robots":{"index":"index","follow":"follow","max-snippet":"max-snippet:-1","max-image-preview":"max-image-preview:large","max-video-preview":"max-video-preview:-1"},"canonical":"https:\/\/www.rassegnastampa-totustuus.it\/cattolica\/il-comune-di-pisa-1080-1406\/","og_locale":"it_IT","og_type":"article","og_title":"Il Comune di Pisa (1080-1406) - Rassegna Stampa Cattolica","og_description":"Rassegna Stampa Cattolica - Per una cultura che nasce dalla Rivelazione cristiana in conformit\u00e0 alla tradizione e al Magistero della Chiesa in opposizione ad ogni relativismo e totalitarismo","og_url":"https:\/\/www.rassegnastampa-totustuus.it\/cattolica\/il-comune-di-pisa-1080-1406\/","og_site_name":"Rassegna Stampa Cattolica","article_publisher":"https:\/\/www.facebook.com\/rassegnastampacattolica","article_published_time":"2005-09-04T22:00:00+00:00","article_modified_time":"2014-11-17T09:31:55+00:00","og_image":[{"width":217,"height":233,"url":"https:\/\/www.rassegnastampa-totustuus.it\/cattolica\/wp-content\/uploads\/2005\/09\/Pisa_medievale.jpg","type":"image\/jpeg"}],"author":"Redazione","twitter_card":"summary_large_image","twitter_creator":"@rassegnastampa9","twitter_site":"@rassegnastampa9","twitter_misc":{"Scritto da":"Redazione","Tempo di lettura stimato":"10 minuti"},"schema":{"@context":"https:\/\/schema.org","@graph":[{"@type":"Article","@id":"https:\/\/www.rassegnastampa-totustuus.it\/cattolica\/il-comune-di-pisa-1080-1406\/#article","isPartOf":{"@id":"https:\/\/www.rassegnastampa-totustuus.it\/cattolica\/il-comune-di-pisa-1080-1406\/"},"author":{"name":"Redazione","@id":"https:\/\/www.rassegnastampa-totustuus.it\/cattolica\/#\/schema\/person\/08f319d2bd1a0904ad9e2bfb7b15e5c3"},"headline":"Il Comune di Pisa (1080-1406)","datePublished":"2005-09-04T22:00:00+00:00","dateModified":"2014-11-17T09:31:55+00:00","mainEntityOfPage":{"@id":"https:\/\/www.rassegnastampa-totustuus.it\/cattolica\/il-comune-di-pisa-1080-1406\/"},"wordCount":1974,"publisher":{"@id":"https:\/\/www.rassegnastampa-totustuus.it\/cattolica\/#organization"},"image":{"@id":"https:\/\/www.rassegnastampa-totustuus.it\/cattolica\/il-comune-di-pisa-1080-1406\/#primaryimage"},"thumbnailUrl":"https:\/\/www.rassegnastampa-totustuus.it\/cattolica\/wp-content\/uploads\/2005\/09\/Pisa_medievale.jpg","keywords":["medioevo","Pisa"],"articleSection":["Medioevo","Storia","Storia italiana"],"inLanguage":"it-IT"},{"@type":"WebPage","@id":"https:\/\/www.rassegnastampa-totustuus.it\/cattolica\/il-comune-di-pisa-1080-1406\/","url":"https:\/\/www.rassegnastampa-totustuus.it\/cattolica\/il-comune-di-pisa-1080-1406\/","name":"Il Comune di Pisa (1080-1406) - Rassegna Stampa Cattolica","isPartOf":{"@id":"https:\/\/www.rassegnastampa-totustuus.it\/cattolica\/#website"},"primaryImageOfPage":{"@id":"https:\/\/www.rassegnastampa-totustuus.it\/cattolica\/il-comune-di-pisa-1080-1406\/#primaryimage"},"image":{"@id":"https:\/\/www.rassegnastampa-totustuus.it\/cattolica\/il-comune-di-pisa-1080-1406\/#primaryimage"},"thumbnailUrl":"https:\/\/www.rassegnastampa-totustuus.it\/cattolica\/wp-content\/uploads\/2005\/09\/Pisa_medievale.jpg","datePublished":"2005-09-04T22:00:00+00:00","dateModified":"2014-11-17T09:31:55+00:00","description":"Rassegna Stampa Cattolica - Per una cultura che nasce dalla Rivelazione cristiana in conformit\u00e0 alla tradizione e al Magistero della Chiesa in opposizione ad ogni relativismo e totalitarismo","breadcrumb":{"@id":"https:\/\/www.rassegnastampa-totustuus.it\/cattolica\/il-comune-di-pisa-1080-1406\/#breadcrumb"},"inLanguage":"it-IT","potentialAction":[{"@type":"ReadAction","target":["https:\/\/www.rassegnastampa-totustuus.it\/cattolica\/il-comune-di-pisa-1080-1406\/"]}]},{"@type":"ImageObject","inLanguage":"it-IT","@id":"https:\/\/www.rassegnastampa-totustuus.it\/cattolica\/il-comune-di-pisa-1080-1406\/#primaryimage","url":"https:\/\/www.rassegnastampa-totustuus.it\/cattolica\/wp-content\/uploads\/2005\/09\/Pisa_medievale.jpg","contentUrl":"https:\/\/www.rassegnastampa-totustuus.it\/cattolica\/wp-content\/uploads\/2005\/09\/Pisa_medievale.jpg","width":217,"height":233},{"@type":"BreadcrumbList","@id":"https:\/\/www.rassegnastampa-totustuus.it\/cattolica\/il-comune-di-pisa-1080-1406\/#breadcrumb","itemListElement":[{"@type":"ListItem","position":1,"name":"Home","item":"https:\/\/www.rassegnastampa-totustuus.it\/cattolica\/"},{"@type":"ListItem","position":2,"name":"Il Comune di Pisa (1080-1406)"}]},{"@type":"WebSite","@id":"https:\/\/www.rassegnastampa-totustuus.it\/cattolica\/#website","url":"https:\/\/www.rassegnastampa-totustuus.it\/cattolica\/","name":"Rassegna Stampa Cattolica","description":"Per una cultura che nasce dalla Rivelazione cristiana in conformit\u00e0 alla tradizione e al Magistero della Chiesa in opposizione ad ogni relativismo e totalitarismo","publisher":{"@id":"https:\/\/www.rassegnastampa-totustuus.it\/cattolica\/#organization"},"alternateName":"Rass. Cattolica","potentialAction":[{"@type":"SearchAction","target":{"@type":"EntryPoint","urlTemplate":"https:\/\/www.rassegnastampa-totustuus.it\/cattolica\/?s={search_term_string}"},"query-input":{"@type":"PropertyValueSpecification","valueRequired":true,"valueName":"search_term_string"}}],"inLanguage":"it-IT"},{"@type":"Organization","@id":"https:\/\/www.rassegnastampa-totustuus.it\/cattolica\/#organization","name":"Rassegna Stampa Cattolica","url":"https:\/\/www.rassegnastampa-totustuus.it\/cattolica\/","logo":{"@type":"ImageObject","inLanguage":"it-IT","@id":"https:\/\/www.rassegnastampa-totustuus.it\/cattolica\/#\/schema\/logo\/image\/","url":"https:\/\/www.rassegnastampa-totustuus.it\/cattolica\/wp-content\/uploads\/2014\/04\/logo-rassegna1.gif","contentUrl":"https:\/\/www.rassegnastampa-totustuus.it\/cattolica\/wp-content\/uploads\/2014\/04\/logo-rassegna1.gif","width":600,"height":163,"caption":"Rassegna Stampa Cattolica"},"image":{"@id":"https:\/\/www.rassegnastampa-totustuus.it\/cattolica\/#\/schema\/logo\/image\/"},"sameAs":["https:\/\/www.facebook.com\/rassegnastampacattolica","https:\/\/x.com\/rassegnastampa9"]},{"@type":"Person","@id":"https:\/\/www.rassegnastampa-totustuus.it\/cattolica\/#\/schema\/person\/08f319d2bd1a0904ad9e2bfb7b15e5c3","name":"Redazione","image":{"@type":"ImageObject","inLanguage":"it-IT","@id":"https:\/\/secure.gravatar.com\/avatar\/2fcdf27c78ea025fbdb44e914cc63c72249ffec9dc8aafd5c82b26240ef3f346?s=96&d=mm&r=g","url":"https:\/\/secure.gravatar.com\/avatar\/2fcdf27c78ea025fbdb44e914cc63c72249ffec9dc8aafd5c82b26240ef3f346?s=96&d=mm&r=g","contentUrl":"https:\/\/secure.gravatar.com\/avatar\/2fcdf27c78ea025fbdb44e914cc63c72249ffec9dc8aafd5c82b26240ef3f346?s=96&d=mm&r=g","caption":"Redazione"},"url":"https:\/\/www.rassegnastampa-totustuus.it\/cattolica\/author\/pietroelle\/"}]}},"_links":{"self":[{"href":"https:\/\/www.rassegnastampa-totustuus.it\/cattolica\/wp-json\/wp\/v2\/posts\/1271","targetHints":{"allow":["GET"]}}],"collection":[{"href":"https:\/\/www.rassegnastampa-totustuus.it\/cattolica\/wp-json\/wp\/v2\/posts"}],"about":[{"href":"https:\/\/www.rassegnastampa-totustuus.it\/cattolica\/wp-json\/wp\/v2\/types\/post"}],"author":[{"embeddable":true,"href":"https:\/\/www.rassegnastampa-totustuus.it\/cattolica\/wp-json\/wp\/v2\/users\/6"}],"replies":[{"embeddable":true,"href":"https:\/\/www.rassegnastampa-totustuus.it\/cattolica\/wp-json\/wp\/v2\/comments?post=1271"}],"version-history":[{"count":3,"href":"https:\/\/www.rassegnastampa-totustuus.it\/cattolica\/wp-json\/wp\/v2\/posts\/1271\/revisions"}],"predecessor-version":[{"id":13444,"href":"https:\/\/www.rassegnastampa-totustuus.it\/cattolica\/wp-json\/wp\/v2\/posts\/1271\/revisions\/13444"}],"wp:featuredmedia":[{"embeddable":true,"href":"https:\/\/www.rassegnastampa-totustuus.it\/cattolica\/wp-json\/wp\/v2\/media\/13443"}],"wp:attachment":[{"href":"https:\/\/www.rassegnastampa-totustuus.it\/cattolica\/wp-json\/wp\/v2\/media?parent=1271"}],"wp:term":[{"taxonomy":"category","embeddable":true,"href":"https:\/\/www.rassegnastampa-totustuus.it\/cattolica\/wp-json\/wp\/v2\/categories?post=1271"},{"taxonomy":"post_tag","embeddable":true,"href":"https:\/\/www.rassegnastampa-totustuus.it\/cattolica\/wp-json\/wp\/v2\/tags?post=1271"}],"curies":[{"name":"wp","href":"https:\/\/api.w.org\/{rel}","templated":true}]}}