{"id":1270,"date":"2005-09-05T00:00:00","date_gmt":"2005-09-04T22:00:00","guid":{"rendered":""},"modified":"2016-01-26T17:28:44","modified_gmt":"2016-01-26T16:28:44","slug":"breve-storia-dellitalia-cronologia","status":"publish","type":"post","link":"https:\/\/www.rassegnastampa-totustuus.it\/cattolica\/breve-storia-dellitalia-cronologia\/","title":{"rendered":"Breve storia dell&#8217;Italia (Cronologia)"},"content":{"rendered":"<div style=\"text-align: justify;\"><strong> <a href=\"https:\/\/www.rassegnastampa-totustuus.it\/cattolica\/wp-content\/uploads\/2005\/09\/barbari.jpg\"><img loading=\"lazy\" decoding=\"async\" class=\"alignleft wp-image-29936\" src=\"https:\/\/www.rassegnastampa-totustuus.it\/cattolica\/wp-content\/uploads\/2005\/09\/barbari.jpg\" alt=\"barbari\" width=\"200\" height=\"173\" \/><\/a>451<\/strong> Gli Unni di Attila invadono l\u2019Italia e distruggono Aquileia (452)<\/div>\n<p style=\"text-align: justify;\"><strong>455<\/strong> Roma \u00e8 messa a sacco dai Vandali di Genserico<\/p>\n<p style=\"text-align: justify;\"><strong>476<\/strong> Caduta dell&#8217;Impero Romano d&#8217;Occidente: Odoacre depone Romolo Augustolo e si fa proclamare re dai suoi soldati.<\/p>\n<p style=\"text-align: justify;\"><strong>489-490<\/strong> Teodorico, re degli ostrogoti, \u00e8 inviato dall&#8217;imperatore d&#8217;oriente Zenone in Italia contro Odoacre e lo sconfigge pi\u00f9 volte.<\/p>\n<p style=\"text-align: justify;\"><strong>493-526<\/strong> Teodorico, fatto uccide re Odoacre, consolida il proprio dominio in Italia e sviluppa una politica interna di accordo con i latini e una politica esterna di predominio sugli altri regni romano-barbarici, mediante alleanze e accordi matrimoniali. Fonda il regno romano-barbarico degli Ostrogoti<\/p>\n<p style=\"text-align: justify;\"><strong>526 <\/strong>Teodorico muore a Ravenna inizia la guerra gotico-bizantina (535-553).<\/p>\n<p style=\"text-align: justify;\"><strong>535-553<\/strong> Guerra gotica. L&#8217;imperatore d&#8217;oriente, Giustiniano, invia in Italia un esercito guidato da Belisario e poi<\/p>\n<p style=\"text-align: justify;\"><strong>540<\/strong> Dopo l\u2019assedio di Ravenna, il re dei Goti Vitige \u00e8 fatto prigioniero da Belisario, ma il nuovo re Totila (541) riconquista l\u2019Italia<\/p>\n<p style=\"text-align: justify;\"><strong>540<\/strong>ca San Benedetto, dopo fondato il monastero di Montecassino (529ca), redige la <em>Regula<\/em> che fornir\u00e0 le premesse del monachesimo occidentale.<\/p>\n<p style=\"text-align: justify;\"><strong>553-568<\/strong> Dominio bizantino in Italia.<\/p>\n<p style=\"text-align: justify;\"><strong>554<\/strong> Sconfitti gli Ostrogoti, l\u2019Italia passa sotto la diretta amministrazione imperiale di Bisanzio<strong>.<\/strong><\/p>\n<p style=\"text-align: justify;\"><strong>568<\/strong> I Longobardi, guidati dal re Alboino, penetrano nel Friuli e da l\u00ec dilagano nella Pianura Padana, per poi dirigersi a sud, pur senza mai riuscire a costituire un unico regno.<\/p>\n<p style=\"text-align: justify;\"><strong>569<\/strong> I longobardi, guidati dal re Alboino, scendono in Italia. Pavia diventa la capitale del regno longobardo che comprende l&#8217;Italia settentrionale e i ducati di Spoleto e Benevento.<\/p>\n<p style=\"text-align: justify;\"><strong>574 <\/strong>Uccisione del re Clefi.<\/p>\n<p style=\"text-align: justify;\"><strong>584<\/strong> Viene eletto re dei longobardi Autari, sposo di Teodolinda, figlia del duca di Baviera.<\/p>\n<p style=\"text-align: justify;\"><strong>590<\/strong> Agilulfo sposa Teodolinda rimasta vedova e stabilisce relazioni pacifiche con i Franchi e con i Bizantini.<\/p>\n<p style=\"text-align: justify;\"><strong>591-616 <\/strong>Regno di Agilulfo. Sotto il pontificato di Gregorio Magno (590-604) cresce l\u2019autonomia della Chiesa ponendo cos\u00ec le basi del potere temporale dei papi.<\/p>\n<p style=\"text-align: justify;\"><strong><a href=\"https:\/\/www.rassegnastampa-totustuus.it\/cattolica\/wp-content\/uploads\/2012\/05\/Gregorio-VII.png\"><img loading=\"lazy\" decoding=\"async\" class=\"alignright wp-image-23965\" src=\"https:\/\/www.rassegnastampa-totustuus.it\/cattolica\/wp-content\/uploads\/2012\/05\/Gregorio-VII.png\" alt=\"Gregorio VII\" width=\"159\" height=\"200\" \/><\/a>603<\/strong> Gregono Magno conclude la pace fra longobardi e bizantini e, grazie all&#8217;opera di persuasione di Teodolinda moglie del re Agilulfo, inizia la conversione al cattolicesimo del popolo longobardo<\/p>\n<p style=\"text-align: justify;\"><strong>636-652<\/strong> Regno di Rotari.<\/p>\n<p style=\"text-align: justify;\"><strong>643<\/strong> Rotari promulga la prima legislazione scritta del suo popolo, l\u2019Editto di Rotari, una raccolta organica delle leggi consuetudinarie germaniche in vigore presso i Longobardi , notevolmente influenzata dal diritto romano.<\/p>\n<p style=\"text-align: justify;\"><strong>712<\/strong> Sale al trono Liutprando, il regno longobardo raggiunge il suo culmine. Il re tenta di completare la conquista dell\u2019Italia, occupando l\u2019esarcato di Ravenna e giungendo ai confini del Ducato Romano. Ma poi rinuncia ai suoi propositi piegandosi all\u2019autorit\u00e0 del papa.<\/p>\n<p style=\"text-align: justify;\"><strong>728<\/strong> Liutprando toglie ai bizantini Bologna e Sutri, ma \u00e8 indotto da papa Gregorio II a ritirarsi e a donare Sutri al papato che costituir\u00e0 il primo nucleo del Territorio di S.Pietro.<\/p>\n<p style=\"text-align: justify;\"><strong>733-742<\/strong> Liutprando in lotta contro i bizantini e il papato occupa l&#8217;Emilia e le Marche, e assedia Roma<\/p>\n<p style=\"text-align: justify;\"><strong>749<\/strong> Astolfo, re dei longobardi occupa Ravenna e la Pentapoli (750-751) e attacca i territori della Chiesa.<\/p>\n<p style=\"text-align: justify;\"><strong>751<\/strong> Il re Astolfo riprende l\u2019offensiva contro l\u2019Italia centrale.<\/p>\n<p style=\"text-align: justify;\"><strong>754<\/strong> Chiamato dal papa Stefano II (753) scende in Italia il re dei franchi Pipino il Breve, che, battuto Astolfo, lo costringe con la pace di Pavia a restituire al papa le terre tolte ai bizantini.<\/p>\n<p style=\"text-align: justify;\"><strong>756<\/strong> Astolfo riprende le ostilit\u00e0 contro il papa e assedia Roma.. Pipino il Breve scende nuovamente in Italia, sconfigge Astolfo e con il secondo trattato di Pavia lo obbliga a rinunciare all&#8217;esarcato e alla Pentapoli, che cede a sua volta al papa (donazione di Pipino). Lo Stato della Chiesa si estende ora dal ducato di Roma alle Marche e alla Romagna.<\/p>\n<p style=\"text-align: justify;\"><strong>756<\/strong> Desiderio succede ad Astolfo. Desiderio fa sposare le sue due figlie ai figli di Pipino, Carlomanno e Carlo (il futuro Carlo Magno), per cercare l\u2019alleanza con i .Franchi. Ma, morto Carlomanno, Carlo usurpa i diritti della cognata, ripudia la moglie e si impossessa della corona dei Franchi.<\/p>\n<p style=\"text-align: justify;\"><strong>756-774<\/strong> Regno di Desiderio.<\/p>\n<p style=\"text-align: justify;\"><strong>772<\/strong> Desiderio invade lo Stato della Chiesa.<\/p>\n<p style=\"text-align: justify;\"><strong>773-774<\/strong> Carlo, intitolatosi re dei Franchi e dei Longobardi, viene proclamato re dei franchi e dei longobardi.<\/p>\n<p style=\"text-align: justify;\"><strong><a href=\"https:\/\/www.rassegnastampa-totustuus.it\/cattolica\/wp-content\/uploads\/2014\/03\/carlomagno.jpg\"><img loading=\"lazy\" decoding=\"async\" class=\"alignleft wp-image-6800\" src=\"https:\/\/www.rassegnastampa-totustuus.it\/cattolica\/wp-content\/uploads\/2014\/03\/carlomagno.jpg\" alt=\"carlomagno\" width=\"165\" height=\"200\" \/><\/a>774<\/strong> Carlo Magno chiamato in aiuto dal papa Adriano I scende in Italia espugna Pavia e cattura Desiderio, poi sconfigge Adelchi, figlio di Desiderio, ponendo termine alla dominazione longobarda in Italia. L\u2019Italia settentrionale passa sotto il dominio di Carlo Magno,<\/p>\n<p style=\"text-align: justify;\"><strong>781<\/strong> Carlo Magno investe del regno, ribattezzato Regno italico, il figlio Pipino.<\/p>\n<p style=\"text-align: justify;\"><strong>800<\/strong> Carlo Magno \u00e8 incoronato a Roma imperatore da Leone III. Il Regno italico, sempre con Pavia come capitale, diviene parte integrante dell\u2019Impero romano ricostituito in Occidente. All\u2019Impero bizantino restano ( in Italia ), Puglia, Basilicata, Calabria, la Sicilia e la Sardegna; restano di fatto indipendenti Venezia e Napoli.<\/p>\n<p style=\"text-align: justify;\"><strong>814<\/strong> Morto Carlo Magno gli succede sul trono imperiale Ludovico il Pio (814-840).<\/p>\n<p style=\"text-align: justify;\"><strong>817<\/strong> Ludovico il Pio emana l&#8217;<em>ordinatio imperii<\/em> con cui regola la propria successione<\/p>\n<p style=\"text-align: justify;\"><strong>827<\/strong> Gli arabi Aghlabiti iniziano la conquista della Sicilia, conclusa nel 902, strappandola facilmente ai Bizantini.<\/p>\n<p style=\"text-align: justify;\"><strong><a href=\"https:\/\/www.rassegnastampa-totustuus.it\/cattolica\/wp-content\/uploads\/2005\/09\/Italia.jpg\"><img loading=\"lazy\" decoding=\"async\" class=\"alignright wp-image-29935\" src=\"https:\/\/www.rassegnastampa-totustuus.it\/cattolica\/wp-content\/uploads\/2005\/09\/Italia.jpg\" alt=\"Italia\" width=\"146\" height=\"200\" \/><\/a>840-855<\/strong> Regno di Lotario.<\/p>\n<p style=\"text-align: justify;\"><strong>843<\/strong> Il trattato di Verdun, pone fine alla contesa ereditaria tra i figli di Ludovico il Pio. Lotario ottiene il possesso dell&#8217;Italia, della Borgogna e della Lorena.<\/p>\n<p style=\"text-align: justify;\"><strong>849 <\/strong>La vittoria navale bizantina di Ostia sui saraceni argina l&#8217;avanzata musulmana.<\/p>\n<p style=\"text-align: justify;\"><strong>855-875<\/strong> Ludovico \u00e8 imperatore e re d&#8217;Italia. Gli succede dopo un&#8217;aspra lotta Carlo II il Calvo (875-877), gi\u00e0 re di Francia.<\/p>\n<p style=\"text-align: justify;\"><strong>879<\/strong> Carlomanno (877-880) re d&#8217;Italia e di Baviera lascia il governo dell&#8217;Italia al fratello Carlo il Grosso.<\/p>\n<p style=\"text-align: justify;\"><strong>881<\/strong> Carlo III il Grosso \u00e8 re d&#8217;Italia e imperatore.<\/p>\n<p style=\"text-align: justify;\"><strong>887<\/strong> Deposizione di Carlo il Grosso e disgregazione dell&#8217;impero carolingio.<\/p>\n<p style=\"text-align: justify;\"><strong> 888<\/strong> Il Regno d&#8217;Italia passa a Berengario I del Friuli, nipote di Ludovico il Pio. Fine della dinastia carolingia; l\u2019Italia centro-settentrionale cade preda dei contrasti tra i grandi signori feudali per il titolo di re d\u2019Italia e di imperatore. Berengario, marchese del Friuli, ha la meglio e viene incoronato re d\u2019Italia, titolo che perder\u00e0 e riconquister\u00e0 di nuovo nel 898.<\/p>\n<p style=\"text-align: justify;\"><strong>889<\/strong> Berengario \u00e8 sconfitto da Guido, duca di Spoleto, e si ritira nella marca del Friuli.<\/p>\n<p style=\"text-align: justify;\"><strong>891<\/strong> Guido di Spoleto \u00e8 incoronato imperatore e il figlio Lamberto gli viene associato come re d&#8217;ltalia e come imperatore (892)<\/p>\n<p style=\"text-align: justify;\"><strong>896<\/strong> Arnolfo di Carinzia sceso in Italia contro Lamberto di Spoleto, \u00e8 incoronato a sua volta imperatore da papa Formoso.<\/p>\n<p style=\"text-align: justify;\"><strong>899<\/strong> <em>Scomparsi Arnolfo e Lamberto, Berengario si riprende la corona d&#8217;Italia, ma viene sconfitto dagli ungari sul Brenta.<\/em><\/p>\n<p style=\"text-align: justify;\"><strong>900<\/strong> Ludovico, re di Provenza, chiamato dai signori italiani contro Berengario, \u00e8 incoronato re d&#8217;Italia, ma \u00e8 poi vinto da Berengario (905).<\/p>\n<p style=\"text-align: justify;\"><strong>915<\/strong> Berengario \u00e8 incoronato imperatore da papa Giovanni X a Roma. Battaglia del Garigliano: una lega di forze bizantine, papali e longobarde condotte dal papa Giovanni X sconfigge i saraceni e distrugge la loro base.<\/p>\n<p style=\"text-align: justify;\"><strong>921<\/strong> I grandi feudatari italiani si ribellano a Berengario e chiamano in Italia Rodolfo II di Borgogna, che sconfigge Berengario e si fa nominare re d&#8217;Italia (923).<\/p>\n<p style=\"text-align: justify;\"><strong>924<\/strong> I feudatari italiani abbandonano Rodolfo II e si appellano a Ugo di Provenza. Pavia viene saccheggiata dagli Ungari.<\/p>\n<p style=\"text-align: justify;\"><strong>926<\/strong> Ugo di Provenza scende in Italia contro Rodolfo che si ritira, permettendogli di ottenere la corona del Regno d&#8217;Italia (926-946).<\/p>\n<p style=\"text-align: justify;\"><strong>948<\/strong> Muore Ugo di Provenza lasciando erede il figlio Lotario.<\/p>\n<p style=\"text-align: justify;\"><strong>950<\/strong> Alla morte di Lotario di Provenza, Berengario d&#8217;Ivrea suo ministro viene incoronato re. Lo stesso vorrebbe imporre ad Adelaide, vedova di Lotario, suo predecessore, il matrimonio con il proprio figlio Adalberto. Adelaide rifiuta e chiede aiuto a Ottone I che scende in Italia e la sposa (951).<\/p>\n<p style=\"text-align: justify;\"><strong>951 <\/strong>Ottone I di Sassonia, re di Germania, scende in Italia per sostenere i diritti di Adelaide vedova di Lotario, e, battuto Berengario assume il titolo di re dei franchi e degli italici. L&#8217;anno successivo concede l&#8217;investitura regia a Berengario II e al figlio Adalberto.<\/p>\n<p style=\"text-align: justify;\"><strong>962 963<\/strong> Giovanni XII viene deposto.<\/p>\n<p style=\"text-align: justify;\"><strong>964<\/strong> Berengario \u00e8 catturato ed esiliato da Ottone.<\/p>\n<p style=\"text-align: justify;\"><strong>967<\/strong> Dopo aver fatto incoronare coimperatore il figlio Ottone II, Ottone I tenta di annettere l&#8217;Italia meridionale.<\/p>\n<p style=\"text-align: justify;\"><strong>983-1002<\/strong> Regno di Ottone III<\/p>\n<p style=\"text-align: justify;\"><strong>952<\/strong> Berengario II si riconosce vassallo di Ottone, cosicch\u00e9 l\u2019Italia diventa feudo della Corona germanica.<\/p>\n<p style=\"text-align: justify;\"><strong><a href=\"https:\/\/www.rassegnastampa-totustuus.it\/cattolica\/wp-content\/uploads\/2005\/09\/Ottone-I-Sassonia.jpg\"><img loading=\"lazy\" decoding=\"async\" class=\"alignleft wp-image-29938\" src=\"https:\/\/www.rassegnastampa-totustuus.it\/cattolica\/wp-content\/uploads\/2005\/09\/Ottone-I-Sassonia.jpg\" alt=\"Ottone I Sassonia\" width=\"250\" height=\"161\" \/><\/a>962<\/strong> Ottone I, sceso in Italia chiamato dal papa Giovanni XII contro Berengario II (961), Viene stipulato un patto con papa Giovanni XII, (<em>privilegium Othonis)<\/em> cos\u00ec Ottone I si assicura il controllo sull\u2019elezione del pontefice, in cambio del riconoscimento della legittimit\u00e0 del dominio della Santa Sede. Ottone crea il Sacro Romano Impero, unendo il regno d\u2019Italia al Sacro Romano Impero<\/p>\n<p style=\"text-align: justify;\"><strong>973<\/strong> Sale al trono Ottone II che tenta la conquista militare delle regioni dell\u2019Italia meridionale occupate dai Saraceni, ma \u00e8 duramente sconfitto dagli Arabi in Calabria. I Bizantini approfittano dell\u2019insuccesso di Ottone II per rafforzare le proprie posizioni a spese degli Arabi e dei Longobardi.<\/p>\n<p style=\"text-align: center;\"><strong>BASSO MEDIOEVO<\/strong><\/p>\n<p style=\"text-align: center;\"><strong>dall&#8217;anno 1000 all&#8217;anno 1492<\/strong><\/p>\n<p style=\"text-align: justify;\"><strong>1002-1014<\/strong> Morto Ottone, la dura contesa fra Arduino d&#8217;Ivrea e Enrico II si conclude con l&#8217;incoronazione di quest&#8217;ultimo.<\/p>\n<p style=\"text-align: justify;\"><strong>1009<\/strong> Melo di Bari guida una rivolta antibizantina, aiutato nell\u2019impresa da un gruppo di Normanni , che fanno cos\u00ec la loro comparsa in Italia.<\/p>\n<p style=\"text-align: justify;\"><strong>1015<\/strong> Genova si allea con Pisa e occupa la Corsica e la Sardegna, ma subito comincia la rivalit\u00e0 fra le due repubbliche marinare.<\/p>\n<p style=\"text-align: justify;\"><strong>1027<\/strong> Corrado II il Salico diviene imperatore romano.<\/p>\n<p style=\"text-align: justify;\"><strong>1028<\/strong> Rainulfo Drengot ottiene la contea di Aversa fra Capua (principato) e Napoli (ducato), \u00e8 il primo possesso normanno nel Sud.<\/p>\n<p style=\"text-align: justify;\"><strong>1035<\/strong> Scoppia la rivolta dei valvassori contro i feudatari maggiori per ottenere l\u2019ereditariet\u00e0 dei feudi minori; bersaglio della rivolta \u00e8 anche l\u2019arcivescovo Ariberto che invece \u00e8 spalleggiato dalla cittadinanza milanese. Le parti si confrontano a Campomalo, dove i milanesi si stringono intorno al Carroccio.<\/p>\n<p style=\"text-align: justify;\"><strong>1037 <\/strong>Corrado II emana la <em>Constitutio de feudis<\/em>. L\u2019imperatore condanna Ariberto ed estende l\u2019ereditariet\u00e0 ai feudi minori.<\/p>\n<p style=\"text-align: justify;\"><strong>1042<\/strong> Guglielmo d&#8217;Altavilla si proclama conte di Puglia.<\/p>\n<p style=\"text-align: justify;\"><strong>1044<\/strong> A Milano la lotta fra nobili e cittadini, si conclude con un governo misto.<\/p>\n<p style=\"text-align: justify;\"><strong>1046 1046<\/strong> Enrico III elegge papa Clemente II, che lo incorona imperatore.<\/p>\n<div id=\"attachment_29939\" style=\"width: 155px\" class=\"wp-caption alignright\"><a href=\"https:\/\/www.rassegnastampa-totustuus.it\/cattolica\/wp-content\/uploads\/2005\/09\/Normanni.jpg\"><img loading=\"lazy\" decoding=\"async\" aria-describedby=\"caption-attachment-29939\" class=\"wp-image-29939\" src=\"https:\/\/www.rassegnastampa-totustuus.it\/cattolica\/wp-content\/uploads\/2005\/09\/Normanni.jpg\" alt=\"Normanni\" width=\"155\" height=\"200\" \/><\/a><p id=\"caption-attachment-29939\" class=\"wp-caption-text\">soldati normanni<\/p><\/div>\n<p style=\"text-align: justify;\"><strong>1053<\/strong> Papa Leone IX che avanzava pretese sull&#8217;Italia meridonale \u00e8 sconfitto a Civitate dagli eserciti normanni e preso prigioniero.<\/p>\n<p style=\"text-align: justify;\"><strong>1056-1106<\/strong> Regno di Enrico IV.<\/p>\n<p style=\"text-align: justify;\"><strong>1059<\/strong> Col decreto di Niccol\u00f2 II si delibera che il papa venga eletto dai cardinali, senza intromissioni della nobilt\u00e0 romana, n\u00e9 dell\u2019imperatore. Nel Sinodo di Melfi i Normanni si riconoscono vassalli del papa. Quindi pongono fine alla dominazione bizantina nell\u2019Italia meridionale ed a quella araba in Sicilia.<\/p>\n<p style=\"text-align: justify;\"><strong>1059<\/strong> Niccolo II riconosce Roberto d&#8217;Altavilla detto il Guiscardo nel ducato di Puglia e Riccardo Quarrel nel principato di Capua.<\/p>\n<p style=\"text-align: justify;\"><strong>1073<\/strong> Ildebrano di Soana \u00e8 papa col nome di Gregorio VII.<\/p>\n<p style=\"text-align: justify;\"><strong>1075<\/strong> In un nuovo Concilio la Chiesa col <em>Dictatus papae<\/em> inizia la lotta per le investiture rivendicava per s\u00e9 sola il diritto di conferire le investiture spirituali, apre la lotta per le investiture tra Papato e impero (1075-1122).<\/p>\n<p style=\"text-align: justify;\"><strong>1076 <\/strong>Enrico IV convoca il concilio di Worms e fa deporre. Il papa scomunica l&#8217;imperatore e<\/p>\n<p style=\"text-align: justify;\"><strong>1076 <\/strong>Al Sinodo di Worms Enrico IV e i vescovi tedeschi dichiarano deposto il papa Gregorio VII. Nello stesso anno, al Concilio lateranense, Gregorio VII scomunica e depone l\u2019imperatore e scioglie i suoi sudditi dal vincolo di fedelt\u00e0.<\/p>\n<p style=\"text-align: justify;\"><strong>1077<\/strong> Enrico IV a Canossa si umilia ai piedi di Gregorio VII per chiedere l\u2019assoluzione. Nello stesso anno conferisce al patriarca Sigeardo l\u2019investitura feudale con prerogative ducali su tutta la contea del Friuli che manterr\u00e0 la sua integrit\u00e0 territoriale e la sua autonomia politica fino al 1420<\/p>\n<p style=\"text-align: justify;\"><strong>1080<\/strong> Enrico IV riprende le armi contro Gregorio VII che lo scomunica nuovamente.<\/p>\n<p style=\"text-align: justify;\"><strong>1084<\/strong> Enrico IV assedia Gregorio VII in Castel Sant&#8217;Angelo, e si fa incoronare imperatore dall&#8217;antipapa Clemente III; Roberto il Guiscardo viene in aiuto di Gregorio VII. Roma, \u00e8 saccheggiata. Gregorio VII muore a Salerno (1085).<\/p>\n<p style=\"text-align: justify;\"><strong>1090<\/strong> Enrico IV riprende la lotta contro il papa Urbano II. Corrado, figlio di Enrico si schiera dalla parte del papa e con Matilde di Canossa e diverse citt\u00e0 della lombarde<\/p>\n<p style=\"text-align: justify;\"><strong>1095<\/strong> Urbano II rinnova la condanna della simonia e delle investiture laiche. Bandisce la crociata<\/p>\n<p style=\"text-align: justify;\"><strong><a href=\"https:\/\/www.rassegnastampa-totustuus.it\/cattolica\/wp-content\/uploads\/2011\/11\/crociate.jpg\"><img loading=\"lazy\" decoding=\"async\" class=\"alignleft wp-image-23212\" src=\"https:\/\/www.rassegnastampa-totustuus.it\/cattolica\/wp-content\/uploads\/2011\/11\/crociate.jpg\" alt=\"crociate\" width=\"250\" height=\"179\" \/><\/a>1095-1099<\/strong> La prima crociata per la liberazione dei luoghi santi della cristianit\u00e0. VI partecipa l&#8217;alta feudalit\u00e0 europea, appoggiata dalle repubbliche marinare di Genova e Venezia<\/p>\n<p style=\"text-align: justify;\"><strong>1104<\/strong> Enrico V costringe il padre Enrico IV ad abdicare e, alla sua morte nel 1106, \u00e8 eletto imperatore con l\u2019appoggio di papa Pasquale II.<\/p>\n<p style=\"text-align: justify;\"><strong>1110-11<\/strong> Enrico V, dopo aver costretto il padre Enrico IV ad abdicare (1106) scende in Italia e si accorda a Sutri col Papa Pasquale II sul problema delle investiture.<\/p>\n<p style=\"text-align: justify;\"><strong>1115<\/strong> Matilde di Canossa muore lasciando erede dei suoi beni la Chiesa.<\/p>\n<p style=\"text-align: justify;\"><strong>1116-18<\/strong> Enrico V torna in Italia per rivendicare i beni feudali di Matilde e riprende la lotta per le investiture.<\/p>\n<p style=\"text-align: justify;\"><strong>1122<\/strong> Con il Concordato di Worms vengono accordati all\u2019imperatore precisi diritti nella creazione dei vescovi-conti e degli abati-conti, ma si riserva esclusivamente al papa l\u2019investitura spirituale. Enrico V e Callisto II pongono fine alla lotta per le investiture.<\/p>\n<p style=\"text-align: justify;\"><strong>1125-52<\/strong> Periodo di crisi imperiale durante il quale si affermano e si sviluppano i comuni in Italia<\/p>\n<p style=\"text-align: justify;\"><strong>1127<\/strong> Ruggero II di Altavilla unifica il dominio normanno di Sicilia con gli altri dell\u2019Italia meridionale, fondando il Regno di Sicilia<\/p>\n<p style=\"text-align: justify;\"><strong>1130<\/strong> Scisma fra Innocenzo II costretto all&#8217;esilio e Anacleto II, che appoggiato, da Ruggero II di Sicilia, gli concede la corona dell&#8217;Italia meridionale.<\/p>\n<p style=\"text-align: justify;\"><strong>1130<\/strong> Venezia con l\u2019istituzione del Commune Veneciarum, diventa una Repubblica oligarchica; accresce la sua potenza commerciale.<\/p>\n<p style=\"text-align: justify;\"><strong>1132-1139<\/strong> Ribellioni di potentati e comuni del Sud contro Ruggero II. Spedizione dell&#8217;imperatore Lotario II e papa Innocenzo II, che investono Rainulfo di Alife del ducato di Puglia (1137).<\/p>\n<p style=\"text-align: justify;\"><strong>1135<\/strong> Pisa distrugge Amalfi.<\/p>\n<p style=\"text-align: justify;\"><strong>1139-1154<\/strong> Espansione mediterranea del Regno di Sicilia, controllato da re Ruggero II.<\/p>\n<p style=\"text-align: justify;\"><strong>1143<\/strong> I cittadini romani si costituiscono in libero comune.<\/p>\n<p style=\"text-align: justify;\"><strong>1145<\/strong> Arnaldo di Brescia inizia la sua predicazione per una riforma religiosa.<\/p>\n<p style=\"text-align: justify;\"><strong>1147-49<\/strong> Bernardo di Chiaravalle che ha fondato numerosi monasteri in Italia, bandisce la seconda crociata.<\/p>\n<p style=\"text-align: justify;\"><strong>1152-90<\/strong> Regno di Federico di Hohenstaufen, detto il Barbarossa. Deciso a restaurare l&#8217;autorit\u00e0 imperiale in Italia discende una prima volta nel 1154-55. Federico entra in Roma, pone fine al libero comune ed \u00e8 incoronato imperatore dal papa Adriano IV.<\/p>\n<p style=\"text-align: justify;\"><strong>1153<\/strong> L\u2019Imperatore Federico I di Svevia &#8220;Barbarossa&#8221; stringe un patto col Papato per restaurare l\u2019autorit\u00e0 imperiale sull\u2019Italia, dove numerosi Comuni dell\u2019Italia settentrionale si erano resi autonomi da ogni autorit\u00e0 esterna, e la stessa Roma aveva cacciato il papa e si era costituita in comune sotto Arnaldo da Brescia.<\/p>\n<div id=\"attachment_26015\" style=\"width: 135px\" class=\"wp-caption alignright\"><a href=\"https:\/\/www.rassegnastampa-totustuus.it\/cattolica\/wp-content\/uploads\/2015\/06\/Barbarossa_contro-_Gubbio.jpg\"><img loading=\"lazy\" decoding=\"async\" aria-describedby=\"caption-attachment-26015\" class=\"wp-image-26015\" src=\"https:\/\/www.rassegnastampa-totustuus.it\/cattolica\/wp-content\/uploads\/2015\/06\/Barbarossa_contro-_Gubbio.jpg\" alt=\"Barbarossa_contro _Gubbio\" width=\"135\" height=\"250\" \/><\/a><p id=\"caption-attachment-26015\" class=\"wp-caption-text\">Barbarossa in Italia<\/p><\/div>\n<p style=\"text-align: justify;\"><strong>1154<\/strong> Federico Barbarossa scende per la prima volta in Italia, nella seconda dieta di Roncaglia fissa con la <em>Constitutio de regalibus<\/em> i diritti imperiali e incendia le ribelli Crema e Milano vengono rase al suolo; distrugge Tortona, libera Roma da Arnaldo e si fa incoronare imperatore dal papa Adriano IV.<\/p>\n<p style=\"text-align: justify;\"><strong>1158 <\/strong>Federico scende per la seconda volta in Italia;<\/p>\n<p style=\"text-align: justify;\"><strong>1159<\/strong> Con l&#8217;elezione al soglio pontificio di Alessandro, riprende la lotta fra papato e impero sulla questione delle investiture.<\/p>\n<p style=\"text-align: justify;\"><strong>1163<\/strong> Federico incontra la resistenza della Lega dei Comuni della Marca Veronese.<\/p>\n<p style=\"text-align: justify;\"><strong>1167<\/strong> Una forza antimperiale (Lega Lombarda) viene costituita a Pontida<\/p>\n<p style=\"text-align: justify;\"><strong>1166-1168<\/strong> Dopo due anni di ostilit\u00e0 Federico si scontra con la Lega Lombarda, costituita col giuramento di Pontida nel 1167. L\u2019imperatore, sconfitto, avvia trattative, a Venezia chiude la pace con Alessandro III (1177).<\/p>\n<p style=\"text-align: justify;\"><strong>1177 <\/strong>Federico I stipula la pace con il papa e con il re di Sicilia.<\/p>\n<p style=\"text-align: justify;\"><strong>1183<\/strong> La pace di Costanza chiude la lunga lotta tra i comuni italiani e Federico I: riconoscimento da parte dei comuni della suprema autorit\u00e0 imperiale, a sua volta l&#8217;imperatore riconosce ai comuni i diritti di regalia e la facolt\u00e0 di eleggere i propri magistrati.<\/p>\n<p style=\"text-align: justify;\"><strong>1184<\/strong> Federico I scende in Italia e si allea con Milano dove suo figlio Enrico VI \u00e8 incoronato re d\u2019Italia. Federico I riesce ad assicurare alla casa di Svevia il controllo dell\u2019Italia meridionale, grazie alle nozze nel 1186 fra Enrico VI e Costanza d\u2019Altavilla.<\/p>\n<p style=\"text-align: justify;\"><strong>1186<\/strong> Il figlio di Federico I, Enrico VI, viene incoronato re d&#8217;Italia. Il matrimonio di Enrico VI con Costanza d&#8217;Altavilla figlia del Re Guglielmo di Sicilia assicura l&#8217;unione del regno normanno all&#8217;impero.<\/p>\n<p style=\"text-align: justify;\"><strong>1189<\/strong> Morte di Guglielmo II di Sicilia. Per impedire la successione di Enrico VI i baroni eleggono re Tancredi di Lecce.<\/p>\n<p style=\"text-align: justify;\"><strong>1190<\/strong> Muore, durante la terza crociata, Federico Barbarossa; gli succede il figlio Enrico VI, che viene incoronato imperatore. Poi (1195) \u00e8 incoronato re di Sicilia.<\/p>\n<p style=\"text-align: justify;\"><strong>1197<\/strong> Morte di Enrico VI. Gli succede, sotto la tutela della madre Costanza e poi di Innocenzo III, Federico II. Si scatenano in Germania e in Italia aspre lotte di successione tra Ottone di Brunswick e Filippo di Svevia.<\/p>\n<p style=\"text-align: justify;\"><strong>1197<\/strong> Enrico VI muore prematuramente. Il figlio di tre anni, Federico, \u00e8 affidato alla tutela del papa Innocenzo III .<\/p>\n<p style=\"text-align: justify;\"><strong>1192-1205<\/strong> I veneziani, sotto il doge Enrico Dandolo, trasportano i crociati in Terra Santa e guadagnano porti e concessioni dall\u2019Adriatico al Mar Nero.<\/p>\n<p style=\"text-align: justify;\"><strong>1198-1216<\/strong> Pontificato di Innocenzo III.<\/p>\n<p style=\"text-align: justify;\"><strong><a href=\"https:\/\/www.rassegnastampa-totustuus.it\/cattolica\/wp-content\/uploads\/2010\/06\/crociate.jpg\"><img loading=\"lazy\" decoding=\"async\" class=\"alignleft wp-image-21128\" src=\"https:\/\/www.rassegnastampa-totustuus.it\/cattolica\/wp-content\/uploads\/2010\/06\/crociate.jpg\" alt=\"crociate\" width=\"146\" height=\"200\" \/><\/a>1202-04<\/strong> Quarta crociata. Venezia, che aveva fornito le navi per la spedizione, si assicura importanti basi nell&#8217;Egeo e sul mar Nero.<\/p>\n<p style=\"text-align: justify;\"><strong>1210<\/strong> In seguito all&#8217;aggressione di Ottone di Brunswick nell&#8217;Italia meridionale, il papa lo scomunica e sostiene Federico II per le corone del regno di Sicilia e del Sacro Romano Impero (1220).<\/p>\n<p style=\"text-align: justify;\"><strong>1212<\/strong> Federico II viene incoronato re di Germania dal papa alla condizione di non riunificare i possessi imperiali e quelli siciliani di cui viene investito Enrico, suo figlio.<\/p>\n<p style=\"text-align: justify;\"><strong>1220<\/strong> Rientrato in Italia, Federico II, <em>Stupor Mundi<\/em>, \u00e8 incoronato imperatore da Onorio III a condizione che parta per una crociata; egli fissa la sua sede a Palermo, che diviene un centro culturale di primo piano.<\/p>\n<p style=\"text-align: justify;\"><strong>1226<\/strong> Si costituisce la seconda lega lombarda in funzione antimperiale.<\/p>\n<p style=\"text-align: justify;\"><strong>1227<\/strong> Federico II non parte per la crociata e il papa solleva i sudditi del regno di Sicilia dal vincolo di fedelt\u00e0.<\/p>\n<p style=\"text-align: justify;\"><strong>1228-29<\/strong> Federico II guida la incruenta V crociata, che gli procura il regno di Gerusalemme.<\/p>\n<p style=\"text-align: justify;\"><strong>1230<\/strong> Da Cassino, dopo la sconfitta delle truppe papali contro Federico II, Gregorio IX revoca la scomunica contro l&#8217;imperatore e ottiene in cambio nuovi privilegi.<\/p>\n<p style=\"text-align: justify;\"><strong>1231<\/strong> Costituzioni di Melfi.<\/p>\n<p style=\"text-align: justify;\"><strong>1237<\/strong> Federico sconfigge la Lega Lombarda nella battaglia di Cortenuova.<\/p>\n<p style=\"text-align: justify;\"><strong>1239<\/strong> La sua lotta contro il papa per affermare il potere imperiale in Italia lo porta alla scomunica da parte di Gregorio IX e poi di Innocenzo IV ( 1243 ).<\/p>\n<p style=\"text-align: justify;\"><strong>1241<\/strong> I pisani, alleati di Federico II, assaltano la flotta genovese che scortava i vescovi francesi diretti al concilio e li fanno prigionieri.<\/p>\n<p style=\"text-align: justify;\"><strong>1248-1249<\/strong> Federico II subisce due gravi sconfitte ad opera dei comuni a Parma ed a Fossalta.<\/p>\n<p style=\"text-align: justify;\"><strong>1249<\/strong> Enzo, re di Sardegna, figlio di Federico II, viene sconfitto a Fossalta e fatto prigioniero dai bolognesi.<\/p>\n<p style=\"text-align: justify;\"><strong>250<\/strong> Federico II muore in Puglia. Papa Clemente IV d\u00e0 la corona di Sicilia a Carlo d\u2019Angi\u00f2, fratello del re di Francia Luigi IX, per sradicare dall\u2019Italia la dinastia sveva.<\/p>\n<p style=\"text-align: justify;\"><strong>1251<\/strong> Corrado IV scende in Italia per prendere possesso del Regno.<\/p>\n<p style=\"text-align: justify;\"><strong>1254<\/strong> Alla morte di Corrado IV gli succede il figlio minorenne Corradino. Nel Regno di Sicilia governa come suo tutore, e poi in proprio, Manfredi figlio naturale dl Federico II.<\/p>\n<p style=\"text-align: justify;\"><strong>1259<\/strong> Una lega di comuni settentrionali sconfigge e cattura a Cassano d&#8217;Adda Ezzelino da Romano.<\/p>\n<p style=\"text-align: justify;\"><strong><a href=\"https:\/\/www.rassegnastampa-totustuus.it\/cattolica\/wp-content\/uploads\/2005\/09\/Montaperti.jpg\"><img loading=\"lazy\" decoding=\"async\" class=\"alignright wp-image-29940 size-full\" src=\"https:\/\/www.rassegnastampa-totustuus.it\/cattolica\/wp-content\/uploads\/2005\/09\/Montaperti.jpg\" alt=\"Montaperti\" width=\"240\" height=\"210\" \/><\/a>1260 <\/strong>A Montaperti i guelfi di Firenze sono sconfitti dai fuoriusciti ghibellini.<\/p>\n<p style=\"text-align: justify;\"><strong>1264<\/strong> In Italia si affermano le prime Signorie, come quella estense di Ferrara.<\/p>\n<p style=\"text-align: justify;\"><strong>1261<\/strong> Genova stabilisce le sue basi commerciali in Oriente, cosa che provoca l\u2019inizio di un\u2019aspra rivalit\u00e0 con Venezia.<\/p>\n<p style=\"text-align: justify;\"><strong>1265<\/strong> Carlo d&#8217;Angi\u00f2 scende in Italia contro Manfredi, con l&#8217;appoggio papale<\/p>\n<p style=\"text-align: justify;\"><strong>1266<\/strong> Battaglia di Benevento: Carlo d&#8217;Angi\u00f2 sconfigge Manfredi che cade sul campo di battaglia. Carlo viene incoronato re di Sicilia.<\/p>\n<p style=\"text-align: justify;\"><strong>1267-68<\/strong> Corradino scende in Italia per riconquistare il Regno di Sicilia. Sconfitto a Tagliacozzo viene consegnato agli Angioini, ed \u00e8 decapitato a Napoli.<\/p>\n<p style=\"text-align: justify;\"><strong>1268<\/strong> Carlo d\u2019Angi\u00f2 d\u00e0 inizio alla dominazione angioina del regno meridionale, spostando la capitale a Napoli<\/p>\n<p style=\"text-align: justify;\"><strong>1277 <\/strong>a Milano, i Visconti, ghibellini, sconfiggono i rivali Torriani, guelfi.<\/p>\n<p style=\"text-align: justify;\"><strong>1282<\/strong> (marzo) scoppia a Palermo la rivolta dei Vespri, originata dallo scontento per la dura dominazione angioina. Pietro III d&#8217;Aragona, genero di Manfredi, conquista la Sicilia. Guerra del vespro fra gli Angioini e gli Aragonesi (1282-1302).<\/p>\n<p style=\"text-align: justify;\"><strong>1284 <\/strong>La battaglia di Meloria pone fine alla Repubblica marinara pisana sconfitta dalla citt\u00e0 di Genova.<\/p>\n<p style=\"text-align: justify;\"><strong>1293<\/strong> Gli ordinamenti di Giano della Bella favoriscono a Firenze il &#8216;popolo minuto&#8217; ed escludono dal potere i nobili.<\/p>\n<p style=\"text-align: justify;\"><strong>1294-1303<\/strong> Pontificato di Bonifacio VIII.<\/p>\n<p style=\"text-align: justify;\"><strong>1297<\/strong> A Venezia la serrata del Maggior consiglio rende la partecipazione al governo un privilegio ereditario dei patrizi.<\/p>\n<p style=\"text-align: justify;\"><strong>1298<\/strong> La lunga rivalit\u00e0 fra le repubbliche marinare di Genova e Venezia per il predominio in oriente culmina nella battaglia di Curzola, conclusasi a favore di Genova.<\/p>\n<p style=\"text-align: justify;\"><strong>1302<\/strong> La pace di Caltabellotta pone fine alla guerra del vespro. La Sicilia (Regno di Trinacria) passa a Federico III d&#8217;Aragona mentre Napoli (che conserva il nome di Regno di Sicilia) resta alla condizione, mai soddisfatta, che alla sua morte ritorni agli Angioini, mentre l\u2019Italia meridionale resta a questi ultimi.<\/p>\n<p style=\"text-align: justify;\">Con la Bolla <em>Unam sanctam<\/em> di Bonifacio VIII: il papa proclama in polemica con il re di Francia Fillippo IV il Bello, la subordinazione del potere temporale a quello spirituale.<\/p>\n<p style=\"text-align: justify;\"><strong>1303<\/strong> Filippo il Bello manda in Italia una delegazione al comando di Guglielmo di Nogaret e Sciarra Colonna, che arresta il papa ad Anagni. Liberato dal popolo, Bonifacio VIII muore poco dopo.<\/p>\n<p style=\"text-align: justify;\"><strong>1309<\/strong> Il papa Clemente V, trasferisce la sede pontificia ad Avignone: ha cosi inizio la &#8216;cattivit\u00e0 avignonese&#8217; della Chiesa.<\/p>\n<p style=\"text-align: justify;\"><strong><a href=\"https:\/\/www.rassegnastampa-totustuus.it\/cattolica\/wp-content\/uploads\/2005\/09\/Enrico-VII.jpg\"><img loading=\"lazy\" decoding=\"async\" class=\"alignleft wp-image-29941\" src=\"https:\/\/www.rassegnastampa-totustuus.it\/cattolica\/wp-content\/uploads\/2005\/09\/Enrico-VII.jpg\" alt=\"Enrico VII\" width=\"148\" height=\"200\" \/><\/a>1310-13<\/strong> Enrico VII scende in Italia per tentare la restaurazione del potere universale dell&#8217;impero.<\/p>\n<p style=\"text-align: justify;\"><strong>1312<\/strong> L\u2019imperatore Enrico VII di Lussemburgo insedia come vicari imperiali a Milano i Visconti ed a Verona gli Scaligeri.<\/p>\n<p style=\"text-align: justify;\"><strong>1324<\/strong> Castruccio Castracani signore di Lucca conquista Pistoia, batte i fiorentini ad Altopascio ed \u00e8 nominato vicario imperiale (1327) da Ludovico il Bavaro.<\/p>\n<p style=\"text-align: justify;\"><strong>1328<\/strong> Ludovico il Bavaro si fa incoronare imperatore dal popolo romano.<\/p>\n<p style=\"text-align: justify;\"><strong>1330-33<\/strong> Giovanni di Lussemburgo re di Boemia (figlio di Enrico VII) diviene signore di varie citt\u00e0 dell&#8217;ltalia settentrionale, ma \u00e8 costretto a ripassare le Alpi dalla lega di Castelbaldo.<\/p>\n<p style=\"text-align: justify;\"><strong>1339<\/strong> Venezia conquista Treviso, iniziando l\u2019espansione in terraferma.<\/p>\n<p style=\"text-align: justify;\"><strong>1342-43<\/strong> A Firenze, signoria di Gualtieri VII di Brienne, duca di Atene.<\/p>\n<p style=\"text-align: justify;\"><strong>1343<\/strong> Fallimento della banca dei Peruzzi a Firenze. Morte di Roberto I d&#8217;Angi\u00f2, re di Napoli cui succede succede Giovanna I.<\/p>\n<p style=\"text-align: justify;\"><strong>1345<\/strong> Fallimento della banca dei Bardi a Firenze<\/p>\n<p style=\"text-align: justify;\"><strong>1347 <\/strong>Cola di Rienzo si proclama tribuno del popolo e instaura a Roma un governo popolare (20 maggio).<\/p>\n<p style=\"text-align: justify;\"><strong>1348<\/strong> scoppia la peste nera, la prima di una lunga serie di epidemie che infester\u00e0 l\u2019Italia e l\u2019Europa per secoli.<\/p>\n<p style=\"text-align: justify;\"><strong>1349<\/strong> Giovanni Visconti, arcivescovo di Milano dal 1339 e signore (con il fratello Luchino) della citt\u00e0, accentra nelle sue mani tutti i poteri del comune e inaugura di fatto la signoria viscontea.<\/p>\n<p style=\"text-align: justify;\"><strong>1353<\/strong> Genova, travagliata da lotte intestine e battuta dai veneziani, si pone sotto la signoria di Giovanni Visconti. Il papa Innocenzo VI invia da Avignone il cardinale Egidio d&#8217;Albornoz a restaurare l&#8217;autorit\u00e0 papale sullo Stato della Chiesa; a tale scopo sono promulga le <em>Constitutiones Aegidianae<\/em> (1357), codice di leggi che rimarr\u00e0 in vigore fino al 1816.<\/p>\n<p style=\"text-align: justify;\"><strong>1354<\/strong> Cola di Rienzo \u00e8 ucciso in un tumulto popolare<\/p>\n<p style=\"text-align: justify;\"><strong>1355<\/strong> L\u2019imperatore Carlo IV scende in Italia, ma solo per ricevere la corona, disinteressandosi completamente dell\u2019Italia, che lascia sotto l\u2019influenza della Santa Sede e dei Visconti.<\/p>\n<p style=\"text-align: justify;\">Il doge Marino Faliero \u00e8 giustiziato a Venezia sotto l&#8217;accusa di congiura antiaristocratica.<\/p>\n<p style=\"text-align: justify;\"><strong>1359<\/strong> Galeazzo II Visconti occupa Pavia.<\/p>\n<p style=\"text-align: justify;\"><strong>1375-78<\/strong> Firenze si allea con i Visconti contro il papa Gregorio XI.<\/p>\n<p style=\"text-align: justify;\"><strong>1377<\/strong> Gregorio XI pone fine alla cattivit\u00e0 avignonese stabilendosi definitivamente a Roma.<\/p>\n<p style=\"text-align: justify;\"><strong>1378<\/strong> A Firenze scoppia il tumulto dei ciompi, del popolo minuto contro il popolo grasso.<\/p>\n<p style=\"text-align: justify;\"><strong>1378-81<\/strong> Guerra di Chioggia Tra Venezia e Genova scoppia la guerra per l\u2019egemonia nel Levante che vedr\u00e0 la vittoria dei veneziani (1381).<\/p>\n<p style=\"text-align: justify;\"><strong>1378-1417<\/strong> Grande scisma d&#8217;occidente.<\/p>\n<p style=\"text-align: justify;\"><strong>1380-82<\/strong> Giovanna I d&#8217;Angi\u00f2, regina di Napoli, si schiera con l&#8217;antipapa Clemente VII e viene scomunicata da Urbano VI, che investe del regno Carlo III di Durazzo. Questi conduce contro Napoli una vittoriosa spedizione che si conclude con la morte di Giovanna.<\/p>\n<p style=\"text-align: justify;\"><strong>1382<\/strong> Restaurazione oligarchica a Firenze che durer\u00e0 fino all&#8217;avvento dei Medici (1434).<\/p>\n<p style=\"text-align: justify;\"><strong>1385<\/strong> Gian Galeazzo Visconti, unifica la suo dominio Pisa e Siena, e nel 1395 ottiene dall\u2019imperatore Venceslao il titolo di duca di Milano (1395).. La Signoria si estende fino a Perugia, mentre fallisce il tentativo di sottomettere anche Firenze.<\/p>\n<p style=\"text-align: justify;\"><strong>1402<\/strong> Muore di peste Gian Galezzao e l\u2019egemonia viscontea \u00e8 ridotta al solo Ducato di Milano.<\/p>\n<p style=\"text-align: justify;\"><strong>1406<\/strong> Firenze conquista Pisa.<\/p>\n<p style=\"text-align: justify;\"><strong>1407<\/strong> Insorgono numerose signorie locali, come quella di Gian Francesco Gonzaga a Mantova e, soprattutto Venezia che avanza rapidamente, eliminando per sempre gli Scaligeri e Carraresi, nel Padovano, nel Vicentino e nel Veronese. A Genova \u00e8 fondato il Banco di San Giorgio (prima banca pubblica d\u2019Europa).<\/p>\n<p style=\"text-align: justify;\"><strong>1412<\/strong> Filippo Maria Visconti intraprende sulle orme del padre Gian Galeazzo la riconquista dei territori perduti; in un decennio ricompone il ducato da Vercelli a Brescia e da Alessandria a Parma e ottiene la signoria su Genova.<\/p>\n<p style=\"text-align: justify;\"><strong>1416<\/strong> Amedeo VIII riceve dall&#8217;imperatore Sigismondo il ducato di Savoia.<\/p>\n<p style=\"text-align: justify;\">I Veneziani sconfiggono a Gallipoli la flotta turca.<\/p>\n<p style=\"text-align: justify;\"><strong>1420<\/strong> I veneziani conquistano il Friuli e l\u2019Istria (1421).<\/p>\n<p style=\"text-align: justify;\"><strong>1423<\/strong> Il doge Francesco Foscari accentua la politica di espansione di Venezia in terraferma portandone i confini all&#8217;Adda.<\/p>\n<p style=\"text-align: justify;\"><strong>1425-26<\/strong> Lega antiviscontea tra Venezia, Firenze, Ferrara, Mantova, Monferrato e Savoia. Nella battaglia di Maclodio le forze veneziane hanno la meglio su quelle milanesi.<\/p>\n<p style=\"text-align: justify;\"><strong>1427<\/strong> Venezia alleata con il pontefice, Firenze ed i Savoia sconfigge a Maclodio Filippo Maria Visconti.<\/p>\n<p style=\"text-align: justify;\"><strong>1428-33<\/strong> Le ostilit\u00e0 contro Venezia e Firenze terminano con la Pace di Ferrara. Filippo Maria Visconti cede a Venezia, Bergamo e Brescia. Ravenna \u00e8 ceduta a Venezia nella pace di Cremona dopo una ripresa delle ostilit\u00e0.<\/p>\n<p style=\"text-align: justify;\"><strong><a href=\"https:\/\/www.rassegnastampa-totustuus.it\/cattolica\/wp-content\/uploads\/2005\/09\/Cosimo-deMedici.jpg\"><img loading=\"lazy\" decoding=\"async\" class=\"alignright wp-image-29942\" src=\"https:\/\/www.rassegnastampa-totustuus.it\/cattolica\/wp-content\/uploads\/2005\/09\/Cosimo-deMedici.jpg\" alt=\"Cosimo de'Medici\" width=\"160\" height=\"200\" \/><\/a>1434<\/strong> Cosimo de&#8217; Medici, esiliato dal governo oligarchico, ritorna a Firenze dove, con la carica di gonfaloniere, assume l&#8217;effettivo controllo del comune.<\/p>\n<p style=\"text-align: justify;\"><strong>1435<\/strong> Alla morte di Giovanna II riprende lotta per la successione al trono del regno di Napoli fra Renato d&#8217;Angi\u00f2 e Alfonso V d&#8217;Aragona. Filippo Visconti interviene contro Alfonso V d&#8217;Aragona per combattere gli Angioini e i suoi alleati Italiani ( il papa, Venezia, Firenze e Francesco Sforza ). Preso prigioniero quest\u2019ultimo nella battaglia navale di Ponza, si allea col milanese e riprende la lotta.Contemporaneamente Firenze cresce di prestigio e di potenza con l\u2019avvento della signoria di Cosimo de\u2019 Medici.<\/p>\n<p style=\"text-align: justify;\"><strong>1441<\/strong> La lotta per la successione al regno di Napoli termina con la Pace di Cremona che prevede quanto segue: Cremona va a Francesco Sforza, Genova ridiviene indipendente, Venezia ha Ravenna e Firenze mentre il regno di Napoli va ad Alfonso d\u2019Aragona, cos\u00ec tutta l\u2019Italia meridionale e insulare a eccezione della Corsica genovese rientra nel circuito politico iberico.<\/p>\n<p style=\"text-align: justify;\"><strong>1442<\/strong> Alfonso V d&#8217;Aragona ottiene il Regno di Napoli, inizia il domino spagnolo del regno nell&#8217;Italia meridionale.<\/p>\n<p style=\"text-align: justify;\"><strong>1447<\/strong> Muore Filippo Maria Visconti, senza lasciare eredi. L\u2019aristocrazia di Milano proclama la Repubblica ambrosiana. Il doge veneziano Francesco Foscari promuove una lega contro Milano, allo scopo di unire il Ducato alla Repubblica di Venezia. La difesa di Milano \u00e8 affidata a Francesco Sforza, che dopo aver sconfitto gli avversari, si proclama signore della citt\u00e0 nel 1450.<\/p>\n<p style=\"text-align: justify;\"><strong>1454<\/strong> La caduta di Costantinopoli (1453) e il conseguente appello di papa Niccol\u00f2 V alla pace e alla difesa dal pericolo che minacciava la cristianit\u00e0, spinge Francesco Sforza e Venezia alla Pace di Lodi con cui lo Sforza \u00e8 riconosciuto duca di Milano e il confine fra Venezia e Milano \u00e8 fissato sull\u2019Adda. Segue, sempre sotto l\u2019egida del papa, la Lega Italica, un patto di non aggressione e di mutuo appoggio tra Milano, Venezia, Firenze, Roma e Napoli, i cinque maggiori stati italiani che durer\u00e0 per quarant\u2019anni.<\/p>\n<p style=\"text-align: justify;\"><strong>1458-64 <\/strong>Pontificato di Pio II. Ferdinando I, figlio di Alfonso V \u00e8 re di Napoli.<\/p>\n<p style=\"text-align: justify;\"><strong>1469<\/strong> Lorenzo detto il Magnifico diventa signore di Firenze e porta la citt\u00e0 al suo massimo splendore.<\/p>\n<p style=\"text-align: justify;\"><strong>1464-78<\/strong> Genova \u00e8 occupata da Francesco Sforza.<\/p>\n<p style=\"text-align: justify;\"><strong>1474<\/strong> Congiura dei Pazzi a Firenze.<\/p>\n<p style=\"text-align: justify;\"><strong>1482-84<\/strong> Una grande guerra coinvolge da una parte Venezia e papa Sisto IV e dall&#8217;altra Estensi, Firenze, Milano e Napoli. Con la pace gli Estensi devono cedere a Venezia, Rovigo e il polesine.<\/p>\n<p style=\"text-align: justify;\"><strong>1483 <\/strong>Venezia sconfigge il duca di Ferrara e si impossessa del Polesine, e nel 1489 conquista Cipro.<\/p>\n<p style=\"text-align: justify;\"><strong>1485<\/strong> Congiura dei baroni. I feudatari del regno di Napoli, sostenuti da papa Innocenzo VIII, si ribellano al re, che con l&#8217;aiuto di Milano e Firenze, riesce a restaurare l&#8217;ordine.<\/p>\n<p style=\"text-align: justify;\"><strong>1492<\/strong> Inizia il pontificato di Alessandro VI (Rodrigo Borgia). Muore Lorenzo de&#8217; Medici detto il Magnifico. Un genovese, Cristoforo Colombo approda sul nuovo continente.<\/p>\n","protected":false},"excerpt":{"rendered":"<p>451 Gli Unni di Attila invadono l\u2019Italia e distruggono Aquileia (452) 455 Roma \u00e8 messa a sacco dai Vandali di Genserico 476 Caduta dell&#8217;Impero Romano d&#8217;Occidente: Odoacre depone Romolo Augustolo e si fa proclamare re dai suoi soldati. 489-490 Teodorico, re degli ostrogoti, \u00e8 inviato dall&#8217;imperatore d&#8217;oriente Zenone in Italia contro Odoacre e lo sconfigge &hellip; <\/p>\n<p><a class=\"more-link btn\" href=\"https:\/\/www.rassegnastampa-totustuus.it\/cattolica\/breve-storia-dellitalia-cronologia\/\">Continua a leggere<\/a><\/p>\n","protected":false},"author":6,"featured_media":29935,"comment_status":"closed","ping_status":"open","sticky":false,"template":"","format":"standard","meta":{"footnotes":""},"categories":[91,24,96],"tags":[964,268,404],"class_list":["post-1270","post","type-post","status-publish","format-standard","has-post-thumbnail","hentry","category-medioevo","category-storia","category-storia-italiana","tag-cronologia","tag-medioevo-2","tag-storia-italiana-2","item-wrap"],"yoast_head":"<!-- This site is optimized with the Yoast SEO plugin v27.5 - https:\/\/yoast.com\/product\/yoast-seo-wordpress\/ -->\n<title>Breve storia dell&#039;Italia (Cronologia) - Rassegna Stampa Cattolica<\/title>\n<meta name=\"description\" content=\"Rassegna Stampa Cattolica - Per una cultura che nasce dalla Rivelazione cristiana in conformit\u00e0 alla tradizione e al Magistero della Chiesa in opposizione ad ogni relativismo e totalitarismo\" \/>\n<meta name=\"robots\" content=\"index, follow, max-snippet:-1, max-image-preview:large, max-video-preview:-1\" \/>\n<link rel=\"canonical\" href=\"https:\/\/www.rassegnastampa-totustuus.it\/cattolica\/breve-storia-dellitalia-cronologia\/\" \/>\n<meta property=\"og:locale\" content=\"it_IT\" \/>\n<meta property=\"og:type\" content=\"article\" \/>\n<meta property=\"og:title\" content=\"Breve storia dell&#039;Italia (Cronologia) - Rassegna Stampa Cattolica\" \/>\n<meta property=\"og:description\" content=\"Rassegna Stampa Cattolica - Per una cultura che nasce dalla Rivelazione cristiana in conformit\u00e0 alla tradizione e al Magistero della Chiesa in opposizione ad ogni relativismo e totalitarismo\" \/>\n<meta property=\"og:url\" content=\"https:\/\/www.rassegnastampa-totustuus.it\/cattolica\/breve-storia-dellitalia-cronologia\/\" \/>\n<meta property=\"og:site_name\" content=\"Rassegna Stampa Cattolica\" \/>\n<meta property=\"article:publisher\" content=\"https:\/\/www.facebook.com\/rassegnastampacattolica\" \/>\n<meta property=\"article:published_time\" content=\"2005-09-04T22:00:00+00:00\" \/>\n<meta property=\"article:modified_time\" content=\"2016-01-26T16:28:44+00:00\" \/>\n<meta property=\"og:image\" content=\"https:\/\/www.rassegnastampa-totustuus.it\/cattolica\/wp-content\/uploads\/2005\/09\/Italia.jpg\" \/>\n\t<meta property=\"og:image:width\" content=\"192\" \/>\n\t<meta property=\"og:image:height\" content=\"263\" \/>\n\t<meta property=\"og:image:type\" content=\"image\/jpeg\" \/>\n<meta name=\"author\" content=\"Redazione\" \/>\n<meta name=\"twitter:card\" content=\"summary_large_image\" \/>\n<meta name=\"twitter:creator\" content=\"@rassegnastampa9\" \/>\n<meta name=\"twitter:site\" content=\"@rassegnastampa9\" \/>\n<meta name=\"twitter:label1\" content=\"Scritto da\" \/>\n\t<meta name=\"twitter:data1\" content=\"Redazione\" \/>\n\t<meta name=\"twitter:label2\" content=\"Tempo di lettura stimato\" \/>\n\t<meta name=\"twitter:data2\" content=\"23 minuti\" \/>\n<script type=\"application\/ld+json\" class=\"yoast-schema-graph\">{\"@context\":\"https:\\\/\\\/schema.org\",\"@graph\":[{\"@type\":\"Article\",\"@id\":\"https:\\\/\\\/www.rassegnastampa-totustuus.it\\\/cattolica\\\/breve-storia-dellitalia-cronologia\\\/#article\",\"isPartOf\":{\"@id\":\"https:\\\/\\\/www.rassegnastampa-totustuus.it\\\/cattolica\\\/breve-storia-dellitalia-cronologia\\\/\"},\"author\":{\"name\":\"Redazione\",\"@id\":\"https:\\\/\\\/www.rassegnastampa-totustuus.it\\\/cattolica\\\/#\\\/schema\\\/person\\\/08f319d2bd1a0904ad9e2bfb7b15e5c3\"},\"headline\":\"Breve storia dell&#8217;Italia (Cronologia)\",\"datePublished\":\"2005-09-04T22:00:00+00:00\",\"dateModified\":\"2016-01-26T16:28:44+00:00\",\"mainEntityOfPage\":{\"@id\":\"https:\\\/\\\/www.rassegnastampa-totustuus.it\\\/cattolica\\\/breve-storia-dellitalia-cronologia\\\/\"},\"wordCount\":4612,\"publisher\":{\"@id\":\"https:\\\/\\\/www.rassegnastampa-totustuus.it\\\/cattolica\\\/#organization\"},\"image\":{\"@id\":\"https:\\\/\\\/www.rassegnastampa-totustuus.it\\\/cattolica\\\/breve-storia-dellitalia-cronologia\\\/#primaryimage\"},\"thumbnailUrl\":\"https:\\\/\\\/www.rassegnastampa-totustuus.it\\\/cattolica\\\/wp-content\\\/uploads\\\/2005\\\/09\\\/Italia.jpg\",\"keywords\":[\"cronologia\",\"medioevo\",\"storia italiana\"],\"articleSection\":[\"Medioevo\",\"Storia\",\"Storia italiana\"],\"inLanguage\":\"it-IT\"},{\"@type\":\"WebPage\",\"@id\":\"https:\\\/\\\/www.rassegnastampa-totustuus.it\\\/cattolica\\\/breve-storia-dellitalia-cronologia\\\/\",\"url\":\"https:\\\/\\\/www.rassegnastampa-totustuus.it\\\/cattolica\\\/breve-storia-dellitalia-cronologia\\\/\",\"name\":\"Breve storia dell'Italia (Cronologia) - Rassegna Stampa Cattolica\",\"isPartOf\":{\"@id\":\"https:\\\/\\\/www.rassegnastampa-totustuus.it\\\/cattolica\\\/#website\"},\"primaryImageOfPage\":{\"@id\":\"https:\\\/\\\/www.rassegnastampa-totustuus.it\\\/cattolica\\\/breve-storia-dellitalia-cronologia\\\/#primaryimage\"},\"image\":{\"@id\":\"https:\\\/\\\/www.rassegnastampa-totustuus.it\\\/cattolica\\\/breve-storia-dellitalia-cronologia\\\/#primaryimage\"},\"thumbnailUrl\":\"https:\\\/\\\/www.rassegnastampa-totustuus.it\\\/cattolica\\\/wp-content\\\/uploads\\\/2005\\\/09\\\/Italia.jpg\",\"datePublished\":\"2005-09-04T22:00:00+00:00\",\"dateModified\":\"2016-01-26T16:28:44+00:00\",\"description\":\"Rassegna Stampa Cattolica - Per una cultura che nasce dalla Rivelazione cristiana in conformit\u00e0 alla tradizione e al Magistero della Chiesa in opposizione ad ogni relativismo e totalitarismo\",\"breadcrumb\":{\"@id\":\"https:\\\/\\\/www.rassegnastampa-totustuus.it\\\/cattolica\\\/breve-storia-dellitalia-cronologia\\\/#breadcrumb\"},\"inLanguage\":\"it-IT\",\"potentialAction\":[{\"@type\":\"ReadAction\",\"target\":[\"https:\\\/\\\/www.rassegnastampa-totustuus.it\\\/cattolica\\\/breve-storia-dellitalia-cronologia\\\/\"]}]},{\"@type\":\"ImageObject\",\"inLanguage\":\"it-IT\",\"@id\":\"https:\\\/\\\/www.rassegnastampa-totustuus.it\\\/cattolica\\\/breve-storia-dellitalia-cronologia\\\/#primaryimage\",\"url\":\"https:\\\/\\\/www.rassegnastampa-totustuus.it\\\/cattolica\\\/wp-content\\\/uploads\\\/2005\\\/09\\\/Italia.jpg\",\"contentUrl\":\"https:\\\/\\\/www.rassegnastampa-totustuus.it\\\/cattolica\\\/wp-content\\\/uploads\\\/2005\\\/09\\\/Italia.jpg\",\"width\":192,\"height\":263},{\"@type\":\"BreadcrumbList\",\"@id\":\"https:\\\/\\\/www.rassegnastampa-totustuus.it\\\/cattolica\\\/breve-storia-dellitalia-cronologia\\\/#breadcrumb\",\"itemListElement\":[{\"@type\":\"ListItem\",\"position\":1,\"name\":\"Home\",\"item\":\"https:\\\/\\\/www.rassegnastampa-totustuus.it\\\/cattolica\\\/\"},{\"@type\":\"ListItem\",\"position\":2,\"name\":\"Breve storia dell&#8217;Italia (Cronologia)\"}]},{\"@type\":\"WebSite\",\"@id\":\"https:\\\/\\\/www.rassegnastampa-totustuus.it\\\/cattolica\\\/#website\",\"url\":\"https:\\\/\\\/www.rassegnastampa-totustuus.it\\\/cattolica\\\/\",\"name\":\"Rassegna Stampa Cattolica\",\"description\":\"Per una cultura che nasce dalla Rivelazione cristiana in conformit\u00e0 alla tradizione e al Magistero della Chiesa in opposizione ad ogni relativismo e totalitarismo\",\"publisher\":{\"@id\":\"https:\\\/\\\/www.rassegnastampa-totustuus.it\\\/cattolica\\\/#organization\"},\"alternateName\":\"Rass. Cattolica\",\"potentialAction\":[{\"@type\":\"SearchAction\",\"target\":{\"@type\":\"EntryPoint\",\"urlTemplate\":\"https:\\\/\\\/www.rassegnastampa-totustuus.it\\\/cattolica\\\/?s={search_term_string}\"},\"query-input\":{\"@type\":\"PropertyValueSpecification\",\"valueRequired\":true,\"valueName\":\"search_term_string\"}}],\"inLanguage\":\"it-IT\"},{\"@type\":\"Organization\",\"@id\":\"https:\\\/\\\/www.rassegnastampa-totustuus.it\\\/cattolica\\\/#organization\",\"name\":\"Rassegna Stampa Cattolica\",\"url\":\"https:\\\/\\\/www.rassegnastampa-totustuus.it\\\/cattolica\\\/\",\"logo\":{\"@type\":\"ImageObject\",\"inLanguage\":\"it-IT\",\"@id\":\"https:\\\/\\\/www.rassegnastampa-totustuus.it\\\/cattolica\\\/#\\\/schema\\\/logo\\\/image\\\/\",\"url\":\"https:\\\/\\\/www.rassegnastampa-totustuus.it\\\/cattolica\\\/wp-content\\\/uploads\\\/2014\\\/04\\\/logo-rassegna1.gif\",\"contentUrl\":\"https:\\\/\\\/www.rassegnastampa-totustuus.it\\\/cattolica\\\/wp-content\\\/uploads\\\/2014\\\/04\\\/logo-rassegna1.gif\",\"width\":600,\"height\":163,\"caption\":\"Rassegna Stampa Cattolica\"},\"image\":{\"@id\":\"https:\\\/\\\/www.rassegnastampa-totustuus.it\\\/cattolica\\\/#\\\/schema\\\/logo\\\/image\\\/\"},\"sameAs\":[\"https:\\\/\\\/www.facebook.com\\\/rassegnastampacattolica\",\"https:\\\/\\\/x.com\\\/rassegnastampa9\"]},{\"@type\":\"Person\",\"@id\":\"https:\\\/\\\/www.rassegnastampa-totustuus.it\\\/cattolica\\\/#\\\/schema\\\/person\\\/08f319d2bd1a0904ad9e2bfb7b15e5c3\",\"name\":\"Redazione\",\"image\":{\"@type\":\"ImageObject\",\"inLanguage\":\"it-IT\",\"@id\":\"https:\\\/\\\/secure.gravatar.com\\\/avatar\\\/2fcdf27c78ea025fbdb44e914cc63c72249ffec9dc8aafd5c82b26240ef3f346?s=96&d=mm&r=g\",\"url\":\"https:\\\/\\\/secure.gravatar.com\\\/avatar\\\/2fcdf27c78ea025fbdb44e914cc63c72249ffec9dc8aafd5c82b26240ef3f346?s=96&d=mm&r=g\",\"contentUrl\":\"https:\\\/\\\/secure.gravatar.com\\\/avatar\\\/2fcdf27c78ea025fbdb44e914cc63c72249ffec9dc8aafd5c82b26240ef3f346?s=96&d=mm&r=g\",\"caption\":\"Redazione\"},\"url\":\"https:\\\/\\\/www.rassegnastampa-totustuus.it\\\/cattolica\\\/author\\\/pietroelle\\\/\"}]}<\/script>\n<!-- \/ Yoast SEO plugin. -->","yoast_head_json":{"title":"Breve storia dell'Italia (Cronologia) - Rassegna Stampa Cattolica","description":"Rassegna Stampa Cattolica - Per una cultura che nasce dalla Rivelazione cristiana in conformit\u00e0 alla tradizione e al Magistero della Chiesa in opposizione ad ogni relativismo e totalitarismo","robots":{"index":"index","follow":"follow","max-snippet":"max-snippet:-1","max-image-preview":"max-image-preview:large","max-video-preview":"max-video-preview:-1"},"canonical":"https:\/\/www.rassegnastampa-totustuus.it\/cattolica\/breve-storia-dellitalia-cronologia\/","og_locale":"it_IT","og_type":"article","og_title":"Breve storia dell'Italia (Cronologia) - Rassegna Stampa Cattolica","og_description":"Rassegna Stampa Cattolica - Per una cultura che nasce dalla Rivelazione cristiana in conformit\u00e0 alla tradizione e al Magistero della Chiesa in opposizione ad ogni relativismo e totalitarismo","og_url":"https:\/\/www.rassegnastampa-totustuus.it\/cattolica\/breve-storia-dellitalia-cronologia\/","og_site_name":"Rassegna Stampa Cattolica","article_publisher":"https:\/\/www.facebook.com\/rassegnastampacattolica","article_published_time":"2005-09-04T22:00:00+00:00","article_modified_time":"2016-01-26T16:28:44+00:00","og_image":[{"width":192,"height":263,"url":"https:\/\/www.rassegnastampa-totustuus.it\/cattolica\/wp-content\/uploads\/2005\/09\/Italia.jpg","type":"image\/jpeg"}],"author":"Redazione","twitter_card":"summary_large_image","twitter_creator":"@rassegnastampa9","twitter_site":"@rassegnastampa9","twitter_misc":{"Scritto da":"Redazione","Tempo di lettura stimato":"23 minuti"},"schema":{"@context":"https:\/\/schema.org","@graph":[{"@type":"Article","@id":"https:\/\/www.rassegnastampa-totustuus.it\/cattolica\/breve-storia-dellitalia-cronologia\/#article","isPartOf":{"@id":"https:\/\/www.rassegnastampa-totustuus.it\/cattolica\/breve-storia-dellitalia-cronologia\/"},"author":{"name":"Redazione","@id":"https:\/\/www.rassegnastampa-totustuus.it\/cattolica\/#\/schema\/person\/08f319d2bd1a0904ad9e2bfb7b15e5c3"},"headline":"Breve storia dell&#8217;Italia (Cronologia)","datePublished":"2005-09-04T22:00:00+00:00","dateModified":"2016-01-26T16:28:44+00:00","mainEntityOfPage":{"@id":"https:\/\/www.rassegnastampa-totustuus.it\/cattolica\/breve-storia-dellitalia-cronologia\/"},"wordCount":4612,"publisher":{"@id":"https:\/\/www.rassegnastampa-totustuus.it\/cattolica\/#organization"},"image":{"@id":"https:\/\/www.rassegnastampa-totustuus.it\/cattolica\/breve-storia-dellitalia-cronologia\/#primaryimage"},"thumbnailUrl":"https:\/\/www.rassegnastampa-totustuus.it\/cattolica\/wp-content\/uploads\/2005\/09\/Italia.jpg","keywords":["cronologia","medioevo","storia italiana"],"articleSection":["Medioevo","Storia","Storia italiana"],"inLanguage":"it-IT"},{"@type":"WebPage","@id":"https:\/\/www.rassegnastampa-totustuus.it\/cattolica\/breve-storia-dellitalia-cronologia\/","url":"https:\/\/www.rassegnastampa-totustuus.it\/cattolica\/breve-storia-dellitalia-cronologia\/","name":"Breve storia dell'Italia (Cronologia) - Rassegna Stampa Cattolica","isPartOf":{"@id":"https:\/\/www.rassegnastampa-totustuus.it\/cattolica\/#website"},"primaryImageOfPage":{"@id":"https:\/\/www.rassegnastampa-totustuus.it\/cattolica\/breve-storia-dellitalia-cronologia\/#primaryimage"},"image":{"@id":"https:\/\/www.rassegnastampa-totustuus.it\/cattolica\/breve-storia-dellitalia-cronologia\/#primaryimage"},"thumbnailUrl":"https:\/\/www.rassegnastampa-totustuus.it\/cattolica\/wp-content\/uploads\/2005\/09\/Italia.jpg","datePublished":"2005-09-04T22:00:00+00:00","dateModified":"2016-01-26T16:28:44+00:00","description":"Rassegna Stampa Cattolica - Per una cultura che nasce dalla Rivelazione cristiana in conformit\u00e0 alla tradizione e al Magistero della Chiesa in opposizione ad ogni relativismo e totalitarismo","breadcrumb":{"@id":"https:\/\/www.rassegnastampa-totustuus.it\/cattolica\/breve-storia-dellitalia-cronologia\/#breadcrumb"},"inLanguage":"it-IT","potentialAction":[{"@type":"ReadAction","target":["https:\/\/www.rassegnastampa-totustuus.it\/cattolica\/breve-storia-dellitalia-cronologia\/"]}]},{"@type":"ImageObject","inLanguage":"it-IT","@id":"https:\/\/www.rassegnastampa-totustuus.it\/cattolica\/breve-storia-dellitalia-cronologia\/#primaryimage","url":"https:\/\/www.rassegnastampa-totustuus.it\/cattolica\/wp-content\/uploads\/2005\/09\/Italia.jpg","contentUrl":"https:\/\/www.rassegnastampa-totustuus.it\/cattolica\/wp-content\/uploads\/2005\/09\/Italia.jpg","width":192,"height":263},{"@type":"BreadcrumbList","@id":"https:\/\/www.rassegnastampa-totustuus.it\/cattolica\/breve-storia-dellitalia-cronologia\/#breadcrumb","itemListElement":[{"@type":"ListItem","position":1,"name":"Home","item":"https:\/\/www.rassegnastampa-totustuus.it\/cattolica\/"},{"@type":"ListItem","position":2,"name":"Breve storia dell&#8217;Italia (Cronologia)"}]},{"@type":"WebSite","@id":"https:\/\/www.rassegnastampa-totustuus.it\/cattolica\/#website","url":"https:\/\/www.rassegnastampa-totustuus.it\/cattolica\/","name":"Rassegna Stampa Cattolica","description":"Per una cultura che nasce dalla Rivelazione cristiana in conformit\u00e0 alla tradizione e al Magistero della Chiesa in opposizione ad ogni relativismo e totalitarismo","publisher":{"@id":"https:\/\/www.rassegnastampa-totustuus.it\/cattolica\/#organization"},"alternateName":"Rass. Cattolica","potentialAction":[{"@type":"SearchAction","target":{"@type":"EntryPoint","urlTemplate":"https:\/\/www.rassegnastampa-totustuus.it\/cattolica\/?s={search_term_string}"},"query-input":{"@type":"PropertyValueSpecification","valueRequired":true,"valueName":"search_term_string"}}],"inLanguage":"it-IT"},{"@type":"Organization","@id":"https:\/\/www.rassegnastampa-totustuus.it\/cattolica\/#organization","name":"Rassegna Stampa Cattolica","url":"https:\/\/www.rassegnastampa-totustuus.it\/cattolica\/","logo":{"@type":"ImageObject","inLanguage":"it-IT","@id":"https:\/\/www.rassegnastampa-totustuus.it\/cattolica\/#\/schema\/logo\/image\/","url":"https:\/\/www.rassegnastampa-totustuus.it\/cattolica\/wp-content\/uploads\/2014\/04\/logo-rassegna1.gif","contentUrl":"https:\/\/www.rassegnastampa-totustuus.it\/cattolica\/wp-content\/uploads\/2014\/04\/logo-rassegna1.gif","width":600,"height":163,"caption":"Rassegna Stampa Cattolica"},"image":{"@id":"https:\/\/www.rassegnastampa-totustuus.it\/cattolica\/#\/schema\/logo\/image\/"},"sameAs":["https:\/\/www.facebook.com\/rassegnastampacattolica","https:\/\/x.com\/rassegnastampa9"]},{"@type":"Person","@id":"https:\/\/www.rassegnastampa-totustuus.it\/cattolica\/#\/schema\/person\/08f319d2bd1a0904ad9e2bfb7b15e5c3","name":"Redazione","image":{"@type":"ImageObject","inLanguage":"it-IT","@id":"https:\/\/secure.gravatar.com\/avatar\/2fcdf27c78ea025fbdb44e914cc63c72249ffec9dc8aafd5c82b26240ef3f346?s=96&d=mm&r=g","url":"https:\/\/secure.gravatar.com\/avatar\/2fcdf27c78ea025fbdb44e914cc63c72249ffec9dc8aafd5c82b26240ef3f346?s=96&d=mm&r=g","contentUrl":"https:\/\/secure.gravatar.com\/avatar\/2fcdf27c78ea025fbdb44e914cc63c72249ffec9dc8aafd5c82b26240ef3f346?s=96&d=mm&r=g","caption":"Redazione"},"url":"https:\/\/www.rassegnastampa-totustuus.it\/cattolica\/author\/pietroelle\/"}]}},"_links":{"self":[{"href":"https:\/\/www.rassegnastampa-totustuus.it\/cattolica\/wp-json\/wp\/v2\/posts\/1270","targetHints":{"allow":["GET"]}}],"collection":[{"href":"https:\/\/www.rassegnastampa-totustuus.it\/cattolica\/wp-json\/wp\/v2\/posts"}],"about":[{"href":"https:\/\/www.rassegnastampa-totustuus.it\/cattolica\/wp-json\/wp\/v2\/types\/post"}],"author":[{"embeddable":true,"href":"https:\/\/www.rassegnastampa-totustuus.it\/cattolica\/wp-json\/wp\/v2\/users\/6"}],"replies":[{"embeddable":true,"href":"https:\/\/www.rassegnastampa-totustuus.it\/cattolica\/wp-json\/wp\/v2\/comments?post=1270"}],"version-history":[{"count":4,"href":"https:\/\/www.rassegnastampa-totustuus.it\/cattolica\/wp-json\/wp\/v2\/posts\/1270\/revisions"}],"predecessor-version":[{"id":29943,"href":"https:\/\/www.rassegnastampa-totustuus.it\/cattolica\/wp-json\/wp\/v2\/posts\/1270\/revisions\/29943"}],"wp:featuredmedia":[{"embeddable":true,"href":"https:\/\/www.rassegnastampa-totustuus.it\/cattolica\/wp-json\/wp\/v2\/media\/29935"}],"wp:attachment":[{"href":"https:\/\/www.rassegnastampa-totustuus.it\/cattolica\/wp-json\/wp\/v2\/media?parent=1270"}],"wp:term":[{"taxonomy":"category","embeddable":true,"href":"https:\/\/www.rassegnastampa-totustuus.it\/cattolica\/wp-json\/wp\/v2\/categories?post=1270"},{"taxonomy":"post_tag","embeddable":true,"href":"https:\/\/www.rassegnastampa-totustuus.it\/cattolica\/wp-json\/wp\/v2\/tags?post=1270"}],"curies":[{"name":"wp","href":"https:\/\/api.w.org\/{rel}","templated":true}]}}