{"id":1261,"date":"2005-09-05T00:00:00","date_gmt":"2005-09-04T22:00:00","guid":{"rendered":""},"modified":"2016-04-19T08:48:36","modified_gmt":"2016-04-19T06:48:36","slug":"le-origini-della-societ-medievale","status":"publish","type":"post","link":"https:\/\/www.rassegnastampa-totustuus.it\/cattolica\/le-origini-della-societ-medievale\/","title":{"rendered":"Le origini della societ&agrave; medievale"},"content":{"rendered":"<div style=\"text-align: center;\"><img loading=\"lazy\" decoding=\"async\" class=\"alignright wp-image-33005\" src=\"https:\/\/www.rassegnastampa-totustuus.it\/cattolica\/wp-content\/uploads\/2005\/09\/medioevo.jpg\" alt=\"medioevo\" width=\"196\" height=\"200\" \/>articolo pubblicato su <strong>Tracce<\/strong><\/div>\n<p style=\"text-align: center;\">di <strong>Luigi Negri<\/strong><\/p>\n<p style=\"text-align: justify;\">L&#8217;alto medioevo (i secoli VII, VIII e IX) corrisponde, secondo molti manuali di storia, ai cosiddetti &#8220;secoli bui&#8221;; esso rappresenta in realt\u00e0 il punto in cui maggiormente emerge l&#8217;energia costruttiva dell&#8217;avvenimento cristiano. In quei secoli, infatti, il cristianesimo non ha soltanto animato un mondo che gi\u00e0 esisteva; ne ha creato uno nuovo, la cosiddetta civilt\u00e0 medievale, che briller\u00e0 con intensit\u00e0 commovente nel tredicesimo secolo e si avvier\u00e0, dal quattordicesimo secolo in poi, verso un lento declino. Nell&#8217;alto medioevo questa civilt\u00e0 \u00e8 gi\u00e0 in embrione.<\/p>\n<p><!--more--><\/p>\n<div style=\"text-align: justify;\">Alle sue origini si trova un mutamento di proporzioni inaspettate: la definitiva conquista di Roma, avvenuta nel 476 quando gli Eruli, uniti ai Goti e guidati da Odoacre, penetrano nella capitale dell&#8217;Impero d&#8217;Occidente. In una delle sue lettere san Girolamo, il traduttore in latino della Bibbia, in occasione del primo sacco di Roma nel 410, scriveva: &#8220;\u00c8 caduto il principio di unificazione del mondo: noi siamo distrutti&#8221;. La frase di san Girolamo dice che cosa hanno significato le invasioni barbariche: la fine di un ordine culturale, sociale e politico che costituiva un&#8217;antropologia, un modo di concepire l&#8217;uomo.<\/div>\n<p style=\"text-align: justify;\">Il senso di bellezza e di equilibrio proprio della grecit\u00e0, la capacit\u00e0 di costruzione culturale in grado di far convergere tutte le realt\u00e0 e le attivit\u00e0 in un ordine pi\u00f9 grande &#8211; la &#8220;res publica&#8221;, genio della romanit\u00e0 &#8211; vengono distrutti. Dalla seconda met\u00e0 del V secolo fino al VII, l&#8217;Europa \u00e8 un campo di battaglia. Dapprima i barbari, trattenuti fino ad allora grazie alle concessioni di stanziamento nelle regioni poste intorno al confine segnato da Adriano, varcano i confini dell&#8217;impero sotto la pressione esercitata dagli Unni dalle steppe euroasiatiche.<\/p>\n<p style=\"text-align: justify;\">In seguito, l&#8217;invasione islamica stringe in una morsa ci\u00f2 che resta dell&#8217;antico impero romano d&#8217;Occidente. Nel 732, con la resistenza e il sacrificio di Carlo Martello a Poitiers, l&#8217;impero d&#8217;Occidente viene salvato. La regione che attualmente si chiama Francia, l&#8217;impero d&#8217;Occidente, viene salvato. Ma sul Mediterraneo &#8211; prima lago di pace &#8211; si esercita la pressione terribile di popoli non solo etnicamente differenti da quello romano, ma di una religione diversa, che avevano gi\u00e0 distrutto le fiorenti Chiese del litorale africano e conquisteranno addirittura i luoghi pi\u00f9 sacri del cristianesimo. Popoli nuovi, dunque, (perch\u00e9 questa \u00e8 la legge della storia) contro popoli in declino.<\/p>\n<p style=\"text-align: justify;\">Il crollo dell&#8217;impero romano \u00e8 una tragedia che ha proporzioni spaventose e dalla quale sembra impossibile risorgere. La tentazione della disperazione che emerge nella frase di san Girolamo \u00e8 ampiamente condivisa dal mondo culturale cristiano di allora. Eppure, come scrive uno dei pi\u00f9 grandi storici del medioevo, Leopold G\u00e9nicot, i cristiani non hanno nessuno nostalgia: forti della loro fede, speranza e carit\u00e0, cominciano lietamente a costruire un mondo nuovo.<\/p>\n<p style=\"text-align: justify;\">La comunit\u00e0 ecclesiale non fu annientata dalla distruzione del vecchio ordine. Esso era fondato sulla cultura greco-romana e sulla concezione dello Stato romano, mentre il fondamento della comunit\u00e0 ecclesiale \u00e8 la presenza di Cristo che redime l&#8217;uomo, lo coinvolge dentro un&#8217;esperienza di vita trasformatrice. Per questo la Chiesa non solo super\u00f2 indenne la rovina, ma dimostr\u00f2 la sua capacit\u00e0 di aggregazione ponendosi come l&#8217;unico punto di riferimento per gli sconfitti come per i vincitori.<\/p>\n<p style=\"text-align: justify;\">In un momento in cui \u00e8 radicalmente in discussione il diritto di propriet\u00e0 e la struttura dello Stato non esiste pi\u00f9, neppure concettualmente, la Chiesa fa emergere la sua capacit\u00e0 di universalit\u00e0, cio\u00e8 la sua capacit\u00e0 &#8211; come realt\u00e0 storica e sociale &#8211; di unificare in modo stabile i vincitori e i vinti, e quindi di essere elemento costruttivo, dinamico e positivo. Il sorgere di una civilt\u00e0 cristiana ha prodotto frutti imponenti, come la bonifica in tutta d&#8217;Europa di terre non pi\u00f9 coltivate da secoli e la ricostruzione materiale delle citt\u00e0 cadute in rovina e pressoch\u00e9 spopolate per la fuga degli elementi greco-latini nelle campagne.<\/p>\n<p style=\"text-align: justify;\"><strong>Il miracolo dei monasteri. San Benedetto <\/strong><\/p>\n<p style=\"text-align: justify;\">Uno dei pi\u00f9 bei libri sul Medioevo che si possono leggere ancora oggi, a decenni di distanza dalla pubblicazione, \u00e8 <a href=\"https:\/\/www.rassegnastampa-totustuus.it\/cattolica\/?p=8307\" target=\"_blank\"><strong><em>La santa romana repubblica<\/em><\/strong><\/a> di Giorgio Falco (un grande storico di origine ebrea convertitosi al cattolicesimo studiando il medioevo). Nel capitolo dedicato al monachesimo, si descrive, citando un cronista del VII secolo, il miracolo di comunit\u00e0 monastiche in cui vivevano fraternamente persone che, nella vita sociale, si combattevano e si uccidevano. Per comprendere come la Chiesa ha potuto espletare la sua funzione di elemento pacificatore e costruttivo, bisogna dunque capire il monachesimo.<\/p>\n<p style=\"text-align: justify;\">Il monastero \u00e8 un soggetto comunionale vivo dentro il mondo. Il soggetto umano nuovo (figlio di Dio e perci\u00f2 libero) non \u00e8 infatti un individuo isolato: vive in un contesto di comunione che \u00e8 una realt\u00e0 storica concreta, nella quale l&#8217;unit\u00e0 non \u00e8 data dalla &#8220;carne e dal sangue&#8221; ma dal comune riconoscimento di Ges\u00f9 Cristo.<\/p>\n<p style=\"text-align: justify;\">Esso \u00e8 cos\u00ec caratterizzato da una capacit\u00e0 di conoscere e di amare nuova. L&#8217;idea fondamentale di san Benedetto (480-545, padre del monachesimo occidentale) fu che, basandosi su Cristo, si poteva realizzare una vita sociale nuova, definita da due compiti principali: riconoscere Dio (&#8220;ora&#8221;) e nel lavoro (&#8220;labora&#8221;). Nel monachesimo benedettino la Chiesa ha dimostrato la sua verit\u00e0 di realt\u00e0 capace di aggregare gli uomini e di edificare una civilt\u00e0.<\/p>\n<p style=\"text-align: justify;\">Il monastero benedettino nasce come punto di particolare intensit\u00e0 della vita ecclesiale, un punto di esperienza autentica e significativa, in cui ci\u00f2 che nella vita normale della Chiesa viene proclamato, \u00e8 vissuto realmente. Per questo, san Benedetto e il monachesimo benedettino sono riconosciuti come momento fondamentale dell&#8217;annuncio cristiano con tutta la potenza della presenza di Cristo e la capacit\u00e0 ecclesiale di accoglienza dell&#8217;umano.<\/p>\n<p style=\"text-align: justify;\">Questo accade perch\u00e9 nei monasteri il cristianesimo non \u00e8 annunziato secondo la versione della cultura greco-romana, ebraica o araba, bens\u00ec come un&#8217;esperienza di vita. Il monastero \u00e8 una comunit\u00e0 cosciente di s\u00e9, della sua identit\u00e0, e per questo capace di incontro. Perci\u00f2, mentre l&#8217;Europa si distrugge, i monasteri benedettini edificano e dilatano l&#8217;esperienza di comunit\u00e0 di fede e di vita comune.<\/p>\n<p style=\"text-align: justify;\">La diffusione della Chiesa fra i popoli barbari e la loro conversione (basti pensare ad Agostino di Canterbury e ai monaci benedettini mandati da Gregorio Magno alla fine del VI secolo in Inghilterra, Irlanda e perfino in Islanda) sono la dimostrazione che il monastero \u00e8 la Chiesa viva che mettendosi in moto e realizzandosi, attua la capacit\u00e0 di creare unit\u00e0 al di l\u00e0 delle differenze e di realizzare luoghi non toccati dalla violenza che sembra socialmente inevitabile. In questi secoli, dunque, il monachesimo \u00e8 dinamicamente creativo, costruttivo; dal punto di vista materiale, \u00e8 come una citt\u00e0 che si sta ricostruendo dopo un cataclisma. Ma \u00e8 una costruzione nuova e dinamica.<\/p>\n<p style=\"text-align: justify;\">Il monastero \u00e8 una comunit\u00e0 cosciente di s\u00e9, capace di comunicare l&#8217;avvenimento di Cristo all&#8217;uomo, in qualsiasi situazione si trovi, e capace quindi di convivenza. Il monastero indica un ideale ecclesiale e civile e dimostra che la Chiesa viva \u00e8 fondamento di una nuova conoscenza e di una nuova azione, nonch\u00e9 principio costruttivo di una nuova civilt\u00e0. Per questo si pu\u00f2 dire che la Chiesa ha creato la civilt\u00e0 medioevale e nel suo dilatarsi missionario ha chiamato molti popoli non solo alla fede ma alla civilt\u00e0 stessa.<\/p>\n<p style=\"text-align: justify;\">Si pensi alla prodigiosa dilatazione missionaria dei secoli VIII e IX verso il mondo slavo, svolta soprattutto attraverso l&#8217;opera di Cirillo e Metodio. I due fratelli non solo acquisiscono alla fede i popoli slavi, ma danno loro anche lo strumento fondamentale di comunicazione: l&#8217;alfabeto che dal nome del primo dei due santi fratelli viene chiamato cirillico. Nella sua opera civilizzatrice la Chiesa ha salvato ci\u00f2 che era essenziale dell&#8217;antico ordine e lo ha comunicato al futuro, costruendo anche un&#8217;entit\u00e0 nuova: l&#8217;Europa<\/p>\n<p style=\"text-align: justify;\"><strong>Gli elementi della nuova societ\u00e0: fede vissuta, cultura, dignit\u00e0 personale. <\/strong><\/p>\n<p style=\"text-align: justify;\">Quali sono stati i fattori fondamentali di questo lavoro costruttivo di una societ\u00e0 nuova? All&#8217;inizio del VII secolo, uno dei pi\u00f9 grandi uomini di diritto, Isidoro di Siviglia, scriveva: &#8220;Coloro che detengono un potere sulla terra sono sottomessi alla disciplina della religione e, anche se sono alla sommit\u00e0 di un regno, sono legati dal vincolo della fede e devono proclamare nelle loro leggi la fede di Cristo e viverla con un comportamento virtuoso.<\/p>\n<p style=\"text-align: justify;\">I principi della terra a volte occupano la sommit\u00e0 del potere all&#8217;interno della Chiesa, per proteggere con la loro forza la disciplina ecclesiale. Nella Chiesa peraltro questa forza non sarebbe necessaria se non imponesse con il terrore della disciplina ci\u00f2 che i preti non sono capaci di far prevalere con la parola&#8221;. La fede, in altre parole, \u00e8 diventata la forma con cui affrontare tutti i problemi.<\/p>\n<p style=\"text-align: justify;\">L&#8217;artefice della civilt\u00e0 medievale \u00e8 l&#8217;uomo cristiano, il popolo cristiano, che ha vissuto i problemi di tutti i giorni: rendere di nuovo fertile la terra, realizzare un minimo di convivenza stabile e sicura, ecc.; che ha inoltre vissuto la dimensione del conoscere e perci\u00f2 ha ripreso le fila della cultura, tentando di non perdere la grande tradizione precedente. Senza la Chiesa e i monasteri, tutta la cultura greco-latina si sarebbe persa, anche materialmente; senza gli amanuensi benedettini non si sarebbero conservati i documenti e i codici dell&#8217;antica cultura latina, che sono stati copiati a volte senza neppure che si capissero.<\/p>\n<p style=\"text-align: justify;\">Certamente, gli autori di questo periodo non scrivono pi\u00f9 con il latino di Cicerone, e neanche con quello dei padri (Gregorio di Tours, il cronista delle gesta dei benedettini, ad esempio usa un linguaggio estremamente rozzo), ma dalle loro opere traspare la coscienza di essere giunti ad un nuovo punto della storia. A questo proposito resta fondamentale lo studio di Jean Leclerq Cultura umanistica e desiderio di Dio.<\/p>\n<p style=\"text-align: justify;\">Nel VI e VII secolo i benedettini hanno incominciato a leggere ed interpretare, dal punto di vista della certezza della fede, tutto quello che la tradizione precristiana aveva realizzato nel tentativo di impostare il problema del significato della vita attraverso le forme dell&#8217;arte, della religione, della filosofia. Il primo fattore della costruzione della civilt\u00e0 medievale \u00e8 dunque il soggetto umano nuovo, \u00e8 la vita stessa della Chiesa, di cui il monastero benedettino \u00e8 l&#8217;ideale esempio.<\/p>\n<p style=\"text-align: justify;\">Ecco perch\u00e9 Giovanni Paolo II, rievocando san Benedetto, diceva che il &#8220;quotidiano era diventato eroico&#8221;. La civilt\u00e0 medievale nasce attraverso la vita quotidiana vissuta avendo la fede come principio della conoscenza, la carit\u00e0 come principio dei rapporti, il rispetto della persona come norma suprema del comportamento, e la gloria da rendere a Dio come ideale della conoscenza e della vita.<\/p>\n<p style=\"text-align: justify;\">Il secondo fattore \u00e8 il grande sviluppo culturale, come tentativo di interpretare unitariamente la realt\u00e0. Nelle scuole che nascono nel VI, VII e VIII secolo, prima attorno ai conventi poi alle cattedrali, c&#8217;\u00e8 gi\u00e0 implicita quella grande fioritura culturale che avr\u00e0 il suo sviluppo definitivo nelle universit\u00e0 le quali rappresentano il punto in cui la certezza della fede diventa criterio per interpretare tutto lo scibile (&#8220;universitas&#8221;). In quelle scuole vive un orizzonte unitario di interpretazione della realt\u00e0 che fa amare la ricerca, spinge ad entrare sempre pi\u00f9 appassionatamente nei vari campi della conoscenza ad organizzarli.<\/p>\n<p style=\"text-align: justify;\">Il terzo fattore \u00e8 una socialit\u00e0 nuova. L&#8217;Europa del VI, VII, VIII, IX secolo \u00e8 l&#8217;Europa del particolarismo, dei piccoli stanziamenti, prevalentemente agricoli. Solo con l&#8217;impero di Carlo Magno si tenta una prima unificazione non su una base politica ma religiosa. Il grande principio che vige \u00e8 quello della fedelt\u00e0 personale. L&#8217;uomo medievale \u00e8 sempre uomo &#8220;di&#8221; un altro, appartiene ad un altro.<\/p>\n<p style=\"text-align: justify;\">Faticosamente si esce dal blocco delle categorie organizzato sul finire dell&#8217;impero romano d&#8217;Occidente da Diocleziano, che aveva tentato di salvare la sopravvivenza economica dell&#8217;antico impero legando i coloni alla terra e bloccando ciascuno nella sua categoria. Col cristianesimo non si riesce subito ad elaborare un altro organigramma, ma cambia l&#8217;esperienza di base: si crea un rapporto di fiducia da uomo ad uomo. Il servo della gleba non \u00e8 pi\u00f9 il vecchio schiavo: \u00e8 un uomo legato a colui che gli \u00e8 sopra da un principio di fedelt\u00e0 che collega l&#8217;ultimo servo della gleba all&#8217;Imperatore e al Papa.<\/p>\n<p style=\"text-align: justify;\">Il principio della socialit\u00e0 coincide con il principio della fedelt\u00e0 personale che lega una libert\u00e0 ad un&#8217;altra. \u00c8 un principio di libert\u00e0 che agisce lentamente ma che matura inesorabilmente, tanto che verso la met\u00e0 del secolo X la schiavit\u00f9 scompare del tutto. Si crea un tipo di stanziamento sociale e civile nuovo (il feudo) e un ordine generale nuovo (l&#8217;impero). \u00c8 una nuova immagine di socialit\u00e0 ormai decisamente intrecciata con l&#8217;avvenimento della fede, e d&#8217;altro canto molto articolata nei modi di attuazione.<\/p>\n<p style=\"text-align: justify;\">Nelle forma di vita sociale dell&#8217;Impero carolingio, e poi del Sacro romano impero degli Ottoni, il principio attivo \u00e8 sempre quello della fedelt\u00e0 personale. Ci\u00f2 significa che l&#8217;attore della storia \u00e8 la persona nella sua capacit\u00e0 di creazione e di corresponsabilit\u00e0.<\/p>\n<p style=\"text-align: justify;\">Ci introduciamo cos\u00ec ad un altro fattore che domina gi\u00e0 la vita di questi secoli: la capacit\u00e0 missionaria, la volont\u00e0 di incontrare qualunque persona proprio in forza della coscienza dell&#8217;identit\u00e0 cristiana vissuta. Le crociate saranno l&#8217;estrema conseguenza di questa capacit\u00e0 di confronto (in questo caso con il mondo musulmano) su cui si inserisce la volont\u00e0 di riconquistare il luogo della nascita del cristianesimo.<\/p>\n<p style=\"text-align: justify;\">Il cristianesimo ha creato la civilt\u00e0 medievale con molta pazienza, cercando di educare un uomo che aveva smarrito o non aveva mai avuto il senso del valore dell&#8217;esistenza e il senso dell&#8217;ordine personale e sociale. Non ci si deve quindi spaventare se questa et\u00e0 \u00e8 caratterizzata da forti chiaroscuri: insieme ad una grande coscienza ideale emerge ancora la rozzezza dei costumi, la violenza, l&#8217;incapacit\u00e0 di misura, la facilit\u00e0 all&#8217;esplosione istintiva. Stupirsi di questo significa non avere il senso della storia: resta il fatto che la Chiesa ha fatto emergere, faticosamente ma realmente, l&#8217;umanit\u00e0, indicando un cammino di educazione che ha plasmato la barbarie e l&#8217;ha inserita nella civilt\u00e0.<\/p>\n<p style=\"text-align: justify;\">Che rimangano in tutta la storia del medioevo episodi di violenza, ad esempio la tentazione di invadere la vita personale e di strumentalizzarla ai fini della religione, in un modo che a noi oggi non risulta accettabile \u00e8 parte di questo faticoso cammino di educazione. Ma i criteri ultimi di tale educazione erano chiari fin dall&#8217;inizio e le tappe sono state perseguite con estrema decisione. Anche ci\u00f2 che noi chiamiamo politica \u00e8 parte di questa preoccupazione educativa, e colui che ha una funzione politica, ha anche una funzione educativa: \u00e8 al servizio della crescita della comunit\u00e0, della fede di coloro che gli sono affidati.<\/p>\n<p style=\"text-align: justify;\">In questo senso colui che serve il bene di tutti nella vita politica \u00e8 sottoposto all&#8217;autorit\u00e0 religiosa. La civilt\u00e0 medievale nasce dentro la fondamentale distinzione di papa Gelasio, alla fine del V secolo, fra la dimensione religiosa e la dimensione socio politica. La prima non pu\u00f2 essere assorbita nella seconda. La Chiesa tuttavia, pur non esercitando meccanicamente una funzione politica, educa gli uomini e i popoli; per questa azione, nascono all&#8217;interno del popolo le persone che si assumono il servizio della guida della comunit\u00e0 a livello politico.<\/p>\n<p style=\"text-align: justify;\">Un nota bene finale. Dopo quanto si \u00e8 detto, risulta chiaro che il medioevo non fu affatto un&#8217;epoca &#8220;buia&#8221;, arretrata. \u00c8 questo un pregiudizio frutto di una operazione di mistificazione ideologica: si \u00e8 voluto presentare il medioevo come un periodo di oscurantismo, perch\u00e9 risultasse pi\u00f9 credibile l&#8217;immagine di uomo ateo, grande progetto della mentalit\u00e0 laicista. Il medioevo in realt\u00e0 \u00e8 l&#8217;et\u00e0 in cui pi\u00f9 chiaramente la fede ha formato l&#8217;esistenza della persona ed \u00e8 diventata principio attivo di creazione di cultura e di civilt\u00e0.<\/p>\n","protected":false},"excerpt":{"rendered":"<p>articolo pubblicato su Tracce di Luigi Negri L&#8217;alto medioevo (i secoli VII, VIII e IX) corrisponde, secondo molti manuali di storia, ai cosiddetti &#8220;secoli bui&#8221;; esso rappresenta in realt\u00e0 il punto in cui maggiormente emerge l&#8217;energia costruttiva dell&#8217;avvenimento cristiano. In quei secoli, infatti, il cristianesimo non ha soltanto animato un mondo che gi\u00e0 esisteva; ne &hellip; <\/p>\n<p><a class=\"more-link btn\" href=\"https:\/\/www.rassegnastampa-totustuus.it\/cattolica\/le-origini-della-societ-medievale\/\">Continua a leggere<\/a><\/p>\n","protected":false},"author":6,"featured_media":33005,"comment_status":"closed","ping_status":"open","sticky":false,"template":"","format":"standard","meta":{"footnotes":""},"categories":[91,24],"tags":[268,162],"class_list":["post-1261","post","type-post","status-publish","format-standard","has-post-thumbnail","hentry","category-medioevo","category-storia","tag-medioevo-2","tag-storia-2","item-wrap"],"yoast_head":"<!-- This site is optimized with the Yoast SEO plugin v27.5 - https:\/\/yoast.com\/product\/yoast-seo-wordpress\/ -->\n<title>Le origini della societ&agrave; medievale - Rassegna Stampa Cattolica<\/title>\n<meta name=\"description\" content=\"Rassegna Stampa Cattolica - Per una cultura che nasce dalla Rivelazione cristiana in conformit\u00e0 alla tradizione e al Magistero della Chiesa in opposizione ad ogni relativismo e totalitarismo\" \/>\n<meta name=\"robots\" content=\"index, follow, max-snippet:-1, max-image-preview:large, max-video-preview:-1\" \/>\n<link rel=\"canonical\" href=\"https:\/\/www.rassegnastampa-totustuus.it\/cattolica\/le-origini-della-societ-medievale\/\" \/>\n<meta property=\"og:locale\" content=\"it_IT\" \/>\n<meta property=\"og:type\" content=\"article\" \/>\n<meta property=\"og:title\" content=\"Le origini della societ&agrave; medievale - Rassegna Stampa Cattolica\" \/>\n<meta property=\"og:description\" content=\"Rassegna Stampa Cattolica - Per una cultura che nasce dalla Rivelazione cristiana in conformit\u00e0 alla tradizione e al Magistero della Chiesa in opposizione ad ogni relativismo e totalitarismo\" \/>\n<meta property=\"og:url\" content=\"https:\/\/www.rassegnastampa-totustuus.it\/cattolica\/le-origini-della-societ-medievale\/\" \/>\n<meta property=\"og:site_name\" content=\"Rassegna Stampa Cattolica\" \/>\n<meta property=\"article:publisher\" content=\"https:\/\/www.facebook.com\/rassegnastampacattolica\" \/>\n<meta property=\"article:published_time\" content=\"2005-09-04T22:00:00+00:00\" \/>\n<meta property=\"article:modified_time\" content=\"2016-04-19T06:48:36+00:00\" \/>\n<meta property=\"og:image\" content=\"https:\/\/www.rassegnastampa-totustuus.it\/cattolica\/wp-content\/uploads\/2005\/09\/medioevo.jpg\" \/>\n\t<meta property=\"og:image:width\" content=\"222\" \/>\n\t<meta property=\"og:image:height\" content=\"227\" \/>\n\t<meta property=\"og:image:type\" content=\"image\/jpeg\" \/>\n<meta name=\"author\" content=\"Redazione\" \/>\n<meta name=\"twitter:card\" content=\"summary_large_image\" \/>\n<meta name=\"twitter:creator\" content=\"@rassegnastampa9\" \/>\n<meta name=\"twitter:site\" content=\"@rassegnastampa9\" \/>\n<meta name=\"twitter:label1\" content=\"Scritto da\" \/>\n\t<meta name=\"twitter:data1\" content=\"Redazione\" \/>\n\t<meta name=\"twitter:label2\" content=\"Tempo di lettura stimato\" \/>\n\t<meta name=\"twitter:data2\" content=\"12 minuti\" \/>\n<script type=\"application\/ld+json\" class=\"yoast-schema-graph\">{\"@context\":\"https:\\\/\\\/schema.org\",\"@graph\":[{\"@type\":\"Article\",\"@id\":\"https:\\\/\\\/www.rassegnastampa-totustuus.it\\\/cattolica\\\/le-origini-della-societ-medievale\\\/#article\",\"isPartOf\":{\"@id\":\"https:\\\/\\\/www.rassegnastampa-totustuus.it\\\/cattolica\\\/le-origini-della-societ-medievale\\\/\"},\"author\":{\"name\":\"Redazione\",\"@id\":\"https:\\\/\\\/www.rassegnastampa-totustuus.it\\\/cattolica\\\/#\\\/schema\\\/person\\\/08f319d2bd1a0904ad9e2bfb7b15e5c3\"},\"headline\":\"Le origini della societ&agrave; medievale\",\"datePublished\":\"2005-09-04T22:00:00+00:00\",\"dateModified\":\"2016-04-19T06:48:36+00:00\",\"mainEntityOfPage\":{\"@id\":\"https:\\\/\\\/www.rassegnastampa-totustuus.it\\\/cattolica\\\/le-origini-della-societ-medievale\\\/\"},\"wordCount\":2560,\"publisher\":{\"@id\":\"https:\\\/\\\/www.rassegnastampa-totustuus.it\\\/cattolica\\\/#organization\"},\"image\":{\"@id\":\"https:\\\/\\\/www.rassegnastampa-totustuus.it\\\/cattolica\\\/le-origini-della-societ-medievale\\\/#primaryimage\"},\"thumbnailUrl\":\"https:\\\/\\\/www.rassegnastampa-totustuus.it\\\/cattolica\\\/wp-content\\\/uploads\\\/2005\\\/09\\\/medioevo.jpg\",\"keywords\":[\"medioevo\",\"storia\"],\"articleSection\":[\"Medioevo\",\"Storia\"],\"inLanguage\":\"it-IT\"},{\"@type\":\"WebPage\",\"@id\":\"https:\\\/\\\/www.rassegnastampa-totustuus.it\\\/cattolica\\\/le-origini-della-societ-medievale\\\/\",\"url\":\"https:\\\/\\\/www.rassegnastampa-totustuus.it\\\/cattolica\\\/le-origini-della-societ-medievale\\\/\",\"name\":\"Le origini della societ&agrave; medievale - Rassegna Stampa Cattolica\",\"isPartOf\":{\"@id\":\"https:\\\/\\\/www.rassegnastampa-totustuus.it\\\/cattolica\\\/#website\"},\"primaryImageOfPage\":{\"@id\":\"https:\\\/\\\/www.rassegnastampa-totustuus.it\\\/cattolica\\\/le-origini-della-societ-medievale\\\/#primaryimage\"},\"image\":{\"@id\":\"https:\\\/\\\/www.rassegnastampa-totustuus.it\\\/cattolica\\\/le-origini-della-societ-medievale\\\/#primaryimage\"},\"thumbnailUrl\":\"https:\\\/\\\/www.rassegnastampa-totustuus.it\\\/cattolica\\\/wp-content\\\/uploads\\\/2005\\\/09\\\/medioevo.jpg\",\"datePublished\":\"2005-09-04T22:00:00+00:00\",\"dateModified\":\"2016-04-19T06:48:36+00:00\",\"description\":\"Rassegna Stampa Cattolica - Per una cultura che nasce dalla Rivelazione cristiana in conformit\u00e0 alla tradizione e al Magistero della Chiesa in opposizione ad ogni relativismo e totalitarismo\",\"breadcrumb\":{\"@id\":\"https:\\\/\\\/www.rassegnastampa-totustuus.it\\\/cattolica\\\/le-origini-della-societ-medievale\\\/#breadcrumb\"},\"inLanguage\":\"it-IT\",\"potentialAction\":[{\"@type\":\"ReadAction\",\"target\":[\"https:\\\/\\\/www.rassegnastampa-totustuus.it\\\/cattolica\\\/le-origini-della-societ-medievale\\\/\"]}]},{\"@type\":\"ImageObject\",\"inLanguage\":\"it-IT\",\"@id\":\"https:\\\/\\\/www.rassegnastampa-totustuus.it\\\/cattolica\\\/le-origini-della-societ-medievale\\\/#primaryimage\",\"url\":\"https:\\\/\\\/www.rassegnastampa-totustuus.it\\\/cattolica\\\/wp-content\\\/uploads\\\/2005\\\/09\\\/medioevo.jpg\",\"contentUrl\":\"https:\\\/\\\/www.rassegnastampa-totustuus.it\\\/cattolica\\\/wp-content\\\/uploads\\\/2005\\\/09\\\/medioevo.jpg\",\"width\":222,\"height\":227},{\"@type\":\"BreadcrumbList\",\"@id\":\"https:\\\/\\\/www.rassegnastampa-totustuus.it\\\/cattolica\\\/le-origini-della-societ-medievale\\\/#breadcrumb\",\"itemListElement\":[{\"@type\":\"ListItem\",\"position\":1,\"name\":\"Home\",\"item\":\"https:\\\/\\\/www.rassegnastampa-totustuus.it\\\/cattolica\\\/\"},{\"@type\":\"ListItem\",\"position\":2,\"name\":\"Le origini della societ&agrave; medievale\"}]},{\"@type\":\"WebSite\",\"@id\":\"https:\\\/\\\/www.rassegnastampa-totustuus.it\\\/cattolica\\\/#website\",\"url\":\"https:\\\/\\\/www.rassegnastampa-totustuus.it\\\/cattolica\\\/\",\"name\":\"Rassegna Stampa Cattolica\",\"description\":\"Per una cultura che nasce dalla Rivelazione cristiana in conformit\u00e0 alla tradizione e al Magistero della Chiesa in opposizione ad ogni relativismo e totalitarismo\",\"publisher\":{\"@id\":\"https:\\\/\\\/www.rassegnastampa-totustuus.it\\\/cattolica\\\/#organization\"},\"alternateName\":\"Rass. Cattolica\",\"potentialAction\":[{\"@type\":\"SearchAction\",\"target\":{\"@type\":\"EntryPoint\",\"urlTemplate\":\"https:\\\/\\\/www.rassegnastampa-totustuus.it\\\/cattolica\\\/?s={search_term_string}\"},\"query-input\":{\"@type\":\"PropertyValueSpecification\",\"valueRequired\":true,\"valueName\":\"search_term_string\"}}],\"inLanguage\":\"it-IT\"},{\"@type\":\"Organization\",\"@id\":\"https:\\\/\\\/www.rassegnastampa-totustuus.it\\\/cattolica\\\/#organization\",\"name\":\"Rassegna Stampa Cattolica\",\"url\":\"https:\\\/\\\/www.rassegnastampa-totustuus.it\\\/cattolica\\\/\",\"logo\":{\"@type\":\"ImageObject\",\"inLanguage\":\"it-IT\",\"@id\":\"https:\\\/\\\/www.rassegnastampa-totustuus.it\\\/cattolica\\\/#\\\/schema\\\/logo\\\/image\\\/\",\"url\":\"https:\\\/\\\/www.rassegnastampa-totustuus.it\\\/cattolica\\\/wp-content\\\/uploads\\\/2014\\\/04\\\/logo-rassegna1.gif\",\"contentUrl\":\"https:\\\/\\\/www.rassegnastampa-totustuus.it\\\/cattolica\\\/wp-content\\\/uploads\\\/2014\\\/04\\\/logo-rassegna1.gif\",\"width\":600,\"height\":163,\"caption\":\"Rassegna Stampa Cattolica\"},\"image\":{\"@id\":\"https:\\\/\\\/www.rassegnastampa-totustuus.it\\\/cattolica\\\/#\\\/schema\\\/logo\\\/image\\\/\"},\"sameAs\":[\"https:\\\/\\\/www.facebook.com\\\/rassegnastampacattolica\",\"https:\\\/\\\/x.com\\\/rassegnastampa9\"]},{\"@type\":\"Person\",\"@id\":\"https:\\\/\\\/www.rassegnastampa-totustuus.it\\\/cattolica\\\/#\\\/schema\\\/person\\\/08f319d2bd1a0904ad9e2bfb7b15e5c3\",\"name\":\"Redazione\",\"image\":{\"@type\":\"ImageObject\",\"inLanguage\":\"it-IT\",\"@id\":\"https:\\\/\\\/secure.gravatar.com\\\/avatar\\\/2fcdf27c78ea025fbdb44e914cc63c72249ffec9dc8aafd5c82b26240ef3f346?s=96&d=mm&r=g\",\"url\":\"https:\\\/\\\/secure.gravatar.com\\\/avatar\\\/2fcdf27c78ea025fbdb44e914cc63c72249ffec9dc8aafd5c82b26240ef3f346?s=96&d=mm&r=g\",\"contentUrl\":\"https:\\\/\\\/secure.gravatar.com\\\/avatar\\\/2fcdf27c78ea025fbdb44e914cc63c72249ffec9dc8aafd5c82b26240ef3f346?s=96&d=mm&r=g\",\"caption\":\"Redazione\"},\"url\":\"https:\\\/\\\/www.rassegnastampa-totustuus.it\\\/cattolica\\\/author\\\/pietroelle\\\/\"}]}<\/script>\n<!-- \/ Yoast SEO plugin. -->","yoast_head_json":{"title":"Le origini della societ&agrave; medievale - Rassegna Stampa Cattolica","description":"Rassegna Stampa Cattolica - Per una cultura che nasce dalla Rivelazione cristiana in conformit\u00e0 alla tradizione e al Magistero della Chiesa in opposizione ad ogni relativismo e totalitarismo","robots":{"index":"index","follow":"follow","max-snippet":"max-snippet:-1","max-image-preview":"max-image-preview:large","max-video-preview":"max-video-preview:-1"},"canonical":"https:\/\/www.rassegnastampa-totustuus.it\/cattolica\/le-origini-della-societ-medievale\/","og_locale":"it_IT","og_type":"article","og_title":"Le origini della societ&agrave; medievale - Rassegna Stampa Cattolica","og_description":"Rassegna Stampa Cattolica - Per una cultura che nasce dalla Rivelazione cristiana in conformit\u00e0 alla tradizione e al Magistero della Chiesa in opposizione ad ogni relativismo e totalitarismo","og_url":"https:\/\/www.rassegnastampa-totustuus.it\/cattolica\/le-origini-della-societ-medievale\/","og_site_name":"Rassegna Stampa Cattolica","article_publisher":"https:\/\/www.facebook.com\/rassegnastampacattolica","article_published_time":"2005-09-04T22:00:00+00:00","article_modified_time":"2016-04-19T06:48:36+00:00","og_image":[{"width":222,"height":227,"url":"https:\/\/www.rassegnastampa-totustuus.it\/cattolica\/wp-content\/uploads\/2005\/09\/medioevo.jpg","type":"image\/jpeg"}],"author":"Redazione","twitter_card":"summary_large_image","twitter_creator":"@rassegnastampa9","twitter_site":"@rassegnastampa9","twitter_misc":{"Scritto da":"Redazione","Tempo di lettura stimato":"12 minuti"},"schema":{"@context":"https:\/\/schema.org","@graph":[{"@type":"Article","@id":"https:\/\/www.rassegnastampa-totustuus.it\/cattolica\/le-origini-della-societ-medievale\/#article","isPartOf":{"@id":"https:\/\/www.rassegnastampa-totustuus.it\/cattolica\/le-origini-della-societ-medievale\/"},"author":{"name":"Redazione","@id":"https:\/\/www.rassegnastampa-totustuus.it\/cattolica\/#\/schema\/person\/08f319d2bd1a0904ad9e2bfb7b15e5c3"},"headline":"Le origini della societ&agrave; medievale","datePublished":"2005-09-04T22:00:00+00:00","dateModified":"2016-04-19T06:48:36+00:00","mainEntityOfPage":{"@id":"https:\/\/www.rassegnastampa-totustuus.it\/cattolica\/le-origini-della-societ-medievale\/"},"wordCount":2560,"publisher":{"@id":"https:\/\/www.rassegnastampa-totustuus.it\/cattolica\/#organization"},"image":{"@id":"https:\/\/www.rassegnastampa-totustuus.it\/cattolica\/le-origini-della-societ-medievale\/#primaryimage"},"thumbnailUrl":"https:\/\/www.rassegnastampa-totustuus.it\/cattolica\/wp-content\/uploads\/2005\/09\/medioevo.jpg","keywords":["medioevo","storia"],"articleSection":["Medioevo","Storia"],"inLanguage":"it-IT"},{"@type":"WebPage","@id":"https:\/\/www.rassegnastampa-totustuus.it\/cattolica\/le-origini-della-societ-medievale\/","url":"https:\/\/www.rassegnastampa-totustuus.it\/cattolica\/le-origini-della-societ-medievale\/","name":"Le origini della societ&agrave; medievale - Rassegna Stampa Cattolica","isPartOf":{"@id":"https:\/\/www.rassegnastampa-totustuus.it\/cattolica\/#website"},"primaryImageOfPage":{"@id":"https:\/\/www.rassegnastampa-totustuus.it\/cattolica\/le-origini-della-societ-medievale\/#primaryimage"},"image":{"@id":"https:\/\/www.rassegnastampa-totustuus.it\/cattolica\/le-origini-della-societ-medievale\/#primaryimage"},"thumbnailUrl":"https:\/\/www.rassegnastampa-totustuus.it\/cattolica\/wp-content\/uploads\/2005\/09\/medioevo.jpg","datePublished":"2005-09-04T22:00:00+00:00","dateModified":"2016-04-19T06:48:36+00:00","description":"Rassegna Stampa Cattolica - Per una cultura che nasce dalla Rivelazione cristiana in conformit\u00e0 alla tradizione e al Magistero della Chiesa in opposizione ad ogni relativismo e totalitarismo","breadcrumb":{"@id":"https:\/\/www.rassegnastampa-totustuus.it\/cattolica\/le-origini-della-societ-medievale\/#breadcrumb"},"inLanguage":"it-IT","potentialAction":[{"@type":"ReadAction","target":["https:\/\/www.rassegnastampa-totustuus.it\/cattolica\/le-origini-della-societ-medievale\/"]}]},{"@type":"ImageObject","inLanguage":"it-IT","@id":"https:\/\/www.rassegnastampa-totustuus.it\/cattolica\/le-origini-della-societ-medievale\/#primaryimage","url":"https:\/\/www.rassegnastampa-totustuus.it\/cattolica\/wp-content\/uploads\/2005\/09\/medioevo.jpg","contentUrl":"https:\/\/www.rassegnastampa-totustuus.it\/cattolica\/wp-content\/uploads\/2005\/09\/medioevo.jpg","width":222,"height":227},{"@type":"BreadcrumbList","@id":"https:\/\/www.rassegnastampa-totustuus.it\/cattolica\/le-origini-della-societ-medievale\/#breadcrumb","itemListElement":[{"@type":"ListItem","position":1,"name":"Home","item":"https:\/\/www.rassegnastampa-totustuus.it\/cattolica\/"},{"@type":"ListItem","position":2,"name":"Le origini della societ&agrave; medievale"}]},{"@type":"WebSite","@id":"https:\/\/www.rassegnastampa-totustuus.it\/cattolica\/#website","url":"https:\/\/www.rassegnastampa-totustuus.it\/cattolica\/","name":"Rassegna Stampa Cattolica","description":"Per una cultura che nasce dalla Rivelazione cristiana in conformit\u00e0 alla tradizione e al Magistero della Chiesa in opposizione ad ogni relativismo e totalitarismo","publisher":{"@id":"https:\/\/www.rassegnastampa-totustuus.it\/cattolica\/#organization"},"alternateName":"Rass. Cattolica","potentialAction":[{"@type":"SearchAction","target":{"@type":"EntryPoint","urlTemplate":"https:\/\/www.rassegnastampa-totustuus.it\/cattolica\/?s={search_term_string}"},"query-input":{"@type":"PropertyValueSpecification","valueRequired":true,"valueName":"search_term_string"}}],"inLanguage":"it-IT"},{"@type":"Organization","@id":"https:\/\/www.rassegnastampa-totustuus.it\/cattolica\/#organization","name":"Rassegna Stampa Cattolica","url":"https:\/\/www.rassegnastampa-totustuus.it\/cattolica\/","logo":{"@type":"ImageObject","inLanguage":"it-IT","@id":"https:\/\/www.rassegnastampa-totustuus.it\/cattolica\/#\/schema\/logo\/image\/","url":"https:\/\/www.rassegnastampa-totustuus.it\/cattolica\/wp-content\/uploads\/2014\/04\/logo-rassegna1.gif","contentUrl":"https:\/\/www.rassegnastampa-totustuus.it\/cattolica\/wp-content\/uploads\/2014\/04\/logo-rassegna1.gif","width":600,"height":163,"caption":"Rassegna Stampa Cattolica"},"image":{"@id":"https:\/\/www.rassegnastampa-totustuus.it\/cattolica\/#\/schema\/logo\/image\/"},"sameAs":["https:\/\/www.facebook.com\/rassegnastampacattolica","https:\/\/x.com\/rassegnastampa9"]},{"@type":"Person","@id":"https:\/\/www.rassegnastampa-totustuus.it\/cattolica\/#\/schema\/person\/08f319d2bd1a0904ad9e2bfb7b15e5c3","name":"Redazione","image":{"@type":"ImageObject","inLanguage":"it-IT","@id":"https:\/\/secure.gravatar.com\/avatar\/2fcdf27c78ea025fbdb44e914cc63c72249ffec9dc8aafd5c82b26240ef3f346?s=96&d=mm&r=g","url":"https:\/\/secure.gravatar.com\/avatar\/2fcdf27c78ea025fbdb44e914cc63c72249ffec9dc8aafd5c82b26240ef3f346?s=96&d=mm&r=g","contentUrl":"https:\/\/secure.gravatar.com\/avatar\/2fcdf27c78ea025fbdb44e914cc63c72249ffec9dc8aafd5c82b26240ef3f346?s=96&d=mm&r=g","caption":"Redazione"},"url":"https:\/\/www.rassegnastampa-totustuus.it\/cattolica\/author\/pietroelle\/"}]}},"_links":{"self":[{"href":"https:\/\/www.rassegnastampa-totustuus.it\/cattolica\/wp-json\/wp\/v2\/posts\/1261","targetHints":{"allow":["GET"]}}],"collection":[{"href":"https:\/\/www.rassegnastampa-totustuus.it\/cattolica\/wp-json\/wp\/v2\/posts"}],"about":[{"href":"https:\/\/www.rassegnastampa-totustuus.it\/cattolica\/wp-json\/wp\/v2\/types\/post"}],"author":[{"embeddable":true,"href":"https:\/\/www.rassegnastampa-totustuus.it\/cattolica\/wp-json\/wp\/v2\/users\/6"}],"replies":[{"embeddable":true,"href":"https:\/\/www.rassegnastampa-totustuus.it\/cattolica\/wp-json\/wp\/v2\/comments?post=1261"}],"version-history":[{"count":4,"href":"https:\/\/www.rassegnastampa-totustuus.it\/cattolica\/wp-json\/wp\/v2\/posts\/1261\/revisions"}],"predecessor-version":[{"id":33006,"href":"https:\/\/www.rassegnastampa-totustuus.it\/cattolica\/wp-json\/wp\/v2\/posts\/1261\/revisions\/33006"}],"wp:featuredmedia":[{"embeddable":true,"href":"https:\/\/www.rassegnastampa-totustuus.it\/cattolica\/wp-json\/wp\/v2\/media\/33005"}],"wp:attachment":[{"href":"https:\/\/www.rassegnastampa-totustuus.it\/cattolica\/wp-json\/wp\/v2\/media?parent=1261"}],"wp:term":[{"taxonomy":"category","embeddable":true,"href":"https:\/\/www.rassegnastampa-totustuus.it\/cattolica\/wp-json\/wp\/v2\/categories?post=1261"},{"taxonomy":"post_tag","embeddable":true,"href":"https:\/\/www.rassegnastampa-totustuus.it\/cattolica\/wp-json\/wp\/v2\/tags?post=1261"}],"curies":[{"name":"wp","href":"https:\/\/api.w.org\/{rel}","templated":true}]}}