{"id":12468,"date":"2014-10-30T00:00:39","date_gmt":"2014-10-29T23:00:39","guid":{"rendered":"http:\/\/www.rassegnastampa-totustuus.it\/cattolica\/?p=12468"},"modified":"2014-10-29T14:52:35","modified_gmt":"2014-10-29T13:52:35","slug":"il-big-bang-fu-un-sacerdote-belga-a-scoprirlo","status":"publish","type":"post","link":"https:\/\/www.rassegnastampa-totustuus.it\/cattolica\/il-big-bang-fu-un-sacerdote-belga-a-scoprirlo\/","title":{"rendered":"Il Big Bang? Fu un sacerdote belga a scoprirlo"},"content":{"rendered":"<p style=\"text-align: center;\"><strong><a href=\"https:\/\/www.rassegnastampa-totustuus.it\/cattolica\/wp-content\/uploads\/2014\/10\/Georges-Lema\u00eetre.jpg\"><img loading=\"lazy\" decoding=\"async\" class=\"size-full wp-image-12469 alignright\" alt=\"Georges Lema\u00eetre\" src=\"https:\/\/www.rassegnastampa-totustuus.it\/cattolica\/wp-content\/uploads\/2014\/10\/Georges-Lema\u00eetre.jpg\" width=\"205\" height=\"245\" \/><\/a>La Nuova Bussola quotidiana<\/strong> 29 ottobre 2014<\/p>\n<p style=\"text-align: center;\">di <strong>Francesco Agnoli<\/strong><\/p>\n<p style=\"text-align: justify;\">Nel suo discorso del 27 ottobre, papa Francesco, riferendosi anche ai lavori della Pontificia Accademia delle Scienze, ha fatto un lungo riferimento alla teoria del Big Bang, riproponendo tra l\u2019altro la perfetta compatibilit\u00e0 filosofica tra di essa e la fede in un Dio Creatore. Il Papa ha detto, tra l\u2019altro: \u00abil Big-Bang, che oggi si pone all&#8217;origine del mondo, non contraddice l&#8217;intervento creatore divino ma lo esige. L&#8217;evoluzione nella natura non contrasta con la nozione di Creazione, perch\u00e9 l&#8217;evoluzione presuppone la creazione degli esseri che si evolvono\u00bb.<\/p>\n<p style=\"text-align: justify;\"><strong><!--more--><\/strong><\/p>\n<p style=\"text-align: justify;\"><strong>Quello che si pu\u00f2 aggiungere, al lungo discorso del Pontefice, \u00e8 una<\/strong> precisazione storica: il grande scienziato che per primo propose l\u2019idea della nascita del cosmo da un \u201catomo primitivo\u201d, e cio\u00e8 la teoria che sarebbe stata poi chiamata del Big Bang, fu un sacerdote belga, che sarebbe stato per tanti anni presidente proprio della Accademia Pontificia delle Scienze: George Eduard Lema\u00eetre. Il suo nome \u00e8 stato per anni sepolto nell\u2019oblio, per molteplici motivi: la primitiva avversione alla sua teoria da parte di Einstein, e di tanti scienziati che bollavano la sua ipotesi come figlia del suo pensiero cristiano e non di un pensiero scientifico (\u00absi vede bene che Lei \u00e8 un prete\u00bb, gli disse Einstein, con cui Lema\u00eetre aveva un ottimo rapporto, alludendo ad una consonanza tra dottrina della creazione ex nihilo e Big Bang.<\/p>\n<p style=\"text-align: justify;\">\u00abQuesto \u00e8 un complotto della Chiesa per far passare la creazione sotto veste scientifica\u00bb, ripeteva il grande astrofisico britannico Fred Hoyle); l\u2019ostracismo dei fisici materialisti; la sua umilt\u00e0, che lo port\u00f2 per esempio a non rivendicare un\u2019altra primogenitura, l\u2019aver proposto l\u2019espansione delle galassie due anni prima di E. Hubble.<\/p>\n<p style=\"text-align: justify;\"><strong>Si \u00e8 arrivati all\u2019assurdo, recentemente, di un libro,<\/strong><b> <\/b><em>Dal Big Bang ai buchi<\/em><i> <\/i><em>neri. Breve storia del tempo<\/em>, di S. Hawkins, che \u00e8 stato un best seller mondiale, e in cui l\u2019astrofisico inglese non nomina neppure una volta il padre dell\u2019argomento di cui il suo libro tratta. In un modo o nell\u2019altro, per\u00f2, finalmente qualcuno si \u00e8 ricordato di Lema\u00eetre, proprio quest\u2019anno: a luglio, infatti, gli \u00e8 stato dedicato il satellite ATV-5, e l\u2019Esa (Ente spaziale Europeo) ha riconosciuto in lui il grande pioniere della cosmologia contemporanea, dedicandogli anche un video che l\u2019associazione Libert\u00e0 e Persona ha sottotitolato &#8220;Il sacerdote del Big Bang&#8221; (<a href=\"http:\/\/www.libertaepersona.org\/wordpress\/2014\/10\/il-sacerdote-del-big-bang\/\" target=\"_blank\">clicca qui)<\/a>.<\/p>\n<p style=\"text-align: justify;\"><strong>Vediamo brevemente alcuni momenti fondamentali <\/strong><strong>nella vita dello<\/strong><b> <\/b>scienziato belga. Nel 1927, nel suo articolo Un universo omogeneo di massa costante e di raggio crescente, che giustifica la velocit\u00e0 radiale delle nebulose extragalattiche, avanza \u00abper la prima volta, l\u2019ipotesi che le velocit\u00e0 di recessione delle nebulose extragalattiche siano la conseguenza cosmica dell\u2019espansione dell\u2019Universo nell\u2019ambito della relativit\u00e0 generale.<\/p>\n<p style=\"text-align: justify;\">Non soltanto, quindi, Georges Lema\u00eetre ha trovato (contemporaneamente a Friedmann, ma indipendentemente da lui) l\u2019espansione come soluzione delle equazioni relativistiche, ma \u00e8 anche il primo ad affermare che si tratta della soluzione corretta, perch\u00e9 si basa sull\u2019analisi delle osservazioni\u2026 Lema\u00eetre enuncia cos\u00ec chiaramente la relazione di proporzionalit\u00e0 esistente fra la velocit\u00e0 di recessione e la distanza, la stessa legge che Hubble pubblicher\u00e0 solamente due anni dopo, riportando numeri praticamente identici\u00bb (J.P. Luminet).<\/p>\n<p style=\"text-align: justify;\"><strong>Nel 1931, nel testo L\u2019espansione dello spazio, Lema\u00eetre propone per primo<\/strong> l\u2019ipotesi dell\u2019atomo primitivo, cio\u00e8 il Big Bang (\u201cPossiamo immaginare che lo spazio abbia avuto inizio con l\u2019atomo primitivo e che l\u2019inizio dello spazio abbia segnato anche l\u2019inizio del tempo\u201d). Poi, nel 1933 \u00ab\u00e8 il primo a riconoscere che la superficie del buco nero non \u00e8 una vera singolarit\u00e0\u00bb; verr\u00e0 ignorato anche questa volta, e \u00ablo sviluppo della teoria relativistica del buco nero rester\u00e0 bloccato per trent\u2019anni\u00bb.<\/p>\n<p style=\"text-align: justify;\"><strong>Altri sono i contributi cui si potrebbe accennare, ma ci fermiamo qui,<\/strong>\u00a0rimandando, per un approfondimento storico-filosofico al mio Scienziati dunque credenti, e per un approfondimento scientifico ai testi di un ingegnere, Giovanni Strafellini (<em>Manifesto per scettici in cerca di Dio<\/em>, Lindau, 2013) e di un fisico, Franco Saporetti (<em>Big Bang: chi ha acceso la miccia?<\/em>, Pendragon, 2014). Non senza aver ricordato, en passant, cosa afferm\u00f2 il fisico ebreo-tedesco Arno Penzias, allorch\u00e9 nel 1978 ottenne il Premio Nobel per la scoperta della radiazione di fondo cosmica, che \u00e8 una delle pi\u00f9 forti prove a favore del Big Bang: \u00abI migliori dati in nostro possesso sono esattamente quelli che avrei potuto predire se non avessi avuto altro su cui fondarmi che il Pentateuco, i Salmi, la Bibbia nel suo complesso\u00bb.<\/p>\n<p style=\"text-align: justify;\"><strong>Per concludere un cenno alla vita sacerdotale di Lema\u00eetre: <\/strong><strong>lo scienziato<\/strong><strong> <\/strong>belga \u00e8 un innamorato del suo ministero e vuole trasmettere agli altri sacerdoti la sua gioia, il suo stupore per i poteri sovrumani di un semplice uomo che viene trasformato dal sacramento. \u00c8 necessario, scrive, \u00abconservare in tutta la sua\u00a0freschezza quel senso di stupore, pieno di gioia e d\u2019incanto, che abbiamo provato il giorno dell\u2019ordinazione\u00bb percorrendo la strada scelta non da geni pieni di talenti, ma da un povero curato di campagna: Giovanni Maria Vianney (1786-1859), proclamato santo nel 1925.<\/p>\n<p style=\"text-align: justify;\">Lema\u00eetre lo propone come esempio di santit\u00e0 sacerdotale in quanto \u00abmirabile per lo zelo pastorale e per l\u2019ardore costante nella preghiera e nella penitenza\u00bb. Lema\u00eetre \u00e8, inoltre, un devoto mariano: infatti, nel 1957 d\u00e0 alle stampe un volumetto nel quale la Vergine Maria viene appellata con un titolo insolito, \u201cNostra Signora della Carit\u00e0\u201d, ed \u00e8 proposta come esempio per tutte le anime religiose, invitate a mettersi alla scuola di questa incomparabile maestra. Maestra, che, \u00abcome suo figlio Ges\u00f9, ancor pi\u00f9 di lui in un certo senso \u2013 ha parlato cos\u00ec poco \u2013 ci insegna soprattutto con l\u2019esempio\u00bb.<\/p>\n<p style=\"text-align: justify;\">Il volume si sofferma sui misteri della vita di Maria e sugli episodi pi\u00f9 significativi, dall\u2019Annunciazione al Golgota, avendo come unica guida gli evangelisti e il Magistero della Chiesa; quest\u2019ultimo per quanto riguarda i dogmi dell\u2019Immacolata Concezione (1854) e dell\u2019 Assunzione al Cielo (1950) (da: Agnoli, Bartelloni,\u00a0<em>Scienziati in tonaca. Da Copernico a Lema\u00eetre<\/em>, La Fontana di Siloe, 2013)<\/p>\n","protected":false},"excerpt":{"rendered":"<p>La Nuova Bussola quotidiana 29 ottobre 2014 di Francesco Agnoli Nel suo discorso del 27 ottobre, papa Francesco, riferendosi anche ai lavori della Pontificia Accademia delle Scienze, ha fatto un lungo riferimento alla teoria del Big Bang, riproponendo tra l\u2019altro la perfetta compatibilit\u00e0 filosofica tra di essa e la fede in un Dio Creatore. Il &hellip; <\/p>\n<p><a class=\"more-link btn\" href=\"https:\/\/www.rassegnastampa-totustuus.it\/cattolica\/il-big-bang-fu-un-sacerdote-belga-a-scoprirlo\/\">Continua a leggere<\/a><\/p>\n","protected":false},"author":6,"featured_media":12469,"comment_status":"closed","ping_status":"closed","sticky":false,"template":"","format":"standard","meta":{"footnotes":""},"categories":[5,22],"tags":[794,261],"class_list":["post-12468","post","type-post","status-publish","format-standard","has-post-thumbnail","hentry","category-chiesa","category-scienza","tag-big-bang","tag-scienza-2","item-wrap"],"yoast_head":"<!-- This site is optimized with the Yoast SEO plugin v27.5 - https:\/\/yoast.com\/product\/yoast-seo-wordpress\/ -->\n<title>Il Big Bang? Fu un sacerdote belga a scoprirlo - Rassegna Stampa Cattolica<\/title>\n<meta name=\"description\" content=\"Rassegna Stampa Cattolica - Per una cultura che nasce dalla Rivelazione cristiana in conformit\u00e0 alla tradizione e al Magistero della Chiesa in opposizione ad ogni relativismo e totalitarismo\" \/>\n<meta name=\"robots\" content=\"index, follow, max-snippet:-1, max-image-preview:large, max-video-preview:-1\" \/>\n<link rel=\"canonical\" href=\"https:\/\/www.rassegnastampa-totustuus.it\/cattolica\/il-big-bang-fu-un-sacerdote-belga-a-scoprirlo\/\" \/>\n<meta property=\"og:locale\" content=\"it_IT\" \/>\n<meta property=\"og:type\" content=\"article\" \/>\n<meta property=\"og:title\" content=\"Il Big Bang? Fu un sacerdote belga a scoprirlo - Rassegna Stampa Cattolica\" \/>\n<meta property=\"og:description\" content=\"Rassegna Stampa Cattolica - Per una cultura che nasce dalla Rivelazione cristiana in conformit\u00e0 alla tradizione e al Magistero della Chiesa in opposizione ad ogni relativismo e totalitarismo\" \/>\n<meta property=\"og:url\" content=\"https:\/\/www.rassegnastampa-totustuus.it\/cattolica\/il-big-bang-fu-un-sacerdote-belga-a-scoprirlo\/\" \/>\n<meta property=\"og:site_name\" content=\"Rassegna Stampa Cattolica\" \/>\n<meta property=\"article:publisher\" content=\"https:\/\/www.facebook.com\/rassegnastampacattolica\" \/>\n<meta property=\"article:published_time\" content=\"2014-10-29T23:00:39+00:00\" \/>\n<meta property=\"og:image\" content=\"https:\/\/www.rassegnastampa-totustuus.it\/cattolica\/wp-content\/uploads\/2014\/10\/Georges-Lema\u00eetre.jpg\" \/>\n\t<meta property=\"og:image:width\" content=\"205\" \/>\n\t<meta property=\"og:image:height\" content=\"245\" \/>\n\t<meta property=\"og:image:type\" content=\"image\/jpeg\" \/>\n<meta name=\"author\" content=\"Redazione\" \/>\n<meta name=\"twitter:card\" content=\"summary_large_image\" \/>\n<meta name=\"twitter:creator\" content=\"@rassegnastampa9\" \/>\n<meta name=\"twitter:site\" content=\"@rassegnastampa9\" \/>\n<meta name=\"twitter:label1\" content=\"Scritto da\" \/>\n\t<meta name=\"twitter:data1\" content=\"Redazione\" \/>\n\t<meta name=\"twitter:label2\" content=\"Tempo di lettura stimato\" \/>\n\t<meta name=\"twitter:data2\" content=\"5 minuti\" \/>\n<script type=\"application\/ld+json\" class=\"yoast-schema-graph\">{\"@context\":\"https:\\\/\\\/schema.org\",\"@graph\":[{\"@type\":\"Article\",\"@id\":\"https:\\\/\\\/www.rassegnastampa-totustuus.it\\\/cattolica\\\/il-big-bang-fu-un-sacerdote-belga-a-scoprirlo\\\/#article\",\"isPartOf\":{\"@id\":\"https:\\\/\\\/www.rassegnastampa-totustuus.it\\\/cattolica\\\/il-big-bang-fu-un-sacerdote-belga-a-scoprirlo\\\/\"},\"author\":{\"name\":\"Redazione\",\"@id\":\"https:\\\/\\\/www.rassegnastampa-totustuus.it\\\/cattolica\\\/#\\\/schema\\\/person\\\/08f319d2bd1a0904ad9e2bfb7b15e5c3\"},\"headline\":\"Il Big Bang? Fu un sacerdote belga a scoprirlo\",\"datePublished\":\"2014-10-29T23:00:39+00:00\",\"mainEntityOfPage\":{\"@id\":\"https:\\\/\\\/www.rassegnastampa-totustuus.it\\\/cattolica\\\/il-big-bang-fu-un-sacerdote-belga-a-scoprirlo\\\/\"},\"wordCount\":997,\"publisher\":{\"@id\":\"https:\\\/\\\/www.rassegnastampa-totustuus.it\\\/cattolica\\\/#organization\"},\"image\":{\"@id\":\"https:\\\/\\\/www.rassegnastampa-totustuus.it\\\/cattolica\\\/il-big-bang-fu-un-sacerdote-belga-a-scoprirlo\\\/#primaryimage\"},\"thumbnailUrl\":\"https:\\\/\\\/www.rassegnastampa-totustuus.it\\\/cattolica\\\/wp-content\\\/uploads\\\/2014\\\/10\\\/Georges-Lema\u00eetre.jpg\",\"keywords\":[\"Big bang\",\"scienza\"],\"articleSection\":[\"Chiesa\",\"Scienza\"],\"inLanguage\":\"it-IT\"},{\"@type\":\"WebPage\",\"@id\":\"https:\\\/\\\/www.rassegnastampa-totustuus.it\\\/cattolica\\\/il-big-bang-fu-un-sacerdote-belga-a-scoprirlo\\\/\",\"url\":\"https:\\\/\\\/www.rassegnastampa-totustuus.it\\\/cattolica\\\/il-big-bang-fu-un-sacerdote-belga-a-scoprirlo\\\/\",\"name\":\"Il Big Bang? Fu un sacerdote belga a scoprirlo - Rassegna Stampa Cattolica\",\"isPartOf\":{\"@id\":\"https:\\\/\\\/www.rassegnastampa-totustuus.it\\\/cattolica\\\/#website\"},\"primaryImageOfPage\":{\"@id\":\"https:\\\/\\\/www.rassegnastampa-totustuus.it\\\/cattolica\\\/il-big-bang-fu-un-sacerdote-belga-a-scoprirlo\\\/#primaryimage\"},\"image\":{\"@id\":\"https:\\\/\\\/www.rassegnastampa-totustuus.it\\\/cattolica\\\/il-big-bang-fu-un-sacerdote-belga-a-scoprirlo\\\/#primaryimage\"},\"thumbnailUrl\":\"https:\\\/\\\/www.rassegnastampa-totustuus.it\\\/cattolica\\\/wp-content\\\/uploads\\\/2014\\\/10\\\/Georges-Lema\u00eetre.jpg\",\"datePublished\":\"2014-10-29T23:00:39+00:00\",\"description\":\"Rassegna Stampa Cattolica - Per una cultura che nasce dalla Rivelazione cristiana in conformit\u00e0 alla tradizione e al Magistero della Chiesa in opposizione ad ogni relativismo e totalitarismo\",\"breadcrumb\":{\"@id\":\"https:\\\/\\\/www.rassegnastampa-totustuus.it\\\/cattolica\\\/il-big-bang-fu-un-sacerdote-belga-a-scoprirlo\\\/#breadcrumb\"},\"inLanguage\":\"it-IT\",\"potentialAction\":[{\"@type\":\"ReadAction\",\"target\":[\"https:\\\/\\\/www.rassegnastampa-totustuus.it\\\/cattolica\\\/il-big-bang-fu-un-sacerdote-belga-a-scoprirlo\\\/\"]}]},{\"@type\":\"ImageObject\",\"inLanguage\":\"it-IT\",\"@id\":\"https:\\\/\\\/www.rassegnastampa-totustuus.it\\\/cattolica\\\/il-big-bang-fu-un-sacerdote-belga-a-scoprirlo\\\/#primaryimage\",\"url\":\"https:\\\/\\\/www.rassegnastampa-totustuus.it\\\/cattolica\\\/wp-content\\\/uploads\\\/2014\\\/10\\\/Georges-Lema\u00eetre.jpg\",\"contentUrl\":\"https:\\\/\\\/www.rassegnastampa-totustuus.it\\\/cattolica\\\/wp-content\\\/uploads\\\/2014\\\/10\\\/Georges-Lema\u00eetre.jpg\",\"width\":205,\"height\":245},{\"@type\":\"BreadcrumbList\",\"@id\":\"https:\\\/\\\/www.rassegnastampa-totustuus.it\\\/cattolica\\\/il-big-bang-fu-un-sacerdote-belga-a-scoprirlo\\\/#breadcrumb\",\"itemListElement\":[{\"@type\":\"ListItem\",\"position\":1,\"name\":\"Home\",\"item\":\"https:\\\/\\\/www.rassegnastampa-totustuus.it\\\/cattolica\\\/\"},{\"@type\":\"ListItem\",\"position\":2,\"name\":\"Il Big Bang? Fu un sacerdote belga a scoprirlo\"}]},{\"@type\":\"WebSite\",\"@id\":\"https:\\\/\\\/www.rassegnastampa-totustuus.it\\\/cattolica\\\/#website\",\"url\":\"https:\\\/\\\/www.rassegnastampa-totustuus.it\\\/cattolica\\\/\",\"name\":\"Rassegna Stampa Cattolica\",\"description\":\"Per una cultura che nasce dalla Rivelazione cristiana in conformit\u00e0 alla tradizione e al Magistero della Chiesa in opposizione ad ogni relativismo e totalitarismo\",\"publisher\":{\"@id\":\"https:\\\/\\\/www.rassegnastampa-totustuus.it\\\/cattolica\\\/#organization\"},\"alternateName\":\"Rass. Cattolica\",\"potentialAction\":[{\"@type\":\"SearchAction\",\"target\":{\"@type\":\"EntryPoint\",\"urlTemplate\":\"https:\\\/\\\/www.rassegnastampa-totustuus.it\\\/cattolica\\\/?s={search_term_string}\"},\"query-input\":{\"@type\":\"PropertyValueSpecification\",\"valueRequired\":true,\"valueName\":\"search_term_string\"}}],\"inLanguage\":\"it-IT\"},{\"@type\":\"Organization\",\"@id\":\"https:\\\/\\\/www.rassegnastampa-totustuus.it\\\/cattolica\\\/#organization\",\"name\":\"Rassegna Stampa Cattolica\",\"url\":\"https:\\\/\\\/www.rassegnastampa-totustuus.it\\\/cattolica\\\/\",\"logo\":{\"@type\":\"ImageObject\",\"inLanguage\":\"it-IT\",\"@id\":\"https:\\\/\\\/www.rassegnastampa-totustuus.it\\\/cattolica\\\/#\\\/schema\\\/logo\\\/image\\\/\",\"url\":\"https:\\\/\\\/www.rassegnastampa-totustuus.it\\\/cattolica\\\/wp-content\\\/uploads\\\/2014\\\/04\\\/logo-rassegna1.gif\",\"contentUrl\":\"https:\\\/\\\/www.rassegnastampa-totustuus.it\\\/cattolica\\\/wp-content\\\/uploads\\\/2014\\\/04\\\/logo-rassegna1.gif\",\"width\":600,\"height\":163,\"caption\":\"Rassegna Stampa Cattolica\"},\"image\":{\"@id\":\"https:\\\/\\\/www.rassegnastampa-totustuus.it\\\/cattolica\\\/#\\\/schema\\\/logo\\\/image\\\/\"},\"sameAs\":[\"https:\\\/\\\/www.facebook.com\\\/rassegnastampacattolica\",\"https:\\\/\\\/x.com\\\/rassegnastampa9\"]},{\"@type\":\"Person\",\"@id\":\"https:\\\/\\\/www.rassegnastampa-totustuus.it\\\/cattolica\\\/#\\\/schema\\\/person\\\/08f319d2bd1a0904ad9e2bfb7b15e5c3\",\"name\":\"Redazione\",\"image\":{\"@type\":\"ImageObject\",\"inLanguage\":\"it-IT\",\"@id\":\"https:\\\/\\\/secure.gravatar.com\\\/avatar\\\/2fcdf27c78ea025fbdb44e914cc63c72249ffec9dc8aafd5c82b26240ef3f346?s=96&d=mm&r=g\",\"url\":\"https:\\\/\\\/secure.gravatar.com\\\/avatar\\\/2fcdf27c78ea025fbdb44e914cc63c72249ffec9dc8aafd5c82b26240ef3f346?s=96&d=mm&r=g\",\"contentUrl\":\"https:\\\/\\\/secure.gravatar.com\\\/avatar\\\/2fcdf27c78ea025fbdb44e914cc63c72249ffec9dc8aafd5c82b26240ef3f346?s=96&d=mm&r=g\",\"caption\":\"Redazione\"},\"url\":\"https:\\\/\\\/www.rassegnastampa-totustuus.it\\\/cattolica\\\/author\\\/pietroelle\\\/\"}]}<\/script>\n<!-- \/ Yoast SEO plugin. -->","yoast_head_json":{"title":"Il Big Bang? Fu un sacerdote belga a scoprirlo - Rassegna Stampa Cattolica","description":"Rassegna Stampa Cattolica - Per una cultura che nasce dalla Rivelazione cristiana in conformit\u00e0 alla tradizione e al Magistero della Chiesa in opposizione ad ogni relativismo e totalitarismo","robots":{"index":"index","follow":"follow","max-snippet":"max-snippet:-1","max-image-preview":"max-image-preview:large","max-video-preview":"max-video-preview:-1"},"canonical":"https:\/\/www.rassegnastampa-totustuus.it\/cattolica\/il-big-bang-fu-un-sacerdote-belga-a-scoprirlo\/","og_locale":"it_IT","og_type":"article","og_title":"Il Big Bang? Fu un sacerdote belga a scoprirlo - Rassegna Stampa Cattolica","og_description":"Rassegna Stampa Cattolica - Per una cultura che nasce dalla Rivelazione cristiana in conformit\u00e0 alla tradizione e al Magistero della Chiesa in opposizione ad ogni relativismo e totalitarismo","og_url":"https:\/\/www.rassegnastampa-totustuus.it\/cattolica\/il-big-bang-fu-un-sacerdote-belga-a-scoprirlo\/","og_site_name":"Rassegna Stampa Cattolica","article_publisher":"https:\/\/www.facebook.com\/rassegnastampacattolica","article_published_time":"2014-10-29T23:00:39+00:00","og_image":[{"width":205,"height":245,"url":"https:\/\/www.rassegnastampa-totustuus.it\/cattolica\/wp-content\/uploads\/2014\/10\/Georges-Lema\u00eetre.jpg","type":"image\/jpeg"}],"author":"Redazione","twitter_card":"summary_large_image","twitter_creator":"@rassegnastampa9","twitter_site":"@rassegnastampa9","twitter_misc":{"Scritto da":"Redazione","Tempo di lettura stimato":"5 minuti"},"schema":{"@context":"https:\/\/schema.org","@graph":[{"@type":"Article","@id":"https:\/\/www.rassegnastampa-totustuus.it\/cattolica\/il-big-bang-fu-un-sacerdote-belga-a-scoprirlo\/#article","isPartOf":{"@id":"https:\/\/www.rassegnastampa-totustuus.it\/cattolica\/il-big-bang-fu-un-sacerdote-belga-a-scoprirlo\/"},"author":{"name":"Redazione","@id":"https:\/\/www.rassegnastampa-totustuus.it\/cattolica\/#\/schema\/person\/08f319d2bd1a0904ad9e2bfb7b15e5c3"},"headline":"Il Big Bang? Fu un sacerdote belga a scoprirlo","datePublished":"2014-10-29T23:00:39+00:00","mainEntityOfPage":{"@id":"https:\/\/www.rassegnastampa-totustuus.it\/cattolica\/il-big-bang-fu-un-sacerdote-belga-a-scoprirlo\/"},"wordCount":997,"publisher":{"@id":"https:\/\/www.rassegnastampa-totustuus.it\/cattolica\/#organization"},"image":{"@id":"https:\/\/www.rassegnastampa-totustuus.it\/cattolica\/il-big-bang-fu-un-sacerdote-belga-a-scoprirlo\/#primaryimage"},"thumbnailUrl":"https:\/\/www.rassegnastampa-totustuus.it\/cattolica\/wp-content\/uploads\/2014\/10\/Georges-Lema\u00eetre.jpg","keywords":["Big bang","scienza"],"articleSection":["Chiesa","Scienza"],"inLanguage":"it-IT"},{"@type":"WebPage","@id":"https:\/\/www.rassegnastampa-totustuus.it\/cattolica\/il-big-bang-fu-un-sacerdote-belga-a-scoprirlo\/","url":"https:\/\/www.rassegnastampa-totustuus.it\/cattolica\/il-big-bang-fu-un-sacerdote-belga-a-scoprirlo\/","name":"Il Big Bang? Fu un sacerdote belga a scoprirlo - Rassegna Stampa Cattolica","isPartOf":{"@id":"https:\/\/www.rassegnastampa-totustuus.it\/cattolica\/#website"},"primaryImageOfPage":{"@id":"https:\/\/www.rassegnastampa-totustuus.it\/cattolica\/il-big-bang-fu-un-sacerdote-belga-a-scoprirlo\/#primaryimage"},"image":{"@id":"https:\/\/www.rassegnastampa-totustuus.it\/cattolica\/il-big-bang-fu-un-sacerdote-belga-a-scoprirlo\/#primaryimage"},"thumbnailUrl":"https:\/\/www.rassegnastampa-totustuus.it\/cattolica\/wp-content\/uploads\/2014\/10\/Georges-Lema\u00eetre.jpg","datePublished":"2014-10-29T23:00:39+00:00","description":"Rassegna Stampa Cattolica - Per una cultura che nasce dalla Rivelazione cristiana in conformit\u00e0 alla tradizione e al Magistero della Chiesa in opposizione ad ogni relativismo e totalitarismo","breadcrumb":{"@id":"https:\/\/www.rassegnastampa-totustuus.it\/cattolica\/il-big-bang-fu-un-sacerdote-belga-a-scoprirlo\/#breadcrumb"},"inLanguage":"it-IT","potentialAction":[{"@type":"ReadAction","target":["https:\/\/www.rassegnastampa-totustuus.it\/cattolica\/il-big-bang-fu-un-sacerdote-belga-a-scoprirlo\/"]}]},{"@type":"ImageObject","inLanguage":"it-IT","@id":"https:\/\/www.rassegnastampa-totustuus.it\/cattolica\/il-big-bang-fu-un-sacerdote-belga-a-scoprirlo\/#primaryimage","url":"https:\/\/www.rassegnastampa-totustuus.it\/cattolica\/wp-content\/uploads\/2014\/10\/Georges-Lema\u00eetre.jpg","contentUrl":"https:\/\/www.rassegnastampa-totustuus.it\/cattolica\/wp-content\/uploads\/2014\/10\/Georges-Lema\u00eetre.jpg","width":205,"height":245},{"@type":"BreadcrumbList","@id":"https:\/\/www.rassegnastampa-totustuus.it\/cattolica\/il-big-bang-fu-un-sacerdote-belga-a-scoprirlo\/#breadcrumb","itemListElement":[{"@type":"ListItem","position":1,"name":"Home","item":"https:\/\/www.rassegnastampa-totustuus.it\/cattolica\/"},{"@type":"ListItem","position":2,"name":"Il Big Bang? Fu un sacerdote belga a scoprirlo"}]},{"@type":"WebSite","@id":"https:\/\/www.rassegnastampa-totustuus.it\/cattolica\/#website","url":"https:\/\/www.rassegnastampa-totustuus.it\/cattolica\/","name":"Rassegna Stampa Cattolica","description":"Per una cultura che nasce dalla Rivelazione cristiana in conformit\u00e0 alla tradizione e al Magistero della Chiesa in opposizione ad ogni relativismo e totalitarismo","publisher":{"@id":"https:\/\/www.rassegnastampa-totustuus.it\/cattolica\/#organization"},"alternateName":"Rass. Cattolica","potentialAction":[{"@type":"SearchAction","target":{"@type":"EntryPoint","urlTemplate":"https:\/\/www.rassegnastampa-totustuus.it\/cattolica\/?s={search_term_string}"},"query-input":{"@type":"PropertyValueSpecification","valueRequired":true,"valueName":"search_term_string"}}],"inLanguage":"it-IT"},{"@type":"Organization","@id":"https:\/\/www.rassegnastampa-totustuus.it\/cattolica\/#organization","name":"Rassegna Stampa Cattolica","url":"https:\/\/www.rassegnastampa-totustuus.it\/cattolica\/","logo":{"@type":"ImageObject","inLanguage":"it-IT","@id":"https:\/\/www.rassegnastampa-totustuus.it\/cattolica\/#\/schema\/logo\/image\/","url":"https:\/\/www.rassegnastampa-totustuus.it\/cattolica\/wp-content\/uploads\/2014\/04\/logo-rassegna1.gif","contentUrl":"https:\/\/www.rassegnastampa-totustuus.it\/cattolica\/wp-content\/uploads\/2014\/04\/logo-rassegna1.gif","width":600,"height":163,"caption":"Rassegna Stampa Cattolica"},"image":{"@id":"https:\/\/www.rassegnastampa-totustuus.it\/cattolica\/#\/schema\/logo\/image\/"},"sameAs":["https:\/\/www.facebook.com\/rassegnastampacattolica","https:\/\/x.com\/rassegnastampa9"]},{"@type":"Person","@id":"https:\/\/www.rassegnastampa-totustuus.it\/cattolica\/#\/schema\/person\/08f319d2bd1a0904ad9e2bfb7b15e5c3","name":"Redazione","image":{"@type":"ImageObject","inLanguage":"it-IT","@id":"https:\/\/secure.gravatar.com\/avatar\/2fcdf27c78ea025fbdb44e914cc63c72249ffec9dc8aafd5c82b26240ef3f346?s=96&d=mm&r=g","url":"https:\/\/secure.gravatar.com\/avatar\/2fcdf27c78ea025fbdb44e914cc63c72249ffec9dc8aafd5c82b26240ef3f346?s=96&d=mm&r=g","contentUrl":"https:\/\/secure.gravatar.com\/avatar\/2fcdf27c78ea025fbdb44e914cc63c72249ffec9dc8aafd5c82b26240ef3f346?s=96&d=mm&r=g","caption":"Redazione"},"url":"https:\/\/www.rassegnastampa-totustuus.it\/cattolica\/author\/pietroelle\/"}]}},"_links":{"self":[{"href":"https:\/\/www.rassegnastampa-totustuus.it\/cattolica\/wp-json\/wp\/v2\/posts\/12468","targetHints":{"allow":["GET"]}}],"collection":[{"href":"https:\/\/www.rassegnastampa-totustuus.it\/cattolica\/wp-json\/wp\/v2\/posts"}],"about":[{"href":"https:\/\/www.rassegnastampa-totustuus.it\/cattolica\/wp-json\/wp\/v2\/types\/post"}],"author":[{"embeddable":true,"href":"https:\/\/www.rassegnastampa-totustuus.it\/cattolica\/wp-json\/wp\/v2\/users\/6"}],"replies":[{"embeddable":true,"href":"https:\/\/www.rassegnastampa-totustuus.it\/cattolica\/wp-json\/wp\/v2\/comments?post=12468"}],"version-history":[{"count":1,"href":"https:\/\/www.rassegnastampa-totustuus.it\/cattolica\/wp-json\/wp\/v2\/posts\/12468\/revisions"}],"predecessor-version":[{"id":12470,"href":"https:\/\/www.rassegnastampa-totustuus.it\/cattolica\/wp-json\/wp\/v2\/posts\/12468\/revisions\/12470"}],"wp:featuredmedia":[{"embeddable":true,"href":"https:\/\/www.rassegnastampa-totustuus.it\/cattolica\/wp-json\/wp\/v2\/media\/12469"}],"wp:attachment":[{"href":"https:\/\/www.rassegnastampa-totustuus.it\/cattolica\/wp-json\/wp\/v2\/media?parent=12468"}],"wp:term":[{"taxonomy":"category","embeddable":true,"href":"https:\/\/www.rassegnastampa-totustuus.it\/cattolica\/wp-json\/wp\/v2\/categories?post=12468"},{"taxonomy":"post_tag","embeddable":true,"href":"https:\/\/www.rassegnastampa-totustuus.it\/cattolica\/wp-json\/wp\/v2\/tags?post=12468"}],"curies":[{"name":"wp","href":"https:\/\/api.w.org\/{rel}","templated":true}]}}