{"id":1239,"date":"2005-08-31T00:00:00","date_gmt":"2005-08-30T22:00:00","guid":{"rendered":""},"modified":"2020-06-12T17:38:07","modified_gmt":"2020-06-12T15:38:07","slug":"conquistadores-brava-gente","status":"publish","type":"post","link":"https:\/\/www.rassegnastampa-totustuus.it\/cattolica\/conquistadores-brava-gente\/","title":{"rendered":"Conquistadores, brava gente"},"content":{"rendered":"<div style=\"text-align: center;\"><a href=\"https:\/\/www.rassegnastampa-totustuus.it\/cattolica\/wp-content\/uploads\/2005\/08\/conquistadores.jpg\"><img loading=\"lazy\" decoding=\"async\" class=\"alignright wp-image-30694\" src=\"https:\/\/www.rassegnastampa-totustuus.it\/cattolica\/wp-content\/uploads\/2005\/08\/conquistadores.jpg\" alt=\"conquistadores\" width=\"250\" height=\"164\" \/><\/a>Pubblicato su <strong>Il Corriere della Sera <\/strong><\/div>\n<div style=\"text-align: center;\">mercoled\u00ec 7 giugno 1995<\/div>\n<p style=\"text-align: justify;\">REVISIONI<em> In una biografia romanzata di Montezuma lo storico Hug Thomas rovescia l\u2019immagine di crudelt\u00e0 attribuita agli spagnoli<\/em><\/p>\n<p style=\"text-align: center;\">Dal nostro corrispondente <strong>Ettore Botti<\/strong><\/p>\n<p><!--more--><\/p>\n<p style=\"text-align: justify;\"><span style=\"font-size: inherit;\">MADRID &#8211; Io, Montezuma, non sapevo come comportarmi con quelli stranieri arrivati da lontano. Nonostante la predilezione per i sacrifici umani, ero mite, riflessivo e incerto per natura. Come intellettuale e come religioso, vacillavo di fronte alla guerra. Mi lasciai sopraffare facilmente, ma non potrei dire di essere stato obbligato dalla violenza di Cort\u00e9s. Fui piuttosto io a lasciargli via libera, affascinato dal suo carattere forse ingannato, comunque soggiogato.<\/span><\/p>\n<p style=\"text-align: justify;\"><span style=\"font-size: inherit;\"><a href=\"https:\/\/www.rassegnastampa-totustuus.it\/cattolica\/wp-content\/uploads\/2005\/08\/Atzechi_Montezuma.jpg\"><img loading=\"lazy\" decoding=\"async\" class=\" wp-image-47557 alignleft\" src=\"https:\/\/www.rassegnastampa-totustuus.it\/cattolica\/wp-content\/uploads\/2005\/08\/Atzechi_Montezuma.jpg\" alt=\"\" width=\"132\" height=\"192\" \/><\/a>Nell\u2019ultimo libro di Hug Thomas <\/span><em style=\"font-size: inherit;\">Io Montezuma,<\/em><span style=\"font-size: inherit;\"> appena uscito in Spagna, l\u2019imperatore degli Aztechi parla in prima persona e racconta la sua verit\u00e0 sull\u2019inverosimile impresa dei cinquecento uomini sbarcati nel Nuovo mondo per impossessarsi del Messico e assoggettarne l\u2019antica civilt\u00e0. E\u2019 una verit\u00e0 sorprendente, in contrasto con secoli di storiografia, e tuttavia, venendo dalla voce della vittima, dovrebbe essere credibile.<\/span><\/p>\n<div style=\"text-align: justify;\">\n<p style=\"text-align: justify;\">Montezuma scagiona il suo carceriere e carnefice del suo popolo. Cort\u00e9s era un uomo abile e intelligente, che non usava il terrore come norma ma soltanto quand\u2019era indispensabile. Fu certo favorito dalla debolezza della resistenza ed ebbe perfino la facilitazione di essere accolto con onore perch\u00e9 Montezuma s\u2019era convinto, da alcuni segni premonitori, che lo sconosciuto ospite fosse Quetzalc\u00e0tl, dio del vento e dello spirito.<\/p>\n<p style=\"text-align: justify;\">Ma i vantaggi non sminuiscono le capacit\u00e0 politiche, oltre che militari, dell\u2019emissario di Carlo V. Hern\u00e0n Cort\u00e9s sapeva alternare i toni duri ai concilianti, la furia alla persuasione. Nella sua versione buona ricchezza d\u2019eloquio e sguardo magnetico lo rendevano irresistibile. Montezuma confessa di essersi fato incantare dalle parole e dalla forza interiore dell\u2019interlocutore, di aver subito profondamente quella seduzione fino a restarne plagiato.<\/p>\n<p style=\"text-align: justify;\"><a href=\"https:\/\/www.rassegnastampa-totustuus.it\/cattolica\/wp-content\/uploads\/2005\/08\/Hern\u00e0n_Cort\u00e9s.jpg\"><img loading=\"lazy\" decoding=\"async\" class=\"size-full wp-image-47560 alignright\" src=\"https:\/\/www.rassegnastampa-totustuus.it\/cattolica\/wp-content\/uploads\/2005\/08\/Hern\u00e0n_Cort\u00e9s.jpg\" alt=\"\" width=\"200\" height=\"252\" \/><\/a>Dominio di personalit\u00e0 o qualcosa di diverso, come un\u2019infatuazione sentimentale? Il sovrano ieratico, che guardava morire decapitate e scuoiate nel tempio le giovani indie appena possedute potrebbe anche essersi innamorato del barbuto condottiero casigliano. Hug Thomas non sa se si tratt\u00f2 di ambigua attrazione o di sindrome di Stoccolma ante littram, cio\u00e8 della dipendenza affettiva di Montezuma dal capo di coloro che decimavano i sudditi, violando le donne e saccheggiando i villaggi.<\/p>\n<p style=\"text-align: justify;\">Si limita a descrivere, in maniera assai viva, le trame psicologiche che possono sostenere la tesi controcorrente. Da molto tempo lo studioso inglese autore d\u2019un testo basilare sulla guerra civile spagnola, si dedica alla riscoperta degli Aztechi e un anno fa pubblic\u00f2 <em>La conquista del Messico, <\/em>prima opera nella quale presentava il suo tentativo di revisione. I conquistadores spagnoli non furono i feroci invasori che si dice n\u00e9 si macchiarono del genocidio che viene che viene loro addebitato.<\/p>\n<p style=\"text-align: justify;\"><a href=\"https:\/\/www.rassegnastampa-totustuus.it\/cattolica\/wp-content\/uploads\/2005\/09\/indios_epidemie.jpg\"><img loading=\"lazy\" decoding=\"async\" class=\"size-full wp-image-47552 alignleft\" src=\"https:\/\/www.rassegnastampa-totustuus.it\/cattolica\/wp-content\/uploads\/2005\/09\/indios_epidemie.jpg\" alt=\"\" width=\"264\" height=\"191\" \/><\/a>Nel 1518 la popolazione era di otto milioni e non di venticinque. E\u2019 vero che cinquant\u2019anni dopo gli abitanti non superavano i tre milioni, ma la drammatica riduzione fu dovuta, secondo lo storico, al vaiolo e al morbillo assai pi\u00f9 che alla strage. E i soldati di Cort\u00e9s neppure furono predoni insaziabili n\u00e9 fecero terra bruciata lungo il loro trionfale cammino.<\/p>\n<p style=\"text-align: justify;\">Lo scrittore pensa che la civilt\u00e0 azteca sia stata, tutto sommato, rispettata. Con danni, certo, e dentro i limiti non agevoli del conflitto tra le insegne cattoliche dei vincitori, che avanzavano inneggiando alla Vergine Maria, e gli ancestrali, sanguinarie divinit\u00e0 sacre agli indigeni. \u00abNon si pensi per\u00f2 &#8211; avverte Thomas &#8211; che gli spagnoli abbiano trovato la situazione tribale tipica del Caribe.<\/p>\n<p style=\"text-align: justify;\">Qui c\u2019era un sistema simile all\u2019europeo: divisione per classi, re e imperatori, riscossione dei tributi, passione per l\u2019arte, i gioielli, le statue. Era una cultura impressionante, naturalmente molto diversa dalla nostra, ma una cultura\u00bb. Con questo modello di vita li occupanti raggiunsero una integrazione, come dimostrerebbero l\u2019utilizzo degli aristocratici locali in veste di assistenti e, soprattutto, il gran numero di matrimoni misti. Donne stuprate, per\u00f2 anche elette a compagne della vita. \u00abNiente del genere &#8211; afferma l\u2019autore &#8211; avvenne nell\u2019America del nord.<\/p>\n<p style=\"text-align: justify;\"><a href=\"https:\/\/www.rassegnastampa-totustuus.it\/cattolica\/wp-content\/uploads\/2005\/08\/Bartolom\u00e9_de_Las_Casas.jpg\"><img loading=\"lazy\" decoding=\"async\" class=\" wp-image-47561 alignright\" src=\"https:\/\/www.rassegnastampa-totustuus.it\/cattolica\/wp-content\/uploads\/2005\/08\/Bartolom\u00e9_de_Las_Casas.jpg\" alt=\"\" width=\"132\" height=\"179\" \/><\/a>L\u2019idea stessa della promiscuit\u00e0 suscitava in Inghilterra grande scandalo. L\u2019imperialismo britannico fu animato da emigranti protestanti, sfuggiti alle persecuzioni religiose e privi di ogni dubbio sul proprio operato. In Spagna si trattava, invece, di eserciti mandati a fare conquiste e ci\u00f2 svilupp\u00f2 una forte discussione morale, promossa da figure come Sep\u00f9lveda e Bartolomeo De Las Casas.<\/p>\n<p style=\"text-align: justify;\">Nessun altro impero europeo, n\u00e9 i romani, n\u00e9 i francesi, n\u00e9 gli inglesi, ha mai sollevato sull\u2019eticit\u00e0 dell\u2019espansione i dubbi che si posero gli spagnoli. E, al di l\u00e0 della leggenda, la differenza si vede nell\u2019America di oggi. Al Nord gli indiani sono praticamene scomparsi, mentre nel resto del continente gli indios, sebbene con difficolt\u00e0, sopravvivono\u00bb.<\/p>\n<p style=\"text-align: justify;\">La leggenda, anzi la leggenda nera: \u00e8 per Hug Thoms la stratificazione di false calunnie che si \u00e8 accumulata dal XVI secolo sulla testa di Cort\u00e9s, non coraggioso navigatore ma corsaro senza scrupoli, non valente comandante ma sterminatore d\u2019inaudita crudelt\u00e0. Sia il voluminoso saggio dell\u2019anno scorso sia questo diario romanzo vorrebbero raddrizzare una storia troppo a lungo travisata.<\/p>\n<p style=\"text-align: justify;\"><a href=\"https:\/\/www.rassegnastampa-totustuus.it\/cattolica\/wp-content\/uploads\/2005\/08\/atzechi_Cortes_conquista.jpg\"><img loading=\"lazy\" decoding=\"async\" class=\"size-full wp-image-47562 alignleft\" src=\"https:\/\/www.rassegnastampa-totustuus.it\/cattolica\/wp-content\/uploads\/2005\/08\/atzechi_Cortes_conquista.jpg\" alt=\"\" width=\"275\" height=\"183\" \/><\/a>Entrambe le opere partano dalla descrizione dei due mondi, le lucenti corazze contrapposte al bagliore dell\u2019oro e al variopinto incantesimo delle piume, e finiscono per concentrarsi sui due personaggi chiamati ad incarnare lo straordinario contatto. Come sarebbe andata a finire si poteva capire ancor prima che l\u2019incontro diventasse scontro, forse fin dalla volta in cui Montezuma sent\u00ec palare di \u00abquegli estranei dai capelli meno scuri e dalle strane armi\u00bb approdati in un lembo del suo territorio.<\/p>\n<p style=\"text-align: justify;\">Mentre l\u2019avanzata continuava l\u2019aspettativa divent\u00f2 parossistica e l\u2019apparizione sembr\u00f2 confermare le fantastiche elucubrazioni dell\u2019imperatore. \u00abFinalmente &#8211; racconta &#8211; si mostr\u00f2 alla nostra vista montando un cavallo alto e grande. Incedeva con eleganza tra le colonne dei nobili che facevano profonda riverenza\u00bb.<\/p>\n<p style=\"text-align: justify;\"><a href=\"https:\/\/www.rassegnastampa-totustuus.it\/cattolica\/wp-content\/uploads\/2005\/03\/Madonna_Guadalupe.jpg\"><img loading=\"lazy\" decoding=\"async\" class=\"size-full wp-image-29929 alignright\" src=\"https:\/\/www.rassegnastampa-totustuus.it\/cattolica\/wp-content\/uploads\/2005\/03\/Madonna_Guadalupe.jpg\" alt=\"\" width=\"193\" height=\"261\" \/><\/a>L\u2019affascinazione sub\u00ec un crescendo, appena increspato dal dubbio che Cort\u00e9s non fosse il dio del vento e dello spirito tanto superstiziosamente atteso. Prevaleva per\u00f2 l\u2019illusione che quell\u2019uomo sarebbe stato portatore di nuova luce, magari svelando i prodigi dei quali soltanto lui conosceva il segreto: cavalcare al galoppo, usare l\u2019archibugio. Un approccio improntato alla fiducia, anzi di pi\u00f9: quasi alla devozione umana e religiosa. Peccato che l\u2019idillio fosse destinato a interrompersi.<\/p>\n<p style=\"text-align: justify;\">Un giorno Montezuma si rivolse ammirato all\u2019ospite: \u00abAccetteremo con soddisfazione di essere amici del re che ti ha mandato\u00bb. E Cort\u00e9s affid\u00f2 all\u2019interprete Malinali la risposta: \u00abSarebbe meglio dire vassalli\u00bb. Per l\u2019imperatore sequestrato dagli spagnoli e lapidato dai suoi, si profilava la fine. Per il conquistadores s\u2019apriva l\u2019epopea: buoni, come asicura Hug Thomas, ma forse non del tutto.<\/p>\n<\/div>\n","protected":false},"excerpt":{"rendered":"<p>Pubblicato su Il Corriere della Sera mercoled\u00ec 7 giugno 1995 REVISIONI In una biografia romanzata di Montezuma lo storico Hug Thomas rovescia l\u2019immagine di crudelt\u00e0 attribuita agli spagnoli Dal nostro corrispondente Ettore Botti<\/p><p><a class=\"more-link btn\" href=\"https:\/\/www.rassegnastampa-totustuus.it\/cattolica\/conquistadores-brava-gente\/\">Continua a leggere<\/a><\/p>\n","protected":false},"author":6,"featured_media":30694,"comment_status":"closed","ping_status":"open","sticky":false,"template":"","format":"standard","meta":{"footnotes":""},"categories":[24],"tags":[936,952],"class_list":["post-1239","post","type-post","status-publish","format-standard","has-post-thumbnail","hentry","category-storia","tag-america-latina","tag-conquistadores","item-wrap"],"yoast_head":"<!-- This site is optimized with the Yoast SEO plugin v27.5 - https:\/\/yoast.com\/product\/yoast-seo-wordpress\/ -->\n<title>Conquistadores, brava gente - Rassegna Stampa Cattolica<\/title>\n<meta name=\"description\" content=\"Rassegna Stampa Cattolica - Per una cultura che nasce dalla Rivelazione cristiana in conformit\u00e0 alla tradizione e al Magistero della Chiesa in opposizione ad ogni relativismo e totalitarismo\" \/>\n<meta name=\"robots\" content=\"index, follow, max-snippet:-1, max-image-preview:large, max-video-preview:-1\" \/>\n<link rel=\"canonical\" href=\"https:\/\/www.rassegnastampa-totustuus.it\/cattolica\/conquistadores-brava-gente\/\" \/>\n<meta property=\"og:locale\" content=\"it_IT\" \/>\n<meta property=\"og:type\" content=\"article\" \/>\n<meta property=\"og:title\" content=\"Conquistadores, brava gente - Rassegna Stampa Cattolica\" \/>\n<meta property=\"og:description\" content=\"Rassegna Stampa Cattolica - Per una cultura che nasce dalla Rivelazione cristiana in conformit\u00e0 alla tradizione e al Magistero della Chiesa in opposizione ad ogni relativismo e totalitarismo\" \/>\n<meta property=\"og:url\" content=\"https:\/\/www.rassegnastampa-totustuus.it\/cattolica\/conquistadores-brava-gente\/\" \/>\n<meta property=\"og:site_name\" content=\"Rassegna Stampa Cattolica\" \/>\n<meta property=\"article:publisher\" content=\"https:\/\/www.facebook.com\/rassegnastampacattolica\" \/>\n<meta property=\"article:published_time\" content=\"2005-08-30T22:00:00+00:00\" \/>\n<meta property=\"article:modified_time\" content=\"2020-06-12T15:38:07+00:00\" \/>\n<meta property=\"og:image\" content=\"https:\/\/www.rassegnastampa-totustuus.it\/cattolica\/wp-content\/uploads\/2005\/08\/conquistadores.jpg\" \/>\n\t<meta property=\"og:image:width\" content=\"277\" \/>\n\t<meta property=\"og:image:height\" content=\"182\" \/>\n\t<meta property=\"og:image:type\" content=\"image\/jpeg\" \/>\n<meta name=\"author\" content=\"Redazione\" \/>\n<meta name=\"twitter:card\" content=\"summary_large_image\" \/>\n<meta name=\"twitter:creator\" content=\"@rassegnastampa9\" \/>\n<meta name=\"twitter:site\" content=\"@rassegnastampa9\" \/>\n<meta name=\"twitter:label1\" content=\"Scritto da\" \/>\n\t<meta name=\"twitter:data1\" content=\"Redazione\" \/>\n\t<meta name=\"twitter:label2\" content=\"Tempo di lettura stimato\" \/>\n\t<meta name=\"twitter:data2\" content=\"6 minuti\" \/>\n<script type=\"application\/ld+json\" class=\"yoast-schema-graph\">{\"@context\":\"https:\\\/\\\/schema.org\",\"@graph\":[{\"@type\":\"Article\",\"@id\":\"https:\\\/\\\/www.rassegnastampa-totustuus.it\\\/cattolica\\\/conquistadores-brava-gente\\\/#article\",\"isPartOf\":{\"@id\":\"https:\\\/\\\/www.rassegnastampa-totustuus.it\\\/cattolica\\\/conquistadores-brava-gente\\\/\"},\"author\":{\"name\":\"Redazione\",\"@id\":\"https:\\\/\\\/www.rassegnastampa-totustuus.it\\\/cattolica\\\/#\\\/schema\\\/person\\\/08f319d2bd1a0904ad9e2bfb7b15e5c3\"},\"headline\":\"Conquistadores, brava gente\",\"datePublished\":\"2005-08-30T22:00:00+00:00\",\"dateModified\":\"2020-06-12T15:38:07+00:00\",\"mainEntityOfPage\":{\"@id\":\"https:\\\/\\\/www.rassegnastampa-totustuus.it\\\/cattolica\\\/conquistadores-brava-gente\\\/\"},\"wordCount\":1110,\"publisher\":{\"@id\":\"https:\\\/\\\/www.rassegnastampa-totustuus.it\\\/cattolica\\\/#organization\"},\"image\":{\"@id\":\"https:\\\/\\\/www.rassegnastampa-totustuus.it\\\/cattolica\\\/conquistadores-brava-gente\\\/#primaryimage\"},\"thumbnailUrl\":\"https:\\\/\\\/www.rassegnastampa-totustuus.it\\\/cattolica\\\/wp-content\\\/uploads\\\/2005\\\/08\\\/conquistadores.jpg\",\"keywords\":[\"America latina\",\"Conquistadores\"],\"articleSection\":[\"Storia\"],\"inLanguage\":\"it-IT\"},{\"@type\":\"WebPage\",\"@id\":\"https:\\\/\\\/www.rassegnastampa-totustuus.it\\\/cattolica\\\/conquistadores-brava-gente\\\/\",\"url\":\"https:\\\/\\\/www.rassegnastampa-totustuus.it\\\/cattolica\\\/conquistadores-brava-gente\\\/\",\"name\":\"Conquistadores, brava gente - Rassegna Stampa Cattolica\",\"isPartOf\":{\"@id\":\"https:\\\/\\\/www.rassegnastampa-totustuus.it\\\/cattolica\\\/#website\"},\"primaryImageOfPage\":{\"@id\":\"https:\\\/\\\/www.rassegnastampa-totustuus.it\\\/cattolica\\\/conquistadores-brava-gente\\\/#primaryimage\"},\"image\":{\"@id\":\"https:\\\/\\\/www.rassegnastampa-totustuus.it\\\/cattolica\\\/conquistadores-brava-gente\\\/#primaryimage\"},\"thumbnailUrl\":\"https:\\\/\\\/www.rassegnastampa-totustuus.it\\\/cattolica\\\/wp-content\\\/uploads\\\/2005\\\/08\\\/conquistadores.jpg\",\"datePublished\":\"2005-08-30T22:00:00+00:00\",\"dateModified\":\"2020-06-12T15:38:07+00:00\",\"description\":\"Rassegna Stampa Cattolica - Per una cultura che nasce dalla Rivelazione cristiana in conformit\u00e0 alla tradizione e al Magistero della Chiesa in opposizione ad ogni relativismo e totalitarismo\",\"breadcrumb\":{\"@id\":\"https:\\\/\\\/www.rassegnastampa-totustuus.it\\\/cattolica\\\/conquistadores-brava-gente\\\/#breadcrumb\"},\"inLanguage\":\"it-IT\",\"potentialAction\":[{\"@type\":\"ReadAction\",\"target\":[\"https:\\\/\\\/www.rassegnastampa-totustuus.it\\\/cattolica\\\/conquistadores-brava-gente\\\/\"]}]},{\"@type\":\"ImageObject\",\"inLanguage\":\"it-IT\",\"@id\":\"https:\\\/\\\/www.rassegnastampa-totustuus.it\\\/cattolica\\\/conquistadores-brava-gente\\\/#primaryimage\",\"url\":\"https:\\\/\\\/www.rassegnastampa-totustuus.it\\\/cattolica\\\/wp-content\\\/uploads\\\/2005\\\/08\\\/conquistadores.jpg\",\"contentUrl\":\"https:\\\/\\\/www.rassegnastampa-totustuus.it\\\/cattolica\\\/wp-content\\\/uploads\\\/2005\\\/08\\\/conquistadores.jpg\",\"width\":277,\"height\":182},{\"@type\":\"BreadcrumbList\",\"@id\":\"https:\\\/\\\/www.rassegnastampa-totustuus.it\\\/cattolica\\\/conquistadores-brava-gente\\\/#breadcrumb\",\"itemListElement\":[{\"@type\":\"ListItem\",\"position\":1,\"name\":\"Home\",\"item\":\"https:\\\/\\\/www.rassegnastampa-totustuus.it\\\/cattolica\\\/\"},{\"@type\":\"ListItem\",\"position\":2,\"name\":\"Conquistadores, brava gente\"}]},{\"@type\":\"WebSite\",\"@id\":\"https:\\\/\\\/www.rassegnastampa-totustuus.it\\\/cattolica\\\/#website\",\"url\":\"https:\\\/\\\/www.rassegnastampa-totustuus.it\\\/cattolica\\\/\",\"name\":\"Rassegna Stampa Cattolica\",\"description\":\"Per una cultura che nasce dalla Rivelazione cristiana in conformit\u00e0 alla tradizione e al Magistero della Chiesa in opposizione ad ogni relativismo e totalitarismo\",\"publisher\":{\"@id\":\"https:\\\/\\\/www.rassegnastampa-totustuus.it\\\/cattolica\\\/#organization\"},\"alternateName\":\"Rass. Cattolica\",\"potentialAction\":[{\"@type\":\"SearchAction\",\"target\":{\"@type\":\"EntryPoint\",\"urlTemplate\":\"https:\\\/\\\/www.rassegnastampa-totustuus.it\\\/cattolica\\\/?s={search_term_string}\"},\"query-input\":{\"@type\":\"PropertyValueSpecification\",\"valueRequired\":true,\"valueName\":\"search_term_string\"}}],\"inLanguage\":\"it-IT\"},{\"@type\":\"Organization\",\"@id\":\"https:\\\/\\\/www.rassegnastampa-totustuus.it\\\/cattolica\\\/#organization\",\"name\":\"Rassegna Stampa Cattolica\",\"url\":\"https:\\\/\\\/www.rassegnastampa-totustuus.it\\\/cattolica\\\/\",\"logo\":{\"@type\":\"ImageObject\",\"inLanguage\":\"it-IT\",\"@id\":\"https:\\\/\\\/www.rassegnastampa-totustuus.it\\\/cattolica\\\/#\\\/schema\\\/logo\\\/image\\\/\",\"url\":\"https:\\\/\\\/www.rassegnastampa-totustuus.it\\\/cattolica\\\/wp-content\\\/uploads\\\/2014\\\/04\\\/logo-rassegna1.gif\",\"contentUrl\":\"https:\\\/\\\/www.rassegnastampa-totustuus.it\\\/cattolica\\\/wp-content\\\/uploads\\\/2014\\\/04\\\/logo-rassegna1.gif\",\"width\":600,\"height\":163,\"caption\":\"Rassegna Stampa Cattolica\"},\"image\":{\"@id\":\"https:\\\/\\\/www.rassegnastampa-totustuus.it\\\/cattolica\\\/#\\\/schema\\\/logo\\\/image\\\/\"},\"sameAs\":[\"https:\\\/\\\/www.facebook.com\\\/rassegnastampacattolica\",\"https:\\\/\\\/x.com\\\/rassegnastampa9\"]},{\"@type\":\"Person\",\"@id\":\"https:\\\/\\\/www.rassegnastampa-totustuus.it\\\/cattolica\\\/#\\\/schema\\\/person\\\/08f319d2bd1a0904ad9e2bfb7b15e5c3\",\"name\":\"Redazione\",\"image\":{\"@type\":\"ImageObject\",\"inLanguage\":\"it-IT\",\"@id\":\"https:\\\/\\\/secure.gravatar.com\\\/avatar\\\/2fcdf27c78ea025fbdb44e914cc63c72249ffec9dc8aafd5c82b26240ef3f346?s=96&d=mm&r=g\",\"url\":\"https:\\\/\\\/secure.gravatar.com\\\/avatar\\\/2fcdf27c78ea025fbdb44e914cc63c72249ffec9dc8aafd5c82b26240ef3f346?s=96&d=mm&r=g\",\"contentUrl\":\"https:\\\/\\\/secure.gravatar.com\\\/avatar\\\/2fcdf27c78ea025fbdb44e914cc63c72249ffec9dc8aafd5c82b26240ef3f346?s=96&d=mm&r=g\",\"caption\":\"Redazione\"},\"url\":\"https:\\\/\\\/www.rassegnastampa-totustuus.it\\\/cattolica\\\/author\\\/pietroelle\\\/\"}]}<\/script>\n<!-- \/ Yoast SEO plugin. -->","yoast_head_json":{"title":"Conquistadores, brava gente - Rassegna Stampa Cattolica","description":"Rassegna Stampa Cattolica - Per una cultura che nasce dalla Rivelazione cristiana in conformit\u00e0 alla tradizione e al Magistero della Chiesa in opposizione ad ogni relativismo e totalitarismo","robots":{"index":"index","follow":"follow","max-snippet":"max-snippet:-1","max-image-preview":"max-image-preview:large","max-video-preview":"max-video-preview:-1"},"canonical":"https:\/\/www.rassegnastampa-totustuus.it\/cattolica\/conquistadores-brava-gente\/","og_locale":"it_IT","og_type":"article","og_title":"Conquistadores, brava gente - Rassegna Stampa Cattolica","og_description":"Rassegna Stampa Cattolica - Per una cultura che nasce dalla Rivelazione cristiana in conformit\u00e0 alla tradizione e al Magistero della Chiesa in opposizione ad ogni relativismo e totalitarismo","og_url":"https:\/\/www.rassegnastampa-totustuus.it\/cattolica\/conquistadores-brava-gente\/","og_site_name":"Rassegna Stampa Cattolica","article_publisher":"https:\/\/www.facebook.com\/rassegnastampacattolica","article_published_time":"2005-08-30T22:00:00+00:00","article_modified_time":"2020-06-12T15:38:07+00:00","og_image":[{"width":277,"height":182,"url":"https:\/\/www.rassegnastampa-totustuus.it\/cattolica\/wp-content\/uploads\/2005\/08\/conquistadores.jpg","type":"image\/jpeg"}],"author":"Redazione","twitter_card":"summary_large_image","twitter_creator":"@rassegnastampa9","twitter_site":"@rassegnastampa9","twitter_misc":{"Scritto da":"Redazione","Tempo di lettura stimato":"6 minuti"},"schema":{"@context":"https:\/\/schema.org","@graph":[{"@type":"Article","@id":"https:\/\/www.rassegnastampa-totustuus.it\/cattolica\/conquistadores-brava-gente\/#article","isPartOf":{"@id":"https:\/\/www.rassegnastampa-totustuus.it\/cattolica\/conquistadores-brava-gente\/"},"author":{"name":"Redazione","@id":"https:\/\/www.rassegnastampa-totustuus.it\/cattolica\/#\/schema\/person\/08f319d2bd1a0904ad9e2bfb7b15e5c3"},"headline":"Conquistadores, brava gente","datePublished":"2005-08-30T22:00:00+00:00","dateModified":"2020-06-12T15:38:07+00:00","mainEntityOfPage":{"@id":"https:\/\/www.rassegnastampa-totustuus.it\/cattolica\/conquistadores-brava-gente\/"},"wordCount":1110,"publisher":{"@id":"https:\/\/www.rassegnastampa-totustuus.it\/cattolica\/#organization"},"image":{"@id":"https:\/\/www.rassegnastampa-totustuus.it\/cattolica\/conquistadores-brava-gente\/#primaryimage"},"thumbnailUrl":"https:\/\/www.rassegnastampa-totustuus.it\/cattolica\/wp-content\/uploads\/2005\/08\/conquistadores.jpg","keywords":["America latina","Conquistadores"],"articleSection":["Storia"],"inLanguage":"it-IT"},{"@type":"WebPage","@id":"https:\/\/www.rassegnastampa-totustuus.it\/cattolica\/conquistadores-brava-gente\/","url":"https:\/\/www.rassegnastampa-totustuus.it\/cattolica\/conquistadores-brava-gente\/","name":"Conquistadores, brava gente - Rassegna Stampa Cattolica","isPartOf":{"@id":"https:\/\/www.rassegnastampa-totustuus.it\/cattolica\/#website"},"primaryImageOfPage":{"@id":"https:\/\/www.rassegnastampa-totustuus.it\/cattolica\/conquistadores-brava-gente\/#primaryimage"},"image":{"@id":"https:\/\/www.rassegnastampa-totustuus.it\/cattolica\/conquistadores-brava-gente\/#primaryimage"},"thumbnailUrl":"https:\/\/www.rassegnastampa-totustuus.it\/cattolica\/wp-content\/uploads\/2005\/08\/conquistadores.jpg","datePublished":"2005-08-30T22:00:00+00:00","dateModified":"2020-06-12T15:38:07+00:00","description":"Rassegna Stampa Cattolica - Per una cultura che nasce dalla Rivelazione cristiana in conformit\u00e0 alla tradizione e al Magistero della Chiesa in opposizione ad ogni relativismo e totalitarismo","breadcrumb":{"@id":"https:\/\/www.rassegnastampa-totustuus.it\/cattolica\/conquistadores-brava-gente\/#breadcrumb"},"inLanguage":"it-IT","potentialAction":[{"@type":"ReadAction","target":["https:\/\/www.rassegnastampa-totustuus.it\/cattolica\/conquistadores-brava-gente\/"]}]},{"@type":"ImageObject","inLanguage":"it-IT","@id":"https:\/\/www.rassegnastampa-totustuus.it\/cattolica\/conquistadores-brava-gente\/#primaryimage","url":"https:\/\/www.rassegnastampa-totustuus.it\/cattolica\/wp-content\/uploads\/2005\/08\/conquistadores.jpg","contentUrl":"https:\/\/www.rassegnastampa-totustuus.it\/cattolica\/wp-content\/uploads\/2005\/08\/conquistadores.jpg","width":277,"height":182},{"@type":"BreadcrumbList","@id":"https:\/\/www.rassegnastampa-totustuus.it\/cattolica\/conquistadores-brava-gente\/#breadcrumb","itemListElement":[{"@type":"ListItem","position":1,"name":"Home","item":"https:\/\/www.rassegnastampa-totustuus.it\/cattolica\/"},{"@type":"ListItem","position":2,"name":"Conquistadores, brava gente"}]},{"@type":"WebSite","@id":"https:\/\/www.rassegnastampa-totustuus.it\/cattolica\/#website","url":"https:\/\/www.rassegnastampa-totustuus.it\/cattolica\/","name":"Rassegna Stampa Cattolica","description":"Per una cultura che nasce dalla Rivelazione cristiana in conformit\u00e0 alla tradizione e al Magistero della Chiesa in opposizione ad ogni relativismo e totalitarismo","publisher":{"@id":"https:\/\/www.rassegnastampa-totustuus.it\/cattolica\/#organization"},"alternateName":"Rass. Cattolica","potentialAction":[{"@type":"SearchAction","target":{"@type":"EntryPoint","urlTemplate":"https:\/\/www.rassegnastampa-totustuus.it\/cattolica\/?s={search_term_string}"},"query-input":{"@type":"PropertyValueSpecification","valueRequired":true,"valueName":"search_term_string"}}],"inLanguage":"it-IT"},{"@type":"Organization","@id":"https:\/\/www.rassegnastampa-totustuus.it\/cattolica\/#organization","name":"Rassegna Stampa Cattolica","url":"https:\/\/www.rassegnastampa-totustuus.it\/cattolica\/","logo":{"@type":"ImageObject","inLanguage":"it-IT","@id":"https:\/\/www.rassegnastampa-totustuus.it\/cattolica\/#\/schema\/logo\/image\/","url":"https:\/\/www.rassegnastampa-totustuus.it\/cattolica\/wp-content\/uploads\/2014\/04\/logo-rassegna1.gif","contentUrl":"https:\/\/www.rassegnastampa-totustuus.it\/cattolica\/wp-content\/uploads\/2014\/04\/logo-rassegna1.gif","width":600,"height":163,"caption":"Rassegna Stampa Cattolica"},"image":{"@id":"https:\/\/www.rassegnastampa-totustuus.it\/cattolica\/#\/schema\/logo\/image\/"},"sameAs":["https:\/\/www.facebook.com\/rassegnastampacattolica","https:\/\/x.com\/rassegnastampa9"]},{"@type":"Person","@id":"https:\/\/www.rassegnastampa-totustuus.it\/cattolica\/#\/schema\/person\/08f319d2bd1a0904ad9e2bfb7b15e5c3","name":"Redazione","image":{"@type":"ImageObject","inLanguage":"it-IT","@id":"https:\/\/secure.gravatar.com\/avatar\/2fcdf27c78ea025fbdb44e914cc63c72249ffec9dc8aafd5c82b26240ef3f346?s=96&d=mm&r=g","url":"https:\/\/secure.gravatar.com\/avatar\/2fcdf27c78ea025fbdb44e914cc63c72249ffec9dc8aafd5c82b26240ef3f346?s=96&d=mm&r=g","contentUrl":"https:\/\/secure.gravatar.com\/avatar\/2fcdf27c78ea025fbdb44e914cc63c72249ffec9dc8aafd5c82b26240ef3f346?s=96&d=mm&r=g","caption":"Redazione"},"url":"https:\/\/www.rassegnastampa-totustuus.it\/cattolica\/author\/pietroelle\/"}]}},"_links":{"self":[{"href":"https:\/\/www.rassegnastampa-totustuus.it\/cattolica\/wp-json\/wp\/v2\/posts\/1239","targetHints":{"allow":["GET"]}}],"collection":[{"href":"https:\/\/www.rassegnastampa-totustuus.it\/cattolica\/wp-json\/wp\/v2\/posts"}],"about":[{"href":"https:\/\/www.rassegnastampa-totustuus.it\/cattolica\/wp-json\/wp\/v2\/types\/post"}],"author":[{"embeddable":true,"href":"https:\/\/www.rassegnastampa-totustuus.it\/cattolica\/wp-json\/wp\/v2\/users\/6"}],"replies":[{"embeddable":true,"href":"https:\/\/www.rassegnastampa-totustuus.it\/cattolica\/wp-json\/wp\/v2\/comments?post=1239"}],"version-history":[{"count":5,"href":"https:\/\/www.rassegnastampa-totustuus.it\/cattolica\/wp-json\/wp\/v2\/posts\/1239\/revisions"}],"predecessor-version":[{"id":47564,"href":"https:\/\/www.rassegnastampa-totustuus.it\/cattolica\/wp-json\/wp\/v2\/posts\/1239\/revisions\/47564"}],"wp:featuredmedia":[{"embeddable":true,"href":"https:\/\/www.rassegnastampa-totustuus.it\/cattolica\/wp-json\/wp\/v2\/media\/30694"}],"wp:attachment":[{"href":"https:\/\/www.rassegnastampa-totustuus.it\/cattolica\/wp-json\/wp\/v2\/media?parent=1239"}],"wp:term":[{"taxonomy":"category","embeddable":true,"href":"https:\/\/www.rassegnastampa-totustuus.it\/cattolica\/wp-json\/wp\/v2\/categories?post=1239"},{"taxonomy":"post_tag","embeddable":true,"href":"https:\/\/www.rassegnastampa-totustuus.it\/cattolica\/wp-json\/wp\/v2\/tags?post=1239"}],"curies":[{"name":"wp","href":"https:\/\/api.w.org\/{rel}","templated":true}]}}