{"id":1234,"date":"2005-08-31T00:00:00","date_gmt":"2005-08-30T22:00:00","guid":{"rendered":""},"modified":"2016-01-04T19:44:21","modified_gmt":"2016-01-04T18:44:21","slug":"lo-schiavismo-presenta-il-conto-ma-chi-paga","status":"publish","type":"post","link":"https:\/\/www.rassegnastampa-totustuus.it\/cattolica\/lo-schiavismo-presenta-il-conto-ma-chi-paga\/","title":{"rendered":"Lo schiavismo presenta il conto. Ma chi paga?"},"content":{"rendered":"<div style=\"text-align: center;\"><a href=\"https:\/\/www.rassegnastampa-totustuus.it\/cattolica\/wp-content\/uploads\/2005\/08\/schiavitu.jpg\"><img loading=\"lazy\" decoding=\"async\" class=\"alignright wp-image-29219 size-full\" src=\"https:\/\/www.rassegnastampa-totustuus.it\/cattolica\/wp-content\/uploads\/2005\/08\/schiavitu.jpg\" alt=\"schiavitu\" width=\"240\" height=\"180\" \/><\/a>Articolo pubblicato su <strong>Avvenire <\/strong><\/div>\n<div style=\"text-align: center;\">\u00a006 Settembre 2001<\/div>\n<p style=\"text-align: justify;\"><em>Le contraddizioni dei gruppi africani che pretendono un risarcimento per la tratta di tre secoli fa<\/em><\/p>\n<p style=\"text-align: center;\">di <strong>Claudio Moffa<\/strong><\/p>\n<p><!--more--><\/p>\n<div style=\"text-align: justify;\">Quanti sono stati gli schiavi neri deportati nel Nuovo mondo dagli Europei fra il XV e il XX secolo? Trenta milioni come sosteneva padre Rinchon nel 1929? O 100, come proponeva De Bossch\u00e8re nell&#8217;et\u00e0 della decolonizzazione? O 70, come per M.L. Diop? E fino a che punto \u00e8 definitiva la ben pi\u00f9 modesta cifra calcolata sulla base di fonti d&#8217;archivio da Philip Curtin, nel suo classico <em>The Atlantic Slave Trade: a Census<\/em>: 12 milioni circa di persone? Non avr\u00e0 ragione Ikinori a criticarla, elevandola del 40%? E i morti durante la traversata aumentano il numero complessivo delle persone sottratte all&#8217;Africa del 500%, come sosteneva il panafricanista DuBois, o del 13% come ha scritto ancora Curtin?<\/div>\n<p style=\"text-align: justify;\">Bastano questi pochi interrogativi per capire quanto assurda &#8211; e pericolosa per la libert\u00e0 di ricerca storica &#8211; sia la richiesta di risarcimento monetario che circola da alcuni anni ad opera di taluni gruppi e rappresentanti africani, per punire quello che comunque fu un crimine dell&#8217;Europa ai danni del continente nero. Se le cifre sono cos\u00ec diverse, su quali basi scientifiche sono stati calcolati i 777 trilioni di dollari (!!) richiesti dalla<em> African World Reparations and Repatriation Truth Commission<\/em> di Accra nel 1999?<\/p>\n<p style=\"text-align: justify;\">La tratta atlantica degli schiavi \u00e8 come ogni fenomeno storico realt\u00e0 complessa, da indagare attraverso un salutare processo di revisione storica continuamente capace di correggere errori e carenze senza interferenze &#8220;politiche&#8221; esterne. Sono troppe le incognite e le variabili di quello che Coquery Vidrovitch ha definito il dibattito fra &#8220;massimalisti&#8221; e &#8220;minimalisti&#8221;: al ribasso, gli schiavisti potevano avere interesse &#8211; un po&#8217; come gli evasori fiscali di oggi &#8211; a nascondere una parte dei deportati per pagare meno dazi doganali; al rialzo, ci possono essere state le cifre eventualmente esagerate della pur sacrosanta propaganda antischiavista di fine Settecento.<\/p>\n<p style=\"text-align: justify;\">Anche allora &#8211; come oggi nel balletto delle cifre sulle fosse comuni di ogni colore, o sul numero degli immigrati, o sugli ebrei sterminati &#8211; c&#8217;era chi spingeva in un senso o nell&#8217;altro, e non c&#8217;\u00e8 nulla di scandaloso nel prenderne atto.<\/p>\n<p style=\"text-align: justify;\">Sul piano storico non \u00e8 difficile solo il calcolo assoluto degli schiavi neri ma anche quello relativo, il prezzo demografico (e dunque economico) pagato dagli africani per le deportazioni di massa. Quanti abitanti aveva il continente nero agli inizi dell&#8217;et\u00e0 moderna? Come calcolare la sua popolazione, in assenza di documenti scritti paragonabili agli &#8220;Stati delle anime&#8221; dell&#8217;Europa cristiana?<\/p>\n<p style=\"text-align: justify;\">Quanto alla dimensione politica, \u00e8 chiaro che il &#8220;risarcimento&#8221; pu\u00f2 attivare una spirale di follia rivendicazionista a tutto campo: alla tratta schiavista ha partecipato non solo &#8220;tutta&#8221; l&#8217;Europa &#8211; ivi compresi gli ebrei, come ricordano con l&#8217;esempio di Sao Tom\u00e9 e del &#8220;Rotschild della costa occidentale&#8221; Pedro Blanco, storici autorevoli del calibro di John Fage e Hubert Deschamps &#8211; ma anche gli arabi, nei lunghi secoli che corrono dall&#8217;epoca medievale all&#8217;Ottocento del Sudan di Gordon e del Mahdi; e anche i latinoamericani, con le piantagioni brasiliane o caraibiche. E i neri: grandi e piccoli regni africani si arricchirono grazie al traffico schiavista.<\/p>\n<p style=\"text-align: justify;\">E allora? Se le &#8220;responsabilit\u00e0&#8221; storiche vengono fatte risalire ad una &#8220;lunga durata&#8221; che azzera completamente rivolgimenti e diversit\u00e0 di regimi e di intere culture, il rischio &#8211; un rischio perfettamente &#8220;logico&#8221;, nell&#8217;illogicit\u00e0 dell&#8217;operazione &#8211; \u00e8 che si attivino giochi geopolitici ambigui, magari di segno opposto a quello desiderato: regimi africani corrotti risarciti dalla Cuba di Castro, ostacoli insormontabili al dialogo afro-arabo, o magari &#8211; nonostante siano gli Stati Uniti i pi\u00f9 decisamente contrari alla richiesta &#8211; a quello euro-africano.<\/p>\n<p style=\"text-align: justify;\">Di fronte a tentazioni come quelle che circolano nella Conferenza di Durban converrebbe piuttosto compiere una operazione molto semplice: primo, separare nettamente il campo della ricerca storica &#8211; chiunque vi si impegni, e non solo gli storici di professione &#8211; dalle legittime differenti opzioni ideologiche e politiche.<\/p>\n<p style=\"text-align: justify;\">Non \u00e8 possibile sottostare ai ricatti psicologici di chi, sia pure in buona fede, esagera cifre e dimensioni del fenomeno. Secondo, spostare l&#8217;attenzione dall&#8217;ormai remoto passato di tre secoli fa, ai grandi problemi dell&#8217;oggi che attanagliano il Sud del pianeta nella morsa dello sfruttamento internazionale, del sottosviluppo, e del &#8220;nuovo&#8221; razzismo: azzeramento del debito, difesa delle sovranit\u00e0 violate, creazione di un ordine economico internazionale &#8220;giusto&#8221;, sviluppo della democrazia.<\/p>\n<p style=\"text-align: justify;\">Ecco alcuni punti all&#8217;ordine del giorno &#8220;seri&#8221; e per i quali ha senso discutere e battersi senza la necessit\u00e0 di aggrapparsi alla condanna &#8211; del resto ovvia &#8211; della tratta schiavista del XVIII secolo.<\/p>\n","protected":false},"excerpt":{"rendered":"<p>Articolo pubblicato su Avvenire \u00a006 Settembre 2001 Le contraddizioni dei gruppi africani che pretendono un risarcimento per la tratta di tre secoli fa di Claudio Moffa<\/p><p><a class=\"more-link btn\" href=\"https:\/\/www.rassegnastampa-totustuus.it\/cattolica\/lo-schiavismo-presenta-il-conto-ma-chi-paga\/\">Continua a leggere<\/a><\/p>\n","protected":false},"author":6,"featured_media":29219,"comment_status":"closed","ping_status":"open","sticky":false,"template":"","format":"standard","meta":{"footnotes":""},"categories":[39,24],"tags":[944],"class_list":["post-1234","post","type-post","status-publish","format-standard","has-post-thumbnail","hentry","category-africa","category-storia","tag-schiavismo","item-wrap"],"yoast_head":"<!-- This site is optimized with the Yoast SEO plugin v27.5 - https:\/\/yoast.com\/product\/yoast-seo-wordpress\/ -->\n<title>Lo schiavismo presenta il conto. Ma chi paga? - Rassegna Stampa Cattolica<\/title>\n<meta name=\"description\" content=\"Rassegna Stampa Cattolica - Per una cultura che nasce dalla Rivelazione cristiana in conformit\u00e0 alla tradizione e al Magistero della Chiesa in opposizione ad ogni relativismo e totalitarismo\" \/>\n<meta name=\"robots\" content=\"index, follow, max-snippet:-1, max-image-preview:large, max-video-preview:-1\" \/>\n<link rel=\"canonical\" href=\"https:\/\/www.rassegnastampa-totustuus.it\/cattolica\/lo-schiavismo-presenta-il-conto-ma-chi-paga\/\" \/>\n<meta property=\"og:locale\" content=\"it_IT\" \/>\n<meta property=\"og:type\" content=\"article\" \/>\n<meta property=\"og:title\" content=\"Lo schiavismo presenta il conto. Ma chi paga? - Rassegna Stampa Cattolica\" \/>\n<meta property=\"og:description\" content=\"Rassegna Stampa Cattolica - Per una cultura che nasce dalla Rivelazione cristiana in conformit\u00e0 alla tradizione e al Magistero della Chiesa in opposizione ad ogni relativismo e totalitarismo\" \/>\n<meta property=\"og:url\" content=\"https:\/\/www.rassegnastampa-totustuus.it\/cattolica\/lo-schiavismo-presenta-il-conto-ma-chi-paga\/\" \/>\n<meta property=\"og:site_name\" content=\"Rassegna Stampa Cattolica\" \/>\n<meta property=\"article:publisher\" content=\"https:\/\/www.facebook.com\/rassegnastampacattolica\" \/>\n<meta property=\"article:published_time\" content=\"2005-08-30T22:00:00+00:00\" \/>\n<meta property=\"article:modified_time\" content=\"2016-01-04T18:44:21+00:00\" \/>\n<meta property=\"og:image\" content=\"https:\/\/www.rassegnastampa-totustuus.it\/cattolica\/wp-content\/uploads\/2005\/08\/schiavitu.jpg\" \/>\n\t<meta property=\"og:image:width\" content=\"240\" \/>\n\t<meta property=\"og:image:height\" content=\"180\" \/>\n\t<meta property=\"og:image:type\" content=\"image\/jpeg\" \/>\n<meta name=\"author\" content=\"Redazione\" \/>\n<meta name=\"twitter:card\" content=\"summary_large_image\" \/>\n<meta name=\"twitter:creator\" content=\"@rassegnastampa9\" \/>\n<meta name=\"twitter:site\" content=\"@rassegnastampa9\" \/>\n<meta name=\"twitter:label1\" content=\"Scritto da\" \/>\n\t<meta name=\"twitter:data1\" content=\"Redazione\" \/>\n\t<meta name=\"twitter:label2\" content=\"Tempo di lettura stimato\" \/>\n\t<meta name=\"twitter:data2\" content=\"4 minuti\" \/>\n<script type=\"application\/ld+json\" class=\"yoast-schema-graph\">{\"@context\":\"https:\\\/\\\/schema.org\",\"@graph\":[{\"@type\":\"Article\",\"@id\":\"https:\\\/\\\/www.rassegnastampa-totustuus.it\\\/cattolica\\\/lo-schiavismo-presenta-il-conto-ma-chi-paga\\\/#article\",\"isPartOf\":{\"@id\":\"https:\\\/\\\/www.rassegnastampa-totustuus.it\\\/cattolica\\\/lo-schiavismo-presenta-il-conto-ma-chi-paga\\\/\"},\"author\":{\"name\":\"Redazione\",\"@id\":\"https:\\\/\\\/www.rassegnastampa-totustuus.it\\\/cattolica\\\/#\\\/schema\\\/person\\\/08f319d2bd1a0904ad9e2bfb7b15e5c3\"},\"headline\":\"Lo schiavismo presenta il conto. Ma chi paga?\",\"datePublished\":\"2005-08-30T22:00:00+00:00\",\"dateModified\":\"2016-01-04T18:44:21+00:00\",\"mainEntityOfPage\":{\"@id\":\"https:\\\/\\\/www.rassegnastampa-totustuus.it\\\/cattolica\\\/lo-schiavismo-presenta-il-conto-ma-chi-paga\\\/\"},\"wordCount\":763,\"publisher\":{\"@id\":\"https:\\\/\\\/www.rassegnastampa-totustuus.it\\\/cattolica\\\/#organization\"},\"image\":{\"@id\":\"https:\\\/\\\/www.rassegnastampa-totustuus.it\\\/cattolica\\\/lo-schiavismo-presenta-il-conto-ma-chi-paga\\\/#primaryimage\"},\"thumbnailUrl\":\"https:\\\/\\\/www.rassegnastampa-totustuus.it\\\/cattolica\\\/wp-content\\\/uploads\\\/2005\\\/08\\\/schiavitu.jpg\",\"keywords\":[\"schiavismo\"],\"articleSection\":[\"Africa\",\"Storia\"],\"inLanguage\":\"it-IT\"},{\"@type\":\"WebPage\",\"@id\":\"https:\\\/\\\/www.rassegnastampa-totustuus.it\\\/cattolica\\\/lo-schiavismo-presenta-il-conto-ma-chi-paga\\\/\",\"url\":\"https:\\\/\\\/www.rassegnastampa-totustuus.it\\\/cattolica\\\/lo-schiavismo-presenta-il-conto-ma-chi-paga\\\/\",\"name\":\"Lo schiavismo presenta il conto. Ma chi paga? - Rassegna Stampa Cattolica\",\"isPartOf\":{\"@id\":\"https:\\\/\\\/www.rassegnastampa-totustuus.it\\\/cattolica\\\/#website\"},\"primaryImageOfPage\":{\"@id\":\"https:\\\/\\\/www.rassegnastampa-totustuus.it\\\/cattolica\\\/lo-schiavismo-presenta-il-conto-ma-chi-paga\\\/#primaryimage\"},\"image\":{\"@id\":\"https:\\\/\\\/www.rassegnastampa-totustuus.it\\\/cattolica\\\/lo-schiavismo-presenta-il-conto-ma-chi-paga\\\/#primaryimage\"},\"thumbnailUrl\":\"https:\\\/\\\/www.rassegnastampa-totustuus.it\\\/cattolica\\\/wp-content\\\/uploads\\\/2005\\\/08\\\/schiavitu.jpg\",\"datePublished\":\"2005-08-30T22:00:00+00:00\",\"dateModified\":\"2016-01-04T18:44:21+00:00\",\"description\":\"Rassegna Stampa Cattolica - Per una cultura che nasce dalla Rivelazione cristiana in conformit\u00e0 alla tradizione e al Magistero della Chiesa in opposizione ad ogni relativismo e totalitarismo\",\"breadcrumb\":{\"@id\":\"https:\\\/\\\/www.rassegnastampa-totustuus.it\\\/cattolica\\\/lo-schiavismo-presenta-il-conto-ma-chi-paga\\\/#breadcrumb\"},\"inLanguage\":\"it-IT\",\"potentialAction\":[{\"@type\":\"ReadAction\",\"target\":[\"https:\\\/\\\/www.rassegnastampa-totustuus.it\\\/cattolica\\\/lo-schiavismo-presenta-il-conto-ma-chi-paga\\\/\"]}]},{\"@type\":\"ImageObject\",\"inLanguage\":\"it-IT\",\"@id\":\"https:\\\/\\\/www.rassegnastampa-totustuus.it\\\/cattolica\\\/lo-schiavismo-presenta-il-conto-ma-chi-paga\\\/#primaryimage\",\"url\":\"https:\\\/\\\/www.rassegnastampa-totustuus.it\\\/cattolica\\\/wp-content\\\/uploads\\\/2005\\\/08\\\/schiavitu.jpg\",\"contentUrl\":\"https:\\\/\\\/www.rassegnastampa-totustuus.it\\\/cattolica\\\/wp-content\\\/uploads\\\/2005\\\/08\\\/schiavitu.jpg\",\"width\":240,\"height\":180},{\"@type\":\"BreadcrumbList\",\"@id\":\"https:\\\/\\\/www.rassegnastampa-totustuus.it\\\/cattolica\\\/lo-schiavismo-presenta-il-conto-ma-chi-paga\\\/#breadcrumb\",\"itemListElement\":[{\"@type\":\"ListItem\",\"position\":1,\"name\":\"Home\",\"item\":\"https:\\\/\\\/www.rassegnastampa-totustuus.it\\\/cattolica\\\/\"},{\"@type\":\"ListItem\",\"position\":2,\"name\":\"Lo schiavismo presenta il conto. Ma chi paga?\"}]},{\"@type\":\"WebSite\",\"@id\":\"https:\\\/\\\/www.rassegnastampa-totustuus.it\\\/cattolica\\\/#website\",\"url\":\"https:\\\/\\\/www.rassegnastampa-totustuus.it\\\/cattolica\\\/\",\"name\":\"Rassegna Stampa Cattolica\",\"description\":\"Per una cultura che nasce dalla Rivelazione cristiana in conformit\u00e0 alla tradizione e al Magistero della Chiesa in opposizione ad ogni relativismo e totalitarismo\",\"publisher\":{\"@id\":\"https:\\\/\\\/www.rassegnastampa-totustuus.it\\\/cattolica\\\/#organization\"},\"alternateName\":\"Rass. Cattolica\",\"potentialAction\":[{\"@type\":\"SearchAction\",\"target\":{\"@type\":\"EntryPoint\",\"urlTemplate\":\"https:\\\/\\\/www.rassegnastampa-totustuus.it\\\/cattolica\\\/?s={search_term_string}\"},\"query-input\":{\"@type\":\"PropertyValueSpecification\",\"valueRequired\":true,\"valueName\":\"search_term_string\"}}],\"inLanguage\":\"it-IT\"},{\"@type\":\"Organization\",\"@id\":\"https:\\\/\\\/www.rassegnastampa-totustuus.it\\\/cattolica\\\/#organization\",\"name\":\"Rassegna Stampa Cattolica\",\"url\":\"https:\\\/\\\/www.rassegnastampa-totustuus.it\\\/cattolica\\\/\",\"logo\":{\"@type\":\"ImageObject\",\"inLanguage\":\"it-IT\",\"@id\":\"https:\\\/\\\/www.rassegnastampa-totustuus.it\\\/cattolica\\\/#\\\/schema\\\/logo\\\/image\\\/\",\"url\":\"https:\\\/\\\/www.rassegnastampa-totustuus.it\\\/cattolica\\\/wp-content\\\/uploads\\\/2014\\\/04\\\/logo-rassegna1.gif\",\"contentUrl\":\"https:\\\/\\\/www.rassegnastampa-totustuus.it\\\/cattolica\\\/wp-content\\\/uploads\\\/2014\\\/04\\\/logo-rassegna1.gif\",\"width\":600,\"height\":163,\"caption\":\"Rassegna Stampa Cattolica\"},\"image\":{\"@id\":\"https:\\\/\\\/www.rassegnastampa-totustuus.it\\\/cattolica\\\/#\\\/schema\\\/logo\\\/image\\\/\"},\"sameAs\":[\"https:\\\/\\\/www.facebook.com\\\/rassegnastampacattolica\",\"https:\\\/\\\/x.com\\\/rassegnastampa9\"]},{\"@type\":\"Person\",\"@id\":\"https:\\\/\\\/www.rassegnastampa-totustuus.it\\\/cattolica\\\/#\\\/schema\\\/person\\\/08f319d2bd1a0904ad9e2bfb7b15e5c3\",\"name\":\"Redazione\",\"image\":{\"@type\":\"ImageObject\",\"inLanguage\":\"it-IT\",\"@id\":\"https:\\\/\\\/secure.gravatar.com\\\/avatar\\\/2fcdf27c78ea025fbdb44e914cc63c72249ffec9dc8aafd5c82b26240ef3f346?s=96&d=mm&r=g\",\"url\":\"https:\\\/\\\/secure.gravatar.com\\\/avatar\\\/2fcdf27c78ea025fbdb44e914cc63c72249ffec9dc8aafd5c82b26240ef3f346?s=96&d=mm&r=g\",\"contentUrl\":\"https:\\\/\\\/secure.gravatar.com\\\/avatar\\\/2fcdf27c78ea025fbdb44e914cc63c72249ffec9dc8aafd5c82b26240ef3f346?s=96&d=mm&r=g\",\"caption\":\"Redazione\"},\"url\":\"https:\\\/\\\/www.rassegnastampa-totustuus.it\\\/cattolica\\\/author\\\/pietroelle\\\/\"}]}<\/script>\n<!-- \/ Yoast SEO plugin. -->","yoast_head_json":{"title":"Lo schiavismo presenta il conto. Ma chi paga? - Rassegna Stampa Cattolica","description":"Rassegna Stampa Cattolica - Per una cultura che nasce dalla Rivelazione cristiana in conformit\u00e0 alla tradizione e al Magistero della Chiesa in opposizione ad ogni relativismo e totalitarismo","robots":{"index":"index","follow":"follow","max-snippet":"max-snippet:-1","max-image-preview":"max-image-preview:large","max-video-preview":"max-video-preview:-1"},"canonical":"https:\/\/www.rassegnastampa-totustuus.it\/cattolica\/lo-schiavismo-presenta-il-conto-ma-chi-paga\/","og_locale":"it_IT","og_type":"article","og_title":"Lo schiavismo presenta il conto. Ma chi paga? - Rassegna Stampa Cattolica","og_description":"Rassegna Stampa Cattolica - Per una cultura che nasce dalla Rivelazione cristiana in conformit\u00e0 alla tradizione e al Magistero della Chiesa in opposizione ad ogni relativismo e totalitarismo","og_url":"https:\/\/www.rassegnastampa-totustuus.it\/cattolica\/lo-schiavismo-presenta-il-conto-ma-chi-paga\/","og_site_name":"Rassegna Stampa Cattolica","article_publisher":"https:\/\/www.facebook.com\/rassegnastampacattolica","article_published_time":"2005-08-30T22:00:00+00:00","article_modified_time":"2016-01-04T18:44:21+00:00","og_image":[{"width":240,"height":180,"url":"https:\/\/www.rassegnastampa-totustuus.it\/cattolica\/wp-content\/uploads\/2005\/08\/schiavitu.jpg","type":"image\/jpeg"}],"author":"Redazione","twitter_card":"summary_large_image","twitter_creator":"@rassegnastampa9","twitter_site":"@rassegnastampa9","twitter_misc":{"Scritto da":"Redazione","Tempo di lettura stimato":"4 minuti"},"schema":{"@context":"https:\/\/schema.org","@graph":[{"@type":"Article","@id":"https:\/\/www.rassegnastampa-totustuus.it\/cattolica\/lo-schiavismo-presenta-il-conto-ma-chi-paga\/#article","isPartOf":{"@id":"https:\/\/www.rassegnastampa-totustuus.it\/cattolica\/lo-schiavismo-presenta-il-conto-ma-chi-paga\/"},"author":{"name":"Redazione","@id":"https:\/\/www.rassegnastampa-totustuus.it\/cattolica\/#\/schema\/person\/08f319d2bd1a0904ad9e2bfb7b15e5c3"},"headline":"Lo schiavismo presenta il conto. Ma chi paga?","datePublished":"2005-08-30T22:00:00+00:00","dateModified":"2016-01-04T18:44:21+00:00","mainEntityOfPage":{"@id":"https:\/\/www.rassegnastampa-totustuus.it\/cattolica\/lo-schiavismo-presenta-il-conto-ma-chi-paga\/"},"wordCount":763,"publisher":{"@id":"https:\/\/www.rassegnastampa-totustuus.it\/cattolica\/#organization"},"image":{"@id":"https:\/\/www.rassegnastampa-totustuus.it\/cattolica\/lo-schiavismo-presenta-il-conto-ma-chi-paga\/#primaryimage"},"thumbnailUrl":"https:\/\/www.rassegnastampa-totustuus.it\/cattolica\/wp-content\/uploads\/2005\/08\/schiavitu.jpg","keywords":["schiavismo"],"articleSection":["Africa","Storia"],"inLanguage":"it-IT"},{"@type":"WebPage","@id":"https:\/\/www.rassegnastampa-totustuus.it\/cattolica\/lo-schiavismo-presenta-il-conto-ma-chi-paga\/","url":"https:\/\/www.rassegnastampa-totustuus.it\/cattolica\/lo-schiavismo-presenta-il-conto-ma-chi-paga\/","name":"Lo schiavismo presenta il conto. Ma chi paga? - Rassegna Stampa Cattolica","isPartOf":{"@id":"https:\/\/www.rassegnastampa-totustuus.it\/cattolica\/#website"},"primaryImageOfPage":{"@id":"https:\/\/www.rassegnastampa-totustuus.it\/cattolica\/lo-schiavismo-presenta-il-conto-ma-chi-paga\/#primaryimage"},"image":{"@id":"https:\/\/www.rassegnastampa-totustuus.it\/cattolica\/lo-schiavismo-presenta-il-conto-ma-chi-paga\/#primaryimage"},"thumbnailUrl":"https:\/\/www.rassegnastampa-totustuus.it\/cattolica\/wp-content\/uploads\/2005\/08\/schiavitu.jpg","datePublished":"2005-08-30T22:00:00+00:00","dateModified":"2016-01-04T18:44:21+00:00","description":"Rassegna Stampa Cattolica - Per una cultura che nasce dalla Rivelazione cristiana in conformit\u00e0 alla tradizione e al Magistero della Chiesa in opposizione ad ogni relativismo e totalitarismo","breadcrumb":{"@id":"https:\/\/www.rassegnastampa-totustuus.it\/cattolica\/lo-schiavismo-presenta-il-conto-ma-chi-paga\/#breadcrumb"},"inLanguage":"it-IT","potentialAction":[{"@type":"ReadAction","target":["https:\/\/www.rassegnastampa-totustuus.it\/cattolica\/lo-schiavismo-presenta-il-conto-ma-chi-paga\/"]}]},{"@type":"ImageObject","inLanguage":"it-IT","@id":"https:\/\/www.rassegnastampa-totustuus.it\/cattolica\/lo-schiavismo-presenta-il-conto-ma-chi-paga\/#primaryimage","url":"https:\/\/www.rassegnastampa-totustuus.it\/cattolica\/wp-content\/uploads\/2005\/08\/schiavitu.jpg","contentUrl":"https:\/\/www.rassegnastampa-totustuus.it\/cattolica\/wp-content\/uploads\/2005\/08\/schiavitu.jpg","width":240,"height":180},{"@type":"BreadcrumbList","@id":"https:\/\/www.rassegnastampa-totustuus.it\/cattolica\/lo-schiavismo-presenta-il-conto-ma-chi-paga\/#breadcrumb","itemListElement":[{"@type":"ListItem","position":1,"name":"Home","item":"https:\/\/www.rassegnastampa-totustuus.it\/cattolica\/"},{"@type":"ListItem","position":2,"name":"Lo schiavismo presenta il conto. Ma chi paga?"}]},{"@type":"WebSite","@id":"https:\/\/www.rassegnastampa-totustuus.it\/cattolica\/#website","url":"https:\/\/www.rassegnastampa-totustuus.it\/cattolica\/","name":"Rassegna Stampa Cattolica","description":"Per una cultura che nasce dalla Rivelazione cristiana in conformit\u00e0 alla tradizione e al Magistero della Chiesa in opposizione ad ogni relativismo e totalitarismo","publisher":{"@id":"https:\/\/www.rassegnastampa-totustuus.it\/cattolica\/#organization"},"alternateName":"Rass. Cattolica","potentialAction":[{"@type":"SearchAction","target":{"@type":"EntryPoint","urlTemplate":"https:\/\/www.rassegnastampa-totustuus.it\/cattolica\/?s={search_term_string}"},"query-input":{"@type":"PropertyValueSpecification","valueRequired":true,"valueName":"search_term_string"}}],"inLanguage":"it-IT"},{"@type":"Organization","@id":"https:\/\/www.rassegnastampa-totustuus.it\/cattolica\/#organization","name":"Rassegna Stampa Cattolica","url":"https:\/\/www.rassegnastampa-totustuus.it\/cattolica\/","logo":{"@type":"ImageObject","inLanguage":"it-IT","@id":"https:\/\/www.rassegnastampa-totustuus.it\/cattolica\/#\/schema\/logo\/image\/","url":"https:\/\/www.rassegnastampa-totustuus.it\/cattolica\/wp-content\/uploads\/2014\/04\/logo-rassegna1.gif","contentUrl":"https:\/\/www.rassegnastampa-totustuus.it\/cattolica\/wp-content\/uploads\/2014\/04\/logo-rassegna1.gif","width":600,"height":163,"caption":"Rassegna Stampa Cattolica"},"image":{"@id":"https:\/\/www.rassegnastampa-totustuus.it\/cattolica\/#\/schema\/logo\/image\/"},"sameAs":["https:\/\/www.facebook.com\/rassegnastampacattolica","https:\/\/x.com\/rassegnastampa9"]},{"@type":"Person","@id":"https:\/\/www.rassegnastampa-totustuus.it\/cattolica\/#\/schema\/person\/08f319d2bd1a0904ad9e2bfb7b15e5c3","name":"Redazione","image":{"@type":"ImageObject","inLanguage":"it-IT","@id":"https:\/\/secure.gravatar.com\/avatar\/2fcdf27c78ea025fbdb44e914cc63c72249ffec9dc8aafd5c82b26240ef3f346?s=96&d=mm&r=g","url":"https:\/\/secure.gravatar.com\/avatar\/2fcdf27c78ea025fbdb44e914cc63c72249ffec9dc8aafd5c82b26240ef3f346?s=96&d=mm&r=g","contentUrl":"https:\/\/secure.gravatar.com\/avatar\/2fcdf27c78ea025fbdb44e914cc63c72249ffec9dc8aafd5c82b26240ef3f346?s=96&d=mm&r=g","caption":"Redazione"},"url":"https:\/\/www.rassegnastampa-totustuus.it\/cattolica\/author\/pietroelle\/"}]}},"_links":{"self":[{"href":"https:\/\/www.rassegnastampa-totustuus.it\/cattolica\/wp-json\/wp\/v2\/posts\/1234","targetHints":{"allow":["GET"]}}],"collection":[{"href":"https:\/\/www.rassegnastampa-totustuus.it\/cattolica\/wp-json\/wp\/v2\/posts"}],"about":[{"href":"https:\/\/www.rassegnastampa-totustuus.it\/cattolica\/wp-json\/wp\/v2\/types\/post"}],"author":[{"embeddable":true,"href":"https:\/\/www.rassegnastampa-totustuus.it\/cattolica\/wp-json\/wp\/v2\/users\/6"}],"replies":[{"embeddable":true,"href":"https:\/\/www.rassegnastampa-totustuus.it\/cattolica\/wp-json\/wp\/v2\/comments?post=1234"}],"version-history":[{"count":5,"href":"https:\/\/www.rassegnastampa-totustuus.it\/cattolica\/wp-json\/wp\/v2\/posts\/1234\/revisions"}],"predecessor-version":[{"id":29220,"href":"https:\/\/www.rassegnastampa-totustuus.it\/cattolica\/wp-json\/wp\/v2\/posts\/1234\/revisions\/29220"}],"wp:featuredmedia":[{"embeddable":true,"href":"https:\/\/www.rassegnastampa-totustuus.it\/cattolica\/wp-json\/wp\/v2\/media\/29219"}],"wp:attachment":[{"href":"https:\/\/www.rassegnastampa-totustuus.it\/cattolica\/wp-json\/wp\/v2\/media?parent=1234"}],"wp:term":[{"taxonomy":"category","embeddable":true,"href":"https:\/\/www.rassegnastampa-totustuus.it\/cattolica\/wp-json\/wp\/v2\/categories?post=1234"},{"taxonomy":"post_tag","embeddable":true,"href":"https:\/\/www.rassegnastampa-totustuus.it\/cattolica\/wp-json\/wp\/v2\/tags?post=1234"}],"curies":[{"name":"wp","href":"https:\/\/api.w.org\/{rel}","templated":true}]}}