{"id":1231,"date":"2005-08-31T00:00:00","date_gmt":"2005-08-30T22:00:00","guid":{"rendered":""},"modified":"2016-02-01T09:27:46","modified_gmt":"2016-02-01T08:27:46","slug":"passava-dalla-francia-dei-lumi-la-torbida-rotta-degli-schiavi","status":"publish","type":"post","link":"https:\/\/www.rassegnastampa-totustuus.it\/cattolica\/passava-dalla-francia-dei-lumi-la-torbida-rotta-degli-schiavi\/","title":{"rendered":"Passava dalla Francia dei Lumi la torbida rotta degli schiavi"},"content":{"rendered":"<div style=\"text-align: center;\"><a href=\"https:\/\/www.rassegnastampa-totustuus.it\/cattolica\/wp-content\/uploads\/2005\/08\/schiavi.jpg\"><img loading=\"lazy\" decoding=\"async\" class=\"alignleft wp-image-30088 size-full\" src=\"https:\/\/www.rassegnastampa-totustuus.it\/cattolica\/wp-content\/uploads\/2005\/08\/schiavi.jpg\" alt=\"schiavi\" width=\"248\" height=\"194\" \/><\/a>Articolo pubblicato su <strong>Il Corriere della Sera<\/strong> del 3 dicembre 1993<\/div>\n<p style=\"text-align: center;\"><em>La storia della tratta in una mostra a Nantes<\/em><\/p>\n<p style=\"text-align: center;\">di <strong>Cesare De Seta<\/strong><\/p>\n<p><!--more--><\/p>\n<div style=\"text-align: justify;\">Nantes si distende lungo la Loira con i suoi lindi quartieri borghesi che occupano l\u2019isola Feydeau &#8211; un tempo circondata dalle acque &#8211; e sede dei pi\u00f9 bei palazzi costruiti dai ricchi armatori e commercianti che nel corso del Settecento resero prospere con i loro traffici le proprie casate e la stessa citt\u00e0. Edifici austeri, sobriamente eleganti che son la facciata rispettabile del commercio tra i pi\u00f9 loschi della storia umana.<\/div>\n<p style=\"text-align: justify;\">La tratta degli schiavi dall\u2019Africa principia gi\u00e0 nel Cinquecento, ma \u00e8 nel corso del Settecento che prospera grazie all\u2019intraprendenza spietata di armatori inglesi, portoghesi e francesi. Nantes fu tra le citt\u00e0 della Francia la capitale di questo commercio che ebbe come protagonista Bristol, Liverpool, Londra in Inghilterra, Lisbona e Cadice nella penisola Iberica. Su questi trascorsi ingloriosi la municipalit\u00e0 di Nantes ha allestito una mostra che sarebbe stupido e ingiurioso definire bella, perch\u00e9 essa turba, per la violenza e la crudezza degli eventi che mette in scena nella sede austera e possente del castello del duca di Bretagna, simbolo della citt\u00e0.<\/p>\n<p style=\"text-align: justify;\">Il merito della mostra \u00e8 quello di trasformare una nota tragedia della storia in un evento che ci colpisce perch\u00e9 nessun dato statistico, nessun disegno, nessuna descrizione letteraria \u00e8 capace di trasmetterci la sensazione che procura una nave sezionata nella cui pancia sono stipati centinaia di uomini, donne e adolescenti in un modo che \u00e8 persino banale definire inumano. In questo traffico comunque nulla \u00e8 lasciato al caso: di solito l\u2019armatore non dispone da solo dei capitali necessari ad allestire una spedizione negriera, il rischio viene dunque diviso tra soci rispettabili borghesi della societ\u00e0 locale.<\/p>\n<p style=\"text-align: justify;\">L\u2019equipaggio per la tratta \u00e8 in numero triplo rispetto a quello di un normale traffico commerciale di caff\u00e8, riso, zucchero, tabacco, cotone: l\u2019armatore si garantisce sui rischi stipulando un\u2019assicurazione, scegliendo un buon capitano e una buona imbarcazione. I vascelli destinati a questo traffico non sono molto diversi da quelli in uso per il trasporto di altre merci, salvo che per l\u2019attenzione a rendere pi\u00f9 capienti gli scafi che ospitano fino a cinquecento negri un quarto dei quali donne. La nave ha il suo medico che controlla a terra lo stato di salute della &#8220;merce&#8221; che viene pagata di solito in alcool, armi da fuoco, tessuti e altre chincaglierie.<\/p>\n<p style=\"text-align: justify;\">Ha scritto di recente lo storico senegalese Babacar Fall che la caccia agli schiavi era una istituzione dei regimi che dominavano le coste atlantiche dell\u2019Africa: erano costoro ad organizzare la caccia e i primi beneficiari di questo mercato che grazie allo scambio di armi consent\u00ec una lunga stabilit\u00e0 politica.<\/p>\n<p style=\"text-align: justify;\">Compiuto lo scambio sulla costa africana il capitano intraprende la traversata dell\u2019Atlantico. Mal di mare, malattie, &#8220;malinconia&#8221;, denutrizione sono causa di morte per il dieci-venti per cento degli schiavi. Sono frequenti le rivolte represse nel sangue, ma giunti nei Carabi o sulle coste dell\u2019America Centrale la merce viene &#8220;rinfrescata&#8221;: un buon armatore infatti ha teste di ponte nei porti pi\u00f9 importanti dove gli schiavi possono mangiare meglio per alcuni giorni, lavarsi ed essere pi\u00f9 presentabili agli acquirenti potenziali che sono di solito proprietari terrieri di coltivazioni di caff\u00e8 e canna da zucchero.<\/p>\n<p style=\"text-align: justify;\">Uno schiavo viene venduto ad un valore cinque volte superiore al prezzo d\u2019acquisto: i coloni pagano poco in contanti e soprattutto in natura (caff\u00e8, zucchero, cotone, tabacco indigo). la nave carica di queste merci riprende la via del ritorno: il triangolo Africa-Europa- America si chiude.<\/p>\n<p style=\"text-align: justify;\">Molto spesso il capitano deve sostituire parte dell\u2019equipaggio anch\u2019esso falcidiato dalla durezza del viaggio. Molte imprese schiaviste organizzano sia in Africa che nei luoghi di destinazione accampamenti fortificati che rassomigliano per disegno &#8211; sia pur in forma assai dimessa &#8211; a quelle di Vauban o della trattatistica rinascimentale rivisitata dai gesuiti nella loro opera di evangelizzazione del nuovo mondo.<\/p>\n<p style=\"text-align: justify;\">Visitando questa mostra possiamo conoscere non solo i mezzi di trasporto, il porto di partenza e quelli di arrivo, ma vedere i ceppi per polsi e caviglie, gli strumenti di tortura, i diari di bordo, le rotte adottate, i contratti di assicurazione, quelli di vendita e di acquisto: da essi risulta che tra il XVIII e XIX secolo circa la met\u00e0 del traffico negriero intrapreso da armatori francesi fece capo a Nantes, l\u2019altro diviso tra Bordeaux, le Havre e la Rochelle.<\/p>\n<p style=\"text-align: justify;\">Dunque Nantes che pure ha un suo posto nella storia per l\u2019editto con il quale Enrico IV dava libert\u00e0 di culto ai protestanti, guadagn\u00f2 un primato nella tratta degli schiavi. <em>Gli anni della memoria<\/em>, questo il titolo della mostra aperta fino a febbraio, \u00e8 dunque una sorta di autocoscienza collettiva svolta dalla citt\u00e0 nei confronti della sua storia ed \u00e8 molto istruttivo seguire le vicende di alcune di queste famiglie di armatori.<\/p>\n<p style=\"text-align: justify;\">Caso esemplare quello di Guillaume Grou che nel corso di una decina d\u2019anni considerati tra i pi\u00f9 fruttuosi per questo commercio &#8211; tra il 1730 ed il 1740 &#8211; accumul\u00f2 enormi ricchezze: dagli anni venti fino al 1761 la sua famiglia allest\u00ec cinquanta spedizioni negriere e il patriarca prima di morire volle salvarsi l\u2019anima e lasci\u00f2 una fortuna all\u2019Ospedale di Nantes per gli orfanelli. L\u2019HotelGrou \u00e8 ancora oggi una delle pi\u00f9 eleganti dimore dell\u2019Isola Feydeau: nella piazza della Petite-Hollande si affaccia il piano nobile con dieci stanze, servizi e nove domestici.<\/p>\n<p style=\"text-align: justify;\">Nel corso della Rivoluzione francese quello della schiavit\u00f9 fu un tema scottante, ma solo il 4 febbraio del 1794 la Convenzione l\u2019abol\u00ec in tutte le colonie francesi. I traffici di fatto continuarono: d\u2019altronde Napoleone nel 1802 invi\u00f2 truppe a San Domingo per ristabilire il potere francese dopo una rivolta e, con esso, la schiavit\u00f9 che rimase operante fino a met\u00e0 secolo.<\/p>\n<p style=\"text-align: justify;\">L\u2019iconografia che illustra questo dibattito \u00e8 di per s\u00e9 significativa dei diversi e persino opposti sentimenti che si confrontano: Nantes, per meglio dire la vicina Angers, diede pure i natali all\u2019Abate Gregoire che dal 1981 riposa nel Panth\u00e9on a Parigi assieme a Monge e ai Condorcet, per essere stato uno dei pi\u00f9 convinti assertori durante la Convenzione dell\u2019abolizione della schiavit\u00f9. Il busto severo scolpito da David d\u2019Angers ci ammonisce, alla fine di questo itinerario, che il secolo dei Lumi ha soffitte buie e sordide.<\/p>\n","protected":false},"excerpt":{"rendered":"<p>Articolo pubblicato su Il Corriere della Sera del 3 dicembre 1993 La storia della tratta in una mostra a Nantes di Cesare De Seta<\/p><p><a class=\"more-link btn\" href=\"https:\/\/www.rassegnastampa-totustuus.it\/cattolica\/passava-dalla-francia-dei-lumi-la-torbida-rotta-degli-schiavi\/\">Continua a leggere<\/a><\/p>\n","protected":false},"author":6,"featured_media":30088,"comment_status":"closed","ping_status":"open","sticky":false,"template":"","format":"standard","meta":{"footnotes":""},"categories":[39,24],"tags":[945,944],"class_list":["post-1231","post","type-post","status-publish","format-standard","has-post-thumbnail","hentry","category-africa","category-storia","tag-illuminismo","tag-schiavismo","item-wrap"],"yoast_head":"<!-- This site is optimized with the Yoast SEO plugin v27.5 - https:\/\/yoast.com\/product\/yoast-seo-wordpress\/ -->\n<title>Passava dalla Francia dei Lumi la torbida rotta degli schiavi - Rassegna Stampa Cattolica<\/title>\n<meta name=\"description\" content=\"Rassegna Stampa Cattolica - Per una cultura che nasce dalla Rivelazione cristiana in conformit\u00e0 alla tradizione e al Magistero della Chiesa in opposizione ad ogni relativismo e totalitarismo\" \/>\n<meta name=\"robots\" content=\"index, follow, max-snippet:-1, max-image-preview:large, max-video-preview:-1\" \/>\n<link rel=\"canonical\" href=\"https:\/\/www.rassegnastampa-totustuus.it\/cattolica\/passava-dalla-francia-dei-lumi-la-torbida-rotta-degli-schiavi\/\" \/>\n<meta property=\"og:locale\" content=\"it_IT\" \/>\n<meta property=\"og:type\" content=\"article\" \/>\n<meta property=\"og:title\" content=\"Passava dalla Francia dei Lumi la torbida rotta degli schiavi - Rassegna Stampa Cattolica\" \/>\n<meta property=\"og:description\" content=\"Rassegna Stampa Cattolica - Per una cultura che nasce dalla Rivelazione cristiana in conformit\u00e0 alla tradizione e al Magistero della Chiesa in opposizione ad ogni relativismo e totalitarismo\" \/>\n<meta property=\"og:url\" content=\"https:\/\/www.rassegnastampa-totustuus.it\/cattolica\/passava-dalla-francia-dei-lumi-la-torbida-rotta-degli-schiavi\/\" \/>\n<meta property=\"og:site_name\" content=\"Rassegna Stampa Cattolica\" \/>\n<meta property=\"article:publisher\" content=\"https:\/\/www.facebook.com\/rassegnastampacattolica\" \/>\n<meta property=\"article:published_time\" content=\"2005-08-30T22:00:00+00:00\" \/>\n<meta property=\"article:modified_time\" content=\"2016-02-01T08:27:46+00:00\" \/>\n<meta property=\"og:image\" content=\"https:\/\/www.rassegnastampa-totustuus.it\/cattolica\/wp-content\/uploads\/2005\/08\/schiavi.jpg\" \/>\n\t<meta property=\"og:image:width\" content=\"248\" \/>\n\t<meta property=\"og:image:height\" content=\"194\" \/>\n\t<meta property=\"og:image:type\" content=\"image\/jpeg\" \/>\n<meta name=\"author\" content=\"Redazione\" \/>\n<meta name=\"twitter:card\" content=\"summary_large_image\" \/>\n<meta name=\"twitter:creator\" content=\"@rassegnastampa9\" \/>\n<meta name=\"twitter:site\" content=\"@rassegnastampa9\" \/>\n<meta name=\"twitter:label1\" content=\"Scritto da\" \/>\n\t<meta name=\"twitter:data1\" content=\"Redazione\" \/>\n\t<meta name=\"twitter:label2\" content=\"Tempo di lettura stimato\" \/>\n\t<meta name=\"twitter:data2\" content=\"5 minuti\" \/>\n<script type=\"application\/ld+json\" class=\"yoast-schema-graph\">{\"@context\":\"https:\\\/\\\/schema.org\",\"@graph\":[{\"@type\":\"Article\",\"@id\":\"https:\\\/\\\/www.rassegnastampa-totustuus.it\\\/cattolica\\\/passava-dalla-francia-dei-lumi-la-torbida-rotta-degli-schiavi\\\/#article\",\"isPartOf\":{\"@id\":\"https:\\\/\\\/www.rassegnastampa-totustuus.it\\\/cattolica\\\/passava-dalla-francia-dei-lumi-la-torbida-rotta-degli-schiavi\\\/\"},\"author\":{\"name\":\"Redazione\",\"@id\":\"https:\\\/\\\/www.rassegnastampa-totustuus.it\\\/cattolica\\\/#\\\/schema\\\/person\\\/08f319d2bd1a0904ad9e2bfb7b15e5c3\"},\"headline\":\"Passava dalla Francia dei Lumi la torbida rotta degli schiavi\",\"datePublished\":\"2005-08-30T22:00:00+00:00\",\"dateModified\":\"2016-02-01T08:27:46+00:00\",\"mainEntityOfPage\":{\"@id\":\"https:\\\/\\\/www.rassegnastampa-totustuus.it\\\/cattolica\\\/passava-dalla-francia-dei-lumi-la-torbida-rotta-degli-schiavi\\\/\"},\"wordCount\":1052,\"publisher\":{\"@id\":\"https:\\\/\\\/www.rassegnastampa-totustuus.it\\\/cattolica\\\/#organization\"},\"image\":{\"@id\":\"https:\\\/\\\/www.rassegnastampa-totustuus.it\\\/cattolica\\\/passava-dalla-francia-dei-lumi-la-torbida-rotta-degli-schiavi\\\/#primaryimage\"},\"thumbnailUrl\":\"https:\\\/\\\/www.rassegnastampa-totustuus.it\\\/cattolica\\\/wp-content\\\/uploads\\\/2005\\\/08\\\/schiavi.jpg\",\"keywords\":[\"illuminismo\",\"schiavismo\"],\"articleSection\":[\"Africa\",\"Storia\"],\"inLanguage\":\"it-IT\"},{\"@type\":\"WebPage\",\"@id\":\"https:\\\/\\\/www.rassegnastampa-totustuus.it\\\/cattolica\\\/passava-dalla-francia-dei-lumi-la-torbida-rotta-degli-schiavi\\\/\",\"url\":\"https:\\\/\\\/www.rassegnastampa-totustuus.it\\\/cattolica\\\/passava-dalla-francia-dei-lumi-la-torbida-rotta-degli-schiavi\\\/\",\"name\":\"Passava dalla Francia dei Lumi la torbida rotta degli schiavi - Rassegna Stampa Cattolica\",\"isPartOf\":{\"@id\":\"https:\\\/\\\/www.rassegnastampa-totustuus.it\\\/cattolica\\\/#website\"},\"primaryImageOfPage\":{\"@id\":\"https:\\\/\\\/www.rassegnastampa-totustuus.it\\\/cattolica\\\/passava-dalla-francia-dei-lumi-la-torbida-rotta-degli-schiavi\\\/#primaryimage\"},\"image\":{\"@id\":\"https:\\\/\\\/www.rassegnastampa-totustuus.it\\\/cattolica\\\/passava-dalla-francia-dei-lumi-la-torbida-rotta-degli-schiavi\\\/#primaryimage\"},\"thumbnailUrl\":\"https:\\\/\\\/www.rassegnastampa-totustuus.it\\\/cattolica\\\/wp-content\\\/uploads\\\/2005\\\/08\\\/schiavi.jpg\",\"datePublished\":\"2005-08-30T22:00:00+00:00\",\"dateModified\":\"2016-02-01T08:27:46+00:00\",\"description\":\"Rassegna Stampa Cattolica - Per una cultura che nasce dalla Rivelazione cristiana in conformit\u00e0 alla tradizione e al Magistero della Chiesa in opposizione ad ogni relativismo e totalitarismo\",\"breadcrumb\":{\"@id\":\"https:\\\/\\\/www.rassegnastampa-totustuus.it\\\/cattolica\\\/passava-dalla-francia-dei-lumi-la-torbida-rotta-degli-schiavi\\\/#breadcrumb\"},\"inLanguage\":\"it-IT\",\"potentialAction\":[{\"@type\":\"ReadAction\",\"target\":[\"https:\\\/\\\/www.rassegnastampa-totustuus.it\\\/cattolica\\\/passava-dalla-francia-dei-lumi-la-torbida-rotta-degli-schiavi\\\/\"]}]},{\"@type\":\"ImageObject\",\"inLanguage\":\"it-IT\",\"@id\":\"https:\\\/\\\/www.rassegnastampa-totustuus.it\\\/cattolica\\\/passava-dalla-francia-dei-lumi-la-torbida-rotta-degli-schiavi\\\/#primaryimage\",\"url\":\"https:\\\/\\\/www.rassegnastampa-totustuus.it\\\/cattolica\\\/wp-content\\\/uploads\\\/2005\\\/08\\\/schiavi.jpg\",\"contentUrl\":\"https:\\\/\\\/www.rassegnastampa-totustuus.it\\\/cattolica\\\/wp-content\\\/uploads\\\/2005\\\/08\\\/schiavi.jpg\",\"width\":248,\"height\":194},{\"@type\":\"BreadcrumbList\",\"@id\":\"https:\\\/\\\/www.rassegnastampa-totustuus.it\\\/cattolica\\\/passava-dalla-francia-dei-lumi-la-torbida-rotta-degli-schiavi\\\/#breadcrumb\",\"itemListElement\":[{\"@type\":\"ListItem\",\"position\":1,\"name\":\"Home\",\"item\":\"https:\\\/\\\/www.rassegnastampa-totustuus.it\\\/cattolica\\\/\"},{\"@type\":\"ListItem\",\"position\":2,\"name\":\"Passava dalla Francia dei Lumi la torbida rotta degli schiavi\"}]},{\"@type\":\"WebSite\",\"@id\":\"https:\\\/\\\/www.rassegnastampa-totustuus.it\\\/cattolica\\\/#website\",\"url\":\"https:\\\/\\\/www.rassegnastampa-totustuus.it\\\/cattolica\\\/\",\"name\":\"Rassegna Stampa Cattolica\",\"description\":\"Per una cultura che nasce dalla Rivelazione cristiana in conformit\u00e0 alla tradizione e al Magistero della Chiesa in opposizione ad ogni relativismo e totalitarismo\",\"publisher\":{\"@id\":\"https:\\\/\\\/www.rassegnastampa-totustuus.it\\\/cattolica\\\/#organization\"},\"alternateName\":\"Rass. Cattolica\",\"potentialAction\":[{\"@type\":\"SearchAction\",\"target\":{\"@type\":\"EntryPoint\",\"urlTemplate\":\"https:\\\/\\\/www.rassegnastampa-totustuus.it\\\/cattolica\\\/?s={search_term_string}\"},\"query-input\":{\"@type\":\"PropertyValueSpecification\",\"valueRequired\":true,\"valueName\":\"search_term_string\"}}],\"inLanguage\":\"it-IT\"},{\"@type\":\"Organization\",\"@id\":\"https:\\\/\\\/www.rassegnastampa-totustuus.it\\\/cattolica\\\/#organization\",\"name\":\"Rassegna Stampa Cattolica\",\"url\":\"https:\\\/\\\/www.rassegnastampa-totustuus.it\\\/cattolica\\\/\",\"logo\":{\"@type\":\"ImageObject\",\"inLanguage\":\"it-IT\",\"@id\":\"https:\\\/\\\/www.rassegnastampa-totustuus.it\\\/cattolica\\\/#\\\/schema\\\/logo\\\/image\\\/\",\"url\":\"https:\\\/\\\/www.rassegnastampa-totustuus.it\\\/cattolica\\\/wp-content\\\/uploads\\\/2014\\\/04\\\/logo-rassegna1.gif\",\"contentUrl\":\"https:\\\/\\\/www.rassegnastampa-totustuus.it\\\/cattolica\\\/wp-content\\\/uploads\\\/2014\\\/04\\\/logo-rassegna1.gif\",\"width\":600,\"height\":163,\"caption\":\"Rassegna Stampa Cattolica\"},\"image\":{\"@id\":\"https:\\\/\\\/www.rassegnastampa-totustuus.it\\\/cattolica\\\/#\\\/schema\\\/logo\\\/image\\\/\"},\"sameAs\":[\"https:\\\/\\\/www.facebook.com\\\/rassegnastampacattolica\",\"https:\\\/\\\/x.com\\\/rassegnastampa9\"]},{\"@type\":\"Person\",\"@id\":\"https:\\\/\\\/www.rassegnastampa-totustuus.it\\\/cattolica\\\/#\\\/schema\\\/person\\\/08f319d2bd1a0904ad9e2bfb7b15e5c3\",\"name\":\"Redazione\",\"image\":{\"@type\":\"ImageObject\",\"inLanguage\":\"it-IT\",\"@id\":\"https:\\\/\\\/secure.gravatar.com\\\/avatar\\\/2fcdf27c78ea025fbdb44e914cc63c72249ffec9dc8aafd5c82b26240ef3f346?s=96&d=mm&r=g\",\"url\":\"https:\\\/\\\/secure.gravatar.com\\\/avatar\\\/2fcdf27c78ea025fbdb44e914cc63c72249ffec9dc8aafd5c82b26240ef3f346?s=96&d=mm&r=g\",\"contentUrl\":\"https:\\\/\\\/secure.gravatar.com\\\/avatar\\\/2fcdf27c78ea025fbdb44e914cc63c72249ffec9dc8aafd5c82b26240ef3f346?s=96&d=mm&r=g\",\"caption\":\"Redazione\"},\"url\":\"https:\\\/\\\/www.rassegnastampa-totustuus.it\\\/cattolica\\\/author\\\/pietroelle\\\/\"}]}<\/script>\n<!-- \/ Yoast SEO plugin. -->","yoast_head_json":{"title":"Passava dalla Francia dei Lumi la torbida rotta degli schiavi - Rassegna Stampa Cattolica","description":"Rassegna Stampa Cattolica - Per una cultura che nasce dalla Rivelazione cristiana in conformit\u00e0 alla tradizione e al Magistero della Chiesa in opposizione ad ogni relativismo e totalitarismo","robots":{"index":"index","follow":"follow","max-snippet":"max-snippet:-1","max-image-preview":"max-image-preview:large","max-video-preview":"max-video-preview:-1"},"canonical":"https:\/\/www.rassegnastampa-totustuus.it\/cattolica\/passava-dalla-francia-dei-lumi-la-torbida-rotta-degli-schiavi\/","og_locale":"it_IT","og_type":"article","og_title":"Passava dalla Francia dei Lumi la torbida rotta degli schiavi - Rassegna Stampa Cattolica","og_description":"Rassegna Stampa Cattolica - Per una cultura che nasce dalla Rivelazione cristiana in conformit\u00e0 alla tradizione e al Magistero della Chiesa in opposizione ad ogni relativismo e totalitarismo","og_url":"https:\/\/www.rassegnastampa-totustuus.it\/cattolica\/passava-dalla-francia-dei-lumi-la-torbida-rotta-degli-schiavi\/","og_site_name":"Rassegna Stampa Cattolica","article_publisher":"https:\/\/www.facebook.com\/rassegnastampacattolica","article_published_time":"2005-08-30T22:00:00+00:00","article_modified_time":"2016-02-01T08:27:46+00:00","og_image":[{"width":248,"height":194,"url":"https:\/\/www.rassegnastampa-totustuus.it\/cattolica\/wp-content\/uploads\/2005\/08\/schiavi.jpg","type":"image\/jpeg"}],"author":"Redazione","twitter_card":"summary_large_image","twitter_creator":"@rassegnastampa9","twitter_site":"@rassegnastampa9","twitter_misc":{"Scritto da":"Redazione","Tempo di lettura stimato":"5 minuti"},"schema":{"@context":"https:\/\/schema.org","@graph":[{"@type":"Article","@id":"https:\/\/www.rassegnastampa-totustuus.it\/cattolica\/passava-dalla-francia-dei-lumi-la-torbida-rotta-degli-schiavi\/#article","isPartOf":{"@id":"https:\/\/www.rassegnastampa-totustuus.it\/cattolica\/passava-dalla-francia-dei-lumi-la-torbida-rotta-degli-schiavi\/"},"author":{"name":"Redazione","@id":"https:\/\/www.rassegnastampa-totustuus.it\/cattolica\/#\/schema\/person\/08f319d2bd1a0904ad9e2bfb7b15e5c3"},"headline":"Passava dalla Francia dei Lumi la torbida rotta degli schiavi","datePublished":"2005-08-30T22:00:00+00:00","dateModified":"2016-02-01T08:27:46+00:00","mainEntityOfPage":{"@id":"https:\/\/www.rassegnastampa-totustuus.it\/cattolica\/passava-dalla-francia-dei-lumi-la-torbida-rotta-degli-schiavi\/"},"wordCount":1052,"publisher":{"@id":"https:\/\/www.rassegnastampa-totustuus.it\/cattolica\/#organization"},"image":{"@id":"https:\/\/www.rassegnastampa-totustuus.it\/cattolica\/passava-dalla-francia-dei-lumi-la-torbida-rotta-degli-schiavi\/#primaryimage"},"thumbnailUrl":"https:\/\/www.rassegnastampa-totustuus.it\/cattolica\/wp-content\/uploads\/2005\/08\/schiavi.jpg","keywords":["illuminismo","schiavismo"],"articleSection":["Africa","Storia"],"inLanguage":"it-IT"},{"@type":"WebPage","@id":"https:\/\/www.rassegnastampa-totustuus.it\/cattolica\/passava-dalla-francia-dei-lumi-la-torbida-rotta-degli-schiavi\/","url":"https:\/\/www.rassegnastampa-totustuus.it\/cattolica\/passava-dalla-francia-dei-lumi-la-torbida-rotta-degli-schiavi\/","name":"Passava dalla Francia dei Lumi la torbida rotta degli schiavi - Rassegna Stampa Cattolica","isPartOf":{"@id":"https:\/\/www.rassegnastampa-totustuus.it\/cattolica\/#website"},"primaryImageOfPage":{"@id":"https:\/\/www.rassegnastampa-totustuus.it\/cattolica\/passava-dalla-francia-dei-lumi-la-torbida-rotta-degli-schiavi\/#primaryimage"},"image":{"@id":"https:\/\/www.rassegnastampa-totustuus.it\/cattolica\/passava-dalla-francia-dei-lumi-la-torbida-rotta-degli-schiavi\/#primaryimage"},"thumbnailUrl":"https:\/\/www.rassegnastampa-totustuus.it\/cattolica\/wp-content\/uploads\/2005\/08\/schiavi.jpg","datePublished":"2005-08-30T22:00:00+00:00","dateModified":"2016-02-01T08:27:46+00:00","description":"Rassegna Stampa Cattolica - Per una cultura che nasce dalla Rivelazione cristiana in conformit\u00e0 alla tradizione e al Magistero della Chiesa in opposizione ad ogni relativismo e totalitarismo","breadcrumb":{"@id":"https:\/\/www.rassegnastampa-totustuus.it\/cattolica\/passava-dalla-francia-dei-lumi-la-torbida-rotta-degli-schiavi\/#breadcrumb"},"inLanguage":"it-IT","potentialAction":[{"@type":"ReadAction","target":["https:\/\/www.rassegnastampa-totustuus.it\/cattolica\/passava-dalla-francia-dei-lumi-la-torbida-rotta-degli-schiavi\/"]}]},{"@type":"ImageObject","inLanguage":"it-IT","@id":"https:\/\/www.rassegnastampa-totustuus.it\/cattolica\/passava-dalla-francia-dei-lumi-la-torbida-rotta-degli-schiavi\/#primaryimage","url":"https:\/\/www.rassegnastampa-totustuus.it\/cattolica\/wp-content\/uploads\/2005\/08\/schiavi.jpg","contentUrl":"https:\/\/www.rassegnastampa-totustuus.it\/cattolica\/wp-content\/uploads\/2005\/08\/schiavi.jpg","width":248,"height":194},{"@type":"BreadcrumbList","@id":"https:\/\/www.rassegnastampa-totustuus.it\/cattolica\/passava-dalla-francia-dei-lumi-la-torbida-rotta-degli-schiavi\/#breadcrumb","itemListElement":[{"@type":"ListItem","position":1,"name":"Home","item":"https:\/\/www.rassegnastampa-totustuus.it\/cattolica\/"},{"@type":"ListItem","position":2,"name":"Passava dalla Francia dei Lumi la torbida rotta degli schiavi"}]},{"@type":"WebSite","@id":"https:\/\/www.rassegnastampa-totustuus.it\/cattolica\/#website","url":"https:\/\/www.rassegnastampa-totustuus.it\/cattolica\/","name":"Rassegna Stampa Cattolica","description":"Per una cultura che nasce dalla Rivelazione cristiana in conformit\u00e0 alla tradizione e al Magistero della Chiesa in opposizione ad ogni relativismo e totalitarismo","publisher":{"@id":"https:\/\/www.rassegnastampa-totustuus.it\/cattolica\/#organization"},"alternateName":"Rass. Cattolica","potentialAction":[{"@type":"SearchAction","target":{"@type":"EntryPoint","urlTemplate":"https:\/\/www.rassegnastampa-totustuus.it\/cattolica\/?s={search_term_string}"},"query-input":{"@type":"PropertyValueSpecification","valueRequired":true,"valueName":"search_term_string"}}],"inLanguage":"it-IT"},{"@type":"Organization","@id":"https:\/\/www.rassegnastampa-totustuus.it\/cattolica\/#organization","name":"Rassegna Stampa Cattolica","url":"https:\/\/www.rassegnastampa-totustuus.it\/cattolica\/","logo":{"@type":"ImageObject","inLanguage":"it-IT","@id":"https:\/\/www.rassegnastampa-totustuus.it\/cattolica\/#\/schema\/logo\/image\/","url":"https:\/\/www.rassegnastampa-totustuus.it\/cattolica\/wp-content\/uploads\/2014\/04\/logo-rassegna1.gif","contentUrl":"https:\/\/www.rassegnastampa-totustuus.it\/cattolica\/wp-content\/uploads\/2014\/04\/logo-rassegna1.gif","width":600,"height":163,"caption":"Rassegna Stampa Cattolica"},"image":{"@id":"https:\/\/www.rassegnastampa-totustuus.it\/cattolica\/#\/schema\/logo\/image\/"},"sameAs":["https:\/\/www.facebook.com\/rassegnastampacattolica","https:\/\/x.com\/rassegnastampa9"]},{"@type":"Person","@id":"https:\/\/www.rassegnastampa-totustuus.it\/cattolica\/#\/schema\/person\/08f319d2bd1a0904ad9e2bfb7b15e5c3","name":"Redazione","image":{"@type":"ImageObject","inLanguage":"it-IT","@id":"https:\/\/secure.gravatar.com\/avatar\/2fcdf27c78ea025fbdb44e914cc63c72249ffec9dc8aafd5c82b26240ef3f346?s=96&d=mm&r=g","url":"https:\/\/secure.gravatar.com\/avatar\/2fcdf27c78ea025fbdb44e914cc63c72249ffec9dc8aafd5c82b26240ef3f346?s=96&d=mm&r=g","contentUrl":"https:\/\/secure.gravatar.com\/avatar\/2fcdf27c78ea025fbdb44e914cc63c72249ffec9dc8aafd5c82b26240ef3f346?s=96&d=mm&r=g","caption":"Redazione"},"url":"https:\/\/www.rassegnastampa-totustuus.it\/cattolica\/author\/pietroelle\/"}]}},"_links":{"self":[{"href":"https:\/\/www.rassegnastampa-totustuus.it\/cattolica\/wp-json\/wp\/v2\/posts\/1231","targetHints":{"allow":["GET"]}}],"collection":[{"href":"https:\/\/www.rassegnastampa-totustuus.it\/cattolica\/wp-json\/wp\/v2\/posts"}],"about":[{"href":"https:\/\/www.rassegnastampa-totustuus.it\/cattolica\/wp-json\/wp\/v2\/types\/post"}],"author":[{"embeddable":true,"href":"https:\/\/www.rassegnastampa-totustuus.it\/cattolica\/wp-json\/wp\/v2\/users\/6"}],"replies":[{"embeddable":true,"href":"https:\/\/www.rassegnastampa-totustuus.it\/cattolica\/wp-json\/wp\/v2\/comments?post=1231"}],"version-history":[{"count":4,"href":"https:\/\/www.rassegnastampa-totustuus.it\/cattolica\/wp-json\/wp\/v2\/posts\/1231\/revisions"}],"predecessor-version":[{"id":30089,"href":"https:\/\/www.rassegnastampa-totustuus.it\/cattolica\/wp-json\/wp\/v2\/posts\/1231\/revisions\/30089"}],"wp:featuredmedia":[{"embeddable":true,"href":"https:\/\/www.rassegnastampa-totustuus.it\/cattolica\/wp-json\/wp\/v2\/media\/30088"}],"wp:attachment":[{"href":"https:\/\/www.rassegnastampa-totustuus.it\/cattolica\/wp-json\/wp\/v2\/media?parent=1231"}],"wp:term":[{"taxonomy":"category","embeddable":true,"href":"https:\/\/www.rassegnastampa-totustuus.it\/cattolica\/wp-json\/wp\/v2\/categories?post=1231"},{"taxonomy":"post_tag","embeddable":true,"href":"https:\/\/www.rassegnastampa-totustuus.it\/cattolica\/wp-json\/wp\/v2\/tags?post=1231"}],"curies":[{"name":"wp","href":"https:\/\/api.w.org\/{rel}","templated":true}]}}