{"id":1228,"date":"2005-08-31T00:00:00","date_gmt":"2005-08-30T22:00:00","guid":{"rendered":""},"modified":"2015-11-26T12:58:07","modified_gmt":"2015-11-26T11:58:07","slug":"la-riconquista-cristiana-del-mediterraneo-nei-secoli-xi-e-xii","status":"publish","type":"post","link":"https:\/\/www.rassegnastampa-totustuus.it\/cattolica\/la-riconquista-cristiana-del-mediterraneo-nei-secoli-xi-e-xii\/","title":{"rendered":"La riconquista cristiana del Mediterraneo nei secoli XI e XII"},"content":{"rendered":"<div style=\"text-align: center;\">I.D.I.S. &#8211; Istituto per la Dottrina e l&#8217;Informazione Sociale<\/div>\n<p style=\"text-align: center;\"><strong>Voci per un Dizionario del Pensiero Forte<\/strong><\/p>\n<p style=\"text-align: center;\"><a href=\"https:\/\/www.rassegnastampa-totustuus.it\/cattolica\/wp-content\/uploads\/2005\/08\/repubbliche-marinare.jpg\"><img loading=\"lazy\" decoding=\"async\" class=\"aligncenter wp-image-28075\" src=\"https:\/\/www.rassegnastampa-totustuus.it\/cattolica\/wp-content\/uploads\/2005\/08\/repubbliche-marinare.jpg\" alt=\"repubbliche-marinare\" width=\"250\" height=\"237\" \/><\/a><\/p>\n<p style=\"text-align: center;\">di <strong>Marco Tangheroni<\/strong><\/p>\n<p><!--more--><\/p>\n<div style=\"text-align: justify;\"><strong>1. Il Medirerraneo &#8220;mare musulmano&#8221;<\/strong><\/div>\n<p style=\"text-align: justify;\">Ibn Khaldun (1332-1406) &#8211; il maggior storico arabo &#8211; cos\u00ec ripensava alla grandezza della potenza navale musulmana nel Mediterraneo nel secolo X e al successivo declino: &#8220;I musulmani avevano raggiunto il controllo su tutto il Mediterraneo. Il loro potere e il loro dominio su di esso furono grandi e nulla potevano i cristiani contro le flotte musulmane in nessuna sua parte. [&#8230;] i cristiani erano obbligati a passare con le loro navi nella parte nord-est del Mediterraneo, per toccare le regioni marittime appartenenti ai franchi e agli slavi e alle isole romane. La flotta dei musulmani si accaniva su quelle dei cristiani come il leone si accanisce sulla sua preda&#8221;.Ma in seguito, per l&#8217;azione delle flotte cristiane, &#8220;[&#8230;] i musulmani divennero stranieri al Mediterraneo. La sola eccezione era costituita da pochi abitanti delle regioni costiere, ancora attivi sul mare&#8221;. In effetti, nel corso di cento anni, dall&#8217;inizio del secolo XI all&#8217;inizio del XII, il cambiamento \u00e8 spettacolare e radicale. Come scrive lo storico francese Robert Fossier, &#8220;la riconquista del Tirreno costituisce un evento fondamentale nella storia dell&#8217;Europa medievale&#8221;.<\/p>\n<p style=\"text-align: justify;\">Ne sono protagonisti, con le loro navi, pisani e genovesi, con una serie di imprese navali, dapprima volte a contenere le marinerie islamiche, poi, ben presto, miranti a imporre la loro superiorit\u00e0. Soltanto nel secolo XII, una volta raggiunto il risultato, le due repubbliche marinare diventano nemiche fra loro, aprendo cos\u00ec duecento anni di rivalit\u00e0 e di conflitti, destinati a risolversi con la definitiva affermazione della superiorit\u00e0 della repubblica ligure.<\/p>\n<p style=\"text-align: justify;\">Va ricordato che nel secolo IX, forti della loro superiorit\u00e0 marittima, i saraceni erano arrivati, oltre che a conquistare la Sicilia e a isolare la Sardegna, a costituire un emirato a Bari (840-870), a installarsi alle foci del Garigliano e, da qui, a compiere scorrerie contro la stessa Roma &#8211; con l&#8217;attacco alle basiliche di San Pietro e di San Paolo fuori le Mura nell&#8217;846 -, a insediarsi a lungo in Provenza. Lungo le coste rimaste cristiane sopravviveva soltanto una limitata attivit\u00e0 di piccolo cabotaggio.<\/p>\n<p style=\"text-align: justify;\">Solo la Repubblica di Venezia e il Ducato di Amalfi rimanevano attivi sul mare, la prima collegata a Costantinopoli, sia pure non senza pericoli, attraverso l&#8217;Adriatico e lo Ionio, il secondo inserito piuttosto, come capolinea cristiano, nel sistema economico-marittimo del mondo islamico.<\/p>\n<p style=\"text-align: justify;\"><strong>2. Quasi una crociata: le spedizioni di pisani e di genovesi nel Mediterraneo Occidentale<\/strong><\/p>\n<p style=\"text-align: justify;\">Nel 1015-1016, sollecitate da Papa Benedetto VIII (1012-1024), Pisa e Genova intervengono con successo in Sardegna, dove al-Mugiahid (?-1044), signore della citt\u00e0 di Denia &#8211; oggi nella provincia spagnola di Alicante -, e anche delle Baleari, tentava di colonizzare almeno parte dell&#8217;isola e di costituire un potente Stato marittimo. Dopo questa prima vittoria &#8211; che apre la strada alla penetrazione pisana e genovese in Sardegna &#8211; nel 1034 gli audaci marinai e guerrieri della citt\u00e0 toscana attaccano vittoriosamente la citt\u00e0 africana di Bona &#8211; oggi il porto algerino di Annaba &#8211; e nel 1064 Palermo, ancora musulmana.<\/p>\n<p style=\"text-align: justify;\">Quindi decidono di investire le ricchezze ottenute con il saccheggio del porto della citt\u00e0 siciliana nell&#8217;avvio della costruzione della grande cattedrale intorno alla quale, nei secoli, verr\u00e0 edificato un complesso di edifici non a torto paragonato, per la sua capacit\u00e0 di esprimere compiutamente una civilt\u00e0, alla collina del Partenone di Atene.<\/p>\n<p style=\"text-align: justify;\">Nel 1087 Pisa e Genova guidano, contro l&#8217;allora importantissima citt\u00e0 africana di al-Mahdiya &#8211; oggi piccolo porto tunisino -, che secondo Giuseppe Scalia &#8220;[&#8230;] rappresentava il pi\u00f9 serio pericolo per la sicurezza del commercio marittimo&#8221;, una grande spedizione della quale facevano parte anche amalfitani, romani e altri contingenti italiani. Le fonti arabe pi\u00f9 affidabili parlano di trecento navi e di trentamila uomini.<\/p>\n<p style=\"text-align: justify;\">La spedizione si conclude con una straordinaria vittoria, che stupisce i contemporanei per l&#8217;imponenza delle difese della citt\u00e0, e ha alcune caratteristiche che l&#8217;avvicinano alla prima crociata, svoltasi pochi anni dopo: il suo carattere marcatamente religioso, la sollecitazione da parte di Papa Vittore III (1086-1087) e il signum Petri, il &#8220;segno di Pietro&#8221; &#8211; quasi certamente la croce &#8211; posto sulle bisacce dei partecipanti.<\/p>\n<p style=\"text-align: justify;\">A Pisa, un poeta anonimo compone un elegante poemetto in latino, il <em>Carmen in victoriam Pisanorum<\/em>, ricco di citazioni classiche e bibliche, nel quale sottolinea sia la ripresa della &#8220;romanit\u00e0&#8221;, sia lo spirito religioso dell&#8217;impresa.<\/p>\n<p style=\"text-align: justify;\">Ecco, per esempio, l&#8217;inizio: &#8220;Inclitorum Pisanorum scripturus istoriam, \/ antiquorum Romanorum renovo memoriam: \/ nam extendit modo Pisa laudem admirabilem, \/ quam recepit olim Roma vincendo Carthaginem&#8221;, &#8220;Scrivendo la storia degli illustri pisani, rinnovo la memoria degli antichi romani: infatti ora Pisa continua la mirabile gloria che ebbe un tempo Roma vincendo Cartagine&#8221;.<\/p>\n<p style=\"text-align: justify;\">E, per l&#8217;aspetto religioso, fra i molti passi che vi insistono, si possono citare i versi 43-44: &#8220;Non curant de vita mundi nec de suis filiis \/ pro amore Redemptoris se donant periculis&#8221;, &#8220;Non si preoccupano della vita terrena o dei figli, per amore del Redentore si gettano nei pericoli&#8221;.<\/p>\n<p style=\"text-align: justify;\">Non sono mancati storici che hanno considerato queste imprese marittime come ispirate da sole motivazioni economiche, come se l&#8217;aspetto religioso fosse stato soltanto una specie di travestimento, una sovrastruttura ideologica. Ma si tratta di un&#8217;operazione metodologicamente scorretta, perch\u00e9 non \u00e8 lecito ignorare il consenso unanime delle fonti. \u00c8 significativo che, con i proventi della spedizione, i pisani decidessero di costruire una chiesa intitolata a Papa san Sisto II (257-258): una vera e propria &#8220;chiesa civica&#8221;, nella quale si terranno per secoli le riunioni degli organi ristretti di governo, mentre quelle del Consiglio Generale avranno come sede abituale la cattedrale.<\/p>\n<p style=\"text-align: justify;\">Si deve pure ricordare che uno degli obiettivi delle spedizioni era poi sempre quello di liberare le centinaia o migliaia di schiavi cristiani nelle mani dei saraceni. Ci\u00f2 non significa che i risultati conseguiti anche dal punto di vista economico e da quello politico non fossero notevoli, tanto pi\u00f9 che contemporaneamente, nella seconda met\u00e0 del secolo XI, i normanni procedono alla riconquista della Sicilia, islamizzata da circa duecento anni. Pisani e genovesi si preoccupano indubbiamente di ottenere favorevoli condizioni doganali per i loro traffici e la concessione di edifici loro riservati, i &#8220;fondaci&#8221;, con una chiesa, un forno, case, bagni e magazzini.<\/p>\n<p style=\"text-align: justify;\"><strong>3. Le repubbliche marinare italiane a fianco dei crociati<\/strong><\/p>\n<p style=\"text-align: justify;\">Alla fine del secolo XI l&#8217;appello lanciato da Papa beato Urbano II (1088-1099), alla fine del concilio di Clermont, in Francia, nel novembre del 1095, perch\u00e9 i cavalieri cristiani intervenissero in aiuto dei fratelli orientali e dei pellegrini in Terrasanta, minacciati gli uni e gli altri dall&#8217;espansione dei turchi selgiuchidi, apre nuove prospettive anche a Pisa e Genova, i cui mercanti-navigatori avevano gi\u00e0 saltuari contatti con l&#8217;Oriente, in particolare con l&#8217;Egitto.<\/p>\n<p style=\"text-align: justify;\">Daiberto, arcivescovo di Pisa (vescovo dal 1088, arcivescovo dal 1092-1107), uno dei consiglieri pi\u00f9 vicini al Papa, viene incaricato di organizzare gli indispensabili soccorsi navali. Una prima flotta parte da Genova nel 1098 e ha una parte importante nell&#8217;ultima fase della spedizione crociata; una seconda, forte di ben centoventi navi, muove l&#8217;anno successivo da Pisa e, giunta in Terrasanta poco dopo la conquista di Gerusalemme, ha un ruolo decisivo nella conquista delle citt\u00e0 marittime e nell&#8217;assicurare il mantenimento della Citt\u00e0 Santa. Anche Venezia, in un primo tempo incerta a causa dei suoi stretti legami con l&#8217;impero bizantino, organizza una potente flotta che prende a operare nelle acque siro-palestinesi.<\/p>\n<p style=\"text-align: justify;\">Dunque, le citt\u00e0 marinare non sostengono la prima crociata alla ricerca di nuovi mercati, come talora si ripete; ma \u00e8 pi\u00f9 corretto dire che la prima crociata apre loro nuove possibilit\u00e0 di espansione economica. In cambio del sostegno agli Stati &#8220;latini&#8221;, instaurati in Terrasanta dai crociati, esse ottengono concessioni di favorevoli condizioni commerciali e di quartieri nelle citt\u00e0 della costa. Nei primi anni del secolo XII le flotte cristiane impongono la propria superiorit\u00e0 anche nel Mediterraneo Orientale, riducendo l&#8217;azione delle navi musulmane a una semplice, anche se fastidiosa, guerra di corsa.<\/p>\n<p style=\"text-align: justify;\">Nel 1113-1115 Pisa rivolge nuovamente la sua attenzione al Mediterraneo Occidentale, dando vita alla pi\u00f9 imponente delle sue spedizioni navali: quella per la conquista di Maiorca, base principale della pirateria islamica, nella quale era tenuto in condizioni di schiavit\u00f9 un gran numero di prigionieri cristiani. L&#8217;impresa, di enorme difficolt\u00e0 anche dal punto di vista tecnico &#8211; si pensi alla necessit\u00e0 di trasportare a grande distanza non solo molti uomini, ma pure un buon numero di cavalli -, \u00e8 felicemente condotta a termine grazie all&#8217;alleanza con Raimondo Berengario III il Grande, conte di Barcellona dal 1096 al 1131, con la conquista dell&#8217;isola e della munitissima capitale.<\/p>\n<p style=\"text-align: justify;\">Per la verit\u00e0, Maiorca \u00e8 di l\u00ec a poco riconquistata dai musulmani berberi Almoravidi, ma, oltre alla liberazione dei prigionieri, la spedizione era servita a stabilire definitivamente la supremazia cristiana nel Mediterraneo Occidentale. Dopo l&#8217;impresa balearica &#8211; cantata in un bel poema latino in esametri, il Liber Maiorichinus -, Pisa non prende pi\u00f9 iniziative militari importanti in quei mari. Genova si impegna ancora, verso la met\u00e0 del secolo XII, attaccando Minorca, sostenendo la conquista castigliana di Almeria e quella catalana di Tortosa, alla foce dell&#8217;Ebro (1146-1148); poi, anch&#8217;essa, si accontenta della supremazia raggiunta.<\/p>\n<p style=\"text-align: justify;\">Ormai, a una prima fase, marcata soprattutto da azioni militari, seguiva una fase di stabilizzazione dei rapporti, attraverso la stipula di regolari trattati. Una fonte araba &#8211; nota in Occidente come Livre des deux jardins perch\u00e9 giunta in versione francese &#8211; distingue bene, appunto, un primo periodo in cui pisani e genovesi &#8220;[&#8230;] erano a volte guerrieri temibili che facevano seri danni e bruciavano di un odio inestinguibile, a volte viaggiatori che si imponevano all&#8217;Islam con il commercio e sfuggivano al rigore dei regolamenti&#8221;, e un secondo periodo, nel quale erano stati conclusi trattati vantaggiosi, s\u00ec che &#8220;[&#8230;] essi ci portano come merci quelle stesse armi con cui prima ci combattevano&#8221;.<\/p>\n<p style=\"text-align: justify;\"><strong>4. Le rivalit\u00e0 fra repubbliche marinare e la perdita della supremazia<\/strong><\/p>\n<p style=\"text-align: justify;\">Ma, soprattutto, hanno conseguenze negative per la Cristianit\u00e0 le rivalit\u00e0 accesesi nel Mediterraneo fra le citt\u00e0 marinare italiane: Pisa e Genova lottano per il primato politico e di giurisdizione ecclesiastica in Corsica e in Sardegna, per quello commerciale in Provenza e in Africa, mentre in Oriente Genova e Venezia aprono un duello destinato a pesare ancora, secoli dopo, quando ai turchi selgiuchidi succedono, ancora pi\u00f9 minacciosi, i turchi ottomani.<\/p>\n<p style=\"text-align: justify;\">Tuttavia, non vanno dimenticati l&#8217;importanza delle audaci imprese marittime delle repubbliche marinare italiane, l&#8217;apporto decisivo garantito al mantenimento, per due secoli, delle posizioni crociate nel Vicino Oriente, l&#8217;impulso dato al commercio e allo sviluppo economico dell&#8217;Occidente, le sofferenze, le fatiche, le perdite umane patite in nome della fede cristiana.<\/p>\n<p style=\"text-align: justify;\"><strong>Per approfondire:<\/strong> vedi un quadro generale, in Robert Fossier, <em>Il risveglio dell&#8217;Europa. 920-1250<\/em>, trad. it., Einaudi, Torino 1985; e nel mio <em>Commercio e navigazione nel Medioevo<\/em>, Laterza, Roma-Bari 1996; aspetti particolari, nel mio <em>Pisa, l&#8217;Islam, il Mediterraneo, la prima crociata: alcune considerazioni<\/em>, in <em>Toscana e Terrasanta<\/em>, Olschki, Firenze 1980, pp. 30-55; in Giuseppe Scalia, <em>Il carme pisano sull&#8217;impresa contro i Saraceni del 1087<\/em>, in <em>Studi di filologia romanza scritti in onore di Silvio Pellegrini<\/em>, Liviana, Padova 1971, pp. 565-627; in Gabriella Airaldi, <em>Genova e la Liguria nel Medioevo<\/em>, in <em>Storia d&#8217;Italia<\/em>, diretta da Giuseppe Galasso, vol. V, UTET, Torino 1986; in G. Airaldi e Benjamin Kedar (a cura di), <em>I Comuni italiani nel Regno crociato di Gerusalemme<\/em>, Universit\u00e0 di Genova, Genova 1986.<\/p>\n","protected":false},"excerpt":{"rendered":"<p>I.D.I.S. &#8211; Istituto per la Dottrina e l&#8217;Informazione Sociale Voci per un Dizionario del Pensiero Forte di Marco Tangheroni<\/p><p><a class=\"more-link btn\" href=\"https:\/\/www.rassegnastampa-totustuus.it\/cattolica\/la-riconquista-cristiana-del-mediterraneo-nei-secoli-xi-e-xii\/\">Continua a leggere<\/a><\/p>\n","protected":false},"author":6,"featured_media":28075,"comment_status":"closed","ping_status":"open","sticky":false,"template":"","format":"standard","meta":{"footnotes":""},"categories":[16,91,24],"tags":[528],"class_list":["post-1228","post","type-post","status-publish","format-standard","has-post-thumbnail","hentry","category-islam","category-medioevo","category-storia","tag-islam-storia","item-wrap"],"yoast_head":"<!-- This site is optimized with the Yoast SEO plugin v27.5 - https:\/\/yoast.com\/product\/yoast-seo-wordpress\/ -->\n<title>La riconquista cristiana del Mediterraneo nei secoli XI e XII - Rassegna Stampa Cattolica<\/title>\n<meta name=\"description\" content=\"Rassegna Stampa Cattolica - Per una cultura che nasce dalla Rivelazione cristiana in conformit\u00e0 alla tradizione e al Magistero della Chiesa in opposizione ad ogni relativismo e totalitarismo\" \/>\n<meta name=\"robots\" content=\"index, follow, max-snippet:-1, max-image-preview:large, max-video-preview:-1\" \/>\n<link rel=\"canonical\" href=\"https:\/\/www.rassegnastampa-totustuus.it\/cattolica\/la-riconquista-cristiana-del-mediterraneo-nei-secoli-xi-e-xii\/\" \/>\n<meta property=\"og:locale\" content=\"it_IT\" \/>\n<meta property=\"og:type\" content=\"article\" \/>\n<meta property=\"og:title\" content=\"La riconquista cristiana del Mediterraneo nei secoli XI e XII - Rassegna Stampa Cattolica\" \/>\n<meta property=\"og:description\" content=\"Rassegna Stampa Cattolica - Per una cultura che nasce dalla Rivelazione cristiana in conformit\u00e0 alla tradizione e al Magistero della Chiesa in opposizione ad ogni relativismo e totalitarismo\" \/>\n<meta property=\"og:url\" content=\"https:\/\/www.rassegnastampa-totustuus.it\/cattolica\/la-riconquista-cristiana-del-mediterraneo-nei-secoli-xi-e-xii\/\" \/>\n<meta property=\"og:site_name\" content=\"Rassegna Stampa Cattolica\" \/>\n<meta property=\"article:publisher\" content=\"https:\/\/www.facebook.com\/rassegnastampacattolica\" \/>\n<meta property=\"article:published_time\" content=\"2005-08-30T22:00:00+00:00\" \/>\n<meta property=\"article:modified_time\" content=\"2015-11-26T11:58:07+00:00\" \/>\n<meta property=\"og:image\" content=\"https:\/\/www.rassegnastampa-totustuus.it\/cattolica\/wp-content\/uploads\/2005\/08\/repubbliche-marinare.jpg\" \/>\n\t<meta property=\"og:image:width\" content=\"256\" \/>\n\t<meta property=\"og:image:height\" content=\"243\" \/>\n\t<meta property=\"og:image:type\" content=\"image\/jpeg\" \/>\n<meta name=\"author\" content=\"Redazione\" \/>\n<meta name=\"twitter:card\" content=\"summary_large_image\" \/>\n<meta name=\"twitter:creator\" content=\"@rassegnastampa9\" \/>\n<meta name=\"twitter:site\" content=\"@rassegnastampa9\" \/>\n<meta name=\"twitter:label1\" content=\"Scritto da\" \/>\n\t<meta name=\"twitter:data1\" content=\"Redazione\" \/>\n\t<meta name=\"twitter:label2\" content=\"Tempo di lettura stimato\" \/>\n\t<meta name=\"twitter:data2\" content=\"9 minuti\" \/>\n<script type=\"application\/ld+json\" class=\"yoast-schema-graph\">{\"@context\":\"https:\\\/\\\/schema.org\",\"@graph\":[{\"@type\":\"Article\",\"@id\":\"https:\\\/\\\/www.rassegnastampa-totustuus.it\\\/cattolica\\\/la-riconquista-cristiana-del-mediterraneo-nei-secoli-xi-e-xii\\\/#article\",\"isPartOf\":{\"@id\":\"https:\\\/\\\/www.rassegnastampa-totustuus.it\\\/cattolica\\\/la-riconquista-cristiana-del-mediterraneo-nei-secoli-xi-e-xii\\\/\"},\"author\":{\"name\":\"Redazione\",\"@id\":\"https:\\\/\\\/www.rassegnastampa-totustuus.it\\\/cattolica\\\/#\\\/schema\\\/person\\\/08f319d2bd1a0904ad9e2bfb7b15e5c3\"},\"headline\":\"La riconquista cristiana del Mediterraneo nei secoli XI e XII\",\"datePublished\":\"2005-08-30T22:00:00+00:00\",\"dateModified\":\"2015-11-26T11:58:07+00:00\",\"mainEntityOfPage\":{\"@id\":\"https:\\\/\\\/www.rassegnastampa-totustuus.it\\\/cattolica\\\/la-riconquista-cristiana-del-mediterraneo-nei-secoli-xi-e-xii\\\/\"},\"wordCount\":1886,\"publisher\":{\"@id\":\"https:\\\/\\\/www.rassegnastampa-totustuus.it\\\/cattolica\\\/#organization\"},\"image\":{\"@id\":\"https:\\\/\\\/www.rassegnastampa-totustuus.it\\\/cattolica\\\/la-riconquista-cristiana-del-mediterraneo-nei-secoli-xi-e-xii\\\/#primaryimage\"},\"thumbnailUrl\":\"https:\\\/\\\/www.rassegnastampa-totustuus.it\\\/cattolica\\\/wp-content\\\/uploads\\\/2005\\\/08\\\/repubbliche-marinare.jpg\",\"keywords\":[\"Islam storia\"],\"articleSection\":[\"Islam\",\"Medioevo\",\"Storia\"],\"inLanguage\":\"it-IT\"},{\"@type\":\"WebPage\",\"@id\":\"https:\\\/\\\/www.rassegnastampa-totustuus.it\\\/cattolica\\\/la-riconquista-cristiana-del-mediterraneo-nei-secoli-xi-e-xii\\\/\",\"url\":\"https:\\\/\\\/www.rassegnastampa-totustuus.it\\\/cattolica\\\/la-riconquista-cristiana-del-mediterraneo-nei-secoli-xi-e-xii\\\/\",\"name\":\"La riconquista cristiana del Mediterraneo nei secoli XI e XII - Rassegna Stampa Cattolica\",\"isPartOf\":{\"@id\":\"https:\\\/\\\/www.rassegnastampa-totustuus.it\\\/cattolica\\\/#website\"},\"primaryImageOfPage\":{\"@id\":\"https:\\\/\\\/www.rassegnastampa-totustuus.it\\\/cattolica\\\/la-riconquista-cristiana-del-mediterraneo-nei-secoli-xi-e-xii\\\/#primaryimage\"},\"image\":{\"@id\":\"https:\\\/\\\/www.rassegnastampa-totustuus.it\\\/cattolica\\\/la-riconquista-cristiana-del-mediterraneo-nei-secoli-xi-e-xii\\\/#primaryimage\"},\"thumbnailUrl\":\"https:\\\/\\\/www.rassegnastampa-totustuus.it\\\/cattolica\\\/wp-content\\\/uploads\\\/2005\\\/08\\\/repubbliche-marinare.jpg\",\"datePublished\":\"2005-08-30T22:00:00+00:00\",\"dateModified\":\"2015-11-26T11:58:07+00:00\",\"description\":\"Rassegna Stampa Cattolica - Per una cultura che nasce dalla Rivelazione cristiana in conformit\u00e0 alla tradizione e al Magistero della Chiesa in opposizione ad ogni relativismo e totalitarismo\",\"breadcrumb\":{\"@id\":\"https:\\\/\\\/www.rassegnastampa-totustuus.it\\\/cattolica\\\/la-riconquista-cristiana-del-mediterraneo-nei-secoli-xi-e-xii\\\/#breadcrumb\"},\"inLanguage\":\"it-IT\",\"potentialAction\":[{\"@type\":\"ReadAction\",\"target\":[\"https:\\\/\\\/www.rassegnastampa-totustuus.it\\\/cattolica\\\/la-riconquista-cristiana-del-mediterraneo-nei-secoli-xi-e-xii\\\/\"]}]},{\"@type\":\"ImageObject\",\"inLanguage\":\"it-IT\",\"@id\":\"https:\\\/\\\/www.rassegnastampa-totustuus.it\\\/cattolica\\\/la-riconquista-cristiana-del-mediterraneo-nei-secoli-xi-e-xii\\\/#primaryimage\",\"url\":\"https:\\\/\\\/www.rassegnastampa-totustuus.it\\\/cattolica\\\/wp-content\\\/uploads\\\/2005\\\/08\\\/repubbliche-marinare.jpg\",\"contentUrl\":\"https:\\\/\\\/www.rassegnastampa-totustuus.it\\\/cattolica\\\/wp-content\\\/uploads\\\/2005\\\/08\\\/repubbliche-marinare.jpg\",\"width\":256,\"height\":243},{\"@type\":\"BreadcrumbList\",\"@id\":\"https:\\\/\\\/www.rassegnastampa-totustuus.it\\\/cattolica\\\/la-riconquista-cristiana-del-mediterraneo-nei-secoli-xi-e-xii\\\/#breadcrumb\",\"itemListElement\":[{\"@type\":\"ListItem\",\"position\":1,\"name\":\"Home\",\"item\":\"https:\\\/\\\/www.rassegnastampa-totustuus.it\\\/cattolica\\\/\"},{\"@type\":\"ListItem\",\"position\":2,\"name\":\"La riconquista cristiana del Mediterraneo nei secoli XI e XII\"}]},{\"@type\":\"WebSite\",\"@id\":\"https:\\\/\\\/www.rassegnastampa-totustuus.it\\\/cattolica\\\/#website\",\"url\":\"https:\\\/\\\/www.rassegnastampa-totustuus.it\\\/cattolica\\\/\",\"name\":\"Rassegna Stampa Cattolica\",\"description\":\"Per una cultura che nasce dalla Rivelazione cristiana in conformit\u00e0 alla tradizione e al Magistero della Chiesa in opposizione ad ogni relativismo e totalitarismo\",\"publisher\":{\"@id\":\"https:\\\/\\\/www.rassegnastampa-totustuus.it\\\/cattolica\\\/#organization\"},\"alternateName\":\"Rass. Cattolica\",\"potentialAction\":[{\"@type\":\"SearchAction\",\"target\":{\"@type\":\"EntryPoint\",\"urlTemplate\":\"https:\\\/\\\/www.rassegnastampa-totustuus.it\\\/cattolica\\\/?s={search_term_string}\"},\"query-input\":{\"@type\":\"PropertyValueSpecification\",\"valueRequired\":true,\"valueName\":\"search_term_string\"}}],\"inLanguage\":\"it-IT\"},{\"@type\":\"Organization\",\"@id\":\"https:\\\/\\\/www.rassegnastampa-totustuus.it\\\/cattolica\\\/#organization\",\"name\":\"Rassegna Stampa Cattolica\",\"url\":\"https:\\\/\\\/www.rassegnastampa-totustuus.it\\\/cattolica\\\/\",\"logo\":{\"@type\":\"ImageObject\",\"inLanguage\":\"it-IT\",\"@id\":\"https:\\\/\\\/www.rassegnastampa-totustuus.it\\\/cattolica\\\/#\\\/schema\\\/logo\\\/image\\\/\",\"url\":\"https:\\\/\\\/www.rassegnastampa-totustuus.it\\\/cattolica\\\/wp-content\\\/uploads\\\/2014\\\/04\\\/logo-rassegna1.gif\",\"contentUrl\":\"https:\\\/\\\/www.rassegnastampa-totustuus.it\\\/cattolica\\\/wp-content\\\/uploads\\\/2014\\\/04\\\/logo-rassegna1.gif\",\"width\":600,\"height\":163,\"caption\":\"Rassegna Stampa Cattolica\"},\"image\":{\"@id\":\"https:\\\/\\\/www.rassegnastampa-totustuus.it\\\/cattolica\\\/#\\\/schema\\\/logo\\\/image\\\/\"},\"sameAs\":[\"https:\\\/\\\/www.facebook.com\\\/rassegnastampacattolica\",\"https:\\\/\\\/x.com\\\/rassegnastampa9\"]},{\"@type\":\"Person\",\"@id\":\"https:\\\/\\\/www.rassegnastampa-totustuus.it\\\/cattolica\\\/#\\\/schema\\\/person\\\/08f319d2bd1a0904ad9e2bfb7b15e5c3\",\"name\":\"Redazione\",\"image\":{\"@type\":\"ImageObject\",\"inLanguage\":\"it-IT\",\"@id\":\"https:\\\/\\\/secure.gravatar.com\\\/avatar\\\/2fcdf27c78ea025fbdb44e914cc63c72249ffec9dc8aafd5c82b26240ef3f346?s=96&d=mm&r=g\",\"url\":\"https:\\\/\\\/secure.gravatar.com\\\/avatar\\\/2fcdf27c78ea025fbdb44e914cc63c72249ffec9dc8aafd5c82b26240ef3f346?s=96&d=mm&r=g\",\"contentUrl\":\"https:\\\/\\\/secure.gravatar.com\\\/avatar\\\/2fcdf27c78ea025fbdb44e914cc63c72249ffec9dc8aafd5c82b26240ef3f346?s=96&d=mm&r=g\",\"caption\":\"Redazione\"},\"url\":\"https:\\\/\\\/www.rassegnastampa-totustuus.it\\\/cattolica\\\/author\\\/pietroelle\\\/\"}]}<\/script>\n<!-- \/ Yoast SEO plugin. -->","yoast_head_json":{"title":"La riconquista cristiana del Mediterraneo nei secoli XI e XII - Rassegna Stampa Cattolica","description":"Rassegna Stampa Cattolica - Per una cultura che nasce dalla Rivelazione cristiana in conformit\u00e0 alla tradizione e al Magistero della Chiesa in opposizione ad ogni relativismo e totalitarismo","robots":{"index":"index","follow":"follow","max-snippet":"max-snippet:-1","max-image-preview":"max-image-preview:large","max-video-preview":"max-video-preview:-1"},"canonical":"https:\/\/www.rassegnastampa-totustuus.it\/cattolica\/la-riconquista-cristiana-del-mediterraneo-nei-secoli-xi-e-xii\/","og_locale":"it_IT","og_type":"article","og_title":"La riconquista cristiana del Mediterraneo nei secoli XI e XII - Rassegna Stampa Cattolica","og_description":"Rassegna Stampa Cattolica - Per una cultura che nasce dalla Rivelazione cristiana in conformit\u00e0 alla tradizione e al Magistero della Chiesa in opposizione ad ogni relativismo e totalitarismo","og_url":"https:\/\/www.rassegnastampa-totustuus.it\/cattolica\/la-riconquista-cristiana-del-mediterraneo-nei-secoli-xi-e-xii\/","og_site_name":"Rassegna Stampa Cattolica","article_publisher":"https:\/\/www.facebook.com\/rassegnastampacattolica","article_published_time":"2005-08-30T22:00:00+00:00","article_modified_time":"2015-11-26T11:58:07+00:00","og_image":[{"width":256,"height":243,"url":"https:\/\/www.rassegnastampa-totustuus.it\/cattolica\/wp-content\/uploads\/2005\/08\/repubbliche-marinare.jpg","type":"image\/jpeg"}],"author":"Redazione","twitter_card":"summary_large_image","twitter_creator":"@rassegnastampa9","twitter_site":"@rassegnastampa9","twitter_misc":{"Scritto da":"Redazione","Tempo di lettura stimato":"9 minuti"},"schema":{"@context":"https:\/\/schema.org","@graph":[{"@type":"Article","@id":"https:\/\/www.rassegnastampa-totustuus.it\/cattolica\/la-riconquista-cristiana-del-mediterraneo-nei-secoli-xi-e-xii\/#article","isPartOf":{"@id":"https:\/\/www.rassegnastampa-totustuus.it\/cattolica\/la-riconquista-cristiana-del-mediterraneo-nei-secoli-xi-e-xii\/"},"author":{"name":"Redazione","@id":"https:\/\/www.rassegnastampa-totustuus.it\/cattolica\/#\/schema\/person\/08f319d2bd1a0904ad9e2bfb7b15e5c3"},"headline":"La riconquista cristiana del Mediterraneo nei secoli XI e XII","datePublished":"2005-08-30T22:00:00+00:00","dateModified":"2015-11-26T11:58:07+00:00","mainEntityOfPage":{"@id":"https:\/\/www.rassegnastampa-totustuus.it\/cattolica\/la-riconquista-cristiana-del-mediterraneo-nei-secoli-xi-e-xii\/"},"wordCount":1886,"publisher":{"@id":"https:\/\/www.rassegnastampa-totustuus.it\/cattolica\/#organization"},"image":{"@id":"https:\/\/www.rassegnastampa-totustuus.it\/cattolica\/la-riconquista-cristiana-del-mediterraneo-nei-secoli-xi-e-xii\/#primaryimage"},"thumbnailUrl":"https:\/\/www.rassegnastampa-totustuus.it\/cattolica\/wp-content\/uploads\/2005\/08\/repubbliche-marinare.jpg","keywords":["Islam storia"],"articleSection":["Islam","Medioevo","Storia"],"inLanguage":"it-IT"},{"@type":"WebPage","@id":"https:\/\/www.rassegnastampa-totustuus.it\/cattolica\/la-riconquista-cristiana-del-mediterraneo-nei-secoli-xi-e-xii\/","url":"https:\/\/www.rassegnastampa-totustuus.it\/cattolica\/la-riconquista-cristiana-del-mediterraneo-nei-secoli-xi-e-xii\/","name":"La riconquista cristiana del Mediterraneo nei secoli XI e XII - Rassegna Stampa Cattolica","isPartOf":{"@id":"https:\/\/www.rassegnastampa-totustuus.it\/cattolica\/#website"},"primaryImageOfPage":{"@id":"https:\/\/www.rassegnastampa-totustuus.it\/cattolica\/la-riconquista-cristiana-del-mediterraneo-nei-secoli-xi-e-xii\/#primaryimage"},"image":{"@id":"https:\/\/www.rassegnastampa-totustuus.it\/cattolica\/la-riconquista-cristiana-del-mediterraneo-nei-secoli-xi-e-xii\/#primaryimage"},"thumbnailUrl":"https:\/\/www.rassegnastampa-totustuus.it\/cattolica\/wp-content\/uploads\/2005\/08\/repubbliche-marinare.jpg","datePublished":"2005-08-30T22:00:00+00:00","dateModified":"2015-11-26T11:58:07+00:00","description":"Rassegna Stampa Cattolica - Per una cultura che nasce dalla Rivelazione cristiana in conformit\u00e0 alla tradizione e al Magistero della Chiesa in opposizione ad ogni relativismo e totalitarismo","breadcrumb":{"@id":"https:\/\/www.rassegnastampa-totustuus.it\/cattolica\/la-riconquista-cristiana-del-mediterraneo-nei-secoli-xi-e-xii\/#breadcrumb"},"inLanguage":"it-IT","potentialAction":[{"@type":"ReadAction","target":["https:\/\/www.rassegnastampa-totustuus.it\/cattolica\/la-riconquista-cristiana-del-mediterraneo-nei-secoli-xi-e-xii\/"]}]},{"@type":"ImageObject","inLanguage":"it-IT","@id":"https:\/\/www.rassegnastampa-totustuus.it\/cattolica\/la-riconquista-cristiana-del-mediterraneo-nei-secoli-xi-e-xii\/#primaryimage","url":"https:\/\/www.rassegnastampa-totustuus.it\/cattolica\/wp-content\/uploads\/2005\/08\/repubbliche-marinare.jpg","contentUrl":"https:\/\/www.rassegnastampa-totustuus.it\/cattolica\/wp-content\/uploads\/2005\/08\/repubbliche-marinare.jpg","width":256,"height":243},{"@type":"BreadcrumbList","@id":"https:\/\/www.rassegnastampa-totustuus.it\/cattolica\/la-riconquista-cristiana-del-mediterraneo-nei-secoli-xi-e-xii\/#breadcrumb","itemListElement":[{"@type":"ListItem","position":1,"name":"Home","item":"https:\/\/www.rassegnastampa-totustuus.it\/cattolica\/"},{"@type":"ListItem","position":2,"name":"La riconquista cristiana del Mediterraneo nei secoli XI e XII"}]},{"@type":"WebSite","@id":"https:\/\/www.rassegnastampa-totustuus.it\/cattolica\/#website","url":"https:\/\/www.rassegnastampa-totustuus.it\/cattolica\/","name":"Rassegna Stampa Cattolica","description":"Per una cultura che nasce dalla Rivelazione cristiana in conformit\u00e0 alla tradizione e al Magistero della Chiesa in opposizione ad ogni relativismo e totalitarismo","publisher":{"@id":"https:\/\/www.rassegnastampa-totustuus.it\/cattolica\/#organization"},"alternateName":"Rass. Cattolica","potentialAction":[{"@type":"SearchAction","target":{"@type":"EntryPoint","urlTemplate":"https:\/\/www.rassegnastampa-totustuus.it\/cattolica\/?s={search_term_string}"},"query-input":{"@type":"PropertyValueSpecification","valueRequired":true,"valueName":"search_term_string"}}],"inLanguage":"it-IT"},{"@type":"Organization","@id":"https:\/\/www.rassegnastampa-totustuus.it\/cattolica\/#organization","name":"Rassegna Stampa Cattolica","url":"https:\/\/www.rassegnastampa-totustuus.it\/cattolica\/","logo":{"@type":"ImageObject","inLanguage":"it-IT","@id":"https:\/\/www.rassegnastampa-totustuus.it\/cattolica\/#\/schema\/logo\/image\/","url":"https:\/\/www.rassegnastampa-totustuus.it\/cattolica\/wp-content\/uploads\/2014\/04\/logo-rassegna1.gif","contentUrl":"https:\/\/www.rassegnastampa-totustuus.it\/cattolica\/wp-content\/uploads\/2014\/04\/logo-rassegna1.gif","width":600,"height":163,"caption":"Rassegna Stampa Cattolica"},"image":{"@id":"https:\/\/www.rassegnastampa-totustuus.it\/cattolica\/#\/schema\/logo\/image\/"},"sameAs":["https:\/\/www.facebook.com\/rassegnastampacattolica","https:\/\/x.com\/rassegnastampa9"]},{"@type":"Person","@id":"https:\/\/www.rassegnastampa-totustuus.it\/cattolica\/#\/schema\/person\/08f319d2bd1a0904ad9e2bfb7b15e5c3","name":"Redazione","image":{"@type":"ImageObject","inLanguage":"it-IT","@id":"https:\/\/secure.gravatar.com\/avatar\/2fcdf27c78ea025fbdb44e914cc63c72249ffec9dc8aafd5c82b26240ef3f346?s=96&d=mm&r=g","url":"https:\/\/secure.gravatar.com\/avatar\/2fcdf27c78ea025fbdb44e914cc63c72249ffec9dc8aafd5c82b26240ef3f346?s=96&d=mm&r=g","contentUrl":"https:\/\/secure.gravatar.com\/avatar\/2fcdf27c78ea025fbdb44e914cc63c72249ffec9dc8aafd5c82b26240ef3f346?s=96&d=mm&r=g","caption":"Redazione"},"url":"https:\/\/www.rassegnastampa-totustuus.it\/cattolica\/author\/pietroelle\/"}]}},"_links":{"self":[{"href":"https:\/\/www.rassegnastampa-totustuus.it\/cattolica\/wp-json\/wp\/v2\/posts\/1228","targetHints":{"allow":["GET"]}}],"collection":[{"href":"https:\/\/www.rassegnastampa-totustuus.it\/cattolica\/wp-json\/wp\/v2\/posts"}],"about":[{"href":"https:\/\/www.rassegnastampa-totustuus.it\/cattolica\/wp-json\/wp\/v2\/types\/post"}],"author":[{"embeddable":true,"href":"https:\/\/www.rassegnastampa-totustuus.it\/cattolica\/wp-json\/wp\/v2\/users\/6"}],"replies":[{"embeddable":true,"href":"https:\/\/www.rassegnastampa-totustuus.it\/cattolica\/wp-json\/wp\/v2\/comments?post=1228"}],"version-history":[{"count":4,"href":"https:\/\/www.rassegnastampa-totustuus.it\/cattolica\/wp-json\/wp\/v2\/posts\/1228\/revisions"}],"predecessor-version":[{"id":28076,"href":"https:\/\/www.rassegnastampa-totustuus.it\/cattolica\/wp-json\/wp\/v2\/posts\/1228\/revisions\/28076"}],"wp:featuredmedia":[{"embeddable":true,"href":"https:\/\/www.rassegnastampa-totustuus.it\/cattolica\/wp-json\/wp\/v2\/media\/28075"}],"wp:attachment":[{"href":"https:\/\/www.rassegnastampa-totustuus.it\/cattolica\/wp-json\/wp\/v2\/media?parent=1228"}],"wp:term":[{"taxonomy":"category","embeddable":true,"href":"https:\/\/www.rassegnastampa-totustuus.it\/cattolica\/wp-json\/wp\/v2\/categories?post=1228"},{"taxonomy":"post_tag","embeddable":true,"href":"https:\/\/www.rassegnastampa-totustuus.it\/cattolica\/wp-json\/wp\/v2\/tags?post=1228"}],"curies":[{"name":"wp","href":"https:\/\/api.w.org\/{rel}","templated":true}]}}