{"id":1227,"date":"2005-08-31T00:00:00","date_gmt":"2005-08-30T22:00:00","guid":{"rendered":""},"modified":"2016-04-19T08:46:17","modified_gmt":"2016-04-19T06:46:17","slug":"ultimo-baluardo-dei-balcani","status":"publish","type":"post","link":"https:\/\/www.rassegnastampa-totustuus.it\/cattolica\/ultimo-baluardo-dei-balcani\/","title":{"rendered":"Ultimo baluardo dei balcani"},"content":{"rendered":"<div style=\"text-align: center;\"><img loading=\"lazy\" decoding=\"async\" class=\"alignleft wp-image-33003\" src=\"https:\/\/www.rassegnastampa-totustuus.it\/cattolica\/wp-content\/uploads\/2005\/08\/Serbia.jpg\" alt=\"Serbia\" width=\"250\" height=\"163\" \/>Articolo pubblicato su <strong>Medioevo, <\/strong><\/div>\n<div style=\"text-align: center;\">n.2 (61), febbraio<\/div>\n<p style=\"text-align: center;\">di <strong>Gabriele Colombini<\/strong><\/p>\n<p style=\"text-align: justify;\">La mattina del 20 giugno 1459 Stefano Toma\u0161evic, despota di Serbia, assediato dalle armate turche di Maometto II il Conquistatore dentro la citt\u00e0 di Smederevo, scese a patti con l\u2019invasore e consegn\u00f2 la fortezza in cambio della vita. Nella memoria popolare questa data \u00e8 rimasta a significare la fine simbolica dello stato medievale serbo.<\/p>\n<p><!--more--><\/p>\n<div style=\"text-align: justify;\">Lo stesso Stefano Toma\u0161evic, salito l\u2019anno seguente al trono di Bosnia ed assunto il roboante titolo di &#8220;re di Bosnia, Serbia, della Costa Marittima, della Dalmazia, della Croazia, dell\u2019Erzegovina, della Donji Kraji, di Usora e Sale&#8221;, ma che in realt\u00e0 governava solo su una parte della Bosnia, si trov\u00f2 nuovamente asserragliato, stavolta a Jaice, nel 1463. Patteggi\u00f2 ancora la propria vita in cambio della citt\u00e0, ma Maometto II si rimangi\u00f2 la parola data e lo fece decapitare. Per una curiosa volont\u00e0 del destino Stefano Toma\u0161evic si trov\u00f2 ad essere, suo malgrado, unico liquidatore dei regni di Serbia e di Bosnia.<\/div>\n<p style=\"text-align: justify;\">Sola entit\u00e0 territoriale balcanica ancora formalmente indipendente in quell\u2019anno rimase il ducato di Erzegovina, retto dal suo fondatore Stefano Vukcic-Kosaca, <em>vojvoda<\/em> di Hum e primo duca di san Sava. Al momento della sua massima estensione il confine di tale stato partiva dalla citt\u00e0 dalmata di Omi\u0161 ad ovest, a poche miglia da Spalato, risaliva il corso della Cetina e da l\u00ec, seguendo una linea quasi retta ovest-est raggiungeva il monastero di Mile\u0161eva, luogo in cui riposavano le spoglie di san Sava, primo patriarca della Chiesa ortodossa serba. Il confine verso sud inglobava Bijelo Polje, sede dell\u2019acivescovo erzegovino e finalmente, con un lungo arco est-ovest, si chiudeva su Heceg-Novi, alle Bocche di Cattaro.<\/p>\n<p style=\"text-align: justify;\">Nonostante la sua notevole estensione ben poco pot\u00e9 resistere all\u2019avanzata turca e, sebbene strenuamente difeso da Stefano prima e dai suoi figli poi, il ducato fu interamente conquistato nel 1483.<\/p>\n<p style=\"text-align: justify;\">Ma la storia del ducato di Erzegovina parte da molto lontano ed importante \u00e8 il suo posto nella storia dei regni serbo e bosniaco.<\/p>\n<p style=\"text-align: justify;\">Il primo a darci notizie di questa terra \u00e8 l\u2019imperatore Costantino VII Porfirogenito (905-959) che, nel suo <em>De Administrando Imperio<\/em>, ricorda come i popoli Serbi e Croati giunsero all\u2019interno dell\u2019impero bizantino al tempo dell\u2019imperatore Eraclio (610-641), il quale concesse loro le terre che pi\u00f9 o meno occupano adesso. A quanto ci dice Costantino faceva parte del popolo serbo la trib\u00f9 degli Zachlumi (i proto-erzegovini), stanziatasi da subito ad est del fiume Narenta, l\u2019odierna Neretva, proprio alle spalle della citt\u00e0 di Ragusa (Dubrovnik).<\/p>\n<p style=\"text-align: justify;\">La <em>zupa<\/em> di Zachlumia (erano dette <em>zupe<\/em>, e lo sono ancora oggi, le circoscrizioni territoriali) godette sin dall\u2019inizio di vita propria, anche alquanto bellicosa, tanto che nel IX secolo Bisanzio si avvalse dell\u2019aiuto dei suoi abitanti quando, nell\u2019869, liber\u00f2 Bari dall\u2019occupazione musulmana.<\/p>\n<p style=\"text-align: justify;\">Intanto, grazie all\u2019opera di Cirillo e Metodio, le popolazioni serbe vennero nuovamente cristianizzate (lo erano state superficialmente nel VII secolo), ed abbiamo notizie di una Chiesa di Zachlumia sin dall\u2019877 quando a Stagno venne istituita la sede vescovile, per circa mezzo secolo sottoposta al metropolita di Doclea. Dal 925 pass\u00f2 sotto Spalato e la Chiesa latina probabilmente per volont\u00e0 dello <em>zupan<\/em> Michele Visevi\u0107, energico sovrano alleato della potente Bulgaria di re Simeone.<\/p>\n<p style=\"text-align: justify;\">Ben presto nella storia dell\u2019XI secolo presero il sopravvento gli <em>\u017eupani<\/em> di Zeta e di Rascia (pi\u00f9 o meno l\u2019odierno Montenegro e Serbia meridionale), la fusione delle cui terre e la conquista di Zachlumia e zone limitrofe dette vita, di l\u00ec a poco, allo stato medievale serbo di Stefano Nemanja.<\/p>\n<p style=\"text-align: justify;\">La Zachlumia rimase parte integrante del regno di Serbia fino al XIV secolo, tornando a gravitare nell\u2019influenza della Chiesa ortodossa dal 1198, da quando, cio\u00e8, lo <em>zupan<\/em> Miroslav ebbe dei contrasti con l\u2019arcivescovo di Spalato: lo uccise e spost\u00f2 il vescovo di Stagno a Bijelo Polje, sul Lim, dove fond\u00f2 la chiesa di san Pietro e Paolo.<\/p>\n<p style=\"text-align: justify;\">Intanto, sin dai primi anni dell\u2019XI secolo, una nuova entit\u00e0 territoriale stava aggregandosi all\u2019interno dello stato dei Nemanja, la Bosnia. Prima sottoposta alla corona serba, poi a quella ungherese, quindi a quella bizantina, nel 1180 inizi\u00f2 il suo cammino di indipendenza, guidata dai propri <em>bani<\/em>, e tale rimase nonostante le accuse di eresia che la perseguitarono per tutto il medioevo. Nel 1377 il <em>ban<\/em> Tvrtko I, assoggettata la Zachlumia (che dal XII secolo appare nelle fonti come Hum), assunse la corona reale.<\/p>\n<p style=\"text-align: justify;\">Una volta finita sotto i re di Bosnia l\u2019Hum pot\u00e9 avvalersi della guida di valorosi <em>vojvoda<\/em>, come Sanko Miltenovi\u0107, Vlatko Vukovic e Sandalj Hranic. In particolare quest\u2019ultimo, uomo di eccezionale abilit\u0155 politica, nel 1424 fece sposare il nipote Stefano con Elena Bal\u0161ic, della casata del Montenegro, cosicch\u00e9, alla morte dello zio, Stefano si trov\u0148 padrone del potente stato che abbiamo descritto sopra, nel momento della sua massima espansione.<\/p>\n<p style=\"text-align: justify;\">Quella di Stefano fu un\u2019et\u0155 estremamente difficile, caratterizzata da un caos di popoli, politiche e religioni come mai si era avuto, nemmeno all\u2019epoca delle migrazioni slave. Tanto per rimanere all\u2019interno dell\u2019Erzegovina basti notare come ad ovest della Narenta vi fosse popolazione cattolica, nelle zone del Lim e della Drina si seguiva la fede ortodossa, mentre nella <em>zupa<\/em> di Dracevica ci si sposava e divorziava secondo il costume della Chiesa di Bosnia, eretica.<\/p>\n<p style=\"text-align: justify;\">Lo stesso Stefano apparteneva a questa confessione, ed \u00e8 curioso rilevare come egli, che si serviva di ambasciatori del suo stesso credo, vassallo ad un tempo del re d\u2019Ungheria e dei Turchi, sposato con una donna ortodossa, venne insignito da Alfonso di Napoli dell\u2019Ordine della Vergine Maria.<\/p>\n<p style=\"text-align: justify;\">Il fatto \u00e8 che ogni sovrano balcanico di quel tempo doveva sopravvivere in mezzo ad equilibrismi politici incredibili ed essere capace di compiere i voltafaccia pi\u00f9 sfrontati, tanta era la pressione che, ben dentro il \u2018400, esercitavano ormai i due colossi dominanti la regione: l\u2019Ungheria e l\u2019impero ottomano. Tanto pi\u00f9 che anche la vita economica dell\u2019Erzegovina non era mai stata delle pi\u00f9 semplici.<\/p>\n<p style=\"text-align: justify;\">L\u2019agricoltura prosperava solo all\u2019interno dei <em>polje<\/em>, le caratteristiche depressioni fertili delle regioni calcaree ed altrove era poco pi\u00f9 che sussistenza; le <em>planina<\/em>, i verdi altopiani balcanici, permettevano una florida attivit\u00e0 di allevamento di bestiame e produzione casearia e conciaria, ma spesso i capi al pascolo erano di propriet\u00e0 delle ricche citt\u00e0 della costa come Ragusa; ed era sempre a Ragusa che facevano capo le enormi carovane di metalli, frutto delle miniere serbe e bosniache, che attraversavano i territori del duca di san Sava, sprovvisti di tali risorse, pagando soltanto il dazio sul transito, ma che non doveva comunque essere eccessivo, a rischio di sollecitare le proteste ragusee e, indirettamente, veneziane, dato che la citt\u00e0 lagunare controllava attentamente tutti i traffici dall\u2019interno verso la costa e non solo.<\/p>\n<p style=\"text-align: justify;\">Fatto sta che Stefano Vukcic-Kosaca si muoveva bene nel mondo in cui viveva e, cercando di trarre vantaggi come sempre, grazie ad un avvicinamento all\u2019imperatore Federico III, riusc\u00ec a mutuare il titolo di <em>vojvoda<\/em>, che dava sempre un\u2019idea di qualcosa di &#8220;locale&#8221;, con quello pi\u00f9 &#8220;universale&#8221; di duca; quindi cerc\u00f2 di rafforzare la discendenza facendo sposare la figlia Caterina con il re di Bosnia Stefano Toma\u0161 nel 1445.<\/p>\n<p style=\"text-align: justify;\">Contrasti economici con Ragusa lo costrinsero sulla difensiva di fronte ad una nutrita lega che coinvolse anche un suo figlio; ma ormai l\u2019onda lunga ottomana stava arrivando e le cadute di Bosnia e Serbia, citate sopra, erano alle porte. Maometto II sfrutt\u00f2 finch\u00e9 volle Stefano Vukcic-Kosaca in chiave anti-veneziana, quindi dette il via alla conquista dell\u2019Erzegovina.<\/p>\n<p style=\"text-align: justify;\">Il 21 maggio 1466, assediato nel castello di Novi, Stefano Vukcic-Kosaca, duca di san Sava e fondatore dell\u2019Erzegovina, ammalato, volle comporre il testamento. Il giorno dopo mor\u00ec. La regina Caterina di Bosnia, figlia di Stefano e vedova del re di Bosnia Stefano Toma\u0161, era gi\u00e0 fuggita l\u2019anno precedente a Roma, dove mor\u00ec nel 1478 ed in seguito beatificata.<\/p>\n<p style=\"text-align: justify;\">I figli di Stefano continuarono a combattere sino al 1483, dopodich\u00e9 due fuggirono a Ragusa; il terzo si convert\u00ec all\u2019Islam con il nome di Ahmed beg Herzegovic ed il figlio, con lo stesso nome, ben merit\u00f2 nella battaglia di Lepanto.<\/p>\n<p style=\"text-align: justify;\">La memoria del duca di san Sava rimase comunque viva nelle popolazioni cristiane ed una leggenda ricorda che un giorno le aquile del castello di Stepanograd si trasformeranno in cavalieri, le colombe in fanciulle e dalle chiese si leveranno inni di gloria: allora torneranno i duchi di san Sava.<\/p>\n<p style=\"text-align: justify;\"><strong>Bibliografia essenziale:<\/strong><\/p>\n<p style=\"text-align: justify;\"><strong>Cirkovic Sima,<\/strong> <em>Serbi nel Medioevo<\/em>, JacaBook, Milano 1992;<\/p>\n<p style=\"text-align: justify;\"><strong style=\"font-size: 12px;\">Ostrogorsky Georg,<\/strong> <em style=\"font-size: 12px;\">Storia dell\u2019impero bizantino<\/em><span style=\"font-size: 12px;\">, Einaudi, Torino 1993;<\/span><\/p>\n<p style=\"text-align: justify;\"><strong>Costantino Porfirogenito<\/strong>, <em>De Administrando Imperio<\/em>, Ed. Gy. Moravcisik, Trad. ingl. R.J.H. Jenkins, Washington 1985.<\/p>\n<p style=\"text-align: center;\">* \u00a0* \u00a0*<\/p>\n<p style=\"text-align: justify;\">Di tutte le regioni che vennero popolate durante la migrazione slava del VII secolo, la Zachlumia \u00e8 l\u2019unica con la strana caratteristica di aver cambiato nome addirittura alla met\u00e0 del \u2018400.<\/p>\n<p style=\"text-align: justify;\">Come ci informa Costantino Porfirogenito, gli abitanti di tale terra \u00abfurono chiamati Zachlumi da un cosiddetto monte Chlumos, e perci\u00f2 nella lingua degli Slavi Zachlumi significa &#8220;dietro la montagna&#8221;\u00bb.<\/p>\n<p style=\"text-align: justify;\">Si continu\u00f2 ad usare il termine Zachlumia per tutto l\u2019alto medioevo, fino a che, nell\u2019XI-XII secolo appare la dizione Hum (letteralmente &#8220;monte&#8221;) che rimarr\u00e0 sino al XV secolo.<\/p>\n<p style=\"text-align: justify;\">Nel 1448 Stefano Vukcic-Kosaca abbandon\u00f2 il titolo di <em>vojvoda<\/em> ed assunse quello di duca. Una tradizione quasi leggendaria, maturata probabilmente in ambiente romantico, vuole che il titolo gli fosse conferito dall\u2019imperatore Federico III, che Stefano riconobbe come re d\u2019Ungheria. Pi\u00f9 probabilmente il tutto fece parte di una mossa politica tesa a riavvicinare l\u2019Ungheria e la Chiesa cattolica. Dato che poi, nei territori controllati dal duca, sorgeva il monastero di Mile\u0161eva, in cui erano custodite le spoglie di san Sava, aggiunse anche questa dicitura al titolo, strizzando l\u2019occhio al mondo ortodosso.<\/p>\n<p style=\"text-align: justify;\">Siccome la parola tedesca per duca \u00e8 <em>herzog<\/em>, slavizzata in <em>herceg<\/em>, da allora le terre di Stefano furono dette Erzegovina<\/p>\n","protected":false},"excerpt":{"rendered":"<p>Articolo pubblicato su Medioevo, n.2 (61), febbraio di Gabriele Colombini La mattina del 20 giugno 1459 Stefano Toma\u0161evic, despota di Serbia, assediato dalle armate turche di Maometto II il Conquistatore dentro la citt\u00e0 di Smederevo, scese a patti con l\u2019invasore e consegn\u00f2 la fortezza in cambio della vita. Nella memoria popolare questa data \u00e8 rimasta &hellip; <\/p>\n<p><a class=\"more-link btn\" href=\"https:\/\/www.rassegnastampa-totustuus.it\/cattolica\/ultimo-baluardo-dei-balcani\/\">Continua a leggere<\/a><\/p>\n","protected":false},"author":6,"featured_media":33003,"comment_status":"closed","ping_status":"open","sticky":false,"template":"","format":"standard","meta":{"footnotes":""},"categories":[16,91,24],"tags":[528,941],"class_list":["post-1227","post","type-post","status-publish","format-standard","has-post-thumbnail","hentry","category-islam","category-medioevo","category-storia","tag-islam-storia","tag-serbia","item-wrap"],"yoast_head":"<!-- This site is optimized with the Yoast SEO plugin v27.5 - https:\/\/yoast.com\/product\/yoast-seo-wordpress\/ -->\n<title>Ultimo baluardo dei balcani - Rassegna Stampa Cattolica<\/title>\n<meta name=\"description\" content=\"Rassegna Stampa Cattolica - Per una cultura che nasce dalla Rivelazione cristiana in conformit\u00e0 alla tradizione e al Magistero della Chiesa in opposizione ad ogni relativismo e totalitarismo\" \/>\n<meta name=\"robots\" content=\"index, follow, max-snippet:-1, max-image-preview:large, max-video-preview:-1\" \/>\n<link rel=\"canonical\" href=\"https:\/\/www.rassegnastampa-totustuus.it\/cattolica\/ultimo-baluardo-dei-balcani\/\" \/>\n<meta property=\"og:locale\" content=\"it_IT\" \/>\n<meta property=\"og:type\" content=\"article\" \/>\n<meta property=\"og:title\" content=\"Ultimo baluardo dei balcani - Rassegna Stampa Cattolica\" \/>\n<meta property=\"og:description\" content=\"Rassegna Stampa Cattolica - Per una cultura che nasce dalla Rivelazione cristiana in conformit\u00e0 alla tradizione e al Magistero della Chiesa in opposizione ad ogni relativismo e totalitarismo\" \/>\n<meta property=\"og:url\" content=\"https:\/\/www.rassegnastampa-totustuus.it\/cattolica\/ultimo-baluardo-dei-balcani\/\" \/>\n<meta property=\"og:site_name\" content=\"Rassegna Stampa Cattolica\" \/>\n<meta property=\"article:publisher\" content=\"https:\/\/www.facebook.com\/rassegnastampacattolica\" \/>\n<meta property=\"article:published_time\" content=\"2005-08-30T22:00:00+00:00\" \/>\n<meta property=\"article:modified_time\" content=\"2016-04-19T06:46:17+00:00\" \/>\n<meta property=\"og:image\" content=\"https:\/\/www.rassegnastampa-totustuus.it\/cattolica\/wp-content\/uploads\/2005\/08\/Serbia.jpg\" \/>\n\t<meta property=\"og:image:width\" content=\"278\" \/>\n\t<meta property=\"og:image:height\" content=\"181\" \/>\n\t<meta property=\"og:image:type\" content=\"image\/jpeg\" \/>\n<meta name=\"author\" content=\"Redazione\" \/>\n<meta name=\"twitter:card\" content=\"summary_large_image\" \/>\n<meta name=\"twitter:creator\" content=\"@rassegnastampa9\" \/>\n<meta name=\"twitter:site\" content=\"@rassegnastampa9\" \/>\n<meta name=\"twitter:label1\" content=\"Scritto da\" \/>\n\t<meta name=\"twitter:data1\" content=\"Redazione\" \/>\n\t<meta name=\"twitter:label2\" content=\"Tempo di lettura stimato\" \/>\n\t<meta name=\"twitter:data2\" content=\"8 minuti\" \/>\n<script type=\"application\/ld+json\" class=\"yoast-schema-graph\">{\"@context\":\"https:\\\/\\\/schema.org\",\"@graph\":[{\"@type\":\"Article\",\"@id\":\"https:\\\/\\\/www.rassegnastampa-totustuus.it\\\/cattolica\\\/ultimo-baluardo-dei-balcani\\\/#article\",\"isPartOf\":{\"@id\":\"https:\\\/\\\/www.rassegnastampa-totustuus.it\\\/cattolica\\\/ultimo-baluardo-dei-balcani\\\/\"},\"author\":{\"name\":\"Redazione\",\"@id\":\"https:\\\/\\\/www.rassegnastampa-totustuus.it\\\/cattolica\\\/#\\\/schema\\\/person\\\/08f319d2bd1a0904ad9e2bfb7b15e5c3\"},\"headline\":\"Ultimo baluardo dei balcani\",\"datePublished\":\"2005-08-30T22:00:00+00:00\",\"dateModified\":\"2016-04-19T06:46:17+00:00\",\"mainEntityOfPage\":{\"@id\":\"https:\\\/\\\/www.rassegnastampa-totustuus.it\\\/cattolica\\\/ultimo-baluardo-dei-balcani\\\/\"},\"wordCount\":1627,\"publisher\":{\"@id\":\"https:\\\/\\\/www.rassegnastampa-totustuus.it\\\/cattolica\\\/#organization\"},\"image\":{\"@id\":\"https:\\\/\\\/www.rassegnastampa-totustuus.it\\\/cattolica\\\/ultimo-baluardo-dei-balcani\\\/#primaryimage\"},\"thumbnailUrl\":\"https:\\\/\\\/www.rassegnastampa-totustuus.it\\\/cattolica\\\/wp-content\\\/uploads\\\/2005\\\/08\\\/Serbia.jpg\",\"keywords\":[\"Islam storia\",\"Serbia\"],\"articleSection\":[\"Islam\",\"Medioevo\",\"Storia\"],\"inLanguage\":\"it-IT\"},{\"@type\":\"WebPage\",\"@id\":\"https:\\\/\\\/www.rassegnastampa-totustuus.it\\\/cattolica\\\/ultimo-baluardo-dei-balcani\\\/\",\"url\":\"https:\\\/\\\/www.rassegnastampa-totustuus.it\\\/cattolica\\\/ultimo-baluardo-dei-balcani\\\/\",\"name\":\"Ultimo baluardo dei balcani - Rassegna Stampa Cattolica\",\"isPartOf\":{\"@id\":\"https:\\\/\\\/www.rassegnastampa-totustuus.it\\\/cattolica\\\/#website\"},\"primaryImageOfPage\":{\"@id\":\"https:\\\/\\\/www.rassegnastampa-totustuus.it\\\/cattolica\\\/ultimo-baluardo-dei-balcani\\\/#primaryimage\"},\"image\":{\"@id\":\"https:\\\/\\\/www.rassegnastampa-totustuus.it\\\/cattolica\\\/ultimo-baluardo-dei-balcani\\\/#primaryimage\"},\"thumbnailUrl\":\"https:\\\/\\\/www.rassegnastampa-totustuus.it\\\/cattolica\\\/wp-content\\\/uploads\\\/2005\\\/08\\\/Serbia.jpg\",\"datePublished\":\"2005-08-30T22:00:00+00:00\",\"dateModified\":\"2016-04-19T06:46:17+00:00\",\"description\":\"Rassegna Stampa Cattolica - Per una cultura che nasce dalla Rivelazione cristiana in conformit\u00e0 alla tradizione e al Magistero della Chiesa in opposizione ad ogni relativismo e totalitarismo\",\"breadcrumb\":{\"@id\":\"https:\\\/\\\/www.rassegnastampa-totustuus.it\\\/cattolica\\\/ultimo-baluardo-dei-balcani\\\/#breadcrumb\"},\"inLanguage\":\"it-IT\",\"potentialAction\":[{\"@type\":\"ReadAction\",\"target\":[\"https:\\\/\\\/www.rassegnastampa-totustuus.it\\\/cattolica\\\/ultimo-baluardo-dei-balcani\\\/\"]}]},{\"@type\":\"ImageObject\",\"inLanguage\":\"it-IT\",\"@id\":\"https:\\\/\\\/www.rassegnastampa-totustuus.it\\\/cattolica\\\/ultimo-baluardo-dei-balcani\\\/#primaryimage\",\"url\":\"https:\\\/\\\/www.rassegnastampa-totustuus.it\\\/cattolica\\\/wp-content\\\/uploads\\\/2005\\\/08\\\/Serbia.jpg\",\"contentUrl\":\"https:\\\/\\\/www.rassegnastampa-totustuus.it\\\/cattolica\\\/wp-content\\\/uploads\\\/2005\\\/08\\\/Serbia.jpg\",\"width\":278,\"height\":181},{\"@type\":\"BreadcrumbList\",\"@id\":\"https:\\\/\\\/www.rassegnastampa-totustuus.it\\\/cattolica\\\/ultimo-baluardo-dei-balcani\\\/#breadcrumb\",\"itemListElement\":[{\"@type\":\"ListItem\",\"position\":1,\"name\":\"Home\",\"item\":\"https:\\\/\\\/www.rassegnastampa-totustuus.it\\\/cattolica\\\/\"},{\"@type\":\"ListItem\",\"position\":2,\"name\":\"Ultimo baluardo dei balcani\"}]},{\"@type\":\"WebSite\",\"@id\":\"https:\\\/\\\/www.rassegnastampa-totustuus.it\\\/cattolica\\\/#website\",\"url\":\"https:\\\/\\\/www.rassegnastampa-totustuus.it\\\/cattolica\\\/\",\"name\":\"Rassegna Stampa Cattolica\",\"description\":\"Per una cultura che nasce dalla Rivelazione cristiana in conformit\u00e0 alla tradizione e al Magistero della Chiesa in opposizione ad ogni relativismo e totalitarismo\",\"publisher\":{\"@id\":\"https:\\\/\\\/www.rassegnastampa-totustuus.it\\\/cattolica\\\/#organization\"},\"alternateName\":\"Rass. Cattolica\",\"potentialAction\":[{\"@type\":\"SearchAction\",\"target\":{\"@type\":\"EntryPoint\",\"urlTemplate\":\"https:\\\/\\\/www.rassegnastampa-totustuus.it\\\/cattolica\\\/?s={search_term_string}\"},\"query-input\":{\"@type\":\"PropertyValueSpecification\",\"valueRequired\":true,\"valueName\":\"search_term_string\"}}],\"inLanguage\":\"it-IT\"},{\"@type\":\"Organization\",\"@id\":\"https:\\\/\\\/www.rassegnastampa-totustuus.it\\\/cattolica\\\/#organization\",\"name\":\"Rassegna Stampa Cattolica\",\"url\":\"https:\\\/\\\/www.rassegnastampa-totustuus.it\\\/cattolica\\\/\",\"logo\":{\"@type\":\"ImageObject\",\"inLanguage\":\"it-IT\",\"@id\":\"https:\\\/\\\/www.rassegnastampa-totustuus.it\\\/cattolica\\\/#\\\/schema\\\/logo\\\/image\\\/\",\"url\":\"https:\\\/\\\/www.rassegnastampa-totustuus.it\\\/cattolica\\\/wp-content\\\/uploads\\\/2014\\\/04\\\/logo-rassegna1.gif\",\"contentUrl\":\"https:\\\/\\\/www.rassegnastampa-totustuus.it\\\/cattolica\\\/wp-content\\\/uploads\\\/2014\\\/04\\\/logo-rassegna1.gif\",\"width\":600,\"height\":163,\"caption\":\"Rassegna Stampa Cattolica\"},\"image\":{\"@id\":\"https:\\\/\\\/www.rassegnastampa-totustuus.it\\\/cattolica\\\/#\\\/schema\\\/logo\\\/image\\\/\"},\"sameAs\":[\"https:\\\/\\\/www.facebook.com\\\/rassegnastampacattolica\",\"https:\\\/\\\/x.com\\\/rassegnastampa9\"]},{\"@type\":\"Person\",\"@id\":\"https:\\\/\\\/www.rassegnastampa-totustuus.it\\\/cattolica\\\/#\\\/schema\\\/person\\\/08f319d2bd1a0904ad9e2bfb7b15e5c3\",\"name\":\"Redazione\",\"image\":{\"@type\":\"ImageObject\",\"inLanguage\":\"it-IT\",\"@id\":\"https:\\\/\\\/secure.gravatar.com\\\/avatar\\\/2fcdf27c78ea025fbdb44e914cc63c72249ffec9dc8aafd5c82b26240ef3f346?s=96&d=mm&r=g\",\"url\":\"https:\\\/\\\/secure.gravatar.com\\\/avatar\\\/2fcdf27c78ea025fbdb44e914cc63c72249ffec9dc8aafd5c82b26240ef3f346?s=96&d=mm&r=g\",\"contentUrl\":\"https:\\\/\\\/secure.gravatar.com\\\/avatar\\\/2fcdf27c78ea025fbdb44e914cc63c72249ffec9dc8aafd5c82b26240ef3f346?s=96&d=mm&r=g\",\"caption\":\"Redazione\"},\"url\":\"https:\\\/\\\/www.rassegnastampa-totustuus.it\\\/cattolica\\\/author\\\/pietroelle\\\/\"}]}<\/script>\n<!-- \/ Yoast SEO plugin. -->","yoast_head_json":{"title":"Ultimo baluardo dei balcani - Rassegna Stampa Cattolica","description":"Rassegna Stampa Cattolica - Per una cultura che nasce dalla Rivelazione cristiana in conformit\u00e0 alla tradizione e al Magistero della Chiesa in opposizione ad ogni relativismo e totalitarismo","robots":{"index":"index","follow":"follow","max-snippet":"max-snippet:-1","max-image-preview":"max-image-preview:large","max-video-preview":"max-video-preview:-1"},"canonical":"https:\/\/www.rassegnastampa-totustuus.it\/cattolica\/ultimo-baluardo-dei-balcani\/","og_locale":"it_IT","og_type":"article","og_title":"Ultimo baluardo dei balcani - Rassegna Stampa Cattolica","og_description":"Rassegna Stampa Cattolica - Per una cultura che nasce dalla Rivelazione cristiana in conformit\u00e0 alla tradizione e al Magistero della Chiesa in opposizione ad ogni relativismo e totalitarismo","og_url":"https:\/\/www.rassegnastampa-totustuus.it\/cattolica\/ultimo-baluardo-dei-balcani\/","og_site_name":"Rassegna Stampa Cattolica","article_publisher":"https:\/\/www.facebook.com\/rassegnastampacattolica","article_published_time":"2005-08-30T22:00:00+00:00","article_modified_time":"2016-04-19T06:46:17+00:00","og_image":[{"width":278,"height":181,"url":"https:\/\/www.rassegnastampa-totustuus.it\/cattolica\/wp-content\/uploads\/2005\/08\/Serbia.jpg","type":"image\/jpeg"}],"author":"Redazione","twitter_card":"summary_large_image","twitter_creator":"@rassegnastampa9","twitter_site":"@rassegnastampa9","twitter_misc":{"Scritto da":"Redazione","Tempo di lettura stimato":"8 minuti"},"schema":{"@context":"https:\/\/schema.org","@graph":[{"@type":"Article","@id":"https:\/\/www.rassegnastampa-totustuus.it\/cattolica\/ultimo-baluardo-dei-balcani\/#article","isPartOf":{"@id":"https:\/\/www.rassegnastampa-totustuus.it\/cattolica\/ultimo-baluardo-dei-balcani\/"},"author":{"name":"Redazione","@id":"https:\/\/www.rassegnastampa-totustuus.it\/cattolica\/#\/schema\/person\/08f319d2bd1a0904ad9e2bfb7b15e5c3"},"headline":"Ultimo baluardo dei balcani","datePublished":"2005-08-30T22:00:00+00:00","dateModified":"2016-04-19T06:46:17+00:00","mainEntityOfPage":{"@id":"https:\/\/www.rassegnastampa-totustuus.it\/cattolica\/ultimo-baluardo-dei-balcani\/"},"wordCount":1627,"publisher":{"@id":"https:\/\/www.rassegnastampa-totustuus.it\/cattolica\/#organization"},"image":{"@id":"https:\/\/www.rassegnastampa-totustuus.it\/cattolica\/ultimo-baluardo-dei-balcani\/#primaryimage"},"thumbnailUrl":"https:\/\/www.rassegnastampa-totustuus.it\/cattolica\/wp-content\/uploads\/2005\/08\/Serbia.jpg","keywords":["Islam storia","Serbia"],"articleSection":["Islam","Medioevo","Storia"],"inLanguage":"it-IT"},{"@type":"WebPage","@id":"https:\/\/www.rassegnastampa-totustuus.it\/cattolica\/ultimo-baluardo-dei-balcani\/","url":"https:\/\/www.rassegnastampa-totustuus.it\/cattolica\/ultimo-baluardo-dei-balcani\/","name":"Ultimo baluardo dei balcani - Rassegna Stampa Cattolica","isPartOf":{"@id":"https:\/\/www.rassegnastampa-totustuus.it\/cattolica\/#website"},"primaryImageOfPage":{"@id":"https:\/\/www.rassegnastampa-totustuus.it\/cattolica\/ultimo-baluardo-dei-balcani\/#primaryimage"},"image":{"@id":"https:\/\/www.rassegnastampa-totustuus.it\/cattolica\/ultimo-baluardo-dei-balcani\/#primaryimage"},"thumbnailUrl":"https:\/\/www.rassegnastampa-totustuus.it\/cattolica\/wp-content\/uploads\/2005\/08\/Serbia.jpg","datePublished":"2005-08-30T22:00:00+00:00","dateModified":"2016-04-19T06:46:17+00:00","description":"Rassegna Stampa Cattolica - Per una cultura che nasce dalla Rivelazione cristiana in conformit\u00e0 alla tradizione e al Magistero della Chiesa in opposizione ad ogni relativismo e totalitarismo","breadcrumb":{"@id":"https:\/\/www.rassegnastampa-totustuus.it\/cattolica\/ultimo-baluardo-dei-balcani\/#breadcrumb"},"inLanguage":"it-IT","potentialAction":[{"@type":"ReadAction","target":["https:\/\/www.rassegnastampa-totustuus.it\/cattolica\/ultimo-baluardo-dei-balcani\/"]}]},{"@type":"ImageObject","inLanguage":"it-IT","@id":"https:\/\/www.rassegnastampa-totustuus.it\/cattolica\/ultimo-baluardo-dei-balcani\/#primaryimage","url":"https:\/\/www.rassegnastampa-totustuus.it\/cattolica\/wp-content\/uploads\/2005\/08\/Serbia.jpg","contentUrl":"https:\/\/www.rassegnastampa-totustuus.it\/cattolica\/wp-content\/uploads\/2005\/08\/Serbia.jpg","width":278,"height":181},{"@type":"BreadcrumbList","@id":"https:\/\/www.rassegnastampa-totustuus.it\/cattolica\/ultimo-baluardo-dei-balcani\/#breadcrumb","itemListElement":[{"@type":"ListItem","position":1,"name":"Home","item":"https:\/\/www.rassegnastampa-totustuus.it\/cattolica\/"},{"@type":"ListItem","position":2,"name":"Ultimo baluardo dei balcani"}]},{"@type":"WebSite","@id":"https:\/\/www.rassegnastampa-totustuus.it\/cattolica\/#website","url":"https:\/\/www.rassegnastampa-totustuus.it\/cattolica\/","name":"Rassegna Stampa Cattolica","description":"Per una cultura che nasce dalla Rivelazione cristiana in conformit\u00e0 alla tradizione e al Magistero della Chiesa in opposizione ad ogni relativismo e totalitarismo","publisher":{"@id":"https:\/\/www.rassegnastampa-totustuus.it\/cattolica\/#organization"},"alternateName":"Rass. Cattolica","potentialAction":[{"@type":"SearchAction","target":{"@type":"EntryPoint","urlTemplate":"https:\/\/www.rassegnastampa-totustuus.it\/cattolica\/?s={search_term_string}"},"query-input":{"@type":"PropertyValueSpecification","valueRequired":true,"valueName":"search_term_string"}}],"inLanguage":"it-IT"},{"@type":"Organization","@id":"https:\/\/www.rassegnastampa-totustuus.it\/cattolica\/#organization","name":"Rassegna Stampa Cattolica","url":"https:\/\/www.rassegnastampa-totustuus.it\/cattolica\/","logo":{"@type":"ImageObject","inLanguage":"it-IT","@id":"https:\/\/www.rassegnastampa-totustuus.it\/cattolica\/#\/schema\/logo\/image\/","url":"https:\/\/www.rassegnastampa-totustuus.it\/cattolica\/wp-content\/uploads\/2014\/04\/logo-rassegna1.gif","contentUrl":"https:\/\/www.rassegnastampa-totustuus.it\/cattolica\/wp-content\/uploads\/2014\/04\/logo-rassegna1.gif","width":600,"height":163,"caption":"Rassegna Stampa Cattolica"},"image":{"@id":"https:\/\/www.rassegnastampa-totustuus.it\/cattolica\/#\/schema\/logo\/image\/"},"sameAs":["https:\/\/www.facebook.com\/rassegnastampacattolica","https:\/\/x.com\/rassegnastampa9"]},{"@type":"Person","@id":"https:\/\/www.rassegnastampa-totustuus.it\/cattolica\/#\/schema\/person\/08f319d2bd1a0904ad9e2bfb7b15e5c3","name":"Redazione","image":{"@type":"ImageObject","inLanguage":"it-IT","@id":"https:\/\/secure.gravatar.com\/avatar\/2fcdf27c78ea025fbdb44e914cc63c72249ffec9dc8aafd5c82b26240ef3f346?s=96&d=mm&r=g","url":"https:\/\/secure.gravatar.com\/avatar\/2fcdf27c78ea025fbdb44e914cc63c72249ffec9dc8aafd5c82b26240ef3f346?s=96&d=mm&r=g","contentUrl":"https:\/\/secure.gravatar.com\/avatar\/2fcdf27c78ea025fbdb44e914cc63c72249ffec9dc8aafd5c82b26240ef3f346?s=96&d=mm&r=g","caption":"Redazione"},"url":"https:\/\/www.rassegnastampa-totustuus.it\/cattolica\/author\/pietroelle\/"}]}},"_links":{"self":[{"href":"https:\/\/www.rassegnastampa-totustuus.it\/cattolica\/wp-json\/wp\/v2\/posts\/1227","targetHints":{"allow":["GET"]}}],"collection":[{"href":"https:\/\/www.rassegnastampa-totustuus.it\/cattolica\/wp-json\/wp\/v2\/posts"}],"about":[{"href":"https:\/\/www.rassegnastampa-totustuus.it\/cattolica\/wp-json\/wp\/v2\/types\/post"}],"author":[{"embeddable":true,"href":"https:\/\/www.rassegnastampa-totustuus.it\/cattolica\/wp-json\/wp\/v2\/users\/6"}],"replies":[{"embeddable":true,"href":"https:\/\/www.rassegnastampa-totustuus.it\/cattolica\/wp-json\/wp\/v2\/comments?post=1227"}],"version-history":[{"count":4,"href":"https:\/\/www.rassegnastampa-totustuus.it\/cattolica\/wp-json\/wp\/v2\/posts\/1227\/revisions"}],"predecessor-version":[{"id":33004,"href":"https:\/\/www.rassegnastampa-totustuus.it\/cattolica\/wp-json\/wp\/v2\/posts\/1227\/revisions\/33004"}],"wp:featuredmedia":[{"embeddable":true,"href":"https:\/\/www.rassegnastampa-totustuus.it\/cattolica\/wp-json\/wp\/v2\/media\/33003"}],"wp:attachment":[{"href":"https:\/\/www.rassegnastampa-totustuus.it\/cattolica\/wp-json\/wp\/v2\/media?parent=1227"}],"wp:term":[{"taxonomy":"category","embeddable":true,"href":"https:\/\/www.rassegnastampa-totustuus.it\/cattolica\/wp-json\/wp\/v2\/categories?post=1227"},{"taxonomy":"post_tag","embeddable":true,"href":"https:\/\/www.rassegnastampa-totustuus.it\/cattolica\/wp-json\/wp\/v2\/tags?post=1227"}],"curies":[{"name":"wp","href":"https:\/\/api.w.org\/{rel}","templated":true}]}}