{"id":1219,"date":"2005-08-26T00:00:00","date_gmt":"2005-08-25T22:00:00","guid":{"rendered":""},"modified":"2016-04-07T12:34:48","modified_gmt":"2016-04-07T10:34:48","slug":"la-vendetta-dei-superstiti-ebrei-carnefici-dopo-il-lager","status":"publish","type":"post","link":"https:\/\/www.rassegnastampa-totustuus.it\/cattolica\/la-vendetta-dei-superstiti-ebrei-carnefici-dopo-il-lager\/","title":{"rendered":"La vendetta dei superstiti. Ebrei carnefici dopo il lager"},"content":{"rendered":"<div style=\"text-align: center;\"><strong><img loading=\"lazy\" decoding=\"async\" class=\"alignleft wp-image-32518\" src=\"https:\/\/www.rassegnastampa-totustuus.it\/cattolica\/wp-content\/uploads\/2005\/08\/SacK_cover.jpg\" alt=\"SacK_cover\" width=\"250\" height=\"177\" \/>La Stampa<\/strong> del 20 settembre 1995<\/div>\n<p style=\"text-align: center;\"><em>Un\u2019inchiesta &#8220;scandalosa&#8221; sul massacro di 80mila tedeschi fra il \u201945 e il \u201848<\/em><\/p>\n<p style=\"text-align: center;\">di <strong>Bruno Ventavoli<\/strong><\/p>\n<p><!--more--><\/p>\n<div style=\"text-align: justify;\">Ad Auschwitz sono stati massacrati, umiliati, svuotati. Ma poi si sono vendicati con durezza quasi equivalente contro tedeschi inermi. E\u2019 la tragedia rimossa di un gruppo di ebrei, sopravvissuti ai lager, che alla fine della guerra comandarono campi di prigionia e fecero morire tra il \u201945 e il \u201948, 60-80mila cittadini dell\u2019ex Terzo Reich. Un capitolo atroce e oscuro riaperto dal giornalista americano-ebreo John Sack nel libro <em>Occhio per occhio<\/em>, in uscita da Balfino&amp;Castaldi.<\/div>\n<p style=\"text-align: justify;\">In Germania l\u2019inchiesta \u00e8 stata al centro di una clamorosa polemica: l\u2019editore Piper, dopo le proteste indignate di molti storici, decise di non pubblicare lo scottante reportage e mand\u00f2 al macero le 6mila copie gi\u00e0 stampate (poi il libro \u00e8 apparso comunque, per i tipi di Kabel).<\/p>\n<p style=\"text-align: justify;\">John Sack, esempio di giornalismo investigativo americano (\u00e8 stato in Corea, Vietnam, Iraq, sempre in prima linea), ricostruisce una vicenda terribile (e anche facilmente strumentalizzabile).<\/p>\n<p style=\"text-align: justify;\">Quando gli alleati sconfissero Hitler, si misero d\u2019accordo con Stalin per espellere dalla Polonia circa 12milioni di tedeschi, purch\u00e9 questa pulizia etnica si svolgesse in \u00abmaniera ordinata e umana\u00bb. Furono creati 1.225 campi di concentramento, posti sotto il controllo di uno speciale servizio di sicurezza di Stato diretto all\u2019inizio (sempre per volere di Stalin) al 70%, da ebrei scampati all\u2019Olocausto.<\/p>\n<p style=\"text-align: justify;\">Secondo Sack questi ebrei furono messi nella condizione di diventare carnefici dei loro antichi carnefici. E lo fecero, applicando con rabbiosa coerenza la legge del taglione, all\u2019insaputa delle autorit\u00e0 russe e polacche di nascosto dalla Croce Rossa Internazionale.<\/p>\n<p style=\"text-align: justify;\">Avevano il compito di rintracciare vecchie SS, delatori, fiancheggiatori del nazismo. Ma lasciarono morire di torture, maltrattamenti, tifo, solo civili innocenti che avevano come unica colpa quella di essere cittadini dell\u2019impero del male.<\/p>\n<p style=\"text-align: justify;\">\u00abNell\u201986 ho scoperto l\u2019esistenza di Lola, una donna che era sfuggita miracolosamente da Aushwitz &#8211; dice Sack -. Quando usc\u00ec dal lager pesava 33 chili, i nazisti le avevano ucciso la figlia di un anno, sterminato gran parte della famiglia e degli amici. Quando l\u2019esercito di Hitler si ritir\u00f2 dalla Polonia, le affidarono il comando di una prigione di tedeschi.\u00a0Per qualche mese Lola, imbevuta fin da piccola delle sacre scritture, dimentic\u00f2 che il dovere di ogni ebreo \u00e8 quello di essere misericordioso. Dal febbraio all\u2019ottobre \u201945, maltratt\u00f2 e tortur\u00f2 decine di persone. Ne lasci\u00f2 morire 2.400 quasi per rimarginare con l\u2019odio le ferite che le SS le avevano aperto. Poi ebbe paura dell\u2019orrore in cui era sprofondata, fugg\u00ec dalla Polonia, si rifece una vita in America, ritorn\u00f2 a Dio. Altri, invece, continuarono per alcuni anni a vendicarsi. Quando ho scoperto questa storia ho deciso di indagare, cercare di capire perch\u00e9 questi ebrei erano arrivati a comportarsi come i loro antichi aguzzini, e infine a redimersi\u00bb.<\/p>\n<p style=\"text-align: justify;\">Di fronte all\u2019uscita di <em>Occhio per occhio<\/em> molti hanno subito gridato allo scandalo, alla menzogna. \u00abTutto falso\u00bb, \u00abUna montatura\u00bb, dissero sprezzanti i pochi giornali che si occuparono del libro ma Sach ha dimostrato che tutta la ricostruzione dei fatti si basava su documenti (appena usciti dagli ex archivi comunisti), sulle interviste di testimoni e di 24 ex guardie con la divisa verde oliva e la Luger nella fondina. Aveva dalla sua parte montagne di carte segrete, 300 ore di interviste registrate.<\/p>\n<p style=\"text-align: justify;\">La stessa Lola, ancora viva, ha letto il volume e ha rimarcato un solo risibile errore nella data di un suo passaggio a Parigi. Gli stupri, le percosse, il ragazzino massacrato solo perch\u00e9 aveva pantaloni neri (da boy scout), sono tutti terribilmente veri.<\/p>\n<p style=\"text-align: justify;\">Lola, sebbene gonfia di giustificato odio, appare simile nei modi alle Kap\u00f2. Ma non \u00e8 scorretto metodologicamente raccontare la storia in questo modo, confondendo vicende individuali con l\u2019universale? Non si rischia di mettere sullo stesso piano Auschwitz e il piccolo carcere di Gleiwitz? Di annacquare la radicale unicit\u00e0 dell\u2019Olocausto paragonandolo a un angolo limitato di Slesia?<\/p>\n<p style=\"text-align: justify;\">\u00abAssolutamente no &#8211; risponde Sach -. Dal mio libro risulta chiaro che i due fatti sono incommensurabili. Lola e i suoi amici non avevano programmato lo sterminio del popolo tedesco, non avevano mobilitato per farlo tutti gli ebrei. Non erano convinti di fare la cosa giusta, erano ben consapevoli di fare del male. E dopo qualche tempo sono fuggiti, cercando una redenzione. No, le due tragedie sono diverse sia dal punto di vista morale, sia da quello cinicamente quantitativo. Nei campi polacchi sono morti il 2% delle vittime dei lager. Ho scritto il libro cercando le cause profonde di questa tragedia, proprio per evitare che un ebreo fosse scandalosamente paragonato a una SS\u00bb.<\/p>\n<p style=\"text-align: justify;\">Il racconto dell\u2019inferno non risparmia ripugnanti scene di violenza (anche a sfondo sessuale), nella pi\u00f9 schietta tradizione del giornalismo sensazionalistico americano. Non pensa Sack che questo sadismo dello sguardo possa nuocere alla credibilit\u00e0 della Storia? Primo Levi o Bettelheim hanno mostrato che l\u2019orrore pu\u00f2 sgorgare anche da un linguaggio chimico, sobrio, mondato.<\/p>\n<p style=\"text-align: justify;\">\u00abQuesti due scrittori sono eccezioni nella letteratura sul lager. Hanno voluto esorcizzare con la ragione la brutalit\u00e0 degli uomini. E\u2019 un\u2019operazione riuscita nei libri, ma non nelle loro anime. Il dolore, la barbarie, sono rimasti nei loro cuori e credo che, alla fine, li abbia spinti al suicidio. Mi \u00e8 stato raccontato che un gruppo di donne furono costrette a disseppellire dei cadaveri e mimare degli amplessi con i corpi in putrefazione. Che cosa dovevo fare di fronte a simili atrocit\u00e0? Raccontare gli episodi cos\u00ec come si erano svolti, senza cercare di limare o gonfiare l\u2019orrore. Era l\u2019unico contributo per comprendere la tragedia\u00bb.<\/p>\n<p style=\"text-align: justify;\">Cosa ha spinto Sack a immergersi in questo massacro rimosso? Amore per la verit\u00e0 o gusto tutto giornalistico per una storia sensazionale? \u00abScavando nella storia dimenticata di quei campi polacchi mi sono ritrovato all\u2019inferno. Ma ho capito che dovevo andare avanti. La spinta era diversa, pi\u00f9 profonda: ancestrale. La Torah dice di rendere una testimonianza onesta, dice che se qualcuno pecca e noi lo sappiamo ma non lo riferiamo, siamo colpevoli anche noi\u00bb.<\/p>\n","protected":false},"excerpt":{"rendered":"<p>La Stampa del 20 settembre 1995 Un\u2019inchiesta &#8220;scandalosa&#8221; sul massacro di 80mila tedeschi fra il \u201945 e il \u201848 di Bruno Ventavoli<\/p><p><a class=\"more-link btn\" href=\"https:\/\/www.rassegnastampa-totustuus.it\/cattolica\/la-vendetta-dei-superstiti-ebrei-carnefici-dopo-il-lager\/\">Continua a leggere<\/a><\/p>\n","protected":false},"author":6,"featured_media":32518,"comment_status":"closed","ping_status":"open","sticky":false,"template":"","format":"standard","meta":{"footnotes":""},"categories":[90,24],"tags":[922,886],"class_list":["post-1219","post","type-post","status-publish","format-standard","has-post-thumbnail","hentry","category-ii-guerra-mondiale","category-storia","tag-ebrei","tag-olocausto","item-wrap"],"yoast_head":"<!-- This site is optimized with the Yoast SEO plugin v27.5 - https:\/\/yoast.com\/product\/yoast-seo-wordpress\/ -->\n<title>La vendetta dei superstiti. Ebrei carnefici dopo il lager - Rassegna Stampa Cattolica<\/title>\n<meta name=\"description\" content=\"Rassegna Stampa Cattolica - Per una cultura che nasce dalla Rivelazione cristiana in conformit\u00e0 alla tradizione e al Magistero della Chiesa in opposizione ad ogni relativismo e totalitarismo\" \/>\n<meta name=\"robots\" content=\"index, follow, max-snippet:-1, max-image-preview:large, max-video-preview:-1\" \/>\n<link rel=\"canonical\" href=\"https:\/\/www.rassegnastampa-totustuus.it\/cattolica\/la-vendetta-dei-superstiti-ebrei-carnefici-dopo-il-lager\/\" \/>\n<meta property=\"og:locale\" content=\"it_IT\" \/>\n<meta property=\"og:type\" content=\"article\" \/>\n<meta property=\"og:title\" content=\"La vendetta dei superstiti. Ebrei carnefici dopo il lager - Rassegna Stampa Cattolica\" \/>\n<meta property=\"og:description\" content=\"Rassegna Stampa Cattolica - Per una cultura che nasce dalla Rivelazione cristiana in conformit\u00e0 alla tradizione e al Magistero della Chiesa in opposizione ad ogni relativismo e totalitarismo\" \/>\n<meta property=\"og:url\" content=\"https:\/\/www.rassegnastampa-totustuus.it\/cattolica\/la-vendetta-dei-superstiti-ebrei-carnefici-dopo-il-lager\/\" \/>\n<meta property=\"og:site_name\" content=\"Rassegna Stampa Cattolica\" \/>\n<meta property=\"article:publisher\" content=\"https:\/\/www.facebook.com\/rassegnastampacattolica\" \/>\n<meta property=\"article:published_time\" content=\"2005-08-25T22:00:00+00:00\" \/>\n<meta property=\"article:modified_time\" content=\"2016-04-07T10:34:48+00:00\" \/>\n<meta property=\"og:image\" content=\"https:\/\/www.rassegnastampa-totustuus.it\/cattolica\/wp-content\/uploads\/2005\/08\/SacK_cover.jpg\" \/>\n\t<meta property=\"og:image:width\" content=\"267\" \/>\n\t<meta property=\"og:image:height\" content=\"189\" \/>\n\t<meta property=\"og:image:type\" content=\"image\/jpeg\" \/>\n<meta name=\"author\" content=\"Redazione\" \/>\n<meta name=\"twitter:card\" content=\"summary_large_image\" \/>\n<meta name=\"twitter:creator\" content=\"@rassegnastampa9\" \/>\n<meta name=\"twitter:site\" content=\"@rassegnastampa9\" \/>\n<meta name=\"twitter:label1\" content=\"Scritto da\" \/>\n\t<meta name=\"twitter:data1\" content=\"Redazione\" \/>\n\t<meta name=\"twitter:label2\" content=\"Tempo di lettura stimato\" \/>\n\t<meta name=\"twitter:data2\" content=\"5 minuti\" \/>\n<script type=\"application\/ld+json\" class=\"yoast-schema-graph\">{\"@context\":\"https:\\\/\\\/schema.org\",\"@graph\":[{\"@type\":\"Article\",\"@id\":\"https:\\\/\\\/www.rassegnastampa-totustuus.it\\\/cattolica\\\/la-vendetta-dei-superstiti-ebrei-carnefici-dopo-il-lager\\\/#article\",\"isPartOf\":{\"@id\":\"https:\\\/\\\/www.rassegnastampa-totustuus.it\\\/cattolica\\\/la-vendetta-dei-superstiti-ebrei-carnefici-dopo-il-lager\\\/\"},\"author\":{\"name\":\"Redazione\",\"@id\":\"https:\\\/\\\/www.rassegnastampa-totustuus.it\\\/cattolica\\\/#\\\/schema\\\/person\\\/08f319d2bd1a0904ad9e2bfb7b15e5c3\"},\"headline\":\"La vendetta dei superstiti. Ebrei carnefici dopo il lager\",\"datePublished\":\"2005-08-25T22:00:00+00:00\",\"dateModified\":\"2016-04-07T10:34:48+00:00\",\"mainEntityOfPage\":{\"@id\":\"https:\\\/\\\/www.rassegnastampa-totustuus.it\\\/cattolica\\\/la-vendetta-dei-superstiti-ebrei-carnefici-dopo-il-lager\\\/\"},\"wordCount\":1001,\"publisher\":{\"@id\":\"https:\\\/\\\/www.rassegnastampa-totustuus.it\\\/cattolica\\\/#organization\"},\"image\":{\"@id\":\"https:\\\/\\\/www.rassegnastampa-totustuus.it\\\/cattolica\\\/la-vendetta-dei-superstiti-ebrei-carnefici-dopo-il-lager\\\/#primaryimage\"},\"thumbnailUrl\":\"https:\\\/\\\/www.rassegnastampa-totustuus.it\\\/cattolica\\\/wp-content\\\/uploads\\\/2005\\\/08\\\/SacK_cover.jpg\",\"keywords\":[\"ebrei\",\"olocausto\"],\"articleSection\":[\"II Guerra Mondiale\",\"Storia\"],\"inLanguage\":\"it-IT\"},{\"@type\":\"WebPage\",\"@id\":\"https:\\\/\\\/www.rassegnastampa-totustuus.it\\\/cattolica\\\/la-vendetta-dei-superstiti-ebrei-carnefici-dopo-il-lager\\\/\",\"url\":\"https:\\\/\\\/www.rassegnastampa-totustuus.it\\\/cattolica\\\/la-vendetta-dei-superstiti-ebrei-carnefici-dopo-il-lager\\\/\",\"name\":\"La vendetta dei superstiti. Ebrei carnefici dopo il lager - Rassegna Stampa Cattolica\",\"isPartOf\":{\"@id\":\"https:\\\/\\\/www.rassegnastampa-totustuus.it\\\/cattolica\\\/#website\"},\"primaryImageOfPage\":{\"@id\":\"https:\\\/\\\/www.rassegnastampa-totustuus.it\\\/cattolica\\\/la-vendetta-dei-superstiti-ebrei-carnefici-dopo-il-lager\\\/#primaryimage\"},\"image\":{\"@id\":\"https:\\\/\\\/www.rassegnastampa-totustuus.it\\\/cattolica\\\/la-vendetta-dei-superstiti-ebrei-carnefici-dopo-il-lager\\\/#primaryimage\"},\"thumbnailUrl\":\"https:\\\/\\\/www.rassegnastampa-totustuus.it\\\/cattolica\\\/wp-content\\\/uploads\\\/2005\\\/08\\\/SacK_cover.jpg\",\"datePublished\":\"2005-08-25T22:00:00+00:00\",\"dateModified\":\"2016-04-07T10:34:48+00:00\",\"description\":\"Rassegna Stampa Cattolica - Per una cultura che nasce dalla Rivelazione cristiana in conformit\u00e0 alla tradizione e al Magistero della Chiesa in opposizione ad ogni relativismo e totalitarismo\",\"breadcrumb\":{\"@id\":\"https:\\\/\\\/www.rassegnastampa-totustuus.it\\\/cattolica\\\/la-vendetta-dei-superstiti-ebrei-carnefici-dopo-il-lager\\\/#breadcrumb\"},\"inLanguage\":\"it-IT\",\"potentialAction\":[{\"@type\":\"ReadAction\",\"target\":[\"https:\\\/\\\/www.rassegnastampa-totustuus.it\\\/cattolica\\\/la-vendetta-dei-superstiti-ebrei-carnefici-dopo-il-lager\\\/\"]}]},{\"@type\":\"ImageObject\",\"inLanguage\":\"it-IT\",\"@id\":\"https:\\\/\\\/www.rassegnastampa-totustuus.it\\\/cattolica\\\/la-vendetta-dei-superstiti-ebrei-carnefici-dopo-il-lager\\\/#primaryimage\",\"url\":\"https:\\\/\\\/www.rassegnastampa-totustuus.it\\\/cattolica\\\/wp-content\\\/uploads\\\/2005\\\/08\\\/SacK_cover.jpg\",\"contentUrl\":\"https:\\\/\\\/www.rassegnastampa-totustuus.it\\\/cattolica\\\/wp-content\\\/uploads\\\/2005\\\/08\\\/SacK_cover.jpg\",\"width\":267,\"height\":189},{\"@type\":\"BreadcrumbList\",\"@id\":\"https:\\\/\\\/www.rassegnastampa-totustuus.it\\\/cattolica\\\/la-vendetta-dei-superstiti-ebrei-carnefici-dopo-il-lager\\\/#breadcrumb\",\"itemListElement\":[{\"@type\":\"ListItem\",\"position\":1,\"name\":\"Home\",\"item\":\"https:\\\/\\\/www.rassegnastampa-totustuus.it\\\/cattolica\\\/\"},{\"@type\":\"ListItem\",\"position\":2,\"name\":\"La vendetta dei superstiti. Ebrei carnefici dopo il lager\"}]},{\"@type\":\"WebSite\",\"@id\":\"https:\\\/\\\/www.rassegnastampa-totustuus.it\\\/cattolica\\\/#website\",\"url\":\"https:\\\/\\\/www.rassegnastampa-totustuus.it\\\/cattolica\\\/\",\"name\":\"Rassegna Stampa Cattolica\",\"description\":\"Per una cultura che nasce dalla Rivelazione cristiana in conformit\u00e0 alla tradizione e al Magistero della Chiesa in opposizione ad ogni relativismo e totalitarismo\",\"publisher\":{\"@id\":\"https:\\\/\\\/www.rassegnastampa-totustuus.it\\\/cattolica\\\/#organization\"},\"alternateName\":\"Rass. Cattolica\",\"potentialAction\":[{\"@type\":\"SearchAction\",\"target\":{\"@type\":\"EntryPoint\",\"urlTemplate\":\"https:\\\/\\\/www.rassegnastampa-totustuus.it\\\/cattolica\\\/?s={search_term_string}\"},\"query-input\":{\"@type\":\"PropertyValueSpecification\",\"valueRequired\":true,\"valueName\":\"search_term_string\"}}],\"inLanguage\":\"it-IT\"},{\"@type\":\"Organization\",\"@id\":\"https:\\\/\\\/www.rassegnastampa-totustuus.it\\\/cattolica\\\/#organization\",\"name\":\"Rassegna Stampa Cattolica\",\"url\":\"https:\\\/\\\/www.rassegnastampa-totustuus.it\\\/cattolica\\\/\",\"logo\":{\"@type\":\"ImageObject\",\"inLanguage\":\"it-IT\",\"@id\":\"https:\\\/\\\/www.rassegnastampa-totustuus.it\\\/cattolica\\\/#\\\/schema\\\/logo\\\/image\\\/\",\"url\":\"https:\\\/\\\/www.rassegnastampa-totustuus.it\\\/cattolica\\\/wp-content\\\/uploads\\\/2014\\\/04\\\/logo-rassegna1.gif\",\"contentUrl\":\"https:\\\/\\\/www.rassegnastampa-totustuus.it\\\/cattolica\\\/wp-content\\\/uploads\\\/2014\\\/04\\\/logo-rassegna1.gif\",\"width\":600,\"height\":163,\"caption\":\"Rassegna Stampa Cattolica\"},\"image\":{\"@id\":\"https:\\\/\\\/www.rassegnastampa-totustuus.it\\\/cattolica\\\/#\\\/schema\\\/logo\\\/image\\\/\"},\"sameAs\":[\"https:\\\/\\\/www.facebook.com\\\/rassegnastampacattolica\",\"https:\\\/\\\/x.com\\\/rassegnastampa9\"]},{\"@type\":\"Person\",\"@id\":\"https:\\\/\\\/www.rassegnastampa-totustuus.it\\\/cattolica\\\/#\\\/schema\\\/person\\\/08f319d2bd1a0904ad9e2bfb7b15e5c3\",\"name\":\"Redazione\",\"image\":{\"@type\":\"ImageObject\",\"inLanguage\":\"it-IT\",\"@id\":\"https:\\\/\\\/secure.gravatar.com\\\/avatar\\\/2fcdf27c78ea025fbdb44e914cc63c72249ffec9dc8aafd5c82b26240ef3f346?s=96&d=mm&r=g\",\"url\":\"https:\\\/\\\/secure.gravatar.com\\\/avatar\\\/2fcdf27c78ea025fbdb44e914cc63c72249ffec9dc8aafd5c82b26240ef3f346?s=96&d=mm&r=g\",\"contentUrl\":\"https:\\\/\\\/secure.gravatar.com\\\/avatar\\\/2fcdf27c78ea025fbdb44e914cc63c72249ffec9dc8aafd5c82b26240ef3f346?s=96&d=mm&r=g\",\"caption\":\"Redazione\"},\"url\":\"https:\\\/\\\/www.rassegnastampa-totustuus.it\\\/cattolica\\\/author\\\/pietroelle\\\/\"}]}<\/script>\n<!-- \/ Yoast SEO plugin. -->","yoast_head_json":{"title":"La vendetta dei superstiti. Ebrei carnefici dopo il lager - Rassegna Stampa Cattolica","description":"Rassegna Stampa Cattolica - Per una cultura che nasce dalla Rivelazione cristiana in conformit\u00e0 alla tradizione e al Magistero della Chiesa in opposizione ad ogni relativismo e totalitarismo","robots":{"index":"index","follow":"follow","max-snippet":"max-snippet:-1","max-image-preview":"max-image-preview:large","max-video-preview":"max-video-preview:-1"},"canonical":"https:\/\/www.rassegnastampa-totustuus.it\/cattolica\/la-vendetta-dei-superstiti-ebrei-carnefici-dopo-il-lager\/","og_locale":"it_IT","og_type":"article","og_title":"La vendetta dei superstiti. Ebrei carnefici dopo il lager - Rassegna Stampa Cattolica","og_description":"Rassegna Stampa Cattolica - Per una cultura che nasce dalla Rivelazione cristiana in conformit\u00e0 alla tradizione e al Magistero della Chiesa in opposizione ad ogni relativismo e totalitarismo","og_url":"https:\/\/www.rassegnastampa-totustuus.it\/cattolica\/la-vendetta-dei-superstiti-ebrei-carnefici-dopo-il-lager\/","og_site_name":"Rassegna Stampa Cattolica","article_publisher":"https:\/\/www.facebook.com\/rassegnastampacattolica","article_published_time":"2005-08-25T22:00:00+00:00","article_modified_time":"2016-04-07T10:34:48+00:00","og_image":[{"width":267,"height":189,"url":"https:\/\/www.rassegnastampa-totustuus.it\/cattolica\/wp-content\/uploads\/2005\/08\/SacK_cover.jpg","type":"image\/jpeg"}],"author":"Redazione","twitter_card":"summary_large_image","twitter_creator":"@rassegnastampa9","twitter_site":"@rassegnastampa9","twitter_misc":{"Scritto da":"Redazione","Tempo di lettura stimato":"5 minuti"},"schema":{"@context":"https:\/\/schema.org","@graph":[{"@type":"Article","@id":"https:\/\/www.rassegnastampa-totustuus.it\/cattolica\/la-vendetta-dei-superstiti-ebrei-carnefici-dopo-il-lager\/#article","isPartOf":{"@id":"https:\/\/www.rassegnastampa-totustuus.it\/cattolica\/la-vendetta-dei-superstiti-ebrei-carnefici-dopo-il-lager\/"},"author":{"name":"Redazione","@id":"https:\/\/www.rassegnastampa-totustuus.it\/cattolica\/#\/schema\/person\/08f319d2bd1a0904ad9e2bfb7b15e5c3"},"headline":"La vendetta dei superstiti. Ebrei carnefici dopo il lager","datePublished":"2005-08-25T22:00:00+00:00","dateModified":"2016-04-07T10:34:48+00:00","mainEntityOfPage":{"@id":"https:\/\/www.rassegnastampa-totustuus.it\/cattolica\/la-vendetta-dei-superstiti-ebrei-carnefici-dopo-il-lager\/"},"wordCount":1001,"publisher":{"@id":"https:\/\/www.rassegnastampa-totustuus.it\/cattolica\/#organization"},"image":{"@id":"https:\/\/www.rassegnastampa-totustuus.it\/cattolica\/la-vendetta-dei-superstiti-ebrei-carnefici-dopo-il-lager\/#primaryimage"},"thumbnailUrl":"https:\/\/www.rassegnastampa-totustuus.it\/cattolica\/wp-content\/uploads\/2005\/08\/SacK_cover.jpg","keywords":["ebrei","olocausto"],"articleSection":["II Guerra Mondiale","Storia"],"inLanguage":"it-IT"},{"@type":"WebPage","@id":"https:\/\/www.rassegnastampa-totustuus.it\/cattolica\/la-vendetta-dei-superstiti-ebrei-carnefici-dopo-il-lager\/","url":"https:\/\/www.rassegnastampa-totustuus.it\/cattolica\/la-vendetta-dei-superstiti-ebrei-carnefici-dopo-il-lager\/","name":"La vendetta dei superstiti. Ebrei carnefici dopo il lager - Rassegna Stampa Cattolica","isPartOf":{"@id":"https:\/\/www.rassegnastampa-totustuus.it\/cattolica\/#website"},"primaryImageOfPage":{"@id":"https:\/\/www.rassegnastampa-totustuus.it\/cattolica\/la-vendetta-dei-superstiti-ebrei-carnefici-dopo-il-lager\/#primaryimage"},"image":{"@id":"https:\/\/www.rassegnastampa-totustuus.it\/cattolica\/la-vendetta-dei-superstiti-ebrei-carnefici-dopo-il-lager\/#primaryimage"},"thumbnailUrl":"https:\/\/www.rassegnastampa-totustuus.it\/cattolica\/wp-content\/uploads\/2005\/08\/SacK_cover.jpg","datePublished":"2005-08-25T22:00:00+00:00","dateModified":"2016-04-07T10:34:48+00:00","description":"Rassegna Stampa Cattolica - Per una cultura che nasce dalla Rivelazione cristiana in conformit\u00e0 alla tradizione e al Magistero della Chiesa in opposizione ad ogni relativismo e totalitarismo","breadcrumb":{"@id":"https:\/\/www.rassegnastampa-totustuus.it\/cattolica\/la-vendetta-dei-superstiti-ebrei-carnefici-dopo-il-lager\/#breadcrumb"},"inLanguage":"it-IT","potentialAction":[{"@type":"ReadAction","target":["https:\/\/www.rassegnastampa-totustuus.it\/cattolica\/la-vendetta-dei-superstiti-ebrei-carnefici-dopo-il-lager\/"]}]},{"@type":"ImageObject","inLanguage":"it-IT","@id":"https:\/\/www.rassegnastampa-totustuus.it\/cattolica\/la-vendetta-dei-superstiti-ebrei-carnefici-dopo-il-lager\/#primaryimage","url":"https:\/\/www.rassegnastampa-totustuus.it\/cattolica\/wp-content\/uploads\/2005\/08\/SacK_cover.jpg","contentUrl":"https:\/\/www.rassegnastampa-totustuus.it\/cattolica\/wp-content\/uploads\/2005\/08\/SacK_cover.jpg","width":267,"height":189},{"@type":"BreadcrumbList","@id":"https:\/\/www.rassegnastampa-totustuus.it\/cattolica\/la-vendetta-dei-superstiti-ebrei-carnefici-dopo-il-lager\/#breadcrumb","itemListElement":[{"@type":"ListItem","position":1,"name":"Home","item":"https:\/\/www.rassegnastampa-totustuus.it\/cattolica\/"},{"@type":"ListItem","position":2,"name":"La vendetta dei superstiti. Ebrei carnefici dopo il lager"}]},{"@type":"WebSite","@id":"https:\/\/www.rassegnastampa-totustuus.it\/cattolica\/#website","url":"https:\/\/www.rassegnastampa-totustuus.it\/cattolica\/","name":"Rassegna Stampa Cattolica","description":"Per una cultura che nasce dalla Rivelazione cristiana in conformit\u00e0 alla tradizione e al Magistero della Chiesa in opposizione ad ogni relativismo e totalitarismo","publisher":{"@id":"https:\/\/www.rassegnastampa-totustuus.it\/cattolica\/#organization"},"alternateName":"Rass. Cattolica","potentialAction":[{"@type":"SearchAction","target":{"@type":"EntryPoint","urlTemplate":"https:\/\/www.rassegnastampa-totustuus.it\/cattolica\/?s={search_term_string}"},"query-input":{"@type":"PropertyValueSpecification","valueRequired":true,"valueName":"search_term_string"}}],"inLanguage":"it-IT"},{"@type":"Organization","@id":"https:\/\/www.rassegnastampa-totustuus.it\/cattolica\/#organization","name":"Rassegna Stampa Cattolica","url":"https:\/\/www.rassegnastampa-totustuus.it\/cattolica\/","logo":{"@type":"ImageObject","inLanguage":"it-IT","@id":"https:\/\/www.rassegnastampa-totustuus.it\/cattolica\/#\/schema\/logo\/image\/","url":"https:\/\/www.rassegnastampa-totustuus.it\/cattolica\/wp-content\/uploads\/2014\/04\/logo-rassegna1.gif","contentUrl":"https:\/\/www.rassegnastampa-totustuus.it\/cattolica\/wp-content\/uploads\/2014\/04\/logo-rassegna1.gif","width":600,"height":163,"caption":"Rassegna Stampa Cattolica"},"image":{"@id":"https:\/\/www.rassegnastampa-totustuus.it\/cattolica\/#\/schema\/logo\/image\/"},"sameAs":["https:\/\/www.facebook.com\/rassegnastampacattolica","https:\/\/x.com\/rassegnastampa9"]},{"@type":"Person","@id":"https:\/\/www.rassegnastampa-totustuus.it\/cattolica\/#\/schema\/person\/08f319d2bd1a0904ad9e2bfb7b15e5c3","name":"Redazione","image":{"@type":"ImageObject","inLanguage":"it-IT","@id":"https:\/\/secure.gravatar.com\/avatar\/2fcdf27c78ea025fbdb44e914cc63c72249ffec9dc8aafd5c82b26240ef3f346?s=96&d=mm&r=g","url":"https:\/\/secure.gravatar.com\/avatar\/2fcdf27c78ea025fbdb44e914cc63c72249ffec9dc8aafd5c82b26240ef3f346?s=96&d=mm&r=g","contentUrl":"https:\/\/secure.gravatar.com\/avatar\/2fcdf27c78ea025fbdb44e914cc63c72249ffec9dc8aafd5c82b26240ef3f346?s=96&d=mm&r=g","caption":"Redazione"},"url":"https:\/\/www.rassegnastampa-totustuus.it\/cattolica\/author\/pietroelle\/"}]}},"_links":{"self":[{"href":"https:\/\/www.rassegnastampa-totustuus.it\/cattolica\/wp-json\/wp\/v2\/posts\/1219","targetHints":{"allow":["GET"]}}],"collection":[{"href":"https:\/\/www.rassegnastampa-totustuus.it\/cattolica\/wp-json\/wp\/v2\/posts"}],"about":[{"href":"https:\/\/www.rassegnastampa-totustuus.it\/cattolica\/wp-json\/wp\/v2\/types\/post"}],"author":[{"embeddable":true,"href":"https:\/\/www.rassegnastampa-totustuus.it\/cattolica\/wp-json\/wp\/v2\/users\/6"}],"replies":[{"embeddable":true,"href":"https:\/\/www.rassegnastampa-totustuus.it\/cattolica\/wp-json\/wp\/v2\/comments?post=1219"}],"version-history":[{"count":4,"href":"https:\/\/www.rassegnastampa-totustuus.it\/cattolica\/wp-json\/wp\/v2\/posts\/1219\/revisions"}],"predecessor-version":[{"id":32519,"href":"https:\/\/www.rassegnastampa-totustuus.it\/cattolica\/wp-json\/wp\/v2\/posts\/1219\/revisions\/32519"}],"wp:featuredmedia":[{"embeddable":true,"href":"https:\/\/www.rassegnastampa-totustuus.it\/cattolica\/wp-json\/wp\/v2\/media\/32518"}],"wp:attachment":[{"href":"https:\/\/www.rassegnastampa-totustuus.it\/cattolica\/wp-json\/wp\/v2\/media?parent=1219"}],"wp:term":[{"taxonomy":"category","embeddable":true,"href":"https:\/\/www.rassegnastampa-totustuus.it\/cattolica\/wp-json\/wp\/v2\/categories?post=1219"},{"taxonomy":"post_tag","embeddable":true,"href":"https:\/\/www.rassegnastampa-totustuus.it\/cattolica\/wp-json\/wp\/v2\/tags?post=1219"}],"curies":[{"name":"wp","href":"https:\/\/api.w.org\/{rel}","templated":true}]}}