{"id":1212,"date":"2005-08-23T11:40:34","date_gmt":"2005-08-23T09:40:34","guid":{"rendered":""},"modified":"2014-11-14T12:00:25","modified_gmt":"2014-11-14T11:00:25","slug":"la-verit-sullinquisizione-spagnola","status":"publish","type":"post","link":"https:\/\/www.rassegnastampa-totustuus.it\/cattolica\/la-verit-sullinquisizione-spagnola\/","title":{"rendered":"La verit&agrave; sull&#8217;Inquisizione spagnola"},"content":{"rendered":"<div style=\"text-align: center;\"><a href=\"https:\/\/www.rassegnastampa-totustuus.it\/cattolica\/wp-content\/uploads\/2005\/08\/Inquisz_spagna.jpg\"><img loading=\"lazy\" decoding=\"async\" class=\"alignleft wp-image-13296\" src=\"https:\/\/www.rassegnastampa-totustuus.it\/cattolica\/wp-content\/uploads\/2005\/08\/Inquisz_spagna.jpg\" alt=\"Inquisz_spagna\" width=\"250\" height=\"153\" \/><\/a>Articolo in lingua originale pubblicato\u00a0in <strong>Crisis<\/strong>, Vol. 21, n. 9 Ottobre 2003<\/div>\n<p style=\"text-align: center;\">di <strong>Thomas F. Madden<\/strong><\/p>\n<p style=\"text-align: justify;\">La scena \u00e8 una stanza disadorna con una porta alla sinistra. Un giovane di bell&#8217;aspetto, infastidito da domande tediose ed irrilevanti esclama, con tono frustrato, &#8220;non mi aspettavo una specie di Inquisizione spagnola&#8221;. Improvvisamente la porta si spalanca, rivelando il cardinale Ximinez, affiancato dal cardinale Fang e dal cardinale Biggles.<\/p>\n<p style=\"text-align: justify;\"><!--more--><\/p>\n<p style=\"text-align: justify;\">&#8220;Nessuno si aspetta l&#8217;Inquisizione spagnola! &#8211; urla Ximinez &#8211; La nostra arma principale \u00e8 la sorpresa &#8230; sorpresa e paura &#8230; paura e sorpresa &#8230; Le nostre due armi sono paura e sorpresa &#8230; ed efficienza spietata &#8230; Le nostre tre armi sono paura, sorpresa ed efficienza spietata &#8230; ed una devozione quasi fanatica al papa &#8230; I nostri quattro &#8230; no &#8230; Fra le nostre armi &#8230; nel nostro armamento &#8230; elementi come paura, sorpresa &#8230; Far\u00f2 un&#8217;altra entrata&#8221;.<\/p>\n<p style=\"text-align: justify;\">Chiunque non abbia vissuto sotto una pietra, negli scorsi 30 anni, probabilmente riconoscer\u00e0 questa scena dal <em>Flying Circus <\/em>di Monty Python. In questi sketch tre inetti inquisitori vestiti di rosso torturano le loro vittime con strumenti come cuscini e imbottiture di poltrone. La cosa \u00e8 divertente perch\u00e9 il pubblico sa bene che l&#8217;Inquisizione spagnola non era n\u00e9 inetta n\u00e9 morbida, ma spietata, intollerante e letale.<\/p>\n<p style=\"text-align: justify;\">Non c&#8217;\u00e8 bisogno di avere letto <em>Il pozzo e il pendolo <\/em>di Edgar Allan Poe, per avere qualche nozione delle buie prigioni sotterranee, degli ecclesiastici sadici e delle torture spietate dell&#8217;Inquisizione spagnola. Il cavalletto, la vergine di ferro e i roghi ai quali la Chiesa cattolica condann\u00f2 i suoi nemici sono tutte icone dell&#8217;Inquisizione spagnola ormai familiari, saldamente impresse nella nostra cultura.<\/p>\n<p style=\"text-align: justify;\">Questa immagine dell&#8217;Inquisizione spagnola \u00e8 utile per coloro che non nutrono molto amore verso la Chiesa cattolica. Chiunque desideri colpire la Chiesa non tarder\u00e0 molto ad afferrare i due bastoni favoriti: le Crociate e l&#8217;Inquisizione spagnola. Chi scrive ha gi\u00e0 trattato le Crociate in un numero precedente di <em>Crisis<\/em> (vedi &#8220;<a href=\"https:\/\/www.rassegnastampa-totustuus.it\/cattolica\/?p=1153\">La vera storia delle crociate<\/a>&#8220;, aprile 2002). Esaminiamo ora l&#8217;altro bastone.<\/p>\n<p style=\"text-align: justify;\">Per capire l&#8217;Inquisizione spagnola, che ebbe inizio sul finire del 15\u00b0 secolo, dobbiamo dare una rapida occhiata alla sua antesignana, l&#8217;Inquisizione medievale. Prima di farlo, tuttavia, \u00e8 importante premettere che il mondo medievale non era il mondo moderno. Per la gente del Medio Evo la religione non era qualcosa da sbrigare solo in chiesa. Era la loro scienza, la loro filosofia, la loro politica, la loro identit\u00e0 e la loro speranza di salvezza.<\/p>\n<p style=\"text-align: justify;\">Non era una preferenza personale del singolo, ma una indiscutibile verit\u00e0 universale. L&#8217;eresia, quindi, colpiva al cuore quella verit\u00e0. Inoltre dannava l&#8217;eretico, metteva in pericolo chi gli stava accanto e lacerava il tessuto della comunit\u00e0. Gli europei medievali non erano soli, sotto questo profilo. Il loro atteggiamento era condiviso da tante culture, in tutto il mondo. La moderna pratica della tolleranza religiosa \u00e8 relativamente nuova e, in ogni caso, solo occidentale.<\/p>\n<p style=\"text-align: justify;\">Le autorit\u00e0 secolari ed ecclesiastiche dell&#8217;Europa medievale affrontarono l&#8217;eresia in modi diversi. Il diritto romano equiparava l&#8217;eresia al tradimento. Perch\u00e9? Perch\u00e9 la sovranit\u00e0 era tale per delega divina, dimodoch\u00e9 all&#8217;eresia era inerente una sfida all&#8217;autorit\u00e0 reale. Gli eretici dividevano il popolo, fomentando agitazioni e disordini. Nessun cristiano dubitava del fatto che Dio castigasse una comunit\u00e0 la quale permetteva all&#8217;eresia di radicarsi e di crescere. Sia il re che il cittadino comune perci\u00f2 avevano le loro buone ragioni per cercare e distruggere gli eretici dovunque li avessero scovati. E lo facevano con piacere.<\/p>\n<p style=\"text-align: justify;\">Uno dei miti pi\u00f9 durevoli dell&#8217;Inquisizione \u00e8 il suo essere uno strumento di oppressione imposto su europei maldisposti da una Chiesa ambiziosa. Nulla potrebbe essere pi\u00f9 sbagliato. In realt\u00e0 l&#8217;Inquisizione port\u00f2 ordine e giustizia, impedendo le esecuzioni sommarie degli eretici. Quando gli abitanti di un villaggio acciuffavano un sospettato d&#8217;eresia e lo portavano di fronte al signore locale, come sarebbe stato possibile un giudizio? Come avrebbe potuto un laico analfabeta definire le credenze dell&#8217;accusato eretiche o no? E in che modo i testimoni sarebbero stati ascoltati e vagliati?<\/p>\n<p style=\"text-align: justify;\">L&#8217;Inquisizione medievale data dal 1184, anno in cui Papa Lucio III invi\u00f2 un elenco di eresie ai vescovi dell&#8217;Europa e ordin\u00f2 loro di assumere un ruolo attivo nel determinare se gli accusati di eresia fossero effettivamente colpevoli. Piuttosto che contare su corti secolari, signori locali o addirittura rischiare linciaggi a furor di popolo, i vescovi erano invitati a verificare le accuse di eresie nelle loro stesse diocesi, tramite l&#8217;esame di ecclesiastici competenti che sapessero servirsi del diritto romano. In altre parole, che sapessero condurre un'&#8221;inchiesta&#8221; (donde il termine &#8220;inquisizione&#8221;).<\/p>\n<p style=\"text-align: justify;\">Dalla prospettiva dell&#8217;autorit\u00e0 secolare, gli eretici erano traditori di Dio e del re e pertanto meritavano la morte. Dalla prospettiva della Chiesa, invece, gli eretici erano pecorelle smarrite, allontanatesi dal gregge. In quanto pastori, il papa e i vescovi avevano il dovere di ricondurre quelle pecore all&#8217;ovile, cos\u00ec come il Buon Pastore aveva comandato loro. Quindi, laddove i sovrani tentavano di salvaguardare i loro regni, la Chiesa cercava di salvare anime. L&#8217;Inquisizione offr\u00ec agli eretici una scappatoia per evitare la morte e far ritorno alla comunit\u00e0.<\/p>\n<p style=\"text-align: justify;\">La maggior parte degli accusati di eresia dall&#8217;Inquisizione medievale o fu assolta o la loro sentenza sospesa. A quelli trovati colpevoli di errori gravi fu permesso di confessare il loro peccato, fare penitenza ed essere ripristinati nel Corpo di Cristo. L&#8217;assunto fondamentale dell&#8217;Inquisizione era che, in quanto pecore smarrite, gli eretici avevano semplicemente deviato.<\/p>\n<p style=\"text-align: justify;\">Tuttavia, se un inquirente avesse stabilito che una determinata pecora si era volontariamente rivoltata contro il gregge, non ci sarebbe stato pi\u00f9 nulla da fare. Gli eretici impenitenti od ostinati furono scomunicati e consegnati alle autorit\u00e0 secolari. Ad onta del mito popolare, la Chiesa non bruci\u00f2 alcun eretico. Era l&#8217;autorit\u00e0 secolare a considerare l&#8217;eresia meritevole della pena capitale. Il fatto puro e semplice \u00e8 che l&#8217;Inquisizione medievale salv\u00f2 innumerevoli migliaia di innocenti (ed anche di non esattamente innocenti) che sarebbero altrimenti finiti arrostiti dai signori locali o trucidati sommariamente dai popolani.<\/p>\n<p style=\"text-align: justify;\">Col crescere del potere dei papi medievali crebbe l&#8217;estensione e la sottigliezza dell&#8217;Inquisizione. L&#8217;introduzione dei francescani e dei domenicani, agli albori del 13\u00b0 secolo, forn\u00ec al papato un corpo religioso dedicato, che vot\u00f2 le vite dei suoi componenti alla salvezza del mondo. Poich\u00e9 il loro ordine era stato creato espressamente per combattere gli eretici e predicare la fede cattolica, i domenicani si fecero particolarmente attivi nell&#8217;Inquisizione.<\/p>\n<p style=\"text-align: justify;\">In accordo alla legge pi\u00f9 progressista del tempo la Chiesa, nel 13\u00b0 secolo, eresse tribunali inquisitivi dipendenti da Roma, piuttosto che dai vescovi locali. Per garantire rispetto dei diritti ed uniformit\u00e0 di trattamento, furono scritti manuali per gli inquisitori. Bernardo Gui, oggi meglio conosciuto come il fanatico e crudele inquisitore de <em>Il nome della rosa<\/em>, scrisse un manuale molto influente, all&#8217;epoca. Non c&#8217;\u00e8 nessuna ragione di credere che Gui fosse qualcosa di simile al suo ritratto romanzato.<\/p>\n<p style=\"text-align: justify;\">Dal 14\u00b0 secolo, l&#8217;Inquisizione pot\u00e9 vantare le migliori competenze legali disponibili sulla piazza. Gli ufficiali dell&#8217;Inquisizione erano laureati e specializzati in legge e teologia. Le procedure erano simili a quelle usati nelle indagini secolari (noi le chiamiamo &#8220;inchieste&#8221; oggi, ma &#8211; come si diceva &#8211; \u00e8 la stessa parola).<\/p>\n<p style=\"text-align: justify;\">Il potere dei re aument\u00f2 drasticamente nel tardo Medio Evo. I sovrani sostennero con forza l&#8217;Inquisizione, perch\u00e9 la reputavano un modo efficiente di conservare la salute religiosa dei loro regni. Addirittura alcuni re biasimarono l&#8217;Inquisizione, per la sua eccessiva clemenza nei confronti degli eretici. Come in altre aree di pertinenza ecclesiastica, le autorit\u00e0 secolari del tardo Medio Evo presero ad appropriarsi dell&#8217;Inquisizione, sottraendola al controllo papale.<\/p>\n<p style=\"text-align: justify;\">In Francia, per esempio, furono ufficiali reali, assistiti da studiosi legali dell&#8217;Universit\u00e0 di Parigi, a farsi carico dell&#8217;Inquisizione francese. I re giustificavano questo atteggiamento col dire che la loro conoscenza degli eretici, nei loro stessi regni, era migliore di quella di un papa lontano.<\/p>\n<p style=\"text-align: justify;\">Queste dinamiche potrebbero aiutare ad inquadrare l&#8217;Inquisizione spagnola, ma ce ne sono ben altre. La Spagna differiva sotto molti aspetti dal resto dell&#8217;Europa. Conquistata dalla guerra santa (il <em>jihad<\/em>) musulmana nell&#8217;ottavo secolo, la penisola iberica era stata un continuo teatro di guerra. Poich\u00e9 i confini tra musulmani e cristiani si spostavano rapidamente nel corso dei secoli, era preciso interesse legislativo applicare un equo livello di tolleranza verso altre religioni.<\/p>\n<p style=\"text-align: justify;\">La capacit\u00e0 di vivere insieme di musulmani, cristiani ed ebrei (detta &#8220;convivencia&#8221; in spagnolo) era una rarit\u00e0, nel Medio Evo. Effettivamente, la Spagna era il luogo pi\u00f9 eterogeneo e tollerante di tutta l&#8217;Europa medievale. L&#8217;Inghilterra espulse tutti i suoi ebrei nel 1290. La Francia fece altrettanto nel 1306. Invece in Spagna gli ebrei prosperavano ad ogni livello sociale.<\/p>\n<p style=\"text-align: justify;\">Ma forse era inevitabile che le ondate di antisemitismo che spazzarono l&#8217;Europa medievale travolgessero anche la Spagna. L&#8217;invidia, l&#8217;avidit\u00e0 e la fraudolenza condussero a tensioni crescenti tra cristiani ed ebrei, nel 14\u00b0 secolo. Durante l&#8217;estate del 1391 nutriti gruppi di facinorosi irruppero nei quartieri ebrei di Barcellona e di altre citt\u00e0 simili, costringendo gli abitanti a scegliere tra il battesimo o la morte. La maggior parte accett\u00f2 il battesimo.<\/p>\n<p style=\"text-align: justify;\">Il re d&#8217;Aragona, che aveva fatto del suo meglio per fermare queste incursioni, consapevole della non validit\u00e0 di un battesimo forzato, decret\u00f2 che ogni ebreo battezzato in alternativa alla morte avrebbe potuto tornare alla propria religione.<\/p>\n<p style=\"text-align: justify;\">Ma molti di questi neoconvertiti (&#8220;conversos&#8221;) decisero di rimanere cattolici. C&#8217;erano molte ragioni per questo. Alcuni pensavano che l&#8217;apostasia li avesse resi inidonei al giudaismo. Altri si preoccupavano dell&#8217;evenienza per cui il ritorno alla loro religione precedente li avrebbe resi vulnerabili ad aggressioni future. Altri ancora ritennero il loro battesimo un modo per evitare l&#8217;aumento di restrizioni e di tasse imposto agli ebrei.<\/p>\n<p style=\"text-align: justify;\">Col passar del tempo i conversos si assestarono nella nuova religione, finendo col diventare giusti e pii come gli altri cattolici. I loro bambini venivano battezzati al momento della nascita e crescevano come cattolici. Ma l&#8217;ambiente culturale rest\u00f2 ibrido. Sebbene cristiani, numerosi conversos ancora parlavano, vestivano e mangiavano come gli ebrei. Molti rimasero nei quartieri ebrei per poter essere vicini agli altri membri della famiglia. In definitiva, la presenza dei conversos sort\u00ec l&#8217;effetto di cristianizzare il giudaismo spagnolo. Ci\u00f2, a sua volta, accrebbe il numero delle conversioni volontarie al cattolicesimo.<\/p>\n<p style=\"text-align: justify;\">Nel 1414 si ebbe un dibattito, nella citt\u00e0 di Tortosa, tra autorit\u00e0 cristiane ed ebree. Lo stesso papa Benedetto XIII intervenne. Da parte cristiana c&#8217;era il medico papale, Jer\u00f3nimo de Santa Fe, convertitosi recentemente dal giudaismo. Il dibattito provoc\u00f2 un&#8217;ondata di nuove conversioni volontarie. Nella sola Aragona 3.000 ebrei ricevettero il battesimo. Tutto ci\u00f2 caus\u00f2 non poca tensione tra coloro che rimasero ebrei e quelli che si fecero cattolici. I rabbini spagnoli che, dopo il 1391, consideravano i conversos ebrei a tutti gli effetti, in quanto costretti al battesimo, dal 1414 li ritennero autentici cristiani, che avevano lasciato volontariamente il giudaismo.<\/p>\n<p style=\"text-align: justify;\">Dalla met\u00e0 del 15\u00b0 secolo, una cultura giudaico-cristiana interamente nuova fior\u00ec in Spagna, ebrea di sangue, ma cattolica di spirito. I conversos, neoconvertiti o discendenti di convertiti che fossero, ebbero un peso enorme in questa cultura. Alcuni di loro si consideravano addirittura migliori dei &#8220;vecchi cristiani&#8221;, perch\u00e9 legati da vincoli di sangue a Cristo stesso. Il vescovo, convertito, di Burgos, Alonso de Cartagena, pregando la Beata Vergine, avrebbe detto con orgoglio &#8220;Santa Maria, Madre di Dio e parente mia, prega per noi peccatori&#8221;.<\/p>\n<p style=\"text-align: justify;\">Lo sviluppo in ricchezza e potenza dei conversos spagnoli condusse a pi\u00f9 d&#8217;una frizione, particolarmente fra i vecchi cristiani aristocratici e borghesi, che ebbero a risentirsi dell&#8217;arroganza dei conversos, invidiandone i successi. Cominciarono a circolare scritti che mostravano come ogni nobile lignaggio in Spagna fosse ormai inficiato dalla presenza dei conversos. La psicosi della cospirazione semitica dilagava. I conversos, si diceva, facevano parte di una trama ebrea elaborata per infiltrarsi tra la nobilt\u00e0 spagnola e la Chiesa cattolica, distruggendole entrambe. I conversos, secondo questa logica, non erano cristiani veri, ma ebrei camuffati.<\/p>\n<p style=\"text-align: justify;\">Studi recenti hanno definitivamente mostrato che, come tante ipotesi di cospirazione, tutto ci\u00f2 era pura immaginazione. La stragrande maggioranza dei conversos era composta da buoni cattolici, semplicemente orgogliosi della loro eredit\u00e0 ebrea. Sorprendentemente molti scrittori moderni &#8211; molti scrittori ebrei, per la verit\u00e0 &#8211; hanno abbracciato queste fantasie antisemitiche.<\/p>\n<p style=\"text-align: justify;\">\u00c8 abbastanza comune, oggi, sentir dire che i conversos erano davvero ebrei, in segreto, che lottavano per preservare la loro fede sotto la tirannia del cattolicesimo. Anche l&#8217;<em>American Heritage Dictionary<\/em> traduce &#8220;converso&#8221; con &#8220;ebreo spagnolo o portoghese convertitosi esteriormente al cristianesimo, nel tardo Medio Evo, per evitare la persecuzione o l&#8217;espulsione, pur continuando a praticare il giudaismo in segreto&#8221;. Questo \u00e8 semplicemente falso.<\/p>\n<p style=\"text-align: justify;\">Ma il ripetersi delle accuse convinse re Ferdinando e la regina Isabella della necessit\u00e0 di investigare, quanto meno, sulla questione degli ebrei segreti. Rispondendo alla loro richiesta, papa Sisto IV eman\u00f2 una bolla, il 1\u00b0 novembre del 1478, che autorizzava la Corona a formare un tribunale inquisitivo consistente in due o tre ecclesiastici, la cui et\u00e0 non fosse inferiore ai 40 anni. Come era costume, i monarchi avrebbero avuto piena autorit\u00e0 e sugli inquisitori e sull&#8217;Inquisizione. Ferdinando, che aveva a corte molti ebrei e conversos, inizialmente non fu per nulla entusiasta della cosa. Lasci\u00f2 trascorrere due anni, prima di nominare due inquisitori. E cos\u00ec cominci\u00f2 l&#8217;Inquisizione spagnola.<\/p>\n<p style=\"text-align: justify;\">Re Ferdinando sembra aver creduto che l&#8217;Inquisizione non avrebbe funzionato granch\u00e9. Aveva torto. Come una bottiglia molotov lanciata su un pagliaio, il risentimento di coloro che odiavano i conversos &#8211; cristiani ed ebrei insieme &#8211; divamp\u00f2 nelle lingue di fuoco della denuncia lungo tutta la Spagna. Ma l&#8217;istigazione all&#8217;odio proveniva, essenzialmente, dall&#8217;invidia e dall&#8217;opportunismo. Ci\u00f2 nonostante, il volume puro e semplice delle accuse sommerse gli inquirenti, che chiesero e ricevettero pi\u00f9 assistenti. Ma, pi\u00f9 grande si faceva l&#8217;Inquisizione, pi\u00f9 accuse riceveva. Alla fine anche Ferdinando si convinse che il problema degli ebrei segreti era concreto.<\/p>\n<p style=\"text-align: justify;\">In questa fase iniziale dell&#8217;Inquisizione spagnola, gli ebrei ed i vecchi cristiani usavano i tribunali come un&#8217;arma, contro i conversos loro nemici. Finch\u00e9 l&#8217;obiettivo dell&#8217;Inquisizione era investigare sui conversos, i vecchi cristiani non avevano niente da temere. La loro fedelt\u00e0 alla fede cattolica non era sotto indagine (anche se fosse stata lontana dall&#8217;esser pura). Come gli ebrei, erano immuni dall&#8217;Inquisizione.<\/p>\n<p style=\"text-align: justify;\">Si ricordi che lo scopo dell&#8217;Inquisizione era trovare e correggere la pecora smarrita del gregge di Cristo. Non aveva giurisdizione sugli altri greggi. Quelli che imparano la storia dalla <em>Storia del Mondo <\/em>di Mel Brooks, <em>Parte 1a<\/em>, saranno forse sorpresi di sapere che tutti quegli ebrei che sopportarono varie torture nelle prigioni sotterranee dell&#8217;Inquisizione spagnola non sono nulla pi\u00f9 di un prodotto della fertile fantasia di Brooks. Gli ebrei di Spagna non avevano nulla da temere dall&#8217;Inquisizione spagnola.<\/p>\n<p style=\"text-align: justify;\">All&#8217;inizio, nel veloce sovrapporsi degli eventi, c&#8217;era gran confusione. Si verificarono abusi. Molti dei conversos accusati vennero assolti, ma non tutti. Qualche rogo ben pubblicizzato &#8211; per lo pi\u00f9 dovuto a false testimonianze &#8211; spavent\u00f2 comprensibilmente i conversos. Chi temeva qualche inimicizia abbandonava la sua citt\u00e0 prima di poter essere denunciato. Dovunque guardassero, gli inquisitori trovavano accusatori. Quando l&#8217;Inquisizione esplose in Aragona, il livello di isteria tocc\u00f2 altezze inusitate. Papa Sisto IV tent\u00f2 di porre un freno. Il 18 aprile 1482 scrisse ai vescovi della Spagna:<\/p>\n<p style=\"text-align: justify;\">In Aragona, Valenza, Maiorca e Catalogna, l&#8217;Inquisizione \u00e8 stata talvolta mossa non da zelo per la fede e per la salvezza delle anime, ma da avidit\u00e0 di ricchezza. Molti veri e fedeli cristiani, sulla base della testimonianza di nemici, rivali, schiavi ed altri individui d&#8217;infima condizione, sono stati, senza alcuna prova legittima, gettati in prigione, torturati e condannati come eretici recidivi, privati dei loro beni e delle loro propriet\u00e0 e consegnati al braccio secolare per essere giustiziati, mettendo a repentaglio le anime, offrendo un esempio pernicioso e generando disgusto in molti.<\/p>\n<p style=\"text-align: justify;\">Sisto ordin\u00f2 che i vescovi assumessero un ruolo diretto in tutti i tribunali futuri, a garanzia che le norme di giustizia stabilite dalla Chiesa (l&#8217;accusato poteva disporre di un avvocato ed aveva diritto di appellarsi a Roma) venissero rispettate.<\/p>\n<p style=\"text-align: justify;\">Nel Medio Evo i comandi del papa sarebbero stati rispettati. Ma quei giorni se n&#8217;erano andati. Re Ferdinando si sent\u00ec oltraggiato, nel sentir parlare della lettera. Scrisse a Sisto, insinuando che l&#8217;oro dei conversos avesse corrotto anche Roma:<\/p>\n<p style=\"text-align: justify;\">Mi sono state riferite cose, Santo Padre, che, se vere, sembrerebbe meritare il pi\u00f9 grande stupore. [&#8230;]<em>. A queste dicerie, comunque, noi non abbiamo dato credito, sembrando cose che in nessun modo possano provenire da Sua Santit\u00e0, che ha il dovere dell&#8217;Inquisizione. Ma se, per caso, alcune concessioni sono state fatte, grazie alla tenace ed astuta persuasione dei conversos, io non intendo in alcun modo permetter loro di avere effetto. Faccia perci\u00f2 attenzione a che la questione non proceda oltre, revochi eventuali concessioni e ci affidi interamente la cura di questo problema. <\/em>[&#8230;]<\/p>\n<p style=\"text-align: justify;\">[&#8230;]\u00a0Fu la fine del ruolo del Papato nell&#8217;Inquisizione spagnola, che sarebbe stata d&#8217;ora innanzi un braccio della monarchia spagnola, indipendente dall&#8217;autorit\u00e0 ecclesiastica. \u00c8 strano, quindi, che l&#8217;Inquisizione spagnola venga oggi cos\u00ec spesso descritta come uno dei grandi peccati della Chiesa cattolica. La Chiesa cattolica, in quanto istituzione, non ebbe pressoch\u00e9 niente a che farci.<\/p>\n<p style=\"text-align: justify;\">Nel 1483 Ferdinando nomin\u00f2 Tom\u00e1s de Torquemada inquisitore generale sulla maggior parte della Spagna. Era compito di Torquemada stabilire le regole dell&#8217;evidenza, nella procedura per l&#8217;Inquisizione, unificando la prassi con diramazioni nelle citt\u00e0 principali. Sisto conferm\u00f2 la nomina, sperando che avrebbe riportato all&#8217;ordine la situazione.<\/p>\n<p style=\"text-align: justify;\">Sfortunatamente il problema precipit\u00f2. Il che era una conseguenza diretta dei metodi adottati dalla prima Inquisizione spagnola, che aveva deviato significativamente dagli standard imposti dalla Chiesa. Quando gli inquisitori arrivavano in una zona, annunciavano l&#8217;Editto di Grazia, un periodo di 30 giorni durante il quale gli ebrei segreti potevano farsi avanti, confessare il loro peccato e fare penitenza. Era anche un periodo utile per acquisire informazioni sui cristiani che praticavano il giudaismo in segreto. Quelli trovati colpevoli, allo scadere dei 30 giorni, potevano essere bruciati sul rogo.<\/p>\n<p style=\"text-align: justify;\">Per i conversos, sicch\u00e9, l&#8217;arrivo dell&#8217;Inquisizione segn\u00f2 un tracollo psichico. Quasi tutti avevano molti nemici, ciascuno dei quali difficilmente avrebbe esitato a testimoniare il falso. O forse le loro pratiche cultuali e culturali erano sufficienti per la condanna? Chiss\u00e0? La maggior parte di loro o fugg\u00ec o fin\u00ec per confessare. Quelli che lo fecero non rischiarono un&#8217;Inquisizione in cui era accettabile, a mo&#8217; di prova, ogni sorta di diceria.<\/p>\n<p style=\"text-align: justify;\">L&#8217;opposizione all&#8217;Inquisizione spagnola, nella gerarchia della Chiesa cattolica, continuava ad aumentare. Molti ecclesiastici si indignarono nel segnalare come fosse contrario a tutte le prassi ormai consolidate il bruciare un eretico senza fornirgli le istruzioni basilari della fede. Se i conversos erano colpevoli, ci\u00f2 era dovuto solo ad ignoranza, non ad eresia recidiva. Numerosi esponenti del clero, anche dei livelli pi\u00f9 alti, si lamentarono con Ferdinando. L&#8217;opposizione all&#8217;Inquisizione spagnola crebbe anche a Roma. Il successore di Sisto, Innocenzo VIII, scrisse due volte al re per invocare la pi\u00f9 grande compassione, misericordia e clemenza per i conversos. Invano.<\/p>\n<p style=\"text-align: justify;\">Nel vortice crescente dell&#8217;Inquisizione spagnola, a questo punto, prese piede una nuova sindrome, quella per cui gli ebrei di Spagna stavano attivamente operando per ricondurre i conversos nella loro vecchia fede. Era un&#8217;idea sciocca, non pi\u00f9 vera delle precedenti teorie di cospirazione. Ma Ferdinando ed Isabella ne furono influenzati. Entrambi i monarchi avevano amici e confidenti ebrei, ma pensarono loro dovere, nei confronti dei cristiani, rimuovere il pericolo.<\/p>\n<p style=\"text-align: justify;\">A partire dal 1482, espulsero gli ebrei dalle aree in cui la loro influenza sembrava maggiore. Nella decade successiva la pressione per rimuovere tale minaccia aument\u00f2 ancora. L&#8217;Inquisizione spagnola, fu argomentato, non sarebbe mai riuscita a ricondurre i conversos nell&#8217;ovile, mentre gli ebrei sabotavano il suo lavoro. Il 31 marzo 1492, finalmente, i monarchi pubblicarono un editto che espelleva tutti gli ebrei dalla Spagna.<\/p>\n<p style=\"text-align: justify;\">Ferdinando ed Isabella si aspettavano &#8211; e non avevano torto &#8211; che il loro editto avrebbe spinto alla conversione la maggior parte degli ebrei rimasti nel regno. Infatti molti ebrei dei ceti pi\u00f9 abbienti, inclusi quelli introdotti nella corte reale, accettarono immediatamente il battesimo. Nel 1492 la popolazione ebrea di Spagna contava approssimativamente 80.000 unit\u00e0.<\/p>\n<p style=\"text-align: justify;\">Una buona met\u00e0 fu battezzata, col che mantenne la propriet\u00e0 ed il relativo sostentamento. Il resto part\u00ec, sebbene molti facessero poi ritorno in Spagna, dove ricevettero il battesimo e riottennero la loro propriet\u00e0. Per quanto si voglia risalire lungo la storia dell&#8217;Inquisizione spagnola, l&#8217;espulsione degli ebrei dimostra che il problema era rappresentato solo dai conversos.<\/p>\n<p style=\"text-align: justify;\">I primi 15 anni dell&#8217;Inquisizione spagnola, sotto la direzione di Torquemada, furono i pi\u00f9 mortali. Circa 2.000 conversos furono dati alle fiamme. Dal 1500, tuttavia, l&#8217;isterismo prese a calare. Il successore di Torquemada, il cardinale arcivescovo di Toledo Francisco Jim\u00e9nez de Cisneros, si prodig\u00f2 per riformare l&#8217;Inquisizione, rimuovendo le mele marce e aggiustando le procedure. Ad ogni tribunale fu assegnata una \u00e9quipe formata da due inquisitori domenicani, un consulente legale, un conestabile, un accusatore ed un gran numero di assistenti.<\/p>\n<p style=\"text-align: justify;\">Con l&#8217;eccezione dei due domenicani, tutti erano laici ufficiali reali. L&#8217;Inquisizione spagnola consistette fondamentalmente nelle confische, ma si tratt\u00f2 di confische n\u00e9 frequenti n\u00e9 ingenti. Anche al suo culmine, cercava soprattutto di non strafare, di quadrare i conti.<\/p>\n<p style=\"text-align: justify;\">Dopo le riforme, l&#8217;Inquisizione spagnola sub\u00ec pochissime critiche. Fornita di personale legale esperto e colto, era uno dei corpi giudiziari pi\u00f9 efficienti e pi\u00f9 compassionevoli d&#8217;Europa. Nessuna corte europea di rilievo giustizi\u00f2 meno persone dell&#8217;Inquisizione spagnola. Erano tempi, dopo tutto, in cui danneggiare arbusti in un giardino pubblico, a Londra, comportava la pena di morte. Lungo tutta l&#8217;Europa le esecuzioni erano eventi di ogni giorno.<\/p>\n<p style=\"text-align: justify;\">Non fu cos\u00ec con l&#8217;Inquisizione spagnola. Nei suoi 350 anni di vita non pi\u00f9 di 4.000 persone furono messe al palo. Si paragoni ci\u00f2 con le cacce alle streghe che infuriarono in tutto il resto d&#8217;Europa cattolico e protestante, nelle quali furono arrostite 60.000 persone, per lo pi\u00f9 donne. La Spagna fu risparmiata da questo isterismo perch\u00e9 l&#8217;Inquisizione spagnola lo ferm\u00f2 al confine. Quando le prime accuse di stregoneria cominciarono a levarsi, nella Spagna settentrionale, l&#8217;Inquisizione sped\u00ec i suoi ispettori per controllare.<\/p>\n<p style=\"text-align: justify;\">Questi esperti legali non trovarono alcuna evidenza credibile per il sabba infernale, la magia nera o il sacrificio umano. Fu altres\u00ec riportato che i rei confessi di stregoneria mostravano una singolare incapacit\u00e0 di volare attraverso il buco della serratura. Mentre gli europei si dedicavano al lancio delle donne sui fal\u00f2, l&#8217;Inquisizione spagnola sbarr\u00f2 la porta a questa alienazione mentale (per inciso, neppure l&#8217;Inquisizione romana permise alla fob\u00eca delle streghe di infettare l&#8217;Italia).<\/p>\n<p style=\"text-align: justify;\">E le oscure prigioni sotterranee? E le camere di tortura? L&#8217;Inquisizione spagnola possedeva prigioni, naturalmente. Ma non erano n\u00e9 particolarmente oscure, n\u00e9 sotterranee. In realt\u00e0, dato lo standard delle prigioni dell&#8217;epoca, erano considerate addirittura le migliori d&#8217;Europa. Si pu\u00f2 citare l&#8217;esempio dei criminali, nella stessa Spagna, che bestemmiavano a bella posta per poter essere trasferiti nelle prigioni dell&#8217;Inquisizione.<\/p>\n<p style=\"text-align: justify;\">Circa l&#8217;altro argomento, come tutte le corti d&#8217;Europa, anche l&#8217;Inquisizione spagnola si serv\u00ec della tortura. Ma lo faceva molto meno spesso delle altre corti. I ricercatori moderni hanno scoperto che l&#8217;Inquisizione spagnola applic\u00f2 la tortura nel solo due per cento dei suoi casi. Che ogni sessione di tortura fu limitata ad un massimo di 15 minuti. Che solo nell&#8217;un per cento dei casi la tortura fu ripetuta due volte e mai per una terza volta.<\/p>\n<p style=\"text-align: justify;\">La conclusione inequivocabile \u00e8 che, visti i tempi, l&#8217;Inquisizione spagnola va vista sotto una nuova luce. E tale era la luce sotto cui era vista dai pi\u00f9 degli europei, fino al 1530. Fu da allora in poi che l&#8217;Inquisizione spagnola volse la sua attenzione dai conversos alla nuova Riforma protestante. La gente di Spagna e i suoi monarchi si impegnarono a che il Protestantesimo non si infiltrasse nel loro paese, come aveva fatto in Germania e in Francia. I metodi dell&#8217;Inquisizione non cambiarono. Esecuzioni e torture rimasero rare. Ma il suo nuovo obiettivo avrebbe cambiato la sua immagine per sempre.<\/p>\n<p style=\"text-align: justify;\">Nella met\u00e0 del secolo sedicesimo, la Spagna era il pi\u00f9 ricco e il pi\u00f9 potente stato d&#8217;Europa. Re Filippo II consider\u00f2 se stesso ed i suoi contadini difensori fedeli della Chiesa cattolica. Meno ricche e meno potenti erano le aree protestanti dell&#8217;Europa, compresi i Paesi Bassi, la Germania settentrionale e l&#8217;Inghilterra. Ma avevano un&#8217;arma nuova e potente: la pressa tipografica. Anche se i protestanti fossero stati sconfitti dagli spagnoli sul campo di battaglia, avrebbero vinto la guerra di propaganda.<\/p>\n<p style=\"text-align: justify;\">Furono quelli gli anni in cui venne forgiata la famosa &#8220;Leggenda Nera&#8221; della Spagna. Innumerevoli libri, opuscoli e pamphlet si riversarono dalle stamperie settentrionali accusando l&#8217;Impero spagnolo di inumane depravazioni e di orribili atrocit\u00e0 nel Mondo Nuovo. L&#8217;opulenta Spagna fu dipinta come un luogo di oscurit\u00e0, ignoranza e perversione. Per quanto gli studiosi moderni abbiano gi\u00e0 da tempo ripudiato la Leggenda Nera, ancora ne rimane moltissimo, oggi. Basta fare un rapido test: &#8220;pensa ad un buon conquistador&#8221;.<\/p>\n<p style=\"text-align: justify;\">La propaganda protestante contro l&#8217;Inquisizione spagnola ha attinto a piene mani dalla Leggenda Nera. Ma disponeva anche di altre fonti. All&#8217;inizio della Riforma, i protestanti avevano non poche difficolt\u00e0 nello spiegare i motivi della frattura tra l&#8217;istituzione di Cristo della Sua Chiesa e la fondazione delle chiese protestanti. I cattolici naturalmente insistevano su questo tasto, accusando i protestanti di avere creato una chiesa nuova, separata da quella di Cristo.<\/p>\n<p style=\"text-align: justify;\">I protestanti ribattevano col dire che era la loro chiesa quella creata da Cristo, e che era stata la Chiesa cattolica a costringerla nei sotterranei delle &#8216;catacombe&#8217;. Dimodoch\u00e9, come l&#8217;Impero romano aveva perseguitato i cristiani prima del Medio Evo, cos\u00ec il suo successore, la Chiesa Cattolica Romana, continuava a perseguitarli durante il Medio Evo. Non essendo purtroppo reperibili esemplari di protestanti, nel Medio Evo, gli autori protestanti li scovarono sotto le mentite spoglie di vari eretici medievali (che, tutto sommato, vivevano nelle &#8216;catacombe&#8217; della latitanza).<\/p>\n<p style=\"text-align: justify;\">Vista cos\u00ec, l&#8217;Inquisizione medievale non era che un tentativo di schiacciare la nascosta, vera chiesa. E l&#8217;Inquisizione spagnola, ancora attiva ed estremamente efficiente nel tenere i protestanti alla larga dalla Spagna, non era che l&#8217;ultima versione di questa persecuzione. Si mescoli il tutto, a volont\u00e0, con la Leggenda Nera, e si ottiene ci\u00f2 di cui si ha bisogno per confezionare l&#8217;orrendo ritratto dell&#8217;Inquisizione spagnola. \u00c8 quanto fu fatto.<\/p>\n<p style=\"text-align: justify;\">Gli spagnoli amavano la loro Inquisizione. Ecco perch\u00e9 dur\u00f2 cos\u00ec a lungo. Era una sentinella eretta a guardia contro l&#8217;errore e l&#8217;eresia, a tutela della fede della Spagna e a garanzia del favore di Dio. Ma il mondo stava cambiando. Il potere della Spagna si affievoliva. La ricchezza ed il potere si trasferivano nel nord, in particolare in Francia e in Inghilterra. Nel tardo 17\u00b0 secolo, le idee nuove sulla tolleranza religiosa cominciavano a lievitare nelle bolle iridescenti dei caff\u00e8 e dei salotti europei.<\/p>\n<p style=\"text-align: justify;\">L&#8217;Inquisizione, cattolica e protestante, appassiva. Gli spagnoli caparbiamente insistevano, con la loro, e perci\u00f2 venivano ridicolizzati. I <em>philosophes<\/em> francesi alla Voltaire vedevano nella Spagna il prototipo del Medio Evo: debole, barbaro, superstizioso. L&#8217;Inquisizione spagnola, ormai catalogata come una belva assetata del sangue della persecuzione religiosa, era derisa dai pensatori illuministi come arma brutale dell&#8217;intolleranza e dell&#8217;ignoranza. Un&#8217;Inquisizione spagnola inedita, fittizia, virtuale, fu quella romanzata dai nemici della Spagna e della Chiesa cattolica.<\/p>\n<p style=\"text-align: justify;\">Essendo professionale ed efficiente, l&#8217;Inquisizione spagnola stilava resoconti molto ben curati. Archivi enormi ne sono stipati. Questi documenti erano tenuti segreti, sicch\u00e9 non c&#8217;era motivo, per gli scrivani, di omettere qualcosa, nella registrazione accurata di ogni azione inquisitoria. Rappresentano una miniera d&#8217;oro, per gli storici moderni, che vi si sono immersi avidamente. Il frutto di tali ricerche \u00e8 l&#8217;aver fatto piazza pulita: il mito dell&#8217;Inquisizione spagnola non ha assolutamente nulla a che vedere con la realt\u00e0.<\/p>\n<p style=\"text-align: center;\">Copyright Crisis Magazine \u00a9 2001 Washington DC, USA 1 ottobre 2003<\/p>\n<p style=\"text-align: justify;\">_________________________<\/p>\n<p style=\"text-align: justify;\"><strong>Thomas F. Madden<\/strong> \u00e8 professore associato e preside della cattedra di Storia della Saint Louis University. \u00c8 autore di numerosi lavori, tra i quali &#8220;Storia concisa delle Crociate&#8221; (Rowman &amp; Littlefield, 1999) e &#8220;Enrico Dandolo e l&#8217;ascesa di Venezia&#8221; (John Hopkins University Press, 2003).<\/p>\n","protected":false},"excerpt":{"rendered":"<p>Articolo in lingua originale pubblicato\u00a0in Crisis, Vol. 21, n. 9 Ottobre 2003 di Thomas F. Madden La scena \u00e8 una stanza disadorna con una porta alla sinistra. Un giovane di bell&#8217;aspetto, infastidito da domande tediose ed irrilevanti esclama, con tono frustrato, &#8220;non mi aspettavo una specie di Inquisizione spagnola&#8221;. Improvvisamente la porta si spalanca, rivelando &hellip; <\/p>\n<p><a class=\"more-link btn\" href=\"https:\/\/www.rassegnastampa-totustuus.it\/cattolica\/la-verit-sullinquisizione-spagnola\/\">Continua a leggere<\/a><\/p>\n","protected":false},"author":6,"featured_media":13296,"comment_status":"closed","ping_status":"open","sticky":false,"template":"","format":"standard","meta":{"footnotes":""},"categories":[93,91,24],"tags":[468,932],"class_list":["post-1212","post","type-post","status-publish","format-standard","has-post-thumbnail","hentry","category-inquisizione","category-medioevo","category-storia","tag-inquisizione-2","tag-inquisizione-spagnola","item-wrap"],"yoast_head":"<!-- This site is optimized with the Yoast SEO plugin v27.5 - https:\/\/yoast.com\/product\/yoast-seo-wordpress\/ -->\n<title>La verit&agrave; sull&#039;Inquisizione spagnola - Rassegna Stampa Cattolica<\/title>\n<meta name=\"description\" content=\"Rassegna Stampa Cattolica - Per una cultura che nasce dalla Rivelazione cristiana in conformit\u00e0 alla tradizione e al Magistero della Chiesa in opposizione ad ogni relativismo e totalitarismo\" \/>\n<meta name=\"robots\" content=\"index, follow, max-snippet:-1, max-image-preview:large, max-video-preview:-1\" \/>\n<link rel=\"canonical\" href=\"https:\/\/www.rassegnastampa-totustuus.it\/cattolica\/la-verit-sullinquisizione-spagnola\/\" \/>\n<meta property=\"og:locale\" content=\"it_IT\" \/>\n<meta property=\"og:type\" content=\"article\" \/>\n<meta property=\"og:title\" content=\"La verit&agrave; sull&#039;Inquisizione spagnola - Rassegna Stampa Cattolica\" \/>\n<meta property=\"og:description\" content=\"Rassegna Stampa Cattolica - Per una cultura che nasce dalla Rivelazione cristiana in conformit\u00e0 alla tradizione e al Magistero della Chiesa in opposizione ad ogni relativismo e totalitarismo\" \/>\n<meta property=\"og:url\" content=\"https:\/\/www.rassegnastampa-totustuus.it\/cattolica\/la-verit-sullinquisizione-spagnola\/\" \/>\n<meta property=\"og:site_name\" content=\"Rassegna Stampa Cattolica\" \/>\n<meta property=\"article:publisher\" content=\"https:\/\/www.facebook.com\/rassegnastampacattolica\" \/>\n<meta property=\"article:published_time\" content=\"2005-08-23T09:40:34+00:00\" \/>\n<meta property=\"article:modified_time\" content=\"2014-11-14T11:00:25+00:00\" \/>\n<meta property=\"og:image\" content=\"https:\/\/www.rassegnastampa-totustuus.it\/cattolica\/wp-content\/uploads\/2005\/08\/Inquisz_spagna.jpg\" \/>\n\t<meta property=\"og:image:width\" content=\"287\" \/>\n\t<meta property=\"og:image:height\" content=\"176\" \/>\n\t<meta property=\"og:image:type\" content=\"image\/jpeg\" \/>\n<meta name=\"author\" content=\"Redazione\" \/>\n<meta name=\"twitter:card\" content=\"summary_large_image\" \/>\n<meta name=\"twitter:creator\" content=\"@rassegnastampa9\" \/>\n<meta name=\"twitter:site\" content=\"@rassegnastampa9\" \/>\n<meta name=\"twitter:label1\" content=\"Scritto da\" \/>\n\t<meta name=\"twitter:data1\" content=\"Redazione\" \/>\n\t<meta name=\"twitter:label2\" content=\"Tempo di lettura stimato\" \/>\n\t<meta name=\"twitter:data2\" content=\"22 minuti\" \/>\n<script type=\"application\/ld+json\" class=\"yoast-schema-graph\">{\"@context\":\"https:\\\/\\\/schema.org\",\"@graph\":[{\"@type\":\"Article\",\"@id\":\"https:\\\/\\\/www.rassegnastampa-totustuus.it\\\/cattolica\\\/la-verit-sullinquisizione-spagnola\\\/#article\",\"isPartOf\":{\"@id\":\"https:\\\/\\\/www.rassegnastampa-totustuus.it\\\/cattolica\\\/la-verit-sullinquisizione-spagnola\\\/\"},\"author\":{\"name\":\"Redazione\",\"@id\":\"https:\\\/\\\/www.rassegnastampa-totustuus.it\\\/cattolica\\\/#\\\/schema\\\/person\\\/08f319d2bd1a0904ad9e2bfb7b15e5c3\"},\"headline\":\"La verit&agrave; sull&#8217;Inquisizione spagnola\",\"datePublished\":\"2005-08-23T09:40:34+00:00\",\"dateModified\":\"2014-11-14T11:00:25+00:00\",\"mainEntityOfPage\":{\"@id\":\"https:\\\/\\\/www.rassegnastampa-totustuus.it\\\/cattolica\\\/la-verit-sullinquisizione-spagnola\\\/\"},\"wordCount\":4674,\"publisher\":{\"@id\":\"https:\\\/\\\/www.rassegnastampa-totustuus.it\\\/cattolica\\\/#organization\"},\"image\":{\"@id\":\"https:\\\/\\\/www.rassegnastampa-totustuus.it\\\/cattolica\\\/la-verit-sullinquisizione-spagnola\\\/#primaryimage\"},\"thumbnailUrl\":\"https:\\\/\\\/www.rassegnastampa-totustuus.it\\\/cattolica\\\/wp-content\\\/uploads\\\/2005\\\/08\\\/Inquisz_spagna.jpg\",\"keywords\":[\"inquisizione\",\"inquisizione spagnola\"],\"articleSection\":[\"Inquisizione\",\"Medioevo\",\"Storia\"],\"inLanguage\":\"it-IT\"},{\"@type\":\"WebPage\",\"@id\":\"https:\\\/\\\/www.rassegnastampa-totustuus.it\\\/cattolica\\\/la-verit-sullinquisizione-spagnola\\\/\",\"url\":\"https:\\\/\\\/www.rassegnastampa-totustuus.it\\\/cattolica\\\/la-verit-sullinquisizione-spagnola\\\/\",\"name\":\"La verit&agrave; sull'Inquisizione spagnola - Rassegna Stampa Cattolica\",\"isPartOf\":{\"@id\":\"https:\\\/\\\/www.rassegnastampa-totustuus.it\\\/cattolica\\\/#website\"},\"primaryImageOfPage\":{\"@id\":\"https:\\\/\\\/www.rassegnastampa-totustuus.it\\\/cattolica\\\/la-verit-sullinquisizione-spagnola\\\/#primaryimage\"},\"image\":{\"@id\":\"https:\\\/\\\/www.rassegnastampa-totustuus.it\\\/cattolica\\\/la-verit-sullinquisizione-spagnola\\\/#primaryimage\"},\"thumbnailUrl\":\"https:\\\/\\\/www.rassegnastampa-totustuus.it\\\/cattolica\\\/wp-content\\\/uploads\\\/2005\\\/08\\\/Inquisz_spagna.jpg\",\"datePublished\":\"2005-08-23T09:40:34+00:00\",\"dateModified\":\"2014-11-14T11:00:25+00:00\",\"description\":\"Rassegna Stampa Cattolica - Per una cultura che nasce dalla Rivelazione cristiana in conformit\u00e0 alla tradizione e al Magistero della Chiesa in opposizione ad ogni relativismo e totalitarismo\",\"breadcrumb\":{\"@id\":\"https:\\\/\\\/www.rassegnastampa-totustuus.it\\\/cattolica\\\/la-verit-sullinquisizione-spagnola\\\/#breadcrumb\"},\"inLanguage\":\"it-IT\",\"potentialAction\":[{\"@type\":\"ReadAction\",\"target\":[\"https:\\\/\\\/www.rassegnastampa-totustuus.it\\\/cattolica\\\/la-verit-sullinquisizione-spagnola\\\/\"]}]},{\"@type\":\"ImageObject\",\"inLanguage\":\"it-IT\",\"@id\":\"https:\\\/\\\/www.rassegnastampa-totustuus.it\\\/cattolica\\\/la-verit-sullinquisizione-spagnola\\\/#primaryimage\",\"url\":\"https:\\\/\\\/www.rassegnastampa-totustuus.it\\\/cattolica\\\/wp-content\\\/uploads\\\/2005\\\/08\\\/Inquisz_spagna.jpg\",\"contentUrl\":\"https:\\\/\\\/www.rassegnastampa-totustuus.it\\\/cattolica\\\/wp-content\\\/uploads\\\/2005\\\/08\\\/Inquisz_spagna.jpg\",\"width\":287,\"height\":176},{\"@type\":\"BreadcrumbList\",\"@id\":\"https:\\\/\\\/www.rassegnastampa-totustuus.it\\\/cattolica\\\/la-verit-sullinquisizione-spagnola\\\/#breadcrumb\",\"itemListElement\":[{\"@type\":\"ListItem\",\"position\":1,\"name\":\"Home\",\"item\":\"https:\\\/\\\/www.rassegnastampa-totustuus.it\\\/cattolica\\\/\"},{\"@type\":\"ListItem\",\"position\":2,\"name\":\"La verit&agrave; sull&#8217;Inquisizione spagnola\"}]},{\"@type\":\"WebSite\",\"@id\":\"https:\\\/\\\/www.rassegnastampa-totustuus.it\\\/cattolica\\\/#website\",\"url\":\"https:\\\/\\\/www.rassegnastampa-totustuus.it\\\/cattolica\\\/\",\"name\":\"Rassegna Stampa Cattolica\",\"description\":\"Per una cultura che nasce dalla Rivelazione cristiana in conformit\u00e0 alla tradizione e al Magistero della Chiesa in opposizione ad ogni relativismo e totalitarismo\",\"publisher\":{\"@id\":\"https:\\\/\\\/www.rassegnastampa-totustuus.it\\\/cattolica\\\/#organization\"},\"alternateName\":\"Rass. Cattolica\",\"potentialAction\":[{\"@type\":\"SearchAction\",\"target\":{\"@type\":\"EntryPoint\",\"urlTemplate\":\"https:\\\/\\\/www.rassegnastampa-totustuus.it\\\/cattolica\\\/?s={search_term_string}\"},\"query-input\":{\"@type\":\"PropertyValueSpecification\",\"valueRequired\":true,\"valueName\":\"search_term_string\"}}],\"inLanguage\":\"it-IT\"},{\"@type\":\"Organization\",\"@id\":\"https:\\\/\\\/www.rassegnastampa-totustuus.it\\\/cattolica\\\/#organization\",\"name\":\"Rassegna Stampa Cattolica\",\"url\":\"https:\\\/\\\/www.rassegnastampa-totustuus.it\\\/cattolica\\\/\",\"logo\":{\"@type\":\"ImageObject\",\"inLanguage\":\"it-IT\",\"@id\":\"https:\\\/\\\/www.rassegnastampa-totustuus.it\\\/cattolica\\\/#\\\/schema\\\/logo\\\/image\\\/\",\"url\":\"https:\\\/\\\/www.rassegnastampa-totustuus.it\\\/cattolica\\\/wp-content\\\/uploads\\\/2014\\\/04\\\/logo-rassegna1.gif\",\"contentUrl\":\"https:\\\/\\\/www.rassegnastampa-totustuus.it\\\/cattolica\\\/wp-content\\\/uploads\\\/2014\\\/04\\\/logo-rassegna1.gif\",\"width\":600,\"height\":163,\"caption\":\"Rassegna Stampa Cattolica\"},\"image\":{\"@id\":\"https:\\\/\\\/www.rassegnastampa-totustuus.it\\\/cattolica\\\/#\\\/schema\\\/logo\\\/image\\\/\"},\"sameAs\":[\"https:\\\/\\\/www.facebook.com\\\/rassegnastampacattolica\",\"https:\\\/\\\/x.com\\\/rassegnastampa9\"]},{\"@type\":\"Person\",\"@id\":\"https:\\\/\\\/www.rassegnastampa-totustuus.it\\\/cattolica\\\/#\\\/schema\\\/person\\\/08f319d2bd1a0904ad9e2bfb7b15e5c3\",\"name\":\"Redazione\",\"image\":{\"@type\":\"ImageObject\",\"inLanguage\":\"it-IT\",\"@id\":\"https:\\\/\\\/secure.gravatar.com\\\/avatar\\\/2fcdf27c78ea025fbdb44e914cc63c72249ffec9dc8aafd5c82b26240ef3f346?s=96&d=mm&r=g\",\"url\":\"https:\\\/\\\/secure.gravatar.com\\\/avatar\\\/2fcdf27c78ea025fbdb44e914cc63c72249ffec9dc8aafd5c82b26240ef3f346?s=96&d=mm&r=g\",\"contentUrl\":\"https:\\\/\\\/secure.gravatar.com\\\/avatar\\\/2fcdf27c78ea025fbdb44e914cc63c72249ffec9dc8aafd5c82b26240ef3f346?s=96&d=mm&r=g\",\"caption\":\"Redazione\"},\"url\":\"https:\\\/\\\/www.rassegnastampa-totustuus.it\\\/cattolica\\\/author\\\/pietroelle\\\/\"}]}<\/script>\n<!-- \/ Yoast SEO plugin. -->","yoast_head_json":{"title":"La verit&agrave; sull'Inquisizione spagnola - Rassegna Stampa Cattolica","description":"Rassegna Stampa Cattolica - Per una cultura che nasce dalla Rivelazione cristiana in conformit\u00e0 alla tradizione e al Magistero della Chiesa in opposizione ad ogni relativismo e totalitarismo","robots":{"index":"index","follow":"follow","max-snippet":"max-snippet:-1","max-image-preview":"max-image-preview:large","max-video-preview":"max-video-preview:-1"},"canonical":"https:\/\/www.rassegnastampa-totustuus.it\/cattolica\/la-verit-sullinquisizione-spagnola\/","og_locale":"it_IT","og_type":"article","og_title":"La verit&agrave; sull'Inquisizione spagnola - Rassegna Stampa Cattolica","og_description":"Rassegna Stampa Cattolica - Per una cultura che nasce dalla Rivelazione cristiana in conformit\u00e0 alla tradizione e al Magistero della Chiesa in opposizione ad ogni relativismo e totalitarismo","og_url":"https:\/\/www.rassegnastampa-totustuus.it\/cattolica\/la-verit-sullinquisizione-spagnola\/","og_site_name":"Rassegna Stampa Cattolica","article_publisher":"https:\/\/www.facebook.com\/rassegnastampacattolica","article_published_time":"2005-08-23T09:40:34+00:00","article_modified_time":"2014-11-14T11:00:25+00:00","og_image":[{"width":287,"height":176,"url":"https:\/\/www.rassegnastampa-totustuus.it\/cattolica\/wp-content\/uploads\/2005\/08\/Inquisz_spagna.jpg","type":"image\/jpeg"}],"author":"Redazione","twitter_card":"summary_large_image","twitter_creator":"@rassegnastampa9","twitter_site":"@rassegnastampa9","twitter_misc":{"Scritto da":"Redazione","Tempo di lettura stimato":"22 minuti"},"schema":{"@context":"https:\/\/schema.org","@graph":[{"@type":"Article","@id":"https:\/\/www.rassegnastampa-totustuus.it\/cattolica\/la-verit-sullinquisizione-spagnola\/#article","isPartOf":{"@id":"https:\/\/www.rassegnastampa-totustuus.it\/cattolica\/la-verit-sullinquisizione-spagnola\/"},"author":{"name":"Redazione","@id":"https:\/\/www.rassegnastampa-totustuus.it\/cattolica\/#\/schema\/person\/08f319d2bd1a0904ad9e2bfb7b15e5c3"},"headline":"La verit&agrave; sull&#8217;Inquisizione spagnola","datePublished":"2005-08-23T09:40:34+00:00","dateModified":"2014-11-14T11:00:25+00:00","mainEntityOfPage":{"@id":"https:\/\/www.rassegnastampa-totustuus.it\/cattolica\/la-verit-sullinquisizione-spagnola\/"},"wordCount":4674,"publisher":{"@id":"https:\/\/www.rassegnastampa-totustuus.it\/cattolica\/#organization"},"image":{"@id":"https:\/\/www.rassegnastampa-totustuus.it\/cattolica\/la-verit-sullinquisizione-spagnola\/#primaryimage"},"thumbnailUrl":"https:\/\/www.rassegnastampa-totustuus.it\/cattolica\/wp-content\/uploads\/2005\/08\/Inquisz_spagna.jpg","keywords":["inquisizione","inquisizione spagnola"],"articleSection":["Inquisizione","Medioevo","Storia"],"inLanguage":"it-IT"},{"@type":"WebPage","@id":"https:\/\/www.rassegnastampa-totustuus.it\/cattolica\/la-verit-sullinquisizione-spagnola\/","url":"https:\/\/www.rassegnastampa-totustuus.it\/cattolica\/la-verit-sullinquisizione-spagnola\/","name":"La verit&agrave; sull'Inquisizione spagnola - Rassegna Stampa Cattolica","isPartOf":{"@id":"https:\/\/www.rassegnastampa-totustuus.it\/cattolica\/#website"},"primaryImageOfPage":{"@id":"https:\/\/www.rassegnastampa-totustuus.it\/cattolica\/la-verit-sullinquisizione-spagnola\/#primaryimage"},"image":{"@id":"https:\/\/www.rassegnastampa-totustuus.it\/cattolica\/la-verit-sullinquisizione-spagnola\/#primaryimage"},"thumbnailUrl":"https:\/\/www.rassegnastampa-totustuus.it\/cattolica\/wp-content\/uploads\/2005\/08\/Inquisz_spagna.jpg","datePublished":"2005-08-23T09:40:34+00:00","dateModified":"2014-11-14T11:00:25+00:00","description":"Rassegna Stampa Cattolica - Per una cultura che nasce dalla Rivelazione cristiana in conformit\u00e0 alla tradizione e al Magistero della Chiesa in opposizione ad ogni relativismo e totalitarismo","breadcrumb":{"@id":"https:\/\/www.rassegnastampa-totustuus.it\/cattolica\/la-verit-sullinquisizione-spagnola\/#breadcrumb"},"inLanguage":"it-IT","potentialAction":[{"@type":"ReadAction","target":["https:\/\/www.rassegnastampa-totustuus.it\/cattolica\/la-verit-sullinquisizione-spagnola\/"]}]},{"@type":"ImageObject","inLanguage":"it-IT","@id":"https:\/\/www.rassegnastampa-totustuus.it\/cattolica\/la-verit-sullinquisizione-spagnola\/#primaryimage","url":"https:\/\/www.rassegnastampa-totustuus.it\/cattolica\/wp-content\/uploads\/2005\/08\/Inquisz_spagna.jpg","contentUrl":"https:\/\/www.rassegnastampa-totustuus.it\/cattolica\/wp-content\/uploads\/2005\/08\/Inquisz_spagna.jpg","width":287,"height":176},{"@type":"BreadcrumbList","@id":"https:\/\/www.rassegnastampa-totustuus.it\/cattolica\/la-verit-sullinquisizione-spagnola\/#breadcrumb","itemListElement":[{"@type":"ListItem","position":1,"name":"Home","item":"https:\/\/www.rassegnastampa-totustuus.it\/cattolica\/"},{"@type":"ListItem","position":2,"name":"La verit&agrave; sull&#8217;Inquisizione spagnola"}]},{"@type":"WebSite","@id":"https:\/\/www.rassegnastampa-totustuus.it\/cattolica\/#website","url":"https:\/\/www.rassegnastampa-totustuus.it\/cattolica\/","name":"Rassegna Stampa Cattolica","description":"Per una cultura che nasce dalla Rivelazione cristiana in conformit\u00e0 alla tradizione e al Magistero della Chiesa in opposizione ad ogni relativismo e totalitarismo","publisher":{"@id":"https:\/\/www.rassegnastampa-totustuus.it\/cattolica\/#organization"},"alternateName":"Rass. Cattolica","potentialAction":[{"@type":"SearchAction","target":{"@type":"EntryPoint","urlTemplate":"https:\/\/www.rassegnastampa-totustuus.it\/cattolica\/?s={search_term_string}"},"query-input":{"@type":"PropertyValueSpecification","valueRequired":true,"valueName":"search_term_string"}}],"inLanguage":"it-IT"},{"@type":"Organization","@id":"https:\/\/www.rassegnastampa-totustuus.it\/cattolica\/#organization","name":"Rassegna Stampa Cattolica","url":"https:\/\/www.rassegnastampa-totustuus.it\/cattolica\/","logo":{"@type":"ImageObject","inLanguage":"it-IT","@id":"https:\/\/www.rassegnastampa-totustuus.it\/cattolica\/#\/schema\/logo\/image\/","url":"https:\/\/www.rassegnastampa-totustuus.it\/cattolica\/wp-content\/uploads\/2014\/04\/logo-rassegna1.gif","contentUrl":"https:\/\/www.rassegnastampa-totustuus.it\/cattolica\/wp-content\/uploads\/2014\/04\/logo-rassegna1.gif","width":600,"height":163,"caption":"Rassegna Stampa Cattolica"},"image":{"@id":"https:\/\/www.rassegnastampa-totustuus.it\/cattolica\/#\/schema\/logo\/image\/"},"sameAs":["https:\/\/www.facebook.com\/rassegnastampacattolica","https:\/\/x.com\/rassegnastampa9"]},{"@type":"Person","@id":"https:\/\/www.rassegnastampa-totustuus.it\/cattolica\/#\/schema\/person\/08f319d2bd1a0904ad9e2bfb7b15e5c3","name":"Redazione","image":{"@type":"ImageObject","inLanguage":"it-IT","@id":"https:\/\/secure.gravatar.com\/avatar\/2fcdf27c78ea025fbdb44e914cc63c72249ffec9dc8aafd5c82b26240ef3f346?s=96&d=mm&r=g","url":"https:\/\/secure.gravatar.com\/avatar\/2fcdf27c78ea025fbdb44e914cc63c72249ffec9dc8aafd5c82b26240ef3f346?s=96&d=mm&r=g","contentUrl":"https:\/\/secure.gravatar.com\/avatar\/2fcdf27c78ea025fbdb44e914cc63c72249ffec9dc8aafd5c82b26240ef3f346?s=96&d=mm&r=g","caption":"Redazione"},"url":"https:\/\/www.rassegnastampa-totustuus.it\/cattolica\/author\/pietroelle\/"}]}},"_links":{"self":[{"href":"https:\/\/www.rassegnastampa-totustuus.it\/cattolica\/wp-json\/wp\/v2\/posts\/1212","targetHints":{"allow":["GET"]}}],"collection":[{"href":"https:\/\/www.rassegnastampa-totustuus.it\/cattolica\/wp-json\/wp\/v2\/posts"}],"about":[{"href":"https:\/\/www.rassegnastampa-totustuus.it\/cattolica\/wp-json\/wp\/v2\/types\/post"}],"author":[{"embeddable":true,"href":"https:\/\/www.rassegnastampa-totustuus.it\/cattolica\/wp-json\/wp\/v2\/users\/6"}],"replies":[{"embeddable":true,"href":"https:\/\/www.rassegnastampa-totustuus.it\/cattolica\/wp-json\/wp\/v2\/comments?post=1212"}],"version-history":[{"count":3,"href":"https:\/\/www.rassegnastampa-totustuus.it\/cattolica\/wp-json\/wp\/v2\/posts\/1212\/revisions"}],"predecessor-version":[{"id":13297,"href":"https:\/\/www.rassegnastampa-totustuus.it\/cattolica\/wp-json\/wp\/v2\/posts\/1212\/revisions\/13297"}],"wp:featuredmedia":[{"embeddable":true,"href":"https:\/\/www.rassegnastampa-totustuus.it\/cattolica\/wp-json\/wp\/v2\/media\/13296"}],"wp:attachment":[{"href":"https:\/\/www.rassegnastampa-totustuus.it\/cattolica\/wp-json\/wp\/v2\/media?parent=1212"}],"wp:term":[{"taxonomy":"category","embeddable":true,"href":"https:\/\/www.rassegnastampa-totustuus.it\/cattolica\/wp-json\/wp\/v2\/categories?post=1212"},{"taxonomy":"post_tag","embeddable":true,"href":"https:\/\/www.rassegnastampa-totustuus.it\/cattolica\/wp-json\/wp\/v2\/tags?post=1212"}],"curies":[{"name":"wp","href":"https:\/\/api.w.org\/{rel}","templated":true}]}}