{"id":1210,"date":"2005-08-23T11:32:29","date_gmt":"2005-08-23T09:32:29","guid":{"rendered":""},"modified":"2015-12-02T09:52:30","modified_gmt":"2015-12-02T08:52:30","slug":"il-giudice-e-leretico-studi-sullinquisizione-romana","status":"publish","type":"post","link":"https:\/\/www.rassegnastampa-totustuus.it\/cattolica\/il-giudice-e-leretico-studi-sullinquisizione-romana\/","title":{"rendered":"&#8221;Il giudice e l&#8217;eretico. Studi sull&#8217;Inquisizione romana&quot;"},"content":{"rendered":"<div style=\"text-align: center;\"><a href=\"https:\/\/www.rassegnastampa-totustuus.it\/cattolica\/wp-content\/uploads\/2005\/08\/Tedeschi_cover.jpg\"><img loading=\"lazy\" decoding=\"async\" class=\"alignleft wp-image-28452\" src=\"https:\/\/www.rassegnastampa-totustuus.it\/cattolica\/wp-content\/uploads\/2005\/08\/Tedeschi_cover.jpg\" alt=\"Tedeschi_cover\" width=\"149\" height=\"200\" \/><\/a>Articolo\u00a0pubblicato su <strong>Cristianit\u00e0<\/strong> n. 278<\/div>\n<p style=\"text-align: justify;\"><em>Uno studio dello storico italo-americano John Tedeschi descrive l&#8217;organizzazione e le procedure adottate dall&#8217;Inquisizione romana per la salvaguardia della fede cattolica e nella lotta contro l&#8217;eresia, sfatando numerosi luoghi comuni &#8211; soprattutto relativi all&#8217;arbitrariet\u00e0 e alla severit\u00e0 dei tribunali inquisitoriali &#8211; ed evidenziando i limiti d&#8217;interpretazioni purtroppo sedimentate nell&#8217;immaginario collettivo.<\/em><\/p>\n<p style=\"text-align: center;\">di<strong> Francesco Pappalardo<\/strong><\/p>\n<p><!--more--><\/p>\n<div style=\"text-align: justify;\">Il 23 gennaio 1998, con l&#8217;apertura degli archivi del Sant&#8217;Uffizio &#8211; peraltro gi\u00e0 disposta dal 1902 per casi particolari e limitati -, si \u00e8 concluso un lento e prudente processo iniziato nel 1881, quando Papa Leone XIII (1878-1903) volle aprire agli studiosi l&#8217;Archivio Segreto Vaticano.<\/div>\n<p style=\"text-align: justify;\"><em>&#8220;L&#8217;apertura del nostro Archivio<\/em> &#8211; ha dichiarato il cardinale Joseph Ratzinger, prefetto della Congregazione per la Dottrina della Fede &#8211; <em>si ispira in realt\u00e0 al compito stesso assegnato dal Santo Padre alla nostra Congregazione di &#8220;promuovere e tutelare la dottrina sulla fede e i costumi di tutto l&#8217;orbe cattolico&#8221;. Sono sicuro che aprendo i nostri Archivi si risponder\u00e0 non solo alle legittime aspirazioni degli studiosi, ma anche alla ferma intenzione della Chiesa di servire l&#8217;uomo aiutandolo a capire se stesso leggendo senza pregiudizi la propria storia&#8221;<\/em> (1).<\/p>\n<p style=\"text-align: justify;\">Intervistato dallo scrittore Vittorio Messori nel 1984, lo storico Luigi Firpo (1915-1989), esponente di rilievo della cultura laicista, uno dei pochi studiosi che ha avuto accesso anche ai documenti riservati del Sant&#8217;Uffizio, si \u00e8 espresso cos\u00ec: <em>&#8220;Sono sicuro che l&#8217;apertura di quell&#8217;archivio, sinora assai limitata anche per esigenze organizzative, gioverebbe molto all&#8217;immagine della Chiesa<\/em> [&#8230;]<em>. Aprendo a tutti gli studiosi quelle carte, cadrebbero altri pezzi della abusiva leggenda nera che circonda l&#8217;Inquisizione&#8221; <\/em>(2)<em>.<\/em><\/p>\n<p style=\"text-align: justify;\">L&#8217;immagine dell&#8217;Inquisizione sta infatti mutando, e in senso favorevole, presso gli specialisti, grazie ai risultati della rinnovata ricerca storica. Inoltre, alcune apprezzabili iniziative editoriali stanno mettendo a disposizione di un vasto pubblico testi poco conosciuti al di fuori della cerchia ristretta degli addetti ai lavori.<\/p>\n<p style=\"text-align: justify;\">\u00c8 questo il caso dell&#8217;<em>Elogio della Inquisizione<\/em>, traduzione della voce <em>Inquisition<\/em>, scritta dallo storico e giornalista francese Jean-Baptiste Guiraud (1866-1953) per il <em>Dictionnaire apolog\u00e9tique de la foi catholique<\/em>, edito fra il 1911 e il 1913 (3), nota finora soltanto ai frequentatori di biblioteche specializzate e molto utile per un primo approccio allo studio dell&#8217;Inquisizione medioevale, la cui fondazione \u00e8 fatta risalire a Papa Gregorio IX (1227-1247).<\/p>\n<p style=\"text-align: justify;\">Anche la storiografia sull&#8217;Inquisizione spagnola &#8211; l&#8217;istituzione creata nel 1478 da Papa Sisto IV (1471-1484), su sollecitazione della regina Isabella di Castiglia (1451-1504) e di re Ferdinando d&#8217;Aragona (1452-1516) &#8211; ha prodotto negli ultimi decenni rilevanti contributi, sostanziati da approfondite ricerche d&#8217;archivio, che hanno consentito di superare i pregiudizi di carattere ideologico su questa istituzione e che sono a disposizione del lettore comune, anche in Italia, grazie alle sintesi offerte dall&#8217;inglese Henry Arthur Francis Kamen, dal francese Bartolom\u00e9 Bennassar e dal danese Gustav Henningsen (4).<\/p>\n<p style=\"text-align: justify;\">Una rivisitazione degli studi storici \u00e8 in corso anche per quanto riguarda l&#8217;Inquisizione romana &#8211; pi\u00f9 precisamente la Congregazione della sacra romana e universale Inquisizione, o Sant&#8217;Uffizio, istituita da Papa Paolo III (1534-1549) nel 1542 -, la cui autorit\u00e0 si estendeva soltanto su una parte della penisola italiana, perch\u00e9 in Sicilia e in Sardegna operava l&#8217;Inquisizione spagnola, mentre negli altri dom\u00ecni asburgici, il Regno di Napoli e lo Stato di Milano, le funzioni inquisitoriali erano svolte dai tribunali episcopali del luogo (5).<\/p>\n<p style=\"text-align: justify;\"><strong>Uno studio innovativo<\/strong><\/p>\n<p style=\"text-align: justify;\">Autore dei <em>&#8220;primi studi realmente innovativi sul tema&#8221;<\/em> (6) \u00e8 John Tedeschi, di cui nel 1997 \u00e8 stato pubblicato in Italia <em>Il giudice e l&#8217;eretico. Studi sull&#8217;Inquisizione romana<\/em> (7) &#8211; raccolta di undici saggi scritti fra il 1971 e il 1988, tutti ampiamente rivisti e aggiornati, nonch\u00e9 corredati di un imponente apparato critico e bibliografico -, che offre finalmente al grande pubblico i risultati di una ricerca ventennale.<\/p>\n<p style=\"text-align: justify;\">Nato a Modena nel 1931, Tedeschi \u00e8 emigrato negli Stati Uniti d&#8217;America all&#8217;et\u00e0 di otto anni, ha studiato all&#8217;Universit\u00e0 di Harvard, dove la sua attenzione si \u00e8 concentrata sulla diffusione del protestantesimo in Italia, \u00e8 stato professore associato nelle universit\u00e0 di Chicago, dell&#8217;Illinois a Chicago e del Wisconsin a Madison, ha lavorato per quasi due decenni alla Newberry Library, sempre a Chicago, dove ha fondato il Center for Reformation Research Studies.<\/p>\n<p style=\"text-align: justify;\">Ha inoltre ricoperto la carica di presidente della Society for Reformation Research e della Sixteenth Century Studies Conference, e ha fatto parte del comitato esecutivo della Renaissance Society of America dal 1971 al 1996.<\/p>\n<p style=\"text-align: justify;\">Quando, nel 1967, ha cominciato a occuparsi dell&#8217;Inquisizione romana, ben poco era offerto a chi non volesse fermarsi alle generalizzazioni dello storico statunitense Henry Charles Lea (1825-1909), autore di uno studio monumentale sull&#8217;Inquisizione medioevale (8).<\/p>\n<p style=\"text-align: justify;\">Le fonti inquisitoriali, infatti, erano state utilizzate fino ad allora soltanto da quanti si occupavano degli eretici italiani con l&#8217;intenzione di studiare non l&#8217;Inquisizione ma quanti ne erano stati vittime: <em>&#8220;<\/em>[&#8230;] <em>il carattere liberale e anticlericale dell&#8217;unificazione italiana <\/em>&#8211; osserva lo storico Adriano Prosperi &#8211; <em>ha portato a inseguire un&#8217;identit\u00e0 nazionale attraverso la storia della cultura e degli intellettuali che avevano unito l&#8217;Italia all&#8217;Europa (in particolare, l&#8217;Europa protestante e liberale)<\/em> [&#8230;]. <em>Insomma, l&#8217;autobiografia immaginaria della borghesia risorgimentale incluse da allora una serie di illustri precursori, di spiriti liberi, le cui vicissitudini con la Chiesa e con l&#8217;Inquisizione vennero studiate amorevolmente. Ma proprio il carattere ideologico di quell&#8217;interesse si rivela nella scarsit\u00e0 di indagini storiche che ne derivava&#8221;<\/em> (9).<\/p>\n<p style=\"text-align: justify;\">Lo studioso italo-americano decide dunque di fondare le sue ricerche sull&#8217;esame rigoroso delle molteplici fonti a disposizione per ricostruire correttamente l&#8217;<em>iter<\/em> di un processo inquisitoriale, dalle prime convocazioni alle deliberazioni finali. Fin dall&#8217;inizio dei suoi studi, consultando la ricca collezione dei manoscritti conservati nel Trinity College di Dublino, in Irlanda &#8211; contenenti sentenze emesse in Italia fra il 1564 e il 1659 &#8211; s&#8217;imbatte in una serie di elementi che forniscono un quadro nuovo della giustizia inquisitoriale: <em>&#8220;il convento o l&#8217;abitazione come luoghi prevalenti in cui scontare una pena detentiva; l&#8217;importanza attribuita alle circostanze attenuanti e alla consulenza di specialisti nel campo del diritto e della teologia; la relativa mitezza delle sentenze dei processi per stregoneria; il gran numero di casi che si concludevano con abiure sulle gradinate delle chiese; la rarit\u00e0 del ricorso alla pena capitale&#8221;<\/em> (p. 25) e la constatazione che il &#8220;carcere perpetuo&#8221; non comportava mai l&#8217;imprigionamento a vita ma, generalmente, una detenzione di tre anni. <em>&#8220;Un banale fraintendimento della terminologia inquisitoriale ha quindi fuorviato pi\u00f9 di uno studioso in buona fede, e contribuito alla cattiva fama dell&#8217;istituzione&#8221;<\/em> (p. 26), osserva lo storico, che rievoca anche il caso di uno studio sull&#8217;eresia a Mantova, il cui autore aveva scorrettamente sostituito &#8220;abiurare&#8221; con &#8220;abbruciare&#8221; tutte le volte in cui la prima espressione compariva nel testo: <em>&#8220;E quando un autore successivo si sent\u00ec tenuto a parlare di &#8220;eccessi&#8221; dell&#8217;Inquisizione mantovana, la sua fonte fu quel resoconto filologicamente inquinato. \u00c8 chiaro che simili leggerezze autoperpetuantisi non hanno contribuito a un esame obiettivo dell&#8217;argomento&#8221;<\/em> (p. 20).<\/p>\n<p style=\"text-align: justify;\"><strong>L&#8217;esame delle fonti<\/strong><\/p>\n<p style=\"text-align: justify;\">Tedeschi non si propone di chiarire le origini della leggenda nera sulla spietatezza e sull&#8217;arbitrariet\u00e0 dell&#8217;Inquisizione, rinviando a uno studio specifico sul tema (10), ma prende in esame alcuni fattori che hanno contribuito al perpetuarsi di vecchi stereotipi e di fraintendimenti: <em>&#8220;Si va dall&#8217;uso improprio delle fonti alle affermazioni non sorrette dai dati di fatto e, in qualche caso, a quelli che appaiono deliberati tentativi di distorcere la realt\u00e0&#8221;<\/em> (p. 29), cui si aggiungono la tendenza da parte di alcuni autori a considerare regola le aberrazioni, la presenza di contraddizioni anche in una stessa opera e il disaccordo fra gli storici su punti fondamentali pure se facilmente verificabili sulla base dei documenti consultabili.<\/p>\n<p style=\"text-align: justify;\">Infatti, la gamma di fonti a disposizione degli studiosi \u00e8 piuttosto ampia, nonostante le gravi perdite sub\u00ecte dagli archivi dell&#8217;Inquisizione romana, distrutti o dispersi in Irlanda, in Belgio, in Francia, in Italia e, in misura minore, negli Stati Uniti d&#8217;America, in conseguenza del saccheggio del Sant&#8217;Uffizio operato da funzionari napoleonici nel 1810 e dei danni patiti dalle Inquisizioni provinciali di Firenze, di Milano e di Palermo a causa del vandalismo giacobino o della soppressione delle istituzioni religiose. <em>&#8220;La politica della porta chiusa del Sant&#8217;Uffizio <\/em>&#8211; osserva Tedeschi &#8211; <em>si basa su una decisione burocratica interna e non rappresenta la posizione ufficiale della Chiesa cattolica riguardo all&#8217;accesso ai documenti dell&#8217;Inquisizione. Raccolte ecclesiastiche provinciali ricche di documenti su tale argomento a Napoli, Pisa, Udine, Firenze e altrove, in misura crescente vengono messe a disposizione degli storici a scopo di ricerca; e innumerevoli codici inquisitoriali conservati presso la Biblioteca Vaticana e l&#8217;Archivio Segreto Vaticano sono stati messi a disposizione di studiosi di tutto il mondo, anche sotto forma di microfilm&#8221;<\/em> (p. 214, nota 1).<\/p>\n<p style=\"text-align: justify;\">Alcuni studiosi, anche in anni recenti, hanno sollevato il problema dell&#8217;attendibilit\u00e0 dei processi inquisitoriali come documenti storici, e Carlo Ginzburg, in particolare, ha sottolineato il divario di estrazione sociale e culturale che spesso separava giudice e imputato, chiedendosi se tali fonti, pervenuteci attraverso il filtro dei rappresentanti delle classi colte, siano in grado di informarci correttamente sulle idee e sulle affermazioni dell&#8217;imputato e dei testimoni (11).<\/p>\n<p style=\"text-align: justify;\">A questa domanda &#8211; in merito alla quale \u00e8 gi\u00e0 stato osservato, in occasione dell&#8217;esame di particolari fonti inquisitoriali medioevali, che <em>&#8220;<\/em>[&#8230;] <em>i verbali degli interrogatori sono assai pi\u00f9 pieni di vita e aderenti alla verit\u00e0 di quanto normalmente, ma erroneamente, si creda&#8221;<\/em> (12) &#8211; Tedeschi risponde che i pi\u00f9 responsabili fra i funzionari del Sant&#8217;Uffizio erano consapevoli di questa difficolt\u00e0 e cercavano di evitare possibili abusi.<\/p>\n<p style=\"text-align: justify;\">La raccomandazione di evitare scrupolosamente le domande tendenziose e, in generale, di spingere l&#8217;interrogatorio in una direzione prestabilita era ripetuta in continuazione sia nei manuali di teoria dei procedimenti inquisitoriali sia nella corrispondenza fra Roma e i tribunali provinciali. La Congregazione del Sant&#8217;Uffizio, inoltre, vigilava sulle articolazioni locali, imponendo la puntuale applicazione della legislazione e mirando all&#8217;uniformit\u00e0 dei procedimenti: <em>&#8220;Decisioni capricciose e arbitrarie, abusi di potere e flagranti violazioni dei diritti umani non erano tollerati&#8221;<\/em> (p. 30).<\/p>\n<p style=\"text-align: justify;\"><strong>Oltre la leggenda nera<\/strong><\/p>\n<p style=\"text-align: justify;\">Le ricerche di Tedeschi consentono di sfatare una lunga serie di luoghi comuni. L&#8217;Inquisizione, grazie alla prescrizione, sempre rispettata, di mettere per iscritto le fasi della procedura, le deposizioni e le testimonianze &#8211; gli inquisitori <em>&#8220;<\/em>[&#8230;]<em> non ritenevano di avere niente di vergognoso da nascondere&#8221;<\/em> (p. 97) -, \u00e8 una delle prime istituzioni del passato su cui \u00e8 disponibile una quantit\u00e0 di dati tale da rendere impossibile ogni travisamento storico sia sull&#8217;organizzazione sia sulla prassi adottata.<\/p>\n<p style=\"text-align: justify;\">Gli inquisitori erano, in genere, persone dotte, oneste e di costumi irreprensibili, poco inclini a decidere in fretta e arbitrariamente la sorte dell&#8217;imputato, volti invece ad accordare il perdono al reo e a farlo rientrare in seno alla Chiesa. Diverse garanzie giuridiche a tutela dell&#8217;accusato erano parte integrante della procedura inquisitoriale.<\/p>\n<p style=\"text-align: justify;\">\u00c8 accertato che pi\u00f9 di un imputato abbia chiesto e ottenuto il cambiamento della sede e la sostituzione dell&#8217;inquisitore che si occupava del suo caso, avendo potuto dimostrarne la mancanza di obbiettivit\u00e0. <em>&#8220;Non \u00e8 un&#8217;esagerazione affermare che il Sant&#8217;Uffizio fu in certi casi un pioniere della riforma giudiziaria. L&#8217;avvocato difensore era parte integrante della sua procedura <\/em>[&#8230;]<em>, nei tribunali dell&#8217;Inquisizione l&#8217;imputato riceveva una copia autenticata dell&#8217;intero processo<\/em> [&#8230;]<em> e disponeva di un ragionevole lasso di tempo per preparare la propria replica&#8221; <\/em>(p. 30). Inoltre, molti manuali inquisitoriali abbondavano di consigli su possibili strategie difensive.<\/p>\n<p style=\"text-align: justify;\">Nella prassi giudiziaria romana l&#8217;uso della tortura era attentamente controllato e sottoposto a una serie di limitazioni: in particolare, occorreva l&#8217;autorizzazione del tribunale centrale, che la concedeva soltanto quando i cardinali inquisitori, assistiti da un&#8217;<em>\u00e9quipe<\/em> di teologi e di specialisti in diritto canonico, ritenevano di aver ricevuto tutte le informazioni importanti sul caso in esame. La tortura doveva essere moderata affinch\u00e9 la vittima, se innocente, potesse tornare a godere la libert\u00e0, e, se colpevole, potesse ricevere la giusta punizione.<\/p>\n<p style=\"text-align: justify;\">Sebbene fino al secolo XVII l&#8217;Inquisizione, come tutti gli altri sistemi giudiziari europei, non abbia rinunciato a ricorrere alla tortura in quelle particolari situazioni in cui si riteneva che una parte essenziale della verit\u00e0 venisse celata pervicacemente, gli inquisitori, a differenza dei giudici civili, ne facevano uso raramente, ritenendo che fosse un fragile e rischioso strumento, spesso incapace di condurre alla verit\u00e0, soprattutto perch\u00e9 molti riuscivano a sopportare i tormenti grazie alla loro forza d&#8217;animo e fisica (13).<\/p>\n<p style=\"text-align: justify;\">Sebbene si pensi generalmente il contrario, solo una piccola percentuale di procedimenti inquisitoriali si concludeva con la condanna a morte, che era riservata ai pertinaci, non disposti in alcun caso a riconciliarsi con la Chiesa, e ai <em>relapsi<\/em>, i ricaduti, giudicati colpevoli di eresia gi\u00e0 in passato. <em>&#8220;I dati disponibili sui rei consegnati dall&#8217;Inquisizione al braccio secolare indicano che una percentuale decisamente modesta di essi fu giustiziata&#8221;<\/em> (p. 85).<\/p>\n<p style=\"text-align: justify;\">Fra i primi mille imputati che comparvero davanti al tribunale di Aquileia fra il 1551 e il 1647 solo quattro furono giustiziati. A Milano nella seconda met\u00e0 del 1500 si contarono dodici esecuzioni capitali per eresia e soltanto una a Modena, nel 1567. Quanto alle oltre duecento sentenze, alcune concernenti pi\u00f9 di un imputato, contenute nei manoscritti del Trinity College, solo in tre di esse era invocata l&#8217;estrema sanzione, mentre a Roma si contarono novantasette condannati a morte dal Sant&#8217;Uffizio fra il 1542 e il 1761.<\/p>\n<p style=\"text-align: justify;\">Dati analoghi emergono dal confronto con l&#8217;Inquisizione spagnola, che fra il 1540 e il 1700 ha comminato 820 volte la pena capitale su un totale di 44.000 casi, cio\u00e8 una percentuale dell&#8217;1,9 per cento.<\/p>\n<p style=\"text-align: justify;\">Inoltre, poich\u00e9 la carcerazione come pena anzich\u00e9 come misura precauzionale durante il procedimento fece la sua comparsa in Europa negli ultimi decenni del 1500, <em>&#8220;<\/em>[&#8230;] <em>l&#8217;Inquisizione, col suo secolare ricorso alla detenzione <\/em>ad poenam<em>, dev&#8217;essere considerata all&#8217;avanguardia anche nel diritto penale, in un&#8217;epoca in cui le altre opzioni a disposizione del giudice si riducevano al rogo, alla mutilazione, alle galee e all&#8217;esilio&#8221; <\/em>(p. 31).<\/p>\n<p style=\"text-align: justify;\">Basandosi su vari documenti, compresi quelli del processo a Giordano Bruno (1548-1600), nonch\u00e9 su un sopralluogo in prima persona, Luigi Firpo ha ricostruito le condizioni di vita nelle prigioni romane del Sant&#8217;Uffizio, demolendo le teorie fantasiose di alcuni autori: <em>&#8220;Si scoprirebbe poi che gli Ucciardone e le Rebibbia di oggi sono le vere bolge infernali rispetto alle troppo diffamate celle dell&#8217;Inquisizione, dove la vita era ritmata da regolamenti severi ma non disumani. Era, per esempio, prescritto che lenzuola e federe si cambiassero due volte alla settimana: roba da grande albergo&#8230;<\/em>. [&#8230;] <em>Una volta al mese, i cardinali responsabili dovevano ricevere uno a uno i prigionieri per sapere di che avessero bisogno. Mi sono imbattuto in un recluso friulano che chiese di avere birra al posto del vino. Il cardinale ordin\u00f2 che si provvedesse, ma, non riuscendo a trovare birra a Roma, ci si scus\u00f2 con il prigioniero, offrendogli in cambio una somma di denaro perch\u00e9 si facesse venire la bevanda preferita dalla sua patria&#8221;<\/em> (14).<\/p>\n<p style=\"text-align: justify;\">Ai responsabili di reati particolarmente gravi e ripugnanti era riservata invece la detenzione sulle galee, <em>&#8220;<\/em>[&#8230;] <em>che possono essere considerate, in un certo senso, l&#8217;equivalente delle nostre carceri di massima sicurezza&#8221;<\/em> (p. 117).<\/p>\n<p style=\"text-align: justify;\">Se il rogo, la reclusione &#8220;a vita&#8221; e i lavori forzati sulle galee sono le sanzioni associate nella mente dei pi\u00f9 ai processi dell&#8217;Inquisizione, l&#8217;esame delle sentenze mostra il predominio di pene molto pi\u00f9 lievi. <em>&#8220;Con particolare frequenza si incontrano atti di umiliazione pubblica sotto forma di abiure lette sulle gradinate delle chiese, di domenica o in occasione di festivit\u00e0 religiose, di fronte a folle di fedeli; multe o servigi a favore di istituzioni caritative; e cicli apparentemente interminabili di preghiere e atti di devozione da compiere per mesi e anni&#8221;<\/em> (p. 119). Spesso erano comminati gli arresti domiciliari, generalmente congiunti allo svolgimento di attivit\u00e0 utili alla comunit\u00e0 e al ricupero morale del reo (15).<\/p>\n<p style=\"text-align: justify;\">Per quanto riguarda la tipologia dei reati si colgono sostanziali differenze fra i due grandi sistemi inquisitoriali dell&#8217;et\u00e0 moderna, derivanti dal fatto che l&#8217;Inquisizione romana era stata rifondata nel 1542 per fronteggiare la diffusione del protestantesimo nella penisola italiana, mentre quella spagnola era stata istituita pi\u00f9 di mezzo secolo prima per affrontare il problema delle false conversioni dall&#8217;ebraismo al cristianesimo.<\/p>\n<p style=\"text-align: justify;\">Negli Stati italiani, quindi, il &#8220;luteranesimo&#8221; fu la preoccupazione maggiore dei funzionari inquisitoriali, finch\u00e9 nel secolo XVII la pratica della magia soppiant\u00f2 il protestantesimo come capo d&#8217;imputazione pi\u00f9 comune. Peraltro, l&#8217;assidua vigilanza di Roma nei confronti della magia &#8211; nella quale raramente erano incluse la stregoneria o il satanismo &#8211; non comport\u00f2 una grande severit\u00e0 in termini di pene.<\/p>\n<p style=\"text-align: justify;\"><em>&#8220;Come riconosciuto anche da Lea quasi un secolo fa, entrambe le grandi Inquisizioni del Mediterraneo erano assai caute e moderate a questo riguardo, in confronto ai tribunali secolari&#8221;<\/em> (p. 85). Tedeschi, fra l&#8217;altro, contesta la tesi secondo cui il manuale inquisitoriale <em>Malleus maleficarum<\/em>, scritto dai domenicani tedeschi Heinrich Kramer (1430 ca.-1505) e Jakob Sprenger (1436 ca.-1495) e pubblicato nel 1486, sia stato il testo canonico per la persecuzione dei sospettati di stregoneria nei due secoli seguenti, documentando come una filosofia radicalmente opposta trovasse consensi crescenti nei tribunali del Sant&#8217;Uffizio nella seconda met\u00e0 del 1500 fino a raggiungere dignit\u00e0 di norma con l&#8217;<em>Instructio pro formandis processibus in causis strigum, sortilegiorum et maleficiorum<\/em>, del 1624.<\/p>\n<p style=\"text-align: justify;\"><strong>Conclusione<\/strong><\/p>\n<p style=\"text-align: justify;\">L&#8217;Inquisizione ha rappresentato un fenomeno plurisecolare e dalle molteplici caratteristiche a seconda dei luoghi e dei contesti storici nei quali si \u00e8 esplicato, ma \u00e8 stata comunque <em>&#8220;<\/em>[&#8230;] <em>espressione del passaggio da una societ\u00e0 contraddistinta dalla convivenza fra le diverse comunit\u00e0 religiose a un&#8217;altra sempre pi\u00f9 contrassegnata da conflitti, e<\/em> [&#8230;] <em>la risposta della Chiesa e della cristianit\u00e0 alla minaccia rappresentata dall&#8217;eresia (Catari e Albigesi) e, successivamente, in Spagna, dalle false conversioni di giudei e musulmani&#8221; <\/em>(16).<\/p>\n<p style=\"text-align: justify;\">Come il ruolo svolto dai tribunali inquisitoriali fu decisivo per assicurare la pace sociale e religiosa in Spagna, cos\u00ec l&#8217;Inquisizione romana ha rappresentato nella penisola italiana un bastione invalicabile contro ogni deviazione dottrinale in tempi <em>&#8220;<\/em>[&#8230;] <em>in cui la Chiesa<\/em> &#8211; come ricorda il cardinale Ratzinger &#8211; <em>ha dovuto difendere la fede dei pi\u00f9 piccoli in contesti frequentemente polemici se non manifestamente aggressivi&#8221;<\/em> (17).<\/p>\n<p style=\"text-align: justify;\">La storia di questa istituzione \u00e8 stata travisata e deformata per secoli, finch\u00e9 accurate ricerche documentarie hanno aperto la strada a lavori scientifici innovativi, anche grazie all&#8217;esempio e allo stimolo forniti dall&#8217;opera di John Tedeschi. \u00c8 auspicabile ora che la nuova immagine dell&#8217;Inquisizione esca dall&#8217;ambito specialistico ed entri a pieno titolo nel patrimonio culturale anzitutto dei cattolici, i quali sono ancora affetti da un ingiustificato complesso d&#8217;inferiorit\u00e0 a causa di una scarsa conoscenza della loro storia.<\/p>\n<p style=\"text-align: justify;\"><strong>Note<\/strong><\/p>\n<p style=\"text-align: justify;\"><strong>(1)<\/strong> Card. Joseph Ratzinger, <em>&#8220;La soglia della verit\u00e0&#8221;<\/em>, in <em>Avvenire<\/em>, anno XXXI, n. 19, 23-1-1998, p. 21. Gi\u00e0 un secolo fa Papa Leone XIII, dopo aver osservato che, almeno negli ultimi tempi, <em>&#8220;<\/em>[&#8230;] <em>si pu\u00f2 asserire fondatamente che la scienza storica sembra essere una congiura degli uomini contro la verit\u00e0&#8221;<\/em> (Epistola <em>Saepenumero considerantes<\/em>, del 18-8-1883, in <em>Tutte le encicliche e i principali documenti pontifici emanati dal 1740<\/em>, vol. V, <em>Leone XIII (1878-1903)<\/em>, parte prima,<em> 1878-1891, <\/em>Libreria Editrice Vaticana, Citt\u00e0 del Vaticano 1997, pp. 158-165 [p. 159]), affermava: <em>&#8220;I non travisati ricordi dei fatti, se analizzati con animo tranquillo e senza opinioni pregiudiziali, di per se stessi difendono, spontaneamente e magnificamente, la Chiesa e il Pontificato&#8221;<\/em> (<em>ibid.<\/em>, p. 158).<\/p>\n<p style=\"text-align: justify;\"><strong>(2)<\/strong> Cit. in Vittorio Messori, <em>Inchiesta sul cristianesimo<\/em>, Societ\u00e0 Editrice Italiana, Torino 1987, p. 27.<\/p>\n<p style=\"text-align: justify;\"><strong>(3) <\/strong>Jean-Baptiste Guiraud, <em>Elogio della Inquisizione<\/em>, a cura di Rino Cammilleri, con un invito alla lettura di Vittorio Messori, Leonardo, Milano 1994 (cfr. la mia recensione in <em>Cristianit\u00e0<\/em>, anno XXIII, n. 239, marzo 1995, pp. 24-26). Sull&#8217;Inquisizione medioevale vedi anche Leo Moulin, <em>L&#8217;Inquisizione sotto inquisizione<\/em>, a cura dell&#8217;Associazione Culturale ICARO, Cagliari 1992; e il mio <em>L&#8217;Inquisizione medioevale, <\/em>in IDIS, <em>Voci per un &#8220;Dizionario del Pensiero Forte&#8221;<\/em>, a cura di Giovanni Cantoni e con una presentazione di Gennaro Malgieri, Cristianit\u00e0, Piacenza 1997, pp. 131-136.<\/p>\n<p style=\"text-align: justify;\"><strong>(4)<\/strong> Henry Kamen, <em>Inquisition and Society in Spain in the Sixteenth and Seventeenth Centuries<\/em>, Weidenfeld and Nicolson, Londra 1985, di cui esiste una successiva traduzione spagnola ampliata, <em>La inquisici\u00f3n espa\u00f1ola<\/em>, Editorial Cr\u00edtica, Barcellona 1985, che modifica radicalmente il giudizio negativo espresso nel 1965 (cfr. <em>L&#8217;Inquisizione spagnola<\/em>, trad. it., Feltrinelli, Milano 1973); nonch\u00e9 Idem, <em>The Spanish Inquisition. A Historical Revision<\/em>, Yale University Press, New Haven, Connecticut 1998; Bartolom\u00e9 Bennassar, <em>Storia dell&#8217;Inquisizione spagnola dal XV al XIX secolo<\/em>, trad. it., Rizzoli, Milano 1994; e Gustav Henningsen, <em>L&#8217;avvocato delle streghe. Stregoneria basca e Inquisizione spagnola<\/em>, trad. it., Garzanti, Milano 1990. Una rassegna bibliografica sull&#8217;argomento \u00e8 stata compiuta da Brian van Hove S.J., <em>Oltre il mito dell&#8217;Inquisizione<\/em>, in <em>La Civilt\u00e0 Cattolica<\/em>, anno 143, vol. IV, quaderno 3419, 5-12-1992, pp. 458-467, e quaderno 3420, 19-12-1992, pp. 578-588. Cfr. anche Joseph De Maistre (1753-1821), <em>Elogio dell&#8217;Inquisizione di Spagna<\/em>, con prefazione di Rino Cammilleri, Il Cerchio, Rimini 1998; e il mio<em> L&#8217;Inquisizione spagnola<\/em>, in IDIS, <em>Voci per un &#8220;Dizionario del Pensiero Forte&#8221;<\/em>, cit., pp. 137-142.<\/p>\n<p style=\"text-align: justify;\"><strong>(5)<\/strong> Cfr. Adriano Prosperi, <em>L&#8217;Inquisizione: verso una nuova immagine?<\/em>, in <em>Critica storica<\/em>, anno XXV, gennaio-marzo 1988, n. 1, pp. 119-145, e Idem<em>, L&#8217;Inquisizione romana. Dal declino della mentalit\u00e0 magica ai conflitti interni al clero, alla storia della censura<\/em>, in <em>Prometeo. Rivista trimestrale di scienze e storia<\/em>, anno 11, n. 44, dicembre 1993, pp. 18-29, nonch\u00e9 Idem, <em>Tribunali della coscienza. Inquisitori, confessori, missionari<\/em>, Einaudi, Torino 1966. Cfr. anche AA.VV., <em>L&#8217;Inquisizione romana in Italia nell&#8217;et\u00e0 moderna. Archivi, problemi di metodi e nuove ricerche<\/em>, a cura di Andrea Del Col e Giovanna Paolin, Atti del seminario internazionale di Trieste (18\/20-5-1988), Ministero per i Beni Culturali e Ambientali. Ufficio centrale per i beni archivistici, Roma 1991. Sull&#8217;Inquisizione spagnola in Italia cfr. Agostino Borromeo, <em>Contributo allo studio dell&#8217;Inquisizione e dei suoi rapporti con il potere episcopale nell&#8217;Italia spagnola<\/em>, in <em>Annuario dell&#8217;Istituto storico italiano per l&#8217;et\u00e0 moderna e contemporanea<\/em>, anno XXIX-XXX (1977-1978), Roma 1979, pp. 219-276. Sull&#8217;attivit\u00e0 dei tribunali inquisitoriali a Napoli e a Milano, dove non fu mai accettata l&#8217;introduzione dell&#8217;Inquisizione spagnola, perch\u00e9 avrebbe minacciato privilegi e libert\u00e0 tradizionali, cfr. Giovanni Romeo, <em>Inquisitori, esorcisti e streghe nell&#8217;Italia della Controriforma<\/em>, Sansoni, Firenze 1990; e Romano Canosa, <em>Storia dell&#8217;Inquisizione in Italia dalla met\u00e0 del Cinquecento alla fine del Settecento<\/em>, 5 voll., Sapere 2000, Roma 1986-1990.<\/p>\n<p style=\"text-align: justify;\"><strong>(6)<\/strong> A. Prosperi, <em>L&#8217;Inquisizione in Italia<\/em>, in <em>Clero e societ\u00e0 nell&#8217;Italia moderna<\/em>, a cura di Mario Rosa, Laterza, Bari-Roma 1992, pp. 275-320 (p. 293).<\/p>\n<p style=\"text-align: justify;\"><strong>(7)<\/strong> Cfr. John Tedeschi, <em>Il giudice e l&#8217;eretico. Studi sull&#8217;Inquisizione romana<\/em>, trad. it., Vita e Pensiero, Milano 1997 (<em>The Prosecution of Heresy. <\/em><em>Collected Studies on the Inquisition in Early Modern Italy<\/em>, Binghamton, New York, 1991). Tutti i riferimenti fra parentesi nel testo rimandano a quest&#8217;opera.<\/p>\n<p style=\"text-align: justify;\"><strong>(8)<\/strong> Cfr. Henry Charles Lea, <em>A History of the Inquisition of the Middle Ages<\/em>, New York 1887, 3 voll. \u00c8 significativo che Lea, sebbene poco benevolo nei confronti dell&#8217;Inquisizione, abbia scritto che, nel Medioevo, <em>&#8220;<\/em>[&#8230;] <em>la causa dell&#8217;ortodossia non era altro che la causa della civilt\u00e0 e del progresso&#8221;<\/em> (<em>Storia dell&#8217;Inquisizione. Fondazione e procedura<\/em>, trad. it. del primo volume, Fratelli Bocca Editori, Torino 1910, p. 118).<\/p>\n<p style=\"text-align: justify;\"><strong>(9)<\/strong> A. Prosperi, <em>L&#8217;Inquisizione: verso una nuova immagine?<\/em>, cit., pp. 127-128.<\/p>\n<p style=\"text-align: justify;\"><strong>(10)<\/strong> <em>&#8220;Tanto la storia quanto il mito sono brillantemente discussi da E<\/em>[dward]<em>. <\/em><em>Peters in <\/em>Inquisition<em>,<\/em> <em>New York-London 1988&#8243;<\/em> (p. 201, n. 3).<\/p>\n<p style=\"text-align: justify;\"><strong>(11)<\/strong> Cfr. Carlo Ginzburg,<em> Stregoneria e piet\u00e0 popolare. Note a proposito di un processo modenese del 1519<\/em>, in <em>Annali della Scuola Normale Superiore di Pisa. Sezione II. Lettere, storia e filosofia<\/em>, vol. XXX, 1961, pp. 269-287, e pi\u00f9 in generale Idem, <em>I benandanti. Stregoneria e culti agrari tra Cinquecento e Seicento<\/em>, Einaudi, Torino 1966<\/p>\n<p style=\"text-align: justify;\"><strong>(12)<\/strong> Giovanni Grado Merlo, <em>I registri inquisitoriali come fonti per la storia dei gruppi ereticali clandestini. <\/em><em>Il caso del Piemonte basso medievale<\/em>, in <em>Histoire et clandestinit\u00e9 du Moyen-\u00c2ge \u00e0 la premi\u00e8re guerre mondiale. <\/em><em>Colloque de Privas (Mai 1977)<\/em>, a cura di M. Tilloy, Gabriel Audisio e Jacques Chiffoleau, Albi 1979, pp. 59-74 (p. 72).<\/p>\n<p style=\"text-align: justify;\"><strong>(13)<\/strong> Tedeschi in proposito riporta una considerazione di John Langbein, autore di <em>Torture and the Law of Proof. Europe and England in the Ancien R\u00e9gime <\/em>(Chicago-Londra 1977, p. 185):<em> &#8220;Dobbiamo tenere presente che nessun aspetto della condizione umana \u00e8 mutato cos\u00ec radicalmente, nel ventesimo secolo, come la tolleranza della sofferenza fisica. I comuni analgesici e l&#8217;anestesia hanno in gran parte eliminato dalla nostra vita l&#8217;esperienza del dolore somatico. A causa di malattie, parti, interventi chirurgici e odontoiatrici i nostri antenati si abituavano a livelli di sofferenza che per noi risultano incomprensibili&#8221; <\/em>(p. 300, nota 113).<\/p>\n<p style=\"text-align: justify;\"><strong>(14)<\/strong> Cit. in V. Messori, <em>Inchiesta sul cristianesimo<\/em>, cit., p. 27.<\/p>\n<p style=\"text-align: justify;\"><strong>(15)<\/strong> Lo scienziato pisano Galileo Galilei (1564-1642) fu condannato agli arresti domiciliari &#8211; scontati nella sua villa di Arcetri, presso Firenze, dove continu\u00f2 a ricevere gli allievi e pot\u00e8 completare la stesura di alcune opere &#8211; e alla recita settimanale dei salmi penitenziali: cfr. Luciano Benassi, <em>Galileo Galilei. La leggenda del &#8220;martire&#8221; della scienza moderna<\/em>, in AA. VV., <em>Processi alla Chiesa. Mistificazione e apologia<\/em>, a cura di Franco Cardini, Piemme, Casale Monferrato (Alessandria) 1994, pp. 329-352.<\/p>\n<p style=\"text-align: justify;\"><strong>(16)<\/strong> Marco Invernizzi e Oscar Sanguinetti, <em>Integrazioni bibliografiche<\/em>, in J.-B. Guiraud, <em>Elogio della Inquisizione<\/em>, cit., pp. 165-189 (pp. 167-168), che riprendono una considerazione di Henry Kamen.<\/p>\n<p style=\"text-align: justify;\"><strong>(17)<\/strong> Cad. J. Ratzinger, <em>art<\/em>. <em>cit<\/em>.<\/p>\n","protected":false},"excerpt":{"rendered":"<p>Articolo\u00a0pubblicato su Cristianit\u00e0 n. 278 Uno studio dello storico italo-americano John Tedeschi descrive l&#8217;organizzazione e le procedure adottate dall&#8217;Inquisizione romana per la salvaguardia della fede cattolica e nella lotta contro l&#8217;eresia, sfatando numerosi luoghi comuni &#8211; soprattutto relativi all&#8217;arbitrariet\u00e0 e alla severit\u00e0 dei tribunali inquisitoriali &#8211; ed evidenziando i limiti d&#8217;interpretazioni purtroppo sedimentate nell&#8217;immaginario collettivo. &hellip; <\/p>\n<p><a class=\"more-link btn\" href=\"https:\/\/www.rassegnastampa-totustuus.it\/cattolica\/il-giudice-e-leretico-studi-sullinquisizione-romana\/\">Continua a leggere<\/a><\/p>\n","protected":false},"author":6,"featured_media":28452,"comment_status":"closed","ping_status":"open","sticky":false,"template":"","format":"standard","meta":{"footnotes":""},"categories":[93,17,91,24],"tags":[468,934],"class_list":["post-1210","post","type-post","status-publish","format-standard","has-post-thumbnail","hentry","category-inquisizione","category-libri","category-medioevo","category-storia","tag-inquisizione-2","tag-inquisizione-romana","item-wrap"],"yoast_head":"<!-- This site is optimized with the Yoast SEO plugin v27.5 - https:\/\/yoast.com\/product\/yoast-seo-wordpress\/ -->\n<title>&#039;&#039;Il giudice e l&#039;eretico. Studi sull&#039;Inquisizione romana&quot; - Rassegna Stampa Cattolica<\/title>\n<meta name=\"description\" content=\"Rassegna Stampa Cattolica - Per una cultura che nasce dalla Rivelazione cristiana in conformit\u00e0 alla tradizione e al Magistero della Chiesa in opposizione ad ogni relativismo e totalitarismo\" \/>\n<meta name=\"robots\" content=\"index, follow, max-snippet:-1, max-image-preview:large, max-video-preview:-1\" \/>\n<link rel=\"canonical\" href=\"https:\/\/www.rassegnastampa-totustuus.it\/cattolica\/il-giudice-e-leretico-studi-sullinquisizione-romana\/\" \/>\n<meta property=\"og:locale\" content=\"it_IT\" \/>\n<meta property=\"og:type\" content=\"article\" \/>\n<meta property=\"og:title\" content=\"&#039;&#039;Il giudice e l&#039;eretico. Studi sull&#039;Inquisizione romana&quot; - Rassegna Stampa Cattolica\" \/>\n<meta property=\"og:description\" content=\"Rassegna Stampa Cattolica - Per una cultura che nasce dalla Rivelazione cristiana in conformit\u00e0 alla tradizione e al Magistero della Chiesa in opposizione ad ogni relativismo e totalitarismo\" \/>\n<meta property=\"og:url\" content=\"https:\/\/www.rassegnastampa-totustuus.it\/cattolica\/il-giudice-e-leretico-studi-sullinquisizione-romana\/\" \/>\n<meta property=\"og:site_name\" content=\"Rassegna Stampa Cattolica\" \/>\n<meta property=\"article:publisher\" content=\"https:\/\/www.facebook.com\/rassegnastampacattolica\" \/>\n<meta property=\"article:published_time\" content=\"2005-08-23T09:32:29+00:00\" \/>\n<meta property=\"article:modified_time\" content=\"2015-12-02T08:52:30+00:00\" \/>\n<meta property=\"og:image\" content=\"https:\/\/www.rassegnastampa-totustuus.it\/cattolica\/wp-content\/uploads\/2005\/08\/Tedeschi_cover.jpg\" \/>\n\t<meta property=\"og:image:width\" content=\"194\" \/>\n\t<meta property=\"og:image:height\" content=\"260\" \/>\n\t<meta property=\"og:image:type\" content=\"image\/jpeg\" \/>\n<meta name=\"author\" content=\"Redazione\" \/>\n<meta name=\"twitter:card\" content=\"summary_large_image\" \/>\n<meta name=\"twitter:creator\" content=\"@rassegnastampa9\" \/>\n<meta name=\"twitter:site\" content=\"@rassegnastampa9\" \/>\n<meta name=\"twitter:label1\" content=\"Scritto da\" \/>\n\t<meta name=\"twitter:data1\" content=\"Redazione\" \/>\n\t<meta name=\"twitter:label2\" content=\"Tempo di lettura stimato\" \/>\n\t<meta name=\"twitter:data2\" content=\"20 minuti\" \/>\n<script type=\"application\/ld+json\" class=\"yoast-schema-graph\">{\"@context\":\"https:\\\/\\\/schema.org\",\"@graph\":[{\"@type\":\"Article\",\"@id\":\"https:\\\/\\\/www.rassegnastampa-totustuus.it\\\/cattolica\\\/il-giudice-e-leretico-studi-sullinquisizione-romana\\\/#article\",\"isPartOf\":{\"@id\":\"https:\\\/\\\/www.rassegnastampa-totustuus.it\\\/cattolica\\\/il-giudice-e-leretico-studi-sullinquisizione-romana\\\/\"},\"author\":{\"name\":\"Redazione\",\"@id\":\"https:\\\/\\\/www.rassegnastampa-totustuus.it\\\/cattolica\\\/#\\\/schema\\\/person\\\/08f319d2bd1a0904ad9e2bfb7b15e5c3\"},\"headline\":\"&#8221;Il giudice e l&#8217;eretico. Studi sull&#8217;Inquisizione romana&quot;\",\"datePublished\":\"2005-08-23T09:32:29+00:00\",\"dateModified\":\"2015-12-02T08:52:30+00:00\",\"mainEntityOfPage\":{\"@id\":\"https:\\\/\\\/www.rassegnastampa-totustuus.it\\\/cattolica\\\/il-giudice-e-leretico-studi-sullinquisizione-romana\\\/\"},\"wordCount\":4110,\"publisher\":{\"@id\":\"https:\\\/\\\/www.rassegnastampa-totustuus.it\\\/cattolica\\\/#organization\"},\"image\":{\"@id\":\"https:\\\/\\\/www.rassegnastampa-totustuus.it\\\/cattolica\\\/il-giudice-e-leretico-studi-sullinquisizione-romana\\\/#primaryimage\"},\"thumbnailUrl\":\"https:\\\/\\\/www.rassegnastampa-totustuus.it\\\/cattolica\\\/wp-content\\\/uploads\\\/2005\\\/08\\\/Tedeschi_cover.jpg\",\"keywords\":[\"inquisizione\",\"inquisizione romana\"],\"articleSection\":[\"Inquisizione\",\"Libri\",\"Medioevo\",\"Storia\"],\"inLanguage\":\"it-IT\"},{\"@type\":\"WebPage\",\"@id\":\"https:\\\/\\\/www.rassegnastampa-totustuus.it\\\/cattolica\\\/il-giudice-e-leretico-studi-sullinquisizione-romana\\\/\",\"url\":\"https:\\\/\\\/www.rassegnastampa-totustuus.it\\\/cattolica\\\/il-giudice-e-leretico-studi-sullinquisizione-romana\\\/\",\"name\":\"''Il giudice e l'eretico. Studi sull'Inquisizione romana&quot; - Rassegna Stampa Cattolica\",\"isPartOf\":{\"@id\":\"https:\\\/\\\/www.rassegnastampa-totustuus.it\\\/cattolica\\\/#website\"},\"primaryImageOfPage\":{\"@id\":\"https:\\\/\\\/www.rassegnastampa-totustuus.it\\\/cattolica\\\/il-giudice-e-leretico-studi-sullinquisizione-romana\\\/#primaryimage\"},\"image\":{\"@id\":\"https:\\\/\\\/www.rassegnastampa-totustuus.it\\\/cattolica\\\/il-giudice-e-leretico-studi-sullinquisizione-romana\\\/#primaryimage\"},\"thumbnailUrl\":\"https:\\\/\\\/www.rassegnastampa-totustuus.it\\\/cattolica\\\/wp-content\\\/uploads\\\/2005\\\/08\\\/Tedeschi_cover.jpg\",\"datePublished\":\"2005-08-23T09:32:29+00:00\",\"dateModified\":\"2015-12-02T08:52:30+00:00\",\"description\":\"Rassegna Stampa Cattolica - Per una cultura che nasce dalla Rivelazione cristiana in conformit\u00e0 alla tradizione e al Magistero della Chiesa in opposizione ad ogni relativismo e totalitarismo\",\"breadcrumb\":{\"@id\":\"https:\\\/\\\/www.rassegnastampa-totustuus.it\\\/cattolica\\\/il-giudice-e-leretico-studi-sullinquisizione-romana\\\/#breadcrumb\"},\"inLanguage\":\"it-IT\",\"potentialAction\":[{\"@type\":\"ReadAction\",\"target\":[\"https:\\\/\\\/www.rassegnastampa-totustuus.it\\\/cattolica\\\/il-giudice-e-leretico-studi-sullinquisizione-romana\\\/\"]}]},{\"@type\":\"ImageObject\",\"inLanguage\":\"it-IT\",\"@id\":\"https:\\\/\\\/www.rassegnastampa-totustuus.it\\\/cattolica\\\/il-giudice-e-leretico-studi-sullinquisizione-romana\\\/#primaryimage\",\"url\":\"https:\\\/\\\/www.rassegnastampa-totustuus.it\\\/cattolica\\\/wp-content\\\/uploads\\\/2005\\\/08\\\/Tedeschi_cover.jpg\",\"contentUrl\":\"https:\\\/\\\/www.rassegnastampa-totustuus.it\\\/cattolica\\\/wp-content\\\/uploads\\\/2005\\\/08\\\/Tedeschi_cover.jpg\",\"width\":194,\"height\":260},{\"@type\":\"BreadcrumbList\",\"@id\":\"https:\\\/\\\/www.rassegnastampa-totustuus.it\\\/cattolica\\\/il-giudice-e-leretico-studi-sullinquisizione-romana\\\/#breadcrumb\",\"itemListElement\":[{\"@type\":\"ListItem\",\"position\":1,\"name\":\"Home\",\"item\":\"https:\\\/\\\/www.rassegnastampa-totustuus.it\\\/cattolica\\\/\"},{\"@type\":\"ListItem\",\"position\":2,\"name\":\"&#8221;Il giudice e l&#8217;eretico. Studi sull&#8217;Inquisizione romana&quot;\"}]},{\"@type\":\"WebSite\",\"@id\":\"https:\\\/\\\/www.rassegnastampa-totustuus.it\\\/cattolica\\\/#website\",\"url\":\"https:\\\/\\\/www.rassegnastampa-totustuus.it\\\/cattolica\\\/\",\"name\":\"Rassegna Stampa Cattolica\",\"description\":\"Per una cultura che nasce dalla Rivelazione cristiana in conformit\u00e0 alla tradizione e al Magistero della Chiesa in opposizione ad ogni relativismo e totalitarismo\",\"publisher\":{\"@id\":\"https:\\\/\\\/www.rassegnastampa-totustuus.it\\\/cattolica\\\/#organization\"},\"alternateName\":\"Rass. Cattolica\",\"potentialAction\":[{\"@type\":\"SearchAction\",\"target\":{\"@type\":\"EntryPoint\",\"urlTemplate\":\"https:\\\/\\\/www.rassegnastampa-totustuus.it\\\/cattolica\\\/?s={search_term_string}\"},\"query-input\":{\"@type\":\"PropertyValueSpecification\",\"valueRequired\":true,\"valueName\":\"search_term_string\"}}],\"inLanguage\":\"it-IT\"},{\"@type\":\"Organization\",\"@id\":\"https:\\\/\\\/www.rassegnastampa-totustuus.it\\\/cattolica\\\/#organization\",\"name\":\"Rassegna Stampa Cattolica\",\"url\":\"https:\\\/\\\/www.rassegnastampa-totustuus.it\\\/cattolica\\\/\",\"logo\":{\"@type\":\"ImageObject\",\"inLanguage\":\"it-IT\",\"@id\":\"https:\\\/\\\/www.rassegnastampa-totustuus.it\\\/cattolica\\\/#\\\/schema\\\/logo\\\/image\\\/\",\"url\":\"https:\\\/\\\/www.rassegnastampa-totustuus.it\\\/cattolica\\\/wp-content\\\/uploads\\\/2014\\\/04\\\/logo-rassegna1.gif\",\"contentUrl\":\"https:\\\/\\\/www.rassegnastampa-totustuus.it\\\/cattolica\\\/wp-content\\\/uploads\\\/2014\\\/04\\\/logo-rassegna1.gif\",\"width\":600,\"height\":163,\"caption\":\"Rassegna Stampa Cattolica\"},\"image\":{\"@id\":\"https:\\\/\\\/www.rassegnastampa-totustuus.it\\\/cattolica\\\/#\\\/schema\\\/logo\\\/image\\\/\"},\"sameAs\":[\"https:\\\/\\\/www.facebook.com\\\/rassegnastampacattolica\",\"https:\\\/\\\/x.com\\\/rassegnastampa9\"]},{\"@type\":\"Person\",\"@id\":\"https:\\\/\\\/www.rassegnastampa-totustuus.it\\\/cattolica\\\/#\\\/schema\\\/person\\\/08f319d2bd1a0904ad9e2bfb7b15e5c3\",\"name\":\"Redazione\",\"image\":{\"@type\":\"ImageObject\",\"inLanguage\":\"it-IT\",\"@id\":\"https:\\\/\\\/secure.gravatar.com\\\/avatar\\\/2fcdf27c78ea025fbdb44e914cc63c72249ffec9dc8aafd5c82b26240ef3f346?s=96&d=mm&r=g\",\"url\":\"https:\\\/\\\/secure.gravatar.com\\\/avatar\\\/2fcdf27c78ea025fbdb44e914cc63c72249ffec9dc8aafd5c82b26240ef3f346?s=96&d=mm&r=g\",\"contentUrl\":\"https:\\\/\\\/secure.gravatar.com\\\/avatar\\\/2fcdf27c78ea025fbdb44e914cc63c72249ffec9dc8aafd5c82b26240ef3f346?s=96&d=mm&r=g\",\"caption\":\"Redazione\"},\"url\":\"https:\\\/\\\/www.rassegnastampa-totustuus.it\\\/cattolica\\\/author\\\/pietroelle\\\/\"}]}<\/script>\n<!-- \/ Yoast SEO plugin. -->","yoast_head_json":{"title":"''Il giudice e l'eretico. Studi sull'Inquisizione romana&quot; - Rassegna Stampa Cattolica","description":"Rassegna Stampa Cattolica - Per una cultura che nasce dalla Rivelazione cristiana in conformit\u00e0 alla tradizione e al Magistero della Chiesa in opposizione ad ogni relativismo e totalitarismo","robots":{"index":"index","follow":"follow","max-snippet":"max-snippet:-1","max-image-preview":"max-image-preview:large","max-video-preview":"max-video-preview:-1"},"canonical":"https:\/\/www.rassegnastampa-totustuus.it\/cattolica\/il-giudice-e-leretico-studi-sullinquisizione-romana\/","og_locale":"it_IT","og_type":"article","og_title":"''Il giudice e l'eretico. Studi sull'Inquisizione romana&quot; - Rassegna Stampa Cattolica","og_description":"Rassegna Stampa Cattolica - Per una cultura che nasce dalla Rivelazione cristiana in conformit\u00e0 alla tradizione e al Magistero della Chiesa in opposizione ad ogni relativismo e totalitarismo","og_url":"https:\/\/www.rassegnastampa-totustuus.it\/cattolica\/il-giudice-e-leretico-studi-sullinquisizione-romana\/","og_site_name":"Rassegna Stampa Cattolica","article_publisher":"https:\/\/www.facebook.com\/rassegnastampacattolica","article_published_time":"2005-08-23T09:32:29+00:00","article_modified_time":"2015-12-02T08:52:30+00:00","og_image":[{"width":194,"height":260,"url":"https:\/\/www.rassegnastampa-totustuus.it\/cattolica\/wp-content\/uploads\/2005\/08\/Tedeschi_cover.jpg","type":"image\/jpeg"}],"author":"Redazione","twitter_card":"summary_large_image","twitter_creator":"@rassegnastampa9","twitter_site":"@rassegnastampa9","twitter_misc":{"Scritto da":"Redazione","Tempo di lettura stimato":"20 minuti"},"schema":{"@context":"https:\/\/schema.org","@graph":[{"@type":"Article","@id":"https:\/\/www.rassegnastampa-totustuus.it\/cattolica\/il-giudice-e-leretico-studi-sullinquisizione-romana\/#article","isPartOf":{"@id":"https:\/\/www.rassegnastampa-totustuus.it\/cattolica\/il-giudice-e-leretico-studi-sullinquisizione-romana\/"},"author":{"name":"Redazione","@id":"https:\/\/www.rassegnastampa-totustuus.it\/cattolica\/#\/schema\/person\/08f319d2bd1a0904ad9e2bfb7b15e5c3"},"headline":"&#8221;Il giudice e l&#8217;eretico. Studi sull&#8217;Inquisizione romana&quot;","datePublished":"2005-08-23T09:32:29+00:00","dateModified":"2015-12-02T08:52:30+00:00","mainEntityOfPage":{"@id":"https:\/\/www.rassegnastampa-totustuus.it\/cattolica\/il-giudice-e-leretico-studi-sullinquisizione-romana\/"},"wordCount":4110,"publisher":{"@id":"https:\/\/www.rassegnastampa-totustuus.it\/cattolica\/#organization"},"image":{"@id":"https:\/\/www.rassegnastampa-totustuus.it\/cattolica\/il-giudice-e-leretico-studi-sullinquisizione-romana\/#primaryimage"},"thumbnailUrl":"https:\/\/www.rassegnastampa-totustuus.it\/cattolica\/wp-content\/uploads\/2005\/08\/Tedeschi_cover.jpg","keywords":["inquisizione","inquisizione romana"],"articleSection":["Inquisizione","Libri","Medioevo","Storia"],"inLanguage":"it-IT"},{"@type":"WebPage","@id":"https:\/\/www.rassegnastampa-totustuus.it\/cattolica\/il-giudice-e-leretico-studi-sullinquisizione-romana\/","url":"https:\/\/www.rassegnastampa-totustuus.it\/cattolica\/il-giudice-e-leretico-studi-sullinquisizione-romana\/","name":"''Il giudice e l'eretico. Studi sull'Inquisizione romana&quot; - Rassegna Stampa Cattolica","isPartOf":{"@id":"https:\/\/www.rassegnastampa-totustuus.it\/cattolica\/#website"},"primaryImageOfPage":{"@id":"https:\/\/www.rassegnastampa-totustuus.it\/cattolica\/il-giudice-e-leretico-studi-sullinquisizione-romana\/#primaryimage"},"image":{"@id":"https:\/\/www.rassegnastampa-totustuus.it\/cattolica\/il-giudice-e-leretico-studi-sullinquisizione-romana\/#primaryimage"},"thumbnailUrl":"https:\/\/www.rassegnastampa-totustuus.it\/cattolica\/wp-content\/uploads\/2005\/08\/Tedeschi_cover.jpg","datePublished":"2005-08-23T09:32:29+00:00","dateModified":"2015-12-02T08:52:30+00:00","description":"Rassegna Stampa Cattolica - Per una cultura che nasce dalla Rivelazione cristiana in conformit\u00e0 alla tradizione e al Magistero della Chiesa in opposizione ad ogni relativismo e totalitarismo","breadcrumb":{"@id":"https:\/\/www.rassegnastampa-totustuus.it\/cattolica\/il-giudice-e-leretico-studi-sullinquisizione-romana\/#breadcrumb"},"inLanguage":"it-IT","potentialAction":[{"@type":"ReadAction","target":["https:\/\/www.rassegnastampa-totustuus.it\/cattolica\/il-giudice-e-leretico-studi-sullinquisizione-romana\/"]}]},{"@type":"ImageObject","inLanguage":"it-IT","@id":"https:\/\/www.rassegnastampa-totustuus.it\/cattolica\/il-giudice-e-leretico-studi-sullinquisizione-romana\/#primaryimage","url":"https:\/\/www.rassegnastampa-totustuus.it\/cattolica\/wp-content\/uploads\/2005\/08\/Tedeschi_cover.jpg","contentUrl":"https:\/\/www.rassegnastampa-totustuus.it\/cattolica\/wp-content\/uploads\/2005\/08\/Tedeschi_cover.jpg","width":194,"height":260},{"@type":"BreadcrumbList","@id":"https:\/\/www.rassegnastampa-totustuus.it\/cattolica\/il-giudice-e-leretico-studi-sullinquisizione-romana\/#breadcrumb","itemListElement":[{"@type":"ListItem","position":1,"name":"Home","item":"https:\/\/www.rassegnastampa-totustuus.it\/cattolica\/"},{"@type":"ListItem","position":2,"name":"&#8221;Il giudice e l&#8217;eretico. Studi sull&#8217;Inquisizione romana&quot;"}]},{"@type":"WebSite","@id":"https:\/\/www.rassegnastampa-totustuus.it\/cattolica\/#website","url":"https:\/\/www.rassegnastampa-totustuus.it\/cattolica\/","name":"Rassegna Stampa Cattolica","description":"Per una cultura che nasce dalla Rivelazione cristiana in conformit\u00e0 alla tradizione e al Magistero della Chiesa in opposizione ad ogni relativismo e totalitarismo","publisher":{"@id":"https:\/\/www.rassegnastampa-totustuus.it\/cattolica\/#organization"},"alternateName":"Rass. Cattolica","potentialAction":[{"@type":"SearchAction","target":{"@type":"EntryPoint","urlTemplate":"https:\/\/www.rassegnastampa-totustuus.it\/cattolica\/?s={search_term_string}"},"query-input":{"@type":"PropertyValueSpecification","valueRequired":true,"valueName":"search_term_string"}}],"inLanguage":"it-IT"},{"@type":"Organization","@id":"https:\/\/www.rassegnastampa-totustuus.it\/cattolica\/#organization","name":"Rassegna Stampa Cattolica","url":"https:\/\/www.rassegnastampa-totustuus.it\/cattolica\/","logo":{"@type":"ImageObject","inLanguage":"it-IT","@id":"https:\/\/www.rassegnastampa-totustuus.it\/cattolica\/#\/schema\/logo\/image\/","url":"https:\/\/www.rassegnastampa-totustuus.it\/cattolica\/wp-content\/uploads\/2014\/04\/logo-rassegna1.gif","contentUrl":"https:\/\/www.rassegnastampa-totustuus.it\/cattolica\/wp-content\/uploads\/2014\/04\/logo-rassegna1.gif","width":600,"height":163,"caption":"Rassegna Stampa Cattolica"},"image":{"@id":"https:\/\/www.rassegnastampa-totustuus.it\/cattolica\/#\/schema\/logo\/image\/"},"sameAs":["https:\/\/www.facebook.com\/rassegnastampacattolica","https:\/\/x.com\/rassegnastampa9"]},{"@type":"Person","@id":"https:\/\/www.rassegnastampa-totustuus.it\/cattolica\/#\/schema\/person\/08f319d2bd1a0904ad9e2bfb7b15e5c3","name":"Redazione","image":{"@type":"ImageObject","inLanguage":"it-IT","@id":"https:\/\/secure.gravatar.com\/avatar\/2fcdf27c78ea025fbdb44e914cc63c72249ffec9dc8aafd5c82b26240ef3f346?s=96&d=mm&r=g","url":"https:\/\/secure.gravatar.com\/avatar\/2fcdf27c78ea025fbdb44e914cc63c72249ffec9dc8aafd5c82b26240ef3f346?s=96&d=mm&r=g","contentUrl":"https:\/\/secure.gravatar.com\/avatar\/2fcdf27c78ea025fbdb44e914cc63c72249ffec9dc8aafd5c82b26240ef3f346?s=96&d=mm&r=g","caption":"Redazione"},"url":"https:\/\/www.rassegnastampa-totustuus.it\/cattolica\/author\/pietroelle\/"}]}},"_links":{"self":[{"href":"https:\/\/www.rassegnastampa-totustuus.it\/cattolica\/wp-json\/wp\/v2\/posts\/1210","targetHints":{"allow":["GET"]}}],"collection":[{"href":"https:\/\/www.rassegnastampa-totustuus.it\/cattolica\/wp-json\/wp\/v2\/posts"}],"about":[{"href":"https:\/\/www.rassegnastampa-totustuus.it\/cattolica\/wp-json\/wp\/v2\/types\/post"}],"author":[{"embeddable":true,"href":"https:\/\/www.rassegnastampa-totustuus.it\/cattolica\/wp-json\/wp\/v2\/users\/6"}],"replies":[{"embeddable":true,"href":"https:\/\/www.rassegnastampa-totustuus.it\/cattolica\/wp-json\/wp\/v2\/comments?post=1210"}],"version-history":[{"count":4,"href":"https:\/\/www.rassegnastampa-totustuus.it\/cattolica\/wp-json\/wp\/v2\/posts\/1210\/revisions"}],"predecessor-version":[{"id":28453,"href":"https:\/\/www.rassegnastampa-totustuus.it\/cattolica\/wp-json\/wp\/v2\/posts\/1210\/revisions\/28453"}],"wp:featuredmedia":[{"embeddable":true,"href":"https:\/\/www.rassegnastampa-totustuus.it\/cattolica\/wp-json\/wp\/v2\/media\/28452"}],"wp:attachment":[{"href":"https:\/\/www.rassegnastampa-totustuus.it\/cattolica\/wp-json\/wp\/v2\/media?parent=1210"}],"wp:term":[{"taxonomy":"category","embeddable":true,"href":"https:\/\/www.rassegnastampa-totustuus.it\/cattolica\/wp-json\/wp\/v2\/categories?post=1210"},{"taxonomy":"post_tag","embeddable":true,"href":"https:\/\/www.rassegnastampa-totustuus.it\/cattolica\/wp-json\/wp\/v2\/tags?post=1210"}],"curies":[{"name":"wp","href":"https:\/\/api.w.org\/{rel}","templated":true}]}}