{"id":1209,"date":"2005-08-23T11:26:30","date_gmt":"2005-08-23T09:26:30","guid":{"rendered":""},"modified":"2016-03-04T11:09:34","modified_gmt":"2016-03-04T10:09:34","slug":"la-purificazione-della-memoria-e-la-caccia-alle-streghe","status":"publish","type":"post","link":"https:\/\/www.rassegnastampa-totustuus.it\/cattolica\/la-purificazione-della-memoria-e-la-caccia-alle-streghe\/","title":{"rendered":"La &laquo;purificazione della memoria&raquo; e la caccia alle streghe"},"content":{"rendered":"<div style=\"text-align: center;\"><img loading=\"lazy\" decoding=\"async\" class=\"alignleft wp-image-31432 size-full\" src=\"https:\/\/www.rassegnastampa-totustuus.it\/cattolica\/wp-content\/uploads\/2005\/09\/streghe.jpg\" alt=\"streghe\" width=\"225\" height=\"224\" srcset=\"https:\/\/www.rassegnastampa-totustuus.it\/cattolica\/wp-content\/uploads\/2005\/09\/streghe.jpg 225w, https:\/\/www.rassegnastampa-totustuus.it\/cattolica\/wp-content\/uploads\/2005\/09\/streghe-150x150.jpg 150w\" sizes=\"auto, (max-width: 225px) 100vw, 225px\" \/>pubblicato su <strong>Il Domenicale<\/strong> del 26 giugno 2004<\/div>\n<p style=\"text-align: center;\"><em>La verit\u00e0 \u00e8 l&#8217;unica carit\u00e0 concessa alla storia<\/em><\/p>\n<p style=\"text-align: center;\">di <strong>Marco Respinti<\/strong><\/p>\n<p style=\"text-align: justify;\">Annus Domini Duemila: in occasione del Giubileo, Papa Giovanni Paolo II indice una riflessione sulla storia della Chiesa cattolica che non ha eguali presso altre fedi e altre comunit\u00e0 religiose. Il Papa domanda ai cristiani di chiedere perdono a Dio per tutte quelle occasioni in cui non si siano dimostrati sufficientemente cristiani, quindi quando hanno peccato contro la fede, la speranza e la carit\u00e0, quando si sono lasciati irretire da idee e da ideologie non cristiane, insomma quando hanno imboccato vie diverse da quell\u2019imitazione perfetta di Cristo che sola conduce alla santit\u00e0.<\/p>\n<p style=\"text-align: justify;\"><!--more--><\/p>\n<p style=\"text-align: justify;\">\u00c8 una iniziativa tutta cristiana e tutta interna alla Chiesa cattolica: il Papa, supremo pastore cattolico, invita il gregge dei cattolici affidati alle sue cure ad aderire sempre pi\u00f9 al cattolicesimo. In attesa, insomma, che i non cattolici possano anche solo pensare di fare cosa analoga, Giovanni Paolo II afferma, ribadisce e promulga il concetto di \u00abpurificazione della memoria\u00bb dalle pagine della lettera apostolica Tertio millennio adveniente, del 1994, scritta in vista del Giubileo, a cui, proprio nel 2000, viene ad appoggiarsi il documento della Commissione teologica internazionale Memoria e riconciliazione: la Chiesa e le colpe del passato.<\/p>\n<p style=\"text-align: justify;\">Nel Messaggio per la Giornata Mondiale della Pace del 1997 il pontefice giudica quel concetto premessa indispensabile per un ordine internazionale di pace e nel messaggio in lingua latina inviato ai partecipanti al convegno del Pontificio Comitato di Scienze Storiche su Leone XIII e gli studi storici, del 28 ottobre 2003, proprio citando Papa Leone XIII che a propria volta citava Cicerone, il pontefice afferma: \u00abLa prima regola della storia \u00e8 non osare affermare nulla di falso, n\u00e9 tacere qualcosa di vero, perch\u00e9 nello scrivere non vi siano sospetti di partigianeria o di avversione\u00bb.<\/p>\n<p style=\"text-align: justify;\"><strong>Inquinamenti e inquisizioni<\/strong><\/p>\n<p style=\"text-align: justify;\">Se la memoria storica dei popoli va purificata vuol dire evidentemente che in pi\u00f9 di un caso detta memoria \u00e8 adulterata. Cos\u00ec infatti il Papa: \u00abNon di rado [&#8230;] queste memorie &#8220;inquinate&#8221; sono addirittura diventati punti di cristallizzazione dell\u2019identit\u00e0 nazionale e, in alcuni casi, persino di quella religiosa. Ecco perch\u00e9 occorre rinunciare a qualsiasi strumentalizzazione della verit\u00e0\u00bb.<\/p>\n<p style=\"text-align: justify;\">E ancora: \u00abL\u2019invito ad onorare la verit\u00e0 storica non comporta, ovviamente, che lo studioso abdichi a un suo orientamento o abbandoni la sua identit\u00e0\u00bb. Il che significa &#8211; afferma il pontefice, impartendo una lezione di metodo storico di per s\u00e9 basilare per chiunque affronti la disciplina della storiografia, ma certamente ignorata il pi\u00f9 delle volte &#8211; che \u00ab[&#8230;] nello studio della storia non si possono automaticamente applicare al passato criteri e valori acquisiti solo dopo un processo secolare\u00bb.<\/p>\n<p style=\"text-align: justify;\">Oggi, tutto torna di attualit\u00e0 dopo la pubblicazione del volume <strong>L\u2019Inquisizione<\/strong> (Biblioteca Apostolica Vaticana, pp.788, E60,00), a cura di <em>Agostino Borromeo<\/em> &#8211; specialista di Storia moderna all\u2019universit\u00e0 La Sapienza di Roma -, che raccoglie gli atti del simposio internazionale sulla Santa Inquisizione, tenuto in Vaticano dal 29 al 31 ottobre 1998 dalla Commissione Storico-Teologica del Comitato per il Grande Giubileo dell\u2019Anno 2000, in preparazione dell\u2019atto penitenziale poi celebrato il 12 marzo 2000.<\/p>\n<p style=\"text-align: justify;\">Presentato al mondo nella Sala Stampa della Santa Sede il 15 giugno scorso, il volume <strong>L\u2019Inquisizione<\/strong> \u00e8 stato salutato da Giovanni Paolo II con una lettera indirizzata lo stesso giorno al cardinale Roger Etchegaray, gi\u00e0 presidente del Comitato giubilare. In essa il pontefice si domanda: \u00abnell\u2019opinione pubblica l\u2019immagine dell\u2019Inquisizione rappresenta quasi il simbolo [di] antitestimonianza e scandalo.<\/p>\n<p style=\"text-align: justify;\">In quale misura questa immagine \u00e8 fedele alla realt\u00e0?\u00bb. E cos\u00ec risponde: \u00abprima di chiedere perdono \u00e8 necessario avere una conoscenza esatta dei fatti e collocare le mancanze rispetto alle esigenze evangeliche l\u00e0 dove esse effettivamente si trovano\u00bb. E il responso della commissione di esperti \u00e8 questo: a volte i cattolici sono stati acquiescenti verso l\u2019intolleranza e la violenza. Ovvero i cattolici hanno peccato e peccano. Cosa, peraltro, che i confessori sanno da sempre.<\/p>\n<p style=\"text-align: justify;\">E l&#8217;Inquisizione? O, meglio, L&#8217;Inquisizione, frutto di ricerche colossali? Il tribunale fu istituito nel Duecento per indagare l\u2019eresia, e questo anche per sottrarre gl\u2019imputati agli arb\u00ectri. Fu soppresso nell\u2019Ottocento in Spagna dove ne sopravvivevano gli ultimi resti, nacque al suo posto il Sant\u2019Uffizio romano, e questo fu riformato nel 1908 per poi essere sostituito nel 1965 dalla Sacra Congregazione per la dottrina della fede.<\/p>\n<p style=\"text-align: justify;\">Qualcuno, Juan Antonio Llorente, in Spagna, all\u2019inizio del secolo XVIII, ha parlato di 100mila vittime. Ma dai documenti storici si ricava invece che i processi furono in totale 125mila e meno di 1300 i consegnati al potere temporale, che decise per la morte. E le streghe ? Un centinaio di roghi ecclesiastici fra Portogallo, Spagna e Italia, ma 50mila condanne nel resto d\u2019Europa da parte dei tribunali civili, mica sempre ispirati al cattolicesimo.<\/p>\n<p style=\"text-align: justify;\">Su tutto, una chicca (che per\u00f2 gli specialisti di storia e anche di giurisprudenza conoscono da sempre): fu proprio l\u2019Inquisizione, e proprio per i motivi che ne ispirarono la fondazione, a istituire l\u2019antenato di quello che oggi \u00e8 la figura dell\u2019avvocato difensore nei processi. Ossia, l\u2019Inquisizione \u00e8 all\u2019origine stessa del concetto di garantismo, il quale, non essendo affatto equipollente all\u2019innocentismo contra res, svolge la propria suprema e benemerita funzione di difesa degl\u2019imputati innocenti fino a prova contraria, garantendoli nei propri diritti e nella dignit\u00e0. E quindi &#8211; in caso di prova contraria, ma solo in questo caso &#8211; condannando. Se no, liberi tutti come \u00e8 giusto che sia.<\/p>\n<p style=\"text-align: justify;\">Infatti, la &#8220;leggenda nera&#8221; che riguarda l\u2019Inquisizione \u00e8 prodotto del Seicento protestante, assunto poi in toto dal Settecento illuminista: gli stessi che inventarono la dizione, buia e tempestosa, di &#8220;Medioevo&#8221; per indicare la Cristianit\u00e0 romano-germanica.<\/p>\n<p style=\"text-align: justify;\">Dunque, garantire l&#8217;ortodossia \u00e8 compito anzitutto dell&#8217;episcopato, cui spetta non solo insegnare le verit\u00e0 della fede, ma anche difenderle contro le insidie. Ora, l\u2019Inquisizione ha conosciuto diverse fasi storiche. Anzitutto vi \u00e8 stata quella medioevale. Nel 1184 Papa Lucio III (1181-1185) promulga la costituzione Ad abolendam che istituisce l\u2019Inquisizione obbligando tutti i vescovi a visitare due volte l\u2019anno le proprie diocesi alla ricerca, inquisitio, degli eretici.<\/p>\n<p style=\"text-align: justify;\">Poi Papa Innocenzo III (1198-1216) istituisce la cosiddetta Inquisizione &#8220;legatina&#8221; inviando i monaci cistercensi a predicare nei Paesi pi\u00f9 colpiti dall\u2019eresia e a disputare pubblicamente con gli eretici. Quindi la costituzione Excommunicamus di Papa Gregorio IX (1227-1247), del 1231, nomina i primi inquisitori permanenti, scelti in preferenza fra i domenicani e i francescani.<\/p>\n<p style=\"text-align: justify;\">La seconda fase \u00e8 quella dell\u2019Inquisizione detta spagnola, creata da Papa Sisto IV (1471-1484) nel 1478, su pressione della regina Isabella di Castiglia (1451-1504) e di re Ferdinando d&#8217;Aragona (1452-1516). Infine, nel 1542, Papa Paolo III (1534-1549) istituisce la Congregazione della sacra romana e universale Inquisizione, durata grosso modo fino alla trasformazione in Sant\u2019Uffizio.<\/p>\n<p style=\"text-align: justify;\"><strong>Parliamo di Medioevo<\/strong><\/p>\n<p style=\"text-align: justify;\">L\u2019Inquisizione medioevale nacque in risposta agli eccessi degli eretici nella misura in cui questi, al di l\u00e0 della teologia, insidiavano mortalmente la societ\u00e0 civile. A tale proposito \u00e8 opportuno rileggere un piccolo classico: Fra Dolcino. Nascita, vita e morte di un\u2019eresia medievale, a cura di Raniero Orioli, riedito da poco con prefazione di Daniele Solvi (Jaca Book, Milano 2004).<\/p>\n<p style=\"text-align: justify;\">Del resto, la pi\u00f9 aggiornata scienza sociologica e storica delle religioni, sempre giustamente attenta ai confini e alla salvaguardia delle libert\u00e0, distingue, con formula inglese ormai divenuta espressione tecnica, i creed (la teologia) dai deed (i fatti, comprese le violazioni di quelli che oggi sono i codici civili e penali).<\/p>\n<p style=\"text-align: justify;\">Fu infatti la riprovazione dei civili contro le vessazioni degli eretici che costrinse le autorit\u00e0 ecclesiastiche a intervenire, anzitutto per controllare e per frenare una reazione nata dal popolo e gestita, non sempre con il necessario discernimento, dai tribunali laici, i quali ritenevano di risolvere il problema inviando con disinvoltura gli eretici al rogo. Un po\u2019 come oggi, per arginare i testimoni di Geova che disturbano il protrarsi oltre misura del sonno mattutino domenicale, qualcuno chiamerebbe subito e volentieri i carabinieri.<\/p>\n<p style=\"text-align: justify;\">Non fu infatti istituito alcun tribunale speciale per certi reati o certi rei, ma si nomin\u00f2 un giudice straordinario, la cui competenza si affianc\u00f2 a quella del giudice ordinario, il vescovo. E gl\u2019inquisitori erano competenti a giudicare solo i battezzati, quindi n\u00e9 gli ebrei n\u00e9 i musulmani. Del resto, come ha osservato lo storico protestante Henry Charles Lea (1825-1909), peraltro non tenero verso dell&#8217;Inquisizione, in quei tempi, \u00ab[&#8230;] la causa dell&#8217;ortodossia non era altro che la causa della civilt\u00e0 e del progresso\u00bb.<\/p>\n<p style=\"text-align: justify;\">Dopo aver agito separatamente, quindi &#8211; la prima con i suoi tribunali, l&#8217;impiccagione e il rogo, la seconda con la scomunica e le censure ecclesiastiche -, le autorit\u00e0 temporale e spirituale si unirono. Solo un dato sull\u2019Inquisizione in Spagna in epoca moderna: fra secolo XIV e XVI, gl\u2019imputati per stregoneria furono lo 0,2% della popolazione, il tasso pi\u00f9 basso d\u2019Europa (376,9 imputati per milione di abitanti in Svizzera e 956,5 nell\u2019area di Norimberga), come evidenzia il sociologo statunitense non cattolico Rodney Stark in For the Glory of God: How Monotheism Led to Reformation, Science, Witch-Hunts, and the End of Slavery (Princeton University Press, Princeton 2003). E l\u2019Inquisizione represse duramente soprattutto gli aspiranti cacciatori di streghe: nelle Fiandre essa infatti cess\u00f2 proprio con l\u2019occupazione spagnola.<\/p>\n<p style=\"text-align: justify;\"><strong>Verit\u00e0, carit\u00e0 e storia<\/strong><\/p>\n<p style=\"text-align: justify;\">Grazie alla prescrizione di mettere per iscritto le fasi della procedura, le deposizioni e le testimonianze, dell\u2019Inquisizione si sa tutto. E cos\u00ec gli studiosi hanno scoperto tribunali dotati di regole eque e di procedure non arbitrarie, corti giudiziarie pronte a sconsigliare l\u2019uso della tortura o a scoraggiare denunce infondate e delazioni, organismi molto pi\u00f9 miti e indulgenti dei tribunali civili del tempo. In genere, gl&#8217;inquisitori erano persone dotte, oneste e di costumi irreprensibili, poco inclini a decidere in fretta e arbitrariamente la sorte dell&#8217;imputato, e volti invece ad accordare il perdono al reo e a farlo rientrare in seno alla Chiesa.<\/p>\n<p style=\"text-align: justify;\">\u00c8 l\u2019Inquisizione del secolo XIV che inventa la giuria, il consilium che permette all\u2019imputato di essere giudicato da un collegio numeroso, e altri istituti in favore del condannato (la semilibert\u00e0, la licenza per buona condotta e gli sconti di pena). L\u2019uso della tortura non fu indiscriminato e gl\u2019inquisitori del secolo XIV, a differenza dei giudici civili, vi ricorrevano raramente e nel rispetto di regole severe.<\/p>\n<p style=\"text-align: justify;\">Le condanne, soprattutto alla pena capitale, furono pochissime giacch\u00e9 si voleva correggere e riavvicinare l\u2019eretico alla fede. Gl\u2019inquisitori imponevano penitenze di ordine spirituale, che davano al reo la possibilit\u00e0 di emendarsi, attenuavano le pene pi\u00f9 gravi quando ravvisavano in lui indizi di ravvedimento e abbandonavano al braccio secolare, cio\u00e8 alla morte, i recidivi che, essendo tornati ai loro errori, facevano perdere ogni fiducia nella loro conversione e nella loro sincerit\u00e0.<\/p>\n<p style=\"text-align: justify;\">La pena capitale era peraltro spesso commutata, in netto contrasto con l&#8217;immancabile esecuzione del colpevole da parte dei tribunali secolari e con la crudelt\u00e0 degli organismi inquisitoriali nei Paesi protestanti.<\/p>\n<p style=\"text-align: justify;\">Insomma, riecheggiando Cicerone, citato da Giovanni Paolo II, vale sempre pi\u00f9 quanto disse nell\u2019Ottocento lo storico francese Jacques Cr\u00e9tineau-Joly: \u00abLa verit\u00e0 \u00e8 l\u2019unica carit\u00e0 concessa alla storia.<\/p>\n","protected":false},"excerpt":{"rendered":"<p>pubblicato su Il Domenicale del 26 giugno 2004 La verit\u00e0 \u00e8 l&#8217;unica carit\u00e0 concessa alla storia di Marco Respinti Annus Domini Duemila: in occasione del Giubileo, Papa Giovanni Paolo II indice una riflessione sulla storia della Chiesa cattolica che non ha eguali presso altre fedi e altre comunit\u00e0 religiose. Il Papa domanda ai cristiani di &hellip; <\/p>\n<p><a class=\"more-link btn\" href=\"https:\/\/www.rassegnastampa-totustuus.it\/cattolica\/la-purificazione-della-memoria-e-la-caccia-alle-streghe\/\">Continua a leggere<\/a><\/p>\n","protected":false},"author":6,"featured_media":31432,"comment_status":"closed","ping_status":"open","sticky":false,"template":"","format":"standard","meta":{"footnotes":""},"categories":[5,24],"tags":[910],"class_list":["post-1209","post","type-post","status-publish","format-standard","has-post-thumbnail","hentry","category-chiesa","category-storia","tag-perdono-e-memoria","item-wrap"],"yoast_head":"<!-- This site is optimized with the Yoast SEO plugin v27.5 - https:\/\/yoast.com\/product\/yoast-seo-wordpress\/ -->\n<title>La &laquo;purificazione della memoria&raquo; e la caccia alle streghe - Rassegna Stampa Cattolica<\/title>\n<meta name=\"description\" content=\"Rassegna Stampa Cattolica - Per una cultura che nasce dalla Rivelazione cristiana in conformit\u00e0 alla tradizione e al Magistero della Chiesa in opposizione ad ogni relativismo e totalitarismo\" \/>\n<meta name=\"robots\" content=\"index, follow, max-snippet:-1, max-image-preview:large, max-video-preview:-1\" \/>\n<link rel=\"canonical\" href=\"https:\/\/www.rassegnastampa-totustuus.it\/cattolica\/la-purificazione-della-memoria-e-la-caccia-alle-streghe\/\" \/>\n<meta property=\"og:locale\" content=\"it_IT\" \/>\n<meta property=\"og:type\" content=\"article\" \/>\n<meta property=\"og:title\" content=\"La &laquo;purificazione della memoria&raquo; e la caccia alle streghe - Rassegna Stampa Cattolica\" \/>\n<meta property=\"og:description\" content=\"Rassegna Stampa Cattolica - Per una cultura che nasce dalla Rivelazione cristiana in conformit\u00e0 alla tradizione e al Magistero della Chiesa in opposizione ad ogni relativismo e totalitarismo\" \/>\n<meta property=\"og:url\" content=\"https:\/\/www.rassegnastampa-totustuus.it\/cattolica\/la-purificazione-della-memoria-e-la-caccia-alle-streghe\/\" \/>\n<meta property=\"og:site_name\" content=\"Rassegna Stampa Cattolica\" \/>\n<meta property=\"article:publisher\" content=\"https:\/\/www.facebook.com\/rassegnastampacattolica\" \/>\n<meta property=\"article:published_time\" content=\"2005-08-23T09:26:30+00:00\" \/>\n<meta property=\"article:modified_time\" content=\"2016-03-04T10:09:34+00:00\" \/>\n<meta property=\"og:image\" content=\"https:\/\/www.rassegnastampa-totustuus.it\/cattolica\/wp-content\/uploads\/2005\/09\/streghe.jpg\" \/>\n\t<meta property=\"og:image:width\" content=\"225\" \/>\n\t<meta property=\"og:image:height\" content=\"224\" \/>\n\t<meta property=\"og:image:type\" content=\"image\/jpeg\" \/>\n<meta name=\"author\" content=\"Redazione\" \/>\n<meta name=\"twitter:card\" content=\"summary_large_image\" \/>\n<meta name=\"twitter:creator\" content=\"@rassegnastampa9\" \/>\n<meta name=\"twitter:site\" content=\"@rassegnastampa9\" \/>\n<meta name=\"twitter:label1\" content=\"Scritto da\" \/>\n\t<meta name=\"twitter:data1\" content=\"Redazione\" \/>\n\t<meta name=\"twitter:label2\" content=\"Tempo di lettura stimato\" \/>\n\t<meta name=\"twitter:data2\" content=\"9 minuti\" \/>\n<script type=\"application\/ld+json\" class=\"yoast-schema-graph\">{\"@context\":\"https:\\\/\\\/schema.org\",\"@graph\":[{\"@type\":\"Article\",\"@id\":\"https:\\\/\\\/www.rassegnastampa-totustuus.it\\\/cattolica\\\/la-purificazione-della-memoria-e-la-caccia-alle-streghe\\\/#article\",\"isPartOf\":{\"@id\":\"https:\\\/\\\/www.rassegnastampa-totustuus.it\\\/cattolica\\\/la-purificazione-della-memoria-e-la-caccia-alle-streghe\\\/\"},\"author\":{\"name\":\"Redazione\",\"@id\":\"https:\\\/\\\/www.rassegnastampa-totustuus.it\\\/cattolica\\\/#\\\/schema\\\/person\\\/08f319d2bd1a0904ad9e2bfb7b15e5c3\"},\"headline\":\"La &laquo;purificazione della memoria&raquo; e la caccia alle streghe\",\"datePublished\":\"2005-08-23T09:26:30+00:00\",\"dateModified\":\"2016-03-04T10:09:34+00:00\",\"mainEntityOfPage\":{\"@id\":\"https:\\\/\\\/www.rassegnastampa-totustuus.it\\\/cattolica\\\/la-purificazione-della-memoria-e-la-caccia-alle-streghe\\\/\"},\"wordCount\":1821,\"publisher\":{\"@id\":\"https:\\\/\\\/www.rassegnastampa-totustuus.it\\\/cattolica\\\/#organization\"},\"image\":{\"@id\":\"https:\\\/\\\/www.rassegnastampa-totustuus.it\\\/cattolica\\\/la-purificazione-della-memoria-e-la-caccia-alle-streghe\\\/#primaryimage\"},\"thumbnailUrl\":\"https:\\\/\\\/www.rassegnastampa-totustuus.it\\\/cattolica\\\/wp-content\\\/uploads\\\/2005\\\/09\\\/streghe.jpg\",\"keywords\":[\"perdono e memoria\"],\"articleSection\":[\"Chiesa\",\"Storia\"],\"inLanguage\":\"it-IT\"},{\"@type\":\"WebPage\",\"@id\":\"https:\\\/\\\/www.rassegnastampa-totustuus.it\\\/cattolica\\\/la-purificazione-della-memoria-e-la-caccia-alle-streghe\\\/\",\"url\":\"https:\\\/\\\/www.rassegnastampa-totustuus.it\\\/cattolica\\\/la-purificazione-della-memoria-e-la-caccia-alle-streghe\\\/\",\"name\":\"La &laquo;purificazione della memoria&raquo; e la caccia alle streghe - Rassegna Stampa Cattolica\",\"isPartOf\":{\"@id\":\"https:\\\/\\\/www.rassegnastampa-totustuus.it\\\/cattolica\\\/#website\"},\"primaryImageOfPage\":{\"@id\":\"https:\\\/\\\/www.rassegnastampa-totustuus.it\\\/cattolica\\\/la-purificazione-della-memoria-e-la-caccia-alle-streghe\\\/#primaryimage\"},\"image\":{\"@id\":\"https:\\\/\\\/www.rassegnastampa-totustuus.it\\\/cattolica\\\/la-purificazione-della-memoria-e-la-caccia-alle-streghe\\\/#primaryimage\"},\"thumbnailUrl\":\"https:\\\/\\\/www.rassegnastampa-totustuus.it\\\/cattolica\\\/wp-content\\\/uploads\\\/2005\\\/09\\\/streghe.jpg\",\"datePublished\":\"2005-08-23T09:26:30+00:00\",\"dateModified\":\"2016-03-04T10:09:34+00:00\",\"description\":\"Rassegna Stampa Cattolica - Per una cultura che nasce dalla Rivelazione cristiana in conformit\u00e0 alla tradizione e al Magistero della Chiesa in opposizione ad ogni relativismo e totalitarismo\",\"breadcrumb\":{\"@id\":\"https:\\\/\\\/www.rassegnastampa-totustuus.it\\\/cattolica\\\/la-purificazione-della-memoria-e-la-caccia-alle-streghe\\\/#breadcrumb\"},\"inLanguage\":\"it-IT\",\"potentialAction\":[{\"@type\":\"ReadAction\",\"target\":[\"https:\\\/\\\/www.rassegnastampa-totustuus.it\\\/cattolica\\\/la-purificazione-della-memoria-e-la-caccia-alle-streghe\\\/\"]}]},{\"@type\":\"ImageObject\",\"inLanguage\":\"it-IT\",\"@id\":\"https:\\\/\\\/www.rassegnastampa-totustuus.it\\\/cattolica\\\/la-purificazione-della-memoria-e-la-caccia-alle-streghe\\\/#primaryimage\",\"url\":\"https:\\\/\\\/www.rassegnastampa-totustuus.it\\\/cattolica\\\/wp-content\\\/uploads\\\/2005\\\/09\\\/streghe.jpg\",\"contentUrl\":\"https:\\\/\\\/www.rassegnastampa-totustuus.it\\\/cattolica\\\/wp-content\\\/uploads\\\/2005\\\/09\\\/streghe.jpg\",\"width\":225,\"height\":224},{\"@type\":\"BreadcrumbList\",\"@id\":\"https:\\\/\\\/www.rassegnastampa-totustuus.it\\\/cattolica\\\/la-purificazione-della-memoria-e-la-caccia-alle-streghe\\\/#breadcrumb\",\"itemListElement\":[{\"@type\":\"ListItem\",\"position\":1,\"name\":\"Home\",\"item\":\"https:\\\/\\\/www.rassegnastampa-totustuus.it\\\/cattolica\\\/\"},{\"@type\":\"ListItem\",\"position\":2,\"name\":\"La &laquo;purificazione della memoria&raquo; e la caccia alle streghe\"}]},{\"@type\":\"WebSite\",\"@id\":\"https:\\\/\\\/www.rassegnastampa-totustuus.it\\\/cattolica\\\/#website\",\"url\":\"https:\\\/\\\/www.rassegnastampa-totustuus.it\\\/cattolica\\\/\",\"name\":\"Rassegna Stampa Cattolica\",\"description\":\"Per una cultura che nasce dalla Rivelazione cristiana in conformit\u00e0 alla tradizione e al Magistero della Chiesa in opposizione ad ogni relativismo e totalitarismo\",\"publisher\":{\"@id\":\"https:\\\/\\\/www.rassegnastampa-totustuus.it\\\/cattolica\\\/#organization\"},\"alternateName\":\"Rass. Cattolica\",\"potentialAction\":[{\"@type\":\"SearchAction\",\"target\":{\"@type\":\"EntryPoint\",\"urlTemplate\":\"https:\\\/\\\/www.rassegnastampa-totustuus.it\\\/cattolica\\\/?s={search_term_string}\"},\"query-input\":{\"@type\":\"PropertyValueSpecification\",\"valueRequired\":true,\"valueName\":\"search_term_string\"}}],\"inLanguage\":\"it-IT\"},{\"@type\":\"Organization\",\"@id\":\"https:\\\/\\\/www.rassegnastampa-totustuus.it\\\/cattolica\\\/#organization\",\"name\":\"Rassegna Stampa Cattolica\",\"url\":\"https:\\\/\\\/www.rassegnastampa-totustuus.it\\\/cattolica\\\/\",\"logo\":{\"@type\":\"ImageObject\",\"inLanguage\":\"it-IT\",\"@id\":\"https:\\\/\\\/www.rassegnastampa-totustuus.it\\\/cattolica\\\/#\\\/schema\\\/logo\\\/image\\\/\",\"url\":\"https:\\\/\\\/www.rassegnastampa-totustuus.it\\\/cattolica\\\/wp-content\\\/uploads\\\/2014\\\/04\\\/logo-rassegna1.gif\",\"contentUrl\":\"https:\\\/\\\/www.rassegnastampa-totustuus.it\\\/cattolica\\\/wp-content\\\/uploads\\\/2014\\\/04\\\/logo-rassegna1.gif\",\"width\":600,\"height\":163,\"caption\":\"Rassegna Stampa Cattolica\"},\"image\":{\"@id\":\"https:\\\/\\\/www.rassegnastampa-totustuus.it\\\/cattolica\\\/#\\\/schema\\\/logo\\\/image\\\/\"},\"sameAs\":[\"https:\\\/\\\/www.facebook.com\\\/rassegnastampacattolica\",\"https:\\\/\\\/x.com\\\/rassegnastampa9\"]},{\"@type\":\"Person\",\"@id\":\"https:\\\/\\\/www.rassegnastampa-totustuus.it\\\/cattolica\\\/#\\\/schema\\\/person\\\/08f319d2bd1a0904ad9e2bfb7b15e5c3\",\"name\":\"Redazione\",\"image\":{\"@type\":\"ImageObject\",\"inLanguage\":\"it-IT\",\"@id\":\"https:\\\/\\\/secure.gravatar.com\\\/avatar\\\/2fcdf27c78ea025fbdb44e914cc63c72249ffec9dc8aafd5c82b26240ef3f346?s=96&d=mm&r=g\",\"url\":\"https:\\\/\\\/secure.gravatar.com\\\/avatar\\\/2fcdf27c78ea025fbdb44e914cc63c72249ffec9dc8aafd5c82b26240ef3f346?s=96&d=mm&r=g\",\"contentUrl\":\"https:\\\/\\\/secure.gravatar.com\\\/avatar\\\/2fcdf27c78ea025fbdb44e914cc63c72249ffec9dc8aafd5c82b26240ef3f346?s=96&d=mm&r=g\",\"caption\":\"Redazione\"},\"url\":\"https:\\\/\\\/www.rassegnastampa-totustuus.it\\\/cattolica\\\/author\\\/pietroelle\\\/\"}]}<\/script>\n<!-- \/ Yoast SEO plugin. -->","yoast_head_json":{"title":"La &laquo;purificazione della memoria&raquo; e la caccia alle streghe - Rassegna Stampa Cattolica","description":"Rassegna Stampa Cattolica - Per una cultura che nasce dalla Rivelazione cristiana in conformit\u00e0 alla tradizione e al Magistero della Chiesa in opposizione ad ogni relativismo e totalitarismo","robots":{"index":"index","follow":"follow","max-snippet":"max-snippet:-1","max-image-preview":"max-image-preview:large","max-video-preview":"max-video-preview:-1"},"canonical":"https:\/\/www.rassegnastampa-totustuus.it\/cattolica\/la-purificazione-della-memoria-e-la-caccia-alle-streghe\/","og_locale":"it_IT","og_type":"article","og_title":"La &laquo;purificazione della memoria&raquo; e la caccia alle streghe - Rassegna Stampa Cattolica","og_description":"Rassegna Stampa Cattolica - Per una cultura che nasce dalla Rivelazione cristiana in conformit\u00e0 alla tradizione e al Magistero della Chiesa in opposizione ad ogni relativismo e totalitarismo","og_url":"https:\/\/www.rassegnastampa-totustuus.it\/cattolica\/la-purificazione-della-memoria-e-la-caccia-alle-streghe\/","og_site_name":"Rassegna Stampa Cattolica","article_publisher":"https:\/\/www.facebook.com\/rassegnastampacattolica","article_published_time":"2005-08-23T09:26:30+00:00","article_modified_time":"2016-03-04T10:09:34+00:00","og_image":[{"width":225,"height":224,"url":"https:\/\/www.rassegnastampa-totustuus.it\/cattolica\/wp-content\/uploads\/2005\/09\/streghe.jpg","type":"image\/jpeg"}],"author":"Redazione","twitter_card":"summary_large_image","twitter_creator":"@rassegnastampa9","twitter_site":"@rassegnastampa9","twitter_misc":{"Scritto da":"Redazione","Tempo di lettura stimato":"9 minuti"},"schema":{"@context":"https:\/\/schema.org","@graph":[{"@type":"Article","@id":"https:\/\/www.rassegnastampa-totustuus.it\/cattolica\/la-purificazione-della-memoria-e-la-caccia-alle-streghe\/#article","isPartOf":{"@id":"https:\/\/www.rassegnastampa-totustuus.it\/cattolica\/la-purificazione-della-memoria-e-la-caccia-alle-streghe\/"},"author":{"name":"Redazione","@id":"https:\/\/www.rassegnastampa-totustuus.it\/cattolica\/#\/schema\/person\/08f319d2bd1a0904ad9e2bfb7b15e5c3"},"headline":"La &laquo;purificazione della memoria&raquo; e la caccia alle streghe","datePublished":"2005-08-23T09:26:30+00:00","dateModified":"2016-03-04T10:09:34+00:00","mainEntityOfPage":{"@id":"https:\/\/www.rassegnastampa-totustuus.it\/cattolica\/la-purificazione-della-memoria-e-la-caccia-alle-streghe\/"},"wordCount":1821,"publisher":{"@id":"https:\/\/www.rassegnastampa-totustuus.it\/cattolica\/#organization"},"image":{"@id":"https:\/\/www.rassegnastampa-totustuus.it\/cattolica\/la-purificazione-della-memoria-e-la-caccia-alle-streghe\/#primaryimage"},"thumbnailUrl":"https:\/\/www.rassegnastampa-totustuus.it\/cattolica\/wp-content\/uploads\/2005\/09\/streghe.jpg","keywords":["perdono e memoria"],"articleSection":["Chiesa","Storia"],"inLanguage":"it-IT"},{"@type":"WebPage","@id":"https:\/\/www.rassegnastampa-totustuus.it\/cattolica\/la-purificazione-della-memoria-e-la-caccia-alle-streghe\/","url":"https:\/\/www.rassegnastampa-totustuus.it\/cattolica\/la-purificazione-della-memoria-e-la-caccia-alle-streghe\/","name":"La &laquo;purificazione della memoria&raquo; e la caccia alle streghe - Rassegna Stampa Cattolica","isPartOf":{"@id":"https:\/\/www.rassegnastampa-totustuus.it\/cattolica\/#website"},"primaryImageOfPage":{"@id":"https:\/\/www.rassegnastampa-totustuus.it\/cattolica\/la-purificazione-della-memoria-e-la-caccia-alle-streghe\/#primaryimage"},"image":{"@id":"https:\/\/www.rassegnastampa-totustuus.it\/cattolica\/la-purificazione-della-memoria-e-la-caccia-alle-streghe\/#primaryimage"},"thumbnailUrl":"https:\/\/www.rassegnastampa-totustuus.it\/cattolica\/wp-content\/uploads\/2005\/09\/streghe.jpg","datePublished":"2005-08-23T09:26:30+00:00","dateModified":"2016-03-04T10:09:34+00:00","description":"Rassegna Stampa Cattolica - Per una cultura che nasce dalla Rivelazione cristiana in conformit\u00e0 alla tradizione e al Magistero della Chiesa in opposizione ad ogni relativismo e totalitarismo","breadcrumb":{"@id":"https:\/\/www.rassegnastampa-totustuus.it\/cattolica\/la-purificazione-della-memoria-e-la-caccia-alle-streghe\/#breadcrumb"},"inLanguage":"it-IT","potentialAction":[{"@type":"ReadAction","target":["https:\/\/www.rassegnastampa-totustuus.it\/cattolica\/la-purificazione-della-memoria-e-la-caccia-alle-streghe\/"]}]},{"@type":"ImageObject","inLanguage":"it-IT","@id":"https:\/\/www.rassegnastampa-totustuus.it\/cattolica\/la-purificazione-della-memoria-e-la-caccia-alle-streghe\/#primaryimage","url":"https:\/\/www.rassegnastampa-totustuus.it\/cattolica\/wp-content\/uploads\/2005\/09\/streghe.jpg","contentUrl":"https:\/\/www.rassegnastampa-totustuus.it\/cattolica\/wp-content\/uploads\/2005\/09\/streghe.jpg","width":225,"height":224},{"@type":"BreadcrumbList","@id":"https:\/\/www.rassegnastampa-totustuus.it\/cattolica\/la-purificazione-della-memoria-e-la-caccia-alle-streghe\/#breadcrumb","itemListElement":[{"@type":"ListItem","position":1,"name":"Home","item":"https:\/\/www.rassegnastampa-totustuus.it\/cattolica\/"},{"@type":"ListItem","position":2,"name":"La &laquo;purificazione della memoria&raquo; e la caccia alle streghe"}]},{"@type":"WebSite","@id":"https:\/\/www.rassegnastampa-totustuus.it\/cattolica\/#website","url":"https:\/\/www.rassegnastampa-totustuus.it\/cattolica\/","name":"Rassegna Stampa Cattolica","description":"Per una cultura che nasce dalla Rivelazione cristiana in conformit\u00e0 alla tradizione e al Magistero della Chiesa in opposizione ad ogni relativismo e totalitarismo","publisher":{"@id":"https:\/\/www.rassegnastampa-totustuus.it\/cattolica\/#organization"},"alternateName":"Rass. Cattolica","potentialAction":[{"@type":"SearchAction","target":{"@type":"EntryPoint","urlTemplate":"https:\/\/www.rassegnastampa-totustuus.it\/cattolica\/?s={search_term_string}"},"query-input":{"@type":"PropertyValueSpecification","valueRequired":true,"valueName":"search_term_string"}}],"inLanguage":"it-IT"},{"@type":"Organization","@id":"https:\/\/www.rassegnastampa-totustuus.it\/cattolica\/#organization","name":"Rassegna Stampa Cattolica","url":"https:\/\/www.rassegnastampa-totustuus.it\/cattolica\/","logo":{"@type":"ImageObject","inLanguage":"it-IT","@id":"https:\/\/www.rassegnastampa-totustuus.it\/cattolica\/#\/schema\/logo\/image\/","url":"https:\/\/www.rassegnastampa-totustuus.it\/cattolica\/wp-content\/uploads\/2014\/04\/logo-rassegna1.gif","contentUrl":"https:\/\/www.rassegnastampa-totustuus.it\/cattolica\/wp-content\/uploads\/2014\/04\/logo-rassegna1.gif","width":600,"height":163,"caption":"Rassegna Stampa Cattolica"},"image":{"@id":"https:\/\/www.rassegnastampa-totustuus.it\/cattolica\/#\/schema\/logo\/image\/"},"sameAs":["https:\/\/www.facebook.com\/rassegnastampacattolica","https:\/\/x.com\/rassegnastampa9"]},{"@type":"Person","@id":"https:\/\/www.rassegnastampa-totustuus.it\/cattolica\/#\/schema\/person\/08f319d2bd1a0904ad9e2bfb7b15e5c3","name":"Redazione","image":{"@type":"ImageObject","inLanguage":"it-IT","@id":"https:\/\/secure.gravatar.com\/avatar\/2fcdf27c78ea025fbdb44e914cc63c72249ffec9dc8aafd5c82b26240ef3f346?s=96&d=mm&r=g","url":"https:\/\/secure.gravatar.com\/avatar\/2fcdf27c78ea025fbdb44e914cc63c72249ffec9dc8aafd5c82b26240ef3f346?s=96&d=mm&r=g","contentUrl":"https:\/\/secure.gravatar.com\/avatar\/2fcdf27c78ea025fbdb44e914cc63c72249ffec9dc8aafd5c82b26240ef3f346?s=96&d=mm&r=g","caption":"Redazione"},"url":"https:\/\/www.rassegnastampa-totustuus.it\/cattolica\/author\/pietroelle\/"}]}},"_links":{"self":[{"href":"https:\/\/www.rassegnastampa-totustuus.it\/cattolica\/wp-json\/wp\/v2\/posts\/1209","targetHints":{"allow":["GET"]}}],"collection":[{"href":"https:\/\/www.rassegnastampa-totustuus.it\/cattolica\/wp-json\/wp\/v2\/posts"}],"about":[{"href":"https:\/\/www.rassegnastampa-totustuus.it\/cattolica\/wp-json\/wp\/v2\/types\/post"}],"author":[{"embeddable":true,"href":"https:\/\/www.rassegnastampa-totustuus.it\/cattolica\/wp-json\/wp\/v2\/users\/6"}],"replies":[{"embeddable":true,"href":"https:\/\/www.rassegnastampa-totustuus.it\/cattolica\/wp-json\/wp\/v2\/comments?post=1209"}],"version-history":[{"count":4,"href":"https:\/\/www.rassegnastampa-totustuus.it\/cattolica\/wp-json\/wp\/v2\/posts\/1209\/revisions"}],"predecessor-version":[{"id":31433,"href":"https:\/\/www.rassegnastampa-totustuus.it\/cattolica\/wp-json\/wp\/v2\/posts\/1209\/revisions\/31433"}],"wp:featuredmedia":[{"embeddable":true,"href":"https:\/\/www.rassegnastampa-totustuus.it\/cattolica\/wp-json\/wp\/v2\/media\/31432"}],"wp:attachment":[{"href":"https:\/\/www.rassegnastampa-totustuus.it\/cattolica\/wp-json\/wp\/v2\/media?parent=1209"}],"wp:term":[{"taxonomy":"category","embeddable":true,"href":"https:\/\/www.rassegnastampa-totustuus.it\/cattolica\/wp-json\/wp\/v2\/categories?post=1209"},{"taxonomy":"post_tag","embeddable":true,"href":"https:\/\/www.rassegnastampa-totustuus.it\/cattolica\/wp-json\/wp\/v2\/tags?post=1209"}],"curies":[{"name":"wp","href":"https:\/\/api.w.org\/{rel}","templated":true}]}}