{"id":1208,"date":"2005-08-23T11:22:58","date_gmt":"2005-08-23T09:22:58","guid":{"rendered":""},"modified":"2016-01-24T13:12:40","modified_gmt":"2016-01-24T12:12:40","slug":"protestanti-e-inquisitori","status":"publish","type":"post","link":"https:\/\/www.rassegnastampa-totustuus.it\/cattolica\/protestanti-e-inquisitori\/","title":{"rendered":"Protestanti e inquisitori"},"content":{"rendered":"<div style=\"text-align: center;\"><strong><a href=\"https:\/\/www.rassegnastampa-totustuus.it\/cattolica\/wp-content\/uploads\/2005\/08\/inquisizione1.jpg\"><img loading=\"lazy\" decoding=\"async\" class=\"alignleft wp-image-29776\" src=\"https:\/\/www.rassegnastampa-totustuus.it\/cattolica\/wp-content\/uploads\/2005\/08\/inquisizione1.jpg\" alt=\"inquisizione\" width=\"250\" height=\"157\" \/><\/a>Secolo d&#8217;Italia<\/strong> 23 settembre 2003<\/div>\n<p style=\"text-align: center;\">di <strong>Alessandro Massobrio<\/strong><\/p>\n<p><!--more--><\/p>\n<div style=\"text-align: justify;\">Gli amici spesso non si scelgono ma ci vengono imposti. A me, per esempio, nei giorni di vacanza in Valle d&#8217;Aosta, mi \u00e8 frequentemente toccato di risalire qualche cornice di monte in compagnia d&#8217;una ex collega di scuola, insegnante di disegno con velleit\u00e0 artistiche e di formazione protestante.Il protestantesimo, oggi, in Italia \u00e8 ridotto a ben poca cosa, a parte qualche esigua propaggine valdese, che si annida ancora all&#8217;interno delle valli del Piemonte. Ci\u00f2 nonostante, la collega in questione \u00e8 quanto mai agguerrita circa il suo credo religioso e, per di pi\u00f9, pronta a far fuoco sul mio. Vale a dire il cattolicesimo romano.<\/div>\n<p style=\"text-align: justify;\">Naturalmente il materiale polemico \u00e8 sempre lo stesso: l&#8217;intolleranza della Chiesa, le crociate, ma, soprattutto, l&#8217;inquisizione nelle salse pi\u00f9 varie e romanzate. Il riferimento \u00e8 naturalmente agli eretici e alle streghe, una categoria, quest&#8217;ultima, che insieme con quella dei maghi e maghetti alla Harry Potter, sta vivendo un&#8217;incredibile boom mediatico. Quanto per\u00f2 alla polemica su streghe e Chiesa cattolica, avevo in serbo per la mia partner di meditazioni sulle cime alpine alcuni argomenti che mi sembravano e continuano a sembrarmi fatti ad hoc per zittire coloro che parlano per sentito dire, senza il necessario approfondimento storico.<\/p>\n<p style=\"text-align: justify;\">Rodney Stark \u00e8 docente, presso l&#8217;Universit\u00e0 di Washington, di sociologia delle religioni e autore, insieme con Massimo Introvigne, di un volume di prossima pubblicazione per i tipi della Piemme di Casale Monferrato, che si intitoler\u00e0 &#8220;Dio \u00e8 tornato. La rivincita di Dio in Occidente&#8221;. La sua fama, tuttavia, \u00e8 affidata ad un altro saggio, non ancora tradotto in italiano, che porta il significativo titolo di For the God. How Monotheism Led to Reformation, Science, Witch-Hunts, and the End per Slavery. Autore serio e preparato, Stark- &#8211; come osserva anche Andrea Menegotto nell&#8217;ultimo numero di &#8220;Il Timone&#8221; &#8211; di tutto pu\u00f2 essere accusato fuorch\u00e9 di filo o cripto cattolicesimo. La sua \u00e8 una formazione tipicamente laicistica, in cui la sociologia delle religioni \u00e8 utilizzata solo come chiave interpretativa di fenomeni a cui il vecchio materialismo di matrice positivistica non saprebbe dare risposta.<\/p>\n<p style=\"text-align: justify;\">Ebbene, ciononostante, la sua disincantata indagine su stregoneria e caccia alle streghe conduce lo studioso statunitense a risultati sorprendenti. Innanzitutto, una prima precisazione, che serve a chiarire l&#8217;intero problema. Perch\u00e9 la Chiesa cattolica, a partire dalla Didach\u00e9, ma con motivazioni che affondano le proprie radici nell&#8217;Antico Testamento, ha sempre combattuto streghe, maghi,e magia? Per la -semplice ragione &#8211; risponde Stark &#8211; che laddove l&#8217;uomo religioso invoca da Dio la grazia di cui necessita, il negromante pretende invece di manipolare le forze soprannaturali, piegandole a fini personali.<\/p>\n<p style=\"text-align: justify;\">La sua, perci\u00f2, pi\u00f9 che una esperienza del sacro e del divino (ierofania), \u00e8 una esperienza del potere (cratofania). Vissuta come presunzione di onnipotenza e quindi di pratica superstiziosa, se al termine &#8220;superstizione&#8221; attribuiamo il significato etimologico di star sopra, di pretendere di sottoporre al proprio controllo le leggi stesse della natura. Intesa in questo senso e cio\u00e8 come superstizione, la magia diventa materia ordinaria di quella &#8220;cura d&#8217;anime&#8221;, la cui gestione spetta a vescovi e sacerdoti. Solo nel caso in cui in questa pratica si possano individuare elementi di eresia, entra allora in campo la figura straordinaria dell&#8217;inquisitore.<\/p>\n<p style=\"text-align: justify;\">Ma anche qui la &#8220;leggenda nera&#8221;, costruita pazientemente in et\u00e0 illuministica e ancora in grado di orientare la coscienza dell&#8217;uomo contemporaneo, ha operato travisamenti e distorsioni della realt\u00e0. Dipingendo l&#8217;inquisitore con lo stereotipo d\u00ec Torquemada, sul cui volto si disegna un sinistro sorriso, mentre la macchina di tortura strazia le membra della pretesa strega di turno.<\/p>\n<p style=\"text-align: justify;\">Viceversa, i dati storicamente accertabili in nostro possesso parlano di una realt\u00e0 assai pi\u00f9 complessa. Come fa osservare oggi Stark, ma come facevano osservare alcuni anni orsono Rino Cammilleri e Franco Cardini, la figura dell&#8217;inquisitore assume in questo contesto una posizione di mediazione e moderazione, mai estremismo fanatizzante. Incaricato dalla Chiesa di condurre una indagine su quelle forme di eresia che hanno inevitabili ricadute anche in ambito civile, il nostro personaggio, provvede a vagliare fonti e interrogare testi. Non si accontenta dei &#8220;si dice&#8221;, ma procede deciso alla ricerca della prova, introducendo in un contesto di forti passioni collettive, la luce della razionalit\u00e0.<\/p>\n<p style=\"text-align: justify;\">E un esempio quanto mai eloquente ci \u00e8 fornito dalla stessa Spagna dei Re Cattolici e poi di Carlo V e Filippo II, autentica &#8220;bestia nera&#8221; degli illuministi che si ritrova tra il XIV ed il XVI secolo a governare un paese bizzoso come le Fiandre, sempre sul punto di scavalcare di sella il Duca d&#8217;Alba di turno. Per rivendicare la propria indipendenza nazionale. Ebbene, proprio in questo periodo e proprio ad opera dei famigerati inquisitori spagnoli, i Paesi Bassi fanno registrare la percentuale pi\u00f9 bassa d&#8217;Europa per quanto riguarda gli imputati di stregoneria condannati alle fiamme.<\/p>\n<p style=\"text-align: justify;\">Questo accade sempre? Non sempre, a dire il vero. Ma il fatto curioso \u00e8 che, quando questo non si verifica e le presunte streghe vengono quindi abbandonate al furore fanatico delle folle, l&#8217;ambiente che compare sullo sfondo \u00e8 generalmente quello dell&#8217;Europa settentrionale, in cui, a partire dal sedicesimo secolo, domina la confessione riformata. Ma, per comprendere meglio il problema, procediamo con qualche altro dato comparato. Consideriamo, per esempio, Spagna e Italia e mettiamole a confronto con altre contrade europee, come la Svizzera o la Germania (Norimberga), sempre nell&#8217;arco di tempo cui abbiamo fatto riferimento pi\u00f9 sopra e cio\u00e8 nel periodo compreso tra il XIV e il XVI secolo.<\/p>\n<p style=\"text-align: justify;\">Ebbene, i dati che Stark mette a nostra disposizione sono davvero sbalorditivi. Se nei primi due paesi 14,4 imputati di stregoneria per milione di abitanti vengono condannati a morte, in Svizzera la cifra sale a 376,9, per sfondare poi il tetto dei 956,5 a Norimberga. Che dire di fronte a dati cos\u00ec schiaccianti? Soltanto che il &#8220;civile&#8221; Nord luterano e calvinista pare si sia spaventato per diavolo e sabba assai pi\u00f9 dell'&#8221;incolto&#8221; sud dell&#8217;Europa cattolica. Che le forze dell&#8217;inconscio collettivo abbiano predominato in misura assai maggiore nella Ginevra di Calvino che nella Roma papale.<\/p>\n<p style=\"text-align: justify;\">E che la ragione, quella con la &#8220;r&#8221; minuscola &#8211; e che dunque non si spinge al di l\u00e0 del buon senso &#8211; spesso e volentieri abbia causato meno danni all&#8217;umanit\u00e0 della sua sorellastra con la r maiuscola. La Ragione dei Kant e degli Hegel, degli antitaliani alla Giorgio Bocca e della mia collega di passeggiate alpine. Che si tormenta per la fine di Giordano Bruno ma dimentica o finge di dimenticare ci\u00f2 che accadde ad alcune sue correligionarie in quel di Salem.<\/p>\n","protected":false},"excerpt":{"rendered":"<p>Secolo d&#8217;Italia 23 settembre 2003 di Alessandro Massobrio<\/p><p><a class=\"more-link btn\" href=\"https:\/\/www.rassegnastampa-totustuus.it\/cattolica\/protestanti-e-inquisitori\/\">Continua a leggere<\/a><\/p>\n","protected":false},"author":6,"featured_media":29776,"comment_status":"closed","ping_status":"open","sticky":false,"template":"","format":"standard","meta":{"footnotes":""},"categories":[95],"tags":[2405],"class_list":["post-1208","post","type-post","status-publish","format-standard","has-post-thumbnail","hentry","category-riforma","tag-riforma","item-wrap"],"yoast_head":"<!-- This site is optimized with the Yoast SEO plugin v27.5 - https:\/\/yoast.com\/product\/yoast-seo-wordpress\/ -->\n<title>Protestanti e inquisitori - Rassegna Stampa Cattolica<\/title>\n<meta name=\"description\" content=\"Rassegna Stampa Cattolica - Per una cultura che nasce dalla Rivelazione cristiana in conformit\u00e0 alla tradizione e al Magistero della Chiesa in opposizione ad ogni relativismo e totalitarismo\" \/>\n<meta name=\"robots\" content=\"index, follow, max-snippet:-1, max-image-preview:large, max-video-preview:-1\" \/>\n<link rel=\"canonical\" href=\"https:\/\/www.rassegnastampa-totustuus.it\/cattolica\/protestanti-e-inquisitori\/\" \/>\n<meta property=\"og:locale\" content=\"it_IT\" \/>\n<meta property=\"og:type\" content=\"article\" \/>\n<meta property=\"og:title\" content=\"Protestanti e inquisitori - Rassegna Stampa Cattolica\" \/>\n<meta property=\"og:description\" content=\"Rassegna Stampa Cattolica - Per una cultura che nasce dalla Rivelazione cristiana in conformit\u00e0 alla tradizione e al Magistero della Chiesa in opposizione ad ogni relativismo e totalitarismo\" \/>\n<meta property=\"og:url\" content=\"https:\/\/www.rassegnastampa-totustuus.it\/cattolica\/protestanti-e-inquisitori\/\" \/>\n<meta property=\"og:site_name\" content=\"Rassegna Stampa Cattolica\" \/>\n<meta property=\"article:publisher\" content=\"https:\/\/www.facebook.com\/rassegnastampacattolica\" \/>\n<meta property=\"article:published_time\" content=\"2005-08-23T09:22:58+00:00\" \/>\n<meta property=\"article:modified_time\" content=\"2016-01-24T12:12:40+00:00\" \/>\n<meta property=\"og:image\" content=\"https:\/\/www.rassegnastampa-totustuus.it\/cattolica\/wp-content\/uploads\/2005\/08\/inquisizione1.jpg\" \/>\n\t<meta property=\"og:image:width\" content=\"282\" \/>\n\t<meta property=\"og:image:height\" content=\"177\" \/>\n\t<meta property=\"og:image:type\" content=\"image\/jpeg\" \/>\n<meta name=\"author\" content=\"Redazione\" \/>\n<meta name=\"twitter:card\" content=\"summary_large_image\" \/>\n<meta name=\"twitter:creator\" content=\"@rassegnastampa9\" \/>\n<meta name=\"twitter:site\" content=\"@rassegnastampa9\" \/>\n<meta name=\"twitter:label1\" content=\"Scritto da\" \/>\n\t<meta name=\"twitter:data1\" content=\"Redazione\" \/>\n\t<meta name=\"twitter:label2\" content=\"Tempo di lettura stimato\" \/>\n\t<meta name=\"twitter:data2\" content=\"5 minuti\" \/>\n<script type=\"application\/ld+json\" class=\"yoast-schema-graph\">{\"@context\":\"https:\\\/\\\/schema.org\",\"@graph\":[{\"@type\":\"Article\",\"@id\":\"https:\\\/\\\/www.rassegnastampa-totustuus.it\\\/cattolica\\\/protestanti-e-inquisitori\\\/#article\",\"isPartOf\":{\"@id\":\"https:\\\/\\\/www.rassegnastampa-totustuus.it\\\/cattolica\\\/protestanti-e-inquisitori\\\/\"},\"author\":{\"name\":\"Redazione\",\"@id\":\"https:\\\/\\\/www.rassegnastampa-totustuus.it\\\/cattolica\\\/#\\\/schema\\\/person\\\/08f319d2bd1a0904ad9e2bfb7b15e5c3\"},\"headline\":\"Protestanti e inquisitori\",\"datePublished\":\"2005-08-23T09:22:58+00:00\",\"dateModified\":\"2016-01-24T12:12:40+00:00\",\"mainEntityOfPage\":{\"@id\":\"https:\\\/\\\/www.rassegnastampa-totustuus.it\\\/cattolica\\\/protestanti-e-inquisitori\\\/\"},\"wordCount\":1088,\"publisher\":{\"@id\":\"https:\\\/\\\/www.rassegnastampa-totustuus.it\\\/cattolica\\\/#organization\"},\"image\":{\"@id\":\"https:\\\/\\\/www.rassegnastampa-totustuus.it\\\/cattolica\\\/protestanti-e-inquisitori\\\/#primaryimage\"},\"thumbnailUrl\":\"https:\\\/\\\/www.rassegnastampa-totustuus.it\\\/cattolica\\\/wp-content\\\/uploads\\\/2005\\\/08\\\/inquisizione1.jpg\",\"keywords\":[\"Riforma\"],\"articleSection\":[\"Riforma\"],\"inLanguage\":\"it-IT\"},{\"@type\":\"WebPage\",\"@id\":\"https:\\\/\\\/www.rassegnastampa-totustuus.it\\\/cattolica\\\/protestanti-e-inquisitori\\\/\",\"url\":\"https:\\\/\\\/www.rassegnastampa-totustuus.it\\\/cattolica\\\/protestanti-e-inquisitori\\\/\",\"name\":\"Protestanti e inquisitori - Rassegna Stampa Cattolica\",\"isPartOf\":{\"@id\":\"https:\\\/\\\/www.rassegnastampa-totustuus.it\\\/cattolica\\\/#website\"},\"primaryImageOfPage\":{\"@id\":\"https:\\\/\\\/www.rassegnastampa-totustuus.it\\\/cattolica\\\/protestanti-e-inquisitori\\\/#primaryimage\"},\"image\":{\"@id\":\"https:\\\/\\\/www.rassegnastampa-totustuus.it\\\/cattolica\\\/protestanti-e-inquisitori\\\/#primaryimage\"},\"thumbnailUrl\":\"https:\\\/\\\/www.rassegnastampa-totustuus.it\\\/cattolica\\\/wp-content\\\/uploads\\\/2005\\\/08\\\/inquisizione1.jpg\",\"datePublished\":\"2005-08-23T09:22:58+00:00\",\"dateModified\":\"2016-01-24T12:12:40+00:00\",\"description\":\"Rassegna Stampa Cattolica - Per una cultura che nasce dalla Rivelazione cristiana in conformit\u00e0 alla tradizione e al Magistero della Chiesa in opposizione ad ogni relativismo e totalitarismo\",\"breadcrumb\":{\"@id\":\"https:\\\/\\\/www.rassegnastampa-totustuus.it\\\/cattolica\\\/protestanti-e-inquisitori\\\/#breadcrumb\"},\"inLanguage\":\"it-IT\",\"potentialAction\":[{\"@type\":\"ReadAction\",\"target\":[\"https:\\\/\\\/www.rassegnastampa-totustuus.it\\\/cattolica\\\/protestanti-e-inquisitori\\\/\"]}]},{\"@type\":\"ImageObject\",\"inLanguage\":\"it-IT\",\"@id\":\"https:\\\/\\\/www.rassegnastampa-totustuus.it\\\/cattolica\\\/protestanti-e-inquisitori\\\/#primaryimage\",\"url\":\"https:\\\/\\\/www.rassegnastampa-totustuus.it\\\/cattolica\\\/wp-content\\\/uploads\\\/2005\\\/08\\\/inquisizione1.jpg\",\"contentUrl\":\"https:\\\/\\\/www.rassegnastampa-totustuus.it\\\/cattolica\\\/wp-content\\\/uploads\\\/2005\\\/08\\\/inquisizione1.jpg\",\"width\":282,\"height\":177},{\"@type\":\"BreadcrumbList\",\"@id\":\"https:\\\/\\\/www.rassegnastampa-totustuus.it\\\/cattolica\\\/protestanti-e-inquisitori\\\/#breadcrumb\",\"itemListElement\":[{\"@type\":\"ListItem\",\"position\":1,\"name\":\"Home\",\"item\":\"https:\\\/\\\/www.rassegnastampa-totustuus.it\\\/cattolica\\\/\"},{\"@type\":\"ListItem\",\"position\":2,\"name\":\"Protestanti e inquisitori\"}]},{\"@type\":\"WebSite\",\"@id\":\"https:\\\/\\\/www.rassegnastampa-totustuus.it\\\/cattolica\\\/#website\",\"url\":\"https:\\\/\\\/www.rassegnastampa-totustuus.it\\\/cattolica\\\/\",\"name\":\"Rassegna Stampa Cattolica\",\"description\":\"Per una cultura che nasce dalla Rivelazione cristiana in conformit\u00e0 alla tradizione e al Magistero della Chiesa in opposizione ad ogni relativismo e totalitarismo\",\"publisher\":{\"@id\":\"https:\\\/\\\/www.rassegnastampa-totustuus.it\\\/cattolica\\\/#organization\"},\"alternateName\":\"Rass. Cattolica\",\"potentialAction\":[{\"@type\":\"SearchAction\",\"target\":{\"@type\":\"EntryPoint\",\"urlTemplate\":\"https:\\\/\\\/www.rassegnastampa-totustuus.it\\\/cattolica\\\/?s={search_term_string}\"},\"query-input\":{\"@type\":\"PropertyValueSpecification\",\"valueRequired\":true,\"valueName\":\"search_term_string\"}}],\"inLanguage\":\"it-IT\"},{\"@type\":\"Organization\",\"@id\":\"https:\\\/\\\/www.rassegnastampa-totustuus.it\\\/cattolica\\\/#organization\",\"name\":\"Rassegna Stampa Cattolica\",\"url\":\"https:\\\/\\\/www.rassegnastampa-totustuus.it\\\/cattolica\\\/\",\"logo\":{\"@type\":\"ImageObject\",\"inLanguage\":\"it-IT\",\"@id\":\"https:\\\/\\\/www.rassegnastampa-totustuus.it\\\/cattolica\\\/#\\\/schema\\\/logo\\\/image\\\/\",\"url\":\"https:\\\/\\\/www.rassegnastampa-totustuus.it\\\/cattolica\\\/wp-content\\\/uploads\\\/2014\\\/04\\\/logo-rassegna1.gif\",\"contentUrl\":\"https:\\\/\\\/www.rassegnastampa-totustuus.it\\\/cattolica\\\/wp-content\\\/uploads\\\/2014\\\/04\\\/logo-rassegna1.gif\",\"width\":600,\"height\":163,\"caption\":\"Rassegna Stampa Cattolica\"},\"image\":{\"@id\":\"https:\\\/\\\/www.rassegnastampa-totustuus.it\\\/cattolica\\\/#\\\/schema\\\/logo\\\/image\\\/\"},\"sameAs\":[\"https:\\\/\\\/www.facebook.com\\\/rassegnastampacattolica\",\"https:\\\/\\\/x.com\\\/rassegnastampa9\"]},{\"@type\":\"Person\",\"@id\":\"https:\\\/\\\/www.rassegnastampa-totustuus.it\\\/cattolica\\\/#\\\/schema\\\/person\\\/08f319d2bd1a0904ad9e2bfb7b15e5c3\",\"name\":\"Redazione\",\"image\":{\"@type\":\"ImageObject\",\"inLanguage\":\"it-IT\",\"@id\":\"https:\\\/\\\/secure.gravatar.com\\\/avatar\\\/2fcdf27c78ea025fbdb44e914cc63c72249ffec9dc8aafd5c82b26240ef3f346?s=96&d=mm&r=g\",\"url\":\"https:\\\/\\\/secure.gravatar.com\\\/avatar\\\/2fcdf27c78ea025fbdb44e914cc63c72249ffec9dc8aafd5c82b26240ef3f346?s=96&d=mm&r=g\",\"contentUrl\":\"https:\\\/\\\/secure.gravatar.com\\\/avatar\\\/2fcdf27c78ea025fbdb44e914cc63c72249ffec9dc8aafd5c82b26240ef3f346?s=96&d=mm&r=g\",\"caption\":\"Redazione\"},\"url\":\"https:\\\/\\\/www.rassegnastampa-totustuus.it\\\/cattolica\\\/author\\\/pietroelle\\\/\"}]}<\/script>\n<!-- \/ Yoast SEO plugin. -->","yoast_head_json":{"title":"Protestanti e inquisitori - Rassegna Stampa Cattolica","description":"Rassegna Stampa Cattolica - Per una cultura che nasce dalla Rivelazione cristiana in conformit\u00e0 alla tradizione e al Magistero della Chiesa in opposizione ad ogni relativismo e totalitarismo","robots":{"index":"index","follow":"follow","max-snippet":"max-snippet:-1","max-image-preview":"max-image-preview:large","max-video-preview":"max-video-preview:-1"},"canonical":"https:\/\/www.rassegnastampa-totustuus.it\/cattolica\/protestanti-e-inquisitori\/","og_locale":"it_IT","og_type":"article","og_title":"Protestanti e inquisitori - Rassegna Stampa Cattolica","og_description":"Rassegna Stampa Cattolica - Per una cultura che nasce dalla Rivelazione cristiana in conformit\u00e0 alla tradizione e al Magistero della Chiesa in opposizione ad ogni relativismo e totalitarismo","og_url":"https:\/\/www.rassegnastampa-totustuus.it\/cattolica\/protestanti-e-inquisitori\/","og_site_name":"Rassegna Stampa Cattolica","article_publisher":"https:\/\/www.facebook.com\/rassegnastampacattolica","article_published_time":"2005-08-23T09:22:58+00:00","article_modified_time":"2016-01-24T12:12:40+00:00","og_image":[{"width":282,"height":177,"url":"https:\/\/www.rassegnastampa-totustuus.it\/cattolica\/wp-content\/uploads\/2005\/08\/inquisizione1.jpg","type":"image\/jpeg"}],"author":"Redazione","twitter_card":"summary_large_image","twitter_creator":"@rassegnastampa9","twitter_site":"@rassegnastampa9","twitter_misc":{"Scritto da":"Redazione","Tempo di lettura stimato":"5 minuti"},"schema":{"@context":"https:\/\/schema.org","@graph":[{"@type":"Article","@id":"https:\/\/www.rassegnastampa-totustuus.it\/cattolica\/protestanti-e-inquisitori\/#article","isPartOf":{"@id":"https:\/\/www.rassegnastampa-totustuus.it\/cattolica\/protestanti-e-inquisitori\/"},"author":{"name":"Redazione","@id":"https:\/\/www.rassegnastampa-totustuus.it\/cattolica\/#\/schema\/person\/08f319d2bd1a0904ad9e2bfb7b15e5c3"},"headline":"Protestanti e inquisitori","datePublished":"2005-08-23T09:22:58+00:00","dateModified":"2016-01-24T12:12:40+00:00","mainEntityOfPage":{"@id":"https:\/\/www.rassegnastampa-totustuus.it\/cattolica\/protestanti-e-inquisitori\/"},"wordCount":1088,"publisher":{"@id":"https:\/\/www.rassegnastampa-totustuus.it\/cattolica\/#organization"},"image":{"@id":"https:\/\/www.rassegnastampa-totustuus.it\/cattolica\/protestanti-e-inquisitori\/#primaryimage"},"thumbnailUrl":"https:\/\/www.rassegnastampa-totustuus.it\/cattolica\/wp-content\/uploads\/2005\/08\/inquisizione1.jpg","keywords":["Riforma"],"articleSection":["Riforma"],"inLanguage":"it-IT"},{"@type":"WebPage","@id":"https:\/\/www.rassegnastampa-totustuus.it\/cattolica\/protestanti-e-inquisitori\/","url":"https:\/\/www.rassegnastampa-totustuus.it\/cattolica\/protestanti-e-inquisitori\/","name":"Protestanti e inquisitori - Rassegna Stampa Cattolica","isPartOf":{"@id":"https:\/\/www.rassegnastampa-totustuus.it\/cattolica\/#website"},"primaryImageOfPage":{"@id":"https:\/\/www.rassegnastampa-totustuus.it\/cattolica\/protestanti-e-inquisitori\/#primaryimage"},"image":{"@id":"https:\/\/www.rassegnastampa-totustuus.it\/cattolica\/protestanti-e-inquisitori\/#primaryimage"},"thumbnailUrl":"https:\/\/www.rassegnastampa-totustuus.it\/cattolica\/wp-content\/uploads\/2005\/08\/inquisizione1.jpg","datePublished":"2005-08-23T09:22:58+00:00","dateModified":"2016-01-24T12:12:40+00:00","description":"Rassegna Stampa Cattolica - Per una cultura che nasce dalla Rivelazione cristiana in conformit\u00e0 alla tradizione e al Magistero della Chiesa in opposizione ad ogni relativismo e totalitarismo","breadcrumb":{"@id":"https:\/\/www.rassegnastampa-totustuus.it\/cattolica\/protestanti-e-inquisitori\/#breadcrumb"},"inLanguage":"it-IT","potentialAction":[{"@type":"ReadAction","target":["https:\/\/www.rassegnastampa-totustuus.it\/cattolica\/protestanti-e-inquisitori\/"]}]},{"@type":"ImageObject","inLanguage":"it-IT","@id":"https:\/\/www.rassegnastampa-totustuus.it\/cattolica\/protestanti-e-inquisitori\/#primaryimage","url":"https:\/\/www.rassegnastampa-totustuus.it\/cattolica\/wp-content\/uploads\/2005\/08\/inquisizione1.jpg","contentUrl":"https:\/\/www.rassegnastampa-totustuus.it\/cattolica\/wp-content\/uploads\/2005\/08\/inquisizione1.jpg","width":282,"height":177},{"@type":"BreadcrumbList","@id":"https:\/\/www.rassegnastampa-totustuus.it\/cattolica\/protestanti-e-inquisitori\/#breadcrumb","itemListElement":[{"@type":"ListItem","position":1,"name":"Home","item":"https:\/\/www.rassegnastampa-totustuus.it\/cattolica\/"},{"@type":"ListItem","position":2,"name":"Protestanti e inquisitori"}]},{"@type":"WebSite","@id":"https:\/\/www.rassegnastampa-totustuus.it\/cattolica\/#website","url":"https:\/\/www.rassegnastampa-totustuus.it\/cattolica\/","name":"Rassegna Stampa Cattolica","description":"Per una cultura che nasce dalla Rivelazione cristiana in conformit\u00e0 alla tradizione e al Magistero della Chiesa in opposizione ad ogni relativismo e totalitarismo","publisher":{"@id":"https:\/\/www.rassegnastampa-totustuus.it\/cattolica\/#organization"},"alternateName":"Rass. Cattolica","potentialAction":[{"@type":"SearchAction","target":{"@type":"EntryPoint","urlTemplate":"https:\/\/www.rassegnastampa-totustuus.it\/cattolica\/?s={search_term_string}"},"query-input":{"@type":"PropertyValueSpecification","valueRequired":true,"valueName":"search_term_string"}}],"inLanguage":"it-IT"},{"@type":"Organization","@id":"https:\/\/www.rassegnastampa-totustuus.it\/cattolica\/#organization","name":"Rassegna Stampa Cattolica","url":"https:\/\/www.rassegnastampa-totustuus.it\/cattolica\/","logo":{"@type":"ImageObject","inLanguage":"it-IT","@id":"https:\/\/www.rassegnastampa-totustuus.it\/cattolica\/#\/schema\/logo\/image\/","url":"https:\/\/www.rassegnastampa-totustuus.it\/cattolica\/wp-content\/uploads\/2014\/04\/logo-rassegna1.gif","contentUrl":"https:\/\/www.rassegnastampa-totustuus.it\/cattolica\/wp-content\/uploads\/2014\/04\/logo-rassegna1.gif","width":600,"height":163,"caption":"Rassegna Stampa Cattolica"},"image":{"@id":"https:\/\/www.rassegnastampa-totustuus.it\/cattolica\/#\/schema\/logo\/image\/"},"sameAs":["https:\/\/www.facebook.com\/rassegnastampacattolica","https:\/\/x.com\/rassegnastampa9"]},{"@type":"Person","@id":"https:\/\/www.rassegnastampa-totustuus.it\/cattolica\/#\/schema\/person\/08f319d2bd1a0904ad9e2bfb7b15e5c3","name":"Redazione","image":{"@type":"ImageObject","inLanguage":"it-IT","@id":"https:\/\/secure.gravatar.com\/avatar\/2fcdf27c78ea025fbdb44e914cc63c72249ffec9dc8aafd5c82b26240ef3f346?s=96&d=mm&r=g","url":"https:\/\/secure.gravatar.com\/avatar\/2fcdf27c78ea025fbdb44e914cc63c72249ffec9dc8aafd5c82b26240ef3f346?s=96&d=mm&r=g","contentUrl":"https:\/\/secure.gravatar.com\/avatar\/2fcdf27c78ea025fbdb44e914cc63c72249ffec9dc8aafd5c82b26240ef3f346?s=96&d=mm&r=g","caption":"Redazione"},"url":"https:\/\/www.rassegnastampa-totustuus.it\/cattolica\/author\/pietroelle\/"}]}},"_links":{"self":[{"href":"https:\/\/www.rassegnastampa-totustuus.it\/cattolica\/wp-json\/wp\/v2\/posts\/1208","targetHints":{"allow":["GET"]}}],"collection":[{"href":"https:\/\/www.rassegnastampa-totustuus.it\/cattolica\/wp-json\/wp\/v2\/posts"}],"about":[{"href":"https:\/\/www.rassegnastampa-totustuus.it\/cattolica\/wp-json\/wp\/v2\/types\/post"}],"author":[{"embeddable":true,"href":"https:\/\/www.rassegnastampa-totustuus.it\/cattolica\/wp-json\/wp\/v2\/users\/6"}],"replies":[{"embeddable":true,"href":"https:\/\/www.rassegnastampa-totustuus.it\/cattolica\/wp-json\/wp\/v2\/comments?post=1208"}],"version-history":[{"count":4,"href":"https:\/\/www.rassegnastampa-totustuus.it\/cattolica\/wp-json\/wp\/v2\/posts\/1208\/revisions"}],"predecessor-version":[{"id":29777,"href":"https:\/\/www.rassegnastampa-totustuus.it\/cattolica\/wp-json\/wp\/v2\/posts\/1208\/revisions\/29777"}],"wp:featuredmedia":[{"embeddable":true,"href":"https:\/\/www.rassegnastampa-totustuus.it\/cattolica\/wp-json\/wp\/v2\/media\/29776"}],"wp:attachment":[{"href":"https:\/\/www.rassegnastampa-totustuus.it\/cattolica\/wp-json\/wp\/v2\/media?parent=1208"}],"wp:term":[{"taxonomy":"category","embeddable":true,"href":"https:\/\/www.rassegnastampa-totustuus.it\/cattolica\/wp-json\/wp\/v2\/categories?post=1208"},{"taxonomy":"post_tag","embeddable":true,"href":"https:\/\/www.rassegnastampa-totustuus.it\/cattolica\/wp-json\/wp\/v2\/tags?post=1208"}],"curies":[{"name":"wp","href":"https:\/\/api.w.org\/{rel}","templated":true}]}}