{"id":1207,"date":"2005-08-23T11:18:31","date_gmt":"2005-08-23T09:18:31","guid":{"rendered":""},"modified":"2020-08-18T19:39:39","modified_gmt":"2020-08-18T17:39:39","slug":"linquisizione-medioevale","status":"publish","type":"post","link":"https:\/\/www.rassegnastampa-totustuus.it\/cattolica\/linquisizione-medioevale\/","title":{"rendered":"L&#8217;Inquisizione medioevale"},"content":{"rendered":"<div style=\"text-align: center;\">I.D.I.S. &#8211; Istituto per la Dottrina e l&#8217;Informazione Sociale<\/div>\n<p style=\"text-align: center;\"><strong>Voci per un Dizionario del Pensiero Forte<\/strong><\/p>\n<p style=\"text-align: center;\">di<strong> Francesco Pappalardo<\/strong><\/p>\n<p style=\"text-align: center;\"><img loading=\"lazy\" decoding=\"async\" class=\"aligncenter wp-image-27182\" src=\"https:\/\/www.rassegnastampa-totustuus.it\/cattolica\/wp-content\/uploads\/2005\/08\/inquisizione.jpg\" alt=\"inquisizione\" width=\"250\" height=\"174\" \/><!--more--><\/p>\n<p style=\"text-align: justify;\"><strong>1. Le origini<\/strong><\/p>\n<p style=\"text-align: justify;\">\u00c8 opinione comune che il tribunale dell&#8217;Inquisizione sia stato lo strumento ordinario utilizzato dalla Chiesa cattolica per combattere l&#8217;eresia. In realt\u00e0, garantire l&#8217;ortodossia \u00e8 compito anzitutto dell&#8217;episcopato, cui spetta non solo insegnare le verit\u00e0 della fede, ma anche difenderle contro quanti le insidiano; inoltre, soltanto entro certi limiti \u00e8 corretto parlare di un tribunale inquisitoriale.<\/p>\n<p style=\"text-align: justify;\"><a href=\"https:\/\/www.rassegnastampa-totustuus.it\/cattolica\/wp-content\/uploads\/2005\/08\/inquisizione-spagna.jpg\"><img loading=\"lazy\" decoding=\"async\" class=\"size-full wp-image-28090 alignleft\" src=\"https:\/\/www.rassegnastampa-totustuus.it\/cattolica\/wp-content\/uploads\/2005\/08\/inquisizione-spagna.jpg\" alt=\"\" width=\"212\" height=\"237\" \/><\/a>Infine, occorre specificare che lo stesso nome spetta sia all&#8217;istituzione sorta nel secolo XIII, la cosiddetta Inquisizione medioevale, sia all&#8217;Inquisizione spagnola, creata da Papa Sisto IV (1471-1484), nel 1478, su sollecitazione della regina Isabella di Castiglia (1451-1504) e di re Ferdinando d&#8217;Aragona (1452-1516), sia alla Congregazione della sacra romana e universale Inquisizione, istituita da Papa Paolo III (1534-1549) nel 1542.<\/p>\n<p style=\"text-align: justify;\">L&#8217;Inquisizione nasce verso la fine del Medioevo propriamente detto come risposta della Chiesa agli eccessi di movimenti ereticali, che non si limitavano a propugnare deviazioni di contenuto esclusivamente teologico &#8211; contrastati fino ad allora sul piano dottrinale e solo con mezzi spirituali -, ma insidiavano mortalmente la societ\u00e0 civile. La ferma riprovazione dei civili contro le vessazioni degli eretici costringe le autorit\u00e0 ecclesiastiche a intervenire, anzitutto per controllare e per frenare una reazione nata dal popolo e gestita, non sempre con il necessario discernimento, dai tribunali laici, che si illudevano di risolvere il problema inviando con disinvoltura gli eretici al rogo.<\/p>\n<p style=\"text-align: justify;\">Oggi \u00e8 difficile immaginare il profondo malessere suscitato nella Cristianit\u00e0 dalla diffusione del catarismo, che, sotto il fascino esercitato dall&#8217;apparente austerit\u00e0 di vita dei suoi proseliti, nascondeva un&#8217;ideologia sovversiva. Il pericolo era rappresentato soprattutto dalla condanna del mondo materiale, che implicava il divieto assoluto di procreare e, come culmine della perfezione, il suicidio rituale, e dal rifiuto di prestare giuramento, che comportava il dissolvimento del legame feudale, uno dei capisaldi della societ\u00e0 medievale.<\/p>\n<p style=\"text-align: justify;\"><a href=\"https:\/\/www.rassegnastampa-totustuus.it\/cattolica\/wp-content\/uploads\/2014\/07\/inquisizione.jpg\"><img loading=\"lazy\" decoding=\"async\" class=\"size-full wp-image-8371 alignright\" src=\"https:\/\/www.rassegnastampa-totustuus.it\/cattolica\/wp-content\/uploads\/2014\/07\/inquisizione.jpg\" alt=\"\" width=\"290\" height=\"174\" \/><\/a>Dunque, considerata l&#8217;omogeneit\u00e0 religiosa della societ\u00e0 del tempo, l&#8217;eresia costituiva un attentato non solo all&#8217;ortodossia ma anche all&#8217;ordine sociale e politico. Lo storico protestante Henry Charles Lea (1825-1909), pur poco benevolo nei confronti dell&#8217;Inquisizione, scrive che, in quei tempi, &#8220;[&#8230;] la causa dell&#8217;ortodossia non era altro che la causa della civilt\u00e0 e del progresso&#8221;.<\/p>\n<p style=\"text-align: justify;\">L&#8217;autorit\u00e0 temporale e quella spirituale, dopo aver agito a lungo separatamente &#8211; la prima con i suoi tribunali, l&#8217;impiccagione e il rogo, la seconda con la scomunica e le censure ecclesiastiche &#8211; finiscono per unire i loro sforzi in un&#8217;azione comune contro l&#8217;eresia.<\/p>\n<p style=\"text-align: justify;\">L&#8217;Inquisizione medioevale, dunque, \u00e8 definita dallo storico francese Jean-Baptiste Guiraud (1866-1953), come &#8220;[&#8230;] un sistema di misure repressive, le une di ordine spirituale, le altre di ordine temporale, emanate simultaneamente dall&#8217;autorit\u00e0 ecclesiastica e dal potere civile per la difesa dell&#8217;ortodossia religiosa e dell&#8217;ordine sociale, ugualmente minacciati dalle dottrine teologiche e sociali dell&#8217;eresia&#8221;.<\/p>\n<p style=\"text-align: justify;\"><a href=\"https:\/\/www.rassegnastampa-totustuus.it\/cattolica\/wp-content\/uploads\/2020\/05\/inquisizione.jpeg\"><img loading=\"lazy\" decoding=\"async\" class=\"size-medium wp-image-47198 alignleft\" src=\"https:\/\/www.rassegnastampa-totustuus.it\/cattolica\/wp-content\/uploads\/2020\/05\/inquisizione-300x197.jpeg\" alt=\"\" width=\"300\" height=\"197\" srcset=\"https:\/\/www.rassegnastampa-totustuus.it\/cattolica\/wp-content\/uploads\/2020\/05\/inquisizione-300x197.jpeg 300w, https:\/\/www.rassegnastampa-totustuus.it\/cattolica\/wp-content\/uploads\/2020\/05\/inquisizione-768x504.jpeg 768w, https:\/\/www.rassegnastampa-totustuus.it\/cattolica\/wp-content\/uploads\/2020\/05\/inquisizione-1024x672.jpeg 1024w, https:\/\/www.rassegnastampa-totustuus.it\/cattolica\/wp-content\/uploads\/2020\/05\/inquisizione.jpeg 1366w\" sizes=\"auto, (max-width: 300px) 100vw, 300px\" \/><\/a>Le tappe attraverso cui prende corpo il nuovo organismo sono la costituzione Ad abolendam di Papa Lucio III (1181-1185), del 1184, che obbliga tutti i vescovi a visitare due volte l&#8217;anno le loro diocesi alla ricerca, inquisitio, degli eretici; l&#8217;istituzione della cosiddetta Inquisizione &#8220;legatina&#8221; da parte di Papa Innocenzo III (1198-1216), che invia i monaci dell&#8217;ordine cistercense a predicare nei paesi pi\u00f9 colpiti e a disputare pubblicamente con gli eretici, la costituzione Excommunicamus di Papa Gregorio IX (1227-1247), del 1231, con cui sono nominati i primi inquisitori permanenti, scelti in preferenza fra i domenicani e i francescani.<\/p>\n<p style=\"text-align: justify;\">La qualit\u00e0 costitutiva del nuovo organismo non era nella natura del delitto o in quella della pena e neppure nella procedura, ma nella figura del giudice delegato in materia ecclesiastica criminale. Non si provvede, pertanto, all&#8217;istituzione di un tribunale speciale per una determinata categoria di reati o di rei &#8211; in questo senso, per tutto il Medioevo, un tribunale dell&#8217;Inquisizione non \u00e8 mai esistito -, ma alla nomina di un giudice straordinario, la cui competenza si affianca a quella del giudice ordinario, il vescovo. Va ricordato, infine, che gli inquisitori erano competenti a giudicare solo i battezzati e che, dunque, gli ebrei e i musulmani non ricadevano sotto la loro giurisdizione.<\/p>\n<p style=\"text-align: justify;\"><strong>2. La procedura<\/strong><\/p>\n<p style=\"text-align: justify;\"><a href=\"https:\/\/www.rassegnastampa-totustuus.it\/cattolica\/wp-content\/uploads\/2018\/07\/inquisizione.jpg\"><img loading=\"lazy\" decoding=\"async\" class=\"size-full wp-image-40664 alignright\" src=\"https:\/\/www.rassegnastampa-totustuus.it\/cattolica\/wp-content\/uploads\/2018\/07\/inquisizione.jpg\" alt=\"\" width=\"253\" height=\"199\" \/><\/a>L&#8217;Inquisizione, grazie alla prescrizione, sempre rispettata, di mettere per iscritto le fasi della procedura, le deposizioni e le testimonianze, \u00e8 una delle prime istituzioni del passato su cui \u00e8 disponibile una quantit\u00e0 di dati tale da rendere impossibile ogni travisamento storico, sia relativamente all&#8217;organizzazione sia alla prassi adottata.<\/p>\n<p style=\"text-align: justify;\">Infatti, gli studiosi che negli ultimi anni hanno cominciato a esplorare l&#8217;imponente documentazione archivistica, si sono trovati, con stupore, al cospetto di tribunali dotati di regole eque e di procedure non arbitrarie, di corti giudiziarie pronte a sconsigliare l&#8217;uso della tortura o a scoraggiare denunce infondate e delazioni, di organismi molto pi\u00f9 miti e indulgenti dei tribunali civili del tempo.<\/p>\n<p style=\"text-align: justify;\">Inoltre, sebbene certa propaganda insista sul carattere ideologico e totalitario dell&#8217;Inquisizione, \u00e8 sempre pi\u00f9 evidente l&#8217;abisso esistente fra i metodi propri di questa istituzione e i sistemi di controllo delle persone e di manipolazione delle coscienze messi in atto negli Stati moderni.<\/p>\n<p style=\"text-align: justify;\">E&#8217; falsa \u00e8 l&#8217;immagine dell&#8217;inquisitore feroce e ignorante: gli inquisitori erano, in genere, persone dotte, oneste e di costumi irreprensibili, poco inclini a decidere in fretta e arbitrariamente la sorte dell&#8217;imputato, volti invece ad accordare il perdono al reo e a farlo rientrare in seno alla Chiesa.<\/p>\n<p style=\"text-align: justify;\"><a href=\"https:\/\/www.rassegnastampa-totustuus.it\/cattolica\/wp-content\/uploads\/2014\/07\/inquisizione_simbolo.jpg\"><img loading=\"lazy\" decoding=\"async\" class=\"size-full wp-image-8351 alignleft\" src=\"https:\/\/www.rassegnastampa-totustuus.it\/cattolica\/wp-content\/uploads\/2014\/07\/inquisizione_simbolo.jpg\" alt=\"\" width=\"208\" height=\"243\" \/><\/a>L&#8217;Inquisizione del secolo XIV inventa la giuria, consilium che consente all&#8217;imputato di essere giudicato da un collegio numeroso, e altri istituti in favore del condannato, come la semilibert\u00e0, la licenza per buona condotta e gli sconti di pena. Falsa \u00e8 anche l&#8217;affermazione secondo cui si faceva un uso generalizzato e indiscriminato della tortura, cui gli inquisitori del secolo XIV, a differenza dei giudici civili, ricorrevano raramente e nel rispetto di regole molto severe.<\/p>\n<p style=\"text-align: justify;\">L&#8217;immaginario secondo cui i tribunali inquisitoriali erano teatro di raffinatissime scene di crudelt\u00e0, di modi ingegnosi di infliggere l&#8217;agonia e di un&#8217;insistenza criminale nell&#8217;estorcere le confessioni, \u00e8 l&#8217;esito della propaganda degli scrittori a sensazione, che hanno sfruttato la credulit\u00e0 di molti.<\/p>\n<p style=\"text-align: justify;\">Falsa, infine, \u00e8 l&#8217;immagine dell&#8217;Inquisizione come tribunale sanguinario. Infatti, lo spoglio statistico delle sentenze, da cui si ricava la bassa percentuale delle condanne, soprattutto di quelle alla pena capitale, ha ormai dimostrato l&#8217;infondatezza di questa tesi. L&#8217;Inquisizione perseguiva lo scopo di correggere e di riavvicinare l&#8217;eretico alla fede; a questo scopo gli inquisitori imponevano penitenze di ordine spirituale, che davano al reo la possibilit\u00e0 di emendarsi, attenuavano le pene pi\u00f9 gravi quando ravvisavano in lui indizi di ravvedimento e abbandonavano al braccio secolare, cio\u00e8 alla morte, i recidivi che, essendo tornati ai loro errori, facevano perdere ogni fiducia nella loro conversione e nella loro sincerit\u00e0.<\/p>\n<p style=\"text-align: justify;\"><a href=\"https:\/\/www.rassegnastampa-totustuus.it\/cattolica\/wp-content\/uploads\/2018\/07\/tortura_Inquisiz.jpg\"><img loading=\"lazy\" decoding=\"async\" class=\"wp-image-40669 alignright\" src=\"https:\/\/www.rassegnastampa-totustuus.it\/cattolica\/wp-content\/uploads\/2018\/07\/tortura_Inquisiz.jpg\" alt=\"\" width=\"172\" height=\"233\" \/><\/a>La pena capitale non trovava esecuzione rigorosa presso l&#8217;Inquisizione e la sentenza era spesso modificata, in netto contrasto con l&#8217;immancabile esecuzione del colpevole da parte dei tribunali secolari e con la crudelt\u00e0 degli organismi inquisitoriali nei paesi protestanti. Dall&#8217;esame degli archivi risulta, per esempio, che nella seconda met\u00e0 del secolo XIII gli inquisitori di Tolosa pronunciarono condanne a morte nella misura dell&#8217;1% delle sentenze emesse.<\/p>\n<p style=\"text-align: justify;\">Inoltre, gli studiosi hanno completato lo spoglio dei processi inquisitoriali di Bernard Gui (?-1331) &#8211; il domenicano calunniato nel romanzo Il nome della rosa, di Umberto Eco, del 1980, e nel film omonimo del regista Jean-Jacques Annaud, del 1986 &#8211; constatando che su novecentotrenta imputati solo quarantadue furono rimessi al braccio secolare, mentre centotrentanove vennero assolti e gli altri condannati a pene minori, spesso di straordinaria mitezza.<\/p>\n<p style=\"text-align: justify;\">Raggiunti i suoi scopi con la distruzione dell&#8217;eresia, l&#8217;Inquisizione medievale declina ovunque lentamente e, sottoposta sempre pi\u00f9 al controllo del potere secolare, scompare da sola, in epoche diverse. La svolta pi\u00f9 significativa \u00e8 compiuta dalla monarchia francese, che sottrae gradualmente agli inquisitori la competenza in materia d&#8217;eresia e l&#8217;affida ai tribunali reali e al parlamento; durante il grande scisma d&#8217;Occidente, anche la facolt\u00e0 teologica dell&#8217;universit\u00e0 di Parigi rivendica l&#8217;esame e il giudizio sui delitti di eresia.<\/p>\n<p style=\"text-align: justify;\"><a href=\"https:\/\/www.rassegnastampa-totustuus.it\/cattolica\/wp-content\/uploads\/2005\/08\/inquisizione-1.jpg\"><img loading=\"lazy\" decoding=\"async\" class=\" wp-image-48128 alignleft\" src=\"https:\/\/www.rassegnastampa-totustuus.it\/cattolica\/wp-content\/uploads\/2005\/08\/inquisizione-1.jpg\" alt=\"\" width=\"172\" height=\"157\" \/><\/a>Cos\u00ec, l&#8217;Inquisizione in Francia diventa una sigla di cui si appropria il potere politico e su cui la Chiesa non ha pi\u00f9 potest\u00e0. I tribunali che processano i templari nel 1307 e santa Giovanna d&#8217;Arco (1412-1431) non rappresentano pi\u00f9 la vera Inquisizione, ma sono espressione del potere &#8220;laico&#8221;.<\/p>\n<p style=\"text-align: justify;\"><strong>3. L&#8217;Inquisizione romana<\/strong><\/p>\n<p style=\"text-align: justify;\">Nel secolo XVI, di fronte al pericolo rappresentato dalle nuove eresie di Martin Lutero (1483-1546) e di Giovanni Calvino (1509-1564), che devastavano le pi\u00f9 fiorenti comunit\u00e0 cristiane d&#8217;Europa, la Chiesa cattolica deve intervenire ancora una volta con energia, dopo aver sperimentato invano un atteggiamento conciliante. Il 21 luglio 1542, con la bolla Licet ab initio, Papa Paolo III (1534-1549) riorganizza il sistema inquisitoriale medioevale e istituisce la\u00a0Congregazione della sacra romana e universale Inquisizione o Sant&#8217;Uffizio.<\/p>\n<p style=\"text-align: justify;\"><a href=\"https:\/\/www.rassegnastampa-totustuus.it\/cattolica\/wp-content\/uploads\/2005\/08\/inquisizione_romana.jpg\"><img loading=\"lazy\" decoding=\"async\" class=\"size-full wp-image-48129 alignright\" src=\"https:\/\/www.rassegnastampa-totustuus.it\/cattolica\/wp-content\/uploads\/2005\/08\/inquisizione_romana.jpg\" alt=\"\" width=\"211\" height=\"180\" \/><\/a>In sostanza, l&#8217;autorit\u00e0 dell&#8217;Inquisizione romana \u00e8 limitata agli Stati della penisola italiana, dove ha costituito un bastione invalicabile contro ogni deviazione dottrinale e ha difeso il patrimonio spirituale del popolo italiano, contribuendo alla vittoria della Contro-Riforma sull&#8217;Umanesimo, sul Rinascimento e sulla Pseudo-Riforma protestante.<\/p>\n<p style=\"text-align: justify;\">La storia di questa istituzione non \u00e8 stata ancora studiata in modo adeguato. Infatti, il carattere anticattolico dell&#8217;unificazione dell&#8217;Italia ha ridato fiato alla polemica illuminista e alla propaganda protestante, che dipingevano questo organismo come simbolo dell&#8217;oscurantismo, conferendo un carattere ideologico alla ricostruzione storica. Uno studio rigoroso delle fonti documentarie avrebbe contribuito non poco a sfatare i luoghi comuni sull&#8217;Inquisizione romana.<\/p>\n<p style=\"text-align: justify;\">Lo storico Luigi Firpo, esponente di rilievo della cultura laicista, uno dei pochi studiosi che ha avuto accesso anche ai documenti riservati del Sant&#8217;Uffizio, intervistato dallo scrittore Vittorio Messori, si \u00e8 espresso cos\u00ec: &#8220;Sono sicuro che l&#8217;apertura di quell&#8217;archivio, sinora assai limitata anche per esigenze organizzative, gioverebbe molto all&#8217;immagine della Chiesa [&#8230;]. Aprendo a tutti gli studiosi quelle carte, cadrebbero altri pezzi dell&#8217;abusiva leggenda nera che circonda l&#8217;Inquisizione&#8221;.<\/p>\n<p style=\"text-align: justify;\"><a href=\"https:\/\/www.rassegnastampa-totustuus.it\/cattolica\/wp-content\/uploads\/2018\/10\/santo-Uffizio_logo.png\"><img loading=\"lazy\" decoding=\"async\" class=\"size-full wp-image-41402 alignleft\" src=\"https:\/\/www.rassegnastampa-totustuus.it\/cattolica\/wp-content\/uploads\/2018\/10\/santo-Uffizio_logo.png\" alt=\"\" width=\"214\" height=\"235\" \/><\/a>Riorganizzata da Papa san Pio X (1903-1914) con la costituzione Sapienti consilio, del 29 giugno 1908, la vecchia Inquisizione \u00e8 stata riformata da Papa Paolo VI (1963-1978) con il motu proprio Integrae servandae, del 7 dicembre 1965, che ne ha anche mutato il nome in Sacra Congregazione per la Dottrina della Fede. La riforma ha modificato le procedure del Sant&#8217;Ufficio, ma ne ha confermato il compito primario: &#8220;tutelare la dottrina riguardante la fede e i costumi di tutto il mondo cattolico&#8221; (n. 29), soprattutto mediante la promozione della sana dottrina.<\/p>\n<p style=\"text-align: justify;\"><strong>Per approfondire: <\/strong>vedi un&#8217;introduzione, in Leo Moulin (1906-1996), <em>L&#8217;Inquisizione sotto inquisizione<\/em>, trad. it., a cura dell&#8217;Associazione Culturale ICARO, Cagliari 1992; i risultati della rinnovata ricerca storica &#8211; poco noti al di fuori della cerchia degli addetti ai lavori -, in Brian van Hove S.J., <em>Oltre il mito dell&#8217;Inquisizione<\/em>, in <em>La Civilt\u00e0 Cattolica<\/em>, anno 143, n. 3419, 5-12-1992, pp. 458-467; e n. 3420, 19-12-1992, pp. 578-588; vedi pure la voce Inquisition, scritta da Jean-Baptiste Guiraud per il <em>Dictionnaire apolog\u00e9tique de la foi catholique<\/em>, edito fra il 1911 e il 1913, trad. it. con il titolo <em>Elogio della Inquisizione<\/em>, Leonardo, Milano 1994, a cura di Rino Cammilleri, con un invito alla lettura di Vittorio Messori e con preziose <em>Integrazioni bibliografiche<\/em>, redatte da Marco Invernizzi e da Oscar Sanguinetti, rassegna ragionata e aggiornata delle correnti storiografiche sul tema; e una sintesi nel mio <em>Lo &#8220;scandalo dell&#8217;Inquisizione&#8221;. Tra realt\u00e0 storica e leggenda storiografica<\/em>, AA. VV., <em>Processi alla Chiesa. Mistificazione e apologia<\/em>, a cura di Franco Cardini, 3a ed., Piemme, Casale Monferrato (Alessandria) 1995, pp. 353-371<\/p>\n","protected":false},"excerpt":{"rendered":"<p>I.D.I.S. &#8211; Istituto per la Dottrina e l&#8217;Informazione Sociale Voci per un Dizionario del Pensiero Forte di Francesco Pappalardo<\/p><p><a class=\"more-link btn\" href=\"https:\/\/www.rassegnastampa-totustuus.it\/cattolica\/linquisizione-medioevale\/\">Continua a leggere<\/a><\/p>\n","protected":false},"author":6,"featured_media":27182,"comment_status":"closed","ping_status":"open","sticky":false,"template":"","format":"standard","meta":{"footnotes":""},"categories":[93,91,24],"tags":[468,268,162],"class_list":["post-1207","post","type-post","status-publish","format-standard","has-post-thumbnail","hentry","category-inquisizione","category-medioevo","category-storia","tag-inquisizione-2","tag-medioevo-2","tag-storia-2","item-wrap"],"yoast_head":"<!-- This site is optimized with the Yoast SEO plugin v27.5 - https:\/\/yoast.com\/product\/yoast-seo-wordpress\/ -->\n<title>L&#039;Inquisizione medioevale - Rassegna Stampa Cattolica<\/title>\n<meta name=\"description\" content=\"Rassegna Stampa Cattolica - Per una cultura che nasce dalla Rivelazione cristiana in conformit\u00e0 alla tradizione e al Magistero della Chiesa in opposizione ad ogni relativismo e totalitarismo\" \/>\n<meta name=\"robots\" content=\"index, follow, max-snippet:-1, max-image-preview:large, max-video-preview:-1\" \/>\n<link rel=\"canonical\" href=\"https:\/\/www.rassegnastampa-totustuus.it\/cattolica\/linquisizione-medioevale\/\" \/>\n<meta property=\"og:locale\" content=\"it_IT\" \/>\n<meta property=\"og:type\" content=\"article\" \/>\n<meta property=\"og:title\" content=\"L&#039;Inquisizione medioevale - Rassegna Stampa Cattolica\" \/>\n<meta property=\"og:description\" content=\"Rassegna Stampa Cattolica - Per una cultura che nasce dalla Rivelazione cristiana in conformit\u00e0 alla tradizione e al Magistero della Chiesa in opposizione ad ogni relativismo e totalitarismo\" \/>\n<meta property=\"og:url\" content=\"https:\/\/www.rassegnastampa-totustuus.it\/cattolica\/linquisizione-medioevale\/\" \/>\n<meta property=\"og:site_name\" content=\"Rassegna Stampa Cattolica\" \/>\n<meta property=\"article:publisher\" content=\"https:\/\/www.facebook.com\/rassegnastampacattolica\" \/>\n<meta property=\"article:published_time\" content=\"2005-08-23T09:18:31+00:00\" \/>\n<meta property=\"article:modified_time\" content=\"2020-08-18T17:39:39+00:00\" \/>\n<meta property=\"og:image\" content=\"https:\/\/www.rassegnastampa-totustuus.it\/cattolica\/wp-content\/uploads\/2005\/08\/inquisizione.jpg\" \/>\n\t<meta property=\"og:image:width\" content=\"269\" \/>\n\t<meta property=\"og:image:height\" content=\"187\" \/>\n\t<meta property=\"og:image:type\" content=\"image\/jpeg\" \/>\n<meta name=\"author\" content=\"Redazione\" \/>\n<meta name=\"twitter:card\" content=\"summary_large_image\" \/>\n<meta name=\"twitter:creator\" content=\"@rassegnastampa9\" \/>\n<meta name=\"twitter:site\" content=\"@rassegnastampa9\" \/>\n<meta name=\"twitter:label1\" content=\"Scritto da\" \/>\n\t<meta name=\"twitter:data1\" content=\"Redazione\" \/>\n\t<meta name=\"twitter:label2\" content=\"Tempo di lettura stimato\" \/>\n\t<meta name=\"twitter:data2\" content=\"9 minuti\" \/>\n<script type=\"application\/ld+json\" class=\"yoast-schema-graph\">{\"@context\":\"https:\\\/\\\/schema.org\",\"@graph\":[{\"@type\":\"Article\",\"@id\":\"https:\\\/\\\/www.rassegnastampa-totustuus.it\\\/cattolica\\\/linquisizione-medioevale\\\/#article\",\"isPartOf\":{\"@id\":\"https:\\\/\\\/www.rassegnastampa-totustuus.it\\\/cattolica\\\/linquisizione-medioevale\\\/\"},\"author\":{\"name\":\"Redazione\",\"@id\":\"https:\\\/\\\/www.rassegnastampa-totustuus.it\\\/cattolica\\\/#\\\/schema\\\/person\\\/08f319d2bd1a0904ad9e2bfb7b15e5c3\"},\"headline\":\"L&#8217;Inquisizione medioevale\",\"datePublished\":\"2005-08-23T09:18:31+00:00\",\"dateModified\":\"2020-08-18T17:39:39+00:00\",\"mainEntityOfPage\":{\"@id\":\"https:\\\/\\\/www.rassegnastampa-totustuus.it\\\/cattolica\\\/linquisizione-medioevale\\\/\"},\"wordCount\":1905,\"publisher\":{\"@id\":\"https:\\\/\\\/www.rassegnastampa-totustuus.it\\\/cattolica\\\/#organization\"},\"image\":{\"@id\":\"https:\\\/\\\/www.rassegnastampa-totustuus.it\\\/cattolica\\\/linquisizione-medioevale\\\/#primaryimage\"},\"thumbnailUrl\":\"https:\\\/\\\/www.rassegnastampa-totustuus.it\\\/cattolica\\\/wp-content\\\/uploads\\\/2005\\\/08\\\/inquisizione.jpg\",\"keywords\":[\"inquisizione\",\"medioevo\",\"storia\"],\"articleSection\":[\"Inquisizione\",\"Medioevo\",\"Storia\"],\"inLanguage\":\"it-IT\"},{\"@type\":\"WebPage\",\"@id\":\"https:\\\/\\\/www.rassegnastampa-totustuus.it\\\/cattolica\\\/linquisizione-medioevale\\\/\",\"url\":\"https:\\\/\\\/www.rassegnastampa-totustuus.it\\\/cattolica\\\/linquisizione-medioevale\\\/\",\"name\":\"L'Inquisizione medioevale - Rassegna Stampa Cattolica\",\"isPartOf\":{\"@id\":\"https:\\\/\\\/www.rassegnastampa-totustuus.it\\\/cattolica\\\/#website\"},\"primaryImageOfPage\":{\"@id\":\"https:\\\/\\\/www.rassegnastampa-totustuus.it\\\/cattolica\\\/linquisizione-medioevale\\\/#primaryimage\"},\"image\":{\"@id\":\"https:\\\/\\\/www.rassegnastampa-totustuus.it\\\/cattolica\\\/linquisizione-medioevale\\\/#primaryimage\"},\"thumbnailUrl\":\"https:\\\/\\\/www.rassegnastampa-totustuus.it\\\/cattolica\\\/wp-content\\\/uploads\\\/2005\\\/08\\\/inquisizione.jpg\",\"datePublished\":\"2005-08-23T09:18:31+00:00\",\"dateModified\":\"2020-08-18T17:39:39+00:00\",\"description\":\"Rassegna Stampa Cattolica - Per una cultura che nasce dalla Rivelazione cristiana in conformit\u00e0 alla tradizione e al Magistero della Chiesa in opposizione ad ogni relativismo e totalitarismo\",\"breadcrumb\":{\"@id\":\"https:\\\/\\\/www.rassegnastampa-totustuus.it\\\/cattolica\\\/linquisizione-medioevale\\\/#breadcrumb\"},\"inLanguage\":\"it-IT\",\"potentialAction\":[{\"@type\":\"ReadAction\",\"target\":[\"https:\\\/\\\/www.rassegnastampa-totustuus.it\\\/cattolica\\\/linquisizione-medioevale\\\/\"]}]},{\"@type\":\"ImageObject\",\"inLanguage\":\"it-IT\",\"@id\":\"https:\\\/\\\/www.rassegnastampa-totustuus.it\\\/cattolica\\\/linquisizione-medioevale\\\/#primaryimage\",\"url\":\"https:\\\/\\\/www.rassegnastampa-totustuus.it\\\/cattolica\\\/wp-content\\\/uploads\\\/2005\\\/08\\\/inquisizione.jpg\",\"contentUrl\":\"https:\\\/\\\/www.rassegnastampa-totustuus.it\\\/cattolica\\\/wp-content\\\/uploads\\\/2005\\\/08\\\/inquisizione.jpg\",\"width\":269,\"height\":187},{\"@type\":\"BreadcrumbList\",\"@id\":\"https:\\\/\\\/www.rassegnastampa-totustuus.it\\\/cattolica\\\/linquisizione-medioevale\\\/#breadcrumb\",\"itemListElement\":[{\"@type\":\"ListItem\",\"position\":1,\"name\":\"Home\",\"item\":\"https:\\\/\\\/www.rassegnastampa-totustuus.it\\\/cattolica\\\/\"},{\"@type\":\"ListItem\",\"position\":2,\"name\":\"L&#8217;Inquisizione medioevale\"}]},{\"@type\":\"WebSite\",\"@id\":\"https:\\\/\\\/www.rassegnastampa-totustuus.it\\\/cattolica\\\/#website\",\"url\":\"https:\\\/\\\/www.rassegnastampa-totustuus.it\\\/cattolica\\\/\",\"name\":\"Rassegna Stampa Cattolica\",\"description\":\"Per una cultura che nasce dalla Rivelazione cristiana in conformit\u00e0 alla tradizione e al Magistero della Chiesa in opposizione ad ogni relativismo e totalitarismo\",\"publisher\":{\"@id\":\"https:\\\/\\\/www.rassegnastampa-totustuus.it\\\/cattolica\\\/#organization\"},\"alternateName\":\"Rass. Cattolica\",\"potentialAction\":[{\"@type\":\"SearchAction\",\"target\":{\"@type\":\"EntryPoint\",\"urlTemplate\":\"https:\\\/\\\/www.rassegnastampa-totustuus.it\\\/cattolica\\\/?s={search_term_string}\"},\"query-input\":{\"@type\":\"PropertyValueSpecification\",\"valueRequired\":true,\"valueName\":\"search_term_string\"}}],\"inLanguage\":\"it-IT\"},{\"@type\":\"Organization\",\"@id\":\"https:\\\/\\\/www.rassegnastampa-totustuus.it\\\/cattolica\\\/#organization\",\"name\":\"Rassegna Stampa Cattolica\",\"url\":\"https:\\\/\\\/www.rassegnastampa-totustuus.it\\\/cattolica\\\/\",\"logo\":{\"@type\":\"ImageObject\",\"inLanguage\":\"it-IT\",\"@id\":\"https:\\\/\\\/www.rassegnastampa-totustuus.it\\\/cattolica\\\/#\\\/schema\\\/logo\\\/image\\\/\",\"url\":\"https:\\\/\\\/www.rassegnastampa-totustuus.it\\\/cattolica\\\/wp-content\\\/uploads\\\/2014\\\/04\\\/logo-rassegna1.gif\",\"contentUrl\":\"https:\\\/\\\/www.rassegnastampa-totustuus.it\\\/cattolica\\\/wp-content\\\/uploads\\\/2014\\\/04\\\/logo-rassegna1.gif\",\"width\":600,\"height\":163,\"caption\":\"Rassegna Stampa Cattolica\"},\"image\":{\"@id\":\"https:\\\/\\\/www.rassegnastampa-totustuus.it\\\/cattolica\\\/#\\\/schema\\\/logo\\\/image\\\/\"},\"sameAs\":[\"https:\\\/\\\/www.facebook.com\\\/rassegnastampacattolica\",\"https:\\\/\\\/x.com\\\/rassegnastampa9\"]},{\"@type\":\"Person\",\"@id\":\"https:\\\/\\\/www.rassegnastampa-totustuus.it\\\/cattolica\\\/#\\\/schema\\\/person\\\/08f319d2bd1a0904ad9e2bfb7b15e5c3\",\"name\":\"Redazione\",\"image\":{\"@type\":\"ImageObject\",\"inLanguage\":\"it-IT\",\"@id\":\"https:\\\/\\\/secure.gravatar.com\\\/avatar\\\/2fcdf27c78ea025fbdb44e914cc63c72249ffec9dc8aafd5c82b26240ef3f346?s=96&d=mm&r=g\",\"url\":\"https:\\\/\\\/secure.gravatar.com\\\/avatar\\\/2fcdf27c78ea025fbdb44e914cc63c72249ffec9dc8aafd5c82b26240ef3f346?s=96&d=mm&r=g\",\"contentUrl\":\"https:\\\/\\\/secure.gravatar.com\\\/avatar\\\/2fcdf27c78ea025fbdb44e914cc63c72249ffec9dc8aafd5c82b26240ef3f346?s=96&d=mm&r=g\",\"caption\":\"Redazione\"},\"url\":\"https:\\\/\\\/www.rassegnastampa-totustuus.it\\\/cattolica\\\/author\\\/pietroelle\\\/\"}]}<\/script>\n<!-- \/ Yoast SEO plugin. -->","yoast_head_json":{"title":"L'Inquisizione medioevale - Rassegna Stampa Cattolica","description":"Rassegna Stampa Cattolica - Per una cultura che nasce dalla Rivelazione cristiana in conformit\u00e0 alla tradizione e al Magistero della Chiesa in opposizione ad ogni relativismo e totalitarismo","robots":{"index":"index","follow":"follow","max-snippet":"max-snippet:-1","max-image-preview":"max-image-preview:large","max-video-preview":"max-video-preview:-1"},"canonical":"https:\/\/www.rassegnastampa-totustuus.it\/cattolica\/linquisizione-medioevale\/","og_locale":"it_IT","og_type":"article","og_title":"L'Inquisizione medioevale - Rassegna Stampa Cattolica","og_description":"Rassegna Stampa Cattolica - Per una cultura che nasce dalla Rivelazione cristiana in conformit\u00e0 alla tradizione e al Magistero della Chiesa in opposizione ad ogni relativismo e totalitarismo","og_url":"https:\/\/www.rassegnastampa-totustuus.it\/cattolica\/linquisizione-medioevale\/","og_site_name":"Rassegna Stampa Cattolica","article_publisher":"https:\/\/www.facebook.com\/rassegnastampacattolica","article_published_time":"2005-08-23T09:18:31+00:00","article_modified_time":"2020-08-18T17:39:39+00:00","og_image":[{"width":269,"height":187,"url":"https:\/\/www.rassegnastampa-totustuus.it\/cattolica\/wp-content\/uploads\/2005\/08\/inquisizione.jpg","type":"image\/jpeg"}],"author":"Redazione","twitter_card":"summary_large_image","twitter_creator":"@rassegnastampa9","twitter_site":"@rassegnastampa9","twitter_misc":{"Scritto da":"Redazione","Tempo di lettura stimato":"9 minuti"},"schema":{"@context":"https:\/\/schema.org","@graph":[{"@type":"Article","@id":"https:\/\/www.rassegnastampa-totustuus.it\/cattolica\/linquisizione-medioevale\/#article","isPartOf":{"@id":"https:\/\/www.rassegnastampa-totustuus.it\/cattolica\/linquisizione-medioevale\/"},"author":{"name":"Redazione","@id":"https:\/\/www.rassegnastampa-totustuus.it\/cattolica\/#\/schema\/person\/08f319d2bd1a0904ad9e2bfb7b15e5c3"},"headline":"L&#8217;Inquisizione medioevale","datePublished":"2005-08-23T09:18:31+00:00","dateModified":"2020-08-18T17:39:39+00:00","mainEntityOfPage":{"@id":"https:\/\/www.rassegnastampa-totustuus.it\/cattolica\/linquisizione-medioevale\/"},"wordCount":1905,"publisher":{"@id":"https:\/\/www.rassegnastampa-totustuus.it\/cattolica\/#organization"},"image":{"@id":"https:\/\/www.rassegnastampa-totustuus.it\/cattolica\/linquisizione-medioevale\/#primaryimage"},"thumbnailUrl":"https:\/\/www.rassegnastampa-totustuus.it\/cattolica\/wp-content\/uploads\/2005\/08\/inquisizione.jpg","keywords":["inquisizione","medioevo","storia"],"articleSection":["Inquisizione","Medioevo","Storia"],"inLanguage":"it-IT"},{"@type":"WebPage","@id":"https:\/\/www.rassegnastampa-totustuus.it\/cattolica\/linquisizione-medioevale\/","url":"https:\/\/www.rassegnastampa-totustuus.it\/cattolica\/linquisizione-medioevale\/","name":"L'Inquisizione medioevale - Rassegna Stampa Cattolica","isPartOf":{"@id":"https:\/\/www.rassegnastampa-totustuus.it\/cattolica\/#website"},"primaryImageOfPage":{"@id":"https:\/\/www.rassegnastampa-totustuus.it\/cattolica\/linquisizione-medioevale\/#primaryimage"},"image":{"@id":"https:\/\/www.rassegnastampa-totustuus.it\/cattolica\/linquisizione-medioevale\/#primaryimage"},"thumbnailUrl":"https:\/\/www.rassegnastampa-totustuus.it\/cattolica\/wp-content\/uploads\/2005\/08\/inquisizione.jpg","datePublished":"2005-08-23T09:18:31+00:00","dateModified":"2020-08-18T17:39:39+00:00","description":"Rassegna Stampa Cattolica - Per una cultura che nasce dalla Rivelazione cristiana in conformit\u00e0 alla tradizione e al Magistero della Chiesa in opposizione ad ogni relativismo e totalitarismo","breadcrumb":{"@id":"https:\/\/www.rassegnastampa-totustuus.it\/cattolica\/linquisizione-medioevale\/#breadcrumb"},"inLanguage":"it-IT","potentialAction":[{"@type":"ReadAction","target":["https:\/\/www.rassegnastampa-totustuus.it\/cattolica\/linquisizione-medioevale\/"]}]},{"@type":"ImageObject","inLanguage":"it-IT","@id":"https:\/\/www.rassegnastampa-totustuus.it\/cattolica\/linquisizione-medioevale\/#primaryimage","url":"https:\/\/www.rassegnastampa-totustuus.it\/cattolica\/wp-content\/uploads\/2005\/08\/inquisizione.jpg","contentUrl":"https:\/\/www.rassegnastampa-totustuus.it\/cattolica\/wp-content\/uploads\/2005\/08\/inquisizione.jpg","width":269,"height":187},{"@type":"BreadcrumbList","@id":"https:\/\/www.rassegnastampa-totustuus.it\/cattolica\/linquisizione-medioevale\/#breadcrumb","itemListElement":[{"@type":"ListItem","position":1,"name":"Home","item":"https:\/\/www.rassegnastampa-totustuus.it\/cattolica\/"},{"@type":"ListItem","position":2,"name":"L&#8217;Inquisizione medioevale"}]},{"@type":"WebSite","@id":"https:\/\/www.rassegnastampa-totustuus.it\/cattolica\/#website","url":"https:\/\/www.rassegnastampa-totustuus.it\/cattolica\/","name":"Rassegna Stampa Cattolica","description":"Per una cultura che nasce dalla Rivelazione cristiana in conformit\u00e0 alla tradizione e al Magistero della Chiesa in opposizione ad ogni relativismo e totalitarismo","publisher":{"@id":"https:\/\/www.rassegnastampa-totustuus.it\/cattolica\/#organization"},"alternateName":"Rass. Cattolica","potentialAction":[{"@type":"SearchAction","target":{"@type":"EntryPoint","urlTemplate":"https:\/\/www.rassegnastampa-totustuus.it\/cattolica\/?s={search_term_string}"},"query-input":{"@type":"PropertyValueSpecification","valueRequired":true,"valueName":"search_term_string"}}],"inLanguage":"it-IT"},{"@type":"Organization","@id":"https:\/\/www.rassegnastampa-totustuus.it\/cattolica\/#organization","name":"Rassegna Stampa Cattolica","url":"https:\/\/www.rassegnastampa-totustuus.it\/cattolica\/","logo":{"@type":"ImageObject","inLanguage":"it-IT","@id":"https:\/\/www.rassegnastampa-totustuus.it\/cattolica\/#\/schema\/logo\/image\/","url":"https:\/\/www.rassegnastampa-totustuus.it\/cattolica\/wp-content\/uploads\/2014\/04\/logo-rassegna1.gif","contentUrl":"https:\/\/www.rassegnastampa-totustuus.it\/cattolica\/wp-content\/uploads\/2014\/04\/logo-rassegna1.gif","width":600,"height":163,"caption":"Rassegna Stampa Cattolica"},"image":{"@id":"https:\/\/www.rassegnastampa-totustuus.it\/cattolica\/#\/schema\/logo\/image\/"},"sameAs":["https:\/\/www.facebook.com\/rassegnastampacattolica","https:\/\/x.com\/rassegnastampa9"]},{"@type":"Person","@id":"https:\/\/www.rassegnastampa-totustuus.it\/cattolica\/#\/schema\/person\/08f319d2bd1a0904ad9e2bfb7b15e5c3","name":"Redazione","image":{"@type":"ImageObject","inLanguage":"it-IT","@id":"https:\/\/secure.gravatar.com\/avatar\/2fcdf27c78ea025fbdb44e914cc63c72249ffec9dc8aafd5c82b26240ef3f346?s=96&d=mm&r=g","url":"https:\/\/secure.gravatar.com\/avatar\/2fcdf27c78ea025fbdb44e914cc63c72249ffec9dc8aafd5c82b26240ef3f346?s=96&d=mm&r=g","contentUrl":"https:\/\/secure.gravatar.com\/avatar\/2fcdf27c78ea025fbdb44e914cc63c72249ffec9dc8aafd5c82b26240ef3f346?s=96&d=mm&r=g","caption":"Redazione"},"url":"https:\/\/www.rassegnastampa-totustuus.it\/cattolica\/author\/pietroelle\/"}]}},"_links":{"self":[{"href":"https:\/\/www.rassegnastampa-totustuus.it\/cattolica\/wp-json\/wp\/v2\/posts\/1207","targetHints":{"allow":["GET"]}}],"collection":[{"href":"https:\/\/www.rassegnastampa-totustuus.it\/cattolica\/wp-json\/wp\/v2\/posts"}],"about":[{"href":"https:\/\/www.rassegnastampa-totustuus.it\/cattolica\/wp-json\/wp\/v2\/types\/post"}],"author":[{"embeddable":true,"href":"https:\/\/www.rassegnastampa-totustuus.it\/cattolica\/wp-json\/wp\/v2\/users\/6"}],"replies":[{"embeddable":true,"href":"https:\/\/www.rassegnastampa-totustuus.it\/cattolica\/wp-json\/wp\/v2\/comments?post=1207"}],"version-history":[{"count":5,"href":"https:\/\/www.rassegnastampa-totustuus.it\/cattolica\/wp-json\/wp\/v2\/posts\/1207\/revisions"}],"predecessor-version":[{"id":48130,"href":"https:\/\/www.rassegnastampa-totustuus.it\/cattolica\/wp-json\/wp\/v2\/posts\/1207\/revisions\/48130"}],"wp:featuredmedia":[{"embeddable":true,"href":"https:\/\/www.rassegnastampa-totustuus.it\/cattolica\/wp-json\/wp\/v2\/media\/27182"}],"wp:attachment":[{"href":"https:\/\/www.rassegnastampa-totustuus.it\/cattolica\/wp-json\/wp\/v2\/media?parent=1207"}],"wp:term":[{"taxonomy":"category","embeddable":true,"href":"https:\/\/www.rassegnastampa-totustuus.it\/cattolica\/wp-json\/wp\/v2\/categories?post=1207"},{"taxonomy":"post_tag","embeddable":true,"href":"https:\/\/www.rassegnastampa-totustuus.it\/cattolica\/wp-json\/wp\/v2\/tags?post=1207"}],"curies":[{"name":"wp","href":"https:\/\/api.w.org\/{rel}","templated":true}]}}