{"id":1203,"date":"2005-08-23T11:04:32","date_gmt":"2005-08-23T09:04:32","guid":{"rendered":""},"modified":"2016-04-07T13:01:12","modified_gmt":"2016-04-07T11:01:12","slug":"la-conta-delle-streghe","status":"publish","type":"post","link":"https:\/\/www.rassegnastampa-totustuus.it\/cattolica\/la-conta-delle-streghe\/","title":{"rendered":"La conta delle streghe"},"content":{"rendered":"<div style=\"text-align: center;\"><img loading=\"lazy\" decoding=\"async\" class=\"alignright wp-image-32539\" src=\"https:\/\/www.rassegnastampa-totustuus.it\/cattolica\/wp-content\/uploads\/2005\/08\/streghe_rogo.jpg\" alt=\"streghe_rogo\" width=\"250\" height=\"187\" \/>Articolo pubblicato su <strong>Il Sabato<\/strong><\/div>\n<div style=\"text-align: center;\">del 28 aprile 1990<\/div>\n<p style=\"text-align: center;\">di <strong>Antonio Socci<\/strong><\/p>\n<p style=\"text-align: justify;\">Preferivo (\u2026) esser consegnato ai selvaggi e mangiato vivo piuttosto che cadere negli artigli spietati dei preti ed essere trascinato davanti all\u2019Inquisizione\u00bb. E\u2019 una paginetta di <em>Robinson Crusoe<\/em> di Daniel Defoe, che fu il breviario della borghesia britannica ed europea. Una borghesia rapace, lanciata nella conquista coloniale, nella riesumazione del pi\u00f9 feroce schiavismo e nella pratica sistematica del genocidio: dall\u2019India alle praterie dei pellerossa americani, agli indigeni australiani. Ma che nei suoi salotti raffinati fremeva indignata al sentir parlare del Sant\u2019Uffizio.<\/p>\n<p><!--more--><\/p>\n<div style=\"text-align: justify;\">Ricordate la \u00ableggenda nera\u00bb dell\u2019Inquisizione? E la crudele follia degli inquisitori, aguzzini per vocazione, belve assetate di sangue? Da almeno due secolo, come un macabro ritornello grava sulla Chiesa questa colpa storica. Ebbene: \u00abil XX secolo si appresta a lasciare in eredit\u00e0 al terzo millennio che s\u2019apre un\u2019immagine sorprendentemente nuova dei tribunali come quelli inquisitoriali, tradizionalmente relegati dal nostro immaginario collettivo agli orrori del fanatismo clericale\u00bb.<\/div>\n<p style=\"text-align: justify;\">Lo scrive Giovani Romeo, storico, docente all\u2019Universit\u00e0 di Napoli e autore del libro <em>Inquisitori, esorcisti e streghe (nell\u2019Italia della Controriforma)<\/em>, uscito di recente da Sansoni.Per gli specialisti, ormai, \u00e8 un\u2019acquisizione pacifica. Si cominci\u00f2 negli anni Sessanta, quando due studiosi francesi nel volume <em>L\u2019Inquisition<\/em> arrivarono alla conclusione che \u00abil Sant\u2019Uffizio era talvolta l\u2019organismo pi\u00f9 obbiettivo della sua epoca\u00bb.<\/p>\n<p style=\"text-align: justify;\">La rivista <em>Critica storica<\/em> ha scritto addirittura che con gli anni e il boom delle ricerche d\u2019archivio si \u00e8 \u00abcontinuato ripetendo continuamente elogi sulla razionalit\u00e0 delle procedure e sulla mitezza dei tribunali dell\u2019Inquisizione\u00bb. Scoperta non pi\u00f9 come un\u2019entit\u00e0 demoniaca quanto come \u00abuna istituzione dotata di regole razionali e capace all\u2019occorrenza di moderare l\u2019uso della tortura e di scoraggiare denuncie e delazioni\u00bb.<\/p>\n<p style=\"text-align: justify;\">Luigi Firpo, lo storico pi\u00f9 laicista d\u2019Italia, a cui il cardinale Ratzinger volle aprire le porte dell\u2019Archivio dell\u2019ex Sant\u2019Uffizio, arriv\u00f2 a dichiarare: \u00abDavanti a quel tribunale, pi\u00f9 che dei colpevoli di reai di opinione, dei paladinio della libert\u00e0 di pensiero, comparvero delinquenti comuni, persone colpevoli di atti che anche il diritto moderno considererebbe reati\u2026 Gli Ucciardone e le Rebibbia di oggi sono vere bolge infernali rispetto alle troppo diffamate celle dell\u2019Inquisizione\u2026 era per esempio prescritto che le lenzuola e federe si cambiassero due volte la settimana: roba da grande albergo (\u2026). Una volta al mese i cardinali responsabili dovevano ricevere uno a uno i prigionieri per sapere di cosa avessero bisogno\u00bb.<\/p>\n<p style=\"text-align: justify;\">L\u2019inquisizione, naturalmente, non fu un benevolo salotto da raccomandare per piacevoli conversazioni, eppure ide\u00f2 garanzie giuridiche sconosciute ai tribunali laici del tempo (comprese le licenze ai detenuti, che non sono state inventate dal senatore Gozzini). Ma \u00e8 una realt\u00e0 storica pressoch\u00e9 sconosciuta, fuori dalla cerchia degli specialisti.<\/p>\n<p style=\"text-align: justify;\">Vi fu addirittura uno storico che leggendo nelle sentenze \u00abcarcere perpetuo\u00bb intese ergastolo, mentre significava semplicemente tre anni di prigione spesso da scontare in un convento o a casa propria (l\u2019ergastolo \u00e8 una invenzione moderna, della Rivoluzione francese). Ma fuori dalle accademie per specialisti la leggenda nera, da due secoli, continua a imperversare sui libri, mass media, manuali e giornali.<\/p>\n<p style=\"text-align: justify;\">Due secoli dopo Dafoe, un best seller del nostro tempo, <em>Il nome della rosa<\/em>, in omaggio alla superficialit\u00e0, dipinge di nuovo l\u2019inquisitore Bernardo Gui come un torvo e forsennato sanguinario. E\u2019 toccato a Jacques Le Goff, che per la Chiesa non ha mai dimostrato molte simpatie, prendere le distanze dalla falsificazione storica di Eco, che ne caso di Bernardo Gui \u00e8 addirittura scandalosa (<em>cfr<\/em>. Tuttolibri, 18 ottobre 1986) .<\/p>\n<p style=\"text-align: justify;\">Le Goff cita il manuale dell\u2019inquisitore scritto da Bernardo Gui nel XIV secolo, dove emerge una saggezza giuridica e un senso dell\u2019umanit\u00e0 che sono ben rari nelle magistrature: \u00abin mezzo alle difficolt\u00e0 e ai contrasti\u00bb scriveva Gui \u00abl\u2019inquisitore deve mantenere la calma, n\u00e9 mai cedere alla collera e all\u2019indignazione\u2026 Non si lasci commuovere dalle preghiere e dall\u2019offerta di favori da parte di quelli che cercano di piegarlo; ma non per questo egli dev\u2019essere insensibile sino a rifiutare una dilazione oppure un alleggerimento di pena, a seconda delle circostanze e dei luoghi. Nelle questioni dubbie, sia circospetto, non creda facilmente a ci\u00f2 che pare probabile e che spesso non \u00e8 vero. N\u00e9 sia facile a rigettare l\u2019opinione contraria, perch\u00e9 sovente ci\u00f2 che sembra improbabile pu\u00f2 risultare vero. Egli deve ascoltare, discutere e sottoporre a un diligente esame ogni cosa, al fine di raggiungere la verit\u00e0. Che l\u2019amore della verit\u00e0 e la piet\u00e0, le quali devono sempre albergare nel cuore di un giudice, brillino dinanzi al suo sguardo, sicch\u00e9 le sue decisioni non abbiano giammai ad apparire dettate dalla cupidigia o dalla crudelt\u00e0\u00bb.<\/p>\n<p style=\"text-align: justify;\">All\u2019avanguardia negli studi \u00e8 stato lo storico danese Gustav Henningsen, autore di un importante saggio sulla figura dell\u2019inquisitore spagnolo Alonso de Salazar F\u00ecas. Il libro, uscito negli Usa nel 1980, \u00e8 stato finalmente tradotto in Italia da Garzanti che l\u2019ha mandato in libreria proprio in questi giorni: <em>L\u2019avvocato delle streghe (eretici e inquisitori nella Spagna del Seicento)<\/em> (pagg. 368, L.39.000).<\/p>\n<p style=\"text-align: justify;\">Quale la sua tesi? Innanzitutto che il Medioevo cristiano fu immune dalla follia criminale della caccia alle streghe. Per pi\u00f9 di mille anni, per tutti i cosiddetti \u00absecoli bui\u00bb, non esistono n\u00e9 cacce, n\u00e9 roghi di streghe: il pronunciamento della Chiesa, che fa testo per tutto il Medioevo, su quel fenomeno \u00e8 il <em>Canon episcopi<\/em>, attribuito al Concilio di Ancira del 314d.C., che dissolve con tolleranza, scetticismo e perfino ironia tutte le tenebrose superstizioni &#8211; comprese le streghe &#8211; che le popolazioni europee avevano ereditato dall\u2019antichit\u00e0 pagana.<\/p>\n<p style=\"text-align: justify;\">L\u2019ossessione sanguinaria della caccia alle streghe \u00e8 un fenomeno tutto moderno: comincia sul finire del 1400 e prosegue per un paio di secoli, soprattutto nei Paesi protestanti. Tra gli ultimi tragici episodi vi \u00e8 quello di Salem, nel New England, la terra nuova della tolleranza protestante e dei diritti dell\u2019uomo, dove furono bruciate venti presunte streghe. \u00abNon devono avere alcuna compassione per queste malvagie, vorrei bruciarle tutte\u00bb sentenziava Martin Luero. Calvino poi, nella sua Ginevra, fu un vero piromane. Il regno di terrore non colpiva solo i cattolici e i dissidenti. Michelet ha scritto che nel 1513, in soli tre mesi, bruciarono 500 streghe.<\/p>\n<p style=\"text-align: justify;\">Il mondo protestante fu davvero scatenato nei confronti delle streghe. Con l\u2019ossessione del demoniaco e del male irredimibile, la Riforma produsse \u00abeffetti dilanianti per le coscienze religiose dell\u2019epoca, aumentando enormemente il senso di insicurezza personale e collettiva\u00bb (M. Romanello) Il Romeo scrive che \u00able autorit\u00e0 dell\u2019Inquisizione romana (cattolica) evitarono una persecuzione sanguinosa della stregoneria, non solo perch\u00e9 non erano convinte sino in fondo della realt\u00e0 della setta delle streghe e dei loro crimini, ma anche perch\u00e9, soprattutto nel tardo \u2018500, sapevano di poter contare sulla rinnovata presenza di un sofisticato apparato protettivo\u00bb.<\/p>\n<p style=\"text-align: justify;\">Pi\u00f9 avanti si legge: \u00abLe perplessit\u00e0 dei pi\u00f9 autorevoli esponenti della Chiesa e dell\u2019Inquisizione romana di fine \u2018500 non trovarono riscontro negli atteggiamenti delle Chiese protestanti degli stessi anni. In queste ultime prevale, rinfocolato anche dal fondamentalismo biblico che le caratterizza, lo zelo intransigente, la propensione al bagno di sangue purificatore. E la distruzione della rete protettiva assicurata dal cristianesimo tradizionale potrebbe aver contribuito in maniera determinante ad innescare le spinte persecutorie\u00bb.<\/p>\n<p style=\"text-align: justify;\">In quegli anni i protestanti lanciavano accuse di fuoco contro la moderazione del Sant\u2019Uffizio, esibita come prova della complicit\u00e0 ella Chiesa di Roma con le streghe: anche i cattolici insomma erano accusati di \u00abmagia\u00bb. Nei secoli successivi la Chiesa si \u00e8 vista imputare anche gran parte dei crimini e dei roghi allestiti dai protestanti. Come fece il ottobre 1985 Hans K\u00fcng su <em>Repubblica<\/em> che rivelo: \u00abFurono circa nove milioni le vittime dei processi contro le streghe\u00bb (gli storici parlano di 20-30 mila condanne).<\/p>\n<p style=\"text-align: justify;\">Certo si tratt\u00f2 di un\u2019ossessione collettiva che insanguin\u00f2 tutta l\u2019Europa. Un massacro abominevole in cui anche i cattolici ebbero le loro colpe. Ma fra i pi\u00f9 convinti fomentatori di questa ossessione criminale vi furono proprio le \u00e9lite intellettuali del tempo. Alcuni nomi? Coke, Bacone e Releigh, i cervelli della Rivoluzione inglese. E poi Boyle, Ugo Grozio e Cartesio. Il fior fiore della cultura laica del tempo: \u00abSe questi due secoli\u00bb scrive Trevor-Roper \u00abfurono un\u2019epoca di lumi dobbiamo ammettere che, sotto un certo aspetto, l\u2019epoca delle tenebre fu pi\u00f9 civile\u00bb. Hobbes, nel <em>Leviatano<\/em> arriv\u00f2 ripetutamente ad assimilare maghi, streghe e cattolici.<\/p>\n<p style=\"text-align: justify;\">\u00abTutta la cultura dell\u2019epoca\u00bb scrive Giorgio Galli \u00absi schiera per la prosecuzione della caccia, che in Inghilterra tocca il culmine proprio nel periodo della Rivoluzione con Matthew Hopkins come grande cacciatore, a conferma della connessione tra persecuzione e affermazione della democrazia parlamentare e rapprersentativa\u00bb. Il campione intellettuale della caccia alle streghe fu per\u00f2 Jean Bodin, il quale oggi \u00e8 ritenuto il pensatore politico dello Stato moderno e il teorico della tolleranza religiosa.<\/p>\n<p style=\"text-align: justify;\">Bodin fu l\u2019autore di un manuale giudiziario per la tortura e lo sterminio delle streghe, la <em>D\u00e9monomanie<\/em>, del 1580. Fa un certo effetto paragonare la furia sanguinaria di questi intellettuali moderni alla moderazione illuminata di uomini come Don Alonso de Salazar Fr\u00ecas.<\/p>\n<p style=\"text-align: justify;\">Dal libro di Henningsen si apprende che, contrariamente a tutte le istituzioni giudiziarie del tempo, l\u2019Inquisizione non usava normalmente la tortura. Questo non solo perch\u00e9 \u00abEcclesia abhorret a sanguine\u00bb, ma anche perch\u00e9 \u00abl\u2019Inquisizione si mostrava scettica sul valore della tortura come mezzo per ottenere prove\u00bb.<\/p>\n<p style=\"text-align: justify;\">L\u2019inquisizione che, fra l\u2019altro, non comminava la morte, perch\u00e9 \u00abnon aveva il potere di eseguire il rogo degli eretici\u00bb (Henningsen) introdusse insomma &#8211; dicono oggi gli storici &#8211; un potente principio di trasparenza, di moderazione e &#8211; come pot\u00e9 &#8211; di diritto dove il potere politico e il popolo intendevano procedere a giustizia sommaria ed esemplare. \u00abDi fatto\u00bb scrive Henningsen \u00abla popolazione cattolica non odiava, n\u00e9 temeva il Sant\u2019Uffizio quanto molti storici hanno voluto farci credere.<\/p>\n<p style=\"text-align: justify;\">La gran maggioranza doveva considerare l\u2019Inquisizione come un baluardo contro l\u2019eresia che minacciava la societ\u00e0 dall\u2019interno e dall\u2019esterno. Gli inquisitori non erano mostri, n\u00e9 torturatori, ma teologi e giuristi, spesso rispettati e stimati. In maggioranza erano religiosi che avevano preso gli ordini. Molti avevano iniziato la loro carriera come sacerdoti o monaci ed avevano alle spalle lunghi anni di studi teologici\u00bb.<\/p>\n<p style=\"text-align: justify;\">In Italia, Spagna e Portogallo dunque la caccia alle streghe inizi\u00f2 con pi\u00f9 moderazione del resto d\u2019Europa e molto presto il gi\u00e0 iniziale scetticismo del Sant\u2019Uffizio divenne una vera e propria barriera di regole che soffoc\u00f2 questa ossessione.<\/p>\n<p style=\"text-align: center;\">_____________________<\/p>\n<p style=\"text-align: center;\"><strong>DIZIONARIO<\/strong><\/p>\n<p style=\"text-align: center;\"><strong style=\"font-size: 12px;\">Sabba e bugie<\/strong><\/p>\n<p style=\"text-align: justify;\"><strong>INQUISIZIONE.<\/strong> Nasce Dopo il Concilio di Tous del 1163 per cercare (inquisire) e persuadere i cattolici che avevano abbracciato un credo eretico a tornare alla fede della Chiesa. Fu affidata prima ai vescovi, poi ai monaci cistercensi, e infine nel 1235 e nel 1246 ai nuovi ordini mendicanti, domenicani e francescani.<\/p>\n<p style=\"text-align: justify;\">L\u2019inquisizione romana, detta &#8220;Congregazione del Sant\u2019Uffizio&#8221; viene istituita invece da Paolo III il 21 luglio 1542 con la bolla <em>Licet ad initio<\/em>, ma viene organizzata soprattutto da Sisto V con la bolla <em>Immensa aeterni <\/em>del 22 gennaio 1588. Nasce sopratutto per sottrarre al potere politico dei sovrani cattolici l\u2019uso dei procedimenti di fede per scopi politici. Segna il passaggio dalla procedura d\u2019accusa a una procedura d\u2019inchiesta, ma talora degenera macchiandosi di aberrazioni gravi.<\/p>\n<p style=\"text-align: justify;\">Il Sant\u2019Uffizio viene definitivamente abolito il 7 dicembre 1965, alla fine del Concilio Vaticano II che istituisce al suo posto la Congregazione per la dottrina della fede. Quasi sconosciuto \u00e8 il modo (ed i protagonisti) che portarono alla sua abolizione. Il grande cardinal Henri De Lubac l\u2019ha raccontato in una intervista: \u00abRatzinger, esperto al Concilio, era anche il segretario privato del cardinale Frings, arcivescovo di Colonia.<\/p>\n<p style=\"text-align: justify;\">Il vecchio cardinale, ormai cieco, si serviva completamente di lui per la stesura dei suoi interventi. Uno di quegli interventi rester\u00e0, credo, memorabile: era una critica pacata ma radicale, dei metodi del Sant\u2019Uffizio. Malgrado una replica del cardinal Ottavini, Frings conferm\u00f2 la sua critica. Non \u00e8 esagerato dire che l\u2019immagine pubblica del vecchio Sant\u2019Uffizio \u00e8 stata distrutta da Ratzinger e dal suo arcivescovo. Il cardinal Seper, un uomo pieno di bont\u00e0, ha iniziato il rinnovamento; Ratzinger ora lo continua\u00bb<\/p>\n<p style=\"text-align: justify;\"><strong>STREGA.<\/strong> Da &#8220;strix&#8221;, civetta. Donna (o uomo, stregone) in commercio con il demonio per operare malefici sulle cose e le persone.<\/p>\n<p style=\"text-align: justify;\"><strong>CACCIA ALLE STREGHE.<\/strong> Nel 1489 esce il <em>Malleus maleficarum <\/em>uno dei pi\u00f9 celebri testi per la caccia alle streghe. Ne sono autori i religiosi Henricus Institoris e Jakob Sprenger. Il periodo cruciale della caccia alle streghe che insanguin\u00f2 tutta Europa \u00e8 tra il 1560 e il 1620. L\u2019Italia cattolica, dove Roma aveva un\u2019influenza diretta, ne fu quasi totalmente immune.<\/p>\n<p style=\"text-align: justify;\"><strong>PREGIUDIZI.<\/strong> Scrive Alain Besan\u00e7on della scuola degli <em>Annales<\/em>: \u00abDurante il Medioevo il sabba non \u00e8 che una festa pagana minoe, un innocente carnevale di servi\u00bb. Dopo il Medioevo, razionalista cattolico e tollerante, il Rinascimento segna il dilagare della cultura ermetica, occultista, esoterica con un mare di superstizioni che investono l\u2019immaginario popolare.<\/p>\n<p style=\"text-align: justify;\">Nel 1688 il ministro presbiteriano inglese Robert Kirk scrive un trattato, <em>Il regno segreto<\/em>, su Elfi, Fauni, Fairios\u2026 Mario M. Rossi si chiede \u00abcome mai un ministro della presbiteriana Scozia, alla fine del Seicento (secolo in cui inizia, dicono, la scienza moderna) ed all\u2019alba del Settecento (il &#8220;secolo dei lumi&#8221;) poteva credere alle fate?\u00bb.<\/p>\n<p style=\"text-align: justify;\"><strong>SABBA. <\/strong>Riunione notturna di streghe e stregoni che giungevano a volo per celebrare il diavolo. Nel <em>Faust <\/em>di Goethe i numi e gli spirito del mondo ellenistico si danno convegno sui monti della Tessaglia. In epoca romantica il luogo deputato per il convegno orgiastico di stregoni e demoni \u00e8 il Blocheberg nella notte di santa Valpurga, fra 30 aprile e primo maggio. Sulla realt\u00e0 dei sabba i pi\u00f9 scettici furono i cardinali del Sant\u2019Uffizio. Molti intellettuali, come Bodin, dopo aver sentito le confessioni concordanti delle streghe ne erano certi. Piero Camporesi, ne <em>Il pane selvaggio<\/em> ha avanzato l\u2019ipotesi che si trattasse di esperienze oniriche e che fossero legate all\u2019uso (anche involontario) di sostanze stupefacenti.<\/p>\n<p style=\"text-align: justify;\"><strong>ABBAGLIO.<\/strong> Oggi si giudica la &#8220;caccia alle streghe&#8221; come un folle &#8220;abbaglio collettivo&#8221;. Il primo a formulare questa idea, con la sua solita altezzosa protervia, \u00e8 stato Voltaire nel <em>Dizionario Filosofico<\/em>: \u00abIn Europa sono state mandate a morte pi\u00f9 di centomila streghe. Infine la filosofia da sola ha guarito gli uomini da questa abominevole chimera e ha insegnato ai giudici che non \u00e8 il caso di bruciare gli imbecilli\u00bb. Voltaire dimentica per\u00f2 di dire che \u00e8 proprio l\u2019alba dell\u2019epoca &#8220;filosofica&#8221;, il Rinascimento, a scarne la caccia. Ed \u00e8 stata appunto la cultura superiore tecnico-filosofica a schiacciare quella \u00abcultura marginale\u00bb.<\/p>\n","protected":false},"excerpt":{"rendered":"<p>Articolo pubblicato su Il Sabato del 28 aprile 1990 di Antonio Socci Preferivo (\u2026) esser consegnato ai selvaggi e mangiato vivo piuttosto che cadere negli artigli spietati dei preti ed essere trascinato davanti all\u2019Inquisizione\u00bb. E\u2019 una paginetta di Robinson Crusoe di Daniel Defoe, che fu il breviario della borghesia britannica ed europea. Una borghesia rapace, &hellip; <\/p>\n<p><a class=\"more-link btn\" href=\"https:\/\/www.rassegnastampa-totustuus.it\/cattolica\/la-conta-delle-streghe\/\">Continua a leggere<\/a><\/p>\n","protected":false},"author":6,"featured_media":32539,"comment_status":"closed","ping_status":"open","sticky":false,"template":"","format":"standard","meta":{"footnotes":""},"categories":[93,95,24],"tags":[468,2405,907],"class_list":["post-1203","post","type-post","status-publish","format-standard","has-post-thumbnail","hentry","category-inquisizione","category-riforma","category-storia","tag-inquisizione-2","tag-riforma","tag-streghe","item-wrap"],"yoast_head":"<!-- This site is optimized with the Yoast SEO plugin v27.5 - https:\/\/yoast.com\/product\/yoast-seo-wordpress\/ -->\n<title>La conta delle streghe - Rassegna Stampa Cattolica<\/title>\n<meta name=\"description\" content=\"Rassegna Stampa Cattolica - Per una cultura che nasce dalla Rivelazione cristiana in conformit\u00e0 alla tradizione e al Magistero della Chiesa in opposizione ad ogni relativismo e totalitarismo\" \/>\n<meta name=\"robots\" content=\"index, follow, max-snippet:-1, max-image-preview:large, max-video-preview:-1\" \/>\n<link rel=\"canonical\" href=\"https:\/\/www.rassegnastampa-totustuus.it\/cattolica\/la-conta-delle-streghe\/\" \/>\n<meta property=\"og:locale\" content=\"it_IT\" \/>\n<meta property=\"og:type\" content=\"article\" \/>\n<meta property=\"og:title\" content=\"La conta delle streghe - Rassegna Stampa Cattolica\" \/>\n<meta property=\"og:description\" content=\"Rassegna Stampa Cattolica - Per una cultura che nasce dalla Rivelazione cristiana in conformit\u00e0 alla tradizione e al Magistero della Chiesa in opposizione ad ogni relativismo e totalitarismo\" \/>\n<meta property=\"og:url\" content=\"https:\/\/www.rassegnastampa-totustuus.it\/cattolica\/la-conta-delle-streghe\/\" \/>\n<meta property=\"og:site_name\" content=\"Rassegna Stampa Cattolica\" \/>\n<meta property=\"article:publisher\" content=\"https:\/\/www.facebook.com\/rassegnastampacattolica\" \/>\n<meta property=\"article:published_time\" content=\"2005-08-23T09:04:32+00:00\" \/>\n<meta property=\"article:modified_time\" content=\"2016-04-07T11:01:12+00:00\" \/>\n<meta property=\"og:image\" content=\"https:\/\/www.rassegnastampa-totustuus.it\/cattolica\/wp-content\/uploads\/2005\/08\/streghe_rogo.jpg\" \/>\n\t<meta property=\"og:image:width\" content=\"259\" \/>\n\t<meta property=\"og:image:height\" content=\"194\" \/>\n\t<meta property=\"og:image:type\" content=\"image\/jpeg\" \/>\n<meta name=\"author\" content=\"Redazione\" \/>\n<meta name=\"twitter:card\" content=\"summary_large_image\" \/>\n<meta name=\"twitter:creator\" content=\"@rassegnastampa9\" \/>\n<meta name=\"twitter:site\" content=\"@rassegnastampa9\" \/>\n<meta name=\"twitter:label1\" content=\"Scritto da\" \/>\n\t<meta name=\"twitter:data1\" content=\"Redazione\" \/>\n\t<meta name=\"twitter:label2\" content=\"Tempo di lettura stimato\" \/>\n\t<meta name=\"twitter:data2\" content=\"12 minuti\" \/>\n<script type=\"application\/ld+json\" class=\"yoast-schema-graph\">{\"@context\":\"https:\\\/\\\/schema.org\",\"@graph\":[{\"@type\":\"Article\",\"@id\":\"https:\\\/\\\/www.rassegnastampa-totustuus.it\\\/cattolica\\\/la-conta-delle-streghe\\\/#article\",\"isPartOf\":{\"@id\":\"https:\\\/\\\/www.rassegnastampa-totustuus.it\\\/cattolica\\\/la-conta-delle-streghe\\\/\"},\"author\":{\"name\":\"Redazione\",\"@id\":\"https:\\\/\\\/www.rassegnastampa-totustuus.it\\\/cattolica\\\/#\\\/schema\\\/person\\\/08f319d2bd1a0904ad9e2bfb7b15e5c3\"},\"headline\":\"La conta delle streghe\",\"datePublished\":\"2005-08-23T09:04:32+00:00\",\"dateModified\":\"2016-04-07T11:01:12+00:00\",\"mainEntityOfPage\":{\"@id\":\"https:\\\/\\\/www.rassegnastampa-totustuus.it\\\/cattolica\\\/la-conta-delle-streghe\\\/\"},\"wordCount\":2387,\"publisher\":{\"@id\":\"https:\\\/\\\/www.rassegnastampa-totustuus.it\\\/cattolica\\\/#organization\"},\"image\":{\"@id\":\"https:\\\/\\\/www.rassegnastampa-totustuus.it\\\/cattolica\\\/la-conta-delle-streghe\\\/#primaryimage\"},\"thumbnailUrl\":\"https:\\\/\\\/www.rassegnastampa-totustuus.it\\\/cattolica\\\/wp-content\\\/uploads\\\/2005\\\/08\\\/streghe_rogo.jpg\",\"keywords\":[\"inquisizione\",\"Riforma\",\"streghe\"],\"articleSection\":[\"Inquisizione\",\"Riforma\",\"Storia\"],\"inLanguage\":\"it-IT\"},{\"@type\":\"WebPage\",\"@id\":\"https:\\\/\\\/www.rassegnastampa-totustuus.it\\\/cattolica\\\/la-conta-delle-streghe\\\/\",\"url\":\"https:\\\/\\\/www.rassegnastampa-totustuus.it\\\/cattolica\\\/la-conta-delle-streghe\\\/\",\"name\":\"La conta delle streghe - Rassegna Stampa Cattolica\",\"isPartOf\":{\"@id\":\"https:\\\/\\\/www.rassegnastampa-totustuus.it\\\/cattolica\\\/#website\"},\"primaryImageOfPage\":{\"@id\":\"https:\\\/\\\/www.rassegnastampa-totustuus.it\\\/cattolica\\\/la-conta-delle-streghe\\\/#primaryimage\"},\"image\":{\"@id\":\"https:\\\/\\\/www.rassegnastampa-totustuus.it\\\/cattolica\\\/la-conta-delle-streghe\\\/#primaryimage\"},\"thumbnailUrl\":\"https:\\\/\\\/www.rassegnastampa-totustuus.it\\\/cattolica\\\/wp-content\\\/uploads\\\/2005\\\/08\\\/streghe_rogo.jpg\",\"datePublished\":\"2005-08-23T09:04:32+00:00\",\"dateModified\":\"2016-04-07T11:01:12+00:00\",\"description\":\"Rassegna Stampa Cattolica - Per una cultura che nasce dalla Rivelazione cristiana in conformit\u00e0 alla tradizione e al Magistero della Chiesa in opposizione ad ogni relativismo e totalitarismo\",\"breadcrumb\":{\"@id\":\"https:\\\/\\\/www.rassegnastampa-totustuus.it\\\/cattolica\\\/la-conta-delle-streghe\\\/#breadcrumb\"},\"inLanguage\":\"it-IT\",\"potentialAction\":[{\"@type\":\"ReadAction\",\"target\":[\"https:\\\/\\\/www.rassegnastampa-totustuus.it\\\/cattolica\\\/la-conta-delle-streghe\\\/\"]}]},{\"@type\":\"ImageObject\",\"inLanguage\":\"it-IT\",\"@id\":\"https:\\\/\\\/www.rassegnastampa-totustuus.it\\\/cattolica\\\/la-conta-delle-streghe\\\/#primaryimage\",\"url\":\"https:\\\/\\\/www.rassegnastampa-totustuus.it\\\/cattolica\\\/wp-content\\\/uploads\\\/2005\\\/08\\\/streghe_rogo.jpg\",\"contentUrl\":\"https:\\\/\\\/www.rassegnastampa-totustuus.it\\\/cattolica\\\/wp-content\\\/uploads\\\/2005\\\/08\\\/streghe_rogo.jpg\",\"width\":259,\"height\":194},{\"@type\":\"BreadcrumbList\",\"@id\":\"https:\\\/\\\/www.rassegnastampa-totustuus.it\\\/cattolica\\\/la-conta-delle-streghe\\\/#breadcrumb\",\"itemListElement\":[{\"@type\":\"ListItem\",\"position\":1,\"name\":\"Home\",\"item\":\"https:\\\/\\\/www.rassegnastampa-totustuus.it\\\/cattolica\\\/\"},{\"@type\":\"ListItem\",\"position\":2,\"name\":\"La conta delle streghe\"}]},{\"@type\":\"WebSite\",\"@id\":\"https:\\\/\\\/www.rassegnastampa-totustuus.it\\\/cattolica\\\/#website\",\"url\":\"https:\\\/\\\/www.rassegnastampa-totustuus.it\\\/cattolica\\\/\",\"name\":\"Rassegna Stampa Cattolica\",\"description\":\"Per una cultura che nasce dalla Rivelazione cristiana in conformit\u00e0 alla tradizione e al Magistero della Chiesa in opposizione ad ogni relativismo e totalitarismo\",\"publisher\":{\"@id\":\"https:\\\/\\\/www.rassegnastampa-totustuus.it\\\/cattolica\\\/#organization\"},\"alternateName\":\"Rass. Cattolica\",\"potentialAction\":[{\"@type\":\"SearchAction\",\"target\":{\"@type\":\"EntryPoint\",\"urlTemplate\":\"https:\\\/\\\/www.rassegnastampa-totustuus.it\\\/cattolica\\\/?s={search_term_string}\"},\"query-input\":{\"@type\":\"PropertyValueSpecification\",\"valueRequired\":true,\"valueName\":\"search_term_string\"}}],\"inLanguage\":\"it-IT\"},{\"@type\":\"Organization\",\"@id\":\"https:\\\/\\\/www.rassegnastampa-totustuus.it\\\/cattolica\\\/#organization\",\"name\":\"Rassegna Stampa Cattolica\",\"url\":\"https:\\\/\\\/www.rassegnastampa-totustuus.it\\\/cattolica\\\/\",\"logo\":{\"@type\":\"ImageObject\",\"inLanguage\":\"it-IT\",\"@id\":\"https:\\\/\\\/www.rassegnastampa-totustuus.it\\\/cattolica\\\/#\\\/schema\\\/logo\\\/image\\\/\",\"url\":\"https:\\\/\\\/www.rassegnastampa-totustuus.it\\\/cattolica\\\/wp-content\\\/uploads\\\/2014\\\/04\\\/logo-rassegna1.gif\",\"contentUrl\":\"https:\\\/\\\/www.rassegnastampa-totustuus.it\\\/cattolica\\\/wp-content\\\/uploads\\\/2014\\\/04\\\/logo-rassegna1.gif\",\"width\":600,\"height\":163,\"caption\":\"Rassegna Stampa Cattolica\"},\"image\":{\"@id\":\"https:\\\/\\\/www.rassegnastampa-totustuus.it\\\/cattolica\\\/#\\\/schema\\\/logo\\\/image\\\/\"},\"sameAs\":[\"https:\\\/\\\/www.facebook.com\\\/rassegnastampacattolica\",\"https:\\\/\\\/x.com\\\/rassegnastampa9\"]},{\"@type\":\"Person\",\"@id\":\"https:\\\/\\\/www.rassegnastampa-totustuus.it\\\/cattolica\\\/#\\\/schema\\\/person\\\/08f319d2bd1a0904ad9e2bfb7b15e5c3\",\"name\":\"Redazione\",\"image\":{\"@type\":\"ImageObject\",\"inLanguage\":\"it-IT\",\"@id\":\"https:\\\/\\\/secure.gravatar.com\\\/avatar\\\/2fcdf27c78ea025fbdb44e914cc63c72249ffec9dc8aafd5c82b26240ef3f346?s=96&d=mm&r=g\",\"url\":\"https:\\\/\\\/secure.gravatar.com\\\/avatar\\\/2fcdf27c78ea025fbdb44e914cc63c72249ffec9dc8aafd5c82b26240ef3f346?s=96&d=mm&r=g\",\"contentUrl\":\"https:\\\/\\\/secure.gravatar.com\\\/avatar\\\/2fcdf27c78ea025fbdb44e914cc63c72249ffec9dc8aafd5c82b26240ef3f346?s=96&d=mm&r=g\",\"caption\":\"Redazione\"},\"url\":\"https:\\\/\\\/www.rassegnastampa-totustuus.it\\\/cattolica\\\/author\\\/pietroelle\\\/\"}]}<\/script>\n<!-- \/ Yoast SEO plugin. -->","yoast_head_json":{"title":"La conta delle streghe - Rassegna Stampa Cattolica","description":"Rassegna Stampa Cattolica - Per una cultura che nasce dalla Rivelazione cristiana in conformit\u00e0 alla tradizione e al Magistero della Chiesa in opposizione ad ogni relativismo e totalitarismo","robots":{"index":"index","follow":"follow","max-snippet":"max-snippet:-1","max-image-preview":"max-image-preview:large","max-video-preview":"max-video-preview:-1"},"canonical":"https:\/\/www.rassegnastampa-totustuus.it\/cattolica\/la-conta-delle-streghe\/","og_locale":"it_IT","og_type":"article","og_title":"La conta delle streghe - Rassegna Stampa Cattolica","og_description":"Rassegna Stampa Cattolica - Per una cultura che nasce dalla Rivelazione cristiana in conformit\u00e0 alla tradizione e al Magistero della Chiesa in opposizione ad ogni relativismo e totalitarismo","og_url":"https:\/\/www.rassegnastampa-totustuus.it\/cattolica\/la-conta-delle-streghe\/","og_site_name":"Rassegna Stampa Cattolica","article_publisher":"https:\/\/www.facebook.com\/rassegnastampacattolica","article_published_time":"2005-08-23T09:04:32+00:00","article_modified_time":"2016-04-07T11:01:12+00:00","og_image":[{"width":259,"height":194,"url":"https:\/\/www.rassegnastampa-totustuus.it\/cattolica\/wp-content\/uploads\/2005\/08\/streghe_rogo.jpg","type":"image\/jpeg"}],"author":"Redazione","twitter_card":"summary_large_image","twitter_creator":"@rassegnastampa9","twitter_site":"@rassegnastampa9","twitter_misc":{"Scritto da":"Redazione","Tempo di lettura stimato":"12 minuti"},"schema":{"@context":"https:\/\/schema.org","@graph":[{"@type":"Article","@id":"https:\/\/www.rassegnastampa-totustuus.it\/cattolica\/la-conta-delle-streghe\/#article","isPartOf":{"@id":"https:\/\/www.rassegnastampa-totustuus.it\/cattolica\/la-conta-delle-streghe\/"},"author":{"name":"Redazione","@id":"https:\/\/www.rassegnastampa-totustuus.it\/cattolica\/#\/schema\/person\/08f319d2bd1a0904ad9e2bfb7b15e5c3"},"headline":"La conta delle streghe","datePublished":"2005-08-23T09:04:32+00:00","dateModified":"2016-04-07T11:01:12+00:00","mainEntityOfPage":{"@id":"https:\/\/www.rassegnastampa-totustuus.it\/cattolica\/la-conta-delle-streghe\/"},"wordCount":2387,"publisher":{"@id":"https:\/\/www.rassegnastampa-totustuus.it\/cattolica\/#organization"},"image":{"@id":"https:\/\/www.rassegnastampa-totustuus.it\/cattolica\/la-conta-delle-streghe\/#primaryimage"},"thumbnailUrl":"https:\/\/www.rassegnastampa-totustuus.it\/cattolica\/wp-content\/uploads\/2005\/08\/streghe_rogo.jpg","keywords":["inquisizione","Riforma","streghe"],"articleSection":["Inquisizione","Riforma","Storia"],"inLanguage":"it-IT"},{"@type":"WebPage","@id":"https:\/\/www.rassegnastampa-totustuus.it\/cattolica\/la-conta-delle-streghe\/","url":"https:\/\/www.rassegnastampa-totustuus.it\/cattolica\/la-conta-delle-streghe\/","name":"La conta delle streghe - Rassegna Stampa Cattolica","isPartOf":{"@id":"https:\/\/www.rassegnastampa-totustuus.it\/cattolica\/#website"},"primaryImageOfPage":{"@id":"https:\/\/www.rassegnastampa-totustuus.it\/cattolica\/la-conta-delle-streghe\/#primaryimage"},"image":{"@id":"https:\/\/www.rassegnastampa-totustuus.it\/cattolica\/la-conta-delle-streghe\/#primaryimage"},"thumbnailUrl":"https:\/\/www.rassegnastampa-totustuus.it\/cattolica\/wp-content\/uploads\/2005\/08\/streghe_rogo.jpg","datePublished":"2005-08-23T09:04:32+00:00","dateModified":"2016-04-07T11:01:12+00:00","description":"Rassegna Stampa Cattolica - Per una cultura che nasce dalla Rivelazione cristiana in conformit\u00e0 alla tradizione e al Magistero della Chiesa in opposizione ad ogni relativismo e totalitarismo","breadcrumb":{"@id":"https:\/\/www.rassegnastampa-totustuus.it\/cattolica\/la-conta-delle-streghe\/#breadcrumb"},"inLanguage":"it-IT","potentialAction":[{"@type":"ReadAction","target":["https:\/\/www.rassegnastampa-totustuus.it\/cattolica\/la-conta-delle-streghe\/"]}]},{"@type":"ImageObject","inLanguage":"it-IT","@id":"https:\/\/www.rassegnastampa-totustuus.it\/cattolica\/la-conta-delle-streghe\/#primaryimage","url":"https:\/\/www.rassegnastampa-totustuus.it\/cattolica\/wp-content\/uploads\/2005\/08\/streghe_rogo.jpg","contentUrl":"https:\/\/www.rassegnastampa-totustuus.it\/cattolica\/wp-content\/uploads\/2005\/08\/streghe_rogo.jpg","width":259,"height":194},{"@type":"BreadcrumbList","@id":"https:\/\/www.rassegnastampa-totustuus.it\/cattolica\/la-conta-delle-streghe\/#breadcrumb","itemListElement":[{"@type":"ListItem","position":1,"name":"Home","item":"https:\/\/www.rassegnastampa-totustuus.it\/cattolica\/"},{"@type":"ListItem","position":2,"name":"La conta delle streghe"}]},{"@type":"WebSite","@id":"https:\/\/www.rassegnastampa-totustuus.it\/cattolica\/#website","url":"https:\/\/www.rassegnastampa-totustuus.it\/cattolica\/","name":"Rassegna Stampa Cattolica","description":"Per una cultura che nasce dalla Rivelazione cristiana in conformit\u00e0 alla tradizione e al Magistero della Chiesa in opposizione ad ogni relativismo e totalitarismo","publisher":{"@id":"https:\/\/www.rassegnastampa-totustuus.it\/cattolica\/#organization"},"alternateName":"Rass. Cattolica","potentialAction":[{"@type":"SearchAction","target":{"@type":"EntryPoint","urlTemplate":"https:\/\/www.rassegnastampa-totustuus.it\/cattolica\/?s={search_term_string}"},"query-input":{"@type":"PropertyValueSpecification","valueRequired":true,"valueName":"search_term_string"}}],"inLanguage":"it-IT"},{"@type":"Organization","@id":"https:\/\/www.rassegnastampa-totustuus.it\/cattolica\/#organization","name":"Rassegna Stampa Cattolica","url":"https:\/\/www.rassegnastampa-totustuus.it\/cattolica\/","logo":{"@type":"ImageObject","inLanguage":"it-IT","@id":"https:\/\/www.rassegnastampa-totustuus.it\/cattolica\/#\/schema\/logo\/image\/","url":"https:\/\/www.rassegnastampa-totustuus.it\/cattolica\/wp-content\/uploads\/2014\/04\/logo-rassegna1.gif","contentUrl":"https:\/\/www.rassegnastampa-totustuus.it\/cattolica\/wp-content\/uploads\/2014\/04\/logo-rassegna1.gif","width":600,"height":163,"caption":"Rassegna Stampa Cattolica"},"image":{"@id":"https:\/\/www.rassegnastampa-totustuus.it\/cattolica\/#\/schema\/logo\/image\/"},"sameAs":["https:\/\/www.facebook.com\/rassegnastampacattolica","https:\/\/x.com\/rassegnastampa9"]},{"@type":"Person","@id":"https:\/\/www.rassegnastampa-totustuus.it\/cattolica\/#\/schema\/person\/08f319d2bd1a0904ad9e2bfb7b15e5c3","name":"Redazione","image":{"@type":"ImageObject","inLanguage":"it-IT","@id":"https:\/\/secure.gravatar.com\/avatar\/2fcdf27c78ea025fbdb44e914cc63c72249ffec9dc8aafd5c82b26240ef3f346?s=96&d=mm&r=g","url":"https:\/\/secure.gravatar.com\/avatar\/2fcdf27c78ea025fbdb44e914cc63c72249ffec9dc8aafd5c82b26240ef3f346?s=96&d=mm&r=g","contentUrl":"https:\/\/secure.gravatar.com\/avatar\/2fcdf27c78ea025fbdb44e914cc63c72249ffec9dc8aafd5c82b26240ef3f346?s=96&d=mm&r=g","caption":"Redazione"},"url":"https:\/\/www.rassegnastampa-totustuus.it\/cattolica\/author\/pietroelle\/"}]}},"_links":{"self":[{"href":"https:\/\/www.rassegnastampa-totustuus.it\/cattolica\/wp-json\/wp\/v2\/posts\/1203","targetHints":{"allow":["GET"]}}],"collection":[{"href":"https:\/\/www.rassegnastampa-totustuus.it\/cattolica\/wp-json\/wp\/v2\/posts"}],"about":[{"href":"https:\/\/www.rassegnastampa-totustuus.it\/cattolica\/wp-json\/wp\/v2\/types\/post"}],"author":[{"embeddable":true,"href":"https:\/\/www.rassegnastampa-totustuus.it\/cattolica\/wp-json\/wp\/v2\/users\/6"}],"replies":[{"embeddable":true,"href":"https:\/\/www.rassegnastampa-totustuus.it\/cattolica\/wp-json\/wp\/v2\/comments?post=1203"}],"version-history":[{"count":4,"href":"https:\/\/www.rassegnastampa-totustuus.it\/cattolica\/wp-json\/wp\/v2\/posts\/1203\/revisions"}],"predecessor-version":[{"id":32540,"href":"https:\/\/www.rassegnastampa-totustuus.it\/cattolica\/wp-json\/wp\/v2\/posts\/1203\/revisions\/32540"}],"wp:featuredmedia":[{"embeddable":true,"href":"https:\/\/www.rassegnastampa-totustuus.it\/cattolica\/wp-json\/wp\/v2\/media\/32539"}],"wp:attachment":[{"href":"https:\/\/www.rassegnastampa-totustuus.it\/cattolica\/wp-json\/wp\/v2\/media?parent=1203"}],"wp:term":[{"taxonomy":"category","embeddable":true,"href":"https:\/\/www.rassegnastampa-totustuus.it\/cattolica\/wp-json\/wp\/v2\/categories?post=1203"},{"taxonomy":"post_tag","embeddable":true,"href":"https:\/\/www.rassegnastampa-totustuus.it\/cattolica\/wp-json\/wp\/v2\/tags?post=1203"}],"curies":[{"name":"wp","href":"https:\/\/api.w.org\/{rel}","templated":true}]}}