{"id":118,"date":"2004-11-13T00:00:00","date_gmt":"2004-11-12T23:00:00","guid":{"rendered":""},"modified":"2025-04-06T17:31:09","modified_gmt":"2025-04-06T15:31:09","slug":"gli-inarrestabili-di-allah","status":"publish","type":"post","link":"https:\/\/www.rassegnastampa-totustuus.it\/cattolica\/gli-inarrestabili-di-allah\/","title":{"rendered":"Gli inarrestabili di Allah"},"content":{"rendered":"\n<p class=\"has-text-align-center\">Articolo pubblicato su <strong>Liberal <\/strong>n. 15, dic. 02-gen. 2003<\/p>\n\n\n\n<p><em>Le date testimoniano che l&#8217;Occidente, e non l&#8217;islam, ha avuto un attimo di respiro dal VII secolo al XVIII, subendo l&#8217;incessante assalto delle orde mussulmane<\/em><\/p>\n\n\n\n<p class=\"has-text-align-center\">di <strong><a href=\"https:\/\/rinocammilleri.com\/about\/\" target=\"_blank\" rel=\"noreferrer noopener\">Rino Cammilleri<\/a><\/strong><\/p>\n\n\n<div class=\"wp-block-image\">\n<figure class=\"aligncenter size-full is-resized\"><a href=\"https:\/\/www.rassegnastampa-totustuus.it\/cattolica\/wp-content\/uploads\/2004\/11\/ottomani.jpg\"><img loading=\"lazy\" decoding=\"async\" width=\"281\" height=\"180\" src=\"https:\/\/www.rassegnastampa-totustuus.it\/cattolica\/wp-content\/uploads\/2004\/11\/ottomani.jpg\" alt=\"\" class=\"wp-image-36099\" style=\"width:433px;height:auto\"\/><\/a><\/figure><\/div>\n\n\n<!--more-->\n\n\n\n<p>In una settantina d&#8217;anni dalla morte di Maometto l&#8217;islam si estendeva dall&#8217;Armenia all&#8217;Atlantico e si apprestava ad attaccare l&#8217;Europa cominciando dalla penisola iberica. Come si spiega questa incredibile avanzata che aveva fatto in cos\u00ec breve tempo tabula rasa di superbe civilt\u00e0 quale l&#8217;intera Africa romana? In modo molto pi\u00f9 semplice di quanto si possa pensare.<\/p>\n\n\n\n<p>L&#8217;ostinazione religiosa dava luogo a \u00abuno schema strategico che rimase costante attraverso i secoli: una scorreria nei confronti dei miscredenti, avvertita come un dovere religioso e, in caso di successo, un&#8217;invasione in piena regola\u00bb. Sono parole di un giovane studioso di storia militare, Alberto Leoni, in un libro (La croce e la mezzaluna, Ares, pp. 448, e. 22) che non pu\u00f2 mancare sul tavolo di chiunque voglia capire l&#8217;islam. Le analisi, i reportage, gli instant-book e i pamphlet polemici non servono a niente senza un robusto ed essenziale libro di storia. E la storia dell&#8217; islam \u00e8 una storia soprattutto bellica (altrimenti non saremmo ancora qui, nel 2002, a interrogarci con trepidazione su di esso).<\/p>\n\n\n\n<p>La citazione continua cos\u00ec: \u00abNel caso in cui la scorreria avesse esito infausto, un nuovo contingente sarebbe partito, o nella stagione stessa o nell&#8217;anno successivo. L&#8217;impressione che si ricava da una cronologia dell&#8217;espansione islamica \u00e8 di una marea inarrestabile che, occasionalmente, incontra un ostacolo pi\u00f9 forte di altri; un ostacolo che, per\u00f2, viene sommerso dalla seconda o terza ondata di assalti, senza possibilit\u00e0 di scampo\u00bb.<\/p>\n\n\n\n<p>La conquista della Spagna ben illustra questo modo di procedere. Il regno visigoto era potente e agguerrito, e gi\u00e0 nel 680 aveva distrutto una squadra navale araba. Ma era diviso nel suo interno. Roderico aveva spodestato il precedente re, facendosi dei nemici. Questi fomentarono una rivolta dei baschi (tanto per cambiare) e chiesero segretamente aiuto ai musulmani d&#8217;Africa. Mentre Roderico era impegnato dalla parte opposta del regno, dodicimila berberi guidati da un ex schiavo, Tariq, sbarcarono con l&#8217;aiuto del governatore (cristiano) di Ceuta.<\/p>\n\n\n\n<p>Erano semplici predoni armati alla meno peggio, quelli che Roderico, accorso in fretta e furia, affront\u00f2 nel 711 con forze pi\u00f9 che doppie. Ma al comando della cavalleria visigota c&#8217;erano i complottisti, che sul pi\u00f9 bello fecero dietrofront abbandonando il re al massacro. Con i cavalli catturati, gli uomini di Tariq inseguirono e sterminarono il resto. Fu cos\u00ec che, a causa di un tradimento-boomerang, la Spagna non torn\u00f2 cristiana che otto secoli dopo.<\/p>\n\n\n\n<p>Muhammad (il Profeta) era morto nel 626 ma gi\u00e0 nel 636 gli arabi erano in grado di mettere in ginocchio la superpotenza dell&#8217;epoca, Bisanzio, infliggendole la catastrofe di Yarmuk che toglieva ai cristiani la Siria e la Palestina. Mentre il califfo Omar entrava a Gerusalemme, i sessanta superstiti dell&#8217;eroica guarnigione dell&#8217;ultimo baluardo cristiano, Gaza, rifiutata la conversione all&#8217;islam venivano massacrati. La stessa Costantinopoli era cinta una prima volta d&#8217;assedio nel 674 e una seconda nel 717.<\/p>\n\n\n\n<p>Nel frattempo i nuovi padroni della Spagna saccheggiavano l&#8217;Aquitania, Narbona e Tolosa, battevano i franchi a Bordeaux, arrivavano alla Loira devastando Tours. Intervenne Carlo Martello, che li sconfisse a Poitiers. Ma dovette affrontarli ancora negli anni seguenti, vincendoli ad Arles e ad Avignone. Fu a Poitiers (732) che per la prima volta i cronisti usarono il termine \u00abeuropei\u00bb. Non potendo qui fare la cronistoria puntuale di tutte le tappe della continua, ossessiva aggressione all&#8217;Europa dovremo limitarci, da qui in avanti, a qualche carotaggio qua e l\u00e0. Cominciando col dire che, quasi nello stesso tempo, l&#8217;Europa dovette affrontare due pericoli di non minore entit\u00e0, i vikinghi a nord e i magiari a est. Solo che questi due popoli, una volta battuti militarmente, si convertirono ed entrarono nella Cristianit\u00e0.<\/p>\n\n\n\n<p>Si tenga presente che quei barbari, specialmente i vikinghi, ben conoscevano l&#8217;islam, con cui erano entrati tante volte in contatto. Ma, sebbene si trattasse di una religione guerriera e come tale ben pi\u00f9 vicina alla loro mentalit\u00e0, scelsero il cristianesimo e vi perseverarono, diventandone anzi, gli antemurali. Il IX secolo vide la caduta in mani musulmane della Sicilia (conquistata \u00abcon metodi di rara brutalit\u00e0\u00bb), di Bari e Taranto. Nell&#8217;846 venne saccheggiata Ostia e l&#8217;incursione si spinse alla basilica di San Pietro, che fu depredata perfino delle lamine dorate delle porte (ma, sulla via del ritorno, una furiosa tempesta col\u00f2 a picco le navi saracene).<\/p>\n\n\n\n<p>Neanche tre anni dopo, una grande flotta proveniente dall&#8217;Africa si ripresent\u00f2 davanti a Ostia, ma questa volta trov\u00f2 ad attenderla le navi di Napoli, Gaeta e Amalfi. La battaglia che ne segu\u00ec fu la prima vinta da italici dal tempo dei romani. Il pontefice organizz\u00f2 subito la riconquista delle basi saracene del Circeo, del Garigliano e di Frassineto (che controllava il Fr\u00e9jus). Nel 935 i musulmani saccheggiavano Genova dopo aver preso Reggio Calabria e Cosenza. Nel 982 l&#8217;imperatore Ottone II subiva una tremenda disfatta sotto Crotone e si salvava a stento.<\/p>\n\n\n\n<p>Il secolo seguente vide l&#8217;ascesa delle Repubbliche marinare, la progressiva perdita da parte islamica del predominio sul mare e i normanni riconquistare la Sicilia metro per metro. Nel 1081 solo Siracusa ancora resisteva, e da l\u00ec partivano feroci incursioni sulle coste calabresi (questa storia delle incursioni, pur tra una guerra e l&#8217;altra, non cess\u00f2 mai: si tenga presente che l&#8217;inno dei marines americani fa riferimento a Tripoli perch\u00e9 anche gli Usa dovettero far fronte ai pirati barbareschi).<\/p>\n\n\n\n<p>Quando l&#8217; emiro Benavert saccheggi\u00f2 Nicotera e deport\u00f2 le suore negli harem orientali, Ruggero d&#8217;Altavilla reag\u00ec con una decisione che si concluse, come nei film, con un personale duello tra il condottiero normanno e l&#8217;emiro (che ebbe la peggio). Nel 1087 il numero di schiavi cristiani in mano agli islamici era cos\u00ec alto che il papa Vittore III non faceva fatica a chiamare gli italici alla riscossa, e una flotta di trecento navi genovesi, pisane e amalfitane, accresciuta di un contingente pontificio, conquistava la base africana di Al Mahdia.<\/p>\n\n\n\n<p>Nel 1113 i pisani prendevano Maiorca; nel 1146, i genovesi, Minorca. In ambedue i casi, provenzali e catalani parteciparono. In Spagna nel 721 gli arabi erano padroni di tutto. Tranne un minuscolo ridotto sulle Asturie pirenaiche, un \u00abpiccolo resto\u00bb di irriducibili che il Leoni nel suo libro paragona al villaggio di Asterix. Inquadrati dagli ultimi visigoti rimasti, al comando del conte Pelayo, quei contadini e montanari inflissero ai mori una tremenda sconfitta a Covandonga nel 722.<\/p>\n\n\n\n<p>Fu il genero di Pelayo, Alfonso I, a iniziare quella Reconquista che si sarebbe conclusa solo nel 1492 a opera de Los Reyes Cat\u00f3licos, Ferdinando d&#8217;Aragona e Isabella di Castiglia. \u00abNella storia della Cristianit\u00e0 europea non esiste un solo popolo che non abbia difeso con le armi la propria fede\u00bb, scrive Alberto Leoni. E fu proprio il successore di Alfonso I, Alfonso II il Casto, a comprendere l&#8217;importanza che avrebbe avuto, da l\u00ec in avanti, il ritrovamento delle reliquie di s. Giacomo (non a caso appellato Matamoros), per le quali fu fondato il santuario di Compostela.<\/p>\n\n\n\n<p>Segu\u00ec una epopea di travolgenti vittorie (come Simancas nel 939) ma anche di pesantissime sconfitte (come Valdejunquera, nel 920), di eroi a tutto tondo, come Rodrigo Diaz (\u00abEl Cid\u00bb) e s. Ferdinando III di Castiglia, e di massacri immondi, come quello effettuato dai mori su migliaia di prigionieri inermi sul Duero nel 917. Nacquero ordini monastico-cavallereschi quale il Santiago, sorto per iniziativa di tredici cavalieri castigliani che avevano fatto voto di dedicarsi a scortare i pellegrini; poi l&#8217;Evora, Aviz, San Giuliano, Alc\u00e1ntara, Nostra Signora della Montesa, San Giorgio di Alfama.<\/p>\n\n\n\n<p>La grande svolta nell&#8217;interminabile braccio di ferro si ebbe con la vittoria cristiana di Las Navas de Tolosa nel 1212. Nel 1071, a Manzikert, dall&#8217;altra parte del mondo, la potenza bizantina crollava di schianto davanti ai turchi selgiuchidi, lasciando del tutto indifese le vie dei pellegrinaggi cristiani in Terrasanta. Tra i sultanati turchi, quello pi\u00f9 potente aveva la sua capitale a Nicea, a pochi chilometri da Costantinopoli. Nel 1097 cominciarono le Crociate, che terminarono nel 1291 con la caduta di Acri. Meno di due secoli durarono, e furono limitate nello spazio e nel tempo.<\/p>\n\n\n\n<p>Le fasi di conflitto armato furono ancora pi\u00f9 ridotte. I crociati vi trovarono, anche qui, disastrose sconfitte (come quella di Dorileo, nella seconda crociata, e quella di Hattin nel 1187, a opera del Saladino), e sudate vittorie (come la presa di Antiochia, nella prima crociata, e quella di Damietta nel 1219). Re e imperatori ci morirono, come Federico Barbarossa e s. Luigi IX di Francia. Se da un punto di vista complessivo lo sforzo europeo non valse la candela, va pur detto che fino a quando i \u00abfranchi\u00bb (cos\u00ec erano chiamati dagli islamici tutti i crociati) occuparono la striscia costiera della Palestina l&#8217;avanzata dell&#8217;islam segn\u00f2 il passo.<\/p>\n\n\n\n<p>Acri, ultima roccaforte cristiana, cadde nel 1291, abbiamo detto. Ebbene, il primo scontro con Bisanzio, rimasta scoperta, \u00e8 solo del 1301. Nel frattempo lo stendardo del Profeta era passato agli ottomani. Immediatamente il loro fondatore, Osman, iniziava a stringere la morsa sulla capitale dell&#8217;Impero romano d&#8217;Oriente. Del 1316 \u00e8 l&#8217;assedio dell&#8217;importante Bursa, presa nel 1326. Seguono, dal 1330 in poi, Nicea, Nicomedia, Pergano, Smirne. Nel 1354 i turchi passano lo stretto e cade Gallipoli. Nel 1361 \u00e8 la volta di Adrianopoli. Nel 1387 sono i serbi a subire l&#8217;assalto. Vincono il primo scontro a Plocnik, nel 1387. Ma, due anni dopo, il sultano Murad I massacra serbi, albanesi e bosniaci a Kosovo Polje (quel giorno, 15 giugno, \u00e8 ancora oggi ricordato dai serbi come giornata del loro orgoglio nazionale).<\/p>\n\n\n\n<p>Il disastro di Nicopoli, in cui l&#8217;esercito cristiano guidato dall&#8217;imperatore Sigismondo fu annientato nel 1395, non ebbe conseguenze peggiori solo perch\u00e9 nel 1402 i mongoli di Tamerlano schiacciarono i turchi ad Ankara (ma subito abbracciarono l&#8217;islam). Nel 1444 il nuovo sultano, Murad II, schiantava ungheresi (comandati dal valoroso Jan Hunyadi), polacchi, serbi, francesi e valacchi (guidati, questi, da Vlad Drakul, il leggendario \u00abDracula\u00bb) a Varna, uccidendo il re Ladislao III di Polonia. Nel 1451, appena succeduto al padre, Mehemet II cominciava i preparativi per la conquista di Costantinopoli. La citt\u00e0 fu presa nel 1453, dopo due anni di epico assedio che vide i cristiani prodursi in prodigi di valore.<\/p>\n\n\n\n<p>L&#8217;ultimo imperatore, Costantino XI, cadde sugli spalti. La Grecia finiva in mano ottomana e la via dell&#8217;Europa era aperta: appena tre anni dopo, i turchi erano sotto Belgrado. Ma vennero fermati il 6 agosto da Jan Hunyadi e s. Giovanni da Capistrano (il francescano che fu l&#8217; anima della coalizione cristiana). Il papa Callisto III istitu\u00ec per quel giorno la festa della Trasfigurazione, a indicare la letizia che aveva illuminato l&#8217;Europa allo scampato pericolo. Ma non era affatto finita.<\/p>\n\n\n\n<p>Mentre l&#8217;eroe nazionale albanese Skanderbeg (Giorgio Castriota, detto \u00abIskander Bey\u00bb, cio\u00e8 \u00abAlessandro Magno\u00bb) passava l&#8217;esistenza a combattere i turchi, questi prendevano Otranto e devastavano il Friuli a pi\u00f9 riprese. Belgrado cadde nel 1521, l&#8217;anno seguente fu la volta di Rodi. Nel 1526, con la catastrofe inflitta ai cristiani a Moh\u00e0cs, Solimano pot\u00e8 invadere l&#8217; Ungheria. Nel 1529 Vienna fu cinta d&#8217;assedio, ma questa volta le armate cristiane ebbero la meglio. Anche Malta, eroicamente difesa dai suoi cavalieri, resistette.<\/p>\n\n\n\n<p>Non cos\u00ec Cipro, il cui ultimo baluardo, Famagosta, cadde nel 1571. Pochi mesi dopo, il 7 ottobre, fu il giorno dell&#8217;incredibile battaglia navale di Lepanto, nella quale i turchi si schierarono a mezzaluna e i cristiani a croce. Il papa s. Pio V proclam\u00f2, per quella data, la festa di Nostra Signora delle Vittorie. A nemmeno un anno di distanza una flotta barbaresca tentava il saccheggio di Loreto e del suo santuario, ma veniva sconfitta dai veneziani. Lo stillicidio di incursioni continu\u00f2 finch\u00e8 i turchi non furono in grado di riprendere in grande stile l&#8217;assalto all&#8217;Europa.<\/p>\n\n\n\n<p>Nel 1645 cominci\u00f2 l&#8217;assedio a Creta, che dur\u00f2 ben ventiquattro anni e cost\u00f2 ecatombi da entrambe le parti. L&#8217;anno precedente i turchi erano stati fermati sulla Raab, in vista di Vienna (ancora!), dal Montecuccoli. Nel 1677 cominciava l&#8217;epopea del polacco Jan Sobieski, che praticamente dedic\u00f2 la vita a lottare contro gli ottomani. Nel 1683 Vienna era nuovamente assediata. Questa volta il ruolo che fu di Giovanni da Capestrano era occupato dal cappuccino Marco d&#8217;Aviano. Il 12 settembre (da quel giorno, festa del Nome di Maria) i cristiani, pur in condizioni di inferiorit\u00e0, inflissero una tremenda sconfitta ai turchi (Bernard Lewis, massimo islamologo vivente, dice che i fondamentalisti islamici ancora oggi vi fanno riferimento).<\/p>\n\n\n\n<p>Sorgeva in quella memorabile battaglia l&#8217;astro di uno dei pi\u00f9 grandi condottieri di tutti i tempi, Eugenio di Savoia. L&#8217;11 settembre (data fatidica) 1696 questi, al comando degli imperiali, infliggeva una sonora sconfitta al nemico a Zenta, e si spingeva fino a Belgrado. Il 15 agosto del 1717 coglieva la pi\u00f9 bella (e insperata) delle sue vittorie a Petrovaradino. Ma anche la Russia \u00e8 Europa. Invasa dai mongoli nel XIII secolo e ripiombata nella semibarbarie (prima, i principi di Kiev si permettevano di dare le loro figlie in sposa alle pi\u00f9 importanti teste coronate d&#8217;Europa), solo nel 1380 cominci\u00f2 a rialzare la testa grazie a s. Sergio Radonez e al principe Dmitrij, che sconfisse clamorosamente i mongoli sul Don.<\/p>\n\n\n\n<p>L&#8217;opera di riconquista fu proseguita da Ivan III, principe di Mosca, e soprattutto da suo nipote, Ivan IV \u00abil Terribile\u00bb, che ricacci\u00f2 i mongoli nelle steppe e riprese Kazan e Astrakhan ai turchi. Da quel momento per i russi le guerre antiturche divennero una costante: con Pietro il Grande cadeva Azov; Caterina II, grazie al generale Suvorov, riprendeva la Crimea. Ma gi\u00e0 si era alle soglie della Rivoluzione francese (nel 1789 russi e austriaci battevano i turchi a Rymnik, e tutto il Danubio ritornava europeo) e, anche se il confronto con la mezzaluna continuava, non si poteva pi\u00f9 parlare di difesa della civilt\u00e0 \u00abcristiana\u00bb (gli ultimi a parlarne in termini di profonda convinzione erano stati Eugenio di Savoia e Suvorov). Adesso erano Stati, quelli che si scontravano, e gli europei avevano altro cui pensare.<\/p>\n\n\n\n<p>Questa velocissima carrellata, condotta seguendo l&#8217;opera del Leoni (che peraltro prosegue fino all&#8217;avvento di Al-Qaeda), non si \u00e8 soffermata sugli orrori, le nefandezze e le immani sofferenze che hanno dovuto sopportare gli occidentali pur di non vivere da dhimmi, cio\u00e8 da schiavi o da esseri umani di second&#8217;ordine che, per aver diritto di respirare, dovevano pagare la \u00abprotezione\u00bb. Non poter andare a cavallo n\u00e9 ricoprire cariche, non avere case pi\u00f9 alte, alzarsi in piedi e cedere il posto all&#8217;ingresso di un musulmano, portare segni di riconoscimento (per gli ebrei, abiti gialli o ridicoli copricapi), non riparare le chiese n\u00e9 costruirne nuove, non suonare le campane, celebrare i propri riti a porte chiuse e a bassa voce: questo era il massimo di \u00abtolleranza\u00bb che la \u00abgente del Libro\u00bb poteva aspettarsi, quando andava bene.<\/p>\n\n\n\n<p>Gli &#8220;equidistanti nel giudizio&#8221;, che non mancano mai, fanno osservare che in molti casi i cristiani non si comportarono meglio, che spesso i comandanti musulmani erano dei cristiani rinnegati, che il regno di Francia pi\u00f9 volte tenne il sacco agli islamici, che la mora al-Andalus era splendida, che Saladino era cavalleresco e Riccardo Cuor di Leone sanguinario. Tutto vero. Ma le date su riportate testimoniano che fu l&#8217;Occidente, e non l&#8217;islam, a non avere avuto un attimo di respiro dal VII secolo al XVIII.<\/p>\n\n\n\n<p>(A.C. Valdera)<\/p>\n\n\n\n<p>&nbsp;<\/p>\n","protected":false},"excerpt":{"rendered":"<p>Articolo pubblicato su Liberal n. 15, dic. 02-gen. 2003 Le date testimoniano che l&#8217;Occidente, e non l&#8217;islam, ha avuto un attimo di respiro dal VII secolo al XVIII, subendo l&#8217;incessante assalto delle orde mussulmane di Rino Cammilleri<\/p><p><a class=\"more-link btn\" href=\"https:\/\/www.rassegnastampa-totustuus.it\/cattolica\/gli-inarrestabili-di-allah\/\">Continua a leggere<\/a><\/p>\n","protected":false},"author":6,"featured_media":36099,"comment_status":"closed","ping_status":"open","sticky":false,"template":"","format":"standard","meta":{"footnotes":""},"categories":[16],"tags":[528],"class_list":["post-118","post","type-post","status-publish","format-standard","has-post-thumbnail","hentry","category-islam","tag-islam-storia","item-wrap"],"yoast_head":"<!-- This site is optimized with the Yoast SEO plugin v27.5 - https:\/\/yoast.com\/product\/yoast-seo-wordpress\/ -->\n<title>Gli inarrestabili di Allah - Rassegna Stampa Cattolica<\/title>\n<meta name=\"description\" content=\"Gli inarrestabili di Allah. Le date testimoniano che l&#039;Occidente, e non l&#039;islam, ha avuto un attimo di respiro dal VII secolo al XVIII\" \/>\n<meta name=\"robots\" content=\"index, follow, max-snippet:-1, max-image-preview:large, max-video-preview:-1\" \/>\n<link rel=\"canonical\" href=\"https:\/\/www.rassegnastampa-totustuus.it\/cattolica\/gli-inarrestabili-di-allah\/\" \/>\n<meta property=\"og:locale\" content=\"it_IT\" \/>\n<meta property=\"og:type\" content=\"article\" \/>\n<meta property=\"og:title\" content=\"Gli inarrestabili di Allah - Rassegna Stampa Cattolica\" \/>\n<meta property=\"og:description\" content=\"Gli inarrestabili di Allah. Le date testimoniano che l&#039;Occidente, e non l&#039;islam, ha avuto un attimo di respiro dal VII secolo al XVIII\" \/>\n<meta property=\"og:url\" content=\"https:\/\/www.rassegnastampa-totustuus.it\/cattolica\/gli-inarrestabili-di-allah\/\" \/>\n<meta property=\"og:site_name\" content=\"Rassegna Stampa Cattolica\" \/>\n<meta property=\"article:publisher\" content=\"https:\/\/www.facebook.com\/rassegnastampacattolica\" \/>\n<meta property=\"article:published_time\" content=\"2004-11-12T23:00:00+00:00\" \/>\n<meta property=\"article:modified_time\" content=\"2025-04-06T15:31:09+00:00\" \/>\n<meta property=\"og:image\" content=\"https:\/\/www.rassegnastampa-totustuus.it\/cattolica\/wp-content\/uploads\/2004\/11\/ottomani.jpg\" \/>\n\t<meta property=\"og:image:width\" content=\"281\" \/>\n\t<meta property=\"og:image:height\" content=\"180\" \/>\n\t<meta property=\"og:image:type\" content=\"image\/jpeg\" \/>\n<meta name=\"author\" content=\"Redazione\" \/>\n<meta name=\"twitter:card\" content=\"summary_large_image\" \/>\n<meta name=\"twitter:creator\" content=\"@rassegnastampa9\" \/>\n<meta name=\"twitter:site\" content=\"@rassegnastampa9\" \/>\n<meta name=\"twitter:label1\" content=\"Scritto da\" \/>\n\t<meta name=\"twitter:data1\" content=\"Redazione\" \/>\n\t<meta name=\"twitter:label2\" content=\"Tempo di lettura stimato\" \/>\n\t<meta name=\"twitter:data2\" content=\"14 minuti\" \/>\n<script type=\"application\/ld+json\" class=\"yoast-schema-graph\">{\"@context\":\"https:\\\/\\\/schema.org\",\"@graph\":[{\"@type\":\"Article\",\"@id\":\"https:\\\/\\\/www.rassegnastampa-totustuus.it\\\/cattolica\\\/gli-inarrestabili-di-allah\\\/#article\",\"isPartOf\":{\"@id\":\"https:\\\/\\\/www.rassegnastampa-totustuus.it\\\/cattolica\\\/gli-inarrestabili-di-allah\\\/\"},\"author\":{\"name\":\"Redazione\",\"@id\":\"https:\\\/\\\/www.rassegnastampa-totustuus.it\\\/cattolica\\\/#\\\/schema\\\/person\\\/08f319d2bd1a0904ad9e2bfb7b15e5c3\"},\"headline\":\"Gli inarrestabili di Allah\",\"datePublished\":\"2004-11-12T23:00:00+00:00\",\"dateModified\":\"2025-04-06T15:31:09+00:00\",\"mainEntityOfPage\":{\"@id\":\"https:\\\/\\\/www.rassegnastampa-totustuus.it\\\/cattolica\\\/gli-inarrestabili-di-allah\\\/\"},\"wordCount\":2545,\"publisher\":{\"@id\":\"https:\\\/\\\/www.rassegnastampa-totustuus.it\\\/cattolica\\\/#organization\"},\"image\":{\"@id\":\"https:\\\/\\\/www.rassegnastampa-totustuus.it\\\/cattolica\\\/gli-inarrestabili-di-allah\\\/#primaryimage\"},\"thumbnailUrl\":\"https:\\\/\\\/www.rassegnastampa-totustuus.it\\\/cattolica\\\/wp-content\\\/uploads\\\/2004\\\/11\\\/ottomani.jpg\",\"keywords\":[\"Islam storia\"],\"articleSection\":[\"Islam\"],\"inLanguage\":\"it-IT\"},{\"@type\":\"WebPage\",\"@id\":\"https:\\\/\\\/www.rassegnastampa-totustuus.it\\\/cattolica\\\/gli-inarrestabili-di-allah\\\/\",\"url\":\"https:\\\/\\\/www.rassegnastampa-totustuus.it\\\/cattolica\\\/gli-inarrestabili-di-allah\\\/\",\"name\":\"Gli inarrestabili di Allah - Rassegna Stampa Cattolica\",\"isPartOf\":{\"@id\":\"https:\\\/\\\/www.rassegnastampa-totustuus.it\\\/cattolica\\\/#website\"},\"primaryImageOfPage\":{\"@id\":\"https:\\\/\\\/www.rassegnastampa-totustuus.it\\\/cattolica\\\/gli-inarrestabili-di-allah\\\/#primaryimage\"},\"image\":{\"@id\":\"https:\\\/\\\/www.rassegnastampa-totustuus.it\\\/cattolica\\\/gli-inarrestabili-di-allah\\\/#primaryimage\"},\"thumbnailUrl\":\"https:\\\/\\\/www.rassegnastampa-totustuus.it\\\/cattolica\\\/wp-content\\\/uploads\\\/2004\\\/11\\\/ottomani.jpg\",\"datePublished\":\"2004-11-12T23:00:00+00:00\",\"dateModified\":\"2025-04-06T15:31:09+00:00\",\"description\":\"Gli inarrestabili di Allah. Le date testimoniano che l'Occidente, e non l'islam, ha avuto un attimo di respiro dal VII secolo al XVIII\",\"breadcrumb\":{\"@id\":\"https:\\\/\\\/www.rassegnastampa-totustuus.it\\\/cattolica\\\/gli-inarrestabili-di-allah\\\/#breadcrumb\"},\"inLanguage\":\"it-IT\",\"potentialAction\":[{\"@type\":\"ReadAction\",\"target\":[\"https:\\\/\\\/www.rassegnastampa-totustuus.it\\\/cattolica\\\/gli-inarrestabili-di-allah\\\/\"]}]},{\"@type\":\"ImageObject\",\"inLanguage\":\"it-IT\",\"@id\":\"https:\\\/\\\/www.rassegnastampa-totustuus.it\\\/cattolica\\\/gli-inarrestabili-di-allah\\\/#primaryimage\",\"url\":\"https:\\\/\\\/www.rassegnastampa-totustuus.it\\\/cattolica\\\/wp-content\\\/uploads\\\/2004\\\/11\\\/ottomani.jpg\",\"contentUrl\":\"https:\\\/\\\/www.rassegnastampa-totustuus.it\\\/cattolica\\\/wp-content\\\/uploads\\\/2004\\\/11\\\/ottomani.jpg\",\"width\":281,\"height\":180},{\"@type\":\"BreadcrumbList\",\"@id\":\"https:\\\/\\\/www.rassegnastampa-totustuus.it\\\/cattolica\\\/gli-inarrestabili-di-allah\\\/#breadcrumb\",\"itemListElement\":[{\"@type\":\"ListItem\",\"position\":1,\"name\":\"Home\",\"item\":\"https:\\\/\\\/www.rassegnastampa-totustuus.it\\\/cattolica\\\/\"},{\"@type\":\"ListItem\",\"position\":2,\"name\":\"Gli inarrestabili di Allah\"}]},{\"@type\":\"WebSite\",\"@id\":\"https:\\\/\\\/www.rassegnastampa-totustuus.it\\\/cattolica\\\/#website\",\"url\":\"https:\\\/\\\/www.rassegnastampa-totustuus.it\\\/cattolica\\\/\",\"name\":\"Rassegna Stampa Cattolica\",\"description\":\"Per una cultura che nasce dalla Rivelazione cristiana in conformit\u00e0 alla tradizione e al Magistero della Chiesa in opposizione ad ogni relativismo e totalitarismo\",\"publisher\":{\"@id\":\"https:\\\/\\\/www.rassegnastampa-totustuus.it\\\/cattolica\\\/#organization\"},\"alternateName\":\"Rass. Cattolica\",\"potentialAction\":[{\"@type\":\"SearchAction\",\"target\":{\"@type\":\"EntryPoint\",\"urlTemplate\":\"https:\\\/\\\/www.rassegnastampa-totustuus.it\\\/cattolica\\\/?s={search_term_string}\"},\"query-input\":{\"@type\":\"PropertyValueSpecification\",\"valueRequired\":true,\"valueName\":\"search_term_string\"}}],\"inLanguage\":\"it-IT\"},{\"@type\":\"Organization\",\"@id\":\"https:\\\/\\\/www.rassegnastampa-totustuus.it\\\/cattolica\\\/#organization\",\"name\":\"Rassegna Stampa Cattolica\",\"url\":\"https:\\\/\\\/www.rassegnastampa-totustuus.it\\\/cattolica\\\/\",\"logo\":{\"@type\":\"ImageObject\",\"inLanguage\":\"it-IT\",\"@id\":\"https:\\\/\\\/www.rassegnastampa-totustuus.it\\\/cattolica\\\/#\\\/schema\\\/logo\\\/image\\\/\",\"url\":\"https:\\\/\\\/www.rassegnastampa-totustuus.it\\\/cattolica\\\/wp-content\\\/uploads\\\/2014\\\/04\\\/logo-rassegna1.gif\",\"contentUrl\":\"https:\\\/\\\/www.rassegnastampa-totustuus.it\\\/cattolica\\\/wp-content\\\/uploads\\\/2014\\\/04\\\/logo-rassegna1.gif\",\"width\":600,\"height\":163,\"caption\":\"Rassegna Stampa Cattolica\"},\"image\":{\"@id\":\"https:\\\/\\\/www.rassegnastampa-totustuus.it\\\/cattolica\\\/#\\\/schema\\\/logo\\\/image\\\/\"},\"sameAs\":[\"https:\\\/\\\/www.facebook.com\\\/rassegnastampacattolica\",\"https:\\\/\\\/x.com\\\/rassegnastampa9\"]},{\"@type\":\"Person\",\"@id\":\"https:\\\/\\\/www.rassegnastampa-totustuus.it\\\/cattolica\\\/#\\\/schema\\\/person\\\/08f319d2bd1a0904ad9e2bfb7b15e5c3\",\"name\":\"Redazione\",\"image\":{\"@type\":\"ImageObject\",\"inLanguage\":\"it-IT\",\"@id\":\"https:\\\/\\\/secure.gravatar.com\\\/avatar\\\/2fcdf27c78ea025fbdb44e914cc63c72249ffec9dc8aafd5c82b26240ef3f346?s=96&d=mm&r=g\",\"url\":\"https:\\\/\\\/secure.gravatar.com\\\/avatar\\\/2fcdf27c78ea025fbdb44e914cc63c72249ffec9dc8aafd5c82b26240ef3f346?s=96&d=mm&r=g\",\"contentUrl\":\"https:\\\/\\\/secure.gravatar.com\\\/avatar\\\/2fcdf27c78ea025fbdb44e914cc63c72249ffec9dc8aafd5c82b26240ef3f346?s=96&d=mm&r=g\",\"caption\":\"Redazione\"},\"url\":\"https:\\\/\\\/www.rassegnastampa-totustuus.it\\\/cattolica\\\/author\\\/pietroelle\\\/\"}]}<\/script>\n<!-- \/ Yoast SEO plugin. -->","yoast_head_json":{"title":"Gli inarrestabili di Allah - Rassegna Stampa Cattolica","description":"Gli inarrestabili di Allah. Le date testimoniano che l'Occidente, e non l'islam, ha avuto un attimo di respiro dal VII secolo al XVIII","robots":{"index":"index","follow":"follow","max-snippet":"max-snippet:-1","max-image-preview":"max-image-preview:large","max-video-preview":"max-video-preview:-1"},"canonical":"https:\/\/www.rassegnastampa-totustuus.it\/cattolica\/gli-inarrestabili-di-allah\/","og_locale":"it_IT","og_type":"article","og_title":"Gli inarrestabili di Allah - Rassegna Stampa Cattolica","og_description":"Gli inarrestabili di Allah. Le date testimoniano che l'Occidente, e non l'islam, ha avuto un attimo di respiro dal VII secolo al XVIII","og_url":"https:\/\/www.rassegnastampa-totustuus.it\/cattolica\/gli-inarrestabili-di-allah\/","og_site_name":"Rassegna Stampa Cattolica","article_publisher":"https:\/\/www.facebook.com\/rassegnastampacattolica","article_published_time":"2004-11-12T23:00:00+00:00","article_modified_time":"2025-04-06T15:31:09+00:00","og_image":[{"width":281,"height":180,"url":"https:\/\/www.rassegnastampa-totustuus.it\/cattolica\/wp-content\/uploads\/2004\/11\/ottomani.jpg","type":"image\/jpeg"}],"author":"Redazione","twitter_card":"summary_large_image","twitter_creator":"@rassegnastampa9","twitter_site":"@rassegnastampa9","twitter_misc":{"Scritto da":"Redazione","Tempo di lettura stimato":"14 minuti"},"schema":{"@context":"https:\/\/schema.org","@graph":[{"@type":"Article","@id":"https:\/\/www.rassegnastampa-totustuus.it\/cattolica\/gli-inarrestabili-di-allah\/#article","isPartOf":{"@id":"https:\/\/www.rassegnastampa-totustuus.it\/cattolica\/gli-inarrestabili-di-allah\/"},"author":{"name":"Redazione","@id":"https:\/\/www.rassegnastampa-totustuus.it\/cattolica\/#\/schema\/person\/08f319d2bd1a0904ad9e2bfb7b15e5c3"},"headline":"Gli inarrestabili di Allah","datePublished":"2004-11-12T23:00:00+00:00","dateModified":"2025-04-06T15:31:09+00:00","mainEntityOfPage":{"@id":"https:\/\/www.rassegnastampa-totustuus.it\/cattolica\/gli-inarrestabili-di-allah\/"},"wordCount":2545,"publisher":{"@id":"https:\/\/www.rassegnastampa-totustuus.it\/cattolica\/#organization"},"image":{"@id":"https:\/\/www.rassegnastampa-totustuus.it\/cattolica\/gli-inarrestabili-di-allah\/#primaryimage"},"thumbnailUrl":"https:\/\/www.rassegnastampa-totustuus.it\/cattolica\/wp-content\/uploads\/2004\/11\/ottomani.jpg","keywords":["Islam storia"],"articleSection":["Islam"],"inLanguage":"it-IT"},{"@type":"WebPage","@id":"https:\/\/www.rassegnastampa-totustuus.it\/cattolica\/gli-inarrestabili-di-allah\/","url":"https:\/\/www.rassegnastampa-totustuus.it\/cattolica\/gli-inarrestabili-di-allah\/","name":"Gli inarrestabili di Allah - Rassegna Stampa Cattolica","isPartOf":{"@id":"https:\/\/www.rassegnastampa-totustuus.it\/cattolica\/#website"},"primaryImageOfPage":{"@id":"https:\/\/www.rassegnastampa-totustuus.it\/cattolica\/gli-inarrestabili-di-allah\/#primaryimage"},"image":{"@id":"https:\/\/www.rassegnastampa-totustuus.it\/cattolica\/gli-inarrestabili-di-allah\/#primaryimage"},"thumbnailUrl":"https:\/\/www.rassegnastampa-totustuus.it\/cattolica\/wp-content\/uploads\/2004\/11\/ottomani.jpg","datePublished":"2004-11-12T23:00:00+00:00","dateModified":"2025-04-06T15:31:09+00:00","description":"Gli inarrestabili di Allah. Le date testimoniano che l'Occidente, e non l'islam, ha avuto un attimo di respiro dal VII secolo al XVIII","breadcrumb":{"@id":"https:\/\/www.rassegnastampa-totustuus.it\/cattolica\/gli-inarrestabili-di-allah\/#breadcrumb"},"inLanguage":"it-IT","potentialAction":[{"@type":"ReadAction","target":["https:\/\/www.rassegnastampa-totustuus.it\/cattolica\/gli-inarrestabili-di-allah\/"]}]},{"@type":"ImageObject","inLanguage":"it-IT","@id":"https:\/\/www.rassegnastampa-totustuus.it\/cattolica\/gli-inarrestabili-di-allah\/#primaryimage","url":"https:\/\/www.rassegnastampa-totustuus.it\/cattolica\/wp-content\/uploads\/2004\/11\/ottomani.jpg","contentUrl":"https:\/\/www.rassegnastampa-totustuus.it\/cattolica\/wp-content\/uploads\/2004\/11\/ottomani.jpg","width":281,"height":180},{"@type":"BreadcrumbList","@id":"https:\/\/www.rassegnastampa-totustuus.it\/cattolica\/gli-inarrestabili-di-allah\/#breadcrumb","itemListElement":[{"@type":"ListItem","position":1,"name":"Home","item":"https:\/\/www.rassegnastampa-totustuus.it\/cattolica\/"},{"@type":"ListItem","position":2,"name":"Gli inarrestabili di Allah"}]},{"@type":"WebSite","@id":"https:\/\/www.rassegnastampa-totustuus.it\/cattolica\/#website","url":"https:\/\/www.rassegnastampa-totustuus.it\/cattolica\/","name":"Rassegna Stampa Cattolica","description":"Per una cultura che nasce dalla Rivelazione cristiana in conformit\u00e0 alla tradizione e al Magistero della Chiesa in opposizione ad ogni relativismo e totalitarismo","publisher":{"@id":"https:\/\/www.rassegnastampa-totustuus.it\/cattolica\/#organization"},"alternateName":"Rass. Cattolica","potentialAction":[{"@type":"SearchAction","target":{"@type":"EntryPoint","urlTemplate":"https:\/\/www.rassegnastampa-totustuus.it\/cattolica\/?s={search_term_string}"},"query-input":{"@type":"PropertyValueSpecification","valueRequired":true,"valueName":"search_term_string"}}],"inLanguage":"it-IT"},{"@type":"Organization","@id":"https:\/\/www.rassegnastampa-totustuus.it\/cattolica\/#organization","name":"Rassegna Stampa Cattolica","url":"https:\/\/www.rassegnastampa-totustuus.it\/cattolica\/","logo":{"@type":"ImageObject","inLanguage":"it-IT","@id":"https:\/\/www.rassegnastampa-totustuus.it\/cattolica\/#\/schema\/logo\/image\/","url":"https:\/\/www.rassegnastampa-totustuus.it\/cattolica\/wp-content\/uploads\/2014\/04\/logo-rassegna1.gif","contentUrl":"https:\/\/www.rassegnastampa-totustuus.it\/cattolica\/wp-content\/uploads\/2014\/04\/logo-rassegna1.gif","width":600,"height":163,"caption":"Rassegna Stampa Cattolica"},"image":{"@id":"https:\/\/www.rassegnastampa-totustuus.it\/cattolica\/#\/schema\/logo\/image\/"},"sameAs":["https:\/\/www.facebook.com\/rassegnastampacattolica","https:\/\/x.com\/rassegnastampa9"]},{"@type":"Person","@id":"https:\/\/www.rassegnastampa-totustuus.it\/cattolica\/#\/schema\/person\/08f319d2bd1a0904ad9e2bfb7b15e5c3","name":"Redazione","image":{"@type":"ImageObject","inLanguage":"it-IT","@id":"https:\/\/secure.gravatar.com\/avatar\/2fcdf27c78ea025fbdb44e914cc63c72249ffec9dc8aafd5c82b26240ef3f346?s=96&d=mm&r=g","url":"https:\/\/secure.gravatar.com\/avatar\/2fcdf27c78ea025fbdb44e914cc63c72249ffec9dc8aafd5c82b26240ef3f346?s=96&d=mm&r=g","contentUrl":"https:\/\/secure.gravatar.com\/avatar\/2fcdf27c78ea025fbdb44e914cc63c72249ffec9dc8aafd5c82b26240ef3f346?s=96&d=mm&r=g","caption":"Redazione"},"url":"https:\/\/www.rassegnastampa-totustuus.it\/cattolica\/author\/pietroelle\/"}]}},"_links":{"self":[{"href":"https:\/\/www.rassegnastampa-totustuus.it\/cattolica\/wp-json\/wp\/v2\/posts\/118","targetHints":{"allow":["GET"]}}],"collection":[{"href":"https:\/\/www.rassegnastampa-totustuus.it\/cattolica\/wp-json\/wp\/v2\/posts"}],"about":[{"href":"https:\/\/www.rassegnastampa-totustuus.it\/cattolica\/wp-json\/wp\/v2\/types\/post"}],"author":[{"embeddable":true,"href":"https:\/\/www.rassegnastampa-totustuus.it\/cattolica\/wp-json\/wp\/v2\/users\/6"}],"replies":[{"embeddable":true,"href":"https:\/\/www.rassegnastampa-totustuus.it\/cattolica\/wp-json\/wp\/v2\/comments?post=118"}],"version-history":[{"count":3,"href":"https:\/\/www.rassegnastampa-totustuus.it\/cattolica\/wp-json\/wp\/v2\/posts\/118\/revisions"}],"predecessor-version":[{"id":62452,"href":"https:\/\/www.rassegnastampa-totustuus.it\/cattolica\/wp-json\/wp\/v2\/posts\/118\/revisions\/62452"}],"wp:featuredmedia":[{"embeddable":true,"href":"https:\/\/www.rassegnastampa-totustuus.it\/cattolica\/wp-json\/wp\/v2\/media\/36099"}],"wp:attachment":[{"href":"https:\/\/www.rassegnastampa-totustuus.it\/cattolica\/wp-json\/wp\/v2\/media?parent=118"}],"wp:term":[{"taxonomy":"category","embeddable":true,"href":"https:\/\/www.rassegnastampa-totustuus.it\/cattolica\/wp-json\/wp\/v2\/categories?post=118"},{"taxonomy":"post_tag","embeddable":true,"href":"https:\/\/www.rassegnastampa-totustuus.it\/cattolica\/wp-json\/wp\/v2\/tags?post=118"}],"curies":[{"name":"wp","href":"https:\/\/api.w.org\/{rel}","templated":true}]}}