{"id":1177,"date":"2005-08-12T00:00:00","date_gmt":"2005-08-11T22:00:00","guid":{"rendered":""},"modified":"2015-11-30T12:25:02","modified_gmt":"2015-11-30T11:25:02","slug":"1936-lassalto-al-cielo-la-guerra-civile-spagnola-le-cause-dell","status":"publish","type":"post","link":"https:\/\/www.rassegnastampa-totustuus.it\/cattolica\/1936-lassalto-al-cielo-la-guerra-civile-spagnola-le-cause-dell\/","title":{"rendered":"1936. &#8220;L&#8217;assalto al cielo&#8221; : la guerra civile spagnola. Le cause dell&#8217; &#8220;alzamiento&#8221;"},"content":{"rendered":"<div style=\"text-align: center;\"><a href=\"https:\/\/www.rassegnastampa-totustuus.it\/cattolica\/wp-content\/uploads\/2005\/08\/guerra-Spagna1.jpg\"><img loading=\"lazy\" decoding=\"async\" class=\"alignleft wp-image-28295\" src=\"https:\/\/www.rassegnastampa-totustuus.it\/cattolica\/wp-content\/uploads\/2005\/08\/guerra-Spagna1.jpg\" alt=\"guerra Spagna\" width=\"139\" height=\"200\" \/><\/a>Articolo pubblicato su <strong>Cristianit\u00e0<\/strong> n. 258<\/div>\n<p style=\"text-align: center;\">di<strong> Estanislao Cantero Nu\u00f1ez<\/strong><\/p>\n<p><!--more--><\/p>\n<div style=\"text-align: center;\"><strong>1. Introduzione<br \/>\n<\/strong><\/div>\n<p style=\"text-align: justify;\">Trattare delle cause dell&#8217;alzamiento nazionale del luglio del 1936 non equivale a trattare delle cause di una guerra durata quasi tre anni. Con altre concause, quella principale di quest&#8217;ultima fu proprio il fallimento dell&#8217;alzamiento, che era stato concepito come un golpe militare destinato a trionfare in pochi giorni. Quindi non tratter\u00f2 delle cause della guerra, pi\u00f9 ampie di quelle dell&#8217;alzamiento &#8211; anche esse furono le cause immediate di quella &#8211; e determinanti il prolungarsi del conflitto armato.<\/p>\n<p style=\"text-align: justify;\">Cos\u00ec accade, per esempio, con la cosiddetta internazionalizzazione del conflitto dovuta alla partecipazione di truppe e di materiali stranieri; ovvero con la caparbiet\u00e0 della parte rossa nel prolungare il conflitto anche in assenza di ogni ragionevole speranza di vittoria, almeno dopo due avvenimenti cruciali.<\/p>\n<p style=\"text-align: justify;\">Il primo si verific\u00f2 quando, dopo il fallimento dell&#8217;offensiva di Teruel, l&#8217;avanzata delle truppe nazionali produsse la divisione della sua zona in due, raggiungendo il Mediterraneo il 15 aprile 1938; il secondo, dopo la sconfitta nella battaglia dell&#8217;Ebro, il 18 novembre dello stesso anno. In entrambi i casi erano gi\u00e0 falliti i tentativi dei rossi di far intervenire in Spagna la Francia e la Gran Bretagna contro i nazionali, perch\u00e9 le manovre del ministro della Difesa Indalecio Prieto y Tuero, a Parigi agli inizi del 1938, risultarono infruttuose e nel settembre dello stesso anno vennero firmati gli accordi di Monaco.<\/p>\n<p style=\"text-align: justify;\">E, soprattutto, era fallito il tentativo di nascondere al mondo la rivoluzione che si era prodotta contro la Repubblica nella zona rossa: &#8220;il grande inganno&#8221; dei repubblicani &#8211; come lo qualific\u00f2 Jos\u00e9 Mar\u00eda Garc\u00eda Escudero &#8211; consistente nel continuare a presentare la Repubblica come un regime democratico, quando un tale regime era morto a opera di socialisti, di comunisti e di anarchici.Allo stesso modo, parlare delle cause dell&#8217;alzamiento non equivale a parlare delle cause, delle motivazioni e delle origini immediate del regime iniziato durante la guerra e istituito dopo la vittoria.<\/p>\n<p style=\"text-align: justify;\">Se l&#8217;alzamiento avesse trionfato in breve oppure se la guerra fosse durata pochi mesi, l&#8217;esito politico sarebbero stato, con ogni evidenza, diverso.<\/p>\n<p style=\"text-align: justify;\">Mi accingo, dunque, a trattare esclusivamente delle cause all&#8217;origine dell&#8217;alzamiento militare del luglio del 1936 e della motivazione popolare, che provoc\u00f2 immediatamente un arruolamento volontario nelle file nazionali. Ma, prima di tutto, mi interessa sottolineare, fin dall&#8217;inizio, la falsit\u00e0 di alcune versioni dei fatti attualmente pi\u00f9 diffuse.<\/p>\n<p style=\"text-align: justify;\">La versione &#8220;politica&#8221; e &#8220;ideologica&#8221;, diffusa in Spagna soprattutto dopo la nuova restaurazione che ha rotto con la legalit\u00e0 precedente, secondo cui l&#8217;alzamiento fu soltanto la sollevazione &#8211; illegale &#8211; dei militari contro la legittimit\u00e0 della Repubblica, \u00e8 semplicemente propaganda, ma non storia, anche se buona parte di quanti si definiscono storici, e tali sono generalmente considerati, ha contribuito a diffonderla.<\/p>\n<p style=\"text-align: justify;\">Ancor meno si pu\u00f2 sostenere che fu una sollevazione del fascismo contro la democrazia; e neppure una reazione borghese o delle classi dominanti in difesa dei loro privilegi di classe, come con assoluta sfacciataggine afferma Manuel Tu\u00f1\u00f3n de Lara, il tutto dovuto al fatto che la destra non accett\u00f2 la propria sconfitta elettorale nel febbraio del 1936; oppure che si tratt\u00f2 di una ribellione dei militari, delle classi conservatrici e della Chiesa contro la ragione e la libert\u00e0 incarnate in una Repubblica, che aveva tentato senza successo di condurle a una soluzione moderna, come con completo misconoscimento dei fatti ha proposto Aldo Garosci.<\/p>\n<p style=\"text-align: justify;\">L&#8217;alzamiento fu soltanto un pronunciamiento o golpe militare contro un sistema politico che aveva dimostrato in modo inequivoco non solo la propria inettitudine, ma la propria arbitrariet\u00e0 e conculcato le basi elementari di ogni Stato di diritto. In s\u00e9 stesso, fu solamente la reazione di alcuni militari, che non potevano assistere inerti alla distruzione della loro patria nel disordine, nel settarismo, nel partitismo e nell&#8217;anarchia, tutto questo tollerato, auspicato e perfino provocato dallo stesso governo della nazione.<\/p>\n<p style=\"text-align: justify;\">Quando si verific\u00f2 l&#8217;alzamiento, il governo era privo di ogni legittimit\u00e0 d&#8217;esercizio e il sistema instaurato con il golpe dell&#8217;aprile del 1931 aveva mostrato in modo definitivo la sua radicale incapacit\u00e0 di garantire la convivenza. Tanto l&#8217;uno che l&#8217;altro erano falliti facendo scomparire le sia pur minime condizioni di imparzialit\u00e0, di mantenimento dell&#8217;ordine pubblico e di orientamento della res publica al bene comune, esigibili da ogni governo.<\/p>\n<p style=\"text-align: center;\"><strong>2. Il significato della religione cattolica per la Spagna<\/strong><\/p>\n<p style=\"text-align: justify;\">Tuttavia, per comprendere l&#8217;alzamiento in tutta la sua portata \u00e8 necessario trattare &#8211; anche se brevemente &#8211; della storia di Spagna e specialmente della Seconda Repubblica. Infatti, anche se gli avvenimenti verificatisi dopo le elezioni del febbraio del 1936 furono determinanti per scatenare l&#8217;alzamiento, \u00e8 certo che questo fu possibile grazie a determinate concause, che si produssero fin dall&#8217;avvento della Repubblica e che esplosero dopo tali elezioni.<\/p>\n<p style=\"text-align: justify;\">Tuttavia, se il comportamento di governo e politico dopo le elezioni fosse stato diverso, l&#8217;alzamiento non si sarebbe verificato. Cos\u00ec, questo fatto si inquadra, prolungandole, nelle lotte e nelle guerre che si verificarono in Spagna fra la Rivoluzione e la Contro-Rivoluzione.<\/p>\n<p style=\"text-align: justify;\">Al verificarsi della rottura della Cristianit\u00e0 medievale &#8211; culminata con la pace di Westfalia del 1648 ma preceduta dalla rottura religiosa di Lutero, da quella etica di Machiavelli, politica di Bodin e giuridica di Grozio e di Hobbes &#8211; l&#8217;Europa abbandon\u00f2 il cammino che aveva percorso fino ad allora. Mentre si costruiva l&#8217;Europa moderna a spese della Cristianit\u00e0 antica, la Spagna segu\u00ec una strada diversa, la stessa seguita dall&#8217;Europa fino ad allora.<\/p>\n<p style=\"text-align: justify;\">Cos\u00ec, trasfer\u00ec dall&#8217;altra parte dell&#8217;Oceano una nuova Cristianit\u00e0 e lott\u00f2 contro la nuova Europa, finch\u00e9, stremata, si chiuse in s\u00e9 stessa; e si mantenne su questa via non solo durante i secoli XVI e XVII, ma anche durante il secolo XVIII: i &#8220;lumi&#8221; spagnoli furono diversi da quelli europei, dal momento che la Spagna rimase sostanzialmente cattolica e, alla fine del secolo, la guerra del 1793 contro la Rivoluzione francese fu autenticamente popolare.<\/p>\n<p style=\"text-align: justify;\">Il fatto \u00e8 che, se l&#8217;Europa &#8211; l&#8217;Europa della Cristianit\u00e0 &#8211; fu in gran parte opera della religione cattolica e della Chiesa, nel caso della Spagna e degli spagnoli tale opera fu determinante per il suo essere. Questo fino al punto che, da quando esiste la Spagna come entit\u00e0 politica coesa e differenziata, la si trova vincolata alla tradizione cattolica come parte costitutiva della sua tradizione politica, plasmata in leggi, in istituzioni, in forme di vita e in stili di comportamento. La sua unit\u00e0 poggi\u00f2 sulla solida base dell&#8217;unit\u00e0 cattolica.<\/p>\n<p style=\"text-align: justify;\">&#8220;L&#8217;instaurazione dei comandamenti di Cristo come leggi per il vivere sociale&#8221;, secondo l&#8217;espressione di Francisco El\u00edas de Tejada y Sp\u00ednola, o la sottomissione della politica alla dottrina cattolica per la maggior gloria di Dio e per il bene delle anime riassumono in modo adeguato tale qualit\u00e0 costitutiva. Cos\u00ec, la Spagna e gli spagnoli si forgiano, si sviluppano e maturano nell&#8217;opposizione plurisecolare all&#8217;islam e al protestantesimo, nella difesa, nella diffusione e nel rafforzamento della Cristianit\u00e0.<\/p>\n<p style=\"text-align: justify;\">Lo si percepisce con chiarezza, oltre che nei testi teologici, filosofici, giuridici, politici e apologetici, che dal Medioevo giungono ai nostri giorni senza soluzione di continuit\u00e0, nelle successive guerre contro la Rivoluzione: guerra del 1793, guerra d&#8217;indipendenza del 1808, guerra realista del 1821 e le tre guerre carliste del secolo XIX. Ebbene, l&#8217;alzamiento del 1936 fu, in larga misura, continuazione e culmine di tale traiettoria.<\/p>\n<p style=\"text-align: justify;\">Tuttavia, questo stato di cose cambi\u00f2 radicalmente durante il secolo XIX. Dopo la fioritura patriottica della guerra di Indipendenza contro l'&#8221;empio francese&#8221;, in cui si combatt\u00e8 per la religione, per la patria e per il re &#8211; specialmente per la prima -, il liberalismo nascente si impose a Cadice, in un parlamento per nulla rappresentativo, che volse le spalle al popolo spagnolo e produsse il liberalismo politico, il quale avrebbe fatto di quello il secolo dell&#8217;anticlericalismo, il pi\u00f9 contrario alla nostra storia e il pi\u00f9 avverso alla religione cattolica e alla Chiesa; il secolo della vendita dei beni ecclesiastici per creare una classe politica affezionata al nuovo regime, dell&#8217;espulsione del nunzio pontificio e della rottura con Roma, dei massacri di frati, del lento venir meno dell&#8217;insegnamento religioso, il secolo delle guerre popolari carliste contro il liberalismo per restaurare una politica e uno Stato cattolici, il secolo del continuo e quasi permanente scontro del potere con la Chiesa e con la religione cattolica.<\/p>\n<p style=\"text-align: justify;\">Cos\u00ec, la lotta secolare della Spagna si trasfer\u00ec all&#8217;interno di essa. Nel corso del secolo, conquistata parte delle classi dirigenti alle idee sorte con la Rivoluzione francese, lo scontro passa a svolgsi all&#8217;interno della Spagna. Il bersaglio essenziale degli attacchi della Rivoluzione, in un modo o nell&#8217;altro, fu costituito dalla Chiesa e dalla religione cattolica e, di conseguenza, dai diritti dei cattolici. Ma, nonostante tutti gli sforzi della Rivoluzione, la nazione rimase nel corso del secolo essenzialmente e naturaliter cattolica.<\/p>\n<p style=\"text-align: justify;\">La restaurazione operata da Antonio C\u00e1novas del Castillo &#8211; che port\u00f2 sul trono di Spagna Alfonso XII, figlio di Isabella II, del ramo liberale dei Borboni &#8211; comport\u00f2, in modo simile a quello delle posizioni moderate del regno di sua madre, una relativa breve parentesi nell&#8217;agonia sofferta dalla Spagna.<\/p>\n<p style=\"text-align: justify;\">Ma la falsit\u00e0 dell&#8217;alternanza politica, l&#8217;esito disastroso della guerra del &#8217;98 con gli Stati Uniti d&#8217;America &#8211; che comport\u00f2 la perdita, fra l&#8217;altro, di Cuba, delle Filippine e di Puerto Rico -, la guerra d&#8217;Africa, la sostituzione del paese reale con il paese legale, e, in definitiva, la sua incapacit\u00e0, portarono alla dittatura di Miguel Primo de Rivera Orbaneja che, alla fine, privo di veri princ\u00ecpi politici che permettessero di cambiare la rotta della monarchia verso i princ\u00ecpi della tradizione politica spagnola, fall\u00ec tornando alla &#8220;normalit\u00e0&#8221;.<\/p>\n<p style=\"text-align: center;\"><strong>3. La Repubblica<\/strong><\/p>\n<p style=\"text-align: justify;\"><strong>3.1. <em>L&#8217;illegalit\u00e0 originaria<\/em><\/strong><\/p>\n<p style=\"text-align: justify;\">In questa &#8220;normalit\u00e0&#8221; si svolsero elezioni municipali il 12 aprile 1931 e l&#8217;instaurazione della Repubblica avvenne il 14 aprile.<\/p>\n<p style=\"text-align: justify;\">\u00c8 anzitutto necessario ricordare che l&#8217;instaurazione repubblicana fu contraria al diritto, perch\u00e9 in nessun momento, nelle elezioni, fu messa in questione la forma di governo, non si tratt\u00f2 neppure di elezioni legislative e la maggioranza dei consiglieri comunali eletti apparteneva a liste monarchiche, che vennero per\u00f2 sconfitte nelle citt\u00e0 dove persero in 41 dei 50 capoluoghi di provincia.<\/p>\n<p style=\"text-align: justify;\">La Repubblica si insedi\u00f2, dunque, in conseguenza de &#8220;la vulnerabilit\u00e0 psicologica della Monarchia&#8221; e dello scetticismo politico dello stesso re &#8211; come ha segnalato Eugenio Vegas Latapie &#8211; manifestato con l&#8217;abbandono del potere, che consegn\u00f2 al Comitato rivoluzionario. Nonostante un esordio tanto illegale e illegittimo, \u00e8 certo che la Repubblica fu accettata, con maggiore o minor gradimento, o anche senza nessun gradimento, dalla maggioranza del popolo spagnolo.<\/p>\n<p style=\"text-align: justify;\">E, anche se nel peggiore dei casi era stata accettata come un fatto compiuto, la accettarono anche le destre, salvo un piccolo gruppo di monarchici alfonsini &#8211; la cui figura pi\u00f9 rappresentativa fu Eugenio Vegas Latapie -, i carlisti e i tradizionalisti.<\/p>\n<p style=\"text-align: justify;\">Tanto la gerarchia ecclesiastica quanto le &#8220;destre&#8221; cattoliche accettarono la Repubblica. Cos\u00ec, anche se la Chiesa non diede nessuna indicazione, come aveva fatto precedentemente in Francia nel 1892 a favore del ralliement con la Repubblica, fin dal suo inizio, gi\u00e0 a partire dal Governo Provvisorio, l&#8217;accolse con la migliore disposizione, sperando non fosse settaria e cercasse il bene comune, come disse Isidro Gom\u00e1 y Tom\u00e1s, allora vescovo di Tarazona. Se l&#8217;episcopato aveva timori, in generale, non li manifest\u00f2.<\/p>\n<p style=\"text-align: justify;\">Solo dopo la legislazione settaria persecutoria di cui fu oggetto e i fatti permessi contro la Chiesa, protest\u00f2 duramente, bench\u00e9 senza smettere di predicare la sottomissione ai poteri di fatto. Anche il cardinal Pedro Segura y S\u00e1enz, arcivescovo primate di Toledo, predic\u00f2 la sottomissione a tali poteri. L&#8217;episcopato indic\u00f2 il dovere di coscienza di rispettare e di ubbidire alle autorit\u00e0 costituite e l&#8217;obbligo di collaborare al bene comune e al mantenimento dell&#8217;ordine sociale.<\/p>\n<p style=\"text-align: justify;\">Quanto alle altre &#8220;destre&#8221;, i rappresentanti &#8211; autentici o no, il che costituisce gi\u00e0 un altro problema che ci allontana dal tema &#8211; della parte di gran lunga pi\u00f9 numerosa della destra cattolica passarono, in breve tempo, dal sostenere il carattere accidentale delle forme di governo e la sottomissione &#8211; posizione assolutamente legittima in un regime che ritenevano fosse di libert\u00e0 e di diritti &#8211; all&#8217;adesione alla Repubblica.<\/p>\n<p style=\"text-align: justify;\">Le due personalit\u00e0 pi\u00f9 rappresentative e importanti a questo riguardo furono \u00c1ngel Herrera Oria, direttore del periodico madrileno El Debate, tipico rappresentante del democratismo cristiano, e il dirigente della CEDA, la Confederaci\u00f3n Espa\u00f1ola de Derechas Aut\u00f3nomas, Jos\u00e9 Mar\u00eda Gil Robles, il cui padre, il cattedratico di Diritto Politico Enrique Gil Robles, era stato uno delle maggiori figure del tradizionalismo. Dopo le elezioni del 1933 non rimase nessun dubbio sul fatto che erano legati alla forma repubblicana, eliminando definitivamente ogni collegamento con i monarchici. Tuttavia, continuarono a essere &#8220;sospettosi&#8221;.<\/p>\n<p style=\"text-align: justify;\"><strong>3.2. <em>Il sinistrismo intrinseco<\/em><\/strong><\/p>\n<p style=\"text-align: justify;\">Nonostante ci\u00f2, fin dall&#8217;inizio, la Repubblica si identific\u00f2 con la sinistra. Jos\u00e9 Luis Comellas ha indicato due caratteristiche nefaste che, alla fine, contribuirono considerevolmente a rendere la Repubblica inattuabile e, di conseguenza, anticiparono la guerra civile. La prima di esse fu l&#8217;identificazione di Repubblica e di democrazia, in modo tale che i monarchici, quelli che si professavano tali, venivano perseguitati come si perseguitavano quanti erano sospettati di esserli, anche se non facevano manifestazioni o attivit\u00e0 contro la Repubblica.<\/p>\n<p style=\"text-align: justify;\">La seconda &#8211; a mio giudizio dalle conseguenze molto maggiori &#8211; fu l&#8217;identificazione della Repubblica con la sinistra. Per complesso di inferiorit\u00e0, per timore, per opportunismo o per altre ragioni, \u00e8 certo che fino alle elezioni del 1933, come afferma Jos\u00e9 Luis Comellas, vi era un solo modo di essere repubblicano: essere di sinistra o manifestarsi tale. E la sinistra era una sinistra radicalizzata, anticattolica, massonica e, in parte, bolscevizzante.<\/p>\n<p style=\"text-align: justify;\">Questo produsse, da un lato, una politica governativa di sinistra; dall&#8217;altro, il fatto che, quando la destra vince le elezioni, le si nega la partecipazione al governo, in quanto sospetta di &#8220;infedelt\u00e0&#8221;; e che, quando entra nel governo con tre soli ministri &#8211; pur essendo la pi\u00f9 consistente minoranza parlamentare -, si scatenino la rivoluzione dell&#8217;ottobre del 1934 e, successivamente, nel febbraio del 1936, ogni genere di arbitrii e di illegalit\u00e0.<\/p>\n<p style=\"text-align: justify;\">Insomma, alla destra e al cattolicesimo venne negato il diritto alla partecipazione e quasi all&#8217;esistenza; il suo ruolo consisteva nel sopportare quanto decideva la sinistra. Qualsiasi cambiamento essa intendesse fare &#8211; fondato sulla legalit\u00e0 repubblicana &#8211; provocava immediatamente la protesta e la minaccia da parte della sinistra. Quindi non si trattava di un regime che ammettesse la divergenza all&#8217;interno della legalit\u00e0, e, di conseguenza, che accettasse le regole del gioco che aveva proclamate. A questo si devono aggiungere il caos, l&#8217;anarchia e il disordine endemico.<\/p>\n<p style=\"text-align: justify;\">Alcuni fatti serviranno per illustrare la situazione. Non era passato un mese quando ebbe luogo l&#8217;incendio di conventi in tutta la Spagna con la tolleranza, prossima alla connivenza, delle autorit\u00e0 repubblicane, dato che il ministro degli Interni, Miguel Maura, era stato precedentemente avvertito di quanto stava per succedere e, iniziati i disordini, il governo si rifiut\u00f2 di intervenire.<\/p>\n<p style=\"text-align: justify;\">L&#8217;11 maggio cominci\u00f2 a Madrid l&#8217;incendio di conventi e di luoghi religiosi, al quale seguirono i saccheggi e gli incendi delle citt\u00e0 di Siviglia, Malaga &#8211; dove furono saccheggiati e bruciati 48 edifici religiosi -, Cadice, Valenza, Alicante, Murcia, Granada&#8230; In due giorni, grazie alla passivit\u00e0 delle autorit\u00e0, oltre un centinaio di chiese e di edifici religiosi fu saccheggiato e distrutto dalle fiamme. Il 17 maggio fu espulso dalla Spagna il vescovo di Vitoria, Mateo M\u00fagica, per essersi rifiutato di rimandare la visita pastorale in Guip\u00fazcoa e in Vizcaya; il 14 giugno fu espulso il cardinal Pedro Segura y S\u00e1enz.<\/p>\n<p style=\"text-align: justify;\">Ma, se di fronte a questi fatti si era sostenuto che il recente cambiamento politico aveva colto di sorpresa il governo, gli articoli 26 e 27 della Costituzione del 9 dicembre 1931, assolutamente contrari alla Chiesa, agli ordini religiosi e ai diritti dei cattolici furono la prova assolutamente indiscutibile del suo settarismo. Il fatto permise a Manuel Aza\u00f1a y D\u00edaz di proclamare che la &#8220;Spagna ha cessato di essere cattolica&#8221;.<\/p>\n<p style=\"text-align: justify;\">A quanto detto fece seguito l&#8217;espulsione della Compagnia di Ges\u00f9, altri incendi di conventi, uccisioni di sacerdoti, la legge sulle confessioni e le congregazioni religiose, la proibizione delle processioni in alcuni luoghi, l&#8217;usurpazione dei beni della Chiesa, la proibizione dell&#8217;insegnamento da parte degli ordini religiosi, la secolarizzazione dei cimiteri, al punto che la legislazione anticattolica provoc\u00f2 la condanna perentoria da parte di Papa Pio XI nell&#8217;enciclica Dilectissima nobis, del 3 giugno 1933; perci\u00f2, come ha sottolineato Francisco Jos\u00e9 Fern\u00e1ndez de la Cigo\u00f1a assolutamente a ragione, la Chiesa non ebbe pace durante la Repubblica.<\/p>\n<p style=\"text-align: justify;\">Nonostante tutto, non mancano &#8220;storici&#8221; come Ram\u00f3n Tamames che, contro la verit\u00e0 pi\u00f9 elementare, affermano che &#8220;la Chiesa avrebbe potuto adottare una posizione di accordo con il nuovo regime, ma non lo fece&#8221;, imputandole la responsabilit\u00e0 del problema religioso per non aver voluto tale accordo, quando in realt\u00e0 quello che le si offriva e da essa si pretendeva era il suo annientamento. La pace che si offriva alla Chiesa era la pace dei morti.<\/p>\n<p style=\"text-align: justify;\">Il radicalismo della Repubblica, cio\u00e8 il suo estremismo, fu una delle caratteristiche principali, che la rese inattuabile. Il repubblicano Jos\u00e9 Ortega y Gasset, gi\u00e0 il 9 settembre 1931 esclamava il suo famoso &#8220;\u00a1No es esto, non es esto!&#8221;, di fronte alla violenza e all&#8217;arbitrio partitico, all&#8217;intenzione di schiacciare il vinto, quando non vi erano n\u00e9 vincitori n\u00e9 vinti.<\/p>\n<p style=\"text-align: justify;\"><strong>3.3. <em>L&#8217;impossibile &#8220;buona Repubblica&#8221;: la rivoluzione delle Asturie<\/em><\/strong><\/p>\n<p style=\"text-align: justify;\">Seguono due anni di politica di sinistra &#8211; dal 14 aprile 1931 al 19 novembre 1933 &#8211; caratterizzati dalla dubbia rappresentativit\u00e0 delle elezioni per le Cortes costituenti del 28 giugno 1931; dalla &#8220;legge di difesa della Repubblica&#8221;, del 30 ottobre 1931, che rimase in vigore fino al 1933 e che permetteva di sospendere le garanzie costituzionali; dalla persecuzione dei monarchici, dalla politica assolutamente settaria contro la Chiesa e contro tutto quanto aveva un significato cattolico, dalle frequenti turbative dell&#8217;ordine pubblico, dalla politica contraria all&#8217;esercito presentata con l&#8217;argomentazione surrettizia di una riforma volta a conseguirne l&#8217;efficacia, dai problemi regionali, dai frequenti scioperi, dall&#8217;impoverimento economico, e cos\u00ec via; finalmente, il 19 novembre 1933 le cosiddette destre vincono le elezioni, con 115 deputati della CEDA e 102 radicali di Alejandro Lerroux Garc\u00eda, che rappresentavano il centro.<\/p>\n<p style=\"text-align: justify;\">Nonostante la &#8220;vittoria&#8221;, la &#8220;destra&#8221; propriamente detta, non monarchica, non entr\u00f2 a far parte del governo fino al 4 ottobre dell&#8217;anno seguente. Dal novembre del 1933 al 29 dicembre 1935 si svolge in Spagna un secondo biennio di governo, durante il quale non si pu\u00f2 dire che si visse in un clima di collaborazione sociale e politica caratterizzato da sia pur minime condizioni di pace sociale, perch\u00e9, sebbene alcune importanti questioni migliorassero &#8211; per esempio i rapporti fra Chiesa e Stato, il venir meno delle misure anticattoliche, l&#8217;atteggiamento verso l&#8217;esercito e l&#8217;ordine pubblico -, altre accentuarono la conflittualit\u00e0: gli scioperi organizzati come un autentico movimento di pressione politica rivoluzionaria, la tensione regionalista e separatista..<\/p>\n<p style=\"text-align: justify;\">Ma la pace sociale era insidiata soprattutto dalla permanente minaccia costituita da una sinistra sempre pi\u00f9 radicalizzata di fronte alla possibilit\u00e0 dell&#8217;entrata nel governo della &#8220;destra&#8221; non monarchica, cio\u00e8 repubblicana, nella quale spiccarono i due capi socialisti Indalecio Prieto y Tuero e Francisco Largo Caballero, e i loro organi di stampa, come El socialista, che minacciavano la rivoluzione e incitavano a essa.<\/p>\n<p style=\"text-align: justify;\">Il giorno seguente l&#8217;entrata nel governo di tre ministri della CEDA &#8211; alla Giustizia, al Lavoro e all&#8217;Agricoltura &#8211; il sindacato socialista, l&#8217;UGT, Uni\u00f3n General de Trabajadores, decreta lo sciopero generale rivoluzionario in tutta la Spagna. La rivoluzione scoppia in Catalogna e nelle Asturie e, anche se in Catalogna fallisce, trionfa per quattordici giorni nelle Asturie.<\/p>\n<p style=\"text-align: justify;\">La sera dello stesso giorno 4, grazie all&#8217;unione di socialisti &#8211; PSOE, Partido Socialista Obrero Espa\u00f1ol, e UGT -, CNT &#8211; Confederaci\u00f3n Nacional del Trabajo, il sindacato anarchico -, comunisti e trotzkisti, la rivoluzione si scaten\u00f2 nelle Asturie, dove i comitati rivoluzionari, i soviet, si impadronirono della situazione causando ogni sorta di eccessi, di saccheggi, di distruzioni e di assassinii, finch\u00e9 la ribellione venne definitivamente soffocata il 18 ottobre.<\/p>\n<p style=\"text-align: justify;\">Si tratt\u00f2 di un&#8217;autentica rivoluzione contro la Repubblica auspicata, provocata e diretta da ex ministri del primo biennio e in modo del tutto speciale dai socialisti, con a capo il loro leader Francisco Largo Caballero, detto il &#8220;Lenin spagnolo&#8221;, che controllava il partito. Di fronte alla possibilit\u00e0 del trionfo rivoluzionario, altri partiti di sinistra, estranei alla ribellione, le manifestano il loro appoggio: Izquierda Republicana di Manuel Aza\u00f1a y D\u00edaz, Uni\u00f3n Republicana di Diego Mart\u00ednez Barrio, Partido Nacionalista Republicano di Felipe S\u00e1nchez Rom\u00e1n, e perfino quello conservatore di Miguel Maura. Salvador de Madariaga y Rojo scrisse quel che potremmo chiamare un epitaffio morale, giuridico e politico: &#8220;Nell&#8217;ottobre del 1934 la sinistra perse perfino l&#8217;ombra dell&#8217;autorit\u00e0 morale per condannare la rivolta del 1936&#8221;.<\/p>\n<p style=\"text-align: justify;\"><strong>3.4. <em>Il Fronte Popolare<\/em><\/strong><\/p>\n<p style=\"text-align: justify;\"><span style=\"font-size: 12px;\">Nel febbraio del 1936 si svolgono nuove elezioni, in cui il numero dei suffragi espressi comporta una virtuale parit\u00e0 fra la sinistra e la destra, anche se non \u00e8 cos\u00ec quanto al numero dei seggi perch\u00e9, a causa del sistema elettorale, la sinistra sconfisse ampiamente la destra.<\/span><\/p>\n<p style=\"text-align: justify;\"><span style=\"font-size: 12px;\">La sinistra aveva costituito il Fronte Popolare, una coalizione repubblicano-marxista in cui la scarsa forza dei repubblicani di sinistra non marxisti non avrebbe potuto impedire il conseguimento dell&#8217;obiettivo, gi\u00e0 manifestato da Francisco Largo Caballero il 19 gennaio, di instaurare la dittatura del proletariato.<\/span><\/p>\n<p style=\"text-align: justify;\">La campagna elettorale fu caratterizzata dall&#8217;esacerbazione degli animi insieme alla pressione violenta da parte della sinistra pi\u00f9 radicale. Cos\u00ec, per esempio, Santiago Casares Quiroga &#8211; della Izquierda Republicana, il partito di Manuel Aza\u00f1a y D\u00edaz, era stato ministro della Marina nel Governo Provvisorio e degli Interni nel primo biennio e lo diverr\u00e0 delle Opere Pubbliche con il Fronte Popolare &#8211; aveva annunciato che &#8220;se vinceranno le sinistre il ministro degli Interni dovr\u00e0 essere sordo e cieco per quarantotto ore&#8221;.<\/p>\n<p style=\"text-align: justify;\">Si minacciava anche una guerra civile. Manuel Aza\u00f1a y D\u00edaz dichiarava che non sarebbe stata ammessa una sconfitta delle sinistre, dicendo che queste, &#8220;se le elezioni sono sincere raccoglieranno il voto dei cittadini ma, se non le sono, usciranno dalla via della legalit\u00e0&#8221;; e Francisco Largo Caballero: se non vinciamo le elezioni, &#8220;dovremo arrivare per forza alla guerra civile dichiarata&#8221;.<\/p>\n<p style=\"text-align: justify;\">Dopo le elezioni, il governo abbandon\u00f2 il potere nelle mani del Fronte Popolare prima ancora che venisse effettuato il conteggio di verifica, cos\u00ec che molti incarichi ed edifici pubblici furono occupati, e questo port\u00f2 a una falsificazione delle elezioni gi\u00e0 svolte con la contraffazione di atti, con l&#8217;annullamento di risultati nelle province &#8211; come Granada e Cuenca &#8211; in cui il risultato era stato molto favorevole alla destra, con dichiarazioni di incompatibilit\u00e0, che escludevano i deputati di destra, e con lo svolgimento della seconda tornata in un clima di minacce e di violenze da parte della sinistra.<\/p>\n<p style=\"text-align: justify;\">Le masse di sinistra celebrarono il loro &#8220;trionfo&#8221; all&#8217;alba del 17 con un uragano di violenze, occupazioni, attacchi, incendi di chiese e di conventi, di morti e di feriti. Da quella data cess\u00f2 di esistere non solo l&#8217;ordine pubblico, ma la vita quotidiana nella tranquillit\u00e0 minimale che ci si pu\u00f2 aspettare da uno Stato di diritto. Nel suo intervento alle Cortes il 15 aprile, Jos\u00e9 Calvo Sotelo denuncia 178 incendi e 199 assalti e danneggiamenti a chiese, centri politici e abitazioni private; 74 morti e 345 feriti. Da parte sua, il 16 giugno, Jos\u00e9 Mar\u00eda Gil Robles denuncia, fra gli altri, i seguenti fatti: 160 chiese distrutte, 251 attaccate, 269 morti e 1.287 feriti, oltre ad assalti, scioperi, giornali distrutti e centri politici presi d&#8217;assalto.<\/p>\n<p style=\"text-align: justify;\">Teoricamente esisteva un governo, ma di fatto il potere non stava nelle sue mani perch\u00e9 era incapace di porre fine al disordine e all&#8217;anarchia, e non aveva incertezze a mostrarlo con azioni legali contrarie alla Costituzione. Secondo Jos\u00e9 Mar\u00eda Garc\u00eda Escudero, &#8220;quella era una giungla senza legge&#8221;, e per Stanley Payne il governo &#8220;non fu vittima della sinistra rivoluzionaria, ma suo volontario collaboratore quasi senza eccezione&#8221;.<\/p>\n<p style=\"text-align: justify;\">Cos\u00ec, anche quando in numero di voti vi fu parit\u00e0, tuttavia la prepotenza della sinistra con la connivenza governativa radicalizz\u00f2 il suo atteggiamento &#8211; ben oltre gli stessi desideri di molti suoi votanti -, il che produsse direttamente e caus\u00f2 indirettamente una serie di condizioni e di situazioni, che spingevano velocemente verso un&#8217;imminente guerra civile.<\/p>\n<p style=\"text-align: center;\"><strong>4. L'&#8221;alzamiento&#8221;<\/strong><\/p>\n<p style=\"text-align: justify;\">Per certo fin dall&#8217;inizio vi furono gruppi molto minoritari che tentarono di cospirare contro la Repubblica per far tornare la monarchia rinunciando per\u00f2, bench\u00e9 fossero dottrinalmente continuisti, a tale continuismo e collegandosi alla monarchia tradizionale; anche perch\u00e9 i carlisti, molto meglio organizzati e numerosi, si preparavano da tempo; e pure perch\u00e9 vi fu un tentativo andato a vuoto, la sollevazione del generale Jos\u00e9 Sanjurjo y Sacanell nell&#8217;agosto del 1932, immediatamente fallita.<\/p>\n<p style=\"text-align: justify;\">Ma tutto questo si rivelava inattuabile per mancanza dell&#8217;imprescindibile appoggio dell&#8217;esercito, che non era disposto a darlo, perch\u00e9 non si era ancora giunti all&#8217;abisso, che sarebbe stato successivamente aperto dalla Repubblica e nel quale essa fin\u00ec per precipitarsi.<\/p>\n<p style=\"text-align: justify;\"><strong>4.1. <em>La motivazione dei militari<\/em><\/strong><\/p>\n<p style=\"text-align: justify;\">\u00c8 pure certo che vi furono un&#8217;esposizione dottrinale, occulta o palese, circa la necessit\u00e0 del golpe militare per porre fine agli indirizzi della Repubblica fin dall&#8217;inizio; una fondazione e una giustificazione della ribellione contro il tiranno, collegata alla pi\u00f9 pura tradizione politica spagnola, cos\u00ec come la descrizione di quali avrebbero dovuto essere la politica successiva e lo Stato che avrebbe dovuto venir instaurato; questo emergeva, per esempio, dalle pagine della rivista minoritaria tradizionale Acci\u00f3n Espa\u00f1ola o del quotidiano tradizionalista El Siglo Futuro.<\/p>\n<p style=\"text-align: justify;\">Tuttavia, e senza negare l&#8217;importanza degli elementi esposti, \u00e8 certo che i militari, in genere, mancavano di una formazione dottrinale capace di fondare princ\u00ecpi teorici e pratici per instaurare un nuovo Stato: oggi diremmo che mancavano di una &#8220;ideologia&#8221;. Nella grande maggioranza non erano monarchici, almeno in modo sufficiente per promuovere una restaurazione. Indubbiamente i cospiratori avevano un profondo sentimento di amor di patria &#8211; ragion d&#8217;essere di ogni esercito autentico -, il quale faceva loro vedere che il cammino della sua distruzione sarebbe stato senza ritorno se non cercavano di fermarlo.<\/p>\n<p style=\"text-align: justify;\">Dunque, la motivazione fu evitare la rovina della loro patria e dei propri compatrioti; rendere possibile una convivenza minimalmente umana; ritornare ai diritti e alle libert\u00e0 pi\u00f9 elementari che, a poco a poco, stavano soccombendo; e restaurare l&#8217;imparzialit\u00e0 dello Stato. Cio\u00e8 ristabilire uno Stato in cui non vi fosse pi\u00f9 solamente un mucchio di rovine di dimensioni sempre maggiori. D&#8217;altra parte, se la loro rivolta fosse riuscita, avrebbe impedito una guerra civile nel cui clima gi\u00e0 si viveva.<\/p>\n<p style=\"text-align: justify;\">Inoltre il movimento aveva come unica finalit\u00e0 &#8220;salvare la Spagna&#8221;, restaurare la legge e l&#8217;ordine, farla finita con il malgoverno e con l&#8217;anarchia e, fatta eccezione per alcune prese di posizione estreme all&#8217;origine della situazione, era apolitico. Cos\u00ec, in certe direttive di Jos\u00e9 Sanjurjo y Sacanell e in alcuni bandi militari dei primi momenti, si annuncia la restaurazione della religione cattolica e, nello stesso tempo, si indicano l&#8217;antiliberalismo, l&#8217;antiparlamentarismo e il rifiuto del marxismo come cause del disordine e dell&#8217;anarchia, che giustificavano la decisione di porre fine a tale situazione. In altri bandi e proclami si indicava il suo carattere &#8220;patriottico e repubblicano&#8221;.<\/p>\n<p style=\"text-align: justify;\">La successiva deriva politica dell&#8217;alzamiento fu frutto degli appoggi su cui cont\u00f2 e della durata della guerra. Ma questa \u00e8 un&#8217;altra storia.<\/p>\n<p style=\"text-align: justify;\">Comunque, si pu\u00f2 dire che l&#8217;alzamiento si fece loro malgrado. Infatti, anche quando inizia la vera e propria gestazione della cospirazione, nel marzo del 1936, \u00e8 certo che, se la Repubblica si fosse corretta, come nota Jos\u00e9 Mar\u00eda Garc\u00eda Escudero, si sarebbe fatto marcia indietro: costituiscono prove in questo senso gli avvertimenti del generale Antonio Aranda Mata al capo del governo in marzo, quelli di Emilio Mola Vidal in aprile, quelli del generale Manuel Goded Llopis in giugno o quelli di Francisco Franco Bahamonde in marzo e in giugno.<\/p>\n<p style=\"text-align: justify;\">Tuttavia non si cambi\u00f2 rotta. Non servirono a nulla neppure le richieste di Jos\u00e9 Mar\u00eda Gil Robles &#8211; estraneo alla cospirazione &#8211; negli interventi parlamentari del 15 aprile, del 19 maggio e del 16 giugno, nei quali segnalava che si stava sbarrando la strada a ogni evoluzione politica, si richiedeva un potere pubblico imparziale, perch\u00e9 diversamente sarebbe rimasta soltanto la via della violenza, in quanto almeno la met\u00e0 della nazione non si sarebbe rassegnata a morire.<\/p>\n<p style=\"text-align: justify;\"><strong>4.2.<\/strong> <strong><em>L&#8217;entusiasmo popolare e la nascita di una crociata<\/em><\/strong><\/p>\n<p style=\"text-align: justify;\">L&#8217;affluenza di volontari fin dai primi giorni, specialmente dei carlisti gi\u00e0 organizzati in Navarra, ebbe grande importanza. Tale entusiasmo popolare aveva una fortissima motivazione religiosa, che contrastava con la violentissima persecuzione religiosa immediatamente scatenatasi nella zona rossa in contrasto con la protezione della religione nella zona nazionale. Vi fu, dunque, una componente religiosa spontanea di straordinaria portata.<\/p>\n<p style=\"text-align: justify;\">Cos\u00ec, gran parte dei combattenti nazionali combatteva per molti motivi, ma il principale era &#8220;per la religione&#8221;. Ci si ricollegava, in tal modo, alla tradizione spagnola, che il liberalismo aveva cercato di distruggere nel secolo XIX, un tentativo che ora si tornava a fare per mano del marxismo. Non vi \u00e8 dunque nulla di strano che, per molti, si trattasse di una crociata, anche prima che la Chiesa ufficialmente l&#8217;appoggiasse e la qualificasse come tale. Man mano che il tempo passava e si venivano a conoscere le atrocit\u00e0 della zona rossa, per le persone comuni l&#8217;alzamiento si trasform\u00f2 in crociata e in guerra di liberazione.<\/p>\n<p style=\"text-align: justify;\">Inoltre, la sollevazione fu opera di una parte dell&#8217;esercito, costituita approssimativamente dalla met\u00e0 degli effettivi, con una maggiore percentuale di ufficiali superiori fra i &#8220;lealisti&#8221; e di ufficiali intermedi fra i nazionali. Tuttavia, nonostante il suo fallimento, il sostegno popolare nella zona in cui trionf\u00f2 &#8211; praticamente coincidente con la mappa elettorale della vittoria della destra nel 1936 &#8211; e soprattutto la massiccia affluenza di volontari, non soltanto dei carlisti, permise che potesse prolungarsi in una guerra.<\/p>\n<p style=\"text-align: center;\"><strong>5. Conclusione<\/strong><\/p>\n<p style=\"text-align: justify;\">Oltre a quelli indicati, vi furono altri problemi non risolti durante la Repubblica, alcuni strutturali, altri congiunturali, che contribuirono allo scontro finale: le riforme militari, la politica scolastica, la riforma agraria, la frammentazione dei partiti, le autonomie regionali, il livello di disoccupazione, l&#8217;eccesso di politicizzazione, le inimicizie personali di alcuni politici, e cos\u00ec via. Vi furono pure diverse cause o motivi che spinsero gli spagnoli al clima da guerra civile che, in crescendo, si produsse durante la Repubblica.<\/p>\n<p style=\"text-align: justify;\">Vi furono combattenti volontari da ambo le parti e, prima di giungere a tale esito, la mentalit\u00e0 e la coscienza degli spagnoli era divisa e anche una certa scristianizzazione aveva messo radici in una parte della popolazione. La Repubblica fu incapace di risolvere i problemi ereditati e ne provoc\u00f2 di nuovi, mentre esacerb\u00f2 la divisione fra gli spagnoli.<\/p>\n<p style=\"text-align: justify;\">Pur essendo certa l&#8217;esistenza di queste altre questioni, tuttavia il maggior errore commesso dalla Repubblica, e che alla fine la rese inattuabile, fu il settarismo anticristiano con tutto quanto gli \u00e8 connesso, reso manifesto, senza palliativi, nell&#8217;ottobre del 1931 nel corso del dibattito sul progetto di Costituzione, che era stato elaborato da una Commissione parlamentare a maggioranza socialista.<\/p>\n<p style=\"text-align: justify;\">All&#8217;alzamiento si giunse a causa della volont\u00e0 rivoluzionaria di accettare le regole difettose del gioco democratico solo per giocarle a proprio favore. Il sistema politico dimostr\u00f2 in modo completo la propria incapacit\u00e0 a garantire la convivenza, giocando un importantissimo ruolo scatenante dei conflitti e del progressivo rifiuto nei confronti del potere costituito nella Repubblica, la sua feroce opposizione e persecuzione della Chiesa, della religione cattolica e dei cattolici.<\/p>\n<p style=\"text-align: justify;\">Non \u00e8 necessario insistere sul fatto che il suo maggior errore fu proprio il suo anticristianesimo morboso. La Spagna era stata forgiata in modo tale che la religione cattolica e la Chiesa le erano intrinseche. Al di sopra di qualsiasi altro interesse il suo essere era cattolico. Cos\u00ec, salvo eccezioni, i cattolici si schierarono a favore dei nazionali e contro i rossi. Non avvenne cos\u00ec nel caso del cattolico Partido Nacionalista Vasco che, bench\u00e9 non nella sua totalit\u00e0, si schier\u00f2 per i rossi.<\/p>\n<p style=\"text-align: justify;\">Ci\u00f2 fu dovuto al prevalere degli interessi del separatismo sulla verit\u00e0 e sul bene della religione cattolica, dal momento che si prefer\u00ec una Spagna frantumata e non cattolica a una Spagna unita e cattolica, un eventuale, problematico e non provato bene particolare al bene comune. Come segnalarono i vescovi di Vitoria e di Pamplona, rispettivamente Mateo M\u00fagica e Marcelino Olaechea, nella loro lettera pastorale del 6 agosto 1936, anteposero la politica alla religione.<\/p>\n<p style=\"text-align: justify;\">Dal punto di vista giuridico l&#8217;alzamiento fu l&#8217;espressione pratica del diritto di ribellione di fronte a un potere che era degenerato fino a divenire illegittimo. Si tratta di dottrina tradizionale sostenuta in Spagna da teologi, da moralisti e da giuristi classici. In questo modo ci si collegava, almeno parzialmente, alla sua tradizione plurisecolare, rendendo possibile alla libert\u00e0 e al diritto di imporsi nuovamente.<\/p>\n<p style=\"text-align: justify;\">\u00c8 stata pienamente dimostrata l&#8217;ipocrisia di quanti tacevano i crimini del socialismo reale, giustificando il regime con ogni tipo di argomenti. La Repubblica spagnola non era una semplice forma di governo, ma aspir\u00f2 a essere uno stile di vita e una visione del mondo. Il socialismo di allora era completamente marxista e intendeva instaurare il socialismo reale, anche quando i suoi promotori non si chiamavano comunisti o divergevano da loro, che nel luglio del 1936 erano un&#8217;esigua minoranza considerata un satellite di un altro paese.<\/p>\n<p style=\"text-align: justify;\">Probabilmente il fallimento dell&#8217;alzamiento, una volta iniziata la guerra e dopo l&#8217;aiuto sovietico, avrebbe comportato l&#8217;instaurazione di un regime di socialismo reale, cio\u00e8 del marxismo. Fosse anche solo per averlo evitato, il giudizio della storia o &#8211; per meglio dire &#8211; dei nostri contemporanei, dovrebbe essere a suo proposito ampiamente favorevole.<\/p>\n<p style=\"text-align: justify;\">Ma, di nuovo l&#8217;ipocrisia delle democrazie e dei democratici, per non parlare di tutti quelli che continuano a essere legati intellettualmente alla massima secondo cui &#8220;non vi sono nemici a sinistra&#8221; o a quella della &#8220;superiorit\u00e0 morale della sinistra&#8221; &#8211; perfino dopo esser stata documentata ad abundantiam dagli stessi boia la loro falsit\u00e0 -, sostiene che deve prevalere la forma sulla sostanza, l&#8217;ideologia sulla verit\u00e0, l&#8217;utopia sulla realt\u00e0, il pamphlet sulla storia.<\/p>\n<p style=\"text-align: justify;\">Se non si fosse verificato l&#8217;alzamiento si pu\u00f2 ragionevolmente supporre che da quel crescente arbitrio e malgoverno si sarebbe usciti solamente per finire nel socialismo marxista: &#8220;cascare dalla padella nella brace&#8221;.<\/p>\n<p style=\"text-align: justify;\">Un&#8217;altra lezione dell&#8217;alzamiento, dopo sessant&#8217;anni, \u00e8 che i princ\u00ecpi della dottrina cattolica sono gli unici capaci di porre su basi solide la politica vera che cerca il bene comune, al di sopra delle visioni parziali del marxismo, del liberalismo e del democratismo. Papa Giovanni Paolo II continua a ripeterlo, esortando l&#8217;Europa a ritornare alle proprie radici cristiane. Questo fu, con tutte le imperfezioni che si vogliono, il significato dell&#8217;alzamiento nazionale.<\/p>\n<p style=\"text-align: justify;\">Concludo, perch\u00e9 non sarebbe giusto tacerlo, dicendo che l&#8217;alzamiento fu appoggiato dalla maggioranza dei cattolici del mondo, compresi alcuni democristiani, anche se l&#8217;ombra di Jacques Maritain \u00e8 stata troppo grande e ancor oggi continua a esserlo. E fra loro si deve mettere in risalto la posizione del mondo cattolico italiano che, quasi come un sol uomo &#8211; come ha ricordato Marco Invernizzi in occasione del cinquantesimo anniversario dell&#8217;alzamiento -, tenne una posizione sostanzialmente unitaria, in sintonia con quella dei pontefici Pio XI e Pio XII e dei vescovi italiani.<\/p>\n<p style=\"text-align: justify;\">Molti di quei cattolici vennero a combattere nel Corpo Truppe Volontarie, caddero sui campi di Spagna e ormai godono la pace dei giusti.<\/p>\n<p style=\"text-align: justify;\">__________________________<\/p>\n<p style=\"text-align: justify;\"><strong style=\"font-size: 12px;\">Leggi anche:<\/strong><\/p>\n<p style=\"text-align: justify;\"><a style=\"font-size: 12px;\" href=\"https:\/\/www.rassegnastampa-totustuus.it\/cattolica\/?p=1178\">La crociata spagnola<\/a><\/p>\n","protected":false},"excerpt":{"rendered":"<p>Articolo pubblicato su Cristianit\u00e0 n. 258 di Estanislao Cantero Nu\u00f1ez<\/p><p><a class=\"more-link btn\" href=\"https:\/\/www.rassegnastampa-totustuus.it\/cattolica\/1936-lassalto-al-cielo-la-guerra-civile-spagnola-le-cause-dell\/\">Continua a leggere<\/a><\/p>\n","protected":false},"author":6,"featured_media":28295,"comment_status":"closed","ping_status":"open","sticky":false,"template":"","format":"standard","meta":{"footnotes":""},"categories":[89,24],"tags":[2404,640,162],"class_list":["post-1177","post","type-post","status-publish","format-standard","has-post-thumbnail","hentry","category-guerra-di-spagna","category-storia","tag-guerra-di-spagna","tag-spagna","tag-storia-2","item-wrap"],"yoast_head":"<!-- This site is optimized with the Yoast SEO plugin v27.5 - https:\/\/yoast.com\/product\/yoast-seo-wordpress\/ -->\n<title>1936. &quot;L&#039;assalto al cielo&quot; : la guerra civile spagnola. Le cause dell&#039; &quot;alzamiento&quot; - Rassegna Stampa Cattolica<\/title>\n<meta name=\"description\" content=\"Rassegna Stampa Cattolica - Per una cultura che nasce dalla Rivelazione cristiana in conformit\u00e0 alla tradizione e al Magistero della Chiesa in opposizione ad ogni relativismo e totalitarismo\" \/>\n<meta name=\"robots\" content=\"index, follow, max-snippet:-1, max-image-preview:large, max-video-preview:-1\" \/>\n<link rel=\"canonical\" href=\"https:\/\/www.rassegnastampa-totustuus.it\/cattolica\/1936-lassalto-al-cielo-la-guerra-civile-spagnola-le-cause-dell\/\" \/>\n<meta property=\"og:locale\" content=\"it_IT\" \/>\n<meta property=\"og:type\" content=\"article\" \/>\n<meta property=\"og:title\" content=\"1936. &quot;L&#039;assalto al cielo&quot; : la guerra civile spagnola. Le cause dell&#039; &quot;alzamiento&quot; - Rassegna Stampa Cattolica\" \/>\n<meta property=\"og:description\" content=\"Rassegna Stampa Cattolica - Per una cultura che nasce dalla Rivelazione cristiana in conformit\u00e0 alla tradizione e al Magistero della Chiesa in opposizione ad ogni relativismo e totalitarismo\" \/>\n<meta property=\"og:url\" content=\"https:\/\/www.rassegnastampa-totustuus.it\/cattolica\/1936-lassalto-al-cielo-la-guerra-civile-spagnola-le-cause-dell\/\" \/>\n<meta property=\"og:site_name\" content=\"Rassegna Stampa Cattolica\" \/>\n<meta property=\"article:publisher\" content=\"https:\/\/www.facebook.com\/rassegnastampacattolica\" \/>\n<meta property=\"article:published_time\" content=\"2005-08-11T22:00:00+00:00\" \/>\n<meta property=\"article:modified_time\" content=\"2015-11-30T11:25:02+00:00\" \/>\n<meta property=\"og:image\" content=\"https:\/\/www.rassegnastampa-totustuus.it\/cattolica\/wp-content\/uploads\/2005\/08\/guerra-Spagna1.jpg\" \/>\n\t<meta property=\"og:image:width\" content=\"187\" \/>\n\t<meta property=\"og:image:height\" content=\"269\" \/>\n\t<meta property=\"og:image:type\" content=\"image\/jpeg\" \/>\n<meta name=\"author\" content=\"Redazione\" \/>\n<meta name=\"twitter:card\" content=\"summary_large_image\" \/>\n<meta name=\"twitter:creator\" content=\"@rassegnastampa9\" \/>\n<meta name=\"twitter:site\" content=\"@rassegnastampa9\" \/>\n<meta name=\"twitter:label1\" content=\"Scritto da\" \/>\n\t<meta name=\"twitter:data1\" content=\"Redazione\" \/>\n\t<meta name=\"twitter:label2\" content=\"Tempo di lettura stimato\" \/>\n\t<meta name=\"twitter:data2\" content=\"29 minuti\" \/>\n<script type=\"application\/ld+json\" class=\"yoast-schema-graph\">{\"@context\":\"https:\\\/\\\/schema.org\",\"@graph\":[{\"@type\":\"Article\",\"@id\":\"https:\\\/\\\/www.rassegnastampa-totustuus.it\\\/cattolica\\\/1936-lassalto-al-cielo-la-guerra-civile-spagnola-le-cause-dell\\\/#article\",\"isPartOf\":{\"@id\":\"https:\\\/\\\/www.rassegnastampa-totustuus.it\\\/cattolica\\\/1936-lassalto-al-cielo-la-guerra-civile-spagnola-le-cause-dell\\\/\"},\"author\":{\"name\":\"Redazione\",\"@id\":\"https:\\\/\\\/www.rassegnastampa-totustuus.it\\\/cattolica\\\/#\\\/schema\\\/person\\\/08f319d2bd1a0904ad9e2bfb7b15e5c3\"},\"headline\":\"1936. &#8220;L&#8217;assalto al cielo&#8221; : la guerra civile spagnola. Le cause dell&#8217; &#8220;alzamiento&#8221;\",\"datePublished\":\"2005-08-11T22:00:00+00:00\",\"dateModified\":\"2015-11-30T11:25:02+00:00\",\"mainEntityOfPage\":{\"@id\":\"https:\\\/\\\/www.rassegnastampa-totustuus.it\\\/cattolica\\\/1936-lassalto-al-cielo-la-guerra-civile-spagnola-le-cause-dell\\\/\"},\"wordCount\":5888,\"publisher\":{\"@id\":\"https:\\\/\\\/www.rassegnastampa-totustuus.it\\\/cattolica\\\/#organization\"},\"image\":{\"@id\":\"https:\\\/\\\/www.rassegnastampa-totustuus.it\\\/cattolica\\\/1936-lassalto-al-cielo-la-guerra-civile-spagnola-le-cause-dell\\\/#primaryimage\"},\"thumbnailUrl\":\"https:\\\/\\\/www.rassegnastampa-totustuus.it\\\/cattolica\\\/wp-content\\\/uploads\\\/2005\\\/08\\\/guerra-Spagna1.jpg\",\"keywords\":[\"Guerra di Spagna\",\"Spagna\",\"storia\"],\"articleSection\":[\"Guerra di Spagna\",\"Storia\"],\"inLanguage\":\"it-IT\"},{\"@type\":\"WebPage\",\"@id\":\"https:\\\/\\\/www.rassegnastampa-totustuus.it\\\/cattolica\\\/1936-lassalto-al-cielo-la-guerra-civile-spagnola-le-cause-dell\\\/\",\"url\":\"https:\\\/\\\/www.rassegnastampa-totustuus.it\\\/cattolica\\\/1936-lassalto-al-cielo-la-guerra-civile-spagnola-le-cause-dell\\\/\",\"name\":\"1936. \\\"L'assalto al cielo\\\" : la guerra civile spagnola. Le cause dell' \\\"alzamiento\\\" - Rassegna Stampa Cattolica\",\"isPartOf\":{\"@id\":\"https:\\\/\\\/www.rassegnastampa-totustuus.it\\\/cattolica\\\/#website\"},\"primaryImageOfPage\":{\"@id\":\"https:\\\/\\\/www.rassegnastampa-totustuus.it\\\/cattolica\\\/1936-lassalto-al-cielo-la-guerra-civile-spagnola-le-cause-dell\\\/#primaryimage\"},\"image\":{\"@id\":\"https:\\\/\\\/www.rassegnastampa-totustuus.it\\\/cattolica\\\/1936-lassalto-al-cielo-la-guerra-civile-spagnola-le-cause-dell\\\/#primaryimage\"},\"thumbnailUrl\":\"https:\\\/\\\/www.rassegnastampa-totustuus.it\\\/cattolica\\\/wp-content\\\/uploads\\\/2005\\\/08\\\/guerra-Spagna1.jpg\",\"datePublished\":\"2005-08-11T22:00:00+00:00\",\"dateModified\":\"2015-11-30T11:25:02+00:00\",\"description\":\"Rassegna Stampa Cattolica - Per una cultura che nasce dalla Rivelazione cristiana in conformit\u00e0 alla tradizione e al Magistero della Chiesa in opposizione ad ogni relativismo e totalitarismo\",\"breadcrumb\":{\"@id\":\"https:\\\/\\\/www.rassegnastampa-totustuus.it\\\/cattolica\\\/1936-lassalto-al-cielo-la-guerra-civile-spagnola-le-cause-dell\\\/#breadcrumb\"},\"inLanguage\":\"it-IT\",\"potentialAction\":[{\"@type\":\"ReadAction\",\"target\":[\"https:\\\/\\\/www.rassegnastampa-totustuus.it\\\/cattolica\\\/1936-lassalto-al-cielo-la-guerra-civile-spagnola-le-cause-dell\\\/\"]}]},{\"@type\":\"ImageObject\",\"inLanguage\":\"it-IT\",\"@id\":\"https:\\\/\\\/www.rassegnastampa-totustuus.it\\\/cattolica\\\/1936-lassalto-al-cielo-la-guerra-civile-spagnola-le-cause-dell\\\/#primaryimage\",\"url\":\"https:\\\/\\\/www.rassegnastampa-totustuus.it\\\/cattolica\\\/wp-content\\\/uploads\\\/2005\\\/08\\\/guerra-Spagna1.jpg\",\"contentUrl\":\"https:\\\/\\\/www.rassegnastampa-totustuus.it\\\/cattolica\\\/wp-content\\\/uploads\\\/2005\\\/08\\\/guerra-Spagna1.jpg\",\"width\":187,\"height\":269},{\"@type\":\"BreadcrumbList\",\"@id\":\"https:\\\/\\\/www.rassegnastampa-totustuus.it\\\/cattolica\\\/1936-lassalto-al-cielo-la-guerra-civile-spagnola-le-cause-dell\\\/#breadcrumb\",\"itemListElement\":[{\"@type\":\"ListItem\",\"position\":1,\"name\":\"Home\",\"item\":\"https:\\\/\\\/www.rassegnastampa-totustuus.it\\\/cattolica\\\/\"},{\"@type\":\"ListItem\",\"position\":2,\"name\":\"1936. &#8220;L&#8217;assalto al cielo&#8221; : la guerra civile spagnola. Le cause dell&#8217; &#8220;alzamiento&#8221;\"}]},{\"@type\":\"WebSite\",\"@id\":\"https:\\\/\\\/www.rassegnastampa-totustuus.it\\\/cattolica\\\/#website\",\"url\":\"https:\\\/\\\/www.rassegnastampa-totustuus.it\\\/cattolica\\\/\",\"name\":\"Rassegna Stampa Cattolica\",\"description\":\"Per una cultura che nasce dalla Rivelazione cristiana in conformit\u00e0 alla tradizione e al Magistero della Chiesa in opposizione ad ogni relativismo e totalitarismo\",\"publisher\":{\"@id\":\"https:\\\/\\\/www.rassegnastampa-totustuus.it\\\/cattolica\\\/#organization\"},\"alternateName\":\"Rass. Cattolica\",\"potentialAction\":[{\"@type\":\"SearchAction\",\"target\":{\"@type\":\"EntryPoint\",\"urlTemplate\":\"https:\\\/\\\/www.rassegnastampa-totustuus.it\\\/cattolica\\\/?s={search_term_string}\"},\"query-input\":{\"@type\":\"PropertyValueSpecification\",\"valueRequired\":true,\"valueName\":\"search_term_string\"}}],\"inLanguage\":\"it-IT\"},{\"@type\":\"Organization\",\"@id\":\"https:\\\/\\\/www.rassegnastampa-totustuus.it\\\/cattolica\\\/#organization\",\"name\":\"Rassegna Stampa Cattolica\",\"url\":\"https:\\\/\\\/www.rassegnastampa-totustuus.it\\\/cattolica\\\/\",\"logo\":{\"@type\":\"ImageObject\",\"inLanguage\":\"it-IT\",\"@id\":\"https:\\\/\\\/www.rassegnastampa-totustuus.it\\\/cattolica\\\/#\\\/schema\\\/logo\\\/image\\\/\",\"url\":\"https:\\\/\\\/www.rassegnastampa-totustuus.it\\\/cattolica\\\/wp-content\\\/uploads\\\/2014\\\/04\\\/logo-rassegna1.gif\",\"contentUrl\":\"https:\\\/\\\/www.rassegnastampa-totustuus.it\\\/cattolica\\\/wp-content\\\/uploads\\\/2014\\\/04\\\/logo-rassegna1.gif\",\"width\":600,\"height\":163,\"caption\":\"Rassegna Stampa Cattolica\"},\"image\":{\"@id\":\"https:\\\/\\\/www.rassegnastampa-totustuus.it\\\/cattolica\\\/#\\\/schema\\\/logo\\\/image\\\/\"},\"sameAs\":[\"https:\\\/\\\/www.facebook.com\\\/rassegnastampacattolica\",\"https:\\\/\\\/x.com\\\/rassegnastampa9\"]},{\"@type\":\"Person\",\"@id\":\"https:\\\/\\\/www.rassegnastampa-totustuus.it\\\/cattolica\\\/#\\\/schema\\\/person\\\/08f319d2bd1a0904ad9e2bfb7b15e5c3\",\"name\":\"Redazione\",\"image\":{\"@type\":\"ImageObject\",\"inLanguage\":\"it-IT\",\"@id\":\"https:\\\/\\\/secure.gravatar.com\\\/avatar\\\/2fcdf27c78ea025fbdb44e914cc63c72249ffec9dc8aafd5c82b26240ef3f346?s=96&d=mm&r=g\",\"url\":\"https:\\\/\\\/secure.gravatar.com\\\/avatar\\\/2fcdf27c78ea025fbdb44e914cc63c72249ffec9dc8aafd5c82b26240ef3f346?s=96&d=mm&r=g\",\"contentUrl\":\"https:\\\/\\\/secure.gravatar.com\\\/avatar\\\/2fcdf27c78ea025fbdb44e914cc63c72249ffec9dc8aafd5c82b26240ef3f346?s=96&d=mm&r=g\",\"caption\":\"Redazione\"},\"url\":\"https:\\\/\\\/www.rassegnastampa-totustuus.it\\\/cattolica\\\/author\\\/pietroelle\\\/\"}]}<\/script>\n<!-- \/ Yoast SEO plugin. -->","yoast_head_json":{"title":"1936. \"L'assalto al cielo\" : la guerra civile spagnola. Le cause dell' \"alzamiento\" - Rassegna Stampa Cattolica","description":"Rassegna Stampa Cattolica - Per una cultura che nasce dalla Rivelazione cristiana in conformit\u00e0 alla tradizione e al Magistero della Chiesa in opposizione ad ogni relativismo e totalitarismo","robots":{"index":"index","follow":"follow","max-snippet":"max-snippet:-1","max-image-preview":"max-image-preview:large","max-video-preview":"max-video-preview:-1"},"canonical":"https:\/\/www.rassegnastampa-totustuus.it\/cattolica\/1936-lassalto-al-cielo-la-guerra-civile-spagnola-le-cause-dell\/","og_locale":"it_IT","og_type":"article","og_title":"1936. \"L'assalto al cielo\" : la guerra civile spagnola. Le cause dell' \"alzamiento\" - Rassegna Stampa Cattolica","og_description":"Rassegna Stampa Cattolica - Per una cultura che nasce dalla Rivelazione cristiana in conformit\u00e0 alla tradizione e al Magistero della Chiesa in opposizione ad ogni relativismo e totalitarismo","og_url":"https:\/\/www.rassegnastampa-totustuus.it\/cattolica\/1936-lassalto-al-cielo-la-guerra-civile-spagnola-le-cause-dell\/","og_site_name":"Rassegna Stampa Cattolica","article_publisher":"https:\/\/www.facebook.com\/rassegnastampacattolica","article_published_time":"2005-08-11T22:00:00+00:00","article_modified_time":"2015-11-30T11:25:02+00:00","og_image":[{"width":187,"height":269,"url":"https:\/\/www.rassegnastampa-totustuus.it\/cattolica\/wp-content\/uploads\/2005\/08\/guerra-Spagna1.jpg","type":"image\/jpeg"}],"author":"Redazione","twitter_card":"summary_large_image","twitter_creator":"@rassegnastampa9","twitter_site":"@rassegnastampa9","twitter_misc":{"Scritto da":"Redazione","Tempo di lettura stimato":"29 minuti"},"schema":{"@context":"https:\/\/schema.org","@graph":[{"@type":"Article","@id":"https:\/\/www.rassegnastampa-totustuus.it\/cattolica\/1936-lassalto-al-cielo-la-guerra-civile-spagnola-le-cause-dell\/#article","isPartOf":{"@id":"https:\/\/www.rassegnastampa-totustuus.it\/cattolica\/1936-lassalto-al-cielo-la-guerra-civile-spagnola-le-cause-dell\/"},"author":{"name":"Redazione","@id":"https:\/\/www.rassegnastampa-totustuus.it\/cattolica\/#\/schema\/person\/08f319d2bd1a0904ad9e2bfb7b15e5c3"},"headline":"1936. &#8220;L&#8217;assalto al cielo&#8221; : la guerra civile spagnola. Le cause dell&#8217; &#8220;alzamiento&#8221;","datePublished":"2005-08-11T22:00:00+00:00","dateModified":"2015-11-30T11:25:02+00:00","mainEntityOfPage":{"@id":"https:\/\/www.rassegnastampa-totustuus.it\/cattolica\/1936-lassalto-al-cielo-la-guerra-civile-spagnola-le-cause-dell\/"},"wordCount":5888,"publisher":{"@id":"https:\/\/www.rassegnastampa-totustuus.it\/cattolica\/#organization"},"image":{"@id":"https:\/\/www.rassegnastampa-totustuus.it\/cattolica\/1936-lassalto-al-cielo-la-guerra-civile-spagnola-le-cause-dell\/#primaryimage"},"thumbnailUrl":"https:\/\/www.rassegnastampa-totustuus.it\/cattolica\/wp-content\/uploads\/2005\/08\/guerra-Spagna1.jpg","keywords":["Guerra di Spagna","Spagna","storia"],"articleSection":["Guerra di Spagna","Storia"],"inLanguage":"it-IT"},{"@type":"WebPage","@id":"https:\/\/www.rassegnastampa-totustuus.it\/cattolica\/1936-lassalto-al-cielo-la-guerra-civile-spagnola-le-cause-dell\/","url":"https:\/\/www.rassegnastampa-totustuus.it\/cattolica\/1936-lassalto-al-cielo-la-guerra-civile-spagnola-le-cause-dell\/","name":"1936. \"L'assalto al cielo\" : la guerra civile spagnola. Le cause dell' \"alzamiento\" - Rassegna Stampa Cattolica","isPartOf":{"@id":"https:\/\/www.rassegnastampa-totustuus.it\/cattolica\/#website"},"primaryImageOfPage":{"@id":"https:\/\/www.rassegnastampa-totustuus.it\/cattolica\/1936-lassalto-al-cielo-la-guerra-civile-spagnola-le-cause-dell\/#primaryimage"},"image":{"@id":"https:\/\/www.rassegnastampa-totustuus.it\/cattolica\/1936-lassalto-al-cielo-la-guerra-civile-spagnola-le-cause-dell\/#primaryimage"},"thumbnailUrl":"https:\/\/www.rassegnastampa-totustuus.it\/cattolica\/wp-content\/uploads\/2005\/08\/guerra-Spagna1.jpg","datePublished":"2005-08-11T22:00:00+00:00","dateModified":"2015-11-30T11:25:02+00:00","description":"Rassegna Stampa Cattolica - Per una cultura che nasce dalla Rivelazione cristiana in conformit\u00e0 alla tradizione e al Magistero della Chiesa in opposizione ad ogni relativismo e totalitarismo","breadcrumb":{"@id":"https:\/\/www.rassegnastampa-totustuus.it\/cattolica\/1936-lassalto-al-cielo-la-guerra-civile-spagnola-le-cause-dell\/#breadcrumb"},"inLanguage":"it-IT","potentialAction":[{"@type":"ReadAction","target":["https:\/\/www.rassegnastampa-totustuus.it\/cattolica\/1936-lassalto-al-cielo-la-guerra-civile-spagnola-le-cause-dell\/"]}]},{"@type":"ImageObject","inLanguage":"it-IT","@id":"https:\/\/www.rassegnastampa-totustuus.it\/cattolica\/1936-lassalto-al-cielo-la-guerra-civile-spagnola-le-cause-dell\/#primaryimage","url":"https:\/\/www.rassegnastampa-totustuus.it\/cattolica\/wp-content\/uploads\/2005\/08\/guerra-Spagna1.jpg","contentUrl":"https:\/\/www.rassegnastampa-totustuus.it\/cattolica\/wp-content\/uploads\/2005\/08\/guerra-Spagna1.jpg","width":187,"height":269},{"@type":"BreadcrumbList","@id":"https:\/\/www.rassegnastampa-totustuus.it\/cattolica\/1936-lassalto-al-cielo-la-guerra-civile-spagnola-le-cause-dell\/#breadcrumb","itemListElement":[{"@type":"ListItem","position":1,"name":"Home","item":"https:\/\/www.rassegnastampa-totustuus.it\/cattolica\/"},{"@type":"ListItem","position":2,"name":"1936. &#8220;L&#8217;assalto al cielo&#8221; : la guerra civile spagnola. Le cause dell&#8217; &#8220;alzamiento&#8221;"}]},{"@type":"WebSite","@id":"https:\/\/www.rassegnastampa-totustuus.it\/cattolica\/#website","url":"https:\/\/www.rassegnastampa-totustuus.it\/cattolica\/","name":"Rassegna Stampa Cattolica","description":"Per una cultura che nasce dalla Rivelazione cristiana in conformit\u00e0 alla tradizione e al Magistero della Chiesa in opposizione ad ogni relativismo e totalitarismo","publisher":{"@id":"https:\/\/www.rassegnastampa-totustuus.it\/cattolica\/#organization"},"alternateName":"Rass. Cattolica","potentialAction":[{"@type":"SearchAction","target":{"@type":"EntryPoint","urlTemplate":"https:\/\/www.rassegnastampa-totustuus.it\/cattolica\/?s={search_term_string}"},"query-input":{"@type":"PropertyValueSpecification","valueRequired":true,"valueName":"search_term_string"}}],"inLanguage":"it-IT"},{"@type":"Organization","@id":"https:\/\/www.rassegnastampa-totustuus.it\/cattolica\/#organization","name":"Rassegna Stampa Cattolica","url":"https:\/\/www.rassegnastampa-totustuus.it\/cattolica\/","logo":{"@type":"ImageObject","inLanguage":"it-IT","@id":"https:\/\/www.rassegnastampa-totustuus.it\/cattolica\/#\/schema\/logo\/image\/","url":"https:\/\/www.rassegnastampa-totustuus.it\/cattolica\/wp-content\/uploads\/2014\/04\/logo-rassegna1.gif","contentUrl":"https:\/\/www.rassegnastampa-totustuus.it\/cattolica\/wp-content\/uploads\/2014\/04\/logo-rassegna1.gif","width":600,"height":163,"caption":"Rassegna Stampa Cattolica"},"image":{"@id":"https:\/\/www.rassegnastampa-totustuus.it\/cattolica\/#\/schema\/logo\/image\/"},"sameAs":["https:\/\/www.facebook.com\/rassegnastampacattolica","https:\/\/x.com\/rassegnastampa9"]},{"@type":"Person","@id":"https:\/\/www.rassegnastampa-totustuus.it\/cattolica\/#\/schema\/person\/08f319d2bd1a0904ad9e2bfb7b15e5c3","name":"Redazione","image":{"@type":"ImageObject","inLanguage":"it-IT","@id":"https:\/\/secure.gravatar.com\/avatar\/2fcdf27c78ea025fbdb44e914cc63c72249ffec9dc8aafd5c82b26240ef3f346?s=96&d=mm&r=g","url":"https:\/\/secure.gravatar.com\/avatar\/2fcdf27c78ea025fbdb44e914cc63c72249ffec9dc8aafd5c82b26240ef3f346?s=96&d=mm&r=g","contentUrl":"https:\/\/secure.gravatar.com\/avatar\/2fcdf27c78ea025fbdb44e914cc63c72249ffec9dc8aafd5c82b26240ef3f346?s=96&d=mm&r=g","caption":"Redazione"},"url":"https:\/\/www.rassegnastampa-totustuus.it\/cattolica\/author\/pietroelle\/"}]}},"_links":{"self":[{"href":"https:\/\/www.rassegnastampa-totustuus.it\/cattolica\/wp-json\/wp\/v2\/posts\/1177","targetHints":{"allow":["GET"]}}],"collection":[{"href":"https:\/\/www.rassegnastampa-totustuus.it\/cattolica\/wp-json\/wp\/v2\/posts"}],"about":[{"href":"https:\/\/www.rassegnastampa-totustuus.it\/cattolica\/wp-json\/wp\/v2\/types\/post"}],"author":[{"embeddable":true,"href":"https:\/\/www.rassegnastampa-totustuus.it\/cattolica\/wp-json\/wp\/v2\/users\/6"}],"replies":[{"embeddable":true,"href":"https:\/\/www.rassegnastampa-totustuus.it\/cattolica\/wp-json\/wp\/v2\/comments?post=1177"}],"version-history":[{"count":4,"href":"https:\/\/www.rassegnastampa-totustuus.it\/cattolica\/wp-json\/wp\/v2\/posts\/1177\/revisions"}],"predecessor-version":[{"id":28296,"href":"https:\/\/www.rassegnastampa-totustuus.it\/cattolica\/wp-json\/wp\/v2\/posts\/1177\/revisions\/28296"}],"wp:featuredmedia":[{"embeddable":true,"href":"https:\/\/www.rassegnastampa-totustuus.it\/cattolica\/wp-json\/wp\/v2\/media\/28295"}],"wp:attachment":[{"href":"https:\/\/www.rassegnastampa-totustuus.it\/cattolica\/wp-json\/wp\/v2\/media?parent=1177"}],"wp:term":[{"taxonomy":"category","embeddable":true,"href":"https:\/\/www.rassegnastampa-totustuus.it\/cattolica\/wp-json\/wp\/v2\/categories?post=1177"},{"taxonomy":"post_tag","embeddable":true,"href":"https:\/\/www.rassegnastampa-totustuus.it\/cattolica\/wp-json\/wp\/v2\/tags?post=1177"}],"curies":[{"name":"wp","href":"https:\/\/api.w.org\/{rel}","templated":true}]}}