{"id":1169,"date":"2005-08-07T00:00:00","date_gmt":"2005-08-06T22:00:00","guid":{"rendered":""},"modified":"2016-01-21T20:42:12","modified_gmt":"2016-01-21T19:42:12","slug":"grand-hotel-hereford","status":"publish","type":"post","link":"https:\/\/www.rassegnastampa-totustuus.it\/cattolica\/grand-hotel-hereford\/","title":{"rendered":"Grand Hotel Hereford"},"content":{"rendered":"<div style=\"text-align: center;\"><a href=\"https:\/\/www.rassegnastampa-totustuus.it\/cattolica\/wp-content\/uploads\/2005\/08\/Hereford_panorama.jpg\"><img loading=\"lazy\" decoding=\"async\" class=\"alignright wp-image-29560\" src=\"https:\/\/www.rassegnastampa-totustuus.it\/cattolica\/wp-content\/uploads\/2005\/08\/Hereford_panorama.jpg\" alt=\"Hereford_panorama\" width=\"250\" height=\"183\" \/><\/a>\u00a0Pubblicato su <strong>LO STATO<\/strong> N. 18.<\/div>\n<div style=\"text-align: center;\">5 maggio 1998.<\/div>\n<p style=\"text-align: justify;\"><em>E&#8217; il pi\u00f9 famoso lager per soldati italiani nella seconda guerra mondiale. Era in Texas e sar\u00e0 al centro di un film con Raoul Bova. Si riapre cos\u00ec la questione del trattamento riservato al nostri prigionieri da inglesi, francesi e americani. Che infierirono, come i tedeschi e i sovietici, soprattutto con quanti non vollero &#8220;collaborare&#8221; dopo l&#8217;8 settembre.<\/em><\/p>\n<p style=\"text-align: center;\"><span style=\"font-size: 12.222222328186px; text-align: center;\">di<\/span><strong style=\"font-size: 12.222222328186px; text-align: center;\">\u00a0Fabio Andriola<\/strong><\/p>\n<p style=\"text-align: justify;\"><!--more--><\/p>\n<p style=\"text-align: justify;\">Nonostante il titolo non sar\u00e0 una soap opera. Il film che il giovane regista Giorgio Serafini sta girando si chiamer\u00e0 Texas. Una scelta non particolarmente indicativa, di pura segnalazione. Almeno, per\u00f2, tutti capiranno dove si svolge la storia. Se il titolo scelto fosse stato il pi\u00f9 corretto Hereford, si sarebbe capito ancora meno di quello che l&#8217;operazione vuole riportare a galla. Niente a che vedere con Dallas, niente intrighi e pozzi di petrolio sotto il torrido sole texano.<\/p>\n<p style=\"text-align: justify;\">In compenso i Gei Ar abbonderanno, sia per la naturale vocazione alla carognaggine sia per la nazionalit\u00e0. Esagerazioni? Non proprio. Alla storia il dualismo bene-male non \u00e8 mai piaciuto. Chi si scontra con il Male non \u00e8 detto che per forza debba rappresentare il Bene. E sempre stato cos\u00ec. La seconda guerra mondiale non ha fatto eccezione.<\/p>\n<p style=\"text-align: justify;\">E proprio la seconda guerra mondiale ha fatto da prologo e da scenario alla storia di Hereford che ben presto vedremo in Texas. Hereford \u00e8 un nome che dice qualcosa ai cinquemila italiani che, dopo l&#8217;8 settembre 1943, ci hanno vissuto, male come in un lager o in un gulag, alle loro famiglie e a quei pochi che hanno letto i libri scritti da quelli che erano i &#8220;non cooperatori&#8221;, gli abitanti dei &#8220;Fascist Kriminal Camp&#8221;.<\/p>\n<p style=\"text-align: justify;\">Il vizietto di maltrattare i prigionieri di guerra non \u00e8 certo una scoperta recente n\u00e9 una esclusivit\u00e0 (soprattutto per quello che riguarda i prigionieri italiani) di tedeschi e sovietici. Inglesi, francesi e statunitensi maltrattarono i prigionieri di guerra in proporzioni e in modi che rimangono per lo pi\u00f9 ignorati sia dalla grande opinione, sia dai libri di storia scritti per le scuole.<\/p>\n<p style=\"text-align: justify;\">Eppure si \u00e8 trattato di una tragedia che coinvolse migliaia e migliaia di famiglie di soldati italiani che spesso, al loro rientro in patria, dovettero fare i conti con commissioni di epurazione e di verifica del loro comportamento. Infatti, non avendo accettato di collaborare con gli Alleati, che fino a poco prima erano stati i loro nemici, molti prigionieri di guerra italiani vennero iscritti d&#8217;ufficio nella categoria dei &#8220;fascisti&#8221;. Un&#8217;etichetta scomoda nell&#8217;Italia del secondo dopoguerra.<\/p>\n<p style=\"text-align: justify;\">Molti di loro (spesso si trattava di fascisti, ma in molti casi l&#8217;ideologia non pes\u00f2 sulla scelta di non cooperare) hanno raccontato la loro esperienza in libri come Prigionieri nel Texas di Tumiati (Mursia), Fascist Kriminal Camp di Pegolotti (Mondadori), Fascist Camps di Baghino (C. E. N.), e Fascist&#8217;s Criminal Camp scritto da Roberto Mieville, uno dei fondatori del Msi, subito dopo la fine della guerra. \u00abChi ha scritto questo racconto ricorda i camerati assassinati dal detentore dei campi d&#8217;Africa e d&#8217;America nella lunga prigionia\u00bb scriveva Mieville. E concludeva incitando tutti i reduci a fare come lui, a lasciare una testimonianza di quello che era loro capitato: \u00ab &#8230; affinch\u00e9 rimanga documentato che la brutalit\u00e0 e la bestialit\u00e0 non erano patrimonio esclusivo dei detentori tedeschi\u00bb.<\/p>\n<p style=\"text-align: justify;\">Alcuni hanno raccolto l&#8217;invito di Mieville e hanno scritto, altri, come Armando Boscolo hanno accettato di collaborare con Serafini che, prima di mettere in cantiere Texas, aveva gi\u00e0 realizzato il documentario Le mura di sabbia, intervistando prigionieri e guardiani di Hereford. Un documentario che ha avuto un certo successo negli Stati Uniti e nessuna eco in Italia.<\/p>\n<p style=\"text-align: justify;\">Dove del resto non \u00e8 neanche arrivata la mostra che giusto due anni fa, a New York, mise in luce un altro aspetto dell&#8217;atteggiamento persecutorio del governo di Washington nei confronti dei suoi cittadini di origine italiana. Atteggiamento sostenuto oltretutto da una confusione ed una schizofrenia burocratica che molti pensano di esclusivo appannaggio italiano.<\/p>\n<p style=\"text-align: justify;\">Furono circa 600 mila gli italo-americani (e la stessa sorte tocc\u00f2 anche a quanti erano di origine giapponese, gli unici ad aver ottenuto con cinquant&#8217;anni di ritardo scuse e risarcimenti, o tedesca) inquadrati in un regime speciale per tutta la durata della guerra: coprifuoco dalle otto di sera alle sei del mattino, limitazioni agli spostamenti superiori alle cinque miglia (poco pi\u00f9 di otto chilometri), in alcuni casi (migliaia) arrestati e deportati in vari campi di prigionia in California e nel Montana.<\/p>\n<p style=\"text-align: justify;\">A 734 italiani residenti a Londra and\u00f2 anche peggio: caricati nel luglio 1940 sul piroscafo Arandora diretto in Canada vennero affondati da un sottomarino tedesco poche ore dopo la partenza. In una specie di riedizione minimale del Titanic, molti morirono (almeno in 500) per la mancanza di scialuppe e di giubbotti di salvataggio.\u00a0Chi si salv\u00f2 fin\u00ec, con altre migliaia e migliaia di connazionali (compresi non pochi ebrei), in campi di concentramento in Australia e Canada.<\/p>\n<p style=\"text-align: justify;\">E per loro le violenze e i soprusi non furono molto diversi da quelli riservati agli italiani in divisa. In attesa che qualche altro film racconti anche queste storie di civili travolti da una guerra lontana, le luci della ribalta toccano ai militari, soprattutto a quelli di Hereford, un campo non unico, ma a cui il destino ha evidentemente riservato il difficile ruolo di &#8220;simbolo&#8221;.<\/p>\n<p style=\"text-align: justify;\">Un &#8220;simbolo&#8221; per il popolo che l&#8217;abitava: i &#8220;non cooperatori&#8221;, quanti cio\u00e8 non accettarono di aderire alle &#8220;Italian Service Units&#8221;, formazioni con cui gli alleati tentarono di riorganizzare il grosso dei prigionieri di guerra italiani dopo il ribaltamento delle alleanze, l&#8217;8 settembre 1943. Chi non accett\u00f2 di aderire se la pass\u00f2 male a Hereford, ma anche in tanti altri posti, dislocati ai quattro angoli della terra e uniti solo dal fatto di essere lontanissimi dalla patria e situati in luoghi climaticamente ostili: India, Kenia, Stati Uniti, Rhodesia e Sudafrica, Algeria, Marocco, deserto sahariano.<\/p>\n<p style=\"text-align: justify;\">Nel dopoguerra tutto questo ebbe una succursale italiana nel campo di Coltano (allestito in una tenuta agricola presso Pisa) dove trovarono &#8220;ospitalit\u00e0&#8221; oltre 30 mila prigionieri di guerra, per lo pi\u00f9 reduci della Rsi. Si trattava di posti &#8220;frequentati&#8221; da vip: a Hereford furono rinchiusi gli scrittori Giuseppe Berto, Dante Troisi e il pittore Alberto Burri; a Coltano pass\u00f2 lunghi mesi anche l&#8217;insospettabile Walter Chiari.<\/p>\n<p style=\"text-align: justify;\">Ma tra Coltano e Hereford, dai campi australiani o dell&#8217;India fino a quelli africani, le differenze erano di latitudine e di clima, non certo di trattamento, che spesso violava palesemente le convenzioni internazionali. I racconti dei testimoni sono concordi nel ricordare le uccisioni, i maltrattamenti, le vessazioni, le pressioni psicologiche e fisiche per indurre a firmare il foglio d&#8217;adesione alle &#8220;Italian Service Units&#8221;. Spesso non c&#8217;erano baracche per ripararsi e il rancio subiva sostanziose variazioni, al ribasso, ogniqualvolta i responsabili del campo decidevano che dovevano ottenere qualcosa.<\/p>\n<p style=\"text-align: justify;\">Anni fa fece molto rumore il libro di uno storico canadese, James Bacque (Gli altri lager, Mursia), che document\u00f2, forse con qualche esagerazione statistica, la terribile sorte di centinaia di migliaia di soldati tedeschi fatti prigionieri alla fine della guerra e sistematicamente decimati nei campi di concentramento alleati.<\/p>\n<p style=\"text-align: justify;\">Che certi comportamenti siano stati molto diffusi, quindi, non \u00e8 una novit\u00e0. Ma per affermarlo in Italia, dove la corporazione degli storici \u00e8 ossessionata dal revisionismo e da tutto quello che possa mettere in discussione la guerra partigiana e i valori della resistenza, bisogna affidarsi ai registi.<\/p>\n<p style=\"text-align: justify;\">\n<div align=\"center\"><strong>600 mila prigionieri in venti Paesi<\/strong><\/div>\n<div align=\"center\">\n<table border=\"1\" width=\"198\" align=\"center\">\n<tbody>\n<tr>\n<td colspan=\"2\">\n<div align=\"center\"><strong>IN MANO AMERICANA<\/strong><\/div>\n<\/td>\n<\/tr>\n<tr>\n<td>\n<div align=\"justify\">negli <strong>Stati Uniti<\/strong><\/div>\n<\/td>\n<td>\n<div align=\"right\">51.000<\/div>\n<\/td>\n<\/tr>\n<tr>\n<td>\n<div>in <strong>Italia<\/strong><\/div>\n<\/td>\n<td>\n<div align=\"right\">19.000<\/div>\n<\/td>\n<\/tr>\n<tr>\n<td>nell\u2019<strong>Africa del\u00a0nord\u00a0<\/strong><\/td>\n<td>\n<div align=\"right\">9.651<\/div>\n<\/td>\n<\/tr>\n<tr>\n<td>\n<div>in <strong>Francia<\/strong>e <strong>Germania\u00a0\u00a0 <\/strong><\/div>\n<\/td>\n<td>\n<div align=\"right\">43.000<\/div>\n<\/td>\n<\/tr>\n<tr>\n<td>\n<div align=\"left\">totale<\/div>\n<\/td>\n<td>\n<div align=\"right\"><strong>122.651<\/strong><\/div>\n<\/td>\n<\/tr>\n<tr>\n<td><\/td>\n<td><\/td>\n<\/tr>\n<tr>\n<td colspan=\"2\">\n<div align=\"center\"><strong>IN MANO FRANCESE<\/strong><\/div>\n<\/td>\n<\/tr>\n<tr>\n<td>\n<div>nell\u2019<strong>Africa del Nord<\/strong><\/div>\n<\/td>\n<td>\n<div align=\"right\">37.300<\/div>\n<\/td>\n<\/tr>\n<tr>\n<td>\n<div>in <strong>Corsica<\/strong><\/div>\n<\/td>\n<td>\n<div align=\"right\">713<\/div>\n<\/td>\n<\/tr>\n<tr>\n<td>\n<div>nell\u2019 <strong>Africa equatoriale<\/strong><\/div>\n<\/td>\n<td>\n<div align=\"right\">29.227<\/div>\n<\/td>\n<\/tr>\n<tr>\n<td>\n<div>in <strong>Francia<\/strong><\/div>\n<\/td>\n<td>\n<div align=\"right\">292.227<\/div>\n<\/td>\n<\/tr>\n<tr>\n<td>\n<div>totale<\/div>\n<\/td>\n<td>\n<div align=\"right\"><strong>359.467<\/strong><\/div>\n<\/td>\n<\/tr>\n<tr>\n<td><\/td>\n<td><\/td>\n<\/tr>\n<tr>\n<td colspan=\"2\">\n<div align=\"center\"><strong>IN MANO INGLESE<\/strong><\/div>\n<\/td>\n<\/tr>\n<tr>\n<td>in <strong>Inghilterra<\/strong><\/td>\n<td>\n<div align=\"right\">158.029<\/div>\n<\/td>\n<\/tr>\n<tr>\n<td>in <strong>Medio Oriente<\/strong><\/td>\n<td>\n<div align=\"right\">70.001<\/div>\n<\/td>\n<\/tr>\n<tr>\n<td>nell\u2019<strong>Africa Meridionale<\/strong><\/td>\n<td>\n<div align=\"right\">40.794<\/div>\n<\/td>\n<\/tr>\n<tr>\n<td>nell\u2019<strong>Africa Orientale<\/strong><\/td>\n<td>\n<div align=\"right\">53.149<\/div>\n<\/td>\n<\/tr>\n<tr>\n<td>nell\u2019<strong>Africa Occidentale\u00a0<\/strong><\/td>\n<td>\n<div align=\"right\">1.566<\/div>\n<\/td>\n<\/tr>\n<tr>\n<td>\n<div>nell\u2019<strong>India<\/strong><\/div>\n<\/td>\n<td>\n<div align=\"right\">33.302<\/div>\n<\/td>\n<\/tr>\n<tr>\n<td>\n<div>nell\u2019<strong>Australia<\/strong><\/div>\n<\/td>\n<td>\n<div align=\"right\">17.657<\/div>\n<\/td>\n<\/tr>\n<tr>\n<td>\n<div>nel <strong>Canada<\/strong>. <strong>Giamaica<\/strong> e <strong>Aden<\/strong><\/div>\n<\/td>\n<td>\n<div align=\"right\">139<\/div>\n<\/td>\n<\/tr>\n<tr>\n<td>nella <strong>Rhodesia\u00a0<\/strong><\/td>\n<td>\n<div align=\"right\">4.471<\/div>\n<\/td>\n<\/tr>\n<tr>\n<td>a <strong>Malta<\/strong><\/td>\n<td>\n<div align=\"right\">726<\/div>\n<\/td>\n<\/tr>\n<tr>\n<td>a <strong>Gibilterra<\/strong><\/td>\n<td>\n<div align=\"right\">\u00a0541<\/div>\n<\/td>\n<\/tr>\n<tr>\n<td>\n<div>nell\u2019<strong>Africa del Nord\u00a0<\/strong><\/div>\n<\/td>\n<td>\n<div align=\"right\">11.506<\/div>\n<\/td>\n<\/tr>\n<tr>\n<td>in <strong>Italia<\/strong><\/td>\n<td>\n<div align=\"right\">20.000<\/div>\n<\/td>\n<\/tr>\n<tr>\n<td>\n<div>totale<\/div>\n<\/td>\n<td>\n<div align=\"right\"><strong>411.881 <\/strong><\/div>\n<\/td>\n<\/tr>\n<tr>\n<td><\/td>\n<td><\/td>\n<\/tr>\n<tr>\n<td><strong><em>totale generale<\/em><\/strong><\/td>\n<td>\n<div align=\"right\"><strong>602.086<\/strong><\/div>\n<\/td>\n<\/tr>\n<\/tbody>\n<\/table>\n<\/div>\n<p style=\"text-align: center;\">\u00a0_________________________<\/p>\n<p style=\"text-align: center;\"><a href=\"https:\/\/www.rassegnastampa-totustuus.it\/cattolica\/wp-content\/uploads\/2005\/08\/Hereford.jpg\"><img loading=\"lazy\" decoding=\"async\" class=\"aligncenter wp-image-29561 size-full\" src=\"https:\/\/www.rassegnastampa-totustuus.it\/cattolica\/wp-content\/uploads\/2005\/08\/Hereford.jpg\" alt=\"Hereford\" width=\"260\" height=\"118\" \/><\/a><\/p>\n<p style=\"text-align: center;\"><span style=\"font-size: 12px;\">Pubblicato da<\/span><strong style=\"font-size: 12px;\"> VOLONTA\u2019<\/strong><span style=\"font-size: 12px;\"> N. 5. Maggio 1995. <\/span><\/p>\n<p style=\"text-align: center;\"><span style=\"font-size: 12px;\">rassegna mensile dei prigionieri &#8220;non cooperatori&#8221;\u00a0<\/span>C.P. 17164 &#8211; 20170 Milano<\/p>\n<p style=\"text-align: center;\"><strong>LE RAZIONI GIORNALIERE AD HEREFORD<\/strong><\/p>\n<p style=\"text-align: center;\"><em>Una testimonianza da ricordare<\/em><\/p>\n<p style=\"text-align: justify;\">Fazioso e bastian contrario come sempre, Indro Montanelli &#8211; al tempo in cui pareva ancora credibile &#8211; zittiva chi faceva presente che gli americani non erano stati poi cos\u00ec teneri con i prigionieri di guerra italiani &#8220;i nostri, laggi\u00f9 &#8211; diceva &#8211; sono stati in villeggiatura!&#8221;. Temeva che qualcuno prendesse questo pretesto per parlare male degli USA perch\u00e9 allora Montanelli non s\u2019era ancora recato alla &#8220;festa dell\u2019Unit\u00e0&#8221; a raccogliere gli applausi dei &#8220;compagni&#8221;.<\/p>\n<p style=\"text-align: justify;\">Ora, indipendemente da altri soprusi patiti dai nostri in USA, ecco un documento che testimonia gli abusi americani che letteralmente affamando i nostri prigionieri hanno provocato loro seri guai alla salute e addirittura per qualcuno conseguenze mortali causate da tubercolosi.<\/p>\n<p style=\"text-align: justify;\">Il documento cui ci riferiamo \u00e8 il rapporto, redatto in data 17 agosto 1945, dal maggiore medico prof. Luigi Cabitto, sanitario del Compound 4 del Campo di Hereford (Texas), e dal gen. Nazzareno Scattaglia, intermediario dello stesso Campo, inviato il 25 dello stesso mese all&#8217;Ambasciatore d&#8217;ltalia a Washington, Alberto Tarchiani, e per conoscenza alla Delegazione americana della Croce Rossa Internazionale.<\/p>\n<p style=\"text-align: justify;\">Nella mia qualit\u00e0 di sanitario di questo Compound \u00e8 mio dovere riferire alla S. V. la scarsa alimentazione dei prigionieri e sui pericoli che ne possono derivare, affinch\u00e9 la S.V. nella sua qualit\u00e0 di Fiduciario rivolga adeguato reclamo alle Autorit\u00e0 competenti.\u00a0 In linea generale, tutti indistintamente i prigionieri del Compound 4 sono diminuiti notevolmente di peso, diminuzione che varia da 15 a 5 chilogrammi per persona. E&#8217; da ritenere che tale diminuzione sia, quale media, di 10 chilogrammi.<\/p>\n<p style=\"text-align: justify;\">La scarsit\u00e0 e quasi assenza totale dei grassi (un grammo di olio ed una decina di grammi al giorno di strutto per persona) rende difficoltata la funzione intestinale. Le stitichezze sono molto frequenti ed ostinate, ed il ristagno di feci nell&#8217;intestino causa l&#8217;assorbimento di sostanze tossiche del tipo delle ptomaine, e conseguenti fatti di intossicazione. Le funzioni cardiache sono in molti prigionieri assai precarie (toni prolungati &#8211; toni ottusi &#8211; soffi anemici &#8211; tachicardie parossistiche &#8211; frequenti svenimenti &#8211; fatti di astenia) tanto che se sopravvenisse qualche malattia endemica od epidemica anche non di grave entit\u00e0, potrebbe esservi insufficienza di resistenza organica da dare una mortalit\u00e0 notevole.<\/p>\n<p style=\"text-align: justify;\">Non pochi prigionieri di et\u00e0 giovanile presentano disturbi polmonari che, se fino ad oggi non possono classificarsi quali specifici, devono tuttavia ritenersi del tipo &#8220;pretubercolare&#8221;. E non si tratta qui di predisposizione &#8220;congenita&#8221; o da vecchia data &#8220;acquisita&#8221; ma di una predisposizione specificatamente determinata da una protratta denutrizione, e quindi da una diminuzione generale di resistenza dell&#8217;organismo a qualsiasi genere di malattia, a qualsiasi tipo di bacillo e specialmente al bacillo di Koch per la sua diffusione e per la sua caratteristica resistenza quando si trovi in un organismo, \u00e8 uno dei bacilli che pi\u00f9 facilmente possono determinare una situazione nettamente patologica.<\/p>\n<p style=\"text-align: justify;\">N\u00e9 \u00e8 possibile tentare con opportuni medicamenti di migliorare le situazioni organiche, poich\u00e9 all&#8217;infermeria del Compound vengono assegnate settimanalmente di medicine adatte contro queste forme di malattia, solo sei fiale di gluconato di calcio per quasi 900 prigionieri del Campo 4. La scarsit\u00e0 e la monotonia di viveri causano anche numerosi disturbi a tipo neuritico che potrebbero, almeno parzialmente, venire curati con vitamina B1. Ma anche questo medicamento viene assegnato all&#8217;infermeria in scarsissima quantit\u00e0.<\/p>\n<p style=\"text-align: justify;\">In altri tempi era concesso comperare alla &#8220;cantina&#8221; del campo preparati vitaminici; ora tale concessione venne abolita. Ho presentato diversi &#8220;predisposti&#8221; all&#8217;ufficiale medico dell&#8217;ospedale americano perch\u00e9 almeno a costoro venisse assegnato un vitto migliore, ma mi fu risposto che nulla si poteva fare in loro favore.<\/p>\n<p style=\"text-align: justify;\">II colonnello americano Comandante del Campo avrebbe dichiarato che, secondo gli ordini ricevuti da Washington, dovrebbero venire assegnati ai prigionieri non lavoratori viveri di almeno 2.500 caIorie quotidiane. Un tenente colonnello che il giorno 15 agosto 1945 ispezion\u00f2 il nostro campo, mi conferm\u00f2 questo nostro diritto, diritto del resto che la nostra Patria paga in moneta sonante.\u00a0 Ora, questa cifra di 2.500 calorie \u00e8 stata in due mesi e mezzo solo rare volte raggiunta, mentre spesso si scese anche a 1.500 &#8211; 1.600 calorie.<\/p>\n<p style=\"text-align: justify;\">Dalle cifre da me dedotte a seconda della tabella di Messini (Trattato di terapia clinica &#8211; U.T.E.T. 1942) basata su ricerche del Messini stesso e di altri autori, quali Mottazzi &#8211; Pugliese &#8211; Rondoni &#8211; Greppi &#8211; Zoia &#8211; Atwater and Woods &#8211; W. Noorden &#8211; Koering, la media delle calorie giornaliere assegnateci nel mese di giugno 1945 \u00e8 di 2.142,33; mentre quella di luglio \u00e8 di 2.096.<\/p>\n<p style=\"text-align: justify;\">Senza tenere conto che una parte delle verdure (cavoli-patate) \u00e8 spesso guasta e deve venire quindi gettata, e che ci\u00f2 che ci viene somministrato quale carne consiste in ossa sapientemente spolpate (estrema parte del piede di maiale &#8211; colonna vertebrale) che non possono assolutamente pi\u00f9 dare che pochissime calorie quando le si faccia bollire a lungo. II loro contenuto di albumine e di grassi \u00e8 quindi minimo e praticamente trascurabile.<\/p>\n<p style=\"text-align: justify;\">Per maggiore precisione, allego una tabella dei viveri assegnati nella prima quindicina di agosto 1945, la cui media \u00e8 di calorie 2.107,2 giornaliere.\u00a0 E&#8217; pertanto evidente che la media va continuamente abbassandosi, ed \u00e8 altrettanto evidente che il Comando americano del Campo ci sottrae abusivamente una non piccola quantit\u00e0 di viveri.<\/p>\n<p style=\"text-align: justify;\">Ora, se si considera con i pi\u00f9 quotati Autori che per un ammalato degente continuamente a letto sono necessarie da 1.700 a 1.800 calorie quotidiane, \u00e8 facile dedurre che continuando con questa grave scarsit\u00e0 di viveri, si avranno gravi depauperamenti organici, tali da portare a conseguenze spesso irreparabili e talvolta anche letali.<\/p>\n<p style=\"text-align: justify;\">Inoltre, i prigionieri del campo devono provvedere alla confezione dei viveri, alla lavatura biancheria, alla pulizia degli alloggiamenti, per cui il loro consumo di calorie va elevandosi -e non di poco &#8211; al di sopra delle 2.000 calorie. La Convenzione di Ginevra raccomanda che i prigionieri vengano messi in condizioni di coltivare gli sports. Ora, per questa estrema restrizione di viveri, ogni sport venne abolito, si che il Comando americano stesso ha ritenuto inutile tenere ancora aperto il campo sportivo.<\/p>\n<p style=\"text-align: justify;\">Ritengo che &#8211; anche per la elevata altitudine del campo &#8211; il consumo minimo per persona salga a 2.300 grandi calorie al giorno adeguatamente divise nel necessario fabbisogno di carboidrati, albumine, grassi. Ora, finch\u00e9 l&#8217;organismo ha in s\u00e9 delle riserve, si avranno solo dei dimagramenti senza conseguenze, ma, finite le riserve, avr\u00e0 inizio un&#8217;autodigestione che colpir\u00e0 il fegato, i muscoli, il cuore ed infine anche il cervello.<\/p>\n<p style=\"text-align: justify;\">Si avranno allora i segni caratteristici della cachessia da fame, con tutte le sue gravissime conseguenze. Noi siamo giunti ora a questo punto, come \u00e8 dimostrato dalle frequenti neuriti gastro-intestinali, dalle comuni vertigini, dagli svenimenti, dai disturbi intellettuali che &#8211; sinora &#8211; si rivelano con gravi debolezze della memoria ed eccessiva difficolt\u00e0 ad apprendere.<\/p>\n<p style=\"text-align: justify;\">E&#8217; pertanto mio preciso dovere insistere presso la S.V. perch\u00e9 nella Sua qualit\u00e0 di &#8220;fiduciario&#8221; del campo n\u00b0 4, faccia conoscere la situazione di questi italiani agli Alti Comandi Americani, all&#8217;Ambasciatore d&#8217;ltalia, alla Croce Rossa Internazionale, al Nunzio Apostolico, facendo rilevare come fra breve tempo non sarebbe pi\u00f9 facile ricorrere ai ripari, ma si restituirebbero alla Patria degli individui tarati e non pi\u00f9 idonei al duro lavoro di ricostruzione che ci attende.<\/p>\n<p style=\"text-align: justify;\">Che le condizioni di vita di questo Campo n\u00b0 4 siano gravemente insufficienti, \u00e8 comprovato dal fatto, constatato dal sig. Colonnello americano che procedette all&#8217;ispezione del 15 agosto, che le mense delle compagnie somministrano come cibo perfino le bucce di patate confezionate a mo&#8217; di frittata, e dal fatto che molti ufficiali tra cui per citare il nome, il conte Foscari, si cibano di grilli e cavallette che fanno friggere nell&#8217;olio minerale che la &#8220;cantina&#8221; vende quale &#8220;brillantina&#8221; per capelli.<\/p>\n<p style=\"text-align: justify;\"><em>Hereford, Texas, 17 agosto 1945.<\/em><\/p>\n<p style=\"text-align: justify;\"><em>II Sanitario del Compound Luigi Cabitto Professore dottore maggiore medico.<\/em><\/p>\n<p style=\"text-align: center;\">* * *<\/p>\n<p style=\"text-align: justify;\"><strong><em>La scoperta di James Bacque<\/em><\/strong><em>I primi indizi sull\u2019esistenza di questi campi non nazisti furono scoperti dall\u2019autore James Bacque studiando un libro su Laportiere, un eroe della resistenza francese (\u2026). L\u2019autore scopr\u00ec che il campo in cui era stato detenuto un soldato tedesco (da lui salvato) non era che uno dei 1600 campi francesi, tutti inseriti nei rapporti degli archivi dell\u2019 esercito francese a Vincennes, Parigi ma tutti sconosciuti da lui ma quindi probabilmente anche da molti altri. <\/em><\/p>\n<p style=\"text-align: justify;\"><em>T<\/em><em>rov\u00f2 presto la prima effettiva prova delle morti di massa nei campi controllati dagli Americani sotto il blando titolo&#8221;Altre perdite&#8221; intendendo con altre perdite, come gli fu spiegato dal Dr.Ernest F.Fisher jr. colonnello dell\u2019esercito degli Stati Uniti a riposo, morti e fughe. Unendo i risultati dei loro studi e grazie all\u2019aiuto del colonnello Philip Lauben, capo del German Affairs Branch dello SHAEF con l\u2019incarico di trasferire i prigionieri critici, Fisher e Bacque scoprirono che le fughe dai vari campi erano praticamente impossibili (meno dello 0,10%) e che il numero totale di morti ammontava indubbiamente a 800.000, quasi certamente raggiungeva i 900.000 e probabilmente era pi\u00f9 di un milione (\u2026). <\/em><\/p>\n<p style=\"text-align: justify;\"><em>Chi cerc\u00f2 di rendere pubblica la verit\u00e0 fu smentito e furono rese impossibili le testimonianze dirette; alle organizzazioni umanitarie che tentavano di portare soccorso ai prigionieri dei campi americani era rifiutato il permesso da parte dell\u2019esercito di entrare all\u2019interno. <\/em><\/p>\n<p style=\"text-align: justify;\"><em>Per quel che riguarda poi i campi inglesi e canadesi non si hanno notizie in quanto il governo britannico e il Comitato Internazionale della Croce Rossa a Ginevra rifiutano il permesso per la consultazione degli archivi e delle lettere di questo argomento mentre rilasciano il permesso ad altri studiosi che lo desiderino, ma solo per la consultazione di documenti riguardanti i campi nazisti. <\/em><\/p>\n<p style=\"text-align: justify;\"><em>Anche chi ricerchi prove e testimonianze che riguardino campi non tedeschi in Europa trova molti ostacoli (\u2026) ad esempio, nessuno degli abitanti odierni di Borovnica, dove fra il 1945 e il 1946 morirono centinaia di prigionieri italiani, afferma di ricordare che fu sede di un campo di concentramento (\u2026).<\/em><\/p>\n<p style=\"text-align: justify;\"><strong>Bibliografia:<\/strong><\/p>\n<p style=\"text-align: justify;\"><strong>GLI ALTRI LAGER di <em>James Bacque<\/em>\u00a0 <\/strong>Furono oltre 4 milioni i prigionieri tedeschi internati nei campi alleati in Europa dopo la Seconda Guerra Mondiale. Questo libro alza il velo su una vicenda che pochi conoscono.\u00a0 Euro: 18,00<\/p>\n<p style=\"text-align: justify;\">_________________________<\/p>\n<p style=\"text-align: justify;\"><strong>Sulla II Guerra Mondiale:<\/strong><\/p>\n<p style=\"text-align: justify;\"><a href=\"https:\/\/www.rassegnastampa-totustuus.it\/cattolica\/?p=1746\" target=\"_blank\">L\u2019anno in cui il mondo fin\u00ec. Diario del \u201939<\/a> di <strong>Franco Bandini<\/strong><\/p>\n<p style=\"text-align: justify;\"><em>Nel 1939 truppe del F\u00fcrer invadevano la Polonia. Da quel giorno la guerra sar\u00e0 l\u2019unica realt\u00e0 di milioni uomini. Ma come e dove viene preparato il pi\u00f9 grande conflitto mai accaduto? La storia controcorrente del fatale 1939.<\/em><\/p>\n<p style=\"text-align: justify;\"><a href=\"https:\/\/www.rassegnastampa-totustuus.it\/cattolica\/?p=1714\">1943 L\u2019estate delle tre tavolette<\/a> di <strong>Franco Bandini<\/strong><\/p>\n<p style=\"text-align: justify;\"><em>Il primo capitolo dell&#8217;ultimo libro, postumo, dello storico Franco Bandini dedicato al 1943,in cui si indaga su molti &#8220;misteri&#8221; del secondo conflitto mondiale<\/em><\/p>\n","protected":false},"excerpt":{"rendered":"<p>\u00a0Pubblicato su LO STATO N. 18. 5 maggio 1998. E&#8217; il pi\u00f9 famoso lager per soldati italiani nella seconda guerra mondiale. Era in Texas e sar\u00e0 al centro di un film con Raoul Bova. Si riapre cos\u00ec la questione del trattamento riservato al nostri prigionieri da inglesi, francesi e americani. Che infierirono, come i tedeschi &hellip; <\/p>\n<p><a class=\"more-link btn\" href=\"https:\/\/www.rassegnastampa-totustuus.it\/cattolica\/grand-hotel-hereford\/\">Continua a leggere<\/a><\/p>\n","protected":false},"author":6,"featured_media":29560,"comment_status":"closed","ping_status":"open","sticky":false,"template":"","format":"standard","meta":{"footnotes":""},"categories":[90,24],"tags":[887],"class_list":["post-1169","post","type-post","status-publish","format-standard","has-post-thumbnail","hentry","category-ii-guerra-mondiale","category-storia","tag-crimini-alleati","item-wrap"],"yoast_head":"<!-- This site is optimized with the Yoast SEO plugin v27.5 - https:\/\/yoast.com\/product\/yoast-seo-wordpress\/ -->\n<title>Grand Hotel Hereford - Rassegna Stampa Cattolica<\/title>\n<meta name=\"description\" content=\"Rassegna Stampa Cattolica - Per una cultura che nasce dalla Rivelazione cristiana in conformit\u00e0 alla tradizione e al Magistero della Chiesa in opposizione ad ogni relativismo e totalitarismo\" \/>\n<meta name=\"robots\" content=\"index, follow, max-snippet:-1, max-image-preview:large, max-video-preview:-1\" \/>\n<link rel=\"canonical\" href=\"https:\/\/www.rassegnastampa-totustuus.it\/cattolica\/grand-hotel-hereford\/\" \/>\n<meta property=\"og:locale\" content=\"it_IT\" \/>\n<meta property=\"og:type\" content=\"article\" \/>\n<meta property=\"og:title\" content=\"Grand Hotel Hereford - Rassegna Stampa Cattolica\" \/>\n<meta property=\"og:description\" content=\"Rassegna Stampa Cattolica - Per una cultura che nasce dalla Rivelazione cristiana in conformit\u00e0 alla tradizione e al Magistero della Chiesa in opposizione ad ogni relativismo e totalitarismo\" \/>\n<meta property=\"og:url\" content=\"https:\/\/www.rassegnastampa-totustuus.it\/cattolica\/grand-hotel-hereford\/\" \/>\n<meta property=\"og:site_name\" content=\"Rassegna Stampa Cattolica\" \/>\n<meta property=\"article:publisher\" content=\"https:\/\/www.facebook.com\/rassegnastampacattolica\" \/>\n<meta property=\"article:published_time\" content=\"2005-08-06T22:00:00+00:00\" \/>\n<meta property=\"article:modified_time\" content=\"2016-01-21T19:42:12+00:00\" \/>\n<meta property=\"og:image\" content=\"https:\/\/www.rassegnastampa-totustuus.it\/cattolica\/wp-content\/uploads\/2005\/08\/Hereford_panorama.jpg\" \/>\n\t<meta property=\"og:image:width\" content=\"263\" \/>\n\t<meta property=\"og:image:height\" content=\"192\" \/>\n\t<meta property=\"og:image:type\" content=\"image\/jpeg\" \/>\n<meta name=\"author\" content=\"Redazione\" \/>\n<meta name=\"twitter:card\" content=\"summary_large_image\" \/>\n<meta name=\"twitter:creator\" content=\"@rassegnastampa9\" \/>\n<meta name=\"twitter:site\" content=\"@rassegnastampa9\" \/>\n<meta name=\"twitter:label1\" content=\"Scritto da\" \/>\n\t<meta name=\"twitter:data1\" content=\"Redazione\" \/>\n\t<meta name=\"twitter:label2\" content=\"Tempo di lettura stimato\" \/>\n\t<meta name=\"twitter:data2\" content=\"15 minuti\" \/>\n<script type=\"application\/ld+json\" class=\"yoast-schema-graph\">{\"@context\":\"https:\\\/\\\/schema.org\",\"@graph\":[{\"@type\":\"Article\",\"@id\":\"https:\\\/\\\/www.rassegnastampa-totustuus.it\\\/cattolica\\\/grand-hotel-hereford\\\/#article\",\"isPartOf\":{\"@id\":\"https:\\\/\\\/www.rassegnastampa-totustuus.it\\\/cattolica\\\/grand-hotel-hereford\\\/\"},\"author\":{\"name\":\"Redazione\",\"@id\":\"https:\\\/\\\/www.rassegnastampa-totustuus.it\\\/cattolica\\\/#\\\/schema\\\/person\\\/08f319d2bd1a0904ad9e2bfb7b15e5c3\"},\"headline\":\"Grand Hotel Hereford\",\"datePublished\":\"2005-08-06T22:00:00+00:00\",\"dateModified\":\"2016-01-21T19:42:12+00:00\",\"mainEntityOfPage\":{\"@id\":\"https:\\\/\\\/www.rassegnastampa-totustuus.it\\\/cattolica\\\/grand-hotel-hereford\\\/\"},\"wordCount\":3027,\"publisher\":{\"@id\":\"https:\\\/\\\/www.rassegnastampa-totustuus.it\\\/cattolica\\\/#organization\"},\"image\":{\"@id\":\"https:\\\/\\\/www.rassegnastampa-totustuus.it\\\/cattolica\\\/grand-hotel-hereford\\\/#primaryimage\"},\"thumbnailUrl\":\"https:\\\/\\\/www.rassegnastampa-totustuus.it\\\/cattolica\\\/wp-content\\\/uploads\\\/2005\\\/08\\\/Hereford_panorama.jpg\",\"keywords\":[\"crimini alleati\"],\"articleSection\":[\"II Guerra Mondiale\",\"Storia\"],\"inLanguage\":\"it-IT\"},{\"@type\":\"WebPage\",\"@id\":\"https:\\\/\\\/www.rassegnastampa-totustuus.it\\\/cattolica\\\/grand-hotel-hereford\\\/\",\"url\":\"https:\\\/\\\/www.rassegnastampa-totustuus.it\\\/cattolica\\\/grand-hotel-hereford\\\/\",\"name\":\"Grand Hotel Hereford - Rassegna Stampa Cattolica\",\"isPartOf\":{\"@id\":\"https:\\\/\\\/www.rassegnastampa-totustuus.it\\\/cattolica\\\/#website\"},\"primaryImageOfPage\":{\"@id\":\"https:\\\/\\\/www.rassegnastampa-totustuus.it\\\/cattolica\\\/grand-hotel-hereford\\\/#primaryimage\"},\"image\":{\"@id\":\"https:\\\/\\\/www.rassegnastampa-totustuus.it\\\/cattolica\\\/grand-hotel-hereford\\\/#primaryimage\"},\"thumbnailUrl\":\"https:\\\/\\\/www.rassegnastampa-totustuus.it\\\/cattolica\\\/wp-content\\\/uploads\\\/2005\\\/08\\\/Hereford_panorama.jpg\",\"datePublished\":\"2005-08-06T22:00:00+00:00\",\"dateModified\":\"2016-01-21T19:42:12+00:00\",\"description\":\"Rassegna Stampa Cattolica - Per una cultura che nasce dalla Rivelazione cristiana in conformit\u00e0 alla tradizione e al Magistero della Chiesa in opposizione ad ogni relativismo e totalitarismo\",\"breadcrumb\":{\"@id\":\"https:\\\/\\\/www.rassegnastampa-totustuus.it\\\/cattolica\\\/grand-hotel-hereford\\\/#breadcrumb\"},\"inLanguage\":\"it-IT\",\"potentialAction\":[{\"@type\":\"ReadAction\",\"target\":[\"https:\\\/\\\/www.rassegnastampa-totustuus.it\\\/cattolica\\\/grand-hotel-hereford\\\/\"]}]},{\"@type\":\"ImageObject\",\"inLanguage\":\"it-IT\",\"@id\":\"https:\\\/\\\/www.rassegnastampa-totustuus.it\\\/cattolica\\\/grand-hotel-hereford\\\/#primaryimage\",\"url\":\"https:\\\/\\\/www.rassegnastampa-totustuus.it\\\/cattolica\\\/wp-content\\\/uploads\\\/2005\\\/08\\\/Hereford_panorama.jpg\",\"contentUrl\":\"https:\\\/\\\/www.rassegnastampa-totustuus.it\\\/cattolica\\\/wp-content\\\/uploads\\\/2005\\\/08\\\/Hereford_panorama.jpg\",\"width\":263,\"height\":192},{\"@type\":\"BreadcrumbList\",\"@id\":\"https:\\\/\\\/www.rassegnastampa-totustuus.it\\\/cattolica\\\/grand-hotel-hereford\\\/#breadcrumb\",\"itemListElement\":[{\"@type\":\"ListItem\",\"position\":1,\"name\":\"Home\",\"item\":\"https:\\\/\\\/www.rassegnastampa-totustuus.it\\\/cattolica\\\/\"},{\"@type\":\"ListItem\",\"position\":2,\"name\":\"Grand Hotel Hereford\"}]},{\"@type\":\"WebSite\",\"@id\":\"https:\\\/\\\/www.rassegnastampa-totustuus.it\\\/cattolica\\\/#website\",\"url\":\"https:\\\/\\\/www.rassegnastampa-totustuus.it\\\/cattolica\\\/\",\"name\":\"Rassegna Stampa Cattolica\",\"description\":\"Per una cultura che nasce dalla Rivelazione cristiana in conformit\u00e0 alla tradizione e al Magistero della Chiesa in opposizione ad ogni relativismo e totalitarismo\",\"publisher\":{\"@id\":\"https:\\\/\\\/www.rassegnastampa-totustuus.it\\\/cattolica\\\/#organization\"},\"alternateName\":\"Rass. Cattolica\",\"potentialAction\":[{\"@type\":\"SearchAction\",\"target\":{\"@type\":\"EntryPoint\",\"urlTemplate\":\"https:\\\/\\\/www.rassegnastampa-totustuus.it\\\/cattolica\\\/?s={search_term_string}\"},\"query-input\":{\"@type\":\"PropertyValueSpecification\",\"valueRequired\":true,\"valueName\":\"search_term_string\"}}],\"inLanguage\":\"it-IT\"},{\"@type\":\"Organization\",\"@id\":\"https:\\\/\\\/www.rassegnastampa-totustuus.it\\\/cattolica\\\/#organization\",\"name\":\"Rassegna Stampa Cattolica\",\"url\":\"https:\\\/\\\/www.rassegnastampa-totustuus.it\\\/cattolica\\\/\",\"logo\":{\"@type\":\"ImageObject\",\"inLanguage\":\"it-IT\",\"@id\":\"https:\\\/\\\/www.rassegnastampa-totustuus.it\\\/cattolica\\\/#\\\/schema\\\/logo\\\/image\\\/\",\"url\":\"https:\\\/\\\/www.rassegnastampa-totustuus.it\\\/cattolica\\\/wp-content\\\/uploads\\\/2014\\\/04\\\/logo-rassegna1.gif\",\"contentUrl\":\"https:\\\/\\\/www.rassegnastampa-totustuus.it\\\/cattolica\\\/wp-content\\\/uploads\\\/2014\\\/04\\\/logo-rassegna1.gif\",\"width\":600,\"height\":163,\"caption\":\"Rassegna Stampa Cattolica\"},\"image\":{\"@id\":\"https:\\\/\\\/www.rassegnastampa-totustuus.it\\\/cattolica\\\/#\\\/schema\\\/logo\\\/image\\\/\"},\"sameAs\":[\"https:\\\/\\\/www.facebook.com\\\/rassegnastampacattolica\",\"https:\\\/\\\/x.com\\\/rassegnastampa9\"]},{\"@type\":\"Person\",\"@id\":\"https:\\\/\\\/www.rassegnastampa-totustuus.it\\\/cattolica\\\/#\\\/schema\\\/person\\\/08f319d2bd1a0904ad9e2bfb7b15e5c3\",\"name\":\"Redazione\",\"image\":{\"@type\":\"ImageObject\",\"inLanguage\":\"it-IT\",\"@id\":\"https:\\\/\\\/secure.gravatar.com\\\/avatar\\\/2fcdf27c78ea025fbdb44e914cc63c72249ffec9dc8aafd5c82b26240ef3f346?s=96&d=mm&r=g\",\"url\":\"https:\\\/\\\/secure.gravatar.com\\\/avatar\\\/2fcdf27c78ea025fbdb44e914cc63c72249ffec9dc8aafd5c82b26240ef3f346?s=96&d=mm&r=g\",\"contentUrl\":\"https:\\\/\\\/secure.gravatar.com\\\/avatar\\\/2fcdf27c78ea025fbdb44e914cc63c72249ffec9dc8aafd5c82b26240ef3f346?s=96&d=mm&r=g\",\"caption\":\"Redazione\"},\"url\":\"https:\\\/\\\/www.rassegnastampa-totustuus.it\\\/cattolica\\\/author\\\/pietroelle\\\/\"}]}<\/script>\n<!-- \/ Yoast SEO plugin. -->","yoast_head_json":{"title":"Grand Hotel Hereford - Rassegna Stampa Cattolica","description":"Rassegna Stampa Cattolica - Per una cultura che nasce dalla Rivelazione cristiana in conformit\u00e0 alla tradizione e al Magistero della Chiesa in opposizione ad ogni relativismo e totalitarismo","robots":{"index":"index","follow":"follow","max-snippet":"max-snippet:-1","max-image-preview":"max-image-preview:large","max-video-preview":"max-video-preview:-1"},"canonical":"https:\/\/www.rassegnastampa-totustuus.it\/cattolica\/grand-hotel-hereford\/","og_locale":"it_IT","og_type":"article","og_title":"Grand Hotel Hereford - Rassegna Stampa Cattolica","og_description":"Rassegna Stampa Cattolica - Per una cultura che nasce dalla Rivelazione cristiana in conformit\u00e0 alla tradizione e al Magistero della Chiesa in opposizione ad ogni relativismo e totalitarismo","og_url":"https:\/\/www.rassegnastampa-totustuus.it\/cattolica\/grand-hotel-hereford\/","og_site_name":"Rassegna Stampa Cattolica","article_publisher":"https:\/\/www.facebook.com\/rassegnastampacattolica","article_published_time":"2005-08-06T22:00:00+00:00","article_modified_time":"2016-01-21T19:42:12+00:00","og_image":[{"width":263,"height":192,"url":"https:\/\/www.rassegnastampa-totustuus.it\/cattolica\/wp-content\/uploads\/2005\/08\/Hereford_panorama.jpg","type":"image\/jpeg"}],"author":"Redazione","twitter_card":"summary_large_image","twitter_creator":"@rassegnastampa9","twitter_site":"@rassegnastampa9","twitter_misc":{"Scritto da":"Redazione","Tempo di lettura stimato":"15 minuti"},"schema":{"@context":"https:\/\/schema.org","@graph":[{"@type":"Article","@id":"https:\/\/www.rassegnastampa-totustuus.it\/cattolica\/grand-hotel-hereford\/#article","isPartOf":{"@id":"https:\/\/www.rassegnastampa-totustuus.it\/cattolica\/grand-hotel-hereford\/"},"author":{"name":"Redazione","@id":"https:\/\/www.rassegnastampa-totustuus.it\/cattolica\/#\/schema\/person\/08f319d2bd1a0904ad9e2bfb7b15e5c3"},"headline":"Grand Hotel Hereford","datePublished":"2005-08-06T22:00:00+00:00","dateModified":"2016-01-21T19:42:12+00:00","mainEntityOfPage":{"@id":"https:\/\/www.rassegnastampa-totustuus.it\/cattolica\/grand-hotel-hereford\/"},"wordCount":3027,"publisher":{"@id":"https:\/\/www.rassegnastampa-totustuus.it\/cattolica\/#organization"},"image":{"@id":"https:\/\/www.rassegnastampa-totustuus.it\/cattolica\/grand-hotel-hereford\/#primaryimage"},"thumbnailUrl":"https:\/\/www.rassegnastampa-totustuus.it\/cattolica\/wp-content\/uploads\/2005\/08\/Hereford_panorama.jpg","keywords":["crimini alleati"],"articleSection":["II Guerra Mondiale","Storia"],"inLanguage":"it-IT"},{"@type":"WebPage","@id":"https:\/\/www.rassegnastampa-totustuus.it\/cattolica\/grand-hotel-hereford\/","url":"https:\/\/www.rassegnastampa-totustuus.it\/cattolica\/grand-hotel-hereford\/","name":"Grand Hotel Hereford - Rassegna Stampa Cattolica","isPartOf":{"@id":"https:\/\/www.rassegnastampa-totustuus.it\/cattolica\/#website"},"primaryImageOfPage":{"@id":"https:\/\/www.rassegnastampa-totustuus.it\/cattolica\/grand-hotel-hereford\/#primaryimage"},"image":{"@id":"https:\/\/www.rassegnastampa-totustuus.it\/cattolica\/grand-hotel-hereford\/#primaryimage"},"thumbnailUrl":"https:\/\/www.rassegnastampa-totustuus.it\/cattolica\/wp-content\/uploads\/2005\/08\/Hereford_panorama.jpg","datePublished":"2005-08-06T22:00:00+00:00","dateModified":"2016-01-21T19:42:12+00:00","description":"Rassegna Stampa Cattolica - Per una cultura che nasce dalla Rivelazione cristiana in conformit\u00e0 alla tradizione e al Magistero della Chiesa in opposizione ad ogni relativismo e totalitarismo","breadcrumb":{"@id":"https:\/\/www.rassegnastampa-totustuus.it\/cattolica\/grand-hotel-hereford\/#breadcrumb"},"inLanguage":"it-IT","potentialAction":[{"@type":"ReadAction","target":["https:\/\/www.rassegnastampa-totustuus.it\/cattolica\/grand-hotel-hereford\/"]}]},{"@type":"ImageObject","inLanguage":"it-IT","@id":"https:\/\/www.rassegnastampa-totustuus.it\/cattolica\/grand-hotel-hereford\/#primaryimage","url":"https:\/\/www.rassegnastampa-totustuus.it\/cattolica\/wp-content\/uploads\/2005\/08\/Hereford_panorama.jpg","contentUrl":"https:\/\/www.rassegnastampa-totustuus.it\/cattolica\/wp-content\/uploads\/2005\/08\/Hereford_panorama.jpg","width":263,"height":192},{"@type":"BreadcrumbList","@id":"https:\/\/www.rassegnastampa-totustuus.it\/cattolica\/grand-hotel-hereford\/#breadcrumb","itemListElement":[{"@type":"ListItem","position":1,"name":"Home","item":"https:\/\/www.rassegnastampa-totustuus.it\/cattolica\/"},{"@type":"ListItem","position":2,"name":"Grand Hotel Hereford"}]},{"@type":"WebSite","@id":"https:\/\/www.rassegnastampa-totustuus.it\/cattolica\/#website","url":"https:\/\/www.rassegnastampa-totustuus.it\/cattolica\/","name":"Rassegna Stampa Cattolica","description":"Per una cultura che nasce dalla Rivelazione cristiana in conformit\u00e0 alla tradizione e al Magistero della Chiesa in opposizione ad ogni relativismo e totalitarismo","publisher":{"@id":"https:\/\/www.rassegnastampa-totustuus.it\/cattolica\/#organization"},"alternateName":"Rass. Cattolica","potentialAction":[{"@type":"SearchAction","target":{"@type":"EntryPoint","urlTemplate":"https:\/\/www.rassegnastampa-totustuus.it\/cattolica\/?s={search_term_string}"},"query-input":{"@type":"PropertyValueSpecification","valueRequired":true,"valueName":"search_term_string"}}],"inLanguage":"it-IT"},{"@type":"Organization","@id":"https:\/\/www.rassegnastampa-totustuus.it\/cattolica\/#organization","name":"Rassegna Stampa Cattolica","url":"https:\/\/www.rassegnastampa-totustuus.it\/cattolica\/","logo":{"@type":"ImageObject","inLanguage":"it-IT","@id":"https:\/\/www.rassegnastampa-totustuus.it\/cattolica\/#\/schema\/logo\/image\/","url":"https:\/\/www.rassegnastampa-totustuus.it\/cattolica\/wp-content\/uploads\/2014\/04\/logo-rassegna1.gif","contentUrl":"https:\/\/www.rassegnastampa-totustuus.it\/cattolica\/wp-content\/uploads\/2014\/04\/logo-rassegna1.gif","width":600,"height":163,"caption":"Rassegna Stampa Cattolica"},"image":{"@id":"https:\/\/www.rassegnastampa-totustuus.it\/cattolica\/#\/schema\/logo\/image\/"},"sameAs":["https:\/\/www.facebook.com\/rassegnastampacattolica","https:\/\/x.com\/rassegnastampa9"]},{"@type":"Person","@id":"https:\/\/www.rassegnastampa-totustuus.it\/cattolica\/#\/schema\/person\/08f319d2bd1a0904ad9e2bfb7b15e5c3","name":"Redazione","image":{"@type":"ImageObject","inLanguage":"it-IT","@id":"https:\/\/secure.gravatar.com\/avatar\/2fcdf27c78ea025fbdb44e914cc63c72249ffec9dc8aafd5c82b26240ef3f346?s=96&d=mm&r=g","url":"https:\/\/secure.gravatar.com\/avatar\/2fcdf27c78ea025fbdb44e914cc63c72249ffec9dc8aafd5c82b26240ef3f346?s=96&d=mm&r=g","contentUrl":"https:\/\/secure.gravatar.com\/avatar\/2fcdf27c78ea025fbdb44e914cc63c72249ffec9dc8aafd5c82b26240ef3f346?s=96&d=mm&r=g","caption":"Redazione"},"url":"https:\/\/www.rassegnastampa-totustuus.it\/cattolica\/author\/pietroelle\/"}]}},"_links":{"self":[{"href":"https:\/\/www.rassegnastampa-totustuus.it\/cattolica\/wp-json\/wp\/v2\/posts\/1169","targetHints":{"allow":["GET"]}}],"collection":[{"href":"https:\/\/www.rassegnastampa-totustuus.it\/cattolica\/wp-json\/wp\/v2\/posts"}],"about":[{"href":"https:\/\/www.rassegnastampa-totustuus.it\/cattolica\/wp-json\/wp\/v2\/types\/post"}],"author":[{"embeddable":true,"href":"https:\/\/www.rassegnastampa-totustuus.it\/cattolica\/wp-json\/wp\/v2\/users\/6"}],"replies":[{"embeddable":true,"href":"https:\/\/www.rassegnastampa-totustuus.it\/cattolica\/wp-json\/wp\/v2\/comments?post=1169"}],"version-history":[{"count":4,"href":"https:\/\/www.rassegnastampa-totustuus.it\/cattolica\/wp-json\/wp\/v2\/posts\/1169\/revisions"}],"predecessor-version":[{"id":29562,"href":"https:\/\/www.rassegnastampa-totustuus.it\/cattolica\/wp-json\/wp\/v2\/posts\/1169\/revisions\/29562"}],"wp:featuredmedia":[{"embeddable":true,"href":"https:\/\/www.rassegnastampa-totustuus.it\/cattolica\/wp-json\/wp\/v2\/media\/29560"}],"wp:attachment":[{"href":"https:\/\/www.rassegnastampa-totustuus.it\/cattolica\/wp-json\/wp\/v2\/media?parent=1169"}],"wp:term":[{"taxonomy":"category","embeddable":true,"href":"https:\/\/www.rassegnastampa-totustuus.it\/cattolica\/wp-json\/wp\/v2\/categories?post=1169"},{"taxonomy":"post_tag","embeddable":true,"href":"https:\/\/www.rassegnastampa-totustuus.it\/cattolica\/wp-json\/wp\/v2\/tags?post=1169"}],"curies":[{"name":"wp","href":"https:\/\/api.w.org\/{rel}","templated":true}]}}